{"id":120925,"date":"2021-02-11T15:53:32","date_gmt":"2021-02-11T18:53:32","guid":{"rendered":"https:\/\/www.suno.com.br\/noticias\/?p=120925"},"modified":"2021-02-11T15:53:32","modified_gmt":"2021-02-11T18:53:32","slug":"auxilio-emergencial-voltar-marco-4-meses-bolsonaro","status":"publish","type":"post","link":"https:\/\/www.suno.com.br\/noticias\/auxilio-emergencial-voltar-marco-4-meses-bolsonaro\/","title":{"rendered":"Aux\u00edlio emergencial deve voltar em mar\u00e7o, por at\u00e9 4 meses, diz Bolsonaro"},"content":{"rendered":"<p>O presidente da Rep\u00fablica Jair Bolsonaro disse nesta quinta-feira (11) que o <strong>aux\u00edlio emergencial <\/strong>deve voltar a partir de mar\u00e7o, e permanecer por um per\u00edodo de at\u00e9 quatro meses, reportou <em>O Estado de S.Paulo<\/em>.<\/p>\t<div class=\"wrapper-featured-image\">\n\t\t<figure class=\"spotlightImg\">\n\n\t\t\t<picture>\n\t\t\t\t<source media=\"(max-width: 768px)\" srcset=\"https:\/\/files.sunoresearch.com.br\/n\/uploads\/2021\/02\/0d78cc12-image_processing20200909-9204-1ksfihz-400x200.webp\">\n\t\t\t\t<img loading=\"lazy\" decoding=\"async\" class=\"newsContent__article__imgCapa lazyloadDisabled \" src=\"https:\/\/files.sunoresearch.com.br\/n\/uploads\/2021\/02\/0d78cc12-image_processing20200909-9204-1ksfihz-jpeg.webp\" width=\"800\" height=\"450\" alt=\"Aux\u00edlio emergencial deve voltar em mar\u00e7o, por at\u00e9 4 meses, diz Bolsonaro\" fetchpriority=high \/>\n\t\t\t<\/picture>\n\n\t\t\t<figcaption class=\"wp-caption-text wp-caption-text--show\">O aux\u00edlio emergencial foi encerrado em dezembro de 2020<\/figcaption>\n\t\t<\/figure>\n\t<\/div>\n\n\n\t<p>\n\t\t<a href=\"https:\/\/lp.suno.com.br\/planilha-controle-gastos\/\" target=\"_blank\" data-element=\"shortcode-suno-banner\" title=\"Banner SUNO, clique e saiba mais\">\n\t\t\t<picture>\n\t\t\t\t<source media=\"(max-width: 500px)\" srcset=\"https:\/\/files.sunoresearch.com.br\/n\/uploads\/2023\/03\/400x300-Planilha-controle-de-gastos.png\">\n\t\t\t\t<img class=\"newsContent__article__imgCapa newsContent__article__imgCapa--banner\"\n\t\t\t\t\tsrc=\"https:\/\/files.sunoresearch.com.br\/n\/uploads\/2023\/03\/1420x240-Planilha-controle-de-gastos.png\"\n\t\t\t\t\tdata-promo-id=\"101751\"\t\t\t\t\t\t\t\t\t\twidth='1420' height='240'\t\t\t\t\talt=\"https:\/\/files.sunoresearch.com.br\/n\/uploads\/2023\/03\/1420x240-Planilha-controle-de-gastos.png\"\n\t\t\t\t>\n\t\t\t<\/picture>\n\t\t<\/a>\n\t<\/p>\n\n\n<p>Segundo a reportagem, o mandat\u00e1rio afirmou que essa \u00e9 a possibilidade discutindo hoje no Executivo e no Congresso Nacional. <strong>Jair Bolsonaro<\/strong>, no entanto, n\u00e3o esclareceu qual ser\u00e1 o valor da nova rodada do aux\u00edlio emergencial, tampouco quantas benefici\u00e1rios seriam contemplados pelo programa.<\/p>\n<p>&#8220;Est\u00e1 quase certo, ainda n\u00e3o sabemos o valor. Com toda certeza \u2014 pode n\u00e3o ser \u2014\u00a0 a partir de mar\u00e7o, [por] tr\u00eas, quatro meses&#8221;, declarou o presidente durante conversa com jornalistas ao final de evento do governo em Alc\u00e2ntara (MA). &#8220;Isso que est\u00e1 sendo acertado com o Executivo e com o Parlamento tamb\u00e9m porque temos que ter responsabilidade fiscal&#8221;, complementou.<\/p>\n<div>\n<div id=\"60141a969004bb2e956386a8\" class=\"op-interactive\" data-title=\"Quiz dos Investimentos\" data-url=\"https:\/\/sunoresearch289.outgrow.us\/60141a969004bb2e956386a8?vHeight=1\" data-width=\"100%\"><\/div>\n<p><script src='\/\/dyv6f9ner1ir9.cloudfront.net\/assets\/js\/nloader.js'><\/script><script>initIframe('60141a969004bb2e956386a8');<\/script><\/p>\n<\/div>\n<p>No dia 4, o ministro da Economia, <a href=\"https:\/\/www.suno.com.br\/tudo-sobre\/paulo-guedes\/#:~:text=Paulo%20Roberto%20Nunes%20Guedes%2C%20mais,fundos%20de%20investimentos%20e%20empresas.\"><strong>Paulo Guedes<\/strong><\/a>, j\u00e1 havia dito que o um <strong>novo aux\u00edlio emergencial<\/strong> poderia ser &#8220;mais focalizado&#8221;. &#8220;Ao inv\u00e9s de atendermos 64 milh\u00f5es de pessoas, pode ser a metade disso&#8221;, disse o economista.<\/p>\n<p>De acordo com o <em>Estad\u00e3o<\/em>, o ministro se mostrou mais atra\u00eddo a aceitar mais tr\u00eas parcelas de R$ 200,00, contanto que o sinal de verde esteja condicionado \u00e0 \u00e0 <a href=\"https:\/\/www.suno.com.br\/noticias\/auxilio-emergencial-coronavoucher-clausula-pacto-federativo\/\">aprova\u00e7\u00e3o do Or\u00e7amento de 2021<\/a> e das propostas em tramita\u00e7\u00e3o no Senado que preveem corte de gastos.<\/p>\n\t<div data-element=\"shortcode-read-more\" class=\"knowMore\">\n\t\t\t\t<span class=\"knowMore__title\">Veja tamb\u00e9m<\/span>\n\t\t\t\t<a class=\"knowMore__link\" href=\"https:\/\/www.suno.com.br\/noticias\/governo-estuda-extensao-auxilio-emergencial\/\">\n\t\t\tGoverno estuda extens\u00e3o de aux\u00edlio emergencial por mais alguns meses, diz Bolsonaro\t\t<\/a>\n\t<\/div>\n\n\n<p>O benef\u00edcio para combater os impactos econ\u00f4micos da crise da covid-19 foi encerrado em dezembro e apenas poucos pagamentos residuais, oriundos de recursos junto ao governo, foram feitos em janeiro e fevereiro.<\/p>\n<h2>Governo sinaliza inten\u00e7\u00e3o de prorrogar aux\u00edlio emergencial<\/h2>\n<p>Mais cedo nesta quinta-feira, o presidente Bolsonaro refor\u00e7ou que o governo federal estuda prorrogar por &#8220;mais alguns meses&#8221; o pagamento do aux\u00edlio emergencial.<\/p>\n\t<p>\n\t\t<a href=\"https:\/\/lp.suno.com.br\/planilha-da-vida-financeira\/\" target=\"_blank\" data-element=\"shortcode-suno-banner\" title=\"Banner SUNO, clique e saiba mais\">\n\t\t\t<picture>\n\t\t\t\t<source media=\"(max-width: 500px)\" srcset=\"https:\/\/files.sunoresearch.com.br\/n\/uploads\/2023\/04\/400x300-Planilha-vida-financeira-true.png\">\n\t\t\t\t<img class=\"newsContent__article__imgCapa newsContent__article__imgCapa--banner\"\n\t\t\t\t\tsrc=\"https:\/\/files.sunoresearch.com.br\/n\/uploads\/2023\/04\/1420x240-Planilha-vida-financeira-true.png\"\n\t\t\t\t\tdata-promo-id=\"106682\"\t\t\t\t\t\t\t\t\t\twidth='1420' height='240'\t\t\t\t\talt=\"https:\/\/files.sunoresearch.com.br\/n\/uploads\/2023\/04\/1420x240-Planilha-vida-financeira-true.png\"\n\t\t\t\t>\n\t\t\t<\/picture>\n\t\t<\/a>\n\t<\/p>\n\n\n<p>&#8220;No momento, a nossa equipe, juntamente com parlamentares, estuda a extens\u00e3o por mais alguns meses do <strong>aux\u00edlio emergencial<\/strong>, que \u2014 repito \u2014 o nome \u00e9 &#8220;emergencial&#8221;. N\u00e3o pode ser eterno porque isso representa um <a href=\"https:\/\/www.suno.com.br\/artigos\/risco-brasil\/\">endividamento muito grande<\/a> do nosso pa\u00eds e ningu\u00e9m quer o pa\u00eds quebrado&#8221;, afirmou o chefe do Executivo.<\/p>\n<p><em>(Com Estad\u00e3o Conte\u00fado)<\/em><\/p>\n\t<p>\n\t\t<a href=\"https:\/\/lp.suno.com.br\/planilha-de-controle-de-investimentos\/\" target=\"_blank\" data-element=\"shortcode-suno-banner\" title=\"Banner SUNO, clique e saiba mais\">\n\t\t\t<picture>\n\t\t\t\t<source media=\"(max-width: 500px)\" srcset=\"https:\/\/files.sunoresearch.com.br\/n\/uploads\/2023\/03\/400x300-Controle-de-Investimentos.png\">\n\t\t\t\t<img class=\"newsContent__article__imgCapa newsContent__article__imgCapa--banner\"\n\t\t\t\t\tsrc=\"https:\/\/files.sunoresearch.com.br\/n\/uploads\/2023\/03\/1420x240-Controle-de-Investimentos.png\"\n\t\t\t\t\tdata-promo-id=\"75934\"\t\t\t\t\t\t\t\t\t\twidth='1420' height='240'\t\t\t\t\talt=\"https:\/\/files.sunoresearch.com.br\/n\/uploads\/2023\/03\/1420x240-Controle-de-Investimentos.png\"\n\t\t\t\t>\n\t\t\t<\/picture>\n\t\t<\/a>\n\t<\/p>\n\n\n","protected":false},"excerpt":{"rendered":"<p>O presidente da Rep\u00fablica Jair Bolsonaro disse nesta quinta-feira (11) que o aux\u00edlio emergencial deve voltar a partir de mar\u00e7o, e permanecer por um per\u00edodo de at\u00e9 quatro meses, reportou O Estado de S.Paulo. O aux\u00edlio emergencial foi encerrado em dezembro de 2020 Segundo a reportagem, o mandat\u00e1rio afirmou que essa \u00e9 a possibilidade discutindo [&hellip;]<\/p>\n","protected":false},"author":35,"featured_media":120946,"comment_status":"closed","ping_status":"closed","sticky":false,"template":"","format":"standard","meta":[],"categories":[62],"tags":[17139,12737,1556,719],"suno_strategy":[],"class_list":["post-120925","post","type-post","status-publish","format-standard","has-post-thumbnail","hentry","category-economia","tag-auxilio-emergencial","tag-coronavoucher","tag-governo-federal","tag-jair-bolsonaro"],"yoast_head":"<!-- This site is optimized with the Yoast SEO plugin v24.4 - https:\/\/yoast.com\/wordpress\/plugins\/seo\/ -->\n<title>Aux\u00edlio emergencial deve voltar em mar\u00e7o, por at\u00e9 4 meses, diz Bolsonaro<\/title>\n<meta name=\"description\" content=\"O presidente Jair Bolsonaro disse que o aux\u00edlio emergencial deve voltar a partir de mar\u00e7o, e permanecer por at\u00e9 quatro meses. Saiba mais.\" \/>\n<meta name=\"robots\" content=\"index, follow, max-snippet:-1, max-image-preview:large, max-video-preview:-1\" \/>\n<link rel=\"canonical\" href=\"https:\/\/www.suno.com.br\/noticias\/auxilio-emergencial-voltar-marco-4-meses-bolsonaro\/\" \/>\n<meta property=\"og:locale\" content=\"pt_BR\" \/>\n<meta property=\"og:type\" content=\"article\" \/>\n<meta property=\"og:title\" content=\"Aux\u00edlio emergencial deve voltar em mar\u00e7o, por at\u00e9 4 meses, diz Bolsonaro\" \/>\n<meta property=\"og:description\" content=\"O presidente Jair Bolsonaro disse que o aux\u00edlio emergencial deve voltar a partir de mar\u00e7o, e permanecer por at\u00e9 quatro meses. Saiba mais.\" \/>\n<meta property=\"og:url\" content=\"https:\/\/www.suno.com.br\/noticias\/auxilio-emergencial-voltar-marco-4-meses-bolsonaro\/\" \/>\n<meta property=\"og:site_name\" content=\"Suno Not\u00edcias\" \/>\n<meta property=\"article:publisher\" content=\"https:\/\/facebook.com\/sunoresearch\" \/>\n<meta property=\"og:image\" content=\"https:\/\/files.sunoresearch.com.br\/n\/uploads\/2021\/02\/0d78cc12-image_processing20200909-9204-1ksfihz.jpeg\" \/>\n\t<meta property=\"og:image:width\" content=\"800\" \/>\n\t<meta property=\"og:image:height\" content=\"450\" \/>\n\t<meta property=\"og:image:type\" content=\"image\/jpeg\" \/>\n<meta name=\"author\" content=\"Arthur Guimar\u00e3es\" \/>\n<meta name=\"twitter:card\" content=\"summary_large_image\" \/>\n<meta name=\"twitter:creator\" content=\"@sunoresearch\" \/>\n<meta name=\"twitter:site\" content=\"@sunoresearch\" \/>\n<meta name=\"twitter:label1\" content=\"Escrito por\" \/>\n\t<meta name=\"twitter:data1\" content=\"Arthur Guimar\u00e3es\" \/>\n\t<meta name=\"twitter:label2\" content=\"Est. tempo de leitura\" \/>\n\t<meta name=\"twitter:data2\" content=\"2 minutos\" \/>\n<script type=\"application\/ld+json\" class=\"yoast-schema-graph\">{\"@context\":\"https:\/\/schema.org\",\"@graph\":[{\"@type\":\"NewsArticle\",\"@id\":\"https:\/\/www.suno.com.br\/noticias\/auxilio-emergencial-voltar-marco-4-meses-bolsonaro\/#article\",\"isPartOf\":{\"@id\":\"https:\/\/www.suno.com.br\/noticias\/auxilio-emergencial-voltar-marco-4-meses-bolsonaro\/\"},\"author\":{\"name\":\"Arthur Guimar\u00e3es\",\"@id\":\"https:\/\/www.suno.com.br\/noticias\/#\/schema\/person\/053a750a709a263919a20f976caae91c\"},\"headline\":\"Aux\u00edlio emergencial deve voltar em mar\u00e7o, por at\u00e9 4 meses, diz Bolsonaro\",\"datePublished\":\"2021-02-11T18:53:32+00:00\",\"mainEntityOfPage\":{\"@id\":\"https:\/\/www.suno.com.br\/noticias\/auxilio-emergencial-voltar-marco-4-meses-bolsonaro\/\"},\"wordCount\":391,\"publisher\":{\"@id\":\"https:\/\/www.suno.com.br\/noticias\/#organization\"},\"image\":{\"@id\":\"https:\/\/www.suno.com.br\/noticias\/auxilio-emergencial-voltar-marco-4-meses-bolsonaro\/#primaryimage\"},\"thumbnailUrl\":\"https:\/\/files.sunoresearch.com.br\/n\/uploads\/2021\/02\/0d78cc12-image_processing20200909-9204-1ksfihz-jpeg.webp\",\"keywords\":[\"aux\u00edlio emergencial\",\"coronavoucher\",\"governo federal\",\"Jair Bolsonaro\"],\"articleSection\":[\"Economia\"],\"inLanguage\":\"pt-BR\"},{\"@type\":\"WebPage\",\"@id\":\"https:\/\/www.suno.com.br\/noticias\/auxilio-emergencial-voltar-marco-4-meses-bolsonaro\/\",\"url\":\"https:\/\/www.suno.com.br\/noticias\/auxilio-emergencial-voltar-marco-4-meses-bolsonaro\/\",\"name\":\"Aux\u00edlio emergencial deve voltar em mar\u00e7o, por at\u00e9 4 meses, diz Bolsonaro\",\"isPartOf\":{\"@id\":\"https:\/\/www.suno.com.br\/noticias\/#website\"},\"primaryImageOfPage\":{\"@id\":\"https:\/\/www.suno.com.br\/noticias\/auxilio-emergencial-voltar-marco-4-meses-bolsonaro\/#primaryimage\"},\"image\":{\"@id\":\"https:\/\/www.suno.com.br\/noticias\/auxilio-emergencial-voltar-marco-4-meses-bolsonaro\/#primaryimage\"},\"thumbnailUrl\":\"https:\/\/files.sunoresearch.com.br\/n\/uploads\/2021\/02\/0d78cc12-image_processing20200909-9204-1ksfihz-jpeg.webp\",\"datePublished\":\"2021-02-11T18:53:32+00:00\",\"description\":\"O presidente Jair Bolsonaro disse que o aux\u00edlio emergencial deve voltar a partir de mar\u00e7o, e permanecer por at\u00e9 quatro meses. Saiba mais.\",\"breadcrumb\":{\"@id\":\"https:\/\/www.suno.com.br\/noticias\/auxilio-emergencial-voltar-marco-4-meses-bolsonaro\/#breadcrumb\"},\"inLanguage\":\"pt-BR\",\"potentialAction\":[{\"@type\":\"ReadAction\",\"target\":[\"https:\/\/www.suno.com.br\/noticias\/auxilio-emergencial-voltar-marco-4-meses-bolsonaro\/\"]}]},{\"@type\":\"ImageObject\",\"inLanguage\":\"pt-BR\",\"@id\":\"https:\/\/www.suno.com.br\/noticias\/auxilio-emergencial-voltar-marco-4-meses-bolsonaro\/#primaryimage\",\"url\":\"https:\/\/files.sunoresearch.com.br\/n\/uploads\/2021\/02\/0d78cc12-image_processing20200909-9204-1ksfihz-jpeg.webp\",\"contentUrl\":\"https:\/\/files.sunoresearch.com.br\/n\/uploads\/2021\/02\/0d78cc12-image_processing20200909-9204-1ksfihz-jpeg.webp\",\"width\":800,\"height\":450,\"caption\":\"O aux\u00edlio emergencial foi encerrado em dezembro de 2020\"},{\"@type\":\"BreadcrumbList\",\"@id\":\"https:\/\/www.suno.com.br\/noticias\/auxilio-emergencial-voltar-marco-4-meses-bolsonaro\/#breadcrumb\",\"itemListElement\":[{\"@type\":\"ListItem\",\"position\":1,\"name\":\"Not\u00edcias\",\"item\":\"https:\/\/www.suno.com.br\/noticias\/\"},{\"@type\":\"ListItem\",\"position\":2,\"name\":\"Economia\",\"item\":\"https:\/\/www.suno.com.br\/noticias\/economia\/\"},{\"@type\":\"ListItem\",\"position\":3,\"name\":\"Aux\u00edlio emergencial deve voltar em mar\u00e7o, por at\u00e9 4 meses, diz Bolsonaro\"}]},{\"@type\":\"WebSite\",\"@id\":\"https:\/\/www.suno.com.br\/noticias\/#website\",\"url\":\"https:\/\/www.suno.com.br\/noticias\/\",\"name\":\"Suno Not\u00edcias\",\"description\":\"Seu portal de informa\u00e7\u00e3o sobre o mundo dos investimentos\",\"publisher\":{\"@id\":\"https:\/\/www.suno.com.br\/noticias\/#organization\"},\"potentialAction\":[{\"@type\":\"SearchAction\",\"target\":{\"@type\":\"EntryPoint\",\"urlTemplate\":\"https:\/\/www.suno.com.br\/noticias\/?s={search_term_string}\"},\"query-input\":{\"@type\":\"PropertyValueSpecification\",\"valueRequired\":true,\"valueName\":\"search_term_string\"}}],\"inLanguage\":\"pt-BR\"},{\"@type\":\"Organization\",\"@id\":\"https:\/\/www.suno.com.br\/noticias\/#organization\",\"name\":\"Suno Not\u00edcias\",\"url\":\"https:\/\/www.suno.com.br\/noticias\/\",\"logo\":{\"@type\":\"ImageObject\",\"inLanguage\":\"pt-BR\",\"@id\":\"https:\/\/www.suno.com.br\/noticias\/#\/schema\/logo\/image\/\",\"url\":\"https:\/\/files.sunoresearch.com.br\/n\/uploads\/2021\/09\/suno-logo.png\",\"contentUrl\":\"https:\/\/files.sunoresearch.com.br\/n\/uploads\/2021\/09\/suno-logo.png\",\"width\":180,\"height\":180,\"caption\":\"Suno Not\u00edcias\"},\"image\":{\"@id\":\"https:\/\/www.suno.com.br\/noticias\/#\/schema\/logo\/image\/\"},\"sameAs\":[\"https:\/\/facebook.com\/sunoresearch\",\"https:\/\/x.com\/sunoresearch\",\"https:\/\/www.instagram.com\/suno\",\"https:\/\/www.linkedin.com\/company\/suno-research\/\",\"https:\/\/www.youtube.com\/c\/sunoresearch\"]},{\"@type\":\"Person\",\"@id\":\"https:\/\/www.suno.com.br\/noticias\/#\/schema\/person\/053a750a709a263919a20f976caae91c\",\"name\":\"Arthur Guimar\u00e3es\",\"image\":{\"@type\":\"ImageObject\",\"inLanguage\":\"pt-BR\",\"@id\":\"https:\/\/www.suno.com.br\/noticias\/#\/schema\/person\/image\/\",\"url\":\"https:\/\/secure.gravatar.com\/avatar\/1affd86a11209ae09eb6dd3bcad3e96c?s=96&r=g\",\"contentUrl\":\"https:\/\/secure.gravatar.com\/avatar\/1affd86a11209ae09eb6dd3bcad3e96c?s=96&r=g\",\"caption\":\"Arthur Guimar\u00e3es\"},\"description\":\"Arthur Guimar\u00e3es escreve sobre pol\u00edtica, economia e neg\u00f3cios para o portal de not\u00edcias da Suno Research. Atualmente, \u00e9 estudante de jornalismo pela Faculdade C\u00e1sper L\u00edbero.\",\"url\":\"https:\/\/www.suno.com.br\/noticias\/author\/arthur-guimaraes\/\"}]}<\/script>\n<!-- \/ Yoast SEO plugin. -->","yoast_head_json":{"title":"Aux\u00edlio emergencial deve voltar em mar\u00e7o, por at\u00e9 4 meses, diz Bolsonaro","description":"O presidente Jair Bolsonaro disse que o aux\u00edlio emergencial deve voltar a partir de mar\u00e7o, e permanecer por at\u00e9 quatro meses. Saiba mais.","robots":{"index":"index","follow":"follow","max-snippet":"max-snippet:-1","max-image-preview":"max-image-preview:large","max-video-preview":"max-video-preview:-1"},"canonical":"https:\/\/www.suno.com.br\/noticias\/auxilio-emergencial-voltar-marco-4-meses-bolsonaro\/","og_locale":"pt_BR","og_type":"article","og_title":"Aux\u00edlio emergencial deve voltar em mar\u00e7o, por at\u00e9 4 meses, diz Bolsonaro","og_description":"O presidente Jair Bolsonaro disse que o aux\u00edlio emergencial deve voltar a partir de mar\u00e7o, e permanecer por at\u00e9 quatro meses. Saiba mais.","og_url":"https:\/\/www.suno.com.br\/noticias\/auxilio-emergencial-voltar-marco-4-meses-bolsonaro\/","og_site_name":"Suno Not\u00edcias","article_publisher":"https:\/\/facebook.com\/sunoresearch","og_image":[{"width":800,"height":450,"url":"https:\/\/files.sunoresearch.com.br\/n\/uploads\/2021\/02\/0d78cc12-image_processing20200909-9204-1ksfihz.jpeg","type":"image\/jpeg"}],"author":"Arthur Guimar\u00e3es","twitter_card":"summary_large_image","twitter_creator":"@sunoresearch","twitter_site":"@sunoresearch","twitter_misc":{"Escrito por":"Arthur Guimar\u00e3es","Est. tempo de leitura":"2 minutos"},"schema":{"@context":"https:\/\/schema.org","@graph":[{"@type":"NewsArticle","@id":"https:\/\/www.suno.com.br\/noticias\/auxilio-emergencial-voltar-marco-4-meses-bolsonaro\/#article","isPartOf":{"@id":"https:\/\/www.suno.com.br\/noticias\/auxilio-emergencial-voltar-marco-4-meses-bolsonaro\/"},"author":{"name":"Arthur Guimar\u00e3es","@id":"https:\/\/www.suno.com.br\/noticias\/#\/schema\/person\/053a750a709a263919a20f976caae91c"},"headline":"Aux\u00edlio emergencial deve voltar em mar\u00e7o, por at\u00e9 4 meses, diz Bolsonaro","datePublished":"2021-02-11T18:53:32+00:00","mainEntityOfPage":{"@id":"https:\/\/www.suno.com.br\/noticias\/auxilio-emergencial-voltar-marco-4-meses-bolsonaro\/"},"wordCount":391,"publisher":{"@id":"https:\/\/www.suno.com.br\/noticias\/#organization"},"image":{"@id":"https:\/\/www.suno.com.br\/noticias\/auxilio-emergencial-voltar-marco-4-meses-bolsonaro\/#primaryimage"},"thumbnailUrl":"https:\/\/files.sunoresearch.com.br\/n\/uploads\/2021\/02\/0d78cc12-image_processing20200909-9204-1ksfihz-jpeg.webp","keywords":["aux\u00edlio emergencial","coronavoucher","governo federal","Jair Bolsonaro"],"articleSection":["Economia"],"inLanguage":"pt-BR"},{"@type":"WebPage","@id":"https:\/\/www.suno.com.br\/noticias\/auxilio-emergencial-voltar-marco-4-meses-bolsonaro\/","url":"https:\/\/www.suno.com.br\/noticias\/auxilio-emergencial-voltar-marco-4-meses-bolsonaro\/","name":"Aux\u00edlio emergencial deve voltar em mar\u00e7o, por at\u00e9 4 meses, diz Bolsonaro","isPartOf":{"@id":"https:\/\/www.suno.com.br\/noticias\/#website"},"primaryImageOfPage":{"@id":"https:\/\/www.suno.com.br\/noticias\/auxilio-emergencial-voltar-marco-4-meses-bolsonaro\/#primaryimage"},"image":{"@id":"https:\/\/www.suno.com.br\/noticias\/auxilio-emergencial-voltar-marco-4-meses-bolsonaro\/#primaryimage"},"thumbnailUrl":"https:\/\/files.sunoresearch.com.br\/n\/uploads\/2021\/02\/0d78cc12-image_processing20200909-9204-1ksfihz-jpeg.webp","datePublished":"2021-02-11T18:53:32+00:00","description":"O presidente Jair Bolsonaro disse que o aux\u00edlio emergencial deve voltar a partir de mar\u00e7o, e permanecer por at\u00e9 quatro meses. Saiba mais.","breadcrumb":{"@id":"https:\/\/www.suno.com.br\/noticias\/auxilio-emergencial-voltar-marco-4-meses-bolsonaro\/#breadcrumb"},"inLanguage":"pt-BR","potentialAction":[{"@type":"ReadAction","target":["https:\/\/www.suno.com.br\/noticias\/auxilio-emergencial-voltar-marco-4-meses-bolsonaro\/"]}]},{"@type":"ImageObject","inLanguage":"pt-BR","@id":"https:\/\/www.suno.com.br\/noticias\/auxilio-emergencial-voltar-marco-4-meses-bolsonaro\/#primaryimage","url":"https:\/\/files.sunoresearch.com.br\/n\/uploads\/2021\/02\/0d78cc12-image_processing20200909-9204-1ksfihz-jpeg.webp","contentUrl":"https:\/\/files.sunoresearch.com.br\/n\/uploads\/2021\/02\/0d78cc12-image_processing20200909-9204-1ksfihz-jpeg.webp","width":800,"height":450,"caption":"O aux\u00edlio emergencial foi encerrado em dezembro de 2020"},{"@type":"BreadcrumbList","@id":"https:\/\/www.suno.com.br\/noticias\/auxilio-emergencial-voltar-marco-4-meses-bolsonaro\/#breadcrumb","itemListElement":[{"@type":"ListItem","position":1,"name":"Not\u00edcias","item":"https:\/\/www.suno.com.br\/noticias\/"},{"@type":"ListItem","position":2,"name":"Economia","item":"https:\/\/www.suno.com.br\/noticias\/economia\/"},{"@type":"ListItem","position":3,"name":"Aux\u00edlio emergencial deve voltar em mar\u00e7o, por at\u00e9 4 meses, diz Bolsonaro"}]},{"@type":"WebSite","@id":"https:\/\/www.suno.com.br\/noticias\/#website","url":"https:\/\/www.suno.com.br\/noticias\/","name":"Suno Not\u00edcias","description":"Seu portal de informa\u00e7\u00e3o sobre o mundo dos investimentos","publisher":{"@id":"https:\/\/www.suno.com.br\/noticias\/#organization"},"potentialAction":[{"@type":"SearchAction","target":{"@type":"EntryPoint","urlTemplate":"https:\/\/www.suno.com.br\/noticias\/?s={search_term_string}"},"query-input":{"@type":"PropertyValueSpecification","valueRequired":true,"valueName":"search_term_string"}}],"inLanguage":"pt-BR"},{"@type":"Organization","@id":"https:\/\/www.suno.com.br\/noticias\/#organization","name":"Suno Not\u00edcias","url":"https:\/\/www.suno.com.br\/noticias\/","logo":{"@type":"ImageObject","inLanguage":"pt-BR","@id":"https:\/\/www.suno.com.br\/noticias\/#\/schema\/logo\/image\/","url":"https:\/\/files.sunoresearch.com.br\/n\/uploads\/2021\/09\/suno-logo.png","contentUrl":"https:\/\/files.sunoresearch.com.br\/n\/uploads\/2021\/09\/suno-logo.png","width":180,"height":180,"caption":"Suno Not\u00edcias"},"image":{"@id":"https:\/\/www.suno.com.br\/noticias\/#\/schema\/logo\/image\/"},"sameAs":["https:\/\/facebook.com\/sunoresearch","https:\/\/x.com\/sunoresearch","https:\/\/www.instagram.com\/suno","https:\/\/www.linkedin.com\/company\/suno-research\/","https:\/\/www.youtube.com\/c\/sunoresearch"]},{"@type":"Person","@id":"https:\/\/www.suno.com.br\/noticias\/#\/schema\/person\/053a750a709a263919a20f976caae91c","name":"Arthur Guimar\u00e3es","image":{"@type":"ImageObject","inLanguage":"pt-BR","@id":"https:\/\/www.suno.com.br\/noticias\/#\/schema\/person\/image\/","url":"https:\/\/secure.gravatar.com\/avatar\/1affd86a11209ae09eb6dd3bcad3e96c?s=96&r=g","contentUrl":"https:\/\/secure.gravatar.com\/avatar\/1affd86a11209ae09eb6dd3bcad3e96c?s=96&r=g","caption":"Arthur Guimar\u00e3es"},"description":"Arthur Guimar\u00e3es escreve sobre pol\u00edtica, economia e neg\u00f3cios para o portal de not\u00edcias da Suno Research. Atualmente, \u00e9 estudante de jornalismo pela Faculdade C\u00e1sper L\u00edbero.","url":"https:\/\/www.suno.com.br\/noticias\/author\/arthur-guimaraes\/"}]}},"default_loop_html":"<div class=\"cardsPage__listCard__boxs\"><div class=\"cardsPage__listCard__boxs__img\"><a href=\"https:\/\/www.suno.com.br\/noticias\/auxilio-emergencial-voltar-marco-4-meses-bolsonaro\/\"><img class=\"mask\" src=\"https:\/\/www.suno.com.br\/noticias\/wp-content\/themes\/suno\/resources\/images\/spotlight\/spotlight1img\/bg-mask.png\" alt=\"Image Mask\"\/><img src=\"https:\/\/files.sunoresearch.com.br\/n\/uploads\/2021\/02\/0d78cc12-image_processing20200909-9204-1ksfihz-400x200.webp\" alt=\"Aux\u00edlio emergencial deve voltar em mar\u00e7o, por at\u00e9 4 meses, diz Bolsonaro\"\/><\/a><span class=\"spotlightCategory\"><a href=\"https:\/\/www.suno.com.br\/noticias\/economia\/\">Economia<\/a><\/span><\/div><div class=\"cardsPage__listCard__boxs__content\"><a href=\"https:\/\/www.suno.com.br\/noticias\/auxilio-emergencial-voltar-marco-4-meses-bolsonaro\/\"><h2 class=\"content__title\">Aux\u00edlio emergencial deve voltar em mar\u00e7o, por at\u00e9 4 meses, diz Bolsonaro<\/h2><\/a><div class=\"newsContent__article__meta\"><div class=\"newsContent__article__meta__authorBox\"><a href=\"https:\/\/www.suno.com.br\/noticias\/author\/arthur-guimaraes\/\" class=\"authorBox__avatar noMobi\"><img src=\"https:\/\/files.sunoresearch.com.br\/n\/uploads\/2020\/02\/dfb40897-eu-150x150.webp\" alt=\"Arthur Guimar\u00e3es\"><\/a><div class=\"authorBox__name\"><span>por\n\t\t\t<a href=\"https:\/\/www.suno.com.br\/noticias\/author\/arthur-guimaraes\/\"><span itemprop=\"author\">Arthur Guimar\u00e3es<\/span><\/a><\/span><time datetime=\"2021-02-11T15:53:32-03:00\" itemprop=\"datePublished\">11\/02\/2021 15:53<\/time><\/div><\/div><\/div><\/div><\/div>","single_layout":"posts","amp_enabled":true,"_links":{"self":[{"href":"https:\/\/www.suno.com.br\/noticias\/wp-json\/wp\/v2\/posts\/120925"}],"collection":[{"href":"https:\/\/www.suno.com.br\/noticias\/wp-json\/wp\/v2\/posts"}],"about":[{"href":"https:\/\/www.suno.com.br\/noticias\/wp-json\/wp\/v2\/types\/post"}],"author":[{"embeddable":true,"href":"https:\/\/www.suno.com.br\/noticias\/wp-json\/wp\/v2\/users\/35"}],"replies":[{"embeddable":true,"href":"https:\/\/www.suno.com.br\/noticias\/wp-json\/wp\/v2\/comments?post=120925"}],"version-history":[{"count":0,"href":"https:\/\/www.suno.com.br\/noticias\/wp-json\/wp\/v2\/posts\/120925\/revisions"}],"wp:featuredmedia":[{"embeddable":true,"href":"https:\/\/www.suno.com.br\/noticias\/wp-json\/wp\/v2\/media\/120946"}],"wp:attachment":[{"href":"https:\/\/www.suno.com.br\/noticias\/wp-json\/wp\/v2\/media?parent=120925"}],"wp:term":[{"taxonomy":"category","embeddable":true,"href":"https:\/\/www.suno.com.br\/noticias\/wp-json\/wp\/v2\/categories?post=120925"},{"taxonomy":"post_tag","embeddable":true,"href":"https:\/\/www.suno.com.br\/noticias\/wp-json\/wp\/v2\/tags?post=120925"},{"taxonomy":"suno_strategy","embeddable":true,"href":"https:\/\/www.suno.com.br\/noticias\/wp-json\/wp\/v2\/suno_strategy?post=120925"}],"curies":[{"name":"wp","href":"https:\/\/api.w.org\/{rel}","templated":true}]}}