{"id":120869,"date":"2021-02-11T13:15:28","date_gmt":"2021-02-11T16:15:28","guid":{"rendered":"https:\/\/www.suno.com.br\/noticias\/?p=120869"},"modified":"2021-02-11T13:15:58","modified_gmt":"2021-02-11T16:15:58","slug":"governo-estuda-extensao-auxilio-emergencial","status":"publish","type":"post","link":"https:\/\/www.suno.com.br\/noticias\/governo-estuda-extensao-auxilio-emergencial\/","title":{"rendered":"Governo estuda extens\u00e3o de aux\u00edlio emergencial por mais alguns meses, diz Bolsonaro"},"content":{"rendered":"<p>O presidente da Rep\u00fablica, Jair Bolsonaro, refor\u00e7ou nesta quinta-feira (11) que o governo federal estuda prorrogar por &#8220;mais alguns meses&#8221; o pagamento do <strong>aux\u00edlio emergencial<\/strong>. O benef\u00edcio para combater os efeitos econ\u00f4micos da covid-19 foi encerrado em dezembro e apenas poucos pagamentos residuais, oriundos de recursos junto ao governo, foram feitos em janeiro e fevereiro.<\/p>\t<div class=\"wrapper-featured-image\">\n\t\t<figure class=\"spotlightImg\">\n\n\t\t\t<picture>\n\t\t\t\t<source media=\"(max-width: 768px)\" srcset=\"https:\/\/files.sunoresearch.com.br\/n\/uploads\/2021\/02\/4186a4f5-auxilioemergencial-400x200.webp\">\n\t\t\t\t<img loading=\"lazy\" decoding=\"async\" class=\"newsContent__article__imgCapa lazyloadDisabled \" src=\"https:\/\/files.sunoresearch.com.br\/n\/uploads\/2021\/02\/4186a4f5-auxilioemergencial-800x450.webp\" width=\"800\" height=\"450\" alt=\"Governo estuda extens\u00e3o de aux\u00edlio emergencial por mais alguns meses, diz Bolsonaro\" fetchpriority=high \/>\n\t\t\t<\/picture>\n\n\t\t\t<figcaption class=\"wp-caption-text wp-caption-text--show\">Governo estuda nova rodada de aux\u00edlio emergencial, diz Bolsonaro<\/figcaption>\n\t\t<\/figure>\n\t<\/div>\n\n\n<p><span style=\"font-weight: 400;\">\t<p>\n\t\t<a href=\"https:\/\/lp.suno.com.br\/ebook-como-analisar-uma-acao\/\" target=\"_blank\" data-element=\"shortcode-suno-banner\" title=\"Banner SUNO, clique e saiba mais\">\n\t\t\t<picture>\n\t\t\t\t<source media=\"(max-width: 500px)\" srcset=\"https:\/\/files.sunoresearch.com.br\/n\/uploads\/2023\/03\/Ebook-Acoes-Mobile.jpg\">\n\t\t\t\t<img class=\"newsContent__article__imgCapa newsContent__article__imgCapa--banner\"\n\t\t\t\t\tsrc=\"https:\/\/files.sunoresearch.com.br\/n\/uploads\/2023\/03\/Ebook-Acoes-Desktop.jpg\"\n\t\t\t\t\tdata-promo-id=\"378302\"\t\t\t\t\t\t\t\t\t\twidth='1420' height='286'\t\t\t\t\talt=\"https:\/\/files.sunoresearch.com.br\/n\/uploads\/2023\/03\/Ebook-Acoes-Desktop.jpg\"\n\t\t\t\t>\n\t\t\t<\/picture>\n\t\t<\/a>\n\t<\/p>\n\n<\/span><\/p>\n<p>&#8220;No momento, a nossa equipe, juntamente com parlamentares, estuda a <strong>extens\u00e3o por mais alguns meses<\/strong> do aux\u00edlio emergencial, que &#8211; repito &#8211; o nome \u00e9 &#8216;emergencial&#8217;. N\u00e3o pode ser eterno porque isso representa um <a href=\"https:\/\/www.suno.com.br\/artigos\/risco-brasil\/\">endividamento muito grande<\/a> do nosso pa\u00eds e ningu\u00e9m quer o pa\u00eds quebrado&#8221;, afirmou o presidente.<\/p>\n<p>Segundo o Estad\u00e3o, para o ministro da Economia, <a href=\"https:\/\/www.suno.com.br\/tudo-sobre\/paulo-guedes\/\">P<strong>aulo Guedes<\/strong><\/a>, a retomada do benef\u00edcio em valor reduzido &#8211; de R$ 200 por tr\u00eas meses &#8211; est\u00e1 condicionada \u00e0 aprova\u00e7\u00e3o do Or\u00e7amento de 2021 e das propostas em tramita\u00e7\u00e3o no Senado que preveem corte de gastos.<\/p>\n<div>\n<div id=\"60141a969004bb2e956386a8\" class=\"op-interactive\" data-title=\"Quiz dos Investimentos\" data-url=\"https:\/\/sunoresearch289.outgrow.us\/60141a969004bb2e956386a8?vHeight=1\" data-width=\"100%\"><\/div>\n<p><script src='\/\/dyv6f9ner1ir9.cloudfront.net\/assets\/js\/nloader.js'><\/script><script>initIframe('60141a969004bb2e956386a8');<\/script><\/p>\n<\/div>\n<p>Al\u00e9m disso, Guedes quer <strong>seguran\u00e7a jur\u00eddica<\/strong> para a retomada do aux\u00edlio emergencial, o que seria dado por uma cl\u00e1usula de calamidade ou nova edi\u00e7\u00e3o da PEC do or\u00e7amento de guerra.<\/p>\n<h2>Presidente da C\u00e2mara cobrou Guedes por aux\u00edlio emergencial<\/h2>\n<p>Mais cedo, o presidente da C\u00e2mara, Arthur Lira (PP-AL), cobrou publicamente o ministro da Economia, Paulo Guedes, para que saia uma nova rodada do aux\u00edlio emergencial. Lira afirmou que &#8220;Urge que o ministro Guedes nos d\u00ea com sensibilidade do governo uma alternativa vi\u00e1vel&#8221; para o retorno do benef\u00edcio.<\/p>\n<p><span style=\"font-weight: 400;\">\t<p>\n\t\t<a href=\"https:\/\/lp.suno.com.br\/planilha-controle-gastos\/\" target=\"_blank\" data-element=\"shortcode-suno-banner\" title=\"Banner SUNO, clique e saiba mais\">\n\t\t\t<picture>\n\t\t\t\t<source media=\"(max-width: 500px)\" srcset=\"https:\/\/files.sunoresearch.com.br\/n\/uploads\/2023\/03\/400x300-Planilha-controle-de-gastos.png\">\n\t\t\t\t<img class=\"newsContent__article__imgCapa newsContent__article__imgCapa--banner\"\n\t\t\t\t\tsrc=\"https:\/\/files.sunoresearch.com.br\/n\/uploads\/2023\/03\/1420x240-Planilha-controle-de-gastos.png\"\n\t\t\t\t\tdata-promo-id=\"101751\"\t\t\t\t\t\t\t\t\t\twidth='1420' height='240'\t\t\t\t\talt=\"https:\/\/files.sunoresearch.com.br\/n\/uploads\/2023\/03\/1420x240-Planilha-controle-de-gastos.png\"\n\t\t\t\t>\n\t\t\t<\/picture>\n\t\t<\/a>\n\t<\/p>\n\n<\/span><\/p>\n<p>Bolsonaro, em seguida, afirmou que &#8220;entend\u00edamos, juntamente com Parlamento &#8211; deputados e senadores aqui presentes que votaram favor\u00e1vel nestas quest\u00f5es &#8211; que havia a necessidade&#8221; de uma nova rodada de aux\u00edlio emergencial.<\/p>\n<p>Ele discursou aos presentes no per\u00edodo da manh\u00e3 durante cerim\u00f4nia de entrega de t\u00edtulos de propriedade rural a 60 fam\u00edlias em Alc\u00e2ntara, no Maranh\u00e3o. &#8220;Porque, junto com a pandemia, houve muito fechamento de postos de trabalho e voc\u00eas necessitavam de algo para ajud\u00e1-los na sobreviv\u00eancia&#8221;, completou.<\/p>\n<p>Acompanham o presidente os ministros da Ci\u00eancia e Tecnologia, Marcos Pontes, e do Turismo, Gilson Machado, bem como o senador Roberto Rocha (PSDB-MA), nome cotado para disputar o executivo estadual e opositor do atual governador do Maranh\u00e3o, Fl\u00e1vio Dino (PCdoB).<\/p>\n<p>Rocha \u00e9 tamb\u00e9m defensor de imposto similar \u00e0 extinta CPMF como forma de financiar programas de distribui\u00e7\u00e3o de renda, como \u00e9 o <strong>aux\u00edlio emergencial<\/strong>.<\/p>\n<p><em>(Com Estad\u00e3o Conte\u00fado)<\/em><\/p>\n<p><span style=\"font-weight: 400;\">\t<p>\n\t\t<a href=\"https:\/\/lp.suno.com.br\/planilha-de-controle-de-investimentos\/\" target=\"_blank\" data-element=\"shortcode-suno-banner\" title=\"Banner SUNO, clique e saiba mais\">\n\t\t\t<picture>\n\t\t\t\t<source media=\"(max-width: 500px)\" srcset=\"https:\/\/files.sunoresearch.com.br\/n\/uploads\/2023\/03\/400x300-Controle-de-Investimentos.png\">\n\t\t\t\t<img class=\"newsContent__article__imgCapa newsContent__article__imgCapa--banner\"\n\t\t\t\t\tsrc=\"https:\/\/files.sunoresearch.com.br\/n\/uploads\/2023\/03\/1420x240-Controle-de-Investimentos.png\"\n\t\t\t\t\tdata-promo-id=\"75934\"\t\t\t\t\t\t\t\t\t\twidth='1420' height='240'\t\t\t\t\talt=\"https:\/\/files.sunoresearch.com.br\/n\/uploads\/2023\/03\/1420x240-Controle-de-Investimentos.png\"\n\t\t\t\t>\n\t\t\t<\/picture>\n\t\t<\/a>\n\t<\/p>\n\n<\/span><\/p>\n","protected":false},"excerpt":{"rendered":"<p>O presidente da Rep\u00fablica, Jair Bolsonaro, refor\u00e7ou nesta quinta-feira (11) que o governo federal estuda prorrogar por &#8220;mais alguns meses&#8221; o pagamento do aux\u00edlio emergencial. O benef\u00edcio para combater os efeitos econ\u00f4micos da covid-19 foi encerrado em dezembro e apenas poucos pagamentos residuais, oriundos de recursos junto ao governo, foram feitos em janeiro e fevereiro. [&hellip;]<\/p>\n","protected":false},"author":59,"featured_media":120874,"comment_status":"closed","ping_status":"closed","sticky":false,"template":"","format":"standard","meta":[],"categories":[61],"tags":[17139,12737,1556,719,796],"suno_strategy":[],"class_list":["post-120869","post","type-post","status-publish","format-standard","has-post-thumbnail","hentry","category-politica","tag-auxilio-emergencial","tag-coronavoucher","tag-governo-federal","tag-jair-bolsonaro","tag-paulo-guedes"],"yoast_head":"<!-- This site is optimized with the Yoast SEO plugin v24.4 - https:\/\/yoast.com\/wordpress\/plugins\/seo\/ -->\n<title>Governo estuda extens\u00e3o do aux\u00edlio emergencial, diz Bolsonaro<\/title>\n<meta name=\"description\" content=\"O presidente Jair Bolsonaro, afirmou que o governo estuda prorrogar o pagamento do aux\u00edlio emergencial. Clique aqui para saber mais.\" \/>\n<meta name=\"robots\" content=\"index, follow, max-snippet:-1, max-image-preview:large, max-video-preview:-1\" \/>\n<link rel=\"canonical\" href=\"https:\/\/www.suno.com.br\/noticias\/governo-estuda-extensao-auxilio-emergencial\/\" \/>\n<meta property=\"og:locale\" content=\"pt_BR\" \/>\n<meta property=\"og:type\" content=\"article\" \/>\n<meta property=\"og:title\" content=\"Governo estuda extens\u00e3o do aux\u00edlio emergencial, diz Bolsonaro\" \/>\n<meta property=\"og:description\" content=\"O presidente Jair Bolsonaro, afirmou que o governo estuda prorrogar o pagamento do aux\u00edlio emergencial. Clique aqui para saber mais.\" \/>\n<meta property=\"og:url\" content=\"https:\/\/www.suno.com.br\/noticias\/governo-estuda-extensao-auxilio-emergencial\/\" \/>\n<meta property=\"og:site_name\" content=\"Suno Not\u00edcias\" \/>\n<meta property=\"article:publisher\" content=\"https:\/\/facebook.com\/sunoresearch\" \/>\n<meta property=\"og:image\" content=\"https:\/\/files.sunoresearch.com.br\/n\/uploads\/2021\/02\/4186a4f5-auxilioemergencial.jpg\" \/>\n\t<meta property=\"og:image:width\" content=\"1024\" \/>\n\t<meta property=\"og:image:height\" content=\"683\" \/>\n\t<meta property=\"og:image:type\" content=\"image\/jpeg\" \/>\n<meta name=\"author\" content=\"Vitor Azevedo\" \/>\n<meta name=\"twitter:card\" content=\"summary_large_image\" \/>\n<meta name=\"twitter:creator\" content=\"@sunoresearch\" \/>\n<meta name=\"twitter:site\" content=\"@sunoresearch\" \/>\n<meta name=\"twitter:label1\" content=\"Escrito por\" \/>\n\t<meta name=\"twitter:data1\" content=\"Vitor Azevedo\" \/>\n\t<meta name=\"twitter:label2\" content=\"Est. tempo de leitura\" \/>\n\t<meta name=\"twitter:data2\" content=\"2 minutos\" \/>\n<script type=\"application\/ld+json\" class=\"yoast-schema-graph\">{\"@context\":\"https:\/\/schema.org\",\"@graph\":[{\"@type\":\"NewsArticle\",\"@id\":\"https:\/\/www.suno.com.br\/noticias\/governo-estuda-extensao-auxilio-emergencial\/#article\",\"isPartOf\":{\"@id\":\"https:\/\/www.suno.com.br\/noticias\/governo-estuda-extensao-auxilio-emergencial\/\"},\"author\":{\"name\":\"Vitor Azevedo\",\"@id\":\"https:\/\/www.suno.com.br\/noticias\/#\/schema\/person\/658d5fbc74d81f265f5df3562d0038ab\"},\"headline\":\"Governo estuda extens\u00e3o de aux\u00edlio emergencial por mais alguns meses, diz Bolsonaro\",\"datePublished\":\"2021-02-11T16:15:28+00:00\",\"dateModified\":\"2021-02-11T16:15:58+00:00\",\"mainEntityOfPage\":{\"@id\":\"https:\/\/www.suno.com.br\/noticias\/governo-estuda-extensao-auxilio-emergencial\/\"},\"wordCount\":445,\"publisher\":{\"@id\":\"https:\/\/www.suno.com.br\/noticias\/#organization\"},\"image\":{\"@id\":\"https:\/\/www.suno.com.br\/noticias\/governo-estuda-extensao-auxilio-emergencial\/#primaryimage\"},\"thumbnailUrl\":\"https:\/\/files.sunoresearch.com.br\/n\/uploads\/2021\/02\/4186a4f5-auxilioemergencial-jpg.webp\",\"keywords\":[\"aux\u00edlio emergencial\",\"coronavoucher\",\"governo federal\",\"Jair Bolsonaro\",\"Paulo Guedes\"],\"articleSection\":[\"Pol\u00edtica\"],\"inLanguage\":\"pt-BR\"},{\"@type\":\"WebPage\",\"@id\":\"https:\/\/www.suno.com.br\/noticias\/governo-estuda-extensao-auxilio-emergencial\/\",\"url\":\"https:\/\/www.suno.com.br\/noticias\/governo-estuda-extensao-auxilio-emergencial\/\",\"name\":\"Governo estuda extens\u00e3o do aux\u00edlio emergencial, diz Bolsonaro\",\"isPartOf\":{\"@id\":\"https:\/\/www.suno.com.br\/noticias\/#website\"},\"primaryImageOfPage\":{\"@id\":\"https:\/\/www.suno.com.br\/noticias\/governo-estuda-extensao-auxilio-emergencial\/#primaryimage\"},\"image\":{\"@id\":\"https:\/\/www.suno.com.br\/noticias\/governo-estuda-extensao-auxilio-emergencial\/#primaryimage\"},\"thumbnailUrl\":\"https:\/\/files.sunoresearch.com.br\/n\/uploads\/2021\/02\/4186a4f5-auxilioemergencial-jpg.webp\",\"datePublished\":\"2021-02-11T16:15:28+00:00\",\"dateModified\":\"2021-02-11T16:15:58+00:00\",\"description\":\"O presidente Jair Bolsonaro, afirmou que o governo estuda prorrogar o pagamento do aux\u00edlio emergencial. Clique aqui para saber mais.\",\"breadcrumb\":{\"@id\":\"https:\/\/www.suno.com.br\/noticias\/governo-estuda-extensao-auxilio-emergencial\/#breadcrumb\"},\"inLanguage\":\"pt-BR\",\"potentialAction\":[{\"@type\":\"ReadAction\",\"target\":[\"https:\/\/www.suno.com.br\/noticias\/governo-estuda-extensao-auxilio-emergencial\/\"]}]},{\"@type\":\"ImageObject\",\"inLanguage\":\"pt-BR\",\"@id\":\"https:\/\/www.suno.com.br\/noticias\/governo-estuda-extensao-auxilio-emergencial\/#primaryimage\",\"url\":\"https:\/\/files.sunoresearch.com.br\/n\/uploads\/2021\/02\/4186a4f5-auxilioemergencial-jpg.webp\",\"contentUrl\":\"https:\/\/files.sunoresearch.com.br\/n\/uploads\/2021\/02\/4186a4f5-auxilioemergencial-jpg.webp\",\"width\":1024,\"height\":683,\"caption\":\"Governo estuda nova rodada de aux\u00edlio emergencial, diz Bolsonaro\"},{\"@type\":\"BreadcrumbList\",\"@id\":\"https:\/\/www.suno.com.br\/noticias\/governo-estuda-extensao-auxilio-emergencial\/#breadcrumb\",\"itemListElement\":[{\"@type\":\"ListItem\",\"position\":1,\"name\":\"Not\u00edcias\",\"item\":\"https:\/\/www.suno.com.br\/noticias\/\"},{\"@type\":\"ListItem\",\"position\":2,\"name\":\"Pol\u00edtica\",\"item\":\"https:\/\/www.suno.com.br\/noticias\/politica\/\"},{\"@type\":\"ListItem\",\"position\":3,\"name\":\"Governo estuda extens\u00e3o de aux\u00edlio emergencial por mais alguns meses, diz Bolsonaro\"}]},{\"@type\":\"WebSite\",\"@id\":\"https:\/\/www.suno.com.br\/noticias\/#website\",\"url\":\"https:\/\/www.suno.com.br\/noticias\/\",\"name\":\"Suno Not\u00edcias\",\"description\":\"Seu portal de informa\u00e7\u00e3o sobre o mundo dos investimentos\",\"publisher\":{\"@id\":\"https:\/\/www.suno.com.br\/noticias\/#organization\"},\"potentialAction\":[{\"@type\":\"SearchAction\",\"target\":{\"@type\":\"EntryPoint\",\"urlTemplate\":\"https:\/\/www.suno.com.br\/noticias\/?s={search_term_string}\"},\"query-input\":{\"@type\":\"PropertyValueSpecification\",\"valueRequired\":true,\"valueName\":\"search_term_string\"}}],\"inLanguage\":\"pt-BR\"},{\"@type\":\"Organization\",\"@id\":\"https:\/\/www.suno.com.br\/noticias\/#organization\",\"name\":\"Suno Not\u00edcias\",\"url\":\"https:\/\/www.suno.com.br\/noticias\/\",\"logo\":{\"@type\":\"ImageObject\",\"inLanguage\":\"pt-BR\",\"@id\":\"https:\/\/www.suno.com.br\/noticias\/#\/schema\/logo\/image\/\",\"url\":\"https:\/\/files.sunoresearch.com.br\/n\/uploads\/2021\/09\/suno-logo.png\",\"contentUrl\":\"https:\/\/files.sunoresearch.com.br\/n\/uploads\/2021\/09\/suno-logo.png\",\"width\":180,\"height\":180,\"caption\":\"Suno Not\u00edcias\"},\"image\":{\"@id\":\"https:\/\/www.suno.com.br\/noticias\/#\/schema\/logo\/image\/\"},\"sameAs\":[\"https:\/\/facebook.com\/sunoresearch\",\"https:\/\/x.com\/sunoresearch\",\"https:\/\/www.instagram.com\/suno\",\"https:\/\/www.linkedin.com\/company\/suno-research\/\",\"https:\/\/www.youtube.com\/c\/sunoresearch\"]},{\"@type\":\"Person\",\"@id\":\"https:\/\/www.suno.com.br\/noticias\/#\/schema\/person\/658d5fbc74d81f265f5df3562d0038ab\",\"name\":\"Vitor Azevedo\",\"image\":{\"@type\":\"ImageObject\",\"inLanguage\":\"pt-BR\",\"@id\":\"https:\/\/www.suno.com.br\/noticias\/#\/schema\/person\/image\/\",\"url\":\"https:\/\/secure.gravatar.com\/avatar\/62b86195291b446fe380824eb28b99a5?s=96&r=g\",\"contentUrl\":\"https:\/\/secure.gravatar.com\/avatar\/62b86195291b446fe380824eb28b99a5?s=96&r=g\",\"caption\":\"Vitor Azevedo\"},\"description\":\"Formado em jornalismo pela Unesp, escreve sobre economia e neg\u00f3cios para a Suno Not\u00edcias.\",\"url\":\"https:\/\/www.suno.com.br\/noticias\/author\/vitor-azevedo\/\"}]}<\/script>\n<!-- \/ Yoast SEO plugin. -->","yoast_head_json":{"title":"Governo estuda extens\u00e3o do aux\u00edlio emergencial, diz Bolsonaro","description":"O presidente Jair Bolsonaro, afirmou que o governo estuda prorrogar o pagamento do aux\u00edlio emergencial. Clique aqui para saber mais.","robots":{"index":"index","follow":"follow","max-snippet":"max-snippet:-1","max-image-preview":"max-image-preview:large","max-video-preview":"max-video-preview:-1"},"canonical":"https:\/\/www.suno.com.br\/noticias\/governo-estuda-extensao-auxilio-emergencial\/","og_locale":"pt_BR","og_type":"article","og_title":"Governo estuda extens\u00e3o do aux\u00edlio emergencial, diz Bolsonaro","og_description":"O presidente Jair Bolsonaro, afirmou que o governo estuda prorrogar o pagamento do aux\u00edlio emergencial. Clique aqui para saber mais.","og_url":"https:\/\/www.suno.com.br\/noticias\/governo-estuda-extensao-auxilio-emergencial\/","og_site_name":"Suno Not\u00edcias","article_publisher":"https:\/\/facebook.com\/sunoresearch","og_image":[{"width":1024,"height":683,"url":"https:\/\/files.sunoresearch.com.br\/n\/uploads\/2021\/02\/4186a4f5-auxilioemergencial.jpg","type":"image\/jpeg"}],"author":"Vitor Azevedo","twitter_card":"summary_large_image","twitter_creator":"@sunoresearch","twitter_site":"@sunoresearch","twitter_misc":{"Escrito por":"Vitor Azevedo","Est. tempo de leitura":"2 minutos"},"schema":{"@context":"https:\/\/schema.org","@graph":[{"@type":"NewsArticle","@id":"https:\/\/www.suno.com.br\/noticias\/governo-estuda-extensao-auxilio-emergencial\/#article","isPartOf":{"@id":"https:\/\/www.suno.com.br\/noticias\/governo-estuda-extensao-auxilio-emergencial\/"},"author":{"name":"Vitor Azevedo","@id":"https:\/\/www.suno.com.br\/noticias\/#\/schema\/person\/658d5fbc74d81f265f5df3562d0038ab"},"headline":"Governo estuda extens\u00e3o de aux\u00edlio emergencial por mais alguns meses, diz Bolsonaro","datePublished":"2021-02-11T16:15:28+00:00","dateModified":"2021-02-11T16:15:58+00:00","mainEntityOfPage":{"@id":"https:\/\/www.suno.com.br\/noticias\/governo-estuda-extensao-auxilio-emergencial\/"},"wordCount":445,"publisher":{"@id":"https:\/\/www.suno.com.br\/noticias\/#organization"},"image":{"@id":"https:\/\/www.suno.com.br\/noticias\/governo-estuda-extensao-auxilio-emergencial\/#primaryimage"},"thumbnailUrl":"https:\/\/files.sunoresearch.com.br\/n\/uploads\/2021\/02\/4186a4f5-auxilioemergencial-jpg.webp","keywords":["aux\u00edlio emergencial","coronavoucher","governo federal","Jair Bolsonaro","Paulo Guedes"],"articleSection":["Pol\u00edtica"],"inLanguage":"pt-BR"},{"@type":"WebPage","@id":"https:\/\/www.suno.com.br\/noticias\/governo-estuda-extensao-auxilio-emergencial\/","url":"https:\/\/www.suno.com.br\/noticias\/governo-estuda-extensao-auxilio-emergencial\/","name":"Governo estuda extens\u00e3o do aux\u00edlio emergencial, diz Bolsonaro","isPartOf":{"@id":"https:\/\/www.suno.com.br\/noticias\/#website"},"primaryImageOfPage":{"@id":"https:\/\/www.suno.com.br\/noticias\/governo-estuda-extensao-auxilio-emergencial\/#primaryimage"},"image":{"@id":"https:\/\/www.suno.com.br\/noticias\/governo-estuda-extensao-auxilio-emergencial\/#primaryimage"},"thumbnailUrl":"https:\/\/files.sunoresearch.com.br\/n\/uploads\/2021\/02\/4186a4f5-auxilioemergencial-jpg.webp","datePublished":"2021-02-11T16:15:28+00:00","dateModified":"2021-02-11T16:15:58+00:00","description":"O presidente Jair Bolsonaro, afirmou que o governo estuda prorrogar o pagamento do aux\u00edlio emergencial. Clique aqui para saber mais.","breadcrumb":{"@id":"https:\/\/www.suno.com.br\/noticias\/governo-estuda-extensao-auxilio-emergencial\/#breadcrumb"},"inLanguage":"pt-BR","potentialAction":[{"@type":"ReadAction","target":["https:\/\/www.suno.com.br\/noticias\/governo-estuda-extensao-auxilio-emergencial\/"]}]},{"@type":"ImageObject","inLanguage":"pt-BR","@id":"https:\/\/www.suno.com.br\/noticias\/governo-estuda-extensao-auxilio-emergencial\/#primaryimage","url":"https:\/\/files.sunoresearch.com.br\/n\/uploads\/2021\/02\/4186a4f5-auxilioemergencial-jpg.webp","contentUrl":"https:\/\/files.sunoresearch.com.br\/n\/uploads\/2021\/02\/4186a4f5-auxilioemergencial-jpg.webp","width":1024,"height":683,"caption":"Governo estuda nova rodada de aux\u00edlio emergencial, diz Bolsonaro"},{"@type":"BreadcrumbList","@id":"https:\/\/www.suno.com.br\/noticias\/governo-estuda-extensao-auxilio-emergencial\/#breadcrumb","itemListElement":[{"@type":"ListItem","position":1,"name":"Not\u00edcias","item":"https:\/\/www.suno.com.br\/noticias\/"},{"@type":"ListItem","position":2,"name":"Pol\u00edtica","item":"https:\/\/www.suno.com.br\/noticias\/politica\/"},{"@type":"ListItem","position":3,"name":"Governo estuda extens\u00e3o de aux\u00edlio emergencial por mais alguns meses, diz Bolsonaro"}]},{"@type":"WebSite","@id":"https:\/\/www.suno.com.br\/noticias\/#website","url":"https:\/\/www.suno.com.br\/noticias\/","name":"Suno Not\u00edcias","description":"Seu portal de informa\u00e7\u00e3o sobre o mundo dos investimentos","publisher":{"@id":"https:\/\/www.suno.com.br\/noticias\/#organization"},"potentialAction":[{"@type":"SearchAction","target":{"@type":"EntryPoint","urlTemplate":"https:\/\/www.suno.com.br\/noticias\/?s={search_term_string}"},"query-input":{"@type":"PropertyValueSpecification","valueRequired":true,"valueName":"search_term_string"}}],"inLanguage":"pt-BR"},{"@type":"Organization","@id":"https:\/\/www.suno.com.br\/noticias\/#organization","name":"Suno Not\u00edcias","url":"https:\/\/www.suno.com.br\/noticias\/","logo":{"@type":"ImageObject","inLanguage":"pt-BR","@id":"https:\/\/www.suno.com.br\/noticias\/#\/schema\/logo\/image\/","url":"https:\/\/files.sunoresearch.com.br\/n\/uploads\/2021\/09\/suno-logo.png","contentUrl":"https:\/\/files.sunoresearch.com.br\/n\/uploads\/2021\/09\/suno-logo.png","width":180,"height":180,"caption":"Suno Not\u00edcias"},"image":{"@id":"https:\/\/www.suno.com.br\/noticias\/#\/schema\/logo\/image\/"},"sameAs":["https:\/\/facebook.com\/sunoresearch","https:\/\/x.com\/sunoresearch","https:\/\/www.instagram.com\/suno","https:\/\/www.linkedin.com\/company\/suno-research\/","https:\/\/www.youtube.com\/c\/sunoresearch"]},{"@type":"Person","@id":"https:\/\/www.suno.com.br\/noticias\/#\/schema\/person\/658d5fbc74d81f265f5df3562d0038ab","name":"Vitor Azevedo","image":{"@type":"ImageObject","inLanguage":"pt-BR","@id":"https:\/\/www.suno.com.br\/noticias\/#\/schema\/person\/image\/","url":"https:\/\/secure.gravatar.com\/avatar\/62b86195291b446fe380824eb28b99a5?s=96&r=g","contentUrl":"https:\/\/secure.gravatar.com\/avatar\/62b86195291b446fe380824eb28b99a5?s=96&r=g","caption":"Vitor Azevedo"},"description":"Formado em jornalismo pela Unesp, escreve sobre economia e neg\u00f3cios para a Suno Not\u00edcias.","url":"https:\/\/www.suno.com.br\/noticias\/author\/vitor-azevedo\/"}]}},"default_loop_html":"<div class=\"cardsPage__listCard__boxs\"><div class=\"cardsPage__listCard__boxs__img\"><a href=\"https:\/\/www.suno.com.br\/noticias\/governo-estuda-extensao-auxilio-emergencial\/\"><img class=\"mask\" src=\"https:\/\/www.suno.com.br\/noticias\/wp-content\/themes\/suno\/resources\/images\/spotlight\/spotlight1img\/bg-mask.png\" alt=\"Image Mask\"\/><img src=\"https:\/\/files.sunoresearch.com.br\/n\/uploads\/2021\/02\/4186a4f5-auxilioemergencial-400x200.webp\" alt=\"Governo estuda extens\u00e3o de aux\u00edlio emergencial por mais alguns meses, diz Bolsonaro\"\/><\/a><span class=\"spotlightCategory\"><a href=\"https:\/\/www.suno.com.br\/noticias\/politica\/\">Pol\u00edtica<\/a><\/span><\/div><div class=\"cardsPage__listCard__boxs__content\"><a href=\"https:\/\/www.suno.com.br\/noticias\/governo-estuda-extensao-auxilio-emergencial\/\"><h2 class=\"content__title\">Governo estuda extens\u00e3o de aux\u00edlio emergencial por mais alguns meses, diz Bolsonaro<\/h2><\/a><div class=\"newsContent__article__meta\"><div class=\"newsContent__article__meta__authorBox\"><a href=\"https:\/\/www.suno.com.br\/noticias\/author\/vitor-azevedo\/\" class=\"authorBox__avatar noMobi\"><img src=\"https:\/\/secure.gravatar.com\/avatar\/62b86195291b446fe380824eb28b99a5?s=96&#038;r=g\" alt=\"Vitor Azevedo\"><\/a><div class=\"authorBox__name\"><span>por\n\t\t\t<a href=\"https:\/\/www.suno.com.br\/noticias\/author\/vitor-azevedo\/\"><span itemprop=\"author\">Vitor Azevedo<\/span><\/a><\/span><time datetime=\"2021-02-11T13:15:28-03:00\" itemprop=\"datePublished\">11\/02\/2021 13:15<\/time><\/div><\/div><\/div><\/div><\/div>","single_layout":"posts","amp_enabled":true,"_links":{"self":[{"href":"https:\/\/www.suno.com.br\/noticias\/wp-json\/wp\/v2\/posts\/120869"}],"collection":[{"href":"https:\/\/www.suno.com.br\/noticias\/wp-json\/wp\/v2\/posts"}],"about":[{"href":"https:\/\/www.suno.com.br\/noticias\/wp-json\/wp\/v2\/types\/post"}],"author":[{"embeddable":true,"href":"https:\/\/www.suno.com.br\/noticias\/wp-json\/wp\/v2\/users\/59"}],"replies":[{"embeddable":true,"href":"https:\/\/www.suno.com.br\/noticias\/wp-json\/wp\/v2\/comments?post=120869"}],"version-history":[{"count":0,"href":"https:\/\/www.suno.com.br\/noticias\/wp-json\/wp\/v2\/posts\/120869\/revisions"}],"wp:featuredmedia":[{"embeddable":true,"href":"https:\/\/www.suno.com.br\/noticias\/wp-json\/wp\/v2\/media\/120874"}],"wp:attachment":[{"href":"https:\/\/www.suno.com.br\/noticias\/wp-json\/wp\/v2\/media?parent=120869"}],"wp:term":[{"taxonomy":"category","embeddable":true,"href":"https:\/\/www.suno.com.br\/noticias\/wp-json\/wp\/v2\/categories?post=120869"},{"taxonomy":"post_tag","embeddable":true,"href":"https:\/\/www.suno.com.br\/noticias\/wp-json\/wp\/v2\/tags?post=120869"},{"taxonomy":"suno_strategy","embeddable":true,"href":"https:\/\/www.suno.com.br\/noticias\/wp-json\/wp\/v2\/suno_strategy?post=120869"}],"curies":[{"name":"wp","href":"https:\/\/api.w.org\/{rel}","templated":true}]}}