{"id":12076,"date":"2019-01-17T12:53:37","date_gmt":"2019-01-17T14:53:37","guid":{"rendered":"https:\/\/www.suno.com.br\/noticias\/?p=12076"},"modified":"2019-01-17T14:22:32","modified_gmt":"2019-01-17T16:22:32","slug":"stf-suspende-investigacao-fabricio-queiroz","status":"publish","type":"post","link":"https:\/\/www.suno.com.br\/noticias\/stf-suspende-investigacao-fabricio-queiroz\/","title":{"rendered":"STF suspende investiga\u00e7\u00e3o sobre Fabr\u00edcio Queiroz"},"content":{"rendered":"<p>O Supremo Tribunal Federal (STF) suspendeu nesta quinta-feira (17) a investiga\u00e7\u00e3o sobre Fabr\u00edcio Queiroz.<\/p>\t<div class=\"wrapper-featured-image\">\n\t\t<figure class=\"spotlightImg\">\n\n\t\t\t<picture>\n\t\t\t\t<source media=\"(max-width: 768px)\" srcset=\"https:\/\/files.sunoresearch.com.br\/n\/uploads\/2019\/01\/b0d3b1f7-fabricio-queiroz-400x200.webp\">\n\t\t\t\t<img loading=\"lazy\" decoding=\"async\" class=\"newsContent__article__imgCapa lazyloadDisabled newsContent__article__imgCapa--noCaption\" src=\"https:\/\/files.sunoresearch.com.br\/n\/uploads\/2019\/01\/b0d3b1f7-fabricio-queiroz-800x450.webp\" width=\"800\" height=\"450\" alt=\"STF suspende investiga\u00e7\u00e3o sobre Fabr\u00edcio Queiroz\" fetchpriority=high \/>\n\t\t\t<\/picture>\n\n\t\t\t<figcaption class=\"wp-caption-text wp-caption-text--hide\">Fabricio Queiroz<\/figcaption>\n\t\t<\/figure>\n\t<\/div>\n\n\n<p>O ex assessor do senador eleito <strong>Fl\u00e1vio Bolsonaro<\/strong> (PSL) estava sob procedimento investigativo criminal.\u00a0O <strong>Minist\u00e9rio P\u00fablico do Rio de Janeiro<\/strong> estava apurando movimenta\u00e7\u00f5es financeiras at\u00edpicas de <strong>Fabr\u00edcio Queiroz<\/strong> e de outros assessores da <strong>Assembleia Legislativa do Rio (Alerj)<\/strong>. O <strong>Supremo Tribunal Federal (STF)<\/strong> ordenou a suspens\u00e3o \u201cat\u00e9 que o Relator da Reclama\u00e7\u00e3o se pronuncie\u201d.<\/p>\n<p>A informa\u00e7\u00e3o foi divulgada pelo <strong>MP<\/strong> do <strong>Rio de Janeiro<\/strong>. Entretanto, n\u00e3o foram informados os motivos da decis\u00e3o cautelar proferida nos autos da Reclama\u00e7\u00e3o de n\u00ba 32989. \u201cPelo fato do procedimento tramitar sob absoluto sigilo, reiterado na decis\u00e3o do <strong>STF,<\/strong> o <strong>MPRJ<\/strong> n\u00e3o se manifestar\u00e1 sobre o m\u00e9rito da decis\u00e3o\u201d, informou o <strong>Minist\u00e9rio Publico<\/strong> carioca em nota.<\/p>\n<p>O pedido de suspens\u00e3o da investiga\u00e7\u00e3o teria sido apresentado ao <strong>STF<\/strong> pelo pr\u00f3prio <strong>Fl\u00e1vio Bolsonaro.<\/strong><\/p>\n<p><a href=\"https:\/\/www.suno.com.br\/noticias\/fabricio-queiroz-movimentacao-atipica-carros\/\">Saiba mais: Fabr\u00edcio Queiroz diz que movimenta\u00e7\u00e3o at\u00edpica vem de com\u00e9rcio de carros<\/a><\/p>\n<p>E ex-policial militar <strong>Fabr\u00edcio Queiroz<\/strong> se tornou o protagonista do caso de movimenta\u00e7\u00f5es financeiras suspeitas na Alerj. O ex-assessor de <strong>Fl\u00e1vio Bolsonaro<\/strong> foi investigado por ter movimentado valores incompat\u00edveis com sua renda. As transa\u00e7\u00f5es banc\u00e1rias at\u00edpicas de Queiroz, investigadas pelo MP, se repetiram nas contas banc\u00e1rias de ao menos outros 28 servidores da <strong>Alerj.<\/strong> As movimenta\u00e7\u00f5es foram apuradas pelo <strong>Conselho de Controle de Atividades Financeiras (Coaf).<\/strong><\/p>\n<h2>Fabr\u00edcio Queiroz, Fl\u00e1vio Bolsonaro e o Coaf: entenda o caso<\/h2>\n<p>O <strong>Conselho de Controle de Atividades Financeiras (Coaf),<\/strong> \u00f3rg\u00e3o administrativo do Minist\u00e9rio da Fazenda que examina ocorr\u00eancias suspeitas de lavagem de dinheiro) apurou movimenta\u00e7\u00e3o de R$ 1.236.838 entre 1\u00ba de janeiro de 2016 e 31 de janeiro de 2017 na conta de Queiroz, que na \u00e9poca recebia R$ 23 mil. <strong>Michelle Bolsonaro,<\/strong> mulher do presidente <strong>Jair Bolsonaro,<\/strong> foi mencionada como favorecida do ex-assessor no relat\u00f3rio.<\/p>\n<p>Michelle, que no per\u00edodo era secret\u00e1ria parlamentar de <strong>Jair Bolsonaro,<\/strong> recebeu de <strong>Queiroz<\/strong> um cheque de R$ 24 mil. O presidente eleito justificou que o cheque era pagamento de um empr\u00e9stimo antigo feito ao ex-motorista do filho.<\/p>\n<p>O dep\u00f3sito feito na conta de sua esposa devia-se ao fato de Jair n\u00e3o possuir o h\u00e1bito de ir ao banco.<\/p>\n<p>O relat\u00f3rio do <strong>Coaf<\/strong> apontou opera\u00e7\u00f5es at\u00edpicas nas contas de 74 servidores e ex-servidores da <strong>Alerj.<\/strong> No in\u00edcio de dezembro foram presos 10 deputados no in\u00edcio no <strong>Rio de Janeiro<\/strong> na <strong>Opera\u00e7\u00e3o Furna da On\u00e7a<\/strong>, desdobramento da <strong>Lava Jato.<\/strong><\/p>\n<h2>Movimenta\u00e7\u00f5es do ex-assessor de Fl\u00e1vio Bolsonaro<\/h2>\n<p>Confira abaixo as suspeitas levantadas pelo <strong>Coaf:<\/strong><\/p>\n<ul>\n<li>R$ 324.774 em saques em esp\u00e9cie<\/li>\n<li>R$ 41.930 em cheques compensados<\/li>\n<\/ul>\n<p>Em apura\u00e7\u00e3o do RJ2 foram reveladas movimenta\u00e7\u00f5es milion\u00e1rias de pessoas que trabalham ou trabalharam em 22 gabinetes de deputados que passaram pela Assembleia Legislativa do Estado do Rio de Janeiro <strong>(Alerj).<\/strong><\/p>\n<p>Alguns dos deputados n\u00e3o foram alvo da opera\u00e7\u00e3o Furna da On\u00e7a.<\/p>\n<p>Tais transa\u00e7\u00f5es ocorreram no mesmo per\u00edodo da movimenta\u00e7\u00e3o at\u00edpica de <strong>Fabr\u00edcio<\/strong>\u00a0<strong>Queiroz.<\/strong> O total dessas opera\u00e7\u00f5es chega a cerca de R$ 207 milh\u00f5es.<\/p>\n<p>Assim, mais suspeitas envolvem o ex-assessor: saques em dinheiro que somam R$ 324 mil no intervalo de um ano. E, deste valor, R$ 159 mil foram sacados numa ag\u00eancia banc\u00e1ria no pr\u00e9dio da <strong>Alerj.<\/strong><\/p>\n<p>De acordo com o jornalista Lauro Jardim, dentre os familiares de Queiroz que tamb\u00e9m trabalharam com <strong>Fl\u00e1vio Bolsonaro<\/strong> e receberam men\u00e7\u00e3o no relat\u00f3rio do COAF est\u00e3o:<\/p>\n<ul>\n<li>Nathalia Melo de Queiroz, a mulher de Fabr\u00edcio. Trabalhou com o filho do presidente eleito entre 2007 e 2016. Ap\u00f3s ser exonerada, tornou-se secret\u00e1ria parlamentar de Jair Bolsonaro na C\u00e2mara dos Deputados<\/li>\n<li>M\u00e1rcia Oliveira de Aguiar, filha do ex-motorista<\/li>\n<li>Evelyn Mello de Queiroz, outra filha do ex-assessor<\/li>\n<\/ul>\n<p>Ainda de acordo com os dados levantados pelo <strong>Coaf,<\/strong> grande parte dos dep\u00f3sitos em esp\u00e9cia na conta de <strong>Queiroz<\/strong> \u00e9 paralela \u00e0s datas de pagamento na <strong>Alerj.<\/strong><\/p>\n","protected":false},"excerpt":{"rendered":"<p>O Supremo Tribunal Federal (STF) suspendeu nesta quinta-feira (17) a investiga\u00e7\u00e3o sobre Fabr\u00edcio Queiroz. Fabricio Queiroz O ex assessor do senador eleito Fl\u00e1vio Bolsonaro (PSL) estava sob procedimento investigativo criminal.\u00a0O Minist\u00e9rio P\u00fablico do Rio de Janeiro estava apurando movimenta\u00e7\u00f5es financeiras at\u00edpicas de Fabr\u00edcio Queiroz e de outros assessores da Assembleia Legislativa do Rio (Alerj). O [&hellip;]<\/p>\n","protected":false},"author":9,"featured_media":12078,"comment_status":"closed","ping_status":"closed","sticky":false,"template":"","format":"standard","meta":[],"categories":[61],"tags":[719],"suno_strategy":[],"class_list":["post-12076","post","type-post","status-publish","format-standard","has-post-thumbnail","hentry","category-politica","tag-jair-bolsonaro"],"yoast_head":"<!-- This site is optimized with the Yoast SEO plugin v24.4 - https:\/\/yoast.com\/wordpress\/plugins\/seo\/ -->\n<title>STF suspende investiga\u00e7\u00e3o sobre Fabr\u00edcio Queiroz<\/title>\n<meta name=\"description\" content=\"O Supremo Tribunal Federal (STF) suspendeu nesta quinta-feira (17) a investiga\u00e7\u00e3o sobre Fabr\u00edcio Queiroz. Clique aqui para saber mais.\" \/>\n<meta name=\"robots\" content=\"index, follow, max-snippet:-1, max-image-preview:large, max-video-preview:-1\" \/>\n<link rel=\"canonical\" href=\"https:\/\/www.suno.com.br\/noticias\/stf-suspende-investigacao-fabricio-queiroz\/\" \/>\n<meta property=\"og:locale\" content=\"pt_BR\" \/>\n<meta property=\"og:type\" content=\"article\" \/>\n<meta property=\"og:title\" content=\"STF suspende investiga\u00e7\u00e3o sobre Fabr\u00edcio Queiroz\" \/>\n<meta property=\"og:description\" content=\"O Supremo Tribunal Federal (STF) suspendeu nesta quinta-feira (17) a investiga\u00e7\u00e3o sobre Fabr\u00edcio Queiroz. Clique aqui para saber mais.\" \/>\n<meta property=\"og:url\" content=\"https:\/\/www.suno.com.br\/noticias\/stf-suspende-investigacao-fabricio-queiroz\/\" \/>\n<meta property=\"og:site_name\" content=\"Suno Not\u00edcias\" \/>\n<meta property=\"article:publisher\" content=\"https:\/\/facebook.com\/sunoresearch\" \/>\n<meta property=\"og:image\" content=\"https:\/\/files.sunoresearch.com.br\/n\/uploads\/2019\/01\/b0d3b1f7-fabricio-queiroz.png\" \/>\n\t<meta property=\"og:image:width\" content=\"868\" \/>\n\t<meta property=\"og:image:height\" content=\"644\" \/>\n\t<meta property=\"og:image:type\" content=\"image\/png\" \/>\n<meta name=\"author\" content=\"Carlo Cauti\" \/>\n<meta name=\"twitter:card\" content=\"summary_large_image\" \/>\n<meta name=\"twitter:creator\" content=\"@sunoresearch\" \/>\n<meta name=\"twitter:site\" content=\"@sunoresearch\" \/>\n<meta name=\"twitter:label1\" content=\"Escrito por\" \/>\n\t<meta name=\"twitter:data1\" content=\"Carlo Cauti\" \/>\n\t<meta name=\"twitter:label2\" content=\"Est. tempo de leitura\" \/>\n\t<meta name=\"twitter:data2\" content=\"3 minutos\" \/>\n<script type=\"application\/ld+json\" class=\"yoast-schema-graph\">{\"@context\":\"https:\/\/schema.org\",\"@graph\":[{\"@type\":\"NewsArticle\",\"@id\":\"https:\/\/www.suno.com.br\/noticias\/stf-suspende-investigacao-fabricio-queiroz\/#article\",\"isPartOf\":{\"@id\":\"https:\/\/www.suno.com.br\/noticias\/stf-suspende-investigacao-fabricio-queiroz\/\"},\"author\":{\"name\":\"Carlo Cauti\",\"@id\":\"https:\/\/www.suno.com.br\/noticias\/#\/schema\/person\/e6e0f723cc177805027f4566c1d5e0c8\"},\"headline\":\"STF suspende investiga\u00e7\u00e3o sobre Fabr\u00edcio Queiroz\",\"datePublished\":\"2019-01-17T14:53:37+00:00\",\"dateModified\":\"2019-01-17T16:22:32+00:00\",\"mainEntityOfPage\":{\"@id\":\"https:\/\/www.suno.com.br\/noticias\/stf-suspende-investigacao-fabricio-queiroz\/\"},\"wordCount\":689,\"publisher\":{\"@id\":\"https:\/\/www.suno.com.br\/noticias\/#organization\"},\"image\":{\"@id\":\"https:\/\/www.suno.com.br\/noticias\/stf-suspende-investigacao-fabricio-queiroz\/#primaryimage\"},\"thumbnailUrl\":\"https:\/\/files.sunoresearch.com.br\/n\/uploads\/2019\/01\/b0d3b1f7-fabricio-queiroz-png.webp\",\"keywords\":[\"Jair Bolsonaro\"],\"articleSection\":[\"Pol\u00edtica\"],\"inLanguage\":\"pt-BR\"},{\"@type\":\"WebPage\",\"@id\":\"https:\/\/www.suno.com.br\/noticias\/stf-suspende-investigacao-fabricio-queiroz\/\",\"url\":\"https:\/\/www.suno.com.br\/noticias\/stf-suspende-investigacao-fabricio-queiroz\/\",\"name\":\"STF suspende investiga\u00e7\u00e3o sobre Fabr\u00edcio Queiroz\",\"isPartOf\":{\"@id\":\"https:\/\/www.suno.com.br\/noticias\/#website\"},\"primaryImageOfPage\":{\"@id\":\"https:\/\/www.suno.com.br\/noticias\/stf-suspende-investigacao-fabricio-queiroz\/#primaryimage\"},\"image\":{\"@id\":\"https:\/\/www.suno.com.br\/noticias\/stf-suspende-investigacao-fabricio-queiroz\/#primaryimage\"},\"thumbnailUrl\":\"https:\/\/files.sunoresearch.com.br\/n\/uploads\/2019\/01\/b0d3b1f7-fabricio-queiroz-png.webp\",\"datePublished\":\"2019-01-17T14:53:37+00:00\",\"dateModified\":\"2019-01-17T16:22:32+00:00\",\"description\":\"O Supremo Tribunal Federal (STF) suspendeu nesta quinta-feira (17) a investiga\u00e7\u00e3o sobre Fabr\u00edcio Queiroz. Clique aqui para saber mais.\",\"breadcrumb\":{\"@id\":\"https:\/\/www.suno.com.br\/noticias\/stf-suspende-investigacao-fabricio-queiroz\/#breadcrumb\"},\"inLanguage\":\"pt-BR\",\"potentialAction\":[{\"@type\":\"ReadAction\",\"target\":[\"https:\/\/www.suno.com.br\/noticias\/stf-suspende-investigacao-fabricio-queiroz\/\"]}]},{\"@type\":\"ImageObject\",\"inLanguage\":\"pt-BR\",\"@id\":\"https:\/\/www.suno.com.br\/noticias\/stf-suspende-investigacao-fabricio-queiroz\/#primaryimage\",\"url\":\"https:\/\/files.sunoresearch.com.br\/n\/uploads\/2019\/01\/b0d3b1f7-fabricio-queiroz-png.webp\",\"contentUrl\":\"https:\/\/files.sunoresearch.com.br\/n\/uploads\/2019\/01\/b0d3b1f7-fabricio-queiroz-png.webp\",\"width\":868,\"height\":644,\"caption\":\"Fabricio Queiroz\"},{\"@type\":\"BreadcrumbList\",\"@id\":\"https:\/\/www.suno.com.br\/noticias\/stf-suspende-investigacao-fabricio-queiroz\/#breadcrumb\",\"itemListElement\":[{\"@type\":\"ListItem\",\"position\":1,\"name\":\"Not\u00edcias\",\"item\":\"https:\/\/www.suno.com.br\/noticias\/\"},{\"@type\":\"ListItem\",\"position\":2,\"name\":\"Pol\u00edtica\",\"item\":\"https:\/\/www.suno.com.br\/noticias\/politica\/\"},{\"@type\":\"ListItem\",\"position\":3,\"name\":\"STF suspende investiga\u00e7\u00e3o sobre Fabr\u00edcio Queiroz\"}]},{\"@type\":\"WebSite\",\"@id\":\"https:\/\/www.suno.com.br\/noticias\/#website\",\"url\":\"https:\/\/www.suno.com.br\/noticias\/\",\"name\":\"Suno Not\u00edcias\",\"description\":\"Seu portal de informa\u00e7\u00e3o sobre o mundo dos investimentos\",\"publisher\":{\"@id\":\"https:\/\/www.suno.com.br\/noticias\/#organization\"},\"potentialAction\":[{\"@type\":\"SearchAction\",\"target\":{\"@type\":\"EntryPoint\",\"urlTemplate\":\"https:\/\/www.suno.com.br\/noticias\/?s={search_term_string}\"},\"query-input\":{\"@type\":\"PropertyValueSpecification\",\"valueRequired\":true,\"valueName\":\"search_term_string\"}}],\"inLanguage\":\"pt-BR\"},{\"@type\":\"Organization\",\"@id\":\"https:\/\/www.suno.com.br\/noticias\/#organization\",\"name\":\"Suno Not\u00edcias\",\"url\":\"https:\/\/www.suno.com.br\/noticias\/\",\"logo\":{\"@type\":\"ImageObject\",\"inLanguage\":\"pt-BR\",\"@id\":\"https:\/\/www.suno.com.br\/noticias\/#\/schema\/logo\/image\/\",\"url\":\"https:\/\/files.sunoresearch.com.br\/n\/uploads\/2021\/09\/suno-logo.png\",\"contentUrl\":\"https:\/\/files.sunoresearch.com.br\/n\/uploads\/2021\/09\/suno-logo.png\",\"width\":180,\"height\":180,\"caption\":\"Suno Not\u00edcias\"},\"image\":{\"@id\":\"https:\/\/www.suno.com.br\/noticias\/#\/schema\/logo\/image\/\"},\"sameAs\":[\"https:\/\/facebook.com\/sunoresearch\",\"https:\/\/x.com\/sunoresearch\",\"https:\/\/www.instagram.com\/suno\",\"https:\/\/www.linkedin.com\/company\/suno-research\/\",\"https:\/\/www.youtube.com\/c\/sunoresearch\"]},{\"@type\":\"Person\",\"@id\":\"https:\/\/www.suno.com.br\/noticias\/#\/schema\/person\/e6e0f723cc177805027f4566c1d5e0c8\",\"name\":\"Carlo Cauti\",\"image\":{\"@type\":\"ImageObject\",\"inLanguage\":\"pt-BR\",\"@id\":\"https:\/\/www.suno.com.br\/noticias\/#\/schema\/person\/image\/\",\"url\":\"https:\/\/secure.gravatar.com\/avatar\/3ada9e0bd164c23abd4792a9606d583c?s=96&r=g\",\"contentUrl\":\"https:\/\/secure.gravatar.com\/avatar\/3ada9e0bd164c23abd4792a9606d583c?s=96&r=g\",\"caption\":\"Carlo Cauti\"},\"description\":\"Editor multim\u00eddia do SUNO Not\u00edcias. Italiano, formado em Ci\u00eancias Pol\u00edticas pela universidade LUISS G. Carli de Roma e mestre cum laude em Rela\u00e7\u00f5es Internacionais, Jornalismo Internacional e de Guerra e em Economia Internacional. Concluiu tamb\u00e9m um MBA em Finan\u00e7as na B3. No Brasil, teve passagem por ve\u00edculos como Estad\u00e3o, Globo, Veja e EXAME. e nas ag\u00eancias de not\u00edcias italianas ANSA e NOVA.\",\"url\":\"https:\/\/www.suno.com.br\/noticias\/author\/carlo-cauti\/\"}]}<\/script>\n<!-- \/ Yoast SEO plugin. -->","yoast_head_json":{"title":"STF suspende investiga\u00e7\u00e3o sobre Fabr\u00edcio Queiroz","description":"O Supremo Tribunal Federal (STF) suspendeu nesta quinta-feira (17) a investiga\u00e7\u00e3o sobre Fabr\u00edcio Queiroz. Clique aqui para saber mais.","robots":{"index":"index","follow":"follow","max-snippet":"max-snippet:-1","max-image-preview":"max-image-preview:large","max-video-preview":"max-video-preview:-1"},"canonical":"https:\/\/www.suno.com.br\/noticias\/stf-suspende-investigacao-fabricio-queiroz\/","og_locale":"pt_BR","og_type":"article","og_title":"STF suspende investiga\u00e7\u00e3o sobre Fabr\u00edcio Queiroz","og_description":"O Supremo Tribunal Federal (STF) suspendeu nesta quinta-feira (17) a investiga\u00e7\u00e3o sobre Fabr\u00edcio Queiroz. Clique aqui para saber mais.","og_url":"https:\/\/www.suno.com.br\/noticias\/stf-suspende-investigacao-fabricio-queiroz\/","og_site_name":"Suno Not\u00edcias","article_publisher":"https:\/\/facebook.com\/sunoresearch","og_image":[{"width":868,"height":644,"url":"https:\/\/files.sunoresearch.com.br\/n\/uploads\/2019\/01\/b0d3b1f7-fabricio-queiroz.png","type":"image\/png"}],"author":"Carlo Cauti","twitter_card":"summary_large_image","twitter_creator":"@sunoresearch","twitter_site":"@sunoresearch","twitter_misc":{"Escrito por":"Carlo Cauti","Est. tempo de leitura":"3 minutos"},"schema":{"@context":"https:\/\/schema.org","@graph":[{"@type":"NewsArticle","@id":"https:\/\/www.suno.com.br\/noticias\/stf-suspende-investigacao-fabricio-queiroz\/#article","isPartOf":{"@id":"https:\/\/www.suno.com.br\/noticias\/stf-suspende-investigacao-fabricio-queiroz\/"},"author":{"name":"Carlo Cauti","@id":"https:\/\/www.suno.com.br\/noticias\/#\/schema\/person\/e6e0f723cc177805027f4566c1d5e0c8"},"headline":"STF suspende investiga\u00e7\u00e3o sobre Fabr\u00edcio Queiroz","datePublished":"2019-01-17T14:53:37+00:00","dateModified":"2019-01-17T16:22:32+00:00","mainEntityOfPage":{"@id":"https:\/\/www.suno.com.br\/noticias\/stf-suspende-investigacao-fabricio-queiroz\/"},"wordCount":689,"publisher":{"@id":"https:\/\/www.suno.com.br\/noticias\/#organization"},"image":{"@id":"https:\/\/www.suno.com.br\/noticias\/stf-suspende-investigacao-fabricio-queiroz\/#primaryimage"},"thumbnailUrl":"https:\/\/files.sunoresearch.com.br\/n\/uploads\/2019\/01\/b0d3b1f7-fabricio-queiroz-png.webp","keywords":["Jair Bolsonaro"],"articleSection":["Pol\u00edtica"],"inLanguage":"pt-BR"},{"@type":"WebPage","@id":"https:\/\/www.suno.com.br\/noticias\/stf-suspende-investigacao-fabricio-queiroz\/","url":"https:\/\/www.suno.com.br\/noticias\/stf-suspende-investigacao-fabricio-queiroz\/","name":"STF suspende investiga\u00e7\u00e3o sobre Fabr\u00edcio Queiroz","isPartOf":{"@id":"https:\/\/www.suno.com.br\/noticias\/#website"},"primaryImageOfPage":{"@id":"https:\/\/www.suno.com.br\/noticias\/stf-suspende-investigacao-fabricio-queiroz\/#primaryimage"},"image":{"@id":"https:\/\/www.suno.com.br\/noticias\/stf-suspende-investigacao-fabricio-queiroz\/#primaryimage"},"thumbnailUrl":"https:\/\/files.sunoresearch.com.br\/n\/uploads\/2019\/01\/b0d3b1f7-fabricio-queiroz-png.webp","datePublished":"2019-01-17T14:53:37+00:00","dateModified":"2019-01-17T16:22:32+00:00","description":"O Supremo Tribunal Federal (STF) suspendeu nesta quinta-feira (17) a investiga\u00e7\u00e3o sobre Fabr\u00edcio Queiroz. Clique aqui para saber mais.","breadcrumb":{"@id":"https:\/\/www.suno.com.br\/noticias\/stf-suspende-investigacao-fabricio-queiroz\/#breadcrumb"},"inLanguage":"pt-BR","potentialAction":[{"@type":"ReadAction","target":["https:\/\/www.suno.com.br\/noticias\/stf-suspende-investigacao-fabricio-queiroz\/"]}]},{"@type":"ImageObject","inLanguage":"pt-BR","@id":"https:\/\/www.suno.com.br\/noticias\/stf-suspende-investigacao-fabricio-queiroz\/#primaryimage","url":"https:\/\/files.sunoresearch.com.br\/n\/uploads\/2019\/01\/b0d3b1f7-fabricio-queiroz-png.webp","contentUrl":"https:\/\/files.sunoresearch.com.br\/n\/uploads\/2019\/01\/b0d3b1f7-fabricio-queiroz-png.webp","width":868,"height":644,"caption":"Fabricio Queiroz"},{"@type":"BreadcrumbList","@id":"https:\/\/www.suno.com.br\/noticias\/stf-suspende-investigacao-fabricio-queiroz\/#breadcrumb","itemListElement":[{"@type":"ListItem","position":1,"name":"Not\u00edcias","item":"https:\/\/www.suno.com.br\/noticias\/"},{"@type":"ListItem","position":2,"name":"Pol\u00edtica","item":"https:\/\/www.suno.com.br\/noticias\/politica\/"},{"@type":"ListItem","position":3,"name":"STF suspende investiga\u00e7\u00e3o sobre Fabr\u00edcio Queiroz"}]},{"@type":"WebSite","@id":"https:\/\/www.suno.com.br\/noticias\/#website","url":"https:\/\/www.suno.com.br\/noticias\/","name":"Suno Not\u00edcias","description":"Seu portal de informa\u00e7\u00e3o sobre o mundo dos investimentos","publisher":{"@id":"https:\/\/www.suno.com.br\/noticias\/#organization"},"potentialAction":[{"@type":"SearchAction","target":{"@type":"EntryPoint","urlTemplate":"https:\/\/www.suno.com.br\/noticias\/?s={search_term_string}"},"query-input":{"@type":"PropertyValueSpecification","valueRequired":true,"valueName":"search_term_string"}}],"inLanguage":"pt-BR"},{"@type":"Organization","@id":"https:\/\/www.suno.com.br\/noticias\/#organization","name":"Suno Not\u00edcias","url":"https:\/\/www.suno.com.br\/noticias\/","logo":{"@type":"ImageObject","inLanguage":"pt-BR","@id":"https:\/\/www.suno.com.br\/noticias\/#\/schema\/logo\/image\/","url":"https:\/\/files.sunoresearch.com.br\/n\/uploads\/2021\/09\/suno-logo.png","contentUrl":"https:\/\/files.sunoresearch.com.br\/n\/uploads\/2021\/09\/suno-logo.png","width":180,"height":180,"caption":"Suno Not\u00edcias"},"image":{"@id":"https:\/\/www.suno.com.br\/noticias\/#\/schema\/logo\/image\/"},"sameAs":["https:\/\/facebook.com\/sunoresearch","https:\/\/x.com\/sunoresearch","https:\/\/www.instagram.com\/suno","https:\/\/www.linkedin.com\/company\/suno-research\/","https:\/\/www.youtube.com\/c\/sunoresearch"]},{"@type":"Person","@id":"https:\/\/www.suno.com.br\/noticias\/#\/schema\/person\/e6e0f723cc177805027f4566c1d5e0c8","name":"Carlo Cauti","image":{"@type":"ImageObject","inLanguage":"pt-BR","@id":"https:\/\/www.suno.com.br\/noticias\/#\/schema\/person\/image\/","url":"https:\/\/secure.gravatar.com\/avatar\/3ada9e0bd164c23abd4792a9606d583c?s=96&r=g","contentUrl":"https:\/\/secure.gravatar.com\/avatar\/3ada9e0bd164c23abd4792a9606d583c?s=96&r=g","caption":"Carlo Cauti"},"description":"Editor multim\u00eddia do SUNO Not\u00edcias. Italiano, formado em Ci\u00eancias Pol\u00edticas pela universidade LUISS G. Carli de Roma e mestre cum laude em Rela\u00e7\u00f5es Internacionais, Jornalismo Internacional e de Guerra e em Economia Internacional. Concluiu tamb\u00e9m um MBA em Finan\u00e7as na B3. No Brasil, teve passagem por ve\u00edculos como Estad\u00e3o, Globo, Veja e EXAME. e nas ag\u00eancias de not\u00edcias italianas ANSA e NOVA.","url":"https:\/\/www.suno.com.br\/noticias\/author\/carlo-cauti\/"}]}},"default_loop_html":"<div class=\"cardsPage__listCard__boxs\"><div class=\"cardsPage__listCard__boxs__img\"><a href=\"https:\/\/www.suno.com.br\/noticias\/stf-suspende-investigacao-fabricio-queiroz\/\"><img class=\"mask\" src=\"https:\/\/www.suno.com.br\/noticias\/wp-content\/themes\/suno\/resources\/images\/spotlight\/spotlight1img\/bg-mask.png\" alt=\"Image Mask\"\/><img src=\"https:\/\/files.sunoresearch.com.br\/n\/uploads\/2019\/01\/b0d3b1f7-fabricio-queiroz-400x200.webp\" alt=\"STF suspende investiga\u00e7\u00e3o sobre Fabr\u00edcio Queiroz\"\/><\/a><span class=\"spotlightCategory\"><a href=\"https:\/\/www.suno.com.br\/noticias\/politica\/\">Pol\u00edtica<\/a><\/span><\/div><div class=\"cardsPage__listCard__boxs__content\"><a href=\"https:\/\/www.suno.com.br\/noticias\/stf-suspende-investigacao-fabricio-queiroz\/\"><h2 class=\"content__title\">STF suspende investiga\u00e7\u00e3o sobre Fabr\u00edcio Queiroz<\/h2><\/a><div class=\"newsContent__article__meta\"><div class=\"newsContent__article__meta__authorBox\"><a href=\"https:\/\/www.suno.com.br\/noticias\/author\/carlo-cauti\/\" class=\"authorBox__avatar noMobi\"><img src=\"https:\/\/files.sunoresearch.com.br\/n\/uploads\/2020\/08\/e3745f9a-perfil-carlo-cauti-150x150.webp\" alt=\"Carlo Cauti\"><\/a><div class=\"authorBox__name\"><span>por\n\t\t\t<a href=\"https:\/\/www.suno.com.br\/noticias\/author\/carlo-cauti\/\"><span itemprop=\"author\">Carlo Cauti<\/span><\/a><\/span><time datetime=\"2019-01-17T12:53:37-02:00\" itemprop=\"datePublished\">17\/01\/2019 12:53<\/time><\/div><\/div><\/div><\/div><\/div>","single_layout":"posts","amp_enabled":true,"_links":{"self":[{"href":"https:\/\/www.suno.com.br\/noticias\/wp-json\/wp\/v2\/posts\/12076"}],"collection":[{"href":"https:\/\/www.suno.com.br\/noticias\/wp-json\/wp\/v2\/posts"}],"about":[{"href":"https:\/\/www.suno.com.br\/noticias\/wp-json\/wp\/v2\/types\/post"}],"author":[{"embeddable":true,"href":"https:\/\/www.suno.com.br\/noticias\/wp-json\/wp\/v2\/users\/9"}],"replies":[{"embeddable":true,"href":"https:\/\/www.suno.com.br\/noticias\/wp-json\/wp\/v2\/comments?post=12076"}],"version-history":[{"count":0,"href":"https:\/\/www.suno.com.br\/noticias\/wp-json\/wp\/v2\/posts\/12076\/revisions"}],"wp:featuredmedia":[{"embeddable":true,"href":"https:\/\/www.suno.com.br\/noticias\/wp-json\/wp\/v2\/media\/12078"}],"wp:attachment":[{"href":"https:\/\/www.suno.com.br\/noticias\/wp-json\/wp\/v2\/media?parent=12076"}],"wp:term":[{"taxonomy":"category","embeddable":true,"href":"https:\/\/www.suno.com.br\/noticias\/wp-json\/wp\/v2\/categories?post=12076"},{"taxonomy":"post_tag","embeddable":true,"href":"https:\/\/www.suno.com.br\/noticias\/wp-json\/wp\/v2\/tags?post=12076"},{"taxonomy":"suno_strategy","embeddable":true,"href":"https:\/\/www.suno.com.br\/noticias\/wp-json\/wp\/v2\/suno_strategy?post=12076"}],"curies":[{"name":"wp","href":"https:\/\/api.w.org\/{rel}","templated":true}]}}