{"id":12075,"date":"2019-01-17T13:37:03","date_gmt":"2019-01-17T15:37:03","guid":{"rendered":"https:\/\/www.suno.com.br\/noticias\/?p=12075"},"modified":"2019-01-17T13:39:28","modified_gmt":"2019-01-17T15:39:28","slug":"agu-antt-recorrer-isencao-fiesp-tabela-frete","status":"publish","type":"post","link":"https:\/\/www.suno.com.br\/noticias\/agu-antt-recorrer-isencao-fiesp-tabela-frete\/","title":{"rendered":"AGU e ANTT v\u00e3o recorrer da isen\u00e7\u00e3o dada \u00e0 Fiesp sobre a tabela de frete"},"content":{"rendered":"<p>A procuradoria da Ag\u00eancia Nacional de Transportes Terrestres (ANTT) e a Advocacia-Geral da Uni\u00e3o (AGU) v\u00e3o recorrer da decis\u00e3o que isenta, as empresas associadas \u00e0 Fiesp, de multa por descumprimento da tabela de frete, de acordo com o comunicado da ag\u00eancia de transportes, nesta quinta-feira (17).<\/p>\t<div class=\"wrapper-featured-image\">\n\t\t<figure class=\"spotlightImg\">\n\n\t\t\t<picture>\n\t\t\t\t<source media=\"(max-width: 768px)\" srcset=\"https:\/\/files.sunoresearch.com.br\/n\/uploads\/2019\/01\/cae6dd73-tabela-de-frete-400x200.webp\">\n\t\t\t\t<img loading=\"lazy\" decoding=\"async\" class=\"newsContent__article__imgCapa lazyloadDisabled newsContent__article__imgCapa--noCaption\" src=\"https:\/\/files.sunoresearch.com.br\/n\/uploads\/2019\/01\/cae6dd73-tabela-de-frete-800x450.webp\" width=\"800\" height=\"450\" alt=\"AGU e ANTT v\u00e3o recorrer da isen\u00e7\u00e3o dada \u00e0 Fiesp sobre a tabela de frete\" fetchpriority=high \/>\n\t\t\t<\/picture>\n\n\t\t\t<figcaption class=\"wp-caption-text wp-caption-text--hide\">AGU e ANTT v\u00e3o recorrer da isen\u00e7\u00e3o dada \u00e0 Fiesp sobre a tabela de frete<\/figcaption>\n\t\t<\/figure>\n\t<\/div>\n\n\n<p>A Federa\u00e7\u00e3o das Ind\u00fastrias do Estado de SP (<strong>Fiesp<\/strong>), conseguiu uma liminar que suspende os efeitos do descumprimento da<strong> tabela de frete<\/strong>\u00a0para suas associadas na <strong>Justi\u00e7a Federal do Distrito<\/strong>.<\/p>\n<p>A decis\u00e3o provis\u00f3ria foi concedida pelo juiz federal substituto da 8\u00aa Vara do Distrito Federal, M\u00e1rcio de Fran\u00e7a Moreira.<\/p>\n<h2>Concess\u00e3o da Liminar<\/h2>\n<p>De acordo com a Fiesp, os novos requisitos cobrados por lei n\u00e3o estavam presentes na Medida Provis\u00f3ria (MP) editada pelo ex-presidente Michel Temer, durante a <strong>greve dos caminhoneiros<\/strong>.<\/p>\n<p>Em consequ\u00eancia disso, a nova resolu\u00e7\u00e3o da ANTT fixa os pre\u00e7os de frete de forma incompat\u00edvel com a nova legisla\u00e7\u00e3o, afirmou a Federa\u00e7\u00e3o.<\/p>\n<p>No entanto, Moreira<span style=\"font-size: 19.4286px;\">\u00a0aceitou os argumentos apresentados e concedeu a liminar.\u00a0<\/span>&#8220;At\u00e9 a edi\u00e7\u00e3o de nova resolu\u00e7\u00e3o que atenda aos procedimentos previstos nas normas mencionadas, n\u00e3o h\u00e1 como observar o tabelamento de pre\u00e7os na forma definida pela resolu\u00e7\u00e3o revogada&#8221;.<\/p>\n<p><a href=\"https:\/\/www.suno.com.br\/noticias\/empresas-ligadas-fiesp-isentas-multa\/\">Saiba mais:\u00a0Empresas ligadas \u00e0 Fiesp ficam isentas de multa da tabela de frete<\/a><\/p>\n<p>De acordo com comunicado da ag\u00eancia que cuida dos transportes terrestres,\u00a0\u201ca <strong>ANTT<\/strong> cumprir\u00e1 o determinado na liminar e a procuradoria da Ag\u00eancia junto \u00e0 <strong>AGU<\/strong> ir\u00e1 recorrer da decis\u00e3o\u201d.<\/p>\n<p>A <strong>tabela de frete<\/strong> foi criada atrav\u00e9s da medida provis\u00f3ria n\u00ba 832\/2018. No entanto, foi regulamentada pela ANTT e convertida na lei n\u00ba 13.703\/2018.<\/p>\n<h2><b>Tabela de frete e multas<\/b><\/h2>\n<p>Como medida para encerrar a greve dos caminhoneiros que paralisou todo o pa\u00eds por 11 dias em 2018, o ent\u00e3o presidente <strong>Michel Temer editou<\/strong> uma\u00a0<strong>Medida Provis\u00f3ria<\/strong> (MP) referente ao <strong>fretamento terrestre<\/strong>.<\/p>\n<p>Desta forma, com a edi\u00e7\u00e3o da MP 832 foi e a cria\u00e7\u00e3o da Resolu\u00e7\u00e3o 5.820 pela ANTT, foi determinada uma pol\u00edtica de pre\u00e7os m\u00ednimos para o frete.<\/p>\n<p>No entanto, caso seja descumprida, a empresa ser\u00e1 notificada entre R$ 550 a R$10.500. No caso do transportador a multa \u00e9 de R$ 550.<\/p>\n<h2>Frete no Supremo Tribunal Federal<\/h2>\n<p>A<strong> tabela de frete<\/strong> rodovi\u00e1rio est\u00e1 sendo contestada no <strong>Supremo Tribunal Federal (STF)<\/strong>. Em dezembro, o ministro Luiz Fux, havia suspendido uma liminar relativa a aplica\u00e7\u00e3o de <strong>multas<\/strong> para quem descumprisse a tabela, mas acabou voltando atr\u00e1s da decis\u00e3o. Atualmente, Fux \u00e9 o relator de a\u00e7\u00f5es contr\u00e1rias a aplica\u00e7\u00e3o da tabela.<\/p>\n","protected":false},"excerpt":{"rendered":"<p>A procuradoria da Ag\u00eancia Nacional de Transportes Terrestres (ANTT) e a Advocacia-Geral da Uni\u00e3o (AGU) v\u00e3o recorrer da decis\u00e3o que isenta, as empresas associadas \u00e0 Fiesp, de multa por descumprimento da tabela de frete, de acordo com o comunicado da ag\u00eancia de transportes, nesta quinta-feira (17). AGU e ANTT v\u00e3o recorrer da isen\u00e7\u00e3o dada \u00e0 [&hellip;]<\/p>\n","protected":false},"author":11,"featured_media":12092,"comment_status":"closed","ping_status":"closed","sticky":false,"template":"","format":"standard","meta":[],"categories":[61],"tags":[859,833,734,785],"suno_strategy":[],"class_list":["post-12075","post","type-post","status-publish","format-standard","has-post-thumbnail","hentry","category-politica","tag-fretes","tag-greve-dos-caminhoneiros","tag-michel-temer","tag-supremo-tribunal-federal-stf"],"yoast_head":"<!-- This site is optimized with the Yoast SEO plugin v24.4 - https:\/\/yoast.com\/wordpress\/plugins\/seo\/ -->\n<title>AGU e ANTT v\u00e3o recorrer da isen\u00e7\u00e3o dada \u00e0 Fiesp sobre a tabela de frete<\/title>\n<meta name=\"description\" content=\"Fiesp conseguiu uma isen\u00e7\u00e3o para suas associadas que descumpriram a tabela de frete; Tabela \u00e9 contestada no STF. Clique para saber mais\" \/>\n<meta name=\"robots\" content=\"index, follow, max-snippet:-1, max-image-preview:large, max-video-preview:-1\" \/>\n<link rel=\"canonical\" href=\"https:\/\/www.suno.com.br\/noticias\/agu-antt-recorrer-isencao-fiesp-tabela-frete\/\" \/>\n<meta property=\"og:locale\" content=\"pt_BR\" \/>\n<meta property=\"og:type\" content=\"article\" \/>\n<meta property=\"og:title\" content=\"AGU e ANTT v\u00e3o recorrer da isen\u00e7\u00e3o dada \u00e0 Fiesp sobre a tabela de frete\" \/>\n<meta property=\"og:description\" content=\"Fiesp conseguiu uma isen\u00e7\u00e3o para suas associadas que descumpriram a tabela de frete; Tabela \u00e9 contestada no STF. Clique para saber mais\" \/>\n<meta property=\"og:url\" content=\"https:\/\/www.suno.com.br\/noticias\/agu-antt-recorrer-isencao-fiesp-tabela-frete\/\" \/>\n<meta property=\"og:site_name\" content=\"Suno Not\u00edcias\" \/>\n<meta property=\"article:publisher\" content=\"https:\/\/facebook.com\/sunoresearch\" \/>\n<meta property=\"og:image\" content=\"https:\/\/files.sunoresearch.com.br\/n\/uploads\/2019\/01\/cae6dd73-tabela-de-frete.jpg\" \/>\n\t<meta property=\"og:image:width\" content=\"1140\" \/>\n\t<meta property=\"og:image:height\" content=\"760\" \/>\n\t<meta property=\"og:image:type\" content=\"image\/jpeg\" \/>\n<meta name=\"author\" content=\"Renan Bandeira\" \/>\n<meta name=\"twitter:card\" content=\"summary_large_image\" \/>\n<meta name=\"twitter:creator\" content=\"@sunoresearch\" \/>\n<meta name=\"twitter:site\" content=\"@sunoresearch\" \/>\n<meta name=\"twitter:label1\" content=\"Escrito por\" \/>\n\t<meta name=\"twitter:data1\" content=\"Renan Bandeira\" \/>\n\t<meta name=\"twitter:label2\" content=\"Est. tempo de leitura\" \/>\n\t<meta name=\"twitter:data2\" content=\"2 minutos\" \/>\n<script type=\"application\/ld+json\" class=\"yoast-schema-graph\">{\"@context\":\"https:\/\/schema.org\",\"@graph\":[{\"@type\":\"NewsArticle\",\"@id\":\"https:\/\/www.suno.com.br\/noticias\/agu-antt-recorrer-isencao-fiesp-tabela-frete\/#article\",\"isPartOf\":{\"@id\":\"https:\/\/www.suno.com.br\/noticias\/agu-antt-recorrer-isencao-fiesp-tabela-frete\/\"},\"author\":{\"name\":\"Renan Bandeira\",\"@id\":\"https:\/\/www.suno.com.br\/noticias\/#\/schema\/person\/fc144a1c6108bd1dcd43784e88a3c138\"},\"headline\":\"AGU e ANTT v\u00e3o recorrer da isen\u00e7\u00e3o dada \u00e0 Fiesp sobre a tabela de frete\",\"datePublished\":\"2019-01-17T15:37:03+00:00\",\"dateModified\":\"2019-01-17T15:39:28+00:00\",\"mainEntityOfPage\":{\"@id\":\"https:\/\/www.suno.com.br\/noticias\/agu-antt-recorrer-isencao-fiesp-tabela-frete\/\"},\"wordCount\":448,\"publisher\":{\"@id\":\"https:\/\/www.suno.com.br\/noticias\/#organization\"},\"image\":{\"@id\":\"https:\/\/www.suno.com.br\/noticias\/agu-antt-recorrer-isencao-fiesp-tabela-frete\/#primaryimage\"},\"thumbnailUrl\":\"https:\/\/files.sunoresearch.com.br\/n\/uploads\/2019\/01\/cae6dd73-tabela-de-frete-jpg.webp\",\"keywords\":[\"fretes\",\"greve dos caminhoneiros\",\"Michel Temer\",\"Supremo Tribunal Federal (STF)\"],\"articleSection\":[\"Pol\u00edtica\"],\"inLanguage\":\"pt-BR\"},{\"@type\":\"WebPage\",\"@id\":\"https:\/\/www.suno.com.br\/noticias\/agu-antt-recorrer-isencao-fiesp-tabela-frete\/\",\"url\":\"https:\/\/www.suno.com.br\/noticias\/agu-antt-recorrer-isencao-fiesp-tabela-frete\/\",\"name\":\"AGU e ANTT v\u00e3o recorrer da isen\u00e7\u00e3o dada \u00e0 Fiesp sobre a tabela de frete\",\"isPartOf\":{\"@id\":\"https:\/\/www.suno.com.br\/noticias\/#website\"},\"primaryImageOfPage\":{\"@id\":\"https:\/\/www.suno.com.br\/noticias\/agu-antt-recorrer-isencao-fiesp-tabela-frete\/#primaryimage\"},\"image\":{\"@id\":\"https:\/\/www.suno.com.br\/noticias\/agu-antt-recorrer-isencao-fiesp-tabela-frete\/#primaryimage\"},\"thumbnailUrl\":\"https:\/\/files.sunoresearch.com.br\/n\/uploads\/2019\/01\/cae6dd73-tabela-de-frete-jpg.webp\",\"datePublished\":\"2019-01-17T15:37:03+00:00\",\"dateModified\":\"2019-01-17T15:39:28+00:00\",\"description\":\"Fiesp conseguiu uma isen\u00e7\u00e3o para suas associadas que descumpriram a tabela de frete; Tabela \u00e9 contestada no STF. Clique para saber mais\",\"breadcrumb\":{\"@id\":\"https:\/\/www.suno.com.br\/noticias\/agu-antt-recorrer-isencao-fiesp-tabela-frete\/#breadcrumb\"},\"inLanguage\":\"pt-BR\",\"potentialAction\":[{\"@type\":\"ReadAction\",\"target\":[\"https:\/\/www.suno.com.br\/noticias\/agu-antt-recorrer-isencao-fiesp-tabela-frete\/\"]}]},{\"@type\":\"ImageObject\",\"inLanguage\":\"pt-BR\",\"@id\":\"https:\/\/www.suno.com.br\/noticias\/agu-antt-recorrer-isencao-fiesp-tabela-frete\/#primaryimage\",\"url\":\"https:\/\/files.sunoresearch.com.br\/n\/uploads\/2019\/01\/cae6dd73-tabela-de-frete-jpg.webp\",\"contentUrl\":\"https:\/\/files.sunoresearch.com.br\/n\/uploads\/2019\/01\/cae6dd73-tabela-de-frete-jpg.webp\",\"width\":1140,\"height\":760,\"caption\":\"AGU e ANTT v\u00e3o recorrer da isen\u00e7\u00e3o dada \u00e0 Fiesp sobre a tabela de frete\"},{\"@type\":\"BreadcrumbList\",\"@id\":\"https:\/\/www.suno.com.br\/noticias\/agu-antt-recorrer-isencao-fiesp-tabela-frete\/#breadcrumb\",\"itemListElement\":[{\"@type\":\"ListItem\",\"position\":1,\"name\":\"Not\u00edcias\",\"item\":\"https:\/\/www.suno.com.br\/noticias\/\"},{\"@type\":\"ListItem\",\"position\":2,\"name\":\"Pol\u00edtica\",\"item\":\"https:\/\/www.suno.com.br\/noticias\/politica\/\"},{\"@type\":\"ListItem\",\"position\":3,\"name\":\"AGU e ANTT v\u00e3o recorrer da isen\u00e7\u00e3o dada \u00e0 Fiesp sobre a tabela de frete\"}]},{\"@type\":\"WebSite\",\"@id\":\"https:\/\/www.suno.com.br\/noticias\/#website\",\"url\":\"https:\/\/www.suno.com.br\/noticias\/\",\"name\":\"Suno Not\u00edcias\",\"description\":\"Seu portal de informa\u00e7\u00e3o sobre o mundo dos investimentos\",\"publisher\":{\"@id\":\"https:\/\/www.suno.com.br\/noticias\/#organization\"},\"potentialAction\":[{\"@type\":\"SearchAction\",\"target\":{\"@type\":\"EntryPoint\",\"urlTemplate\":\"https:\/\/www.suno.com.br\/noticias\/?s={search_term_string}\"},\"query-input\":{\"@type\":\"PropertyValueSpecification\",\"valueRequired\":true,\"valueName\":\"search_term_string\"}}],\"inLanguage\":\"pt-BR\"},{\"@type\":\"Organization\",\"@id\":\"https:\/\/www.suno.com.br\/noticias\/#organization\",\"name\":\"Suno Not\u00edcias\",\"url\":\"https:\/\/www.suno.com.br\/noticias\/\",\"logo\":{\"@type\":\"ImageObject\",\"inLanguage\":\"pt-BR\",\"@id\":\"https:\/\/www.suno.com.br\/noticias\/#\/schema\/logo\/image\/\",\"url\":\"https:\/\/files.sunoresearch.com.br\/n\/uploads\/2021\/09\/suno-logo.png\",\"contentUrl\":\"https:\/\/files.sunoresearch.com.br\/n\/uploads\/2021\/09\/suno-logo.png\",\"width\":180,\"height\":180,\"caption\":\"Suno Not\u00edcias\"},\"image\":{\"@id\":\"https:\/\/www.suno.com.br\/noticias\/#\/schema\/logo\/image\/\"},\"sameAs\":[\"https:\/\/facebook.com\/sunoresearch\",\"https:\/\/x.com\/sunoresearch\",\"https:\/\/www.instagram.com\/suno\",\"https:\/\/www.linkedin.com\/company\/suno-research\/\",\"https:\/\/www.youtube.com\/c\/sunoresearch\"]},{\"@type\":\"Person\",\"@id\":\"https:\/\/www.suno.com.br\/noticias\/#\/schema\/person\/fc144a1c6108bd1dcd43784e88a3c138\",\"name\":\"Renan Bandeira\",\"image\":{\"@type\":\"ImageObject\",\"inLanguage\":\"pt-BR\",\"@id\":\"https:\/\/www.suno.com.br\/noticias\/#\/schema\/person\/image\/\",\"url\":\"https:\/\/secure.gravatar.com\/avatar\/68359cdb608f14f11bbefcb78f3fc747?s=96&r=g\",\"contentUrl\":\"https:\/\/secure.gravatar.com\/avatar\/68359cdb608f14f11bbefcb78f3fc747?s=96&r=g\",\"caption\":\"Renan Bandeira\"},\"description\":\"Renan Bandeira escreve sobre pol\u00edtica e economia para o portal da Suno Research. Antes da Suno, trabalhou em uma rede de televis\u00e3o, onde fazia reportagens sobre os mesmos temas. Estuda na Universidade Metodista de S\u00e3o Paulo.\",\"url\":\"https:\/\/www.suno.com.br\/noticias\/author\/renan-bandeira\/\"}]}<\/script>\n<!-- \/ Yoast SEO plugin. -->","yoast_head_json":{"title":"AGU e ANTT v\u00e3o recorrer da isen\u00e7\u00e3o dada \u00e0 Fiesp sobre a tabela de frete","description":"Fiesp conseguiu uma isen\u00e7\u00e3o para suas associadas que descumpriram a tabela de frete; Tabela \u00e9 contestada no STF. Clique para saber mais","robots":{"index":"index","follow":"follow","max-snippet":"max-snippet:-1","max-image-preview":"max-image-preview:large","max-video-preview":"max-video-preview:-1"},"canonical":"https:\/\/www.suno.com.br\/noticias\/agu-antt-recorrer-isencao-fiesp-tabela-frete\/","og_locale":"pt_BR","og_type":"article","og_title":"AGU e ANTT v\u00e3o recorrer da isen\u00e7\u00e3o dada \u00e0 Fiesp sobre a tabela de frete","og_description":"Fiesp conseguiu uma isen\u00e7\u00e3o para suas associadas que descumpriram a tabela de frete; Tabela \u00e9 contestada no STF. Clique para saber mais","og_url":"https:\/\/www.suno.com.br\/noticias\/agu-antt-recorrer-isencao-fiesp-tabela-frete\/","og_site_name":"Suno Not\u00edcias","article_publisher":"https:\/\/facebook.com\/sunoresearch","og_image":[{"width":1140,"height":760,"url":"https:\/\/files.sunoresearch.com.br\/n\/uploads\/2019\/01\/cae6dd73-tabela-de-frete.jpg","type":"image\/jpeg"}],"author":"Renan Bandeira","twitter_card":"summary_large_image","twitter_creator":"@sunoresearch","twitter_site":"@sunoresearch","twitter_misc":{"Escrito por":"Renan Bandeira","Est. tempo de leitura":"2 minutos"},"schema":{"@context":"https:\/\/schema.org","@graph":[{"@type":"NewsArticle","@id":"https:\/\/www.suno.com.br\/noticias\/agu-antt-recorrer-isencao-fiesp-tabela-frete\/#article","isPartOf":{"@id":"https:\/\/www.suno.com.br\/noticias\/agu-antt-recorrer-isencao-fiesp-tabela-frete\/"},"author":{"name":"Renan Bandeira","@id":"https:\/\/www.suno.com.br\/noticias\/#\/schema\/person\/fc144a1c6108bd1dcd43784e88a3c138"},"headline":"AGU e ANTT v\u00e3o recorrer da isen\u00e7\u00e3o dada \u00e0 Fiesp sobre a tabela de frete","datePublished":"2019-01-17T15:37:03+00:00","dateModified":"2019-01-17T15:39:28+00:00","mainEntityOfPage":{"@id":"https:\/\/www.suno.com.br\/noticias\/agu-antt-recorrer-isencao-fiesp-tabela-frete\/"},"wordCount":448,"publisher":{"@id":"https:\/\/www.suno.com.br\/noticias\/#organization"},"image":{"@id":"https:\/\/www.suno.com.br\/noticias\/agu-antt-recorrer-isencao-fiesp-tabela-frete\/#primaryimage"},"thumbnailUrl":"https:\/\/files.sunoresearch.com.br\/n\/uploads\/2019\/01\/cae6dd73-tabela-de-frete-jpg.webp","keywords":["fretes","greve dos caminhoneiros","Michel Temer","Supremo Tribunal Federal (STF)"],"articleSection":["Pol\u00edtica"],"inLanguage":"pt-BR"},{"@type":"WebPage","@id":"https:\/\/www.suno.com.br\/noticias\/agu-antt-recorrer-isencao-fiesp-tabela-frete\/","url":"https:\/\/www.suno.com.br\/noticias\/agu-antt-recorrer-isencao-fiesp-tabela-frete\/","name":"AGU e ANTT v\u00e3o recorrer da isen\u00e7\u00e3o dada \u00e0 Fiesp sobre a tabela de frete","isPartOf":{"@id":"https:\/\/www.suno.com.br\/noticias\/#website"},"primaryImageOfPage":{"@id":"https:\/\/www.suno.com.br\/noticias\/agu-antt-recorrer-isencao-fiesp-tabela-frete\/#primaryimage"},"image":{"@id":"https:\/\/www.suno.com.br\/noticias\/agu-antt-recorrer-isencao-fiesp-tabela-frete\/#primaryimage"},"thumbnailUrl":"https:\/\/files.sunoresearch.com.br\/n\/uploads\/2019\/01\/cae6dd73-tabela-de-frete-jpg.webp","datePublished":"2019-01-17T15:37:03+00:00","dateModified":"2019-01-17T15:39:28+00:00","description":"Fiesp conseguiu uma isen\u00e7\u00e3o para suas associadas que descumpriram a tabela de frete; Tabela \u00e9 contestada no STF. Clique para saber mais","breadcrumb":{"@id":"https:\/\/www.suno.com.br\/noticias\/agu-antt-recorrer-isencao-fiesp-tabela-frete\/#breadcrumb"},"inLanguage":"pt-BR","potentialAction":[{"@type":"ReadAction","target":["https:\/\/www.suno.com.br\/noticias\/agu-antt-recorrer-isencao-fiesp-tabela-frete\/"]}]},{"@type":"ImageObject","inLanguage":"pt-BR","@id":"https:\/\/www.suno.com.br\/noticias\/agu-antt-recorrer-isencao-fiesp-tabela-frete\/#primaryimage","url":"https:\/\/files.sunoresearch.com.br\/n\/uploads\/2019\/01\/cae6dd73-tabela-de-frete-jpg.webp","contentUrl":"https:\/\/files.sunoresearch.com.br\/n\/uploads\/2019\/01\/cae6dd73-tabela-de-frete-jpg.webp","width":1140,"height":760,"caption":"AGU e ANTT v\u00e3o recorrer da isen\u00e7\u00e3o dada \u00e0 Fiesp sobre a tabela de frete"},{"@type":"BreadcrumbList","@id":"https:\/\/www.suno.com.br\/noticias\/agu-antt-recorrer-isencao-fiesp-tabela-frete\/#breadcrumb","itemListElement":[{"@type":"ListItem","position":1,"name":"Not\u00edcias","item":"https:\/\/www.suno.com.br\/noticias\/"},{"@type":"ListItem","position":2,"name":"Pol\u00edtica","item":"https:\/\/www.suno.com.br\/noticias\/politica\/"},{"@type":"ListItem","position":3,"name":"AGU e ANTT v\u00e3o recorrer da isen\u00e7\u00e3o dada \u00e0 Fiesp sobre a tabela de frete"}]},{"@type":"WebSite","@id":"https:\/\/www.suno.com.br\/noticias\/#website","url":"https:\/\/www.suno.com.br\/noticias\/","name":"Suno Not\u00edcias","description":"Seu portal de informa\u00e7\u00e3o sobre o mundo dos investimentos","publisher":{"@id":"https:\/\/www.suno.com.br\/noticias\/#organization"},"potentialAction":[{"@type":"SearchAction","target":{"@type":"EntryPoint","urlTemplate":"https:\/\/www.suno.com.br\/noticias\/?s={search_term_string}"},"query-input":{"@type":"PropertyValueSpecification","valueRequired":true,"valueName":"search_term_string"}}],"inLanguage":"pt-BR"},{"@type":"Organization","@id":"https:\/\/www.suno.com.br\/noticias\/#organization","name":"Suno Not\u00edcias","url":"https:\/\/www.suno.com.br\/noticias\/","logo":{"@type":"ImageObject","inLanguage":"pt-BR","@id":"https:\/\/www.suno.com.br\/noticias\/#\/schema\/logo\/image\/","url":"https:\/\/files.sunoresearch.com.br\/n\/uploads\/2021\/09\/suno-logo.png","contentUrl":"https:\/\/files.sunoresearch.com.br\/n\/uploads\/2021\/09\/suno-logo.png","width":180,"height":180,"caption":"Suno Not\u00edcias"},"image":{"@id":"https:\/\/www.suno.com.br\/noticias\/#\/schema\/logo\/image\/"},"sameAs":["https:\/\/facebook.com\/sunoresearch","https:\/\/x.com\/sunoresearch","https:\/\/www.instagram.com\/suno","https:\/\/www.linkedin.com\/company\/suno-research\/","https:\/\/www.youtube.com\/c\/sunoresearch"]},{"@type":"Person","@id":"https:\/\/www.suno.com.br\/noticias\/#\/schema\/person\/fc144a1c6108bd1dcd43784e88a3c138","name":"Renan Bandeira","image":{"@type":"ImageObject","inLanguage":"pt-BR","@id":"https:\/\/www.suno.com.br\/noticias\/#\/schema\/person\/image\/","url":"https:\/\/secure.gravatar.com\/avatar\/68359cdb608f14f11bbefcb78f3fc747?s=96&r=g","contentUrl":"https:\/\/secure.gravatar.com\/avatar\/68359cdb608f14f11bbefcb78f3fc747?s=96&r=g","caption":"Renan Bandeira"},"description":"Renan Bandeira escreve sobre pol\u00edtica e economia para o portal da Suno Research. Antes da Suno, trabalhou em uma rede de televis\u00e3o, onde fazia reportagens sobre os mesmos temas. Estuda na Universidade Metodista de S\u00e3o Paulo.","url":"https:\/\/www.suno.com.br\/noticias\/author\/renan-bandeira\/"}]}},"default_loop_html":"<div class=\"cardsPage__listCard__boxs\"><div class=\"cardsPage__listCard__boxs__img\"><a href=\"https:\/\/www.suno.com.br\/noticias\/agu-antt-recorrer-isencao-fiesp-tabela-frete\/\"><img class=\"mask\" src=\"https:\/\/www.suno.com.br\/noticias\/wp-content\/themes\/suno\/resources\/images\/spotlight\/spotlight1img\/bg-mask.png\" alt=\"Image Mask\"\/><img src=\"https:\/\/files.sunoresearch.com.br\/n\/uploads\/2019\/01\/cae6dd73-tabela-de-frete-400x200.webp\" alt=\"AGU e ANTT v\u00e3o recorrer da isen\u00e7\u00e3o dada \u00e0 Fiesp sobre a tabela de frete\"\/><\/a><span class=\"spotlightCategory\"><a href=\"https:\/\/www.suno.com.br\/noticias\/politica\/\">Pol\u00edtica<\/a><\/span><\/div><div class=\"cardsPage__listCard__boxs__content\"><a href=\"https:\/\/www.suno.com.br\/noticias\/agu-antt-recorrer-isencao-fiesp-tabela-frete\/\"><h2 class=\"content__title\">AGU e ANTT v\u00e3o recorrer da isen\u00e7\u00e3o dada \u00e0 Fiesp sobre a tabela de frete<\/h2><\/a><div class=\"newsContent__article__meta\"><div class=\"newsContent__article__meta__authorBox\"><a href=\"https:\/\/www.suno.com.br\/noticias\/author\/renan-bandeira\/\" class=\"authorBox__avatar noMobi\"><img src=\"https:\/\/secure.gravatar.com\/avatar\/68359cdb608f14f11bbefcb78f3fc747?s=96&#038;r=g\" alt=\"Renan Bandeira\"><\/a><div class=\"authorBox__name\"><span>por\n\t\t\t<a href=\"https:\/\/www.suno.com.br\/noticias\/author\/renan-bandeira\/\"><span itemprop=\"author\">Renan Bandeira<\/span><\/a><\/span><time datetime=\"2019-01-17T13:37:03-02:00\" itemprop=\"datePublished\">17\/01\/2019 13:37<\/time><\/div><\/div><\/div><\/div><\/div>","single_layout":"posts","amp_enabled":true,"_links":{"self":[{"href":"https:\/\/www.suno.com.br\/noticias\/wp-json\/wp\/v2\/posts\/12075"}],"collection":[{"href":"https:\/\/www.suno.com.br\/noticias\/wp-json\/wp\/v2\/posts"}],"about":[{"href":"https:\/\/www.suno.com.br\/noticias\/wp-json\/wp\/v2\/types\/post"}],"author":[{"embeddable":true,"href":"https:\/\/www.suno.com.br\/noticias\/wp-json\/wp\/v2\/users\/11"}],"replies":[{"embeddable":true,"href":"https:\/\/www.suno.com.br\/noticias\/wp-json\/wp\/v2\/comments?post=12075"}],"version-history":[{"count":0,"href":"https:\/\/www.suno.com.br\/noticias\/wp-json\/wp\/v2\/posts\/12075\/revisions"}],"wp:featuredmedia":[{"embeddable":true,"href":"https:\/\/www.suno.com.br\/noticias\/wp-json\/wp\/v2\/media\/12092"}],"wp:attachment":[{"href":"https:\/\/www.suno.com.br\/noticias\/wp-json\/wp\/v2\/media?parent=12075"}],"wp:term":[{"taxonomy":"category","embeddable":true,"href":"https:\/\/www.suno.com.br\/noticias\/wp-json\/wp\/v2\/categories?post=12075"},{"taxonomy":"post_tag","embeddable":true,"href":"https:\/\/www.suno.com.br\/noticias\/wp-json\/wp\/v2\/tags?post=12075"},{"taxonomy":"suno_strategy","embeddable":true,"href":"https:\/\/www.suno.com.br\/noticias\/wp-json\/wp\/v2\/suno_strategy?post=12075"}],"curies":[{"name":"wp","href":"https:\/\/api.w.org\/{rel}","templated":true}]}}