{"id":120563,"date":"2021-02-10T18:33:46","date_gmt":"2021-02-10T21:33:46","guid":{"rendered":"https:\/\/www.suno.com.br\/noticias\/?p=120563"},"modified":"2021-05-29T20:37:09","modified_gmt":"2021-05-29T23:37:09","slug":"ibovespa-fecha-queda-087-10022021","status":"publish","type":"post","link":"https:\/\/www.suno.com.br\/noticias\/ibovespa-fecha-queda-087-10022021\/","title":{"rendered":"Ibovespa fecha em queda de 0,87%, a 118.435 pontos"},"content":{"rendered":"<p>O\u00a0<span style=\"font-weight: 700 !important;\">Ibovespa\u00a0<\/span>encerrou o preg\u00e3o desta ter\u00e7a-feira (9) em queda de 0,87%, a 118.435,33 pontos<\/p>\t<div class=\"wrapper-featured-image\">\n\t\t<figure class=\"spotlightImg\">\n\n\t\t\t<picture>\n\t\t\t\t<source media=\"(max-width: 768px)\" srcset=\"https:\/\/files.sunoresearch.com.br\/n\/uploads\/2021\/02\/c05e2f54-ibovespa-800x450-1-400x200.webp\">\n\t\t\t\t<img loading=\"lazy\" decoding=\"async\" class=\"newsContent__article__imgCapa lazyloadDisabled \" src=\"https:\/\/files.sunoresearch.com.br\/n\/uploads\/2021\/02\/c05e2f54-ibovespa-800x450-1-jpg.webp\" width=\"800\" height=\"450\" alt=\"Ibovespa fecha em queda de 0,87%, a 118.435 pontos\" fetchpriority=high \/>\n\t\t\t<\/picture>\n\n\t\t\t<figcaption class=\"wp-caption-text wp-caption-text--show\">Ibovespa fecha em queda de 0,87%, a 118.435 pontos<\/figcaption>\n\t\t<\/figure>\n\t<\/div>\n\n\n\t<p>\n\t\t<a href=\"https:\/\/lp.suno.com.br\/planilha-controle-gastos\/\" target=\"_blank\" data-element=\"shortcode-suno-banner\" title=\"Banner SUNO, clique e saiba mais\">\n\t\t\t<picture>\n\t\t\t\t<source media=\"(max-width: 500px)\" srcset=\"https:\/\/files.sunoresearch.com.br\/n\/uploads\/2023\/03\/400x300-Planilha-controle-de-gastos.png\">\n\t\t\t\t<img class=\"newsContent__article__imgCapa newsContent__article__imgCapa--banner\"\n\t\t\t\t\tsrc=\"https:\/\/files.sunoresearch.com.br\/n\/uploads\/2023\/03\/1420x240-Planilha-controle-de-gastos.png\"\n\t\t\t\t\tdata-promo-id=\"101751\"\t\t\t\t\t\t\t\t\t\twidth='1420' height='240'\t\t\t\t\talt=\"https:\/\/files.sunoresearch.com.br\/n\/uploads\/2023\/03\/1420x240-Planilha-controle-de-gastos.png\"\n\t\t\t\t>\n\t\t\t<\/picture>\n\t\t<\/a>\n\t<\/p>\n\n\n<p>O <a href=\"https:\/\/www.suno.com.br\/artigos\/ibovespa\/\"><strong>Ibovespa hoje<\/strong><\/a> abriu de forma est\u00e1vel nesta manh\u00e3, procurando reverter a sequ\u00eancia de tr\u00eas preg\u00f5es no vermelho. Os investidores digerem os dados das vendas do varejo, que recuaram mais do que o esperado em dezembro.<\/p>\n<p>Por volta das 10h35, o \u00edndice recuava 0,01%, a 119.477 pontos. O mercado tamb\u00e9m recebeu com cautela a fala do presidente Jair Bolsonaro, de que o aux\u00edlio emergencial pode ser renovado, mesmo em meio \u00e0s d\u00favidas sobre o risco fiscal do Pa\u00eds.<\/p>\n<p>Segundo o Instituto Brasileiro de Geografia e Estat\u00edstica (<strong>IBGE<\/strong>), as vendas no varejo ca\u00edram 6,1% em dezembro, ficando bem abaixo das estimativas. Economistas consultados pela ag\u00eancia <em>Bloomberg<\/em> esperavam entre alta de 0,5% e queda de 2% no m\u00eas.<\/p>\n<div>\n<p><script src=\"\/\/dyv6f9ner1ir9.cloudfront.net\/assets\/js\/nloader.js\"><\/script><script>initIframe('60141a969004bb2e956386a8');<\/script><\/p>\n<\/div>\n<h2>Principais not\u00edcias que movimentaram o Ibovespa<\/h2>\n<p>Al\u00e9m disso, veja as principais not\u00edcias que movimentaram o mercado durante o dia:<\/p>\n<ul>\n<li>Klabin (KLBN11): efeito do c\u00e2mbio provoca preju\u00edzo em 2020, mas lucro dobra no 4T20<\/li>\n<li>CVC (CVCB3) ter\u00e1 agentes aut\u00f4nomos e plano de fidelidade para voltar a crescer<\/li>\n<li>Locaweb (LWSA3) precifica follow-on em R$ 30 por a\u00e7\u00e3o; opera\u00e7\u00e3o levanta R$ 2,75 bi<\/li>\n<\/ul>\n<h2>Klabin<\/h2>\n<p>A<a href=\"https:\/\/www.suno.com.br\/acoes\/klbn11\/\"><strong> Klabin<\/strong> (KLBN11)<\/a> teve um <a href=\"https:\/\/www.suno.com.br\/artigos\/lucro-liquido\/\">lucro l\u00edquido<\/a> de R$ 1,327 bilh\u00e3o no quarto trimestre de 2020, revertendo o preju\u00edzo de R$ 191 milh\u00f5es registrados no terceiro trimestre e crescendo 110% na compara\u00e7\u00e3o com o mesmo per\u00edodo de 2019.<\/p>\n<p>No <strong>consolidado do ano<\/strong>, entretanto, a empresa registrou um preju\u00edzo de R$ 2,487 bilh\u00f5es, revertendo o lucro de 2019, que somou R$ 714 milh\u00f5es. Segundo a companhia, o n\u00famero foi impactado negativamente pela intensa desvaloriza\u00e7\u00e3o do real frente ao d\u00f3lar no ano, principalmente no primeiro semestre, uma vez que a d\u00edvida da empresa est\u00e1, em sua maioria, emitida na moeda americana.<\/p>\n<p>A Klabin possui um <strong>endividamento bruto<\/strong> de R$ 26,3 bilh\u00f5es, sendo 79% em moeda estrangeira e 21% em reais. Al\u00e9m da varia\u00e7\u00e3o do c\u00e2mbio, a Klabin afirma tamb\u00e9m que seu desempenho no ano foi afetado pela pandemia da covid-19 e pela queda no pre\u00e7o da celulose.<\/p>\n\t<div data-element=\"shortcode-read-more\" class=\"knowMore\">\n\t\t\t\t<span class=\"knowMore__title\">Saiba mais <\/span>\n\t\t\t\t<a class=\"knowMore__link\" href=\"https:\/\/www.suno.com.br\/noticias\/klabin-klbn11-lucro-quarto-trimestre-prejuizo-2020\/\">\n\t\t\tKlabin (KLBN11): efeito do c\u00e2mbio provoca preju\u00edzo em 2020, mas lucro dobra no 4T20\t\t<\/a>\n\t<\/div>\n\n\n<h2>CVC<\/h2>\n<p>Ap\u00f3s desafios trazidos pela pandemia do<a href=\"https:\/\/www.suno.com.br\/noticias\/search\/coronav%C3%ADrus\"> novo coronav\u00edrus (Covid-19)<\/a>, agravados pelas fraudes cont\u00e1beis, a <a href=\"https:\/\/www.suno.com.br\/acoes\/cvcb3\/\"><strong>CVC<\/strong> (CVCB3)<\/a> apresentou, nesta quarta-feira (10), um plano de recupera\u00e7\u00e3o de seu crescimento e lucratividade. O objetivo da companhia passa pela cria\u00e7\u00e3o de agentes aut\u00f4nomos e um amplo programa de fidelidade.<\/p>\n<p>Em declara\u00e7\u00e3o no<em> Investor Day<\/em> da CVC, o CEO<strong> Leonel Andrade<\/strong>\u00a0disse que a opera\u00e7\u00e3o ir\u00e1 &#8220;valorizar os especialistas de turismo&#8221;, que passar\u00e3o a operar como um<em> social selling<\/em>, ou seja, uma ferramenta de venda da companhia em meio ao p\u00fablico alvo, \u00e0 parte de suas <strong>plataformas digitais<\/strong> e unidades f\u00edsicas.<\/p>\n\t<div data-element=\"shortcode-read-more\" class=\"knowMore\">\n\t\t\t\t<span class=\"knowMore__title\">Saiba mais <\/span>\n\t\t\t\t<a class=\"knowMore__link\" href=\"https:\/\/www.suno.com.br\/noticias\/cvc-cvcb3-agentes-autonomos-turismo\/\">\n\t\t\tCVC (CVCB3) ter\u00e1 agentes aut\u00f4nomos e plano de fidelidade para voltar a crescer\t\t<\/a>\n\t<\/div>\n\n\n<h2>Locaweb<\/h2>\n<p>A <a href=\"https:\/\/www.suno.com.br\/acoes\/lwsa3\/\"><strong>Locaweb<\/strong> (LWSA3)<\/a> informou, na manh\u00e3 desta quarta-feira (10), que precificou sua <a href=\"https:\/\/www.suno.com.br\/artigos\/follow-on\/\">oferta subsequente de a\u00e7\u00f5es (follow-on)<\/a> a R$ 30. Com isso, a opera\u00e7\u00e3o da companhia deve levantar R$ 2,75 bilh\u00f5es. A informa\u00e7\u00e3o foi divulgada por meio de um fato relevante.<\/p>\n<p>Ser\u00e3o distribu\u00eddas 78,2 milh\u00f5es de <strong>a\u00e7\u00f5es prim\u00e1rias<\/strong>, quando os recursos v\u00e3o para o caixa da empresa, e 13,6 milh\u00f5es de pap\u00e9is secund\u00e1rios, capital que vai para o bolso dos atuais acionistas. Com o encerramento do procedimento de <em>bookbuilding<\/em>, a Locaweb precificou a oferta com um des\u00e1gio de 2,28% sobre a cota\u00e7\u00e3o atual, de R$ 30,70.<\/p>\n\t<div data-element=\"shortcode-read-more\" class=\"knowMore\">\n\t\t\t\t<span class=\"knowMore__title\">Saiba mais <\/span>\n\t\t\t\t<a class=\"knowMore__link\" href=\"https:\/\/www.suno.com.br\/noticias\/locaweb-lwsa3-precifica-follow-on\/\">\n\t\t\tLocaweb (LWSA3) precifica follow-on em R$ 30 por a\u00e7\u00e3o; opera\u00e7\u00e3o levanta R$ 2,75 bi\t\t<\/a>\n\t<\/div>\n\n\n<h2>Maiores altas e baixas do Ibovespa<\/h2>\n<p>Altas:<\/p>\n<p><strong>SUZB3<\/strong> +2,25% \/ R$ 68,20<br \/>\n<strong>TOTS3<\/strong> +1,88% \/ R$ 31,41<br \/>\n<strong>PETR3<\/strong> +1,23% \/ R$ 28,05<br \/>\n<strong>WEGE3<\/strong> +1,2% \/ R$ 86,03<br \/>\n<strong>PETR4<\/strong> +0,94% \/ R$ 27,80<\/p>\n<p>Baixas:<\/p>\n<p><strong>BPAC11<\/strong> -4,37% \/R$ 108,75<br \/>\n<strong>COGN3<\/strong> -4,07% \/ R$ 4,24<br \/>\n<strong>VVAR3<\/strong> -3,88% \/ R$ 14,35<br \/>\n<strong>CIEL3<\/strong> -3,69% \/ R$ 3,91<br \/>\n<strong>MGLU3<\/strong> -3,58% \/ R$ 25,30<\/p>\n<h2>Bolsas no exterior<\/h2>\n<p>Confira tamb\u00e9m o desempenho dos principais \u00edndices acion\u00e1rios no exterior<\/p>\n<ul>\n<li>Nova York (<a href=\"https:\/\/www.suno.com.br\/artigos\/sp-500\/\"><strong>S&amp;P 500<\/strong><\/a>): -0,19% &#8211; 3.903,66<\/li>\n<li>Londres (<a href=\"https:\/\/www.suno.com.br\/artigos\/ftse-100\/\"><strong>FTSE 100<\/strong><\/a>): -0,11% &#8211; <span class=\"IsqQVc NprOob XcVN5d wT3VGc\">6.524,36<\/span><\/li>\n<li>Frankfurt (<a href=\"https:\/\/www.suno.com.br\/artigos\/dax-30\/\"><strong>DAX 30<\/strong>)<\/a>: -0,56% &#8211; 13.932,97<\/li>\n<li>Paris (<a href=\"https:\/\/www.suno.com.br\/artigos\/cac-40\/\"><strong>CAC 40<\/strong><\/a>): -0,36% &#8211; 5.670,80<\/li>\n<li>Hong Kong (<a href=\"https:\/\/www.suno.com.br\/artigos\/hang-seng\/\"><strong>Hang Seng<\/strong><\/a>): +1,91% &#8211; 30.038,72<\/li>\n<li>Xangai (<strong>SSE Composite<\/strong>): +1,43% &#8211; 3.655,09<\/li>\n<li>T\u00f3quio (<a href=\"https:\/\/www.suno.com.br\/artigos\/nikkei-225\/\"><strong>Nikkei 225<\/strong><\/a>): +0,19% &#8211; 29.562,93<\/li>\n<\/ul>\n\t<p>\n\t\t<a href=\"https:\/\/lp.suno.com.br\/planilha-da-vida-financeira\/\" target=\"_blank\" data-element=\"shortcode-suno-banner\" title=\"Banner SUNO, clique e saiba mais\">\n\t\t\t<picture>\n\t\t\t\t<source media=\"(max-width: 500px)\" srcset=\"https:\/\/files.sunoresearch.com.br\/n\/uploads\/2023\/04\/400x300-Planilha-vida-financeira-true.png\">\n\t\t\t\t<img class=\"newsContent__article__imgCapa newsContent__article__imgCapa--banner\"\n\t\t\t\t\tsrc=\"https:\/\/files.sunoresearch.com.br\/n\/uploads\/2023\/04\/1420x240-Planilha-vida-financeira-true.png\"\n\t\t\t\t\tdata-promo-id=\"106682\"\t\t\t\t\t\t\t\t\t\twidth='1420' height='240'\t\t\t\t\talt=\"https:\/\/files.sunoresearch.com.br\/n\/uploads\/2023\/04\/1420x240-Planilha-vida-financeira-true.png\"\n\t\t\t\t>\n\t\t\t<\/picture>\n\t\t<\/a>\n\t<\/p>\n\n\n<h2>\u00daltima cota\u00e7\u00e3o do Ibovespa<\/h2>\n<p>Da mesma forma que o <strong>Ibovespa hoje<\/strong>, o \u00edndice acion\u00e1rio encerrou as negocia\u00e7\u00f5es na \u00faltima ter\u00e7a-feira (9) com uma baixa de 0,19%, abaixo dos 119.471,62 pontos.<\/p>\n\t<p>\n\t\t<a href=\"https:\/\/lp.suno.com.br\/planilha-de-controle-de-investimentos\/\" target=\"_blank\" data-element=\"shortcode-suno-banner\" title=\"Banner SUNO, clique e saiba mais\">\n\t\t\t<picture>\n\t\t\t\t<source media=\"(max-width: 500px)\" srcset=\"https:\/\/files.sunoresearch.com.br\/n\/uploads\/2023\/03\/400x300-Controle-de-Investimentos.png\">\n\t\t\t\t<img class=\"newsContent__article__imgCapa newsContent__article__imgCapa--banner\"\n\t\t\t\t\tsrc=\"https:\/\/files.sunoresearch.com.br\/n\/uploads\/2023\/03\/1420x240-Controle-de-Investimentos.png\"\n\t\t\t\t\tdata-promo-id=\"75934\"\t\t\t\t\t\t\t\t\t\twidth='1420' height='240'\t\t\t\t\talt=\"https:\/\/files.sunoresearch.com.br\/n\/uploads\/2023\/03\/1420x240-Controle-de-Investimentos.png\"\n\t\t\t\t>\n\t\t\t<\/picture>\n\t\t<\/a>\n\t<\/p>\n\n\n","protected":false},"excerpt":{"rendered":"<p>O\u00a0Ibovespa\u00a0encerrou o preg\u00e3o desta ter\u00e7a-feira (9) em queda de 0,87%, a 118.435,33 pontos Ibovespa fecha em queda de 0,87%, a 118.435 pontos O Ibovespa hoje abriu de forma est\u00e1vel nesta manh\u00e3, procurando reverter a sequ\u00eancia de tr\u00eas preg\u00f5es no vermelho. Os investidores digerem os dados das vendas do varejo, que recuaram mais do que o [&hellip;]<\/p>\n","protected":false},"author":56,"featured_media":120609,"comment_status":"closed","ping_status":"closed","sticky":false,"template":"","format":"standard","meta":[],"categories":[60],"tags":[442,326,529,2330],"suno_strategy":[],"class_list":["post-120563","post","type-post","status-publish","format-standard","has-post-thumbnail","hentry","category-mercado","tag-cvc-cvcb3","tag-dolar","tag-klabin-klbn11-klbn3-klbn4","tag-locaweb-lwsa3"],"yoast_head":"<!-- This site is optimized with the Yoast SEO plugin v24.4 - https:\/\/yoast.com\/wordpress\/plugins\/seo\/ -->\n<title>Ibovespa fecha em queda de 0,87%, a 118.435 pontos<\/title>\n<meta name=\"description\" content=\"O\u00a0Ibovespa\u00a0encerrou o preg\u00e3o desta ter\u00e7a-feira (9) na quarta queda consecutiva. Clique aqui para saber mais sobre o fechamento do \u00edndice.\" \/>\n<meta name=\"robots\" content=\"index, follow, max-snippet:-1, max-image-preview:large, max-video-preview:-1\" \/>\n<link rel=\"canonical\" href=\"https:\/\/www.suno.com.br\/noticias\/ibovespa-fecha-queda-087-10022021\/\" \/>\n<meta property=\"og:locale\" content=\"pt_BR\" \/>\n<meta property=\"og:type\" content=\"article\" \/>\n<meta property=\"og:title\" content=\"Ibovespa fecha em queda de 0,87%, a 118.435 pontos\" \/>\n<meta property=\"og:description\" content=\"O\u00a0Ibovespa\u00a0encerrou o preg\u00e3o desta ter\u00e7a-feira (9) na quarta queda consecutiva. Clique aqui para saber mais sobre o fechamento do \u00edndice.\" \/>\n<meta property=\"og:url\" content=\"https:\/\/www.suno.com.br\/noticias\/ibovespa-fecha-queda-087-10022021\/\" \/>\n<meta property=\"og:site_name\" content=\"Suno Not\u00edcias\" \/>\n<meta property=\"article:publisher\" content=\"https:\/\/facebook.com\/sunoresearch\" \/>\n<meta property=\"og:image\" content=\"https:\/\/files.sunoresearch.com.br\/n\/uploads\/2021\/02\/c05e2f54-ibovespa-800x450-1.jpg\" \/>\n\t<meta property=\"og:image:width\" content=\"800\" \/>\n\t<meta property=\"og:image:height\" content=\"450\" \/>\n\t<meta property=\"og:image:type\" content=\"image\/jpeg\" \/>\n<meta name=\"author\" content=\"Rafaela La Regina\" \/>\n<meta name=\"twitter:card\" content=\"summary_large_image\" \/>\n<meta name=\"twitter:creator\" content=\"@sunoresearch\" \/>\n<meta name=\"twitter:site\" content=\"@sunoresearch\" \/>\n<meta name=\"twitter:label1\" content=\"Escrito por\" \/>\n\t<meta name=\"twitter:data1\" content=\"Rafaela La Regina\" \/>\n\t<meta name=\"twitter:label2\" content=\"Est. tempo de leitura\" \/>\n\t<meta name=\"twitter:data2\" content=\"4 minutos\" \/>\n<script type=\"application\/ld+json\" class=\"yoast-schema-graph\">{\"@context\":\"https:\/\/schema.org\",\"@graph\":[{\"@type\":\"NewsArticle\",\"@id\":\"https:\/\/www.suno.com.br\/noticias\/ibovespa-fecha-queda-087-10022021\/#article\",\"isPartOf\":{\"@id\":\"https:\/\/www.suno.com.br\/noticias\/ibovespa-fecha-queda-087-10022021\/\"},\"author\":{\"name\":\"Rafaela La Regina\",\"@id\":\"https:\/\/www.suno.com.br\/noticias\/#\/schema\/person\/e672ca8cea627fe715fa29bca7da95e0\"},\"headline\":\"Ibovespa fecha em queda de 0,87%, a 118.435 pontos\",\"datePublished\":\"2021-02-10T21:33:46+00:00\",\"dateModified\":\"2021-05-29T23:37:09+00:00\",\"mainEntityOfPage\":{\"@id\":\"https:\/\/www.suno.com.br\/noticias\/ibovespa-fecha-queda-087-10022021\/\"},\"wordCount\":715,\"publisher\":{\"@id\":\"https:\/\/www.suno.com.br\/noticias\/#organization\"},\"image\":{\"@id\":\"https:\/\/www.suno.com.br\/noticias\/ibovespa-fecha-queda-087-10022021\/#primaryimage\"},\"thumbnailUrl\":\"https:\/\/files.sunoresearch.com.br\/n\/uploads\/2021\/02\/c05e2f54-ibovespa-800x450-1-jpg.webp\",\"keywords\":[\"CVC (CVCB3)\",\"d\u00f3lar\",\"Klabin (KLBN11\/KLBN3\/KLBN4)\",\"Locaweb (LWSA3)\"],\"articleSection\":[\"Mercado\"],\"inLanguage\":\"pt-BR\"},{\"@type\":\"WebPage\",\"@id\":\"https:\/\/www.suno.com.br\/noticias\/ibovespa-fecha-queda-087-10022021\/\",\"url\":\"https:\/\/www.suno.com.br\/noticias\/ibovespa-fecha-queda-087-10022021\/\",\"name\":\"Ibovespa fecha em queda de 0,87%, a 118.435 pontos\",\"isPartOf\":{\"@id\":\"https:\/\/www.suno.com.br\/noticias\/#website\"},\"primaryImageOfPage\":{\"@id\":\"https:\/\/www.suno.com.br\/noticias\/ibovespa-fecha-queda-087-10022021\/#primaryimage\"},\"image\":{\"@id\":\"https:\/\/www.suno.com.br\/noticias\/ibovespa-fecha-queda-087-10022021\/#primaryimage\"},\"thumbnailUrl\":\"https:\/\/files.sunoresearch.com.br\/n\/uploads\/2021\/02\/c05e2f54-ibovespa-800x450-1-jpg.webp\",\"datePublished\":\"2021-02-10T21:33:46+00:00\",\"dateModified\":\"2021-05-29T23:37:09+00:00\",\"description\":\"O\u00a0Ibovespa\u00a0encerrou o preg\u00e3o desta ter\u00e7a-feira (9) na quarta queda consecutiva. Clique aqui para saber mais sobre o fechamento do \u00edndice.\",\"breadcrumb\":{\"@id\":\"https:\/\/www.suno.com.br\/noticias\/ibovespa-fecha-queda-087-10022021\/#breadcrumb\"},\"inLanguage\":\"pt-BR\",\"potentialAction\":[{\"@type\":\"ReadAction\",\"target\":[\"https:\/\/www.suno.com.br\/noticias\/ibovespa-fecha-queda-087-10022021\/\"]}]},{\"@type\":\"ImageObject\",\"inLanguage\":\"pt-BR\",\"@id\":\"https:\/\/www.suno.com.br\/noticias\/ibovespa-fecha-queda-087-10022021\/#primaryimage\",\"url\":\"https:\/\/files.sunoresearch.com.br\/n\/uploads\/2021\/02\/c05e2f54-ibovespa-800x450-1-jpg.webp\",\"contentUrl\":\"https:\/\/files.sunoresearch.com.br\/n\/uploads\/2021\/02\/c05e2f54-ibovespa-800x450-1-jpg.webp\",\"width\":800,\"height\":450,\"caption\":\"Ibovespa fecha em queda de 0,87%, a 118.435 pontos\"},{\"@type\":\"BreadcrumbList\",\"@id\":\"https:\/\/www.suno.com.br\/noticias\/ibovespa-fecha-queda-087-10022021\/#breadcrumb\",\"itemListElement\":[{\"@type\":\"ListItem\",\"position\":1,\"name\":\"Not\u00edcias\",\"item\":\"https:\/\/www.suno.com.br\/noticias\/\"},{\"@type\":\"ListItem\",\"position\":2,\"name\":\"Mercado\",\"item\":\"https:\/\/www.suno.com.br\/noticias\/mercado\/\"},{\"@type\":\"ListItem\",\"position\":3,\"name\":\"Ibovespa fecha em queda de 0,87%, a 118.435 pontos\"}]},{\"@type\":\"WebSite\",\"@id\":\"https:\/\/www.suno.com.br\/noticias\/#website\",\"url\":\"https:\/\/www.suno.com.br\/noticias\/\",\"name\":\"Suno Not\u00edcias\",\"description\":\"Seu portal de informa\u00e7\u00e3o sobre o mundo dos investimentos\",\"publisher\":{\"@id\":\"https:\/\/www.suno.com.br\/noticias\/#organization\"},\"potentialAction\":[{\"@type\":\"SearchAction\",\"target\":{\"@type\":\"EntryPoint\",\"urlTemplate\":\"https:\/\/www.suno.com.br\/noticias\/?s={search_term_string}\"},\"query-input\":{\"@type\":\"PropertyValueSpecification\",\"valueRequired\":true,\"valueName\":\"search_term_string\"}}],\"inLanguage\":\"pt-BR\"},{\"@type\":\"Organization\",\"@id\":\"https:\/\/www.suno.com.br\/noticias\/#organization\",\"name\":\"Suno Not\u00edcias\",\"url\":\"https:\/\/www.suno.com.br\/noticias\/\",\"logo\":{\"@type\":\"ImageObject\",\"inLanguage\":\"pt-BR\",\"@id\":\"https:\/\/www.suno.com.br\/noticias\/#\/schema\/logo\/image\/\",\"url\":\"https:\/\/files.sunoresearch.com.br\/n\/uploads\/2021\/09\/suno-logo.png\",\"contentUrl\":\"https:\/\/files.sunoresearch.com.br\/n\/uploads\/2021\/09\/suno-logo.png\",\"width\":180,\"height\":180,\"caption\":\"Suno Not\u00edcias\"},\"image\":{\"@id\":\"https:\/\/www.suno.com.br\/noticias\/#\/schema\/logo\/image\/\"},\"sameAs\":[\"https:\/\/facebook.com\/sunoresearch\",\"https:\/\/x.com\/sunoresearch\",\"https:\/\/www.instagram.com\/suno\",\"https:\/\/www.linkedin.com\/company\/suno-research\/\",\"https:\/\/www.youtube.com\/c\/sunoresearch\"]},{\"@type\":\"Person\",\"@id\":\"https:\/\/www.suno.com.br\/noticias\/#\/schema\/person\/e672ca8cea627fe715fa29bca7da95e0\",\"name\":\"Rafaela La Regina\",\"image\":{\"@type\":\"ImageObject\",\"inLanguage\":\"pt-BR\",\"@id\":\"https:\/\/www.suno.com.br\/noticias\/#\/schema\/person\/image\/\",\"url\":\"https:\/\/secure.gravatar.com\/avatar\/d2c75a52d243deb93d0465fdcb21bd37?s=96&r=g\",\"contentUrl\":\"https:\/\/secure.gravatar.com\/avatar\/d2c75a52d243deb93d0465fdcb21bd37?s=96&r=g\",\"caption\":\"Rafaela La Regina\"},\"description\":\"Estagi\u00e1ria no Suno Not\u00edcias. Escreve sobre economia, pol\u00edtica e neg\u00f3cios. Estuda Rela\u00e7\u00f5es Internacionais no IBMEC-SP.\",\"url\":\"https:\/\/www.suno.com.br\/noticias\/author\/rafaela-la-regina\/\"}]}<\/script>\n<!-- \/ Yoast SEO plugin. -->","yoast_head_json":{"title":"Ibovespa fecha em queda de 0,87%, a 118.435 pontos","description":"O\u00a0Ibovespa\u00a0encerrou o preg\u00e3o desta ter\u00e7a-feira (9) na quarta queda consecutiva. Clique aqui para saber mais sobre o fechamento do \u00edndice.","robots":{"index":"index","follow":"follow","max-snippet":"max-snippet:-1","max-image-preview":"max-image-preview:large","max-video-preview":"max-video-preview:-1"},"canonical":"https:\/\/www.suno.com.br\/noticias\/ibovespa-fecha-queda-087-10022021\/","og_locale":"pt_BR","og_type":"article","og_title":"Ibovespa fecha em queda de 0,87%, a 118.435 pontos","og_description":"O\u00a0Ibovespa\u00a0encerrou o preg\u00e3o desta ter\u00e7a-feira (9) na quarta queda consecutiva. Clique aqui para saber mais sobre o fechamento do \u00edndice.","og_url":"https:\/\/www.suno.com.br\/noticias\/ibovespa-fecha-queda-087-10022021\/","og_site_name":"Suno Not\u00edcias","article_publisher":"https:\/\/facebook.com\/sunoresearch","og_image":[{"width":800,"height":450,"url":"https:\/\/files.sunoresearch.com.br\/n\/uploads\/2021\/02\/c05e2f54-ibovespa-800x450-1.jpg","type":"image\/jpeg"}],"author":"Rafaela La Regina","twitter_card":"summary_large_image","twitter_creator":"@sunoresearch","twitter_site":"@sunoresearch","twitter_misc":{"Escrito por":"Rafaela La Regina","Est. tempo de leitura":"4 minutos"},"schema":{"@context":"https:\/\/schema.org","@graph":[{"@type":"NewsArticle","@id":"https:\/\/www.suno.com.br\/noticias\/ibovespa-fecha-queda-087-10022021\/#article","isPartOf":{"@id":"https:\/\/www.suno.com.br\/noticias\/ibovespa-fecha-queda-087-10022021\/"},"author":{"name":"Rafaela La Regina","@id":"https:\/\/www.suno.com.br\/noticias\/#\/schema\/person\/e672ca8cea627fe715fa29bca7da95e0"},"headline":"Ibovespa fecha em queda de 0,87%, a 118.435 pontos","datePublished":"2021-02-10T21:33:46+00:00","dateModified":"2021-05-29T23:37:09+00:00","mainEntityOfPage":{"@id":"https:\/\/www.suno.com.br\/noticias\/ibovespa-fecha-queda-087-10022021\/"},"wordCount":715,"publisher":{"@id":"https:\/\/www.suno.com.br\/noticias\/#organization"},"image":{"@id":"https:\/\/www.suno.com.br\/noticias\/ibovespa-fecha-queda-087-10022021\/#primaryimage"},"thumbnailUrl":"https:\/\/files.sunoresearch.com.br\/n\/uploads\/2021\/02\/c05e2f54-ibovespa-800x450-1-jpg.webp","keywords":["CVC (CVCB3)","d\u00f3lar","Klabin (KLBN11\/KLBN3\/KLBN4)","Locaweb (LWSA3)"],"articleSection":["Mercado"],"inLanguage":"pt-BR"},{"@type":"WebPage","@id":"https:\/\/www.suno.com.br\/noticias\/ibovespa-fecha-queda-087-10022021\/","url":"https:\/\/www.suno.com.br\/noticias\/ibovespa-fecha-queda-087-10022021\/","name":"Ibovespa fecha em queda de 0,87%, a 118.435 pontos","isPartOf":{"@id":"https:\/\/www.suno.com.br\/noticias\/#website"},"primaryImageOfPage":{"@id":"https:\/\/www.suno.com.br\/noticias\/ibovespa-fecha-queda-087-10022021\/#primaryimage"},"image":{"@id":"https:\/\/www.suno.com.br\/noticias\/ibovespa-fecha-queda-087-10022021\/#primaryimage"},"thumbnailUrl":"https:\/\/files.sunoresearch.com.br\/n\/uploads\/2021\/02\/c05e2f54-ibovespa-800x450-1-jpg.webp","datePublished":"2021-02-10T21:33:46+00:00","dateModified":"2021-05-29T23:37:09+00:00","description":"O\u00a0Ibovespa\u00a0encerrou o preg\u00e3o desta ter\u00e7a-feira (9) na quarta queda consecutiva. Clique aqui para saber mais sobre o fechamento do \u00edndice.","breadcrumb":{"@id":"https:\/\/www.suno.com.br\/noticias\/ibovespa-fecha-queda-087-10022021\/#breadcrumb"},"inLanguage":"pt-BR","potentialAction":[{"@type":"ReadAction","target":["https:\/\/www.suno.com.br\/noticias\/ibovespa-fecha-queda-087-10022021\/"]}]},{"@type":"ImageObject","inLanguage":"pt-BR","@id":"https:\/\/www.suno.com.br\/noticias\/ibovespa-fecha-queda-087-10022021\/#primaryimage","url":"https:\/\/files.sunoresearch.com.br\/n\/uploads\/2021\/02\/c05e2f54-ibovespa-800x450-1-jpg.webp","contentUrl":"https:\/\/files.sunoresearch.com.br\/n\/uploads\/2021\/02\/c05e2f54-ibovespa-800x450-1-jpg.webp","width":800,"height":450,"caption":"Ibovespa fecha em queda de 0,87%, a 118.435 pontos"},{"@type":"BreadcrumbList","@id":"https:\/\/www.suno.com.br\/noticias\/ibovespa-fecha-queda-087-10022021\/#breadcrumb","itemListElement":[{"@type":"ListItem","position":1,"name":"Not\u00edcias","item":"https:\/\/www.suno.com.br\/noticias\/"},{"@type":"ListItem","position":2,"name":"Mercado","item":"https:\/\/www.suno.com.br\/noticias\/mercado\/"},{"@type":"ListItem","position":3,"name":"Ibovespa fecha em queda de 0,87%, a 118.435 pontos"}]},{"@type":"WebSite","@id":"https:\/\/www.suno.com.br\/noticias\/#website","url":"https:\/\/www.suno.com.br\/noticias\/","name":"Suno Not\u00edcias","description":"Seu portal de informa\u00e7\u00e3o sobre o mundo dos investimentos","publisher":{"@id":"https:\/\/www.suno.com.br\/noticias\/#organization"},"potentialAction":[{"@type":"SearchAction","target":{"@type":"EntryPoint","urlTemplate":"https:\/\/www.suno.com.br\/noticias\/?s={search_term_string}"},"query-input":{"@type":"PropertyValueSpecification","valueRequired":true,"valueName":"search_term_string"}}],"inLanguage":"pt-BR"},{"@type":"Organization","@id":"https:\/\/www.suno.com.br\/noticias\/#organization","name":"Suno Not\u00edcias","url":"https:\/\/www.suno.com.br\/noticias\/","logo":{"@type":"ImageObject","inLanguage":"pt-BR","@id":"https:\/\/www.suno.com.br\/noticias\/#\/schema\/logo\/image\/","url":"https:\/\/files.sunoresearch.com.br\/n\/uploads\/2021\/09\/suno-logo.png","contentUrl":"https:\/\/files.sunoresearch.com.br\/n\/uploads\/2021\/09\/suno-logo.png","width":180,"height":180,"caption":"Suno Not\u00edcias"},"image":{"@id":"https:\/\/www.suno.com.br\/noticias\/#\/schema\/logo\/image\/"},"sameAs":["https:\/\/facebook.com\/sunoresearch","https:\/\/x.com\/sunoresearch","https:\/\/www.instagram.com\/suno","https:\/\/www.linkedin.com\/company\/suno-research\/","https:\/\/www.youtube.com\/c\/sunoresearch"]},{"@type":"Person","@id":"https:\/\/www.suno.com.br\/noticias\/#\/schema\/person\/e672ca8cea627fe715fa29bca7da95e0","name":"Rafaela La Regina","image":{"@type":"ImageObject","inLanguage":"pt-BR","@id":"https:\/\/www.suno.com.br\/noticias\/#\/schema\/person\/image\/","url":"https:\/\/secure.gravatar.com\/avatar\/d2c75a52d243deb93d0465fdcb21bd37?s=96&r=g","contentUrl":"https:\/\/secure.gravatar.com\/avatar\/d2c75a52d243deb93d0465fdcb21bd37?s=96&r=g","caption":"Rafaela La Regina"},"description":"Estagi\u00e1ria no Suno Not\u00edcias. Escreve sobre economia, pol\u00edtica e neg\u00f3cios. Estuda Rela\u00e7\u00f5es Internacionais no IBMEC-SP.","url":"https:\/\/www.suno.com.br\/noticias\/author\/rafaela-la-regina\/"}]}},"default_loop_html":"<div class=\"cardsPage__listCard__boxs\"><div class=\"cardsPage__listCard__boxs__img\"><a href=\"https:\/\/www.suno.com.br\/noticias\/ibovespa-fecha-queda-087-10022021\/\"><img class=\"mask\" src=\"https:\/\/www.suno.com.br\/noticias\/wp-content\/themes\/suno\/resources\/images\/spotlight\/spotlight1img\/bg-mask.png\" alt=\"Image Mask\"\/><img src=\"https:\/\/files.sunoresearch.com.br\/n\/uploads\/2021\/02\/c05e2f54-ibovespa-800x450-1-400x200.webp\" alt=\"Ibovespa fecha em queda de 0,87%, a 118.435 pontos\"\/><\/a><span class=\"spotlightCategory\"><a href=\"https:\/\/www.suno.com.br\/noticias\/mercado\/\">Mercado<\/a><\/span><\/div><div class=\"cardsPage__listCard__boxs__content\"><a href=\"https:\/\/www.suno.com.br\/noticias\/ibovespa-fecha-queda-087-10022021\/\"><h2 class=\"content__title\">Ibovespa fecha em queda de 0,87%, a 118.435 pontos<\/h2><\/a><div class=\"newsContent__article__meta\"><div class=\"newsContent__article__meta__authorBox\"><a href=\"https:\/\/www.suno.com.br\/noticias\/author\/rafaela-la-regina\/\" class=\"authorBox__avatar noMobi\"><img src=\"https:\/\/secure.gravatar.com\/avatar\/d2c75a52d243deb93d0465fdcb21bd37?s=96&#038;r=g\" alt=\"Rafaela La Regina\"><\/a><div class=\"authorBox__name\"><span>por\n\t\t\t<a href=\"https:\/\/www.suno.com.br\/noticias\/author\/rafaela-la-regina\/\"><span itemprop=\"author\">Rafaela La Regina<\/span><\/a><\/span><time datetime=\"2021-02-10T18:33:46-03:00\" itemprop=\"datePublished\">10\/02\/2021 18:33<\/time><\/div><\/div><\/div><\/div><\/div>","single_layout":"posts","amp_enabled":true,"_links":{"self":[{"href":"https:\/\/www.suno.com.br\/noticias\/wp-json\/wp\/v2\/posts\/120563"}],"collection":[{"href":"https:\/\/www.suno.com.br\/noticias\/wp-json\/wp\/v2\/posts"}],"about":[{"href":"https:\/\/www.suno.com.br\/noticias\/wp-json\/wp\/v2\/types\/post"}],"author":[{"embeddable":true,"href":"https:\/\/www.suno.com.br\/noticias\/wp-json\/wp\/v2\/users\/56"}],"replies":[{"embeddable":true,"href":"https:\/\/www.suno.com.br\/noticias\/wp-json\/wp\/v2\/comments?post=120563"}],"version-history":[{"count":1,"href":"https:\/\/www.suno.com.br\/noticias\/wp-json\/wp\/v2\/posts\/120563\/revisions"}],"predecessor-version":[{"id":152192,"href":"https:\/\/www.suno.com.br\/noticias\/wp-json\/wp\/v2\/posts\/120563\/revisions\/152192"}],"wp:featuredmedia":[{"embeddable":true,"href":"https:\/\/www.suno.com.br\/noticias\/wp-json\/wp\/v2\/media\/120609"}],"wp:attachment":[{"href":"https:\/\/www.suno.com.br\/noticias\/wp-json\/wp\/v2\/media?parent=120563"}],"wp:term":[{"taxonomy":"category","embeddable":true,"href":"https:\/\/www.suno.com.br\/noticias\/wp-json\/wp\/v2\/categories?post=120563"},{"taxonomy":"post_tag","embeddable":true,"href":"https:\/\/www.suno.com.br\/noticias\/wp-json\/wp\/v2\/tags?post=120563"},{"taxonomy":"suno_strategy","embeddable":true,"href":"https:\/\/www.suno.com.br\/noticias\/wp-json\/wp\/v2\/suno_strategy?post=120563"}],"curies":[{"name":"wp","href":"https:\/\/api.w.org\/{rel}","templated":true}]}}