{"id":12053,"date":"2019-01-17T11:48:37","date_gmt":"2019-01-17T13:48:37","guid":{"rendered":"https:\/\/www.suno.com.br\/noticias\/?p=12053"},"modified":"2019-01-17T11:48:37","modified_gmt":"2019-01-17T13:48:37","slug":"avianca-brasil-corta-voos-internacionais-para-nova-york-miami-e-santiago","status":"publish","type":"post","link":"https:\/\/www.suno.com.br\/noticias\/avianca-brasil-corta-voos-internacionais-para-nova-york-miami-e-santiago\/","title":{"rendered":"Avianca Brasil corta voos internacionais para Nova York, Miami e Santiago"},"content":{"rendered":"<p>A Avianca Brasil cortou os voos di\u00e1rios internacionais que saem de Guarulho com destino a Santiago, Miami e Nova York, de acordo com o an\u00fancio da empresa a\u00e9rea desta quinta-feira (17).<\/p>\t<div class=\"wrapper-featured-image\">\n\t\t<figure class=\"spotlightImg\">\n\n\t\t\t<picture>\n\t\t\t\t<source media=\"(max-width: 768px)\" srcset=\"https:\/\/files.sunoresearch.com.br\/n\/uploads\/2019\/01\/6416b9c9-avianca-brasil-400x200.webp\">\n\t\t\t\t<img loading=\"lazy\" decoding=\"async\" class=\"newsContent__article__imgCapa lazyloadDisabled newsContent__article__imgCapa--noCaption\" src=\"https:\/\/files.sunoresearch.com.br\/n\/uploads\/2019\/01\/6416b9c9-avianca-brasil-jpg.webp\" width=\"800\" height=\"450\" alt=\"Avianca Brasil corta voos internacionais para Nova York, Miami e Santiago\" fetchpriority=high \/>\n\t\t\t<\/picture>\n\n\t\t\t<figcaption class=\"wp-caption-text wp-caption-text--hide\">Avianca Brasil negocia empr\u00e9stimo para n\u00e3o parar opera\u00e7\u00f5es<\/figcaption>\n\t\t<\/figure>\n\t<\/div>\n\n\n<p>A <strong>Avianca Brasil<\/strong> passa por uma <strong>recupera\u00e7\u00e3o judicial<\/strong> desde dezembro do \u00faltimo ano. Em nota, a empresa informou que a medida foi tomada para readequar as opera\u00e7\u00f5es.<\/p>\n<p>\u201cSeguimos focados em garantir a sustentabilidade do neg\u00f3cio e manter a excel\u00eancia do atendimento, que est\u00e1 em nosso DNA. Refor\u00e7amos que todos os demais 26 destinos est\u00e3o preservados e que continuamos operando normalmente, com mais de 240 voos di\u00e1rios\u201d, afirmou.<\/p>\n<p>O vice-presidente comercial da empresa, Alberto Weisser, passou a contatar as operadoras e ag\u00eancias de viagem para informar o <strong>corte nos voos<\/strong>. No entanto, o encolhimento far\u00e1 com que a empresa tenha 243 voos di\u00e1rios, diferentes dos anteriores 264 voos di\u00e1rios.<\/p>\n<p>Os voos dom\u00e9sticos seguem sem altera\u00e7\u00f5es.<\/p>\n<p>Al\u00e9m disso, a companhia a\u00e9rea far\u00e1 a <strong>devolu\u00e7\u00e3o de duas aeronaves<\/strong> modelo A330 para empresas de arrendamento.<\/p>\n<p>Desta forma, a Avianca continua com a devolu\u00e7\u00e3o de aeronaves. Atualmente, quatro foram devolvidas, mas o plano \u00e9 que oito sejam entregues.<\/p>\n<p><a href=\"https:\/\/www.suno.com.br\/noticias\/avianca-pode-perder-frota\/\">Saiba mais:\u00a0Avianca Brasil pode perder 20% da frota de avi\u00f5es<\/a><\/p>\n<p>Entretanto, a\u00a0empresa n\u00e3o informou quem arrendar\u00e1 as aeronaves. De acordo com a empresa, as devolu\u00e7\u00f5es s\u00e3o formas de conter os gastos e se reestruturar estrategicamente.<\/p>\n<h2>Recupera\u00e7\u00e3o Judicial<\/h2>\n<p>A companhia a\u00e9rea fez o pedido de recupera\u00e7\u00e3o judicial em 11 de dezembro de 2018. A empresa opera com 13% do mercado nacional e registrou um crescimento forte nos \u00faltimos anos. No entanto, acabou <strong>acumulando d\u00edvidas<\/strong> demais de R$ 500 milh\u00f5es.<\/p>\n<p>Desde ent\u00e3o, tr\u00eas empresas de arrendamento pediram restitui\u00e7\u00e3o de posse, por conta da <strong>falta de pagamento<\/strong>. No total as empresas arrendaram 14 aeronaves para a companhia a\u00e9rea, equivalente a 30% do total em opera\u00e7\u00e3o<\/p>\n<p>Em 2018, a empresa assegurou que nenhuma das opera\u00e7\u00f5es seriam afetadas, mesmo com o processo de recupera\u00e7\u00e3o.<\/p>\n<p>A <strong>Avianca Brasil<\/strong> demitiu 140 funcion\u00e1rios na \u00faltima semana.<\/p>\n","protected":false},"excerpt":{"rendered":"<p>A Avianca Brasil cortou os voos di\u00e1rios internacionais que saem de Guarulho com destino a Santiago, Miami e Nova York, de acordo com o an\u00fancio da empresa a\u00e9rea desta quinta-feira (17). Avianca Brasil negocia empr\u00e9stimo para n\u00e3o parar opera\u00e7\u00f5es A Avianca Brasil passa por uma recupera\u00e7\u00e3o judicial desde dezembro do \u00faltimo ano. Em nota, a [&hellip;]<\/p>\n","protected":false},"author":11,"featured_media":12059,"comment_status":"closed","ping_status":"closed","sticky":false,"template":"","format":"standard","meta":[],"categories":[64],"tags":[840],"suno_strategy":[],"class_list":["post-12053","post","type-post","status-publish","format-standard","has-post-thumbnail","hentry","category-negocios","tag-avianca"],"yoast_head":"<!-- This site is optimized with the Yoast SEO plugin v24.4 - https:\/\/yoast.com\/wordpress\/plugins\/seo\/ -->\n<title>Avianca Brasil corta voos internacionais para Nova York, Miami e Santiago<\/title>\n<meta name=\"description\" content=\"A Avianca Brasil tamb\u00e9m far\u00e1 a devolu\u00e7\u00e3o de duas aeronaves; A a\u00e9rea est\u00e1 em processod de recupera\u00e7\u00e3o judicial. Clique para saber mais.\" \/>\n<meta name=\"robots\" content=\"index, follow, max-snippet:-1, max-image-preview:large, max-video-preview:-1\" \/>\n<link rel=\"canonical\" href=\"https:\/\/www.suno.com.br\/noticias\/avianca-brasil-corta-voos-internacionais-para-nova-york-miami-e-santiago\/\" \/>\n<meta property=\"og:locale\" content=\"pt_BR\" \/>\n<meta property=\"og:type\" content=\"article\" \/>\n<meta property=\"og:title\" content=\"Avianca Brasil corta voos internacionais para Nova York, Miami e Santiago\" \/>\n<meta property=\"og:description\" content=\"A Avianca Brasil tamb\u00e9m far\u00e1 a devolu\u00e7\u00e3o de duas aeronaves; A a\u00e9rea est\u00e1 em processod de recupera\u00e7\u00e3o judicial. Clique para saber mais.\" \/>\n<meta property=\"og:url\" content=\"https:\/\/www.suno.com.br\/noticias\/avianca-brasil-corta-voos-internacionais-para-nova-york-miami-e-santiago\/\" \/>\n<meta property=\"og:site_name\" content=\"Suno Not\u00edcias\" \/>\n<meta property=\"article:publisher\" content=\"https:\/\/facebook.com\/sunoresearch\" \/>\n<meta property=\"og:image\" content=\"https:\/\/files.sunoresearch.com.br\/n\/uploads\/2019\/01\/6416b9c9-avianca-brasil.jpg\" \/>\n\t<meta property=\"og:image:width\" content=\"1100\" \/>\n\t<meta property=\"og:image:height\" content=\"370\" \/>\n\t<meta property=\"og:image:type\" content=\"image\/jpeg\" \/>\n<meta name=\"author\" content=\"Renan Bandeira\" \/>\n<meta name=\"twitter:card\" content=\"summary_large_image\" \/>\n<meta name=\"twitter:creator\" content=\"@sunoresearch\" \/>\n<meta name=\"twitter:site\" content=\"@sunoresearch\" \/>\n<meta name=\"twitter:label1\" content=\"Escrito por\" \/>\n\t<meta name=\"twitter:data1\" content=\"Renan Bandeira\" \/>\n\t<meta name=\"twitter:label2\" content=\"Est. tempo de leitura\" \/>\n\t<meta name=\"twitter:data2\" content=\"2 minutos\" \/>\n<script type=\"application\/ld+json\" class=\"yoast-schema-graph\">{\"@context\":\"https:\/\/schema.org\",\"@graph\":[{\"@type\":\"NewsArticle\",\"@id\":\"https:\/\/www.suno.com.br\/noticias\/avianca-brasil-corta-voos-internacionais-para-nova-york-miami-e-santiago\/#article\",\"isPartOf\":{\"@id\":\"https:\/\/www.suno.com.br\/noticias\/avianca-brasil-corta-voos-internacionais-para-nova-york-miami-e-santiago\/\"},\"author\":{\"name\":\"Renan Bandeira\",\"@id\":\"https:\/\/www.suno.com.br\/noticias\/#\/schema\/person\/fc144a1c6108bd1dcd43784e88a3c138\"},\"headline\":\"Avianca Brasil corta voos internacionais para Nova York, Miami e Santiago\",\"datePublished\":\"2019-01-17T13:48:37+00:00\",\"mainEntityOfPage\":{\"@id\":\"https:\/\/www.suno.com.br\/noticias\/avianca-brasil-corta-voos-internacionais-para-nova-york-miami-e-santiago\/\"},\"wordCount\":356,\"publisher\":{\"@id\":\"https:\/\/www.suno.com.br\/noticias\/#organization\"},\"image\":{\"@id\":\"https:\/\/www.suno.com.br\/noticias\/avianca-brasil-corta-voos-internacionais-para-nova-york-miami-e-santiago\/#primaryimage\"},\"thumbnailUrl\":\"https:\/\/files.sunoresearch.com.br\/n\/uploads\/2019\/01\/6416b9c9-avianca-brasil-jpg.webp\",\"keywords\":[\"Avianca\"],\"articleSection\":[\"Neg\u00f3cios\"],\"inLanguage\":\"pt-BR\"},{\"@type\":\"WebPage\",\"@id\":\"https:\/\/www.suno.com.br\/noticias\/avianca-brasil-corta-voos-internacionais-para-nova-york-miami-e-santiago\/\",\"url\":\"https:\/\/www.suno.com.br\/noticias\/avianca-brasil-corta-voos-internacionais-para-nova-york-miami-e-santiago\/\",\"name\":\"Avianca Brasil corta voos internacionais para Nova York, Miami e Santiago\",\"isPartOf\":{\"@id\":\"https:\/\/www.suno.com.br\/noticias\/#website\"},\"primaryImageOfPage\":{\"@id\":\"https:\/\/www.suno.com.br\/noticias\/avianca-brasil-corta-voos-internacionais-para-nova-york-miami-e-santiago\/#primaryimage\"},\"image\":{\"@id\":\"https:\/\/www.suno.com.br\/noticias\/avianca-brasil-corta-voos-internacionais-para-nova-york-miami-e-santiago\/#primaryimage\"},\"thumbnailUrl\":\"https:\/\/files.sunoresearch.com.br\/n\/uploads\/2019\/01\/6416b9c9-avianca-brasil-jpg.webp\",\"datePublished\":\"2019-01-17T13:48:37+00:00\",\"description\":\"A Avianca Brasil tamb\u00e9m far\u00e1 a devolu\u00e7\u00e3o de duas aeronaves; A a\u00e9rea est\u00e1 em processod de recupera\u00e7\u00e3o judicial. Clique para saber mais.\",\"breadcrumb\":{\"@id\":\"https:\/\/www.suno.com.br\/noticias\/avianca-brasil-corta-voos-internacionais-para-nova-york-miami-e-santiago\/#breadcrumb\"},\"inLanguage\":\"pt-BR\",\"potentialAction\":[{\"@type\":\"ReadAction\",\"target\":[\"https:\/\/www.suno.com.br\/noticias\/avianca-brasil-corta-voos-internacionais-para-nova-york-miami-e-santiago\/\"]}]},{\"@type\":\"ImageObject\",\"inLanguage\":\"pt-BR\",\"@id\":\"https:\/\/www.suno.com.br\/noticias\/avianca-brasil-corta-voos-internacionais-para-nova-york-miami-e-santiago\/#primaryimage\",\"url\":\"https:\/\/files.sunoresearch.com.br\/n\/uploads\/2019\/01\/6416b9c9-avianca-brasil-jpg.webp\",\"contentUrl\":\"https:\/\/files.sunoresearch.com.br\/n\/uploads\/2019\/01\/6416b9c9-avianca-brasil-jpg.webp\",\"width\":1100,\"height\":370,\"caption\":\"Avianca Brasil negocia empr\u00e9stimo para n\u00e3o parar opera\u00e7\u00f5es\"},{\"@type\":\"BreadcrumbList\",\"@id\":\"https:\/\/www.suno.com.br\/noticias\/avianca-brasil-corta-voos-internacionais-para-nova-york-miami-e-santiago\/#breadcrumb\",\"itemListElement\":[{\"@type\":\"ListItem\",\"position\":1,\"name\":\"Not\u00edcias\",\"item\":\"https:\/\/www.suno.com.br\/noticias\/\"},{\"@type\":\"ListItem\",\"position\":2,\"name\":\"Neg\u00f3cios\",\"item\":\"https:\/\/www.suno.com.br\/noticias\/negocios\/\"},{\"@type\":\"ListItem\",\"position\":3,\"name\":\"Avianca Brasil corta voos internacionais para Nova York, Miami e Santiago\"}]},{\"@type\":\"WebSite\",\"@id\":\"https:\/\/www.suno.com.br\/noticias\/#website\",\"url\":\"https:\/\/www.suno.com.br\/noticias\/\",\"name\":\"Suno Not\u00edcias\",\"description\":\"Seu portal de informa\u00e7\u00e3o sobre o mundo dos investimentos\",\"publisher\":{\"@id\":\"https:\/\/www.suno.com.br\/noticias\/#organization\"},\"potentialAction\":[{\"@type\":\"SearchAction\",\"target\":{\"@type\":\"EntryPoint\",\"urlTemplate\":\"https:\/\/www.suno.com.br\/noticias\/?s={search_term_string}\"},\"query-input\":{\"@type\":\"PropertyValueSpecification\",\"valueRequired\":true,\"valueName\":\"search_term_string\"}}],\"inLanguage\":\"pt-BR\"},{\"@type\":\"Organization\",\"@id\":\"https:\/\/www.suno.com.br\/noticias\/#organization\",\"name\":\"Suno Not\u00edcias\",\"url\":\"https:\/\/www.suno.com.br\/noticias\/\",\"logo\":{\"@type\":\"ImageObject\",\"inLanguage\":\"pt-BR\",\"@id\":\"https:\/\/www.suno.com.br\/noticias\/#\/schema\/logo\/image\/\",\"url\":\"https:\/\/files.sunoresearch.com.br\/n\/uploads\/2021\/09\/suno-logo.png\",\"contentUrl\":\"https:\/\/files.sunoresearch.com.br\/n\/uploads\/2021\/09\/suno-logo.png\",\"width\":180,\"height\":180,\"caption\":\"Suno Not\u00edcias\"},\"image\":{\"@id\":\"https:\/\/www.suno.com.br\/noticias\/#\/schema\/logo\/image\/\"},\"sameAs\":[\"https:\/\/facebook.com\/sunoresearch\",\"https:\/\/x.com\/sunoresearch\",\"https:\/\/www.instagram.com\/suno\",\"https:\/\/www.linkedin.com\/company\/suno-research\/\",\"https:\/\/www.youtube.com\/c\/sunoresearch\"]},{\"@type\":\"Person\",\"@id\":\"https:\/\/www.suno.com.br\/noticias\/#\/schema\/person\/fc144a1c6108bd1dcd43784e88a3c138\",\"name\":\"Renan Bandeira\",\"image\":{\"@type\":\"ImageObject\",\"inLanguage\":\"pt-BR\",\"@id\":\"https:\/\/www.suno.com.br\/noticias\/#\/schema\/person\/image\/\",\"url\":\"https:\/\/secure.gravatar.com\/avatar\/68359cdb608f14f11bbefcb78f3fc747?s=96&r=g\",\"contentUrl\":\"https:\/\/secure.gravatar.com\/avatar\/68359cdb608f14f11bbefcb78f3fc747?s=96&r=g\",\"caption\":\"Renan Bandeira\"},\"description\":\"Renan Bandeira escreve sobre pol\u00edtica e economia para o portal da Suno Research. Antes da Suno, trabalhou em uma rede de televis\u00e3o, onde fazia reportagens sobre os mesmos temas. Estuda na Universidade Metodista de S\u00e3o Paulo.\",\"url\":\"https:\/\/www.suno.com.br\/noticias\/author\/renan-bandeira\/\"}]}<\/script>\n<!-- \/ Yoast SEO plugin. -->","yoast_head_json":{"title":"Avianca Brasil corta voos internacionais para Nova York, Miami e Santiago","description":"A Avianca Brasil tamb\u00e9m far\u00e1 a devolu\u00e7\u00e3o de duas aeronaves; A a\u00e9rea est\u00e1 em processod de recupera\u00e7\u00e3o judicial. Clique para saber mais.","robots":{"index":"index","follow":"follow","max-snippet":"max-snippet:-1","max-image-preview":"max-image-preview:large","max-video-preview":"max-video-preview:-1"},"canonical":"https:\/\/www.suno.com.br\/noticias\/avianca-brasil-corta-voos-internacionais-para-nova-york-miami-e-santiago\/","og_locale":"pt_BR","og_type":"article","og_title":"Avianca Brasil corta voos internacionais para Nova York, Miami e Santiago","og_description":"A Avianca Brasil tamb\u00e9m far\u00e1 a devolu\u00e7\u00e3o de duas aeronaves; A a\u00e9rea est\u00e1 em processod de recupera\u00e7\u00e3o judicial. Clique para saber mais.","og_url":"https:\/\/www.suno.com.br\/noticias\/avianca-brasil-corta-voos-internacionais-para-nova-york-miami-e-santiago\/","og_site_name":"Suno Not\u00edcias","article_publisher":"https:\/\/facebook.com\/sunoresearch","og_image":[{"width":1100,"height":370,"url":"https:\/\/files.sunoresearch.com.br\/n\/uploads\/2019\/01\/6416b9c9-avianca-brasil.jpg","type":"image\/jpeg"}],"author":"Renan Bandeira","twitter_card":"summary_large_image","twitter_creator":"@sunoresearch","twitter_site":"@sunoresearch","twitter_misc":{"Escrito por":"Renan Bandeira","Est. tempo de leitura":"2 minutos"},"schema":{"@context":"https:\/\/schema.org","@graph":[{"@type":"NewsArticle","@id":"https:\/\/www.suno.com.br\/noticias\/avianca-brasil-corta-voos-internacionais-para-nova-york-miami-e-santiago\/#article","isPartOf":{"@id":"https:\/\/www.suno.com.br\/noticias\/avianca-brasil-corta-voos-internacionais-para-nova-york-miami-e-santiago\/"},"author":{"name":"Renan Bandeira","@id":"https:\/\/www.suno.com.br\/noticias\/#\/schema\/person\/fc144a1c6108bd1dcd43784e88a3c138"},"headline":"Avianca Brasil corta voos internacionais para Nova York, Miami e Santiago","datePublished":"2019-01-17T13:48:37+00:00","mainEntityOfPage":{"@id":"https:\/\/www.suno.com.br\/noticias\/avianca-brasil-corta-voos-internacionais-para-nova-york-miami-e-santiago\/"},"wordCount":356,"publisher":{"@id":"https:\/\/www.suno.com.br\/noticias\/#organization"},"image":{"@id":"https:\/\/www.suno.com.br\/noticias\/avianca-brasil-corta-voos-internacionais-para-nova-york-miami-e-santiago\/#primaryimage"},"thumbnailUrl":"https:\/\/files.sunoresearch.com.br\/n\/uploads\/2019\/01\/6416b9c9-avianca-brasil-jpg.webp","keywords":["Avianca"],"articleSection":["Neg\u00f3cios"],"inLanguage":"pt-BR"},{"@type":"WebPage","@id":"https:\/\/www.suno.com.br\/noticias\/avianca-brasil-corta-voos-internacionais-para-nova-york-miami-e-santiago\/","url":"https:\/\/www.suno.com.br\/noticias\/avianca-brasil-corta-voos-internacionais-para-nova-york-miami-e-santiago\/","name":"Avianca Brasil corta voos internacionais para Nova York, Miami e Santiago","isPartOf":{"@id":"https:\/\/www.suno.com.br\/noticias\/#website"},"primaryImageOfPage":{"@id":"https:\/\/www.suno.com.br\/noticias\/avianca-brasil-corta-voos-internacionais-para-nova-york-miami-e-santiago\/#primaryimage"},"image":{"@id":"https:\/\/www.suno.com.br\/noticias\/avianca-brasil-corta-voos-internacionais-para-nova-york-miami-e-santiago\/#primaryimage"},"thumbnailUrl":"https:\/\/files.sunoresearch.com.br\/n\/uploads\/2019\/01\/6416b9c9-avianca-brasil-jpg.webp","datePublished":"2019-01-17T13:48:37+00:00","description":"A Avianca Brasil tamb\u00e9m far\u00e1 a devolu\u00e7\u00e3o de duas aeronaves; A a\u00e9rea est\u00e1 em processod de recupera\u00e7\u00e3o judicial. Clique para saber mais.","breadcrumb":{"@id":"https:\/\/www.suno.com.br\/noticias\/avianca-brasil-corta-voos-internacionais-para-nova-york-miami-e-santiago\/#breadcrumb"},"inLanguage":"pt-BR","potentialAction":[{"@type":"ReadAction","target":["https:\/\/www.suno.com.br\/noticias\/avianca-brasil-corta-voos-internacionais-para-nova-york-miami-e-santiago\/"]}]},{"@type":"ImageObject","inLanguage":"pt-BR","@id":"https:\/\/www.suno.com.br\/noticias\/avianca-brasil-corta-voos-internacionais-para-nova-york-miami-e-santiago\/#primaryimage","url":"https:\/\/files.sunoresearch.com.br\/n\/uploads\/2019\/01\/6416b9c9-avianca-brasil-jpg.webp","contentUrl":"https:\/\/files.sunoresearch.com.br\/n\/uploads\/2019\/01\/6416b9c9-avianca-brasil-jpg.webp","width":1100,"height":370,"caption":"Avianca Brasil negocia empr\u00e9stimo para n\u00e3o parar opera\u00e7\u00f5es"},{"@type":"BreadcrumbList","@id":"https:\/\/www.suno.com.br\/noticias\/avianca-brasil-corta-voos-internacionais-para-nova-york-miami-e-santiago\/#breadcrumb","itemListElement":[{"@type":"ListItem","position":1,"name":"Not\u00edcias","item":"https:\/\/www.suno.com.br\/noticias\/"},{"@type":"ListItem","position":2,"name":"Neg\u00f3cios","item":"https:\/\/www.suno.com.br\/noticias\/negocios\/"},{"@type":"ListItem","position":3,"name":"Avianca Brasil corta voos internacionais para Nova York, Miami e Santiago"}]},{"@type":"WebSite","@id":"https:\/\/www.suno.com.br\/noticias\/#website","url":"https:\/\/www.suno.com.br\/noticias\/","name":"Suno Not\u00edcias","description":"Seu portal de informa\u00e7\u00e3o sobre o mundo dos investimentos","publisher":{"@id":"https:\/\/www.suno.com.br\/noticias\/#organization"},"potentialAction":[{"@type":"SearchAction","target":{"@type":"EntryPoint","urlTemplate":"https:\/\/www.suno.com.br\/noticias\/?s={search_term_string}"},"query-input":{"@type":"PropertyValueSpecification","valueRequired":true,"valueName":"search_term_string"}}],"inLanguage":"pt-BR"},{"@type":"Organization","@id":"https:\/\/www.suno.com.br\/noticias\/#organization","name":"Suno Not\u00edcias","url":"https:\/\/www.suno.com.br\/noticias\/","logo":{"@type":"ImageObject","inLanguage":"pt-BR","@id":"https:\/\/www.suno.com.br\/noticias\/#\/schema\/logo\/image\/","url":"https:\/\/files.sunoresearch.com.br\/n\/uploads\/2021\/09\/suno-logo.png","contentUrl":"https:\/\/files.sunoresearch.com.br\/n\/uploads\/2021\/09\/suno-logo.png","width":180,"height":180,"caption":"Suno Not\u00edcias"},"image":{"@id":"https:\/\/www.suno.com.br\/noticias\/#\/schema\/logo\/image\/"},"sameAs":["https:\/\/facebook.com\/sunoresearch","https:\/\/x.com\/sunoresearch","https:\/\/www.instagram.com\/suno","https:\/\/www.linkedin.com\/company\/suno-research\/","https:\/\/www.youtube.com\/c\/sunoresearch"]},{"@type":"Person","@id":"https:\/\/www.suno.com.br\/noticias\/#\/schema\/person\/fc144a1c6108bd1dcd43784e88a3c138","name":"Renan Bandeira","image":{"@type":"ImageObject","inLanguage":"pt-BR","@id":"https:\/\/www.suno.com.br\/noticias\/#\/schema\/person\/image\/","url":"https:\/\/secure.gravatar.com\/avatar\/68359cdb608f14f11bbefcb78f3fc747?s=96&r=g","contentUrl":"https:\/\/secure.gravatar.com\/avatar\/68359cdb608f14f11bbefcb78f3fc747?s=96&r=g","caption":"Renan Bandeira"},"description":"Renan Bandeira escreve sobre pol\u00edtica e economia para o portal da Suno Research. Antes da Suno, trabalhou em uma rede de televis\u00e3o, onde fazia reportagens sobre os mesmos temas. Estuda na Universidade Metodista de S\u00e3o Paulo.","url":"https:\/\/www.suno.com.br\/noticias\/author\/renan-bandeira\/"}]}},"default_loop_html":"<div class=\"cardsPage__listCard__boxs\"><div class=\"cardsPage__listCard__boxs__img\"><a href=\"https:\/\/www.suno.com.br\/noticias\/avianca-brasil-corta-voos-internacionais-para-nova-york-miami-e-santiago\/\"><img class=\"mask\" src=\"https:\/\/www.suno.com.br\/noticias\/wp-content\/themes\/suno\/resources\/images\/spotlight\/spotlight1img\/bg-mask.png\" alt=\"Image Mask\"\/><img src=\"https:\/\/files.sunoresearch.com.br\/n\/uploads\/2019\/01\/6416b9c9-avianca-brasil-400x200.webp\" alt=\"Avianca Brasil corta voos internacionais para Nova York, Miami e Santiago\"\/><\/a><span class=\"spotlightCategory\"><a href=\"https:\/\/www.suno.com.br\/noticias\/negocios\/\">Neg\u00f3cios<\/a><\/span><\/div><div class=\"cardsPage__listCard__boxs__content\"><a href=\"https:\/\/www.suno.com.br\/noticias\/avianca-brasil-corta-voos-internacionais-para-nova-york-miami-e-santiago\/\"><h2 class=\"content__title\">Avianca Brasil corta voos internacionais para Nova York, Miami e Santiago<\/h2><\/a><div class=\"newsContent__article__meta\"><div class=\"newsContent__article__meta__authorBox\"><a href=\"https:\/\/www.suno.com.br\/noticias\/author\/renan-bandeira\/\" class=\"authorBox__avatar noMobi\"><img src=\"https:\/\/secure.gravatar.com\/avatar\/68359cdb608f14f11bbefcb78f3fc747?s=96&#038;r=g\" alt=\"Renan Bandeira\"><\/a><div class=\"authorBox__name\"><span>por\n\t\t\t<a href=\"https:\/\/www.suno.com.br\/noticias\/author\/renan-bandeira\/\"><span itemprop=\"author\">Renan Bandeira<\/span><\/a><\/span><time datetime=\"2019-01-17T11:48:37-02:00\" itemprop=\"datePublished\">17\/01\/2019 11:48<\/time><\/div><\/div><\/div><\/div><\/div>","single_layout":"posts","amp_enabled":true,"_links":{"self":[{"href":"https:\/\/www.suno.com.br\/noticias\/wp-json\/wp\/v2\/posts\/12053"}],"collection":[{"href":"https:\/\/www.suno.com.br\/noticias\/wp-json\/wp\/v2\/posts"}],"about":[{"href":"https:\/\/www.suno.com.br\/noticias\/wp-json\/wp\/v2\/types\/post"}],"author":[{"embeddable":true,"href":"https:\/\/www.suno.com.br\/noticias\/wp-json\/wp\/v2\/users\/11"}],"replies":[{"embeddable":true,"href":"https:\/\/www.suno.com.br\/noticias\/wp-json\/wp\/v2\/comments?post=12053"}],"version-history":[{"count":0,"href":"https:\/\/www.suno.com.br\/noticias\/wp-json\/wp\/v2\/posts\/12053\/revisions"}],"wp:featuredmedia":[{"embeddable":true,"href":"https:\/\/www.suno.com.br\/noticias\/wp-json\/wp\/v2\/media\/12059"}],"wp:attachment":[{"href":"https:\/\/www.suno.com.br\/noticias\/wp-json\/wp\/v2\/media?parent=12053"}],"wp:term":[{"taxonomy":"category","embeddable":true,"href":"https:\/\/www.suno.com.br\/noticias\/wp-json\/wp\/v2\/categories?post=12053"},{"taxonomy":"post_tag","embeddable":true,"href":"https:\/\/www.suno.com.br\/noticias\/wp-json\/wp\/v2\/tags?post=12053"},{"taxonomy":"suno_strategy","embeddable":true,"href":"https:\/\/www.suno.com.br\/noticias\/wp-json\/wp\/v2\/suno_strategy?post=12053"}],"curies":[{"name":"wp","href":"https:\/\/api.w.org\/{rel}","templated":true}]}}