{"id":120427,"date":"2021-02-10T13:55:38","date_gmt":"2021-02-10T16:55:38","guid":{"rendered":"https:\/\/www.suno.com.br\/noticias\/?p=120427"},"modified":"2021-02-17T22:02:01","modified_gmt":"2021-02-18T01:02:01","slug":"coronavoucher-governo-imposto-temporario","status":"publish","type":"post","link":"https:\/\/www.suno.com.br\/noticias\/coronavoucher-governo-imposto-temporario\/","title":{"rendered":"Aux\u00edlio emergencial: governo estuda imposto tempor\u00e1rio para bancar programa"},"content":{"rendered":"<p>O governo estuda a cria\u00e7\u00e3o de um &#8220;imposto emergencial e tempor\u00e1rio&#8221;, que seria utilizado para bancar a renova\u00e7\u00e3o do coronavoucher, o<strong> aux\u00edlio emergencial<\/strong> criado para combate \u00e0 pandemia do<a href=\"https:\/\/www.suno.com.br\/noticias\/search\/coronav%C3%ADrus\"> novo coronav\u00edrus (Covid-19)<\/a>. Segundo o jornal <em>O Estado de S.Paulo<\/em>, parlamentares j\u00e1 avaliam a possibilidade.<\/p>\t<div class=\"wrapper-featured-image\">\n\t\t<figure class=\"spotlightImg\">\n\n\t\t\t<picture>\n\t\t\t\t<source media=\"(max-width: 768px)\" srcset=\"https:\/\/files.sunoresearch.com.br\/n\/uploads\/2021\/02\/7f5153c2-coronavoucher-400x200.webp\">\n\t\t\t\t<img loading=\"lazy\" decoding=\"async\" class=\"newsContent__article__imgCapa lazyloadDisabled \" src=\"https:\/\/files.sunoresearch.com.br\/n\/uploads\/2021\/02\/7f5153c2-coronavoucher-800x450.webp\" width=\"800\" height=\"450\" alt=\"Aux\u00edlio emergencial: governo estuda imposto tempor\u00e1rio para bancar programa\" fetchpriority=high \/>\n\t\t\t<\/picture>\n\n\t\t\t<figcaption class=\"wp-caption-text wp-caption-text--show\">Aux\u00edlio emergencial. Foto: Reprodu\u00e7\u00e3o<\/figcaption>\n\t\t<\/figure>\n\t<\/div>\n\n\n\t<p>\n\t\t<a href=\"https:\/\/lp.suno.com.br\/planilha-controle-gastos\/\" target=\"_blank\" data-element=\"shortcode-suno-banner\" title=\"Banner SUNO, clique e saiba mais\">\n\t\t\t<picture>\n\t\t\t\t<source media=\"(max-width: 500px)\" srcset=\"https:\/\/files.sunoresearch.com.br\/n\/uploads\/2023\/03\/400x300-Planilha-controle-de-gastos.png\">\n\t\t\t\t<img class=\"newsContent__article__imgCapa newsContent__article__imgCapa--banner\"\n\t\t\t\t\tsrc=\"https:\/\/files.sunoresearch.com.br\/n\/uploads\/2023\/03\/1420x240-Planilha-controle-de-gastos.png\"\n\t\t\t\t\tdata-promo-id=\"101751\"\t\t\t\t\t\t\t\t\t\twidth='1420' height='240'\t\t\t\t\talt=\"https:\/\/files.sunoresearch.com.br\/n\/uploads\/2023\/03\/1420x240-Planilha-controle-de-gastos.png\"\n\t\t\t\t>\n\t\t\t<\/picture>\n\t\t<\/a>\n\t<\/p>\n\n\n<p>De acordo com o jornal, a expectativa \u00e9 ter uma nova onda de pagamento do aux\u00edlio emergencial ap\u00f3s o carnaval, na pr\u00f3xima semana. O &#8220;imposto tempor\u00e1rio&#8221; est\u00e1 entre as propostas que circulam no governo, apesar de o presidente <strong>Jair Bolsonaro<\/strong> j\u00e1 ter se colocado contra a cria\u00e7\u00e3o de um novo tributo.<\/p>\n<p>O Estad\u00e3o informou que o grupo t\u00e9cnico da equipe de Bolsonaro avalia at\u00e9 mesmo com algumas al\u00edquotas para a reedi\u00e7\u00e3o de um imposto <a href=\"https:\/\/www.suno.com.br\/artigos\/cpmf\/\">nos moldes da CPMF<\/a>, sobre transa\u00e7\u00f5es financeiras. Elas ficariam enttre 0,05% e 0,10%, podendo chegar a 0,15%.<\/p>\n<div>\n<div id=\"60141a969004bb2e956386a8\" class=\"op-interactive\" data-title=\"Quiz dos Investimentos\" data-url=\"https:\/\/sunoresearch289.outgrow.us\/60141a969004bb2e956386a8?vHeight=1\" data-width=\"100%\"><\/div>\n<p><script src='\/\/dyv6f9ner1ir9.cloudfront.net\/assets\/js\/nloader.js'><\/script><script>initIframe('60141a969004bb2e956386a8');<\/script><\/p>\n<\/div>\n<p>Embora tempor\u00e1rio, o novo imposto n\u00e3o teria data fixa para ser extinto. Ele ficaria vigente o tempo que fosse necess\u00e1rio para dar f\u00f4lego ao aux\u00edlio emergencial. Vale lembrar que a letra &#8220;P&#8221;, da <strong>CPFM<\/strong>, se referia \u00e0 palavra &#8220;provis\u00f3ria&#8221; &#8212; o imposto vigorou por uma d\u00e9cada, entre 1997 e 2007.<\/p>\n<h2>Pagamento do aux\u00edlio emergencial e a Lei de Responsabilidade Fiscal<\/h2>\n<p>A possibilidade da cria\u00e7\u00e3o do novo tributo est\u00e1 sendo discutida entre os congressistas pelo fato de que o governo precisa aumentar a arrecada\u00e7\u00e3o para retomar o <strong>aux\u00edlio emergencial<\/strong>.<\/p>\n<p>A Lei de Responsabilidade Fiscal exige a necessidade de cumprimento da meta de resultado prim\u00e1rio. O resultado consiste na diferen\u00e7a entre o que o governo recebe e com o que gasta, descontando os juros da d\u00edvida. \u00c9 similar \u00e0 capacidade de gera\u00e7\u00e3o de caixa.<\/p>\n\t<div data-element=\"shortcode-read-more\" class=\"knowMore\">\n\t\t\t\t<span class=\"knowMore__title\">Leia mais<\/span>\n\t\t\t\t<a class=\"knowMore__link\" href=\"https:\/\/www.suno.com.br\/noticias\/bolsonaro-diz-acreditar-novo-auxilio-emergencial\/\">\n\t\t\tBolsonaro diz acreditar que haver\u00e1 novo aux\u00edlio emergencial\t\t<\/a>\n\t<\/div>\n\n\n<p>Mesmo que as despesas para o pagamento do aux\u00edlio fiquem fora do limite do <strong>Teto de Gastos<\/strong>, a regra impede que as despesas aumentem em ritmo superior \u00e0 infla\u00e7\u00e3o. Com isso governo teria de arrumar a compensa\u00e7\u00e3o em aumento de arrecada\u00e7\u00e3o ou corte de despesas.<\/p>\n<p>Outra possibilidade seria alterar a <a href=\"https:\/\/www.suno.com.br\/artigos\/politica-fiscal\/\">meta fiscal<\/a>, que estima um rombo de R$ 247,1 bilh\u00f5es ao fim deste ano. No ano passado, com o Or\u00e7amento de Guerra, as regras fiscais foram suspensas e o governo n\u00e3o precisou cumprir a meta fiscal.<\/p>\n\t<p>\n\t\t<a href=\"https:\/\/lp.suno.com.br\/planilha-da-vida-financeira\/\" target=\"_blank\" data-element=\"shortcode-suno-banner\" title=\"Banner SUNO, clique e saiba mais\">\n\t\t\t<picture>\n\t\t\t\t<source media=\"(max-width: 500px)\" srcset=\"https:\/\/files.sunoresearch.com.br\/n\/uploads\/2023\/04\/400x300-Planilha-vida-financeira-true.png\">\n\t\t\t\t<img class=\"newsContent__article__imgCapa newsContent__article__imgCapa--banner\"\n\t\t\t\t\tsrc=\"https:\/\/files.sunoresearch.com.br\/n\/uploads\/2023\/04\/1420x240-Planilha-vida-financeira-true.png\"\n\t\t\t\t\tdata-promo-id=\"106682\"\t\t\t\t\t\t\t\t\t\twidth='1420' height='240'\t\t\t\t\talt=\"https:\/\/files.sunoresearch.com.br\/n\/uploads\/2023\/04\/1420x240-Planilha-vida-financeira-true.png\"\n\t\t\t\t>\n\t\t\t<\/picture>\n\t\t<\/a>\n\t<\/p>\n\n\n<p>Dessa forma, ano passado marcou o maior rombo da hist\u00f3ria do Pa\u00eds, na ordem de R$ 743,1 bilh\u00f5es, equivalente a aproximadamente 10% do <a href=\"https:\/\/www.suno.com.br\/artigos\/pib-produto-interno-bruto\/\">Produto Interno Bruto (<strong>PIB<\/strong>)<\/a>.<\/p>\n<p>Na \u00faltima segunda-feira (8), em entrevista \u00e0 TV Bandeirantes, Bolsonaro disse acreditar que haver\u00e1 a renova\u00e7\u00e3o do <strong>aux\u00edlio emergencial<\/strong>. Contudo, o mandat\u00e1rio continuadamente volta a afirmar que um novo imposto n\u00e3o ser\u00e1 criado &#8220;se o povo n\u00e3o quiser&#8221;.<\/p>\n<p><em>Com informa\u00e7\u00f5es do Estad\u00e3o Conte\u00fado.<\/em><\/p>\n\t<p>\n\t\t<a href=\"https:\/\/lp.suno.com.br\/planilha-de-controle-de-investimentos\/\" target=\"_blank\" data-element=\"shortcode-suno-banner\" title=\"Banner SUNO, clique e saiba mais\">\n\t\t\t<picture>\n\t\t\t\t<source media=\"(max-width: 500px)\" srcset=\"https:\/\/files.sunoresearch.com.br\/n\/uploads\/2023\/03\/400x300-Controle-de-Investimentos.png\">\n\t\t\t\t<img class=\"newsContent__article__imgCapa newsContent__article__imgCapa--banner\"\n\t\t\t\t\tsrc=\"https:\/\/files.sunoresearch.com.br\/n\/uploads\/2023\/03\/1420x240-Controle-de-Investimentos.png\"\n\t\t\t\t\tdata-promo-id=\"75934\"\t\t\t\t\t\t\t\t\t\twidth='1420' height='240'\t\t\t\t\talt=\"https:\/\/files.sunoresearch.com.br\/n\/uploads\/2023\/03\/1420x240-Controle-de-Investimentos.png\"\n\t\t\t\t>\n\t\t\t<\/picture>\n\t\t<\/a>\n\t<\/p>\n\n\n","protected":false},"excerpt":{"rendered":"<p>O governo estuda a cria\u00e7\u00e3o de um &#8220;imposto emergencial e tempor\u00e1rio&#8221;, que seria utilizado para bancar a renova\u00e7\u00e3o do coronavoucher, o aux\u00edlio emergencial criado para combate \u00e0 pandemia do novo coronav\u00edrus (Covid-19). Segundo o jornal O Estado de S.Paulo, parlamentares j\u00e1 avaliam a possibilidade. Aux\u00edlio emergencial. Foto: Reprodu\u00e7\u00e3o De acordo com o jornal, a expectativa [&hellip;]<\/p>\n","protected":false},"author":24,"featured_media":120439,"comment_status":"closed","ping_status":"closed","sticky":false,"template":"","format":"standard","meta":[],"categories":[62],"tags":[17139,2487,12737,740,704,719,796],"suno_strategy":[],"class_list":["post-120427","post","type-post","status-publish","format-standard","has-post-thumbnail","hentry","category-economia","tag-auxilio-emergencial","tag-coronavirus","tag-coronavoucher","tag-economia","tag-impostos","tag-jair-bolsonaro","tag-paulo-guedes"],"yoast_head":"<!-- This site is optimized with the Yoast SEO plugin v24.4 - https:\/\/yoast.com\/wordpress\/plugins\/seo\/ -->\n<title>Aux\u00edlio emergencial: imposto tempor\u00e1rio \u00e9 avaliado para bancar programa<\/title>\n<meta name=\"description\" content=\"O governo estuda a cria\u00e7\u00e3o de um &quot;imposto emergencial e tempor\u00e1rio&quot;, que seria utilizado para bancar o aux\u00edlio emergencial. Saiba mais.\" \/>\n<meta name=\"robots\" content=\"index, follow, max-snippet:-1, max-image-preview:large, max-video-preview:-1\" \/>\n<link rel=\"canonical\" href=\"https:\/\/www.suno.com.br\/noticias\/coronavoucher-governo-imposto-temporario\/\" \/>\n<meta property=\"og:locale\" content=\"pt_BR\" \/>\n<meta property=\"og:type\" content=\"article\" \/>\n<meta property=\"og:title\" content=\"Aux\u00edlio emergencial: imposto tempor\u00e1rio \u00e9 avaliado para bancar programa\" \/>\n<meta property=\"og:description\" content=\"O governo estuda a cria\u00e7\u00e3o de um &quot;imposto emergencial e tempor\u00e1rio&quot;, que seria utilizado para bancar o aux\u00edlio emergencial. Saiba mais.\" \/>\n<meta property=\"og:url\" content=\"https:\/\/www.suno.com.br\/noticias\/coronavoucher-governo-imposto-temporario\/\" \/>\n<meta property=\"og:site_name\" content=\"Suno Not\u00edcias\" \/>\n<meta property=\"article:publisher\" content=\"https:\/\/facebook.com\/sunoresearch\" \/>\n<meta property=\"og:image\" content=\"https:\/\/files.sunoresearch.com.br\/n\/uploads\/2021\/02\/7f5153c2-coronavoucher.jpg\" \/>\n\t<meta property=\"og:image:width\" content=\"1400\" \/>\n\t<meta property=\"og:image:height\" content=\"1050\" \/>\n\t<meta property=\"og:image:type\" content=\"image\/jpeg\" \/>\n<meta name=\"author\" content=\"Jader Lazarini\" \/>\n<meta name=\"twitter:card\" content=\"summary_large_image\" \/>\n<meta name=\"twitter:creator\" content=\"@sunoresearch\" \/>\n<meta name=\"twitter:site\" content=\"@sunoresearch\" \/>\n<meta name=\"twitter:label1\" content=\"Escrito por\" \/>\n\t<meta name=\"twitter:data1\" content=\"Jader Lazarini\" \/>\n\t<meta name=\"twitter:label2\" content=\"Est. tempo de leitura\" \/>\n\t<meta name=\"twitter:data2\" content=\"2 minutos\" \/>\n<script type=\"application\/ld+json\" class=\"yoast-schema-graph\">{\"@context\":\"https:\/\/schema.org\",\"@graph\":[{\"@type\":\"NewsArticle\",\"@id\":\"https:\/\/www.suno.com.br\/noticias\/coronavoucher-governo-imposto-temporario\/#article\",\"isPartOf\":{\"@id\":\"https:\/\/www.suno.com.br\/noticias\/coronavoucher-governo-imposto-temporario\/\"},\"author\":{\"name\":\"Jader Lazarini\",\"@id\":\"https:\/\/www.suno.com.br\/noticias\/#\/schema\/person\/918d79de1f0281f01599b93f9ea6e23f\"},\"headline\":\"Aux\u00edlio emergencial: governo estuda imposto tempor\u00e1rio para bancar programa\",\"datePublished\":\"2021-02-10T16:55:38+00:00\",\"dateModified\":\"2021-02-18T01:02:01+00:00\",\"mainEntityOfPage\":{\"@id\":\"https:\/\/www.suno.com.br\/noticias\/coronavoucher-governo-imposto-temporario\/\"},\"wordCount\":483,\"publisher\":{\"@id\":\"https:\/\/www.suno.com.br\/noticias\/#organization\"},\"image\":{\"@id\":\"https:\/\/www.suno.com.br\/noticias\/coronavoucher-governo-imposto-temporario\/#primaryimage\"},\"thumbnailUrl\":\"https:\/\/files.sunoresearch.com.br\/n\/uploads\/2021\/02\/7f5153c2-coronavoucher-jpg.webp\",\"keywords\":[\"aux\u00edlio emergencial\",\"coronav\u00edrus\",\"coronavoucher\",\"Economia\",\"impostos\",\"Jair Bolsonaro\",\"Paulo Guedes\"],\"articleSection\":[\"Economia\"],\"inLanguage\":\"pt-BR\"},{\"@type\":\"WebPage\",\"@id\":\"https:\/\/www.suno.com.br\/noticias\/coronavoucher-governo-imposto-temporario\/\",\"url\":\"https:\/\/www.suno.com.br\/noticias\/coronavoucher-governo-imposto-temporario\/\",\"name\":\"Aux\u00edlio emergencial: imposto tempor\u00e1rio \u00e9 avaliado para bancar programa\",\"isPartOf\":{\"@id\":\"https:\/\/www.suno.com.br\/noticias\/#website\"},\"primaryImageOfPage\":{\"@id\":\"https:\/\/www.suno.com.br\/noticias\/coronavoucher-governo-imposto-temporario\/#primaryimage\"},\"image\":{\"@id\":\"https:\/\/www.suno.com.br\/noticias\/coronavoucher-governo-imposto-temporario\/#primaryimage\"},\"thumbnailUrl\":\"https:\/\/files.sunoresearch.com.br\/n\/uploads\/2021\/02\/7f5153c2-coronavoucher-jpg.webp\",\"datePublished\":\"2021-02-10T16:55:38+00:00\",\"dateModified\":\"2021-02-18T01:02:01+00:00\",\"description\":\"O governo estuda a cria\u00e7\u00e3o de um \\\"imposto emergencial e tempor\u00e1rio\\\", que seria utilizado para bancar o aux\u00edlio emergencial. Saiba mais.\",\"breadcrumb\":{\"@id\":\"https:\/\/www.suno.com.br\/noticias\/coronavoucher-governo-imposto-temporario\/#breadcrumb\"},\"inLanguage\":\"pt-BR\",\"potentialAction\":[{\"@type\":\"ReadAction\",\"target\":[\"https:\/\/www.suno.com.br\/noticias\/coronavoucher-governo-imposto-temporario\/\"]}]},{\"@type\":\"ImageObject\",\"inLanguage\":\"pt-BR\",\"@id\":\"https:\/\/www.suno.com.br\/noticias\/coronavoucher-governo-imposto-temporario\/#primaryimage\",\"url\":\"https:\/\/files.sunoresearch.com.br\/n\/uploads\/2021\/02\/7f5153c2-coronavoucher-jpg.webp\",\"contentUrl\":\"https:\/\/files.sunoresearch.com.br\/n\/uploads\/2021\/02\/7f5153c2-coronavoucher-jpg.webp\",\"width\":1400,\"height\":1050,\"caption\":\"Aux\u00edlio emergencial. Foto: Reprodu\u00e7\u00e3o\"},{\"@type\":\"BreadcrumbList\",\"@id\":\"https:\/\/www.suno.com.br\/noticias\/coronavoucher-governo-imposto-temporario\/#breadcrumb\",\"itemListElement\":[{\"@type\":\"ListItem\",\"position\":1,\"name\":\"Not\u00edcias\",\"item\":\"https:\/\/www.suno.com.br\/noticias\/\"},{\"@type\":\"ListItem\",\"position\":2,\"name\":\"Economia\",\"item\":\"https:\/\/www.suno.com.br\/noticias\/economia\/\"},{\"@type\":\"ListItem\",\"position\":3,\"name\":\"Aux\u00edlio emergencial: governo estuda imposto tempor\u00e1rio para bancar programa\"}]},{\"@type\":\"WebSite\",\"@id\":\"https:\/\/www.suno.com.br\/noticias\/#website\",\"url\":\"https:\/\/www.suno.com.br\/noticias\/\",\"name\":\"Suno Not\u00edcias\",\"description\":\"Seu portal de informa\u00e7\u00e3o sobre o mundo dos investimentos\",\"publisher\":{\"@id\":\"https:\/\/www.suno.com.br\/noticias\/#organization\"},\"potentialAction\":[{\"@type\":\"SearchAction\",\"target\":{\"@type\":\"EntryPoint\",\"urlTemplate\":\"https:\/\/www.suno.com.br\/noticias\/?s={search_term_string}\"},\"query-input\":{\"@type\":\"PropertyValueSpecification\",\"valueRequired\":true,\"valueName\":\"search_term_string\"}}],\"inLanguage\":\"pt-BR\"},{\"@type\":\"Organization\",\"@id\":\"https:\/\/www.suno.com.br\/noticias\/#organization\",\"name\":\"Suno Not\u00edcias\",\"url\":\"https:\/\/www.suno.com.br\/noticias\/\",\"logo\":{\"@type\":\"ImageObject\",\"inLanguage\":\"pt-BR\",\"@id\":\"https:\/\/www.suno.com.br\/noticias\/#\/schema\/logo\/image\/\",\"url\":\"https:\/\/files.sunoresearch.com.br\/n\/uploads\/2021\/09\/suno-logo.png\",\"contentUrl\":\"https:\/\/files.sunoresearch.com.br\/n\/uploads\/2021\/09\/suno-logo.png\",\"width\":180,\"height\":180,\"caption\":\"Suno Not\u00edcias\"},\"image\":{\"@id\":\"https:\/\/www.suno.com.br\/noticias\/#\/schema\/logo\/image\/\"},\"sameAs\":[\"https:\/\/facebook.com\/sunoresearch\",\"https:\/\/x.com\/sunoresearch\",\"https:\/\/www.instagram.com\/suno\",\"https:\/\/www.linkedin.com\/company\/suno-research\/\",\"https:\/\/www.youtube.com\/c\/sunoresearch\"]},{\"@type\":\"Person\",\"@id\":\"https:\/\/www.suno.com.br\/noticias\/#\/schema\/person\/918d79de1f0281f01599b93f9ea6e23f\",\"name\":\"Jader Lazarini\",\"image\":{\"@type\":\"ImageObject\",\"inLanguage\":\"pt-BR\",\"@id\":\"https:\/\/www.suno.com.br\/noticias\/#\/schema\/person\/image\/\",\"url\":\"https:\/\/secure.gravatar.com\/avatar\/3c1ad8caa51589841baeb923fcddea97?s=96&r=g\",\"contentUrl\":\"https:\/\/secure.gravatar.com\/avatar\/3c1ad8caa51589841baeb923fcddea97?s=96&r=g\",\"caption\":\"Jader Lazarini\"},\"description\":\"Jader Lazarini escreve sobre investimentos, finan\u00e7as, economia e neg\u00f3cios. \u00c9 bacharel em Rela\u00e7\u00f5es Internacionais e analista CNPI (2619).\",\"url\":\"https:\/\/www.suno.com.br\/noticias\/author\/jader-lazarini\/\"}]}<\/script>\n<!-- \/ Yoast SEO plugin. -->","yoast_head_json":{"title":"Aux\u00edlio emergencial: imposto tempor\u00e1rio \u00e9 avaliado para bancar programa","description":"O governo estuda a cria\u00e7\u00e3o de um \"imposto emergencial e tempor\u00e1rio\", que seria utilizado para bancar o aux\u00edlio emergencial. Saiba mais.","robots":{"index":"index","follow":"follow","max-snippet":"max-snippet:-1","max-image-preview":"max-image-preview:large","max-video-preview":"max-video-preview:-1"},"canonical":"https:\/\/www.suno.com.br\/noticias\/coronavoucher-governo-imposto-temporario\/","og_locale":"pt_BR","og_type":"article","og_title":"Aux\u00edlio emergencial: imposto tempor\u00e1rio \u00e9 avaliado para bancar programa","og_description":"O governo estuda a cria\u00e7\u00e3o de um \"imposto emergencial e tempor\u00e1rio\", que seria utilizado para bancar o aux\u00edlio emergencial. Saiba mais.","og_url":"https:\/\/www.suno.com.br\/noticias\/coronavoucher-governo-imposto-temporario\/","og_site_name":"Suno Not\u00edcias","article_publisher":"https:\/\/facebook.com\/sunoresearch","og_image":[{"width":1400,"height":1050,"url":"https:\/\/files.sunoresearch.com.br\/n\/uploads\/2021\/02\/7f5153c2-coronavoucher.jpg","type":"image\/jpeg"}],"author":"Jader Lazarini","twitter_card":"summary_large_image","twitter_creator":"@sunoresearch","twitter_site":"@sunoresearch","twitter_misc":{"Escrito por":"Jader Lazarini","Est. tempo de leitura":"2 minutos"},"schema":{"@context":"https:\/\/schema.org","@graph":[{"@type":"NewsArticle","@id":"https:\/\/www.suno.com.br\/noticias\/coronavoucher-governo-imposto-temporario\/#article","isPartOf":{"@id":"https:\/\/www.suno.com.br\/noticias\/coronavoucher-governo-imposto-temporario\/"},"author":{"name":"Jader Lazarini","@id":"https:\/\/www.suno.com.br\/noticias\/#\/schema\/person\/918d79de1f0281f01599b93f9ea6e23f"},"headline":"Aux\u00edlio emergencial: governo estuda imposto tempor\u00e1rio para bancar programa","datePublished":"2021-02-10T16:55:38+00:00","dateModified":"2021-02-18T01:02:01+00:00","mainEntityOfPage":{"@id":"https:\/\/www.suno.com.br\/noticias\/coronavoucher-governo-imposto-temporario\/"},"wordCount":483,"publisher":{"@id":"https:\/\/www.suno.com.br\/noticias\/#organization"},"image":{"@id":"https:\/\/www.suno.com.br\/noticias\/coronavoucher-governo-imposto-temporario\/#primaryimage"},"thumbnailUrl":"https:\/\/files.sunoresearch.com.br\/n\/uploads\/2021\/02\/7f5153c2-coronavoucher-jpg.webp","keywords":["aux\u00edlio emergencial","coronav\u00edrus","coronavoucher","Economia","impostos","Jair Bolsonaro","Paulo Guedes"],"articleSection":["Economia"],"inLanguage":"pt-BR"},{"@type":"WebPage","@id":"https:\/\/www.suno.com.br\/noticias\/coronavoucher-governo-imposto-temporario\/","url":"https:\/\/www.suno.com.br\/noticias\/coronavoucher-governo-imposto-temporario\/","name":"Aux\u00edlio emergencial: imposto tempor\u00e1rio \u00e9 avaliado para bancar programa","isPartOf":{"@id":"https:\/\/www.suno.com.br\/noticias\/#website"},"primaryImageOfPage":{"@id":"https:\/\/www.suno.com.br\/noticias\/coronavoucher-governo-imposto-temporario\/#primaryimage"},"image":{"@id":"https:\/\/www.suno.com.br\/noticias\/coronavoucher-governo-imposto-temporario\/#primaryimage"},"thumbnailUrl":"https:\/\/files.sunoresearch.com.br\/n\/uploads\/2021\/02\/7f5153c2-coronavoucher-jpg.webp","datePublished":"2021-02-10T16:55:38+00:00","dateModified":"2021-02-18T01:02:01+00:00","description":"O governo estuda a cria\u00e7\u00e3o de um \"imposto emergencial e tempor\u00e1rio\", que seria utilizado para bancar o aux\u00edlio emergencial. Saiba mais.","breadcrumb":{"@id":"https:\/\/www.suno.com.br\/noticias\/coronavoucher-governo-imposto-temporario\/#breadcrumb"},"inLanguage":"pt-BR","potentialAction":[{"@type":"ReadAction","target":["https:\/\/www.suno.com.br\/noticias\/coronavoucher-governo-imposto-temporario\/"]}]},{"@type":"ImageObject","inLanguage":"pt-BR","@id":"https:\/\/www.suno.com.br\/noticias\/coronavoucher-governo-imposto-temporario\/#primaryimage","url":"https:\/\/files.sunoresearch.com.br\/n\/uploads\/2021\/02\/7f5153c2-coronavoucher-jpg.webp","contentUrl":"https:\/\/files.sunoresearch.com.br\/n\/uploads\/2021\/02\/7f5153c2-coronavoucher-jpg.webp","width":1400,"height":1050,"caption":"Aux\u00edlio emergencial. Foto: Reprodu\u00e7\u00e3o"},{"@type":"BreadcrumbList","@id":"https:\/\/www.suno.com.br\/noticias\/coronavoucher-governo-imposto-temporario\/#breadcrumb","itemListElement":[{"@type":"ListItem","position":1,"name":"Not\u00edcias","item":"https:\/\/www.suno.com.br\/noticias\/"},{"@type":"ListItem","position":2,"name":"Economia","item":"https:\/\/www.suno.com.br\/noticias\/economia\/"},{"@type":"ListItem","position":3,"name":"Aux\u00edlio emergencial: governo estuda imposto tempor\u00e1rio para bancar programa"}]},{"@type":"WebSite","@id":"https:\/\/www.suno.com.br\/noticias\/#website","url":"https:\/\/www.suno.com.br\/noticias\/","name":"Suno Not\u00edcias","description":"Seu portal de informa\u00e7\u00e3o sobre o mundo dos investimentos","publisher":{"@id":"https:\/\/www.suno.com.br\/noticias\/#organization"},"potentialAction":[{"@type":"SearchAction","target":{"@type":"EntryPoint","urlTemplate":"https:\/\/www.suno.com.br\/noticias\/?s={search_term_string}"},"query-input":{"@type":"PropertyValueSpecification","valueRequired":true,"valueName":"search_term_string"}}],"inLanguage":"pt-BR"},{"@type":"Organization","@id":"https:\/\/www.suno.com.br\/noticias\/#organization","name":"Suno Not\u00edcias","url":"https:\/\/www.suno.com.br\/noticias\/","logo":{"@type":"ImageObject","inLanguage":"pt-BR","@id":"https:\/\/www.suno.com.br\/noticias\/#\/schema\/logo\/image\/","url":"https:\/\/files.sunoresearch.com.br\/n\/uploads\/2021\/09\/suno-logo.png","contentUrl":"https:\/\/files.sunoresearch.com.br\/n\/uploads\/2021\/09\/suno-logo.png","width":180,"height":180,"caption":"Suno Not\u00edcias"},"image":{"@id":"https:\/\/www.suno.com.br\/noticias\/#\/schema\/logo\/image\/"},"sameAs":["https:\/\/facebook.com\/sunoresearch","https:\/\/x.com\/sunoresearch","https:\/\/www.instagram.com\/suno","https:\/\/www.linkedin.com\/company\/suno-research\/","https:\/\/www.youtube.com\/c\/sunoresearch"]},{"@type":"Person","@id":"https:\/\/www.suno.com.br\/noticias\/#\/schema\/person\/918d79de1f0281f01599b93f9ea6e23f","name":"Jader Lazarini","image":{"@type":"ImageObject","inLanguage":"pt-BR","@id":"https:\/\/www.suno.com.br\/noticias\/#\/schema\/person\/image\/","url":"https:\/\/secure.gravatar.com\/avatar\/3c1ad8caa51589841baeb923fcddea97?s=96&r=g","contentUrl":"https:\/\/secure.gravatar.com\/avatar\/3c1ad8caa51589841baeb923fcddea97?s=96&r=g","caption":"Jader Lazarini"},"description":"Jader Lazarini escreve sobre investimentos, finan\u00e7as, economia e neg\u00f3cios. \u00c9 bacharel em Rela\u00e7\u00f5es Internacionais e analista CNPI (2619).","url":"https:\/\/www.suno.com.br\/noticias\/author\/jader-lazarini\/"}]}},"default_loop_html":"<div class=\"cardsPage__listCard__boxs\"><div class=\"cardsPage__listCard__boxs__img\"><a href=\"https:\/\/www.suno.com.br\/noticias\/coronavoucher-governo-imposto-temporario\/\"><img class=\"mask\" src=\"https:\/\/www.suno.com.br\/noticias\/wp-content\/themes\/suno\/resources\/images\/spotlight\/spotlight1img\/bg-mask.png\" alt=\"Image Mask\"\/><img src=\"https:\/\/files.sunoresearch.com.br\/n\/uploads\/2021\/02\/7f5153c2-coronavoucher-400x200.webp\" alt=\"Aux\u00edlio emergencial: governo estuda imposto tempor\u00e1rio para bancar programa\"\/><\/a><span class=\"spotlightCategory\"><a href=\"https:\/\/www.suno.com.br\/noticias\/economia\/\">Economia<\/a><\/span><\/div><div class=\"cardsPage__listCard__boxs__content\"><a href=\"https:\/\/www.suno.com.br\/noticias\/coronavoucher-governo-imposto-temporario\/\"><h2 class=\"content__title\">Aux\u00edlio emergencial: governo estuda imposto tempor\u00e1rio para bancar programa<\/h2><\/a><div class=\"newsContent__article__meta\"><div class=\"newsContent__article__meta__authorBox\"><a href=\"https:\/\/www.suno.com.br\/noticias\/author\/jader-lazarini\/\" class=\"authorBox__avatar noMobi\"><img src=\"https:\/\/files.sunoresearch.com.br\/n\/uploads\/2021\/01\/178e6598-foto-perfil-2-150x150.jpg\" alt=\"Jader Lazarini\"><\/a><div class=\"authorBox__name\"><span>por\n\t\t\t<a href=\"https:\/\/www.suno.com.br\/noticias\/author\/jader-lazarini\/\"><span itemprop=\"author\">Jader Lazarini<\/span><\/a><\/span><time datetime=\"2021-02-10T13:55:38-03:00\" itemprop=\"datePublished\">10\/02\/2021 13:55<\/time><\/div><\/div><\/div><\/div><\/div>","single_layout":"posts","amp_enabled":true,"_links":{"self":[{"href":"https:\/\/www.suno.com.br\/noticias\/wp-json\/wp\/v2\/posts\/120427"}],"collection":[{"href":"https:\/\/www.suno.com.br\/noticias\/wp-json\/wp\/v2\/posts"}],"about":[{"href":"https:\/\/www.suno.com.br\/noticias\/wp-json\/wp\/v2\/types\/post"}],"author":[{"embeddable":true,"href":"https:\/\/www.suno.com.br\/noticias\/wp-json\/wp\/v2\/users\/24"}],"replies":[{"embeddable":true,"href":"https:\/\/www.suno.com.br\/noticias\/wp-json\/wp\/v2\/comments?post=120427"}],"version-history":[{"count":0,"href":"https:\/\/www.suno.com.br\/noticias\/wp-json\/wp\/v2\/posts\/120427\/revisions"}],"wp:featuredmedia":[{"embeddable":true,"href":"https:\/\/www.suno.com.br\/noticias\/wp-json\/wp\/v2\/media\/120439"}],"wp:attachment":[{"href":"https:\/\/www.suno.com.br\/noticias\/wp-json\/wp\/v2\/media?parent=120427"}],"wp:term":[{"taxonomy":"category","embeddable":true,"href":"https:\/\/www.suno.com.br\/noticias\/wp-json\/wp\/v2\/categories?post=120427"},{"taxonomy":"post_tag","embeddable":true,"href":"https:\/\/www.suno.com.br\/noticias\/wp-json\/wp\/v2\/tags?post=120427"},{"taxonomy":"suno_strategy","embeddable":true,"href":"https:\/\/www.suno.com.br\/noticias\/wp-json\/wp\/v2\/suno_strategy?post=120427"}],"curies":[{"name":"wp","href":"https:\/\/api.w.org\/{rel}","templated":true}]}}