{"id":120264,"date":"2021-02-10T08:19:57","date_gmt":"2021-02-10T11:19:57","guid":{"rendered":"https:\/\/www.suno.com.br\/noticias\/?p=120264"},"modified":"2021-02-10T08:19:57","modified_gmt":"2021-02-10T11:19:57","slug":"westwing-west3-precifica-oferta-inicia","status":"publish","type":"post","link":"https:\/\/www.suno.com.br\/noticias\/westwing-west3-precifica-oferta-inicia\/","title":{"rendered":"Westwing (WEST3) precifica oferta inicial de a\u00e7\u00f5es perto do teto e capta R$ 1,16 bi"},"content":{"rendered":"<p>A <strong>Westwing<\/strong> (WEST3) precificou na noite desta ter\u00e7a-feira (9) sua <a href=\"https:\/\/www.suno.com.br\/artigos\/ipo\/\">oferta inicial de a\u00e7\u00f5es (IPO)<\/a> por R$ 13. O pre\u00e7o do papel ficou pr\u00f3ximo ao teto da faixa indicativa, que ia de R$ 10,50\u00a0 a R$ 13,66. A companhia levantou R$ 1,16 bilh\u00e3o na opera\u00e7\u00e3o e <a href=\"https:\/\/www.suno.com.br\/artigos\/como-fazer-valuation-empresas\/\">foi avaliada<\/a> em R$ 1,55 bilh\u00e3o, de acordo com o site da Exame.<\/p>\t<div class=\"wrapper-featured-image\">\n\t\t<figure class=\"spotlightImg\">\n\n\t\t\t<picture>\n\t\t\t\t<source media=\"(max-width: 768px)\" srcset=\"https:\/\/files.sunoresearch.com.br\/n\/uploads\/2021\/02\/31ac4ccb-westwing-400x200.webp\">\n\t\t\t\t<img loading=\"lazy\" decoding=\"async\" class=\"newsContent__article__imgCapa lazyloadDisabled \" src=\"https:\/\/files.sunoresearch.com.br\/n\/uploads\/2021\/02\/31ac4ccb-westwing-800x450.webp\" width=\"800\" height=\"450\" alt=\"Westwing (WEST3) precifica oferta inicial de a\u00e7\u00f5es perto do teto e capta R$ 1,16 bi\" fetchpriority=high \/>\n\t\t\t<\/picture>\n\n\t\t\t<figcaption class=\"wp-caption-text wp-caption-text--show\">Foto: Reprodu\u00e7\u00e3o<\/figcaption>\n\t\t<\/figure>\n\t<\/div>\n\n\n<p><span style=\"font-weight: 400;\">\u00a0\t<p>\n\t\t<a href=\"https:\/\/lp.suno.com.br\/ebook-como-analisar-uma-acao\/\" target=\"_blank\" data-element=\"shortcode-suno-banner\" title=\"Banner SUNO, clique e saiba mais\">\n\t\t\t<picture>\n\t\t\t\t<source media=\"(max-width: 500px)\" srcset=\"https:\/\/files.sunoresearch.com.br\/n\/uploads\/2023\/03\/Ebook-Acoes-Mobile.jpg\">\n\t\t\t\t<img class=\"newsContent__article__imgCapa newsContent__article__imgCapa--banner\"\n\t\t\t\t\tsrc=\"https:\/\/files.sunoresearch.com.br\/n\/uploads\/2023\/03\/Ebook-Acoes-Desktop.jpg\"\n\t\t\t\t\tdata-promo-id=\"378302\"\t\t\t\t\t\t\t\t\t\twidth='1420' height='286'\t\t\t\t\talt=\"https:\/\/files.sunoresearch.com.br\/n\/uploads\/2023\/03\/Ebook-Acoes-Desktop.jpg\"\n\t\t\t\t>\n\t\t\t<\/picture>\n\t\t<\/a>\n\t<\/p>\n\n<\/span><\/p>\n<p>O <strong>e-commerce de<\/strong> <strong>decora\u00e7\u00e3o<\/strong>\u00a0ofertou, ao total, cerca de 89,3 milh\u00f5es de a\u00e7\u00f5es, sendo 66,2 milh\u00f5es propostas inicialmente, 13,1 milh\u00f5es de um lote adicional e 10 milh\u00f5es de um lote suplementar. Os investidores compraram tudo o que a Westwing podia, de acordo com o seu prospecto preliminar, ofertar.<\/p>\n<p>De in\u00edcio, metade da oferta da <strong>varejista<\/strong> era de <a href=\"https:\/\/www.suno.com.br\/artigos\/oferta-de-acoes\/\">a\u00e7\u00f5es prim\u00e1rias<\/a>, com novos pap\u00e9is sendo emitidos pela empresa e com o dinheiro arrecadado indo para o caixa, e metade de <a href=\"https:\/\/www.suno.com.br\/artigos\/oferta-secundaria\/\">ofertas secund\u00e1rias<\/a>, com a venda de a\u00e7\u00f5es j\u00e1 existentes e o capital indo para o bolso dos acionistas vendedores.<\/p>\n<p>Com os lotes extra e suplementar, a divis\u00e3o do que foi vendido pela Westiwing ficou em cerca de 35% de novas a\u00e7\u00f5es e 65% saindo da parte de quem j\u00e1 era investidor.<\/p>\n<div>\n<div id=\"60141a969004bb2e956386a8\" class=\"op-interactive\" data-title=\"Quiz dos Investimentos\" data-url=\"https:\/\/sunoresearch289.outgrow.us\/60141a969004bb2e956386a8?vHeight=1\" data-width=\"100%\"><\/div>\n<p><script src='\/\/dyv6f9ner1ir9.cloudfront.net\/assets\/js\/nloader.js'><\/script><script>initIframe('60141a969004bb2e956386a8');<\/script><\/p>\n<\/div>\n<h2>35% do capital levantado ser\u00e1 utilizado pela Westwing em novos investimentos<\/h2>\n<p>Segundo a Westing, o dinheiro levantado com a oferta prim\u00e1ria, cerca de R$ 406 milh\u00f5es, ser\u00e1 empregado no <strong>desenvolvimento da companhia, <\/strong>a ser divido desta forma:<\/p>\n<ul>\n<li>29% para expandir o mercado endere\u00e7\u00e1vel<\/li>\n<li>26% para investir em marketing<\/li>\n<li>24% em investimentos em tecnologia<\/li>\n<li>13% para aumentar o n\u00famero de marcas pr\u00f3prias<\/li>\n<li>8% na melhora dos servi\u00e7os de log\u00edstica<\/li>\n<\/ul>\n<p>A Westwing \u00e9 uma subsidi\u00e1ria de uma multinacional alem\u00e3 de mesmo nome fundada em 2011. No mesmo ano, a empresa chegou ao Brasil. Em 2018, executivos nacionais assumiram o controle da empresa com ajuda do fundo de <a href=\"https:\/\/www.suno.com.br\/artigos\/private-equity\/\">private equity<\/a> Axxon Group.<\/p>\n<p><span style=\"font-weight: 400;\">\t<p>\n\t\t<a href=\"https:\/\/lp.suno.com.br\/planilha-controle-gastos\/\" target=\"_blank\" data-element=\"shortcode-suno-banner\" title=\"Banner SUNO, clique e saiba mais\">\n\t\t\t<picture>\n\t\t\t\t<source media=\"(max-width: 500px)\" srcset=\"https:\/\/files.sunoresearch.com.br\/n\/uploads\/2023\/03\/400x300-Planilha-controle-de-gastos.png\">\n\t\t\t\t<img class=\"newsContent__article__imgCapa newsContent__article__imgCapa--banner\"\n\t\t\t\t\tsrc=\"https:\/\/files.sunoresearch.com.br\/n\/uploads\/2023\/03\/1420x240-Planilha-controle-de-gastos.png\"\n\t\t\t\t\tdata-promo-id=\"101751\"\t\t\t\t\t\t\t\t\t\twidth='1420' height='240'\t\t\t\t\talt=\"https:\/\/files.sunoresearch.com.br\/n\/uploads\/2023\/03\/1420x240-Planilha-controle-de-gastos.png\"\n\t\t\t\t>\n\t\t\t<\/picture>\n\t\t<\/a>\n\t<\/p>\n\n <\/span><\/p>\n<p>A loja de decora\u00e7\u00e3o online afirma ter mais de 8,8 milh\u00f5es de usu\u00e1rios cadastrados e ter tido, no terceiro trimestre de 2020, 728 mil visitantes \u00fanicos por m\u00eas.<\/p>\n<p>Nos nove primeiros meses do ano passado, a <strong>Westwing<\/strong> teve um volume de vendas (GMV) de R$ 270,3 milh\u00f5es, crescendo 95% na base anual. A <a href=\"https:\/\/www.suno.com.br\/artigos\/o-que-receita-liquida\/\">receita l\u00edquida<\/a> avan\u00e7ou 80,2%, chegando a R$ 167,9 milh\u00f5es. O lucro foi de R$ 17 milh\u00f5es, revertendo preju\u00edzo de R$ 1 milh\u00e3o constatado no mesmo per\u00edodo de 2019.<\/p>\n<p><span style=\"font-weight: 400;\">\t<p>\n\t\t<a href=\"https:\/\/lp.suno.com.br\/planilha-de-controle-de-investimentos\/\" target=\"_blank\" data-element=\"shortcode-suno-banner\" title=\"Banner SUNO, clique e saiba mais\">\n\t\t\t<picture>\n\t\t\t\t<source media=\"(max-width: 500px)\" srcset=\"https:\/\/files.sunoresearch.com.br\/n\/uploads\/2023\/03\/400x300-Controle-de-Investimentos.png\">\n\t\t\t\t<img class=\"newsContent__article__imgCapa newsContent__article__imgCapa--banner\"\n\t\t\t\t\tsrc=\"https:\/\/files.sunoresearch.com.br\/n\/uploads\/2023\/03\/1420x240-Controle-de-Investimentos.png\"\n\t\t\t\t\tdata-promo-id=\"75934\"\t\t\t\t\t\t\t\t\t\twidth='1420' height='240'\t\t\t\t\talt=\"https:\/\/files.sunoresearch.com.br\/n\/uploads\/2023\/03\/1420x240-Controle-de-Investimentos.png\"\n\t\t\t\t>\n\t\t\t<\/picture>\n\t\t<\/a>\n\t<\/p>\n\n<\/span><\/p>\n","protected":false},"excerpt":{"rendered":"<p>A Westwing (WEST3) precificou na noite desta ter\u00e7a-feira (9) sua oferta inicial de a\u00e7\u00f5es (IPO) por R$ 13. O pre\u00e7o do papel ficou pr\u00f3ximo ao teto da faixa indicativa, que ia de R$ 10,50\u00a0 a R$ 13,66. A companhia levantou R$ 1,16 bilh\u00e3o na opera\u00e7\u00e3o e foi avaliada em R$ 1,55 bilh\u00e3o, de acordo com [&hellip;]<\/p>\n","protected":false},"author":59,"featured_media":120285,"comment_status":"closed","ping_status":"closed","sticky":false,"template":"","format":"standard","meta":[],"categories":[64],"tags":[319,105432],"suno_strategy":[],"class_list":["post-120264","post","type-post","status-publish","format-standard","has-post-thumbnail","hentry","category-negocios","tag-ipo-oferta-inicial-de-acoes","tag-westwing-west3"],"yoast_head":"<!-- This site is optimized with the Yoast SEO plugin v24.4 - https:\/\/yoast.com\/wordpress\/plugins\/seo\/ -->\n<title>Westwing (WEST3) precifica IPO pr\u00f3ximo ao teto da faixa indicativa<\/title>\n<meta name=\"description\" content=\"A Westwing precificou nesta ter\u00e7a sua oferta inicial de a\u00e7\u00f5es por R$ 13, proximo ao topo da faixa indicativa. Clique aqui para saber mais.\" \/>\n<meta name=\"robots\" content=\"index, follow, max-snippet:-1, max-image-preview:large, max-video-preview:-1\" \/>\n<link rel=\"canonical\" href=\"https:\/\/www.suno.com.br\/noticias\/westwing-west3-precifica-oferta-inicia\/\" \/>\n<meta property=\"og:locale\" content=\"pt_BR\" \/>\n<meta property=\"og:type\" content=\"article\" \/>\n<meta property=\"og:title\" content=\"Westwing (WEST3) precifica IPO pr\u00f3ximo ao teto da faixa indicativa\" \/>\n<meta property=\"og:description\" content=\"A Westwing precificou nesta ter\u00e7a sua oferta inicial de a\u00e7\u00f5es por R$ 13, proximo ao topo da faixa indicativa. Clique aqui para saber mais.\" \/>\n<meta property=\"og:url\" content=\"https:\/\/www.suno.com.br\/noticias\/westwing-west3-precifica-oferta-inicia\/\" \/>\n<meta property=\"og:site_name\" content=\"Suno Not\u00edcias\" \/>\n<meta property=\"article:publisher\" content=\"https:\/\/facebook.com\/sunoresearch\" \/>\n<meta property=\"og:image\" content=\"https:\/\/files.sunoresearch.com.br\/n\/uploads\/2021\/02\/31ac4ccb-westwing.jpg\" \/>\n\t<meta property=\"og:image:width\" content=\"1024\" \/>\n\t<meta property=\"og:image:height\" content=\"538\" \/>\n\t<meta property=\"og:image:type\" content=\"image\/jpeg\" \/>\n<meta name=\"author\" content=\"Vitor Azevedo\" \/>\n<meta name=\"twitter:card\" content=\"summary_large_image\" \/>\n<meta name=\"twitter:creator\" content=\"@sunoresearch\" \/>\n<meta name=\"twitter:site\" content=\"@sunoresearch\" \/>\n<meta name=\"twitter:label1\" content=\"Escrito por\" \/>\n\t<meta name=\"twitter:data1\" content=\"Vitor Azevedo\" \/>\n\t<meta name=\"twitter:label2\" content=\"Est. tempo de leitura\" \/>\n\t<meta name=\"twitter:data2\" content=\"2 minutos\" \/>\n<script type=\"application\/ld+json\" class=\"yoast-schema-graph\">{\"@context\":\"https:\/\/schema.org\",\"@graph\":[{\"@type\":\"NewsArticle\",\"@id\":\"https:\/\/www.suno.com.br\/noticias\/westwing-west3-precifica-oferta-inicia\/#article\",\"isPartOf\":{\"@id\":\"https:\/\/www.suno.com.br\/noticias\/westwing-west3-precifica-oferta-inicia\/\"},\"author\":{\"name\":\"Vitor Azevedo\",\"@id\":\"https:\/\/www.suno.com.br\/noticias\/#\/schema\/person\/658d5fbc74d81f265f5df3562d0038ab\"},\"headline\":\"Westwing (WEST3) precifica oferta inicial de a\u00e7\u00f5es perto do teto e capta R$ 1,16 bi\",\"datePublished\":\"2021-02-10T11:19:57+00:00\",\"mainEntityOfPage\":{\"@id\":\"https:\/\/www.suno.com.br\/noticias\/westwing-west3-precifica-oferta-inicia\/\"},\"wordCount\":411,\"publisher\":{\"@id\":\"https:\/\/www.suno.com.br\/noticias\/#organization\"},\"image\":{\"@id\":\"https:\/\/www.suno.com.br\/noticias\/westwing-west3-precifica-oferta-inicia\/#primaryimage\"},\"thumbnailUrl\":\"https:\/\/files.sunoresearch.com.br\/n\/uploads\/2021\/02\/31ac4ccb-westwing-jpg.webp\",\"keywords\":[\"IPO (Oferta Inicial de A\u00e7\u00f5es)\",\"Westwing (WEST3)\"],\"articleSection\":[\"Neg\u00f3cios\"],\"inLanguage\":\"pt-BR\"},{\"@type\":\"WebPage\",\"@id\":\"https:\/\/www.suno.com.br\/noticias\/westwing-west3-precifica-oferta-inicia\/\",\"url\":\"https:\/\/www.suno.com.br\/noticias\/westwing-west3-precifica-oferta-inicia\/\",\"name\":\"Westwing (WEST3) precifica IPO pr\u00f3ximo ao teto da faixa indicativa\",\"isPartOf\":{\"@id\":\"https:\/\/www.suno.com.br\/noticias\/#website\"},\"primaryImageOfPage\":{\"@id\":\"https:\/\/www.suno.com.br\/noticias\/westwing-west3-precifica-oferta-inicia\/#primaryimage\"},\"image\":{\"@id\":\"https:\/\/www.suno.com.br\/noticias\/westwing-west3-precifica-oferta-inicia\/#primaryimage\"},\"thumbnailUrl\":\"https:\/\/files.sunoresearch.com.br\/n\/uploads\/2021\/02\/31ac4ccb-westwing-jpg.webp\",\"datePublished\":\"2021-02-10T11:19:57+00:00\",\"description\":\"A Westwing precificou nesta ter\u00e7a sua oferta inicial de a\u00e7\u00f5es por R$ 13, proximo ao topo da faixa indicativa. Clique aqui para saber mais.\",\"breadcrumb\":{\"@id\":\"https:\/\/www.suno.com.br\/noticias\/westwing-west3-precifica-oferta-inicia\/#breadcrumb\"},\"inLanguage\":\"pt-BR\",\"potentialAction\":[{\"@type\":\"ReadAction\",\"target\":[\"https:\/\/www.suno.com.br\/noticias\/westwing-west3-precifica-oferta-inicia\/\"]}]},{\"@type\":\"ImageObject\",\"inLanguage\":\"pt-BR\",\"@id\":\"https:\/\/www.suno.com.br\/noticias\/westwing-west3-precifica-oferta-inicia\/#primaryimage\",\"url\":\"https:\/\/files.sunoresearch.com.br\/n\/uploads\/2021\/02\/31ac4ccb-westwing-jpg.webp\",\"contentUrl\":\"https:\/\/files.sunoresearch.com.br\/n\/uploads\/2021\/02\/31ac4ccb-westwing-jpg.webp\",\"width\":1024,\"height\":538,\"caption\":\"Foto: Reprodu\u00e7\u00e3o\"},{\"@type\":\"BreadcrumbList\",\"@id\":\"https:\/\/www.suno.com.br\/noticias\/westwing-west3-precifica-oferta-inicia\/#breadcrumb\",\"itemListElement\":[{\"@type\":\"ListItem\",\"position\":1,\"name\":\"Not\u00edcias\",\"item\":\"https:\/\/www.suno.com.br\/noticias\/\"},{\"@type\":\"ListItem\",\"position\":2,\"name\":\"Neg\u00f3cios\",\"item\":\"https:\/\/www.suno.com.br\/noticias\/negocios\/\"},{\"@type\":\"ListItem\",\"position\":3,\"name\":\"Westwing (WEST3) precifica oferta inicial de a\u00e7\u00f5es perto do teto e capta R$ 1,16 bi\"}]},{\"@type\":\"WebSite\",\"@id\":\"https:\/\/www.suno.com.br\/noticias\/#website\",\"url\":\"https:\/\/www.suno.com.br\/noticias\/\",\"name\":\"Suno Not\u00edcias\",\"description\":\"Seu portal de informa\u00e7\u00e3o sobre o mundo dos investimentos\",\"publisher\":{\"@id\":\"https:\/\/www.suno.com.br\/noticias\/#organization\"},\"potentialAction\":[{\"@type\":\"SearchAction\",\"target\":{\"@type\":\"EntryPoint\",\"urlTemplate\":\"https:\/\/www.suno.com.br\/noticias\/?s={search_term_string}\"},\"query-input\":{\"@type\":\"PropertyValueSpecification\",\"valueRequired\":true,\"valueName\":\"search_term_string\"}}],\"inLanguage\":\"pt-BR\"},{\"@type\":\"Organization\",\"@id\":\"https:\/\/www.suno.com.br\/noticias\/#organization\",\"name\":\"Suno Not\u00edcias\",\"url\":\"https:\/\/www.suno.com.br\/noticias\/\",\"logo\":{\"@type\":\"ImageObject\",\"inLanguage\":\"pt-BR\",\"@id\":\"https:\/\/www.suno.com.br\/noticias\/#\/schema\/logo\/image\/\",\"url\":\"https:\/\/files.sunoresearch.com.br\/n\/uploads\/2021\/09\/suno-logo.png\",\"contentUrl\":\"https:\/\/files.sunoresearch.com.br\/n\/uploads\/2021\/09\/suno-logo.png\",\"width\":180,\"height\":180,\"caption\":\"Suno Not\u00edcias\"},\"image\":{\"@id\":\"https:\/\/www.suno.com.br\/noticias\/#\/schema\/logo\/image\/\"},\"sameAs\":[\"https:\/\/facebook.com\/sunoresearch\",\"https:\/\/x.com\/sunoresearch\",\"https:\/\/www.instagram.com\/suno\",\"https:\/\/www.linkedin.com\/company\/suno-research\/\",\"https:\/\/www.youtube.com\/c\/sunoresearch\"]},{\"@type\":\"Person\",\"@id\":\"https:\/\/www.suno.com.br\/noticias\/#\/schema\/person\/658d5fbc74d81f265f5df3562d0038ab\",\"name\":\"Vitor Azevedo\",\"image\":{\"@type\":\"ImageObject\",\"inLanguage\":\"pt-BR\",\"@id\":\"https:\/\/www.suno.com.br\/noticias\/#\/schema\/person\/image\/\",\"url\":\"https:\/\/secure.gravatar.com\/avatar\/62b86195291b446fe380824eb28b99a5?s=96&r=g\",\"contentUrl\":\"https:\/\/secure.gravatar.com\/avatar\/62b86195291b446fe380824eb28b99a5?s=96&r=g\",\"caption\":\"Vitor Azevedo\"},\"description\":\"Formado em jornalismo pela Unesp, escreve sobre economia e neg\u00f3cios para a Suno Not\u00edcias.\",\"url\":\"https:\/\/www.suno.com.br\/noticias\/author\/vitor-azevedo\/\"}]}<\/script>\n<!-- \/ Yoast SEO plugin. -->","yoast_head_json":{"title":"Westwing (WEST3) precifica IPO pr\u00f3ximo ao teto da faixa indicativa","description":"A Westwing precificou nesta ter\u00e7a sua oferta inicial de a\u00e7\u00f5es por R$ 13, proximo ao topo da faixa indicativa. Clique aqui para saber mais.","robots":{"index":"index","follow":"follow","max-snippet":"max-snippet:-1","max-image-preview":"max-image-preview:large","max-video-preview":"max-video-preview:-1"},"canonical":"https:\/\/www.suno.com.br\/noticias\/westwing-west3-precifica-oferta-inicia\/","og_locale":"pt_BR","og_type":"article","og_title":"Westwing (WEST3) precifica IPO pr\u00f3ximo ao teto da faixa indicativa","og_description":"A Westwing precificou nesta ter\u00e7a sua oferta inicial de a\u00e7\u00f5es por R$ 13, proximo ao topo da faixa indicativa. Clique aqui para saber mais.","og_url":"https:\/\/www.suno.com.br\/noticias\/westwing-west3-precifica-oferta-inicia\/","og_site_name":"Suno Not\u00edcias","article_publisher":"https:\/\/facebook.com\/sunoresearch","og_image":[{"width":1024,"height":538,"url":"https:\/\/files.sunoresearch.com.br\/n\/uploads\/2021\/02\/31ac4ccb-westwing.jpg","type":"image\/jpeg"}],"author":"Vitor Azevedo","twitter_card":"summary_large_image","twitter_creator":"@sunoresearch","twitter_site":"@sunoresearch","twitter_misc":{"Escrito por":"Vitor Azevedo","Est. tempo de leitura":"2 minutos"},"schema":{"@context":"https:\/\/schema.org","@graph":[{"@type":"NewsArticle","@id":"https:\/\/www.suno.com.br\/noticias\/westwing-west3-precifica-oferta-inicia\/#article","isPartOf":{"@id":"https:\/\/www.suno.com.br\/noticias\/westwing-west3-precifica-oferta-inicia\/"},"author":{"name":"Vitor Azevedo","@id":"https:\/\/www.suno.com.br\/noticias\/#\/schema\/person\/658d5fbc74d81f265f5df3562d0038ab"},"headline":"Westwing (WEST3) precifica oferta inicial de a\u00e7\u00f5es perto do teto e capta R$ 1,16 bi","datePublished":"2021-02-10T11:19:57+00:00","mainEntityOfPage":{"@id":"https:\/\/www.suno.com.br\/noticias\/westwing-west3-precifica-oferta-inicia\/"},"wordCount":411,"publisher":{"@id":"https:\/\/www.suno.com.br\/noticias\/#organization"},"image":{"@id":"https:\/\/www.suno.com.br\/noticias\/westwing-west3-precifica-oferta-inicia\/#primaryimage"},"thumbnailUrl":"https:\/\/files.sunoresearch.com.br\/n\/uploads\/2021\/02\/31ac4ccb-westwing-jpg.webp","keywords":["IPO (Oferta Inicial de A\u00e7\u00f5es)","Westwing (WEST3)"],"articleSection":["Neg\u00f3cios"],"inLanguage":"pt-BR"},{"@type":"WebPage","@id":"https:\/\/www.suno.com.br\/noticias\/westwing-west3-precifica-oferta-inicia\/","url":"https:\/\/www.suno.com.br\/noticias\/westwing-west3-precifica-oferta-inicia\/","name":"Westwing (WEST3) precifica IPO pr\u00f3ximo ao teto da faixa indicativa","isPartOf":{"@id":"https:\/\/www.suno.com.br\/noticias\/#website"},"primaryImageOfPage":{"@id":"https:\/\/www.suno.com.br\/noticias\/westwing-west3-precifica-oferta-inicia\/#primaryimage"},"image":{"@id":"https:\/\/www.suno.com.br\/noticias\/westwing-west3-precifica-oferta-inicia\/#primaryimage"},"thumbnailUrl":"https:\/\/files.sunoresearch.com.br\/n\/uploads\/2021\/02\/31ac4ccb-westwing-jpg.webp","datePublished":"2021-02-10T11:19:57+00:00","description":"A Westwing precificou nesta ter\u00e7a sua oferta inicial de a\u00e7\u00f5es por R$ 13, proximo ao topo da faixa indicativa. Clique aqui para saber mais.","breadcrumb":{"@id":"https:\/\/www.suno.com.br\/noticias\/westwing-west3-precifica-oferta-inicia\/#breadcrumb"},"inLanguage":"pt-BR","potentialAction":[{"@type":"ReadAction","target":["https:\/\/www.suno.com.br\/noticias\/westwing-west3-precifica-oferta-inicia\/"]}]},{"@type":"ImageObject","inLanguage":"pt-BR","@id":"https:\/\/www.suno.com.br\/noticias\/westwing-west3-precifica-oferta-inicia\/#primaryimage","url":"https:\/\/files.sunoresearch.com.br\/n\/uploads\/2021\/02\/31ac4ccb-westwing-jpg.webp","contentUrl":"https:\/\/files.sunoresearch.com.br\/n\/uploads\/2021\/02\/31ac4ccb-westwing-jpg.webp","width":1024,"height":538,"caption":"Foto: Reprodu\u00e7\u00e3o"},{"@type":"BreadcrumbList","@id":"https:\/\/www.suno.com.br\/noticias\/westwing-west3-precifica-oferta-inicia\/#breadcrumb","itemListElement":[{"@type":"ListItem","position":1,"name":"Not\u00edcias","item":"https:\/\/www.suno.com.br\/noticias\/"},{"@type":"ListItem","position":2,"name":"Neg\u00f3cios","item":"https:\/\/www.suno.com.br\/noticias\/negocios\/"},{"@type":"ListItem","position":3,"name":"Westwing (WEST3) precifica oferta inicial de a\u00e7\u00f5es perto do teto e capta R$ 1,16 bi"}]},{"@type":"WebSite","@id":"https:\/\/www.suno.com.br\/noticias\/#website","url":"https:\/\/www.suno.com.br\/noticias\/","name":"Suno Not\u00edcias","description":"Seu portal de informa\u00e7\u00e3o sobre o mundo dos investimentos","publisher":{"@id":"https:\/\/www.suno.com.br\/noticias\/#organization"},"potentialAction":[{"@type":"SearchAction","target":{"@type":"EntryPoint","urlTemplate":"https:\/\/www.suno.com.br\/noticias\/?s={search_term_string}"},"query-input":{"@type":"PropertyValueSpecification","valueRequired":true,"valueName":"search_term_string"}}],"inLanguage":"pt-BR"},{"@type":"Organization","@id":"https:\/\/www.suno.com.br\/noticias\/#organization","name":"Suno Not\u00edcias","url":"https:\/\/www.suno.com.br\/noticias\/","logo":{"@type":"ImageObject","inLanguage":"pt-BR","@id":"https:\/\/www.suno.com.br\/noticias\/#\/schema\/logo\/image\/","url":"https:\/\/files.sunoresearch.com.br\/n\/uploads\/2021\/09\/suno-logo.png","contentUrl":"https:\/\/files.sunoresearch.com.br\/n\/uploads\/2021\/09\/suno-logo.png","width":180,"height":180,"caption":"Suno Not\u00edcias"},"image":{"@id":"https:\/\/www.suno.com.br\/noticias\/#\/schema\/logo\/image\/"},"sameAs":["https:\/\/facebook.com\/sunoresearch","https:\/\/x.com\/sunoresearch","https:\/\/www.instagram.com\/suno","https:\/\/www.linkedin.com\/company\/suno-research\/","https:\/\/www.youtube.com\/c\/sunoresearch"]},{"@type":"Person","@id":"https:\/\/www.suno.com.br\/noticias\/#\/schema\/person\/658d5fbc74d81f265f5df3562d0038ab","name":"Vitor Azevedo","image":{"@type":"ImageObject","inLanguage":"pt-BR","@id":"https:\/\/www.suno.com.br\/noticias\/#\/schema\/person\/image\/","url":"https:\/\/secure.gravatar.com\/avatar\/62b86195291b446fe380824eb28b99a5?s=96&r=g","contentUrl":"https:\/\/secure.gravatar.com\/avatar\/62b86195291b446fe380824eb28b99a5?s=96&r=g","caption":"Vitor Azevedo"},"description":"Formado em jornalismo pela Unesp, escreve sobre economia e neg\u00f3cios para a Suno Not\u00edcias.","url":"https:\/\/www.suno.com.br\/noticias\/author\/vitor-azevedo\/"}]}},"default_loop_html":"<div class=\"cardsPage__listCard__boxs\"><div class=\"cardsPage__listCard__boxs__img\"><a href=\"https:\/\/www.suno.com.br\/noticias\/westwing-west3-precifica-oferta-inicia\/\"><img class=\"mask\" src=\"https:\/\/www.suno.com.br\/noticias\/wp-content\/themes\/suno\/resources\/images\/spotlight\/spotlight1img\/bg-mask.png\" alt=\"Image Mask\"\/><img src=\"https:\/\/files.sunoresearch.com.br\/n\/uploads\/2021\/02\/31ac4ccb-westwing-400x200.webp\" alt=\"Westwing (WEST3) precifica oferta inicial de a\u00e7\u00f5es perto do teto e capta R$ 1,16 bi\"\/><\/a><span class=\"spotlightCategory\"><a href=\"https:\/\/www.suno.com.br\/noticias\/negocios\/\">Neg\u00f3cios<\/a><\/span><\/div><div class=\"cardsPage__listCard__boxs__content\"><a href=\"https:\/\/www.suno.com.br\/noticias\/westwing-west3-precifica-oferta-inicia\/\"><h2 class=\"content__title\">Westwing (WEST3) precifica oferta inicial de a\u00e7\u00f5es perto do teto e capta R$ 1,16 bi<\/h2><\/a><div class=\"newsContent__article__meta\"><div class=\"newsContent__article__meta__authorBox\"><a href=\"https:\/\/www.suno.com.br\/noticias\/author\/vitor-azevedo\/\" class=\"authorBox__avatar noMobi\"><img src=\"https:\/\/secure.gravatar.com\/avatar\/62b86195291b446fe380824eb28b99a5?s=96&#038;r=g\" alt=\"Vitor Azevedo\"><\/a><div class=\"authorBox__name\"><span>por\n\t\t\t<a href=\"https:\/\/www.suno.com.br\/noticias\/author\/vitor-azevedo\/\"><span itemprop=\"author\">Vitor Azevedo<\/span><\/a><\/span><time datetime=\"2021-02-10T08:19:57-03:00\" itemprop=\"datePublished\">10\/02\/2021 08:19<\/time><\/div><\/div><\/div><\/div><\/div>","single_layout":"posts","amp_enabled":true,"_links":{"self":[{"href":"https:\/\/www.suno.com.br\/noticias\/wp-json\/wp\/v2\/posts\/120264"}],"collection":[{"href":"https:\/\/www.suno.com.br\/noticias\/wp-json\/wp\/v2\/posts"}],"about":[{"href":"https:\/\/www.suno.com.br\/noticias\/wp-json\/wp\/v2\/types\/post"}],"author":[{"embeddable":true,"href":"https:\/\/www.suno.com.br\/noticias\/wp-json\/wp\/v2\/users\/59"}],"replies":[{"embeddable":true,"href":"https:\/\/www.suno.com.br\/noticias\/wp-json\/wp\/v2\/comments?post=120264"}],"version-history":[{"count":0,"href":"https:\/\/www.suno.com.br\/noticias\/wp-json\/wp\/v2\/posts\/120264\/revisions"}],"wp:featuredmedia":[{"embeddable":true,"href":"https:\/\/www.suno.com.br\/noticias\/wp-json\/wp\/v2\/media\/120285"}],"wp:attachment":[{"href":"https:\/\/www.suno.com.br\/noticias\/wp-json\/wp\/v2\/media?parent=120264"}],"wp:term":[{"taxonomy":"category","embeddable":true,"href":"https:\/\/www.suno.com.br\/noticias\/wp-json\/wp\/v2\/categories?post=120264"},{"taxonomy":"post_tag","embeddable":true,"href":"https:\/\/www.suno.com.br\/noticias\/wp-json\/wp\/v2\/tags?post=120264"},{"taxonomy":"suno_strategy","embeddable":true,"href":"https:\/\/www.suno.com.br\/noticias\/wp-json\/wp\/v2\/suno_strategy?post=120264"}],"curies":[{"name":"wp","href":"https:\/\/api.w.org\/{rel}","templated":true}]}}