{"id":120141,"date":"2021-02-09T18:41:24","date_gmt":"2021-02-09T21:41:24","guid":{"rendered":"https:\/\/www.suno.com.br\/noticias\/?p=120141"},"modified":"2021-05-29T20:29:52","modified_gmt":"2021-05-29T23:29:52","slug":"irdm11-ifix-fecha-em-queda-09022021","status":"publish","type":"post","link":"https:\/\/www.suno.com.br\/noticias\/irdm11-ifix-fecha-em-queda-09022021\/","title":{"rendered":"IRDM11 pagar\u00e1 R$ 1,33 por cota e IFIX fecha em queda de 0,0031%"},"content":{"rendered":"<p>O <b>IFIX<\/b>, \u00edndice de Fundos Imobili\u00e1rios da B3, fechou nesta ter\u00e7a-feira (9), aos 2.892,10 pontos, apresentando leve queda de 0,0031%.<\/p>\t<div class=\"wrapper-featured-image\">\n\t\t<figure class=\"spotlightImg\">\n\n\t\t\t<picture>\n\t\t\t\t<source media=\"(max-width: 768px)\" srcset=\"https:\/\/files.sunoresearch.com.br\/n\/uploads\/2021\/02\/476bc915-ifix-400x200.webp\">\n\t\t\t\t<img loading=\"lazy\" decoding=\"async\" class=\"newsContent__article__imgCapa lazyloadDisabled \" src=\"https:\/\/files.sunoresearch.com.br\/n\/uploads\/2021\/02\/476bc915-ifix-800x450.webp\" width=\"800\" height=\"450\" alt=\"IRDM11 pagar\u00e1 R$ 1,33 por cota e IFIX fecha em queda de 0,0031%\" fetchpriority=high \/>\n\t\t\t<\/picture>\n\n\t\t\t<figcaption class=\"wp-caption-text wp-caption-text--show\">Petrobras (PETR4), Americanas (AMER3) e Marisa (AMAR3) est\u00e3o no foco do mercado<\/figcaption>\n\t\t<\/figure>\n\t<\/div>\n\n\n\t<p>\n\t\t<a href=\"https:\/\/lp.suno.com.br\/planilha-controle-gastos\/\" target=\"_blank\" data-element=\"shortcode-suno-banner\" title=\"Banner SUNO, clique e saiba mais\">\n\t\t\t<picture>\n\t\t\t\t<source media=\"(max-width: 500px)\" srcset=\"https:\/\/files.sunoresearch.com.br\/n\/uploads\/2023\/03\/400x300-Planilha-controle-de-gastos.png\">\n\t\t\t\t<img class=\"newsContent__article__imgCapa newsContent__article__imgCapa--banner\"\n\t\t\t\t\tsrc=\"https:\/\/files.sunoresearch.com.br\/n\/uploads\/2023\/03\/1420x240-Planilha-controle-de-gastos.png\"\n\t\t\t\t\tdata-promo-id=\"101751\"\t\t\t\t\t\t\t\t\t\twidth='1420' height='240'\t\t\t\t\talt=\"https:\/\/files.sunoresearch.com.br\/n\/uploads\/2023\/03\/1420x240-Planilha-controle-de-gastos.png\"\n\t\t\t\t>\n\t\t\t<\/picture>\n\t\t<\/a>\n\t<\/p>\n\n\n<p>Com o resultado do <strong><a href=\"https:\/\/www.suno.com.br\/artigos\/ifix\/\">IFIX<\/a> hoje,<\/strong> o \u00edndice acumulou uma alta de 0,86% no ano. Em 2020 reportou uma queda de 11,79%.<\/p>\n<p>Al\u00e9m disso, o <strong>IRMD11<\/strong> anunciou o pagamento R$ 1,33 em proventos, por cota, referente ao m\u00eas de janeiro. O pagamento deve ser feito no dia 18 de fevereiro, ao passo que o \u00faltimo dia de negocia\u00e7\u00e3o com direito ao provento foi hoje.<\/p>\n<div>\n<div id=\"60141a969004bb2e956386a8\" class=\"op-interactive\" data-title=\"Quiz dos Investimentos\" data-url=\"https:\/\/sunoresearch289.outgrow.us\/60141a969004bb2e956386a8?vHeight=1\" data-width=\"100%\"><\/div>\n<p><script src='\/\/dyv6f9ner1ir9.cloudfront.net\/assets\/js\/nloader.js'><\/script><script>initIframe('60141a969004bb2e956386a8');<\/script><\/p>\n<\/div>\n<h2>Principais not\u00edcias do dia em Fundos Imobili\u00e1rios<\/h2>\n<p>Confira as principais not\u00edcias que chamaram a aten\u00e7\u00e3o do mercado de <strong>FIIs<\/strong> durante o dia:<\/p>\n<ul>\n<li>FIIP11 entra com a\u00e7\u00e3o contra ex-locat\u00e1ria<\/li>\n<li>DEVA11 anuncia terceira emiss\u00e3o de cotas<\/li>\n<\/ul>\n<h3>FIIP11<\/h3>\n<p>A Oliveira Trust , administradora do <strong>FII RB Capital Renda I<\/strong>, informou que no dia 3 de fevereiro o fundo entrou com a\u00e7\u00e3o de Execu\u00e7\u00e3o de T\u00edtulo Extrajudicial por Quantia certa, em face da ex-locat\u00e1ria <strong>Leader<\/strong>, exigindo o pagamento do saldo de indeniza\u00e7\u00e3o devido pela companhia, no montante de R$ 5.119.766,06.<\/p>\n<p>O fato relevante explica que a a\u00e7\u00e3o foi motivada &#8220;considerando que parte do valor devido pela Uni\u00e3o de Lojas Leader S.A. \u2013 em Recupera\u00e7\u00e3o Judicial, quando da rescis\u00e3o do Instrumento Particular de Contrato de Loca\u00e7\u00e3o At\u00edpica e Outras Aven\u00e7as, firmado entre o Fundo e a Leader em 26\/04\/2007 (\u201cContrato\u201d) , n\u00e3o foi coberta pela Carta de Fian\u00e7a do Banco Bradesco&#8221;.<\/p>\n<p>Al\u00e9m disso, o <strong>FIIP11<\/strong> recebeu\u00a0 cita\u00e7\u00e3o e intima\u00e7\u00e3o no dia 1 de fevereiro para comprimento de tutela antecipada de urg\u00eancia, referente \u00e0 A\u00e7\u00e3o Ordin\u00e1ria movida pela Leader em face do Fundo.<\/p>\n<h3>DEVA11<\/h3>\n<p>A <strong>V\u00f3rtx<\/strong> aprovou a realiza\u00e7\u00e3o da oferta p\u00fablica de distribui\u00e7\u00e3o de cotas da terceira emiss\u00e3o do <strong>DEVA11.<\/strong><\/p>\n<p>Ser\u00e3o emitidas, inicialmente, at\u00e9 2.763.541 de novas cotas, ao passo que o pre\u00e7o de emiss\u00e3o de novas cotas ser\u00e1 de R$ 102,61 j\u00e1 considerando o valor da Taxa de Distribui\u00e7\u00e3o prim\u00e1ria.<\/p>\n<p>O valor total da 3\u00aa Emiss\u00e3o ser\u00e1 de, inicialmente, at\u00e9 R$ 274.999.964,91, podendo ser aumentado com a emiss\u00e3o de novas cotas do Lote adicional, podendo alcan\u00e7ar at\u00e9 R$ 329.999.937,99. Al\u00e9m disso, o valor tamb\u00e9m pode ser diminu\u00eddo em virtude da distribui\u00e7\u00e3o parcial.<\/p>\n<h2>Rendimentos do dia de FIIs<\/h2>\n<p>Nesta ter\u00e7a-feira tamb\u00e9m foi pago os rendimentos do seguinte <strong>fundo imobili\u00e1rio<\/strong>:<\/p>\n<ul>\n<li><strong>GGRC11<\/strong>: R$ 0,97 por cota<\/li>\n<\/ul>\n<h2>Maiores altas e baixas do IFIX<\/h2>\n<p>Confira as maiores altas e baixas do dia no IFIX:<\/p>\n<h3>Maiores Altas do dia\u00a0no IFIX:<\/h3>\n<ul>\n<li><strong>TRXF11<\/strong>: +1,55%\/ R$ 107,24<\/li>\n<li><strong>VGIR11<\/strong>: +1,29% \/ R$ 87,94<\/li>\n<li><strong>VISC11<\/strong>: + 1,24% \/R$ 116,39<\/li>\n<li><strong>PLCR11<\/strong>: +1,08% \/R$ 94,00<\/li>\n<li><strong>BARI11<\/strong>: + 1,01% \/R$ 110,91<\/li>\n<\/ul>\n\t<p>\n\t\t<a href=\"https:\/\/lp.suno.com.br\/planilha-da-vida-financeira\/\" target=\"_blank\" data-element=\"shortcode-suno-banner\" title=\"Banner SUNO, clique e saiba mais\">\n\t\t\t<picture>\n\t\t\t\t<source media=\"(max-width: 500px)\" srcset=\"https:\/\/files.sunoresearch.com.br\/n\/uploads\/2023\/04\/400x300-Planilha-vida-financeira-true.png\">\n\t\t\t\t<img class=\"newsContent__article__imgCapa newsContent__article__imgCapa--banner\"\n\t\t\t\t\tsrc=\"https:\/\/files.sunoresearch.com.br\/n\/uploads\/2023\/04\/1420x240-Planilha-vida-financeira-true.png\"\n\t\t\t\t\tdata-promo-id=\"106682\"\t\t\t\t\t\t\t\t\t\twidth='1420' height='240'\t\t\t\t\talt=\"https:\/\/files.sunoresearch.com.br\/n\/uploads\/2023\/04\/1420x240-Planilha-vida-financeira-true.png\"\n\t\t\t\t>\n\t\t\t<\/picture>\n\t\t<\/a>\n\t<\/p>\n\n\n<h3>Maiores Baixas do dia no IFIX:<\/h3>\n<ul>\n<li><strong>OUJP11<\/strong>: -3,77% \/ R$ 104,27<\/li>\n<li><strong>HCTR11<\/strong>: -2,32% \/ R$ 149,29<\/li>\n<li><b>CVBI11<\/b>: -1,73% \/ R$ 106,53<\/li>\n<li><strong>BCRI11<\/strong>: -1,71% \/ R$ 111,04<\/li>\n<li><strong>TGAR11<\/strong>: -1,36% \/ R$ 140,70<\/li>\n<\/ul>\n<h2>O que \u00e9 o IFIX<\/h2>\n<p>O <b>IFIX <\/b>\u00e9 um indicador criado pela <a href=\"https:\/\/www.suno.com.br\/artigos\/b3\/\"><strong>Bolsa de Valores de S\u00e3o Paulo (B3)<\/strong><\/a> que tem como objetivo a medi\u00e7\u00e3o da performance de uma carteira composta por cotas de <strong>Fundos Imobili\u00e1rios.<\/strong><\/p>\n\t<p>\n\t\t<a href=\"https:\/\/lp.suno.com.br\/planilha-de-controle-de-investimentos\/\" target=\"_blank\" data-element=\"shortcode-suno-banner\" title=\"Banner SUNO, clique e saiba mais\">\n\t\t\t<picture>\n\t\t\t\t<source media=\"(max-width: 500px)\" srcset=\"https:\/\/files.sunoresearch.com.br\/n\/uploads\/2023\/03\/400x300-Controle-de-Investimentos.png\">\n\t\t\t\t<img class=\"newsContent__article__imgCapa newsContent__article__imgCapa--banner\"\n\t\t\t\t\tsrc=\"https:\/\/files.sunoresearch.com.br\/n\/uploads\/2023\/03\/1420x240-Controle-de-Investimentos.png\"\n\t\t\t\t\tdata-promo-id=\"75934\"\t\t\t\t\t\t\t\t\t\twidth='1420' height='240'\t\t\t\t\talt=\"https:\/\/files.sunoresearch.com.br\/n\/uploads\/2023\/03\/1420x240-Controle-de-Investimentos.png\"\n\t\t\t\t>\n\t\t\t<\/picture>\n\t\t<\/a>\n\t<\/p>\n\n\n","protected":false},"excerpt":{"rendered":"<p>O IFIX, \u00edndice de Fundos Imobili\u00e1rios da B3, fechou nesta ter\u00e7a-feira (9), aos 2.892,10 pontos, apresentando leve queda de 0,0031%. Petrobras (PETR4), Americanas (AMER3) e Marisa (AMAR3) est\u00e3o no foco do mercado Com o resultado do IFIX hoje, o \u00edndice acumulou uma alta de 0,86% no ano. Em 2020 reportou uma queda de 11,79%. Al\u00e9m [&hellip;]<\/p>\n","protected":false},"author":39,"featured_media":120144,"comment_status":"closed","ping_status":"closed","sticky":false,"template":"","format":"standard","meta":[],"categories":[66,60],"tags":[105765,315,2689,105764],"suno_strategy":[],"class_list":["post-120141","post","type-post","status-publish","format-standard","has-post-thumbnail","hentry","category-fiis","category-mercado","tag-fiip11","tag-fundos-imobiliarios-fiis","tag-ifix","tag-irdm11"],"yoast_head":"<!-- This site is optimized with the Yoast SEO plugin v24.4 - https:\/\/yoast.com\/wordpress\/plugins\/seo\/ -->\n<title>IRDM11 pagar\u00e1 proventos e IFIX fecha em queda de 0,0031%<\/title>\n<meta name=\"description\" content=\"O IFIX fechou nesta ter\u00e7a-feira (9), aos 2.892,10 pontos, apresentando leve queda de 0,0031%. Clique aqui e saiba mais sobre o IFIX hoje!\" \/>\n<meta name=\"robots\" content=\"index, follow, max-snippet:-1, max-image-preview:large, max-video-preview:-1\" \/>\n<link rel=\"canonical\" href=\"https:\/\/www.suno.com.br\/noticias\/irdm11-ifix-fecha-em-queda-09022021\/\" \/>\n<meta property=\"og:locale\" content=\"pt_BR\" \/>\n<meta property=\"og:type\" content=\"article\" \/>\n<meta property=\"og:title\" content=\"IRDM11 pagar\u00e1 proventos e IFIX fecha em queda de 0,0031%\" \/>\n<meta property=\"og:description\" content=\"O IFIX fechou nesta ter\u00e7a-feira (9), aos 2.892,10 pontos, apresentando leve queda de 0,0031%. Clique aqui e saiba mais sobre o IFIX hoje!\" \/>\n<meta property=\"og:url\" content=\"https:\/\/www.suno.com.br\/noticias\/irdm11-ifix-fecha-em-queda-09022021\/\" \/>\n<meta property=\"og:site_name\" content=\"Suno Not\u00edcias\" \/>\n<meta property=\"article:publisher\" content=\"https:\/\/facebook.com\/sunoresearch\" \/>\n<meta property=\"og:image\" content=\"https:\/\/files.sunoresearch.com.br\/n\/uploads\/2021\/02\/476bc915-ifix.png\" \/>\n\t<meta property=\"og:image:width\" content=\"1920\" \/>\n\t<meta property=\"og:image:height\" content=\"1080\" \/>\n\t<meta property=\"og:image:type\" content=\"image\/png\" \/>\n<meta name=\"author\" content=\"Laura Moutinho\" \/>\n<meta name=\"twitter:card\" content=\"summary_large_image\" \/>\n<meta name=\"twitter:creator\" content=\"@sunoresearch\" \/>\n<meta name=\"twitter:site\" content=\"@sunoresearch\" \/>\n<meta name=\"twitter:label1\" content=\"Escrito por\" \/>\n\t<meta name=\"twitter:data1\" content=\"Laura Moutinho\" \/>\n\t<meta name=\"twitter:label2\" content=\"Est. tempo de leitura\" \/>\n\t<meta name=\"twitter:data2\" content=\"3 minutos\" \/>\n<script type=\"application\/ld+json\" class=\"yoast-schema-graph\">{\"@context\":\"https:\/\/schema.org\",\"@graph\":[{\"@type\":\"NewsArticle\",\"@id\":\"https:\/\/www.suno.com.br\/noticias\/irdm11-ifix-fecha-em-queda-09022021\/#article\",\"isPartOf\":{\"@id\":\"https:\/\/www.suno.com.br\/noticias\/irdm11-ifix-fecha-em-queda-09022021\/\"},\"author\":{\"name\":\"Laura Moutinho\",\"@id\":\"https:\/\/www.suno.com.br\/noticias\/#\/schema\/person\/3df0d2808748b74496efe5dbeaef2c72\"},\"headline\":\"IRDM11 pagar\u00e1 R$ 1,33 por cota e IFIX fecha em queda de 0,0031%\",\"datePublished\":\"2021-02-09T21:41:24+00:00\",\"dateModified\":\"2021-05-29T23:29:52+00:00\",\"mainEntityOfPage\":{\"@id\":\"https:\/\/www.suno.com.br\/noticias\/irdm11-ifix-fecha-em-queda-09022021\/\"},\"wordCount\":514,\"publisher\":{\"@id\":\"https:\/\/www.suno.com.br\/noticias\/#organization\"},\"image\":{\"@id\":\"https:\/\/www.suno.com.br\/noticias\/irdm11-ifix-fecha-em-queda-09022021\/#primaryimage\"},\"thumbnailUrl\":\"https:\/\/files.sunoresearch.com.br\/n\/uploads\/2021\/02\/476bc915-ifix-png.webp\",\"keywords\":[\"FIIP11\",\"Fundos Imobili\u00e1rios (FIIs)\",\"IFIX\",\"IRDM11\"],\"articleSection\":[\"FIIs\",\"Mercado\"],\"inLanguage\":\"pt-BR\"},{\"@type\":\"WebPage\",\"@id\":\"https:\/\/www.suno.com.br\/noticias\/irdm11-ifix-fecha-em-queda-09022021\/\",\"url\":\"https:\/\/www.suno.com.br\/noticias\/irdm11-ifix-fecha-em-queda-09022021\/\",\"name\":\"IRDM11 pagar\u00e1 proventos e IFIX fecha em queda de 0,0031%\",\"isPartOf\":{\"@id\":\"https:\/\/www.suno.com.br\/noticias\/#website\"},\"primaryImageOfPage\":{\"@id\":\"https:\/\/www.suno.com.br\/noticias\/irdm11-ifix-fecha-em-queda-09022021\/#primaryimage\"},\"image\":{\"@id\":\"https:\/\/www.suno.com.br\/noticias\/irdm11-ifix-fecha-em-queda-09022021\/#primaryimage\"},\"thumbnailUrl\":\"https:\/\/files.sunoresearch.com.br\/n\/uploads\/2021\/02\/476bc915-ifix-png.webp\",\"datePublished\":\"2021-02-09T21:41:24+00:00\",\"dateModified\":\"2021-05-29T23:29:52+00:00\",\"description\":\"O IFIX fechou nesta ter\u00e7a-feira (9), aos 2.892,10 pontos, apresentando leve queda de 0,0031%. Clique aqui e saiba mais sobre o IFIX hoje!\",\"breadcrumb\":{\"@id\":\"https:\/\/www.suno.com.br\/noticias\/irdm11-ifix-fecha-em-queda-09022021\/#breadcrumb\"},\"inLanguage\":\"pt-BR\",\"potentialAction\":[{\"@type\":\"ReadAction\",\"target\":[\"https:\/\/www.suno.com.br\/noticias\/irdm11-ifix-fecha-em-queda-09022021\/\"]}]},{\"@type\":\"ImageObject\",\"inLanguage\":\"pt-BR\",\"@id\":\"https:\/\/www.suno.com.br\/noticias\/irdm11-ifix-fecha-em-queda-09022021\/#primaryimage\",\"url\":\"https:\/\/files.sunoresearch.com.br\/n\/uploads\/2021\/02\/476bc915-ifix-png.webp\",\"contentUrl\":\"https:\/\/files.sunoresearch.com.br\/n\/uploads\/2021\/02\/476bc915-ifix-png.webp\",\"width\":1920,\"height\":1080,\"caption\":\"Petrobras (PETR4), Americanas (AMER3) e Marisa (AMAR3) est\u00e3o no foco do mercado\"},{\"@type\":\"BreadcrumbList\",\"@id\":\"https:\/\/www.suno.com.br\/noticias\/irdm11-ifix-fecha-em-queda-09022021\/#breadcrumb\",\"itemListElement\":[{\"@type\":\"ListItem\",\"position\":1,\"name\":\"Not\u00edcias\",\"item\":\"https:\/\/www.suno.com.br\/noticias\/\"},{\"@type\":\"ListItem\",\"position\":2,\"name\":\"FIIs\",\"item\":\"https:\/\/www.suno.com.br\/noticias\/fiis\/\"},{\"@type\":\"ListItem\",\"position\":3,\"name\":\"IRDM11 pagar\u00e1 R$ 1,33 por cota e IFIX fecha em queda de 0,0031%\"}]},{\"@type\":\"WebSite\",\"@id\":\"https:\/\/www.suno.com.br\/noticias\/#website\",\"url\":\"https:\/\/www.suno.com.br\/noticias\/\",\"name\":\"Suno Not\u00edcias\",\"description\":\"Seu portal de informa\u00e7\u00e3o sobre o mundo dos investimentos\",\"publisher\":{\"@id\":\"https:\/\/www.suno.com.br\/noticias\/#organization\"},\"potentialAction\":[{\"@type\":\"SearchAction\",\"target\":{\"@type\":\"EntryPoint\",\"urlTemplate\":\"https:\/\/www.suno.com.br\/noticias\/?s={search_term_string}\"},\"query-input\":{\"@type\":\"PropertyValueSpecification\",\"valueRequired\":true,\"valueName\":\"search_term_string\"}}],\"inLanguage\":\"pt-BR\"},{\"@type\":\"Organization\",\"@id\":\"https:\/\/www.suno.com.br\/noticias\/#organization\",\"name\":\"Suno Not\u00edcias\",\"url\":\"https:\/\/www.suno.com.br\/noticias\/\",\"logo\":{\"@type\":\"ImageObject\",\"inLanguage\":\"pt-BR\",\"@id\":\"https:\/\/www.suno.com.br\/noticias\/#\/schema\/logo\/image\/\",\"url\":\"https:\/\/files.sunoresearch.com.br\/n\/uploads\/2021\/09\/suno-logo.png\",\"contentUrl\":\"https:\/\/files.sunoresearch.com.br\/n\/uploads\/2021\/09\/suno-logo.png\",\"width\":180,\"height\":180,\"caption\":\"Suno Not\u00edcias\"},\"image\":{\"@id\":\"https:\/\/www.suno.com.br\/noticias\/#\/schema\/logo\/image\/\"},\"sameAs\":[\"https:\/\/facebook.com\/sunoresearch\",\"https:\/\/x.com\/sunoresearch\",\"https:\/\/www.instagram.com\/suno\",\"https:\/\/www.linkedin.com\/company\/suno-research\/\",\"https:\/\/www.youtube.com\/c\/sunoresearch\"]},{\"@type\":\"Person\",\"@id\":\"https:\/\/www.suno.com.br\/noticias\/#\/schema\/person\/3df0d2808748b74496efe5dbeaef2c72\",\"name\":\"Laura Moutinho\",\"image\":{\"@type\":\"ImageObject\",\"inLanguage\":\"pt-BR\",\"@id\":\"https:\/\/www.suno.com.br\/noticias\/#\/schema\/person\/image\/\",\"url\":\"https:\/\/secure.gravatar.com\/avatar\/7571c7c8ca3a6fca5e41384ece5557ff?s=96&r=g\",\"contentUrl\":\"https:\/\/secure.gravatar.com\/avatar\/7571c7c8ca3a6fca5e41384ece5557ff?s=96&r=g\",\"caption\":\"Laura Moutinho\"},\"description\":\"Estagi\u00e1ria na Suno Not\u00edcias, escreve not\u00edcias que afetam o mercado financeiro. Estuda administra\u00e7\u00e3o na Universidade Presbiteriana Mackenzie.\",\"url\":\"https:\/\/www.suno.com.br\/noticias\/author\/laura-moutinho\/\"}]}<\/script>\n<!-- \/ Yoast SEO plugin. -->","yoast_head_json":{"title":"IRDM11 pagar\u00e1 proventos e IFIX fecha em queda de 0,0031%","description":"O IFIX fechou nesta ter\u00e7a-feira (9), aos 2.892,10 pontos, apresentando leve queda de 0,0031%. Clique aqui e saiba mais sobre o IFIX hoje!","robots":{"index":"index","follow":"follow","max-snippet":"max-snippet:-1","max-image-preview":"max-image-preview:large","max-video-preview":"max-video-preview:-1"},"canonical":"https:\/\/www.suno.com.br\/noticias\/irdm11-ifix-fecha-em-queda-09022021\/","og_locale":"pt_BR","og_type":"article","og_title":"IRDM11 pagar\u00e1 proventos e IFIX fecha em queda de 0,0031%","og_description":"O IFIX fechou nesta ter\u00e7a-feira (9), aos 2.892,10 pontos, apresentando leve queda de 0,0031%. Clique aqui e saiba mais sobre o IFIX hoje!","og_url":"https:\/\/www.suno.com.br\/noticias\/irdm11-ifix-fecha-em-queda-09022021\/","og_site_name":"Suno Not\u00edcias","article_publisher":"https:\/\/facebook.com\/sunoresearch","og_image":[{"width":1920,"height":1080,"url":"https:\/\/files.sunoresearch.com.br\/n\/uploads\/2021\/02\/476bc915-ifix.png","type":"image\/png"}],"author":"Laura Moutinho","twitter_card":"summary_large_image","twitter_creator":"@sunoresearch","twitter_site":"@sunoresearch","twitter_misc":{"Escrito por":"Laura Moutinho","Est. tempo de leitura":"3 minutos"},"schema":{"@context":"https:\/\/schema.org","@graph":[{"@type":"NewsArticle","@id":"https:\/\/www.suno.com.br\/noticias\/irdm11-ifix-fecha-em-queda-09022021\/#article","isPartOf":{"@id":"https:\/\/www.suno.com.br\/noticias\/irdm11-ifix-fecha-em-queda-09022021\/"},"author":{"name":"Laura Moutinho","@id":"https:\/\/www.suno.com.br\/noticias\/#\/schema\/person\/3df0d2808748b74496efe5dbeaef2c72"},"headline":"IRDM11 pagar\u00e1 R$ 1,33 por cota e IFIX fecha em queda de 0,0031%","datePublished":"2021-02-09T21:41:24+00:00","dateModified":"2021-05-29T23:29:52+00:00","mainEntityOfPage":{"@id":"https:\/\/www.suno.com.br\/noticias\/irdm11-ifix-fecha-em-queda-09022021\/"},"wordCount":514,"publisher":{"@id":"https:\/\/www.suno.com.br\/noticias\/#organization"},"image":{"@id":"https:\/\/www.suno.com.br\/noticias\/irdm11-ifix-fecha-em-queda-09022021\/#primaryimage"},"thumbnailUrl":"https:\/\/files.sunoresearch.com.br\/n\/uploads\/2021\/02\/476bc915-ifix-png.webp","keywords":["FIIP11","Fundos Imobili\u00e1rios (FIIs)","IFIX","IRDM11"],"articleSection":["FIIs","Mercado"],"inLanguage":"pt-BR"},{"@type":"WebPage","@id":"https:\/\/www.suno.com.br\/noticias\/irdm11-ifix-fecha-em-queda-09022021\/","url":"https:\/\/www.suno.com.br\/noticias\/irdm11-ifix-fecha-em-queda-09022021\/","name":"IRDM11 pagar\u00e1 proventos e IFIX fecha em queda de 0,0031%","isPartOf":{"@id":"https:\/\/www.suno.com.br\/noticias\/#website"},"primaryImageOfPage":{"@id":"https:\/\/www.suno.com.br\/noticias\/irdm11-ifix-fecha-em-queda-09022021\/#primaryimage"},"image":{"@id":"https:\/\/www.suno.com.br\/noticias\/irdm11-ifix-fecha-em-queda-09022021\/#primaryimage"},"thumbnailUrl":"https:\/\/files.sunoresearch.com.br\/n\/uploads\/2021\/02\/476bc915-ifix-png.webp","datePublished":"2021-02-09T21:41:24+00:00","dateModified":"2021-05-29T23:29:52+00:00","description":"O IFIX fechou nesta ter\u00e7a-feira (9), aos 2.892,10 pontos, apresentando leve queda de 0,0031%. Clique aqui e saiba mais sobre o IFIX hoje!","breadcrumb":{"@id":"https:\/\/www.suno.com.br\/noticias\/irdm11-ifix-fecha-em-queda-09022021\/#breadcrumb"},"inLanguage":"pt-BR","potentialAction":[{"@type":"ReadAction","target":["https:\/\/www.suno.com.br\/noticias\/irdm11-ifix-fecha-em-queda-09022021\/"]}]},{"@type":"ImageObject","inLanguage":"pt-BR","@id":"https:\/\/www.suno.com.br\/noticias\/irdm11-ifix-fecha-em-queda-09022021\/#primaryimage","url":"https:\/\/files.sunoresearch.com.br\/n\/uploads\/2021\/02\/476bc915-ifix-png.webp","contentUrl":"https:\/\/files.sunoresearch.com.br\/n\/uploads\/2021\/02\/476bc915-ifix-png.webp","width":1920,"height":1080,"caption":"Petrobras (PETR4), Americanas (AMER3) e Marisa (AMAR3) est\u00e3o no foco do mercado"},{"@type":"BreadcrumbList","@id":"https:\/\/www.suno.com.br\/noticias\/irdm11-ifix-fecha-em-queda-09022021\/#breadcrumb","itemListElement":[{"@type":"ListItem","position":1,"name":"Not\u00edcias","item":"https:\/\/www.suno.com.br\/noticias\/"},{"@type":"ListItem","position":2,"name":"FIIs","item":"https:\/\/www.suno.com.br\/noticias\/fiis\/"},{"@type":"ListItem","position":3,"name":"IRDM11 pagar\u00e1 R$ 1,33 por cota e IFIX fecha em queda de 0,0031%"}]},{"@type":"WebSite","@id":"https:\/\/www.suno.com.br\/noticias\/#website","url":"https:\/\/www.suno.com.br\/noticias\/","name":"Suno Not\u00edcias","description":"Seu portal de informa\u00e7\u00e3o sobre o mundo dos investimentos","publisher":{"@id":"https:\/\/www.suno.com.br\/noticias\/#organization"},"potentialAction":[{"@type":"SearchAction","target":{"@type":"EntryPoint","urlTemplate":"https:\/\/www.suno.com.br\/noticias\/?s={search_term_string}"},"query-input":{"@type":"PropertyValueSpecification","valueRequired":true,"valueName":"search_term_string"}}],"inLanguage":"pt-BR"},{"@type":"Organization","@id":"https:\/\/www.suno.com.br\/noticias\/#organization","name":"Suno Not\u00edcias","url":"https:\/\/www.suno.com.br\/noticias\/","logo":{"@type":"ImageObject","inLanguage":"pt-BR","@id":"https:\/\/www.suno.com.br\/noticias\/#\/schema\/logo\/image\/","url":"https:\/\/files.sunoresearch.com.br\/n\/uploads\/2021\/09\/suno-logo.png","contentUrl":"https:\/\/files.sunoresearch.com.br\/n\/uploads\/2021\/09\/suno-logo.png","width":180,"height":180,"caption":"Suno Not\u00edcias"},"image":{"@id":"https:\/\/www.suno.com.br\/noticias\/#\/schema\/logo\/image\/"},"sameAs":["https:\/\/facebook.com\/sunoresearch","https:\/\/x.com\/sunoresearch","https:\/\/www.instagram.com\/suno","https:\/\/www.linkedin.com\/company\/suno-research\/","https:\/\/www.youtube.com\/c\/sunoresearch"]},{"@type":"Person","@id":"https:\/\/www.suno.com.br\/noticias\/#\/schema\/person\/3df0d2808748b74496efe5dbeaef2c72","name":"Laura Moutinho","image":{"@type":"ImageObject","inLanguage":"pt-BR","@id":"https:\/\/www.suno.com.br\/noticias\/#\/schema\/person\/image\/","url":"https:\/\/secure.gravatar.com\/avatar\/7571c7c8ca3a6fca5e41384ece5557ff?s=96&r=g","contentUrl":"https:\/\/secure.gravatar.com\/avatar\/7571c7c8ca3a6fca5e41384ece5557ff?s=96&r=g","caption":"Laura Moutinho"},"description":"Estagi\u00e1ria na Suno Not\u00edcias, escreve not\u00edcias que afetam o mercado financeiro. Estuda administra\u00e7\u00e3o na Universidade Presbiteriana Mackenzie.","url":"https:\/\/www.suno.com.br\/noticias\/author\/laura-moutinho\/"}]}},"default_loop_html":"<div class=\"cardsPage__listCard__boxs\"><div class=\"cardsPage__listCard__boxs__img\"><a href=\"https:\/\/www.suno.com.br\/noticias\/irdm11-ifix-fecha-em-queda-09022021\/\"><img class=\"mask\" src=\"https:\/\/www.suno.com.br\/noticias\/wp-content\/themes\/suno\/resources\/images\/spotlight\/spotlight1img\/bg-mask.png\" alt=\"Image Mask\"\/><img src=\"https:\/\/files.sunoresearch.com.br\/n\/uploads\/2021\/02\/476bc915-ifix-400x200.webp\" alt=\"IRDM11 pagar\u00e1 R$ 1,33 por cota e IFIX fecha em queda de 0,0031%\"\/><\/a><span class=\"spotlightCategory\"><a href=\"https:\/\/www.suno.com.br\/noticias\/fiis\/\">FIIs<\/a><\/span><\/div><div class=\"cardsPage__listCard__boxs__content\"><a href=\"https:\/\/www.suno.com.br\/noticias\/irdm11-ifix-fecha-em-queda-09022021\/\"><h2 class=\"content__title\">IRDM11 pagar\u00e1 R$ 1,33 por cota e IFIX fecha em queda de 0,0031%<\/h2><\/a><div class=\"newsContent__article__meta\"><div class=\"newsContent__article__meta__authorBox\"><a href=\"https:\/\/www.suno.com.br\/noticias\/author\/laura-moutinho\/\" class=\"authorBox__avatar noMobi\"><img src=\"https:\/\/files.sunoresearch.com.br\/n\/uploads\/2020\/08\/531ff69d-whatsapp-image-2020-08-03-at-14.54.38-150x150.webp\" alt=\"Laura Moutinho\"><\/a><div class=\"authorBox__name\"><span>por\n\t\t\t<a href=\"https:\/\/www.suno.com.br\/noticias\/author\/laura-moutinho\/\"><span itemprop=\"author\">Laura Moutinho<\/span><\/a><\/span><time datetime=\"2021-02-09T18:41:24-03:00\" itemprop=\"datePublished\">09\/02\/2021 18:41<\/time><\/div><\/div><\/div><\/div><\/div>","single_layout":"posts","amp_enabled":true,"_links":{"self":[{"href":"https:\/\/www.suno.com.br\/noticias\/wp-json\/wp\/v2\/posts\/120141"}],"collection":[{"href":"https:\/\/www.suno.com.br\/noticias\/wp-json\/wp\/v2\/posts"}],"about":[{"href":"https:\/\/www.suno.com.br\/noticias\/wp-json\/wp\/v2\/types\/post"}],"author":[{"embeddable":true,"href":"https:\/\/www.suno.com.br\/noticias\/wp-json\/wp\/v2\/users\/39"}],"replies":[{"embeddable":true,"href":"https:\/\/www.suno.com.br\/noticias\/wp-json\/wp\/v2\/comments?post=120141"}],"version-history":[{"count":1,"href":"https:\/\/www.suno.com.br\/noticias\/wp-json\/wp\/v2\/posts\/120141\/revisions"}],"predecessor-version":[{"id":146717,"href":"https:\/\/www.suno.com.br\/noticias\/wp-json\/wp\/v2\/posts\/120141\/revisions\/146717"}],"wp:featuredmedia":[{"embeddable":true,"href":"https:\/\/www.suno.com.br\/noticias\/wp-json\/wp\/v2\/media\/120144"}],"wp:attachment":[{"href":"https:\/\/www.suno.com.br\/noticias\/wp-json\/wp\/v2\/media?parent=120141"}],"wp:term":[{"taxonomy":"category","embeddable":true,"href":"https:\/\/www.suno.com.br\/noticias\/wp-json\/wp\/v2\/categories?post=120141"},{"taxonomy":"post_tag","embeddable":true,"href":"https:\/\/www.suno.com.br\/noticias\/wp-json\/wp\/v2\/tags?post=120141"},{"taxonomy":"suno_strategy","embeddable":true,"href":"https:\/\/www.suno.com.br\/noticias\/wp-json\/wp\/v2\/suno_strategy?post=120141"}],"curies":[{"name":"wp","href":"https:\/\/api.w.org\/{rel}","templated":true}]}}