{"id":120126,"date":"2021-02-09T17:42:46","date_gmt":"2021-02-09T20:42:46","guid":{"rendered":"https:\/\/www.suno.com.br\/noticias\/?p=120126"},"modified":"2021-02-17T22:23:52","modified_gmt":"2021-02-18T01:23:52","slug":"biden-empresarios-pacote-de-alivio","status":"publish","type":"post","link":"https:\/\/www.suno.com.br\/noticias\/biden-empresarios-pacote-de-alivio\/","title":{"rendered":"Em reuni\u00e3o com empres\u00e1rios, Biden defende &#8216;pensar com grandeza&#8217; sobre pacote fiscal"},"content":{"rendered":"<p>O atual presidente dos Estados Unidos, <a href=\"https:\/\/www.suno.com.br\/noticias\/joe-biden-conheca-o-novo-presidente-dos-estados-unidos\/#:~:text=Biden%20%C3%A9%20um%20cr%C3%ADtico%20feroz,combater%20mudan%C3%A7as%20clim%C3%A1ticas%20pela%20descarboniza%C3%A7%C3%A3o.\">Joe <strong>Biden<\/strong>,<\/a> disse nesta ter\u00e7a-feira (9) que governo norte-americano est\u00e1 &#8220;em uma posi\u00e7\u00e3o de pensar com grandeza&#8221; sobre os est\u00edmulos fiscais. A afirma\u00e7\u00e3o do democrata aconteceu ap\u00f3s uma reuni\u00e3o com os l\u00edderes empresariais dos EUA, no Sal\u00e3o Oval da Casa Branca.<\/p>\t<div class=\"wrapper-featured-image\">\n\t\t<figure class=\"spotlightImg\">\n\n\t\t\t<picture>\n\t\t\t\t<source media=\"(max-width: 768px)\" srcset=\"https:\/\/files.sunoresearch.com.br\/n\/uploads\/2021\/02\/2bc5f4d1-biden-400x200.webp\">\n\t\t\t\t<img loading=\"lazy\" decoding=\"async\" class=\"newsContent__article__imgCapa lazyloadDisabled \" src=\"https:\/\/files.sunoresearch.com.br\/n\/uploads\/2021\/02\/2bc5f4d1-biden-800x450.webp\" width=\"800\" height=\"450\" alt=\"Em reuni\u00e3o com empres\u00e1rios, Biden defende &#8216;pensar com grandeza&#8217; sobre pacote fiscal\" fetchpriority=high \/>\n\t\t\t<\/picture>\n\n\t\t\t<figcaption class=\"wp-caption-text wp-caption-text--show\">Biden<\/figcaption>\n\t\t<\/figure>\n\t<\/div>\n\n\n\t<p>\n\t\t<a href=\"https:\/\/lp.suno.com.br\/planilha-controle-gastos\/\" target=\"_blank\" data-element=\"shortcode-suno-banner\" title=\"Banner SUNO, clique e saiba mais\">\n\t\t\t<picture>\n\t\t\t\t<source media=\"(max-width: 500px)\" srcset=\"https:\/\/files.sunoresearch.com.br\/n\/uploads\/2023\/03\/400x300-Planilha-controle-de-gastos.png\">\n\t\t\t\t<img class=\"newsContent__article__imgCapa newsContent__article__imgCapa--banner\"\n\t\t\t\t\tsrc=\"https:\/\/files.sunoresearch.com.br\/n\/uploads\/2023\/03\/1420x240-Planilha-controle-de-gastos.png\"\n\t\t\t\t\tdata-promo-id=\"101751\"\t\t\t\t\t\t\t\t\t\twidth='1420' height='240'\t\t\t\t\talt=\"https:\/\/files.sunoresearch.com.br\/n\/uploads\/2023\/03\/1420x240-Planilha-controle-de-gastos.png\"\n\t\t\t\t>\n\t\t\t<\/picture>\n\t\t<\/a>\n\t<\/p>\n\n\n<p>Al\u00e9m disso, Biden afirmou \u00e0 imprensa que apoia o limite de renda proposto pelos democratas para os benefici\u00e1rios dos pagamentos diretos de US$ 1,4 mil previstos no projeto de lei.<\/p>\n<p>Vale lembrar que ontem \u00a0os deputados apresentaram na C\u00e2mara dos Representantes o texto do <strong>pacote de al\u00edvio econ\u00f4mico,<\/strong> que apontava que os benef\u00edcios seriam destinados a indiv\u00edduos com renda de at\u00e9 US$ 75 mil ao ano e casais que ganham at\u00e9 US$ 150 mil.<\/p>\n<div>\n<div id=\"60141a969004bb2e956386a8\" class=\"op-interactive\" data-title=\"Quiz dos Investimentos\" data-url=\"https:\/\/sunoresearch289.outgrow.us\/60141a969004bb2e956386a8?vHeight=1\" data-width=\"100%\"><\/div>\n<p><script src='\/\/dyv6f9ner1ir9.cloudfront.net\/assets\/js\/nloader.js'><\/script><script>initIframe('60141a969004bb2e956386a8');<\/script><\/p>\n<\/div>\n<p>Mais cedo, a porta-voz da <strong>Casa Branca<\/strong>, <strong>Jen Psaki,<\/strong> j\u00e1 havia antecipado\u00a0 que o mandat\u00e1rio apoiava o limite de renda, no entanto apontou que est\u00e1 aberto a negocia\u00e7\u00f5es.<\/p>\n<p>Na reuni\u00e3o com o presidente, estavam presentes:<\/p>\n<ul>\n<li>CEO do <strong>JPMorgan,<\/strong> Jamie Dimon,<\/li>\n<li>CEO do <strong>Walmart,<\/strong> Doug McMillon,<\/li>\n<li>L\u00edder da <strong>Gap,<\/strong> Sonia Syngal,<\/li>\n<li>L\u00edder da <strong>Lowes Companies,<\/strong> Marvin Ellison,<\/li>\n<li>L\u00edder da <strong>U.S. Chamber of Commerce<\/strong>, Tom Donohue.<\/li>\n<li>A vice-presidente dos EUA, <strong>Kamala Harris,<\/strong><\/li>\n<li>A secret\u00e1ria do Tesouro dos EUA, <strong>Janet Yellen.<\/strong><\/li>\n<\/ul>\n<h2>Joe Biden pode ajustar pacote fiscal<\/h2>\n<p>Psaki, sinalizou na \u00faltima segunda-feira (8) que <strong>Biden,<\/strong> pode ajustar sua proposta de pacote fiscal e retirar o item que aumenta o sal\u00e1rio m\u00ednimo nacional, hoje em US$ 7,25 por hora, para US$ 15 por hora.<\/p>\n\t<div data-element=\"shortcode-read-more\" class=\"knowMore\">\n\t\t\t\t<span class=\"knowMore__title\">Leia tamb\u00e9m<\/span>\n\t\t\t\t<a class=\"knowMore__link\" href=\"https:\/\/www.suno.com.br\/noticias\/democratas-concordaram-biden-cheques-14-mil\/\">\n\t\t\tEUA: Democratas concordaram com Biden sobre cheques de US$ 1,4 mil\t\t<\/a>\n\t<\/div>\n\n\n<p>Durante uma coletiva de imprensa, Psaki salientou que &#8220;\u00e9 claro que haver\u00e1 ajustes na proposta de <strong>pacote fiscal<\/strong>. O presidente Biden ficou no Senado por 36 anos e sabe como uma negocia\u00e7\u00e3o funciona&#8221;.<\/p>\n\t<p>\n\t\t<a href=\"https:\/\/lp.suno.com.br\/planilha-da-vida-financeira\/\" target=\"_blank\" data-element=\"shortcode-suno-banner\" title=\"Banner SUNO, clique e saiba mais\">\n\t\t\t<picture>\n\t\t\t\t<source media=\"(max-width: 500px)\" srcset=\"https:\/\/files.sunoresearch.com.br\/n\/uploads\/2023\/04\/400x300-Planilha-vida-financeira-true.png\">\n\t\t\t\t<img class=\"newsContent__article__imgCapa newsContent__article__imgCapa--banner\"\n\t\t\t\t\tsrc=\"https:\/\/files.sunoresearch.com.br\/n\/uploads\/2023\/04\/1420x240-Planilha-vida-financeira-true.png\"\n\t\t\t\t\tdata-promo-id=\"106682\"\t\t\t\t\t\t\t\t\t\twidth='1420' height='240'\t\t\t\t\talt=\"https:\/\/files.sunoresearch.com.br\/n\/uploads\/2023\/04\/1420x240-Planilha-vida-financeira-true.png\"\n\t\t\t\t>\n\t\t\t<\/picture>\n\t\t<\/a>\n\t<\/p>\n\n\n<p>Vale lembrar que na \u00faltima sexta-feira (5) o mandat\u00e1rio informou sua decis\u00e3o de manter a proposta de novos cheques de US$ 1.400 para \u00a0pessoas em situa\u00e7\u00e3o de vulnerabilidade, visando diminuir os<a href=\"https:\/\/www.suno.com.br\/artigos\/crise-economica-oportunidade-ou-ameaca\/\"> impactos econ\u00f4micos da crise<\/a> causada pelo <strong>coronav\u00edrus<\/strong> (Covid-19).<\/p>\n<p>No entanto, essa decis\u00e3o de <strong>Biden<\/strong> n\u00e3o agradou muito o Partido Republicano, que buscava diminuir os benef\u00edcios, apontando a imin\u00eancia de press\u00f5es na infla\u00e7\u00e3o e na d\u00edvida p\u00fablica.<\/p>\n<p><em>Com informa\u00e7\u00f5es do Estad\u00e3o Conte\u00fado.<\/em><\/p>\n\t<p>\n\t\t<a href=\"https:\/\/lp.suno.com.br\/planilha-de-controle-de-investimentos\/\" target=\"_blank\" data-element=\"shortcode-suno-banner\" title=\"Banner SUNO, clique e saiba mais\">\n\t\t\t<picture>\n\t\t\t\t<source media=\"(max-width: 500px)\" srcset=\"https:\/\/files.sunoresearch.com.br\/n\/uploads\/2023\/03\/400x300-Controle-de-Investimentos.png\">\n\t\t\t\t<img class=\"newsContent__article__imgCapa newsContent__article__imgCapa--banner\"\n\t\t\t\t\tsrc=\"https:\/\/files.sunoresearch.com.br\/n\/uploads\/2023\/03\/1420x240-Controle-de-Investimentos.png\"\n\t\t\t\t\tdata-promo-id=\"75934\"\t\t\t\t\t\t\t\t\t\twidth='1420' height='240'\t\t\t\t\talt=\"https:\/\/files.sunoresearch.com.br\/n\/uploads\/2023\/03\/1420x240-Controle-de-Investimentos.png\"\n\t\t\t\t>\n\t\t\t<\/picture>\n\t\t<\/a>\n\t<\/p>\n\n\n","protected":false},"excerpt":{"rendered":"<p>O atual presidente dos Estados Unidos, Joe Biden, disse nesta ter\u00e7a-feira (9) que governo norte-americano est\u00e1 &#8220;em uma posi\u00e7\u00e3o de pensar com grandeza&#8221; sobre os est\u00edmulos fiscais. A afirma\u00e7\u00e3o do democrata aconteceu ap\u00f3s uma reuni\u00e3o com os l\u00edderes empresariais dos EUA, no Sal\u00e3o Oval da Casa Branca. Biden Al\u00e9m disso, Biden afirmou \u00e0 imprensa que [&hellip;]<\/p>\n","protected":false},"author":39,"featured_media":120135,"comment_status":"closed","ping_status":"closed","sticky":false,"template":"","format":"standard","meta":[],"categories":[63],"tags":[73481,18923,105707],"suno_strategy":[],"class_list":["post-120126","post","type-post","status-publish","format-standard","has-post-thumbnail","hentry","category-internacional","tag-joe-biden","tag-pacote-de-auxilio","tag-pacote-de-estimulos"],"yoast_head":"<!-- This site is optimized with the Yoast SEO plugin v24.4 - https:\/\/yoast.com\/wordpress\/plugins\/seo\/ -->\n<title>Em reuni\u00e3o, Biden defende &#039;pensar com grandeza&#039; sobre pacote fiscal<\/title>\n<meta name=\"description\" content=\"Biden disse hoje que governo norte-americano est\u00e1 &quot;em uma posi\u00e7\u00e3o de pensar com grandeza&quot; sobre os est\u00edmulos fiscais. Clique aqui e saiba mais\" \/>\n<meta name=\"robots\" content=\"index, follow, max-snippet:-1, max-image-preview:large, max-video-preview:-1\" \/>\n<link rel=\"canonical\" href=\"https:\/\/www.suno.com.br\/noticias\/biden-empresarios-pacote-de-alivio\/\" \/>\n<meta property=\"og:locale\" content=\"pt_BR\" \/>\n<meta property=\"og:type\" content=\"article\" \/>\n<meta property=\"og:title\" content=\"Em reuni\u00e3o, Biden defende &#039;pensar com grandeza&#039; sobre pacote fiscal\" \/>\n<meta property=\"og:description\" content=\"Biden disse hoje que governo norte-americano est\u00e1 &quot;em uma posi\u00e7\u00e3o de pensar com grandeza&quot; sobre os est\u00edmulos fiscais. Clique aqui e saiba mais\" \/>\n<meta property=\"og:url\" content=\"https:\/\/www.suno.com.br\/noticias\/biden-empresarios-pacote-de-alivio\/\" \/>\n<meta property=\"og:site_name\" content=\"Suno Not\u00edcias\" \/>\n<meta property=\"article:publisher\" content=\"https:\/\/facebook.com\/sunoresearch\" \/>\n<meta property=\"og:image\" content=\"https:\/\/files.sunoresearch.com.br\/n\/uploads\/2021\/02\/2bc5f4d1-biden.jpg\" \/>\n\t<meta property=\"og:image:width\" content=\"1160\" \/>\n\t<meta property=\"og:image:height\" content=\"773\" \/>\n\t<meta property=\"og:image:type\" content=\"image\/jpeg\" \/>\n<meta name=\"author\" content=\"Laura Moutinho\" \/>\n<meta name=\"twitter:card\" content=\"summary_large_image\" \/>\n<meta name=\"twitter:creator\" content=\"@sunoresearch\" \/>\n<meta name=\"twitter:site\" content=\"@sunoresearch\" \/>\n<meta name=\"twitter:label1\" content=\"Escrito por\" \/>\n\t<meta name=\"twitter:data1\" content=\"Laura Moutinho\" \/>\n\t<meta name=\"twitter:label2\" content=\"Est. tempo de leitura\" \/>\n\t<meta name=\"twitter:data2\" content=\"2 minutos\" \/>\n<script type=\"application\/ld+json\" class=\"yoast-schema-graph\">{\"@context\":\"https:\/\/schema.org\",\"@graph\":[{\"@type\":\"NewsArticle\",\"@id\":\"https:\/\/www.suno.com.br\/noticias\/biden-empresarios-pacote-de-alivio\/#article\",\"isPartOf\":{\"@id\":\"https:\/\/www.suno.com.br\/noticias\/biden-empresarios-pacote-de-alivio\/\"},\"author\":{\"name\":\"Laura Moutinho\",\"@id\":\"https:\/\/www.suno.com.br\/noticias\/#\/schema\/person\/3df0d2808748b74496efe5dbeaef2c72\"},\"headline\":\"Em reuni\u00e3o com empres\u00e1rios, Biden defende &#8216;pensar com grandeza&#8217; sobre pacote fiscal\",\"datePublished\":\"2021-02-09T20:42:46+00:00\",\"dateModified\":\"2021-02-18T01:23:52+00:00\",\"mainEntityOfPage\":{\"@id\":\"https:\/\/www.suno.com.br\/noticias\/biden-empresarios-pacote-de-alivio\/\"},\"wordCount\":407,\"publisher\":{\"@id\":\"https:\/\/www.suno.com.br\/noticias\/#organization\"},\"image\":{\"@id\":\"https:\/\/www.suno.com.br\/noticias\/biden-empresarios-pacote-de-alivio\/#primaryimage\"},\"thumbnailUrl\":\"https:\/\/files.sunoresearch.com.br\/n\/uploads\/2021\/02\/2bc5f4d1-biden-jpg.webp\",\"keywords\":[\"Joe Biden\",\"pacote de aux\u00edlio\",\"pacote de est\u00edmulos\"],\"articleSection\":[\"Internacional\"],\"inLanguage\":\"pt-BR\"},{\"@type\":\"WebPage\",\"@id\":\"https:\/\/www.suno.com.br\/noticias\/biden-empresarios-pacote-de-alivio\/\",\"url\":\"https:\/\/www.suno.com.br\/noticias\/biden-empresarios-pacote-de-alivio\/\",\"name\":\"Em reuni\u00e3o, Biden defende 'pensar com grandeza' sobre pacote fiscal\",\"isPartOf\":{\"@id\":\"https:\/\/www.suno.com.br\/noticias\/#website\"},\"primaryImageOfPage\":{\"@id\":\"https:\/\/www.suno.com.br\/noticias\/biden-empresarios-pacote-de-alivio\/#primaryimage\"},\"image\":{\"@id\":\"https:\/\/www.suno.com.br\/noticias\/biden-empresarios-pacote-de-alivio\/#primaryimage\"},\"thumbnailUrl\":\"https:\/\/files.sunoresearch.com.br\/n\/uploads\/2021\/02\/2bc5f4d1-biden-jpg.webp\",\"datePublished\":\"2021-02-09T20:42:46+00:00\",\"dateModified\":\"2021-02-18T01:23:52+00:00\",\"description\":\"Biden disse hoje que governo norte-americano est\u00e1 \\\"em uma posi\u00e7\u00e3o de pensar com grandeza\\\" sobre os est\u00edmulos fiscais. Clique aqui e saiba mais\",\"breadcrumb\":{\"@id\":\"https:\/\/www.suno.com.br\/noticias\/biden-empresarios-pacote-de-alivio\/#breadcrumb\"},\"inLanguage\":\"pt-BR\",\"potentialAction\":[{\"@type\":\"ReadAction\",\"target\":[\"https:\/\/www.suno.com.br\/noticias\/biden-empresarios-pacote-de-alivio\/\"]}]},{\"@type\":\"ImageObject\",\"inLanguage\":\"pt-BR\",\"@id\":\"https:\/\/www.suno.com.br\/noticias\/biden-empresarios-pacote-de-alivio\/#primaryimage\",\"url\":\"https:\/\/files.sunoresearch.com.br\/n\/uploads\/2021\/02\/2bc5f4d1-biden-jpg.webp\",\"contentUrl\":\"https:\/\/files.sunoresearch.com.br\/n\/uploads\/2021\/02\/2bc5f4d1-biden-jpg.webp\",\"width\":1160,\"height\":773,\"caption\":\"Biden\"},{\"@type\":\"BreadcrumbList\",\"@id\":\"https:\/\/www.suno.com.br\/noticias\/biden-empresarios-pacote-de-alivio\/#breadcrumb\",\"itemListElement\":[{\"@type\":\"ListItem\",\"position\":1,\"name\":\"Not\u00edcias\",\"item\":\"https:\/\/www.suno.com.br\/noticias\/\"},{\"@type\":\"ListItem\",\"position\":2,\"name\":\"Internacional\",\"item\":\"https:\/\/www.suno.com.br\/noticias\/internacional\/\"},{\"@type\":\"ListItem\",\"position\":3,\"name\":\"Em reuni\u00e3o com empres\u00e1rios, Biden defende &#8216;pensar com grandeza&#8217; sobre pacote fiscal\"}]},{\"@type\":\"WebSite\",\"@id\":\"https:\/\/www.suno.com.br\/noticias\/#website\",\"url\":\"https:\/\/www.suno.com.br\/noticias\/\",\"name\":\"Suno Not\u00edcias\",\"description\":\"Seu portal de informa\u00e7\u00e3o sobre o mundo dos investimentos\",\"publisher\":{\"@id\":\"https:\/\/www.suno.com.br\/noticias\/#organization\"},\"potentialAction\":[{\"@type\":\"SearchAction\",\"target\":{\"@type\":\"EntryPoint\",\"urlTemplate\":\"https:\/\/www.suno.com.br\/noticias\/?s={search_term_string}\"},\"query-input\":{\"@type\":\"PropertyValueSpecification\",\"valueRequired\":true,\"valueName\":\"search_term_string\"}}],\"inLanguage\":\"pt-BR\"},{\"@type\":\"Organization\",\"@id\":\"https:\/\/www.suno.com.br\/noticias\/#organization\",\"name\":\"Suno Not\u00edcias\",\"url\":\"https:\/\/www.suno.com.br\/noticias\/\",\"logo\":{\"@type\":\"ImageObject\",\"inLanguage\":\"pt-BR\",\"@id\":\"https:\/\/www.suno.com.br\/noticias\/#\/schema\/logo\/image\/\",\"url\":\"https:\/\/files.sunoresearch.com.br\/n\/uploads\/2021\/09\/suno-logo.png\",\"contentUrl\":\"https:\/\/files.sunoresearch.com.br\/n\/uploads\/2021\/09\/suno-logo.png\",\"width\":180,\"height\":180,\"caption\":\"Suno Not\u00edcias\"},\"image\":{\"@id\":\"https:\/\/www.suno.com.br\/noticias\/#\/schema\/logo\/image\/\"},\"sameAs\":[\"https:\/\/facebook.com\/sunoresearch\",\"https:\/\/x.com\/sunoresearch\",\"https:\/\/www.instagram.com\/suno\",\"https:\/\/www.linkedin.com\/company\/suno-research\/\",\"https:\/\/www.youtube.com\/c\/sunoresearch\"]},{\"@type\":\"Person\",\"@id\":\"https:\/\/www.suno.com.br\/noticias\/#\/schema\/person\/3df0d2808748b74496efe5dbeaef2c72\",\"name\":\"Laura Moutinho\",\"image\":{\"@type\":\"ImageObject\",\"inLanguage\":\"pt-BR\",\"@id\":\"https:\/\/www.suno.com.br\/noticias\/#\/schema\/person\/image\/\",\"url\":\"https:\/\/secure.gravatar.com\/avatar\/7571c7c8ca3a6fca5e41384ece5557ff?s=96&r=g\",\"contentUrl\":\"https:\/\/secure.gravatar.com\/avatar\/7571c7c8ca3a6fca5e41384ece5557ff?s=96&r=g\",\"caption\":\"Laura Moutinho\"},\"description\":\"Estagi\u00e1ria na Suno Not\u00edcias, escreve not\u00edcias que afetam o mercado financeiro. Estuda administra\u00e7\u00e3o na Universidade Presbiteriana Mackenzie.\",\"url\":\"https:\/\/www.suno.com.br\/noticias\/author\/laura-moutinho\/\"}]}<\/script>\n<!-- \/ Yoast SEO plugin. -->","yoast_head_json":{"title":"Em reuni\u00e3o, Biden defende 'pensar com grandeza' sobre pacote fiscal","description":"Biden disse hoje que governo norte-americano est\u00e1 \"em uma posi\u00e7\u00e3o de pensar com grandeza\" sobre os est\u00edmulos fiscais. Clique aqui e saiba mais","robots":{"index":"index","follow":"follow","max-snippet":"max-snippet:-1","max-image-preview":"max-image-preview:large","max-video-preview":"max-video-preview:-1"},"canonical":"https:\/\/www.suno.com.br\/noticias\/biden-empresarios-pacote-de-alivio\/","og_locale":"pt_BR","og_type":"article","og_title":"Em reuni\u00e3o, Biden defende 'pensar com grandeza' sobre pacote fiscal","og_description":"Biden disse hoje que governo norte-americano est\u00e1 \"em uma posi\u00e7\u00e3o de pensar com grandeza\" sobre os est\u00edmulos fiscais. Clique aqui e saiba mais","og_url":"https:\/\/www.suno.com.br\/noticias\/biden-empresarios-pacote-de-alivio\/","og_site_name":"Suno Not\u00edcias","article_publisher":"https:\/\/facebook.com\/sunoresearch","og_image":[{"width":1160,"height":773,"url":"https:\/\/files.sunoresearch.com.br\/n\/uploads\/2021\/02\/2bc5f4d1-biden.jpg","type":"image\/jpeg"}],"author":"Laura Moutinho","twitter_card":"summary_large_image","twitter_creator":"@sunoresearch","twitter_site":"@sunoresearch","twitter_misc":{"Escrito por":"Laura Moutinho","Est. tempo de leitura":"2 minutos"},"schema":{"@context":"https:\/\/schema.org","@graph":[{"@type":"NewsArticle","@id":"https:\/\/www.suno.com.br\/noticias\/biden-empresarios-pacote-de-alivio\/#article","isPartOf":{"@id":"https:\/\/www.suno.com.br\/noticias\/biden-empresarios-pacote-de-alivio\/"},"author":{"name":"Laura Moutinho","@id":"https:\/\/www.suno.com.br\/noticias\/#\/schema\/person\/3df0d2808748b74496efe5dbeaef2c72"},"headline":"Em reuni\u00e3o com empres\u00e1rios, Biden defende &#8216;pensar com grandeza&#8217; sobre pacote fiscal","datePublished":"2021-02-09T20:42:46+00:00","dateModified":"2021-02-18T01:23:52+00:00","mainEntityOfPage":{"@id":"https:\/\/www.suno.com.br\/noticias\/biden-empresarios-pacote-de-alivio\/"},"wordCount":407,"publisher":{"@id":"https:\/\/www.suno.com.br\/noticias\/#organization"},"image":{"@id":"https:\/\/www.suno.com.br\/noticias\/biden-empresarios-pacote-de-alivio\/#primaryimage"},"thumbnailUrl":"https:\/\/files.sunoresearch.com.br\/n\/uploads\/2021\/02\/2bc5f4d1-biden-jpg.webp","keywords":["Joe Biden","pacote de aux\u00edlio","pacote de est\u00edmulos"],"articleSection":["Internacional"],"inLanguage":"pt-BR"},{"@type":"WebPage","@id":"https:\/\/www.suno.com.br\/noticias\/biden-empresarios-pacote-de-alivio\/","url":"https:\/\/www.suno.com.br\/noticias\/biden-empresarios-pacote-de-alivio\/","name":"Em reuni\u00e3o, Biden defende 'pensar com grandeza' sobre pacote fiscal","isPartOf":{"@id":"https:\/\/www.suno.com.br\/noticias\/#website"},"primaryImageOfPage":{"@id":"https:\/\/www.suno.com.br\/noticias\/biden-empresarios-pacote-de-alivio\/#primaryimage"},"image":{"@id":"https:\/\/www.suno.com.br\/noticias\/biden-empresarios-pacote-de-alivio\/#primaryimage"},"thumbnailUrl":"https:\/\/files.sunoresearch.com.br\/n\/uploads\/2021\/02\/2bc5f4d1-biden-jpg.webp","datePublished":"2021-02-09T20:42:46+00:00","dateModified":"2021-02-18T01:23:52+00:00","description":"Biden disse hoje que governo norte-americano est\u00e1 \"em uma posi\u00e7\u00e3o de pensar com grandeza\" sobre os est\u00edmulos fiscais. Clique aqui e saiba mais","breadcrumb":{"@id":"https:\/\/www.suno.com.br\/noticias\/biden-empresarios-pacote-de-alivio\/#breadcrumb"},"inLanguage":"pt-BR","potentialAction":[{"@type":"ReadAction","target":["https:\/\/www.suno.com.br\/noticias\/biden-empresarios-pacote-de-alivio\/"]}]},{"@type":"ImageObject","inLanguage":"pt-BR","@id":"https:\/\/www.suno.com.br\/noticias\/biden-empresarios-pacote-de-alivio\/#primaryimage","url":"https:\/\/files.sunoresearch.com.br\/n\/uploads\/2021\/02\/2bc5f4d1-biden-jpg.webp","contentUrl":"https:\/\/files.sunoresearch.com.br\/n\/uploads\/2021\/02\/2bc5f4d1-biden-jpg.webp","width":1160,"height":773,"caption":"Biden"},{"@type":"BreadcrumbList","@id":"https:\/\/www.suno.com.br\/noticias\/biden-empresarios-pacote-de-alivio\/#breadcrumb","itemListElement":[{"@type":"ListItem","position":1,"name":"Not\u00edcias","item":"https:\/\/www.suno.com.br\/noticias\/"},{"@type":"ListItem","position":2,"name":"Internacional","item":"https:\/\/www.suno.com.br\/noticias\/internacional\/"},{"@type":"ListItem","position":3,"name":"Em reuni\u00e3o com empres\u00e1rios, Biden defende &#8216;pensar com grandeza&#8217; sobre pacote fiscal"}]},{"@type":"WebSite","@id":"https:\/\/www.suno.com.br\/noticias\/#website","url":"https:\/\/www.suno.com.br\/noticias\/","name":"Suno Not\u00edcias","description":"Seu portal de informa\u00e7\u00e3o sobre o mundo dos investimentos","publisher":{"@id":"https:\/\/www.suno.com.br\/noticias\/#organization"},"potentialAction":[{"@type":"SearchAction","target":{"@type":"EntryPoint","urlTemplate":"https:\/\/www.suno.com.br\/noticias\/?s={search_term_string}"},"query-input":{"@type":"PropertyValueSpecification","valueRequired":true,"valueName":"search_term_string"}}],"inLanguage":"pt-BR"},{"@type":"Organization","@id":"https:\/\/www.suno.com.br\/noticias\/#organization","name":"Suno Not\u00edcias","url":"https:\/\/www.suno.com.br\/noticias\/","logo":{"@type":"ImageObject","inLanguage":"pt-BR","@id":"https:\/\/www.suno.com.br\/noticias\/#\/schema\/logo\/image\/","url":"https:\/\/files.sunoresearch.com.br\/n\/uploads\/2021\/09\/suno-logo.png","contentUrl":"https:\/\/files.sunoresearch.com.br\/n\/uploads\/2021\/09\/suno-logo.png","width":180,"height":180,"caption":"Suno Not\u00edcias"},"image":{"@id":"https:\/\/www.suno.com.br\/noticias\/#\/schema\/logo\/image\/"},"sameAs":["https:\/\/facebook.com\/sunoresearch","https:\/\/x.com\/sunoresearch","https:\/\/www.instagram.com\/suno","https:\/\/www.linkedin.com\/company\/suno-research\/","https:\/\/www.youtube.com\/c\/sunoresearch"]},{"@type":"Person","@id":"https:\/\/www.suno.com.br\/noticias\/#\/schema\/person\/3df0d2808748b74496efe5dbeaef2c72","name":"Laura Moutinho","image":{"@type":"ImageObject","inLanguage":"pt-BR","@id":"https:\/\/www.suno.com.br\/noticias\/#\/schema\/person\/image\/","url":"https:\/\/secure.gravatar.com\/avatar\/7571c7c8ca3a6fca5e41384ece5557ff?s=96&r=g","contentUrl":"https:\/\/secure.gravatar.com\/avatar\/7571c7c8ca3a6fca5e41384ece5557ff?s=96&r=g","caption":"Laura Moutinho"},"description":"Estagi\u00e1ria na Suno Not\u00edcias, escreve not\u00edcias que afetam o mercado financeiro. Estuda administra\u00e7\u00e3o na Universidade Presbiteriana Mackenzie.","url":"https:\/\/www.suno.com.br\/noticias\/author\/laura-moutinho\/"}]}},"default_loop_html":"<div class=\"cardsPage__listCard__boxs\"><div class=\"cardsPage__listCard__boxs__img\"><a href=\"https:\/\/www.suno.com.br\/noticias\/biden-empresarios-pacote-de-alivio\/\"><img class=\"mask\" src=\"https:\/\/www.suno.com.br\/noticias\/wp-content\/themes\/suno\/resources\/images\/spotlight\/spotlight1img\/bg-mask.png\" alt=\"Image Mask\"\/><img src=\"https:\/\/files.sunoresearch.com.br\/n\/uploads\/2021\/02\/2bc5f4d1-biden-400x200.webp\" alt=\"Em reuni\u00e3o com empres\u00e1rios, Biden defende &#8216;pensar com grandeza&#8217; sobre pacote fiscal\"\/><\/a><span class=\"spotlightCategory\"><a href=\"https:\/\/www.suno.com.br\/noticias\/internacional\/\">Internacional<\/a><\/span><\/div><div class=\"cardsPage__listCard__boxs__content\"><a href=\"https:\/\/www.suno.com.br\/noticias\/biden-empresarios-pacote-de-alivio\/\"><h2 class=\"content__title\">Em reuni\u00e3o com empres\u00e1rios, Biden defende &#8216;pensar com grandeza&#8217; sobre pacote fiscal<\/h2><\/a><div class=\"newsContent__article__meta\"><div class=\"newsContent__article__meta__authorBox\"><a href=\"https:\/\/www.suno.com.br\/noticias\/author\/laura-moutinho\/\" class=\"authorBox__avatar noMobi\"><img src=\"https:\/\/files.sunoresearch.com.br\/n\/uploads\/2020\/08\/531ff69d-whatsapp-image-2020-08-03-at-14.54.38-150x150.webp\" alt=\"Laura Moutinho\"><\/a><div class=\"authorBox__name\"><span>por\n\t\t\t<a href=\"https:\/\/www.suno.com.br\/noticias\/author\/laura-moutinho\/\"><span itemprop=\"author\">Laura Moutinho<\/span><\/a><\/span><time datetime=\"2021-02-09T17:42:46-03:00\" itemprop=\"datePublished\">09\/02\/2021 17:42<\/time><\/div><\/div><\/div><\/div><\/div>","single_layout":"posts","amp_enabled":true,"_links":{"self":[{"href":"https:\/\/www.suno.com.br\/noticias\/wp-json\/wp\/v2\/posts\/120126"}],"collection":[{"href":"https:\/\/www.suno.com.br\/noticias\/wp-json\/wp\/v2\/posts"}],"about":[{"href":"https:\/\/www.suno.com.br\/noticias\/wp-json\/wp\/v2\/types\/post"}],"author":[{"embeddable":true,"href":"https:\/\/www.suno.com.br\/noticias\/wp-json\/wp\/v2\/users\/39"}],"replies":[{"embeddable":true,"href":"https:\/\/www.suno.com.br\/noticias\/wp-json\/wp\/v2\/comments?post=120126"}],"version-history":[{"count":0,"href":"https:\/\/www.suno.com.br\/noticias\/wp-json\/wp\/v2\/posts\/120126\/revisions"}],"wp:featuredmedia":[{"embeddable":true,"href":"https:\/\/www.suno.com.br\/noticias\/wp-json\/wp\/v2\/media\/120135"}],"wp:attachment":[{"href":"https:\/\/www.suno.com.br\/noticias\/wp-json\/wp\/v2\/media?parent=120126"}],"wp:term":[{"taxonomy":"category","embeddable":true,"href":"https:\/\/www.suno.com.br\/noticias\/wp-json\/wp\/v2\/categories?post=120126"},{"taxonomy":"post_tag","embeddable":true,"href":"https:\/\/www.suno.com.br\/noticias\/wp-json\/wp\/v2\/tags?post=120126"},{"taxonomy":"suno_strategy","embeddable":true,"href":"https:\/\/www.suno.com.br\/noticias\/wp-json\/wp\/v2\/suno_strategy?post=120126"}],"curies":[{"name":"wp","href":"https:\/\/api.w.org\/{rel}","templated":true}]}}