{"id":120118,"date":"2021-02-09T18:30:46","date_gmt":"2021-02-09T21:30:46","guid":{"rendered":"https:\/\/www.suno.com.br\/noticias\/?p=120118"},"modified":"2021-05-29T20:29:28","modified_gmt":"2021-05-29T23:29:28","slug":"ibovespa-fecha-em-queda-09022021","status":"publish","type":"post","link":"https:\/\/www.suno.com.br\/noticias\/ibovespa-fecha-em-queda-09022021\/","title":{"rendered":"Ibovespa fecha em queda de 0,19%, a 119.471,62 pontos"},"content":{"rendered":"<p>O\u00a0<span style=\"font-weight: 700 !important;\">Ibovespa\u00a0<\/span>encerrou o preg\u00e3o desta ter\u00e7a-feira (9) em queda de 0,19%, a 119.471,62 pontos.<\/p>\t<div class=\"wrapper-featured-image\">\n\t\t<figure class=\"spotlightImg\">\n\n\t\t\t<picture>\n\t\t\t\t<source media=\"(max-width: 768px)\" srcset=\"https:\/\/files.sunoresearch.com.br\/n\/uploads\/2021\/02\/f424b45f-ibovespa-400x200.webp\">\n\t\t\t\t<img loading=\"lazy\" decoding=\"async\" class=\"newsContent__article__imgCapa lazyloadDisabled \" src=\"https:\/\/files.sunoresearch.com.br\/n\/uploads\/2021\/02\/f424b45f-ibovespa-800x450.webp\" width=\"800\" height=\"450\" alt=\"Ibovespa fecha em queda de 0,19%, a 119.471,62 pontos\" fetchpriority=high \/>\n\t\t\t<\/picture>\n\n\t\t\t<figcaption class=\"wp-caption-text wp-caption-text--show\">O Ibovespa encerrou as negocia\u00e7\u00f5es na \u00faltima segunda-feira (8) com uma baixa de 0,45%, abaixo dos 120 mil pontos.\n\nGermano L\u00fcders\n20\/10\/2016<\/figcaption>\n\t\t<\/figure>\n\t<\/div>\n\n\n\t<p>\n\t\t<a href=\"https:\/\/lp.suno.com.br\/planilha-controle-gastos\/\" target=\"_blank\" data-element=\"shortcode-suno-banner\" title=\"Banner SUNO, clique e saiba mais\">\n\t\t\t<picture>\n\t\t\t\t<source media=\"(max-width: 500px)\" srcset=\"https:\/\/files.sunoresearch.com.br\/n\/uploads\/2023\/03\/400x300-Planilha-controle-de-gastos.png\">\n\t\t\t\t<img class=\"newsContent__article__imgCapa newsContent__article__imgCapa--banner\"\n\t\t\t\t\tsrc=\"https:\/\/files.sunoresearch.com.br\/n\/uploads\/2023\/03\/1420x240-Planilha-controle-de-gastos.png\"\n\t\t\t\t\tdata-promo-id=\"101751\"\t\t\t\t\t\t\t\t\t\twidth='1420' height='240'\t\t\t\t\talt=\"https:\/\/files.sunoresearch.com.br\/n\/uploads\/2023\/03\/1420x240-Planilha-controle-de-gastos.png\"\n\t\t\t\t>\n\t\t\t<\/picture>\n\t\t<\/a>\n\t<\/p>\n\n\n<p>O <a href=\"https:\/\/www.suno.com.br\/artigos\/ibovespa\/\"><strong>Ibovespa hoje<\/strong><\/a> abriu em leve queda enquanto o mercado estava atento ao <a href=\"https:\/\/www.suno.com.br\/artigos\/ipca\/\">\u00cdndice Nacional de Pre\u00e7os ao Consumidor Amplo (<strong>IPCA<\/strong>)<\/a> de janeiro, que avan\u00e7ou 0,25%.<\/p>\n<p>O resultado, divulgado pelo Instituto Brasileiro de Geografia e Estat\u00edstica (<strong>IBGE<\/strong>), ficou levemente abaixo das proje\u00e7\u00f5es de economistas, que apontavam para um avan\u00e7o a 0,31%.<\/p>\n<div>\n<div id=\"60141a969004bb2e956386a8\" class=\"op-interactive\" data-title=\"Quiz dos Investimentos\" data-url=\"https:\/\/sunoresearch289.outgrow.us\/60141a969004bb2e956386a8?vHeight=1\" data-width=\"100%\"><\/div>\n<p><script src='\/\/dyv6f9ner1ir9.cloudfront.net\/assets\/js\/nloader.js'><\/script><script>initIframe('60141a969004bb2e956386a8');<\/script><\/p>\n<\/div>\n<p>&nbsp;<\/p>\n<h2>Principais not\u00edcias que movimentaram o Ibovespa<\/h2>\n<p>Al\u00e9m disso, veja as principais not\u00edcias que movimentaram o mercado durante o dia:<\/p>\n<ul>\n<li>BTG Pactual (BPAC11): com for\u00e7a do Investment Banking, lucro sobe 24% no 4T20<\/li>\n<li>Eletrobras (ELET3): Norte Energia assina termo com Ibama para operar em Belo Monte<\/li>\n<li>Vale (VALE3) investe US$ 6 mi na Boston Metal para produzir a\u00e7o livre de CO2<\/li>\n<\/ul>\n<h2>BTG Pactual (BPAC11)<\/h2>\n<p>O <a href=\"https:\/\/www.suno.com.br\/acoes\/bpac11\/\"><strong>BTG Pactual <\/strong>(BPAC11)<\/a> apresentou, nesta ter\u00e7a-feira, seu resultado do quarto trimestre de 2020. A companhia obteve um lucro l\u00edquido ajustado de R$ 1,25 bilh\u00e3o, alta de 24,55% na rela\u00e7\u00e3o anualizada. O banco de investimento registrou um avan\u00e7o de 13,6% na <a href=\"https:\/\/www.suno.com.br\/artigos\/receita-total\/\">receita total<\/a> na base anualizada, indo para R$ 2,82 bilh\u00f5es.<\/p>\n<p>No acumulado do ano, a receita subiu 11,6% em rela\u00e7\u00e3o a 2019, para R$ 9,3 bilh\u00f5es, enquanto o <strong>lucro l\u00edquido<\/strong> ajustado foi de R$ 4,05 bilh\u00f5es no per\u00edodo, avan\u00e7o de 5,66%. Segundo o BTG Pactual, houve recorde de receitas no quarto trimestre e no ano de 2020 em v\u00e1rias linhas de neg\u00f3cios, mesmo enfrentando &#8220;uma crise sem precedentes&#8221;.<\/p>\n\t<div data-element=\"shortcode-read-more\" class=\"knowMore\">\n\t\t\t\t<span class=\"knowMore__title\">Leia tamb\u00e9m <\/span>\n\t\t\t\t<a class=\"knowMore__link\" href=\"https:\/\/www.suno.com.br\/noticias\/btg-pactual-bpac11-lucro-liquido-4t20\/\">\n\t\t\tBTG Pactual (BPAC11): com for\u00e7a do Investment Banking, lucro sobe 24% no 4T20\t\t<\/a>\n\t<\/div>\n\n\n<p>No neg\u00f3cio de <strong>gest\u00e3o de ativos<\/strong>, o total sob gest\u00e3o e administra\u00e7\u00e3o (AuM e AuA) em 31 de dezembro do ano passado atingiu R$ 377,1 bilh\u00f5es, 38,1% a mais do que o registrado no fechamento do ano anterior.<\/p>\n<h2>Eletrobras (ELET3)<\/h2>\n<p>A <a href=\"https:\/\/www.suno.com.br\/acoes\/elet3\/\"><strong>Eletrobras<\/strong> (ELET3)<\/a> comunicou ao mercado que a Norte Energia, empresa na qual possui 49,98% de participa\u00e7\u00e3o, assinou ontem um termo de compromisso com o Instituto Brasileiro do Meio Ambiente e dos Recursos Naturais Renov\u00e1veis (<strong>Ibama<\/strong>) sobre a opera\u00e7\u00e3o da Usina Hidrel\u00e9trica de Belo Monte.<\/p>\n<p>Segundo o<a href=\"https:\/\/www.suno.com.br\/artigos\/fato-relevante\/\"> fato relevante<\/a> da Eletrobras, o acordo prev\u00ea que a <strong>Norte Energia<\/strong> obter\u00e1 o licenciamento para operar o <strong>Hidrograma B<\/strong> em 2021 depois que executar medidas adicionais de mitiga\u00e7\u00e3o e compensa\u00e7\u00e3o dos impactos do empreendimento para o Trecho de Vaz\u00e3o Reduzida (TVR), na Volta Grande do Xingu (PA). Hidrograma B \u00e9 uma\u00a0proposta anual de vaz\u00e3o, que prev\u00ea vaz\u00f5es em quantidades distintas durante alguns meses.<\/p>\n\t<div data-element=\"shortcode-read-more\" class=\"knowMore\">\n\t\t\t\t<span class=\"knowMore__title\">Saiba mais <\/span>\n\t\t\t\t<a class=\"knowMore__link\" href=\"https:\/\/www.suno.com.br\/noticias\/eletrobras-elet3-norte-energia-ibama-belo-monte\/\">\n\t\t\tEletrobras (ELET3): Norte Energia assina termo com Ibama para operar em Belo Monte\t\t<\/a>\n\t<\/div>\n\n\n<p>Elas ser\u00e3o executadas ao longo de tr\u00eas anos, com o valor aproximado de R$ 157,5 milh\u00f5es, j\u00e1 provisionado nas demonstra\u00e7\u00f5es financeiras da empresa.<\/p>\n<h2>Vale (VALE3)<\/h2>\n<p>A <strong><a href=\"https:\/\/www.suno.com.br\/acoes\/vale3\/\">Vale (VALE3)<\/a><\/strong> comunicou ao mercado nesta ter\u00e7a-feira que concluiu um investimento de US$ 6 milh\u00f5es (cerca de R$ 32,46 milh\u00f5es) na<strong> Boston Metal<\/strong> para adquirir uma participa\u00e7\u00e3o minorit\u00e1ria na empresa. A companhia desenvolve tecnologia que possibilita a transforma\u00e7\u00e3o de min\u00e9rio de ferro em a\u00e7o com emiss\u00e3o zero de carbono.<\/p>\n<p>Segundo o <a href=\"https:\/\/www.suno.com.br\/artigos\/fato-relevante\/\">fato relevante<\/a> da <strong>mineradora<\/strong>, o objetivo com o investimento \u00e9 utilizar a tecnologia na descarboniza\u00e7\u00e3o do a\u00e7o. &#8220;A Vale est\u00e1 empenhada em liderar a transi\u00e7\u00e3o para a minera\u00e7\u00e3o neutra em <strong>carbono<\/strong> e promover um portf\u00f3lio de produtos de alta qualidade e tecnologias inovadoras para fornecer solu\u00e7\u00f5es&#8221;.<\/p>\n\t<div data-element=\"shortcode-read-more\" class=\"knowMore\">\n\t\t\t\t<span class=\"knowMore__title\">Saiba mais <\/span>\n\t\t\t\t<a class=\"knowMore__link\" href=\"https:\/\/www.suno.com.br\/noticias\/vale-vale3-boston-metal-aco-co2\/\">\n\t\t\tVale (VALE3) investe US$ 6 mi na Boston Metal para produzir a\u00e7o livre de CO2\t\t<\/a>\n\t<\/div>\n\n\n<p>A <strong>Boston Metal<\/strong> \u00e9 uma empresa, fundada em 2012 por professores de Massachutes Institute of Technology (MIT), cujo o objetivo \u00e9 o desenvolvimento de uma tecnologia denominada <em>Eletr\u00f3lise de \u00d3xido Fundido <\/em>(MOE, na sigla ingl\u00eas). O MOE reduz \u00f3xidos met\u00e1licos como min\u00e9rio de ferro com o uso de eletricidade. Este processo possibilita a transforma\u00e7\u00e3o de <strong>min\u00e9rio de ferro<\/strong> para a produ\u00e7\u00e3o de <strong>a\u00e7o<\/strong> com emiss\u00e3o <strong>zero de CO2<\/strong>.<\/p>\n<h2>Bolsas no exterior<\/h2>\n<p>Confira tamb\u00e9m o desempenho dos principais \u00edndices acion\u00e1rios no exterior<\/p>\n<ul>\n<li>Nova York (<a href=\"https:\/\/www.suno.com.br\/artigos\/sp-500\/\"><strong>S&amp;P 500<\/strong><\/a>): -0,11% &#8211; 3.911,23<\/li>\n<li>Londres (<a href=\"https:\/\/www.suno.com.br\/artigos\/ftse-100\/\"><strong>FTSE 100<\/strong><\/a>): +0,12% &#8211; 6.531,56<\/li>\n<li>Frankfurt (<a href=\"https:\/\/www.suno.com.br\/artigos\/dax-30\/\"><strong>DAX 30<\/strong>)<\/a>: -0,34% &#8211; 14.011,80<\/li>\n<li>Paris (<a href=\"https:\/\/www.suno.com.br\/artigos\/cac-40\/\"><strong>CAC 40<\/strong><\/a>): +0,097% &#8211; 5.691,54<\/li>\n<li>Hong Kong (<a href=\"https:\/\/www.suno.com.br\/artigos\/hang-seng\/\"><strong>Hang Seng<\/strong><\/a>): +0,53% &#8211; 29.476,19<\/li>\n<li>Xangai (<strong>SSE Composite<\/strong>): +2,01% &#8211; 3.603,49<\/li>\n<li>T\u00f3quio (<a href=\"https:\/\/www.suno.com.br\/artigos\/nikkei-225\/\"><strong>Nikkei 225<\/strong><\/a>): +0,40% &#8211; 29.505,93<\/li>\n<\/ul>\n\t<p>\n\t\t<a href=\"https:\/\/lp.suno.com.br\/planilha-da-vida-financeira\/\" target=\"_blank\" data-element=\"shortcode-suno-banner\" title=\"Banner SUNO, clique e saiba mais\">\n\t\t\t<picture>\n\t\t\t\t<source media=\"(max-width: 500px)\" srcset=\"https:\/\/files.sunoresearch.com.br\/n\/uploads\/2023\/04\/400x300-Planilha-vida-financeira-true.png\">\n\t\t\t\t<img class=\"newsContent__article__imgCapa newsContent__article__imgCapa--banner\"\n\t\t\t\t\tsrc=\"https:\/\/files.sunoresearch.com.br\/n\/uploads\/2023\/04\/1420x240-Planilha-vida-financeira-true.png\"\n\t\t\t\t\tdata-promo-id=\"106682\"\t\t\t\t\t\t\t\t\t\twidth='1420' height='240'\t\t\t\t\talt=\"https:\/\/files.sunoresearch.com.br\/n\/uploads\/2023\/04\/1420x240-Planilha-vida-financeira-true.png\"\n\t\t\t\t>\n\t\t\t<\/picture>\n\t\t<\/a>\n\t<\/p>\n\n\n<h2>\u00daltima cota\u00e7\u00e3o do Ibovespa<\/h2>\n<p>O <strong>Ibovespa<\/strong> encerrou as negocia\u00e7\u00f5es na \u00faltima segunda-feira (8) com uma baixa de 0,45%, abaixo dos 120 mil pontos.<\/p>\n\t<p>\n\t\t<a href=\"https:\/\/lp.suno.com.br\/planilha-de-controle-de-investimentos\/\" target=\"_blank\" data-element=\"shortcode-suno-banner\" title=\"Banner SUNO, clique e saiba mais\">\n\t\t\t<picture>\n\t\t\t\t<source media=\"(max-width: 500px)\" srcset=\"https:\/\/files.sunoresearch.com.br\/n\/uploads\/2023\/03\/400x300-Controle-de-Investimentos.png\">\n\t\t\t\t<img class=\"newsContent__article__imgCapa newsContent__article__imgCapa--banner\"\n\t\t\t\t\tsrc=\"https:\/\/files.sunoresearch.com.br\/n\/uploads\/2023\/03\/1420x240-Controle-de-Investimentos.png\"\n\t\t\t\t\tdata-promo-id=\"75934\"\t\t\t\t\t\t\t\t\t\twidth='1420' height='240'\t\t\t\t\talt=\"https:\/\/files.sunoresearch.com.br\/n\/uploads\/2023\/03\/1420x240-Controle-de-Investimentos.png\"\n\t\t\t\t>\n\t\t\t<\/picture>\n\t\t<\/a>\n\t<\/p>\n\n\n","protected":false},"excerpt":{"rendered":"<p>O\u00a0Ibovespa\u00a0encerrou o preg\u00e3o desta ter\u00e7a-feira (9) em queda de 0,19%, a 119.471,62 pontos. O Ibovespa encerrou as negocia\u00e7\u00f5es na \u00faltima segunda-feira (8) com uma baixa de 0,45%, abaixo dos 120 mil pontos. Germano L\u00fcders 20\/10\/2016 O Ibovespa hoje abriu em leve queda enquanto o mercado estava atento ao \u00cdndice Nacional de Pre\u00e7os ao Consumidor Amplo [&hellip;]<\/p>\n","protected":false},"author":39,"featured_media":120124,"comment_status":"closed","ping_status":"closed","sticky":false,"template":"","format":"standard","meta":[],"categories":[60],"tags":[399,455,1038,721,676],"suno_strategy":[],"class_list":["post-120118","post","type-post","status-publish","format-standard","has-post-thumbnail","hentry","category-mercado","tag-btg-pactual-bpac11-bpac3-bpac5","tag-eletrobras-elet3-elet5-elet6","tag-ibama","tag-ibovespa","tag-vale-vale3"],"yoast_head":"<!-- This site is optimized with the Yoast SEO plugin v24.4 - https:\/\/yoast.com\/wordpress\/plugins\/seo\/ -->\n<title>Ibovespa fecha em queda de 0,19%, a 119.471,62 pontos<\/title>\n<meta name=\"description\" content=\"O\u00a0Ibovespa\u00a0encerrou o preg\u00e3o desta ter\u00e7a-feira (9) em queda de 0,19%, a 119.471,62 pontos. Clique aqui e saiba mais sobre o Ibovespa hoje!\" \/>\n<meta name=\"robots\" content=\"index, follow, max-snippet:-1, max-image-preview:large, max-video-preview:-1\" \/>\n<link rel=\"canonical\" href=\"https:\/\/www.suno.com.br\/noticias\/ibovespa-fecha-em-queda-09022021\/\" \/>\n<meta property=\"og:locale\" content=\"pt_BR\" \/>\n<meta property=\"og:type\" content=\"article\" \/>\n<meta property=\"og:title\" content=\"Ibovespa fecha em queda de 0,19%, a 119.471,62 pontos\" \/>\n<meta property=\"og:description\" content=\"O\u00a0Ibovespa\u00a0encerrou o preg\u00e3o desta ter\u00e7a-feira (9) em queda de 0,19%, a 119.471,62 pontos. Clique aqui e saiba mais sobre o Ibovespa hoje!\" \/>\n<meta property=\"og:url\" content=\"https:\/\/www.suno.com.br\/noticias\/ibovespa-fecha-em-queda-09022021\/\" \/>\n<meta property=\"og:site_name\" content=\"Suno Not\u00edcias\" \/>\n<meta property=\"article:publisher\" content=\"https:\/\/facebook.com\/sunoresearch\" \/>\n<meta property=\"og:image\" content=\"https:\/\/files.sunoresearch.com.br\/n\/uploads\/2021\/02\/f424b45f-ibovespa.jpg\" \/>\n\t<meta property=\"og:image:width\" content=\"1200\" \/>\n\t<meta property=\"og:image:height\" content=\"800\" \/>\n\t<meta property=\"og:image:type\" content=\"image\/jpeg\" \/>\n<meta name=\"author\" content=\"Laura Moutinho\" \/>\n<meta name=\"twitter:card\" content=\"summary_large_image\" \/>\n<meta name=\"twitter:creator\" content=\"@sunoresearch\" \/>\n<meta name=\"twitter:site\" content=\"@sunoresearch\" \/>\n<meta name=\"twitter:label1\" content=\"Escrito por\" \/>\n\t<meta name=\"twitter:data1\" content=\"Laura Moutinho\" \/>\n\t<meta name=\"twitter:label2\" content=\"Est. tempo de leitura\" \/>\n\t<meta name=\"twitter:data2\" content=\"4 minutos\" \/>\n<script type=\"application\/ld+json\" class=\"yoast-schema-graph\">{\"@context\":\"https:\/\/schema.org\",\"@graph\":[{\"@type\":\"NewsArticle\",\"@id\":\"https:\/\/www.suno.com.br\/noticias\/ibovespa-fecha-em-queda-09022021\/#article\",\"isPartOf\":{\"@id\":\"https:\/\/www.suno.com.br\/noticias\/ibovespa-fecha-em-queda-09022021\/\"},\"author\":{\"name\":\"Laura Moutinho\",\"@id\":\"https:\/\/www.suno.com.br\/noticias\/#\/schema\/person\/3df0d2808748b74496efe5dbeaef2c72\"},\"headline\":\"Ibovespa fecha em queda de 0,19%, a 119.471,62 pontos\",\"datePublished\":\"2021-02-09T21:30:46+00:00\",\"dateModified\":\"2021-05-29T23:29:28+00:00\",\"mainEntityOfPage\":{\"@id\":\"https:\/\/www.suno.com.br\/noticias\/ibovespa-fecha-em-queda-09022021\/\"},\"wordCount\":723,\"publisher\":{\"@id\":\"https:\/\/www.suno.com.br\/noticias\/#organization\"},\"image\":{\"@id\":\"https:\/\/www.suno.com.br\/noticias\/ibovespa-fecha-em-queda-09022021\/#primaryimage\"},\"thumbnailUrl\":\"https:\/\/files.sunoresearch.com.br\/n\/uploads\/2021\/02\/f424b45f-ibovespa.jpg\",\"keywords\":[\"BTG Pactual (BPAC11\/BPAC3\/BPAC5)\",\"Eletrobras (ELET3\/ELET5\/ELET6)\",\"Ibama\",\"Ibovespa\",\"Vale (VALE3)\"],\"articleSection\":[\"Mercado\"],\"inLanguage\":\"pt-BR\"},{\"@type\":\"WebPage\",\"@id\":\"https:\/\/www.suno.com.br\/noticias\/ibovespa-fecha-em-queda-09022021\/\",\"url\":\"https:\/\/www.suno.com.br\/noticias\/ibovespa-fecha-em-queda-09022021\/\",\"name\":\"Ibovespa fecha em queda de 0,19%, a 119.471,62 pontos\",\"isPartOf\":{\"@id\":\"https:\/\/www.suno.com.br\/noticias\/#website\"},\"primaryImageOfPage\":{\"@id\":\"https:\/\/www.suno.com.br\/noticias\/ibovespa-fecha-em-queda-09022021\/#primaryimage\"},\"image\":{\"@id\":\"https:\/\/www.suno.com.br\/noticias\/ibovespa-fecha-em-queda-09022021\/#primaryimage\"},\"thumbnailUrl\":\"https:\/\/files.sunoresearch.com.br\/n\/uploads\/2021\/02\/f424b45f-ibovespa.jpg\",\"datePublished\":\"2021-02-09T21:30:46+00:00\",\"dateModified\":\"2021-05-29T23:29:28+00:00\",\"description\":\"O\u00a0Ibovespa\u00a0encerrou o preg\u00e3o desta ter\u00e7a-feira (9) em queda de 0,19%, a 119.471,62 pontos. Clique aqui e saiba mais sobre o Ibovespa hoje!\",\"breadcrumb\":{\"@id\":\"https:\/\/www.suno.com.br\/noticias\/ibovespa-fecha-em-queda-09022021\/#breadcrumb\"},\"inLanguage\":\"pt-BR\",\"potentialAction\":[{\"@type\":\"ReadAction\",\"target\":[\"https:\/\/www.suno.com.br\/noticias\/ibovespa-fecha-em-queda-09022021\/\"]}]},{\"@type\":\"ImageObject\",\"inLanguage\":\"pt-BR\",\"@id\":\"https:\/\/www.suno.com.br\/noticias\/ibovespa-fecha-em-queda-09022021\/#primaryimage\",\"url\":\"https:\/\/files.sunoresearch.com.br\/n\/uploads\/2021\/02\/f424b45f-ibovespa.jpg\",\"contentUrl\":\"https:\/\/files.sunoresearch.com.br\/n\/uploads\/2021\/02\/f424b45f-ibovespa.jpg\",\"width\":1200,\"height\":800,\"caption\":\"O Ibovespa encerrou as negocia\u00e7\u00f5es na \u00faltima segunda-feira (8) com uma baixa de 0,45%, abaixo dos 120 mil pontos. Germano L\u00fcders 20\/10\/2016\"},{\"@type\":\"BreadcrumbList\",\"@id\":\"https:\/\/www.suno.com.br\/noticias\/ibovespa-fecha-em-queda-09022021\/#breadcrumb\",\"itemListElement\":[{\"@type\":\"ListItem\",\"position\":1,\"name\":\"Not\u00edcias\",\"item\":\"https:\/\/www.suno.com.br\/noticias\/\"},{\"@type\":\"ListItem\",\"position\":2,\"name\":\"Mercado\",\"item\":\"https:\/\/www.suno.com.br\/noticias\/mercado\/\"},{\"@type\":\"ListItem\",\"position\":3,\"name\":\"Ibovespa fecha em queda de 0,19%, a 119.471,62 pontos\"}]},{\"@type\":\"WebSite\",\"@id\":\"https:\/\/www.suno.com.br\/noticias\/#website\",\"url\":\"https:\/\/www.suno.com.br\/noticias\/\",\"name\":\"Suno Not\u00edcias\",\"description\":\"Seu portal de informa\u00e7\u00e3o sobre o mundo dos investimentos\",\"publisher\":{\"@id\":\"https:\/\/www.suno.com.br\/noticias\/#organization\"},\"potentialAction\":[{\"@type\":\"SearchAction\",\"target\":{\"@type\":\"EntryPoint\",\"urlTemplate\":\"https:\/\/www.suno.com.br\/noticias\/?s={search_term_string}\"},\"query-input\":{\"@type\":\"PropertyValueSpecification\",\"valueRequired\":true,\"valueName\":\"search_term_string\"}}],\"inLanguage\":\"pt-BR\"},{\"@type\":\"Organization\",\"@id\":\"https:\/\/www.suno.com.br\/noticias\/#organization\",\"name\":\"Suno Not\u00edcias\",\"url\":\"https:\/\/www.suno.com.br\/noticias\/\",\"logo\":{\"@type\":\"ImageObject\",\"inLanguage\":\"pt-BR\",\"@id\":\"https:\/\/www.suno.com.br\/noticias\/#\/schema\/logo\/image\/\",\"url\":\"https:\/\/files.sunoresearch.com.br\/n\/uploads\/2021\/09\/suno-logo.png\",\"contentUrl\":\"https:\/\/files.sunoresearch.com.br\/n\/uploads\/2021\/09\/suno-logo.png\",\"width\":180,\"height\":180,\"caption\":\"Suno Not\u00edcias\"},\"image\":{\"@id\":\"https:\/\/www.suno.com.br\/noticias\/#\/schema\/logo\/image\/\"},\"sameAs\":[\"https:\/\/facebook.com\/sunoresearch\",\"https:\/\/x.com\/sunoresearch\",\"https:\/\/www.instagram.com\/suno\",\"https:\/\/www.linkedin.com\/company\/suno-research\/\",\"https:\/\/www.youtube.com\/c\/sunoresearch\"]},{\"@type\":\"Person\",\"@id\":\"https:\/\/www.suno.com.br\/noticias\/#\/schema\/person\/3df0d2808748b74496efe5dbeaef2c72\",\"name\":\"Laura Moutinho\",\"image\":{\"@type\":\"ImageObject\",\"inLanguage\":\"pt-BR\",\"@id\":\"https:\/\/www.suno.com.br\/noticias\/#\/schema\/person\/image\/\",\"url\":\"https:\/\/secure.gravatar.com\/avatar\/7571c7c8ca3a6fca5e41384ece5557ff?s=96&r=g\",\"contentUrl\":\"https:\/\/secure.gravatar.com\/avatar\/7571c7c8ca3a6fca5e41384ece5557ff?s=96&r=g\",\"caption\":\"Laura Moutinho\"},\"description\":\"Estagi\u00e1ria na Suno Not\u00edcias, escreve not\u00edcias que afetam o mercado financeiro. Estuda administra\u00e7\u00e3o na Universidade Presbiteriana Mackenzie.\",\"url\":\"https:\/\/www.suno.com.br\/noticias\/author\/laura-moutinho\/\"}]}<\/script>\n<!-- \/ Yoast SEO plugin. -->","yoast_head_json":{"title":"Ibovespa fecha em queda de 0,19%, a 119.471,62 pontos","description":"O\u00a0Ibovespa\u00a0encerrou o preg\u00e3o desta ter\u00e7a-feira (9) em queda de 0,19%, a 119.471,62 pontos. Clique aqui e saiba mais sobre o Ibovespa hoje!","robots":{"index":"index","follow":"follow","max-snippet":"max-snippet:-1","max-image-preview":"max-image-preview:large","max-video-preview":"max-video-preview:-1"},"canonical":"https:\/\/www.suno.com.br\/noticias\/ibovespa-fecha-em-queda-09022021\/","og_locale":"pt_BR","og_type":"article","og_title":"Ibovespa fecha em queda de 0,19%, a 119.471,62 pontos","og_description":"O\u00a0Ibovespa\u00a0encerrou o preg\u00e3o desta ter\u00e7a-feira (9) em queda de 0,19%, a 119.471,62 pontos. Clique aqui e saiba mais sobre o Ibovespa hoje!","og_url":"https:\/\/www.suno.com.br\/noticias\/ibovespa-fecha-em-queda-09022021\/","og_site_name":"Suno Not\u00edcias","article_publisher":"https:\/\/facebook.com\/sunoresearch","og_image":[{"width":1200,"height":800,"url":"https:\/\/files.sunoresearch.com.br\/n\/uploads\/2021\/02\/f424b45f-ibovespa.jpg","type":"image\/jpeg"}],"author":"Laura Moutinho","twitter_card":"summary_large_image","twitter_creator":"@sunoresearch","twitter_site":"@sunoresearch","twitter_misc":{"Escrito por":"Laura Moutinho","Est. tempo de leitura":"4 minutos"},"schema":{"@context":"https:\/\/schema.org","@graph":[{"@type":"NewsArticle","@id":"https:\/\/www.suno.com.br\/noticias\/ibovespa-fecha-em-queda-09022021\/#article","isPartOf":{"@id":"https:\/\/www.suno.com.br\/noticias\/ibovespa-fecha-em-queda-09022021\/"},"author":{"name":"Laura Moutinho","@id":"https:\/\/www.suno.com.br\/noticias\/#\/schema\/person\/3df0d2808748b74496efe5dbeaef2c72"},"headline":"Ibovespa fecha em queda de 0,19%, a 119.471,62 pontos","datePublished":"2021-02-09T21:30:46+00:00","dateModified":"2021-05-29T23:29:28+00:00","mainEntityOfPage":{"@id":"https:\/\/www.suno.com.br\/noticias\/ibovespa-fecha-em-queda-09022021\/"},"wordCount":723,"publisher":{"@id":"https:\/\/www.suno.com.br\/noticias\/#organization"},"image":{"@id":"https:\/\/www.suno.com.br\/noticias\/ibovespa-fecha-em-queda-09022021\/#primaryimage"},"thumbnailUrl":"https:\/\/files.sunoresearch.com.br\/n\/uploads\/2021\/02\/f424b45f-ibovespa.jpg","keywords":["BTG Pactual (BPAC11\/BPAC3\/BPAC5)","Eletrobras (ELET3\/ELET5\/ELET6)","Ibama","Ibovespa","Vale (VALE3)"],"articleSection":["Mercado"],"inLanguage":"pt-BR"},{"@type":"WebPage","@id":"https:\/\/www.suno.com.br\/noticias\/ibovespa-fecha-em-queda-09022021\/","url":"https:\/\/www.suno.com.br\/noticias\/ibovespa-fecha-em-queda-09022021\/","name":"Ibovespa fecha em queda de 0,19%, a 119.471,62 pontos","isPartOf":{"@id":"https:\/\/www.suno.com.br\/noticias\/#website"},"primaryImageOfPage":{"@id":"https:\/\/www.suno.com.br\/noticias\/ibovespa-fecha-em-queda-09022021\/#primaryimage"},"image":{"@id":"https:\/\/www.suno.com.br\/noticias\/ibovespa-fecha-em-queda-09022021\/#primaryimage"},"thumbnailUrl":"https:\/\/files.sunoresearch.com.br\/n\/uploads\/2021\/02\/f424b45f-ibovespa.jpg","datePublished":"2021-02-09T21:30:46+00:00","dateModified":"2021-05-29T23:29:28+00:00","description":"O\u00a0Ibovespa\u00a0encerrou o preg\u00e3o desta ter\u00e7a-feira (9) em queda de 0,19%, a 119.471,62 pontos. Clique aqui e saiba mais sobre o Ibovespa hoje!","breadcrumb":{"@id":"https:\/\/www.suno.com.br\/noticias\/ibovespa-fecha-em-queda-09022021\/#breadcrumb"},"inLanguage":"pt-BR","potentialAction":[{"@type":"ReadAction","target":["https:\/\/www.suno.com.br\/noticias\/ibovespa-fecha-em-queda-09022021\/"]}]},{"@type":"ImageObject","inLanguage":"pt-BR","@id":"https:\/\/www.suno.com.br\/noticias\/ibovespa-fecha-em-queda-09022021\/#primaryimage","url":"https:\/\/files.sunoresearch.com.br\/n\/uploads\/2021\/02\/f424b45f-ibovespa.jpg","contentUrl":"https:\/\/files.sunoresearch.com.br\/n\/uploads\/2021\/02\/f424b45f-ibovespa.jpg","width":1200,"height":800,"caption":"O Ibovespa encerrou as negocia\u00e7\u00f5es na \u00faltima segunda-feira (8) com uma baixa de 0,45%, abaixo dos 120 mil pontos. Germano L\u00fcders 20\/10\/2016"},{"@type":"BreadcrumbList","@id":"https:\/\/www.suno.com.br\/noticias\/ibovespa-fecha-em-queda-09022021\/#breadcrumb","itemListElement":[{"@type":"ListItem","position":1,"name":"Not\u00edcias","item":"https:\/\/www.suno.com.br\/noticias\/"},{"@type":"ListItem","position":2,"name":"Mercado","item":"https:\/\/www.suno.com.br\/noticias\/mercado\/"},{"@type":"ListItem","position":3,"name":"Ibovespa fecha em queda de 0,19%, a 119.471,62 pontos"}]},{"@type":"WebSite","@id":"https:\/\/www.suno.com.br\/noticias\/#website","url":"https:\/\/www.suno.com.br\/noticias\/","name":"Suno Not\u00edcias","description":"Seu portal de informa\u00e7\u00e3o sobre o mundo dos investimentos","publisher":{"@id":"https:\/\/www.suno.com.br\/noticias\/#organization"},"potentialAction":[{"@type":"SearchAction","target":{"@type":"EntryPoint","urlTemplate":"https:\/\/www.suno.com.br\/noticias\/?s={search_term_string}"},"query-input":{"@type":"PropertyValueSpecification","valueRequired":true,"valueName":"search_term_string"}}],"inLanguage":"pt-BR"},{"@type":"Organization","@id":"https:\/\/www.suno.com.br\/noticias\/#organization","name":"Suno Not\u00edcias","url":"https:\/\/www.suno.com.br\/noticias\/","logo":{"@type":"ImageObject","inLanguage":"pt-BR","@id":"https:\/\/www.suno.com.br\/noticias\/#\/schema\/logo\/image\/","url":"https:\/\/files.sunoresearch.com.br\/n\/uploads\/2021\/09\/suno-logo.png","contentUrl":"https:\/\/files.sunoresearch.com.br\/n\/uploads\/2021\/09\/suno-logo.png","width":180,"height":180,"caption":"Suno Not\u00edcias"},"image":{"@id":"https:\/\/www.suno.com.br\/noticias\/#\/schema\/logo\/image\/"},"sameAs":["https:\/\/facebook.com\/sunoresearch","https:\/\/x.com\/sunoresearch","https:\/\/www.instagram.com\/suno","https:\/\/www.linkedin.com\/company\/suno-research\/","https:\/\/www.youtube.com\/c\/sunoresearch"]},{"@type":"Person","@id":"https:\/\/www.suno.com.br\/noticias\/#\/schema\/person\/3df0d2808748b74496efe5dbeaef2c72","name":"Laura Moutinho","image":{"@type":"ImageObject","inLanguage":"pt-BR","@id":"https:\/\/www.suno.com.br\/noticias\/#\/schema\/person\/image\/","url":"https:\/\/secure.gravatar.com\/avatar\/7571c7c8ca3a6fca5e41384ece5557ff?s=96&r=g","contentUrl":"https:\/\/secure.gravatar.com\/avatar\/7571c7c8ca3a6fca5e41384ece5557ff?s=96&r=g","caption":"Laura Moutinho"},"description":"Estagi\u00e1ria na Suno Not\u00edcias, escreve not\u00edcias que afetam o mercado financeiro. Estuda administra\u00e7\u00e3o na Universidade Presbiteriana Mackenzie.","url":"https:\/\/www.suno.com.br\/noticias\/author\/laura-moutinho\/"}]}},"default_loop_html":"<div class=\"cardsPage__listCard__boxs\"><div class=\"cardsPage__listCard__boxs__img\"><a href=\"https:\/\/www.suno.com.br\/noticias\/ibovespa-fecha-em-queda-09022021\/\"><img class=\"mask\" src=\"https:\/\/www.suno.com.br\/noticias\/wp-content\/themes\/suno\/resources\/images\/spotlight\/spotlight1img\/bg-mask.png\" alt=\"Image Mask\"\/><img src=\"https:\/\/files.sunoresearch.com.br\/n\/uploads\/2021\/02\/f424b45f-ibovespa-400x200.webp\" alt=\"Ibovespa fecha em queda de 0,19%, a 119.471,62 pontos\"\/><\/a><span class=\"spotlightCategory\"><a href=\"https:\/\/www.suno.com.br\/noticias\/mercado\/\">Mercado<\/a><\/span><\/div><div class=\"cardsPage__listCard__boxs__content\"><a href=\"https:\/\/www.suno.com.br\/noticias\/ibovespa-fecha-em-queda-09022021\/\"><h2 class=\"content__title\">Ibovespa fecha em queda de 0,19%, a 119.471,62 pontos<\/h2><\/a><div class=\"newsContent__article__meta\"><div class=\"newsContent__article__meta__authorBox\"><a href=\"https:\/\/www.suno.com.br\/noticias\/author\/laura-moutinho\/\" class=\"authorBox__avatar noMobi\"><img src=\"https:\/\/files.sunoresearch.com.br\/n\/uploads\/2020\/08\/531ff69d-whatsapp-image-2020-08-03-at-14.54.38-150x150.webp\" alt=\"Laura Moutinho\"><\/a><div class=\"authorBox__name\"><span>por\n\t\t\t<a href=\"https:\/\/www.suno.com.br\/noticias\/author\/laura-moutinho\/\"><span itemprop=\"author\">Laura Moutinho<\/span><\/a><\/span><time datetime=\"2021-02-09T18:30:46-03:00\" itemprop=\"datePublished\">09\/02\/2021 18:30<\/time><\/div><\/div><\/div><\/div><\/div>","single_layout":"posts","amp_enabled":true,"_links":{"self":[{"href":"https:\/\/www.suno.com.br\/noticias\/wp-json\/wp\/v2\/posts\/120118"}],"collection":[{"href":"https:\/\/www.suno.com.br\/noticias\/wp-json\/wp\/v2\/posts"}],"about":[{"href":"https:\/\/www.suno.com.br\/noticias\/wp-json\/wp\/v2\/types\/post"}],"author":[{"embeddable":true,"href":"https:\/\/www.suno.com.br\/noticias\/wp-json\/wp\/v2\/users\/39"}],"replies":[{"embeddable":true,"href":"https:\/\/www.suno.com.br\/noticias\/wp-json\/wp\/v2\/comments?post=120118"}],"version-history":[{"count":1,"href":"https:\/\/www.suno.com.br\/noticias\/wp-json\/wp\/v2\/posts\/120118\/revisions"}],"predecessor-version":[{"id":147206,"href":"https:\/\/www.suno.com.br\/noticias\/wp-json\/wp\/v2\/posts\/120118\/revisions\/147206"}],"wp:featuredmedia":[{"embeddable":true,"href":"https:\/\/www.suno.com.br\/noticias\/wp-json\/wp\/v2\/media\/120124"}],"wp:attachment":[{"href":"https:\/\/www.suno.com.br\/noticias\/wp-json\/wp\/v2\/media?parent=120118"}],"wp:term":[{"taxonomy":"category","embeddable":true,"href":"https:\/\/www.suno.com.br\/noticias\/wp-json\/wp\/v2\/categories?post=120118"},{"taxonomy":"post_tag","embeddable":true,"href":"https:\/\/www.suno.com.br\/noticias\/wp-json\/wp\/v2\/tags?post=120118"},{"taxonomy":"suno_strategy","embeddable":true,"href":"https:\/\/www.suno.com.br\/noticias\/wp-json\/wp\/v2\/suno_strategy?post=120118"}],"curies":[{"name":"wp","href":"https:\/\/api.w.org\/{rel}","templated":true}]}}