{"id":120072,"date":"2021-02-09T15:53:43","date_gmt":"2021-02-09T18:53:43","guid":{"rendered":"https:\/\/www.suno.com.br\/noticias\/?p=120072"},"modified":"2021-02-18T19:57:46","modified_gmt":"2021-02-18T22:57:46","slug":"reserva-acoes-oceanpact-opct3-termina-hoje","status":"publish","type":"post","link":"https:\/\/www.suno.com.br\/noticias\/reserva-acoes-oceanpact-opct3-termina-hoje\/","title":{"rendered":"Reserva de a\u00e7\u00f5es da OceanPact (OPCT3) termina hoje"},"content":{"rendered":"<p>Cada dia mais fica perto a estreia da <strong>OceanPact<\/strong> (OPCT3) na Bolsa de Valores de S\u00e3o Paulo (B3). Mas o per\u00edodo de reserva para pequenos investidores conseguirem garantir sua fatia na <a href=\"https:\/\/www.suno.com.br\/artigos\/ipo\/\">oferta p\u00fablica inicial de a\u00e7\u00f5es (IPO<\/a>, na sigla me ingl\u00eas) da companhia de servi\u00e7os mar\u00edtimos acaba nesta ter\u00e7a-feira (9).<\/p>\t<div class=\"wrapper-featured-image\">\n\t\t<figure class=\"spotlightImg\">\n\n\t\t\t<picture>\n\t\t\t\t<source media=\"(max-width: 768px)\" srcset=\"https:\/\/files.sunoresearch.com.br\/n\/uploads\/2021\/02\/971658d4-1024px-oil_recovery_vessel_in_the_gulf_of_mexico-400x200.webp\">\n\t\t\t\t<img loading=\"lazy\" decoding=\"async\" class=\"newsContent__article__imgCapa lazyloadDisabled \" src=\"https:\/\/files.sunoresearch.com.br\/n\/uploads\/2021\/02\/971658d4-1024px-oil_recovery_vessel_in_the_gulf_of_mexico-800x450.webp\" width=\"800\" height=\"450\" alt=\"Reserva de a\u00e7\u00f5es da OceanPact (OPCT3) termina hoje\" fetchpriority=high \/>\n\t\t\t<\/picture>\n\n\t\t\t<figcaption class=\"wp-caption-text wp-caption-text--show\">A OceanPact vai estrear na B3 no dia 12 de fevereiro de 2021<\/figcaption>\n\t\t<\/figure>\n\t<\/div>\n\n\n\t<p>\n\t\t<a href=\"https:\/\/lp.suno.com.br\/ebook-como-analisar-uma-acao\/\" target=\"_blank\" data-element=\"shortcode-suno-banner\" title=\"Banner SUNO, clique e saiba mais\">\n\t\t\t<picture>\n\t\t\t\t<source media=\"(max-width: 500px)\" srcset=\"https:\/\/files.sunoresearch.com.br\/n\/uploads\/2023\/03\/Ebook-Acoes-Mobile.jpg\">\n\t\t\t\t<img class=\"newsContent__article__imgCapa newsContent__article__imgCapa--banner\"\n\t\t\t\t\tsrc=\"https:\/\/files.sunoresearch.com.br\/n\/uploads\/2023\/03\/Ebook-Acoes-Desktop.jpg\"\n\t\t\t\t\tdata-promo-id=\"378302\"\t\t\t\t\t\t\t\t\t\twidth='1420' height='286'\t\t\t\t\talt=\"https:\/\/files.sunoresearch.com.br\/n\/uploads\/2023\/03\/Ebook-Acoes-Desktop.jpg\"\n\t\t\t\t>\n\t\t\t<\/picture>\n\t\t<\/a>\n\t<\/p>\n\n\n<p>Fundada em 2007, a OceanPact \u00e9 uma prestadora de servi\u00e7os em ambiente marinho, oferecendo servi\u00e7os para estudo, prote\u00e7\u00e3o, monitoramento e uso sustent\u00e1vel do mar, do litoral e dos recursos marinhos, principalmente no setor de \u00f3leo e g\u00e1s, e tamb\u00e9m em diversos outros setores da economia, como portu\u00e1rio, navega\u00e7\u00e3o, minera\u00e7\u00e3o, energia e telecomunica\u00e7\u00f5es.<\/p>\n<p>A companhia protocolou o pedido de registro do <strong>IPO<\/strong> na Comiss\u00e3o de Valores Mobili\u00e1rios (CVM) no ano passado, em 10 de dezembro. Segundo <a href=\"https:\/\/www.suno.com.br\/artigos\/prospecto-preliminar\/\">prospecto preliminar<\/a>, a empresa busca uma <a href=\"https:\/\/www.suno.com.br\/artigos\/oferta-de-acoes\/\">distribui\u00e7\u00e3o prim\u00e1ria e secund\u00e1ria<\/a> de, no total, 89.686.099 a\u00e7\u00f5es ordin\u00e1rias.<\/p>\n<div>\n<div id=\"60141a969004bb2e956386a8\" class=\"op-interactive\" data-title=\"Quiz dos Investimentos\" data-url=\"https:\/\/sunoresearch289.outgrow.us\/60141a969004bb2e956386a8?vHeight=1\" data-width=\"100%\"><\/div>\n<p><script src='\/\/dyv6f9ner1ir9.cloudfront.net\/assets\/js\/nloader.js'><\/script><script>initIframe('60141a969004bb2e956386a8');<\/script><\/p>\n<\/div>\n<p>Os principais acionistas vendedores s\u00e3o o atual presidente da OceanPact, Fl\u00e1vio de Andrade, que possui 57,07 das a\u00e7\u00f5es; e a gestora Dynamo, com 25,36%. Outros acionistas det\u00e9m 14,32%, e 3,25% est\u00e3o em tesouraria.<\/p>\n<p>No documento a companhia informou que pretende destinar 70% dos recursos da oferta prim\u00e1ria para aquisi\u00e7\u00e3o e customiza\u00e7\u00e3o de embarca\u00e7\u00f5es, enquanto os outros 30% restantes devem ir para compra de m\u00e1quinas e equipamentos.<\/p>\n<h2>IPO da OceanPact pode movimentar R$ 1,1 bi<\/h2>\n<p>No \u00faltimo dia 21, a OceanPact definiu a faixa indicativa de pre\u00e7o do IPO no intervalo entre R$ 11,15 e R$ 13,85. Considerando a mediana da faixa, e o n\u00famero de a\u00e7\u00f5es da oferta-base, a opera\u00e7\u00e3o pode movimentar R$ 1,121 bilh\u00e3o.<\/p>\n<p>Existe ainda a possibilidade de um lote adicional de 17.937.219 a\u00e7\u00f5es e suplementar de 13.452.914 a\u00e7\u00f5es. Com isso, a\u00a0 oferta aumentaria para R$ 1,513 bilh\u00e3o, considerando o meio da faixa indicativa.<\/p>\n\t<div data-element=\"shortcode-read-more\" class=\"knowMore\">\n\t\t\t\t<span class=\"knowMore__title\">Leia mais<\/span>\n\t\t\t\t<a class=\"knowMore__link\" href=\"https:\/\/www.suno.com.br\/noticias\/oceanpact-levantar-1bi-ipo\/\">\n\t\t\tOceanPact, empresa de servi\u00e7os mar\u00edtimos pode levantar R$ 1,1 bi em IPO\t\t<\/a>\n\t<\/div>\n\n\n<p>O valor m\u00ednimo para o investidor entrar no <strong>IPO da OceanPact<\/strong> \u00e9 de R$ 3 mil e o valor m\u00e1ximo de pedido de investimento de R$ 1 milh\u00e3o.<\/p>\n<p>A fixa\u00e7\u00e3o do pre\u00e7o por a\u00e7\u00e3o acontecer\u00e1 amanh\u00e3, quarta-feira (10), e a empresa vai estrear na B3 dois dias depois, na sexta-feira (12).<\/p>\n\t<p>\n\t\t<a href=\"https:\/\/lp.suno.com.br\/planilha-da-vida-financeira\/\" target=\"_blank\" data-element=\"shortcode-suno-banner\" title=\"Banner SUNO, clique e saiba mais\">\n\t\t\t<picture>\n\t\t\t\t<source media=\"(max-width: 500px)\" srcset=\"https:\/\/files.sunoresearch.com.br\/n\/uploads\/2023\/04\/400x300-Planilha-vida-financeira-true.png\">\n\t\t\t\t<img class=\"newsContent__article__imgCapa newsContent__article__imgCapa--banner\"\n\t\t\t\t\tsrc=\"https:\/\/files.sunoresearch.com.br\/n\/uploads\/2023\/04\/1420x240-Planilha-vida-financeira-true.png\"\n\t\t\t\t\tdata-promo-id=\"106682\"\t\t\t\t\t\t\t\t\t\twidth='1420' height='240'\t\t\t\t\talt=\"https:\/\/files.sunoresearch.com.br\/n\/uploads\/2023\/04\/1420x240-Planilha-vida-financeira-true.png\"\n\t\t\t\t>\n\t\t\t<\/picture>\n\t\t<\/a>\n\t<\/p>\n\n\n<p>Em 2019, a <strong>OceanPact<\/strong> apurou uma receita l\u00edquida consolidada de R$ 443,2 milh\u00f5es, ante resultado de R$ 301,3 milh\u00f5es um ano antes. Na mesma base de compara\u00e7\u00e3o, o <a href=\"https:\/\/www.suno.com.br\/artigos\/ebitda\/\">Ebitda (sigla em ingl\u00eas para lucro antes dos juros, impostos, deprecia\u00e7\u00e3o e amortiza\u00e7\u00e3o)<\/a> avan\u00e7ou de R$ 60,7 milh\u00f5es para R$ 103,6 milh\u00f5es.<\/p>\n\t<p>\n\t\t<a href=\"https:\/\/lp.suno.com.br\/planilha-de-controle-de-investimentos\/\" target=\"_blank\" data-element=\"shortcode-suno-banner\" title=\"Banner SUNO, clique e saiba mais\">\n\t\t\t<picture>\n\t\t\t\t<source media=\"(max-width: 500px)\" srcset=\"https:\/\/files.sunoresearch.com.br\/n\/uploads\/2023\/03\/400x300-Controle-de-Investimentos.png\">\n\t\t\t\t<img class=\"newsContent__article__imgCapa newsContent__article__imgCapa--banner\"\n\t\t\t\t\tsrc=\"https:\/\/files.sunoresearch.com.br\/n\/uploads\/2023\/03\/1420x240-Controle-de-Investimentos.png\"\n\t\t\t\t\tdata-promo-id=\"75934\"\t\t\t\t\t\t\t\t\t\twidth='1420' height='240'\t\t\t\t\talt=\"https:\/\/files.sunoresearch.com.br\/n\/uploads\/2023\/03\/1420x240-Controle-de-Investimentos.png\"\n\t\t\t\t>\n\t\t\t<\/picture>\n\t\t<\/a>\n\t<\/p>\n\n\n","protected":false},"excerpt":{"rendered":"<p>Cada dia mais fica perto a estreia da OceanPact (OPCT3) na Bolsa de Valores de S\u00e3o Paulo (B3). Mas o per\u00edodo de reserva para pequenos investidores conseguirem garantir sua fatia na oferta p\u00fablica inicial de a\u00e7\u00f5es (IPO, na sigla me ingl\u00eas) da companhia de servi\u00e7os mar\u00edtimos acaba nesta ter\u00e7a-feira (9). A OceanPact vai estrear na [&hellip;]<\/p>\n","protected":false},"author":35,"featured_media":120086,"comment_status":"closed","ping_status":"closed","sticky":false,"template":"","format":"standard","meta":[],"categories":[64],"tags":[367,902,319,105479],"suno_strategy":[],"class_list":["post-120072","post","type-post","status-publish","format-standard","has-post-thumbnail","hentry","category-negocios","tag-b3-b3sa3","tag-comissao-de-valores-mobiliarios-cvm","tag-ipo-oferta-inicial-de-acoes","tag-oceanpact-opct3"],"yoast_head":"<!-- This site is optimized with the Yoast SEO plugin v24.4 - https:\/\/yoast.com\/wordpress\/plugins\/seo\/ -->\n<title>Reserva de a\u00e7\u00f5es da OceanPact (OPCT3) termina hoje<\/title>\n<meta name=\"description\" content=\"O per\u00edodo de reserva para pequenos investidores conseguirem garantir sua fatia no IPO da OceanPact (OPCT3) acaba nesta ter\u00e7a-feira (9).\" \/>\n<meta name=\"robots\" content=\"index, follow, max-snippet:-1, max-image-preview:large, max-video-preview:-1\" \/>\n<link rel=\"canonical\" href=\"https:\/\/www.suno.com.br\/noticias\/reserva-acoes-oceanpact-opct3-termina-hoje\/\" \/>\n<meta property=\"og:locale\" content=\"pt_BR\" \/>\n<meta property=\"og:type\" content=\"article\" \/>\n<meta property=\"og:title\" content=\"Reserva de a\u00e7\u00f5es da OceanPact (OPCT3) termina hoje\" \/>\n<meta property=\"og:description\" content=\"O per\u00edodo de reserva para pequenos investidores conseguirem garantir sua fatia no IPO da OceanPact (OPCT3) acaba nesta ter\u00e7a-feira (9).\" \/>\n<meta property=\"og:url\" content=\"https:\/\/www.suno.com.br\/noticias\/reserva-acoes-oceanpact-opct3-termina-hoje\/\" \/>\n<meta property=\"og:site_name\" content=\"Suno Not\u00edcias\" \/>\n<meta property=\"article:publisher\" content=\"https:\/\/facebook.com\/sunoresearch\" \/>\n<meta property=\"og:image\" content=\"https:\/\/files.sunoresearch.com.br\/n\/uploads\/2021\/02\/971658d4-1024px-oil_recovery_vessel_in_the_gulf_of_mexico.jpg\" \/>\n\t<meta property=\"og:image:width\" content=\"1024\" \/>\n\t<meta property=\"og:image:height\" content=\"768\" \/>\n\t<meta property=\"og:image:type\" content=\"image\/jpeg\" \/>\n<meta name=\"author\" content=\"Arthur Guimar\u00e3es\" \/>\n<meta name=\"twitter:card\" content=\"summary_large_image\" \/>\n<meta name=\"twitter:creator\" content=\"@sunoresearch\" \/>\n<meta name=\"twitter:site\" content=\"@sunoresearch\" \/>\n<meta name=\"twitter:label1\" content=\"Escrito por\" \/>\n\t<meta name=\"twitter:data1\" content=\"Arthur Guimar\u00e3es\" \/>\n\t<meta name=\"twitter:label2\" content=\"Est. tempo de leitura\" \/>\n\t<meta name=\"twitter:data2\" content=\"2 minutos\" \/>\n<script type=\"application\/ld+json\" class=\"yoast-schema-graph\">{\"@context\":\"https:\/\/schema.org\",\"@graph\":[{\"@type\":\"NewsArticle\",\"@id\":\"https:\/\/www.suno.com.br\/noticias\/reserva-acoes-oceanpact-opct3-termina-hoje\/#article\",\"isPartOf\":{\"@id\":\"https:\/\/www.suno.com.br\/noticias\/reserva-acoes-oceanpact-opct3-termina-hoje\/\"},\"author\":{\"name\":\"Arthur Guimar\u00e3es\",\"@id\":\"https:\/\/www.suno.com.br\/noticias\/#\/schema\/person\/053a750a709a263919a20f976caae91c\"},\"headline\":\"Reserva de a\u00e7\u00f5es da OceanPact (OPCT3) termina hoje\",\"datePublished\":\"2021-02-09T18:53:43+00:00\",\"dateModified\":\"2021-02-18T22:57:46+00:00\",\"mainEntityOfPage\":{\"@id\":\"https:\/\/www.suno.com.br\/noticias\/reserva-acoes-oceanpact-opct3-termina-hoje\/\"},\"wordCount\":443,\"publisher\":{\"@id\":\"https:\/\/www.suno.com.br\/noticias\/#organization\"},\"image\":{\"@id\":\"https:\/\/www.suno.com.br\/noticias\/reserva-acoes-oceanpact-opct3-termina-hoje\/#primaryimage\"},\"thumbnailUrl\":\"https:\/\/files.sunoresearch.com.br\/n\/uploads\/2021\/02\/971658d4-1024px-oil_recovery_vessel_in_the_gulf_of_mexico-jpg.webp\",\"keywords\":[\"B3 (B3SA3)\",\"Comiss\u00e3o de Valores Mobili\u00e1rios (CVM)\",\"IPO (Oferta Inicial de A\u00e7\u00f5es)\",\"Oceanpact (OPCT3)\"],\"articleSection\":[\"Neg\u00f3cios\"],\"inLanguage\":\"pt-BR\"},{\"@type\":\"WebPage\",\"@id\":\"https:\/\/www.suno.com.br\/noticias\/reserva-acoes-oceanpact-opct3-termina-hoje\/\",\"url\":\"https:\/\/www.suno.com.br\/noticias\/reserva-acoes-oceanpact-opct3-termina-hoje\/\",\"name\":\"Reserva de a\u00e7\u00f5es da OceanPact (OPCT3) termina hoje\",\"isPartOf\":{\"@id\":\"https:\/\/www.suno.com.br\/noticias\/#website\"},\"primaryImageOfPage\":{\"@id\":\"https:\/\/www.suno.com.br\/noticias\/reserva-acoes-oceanpact-opct3-termina-hoje\/#primaryimage\"},\"image\":{\"@id\":\"https:\/\/www.suno.com.br\/noticias\/reserva-acoes-oceanpact-opct3-termina-hoje\/#primaryimage\"},\"thumbnailUrl\":\"https:\/\/files.sunoresearch.com.br\/n\/uploads\/2021\/02\/971658d4-1024px-oil_recovery_vessel_in_the_gulf_of_mexico-jpg.webp\",\"datePublished\":\"2021-02-09T18:53:43+00:00\",\"dateModified\":\"2021-02-18T22:57:46+00:00\",\"description\":\"O per\u00edodo de reserva para pequenos investidores conseguirem garantir sua fatia no IPO da OceanPact (OPCT3) acaba nesta ter\u00e7a-feira (9).\",\"breadcrumb\":{\"@id\":\"https:\/\/www.suno.com.br\/noticias\/reserva-acoes-oceanpact-opct3-termina-hoje\/#breadcrumb\"},\"inLanguage\":\"pt-BR\",\"potentialAction\":[{\"@type\":\"ReadAction\",\"target\":[\"https:\/\/www.suno.com.br\/noticias\/reserva-acoes-oceanpact-opct3-termina-hoje\/\"]}]},{\"@type\":\"ImageObject\",\"inLanguage\":\"pt-BR\",\"@id\":\"https:\/\/www.suno.com.br\/noticias\/reserva-acoes-oceanpact-opct3-termina-hoje\/#primaryimage\",\"url\":\"https:\/\/files.sunoresearch.com.br\/n\/uploads\/2021\/02\/971658d4-1024px-oil_recovery_vessel_in_the_gulf_of_mexico-jpg.webp\",\"contentUrl\":\"https:\/\/files.sunoresearch.com.br\/n\/uploads\/2021\/02\/971658d4-1024px-oil_recovery_vessel_in_the_gulf_of_mexico-jpg.webp\",\"width\":1024,\"height\":768,\"caption\":\"A OceanPact vai estrear na B3 no dia 12 de fevereiro de 2021\"},{\"@type\":\"BreadcrumbList\",\"@id\":\"https:\/\/www.suno.com.br\/noticias\/reserva-acoes-oceanpact-opct3-termina-hoje\/#breadcrumb\",\"itemListElement\":[{\"@type\":\"ListItem\",\"position\":1,\"name\":\"Not\u00edcias\",\"item\":\"https:\/\/www.suno.com.br\/noticias\/\"},{\"@type\":\"ListItem\",\"position\":2,\"name\":\"Neg\u00f3cios\",\"item\":\"https:\/\/www.suno.com.br\/noticias\/negocios\/\"},{\"@type\":\"ListItem\",\"position\":3,\"name\":\"Reserva de a\u00e7\u00f5es da OceanPact (OPCT3) termina hoje\"}]},{\"@type\":\"WebSite\",\"@id\":\"https:\/\/www.suno.com.br\/noticias\/#website\",\"url\":\"https:\/\/www.suno.com.br\/noticias\/\",\"name\":\"Suno Not\u00edcias\",\"description\":\"Seu portal de informa\u00e7\u00e3o sobre o mundo dos investimentos\",\"publisher\":{\"@id\":\"https:\/\/www.suno.com.br\/noticias\/#organization\"},\"potentialAction\":[{\"@type\":\"SearchAction\",\"target\":{\"@type\":\"EntryPoint\",\"urlTemplate\":\"https:\/\/www.suno.com.br\/noticias\/?s={search_term_string}\"},\"query-input\":{\"@type\":\"PropertyValueSpecification\",\"valueRequired\":true,\"valueName\":\"search_term_string\"}}],\"inLanguage\":\"pt-BR\"},{\"@type\":\"Organization\",\"@id\":\"https:\/\/www.suno.com.br\/noticias\/#organization\",\"name\":\"Suno Not\u00edcias\",\"url\":\"https:\/\/www.suno.com.br\/noticias\/\",\"logo\":{\"@type\":\"ImageObject\",\"inLanguage\":\"pt-BR\",\"@id\":\"https:\/\/www.suno.com.br\/noticias\/#\/schema\/logo\/image\/\",\"url\":\"https:\/\/files.sunoresearch.com.br\/n\/uploads\/2021\/09\/suno-logo.png\",\"contentUrl\":\"https:\/\/files.sunoresearch.com.br\/n\/uploads\/2021\/09\/suno-logo.png\",\"width\":180,\"height\":180,\"caption\":\"Suno Not\u00edcias\"},\"image\":{\"@id\":\"https:\/\/www.suno.com.br\/noticias\/#\/schema\/logo\/image\/\"},\"sameAs\":[\"https:\/\/facebook.com\/sunoresearch\",\"https:\/\/x.com\/sunoresearch\",\"https:\/\/www.instagram.com\/suno\",\"https:\/\/www.linkedin.com\/company\/suno-research\/\",\"https:\/\/www.youtube.com\/c\/sunoresearch\"]},{\"@type\":\"Person\",\"@id\":\"https:\/\/www.suno.com.br\/noticias\/#\/schema\/person\/053a750a709a263919a20f976caae91c\",\"name\":\"Arthur Guimar\u00e3es\",\"image\":{\"@type\":\"ImageObject\",\"inLanguage\":\"pt-BR\",\"@id\":\"https:\/\/www.suno.com.br\/noticias\/#\/schema\/person\/image\/\",\"url\":\"https:\/\/secure.gravatar.com\/avatar\/1affd86a11209ae09eb6dd3bcad3e96c?s=96&r=g\",\"contentUrl\":\"https:\/\/secure.gravatar.com\/avatar\/1affd86a11209ae09eb6dd3bcad3e96c?s=96&r=g\",\"caption\":\"Arthur Guimar\u00e3es\"},\"description\":\"Arthur Guimar\u00e3es escreve sobre pol\u00edtica, economia e neg\u00f3cios para o portal de not\u00edcias da Suno Research. Atualmente, \u00e9 estudante de jornalismo pela Faculdade C\u00e1sper L\u00edbero.\",\"url\":\"https:\/\/www.suno.com.br\/noticias\/author\/arthur-guimaraes\/\"}]}<\/script>\n<!-- \/ Yoast SEO plugin. -->","yoast_head_json":{"title":"Reserva de a\u00e7\u00f5es da OceanPact (OPCT3) termina hoje","description":"O per\u00edodo de reserva para pequenos investidores conseguirem garantir sua fatia no IPO da OceanPact (OPCT3) acaba nesta ter\u00e7a-feira (9).","robots":{"index":"index","follow":"follow","max-snippet":"max-snippet:-1","max-image-preview":"max-image-preview:large","max-video-preview":"max-video-preview:-1"},"canonical":"https:\/\/www.suno.com.br\/noticias\/reserva-acoes-oceanpact-opct3-termina-hoje\/","og_locale":"pt_BR","og_type":"article","og_title":"Reserva de a\u00e7\u00f5es da OceanPact (OPCT3) termina hoje","og_description":"O per\u00edodo de reserva para pequenos investidores conseguirem garantir sua fatia no IPO da OceanPact (OPCT3) acaba nesta ter\u00e7a-feira (9).","og_url":"https:\/\/www.suno.com.br\/noticias\/reserva-acoes-oceanpact-opct3-termina-hoje\/","og_site_name":"Suno Not\u00edcias","article_publisher":"https:\/\/facebook.com\/sunoresearch","og_image":[{"width":1024,"height":768,"url":"https:\/\/files.sunoresearch.com.br\/n\/uploads\/2021\/02\/971658d4-1024px-oil_recovery_vessel_in_the_gulf_of_mexico.jpg","type":"image\/jpeg"}],"author":"Arthur Guimar\u00e3es","twitter_card":"summary_large_image","twitter_creator":"@sunoresearch","twitter_site":"@sunoresearch","twitter_misc":{"Escrito por":"Arthur Guimar\u00e3es","Est. tempo de leitura":"2 minutos"},"schema":{"@context":"https:\/\/schema.org","@graph":[{"@type":"NewsArticle","@id":"https:\/\/www.suno.com.br\/noticias\/reserva-acoes-oceanpact-opct3-termina-hoje\/#article","isPartOf":{"@id":"https:\/\/www.suno.com.br\/noticias\/reserva-acoes-oceanpact-opct3-termina-hoje\/"},"author":{"name":"Arthur Guimar\u00e3es","@id":"https:\/\/www.suno.com.br\/noticias\/#\/schema\/person\/053a750a709a263919a20f976caae91c"},"headline":"Reserva de a\u00e7\u00f5es da OceanPact (OPCT3) termina hoje","datePublished":"2021-02-09T18:53:43+00:00","dateModified":"2021-02-18T22:57:46+00:00","mainEntityOfPage":{"@id":"https:\/\/www.suno.com.br\/noticias\/reserva-acoes-oceanpact-opct3-termina-hoje\/"},"wordCount":443,"publisher":{"@id":"https:\/\/www.suno.com.br\/noticias\/#organization"},"image":{"@id":"https:\/\/www.suno.com.br\/noticias\/reserva-acoes-oceanpact-opct3-termina-hoje\/#primaryimage"},"thumbnailUrl":"https:\/\/files.sunoresearch.com.br\/n\/uploads\/2021\/02\/971658d4-1024px-oil_recovery_vessel_in_the_gulf_of_mexico-jpg.webp","keywords":["B3 (B3SA3)","Comiss\u00e3o de Valores Mobili\u00e1rios (CVM)","IPO (Oferta Inicial de A\u00e7\u00f5es)","Oceanpact (OPCT3)"],"articleSection":["Neg\u00f3cios"],"inLanguage":"pt-BR"},{"@type":"WebPage","@id":"https:\/\/www.suno.com.br\/noticias\/reserva-acoes-oceanpact-opct3-termina-hoje\/","url":"https:\/\/www.suno.com.br\/noticias\/reserva-acoes-oceanpact-opct3-termina-hoje\/","name":"Reserva de a\u00e7\u00f5es da OceanPact (OPCT3) termina hoje","isPartOf":{"@id":"https:\/\/www.suno.com.br\/noticias\/#website"},"primaryImageOfPage":{"@id":"https:\/\/www.suno.com.br\/noticias\/reserva-acoes-oceanpact-opct3-termina-hoje\/#primaryimage"},"image":{"@id":"https:\/\/www.suno.com.br\/noticias\/reserva-acoes-oceanpact-opct3-termina-hoje\/#primaryimage"},"thumbnailUrl":"https:\/\/files.sunoresearch.com.br\/n\/uploads\/2021\/02\/971658d4-1024px-oil_recovery_vessel_in_the_gulf_of_mexico-jpg.webp","datePublished":"2021-02-09T18:53:43+00:00","dateModified":"2021-02-18T22:57:46+00:00","description":"O per\u00edodo de reserva para pequenos investidores conseguirem garantir sua fatia no IPO da OceanPact (OPCT3) acaba nesta ter\u00e7a-feira (9).","breadcrumb":{"@id":"https:\/\/www.suno.com.br\/noticias\/reserva-acoes-oceanpact-opct3-termina-hoje\/#breadcrumb"},"inLanguage":"pt-BR","potentialAction":[{"@type":"ReadAction","target":["https:\/\/www.suno.com.br\/noticias\/reserva-acoes-oceanpact-opct3-termina-hoje\/"]}]},{"@type":"ImageObject","inLanguage":"pt-BR","@id":"https:\/\/www.suno.com.br\/noticias\/reserva-acoes-oceanpact-opct3-termina-hoje\/#primaryimage","url":"https:\/\/files.sunoresearch.com.br\/n\/uploads\/2021\/02\/971658d4-1024px-oil_recovery_vessel_in_the_gulf_of_mexico-jpg.webp","contentUrl":"https:\/\/files.sunoresearch.com.br\/n\/uploads\/2021\/02\/971658d4-1024px-oil_recovery_vessel_in_the_gulf_of_mexico-jpg.webp","width":1024,"height":768,"caption":"A OceanPact vai estrear na B3 no dia 12 de fevereiro de 2021"},{"@type":"BreadcrumbList","@id":"https:\/\/www.suno.com.br\/noticias\/reserva-acoes-oceanpact-opct3-termina-hoje\/#breadcrumb","itemListElement":[{"@type":"ListItem","position":1,"name":"Not\u00edcias","item":"https:\/\/www.suno.com.br\/noticias\/"},{"@type":"ListItem","position":2,"name":"Neg\u00f3cios","item":"https:\/\/www.suno.com.br\/noticias\/negocios\/"},{"@type":"ListItem","position":3,"name":"Reserva de a\u00e7\u00f5es da OceanPact (OPCT3) termina hoje"}]},{"@type":"WebSite","@id":"https:\/\/www.suno.com.br\/noticias\/#website","url":"https:\/\/www.suno.com.br\/noticias\/","name":"Suno Not\u00edcias","description":"Seu portal de informa\u00e7\u00e3o sobre o mundo dos investimentos","publisher":{"@id":"https:\/\/www.suno.com.br\/noticias\/#organization"},"potentialAction":[{"@type":"SearchAction","target":{"@type":"EntryPoint","urlTemplate":"https:\/\/www.suno.com.br\/noticias\/?s={search_term_string}"},"query-input":{"@type":"PropertyValueSpecification","valueRequired":true,"valueName":"search_term_string"}}],"inLanguage":"pt-BR"},{"@type":"Organization","@id":"https:\/\/www.suno.com.br\/noticias\/#organization","name":"Suno Not\u00edcias","url":"https:\/\/www.suno.com.br\/noticias\/","logo":{"@type":"ImageObject","inLanguage":"pt-BR","@id":"https:\/\/www.suno.com.br\/noticias\/#\/schema\/logo\/image\/","url":"https:\/\/files.sunoresearch.com.br\/n\/uploads\/2021\/09\/suno-logo.png","contentUrl":"https:\/\/files.sunoresearch.com.br\/n\/uploads\/2021\/09\/suno-logo.png","width":180,"height":180,"caption":"Suno Not\u00edcias"},"image":{"@id":"https:\/\/www.suno.com.br\/noticias\/#\/schema\/logo\/image\/"},"sameAs":["https:\/\/facebook.com\/sunoresearch","https:\/\/x.com\/sunoresearch","https:\/\/www.instagram.com\/suno","https:\/\/www.linkedin.com\/company\/suno-research\/","https:\/\/www.youtube.com\/c\/sunoresearch"]},{"@type":"Person","@id":"https:\/\/www.suno.com.br\/noticias\/#\/schema\/person\/053a750a709a263919a20f976caae91c","name":"Arthur Guimar\u00e3es","image":{"@type":"ImageObject","inLanguage":"pt-BR","@id":"https:\/\/www.suno.com.br\/noticias\/#\/schema\/person\/image\/","url":"https:\/\/secure.gravatar.com\/avatar\/1affd86a11209ae09eb6dd3bcad3e96c?s=96&r=g","contentUrl":"https:\/\/secure.gravatar.com\/avatar\/1affd86a11209ae09eb6dd3bcad3e96c?s=96&r=g","caption":"Arthur Guimar\u00e3es"},"description":"Arthur Guimar\u00e3es escreve sobre pol\u00edtica, economia e neg\u00f3cios para o portal de not\u00edcias da Suno Research. Atualmente, \u00e9 estudante de jornalismo pela Faculdade C\u00e1sper L\u00edbero.","url":"https:\/\/www.suno.com.br\/noticias\/author\/arthur-guimaraes\/"}]}},"default_loop_html":"<div class=\"cardsPage__listCard__boxs\"><div class=\"cardsPage__listCard__boxs__img\"><a href=\"https:\/\/www.suno.com.br\/noticias\/reserva-acoes-oceanpact-opct3-termina-hoje\/\"><img class=\"mask\" src=\"https:\/\/www.suno.com.br\/noticias\/wp-content\/themes\/suno\/resources\/images\/spotlight\/spotlight1img\/bg-mask.png\" alt=\"Image Mask\"\/><img src=\"https:\/\/files.sunoresearch.com.br\/n\/uploads\/2021\/02\/971658d4-1024px-oil_recovery_vessel_in_the_gulf_of_mexico-400x200.webp\" alt=\"Reserva de a\u00e7\u00f5es da OceanPact (OPCT3) termina hoje\"\/><\/a><span class=\"spotlightCategory\"><a href=\"https:\/\/www.suno.com.br\/noticias\/negocios\/\">Neg\u00f3cios<\/a><\/span><\/div><div class=\"cardsPage__listCard__boxs__content\"><a href=\"https:\/\/www.suno.com.br\/noticias\/reserva-acoes-oceanpact-opct3-termina-hoje\/\"><h2 class=\"content__title\">Reserva de a\u00e7\u00f5es da OceanPact (OPCT3) termina hoje<\/h2><\/a><div class=\"newsContent__article__meta\"><div class=\"newsContent__article__meta__authorBox\"><a href=\"https:\/\/www.suno.com.br\/noticias\/author\/arthur-guimaraes\/\" class=\"authorBox__avatar noMobi\"><img src=\"https:\/\/files.sunoresearch.com.br\/n\/uploads\/2020\/02\/dfb40897-eu-150x150.webp\" alt=\"Arthur Guimar\u00e3es\"><\/a><div class=\"authorBox__name\"><span>por\n\t\t\t<a href=\"https:\/\/www.suno.com.br\/noticias\/author\/arthur-guimaraes\/\"><span itemprop=\"author\">Arthur Guimar\u00e3es<\/span><\/a><\/span><time datetime=\"2021-02-09T15:53:43-03:00\" itemprop=\"datePublished\">09\/02\/2021 15:53<\/time><\/div><\/div><\/div><\/div><\/div>","single_layout":"posts","amp_enabled":true,"_links":{"self":[{"href":"https:\/\/www.suno.com.br\/noticias\/wp-json\/wp\/v2\/posts\/120072"}],"collection":[{"href":"https:\/\/www.suno.com.br\/noticias\/wp-json\/wp\/v2\/posts"}],"about":[{"href":"https:\/\/www.suno.com.br\/noticias\/wp-json\/wp\/v2\/types\/post"}],"author":[{"embeddable":true,"href":"https:\/\/www.suno.com.br\/noticias\/wp-json\/wp\/v2\/users\/35"}],"replies":[{"embeddable":true,"href":"https:\/\/www.suno.com.br\/noticias\/wp-json\/wp\/v2\/comments?post=120072"}],"version-history":[{"count":0,"href":"https:\/\/www.suno.com.br\/noticias\/wp-json\/wp\/v2\/posts\/120072\/revisions"}],"wp:featuredmedia":[{"embeddable":true,"href":"https:\/\/www.suno.com.br\/noticias\/wp-json\/wp\/v2\/media\/120086"}],"wp:attachment":[{"href":"https:\/\/www.suno.com.br\/noticias\/wp-json\/wp\/v2\/media?parent=120072"}],"wp:term":[{"taxonomy":"category","embeddable":true,"href":"https:\/\/www.suno.com.br\/noticias\/wp-json\/wp\/v2\/categories?post=120072"},{"taxonomy":"post_tag","embeddable":true,"href":"https:\/\/www.suno.com.br\/noticias\/wp-json\/wp\/v2\/tags?post=120072"},{"taxonomy":"suno_strategy","embeddable":true,"href":"https:\/\/www.suno.com.br\/noticias\/wp-json\/wp\/v2\/suno_strategy?post=120072"}],"curies":[{"name":"wp","href":"https:\/\/api.w.org\/{rel}","templated":true}]}}