{"id":120045,"date":"2021-02-09T14:26:18","date_gmt":"2021-02-09T17:26:18","guid":{"rendered":"https:\/\/www.suno.com.br\/noticias\/?p=120045"},"modified":"2021-02-09T15:30:39","modified_gmt":"2021-02-09T18:30:39","slug":"jbs-jbss3-nova-fabrica-interior-sp","status":"publish","type":"post","link":"https:\/\/www.suno.com.br\/noticias\/jbs-jbss3-nova-fabrica-interior-sp\/","title":{"rendered":"JBS (JBSS3) inicia constru\u00e7\u00e3o de nova f\u00e1brica em Presidente Epit\u00e1cio, no interior de S\u00e3o Paulo"},"content":{"rendered":"<p>A <a href=\"https:\/\/www.suno.com.br\/acoes\/jbss3\/\"><strong>JBS<\/strong> (JBSS3)<\/a> anunciou nesta ter\u00e7a-feira (9) que iniciou em janeiro a constru\u00e7\u00e3o de uma nova f\u00e1brica no interior de S\u00e3o Paulo. A planta focar\u00e1 na produ\u00e7\u00e3o de gelatina e de pept\u00eddeos de col\u00e1geno e ficar\u00e1 localizada na cidade de Presidente Epit\u00e1cio, a cerca de 650 quil\u00f4metros da capital.<\/p>\t<div class=\"wrapper-featured-image\">\n\t\t<figure class=\"spotlightImg\">\n\n\t\t\t<picture>\n\t\t\t\t<source media=\"(max-width: 768px)\" srcset=\"https:\/\/files.sunoresearch.com.br\/n\/uploads\/2021\/02\/e0867fbb-jbs-400x200.webp\">\n\t\t\t\t<img loading=\"lazy\" decoding=\"async\" class=\"newsContent__article__imgCapa lazyloadDisabled \" src=\"https:\/\/files.sunoresearch.com.br\/n\/uploads\/2021\/02\/e0867fbb-jbs-800x450.webp\" width=\"800\" height=\"450\" alt=\"JBS (JBSS3) inicia constru\u00e7\u00e3o de nova f\u00e1brica em Presidente Epit\u00e1cio, no interior de S\u00e3o Paulo\" fetchpriority=high \/>\n\t\t\t<\/picture>\n\n\t\t\t<figcaption class=\"wp-caption-text wp-caption-text--show\">JBS<\/figcaption>\n\t\t<\/figure>\n\t<\/div>\n\n\n<p><span style=\"font-weight: 400;\">\t<p>\n\t\t<a href=\"https:\/\/lp.suno.com.br\/ebook-como-analisar-uma-acao\/\" target=\"_blank\" data-element=\"shortcode-suno-banner\" title=\"Banner SUNO, clique e saiba mais\">\n\t\t\t<picture>\n\t\t\t\t<source media=\"(max-width: 500px)\" srcset=\"https:\/\/files.sunoresearch.com.br\/n\/uploads\/2023\/03\/Ebook-Acoes-Mobile.jpg\">\n\t\t\t\t<img class=\"newsContent__article__imgCapa newsContent__article__imgCapa--banner\"\n\t\t\t\t\tsrc=\"https:\/\/files.sunoresearch.com.br\/n\/uploads\/2023\/03\/Ebook-Acoes-Desktop.jpg\"\n\t\t\t\t\tdata-promo-id=\"378302\"\t\t\t\t\t\t\t\t\t\twidth='1420' height='286'\t\t\t\t\talt=\"https:\/\/files.sunoresearch.com.br\/n\/uploads\/2023\/03\/Ebook-Acoes-Desktop.jpg\"\n\t\t\t\t>\n\t\t\t<\/picture>\n\t\t<\/a>\n\t<\/p>\n\n<\/span><\/p>\n<p>A iniciativa faz parte do grupo de empresas da JBS <strong>Novos Neg\u00f3cios<\/strong>, que re\u00fane opera\u00e7\u00f5es que transformam coprodutos e materiais n\u00e3o aproveitados provenientes do processamento de carnes em mercadorias com valor agregado, como biodiesel, col\u00e1geno, fertilizantes, ra\u00e7\u00f5es e insumos para f\u00e1rmacos e para produtos de higiene.<\/p>\n<p>Ao total, a companhia far\u00e1 um investimento de R$ 280 milh\u00f5es na planta e abrir\u00e1 cerca de 400 novos postos de trabalhos na regi\u00e3o.<\/p>\n<div>\n<div id=\"60141a969004bb2e956386a8\" class=\"op-interactive\" data-title=\"Quiz dos Investimentos\" data-url=\"https:\/\/sunoresearch289.outgrow.us\/60141a969004bb2e956386a8?vHeight=1\" data-width=\"100%\"><\/div>\n<p><script src='\/\/dyv6f9ner1ir9.cloudfront.net\/assets\/js\/nloader.js'><\/script><script>initIframe('60141a969004bb2e956386a8');<\/script><\/p>\n<\/div>\n<p>Al\u00e9m de investir em novas mercadorias, a movimenta\u00e7\u00e3o da JBS, de aproveitar aquilo que antigamente era descartado ou revendido, vem em meio a um maior apelo do mercado por iniciativas <a href=\"https:\/\/www.suno.com.br\/artigos\/esg\/\"><strong>mais sustent\u00e1veis (ESG)<\/strong><\/a>.<\/p>\n<p>&#8220;Procuramos as melhores pr\u00e1ticas de sustentabilidade para serem aplicadas na nova unidade e faremos a gest\u00e3o consciente de todos os recursos. Atuaremos em parceria com a JBS Ambiental na gest\u00e3o de res\u00edduos s\u00f3lidos e tamb\u00e9m com outros neg\u00f3cios do grupo, de forma que a cadeia de sustentabilidade seja completa e gere valor agregado \u00e0 companhia&#8221;, afirmou Claudia Yamana, diretora do novo neg\u00f3cio.<\/p>\n<h2>JBS investe em novas f\u00e1bricas<\/h2>\n<p>Na primeira semana de fevereiro, a JBS anunciou que investiu R$ 60 milh\u00f5es para expandir sua f\u00e1brica em Jaguari\u00fana, no interior de S\u00e3o Paulo, criando 60 novos postos de trabalho.<\/p>\n<p><span style=\"font-weight: 400;\">\t<p>\n\t\t<a href=\"https:\/\/lp.suno.com.br\/planilha-da-vida-financeira\/\" target=\"_blank\" data-element=\"shortcode-suno-banner\" title=\"Banner SUNO, clique e saiba mais\">\n\t\t\t<picture>\n\t\t\t\t<source media=\"(max-width: 500px)\" srcset=\"https:\/\/files.sunoresearch.com.br\/n\/uploads\/2023\/04\/400x300-Planilha-vida-financeira-true.png\">\n\t\t\t\t<img class=\"newsContent__article__imgCapa newsContent__article__imgCapa--banner\"\n\t\t\t\t\tsrc=\"https:\/\/files.sunoresearch.com.br\/n\/uploads\/2023\/04\/1420x240-Planilha-vida-financeira-true.png\"\n\t\t\t\t\tdata-promo-id=\"106682\"\t\t\t\t\t\t\t\t\t\twidth='1420' height='240'\t\t\t\t\talt=\"https:\/\/files.sunoresearch.com.br\/n\/uploads\/2023\/04\/1420x240-Planilha-vida-financeira-true.png\"\n\t\t\t\t>\n\t\t\t<\/picture>\n\t\t<\/a>\n\t<\/p>\n\n <\/span><\/p>\n<p>Com a expans\u00e3o, a JBS afirmou que expandiria em 67% sua produ\u00e7\u00e3o de mortadela defumada da linha Seara Gourmet, voltada ao mercado interno.<\/p>\n<p>&#8220;A unidade est\u00e1 posicionada estrategicamente, tanto para o recebimento de mat\u00e9ria-prima e insumos quanto para abastecer as regi\u00f5es com maior demanda pelo produto. Esperamos dar continuidade \u00e0 nossa curva de crescimento no segmento premium, buscando ganhar maior participa\u00e7\u00e3o de mercado\u201d, afirmou a <strong>JBS<\/strong> na \u00e9poca.<\/p>\n<p><span style=\"font-weight: 400;\">\t<p>\n\t\t<a href=\"https:\/\/lp.suno.com.br\/planilha-de-controle-de-investimentos\/\" target=\"_blank\" data-element=\"shortcode-suno-banner\" title=\"Banner SUNO, clique e saiba mais\">\n\t\t\t<picture>\n\t\t\t\t<source media=\"(max-width: 500px)\" srcset=\"https:\/\/files.sunoresearch.com.br\/n\/uploads\/2023\/03\/400x300-Controle-de-Investimentos.png\">\n\t\t\t\t<img class=\"newsContent__article__imgCapa newsContent__article__imgCapa--banner\"\n\t\t\t\t\tsrc=\"https:\/\/files.sunoresearch.com.br\/n\/uploads\/2023\/03\/1420x240-Controle-de-Investimentos.png\"\n\t\t\t\t\tdata-promo-id=\"75934\"\t\t\t\t\t\t\t\t\t\twidth='1420' height='240'\t\t\t\t\talt=\"https:\/\/files.sunoresearch.com.br\/n\/uploads\/2023\/03\/1420x240-Controle-de-Investimentos.png\"\n\t\t\t\t>\n\t\t\t<\/picture>\n\t\t<\/a>\n\t<\/p>\n\n<\/span><\/p>\n","protected":false},"excerpt":{"rendered":"<p>A JBS (JBSS3) anunciou nesta ter\u00e7a-feira (9) que iniciou em janeiro a constru\u00e7\u00e3o de uma nova f\u00e1brica no interior de S\u00e3o Paulo. A planta focar\u00e1 na produ\u00e7\u00e3o de gelatina e de pept\u00eddeos de col\u00e1geno e ficar\u00e1 localizada na cidade de Presidente Epit\u00e1cio, a cerca de 650 quil\u00f4metros da capital. JBS A iniciativa faz parte do [&hellip;]<\/p>\n","protected":false},"author":59,"featured_media":120051,"comment_status":"closed","ping_status":"closed","sticky":false,"template":"","format":"standard","meta":[],"categories":[64],"tags":[75364,521],"suno_strategy":[],"class_list":["post-120045","post","type-post","status-publish","format-standard","has-post-thumbnail","hentry","category-negocios","tag-esg","tag-jbs-jbss3"],"yoast_head":"<!-- This site is optimized with the Yoast SEO plugin v24.4 - https:\/\/yoast.com\/wordpress\/plugins\/seo\/ -->\n<title>JBS (JBSS3) inicia constru\u00e7\u00e3o de nova f\u00e1brica no interior de S\u00e3o Paulo<\/title>\n<meta name=\"description\" content=\"A JBS anunciou nesta ter\u00e7a que iniciou em janeiro a constru\u00e7\u00e3o de uma nova f\u00e1brica no interior de S\u00e3o Paulo. Clique aqui para saber mais.\" \/>\n<meta name=\"robots\" content=\"index, follow, max-snippet:-1, max-image-preview:large, max-video-preview:-1\" \/>\n<link rel=\"canonical\" href=\"https:\/\/www.suno.com.br\/noticias\/jbs-jbss3-nova-fabrica-interior-sp\/\" \/>\n<meta property=\"og:locale\" content=\"pt_BR\" \/>\n<meta property=\"og:type\" content=\"article\" \/>\n<meta property=\"og:title\" content=\"JBS (JBSS3) inicia constru\u00e7\u00e3o de nova f\u00e1brica no interior de S\u00e3o Paulo\" \/>\n<meta property=\"og:description\" content=\"A JBS anunciou nesta ter\u00e7a que iniciou em janeiro a constru\u00e7\u00e3o de uma nova f\u00e1brica no interior de S\u00e3o Paulo. Clique aqui para saber mais.\" \/>\n<meta property=\"og:url\" content=\"https:\/\/www.suno.com.br\/noticias\/jbs-jbss3-nova-fabrica-interior-sp\/\" \/>\n<meta property=\"og:site_name\" content=\"Suno Not\u00edcias\" \/>\n<meta property=\"article:publisher\" content=\"https:\/\/facebook.com\/sunoresearch\" \/>\n<meta property=\"og:image\" content=\"https:\/\/files.sunoresearch.com.br\/n\/uploads\/2021\/02\/e0867fbb-jbs.jpg\" \/>\n\t<meta property=\"og:image:width\" content=\"1024\" \/>\n\t<meta property=\"og:image:height\" content=\"683\" \/>\n\t<meta property=\"og:image:type\" content=\"image\/jpeg\" \/>\n<meta name=\"author\" content=\"Vitor Azevedo\" \/>\n<meta name=\"twitter:card\" content=\"summary_large_image\" \/>\n<meta name=\"twitter:creator\" content=\"@sunoresearch\" \/>\n<meta name=\"twitter:site\" content=\"@sunoresearch\" \/>\n<meta name=\"twitter:label1\" content=\"Escrito por\" \/>\n\t<meta name=\"twitter:data1\" content=\"Vitor Azevedo\" \/>\n\t<meta name=\"twitter:label2\" content=\"Est. tempo de leitura\" \/>\n\t<meta name=\"twitter:data2\" content=\"2 minutos\" \/>\n<script type=\"application\/ld+json\" class=\"yoast-schema-graph\">{\"@context\":\"https:\/\/schema.org\",\"@graph\":[{\"@type\":\"NewsArticle\",\"@id\":\"https:\/\/www.suno.com.br\/noticias\/jbs-jbss3-nova-fabrica-interior-sp\/#article\",\"isPartOf\":{\"@id\":\"https:\/\/www.suno.com.br\/noticias\/jbs-jbss3-nova-fabrica-interior-sp\/\"},\"author\":{\"name\":\"Vitor Azevedo\",\"@id\":\"https:\/\/www.suno.com.br\/noticias\/#\/schema\/person\/658d5fbc74d81f265f5df3562d0038ab\"},\"headline\":\"JBS (JBSS3) inicia constru\u00e7\u00e3o de nova f\u00e1brica em Presidente Epit\u00e1cio, no interior de S\u00e3o Paulo\",\"datePublished\":\"2021-02-09T17:26:18+00:00\",\"dateModified\":\"2021-02-09T18:30:39+00:00\",\"mainEntityOfPage\":{\"@id\":\"https:\/\/www.suno.com.br\/noticias\/jbs-jbss3-nova-fabrica-interior-sp\/\"},\"wordCount\":375,\"publisher\":{\"@id\":\"https:\/\/www.suno.com.br\/noticias\/#organization\"},\"image\":{\"@id\":\"https:\/\/www.suno.com.br\/noticias\/jbs-jbss3-nova-fabrica-interior-sp\/#primaryimage\"},\"thumbnailUrl\":\"https:\/\/files.sunoresearch.com.br\/n\/uploads\/2021\/02\/e0867fbb-jbs-jpg.webp\",\"keywords\":[\"ESG\",\"JBS (JBSS3)\"],\"articleSection\":[\"Neg\u00f3cios\"],\"inLanguage\":\"pt-BR\"},{\"@type\":\"WebPage\",\"@id\":\"https:\/\/www.suno.com.br\/noticias\/jbs-jbss3-nova-fabrica-interior-sp\/\",\"url\":\"https:\/\/www.suno.com.br\/noticias\/jbs-jbss3-nova-fabrica-interior-sp\/\",\"name\":\"JBS (JBSS3) inicia constru\u00e7\u00e3o de nova f\u00e1brica no interior de S\u00e3o Paulo\",\"isPartOf\":{\"@id\":\"https:\/\/www.suno.com.br\/noticias\/#website\"},\"primaryImageOfPage\":{\"@id\":\"https:\/\/www.suno.com.br\/noticias\/jbs-jbss3-nova-fabrica-interior-sp\/#primaryimage\"},\"image\":{\"@id\":\"https:\/\/www.suno.com.br\/noticias\/jbs-jbss3-nova-fabrica-interior-sp\/#primaryimage\"},\"thumbnailUrl\":\"https:\/\/files.sunoresearch.com.br\/n\/uploads\/2021\/02\/e0867fbb-jbs-jpg.webp\",\"datePublished\":\"2021-02-09T17:26:18+00:00\",\"dateModified\":\"2021-02-09T18:30:39+00:00\",\"description\":\"A JBS anunciou nesta ter\u00e7a que iniciou em janeiro a constru\u00e7\u00e3o de uma nova f\u00e1brica no interior de S\u00e3o Paulo. Clique aqui para saber mais.\",\"breadcrumb\":{\"@id\":\"https:\/\/www.suno.com.br\/noticias\/jbs-jbss3-nova-fabrica-interior-sp\/#breadcrumb\"},\"inLanguage\":\"pt-BR\",\"potentialAction\":[{\"@type\":\"ReadAction\",\"target\":[\"https:\/\/www.suno.com.br\/noticias\/jbs-jbss3-nova-fabrica-interior-sp\/\"]}]},{\"@type\":\"ImageObject\",\"inLanguage\":\"pt-BR\",\"@id\":\"https:\/\/www.suno.com.br\/noticias\/jbs-jbss3-nova-fabrica-interior-sp\/#primaryimage\",\"url\":\"https:\/\/files.sunoresearch.com.br\/n\/uploads\/2021\/02\/e0867fbb-jbs-jpg.webp\",\"contentUrl\":\"https:\/\/files.sunoresearch.com.br\/n\/uploads\/2021\/02\/e0867fbb-jbs-jpg.webp\",\"width\":1024,\"height\":683,\"caption\":\"JBS\"},{\"@type\":\"BreadcrumbList\",\"@id\":\"https:\/\/www.suno.com.br\/noticias\/jbs-jbss3-nova-fabrica-interior-sp\/#breadcrumb\",\"itemListElement\":[{\"@type\":\"ListItem\",\"position\":1,\"name\":\"Not\u00edcias\",\"item\":\"https:\/\/www.suno.com.br\/noticias\/\"},{\"@type\":\"ListItem\",\"position\":2,\"name\":\"Neg\u00f3cios\",\"item\":\"https:\/\/www.suno.com.br\/noticias\/negocios\/\"},{\"@type\":\"ListItem\",\"position\":3,\"name\":\"JBS (JBSS3) inicia constru\u00e7\u00e3o de nova f\u00e1brica em Presidente Epit\u00e1cio, no interior de S\u00e3o Paulo\"}]},{\"@type\":\"WebSite\",\"@id\":\"https:\/\/www.suno.com.br\/noticias\/#website\",\"url\":\"https:\/\/www.suno.com.br\/noticias\/\",\"name\":\"Suno Not\u00edcias\",\"description\":\"Seu portal de informa\u00e7\u00e3o sobre o mundo dos investimentos\",\"publisher\":{\"@id\":\"https:\/\/www.suno.com.br\/noticias\/#organization\"},\"potentialAction\":[{\"@type\":\"SearchAction\",\"target\":{\"@type\":\"EntryPoint\",\"urlTemplate\":\"https:\/\/www.suno.com.br\/noticias\/?s={search_term_string}\"},\"query-input\":{\"@type\":\"PropertyValueSpecification\",\"valueRequired\":true,\"valueName\":\"search_term_string\"}}],\"inLanguage\":\"pt-BR\"},{\"@type\":\"Organization\",\"@id\":\"https:\/\/www.suno.com.br\/noticias\/#organization\",\"name\":\"Suno Not\u00edcias\",\"url\":\"https:\/\/www.suno.com.br\/noticias\/\",\"logo\":{\"@type\":\"ImageObject\",\"inLanguage\":\"pt-BR\",\"@id\":\"https:\/\/www.suno.com.br\/noticias\/#\/schema\/logo\/image\/\",\"url\":\"https:\/\/files.sunoresearch.com.br\/n\/uploads\/2021\/09\/suno-logo.png\",\"contentUrl\":\"https:\/\/files.sunoresearch.com.br\/n\/uploads\/2021\/09\/suno-logo.png\",\"width\":180,\"height\":180,\"caption\":\"Suno Not\u00edcias\"},\"image\":{\"@id\":\"https:\/\/www.suno.com.br\/noticias\/#\/schema\/logo\/image\/\"},\"sameAs\":[\"https:\/\/facebook.com\/sunoresearch\",\"https:\/\/x.com\/sunoresearch\",\"https:\/\/www.instagram.com\/suno\",\"https:\/\/www.linkedin.com\/company\/suno-research\/\",\"https:\/\/www.youtube.com\/c\/sunoresearch\"]},{\"@type\":\"Person\",\"@id\":\"https:\/\/www.suno.com.br\/noticias\/#\/schema\/person\/658d5fbc74d81f265f5df3562d0038ab\",\"name\":\"Vitor Azevedo\",\"image\":{\"@type\":\"ImageObject\",\"inLanguage\":\"pt-BR\",\"@id\":\"https:\/\/www.suno.com.br\/noticias\/#\/schema\/person\/image\/\",\"url\":\"https:\/\/secure.gravatar.com\/avatar\/62b86195291b446fe380824eb28b99a5?s=96&r=g\",\"contentUrl\":\"https:\/\/secure.gravatar.com\/avatar\/62b86195291b446fe380824eb28b99a5?s=96&r=g\",\"caption\":\"Vitor Azevedo\"},\"description\":\"Formado em jornalismo pela Unesp, escreve sobre economia e neg\u00f3cios para a Suno Not\u00edcias.\",\"url\":\"https:\/\/www.suno.com.br\/noticias\/author\/vitor-azevedo\/\"}]}<\/script>\n<!-- \/ Yoast SEO plugin. -->","yoast_head_json":{"title":"JBS (JBSS3) inicia constru\u00e7\u00e3o de nova f\u00e1brica no interior de S\u00e3o Paulo","description":"A JBS anunciou nesta ter\u00e7a que iniciou em janeiro a constru\u00e7\u00e3o de uma nova f\u00e1brica no interior de S\u00e3o Paulo. Clique aqui para saber mais.","robots":{"index":"index","follow":"follow","max-snippet":"max-snippet:-1","max-image-preview":"max-image-preview:large","max-video-preview":"max-video-preview:-1"},"canonical":"https:\/\/www.suno.com.br\/noticias\/jbs-jbss3-nova-fabrica-interior-sp\/","og_locale":"pt_BR","og_type":"article","og_title":"JBS (JBSS3) inicia constru\u00e7\u00e3o de nova f\u00e1brica no interior de S\u00e3o Paulo","og_description":"A JBS anunciou nesta ter\u00e7a que iniciou em janeiro a constru\u00e7\u00e3o de uma nova f\u00e1brica no interior de S\u00e3o Paulo. Clique aqui para saber mais.","og_url":"https:\/\/www.suno.com.br\/noticias\/jbs-jbss3-nova-fabrica-interior-sp\/","og_site_name":"Suno Not\u00edcias","article_publisher":"https:\/\/facebook.com\/sunoresearch","og_image":[{"width":1024,"height":683,"url":"https:\/\/files.sunoresearch.com.br\/n\/uploads\/2021\/02\/e0867fbb-jbs.jpg","type":"image\/jpeg"}],"author":"Vitor Azevedo","twitter_card":"summary_large_image","twitter_creator":"@sunoresearch","twitter_site":"@sunoresearch","twitter_misc":{"Escrito por":"Vitor Azevedo","Est. tempo de leitura":"2 minutos"},"schema":{"@context":"https:\/\/schema.org","@graph":[{"@type":"NewsArticle","@id":"https:\/\/www.suno.com.br\/noticias\/jbs-jbss3-nova-fabrica-interior-sp\/#article","isPartOf":{"@id":"https:\/\/www.suno.com.br\/noticias\/jbs-jbss3-nova-fabrica-interior-sp\/"},"author":{"name":"Vitor Azevedo","@id":"https:\/\/www.suno.com.br\/noticias\/#\/schema\/person\/658d5fbc74d81f265f5df3562d0038ab"},"headline":"JBS (JBSS3) inicia constru\u00e7\u00e3o de nova f\u00e1brica em Presidente Epit\u00e1cio, no interior de S\u00e3o Paulo","datePublished":"2021-02-09T17:26:18+00:00","dateModified":"2021-02-09T18:30:39+00:00","mainEntityOfPage":{"@id":"https:\/\/www.suno.com.br\/noticias\/jbs-jbss3-nova-fabrica-interior-sp\/"},"wordCount":375,"publisher":{"@id":"https:\/\/www.suno.com.br\/noticias\/#organization"},"image":{"@id":"https:\/\/www.suno.com.br\/noticias\/jbs-jbss3-nova-fabrica-interior-sp\/#primaryimage"},"thumbnailUrl":"https:\/\/files.sunoresearch.com.br\/n\/uploads\/2021\/02\/e0867fbb-jbs-jpg.webp","keywords":["ESG","JBS (JBSS3)"],"articleSection":["Neg\u00f3cios"],"inLanguage":"pt-BR"},{"@type":"WebPage","@id":"https:\/\/www.suno.com.br\/noticias\/jbs-jbss3-nova-fabrica-interior-sp\/","url":"https:\/\/www.suno.com.br\/noticias\/jbs-jbss3-nova-fabrica-interior-sp\/","name":"JBS (JBSS3) inicia constru\u00e7\u00e3o de nova f\u00e1brica no interior de S\u00e3o Paulo","isPartOf":{"@id":"https:\/\/www.suno.com.br\/noticias\/#website"},"primaryImageOfPage":{"@id":"https:\/\/www.suno.com.br\/noticias\/jbs-jbss3-nova-fabrica-interior-sp\/#primaryimage"},"image":{"@id":"https:\/\/www.suno.com.br\/noticias\/jbs-jbss3-nova-fabrica-interior-sp\/#primaryimage"},"thumbnailUrl":"https:\/\/files.sunoresearch.com.br\/n\/uploads\/2021\/02\/e0867fbb-jbs-jpg.webp","datePublished":"2021-02-09T17:26:18+00:00","dateModified":"2021-02-09T18:30:39+00:00","description":"A JBS anunciou nesta ter\u00e7a que iniciou em janeiro a constru\u00e7\u00e3o de uma nova f\u00e1brica no interior de S\u00e3o Paulo. Clique aqui para saber mais.","breadcrumb":{"@id":"https:\/\/www.suno.com.br\/noticias\/jbs-jbss3-nova-fabrica-interior-sp\/#breadcrumb"},"inLanguage":"pt-BR","potentialAction":[{"@type":"ReadAction","target":["https:\/\/www.suno.com.br\/noticias\/jbs-jbss3-nova-fabrica-interior-sp\/"]}]},{"@type":"ImageObject","inLanguage":"pt-BR","@id":"https:\/\/www.suno.com.br\/noticias\/jbs-jbss3-nova-fabrica-interior-sp\/#primaryimage","url":"https:\/\/files.sunoresearch.com.br\/n\/uploads\/2021\/02\/e0867fbb-jbs-jpg.webp","contentUrl":"https:\/\/files.sunoresearch.com.br\/n\/uploads\/2021\/02\/e0867fbb-jbs-jpg.webp","width":1024,"height":683,"caption":"JBS"},{"@type":"BreadcrumbList","@id":"https:\/\/www.suno.com.br\/noticias\/jbs-jbss3-nova-fabrica-interior-sp\/#breadcrumb","itemListElement":[{"@type":"ListItem","position":1,"name":"Not\u00edcias","item":"https:\/\/www.suno.com.br\/noticias\/"},{"@type":"ListItem","position":2,"name":"Neg\u00f3cios","item":"https:\/\/www.suno.com.br\/noticias\/negocios\/"},{"@type":"ListItem","position":3,"name":"JBS (JBSS3) inicia constru\u00e7\u00e3o de nova f\u00e1brica em Presidente Epit\u00e1cio, no interior de S\u00e3o Paulo"}]},{"@type":"WebSite","@id":"https:\/\/www.suno.com.br\/noticias\/#website","url":"https:\/\/www.suno.com.br\/noticias\/","name":"Suno Not\u00edcias","description":"Seu portal de informa\u00e7\u00e3o sobre o mundo dos investimentos","publisher":{"@id":"https:\/\/www.suno.com.br\/noticias\/#organization"},"potentialAction":[{"@type":"SearchAction","target":{"@type":"EntryPoint","urlTemplate":"https:\/\/www.suno.com.br\/noticias\/?s={search_term_string}"},"query-input":{"@type":"PropertyValueSpecification","valueRequired":true,"valueName":"search_term_string"}}],"inLanguage":"pt-BR"},{"@type":"Organization","@id":"https:\/\/www.suno.com.br\/noticias\/#organization","name":"Suno Not\u00edcias","url":"https:\/\/www.suno.com.br\/noticias\/","logo":{"@type":"ImageObject","inLanguage":"pt-BR","@id":"https:\/\/www.suno.com.br\/noticias\/#\/schema\/logo\/image\/","url":"https:\/\/files.sunoresearch.com.br\/n\/uploads\/2021\/09\/suno-logo.png","contentUrl":"https:\/\/files.sunoresearch.com.br\/n\/uploads\/2021\/09\/suno-logo.png","width":180,"height":180,"caption":"Suno Not\u00edcias"},"image":{"@id":"https:\/\/www.suno.com.br\/noticias\/#\/schema\/logo\/image\/"},"sameAs":["https:\/\/facebook.com\/sunoresearch","https:\/\/x.com\/sunoresearch","https:\/\/www.instagram.com\/suno","https:\/\/www.linkedin.com\/company\/suno-research\/","https:\/\/www.youtube.com\/c\/sunoresearch"]},{"@type":"Person","@id":"https:\/\/www.suno.com.br\/noticias\/#\/schema\/person\/658d5fbc74d81f265f5df3562d0038ab","name":"Vitor Azevedo","image":{"@type":"ImageObject","inLanguage":"pt-BR","@id":"https:\/\/www.suno.com.br\/noticias\/#\/schema\/person\/image\/","url":"https:\/\/secure.gravatar.com\/avatar\/62b86195291b446fe380824eb28b99a5?s=96&r=g","contentUrl":"https:\/\/secure.gravatar.com\/avatar\/62b86195291b446fe380824eb28b99a5?s=96&r=g","caption":"Vitor Azevedo"},"description":"Formado em jornalismo pela Unesp, escreve sobre economia e neg\u00f3cios para a Suno Not\u00edcias.","url":"https:\/\/www.suno.com.br\/noticias\/author\/vitor-azevedo\/"}]}},"default_loop_html":"<div class=\"cardsPage__listCard__boxs\"><div class=\"cardsPage__listCard__boxs__img\"><a href=\"https:\/\/www.suno.com.br\/noticias\/jbs-jbss3-nova-fabrica-interior-sp\/\"><img class=\"mask\" src=\"https:\/\/www.suno.com.br\/noticias\/wp-content\/themes\/suno\/resources\/images\/spotlight\/spotlight1img\/bg-mask.png\" alt=\"Image Mask\"\/><img src=\"https:\/\/files.sunoresearch.com.br\/n\/uploads\/2021\/02\/e0867fbb-jbs-400x200.webp\" alt=\"JBS (JBSS3) inicia constru\u00e7\u00e3o de nova f\u00e1brica em Presidente Epit\u00e1cio, no interior de S\u00e3o Paulo\"\/><\/a><span class=\"spotlightCategory\"><a href=\"https:\/\/www.suno.com.br\/noticias\/negocios\/\">Neg\u00f3cios<\/a><\/span><\/div><div class=\"cardsPage__listCard__boxs__content\"><a href=\"https:\/\/www.suno.com.br\/noticias\/jbs-jbss3-nova-fabrica-interior-sp\/\"><h2 class=\"content__title\">JBS (JBSS3) inicia constru\u00e7\u00e3o de nova f\u00e1brica em Presidente Epit\u00e1cio, no interior de S\u00e3o Paulo<\/h2><\/a><div class=\"newsContent__article__meta\"><div class=\"newsContent__article__meta__authorBox\"><a href=\"https:\/\/www.suno.com.br\/noticias\/author\/vitor-azevedo\/\" class=\"authorBox__avatar noMobi\"><img src=\"https:\/\/secure.gravatar.com\/avatar\/62b86195291b446fe380824eb28b99a5?s=96&#038;r=g\" alt=\"Vitor Azevedo\"><\/a><div class=\"authorBox__name\"><span>por\n\t\t\t<a href=\"https:\/\/www.suno.com.br\/noticias\/author\/vitor-azevedo\/\"><span itemprop=\"author\">Vitor Azevedo<\/span><\/a><\/span><time datetime=\"2021-02-09T14:26:18-03:00\" itemprop=\"datePublished\">09\/02\/2021 14:26<\/time><\/div><\/div><\/div><\/div><\/div>","single_layout":"posts","amp_enabled":true,"_links":{"self":[{"href":"https:\/\/www.suno.com.br\/noticias\/wp-json\/wp\/v2\/posts\/120045"}],"collection":[{"href":"https:\/\/www.suno.com.br\/noticias\/wp-json\/wp\/v2\/posts"}],"about":[{"href":"https:\/\/www.suno.com.br\/noticias\/wp-json\/wp\/v2\/types\/post"}],"author":[{"embeddable":true,"href":"https:\/\/www.suno.com.br\/noticias\/wp-json\/wp\/v2\/users\/59"}],"replies":[{"embeddable":true,"href":"https:\/\/www.suno.com.br\/noticias\/wp-json\/wp\/v2\/comments?post=120045"}],"version-history":[{"count":0,"href":"https:\/\/www.suno.com.br\/noticias\/wp-json\/wp\/v2\/posts\/120045\/revisions"}],"wp:featuredmedia":[{"embeddable":true,"href":"https:\/\/www.suno.com.br\/noticias\/wp-json\/wp\/v2\/media\/120051"}],"wp:attachment":[{"href":"https:\/\/www.suno.com.br\/noticias\/wp-json\/wp\/v2\/media?parent=120045"}],"wp:term":[{"taxonomy":"category","embeddable":true,"href":"https:\/\/www.suno.com.br\/noticias\/wp-json\/wp\/v2\/categories?post=120045"},{"taxonomy":"post_tag","embeddable":true,"href":"https:\/\/www.suno.com.br\/noticias\/wp-json\/wp\/v2\/tags?post=120045"},{"taxonomy":"suno_strategy","embeddable":true,"href":"https:\/\/www.suno.com.br\/noticias\/wp-json\/wp\/v2\/suno_strategy?post=120045"}],"curies":[{"name":"wp","href":"https:\/\/api.w.org\/{rel}","templated":true}]}}