{"id":120040,"date":"2021-02-09T15:48:47","date_gmt":"2021-02-09T18:48:47","guid":{"rendered":"https:\/\/www.suno.com.br\/noticias\/?p=120040"},"modified":"2021-02-09T18:38:30","modified_gmt":"2021-02-09T21:38:30","slug":"inflacao-questao-varios-locais-presidente-bc","status":"publish","type":"post","link":"https:\/\/www.suno.com.br\/noticias\/inflacao-questao-varios-locais-presidente-bc\/","title":{"rendered":"Infla\u00e7\u00e3o come\u00e7a a ser uma quest\u00e3o em v\u00e1rios pa\u00edses, diz presidente do BC"},"content":{"rendered":"<p>O presidente do <a href=\"https:\/\/www.suno.com.br\/artigos\/bacen\/\">Banco Central (<strong>BC<\/strong>)<\/a>, <a href=\"https:\/\/www.suno.com.br\/tudo-sobre\/roberto-campos-neto\/\">Roberto <strong>Campos Neto<\/strong><\/a>, declarou nesta ter\u00e7a-feira (9), que a <strong>infla\u00e7\u00e3o<\/strong> passou a ser uma preocupa\u00e7\u00e3o em diversos pa\u00edses.<\/p>\t<div class=\"wrapper-featured-image\">\n\t\t<figure class=\"spotlightImg\">\n\n\t\t\t<picture>\n\t\t\t\t<source media=\"(max-width: 768px)\" srcset=\"https:\/\/files.sunoresearch.com.br\/n\/uploads\/2021\/02\/8ec8dee4-jfcrz_191119mcal56022953-800x450-1-400x200.webp\">\n\t\t\t\t<img loading=\"lazy\" decoding=\"async\" class=\"newsContent__article__imgCapa lazyloadDisabled \" src=\"https:\/\/files.sunoresearch.com.br\/n\/uploads\/2021\/02\/8ec8dee4-jfcrz_191119mcal56022953-800x450-1-jpg.webp\" width=\"800\" height=\"450\" alt=\"Infla\u00e7\u00e3o come\u00e7a a ser uma quest\u00e3o em v\u00e1rios pa\u00edses, diz presidente do BC\" fetchpriority=high \/>\n\t\t\t<\/picture>\n\n\t\t\t<figcaption class=\"wp-caption-text wp-caption-text--show\">Infla\u00e7\u00e3o come\u00e7a a ser uma quest\u00e3o em v\u00e1rios pa\u00edses, diz presidente do BC<\/figcaption>\n\t\t<\/figure>\n\t<\/div>\n\n\n\t<p>\n\t\t<a href=\"https:\/\/lp.suno.com.br\/ebook-como-analisar-uma-acao\/\" target=\"_blank\" data-element=\"shortcode-suno-banner\" title=\"Banner SUNO, clique e saiba mais\">\n\t\t\t<picture>\n\t\t\t\t<source media=\"(max-width: 500px)\" srcset=\"https:\/\/files.sunoresearch.com.br\/n\/uploads\/2023\/03\/Ebook-Acoes-Mobile.jpg\">\n\t\t\t\t<img class=\"newsContent__article__imgCapa newsContent__article__imgCapa--banner\"\n\t\t\t\t\tsrc=\"https:\/\/files.sunoresearch.com.br\/n\/uploads\/2023\/03\/Ebook-Acoes-Desktop.jpg\"\n\t\t\t\t\tdata-promo-id=\"378302\"\t\t\t\t\t\t\t\t\t\twidth='1420' height='286'\t\t\t\t\talt=\"https:\/\/files.sunoresearch.com.br\/n\/uploads\/2023\/03\/Ebook-Acoes-Desktop.jpg\"\n\t\t\t\t>\n\t\t\t<\/picture>\n\t\t<\/a>\n\t<\/p>\n\n\n<p>&#8220;Temos uma infla\u00e7\u00e3o mais alta no Brasil&#8221;, disse o mandat\u00e1rio do BC, destacando ainda a <a href=\"https:\/\/www.suno.com.br\/artigos\/o-que-commodities\/\">alta dos pre\u00e7os de commodities<\/a> nos mercados internacionais.<\/p>\n<p>Campos Neto refor\u00e7ou que os pa\u00edses que gastaram mais durante a pandemia do coronav\u00edrus (covid-19) reverteram com mais facilidade as expectativas de queda no <a href=\"https:\/\/www.suno.com.br\/artigos\/pib-produto-interno-bruto\/\">Produto Interno Bruto (<strong>PIB<\/strong>)<\/a> no \u00faltimo ano.<\/p>\n<p>De acordo com o presidente do banco, &#8220;esses pa\u00edses tiveram mais sucesso em manter a atividade&#8221;. Al\u00e9m disso, o Brasil foi o pa\u00eds emergente que &#8220;tomou o maior volume de medidas durante a crise&#8221;, disse em evento virtual promovido pelo Observatory Group.<\/p>\n<p><script src=\"\/\/dyv6f9ner1ir9.cloudfront.net\/assets\/js\/nloader.js\"><\/script><script>initIframe('60141a969004bb2e956386a8');<\/script><\/p>\n<p>Os incentivos fiscais adotados pelo governo em 2020 j\u00e1 foram revertidos em sua maioria, apontou Campos Neto lembrando que o <strong>espa\u00e7o fiscal brasileiro<\/strong> para novas medidas \u00e9 muito reduzido.<\/p>\n<p><iframe loading=\"lazy\" title=\"\ud83d\udd34Resultado do BTG Pactual (BPAC11), Azul (AZUL4) recupera capacidade dom\u00e9stica, volta da infla\u00e7\u00e3o?\" width=\"1080\" height=\"608\" src=\"https:\/\/www.youtube.com\/embed\/MT8Xo7jiJrI?feature=oembed&#038;enablejsapi=1&#038;origin=https:\/\/www.suno.com.br\" frameborder=\"0\" allow=\"accelerometer; autoplay; clipboard-write; encrypted-media; gyroscope; picture-in-picture\" allowfullscreen><\/iframe><\/p>\n<p>Para o mandat\u00e1rio, as condi\u00e7\u00f5es financeiras na maioria dos pa\u00edses j\u00e1 seriam as mais &#8220;estimulativas poss\u00edveis&#8221;.<\/p>\n\t<p>\n\t\t<a href=\"https:\/\/lp.suno.com.br\/planilha-da-vida-financeira\/\" target=\"_blank\" data-element=\"shortcode-suno-banner\" title=\"Banner SUNO, clique e saiba mais\">\n\t\t\t<picture>\n\t\t\t\t<source media=\"(max-width: 500px)\" srcset=\"https:\/\/files.sunoresearch.com.br\/n\/uploads\/2023\/04\/400x300-Planilha-vida-financeira-true.png\">\n\t\t\t\t<img class=\"newsContent__article__imgCapa newsContent__article__imgCapa--banner\"\n\t\t\t\t\tsrc=\"https:\/\/files.sunoresearch.com.br\/n\/uploads\/2023\/04\/1420x240-Planilha-vida-financeira-true.png\"\n\t\t\t\t\tdata-promo-id=\"106682\"\t\t\t\t\t\t\t\t\t\twidth='1420' height='240'\t\t\t\t\talt=\"https:\/\/files.sunoresearch.com.br\/n\/uploads\/2023\/04\/1420x240-Planilha-vida-financeira-true.png\"\n\t\t\t\t>\n\t\t\t<\/picture>\n\t\t<\/a>\n\t<\/p>\n\n\n<h2>Choque atual de infla\u00e7\u00e3o \u00e9 tempor\u00e1rio, diz Campos Neto<\/h2>\n<p>A autoridade monet\u00e1ria acredita que o choque atual de infla\u00e7\u00e3o \u00e9 tempor\u00e1rio, revelou o presidente refor\u00e7ando que o <a href=\"https:\/\/www.suno.com.br\/artigos\/inflacao\/\"><strong>controle da infla\u00e7\u00e3o<\/strong><\/a> segue sendo o principal mandato da autoridade monet\u00e1ria.<\/p>\n<p>&#8220;A meta do BC \u00e9 clara. O BC olha para a infla\u00e7\u00e3o&#8221;, afirmou. &#8220;N\u00f3s olhamos a infla\u00e7\u00e3o, \u00e9 nosso alvo n\u00famero um&#8221;, afirmou.<\/p>\n<p><a href=\"https:\/\/www.suno.com.br\/noticias\/cambio-e-flutuante-e-bc-intervem-quando-ha-problemas-de-liquidez-diz-campos-neto\/\">Veja Tamb\u00e9m: C\u00e2mbio \u00e9 flutuante e BC interv\u00e9m quando h\u00e1 problemas de liquidez, diz Campos Neto<\/a><\/p>\n<p>Al\u00e9m disso, <strong>Campos Neto<\/strong> apontou que a <strong>alta de alimentos<\/strong> ocorre em diversos pa\u00edses, mesmo que no Brasil essa eleva\u00e7\u00e3o seja mais pronunciada. &#8220;N\u00f3s reconhecemos que esses efeitos foram maiores e duraram mais que o esperado no Brasil, mas mantemos a avalia\u00e7\u00e3o de que os choques s\u00e3o tempor\u00e1rios. E n\u00f3s fazemos a <strong>pol\u00edtica monet\u00e1ria<\/strong> olhando mais para o longo prazo&#8221;.<\/p>\n<p>Com informa\u00e7\u00f5es do Estad\u00e3o Conte\u00fado<\/p>\n\t<p>\n\t\t<a href=\"https:\/\/lp.suno.com.br\/planilha-de-controle-de-investimentos\/\" target=\"_blank\" data-element=\"shortcode-suno-banner\" title=\"Banner SUNO, clique e saiba mais\">\n\t\t\t<picture>\n\t\t\t\t<source media=\"(max-width: 500px)\" srcset=\"https:\/\/files.sunoresearch.com.br\/n\/uploads\/2023\/03\/400x300-Controle-de-Investimentos.png\">\n\t\t\t\t<img class=\"newsContent__article__imgCapa newsContent__article__imgCapa--banner\"\n\t\t\t\t\tsrc=\"https:\/\/files.sunoresearch.com.br\/n\/uploads\/2023\/03\/1420x240-Controle-de-Investimentos.png\"\n\t\t\t\t\tdata-promo-id=\"75934\"\t\t\t\t\t\t\t\t\t\twidth='1420' height='240'\t\t\t\t\talt=\"https:\/\/files.sunoresearch.com.br\/n\/uploads\/2023\/03\/1420x240-Controle-de-Investimentos.png\"\n\t\t\t\t>\n\t\t\t<\/picture>\n\t\t<\/a>\n\t<\/p>\n\n\n","protected":false},"excerpt":{"rendered":"<p>O presidente do Banco Central (BC), Roberto Campos Neto, declarou nesta ter\u00e7a-feira (9), que a infla\u00e7\u00e3o passou a ser uma preocupa\u00e7\u00e3o em diversos pa\u00edses. Infla\u00e7\u00e3o come\u00e7a a ser uma quest\u00e3o em v\u00e1rios pa\u00edses, diz presidente do BC &#8220;Temos uma infla\u00e7\u00e3o mais alta no Brasil&#8221;, disse o mandat\u00e1rio do BC, destacando ainda a alta dos pre\u00e7os [&hellip;]<\/p>\n","protected":false},"author":56,"featured_media":120081,"comment_status":"closed","ping_status":"closed","sticky":false,"template":"","format":"standard","meta":[],"categories":[62],"tags":[1842,850,1113],"suno_strategy":[],"class_list":["post-120040","post","type-post","status-publish","format-standard","has-post-thumbnail","hentry","category-economia","tag-banco-central-bc","tag-inflacao","tag-roberto-campos-neto"],"yoast_head":"<!-- This site is optimized with the Yoast SEO plugin v24.4 - https:\/\/yoast.com\/wordpress\/plugins\/seo\/ -->\n<title>Infla\u00e7\u00e3o come\u00e7a a ser uma quest\u00e3o em v\u00e1rios locais, diz presidente do BC<\/title>\n<meta name=\"description\" content=\"&quot;Temos uma infla\u00e7\u00e3o mais alta no Brasil&quot;, declarou o mandat\u00e1rio do Banco Central (BC), Campos Neto. Clique aqui para saber mais.\" \/>\n<meta name=\"robots\" content=\"index, follow, max-snippet:-1, max-image-preview:large, max-video-preview:-1\" \/>\n<link rel=\"canonical\" href=\"https:\/\/www.suno.com.br\/noticias\/inflacao-questao-varios-locais-presidente-bc\/\" \/>\n<meta property=\"og:locale\" content=\"pt_BR\" \/>\n<meta property=\"og:type\" content=\"article\" \/>\n<meta property=\"og:title\" content=\"Infla\u00e7\u00e3o come\u00e7a a ser uma quest\u00e3o em v\u00e1rios locais, diz presidente do BC\" \/>\n<meta property=\"og:description\" content=\"&quot;Temos uma infla\u00e7\u00e3o mais alta no Brasil&quot;, declarou o mandat\u00e1rio do Banco Central (BC), Campos Neto. Clique aqui para saber mais.\" \/>\n<meta property=\"og:url\" content=\"https:\/\/www.suno.com.br\/noticias\/inflacao-questao-varios-locais-presidente-bc\/\" \/>\n<meta property=\"og:site_name\" content=\"Suno Not\u00edcias\" \/>\n<meta property=\"article:publisher\" content=\"https:\/\/facebook.com\/sunoresearch\" \/>\n<meta property=\"og:image\" content=\"https:\/\/files.sunoresearch.com.br\/n\/uploads\/2021\/02\/8ec8dee4-jfcrz_191119mcal56022953-800x450-1.jpg\" \/>\n\t<meta property=\"og:image:width\" content=\"800\" \/>\n\t<meta property=\"og:image:height\" content=\"450\" \/>\n\t<meta property=\"og:image:type\" content=\"image\/jpeg\" \/>\n<meta name=\"author\" content=\"Rafaela La Regina\" \/>\n<meta name=\"twitter:card\" content=\"summary_large_image\" \/>\n<meta name=\"twitter:creator\" content=\"@sunoresearch\" \/>\n<meta name=\"twitter:site\" content=\"@sunoresearch\" \/>\n<meta name=\"twitter:label1\" content=\"Escrito por\" \/>\n\t<meta name=\"twitter:data1\" content=\"Rafaela La Regina\" \/>\n\t<meta name=\"twitter:label2\" content=\"Est. tempo de leitura\" \/>\n\t<meta name=\"twitter:data2\" content=\"2 minutos\" \/>\n<script type=\"application\/ld+json\" class=\"yoast-schema-graph\">{\"@context\":\"https:\/\/schema.org\",\"@graph\":[{\"@type\":\"NewsArticle\",\"@id\":\"https:\/\/www.suno.com.br\/noticias\/inflacao-questao-varios-locais-presidente-bc\/#article\",\"isPartOf\":{\"@id\":\"https:\/\/www.suno.com.br\/noticias\/inflacao-questao-varios-locais-presidente-bc\/\"},\"author\":{\"name\":\"Rafaela La Regina\",\"@id\":\"https:\/\/www.suno.com.br\/noticias\/#\/schema\/person\/e672ca8cea627fe715fa29bca7da95e0\"},\"headline\":\"Infla\u00e7\u00e3o come\u00e7a a ser uma quest\u00e3o em v\u00e1rios pa\u00edses, diz presidente do BC\",\"datePublished\":\"2021-02-09T18:48:47+00:00\",\"dateModified\":\"2021-02-09T21:38:30+00:00\",\"mainEntityOfPage\":{\"@id\":\"https:\/\/www.suno.com.br\/noticias\/inflacao-questao-varios-locais-presidente-bc\/\"},\"wordCount\":381,\"publisher\":{\"@id\":\"https:\/\/www.suno.com.br\/noticias\/#organization\"},\"image\":{\"@id\":\"https:\/\/www.suno.com.br\/noticias\/inflacao-questao-varios-locais-presidente-bc\/#primaryimage\"},\"thumbnailUrl\":\"https:\/\/files.sunoresearch.com.br\/n\/uploads\/2021\/02\/8ec8dee4-jfcrz_191119mcal56022953-800x450-1-jpg.webp\",\"keywords\":[\"Banco Central (BC)\",\"infla\u00e7\u00e3o\",\"Roberto Campos Neto\"],\"articleSection\":[\"Economia\"],\"inLanguage\":\"pt-BR\"},{\"@type\":\"WebPage\",\"@id\":\"https:\/\/www.suno.com.br\/noticias\/inflacao-questao-varios-locais-presidente-bc\/\",\"url\":\"https:\/\/www.suno.com.br\/noticias\/inflacao-questao-varios-locais-presidente-bc\/\",\"name\":\"Infla\u00e7\u00e3o come\u00e7a a ser uma quest\u00e3o em v\u00e1rios locais, diz presidente do BC\",\"isPartOf\":{\"@id\":\"https:\/\/www.suno.com.br\/noticias\/#website\"},\"primaryImageOfPage\":{\"@id\":\"https:\/\/www.suno.com.br\/noticias\/inflacao-questao-varios-locais-presidente-bc\/#primaryimage\"},\"image\":{\"@id\":\"https:\/\/www.suno.com.br\/noticias\/inflacao-questao-varios-locais-presidente-bc\/#primaryimage\"},\"thumbnailUrl\":\"https:\/\/files.sunoresearch.com.br\/n\/uploads\/2021\/02\/8ec8dee4-jfcrz_191119mcal56022953-800x450-1-jpg.webp\",\"datePublished\":\"2021-02-09T18:48:47+00:00\",\"dateModified\":\"2021-02-09T21:38:30+00:00\",\"description\":\"\\\"Temos uma infla\u00e7\u00e3o mais alta no Brasil\\\", declarou o mandat\u00e1rio do Banco Central (BC), Campos Neto. Clique aqui para saber mais.\",\"breadcrumb\":{\"@id\":\"https:\/\/www.suno.com.br\/noticias\/inflacao-questao-varios-locais-presidente-bc\/#breadcrumb\"},\"inLanguage\":\"pt-BR\",\"potentialAction\":[{\"@type\":\"ReadAction\",\"target\":[\"https:\/\/www.suno.com.br\/noticias\/inflacao-questao-varios-locais-presidente-bc\/\"]}]},{\"@type\":\"ImageObject\",\"inLanguage\":\"pt-BR\",\"@id\":\"https:\/\/www.suno.com.br\/noticias\/inflacao-questao-varios-locais-presidente-bc\/#primaryimage\",\"url\":\"https:\/\/files.sunoresearch.com.br\/n\/uploads\/2021\/02\/8ec8dee4-jfcrz_191119mcal56022953-800x450-1-jpg.webp\",\"contentUrl\":\"https:\/\/files.sunoresearch.com.br\/n\/uploads\/2021\/02\/8ec8dee4-jfcrz_191119mcal56022953-800x450-1-jpg.webp\",\"width\":800,\"height\":450,\"caption\":\"Infla\u00e7\u00e3o come\u00e7a a ser uma quest\u00e3o em v\u00e1rios pa\u00edses, diz presidente do BC\"},{\"@type\":\"BreadcrumbList\",\"@id\":\"https:\/\/www.suno.com.br\/noticias\/inflacao-questao-varios-locais-presidente-bc\/#breadcrumb\",\"itemListElement\":[{\"@type\":\"ListItem\",\"position\":1,\"name\":\"Not\u00edcias\",\"item\":\"https:\/\/www.suno.com.br\/noticias\/\"},{\"@type\":\"ListItem\",\"position\":2,\"name\":\"Economia\",\"item\":\"https:\/\/www.suno.com.br\/noticias\/economia\/\"},{\"@type\":\"ListItem\",\"position\":3,\"name\":\"Infla\u00e7\u00e3o come\u00e7a a ser uma quest\u00e3o em v\u00e1rios pa\u00edses, diz presidente do BC\"}]},{\"@type\":\"WebSite\",\"@id\":\"https:\/\/www.suno.com.br\/noticias\/#website\",\"url\":\"https:\/\/www.suno.com.br\/noticias\/\",\"name\":\"Suno Not\u00edcias\",\"description\":\"Seu portal de informa\u00e7\u00e3o sobre o mundo dos investimentos\",\"publisher\":{\"@id\":\"https:\/\/www.suno.com.br\/noticias\/#organization\"},\"potentialAction\":[{\"@type\":\"SearchAction\",\"target\":{\"@type\":\"EntryPoint\",\"urlTemplate\":\"https:\/\/www.suno.com.br\/noticias\/?s={search_term_string}\"},\"query-input\":{\"@type\":\"PropertyValueSpecification\",\"valueRequired\":true,\"valueName\":\"search_term_string\"}}],\"inLanguage\":\"pt-BR\"},{\"@type\":\"Organization\",\"@id\":\"https:\/\/www.suno.com.br\/noticias\/#organization\",\"name\":\"Suno Not\u00edcias\",\"url\":\"https:\/\/www.suno.com.br\/noticias\/\",\"logo\":{\"@type\":\"ImageObject\",\"inLanguage\":\"pt-BR\",\"@id\":\"https:\/\/www.suno.com.br\/noticias\/#\/schema\/logo\/image\/\",\"url\":\"https:\/\/files.sunoresearch.com.br\/n\/uploads\/2021\/09\/suno-logo.png\",\"contentUrl\":\"https:\/\/files.sunoresearch.com.br\/n\/uploads\/2021\/09\/suno-logo.png\",\"width\":180,\"height\":180,\"caption\":\"Suno Not\u00edcias\"},\"image\":{\"@id\":\"https:\/\/www.suno.com.br\/noticias\/#\/schema\/logo\/image\/\"},\"sameAs\":[\"https:\/\/facebook.com\/sunoresearch\",\"https:\/\/x.com\/sunoresearch\",\"https:\/\/www.instagram.com\/suno\",\"https:\/\/www.linkedin.com\/company\/suno-research\/\",\"https:\/\/www.youtube.com\/c\/sunoresearch\"]},{\"@type\":\"Person\",\"@id\":\"https:\/\/www.suno.com.br\/noticias\/#\/schema\/person\/e672ca8cea627fe715fa29bca7da95e0\",\"name\":\"Rafaela La Regina\",\"image\":{\"@type\":\"ImageObject\",\"inLanguage\":\"pt-BR\",\"@id\":\"https:\/\/www.suno.com.br\/noticias\/#\/schema\/person\/image\/\",\"url\":\"https:\/\/secure.gravatar.com\/avatar\/d2c75a52d243deb93d0465fdcb21bd37?s=96&r=g\",\"contentUrl\":\"https:\/\/secure.gravatar.com\/avatar\/d2c75a52d243deb93d0465fdcb21bd37?s=96&r=g\",\"caption\":\"Rafaela La Regina\"},\"description\":\"Estagi\u00e1ria no Suno Not\u00edcias. Escreve sobre economia, pol\u00edtica e neg\u00f3cios. Estuda Rela\u00e7\u00f5es Internacionais no IBMEC-SP.\",\"url\":\"https:\/\/www.suno.com.br\/noticias\/author\/rafaela-la-regina\/\"}]}<\/script>\n<!-- \/ Yoast SEO plugin. -->","yoast_head_json":{"title":"Infla\u00e7\u00e3o come\u00e7a a ser uma quest\u00e3o em v\u00e1rios locais, diz presidente do BC","description":"\"Temos uma infla\u00e7\u00e3o mais alta no Brasil\", declarou o mandat\u00e1rio do Banco Central (BC), Campos Neto. Clique aqui para saber mais.","robots":{"index":"index","follow":"follow","max-snippet":"max-snippet:-1","max-image-preview":"max-image-preview:large","max-video-preview":"max-video-preview:-1"},"canonical":"https:\/\/www.suno.com.br\/noticias\/inflacao-questao-varios-locais-presidente-bc\/","og_locale":"pt_BR","og_type":"article","og_title":"Infla\u00e7\u00e3o come\u00e7a a ser uma quest\u00e3o em v\u00e1rios locais, diz presidente do BC","og_description":"\"Temos uma infla\u00e7\u00e3o mais alta no Brasil\", declarou o mandat\u00e1rio do Banco Central (BC), Campos Neto. Clique aqui para saber mais.","og_url":"https:\/\/www.suno.com.br\/noticias\/inflacao-questao-varios-locais-presidente-bc\/","og_site_name":"Suno Not\u00edcias","article_publisher":"https:\/\/facebook.com\/sunoresearch","og_image":[{"width":800,"height":450,"url":"https:\/\/files.sunoresearch.com.br\/n\/uploads\/2021\/02\/8ec8dee4-jfcrz_191119mcal56022953-800x450-1.jpg","type":"image\/jpeg"}],"author":"Rafaela La Regina","twitter_card":"summary_large_image","twitter_creator":"@sunoresearch","twitter_site":"@sunoresearch","twitter_misc":{"Escrito por":"Rafaela La Regina","Est. tempo de leitura":"2 minutos"},"schema":{"@context":"https:\/\/schema.org","@graph":[{"@type":"NewsArticle","@id":"https:\/\/www.suno.com.br\/noticias\/inflacao-questao-varios-locais-presidente-bc\/#article","isPartOf":{"@id":"https:\/\/www.suno.com.br\/noticias\/inflacao-questao-varios-locais-presidente-bc\/"},"author":{"name":"Rafaela La Regina","@id":"https:\/\/www.suno.com.br\/noticias\/#\/schema\/person\/e672ca8cea627fe715fa29bca7da95e0"},"headline":"Infla\u00e7\u00e3o come\u00e7a a ser uma quest\u00e3o em v\u00e1rios pa\u00edses, diz presidente do BC","datePublished":"2021-02-09T18:48:47+00:00","dateModified":"2021-02-09T21:38:30+00:00","mainEntityOfPage":{"@id":"https:\/\/www.suno.com.br\/noticias\/inflacao-questao-varios-locais-presidente-bc\/"},"wordCount":381,"publisher":{"@id":"https:\/\/www.suno.com.br\/noticias\/#organization"},"image":{"@id":"https:\/\/www.suno.com.br\/noticias\/inflacao-questao-varios-locais-presidente-bc\/#primaryimage"},"thumbnailUrl":"https:\/\/files.sunoresearch.com.br\/n\/uploads\/2021\/02\/8ec8dee4-jfcrz_191119mcal56022953-800x450-1-jpg.webp","keywords":["Banco Central (BC)","infla\u00e7\u00e3o","Roberto Campos Neto"],"articleSection":["Economia"],"inLanguage":"pt-BR"},{"@type":"WebPage","@id":"https:\/\/www.suno.com.br\/noticias\/inflacao-questao-varios-locais-presidente-bc\/","url":"https:\/\/www.suno.com.br\/noticias\/inflacao-questao-varios-locais-presidente-bc\/","name":"Infla\u00e7\u00e3o come\u00e7a a ser uma quest\u00e3o em v\u00e1rios locais, diz presidente do BC","isPartOf":{"@id":"https:\/\/www.suno.com.br\/noticias\/#website"},"primaryImageOfPage":{"@id":"https:\/\/www.suno.com.br\/noticias\/inflacao-questao-varios-locais-presidente-bc\/#primaryimage"},"image":{"@id":"https:\/\/www.suno.com.br\/noticias\/inflacao-questao-varios-locais-presidente-bc\/#primaryimage"},"thumbnailUrl":"https:\/\/files.sunoresearch.com.br\/n\/uploads\/2021\/02\/8ec8dee4-jfcrz_191119mcal56022953-800x450-1-jpg.webp","datePublished":"2021-02-09T18:48:47+00:00","dateModified":"2021-02-09T21:38:30+00:00","description":"\"Temos uma infla\u00e7\u00e3o mais alta no Brasil\", declarou o mandat\u00e1rio do Banco Central (BC), Campos Neto. Clique aqui para saber mais.","breadcrumb":{"@id":"https:\/\/www.suno.com.br\/noticias\/inflacao-questao-varios-locais-presidente-bc\/#breadcrumb"},"inLanguage":"pt-BR","potentialAction":[{"@type":"ReadAction","target":["https:\/\/www.suno.com.br\/noticias\/inflacao-questao-varios-locais-presidente-bc\/"]}]},{"@type":"ImageObject","inLanguage":"pt-BR","@id":"https:\/\/www.suno.com.br\/noticias\/inflacao-questao-varios-locais-presidente-bc\/#primaryimage","url":"https:\/\/files.sunoresearch.com.br\/n\/uploads\/2021\/02\/8ec8dee4-jfcrz_191119mcal56022953-800x450-1-jpg.webp","contentUrl":"https:\/\/files.sunoresearch.com.br\/n\/uploads\/2021\/02\/8ec8dee4-jfcrz_191119mcal56022953-800x450-1-jpg.webp","width":800,"height":450,"caption":"Infla\u00e7\u00e3o come\u00e7a a ser uma quest\u00e3o em v\u00e1rios pa\u00edses, diz presidente do BC"},{"@type":"BreadcrumbList","@id":"https:\/\/www.suno.com.br\/noticias\/inflacao-questao-varios-locais-presidente-bc\/#breadcrumb","itemListElement":[{"@type":"ListItem","position":1,"name":"Not\u00edcias","item":"https:\/\/www.suno.com.br\/noticias\/"},{"@type":"ListItem","position":2,"name":"Economia","item":"https:\/\/www.suno.com.br\/noticias\/economia\/"},{"@type":"ListItem","position":3,"name":"Infla\u00e7\u00e3o come\u00e7a a ser uma quest\u00e3o em v\u00e1rios pa\u00edses, diz presidente do BC"}]},{"@type":"WebSite","@id":"https:\/\/www.suno.com.br\/noticias\/#website","url":"https:\/\/www.suno.com.br\/noticias\/","name":"Suno Not\u00edcias","description":"Seu portal de informa\u00e7\u00e3o sobre o mundo dos investimentos","publisher":{"@id":"https:\/\/www.suno.com.br\/noticias\/#organization"},"potentialAction":[{"@type":"SearchAction","target":{"@type":"EntryPoint","urlTemplate":"https:\/\/www.suno.com.br\/noticias\/?s={search_term_string}"},"query-input":{"@type":"PropertyValueSpecification","valueRequired":true,"valueName":"search_term_string"}}],"inLanguage":"pt-BR"},{"@type":"Organization","@id":"https:\/\/www.suno.com.br\/noticias\/#organization","name":"Suno Not\u00edcias","url":"https:\/\/www.suno.com.br\/noticias\/","logo":{"@type":"ImageObject","inLanguage":"pt-BR","@id":"https:\/\/www.suno.com.br\/noticias\/#\/schema\/logo\/image\/","url":"https:\/\/files.sunoresearch.com.br\/n\/uploads\/2021\/09\/suno-logo.png","contentUrl":"https:\/\/files.sunoresearch.com.br\/n\/uploads\/2021\/09\/suno-logo.png","width":180,"height":180,"caption":"Suno Not\u00edcias"},"image":{"@id":"https:\/\/www.suno.com.br\/noticias\/#\/schema\/logo\/image\/"},"sameAs":["https:\/\/facebook.com\/sunoresearch","https:\/\/x.com\/sunoresearch","https:\/\/www.instagram.com\/suno","https:\/\/www.linkedin.com\/company\/suno-research\/","https:\/\/www.youtube.com\/c\/sunoresearch"]},{"@type":"Person","@id":"https:\/\/www.suno.com.br\/noticias\/#\/schema\/person\/e672ca8cea627fe715fa29bca7da95e0","name":"Rafaela La Regina","image":{"@type":"ImageObject","inLanguage":"pt-BR","@id":"https:\/\/www.suno.com.br\/noticias\/#\/schema\/person\/image\/","url":"https:\/\/secure.gravatar.com\/avatar\/d2c75a52d243deb93d0465fdcb21bd37?s=96&r=g","contentUrl":"https:\/\/secure.gravatar.com\/avatar\/d2c75a52d243deb93d0465fdcb21bd37?s=96&r=g","caption":"Rafaela La Regina"},"description":"Estagi\u00e1ria no Suno Not\u00edcias. Escreve sobre economia, pol\u00edtica e neg\u00f3cios. Estuda Rela\u00e7\u00f5es Internacionais no IBMEC-SP.","url":"https:\/\/www.suno.com.br\/noticias\/author\/rafaela-la-regina\/"}]}},"default_loop_html":"<div class=\"cardsPage__listCard__boxs\"><div class=\"cardsPage__listCard__boxs__img\"><a href=\"https:\/\/www.suno.com.br\/noticias\/inflacao-questao-varios-locais-presidente-bc\/\"><img class=\"mask\" src=\"https:\/\/www.suno.com.br\/noticias\/wp-content\/themes\/suno\/resources\/images\/spotlight\/spotlight1img\/bg-mask.png\" alt=\"Image Mask\"\/><img src=\"https:\/\/files.sunoresearch.com.br\/n\/uploads\/2021\/02\/8ec8dee4-jfcrz_191119mcal56022953-800x450-1-400x200.webp\" alt=\"Infla\u00e7\u00e3o come\u00e7a a ser uma quest\u00e3o em v\u00e1rios pa\u00edses, diz presidente do BC\"\/><\/a><span class=\"spotlightCategory\"><a href=\"https:\/\/www.suno.com.br\/noticias\/economia\/\">Economia<\/a><\/span><\/div><div class=\"cardsPage__listCard__boxs__content\"><a href=\"https:\/\/www.suno.com.br\/noticias\/inflacao-questao-varios-locais-presidente-bc\/\"><h2 class=\"content__title\">Infla\u00e7\u00e3o come\u00e7a a ser uma quest\u00e3o em v\u00e1rios pa\u00edses, diz presidente do BC<\/h2><\/a><div class=\"newsContent__article__meta\"><div class=\"newsContent__article__meta__authorBox\"><a href=\"https:\/\/www.suno.com.br\/noticias\/author\/rafaela-la-regina\/\" class=\"authorBox__avatar noMobi\"><img src=\"https:\/\/secure.gravatar.com\/avatar\/d2c75a52d243deb93d0465fdcb21bd37?s=96&#038;r=g\" alt=\"Rafaela La Regina\"><\/a><div class=\"authorBox__name\"><span>por\n\t\t\t<a href=\"https:\/\/www.suno.com.br\/noticias\/author\/rafaela-la-regina\/\"><span itemprop=\"author\">Rafaela La Regina<\/span><\/a><\/span><time datetime=\"2021-02-09T15:48:47-03:00\" itemprop=\"datePublished\">09\/02\/2021 15:48<\/time><\/div><\/div><\/div><\/div><\/div>","single_layout":"posts","amp_enabled":true,"_links":{"self":[{"href":"https:\/\/www.suno.com.br\/noticias\/wp-json\/wp\/v2\/posts\/120040"}],"collection":[{"href":"https:\/\/www.suno.com.br\/noticias\/wp-json\/wp\/v2\/posts"}],"about":[{"href":"https:\/\/www.suno.com.br\/noticias\/wp-json\/wp\/v2\/types\/post"}],"author":[{"embeddable":true,"href":"https:\/\/www.suno.com.br\/noticias\/wp-json\/wp\/v2\/users\/56"}],"replies":[{"embeddable":true,"href":"https:\/\/www.suno.com.br\/noticias\/wp-json\/wp\/v2\/comments?post=120040"}],"version-history":[{"count":0,"href":"https:\/\/www.suno.com.br\/noticias\/wp-json\/wp\/v2\/posts\/120040\/revisions"}],"wp:featuredmedia":[{"embeddable":true,"href":"https:\/\/www.suno.com.br\/noticias\/wp-json\/wp\/v2\/media\/120081"}],"wp:attachment":[{"href":"https:\/\/www.suno.com.br\/noticias\/wp-json\/wp\/v2\/media?parent=120040"}],"wp:term":[{"taxonomy":"category","embeddable":true,"href":"https:\/\/www.suno.com.br\/noticias\/wp-json\/wp\/v2\/categories?post=120040"},{"taxonomy":"post_tag","embeddable":true,"href":"https:\/\/www.suno.com.br\/noticias\/wp-json\/wp\/v2\/tags?post=120040"},{"taxonomy":"suno_strategy","embeddable":true,"href":"https:\/\/www.suno.com.br\/noticias\/wp-json\/wp\/v2\/suno_strategy?post=120040"}],"curies":[{"name":"wp","href":"https:\/\/api.w.org\/{rel}","templated":true}]}}