{"id":119905,"date":"2021-02-09T08:53:10","date_gmt":"2021-02-09T11:53:10","guid":{"rendered":"https:\/\/www.suno.com.br\/noticias\/?p=119905"},"modified":"2021-02-09T08:53:10","modified_gmt":"2021-02-09T11:53:10","slug":"btg-pactual-bpac11-aumento-de-capital","status":"publish","type":"post","link":"https:\/\/www.suno.com.br\/noticias\/btg-pactual-bpac11-aumento-de-capital\/","title":{"rendered":"BTG Pactual (BPAC11): BC aprova aumento de capital de R$ 2,6 bilh\u00f5es"},"content":{"rendered":"<p>O <a href=\"https:\/\/www.suno.com.br\/acoes\/bpac11\/\"><strong>BTG Pactual<\/strong> (BPAC11)<\/a> informou, na manh\u00e3 desta ter\u00e7a-feira (9), que o Banco Central (BC) aprovou o aumento de capital proposto pelo Conselho da companhia no fim do m\u00eas passado. A informa\u00e7\u00e3o foi revelada por meio de um comunicado ao mercado.<\/p>\t<div class=\"wrapper-featured-image\">\n\t\t<figure class=\"spotlightImg\">\n\n\t\t\t<picture>\n\t\t\t\t<source media=\"(max-width: 768px)\" srcset=\"https:\/\/files.sunoresearch.com.br\/n\/uploads\/2021\/02\/8039ca48-btg-pactual-1-400x200.webp\">\n\t\t\t\t<img loading=\"lazy\" decoding=\"async\" class=\"newsContent__article__imgCapa lazyloadDisabled \" src=\"https:\/\/files.sunoresearch.com.br\/n\/uploads\/2021\/02\/8039ca48-btg-pactual-1-800x450.webp\" width=\"800\" height=\"450\" alt=\"BTG Pactual (BPAC11): BC aprova aumento de capital de R$ 2,6 bilh\u00f5es\" fetchpriority=high \/>\n\t\t\t<\/picture>\n\n\t\t\t<figcaption class=\"wp-caption-text wp-caption-text--show\"> BTG Pactual (BPAC11). Foto: Divulga\u00e7\u00e3o<\/figcaption>\n\t\t<\/figure>\n\t<\/div>\n\n\n\t<p>\n\t\t<a href=\"https:\/\/lp.suno.com.br\/planilha-controle-gastos\/\" target=\"_blank\" data-element=\"shortcode-suno-banner\" title=\"Banner SUNO, clique e saiba mais\">\n\t\t\t<picture>\n\t\t\t\t<source media=\"(max-width: 500px)\" srcset=\"https:\/\/files.sunoresearch.com.br\/n\/uploads\/2023\/03\/400x300-Planilha-controle-de-gastos.png\">\n\t\t\t\t<img class=\"newsContent__article__imgCapa newsContent__article__imgCapa--banner\"\n\t\t\t\t\tsrc=\"https:\/\/files.sunoresearch.com.br\/n\/uploads\/2023\/03\/1420x240-Planilha-controle-de-gastos.png\"\n\t\t\t\t\tdata-promo-id=\"101751\"\t\t\t\t\t\t\t\t\t\twidth='1420' height='240'\t\t\t\t\talt=\"https:\/\/files.sunoresearch.com.br\/n\/uploads\/2023\/03\/1420x240-Planilha-controle-de-gastos.png\"\n\t\t\t\t>\n\t\t\t<\/picture>\n\t\t<\/a>\n\t<\/p>\n\n\n<p>O aumento de capital foi realizado por meio de uma oferta prim\u00e1ria, com esfor\u00e7os restritos de distribui\u00e7\u00e3o, de 27.777.778 units. Com a <a href=\"https:\/\/www.suno.com.br\/artigos\/follow-on\/\">oferta subsequente de a\u00e7\u00f5es (follow-on)<\/a>, o capital social do BTG Pactual passou de R$ 10 bilh\u00f5es para R$ 12,6 bilh\u00f5es, dividido em 1.784.211.500 a\u00e7\u00f5es ordin\u00e1rias, 662.472.466 preferenciais classe A e 349.356.340 a\u00e7\u00f5es preferenciais classe B.<\/p>\n<p>O <a href=\"https:\/\/www.suno.com.br\/artigos\/bookbuilding\/\">processo de <em>bookbuilding<\/em><\/a> da opera\u00e7\u00e3o foi conclu\u00eddo no fim de janeiro, estabelecendo um pre\u00e7o de R$ 92,52 por unit, ou R$ 30,84 por a\u00e7\u00e3o. Com base no fechamento de ontem, as units do banco de investimento eram negociadas a R$ 114,15 na Bolsa de Valores de S\u00e3o Paulo (<strong>B3<\/strong>).<\/p>\n<div>\n<div id=\"60141a969004bb2e956386a8\" class=\"op-interactive\" data-title=\"Quiz dos Investimentos\" data-url=\"https:\/\/sunoresearch289.outgrow.us\/60141a969004bb2e956386a8?vHeight=1\" data-width=\"100%\"><\/div>\n<p><script src='\/\/dyv6f9ner1ir9.cloudfront.net\/assets\/js\/nloader.js'><\/script><script>initIframe('60141a969004bb2e956386a8');<\/script><\/p>\n<\/div>\n<p>Segundo a companhia, os recursos provenientes da oferta ser\u00e3o destinados para opera\u00e7\u00e3o normal do neg\u00f3cio, acelerar planos estrat\u00e9gicas, o desenvolvimento da \u00e1rea de varejo digital e manter os s\u00f3lidos indicadores de capital e liquidez. Al\u00e9m do pr\u00f3prio BTG, a oferta foi coordenada por:<\/p>\n<ul>\n<li>Bradesco BBI;<\/li>\n<li>Ita\u00fa BBA;<\/li>\n<li>Morgan Stanley;<\/li>\n<li>Santander (SANB11).<\/li>\n<\/ul>\n\t<p>\n\t\t<a href=\"https:\/\/lp.suno.com.br\/planilha-da-vida-financeira\/\" target=\"_blank\" data-element=\"shortcode-suno-banner\" title=\"Banner SUNO, clique e saiba mais\">\n\t\t\t<picture>\n\t\t\t\t<source media=\"(max-width: 500px)\" srcset=\"https:\/\/files.sunoresearch.com.br\/n\/uploads\/2023\/04\/400x300-Planilha-vida-financeira-true.png\">\n\t\t\t\t<img class=\"newsContent__article__imgCapa newsContent__article__imgCapa--banner\"\n\t\t\t\t\tsrc=\"https:\/\/files.sunoresearch.com.br\/n\/uploads\/2023\/04\/1420x240-Planilha-vida-financeira-true.png\"\n\t\t\t\t\tdata-promo-id=\"106682\"\t\t\t\t\t\t\t\t\t\twidth='1420' height='240'\t\t\t\t\talt=\"https:\/\/files.sunoresearch.com.br\/n\/uploads\/2023\/04\/1420x240-Planilha-vida-financeira-true.png\"\n\t\t\t\t>\n\t\t\t<\/picture>\n\t\t<\/a>\n\t<\/p>\n\n\n<h2>BTG Pactual lucra R$ 1,25 bilh\u00e3o no quarto trimestre<\/h2>\n<p>O BTG tamb\u00e9m apresentou, nesta ter\u00e7a, seu resultado do quarto trimestre do ano passado. A companhia registrou um lucro l\u00edquido ajustado de R$ 1,25 bilh\u00e3o, alta de 24,55% na rela\u00e7\u00e3o anualizada. O <strong>banco de investimento<\/strong> teve um avan\u00e7o de 13,6% na receita total na base anualizada, indo para R$ 2,82 bilh\u00f5es.<\/p>\n\t<div data-element=\"shortcode-read-more\" class=\"knowMore\">\n\t\t\t\t<span class=\"knowMore__title\">Leia tamb\u00e9m<\/span>\n\t\t\t\t<a class=\"knowMore__link\" href=\"https:\/\/www.suno.com.br\/noticias\/btg-pactual-bpac11-lucro-liquido-4t20\/\">\n\t\t\tBTG Pactual (BPAC11): com for\u00e7a do Investment Banking, lucro sobe 24% no 4T20\t\t<\/a>\n\t<\/div>\n\n\n<p>Segundo o BTG Pactual, houve recorde de receitas no quarto trimestre e no ano de 2020 em v\u00e1rias linhas de neg\u00f3cios, mesmo enfrentando &#8220;uma crise sem precedentes&#8221;. O <a href=\"https:\/\/www.suno.com.br\/artigos\/indices-de-rentabilidade\/\">Retorno sobre Patrim\u00f4nio L\u00edquido M\u00e9dio (<strong>ROAE<\/strong>)<\/a> no quarto trimestre ficou em 19,1%, enquanto o \u00edndice de basileia fechou o per\u00edodo em 16,7%.<\/p>\n<p>&#8220;Apresentamos crescimento significativo em nossos ativos, volumes de transa\u00e7\u00e3o e n\u00famero de clientes, e mantivemos m\u00e9tricas robustas de capital e liquidez, um dos balan\u00e7os mais s\u00f3lidos da ind\u00fastria&#8221; afirmou o CEO do <strong>BTG Pactual<\/strong>, Roberto Sallouti.<\/p>\n\t<p>\n\t\t<a href=\"https:\/\/lp.suno.com.br\/planilha-de-controle-de-investimentos\/\" target=\"_blank\" data-element=\"shortcode-suno-banner\" title=\"Banner SUNO, clique e saiba mais\">\n\t\t\t<picture>\n\t\t\t\t<source media=\"(max-width: 500px)\" srcset=\"https:\/\/files.sunoresearch.com.br\/n\/uploads\/2023\/03\/400x300-Controle-de-Investimentos.png\">\n\t\t\t\t<img class=\"newsContent__article__imgCapa newsContent__article__imgCapa--banner\"\n\t\t\t\t\tsrc=\"https:\/\/files.sunoresearch.com.br\/n\/uploads\/2023\/03\/1420x240-Controle-de-Investimentos.png\"\n\t\t\t\t\tdata-promo-id=\"75934\"\t\t\t\t\t\t\t\t\t\twidth='1420' height='240'\t\t\t\t\talt=\"https:\/\/files.sunoresearch.com.br\/n\/uploads\/2023\/03\/1420x240-Controle-de-Investimentos.png\"\n\t\t\t\t>\n\t\t\t<\/picture>\n\t\t<\/a>\n\t<\/p>\n\n\n","protected":false},"excerpt":{"rendered":"<p>O BTG Pactual (BPAC11) informou, na manh\u00e3 desta ter\u00e7a-feira (9), que o Banco Central (BC) aprovou o aumento de capital proposto pelo Conselho da companhia no fim do m\u00eas passado. A informa\u00e7\u00e3o foi revelada por meio de um comunicado ao mercado. BTG Pactual (BPAC11). Foto: Divulga\u00e7\u00e3o O aumento de capital foi realizado por meio de [&hellip;]<\/p>\n","protected":false},"author":24,"featured_media":119913,"comment_status":"closed","ping_status":"closed","sticky":false,"template":"","format":"standard","meta":[],"categories":[64],"tags":[1438,399,2721],"suno_strategy":[],"class_list":["post-119905","post","type-post","status-publish","format-standard","has-post-thumbnail","hentry","category-negocios","tag-aumento-de-capital","tag-btg-pactual-bpac11-bpac3-bpac5","tag-conselho-de-administracao"],"yoast_head":"<!-- This site is optimized with the Yoast SEO plugin v24.4 - https:\/\/yoast.com\/wordpress\/plugins\/seo\/ -->\n<title>BTG Pactual (BPAC11): BC aprova aumento de capital de R$ 2,6 bilh\u00f5es<\/title>\n<meta name=\"description\" content=\"O BTG Pactual (BPAC11) informou que o Banco Central (BC) aprovou o aumento de capital proposto pelo Conselho da companhia. Saiba mais.\" \/>\n<meta name=\"robots\" content=\"index, follow, max-snippet:-1, max-image-preview:large, max-video-preview:-1\" \/>\n<link rel=\"canonical\" href=\"https:\/\/www.suno.com.br\/noticias\/btg-pactual-bpac11-aumento-de-capital\/\" \/>\n<meta property=\"og:locale\" content=\"pt_BR\" \/>\n<meta property=\"og:type\" content=\"article\" \/>\n<meta property=\"og:title\" content=\"BTG Pactual (BPAC11): BC aprova aumento de capital de R$ 2,6 bilh\u00f5es\" \/>\n<meta property=\"og:description\" content=\"O BTG Pactual (BPAC11) informou que o Banco Central (BC) aprovou o aumento de capital proposto pelo Conselho da companhia. Saiba mais.\" \/>\n<meta property=\"og:url\" content=\"https:\/\/www.suno.com.br\/noticias\/btg-pactual-bpac11-aumento-de-capital\/\" \/>\n<meta property=\"og:site_name\" content=\"Suno Not\u00edcias\" \/>\n<meta property=\"article:publisher\" content=\"https:\/\/facebook.com\/sunoresearch\" \/>\n<meta property=\"og:image\" content=\"https:\/\/files.sunoresearch.com.br\/n\/uploads\/2021\/02\/8039ca48-btg-pactual-1.jpg\" \/>\n\t<meta property=\"og:image:width\" content=\"1379\" \/>\n\t<meta property=\"og:image:height\" content=\"920\" \/>\n\t<meta property=\"og:image:type\" content=\"image\/jpeg\" \/>\n<meta name=\"author\" content=\"Jader Lazarini\" \/>\n<meta name=\"twitter:card\" content=\"summary_large_image\" \/>\n<meta name=\"twitter:creator\" content=\"@sunoresearch\" \/>\n<meta name=\"twitter:site\" content=\"@sunoresearch\" \/>\n<meta name=\"twitter:label1\" content=\"Escrito por\" \/>\n\t<meta name=\"twitter:data1\" content=\"Jader Lazarini\" \/>\n\t<meta name=\"twitter:label2\" content=\"Est. tempo de leitura\" \/>\n\t<meta name=\"twitter:data2\" content=\"2 minutos\" \/>\n<script type=\"application\/ld+json\" class=\"yoast-schema-graph\">{\"@context\":\"https:\/\/schema.org\",\"@graph\":[{\"@type\":\"NewsArticle\",\"@id\":\"https:\/\/www.suno.com.br\/noticias\/btg-pactual-bpac11-aumento-de-capital\/#article\",\"isPartOf\":{\"@id\":\"https:\/\/www.suno.com.br\/noticias\/btg-pactual-bpac11-aumento-de-capital\/\"},\"author\":{\"name\":\"Jader Lazarini\",\"@id\":\"https:\/\/www.suno.com.br\/noticias\/#\/schema\/person\/918d79de1f0281f01599b93f9ea6e23f\"},\"headline\":\"BTG Pactual (BPAC11): BC aprova aumento de capital de R$ 2,6 bilh\u00f5es\",\"datePublished\":\"2021-02-09T11:53:10+00:00\",\"mainEntityOfPage\":{\"@id\":\"https:\/\/www.suno.com.br\/noticias\/btg-pactual-bpac11-aumento-de-capital\/\"},\"wordCount\":400,\"publisher\":{\"@id\":\"https:\/\/www.suno.com.br\/noticias\/#organization\"},\"image\":{\"@id\":\"https:\/\/www.suno.com.br\/noticias\/btg-pactual-bpac11-aumento-de-capital\/#primaryimage\"},\"thumbnailUrl\":\"https:\/\/files.sunoresearch.com.br\/n\/uploads\/2021\/02\/8039ca48-btg-pactual-1-jpg.webp\",\"keywords\":[\"aumento de capital\",\"BTG Pactual (BPAC11\/BPAC3\/BPAC5)\",\"Conselho de Administra\u00e7\u00e3o\"],\"articleSection\":[\"Neg\u00f3cios\"],\"inLanguage\":\"pt-BR\"},{\"@type\":\"WebPage\",\"@id\":\"https:\/\/www.suno.com.br\/noticias\/btg-pactual-bpac11-aumento-de-capital\/\",\"url\":\"https:\/\/www.suno.com.br\/noticias\/btg-pactual-bpac11-aumento-de-capital\/\",\"name\":\"BTG Pactual (BPAC11): BC aprova aumento de capital de R$ 2,6 bilh\u00f5es\",\"isPartOf\":{\"@id\":\"https:\/\/www.suno.com.br\/noticias\/#website\"},\"primaryImageOfPage\":{\"@id\":\"https:\/\/www.suno.com.br\/noticias\/btg-pactual-bpac11-aumento-de-capital\/#primaryimage\"},\"image\":{\"@id\":\"https:\/\/www.suno.com.br\/noticias\/btg-pactual-bpac11-aumento-de-capital\/#primaryimage\"},\"thumbnailUrl\":\"https:\/\/files.sunoresearch.com.br\/n\/uploads\/2021\/02\/8039ca48-btg-pactual-1-jpg.webp\",\"datePublished\":\"2021-02-09T11:53:10+00:00\",\"description\":\"O BTG Pactual (BPAC11) informou que o Banco Central (BC) aprovou o aumento de capital proposto pelo Conselho da companhia. Saiba mais.\",\"breadcrumb\":{\"@id\":\"https:\/\/www.suno.com.br\/noticias\/btg-pactual-bpac11-aumento-de-capital\/#breadcrumb\"},\"inLanguage\":\"pt-BR\",\"potentialAction\":[{\"@type\":\"ReadAction\",\"target\":[\"https:\/\/www.suno.com.br\/noticias\/btg-pactual-bpac11-aumento-de-capital\/\"]}]},{\"@type\":\"ImageObject\",\"inLanguage\":\"pt-BR\",\"@id\":\"https:\/\/www.suno.com.br\/noticias\/btg-pactual-bpac11-aumento-de-capital\/#primaryimage\",\"url\":\"https:\/\/files.sunoresearch.com.br\/n\/uploads\/2021\/02\/8039ca48-btg-pactual-1-jpg.webp\",\"contentUrl\":\"https:\/\/files.sunoresearch.com.br\/n\/uploads\/2021\/02\/8039ca48-btg-pactual-1-jpg.webp\",\"width\":1379,\"height\":920,\"caption\":\"BTG Pactual (BPAC11). Foto: Divulga\u00e7\u00e3o\"},{\"@type\":\"BreadcrumbList\",\"@id\":\"https:\/\/www.suno.com.br\/noticias\/btg-pactual-bpac11-aumento-de-capital\/#breadcrumb\",\"itemListElement\":[{\"@type\":\"ListItem\",\"position\":1,\"name\":\"Not\u00edcias\",\"item\":\"https:\/\/www.suno.com.br\/noticias\/\"},{\"@type\":\"ListItem\",\"position\":2,\"name\":\"Neg\u00f3cios\",\"item\":\"https:\/\/www.suno.com.br\/noticias\/negocios\/\"},{\"@type\":\"ListItem\",\"position\":3,\"name\":\"BTG Pactual (BPAC11): BC aprova aumento de capital de R$ 2,6 bilh\u00f5es\"}]},{\"@type\":\"WebSite\",\"@id\":\"https:\/\/www.suno.com.br\/noticias\/#website\",\"url\":\"https:\/\/www.suno.com.br\/noticias\/\",\"name\":\"Suno Not\u00edcias\",\"description\":\"Seu portal de informa\u00e7\u00e3o sobre o mundo dos investimentos\",\"publisher\":{\"@id\":\"https:\/\/www.suno.com.br\/noticias\/#organization\"},\"potentialAction\":[{\"@type\":\"SearchAction\",\"target\":{\"@type\":\"EntryPoint\",\"urlTemplate\":\"https:\/\/www.suno.com.br\/noticias\/?s={search_term_string}\"},\"query-input\":{\"@type\":\"PropertyValueSpecification\",\"valueRequired\":true,\"valueName\":\"search_term_string\"}}],\"inLanguage\":\"pt-BR\"},{\"@type\":\"Organization\",\"@id\":\"https:\/\/www.suno.com.br\/noticias\/#organization\",\"name\":\"Suno Not\u00edcias\",\"url\":\"https:\/\/www.suno.com.br\/noticias\/\",\"logo\":{\"@type\":\"ImageObject\",\"inLanguage\":\"pt-BR\",\"@id\":\"https:\/\/www.suno.com.br\/noticias\/#\/schema\/logo\/image\/\",\"url\":\"https:\/\/files.sunoresearch.com.br\/n\/uploads\/2021\/09\/suno-logo.png\",\"contentUrl\":\"https:\/\/files.sunoresearch.com.br\/n\/uploads\/2021\/09\/suno-logo.png\",\"width\":180,\"height\":180,\"caption\":\"Suno Not\u00edcias\"},\"image\":{\"@id\":\"https:\/\/www.suno.com.br\/noticias\/#\/schema\/logo\/image\/\"},\"sameAs\":[\"https:\/\/facebook.com\/sunoresearch\",\"https:\/\/x.com\/sunoresearch\",\"https:\/\/www.instagram.com\/suno\",\"https:\/\/www.linkedin.com\/company\/suno-research\/\",\"https:\/\/www.youtube.com\/c\/sunoresearch\"]},{\"@type\":\"Person\",\"@id\":\"https:\/\/www.suno.com.br\/noticias\/#\/schema\/person\/918d79de1f0281f01599b93f9ea6e23f\",\"name\":\"Jader Lazarini\",\"image\":{\"@type\":\"ImageObject\",\"inLanguage\":\"pt-BR\",\"@id\":\"https:\/\/www.suno.com.br\/noticias\/#\/schema\/person\/image\/\",\"url\":\"https:\/\/secure.gravatar.com\/avatar\/3c1ad8caa51589841baeb923fcddea97?s=96&r=g\",\"contentUrl\":\"https:\/\/secure.gravatar.com\/avatar\/3c1ad8caa51589841baeb923fcddea97?s=96&r=g\",\"caption\":\"Jader Lazarini\"},\"description\":\"Jader Lazarini escreve sobre investimentos, finan\u00e7as, economia e neg\u00f3cios. \u00c9 bacharel em Rela\u00e7\u00f5es Internacionais e analista CNPI (2619).\",\"url\":\"https:\/\/www.suno.com.br\/noticias\/author\/jader-lazarini\/\"}]}<\/script>\n<!-- \/ Yoast SEO plugin. -->","yoast_head_json":{"title":"BTG Pactual (BPAC11): BC aprova aumento de capital de R$ 2,6 bilh\u00f5es","description":"O BTG Pactual (BPAC11) informou que o Banco Central (BC) aprovou o aumento de capital proposto pelo Conselho da companhia. Saiba mais.","robots":{"index":"index","follow":"follow","max-snippet":"max-snippet:-1","max-image-preview":"max-image-preview:large","max-video-preview":"max-video-preview:-1"},"canonical":"https:\/\/www.suno.com.br\/noticias\/btg-pactual-bpac11-aumento-de-capital\/","og_locale":"pt_BR","og_type":"article","og_title":"BTG Pactual (BPAC11): BC aprova aumento de capital de R$ 2,6 bilh\u00f5es","og_description":"O BTG Pactual (BPAC11) informou que o Banco Central (BC) aprovou o aumento de capital proposto pelo Conselho da companhia. Saiba mais.","og_url":"https:\/\/www.suno.com.br\/noticias\/btg-pactual-bpac11-aumento-de-capital\/","og_site_name":"Suno Not\u00edcias","article_publisher":"https:\/\/facebook.com\/sunoresearch","og_image":[{"width":1379,"height":920,"url":"https:\/\/files.sunoresearch.com.br\/n\/uploads\/2021\/02\/8039ca48-btg-pactual-1.jpg","type":"image\/jpeg"}],"author":"Jader Lazarini","twitter_card":"summary_large_image","twitter_creator":"@sunoresearch","twitter_site":"@sunoresearch","twitter_misc":{"Escrito por":"Jader Lazarini","Est. tempo de leitura":"2 minutos"},"schema":{"@context":"https:\/\/schema.org","@graph":[{"@type":"NewsArticle","@id":"https:\/\/www.suno.com.br\/noticias\/btg-pactual-bpac11-aumento-de-capital\/#article","isPartOf":{"@id":"https:\/\/www.suno.com.br\/noticias\/btg-pactual-bpac11-aumento-de-capital\/"},"author":{"name":"Jader Lazarini","@id":"https:\/\/www.suno.com.br\/noticias\/#\/schema\/person\/918d79de1f0281f01599b93f9ea6e23f"},"headline":"BTG Pactual (BPAC11): BC aprova aumento de capital de R$ 2,6 bilh\u00f5es","datePublished":"2021-02-09T11:53:10+00:00","mainEntityOfPage":{"@id":"https:\/\/www.suno.com.br\/noticias\/btg-pactual-bpac11-aumento-de-capital\/"},"wordCount":400,"publisher":{"@id":"https:\/\/www.suno.com.br\/noticias\/#organization"},"image":{"@id":"https:\/\/www.suno.com.br\/noticias\/btg-pactual-bpac11-aumento-de-capital\/#primaryimage"},"thumbnailUrl":"https:\/\/files.sunoresearch.com.br\/n\/uploads\/2021\/02\/8039ca48-btg-pactual-1-jpg.webp","keywords":["aumento de capital","BTG Pactual (BPAC11\/BPAC3\/BPAC5)","Conselho de Administra\u00e7\u00e3o"],"articleSection":["Neg\u00f3cios"],"inLanguage":"pt-BR"},{"@type":"WebPage","@id":"https:\/\/www.suno.com.br\/noticias\/btg-pactual-bpac11-aumento-de-capital\/","url":"https:\/\/www.suno.com.br\/noticias\/btg-pactual-bpac11-aumento-de-capital\/","name":"BTG Pactual (BPAC11): BC aprova aumento de capital de R$ 2,6 bilh\u00f5es","isPartOf":{"@id":"https:\/\/www.suno.com.br\/noticias\/#website"},"primaryImageOfPage":{"@id":"https:\/\/www.suno.com.br\/noticias\/btg-pactual-bpac11-aumento-de-capital\/#primaryimage"},"image":{"@id":"https:\/\/www.suno.com.br\/noticias\/btg-pactual-bpac11-aumento-de-capital\/#primaryimage"},"thumbnailUrl":"https:\/\/files.sunoresearch.com.br\/n\/uploads\/2021\/02\/8039ca48-btg-pactual-1-jpg.webp","datePublished":"2021-02-09T11:53:10+00:00","description":"O BTG Pactual (BPAC11) informou que o Banco Central (BC) aprovou o aumento de capital proposto pelo Conselho da companhia. Saiba mais.","breadcrumb":{"@id":"https:\/\/www.suno.com.br\/noticias\/btg-pactual-bpac11-aumento-de-capital\/#breadcrumb"},"inLanguage":"pt-BR","potentialAction":[{"@type":"ReadAction","target":["https:\/\/www.suno.com.br\/noticias\/btg-pactual-bpac11-aumento-de-capital\/"]}]},{"@type":"ImageObject","inLanguage":"pt-BR","@id":"https:\/\/www.suno.com.br\/noticias\/btg-pactual-bpac11-aumento-de-capital\/#primaryimage","url":"https:\/\/files.sunoresearch.com.br\/n\/uploads\/2021\/02\/8039ca48-btg-pactual-1-jpg.webp","contentUrl":"https:\/\/files.sunoresearch.com.br\/n\/uploads\/2021\/02\/8039ca48-btg-pactual-1-jpg.webp","width":1379,"height":920,"caption":"BTG Pactual (BPAC11). Foto: Divulga\u00e7\u00e3o"},{"@type":"BreadcrumbList","@id":"https:\/\/www.suno.com.br\/noticias\/btg-pactual-bpac11-aumento-de-capital\/#breadcrumb","itemListElement":[{"@type":"ListItem","position":1,"name":"Not\u00edcias","item":"https:\/\/www.suno.com.br\/noticias\/"},{"@type":"ListItem","position":2,"name":"Neg\u00f3cios","item":"https:\/\/www.suno.com.br\/noticias\/negocios\/"},{"@type":"ListItem","position":3,"name":"BTG Pactual (BPAC11): BC aprova aumento de capital de R$ 2,6 bilh\u00f5es"}]},{"@type":"WebSite","@id":"https:\/\/www.suno.com.br\/noticias\/#website","url":"https:\/\/www.suno.com.br\/noticias\/","name":"Suno Not\u00edcias","description":"Seu portal de informa\u00e7\u00e3o sobre o mundo dos investimentos","publisher":{"@id":"https:\/\/www.suno.com.br\/noticias\/#organization"},"potentialAction":[{"@type":"SearchAction","target":{"@type":"EntryPoint","urlTemplate":"https:\/\/www.suno.com.br\/noticias\/?s={search_term_string}"},"query-input":{"@type":"PropertyValueSpecification","valueRequired":true,"valueName":"search_term_string"}}],"inLanguage":"pt-BR"},{"@type":"Organization","@id":"https:\/\/www.suno.com.br\/noticias\/#organization","name":"Suno Not\u00edcias","url":"https:\/\/www.suno.com.br\/noticias\/","logo":{"@type":"ImageObject","inLanguage":"pt-BR","@id":"https:\/\/www.suno.com.br\/noticias\/#\/schema\/logo\/image\/","url":"https:\/\/files.sunoresearch.com.br\/n\/uploads\/2021\/09\/suno-logo.png","contentUrl":"https:\/\/files.sunoresearch.com.br\/n\/uploads\/2021\/09\/suno-logo.png","width":180,"height":180,"caption":"Suno Not\u00edcias"},"image":{"@id":"https:\/\/www.suno.com.br\/noticias\/#\/schema\/logo\/image\/"},"sameAs":["https:\/\/facebook.com\/sunoresearch","https:\/\/x.com\/sunoresearch","https:\/\/www.instagram.com\/suno","https:\/\/www.linkedin.com\/company\/suno-research\/","https:\/\/www.youtube.com\/c\/sunoresearch"]},{"@type":"Person","@id":"https:\/\/www.suno.com.br\/noticias\/#\/schema\/person\/918d79de1f0281f01599b93f9ea6e23f","name":"Jader Lazarini","image":{"@type":"ImageObject","inLanguage":"pt-BR","@id":"https:\/\/www.suno.com.br\/noticias\/#\/schema\/person\/image\/","url":"https:\/\/secure.gravatar.com\/avatar\/3c1ad8caa51589841baeb923fcddea97?s=96&r=g","contentUrl":"https:\/\/secure.gravatar.com\/avatar\/3c1ad8caa51589841baeb923fcddea97?s=96&r=g","caption":"Jader Lazarini"},"description":"Jader Lazarini escreve sobre investimentos, finan\u00e7as, economia e neg\u00f3cios. \u00c9 bacharel em Rela\u00e7\u00f5es Internacionais e analista CNPI (2619).","url":"https:\/\/www.suno.com.br\/noticias\/author\/jader-lazarini\/"}]}},"default_loop_html":"<div class=\"cardsPage__listCard__boxs\"><div class=\"cardsPage__listCard__boxs__img\"><a href=\"https:\/\/www.suno.com.br\/noticias\/btg-pactual-bpac11-aumento-de-capital\/\"><img class=\"mask\" src=\"https:\/\/www.suno.com.br\/noticias\/wp-content\/themes\/suno\/resources\/images\/spotlight\/spotlight1img\/bg-mask.png\" alt=\"Image Mask\"\/><img src=\"https:\/\/files.sunoresearch.com.br\/n\/uploads\/2021\/02\/8039ca48-btg-pactual-1-400x200.webp\" alt=\"BTG Pactual (BPAC11): BC aprova aumento de capital de R$ 2,6 bilh\u00f5es\"\/><\/a><span class=\"spotlightCategory\"><a href=\"https:\/\/www.suno.com.br\/noticias\/negocios\/\">Neg\u00f3cios<\/a><\/span><\/div><div class=\"cardsPage__listCard__boxs__content\"><a href=\"https:\/\/www.suno.com.br\/noticias\/btg-pactual-bpac11-aumento-de-capital\/\"><h2 class=\"content__title\">BTG Pactual (BPAC11): BC aprova aumento de capital de R$ 2,6 bilh\u00f5es<\/h2><\/a><div class=\"newsContent__article__meta\"><div class=\"newsContent__article__meta__authorBox\"><a href=\"https:\/\/www.suno.com.br\/noticias\/author\/jader-lazarini\/\" class=\"authorBox__avatar noMobi\"><img src=\"https:\/\/files.sunoresearch.com.br\/n\/uploads\/2021\/01\/178e6598-foto-perfil-2-150x150.jpg\" alt=\"Jader Lazarini\"><\/a><div class=\"authorBox__name\"><span>por\n\t\t\t<a href=\"https:\/\/www.suno.com.br\/noticias\/author\/jader-lazarini\/\"><span itemprop=\"author\">Jader Lazarini<\/span><\/a><\/span><time datetime=\"2021-02-09T08:53:10-03:00\" itemprop=\"datePublished\">09\/02\/2021 08:53<\/time><\/div><\/div><\/div><\/div><\/div>","single_layout":"posts","amp_enabled":true,"_links":{"self":[{"href":"https:\/\/www.suno.com.br\/noticias\/wp-json\/wp\/v2\/posts\/119905"}],"collection":[{"href":"https:\/\/www.suno.com.br\/noticias\/wp-json\/wp\/v2\/posts"}],"about":[{"href":"https:\/\/www.suno.com.br\/noticias\/wp-json\/wp\/v2\/types\/post"}],"author":[{"embeddable":true,"href":"https:\/\/www.suno.com.br\/noticias\/wp-json\/wp\/v2\/users\/24"}],"replies":[{"embeddable":true,"href":"https:\/\/www.suno.com.br\/noticias\/wp-json\/wp\/v2\/comments?post=119905"}],"version-history":[{"count":0,"href":"https:\/\/www.suno.com.br\/noticias\/wp-json\/wp\/v2\/posts\/119905\/revisions"}],"wp:featuredmedia":[{"embeddable":true,"href":"https:\/\/www.suno.com.br\/noticias\/wp-json\/wp\/v2\/media\/119913"}],"wp:attachment":[{"href":"https:\/\/www.suno.com.br\/noticias\/wp-json\/wp\/v2\/media?parent=119905"}],"wp:term":[{"taxonomy":"category","embeddable":true,"href":"https:\/\/www.suno.com.br\/noticias\/wp-json\/wp\/v2\/categories?post=119905"},{"taxonomy":"post_tag","embeddable":true,"href":"https:\/\/www.suno.com.br\/noticias\/wp-json\/wp\/v2\/tags?post=119905"},{"taxonomy":"suno_strategy","embeddable":true,"href":"https:\/\/www.suno.com.br\/noticias\/wp-json\/wp\/v2\/suno_strategy?post=119905"}],"curies":[{"name":"wp","href":"https:\/\/api.w.org\/{rel}","templated":true}]}}