{"id":119740,"date":"2021-02-08T18:03:02","date_gmt":"2021-02-08T21:03:02","guid":{"rendered":"https:\/\/www.suno.com.br\/noticias\/?p=119740"},"modified":"2021-02-08T18:48:35","modified_gmt":"2021-02-08T21:48:35","slug":"bolsonaro-diz-acreditar-novo-auxilio-emergencial","status":"publish","type":"post","link":"https:\/\/www.suno.com.br\/noticias\/bolsonaro-diz-acreditar-novo-auxilio-emergencial\/","title":{"rendered":"Bolsonaro diz acreditar que haver\u00e1 novo aux\u00edlio emergencial"},"content":{"rendered":"<p>O presidente da Rep\u00fablica, Jair Bolsonaro, afirmou nesta segunda-feira (8) em entrevista \u00e0 <em>Rede Bandeirantes <\/em>de televis\u00e3o que acredita na possibilidade de haver uma nova rodada do <strong>aux\u00edlio emergencial<\/strong>.<\/p>\t<div class=\"wrapper-featured-image\">\n\t\t<figure class=\"spotlightImg\">\n\n\t\t\t<picture>\n\t\t\t\t<source media=\"(max-width: 768px)\" srcset=\"https:\/\/files.sunoresearch.com.br\/n\/uploads\/2021\/02\/7a69fc11-1024px-2020-03-24_pronunciamento_do_presidente_da_republica_jair_bolsonaro_em_rede_nacional_de_radio_e_televisao_-_49695919452-400x200.webp\">\n\t\t\t\t<img loading=\"lazy\" decoding=\"async\" class=\"newsContent__article__imgCapa lazyloadDisabled \" src=\"https:\/\/files.sunoresearch.com.br\/n\/uploads\/2021\/02\/7a69fc11-1024px-2020-03-24_pronunciamento_do_presidente_da_republica_jair_bolsonaro_em_rede_nacional_de_radio_e_televisao_-_49695919452-800x450.webp\" width=\"800\" height=\"450\" alt=\"Bolsonaro diz acreditar que haver\u00e1 novo aux\u00edlio emergencial\" fetchpriority=high \/>\n\t\t\t<\/picture>\n\n\t\t\t<figcaption class=\"wp-caption-text wp-caption-text--show\">O presidente da Rep\u00fablica, Jair Bolsonaro (Foto: Reprodu\u00e7\u00e3o)<\/figcaption>\n\t\t<\/figure>\n\t<\/div>\n\n\n\t<p>\n\t\t<a href=\"https:\/\/lp.suno.com.br\/ebook-como-analisar-uma-acao\/\" target=\"_blank\" data-element=\"shortcode-suno-banner\" title=\"Banner SUNO, clique e saiba mais\">\n\t\t\t<picture>\n\t\t\t\t<source media=\"(max-width: 500px)\" srcset=\"https:\/\/files.sunoresearch.com.br\/n\/uploads\/2023\/03\/Ebook-Acoes-Mobile.jpg\">\n\t\t\t\t<img class=\"newsContent__article__imgCapa newsContent__article__imgCapa--banner\"\n\t\t\t\t\tsrc=\"https:\/\/files.sunoresearch.com.br\/n\/uploads\/2023\/03\/Ebook-Acoes-Desktop.jpg\"\n\t\t\t\t\tdata-promo-id=\"378302\"\t\t\t\t\t\t\t\t\t\twidth='1420' height='286'\t\t\t\t\talt=\"https:\/\/files.sunoresearch.com.br\/n\/uploads\/2023\/03\/Ebook-Acoes-Desktop.jpg\"\n\t\t\t\t>\n\t\t\t<\/picture>\n\t\t<\/a>\n\t<\/p>\n\n\n<p>Questionado sobre o retorno do benef\u00edcio neste ano, o presidente sinalizou ao apresentador Jos\u00e9 Luiz Datena que &#8220;vai ter, vai ter uma prorroga\u00e7\u00e3o&#8221;.<\/p>\n<p>Em 2020, foram pagos em torno de R$ 300 bilh\u00f5es dos cofres p\u00fablicos para custear o aux\u00edlio emergencial. O montante representa cerca de 4% do <a href=\"https:\/\/www.suno.com.br\/artigos\/pib-produto-interno-bruto\/\">Produto Interno Bruto (PIB)<\/a> do Brasil.<\/p>\n<div>\n<div id=\"60141a969004bb2e956386a8\" class=\"op-interactive\" data-title=\"Quiz dos Investimentos\" data-url=\"https:\/\/sunoresearch289.outgrow.us\/60141a969004bb2e956386a8?vHeight=1\" data-width=\"100%\"><\/div>\n<p><script src='\/\/dyv6f9ner1ir9.cloudfront.net\/assets\/js\/nloader.js'><\/script><script>initIframe('60141a969004bb2e956386a8');<\/script><\/p>\n<\/div>\n<p>&nbsp;<\/p>\n<p>O programa teve in\u00edcio em mar\u00e7o do ano passado ap\u00f3s a instaura\u00e7\u00e3o da epidemia de covid-19 no Brasil e os impactos trazidos pela crise. At\u00e9 o \u00faltimo m\u00eas de dezembro, quando chegou ao fim, o aux\u00edlio emergencial contemplou mais de 67 milh\u00f5es de benefici\u00e1rios.<\/p>\n<h2>Bolsonaro negocia volta do aux\u00edlio emergencial<\/h2>\n<p>A equipe econ\u00f4mica analisa a prorroga\u00e7\u00e3o do programa junto com as lideran\u00e7as do Senado Federal e da C\u00e2mara dos Deputados. O governo, no entanto, busca para conter a proposta dos parlamentares de manter o valor de R$ 300, pois considera R$ 200 &#8220;mais vi\u00e1vel&#8221;.<\/p>\n\t<div data-element=\"shortcode-read-more\" class=\"knowMore\">\n\t\t\t\t<span class=\"knowMore__title\">Leia mais<\/span>\n\t\t\t\t<a class=\"knowMore__link\" href=\"https:\/\/www.suno.com.br\/noticias\/auxilio-emergencial-coronavoucher-clausula-pacto-federativo\/\">\n\t\t\tCl\u00e1usula para recriar aux\u00edlio emergencial deve estar na PEC do Pacto Federativo\t\t<\/a>\n\t<\/div>\n\n\n<p>De acordo com a ag\u00eancia <em>Reuters<\/em>, Bolsonaro disse que est\u00e1 &#8220;negociando com Onyx Lorenzoni, Paulo Guedes, [Rog\u00e9rio] Marinho, entre outros, a quest\u00e3o de um aux\u00edlio ao nosso povo que est\u00e1 ainda em uma situa\u00e7\u00e3o bastante complicada\u201d.<\/p>\n<p>A proposta \u00e9 de que o novo aux\u00edlio seja pago aos benefici\u00e1rios do <strong>Bolsa Fam\u00edlia<\/strong> e para aqueles que est\u00e3o na fila aguardando para serem inclu\u00eddos no programa assistencial. Assim, o total de pessoas que receber\u00e1 o coronavoucher em 2021 ser\u00e1 reduzido.<\/p>\n<p>O atual ministro da Economia, <a href=\"https:\/\/www.suno.com.br\/tudo-sobre\/paulo-guedes\/\">Paulo Guedes<\/a><strong>,<\/strong> diz que 20 milh\u00f5es de pessoas j\u00e1 est\u00e3o amparadas pelo Bolsa Fam\u00edlia e agora falta atender os chamados &#8220;invis\u00edveis&#8221;, que continuam sofrendo os efeitos da pandemia.<\/p>\n<p>Jair Bolsonaro vinha dizendo que era contra a extens\u00e3o do <strong>aux\u00edlio emergencial<\/strong>, por\u00e9m, no Congresso Nacional, governistas e opositores d\u00e3o como urgente a retomada do benef\u00edcio.<\/p>\n<p><em>(Com informa\u00e7\u00f5es do Estad\u00e3o Conte\u00fado)<\/em><\/p>\n\t<p>\n\t\t<a href=\"https:\/\/lp.suno.com.br\/planilha-de-controle-de-investimentos\/\" target=\"_blank\" data-element=\"shortcode-suno-banner\" title=\"Banner SUNO, clique e saiba mais\">\n\t\t\t<picture>\n\t\t\t\t<source media=\"(max-width: 500px)\" srcset=\"https:\/\/files.sunoresearch.com.br\/n\/uploads\/2023\/03\/400x300-Controle-de-Investimentos.png\">\n\t\t\t\t<img class=\"newsContent__article__imgCapa newsContent__article__imgCapa--banner\"\n\t\t\t\t\tsrc=\"https:\/\/files.sunoresearch.com.br\/n\/uploads\/2023\/03\/1420x240-Controle-de-Investimentos.png\"\n\t\t\t\t\tdata-promo-id=\"75934\"\t\t\t\t\t\t\t\t\t\twidth='1420' height='240'\t\t\t\t\talt=\"https:\/\/files.sunoresearch.com.br\/n\/uploads\/2023\/03\/1420x240-Controle-de-Investimentos.png\"\n\t\t\t\t>\n\t\t\t<\/picture>\n\t\t<\/a>\n\t<\/p>\n\n\n","protected":false},"excerpt":{"rendered":"<p>O presidente da Rep\u00fablica, Jair Bolsonaro, afirmou nesta segunda-feira (8) em entrevista \u00e0 Rede Bandeirantes de televis\u00e3o que acredita na possibilidade de haver uma nova rodada do aux\u00edlio emergencial. O presidente da Rep\u00fablica, Jair Bolsonaro (Foto: Reprodu\u00e7\u00e3o) Questionado sobre o retorno do benef\u00edcio neste ano, o presidente sinalizou ao apresentador Jos\u00e9 Luiz Datena que &#8220;vai [&hellip;]<\/p>\n","protected":false},"author":35,"featured_media":119745,"comment_status":"closed","ping_status":"closed","sticky":false,"template":"","format":"standard","meta":[],"categories":[62],"tags":[17139,719],"suno_strategy":[],"class_list":["post-119740","post","type-post","status-publish","format-standard","has-post-thumbnail","hentry","category-economia","tag-auxilio-emergencial","tag-jair-bolsonaro"],"yoast_head":"<!-- This site is optimized with the Yoast SEO plugin v24.4 - https:\/\/yoast.com\/wordpress\/plugins\/seo\/ -->\n<title>Bolsonaro diz acreditar que haver\u00e1 novo aux\u00edlio emergencial<\/title>\n<meta name=\"description\" content=\"Jair Bolsonaro afirmou hoje em entrevista \u00e0 Band que acredita na possibilidade de um novo aux\u00edlio emergencial. Clique para saber mais\" \/>\n<meta name=\"robots\" content=\"index, follow, max-snippet:-1, max-image-preview:large, max-video-preview:-1\" \/>\n<link rel=\"canonical\" href=\"https:\/\/www.suno.com.br\/noticias\/bolsonaro-diz-acreditar-novo-auxilio-emergencial\/\" \/>\n<meta property=\"og:locale\" content=\"pt_BR\" \/>\n<meta property=\"og:type\" content=\"article\" \/>\n<meta property=\"og:title\" content=\"Bolsonaro diz acreditar que haver\u00e1 novo aux\u00edlio emergencial\" \/>\n<meta property=\"og:description\" content=\"Jair Bolsonaro afirmou hoje em entrevista \u00e0 Band que acredita na possibilidade de um novo aux\u00edlio emergencial. Clique para saber mais\" \/>\n<meta property=\"og:url\" content=\"https:\/\/www.suno.com.br\/noticias\/bolsonaro-diz-acreditar-novo-auxilio-emergencial\/\" \/>\n<meta property=\"og:site_name\" content=\"Suno Not\u00edcias\" \/>\n<meta property=\"article:publisher\" content=\"https:\/\/facebook.com\/sunoresearch\" \/>\n<meta property=\"og:image\" content=\"https:\/\/files.sunoresearch.com.br\/n\/uploads\/2021\/02\/7a69fc11-1024px-2020-03-24_pronunciamento_do_presidente_da_republica_jair_bolsonaro_em_rede_nacional_de_radio_e_televisao_-_49695919452.jpg\" \/>\n\t<meta property=\"og:image:width\" content=\"1024\" \/>\n\t<meta property=\"og:image:height\" content=\"683\" \/>\n\t<meta property=\"og:image:type\" content=\"image\/jpeg\" \/>\n<meta name=\"author\" content=\"Arthur Guimar\u00e3es\" \/>\n<meta name=\"twitter:card\" content=\"summary_large_image\" \/>\n<meta name=\"twitter:creator\" content=\"@sunoresearch\" \/>\n<meta name=\"twitter:site\" content=\"@sunoresearch\" \/>\n<meta name=\"twitter:label1\" content=\"Escrito por\" \/>\n\t<meta name=\"twitter:data1\" content=\"Arthur Guimar\u00e3es\" \/>\n\t<meta name=\"twitter:label2\" content=\"Est. tempo de leitura\" \/>\n\t<meta name=\"twitter:data2\" content=\"2 minutos\" \/>\n<script type=\"application\/ld+json\" class=\"yoast-schema-graph\">{\"@context\":\"https:\/\/schema.org\",\"@graph\":[{\"@type\":\"NewsArticle\",\"@id\":\"https:\/\/www.suno.com.br\/noticias\/bolsonaro-diz-acreditar-novo-auxilio-emergencial\/#article\",\"isPartOf\":{\"@id\":\"https:\/\/www.suno.com.br\/noticias\/bolsonaro-diz-acreditar-novo-auxilio-emergencial\/\"},\"author\":{\"name\":\"Arthur Guimar\u00e3es\",\"@id\":\"https:\/\/www.suno.com.br\/noticias\/#\/schema\/person\/053a750a709a263919a20f976caae91c\"},\"headline\":\"Bolsonaro diz acreditar que haver\u00e1 novo aux\u00edlio emergencial\",\"datePublished\":\"2021-02-08T21:03:02+00:00\",\"dateModified\":\"2021-02-08T21:48:35+00:00\",\"mainEntityOfPage\":{\"@id\":\"https:\/\/www.suno.com.br\/noticias\/bolsonaro-diz-acreditar-novo-auxilio-emergencial\/\"},\"wordCount\":375,\"publisher\":{\"@id\":\"https:\/\/www.suno.com.br\/noticias\/#organization\"},\"image\":{\"@id\":\"https:\/\/www.suno.com.br\/noticias\/bolsonaro-diz-acreditar-novo-auxilio-emergencial\/#primaryimage\"},\"thumbnailUrl\":\"https:\/\/files.sunoresearch.com.br\/n\/uploads\/2021\/02\/7a69fc11-1024px-2020-03-24_pronunciamento_do_presidente_da_republica_jair_bolsonaro_em_rede_nacional_de_radio_e_televisao_-_49695919452-jpg.webp\",\"keywords\":[\"aux\u00edlio emergencial\",\"Jair Bolsonaro\"],\"articleSection\":[\"Economia\"],\"inLanguage\":\"pt-BR\"},{\"@type\":\"WebPage\",\"@id\":\"https:\/\/www.suno.com.br\/noticias\/bolsonaro-diz-acreditar-novo-auxilio-emergencial\/\",\"url\":\"https:\/\/www.suno.com.br\/noticias\/bolsonaro-diz-acreditar-novo-auxilio-emergencial\/\",\"name\":\"Bolsonaro diz acreditar que haver\u00e1 novo aux\u00edlio emergencial\",\"isPartOf\":{\"@id\":\"https:\/\/www.suno.com.br\/noticias\/#website\"},\"primaryImageOfPage\":{\"@id\":\"https:\/\/www.suno.com.br\/noticias\/bolsonaro-diz-acreditar-novo-auxilio-emergencial\/#primaryimage\"},\"image\":{\"@id\":\"https:\/\/www.suno.com.br\/noticias\/bolsonaro-diz-acreditar-novo-auxilio-emergencial\/#primaryimage\"},\"thumbnailUrl\":\"https:\/\/files.sunoresearch.com.br\/n\/uploads\/2021\/02\/7a69fc11-1024px-2020-03-24_pronunciamento_do_presidente_da_republica_jair_bolsonaro_em_rede_nacional_de_radio_e_televisao_-_49695919452-jpg.webp\",\"datePublished\":\"2021-02-08T21:03:02+00:00\",\"dateModified\":\"2021-02-08T21:48:35+00:00\",\"description\":\"Jair Bolsonaro afirmou hoje em entrevista \u00e0 Band que acredita na possibilidade de um novo aux\u00edlio emergencial. Clique para saber mais\",\"breadcrumb\":{\"@id\":\"https:\/\/www.suno.com.br\/noticias\/bolsonaro-diz-acreditar-novo-auxilio-emergencial\/#breadcrumb\"},\"inLanguage\":\"pt-BR\",\"potentialAction\":[{\"@type\":\"ReadAction\",\"target\":[\"https:\/\/www.suno.com.br\/noticias\/bolsonaro-diz-acreditar-novo-auxilio-emergencial\/\"]}]},{\"@type\":\"ImageObject\",\"inLanguage\":\"pt-BR\",\"@id\":\"https:\/\/www.suno.com.br\/noticias\/bolsonaro-diz-acreditar-novo-auxilio-emergencial\/#primaryimage\",\"url\":\"https:\/\/files.sunoresearch.com.br\/n\/uploads\/2021\/02\/7a69fc11-1024px-2020-03-24_pronunciamento_do_presidente_da_republica_jair_bolsonaro_em_rede_nacional_de_radio_e_televisao_-_49695919452-jpg.webp\",\"contentUrl\":\"https:\/\/files.sunoresearch.com.br\/n\/uploads\/2021\/02\/7a69fc11-1024px-2020-03-24_pronunciamento_do_presidente_da_republica_jair_bolsonaro_em_rede_nacional_de_radio_e_televisao_-_49695919452-jpg.webp\",\"width\":1024,\"height\":683,\"caption\":\"O presidente da Rep\u00fablica, Jair Bolsonaro (Foto: Reprodu\u00e7\u00e3o)\"},{\"@type\":\"BreadcrumbList\",\"@id\":\"https:\/\/www.suno.com.br\/noticias\/bolsonaro-diz-acreditar-novo-auxilio-emergencial\/#breadcrumb\",\"itemListElement\":[{\"@type\":\"ListItem\",\"position\":1,\"name\":\"Not\u00edcias\",\"item\":\"https:\/\/www.suno.com.br\/noticias\/\"},{\"@type\":\"ListItem\",\"position\":2,\"name\":\"Economia\",\"item\":\"https:\/\/www.suno.com.br\/noticias\/economia\/\"},{\"@type\":\"ListItem\",\"position\":3,\"name\":\"Bolsonaro diz acreditar que haver\u00e1 novo aux\u00edlio emergencial\"}]},{\"@type\":\"WebSite\",\"@id\":\"https:\/\/www.suno.com.br\/noticias\/#website\",\"url\":\"https:\/\/www.suno.com.br\/noticias\/\",\"name\":\"Suno Not\u00edcias\",\"description\":\"Seu portal de informa\u00e7\u00e3o sobre o mundo dos investimentos\",\"publisher\":{\"@id\":\"https:\/\/www.suno.com.br\/noticias\/#organization\"},\"potentialAction\":[{\"@type\":\"SearchAction\",\"target\":{\"@type\":\"EntryPoint\",\"urlTemplate\":\"https:\/\/www.suno.com.br\/noticias\/?s={search_term_string}\"},\"query-input\":{\"@type\":\"PropertyValueSpecification\",\"valueRequired\":true,\"valueName\":\"search_term_string\"}}],\"inLanguage\":\"pt-BR\"},{\"@type\":\"Organization\",\"@id\":\"https:\/\/www.suno.com.br\/noticias\/#organization\",\"name\":\"Suno Not\u00edcias\",\"url\":\"https:\/\/www.suno.com.br\/noticias\/\",\"logo\":{\"@type\":\"ImageObject\",\"inLanguage\":\"pt-BR\",\"@id\":\"https:\/\/www.suno.com.br\/noticias\/#\/schema\/logo\/image\/\",\"url\":\"https:\/\/files.sunoresearch.com.br\/n\/uploads\/2021\/09\/suno-logo.png\",\"contentUrl\":\"https:\/\/files.sunoresearch.com.br\/n\/uploads\/2021\/09\/suno-logo.png\",\"width\":180,\"height\":180,\"caption\":\"Suno Not\u00edcias\"},\"image\":{\"@id\":\"https:\/\/www.suno.com.br\/noticias\/#\/schema\/logo\/image\/\"},\"sameAs\":[\"https:\/\/facebook.com\/sunoresearch\",\"https:\/\/x.com\/sunoresearch\",\"https:\/\/www.instagram.com\/suno\",\"https:\/\/www.linkedin.com\/company\/suno-research\/\",\"https:\/\/www.youtube.com\/c\/sunoresearch\"]},{\"@type\":\"Person\",\"@id\":\"https:\/\/www.suno.com.br\/noticias\/#\/schema\/person\/053a750a709a263919a20f976caae91c\",\"name\":\"Arthur Guimar\u00e3es\",\"image\":{\"@type\":\"ImageObject\",\"inLanguage\":\"pt-BR\",\"@id\":\"https:\/\/www.suno.com.br\/noticias\/#\/schema\/person\/image\/\",\"url\":\"https:\/\/secure.gravatar.com\/avatar\/1affd86a11209ae09eb6dd3bcad3e96c?s=96&r=g\",\"contentUrl\":\"https:\/\/secure.gravatar.com\/avatar\/1affd86a11209ae09eb6dd3bcad3e96c?s=96&r=g\",\"caption\":\"Arthur Guimar\u00e3es\"},\"description\":\"Arthur Guimar\u00e3es escreve sobre pol\u00edtica, economia e neg\u00f3cios para o portal de not\u00edcias da Suno Research. Atualmente, \u00e9 estudante de jornalismo pela Faculdade C\u00e1sper L\u00edbero.\",\"url\":\"https:\/\/www.suno.com.br\/noticias\/author\/arthur-guimaraes\/\"}]}<\/script>\n<!-- \/ Yoast SEO plugin. -->","yoast_head_json":{"title":"Bolsonaro diz acreditar que haver\u00e1 novo aux\u00edlio emergencial","description":"Jair Bolsonaro afirmou hoje em entrevista \u00e0 Band que acredita na possibilidade de um novo aux\u00edlio emergencial. Clique para saber mais","robots":{"index":"index","follow":"follow","max-snippet":"max-snippet:-1","max-image-preview":"max-image-preview:large","max-video-preview":"max-video-preview:-1"},"canonical":"https:\/\/www.suno.com.br\/noticias\/bolsonaro-diz-acreditar-novo-auxilio-emergencial\/","og_locale":"pt_BR","og_type":"article","og_title":"Bolsonaro diz acreditar que haver\u00e1 novo aux\u00edlio emergencial","og_description":"Jair Bolsonaro afirmou hoje em entrevista \u00e0 Band que acredita na possibilidade de um novo aux\u00edlio emergencial. Clique para saber mais","og_url":"https:\/\/www.suno.com.br\/noticias\/bolsonaro-diz-acreditar-novo-auxilio-emergencial\/","og_site_name":"Suno Not\u00edcias","article_publisher":"https:\/\/facebook.com\/sunoresearch","og_image":[{"width":1024,"height":683,"url":"https:\/\/files.sunoresearch.com.br\/n\/uploads\/2021\/02\/7a69fc11-1024px-2020-03-24_pronunciamento_do_presidente_da_republica_jair_bolsonaro_em_rede_nacional_de_radio_e_televisao_-_49695919452.jpg","type":"image\/jpeg"}],"author":"Arthur Guimar\u00e3es","twitter_card":"summary_large_image","twitter_creator":"@sunoresearch","twitter_site":"@sunoresearch","twitter_misc":{"Escrito por":"Arthur Guimar\u00e3es","Est. tempo de leitura":"2 minutos"},"schema":{"@context":"https:\/\/schema.org","@graph":[{"@type":"NewsArticle","@id":"https:\/\/www.suno.com.br\/noticias\/bolsonaro-diz-acreditar-novo-auxilio-emergencial\/#article","isPartOf":{"@id":"https:\/\/www.suno.com.br\/noticias\/bolsonaro-diz-acreditar-novo-auxilio-emergencial\/"},"author":{"name":"Arthur Guimar\u00e3es","@id":"https:\/\/www.suno.com.br\/noticias\/#\/schema\/person\/053a750a709a263919a20f976caae91c"},"headline":"Bolsonaro diz acreditar que haver\u00e1 novo aux\u00edlio emergencial","datePublished":"2021-02-08T21:03:02+00:00","dateModified":"2021-02-08T21:48:35+00:00","mainEntityOfPage":{"@id":"https:\/\/www.suno.com.br\/noticias\/bolsonaro-diz-acreditar-novo-auxilio-emergencial\/"},"wordCount":375,"publisher":{"@id":"https:\/\/www.suno.com.br\/noticias\/#organization"},"image":{"@id":"https:\/\/www.suno.com.br\/noticias\/bolsonaro-diz-acreditar-novo-auxilio-emergencial\/#primaryimage"},"thumbnailUrl":"https:\/\/files.sunoresearch.com.br\/n\/uploads\/2021\/02\/7a69fc11-1024px-2020-03-24_pronunciamento_do_presidente_da_republica_jair_bolsonaro_em_rede_nacional_de_radio_e_televisao_-_49695919452-jpg.webp","keywords":["aux\u00edlio emergencial","Jair Bolsonaro"],"articleSection":["Economia"],"inLanguage":"pt-BR"},{"@type":"WebPage","@id":"https:\/\/www.suno.com.br\/noticias\/bolsonaro-diz-acreditar-novo-auxilio-emergencial\/","url":"https:\/\/www.suno.com.br\/noticias\/bolsonaro-diz-acreditar-novo-auxilio-emergencial\/","name":"Bolsonaro diz acreditar que haver\u00e1 novo aux\u00edlio emergencial","isPartOf":{"@id":"https:\/\/www.suno.com.br\/noticias\/#website"},"primaryImageOfPage":{"@id":"https:\/\/www.suno.com.br\/noticias\/bolsonaro-diz-acreditar-novo-auxilio-emergencial\/#primaryimage"},"image":{"@id":"https:\/\/www.suno.com.br\/noticias\/bolsonaro-diz-acreditar-novo-auxilio-emergencial\/#primaryimage"},"thumbnailUrl":"https:\/\/files.sunoresearch.com.br\/n\/uploads\/2021\/02\/7a69fc11-1024px-2020-03-24_pronunciamento_do_presidente_da_republica_jair_bolsonaro_em_rede_nacional_de_radio_e_televisao_-_49695919452-jpg.webp","datePublished":"2021-02-08T21:03:02+00:00","dateModified":"2021-02-08T21:48:35+00:00","description":"Jair Bolsonaro afirmou hoje em entrevista \u00e0 Band que acredita na possibilidade de um novo aux\u00edlio emergencial. Clique para saber mais","breadcrumb":{"@id":"https:\/\/www.suno.com.br\/noticias\/bolsonaro-diz-acreditar-novo-auxilio-emergencial\/#breadcrumb"},"inLanguage":"pt-BR","potentialAction":[{"@type":"ReadAction","target":["https:\/\/www.suno.com.br\/noticias\/bolsonaro-diz-acreditar-novo-auxilio-emergencial\/"]}]},{"@type":"ImageObject","inLanguage":"pt-BR","@id":"https:\/\/www.suno.com.br\/noticias\/bolsonaro-diz-acreditar-novo-auxilio-emergencial\/#primaryimage","url":"https:\/\/files.sunoresearch.com.br\/n\/uploads\/2021\/02\/7a69fc11-1024px-2020-03-24_pronunciamento_do_presidente_da_republica_jair_bolsonaro_em_rede_nacional_de_radio_e_televisao_-_49695919452-jpg.webp","contentUrl":"https:\/\/files.sunoresearch.com.br\/n\/uploads\/2021\/02\/7a69fc11-1024px-2020-03-24_pronunciamento_do_presidente_da_republica_jair_bolsonaro_em_rede_nacional_de_radio_e_televisao_-_49695919452-jpg.webp","width":1024,"height":683,"caption":"O presidente da Rep\u00fablica, Jair Bolsonaro (Foto: Reprodu\u00e7\u00e3o)"},{"@type":"BreadcrumbList","@id":"https:\/\/www.suno.com.br\/noticias\/bolsonaro-diz-acreditar-novo-auxilio-emergencial\/#breadcrumb","itemListElement":[{"@type":"ListItem","position":1,"name":"Not\u00edcias","item":"https:\/\/www.suno.com.br\/noticias\/"},{"@type":"ListItem","position":2,"name":"Economia","item":"https:\/\/www.suno.com.br\/noticias\/economia\/"},{"@type":"ListItem","position":3,"name":"Bolsonaro diz acreditar que haver\u00e1 novo aux\u00edlio emergencial"}]},{"@type":"WebSite","@id":"https:\/\/www.suno.com.br\/noticias\/#website","url":"https:\/\/www.suno.com.br\/noticias\/","name":"Suno Not\u00edcias","description":"Seu portal de informa\u00e7\u00e3o sobre o mundo dos investimentos","publisher":{"@id":"https:\/\/www.suno.com.br\/noticias\/#organization"},"potentialAction":[{"@type":"SearchAction","target":{"@type":"EntryPoint","urlTemplate":"https:\/\/www.suno.com.br\/noticias\/?s={search_term_string}"},"query-input":{"@type":"PropertyValueSpecification","valueRequired":true,"valueName":"search_term_string"}}],"inLanguage":"pt-BR"},{"@type":"Organization","@id":"https:\/\/www.suno.com.br\/noticias\/#organization","name":"Suno Not\u00edcias","url":"https:\/\/www.suno.com.br\/noticias\/","logo":{"@type":"ImageObject","inLanguage":"pt-BR","@id":"https:\/\/www.suno.com.br\/noticias\/#\/schema\/logo\/image\/","url":"https:\/\/files.sunoresearch.com.br\/n\/uploads\/2021\/09\/suno-logo.png","contentUrl":"https:\/\/files.sunoresearch.com.br\/n\/uploads\/2021\/09\/suno-logo.png","width":180,"height":180,"caption":"Suno Not\u00edcias"},"image":{"@id":"https:\/\/www.suno.com.br\/noticias\/#\/schema\/logo\/image\/"},"sameAs":["https:\/\/facebook.com\/sunoresearch","https:\/\/x.com\/sunoresearch","https:\/\/www.instagram.com\/suno","https:\/\/www.linkedin.com\/company\/suno-research\/","https:\/\/www.youtube.com\/c\/sunoresearch"]},{"@type":"Person","@id":"https:\/\/www.suno.com.br\/noticias\/#\/schema\/person\/053a750a709a263919a20f976caae91c","name":"Arthur Guimar\u00e3es","image":{"@type":"ImageObject","inLanguage":"pt-BR","@id":"https:\/\/www.suno.com.br\/noticias\/#\/schema\/person\/image\/","url":"https:\/\/secure.gravatar.com\/avatar\/1affd86a11209ae09eb6dd3bcad3e96c?s=96&r=g","contentUrl":"https:\/\/secure.gravatar.com\/avatar\/1affd86a11209ae09eb6dd3bcad3e96c?s=96&r=g","caption":"Arthur Guimar\u00e3es"},"description":"Arthur Guimar\u00e3es escreve sobre pol\u00edtica, economia e neg\u00f3cios para o portal de not\u00edcias da Suno Research. Atualmente, \u00e9 estudante de jornalismo pela Faculdade C\u00e1sper L\u00edbero.","url":"https:\/\/www.suno.com.br\/noticias\/author\/arthur-guimaraes\/"}]}},"default_loop_html":"<div class=\"cardsPage__listCard__boxs\"><div class=\"cardsPage__listCard__boxs__img\"><a href=\"https:\/\/www.suno.com.br\/noticias\/bolsonaro-diz-acreditar-novo-auxilio-emergencial\/\"><img class=\"mask\" src=\"https:\/\/www.suno.com.br\/noticias\/wp-content\/themes\/suno\/resources\/images\/spotlight\/spotlight1img\/bg-mask.png\" alt=\"Image Mask\"\/><img src=\"https:\/\/files.sunoresearch.com.br\/n\/uploads\/2021\/02\/7a69fc11-1024px-2020-03-24_pronunciamento_do_presidente_da_republica_jair_bolsonaro_em_rede_nacional_de_radio_e_televisao_-_49695919452-400x200.webp\" alt=\"Bolsonaro diz acreditar que haver\u00e1 novo aux\u00edlio emergencial\"\/><\/a><span class=\"spotlightCategory\"><a href=\"https:\/\/www.suno.com.br\/noticias\/economia\/\">Economia<\/a><\/span><\/div><div class=\"cardsPage__listCard__boxs__content\"><a href=\"https:\/\/www.suno.com.br\/noticias\/bolsonaro-diz-acreditar-novo-auxilio-emergencial\/\"><h2 class=\"content__title\">Bolsonaro diz acreditar que haver\u00e1 novo aux\u00edlio emergencial<\/h2><\/a><div class=\"newsContent__article__meta\"><div class=\"newsContent__article__meta__authorBox\"><a href=\"https:\/\/www.suno.com.br\/noticias\/author\/arthur-guimaraes\/\" class=\"authorBox__avatar noMobi\"><img src=\"https:\/\/files.sunoresearch.com.br\/n\/uploads\/2020\/02\/dfb40897-eu-150x150.webp\" alt=\"Arthur Guimar\u00e3es\"><\/a><div class=\"authorBox__name\"><span>por\n\t\t\t<a href=\"https:\/\/www.suno.com.br\/noticias\/author\/arthur-guimaraes\/\"><span itemprop=\"author\">Arthur Guimar\u00e3es<\/span><\/a><\/span><time datetime=\"2021-02-08T18:03:02-03:00\" itemprop=\"datePublished\">08\/02\/2021 18:03<\/time><\/div><\/div><\/div><\/div><\/div>","single_layout":"posts","amp_enabled":true,"_links":{"self":[{"href":"https:\/\/www.suno.com.br\/noticias\/wp-json\/wp\/v2\/posts\/119740"}],"collection":[{"href":"https:\/\/www.suno.com.br\/noticias\/wp-json\/wp\/v2\/posts"}],"about":[{"href":"https:\/\/www.suno.com.br\/noticias\/wp-json\/wp\/v2\/types\/post"}],"author":[{"embeddable":true,"href":"https:\/\/www.suno.com.br\/noticias\/wp-json\/wp\/v2\/users\/35"}],"replies":[{"embeddable":true,"href":"https:\/\/www.suno.com.br\/noticias\/wp-json\/wp\/v2\/comments?post=119740"}],"version-history":[{"count":0,"href":"https:\/\/www.suno.com.br\/noticias\/wp-json\/wp\/v2\/posts\/119740\/revisions"}],"wp:featuredmedia":[{"embeddable":true,"href":"https:\/\/www.suno.com.br\/noticias\/wp-json\/wp\/v2\/media\/119745"}],"wp:attachment":[{"href":"https:\/\/www.suno.com.br\/noticias\/wp-json\/wp\/v2\/media?parent=119740"}],"wp:term":[{"taxonomy":"category","embeddable":true,"href":"https:\/\/www.suno.com.br\/noticias\/wp-json\/wp\/v2\/categories?post=119740"},{"taxonomy":"post_tag","embeddable":true,"href":"https:\/\/www.suno.com.br\/noticias\/wp-json\/wp\/v2\/tags?post=119740"},{"taxonomy":"suno_strategy","embeddable":true,"href":"https:\/\/www.suno.com.br\/noticias\/wp-json\/wp\/v2\/suno_strategy?post=119740"}],"curies":[{"name":"wp","href":"https:\/\/api.w.org\/{rel}","templated":true}]}}