{"id":119521,"date":"2021-02-08T10:08:17","date_gmt":"2021-02-08T13:08:17","guid":{"rendered":"https:\/\/www.suno.com.br\/noticias\/?p=119521"},"modified":"2021-02-08T16:39:10","modified_gmt":"2021-02-08T19:39:10","slug":"biosev-bsev3-finaliza-incorporacao-raizen","status":"publish","type":"post","link":"https:\/\/www.suno.com.br\/noticias\/biosev-bsev3-finaliza-incorporacao-raizen\/","title":{"rendered":"Ra\u00edzen compra Biosev (BSEV3) por R$ 3,6 bilh\u00f5es e troca de a\u00e7\u00f5es"},"content":{"rendered":"<p>A Ra\u00edzen, <a href=\"https:\/\/www.suno.com.br\/artigos\/joint-venture\/\"><em>joint venture<\/em><\/a> da <a href=\"https:\/\/www.suno.com.br\/acoes\/csan3\/\">Cosan (CSAN3)<\/a> e da Shell, comprou a <a href=\"https:\/\/www.suno.com.br\/acoes\/bsev3\/\"><strong>Biosev<\/strong> (BSEV3)<\/a>, segundo comunicado divulgado pelas empresas nesta segunda-feira (8). Os acionistas da Biosev receber\u00e3o, no primeiro momento, um participa\u00e7\u00e3o minorit\u00e1ria na Ra\u00edzen de 5%, sem direito a voto.<\/p>\t<div class=\"wrapper-featured-image\">\n\t\t<figure class=\"spotlightImg\">\n\n\t\t\t<picture>\n\t\t\t\t<source media=\"(max-width: 768px)\" srcset=\"https:\/\/files.sunoresearch.com.br\/n\/uploads\/2021\/02\/0c8d9a27-biosev-png.webp\">\n\t\t\t\t<img loading=\"lazy\" decoding=\"async\" class=\"newsContent__article__imgCapa lazyloadDisabled \" src=\"https:\/\/files.sunoresearch.com.br\/n\/uploads\/2021\/02\/0c8d9a27-biosev-png.webp\" width=\"800\" height=\"450\" alt=\"Ra\u00edzen compra Biosev (BSEV3) por R$ 3,6 bilh\u00f5es e troca de a\u00e7\u00f5es\" fetchpriority=high \/>\n\t\t\t<\/picture>\n\n\t\t\t<figcaption class=\"wp-caption-text wp-caption-text--show\">Biosev fecha incorpora\u00e7\u00e3o pela Ra\u00edzen<\/figcaption>\n\t\t<\/figure>\n\t<\/div>\n\n\n<p><span style=\"font-weight: 400;\">\t<p>\n\t\t<a href=\"https:\/\/lp.suno.com.br\/ebook-como-analisar-uma-acao\/\" target=\"_blank\" data-element=\"shortcode-suno-banner\" title=\"Banner SUNO, clique e saiba mais\">\n\t\t\t<picture>\n\t\t\t\t<source media=\"(max-width: 500px)\" srcset=\"https:\/\/files.sunoresearch.com.br\/n\/uploads\/2023\/03\/Ebook-Acoes-Mobile.jpg\">\n\t\t\t\t<img class=\"newsContent__article__imgCapa newsContent__article__imgCapa--banner\"\n\t\t\t\t\tsrc=\"https:\/\/files.sunoresearch.com.br\/n\/uploads\/2023\/03\/Ebook-Acoes-Desktop.jpg\"\n\t\t\t\t\tdata-promo-id=\"378302\"\t\t\t\t\t\t\t\t\t\twidth='1420' height='286'\t\t\t\t\talt=\"https:\/\/files.sunoresearch.com.br\/n\/uploads\/2023\/03\/Ebook-Acoes-Desktop.jpg\"\n\t\t\t\t>\n\t\t\t<\/picture>\n\t\t<\/a>\n\t<\/p>\n\n<\/span><\/p>\n<p>A combina\u00e7\u00e3o das duas companhias j\u00e1 era esperada h\u00e1 alguns meses. A aquisi\u00e7\u00e3o da Biosev, segunda maior empresa do ramo de produ\u00e7\u00e3o cana e de etanol, pela Ra\u00edzen, a primeira, gera uma gigante do setor com capacidade instalada para produzir 100 milh\u00f5es de toneladas de cana-de-a\u00e7\u00facar e com participa\u00e7\u00e3o de 13% no mercado. Ser\u00e3o 35 unidades produtoras: 26 da Ra\u00edzen e 9 oriundas da Biosev.<\/p>\n<p>Na negocia\u00e7\u00e3o, al\u00e9m das a\u00e7\u00f5es para os acionistas, a Biosev receber\u00e1 um <strong>aporte de R$ 3,6 bilh\u00f5es da Ra\u00edzen<\/strong>, que ser\u00e1 utilizado para diminuir a d\u00edvida da companhia, que, em 2019, resultou em preju\u00edzos sequenciais<\/p>\n<div>\n<div id=\"60141a969004bb2e956386a8\" class=\"op-interactive\" data-title=\"Quiz dos Investimentos\" data-url=\"https:\/\/sunoresearch289.outgrow.us\/60141a969004bb2e956386a8?vHeight=1\" data-width=\"100%\"><\/div>\n<p><script src='\/\/dyv6f9ner1ir9.cloudfront.net\/assets\/js\/nloader.js'><\/script><script>initIframe('60141a969004bb2e956386a8');<\/script><\/p>\n<\/div>\n<p>&nbsp;<\/p>\n<p>H\u00e1 tamb\u00e9m no contrato o poss\u00edvel pagamento pela Ra\u00edzen de R$ 350 milh\u00f5es em um t\u00edtulo de <em>earn-out,\u00a0<\/em>que ser\u00e1 avaliado ap\u00f3s cinco anos do fechamento do neg\u00f3cio com base em certas m\u00e9tricas relativas ao mercado do a\u00e7\u00facar e do etanol.<\/p>\n<p>Os 5% de participa\u00e7\u00e3o da Ra\u00edzen s\u00e3o divididos em 3,5% de a\u00e7\u00f5es preferenciais e 1,4999% de a\u00e7\u00f5es resgat\u00e1veis, que ter\u00e3o valor simb\u00f3lico e que foram definidas apenas para t\u00edtulo de pagamento de dividendos por um per\u00edodo de 10 anos ou at\u00e9 que haja um chamado &#8220;evento de liquidez&#8221;.<\/p>\n<p>Para a finaliza\u00e7\u00e3o do <a href=\"https:\/\/www.suno.com.br\/artigos\/fusoes-aquisicoes\/\">neg\u00f3cio de aquisi\u00e7\u00e3o<\/a>, todos os ativos da Biosev dever\u00e3o ser <strong>incorporados pela H\u00e9dera<\/strong>, atual controladora da Biosev. Os demais acionistas receber\u00e3o a\u00e7\u00f5es da H\u00e9dera, se assim desejarem, ou poder\u00e3o optar por um contrato de venda dos pap\u00e9is.<\/p>\n<h2>Capital de venda da Biosev ser\u00e1 utilizado para reestrutura\u00e7\u00e3o de d\u00edvida<\/h2>\n<p>A H\u00e9dera receber\u00e1 a quantia final negociada com a Ra\u00edzen e, com esse capital, reestruturar\u00e1 parte da d\u00edvida da Biosev, contabilizada em R$ 7,7 bilh\u00f5es no fim de janeiro de 2021. Fora o dinheiro levantado na transa\u00e7\u00e3o, a H\u00e9dera realizar\u00e1 uma nova emiss\u00e3o de <a href=\"https:\/\/www.suno.com.br\/artigos\/debentures\/\">t\u00edtulos de d\u00edvida<\/a>, em cerca de R$ 4,1 bilh\u00f5es, para zerar todos os d\u00e9ficits.<\/p>\n<p>A H\u00e9dera ir\u00e1 concentrar todos os ativos da Biosev e, posteriormente, se tornar\u00e1 uma subsidi\u00e1ria da Ra\u00edzen.<\/p>\n<p><span style=\"font-weight: 400;\">\t<p>\n\t\t<a href=\"https:\/\/lp.suno.com.br\/planilha-controle-gastos\/\" target=\"_blank\" data-element=\"shortcode-suno-banner\" title=\"Banner SUNO, clique e saiba mais\">\n\t\t\t<picture>\n\t\t\t\t<source media=\"(max-width: 500px)\" srcset=\"https:\/\/files.sunoresearch.com.br\/n\/uploads\/2023\/03\/400x300-Planilha-controle-de-gastos.png\">\n\t\t\t\t<img class=\"newsContent__article__imgCapa newsContent__article__imgCapa--banner\"\n\t\t\t\t\tsrc=\"https:\/\/files.sunoresearch.com.br\/n\/uploads\/2023\/03\/1420x240-Planilha-controle-de-gastos.png\"\n\t\t\t\t\tdata-promo-id=\"101751\"\t\t\t\t\t\t\t\t\t\twidth='1420' height='240'\t\t\t\t\talt=\"https:\/\/files.sunoresearch.com.br\/n\/uploads\/2023\/03\/1420x240-Planilha-controle-de-gastos.png\"\n\t\t\t\t>\n\t\t\t<\/picture>\n\t\t<\/a>\n\t<\/p>\n\n<\/span><\/p>\n<p>A Ra\u00edzen, na contraparte, ter\u00e1 de aumentar seu capital social para considerar a incorpora\u00e7\u00e3o da Biosev. A op\u00e7\u00e3o de compra por parte da Ra\u00edzen das a\u00e7\u00f5es resgat\u00e1veis acontecer\u00e1 nos anivers\u00e1rios de seis, sete, oito e nove anos ap\u00f3s o fechamento da transa\u00e7\u00e3o. A H\u00e9dera s\u00f3 podera exercer sua op\u00e7\u00e3o de venda no nono ano. Caso a Ra\u00edzen oferte novas a\u00e7\u00f5es de forma prim\u00e1ria na bolsa de valores, o processo poder\u00e1 ser adiantado.<\/p>\n<p>A\u00a0 finaliza\u00e7\u00e3o do neg\u00f3cio enbre Ra\u00edzen e <strong>Biosev<\/strong> depende tamb\u00e9m da aprova\u00e7\u00e3o do <a href=\"https:\/\/www.suno.com.br\/artigos\/cade\/\">Conselho Administrativo de Defesa Econ\u00f4mica<\/a>, o Cade. A Cosan e a Shell ficar\u00e3o, no futuro, com fatias de 48,25% da Ra\u00edzen cada, somando 96,5%. Os acionistas da Biosev com os 3,5% restantes.<\/p>\n<p><iframe loading=\"lazy\" title=\"022845000101011\" class=\"scribd_iframe_embed\" src=\"https:\/\/www.scribd.com\/embeds\/493764181\/content\" data-aspect-ratio=\"0.7729220222793488\" scrolling=\"no\" id=\"493764181\" width=\"1000\" height=\"1000\" frameborder=\"0\"><\/iframe><script type=\"text\/javascript\">          (function() { var scribd = document.createElement(\"script\"); scribd.type = \"text\/javascript\"; scribd.async = true; scribd.src = \"https:\/\/www.scribd.com\/javascripts\/embed_code\/inject.js\"; var s = document.getElementsByTagName(\"script\")[0]; s.parentNode.insertBefore(scribd, s); })()        <\/script><\/p>\n<p><span style=\"font-weight: 400;\">\u00a0\t<p>\n\t\t<a href=\"https:\/\/lp.suno.com.br\/planilha-de-controle-de-investimentos\/\" target=\"_blank\" data-element=\"shortcode-suno-banner\" title=\"Banner SUNO, clique e saiba mais\">\n\t\t\t<picture>\n\t\t\t\t<source media=\"(max-width: 500px)\" srcset=\"https:\/\/files.sunoresearch.com.br\/n\/uploads\/2023\/03\/400x300-Controle-de-Investimentos.png\">\n\t\t\t\t<img class=\"newsContent__article__imgCapa newsContent__article__imgCapa--banner\"\n\t\t\t\t\tsrc=\"https:\/\/files.sunoresearch.com.br\/n\/uploads\/2023\/03\/1420x240-Controle-de-Investimentos.png\"\n\t\t\t\t\tdata-promo-id=\"75934\"\t\t\t\t\t\t\t\t\t\twidth='1420' height='240'\t\t\t\t\talt=\"https:\/\/files.sunoresearch.com.br\/n\/uploads\/2023\/03\/1420x240-Controle-de-Investimentos.png\"\n\t\t\t\t>\n\t\t\t<\/picture>\n\t\t<\/a>\n\t<\/p>\n\n<\/span><\/p>\n","protected":false},"excerpt":{"rendered":"<p>A Ra\u00edzen, joint venture da Cosan (CSAN3) e da Shell, comprou a Biosev (BSEV3), segundo comunicado divulgado pelas empresas nesta segunda-feira (8). Os acionistas da Biosev receber\u00e3o, no primeiro momento, um participa\u00e7\u00e3o minorit\u00e1ria na Ra\u00edzen de 5%, sem direito a voto. Biosev fecha incorpora\u00e7\u00e3o pela Ra\u00edzen A combina\u00e7\u00e3o das duas companhias j\u00e1 era esperada h\u00e1 [&hellip;]<\/p>\n","protected":false},"author":59,"featured_media":119549,"comment_status":"closed","ping_status":"closed","sticky":false,"template":"","format":"standard","meta":[],"categories":[64],"tags":[381,106933],"suno_strategy":[],"class_list":["post-119521","post","type-post","status-publish","format-standard","has-post-thumbnail","hentry","category-negocios","tag-biosev-bsev3","tag-raizen-raiz4"],"yoast_head":"<!-- This site is optimized with the Yoast SEO plugin v24.4 - https:\/\/yoast.com\/wordpress\/plugins\/seo\/ -->\n<title>Ra\u00edzen compra Biosev (BSEV3) por R$ 3,6 bi e a\u00e7\u00f5es<\/title>\n<meta name=\"description\" content=\"A Biosev (BSEV3) anunciou que assinou um contrato de combina\u00e7\u00e3o do seus neg\u00f3cios com a Ra\u00edzen. Clique aqui para saber mais.\" \/>\n<meta name=\"robots\" content=\"index, follow, max-snippet:-1, max-image-preview:large, max-video-preview:-1\" \/>\n<link rel=\"canonical\" href=\"https:\/\/www.suno.com.br\/noticias\/biosev-bsev3-finaliza-incorporacao-raizen\/\" \/>\n<meta property=\"og:locale\" content=\"pt_BR\" \/>\n<meta property=\"og:type\" content=\"article\" \/>\n<meta property=\"og:title\" content=\"Ra\u00edzen compra Biosev (BSEV3) por R$ 3,6 bi e a\u00e7\u00f5es\" \/>\n<meta property=\"og:description\" content=\"A Biosev (BSEV3) anunciou que assinou um contrato de combina\u00e7\u00e3o do seus neg\u00f3cios com a Ra\u00edzen. Clique aqui para saber mais.\" \/>\n<meta property=\"og:url\" content=\"https:\/\/www.suno.com.br\/noticias\/biosev-bsev3-finaliza-incorporacao-raizen\/\" \/>\n<meta property=\"og:site_name\" content=\"Suno Not\u00edcias\" \/>\n<meta property=\"article:publisher\" content=\"https:\/\/facebook.com\/sunoresearch\" \/>\n<meta property=\"og:image\" content=\"https:\/\/files.sunoresearch.com.br\/n\/uploads\/2021\/02\/0c8d9a27-biosev.png\" \/>\n\t<meta property=\"og:image:width\" content=\"356\" \/>\n\t<meta property=\"og:image:height\" content=\"275\" \/>\n\t<meta property=\"og:image:type\" content=\"image\/png\" \/>\n<meta name=\"author\" content=\"Vitor Azevedo\" \/>\n<meta name=\"twitter:card\" content=\"summary_large_image\" \/>\n<meta name=\"twitter:creator\" content=\"@sunoresearch\" \/>\n<meta name=\"twitter:site\" content=\"@sunoresearch\" \/>\n<meta name=\"twitter:label1\" content=\"Escrito por\" \/>\n\t<meta name=\"twitter:data1\" content=\"Vitor Azevedo\" \/>\n\t<meta name=\"twitter:label2\" content=\"Est. tempo de leitura\" \/>\n\t<meta name=\"twitter:data2\" content=\"3 minutos\" \/>\n<script type=\"application\/ld+json\" class=\"yoast-schema-graph\">{\"@context\":\"https:\/\/schema.org\",\"@graph\":[{\"@type\":\"NewsArticle\",\"@id\":\"https:\/\/www.suno.com.br\/noticias\/biosev-bsev3-finaliza-incorporacao-raizen\/#article\",\"isPartOf\":{\"@id\":\"https:\/\/www.suno.com.br\/noticias\/biosev-bsev3-finaliza-incorporacao-raizen\/\"},\"author\":{\"name\":\"Vitor Azevedo\",\"@id\":\"https:\/\/www.suno.com.br\/noticias\/#\/schema\/person\/658d5fbc74d81f265f5df3562d0038ab\"},\"headline\":\"Ra\u00edzen compra Biosev (BSEV3) por R$ 3,6 bilh\u00f5es e troca de a\u00e7\u00f5es\",\"datePublished\":\"2021-02-08T13:08:17+00:00\",\"dateModified\":\"2021-02-08T19:39:10+00:00\",\"mainEntityOfPage\":{\"@id\":\"https:\/\/www.suno.com.br\/noticias\/biosev-bsev3-finaliza-incorporacao-raizen\/\"},\"wordCount\":571,\"publisher\":{\"@id\":\"https:\/\/www.suno.com.br\/noticias\/#organization\"},\"image\":{\"@id\":\"https:\/\/www.suno.com.br\/noticias\/biosev-bsev3-finaliza-incorporacao-raizen\/#primaryimage\"},\"thumbnailUrl\":\"https:\/\/files.sunoresearch.com.br\/n\/uploads\/2021\/02\/0c8d9a27-biosev-png.webp\",\"keywords\":[\"Biosev (BSEV3)\",\"Ra\u00edzen (RAIZ4)\"],\"articleSection\":[\"Neg\u00f3cios\"],\"inLanguage\":\"pt-BR\"},{\"@type\":\"WebPage\",\"@id\":\"https:\/\/www.suno.com.br\/noticias\/biosev-bsev3-finaliza-incorporacao-raizen\/\",\"url\":\"https:\/\/www.suno.com.br\/noticias\/biosev-bsev3-finaliza-incorporacao-raizen\/\",\"name\":\"Ra\u00edzen compra Biosev (BSEV3) por R$ 3,6 bi e a\u00e7\u00f5es\",\"isPartOf\":{\"@id\":\"https:\/\/www.suno.com.br\/noticias\/#website\"},\"primaryImageOfPage\":{\"@id\":\"https:\/\/www.suno.com.br\/noticias\/biosev-bsev3-finaliza-incorporacao-raizen\/#primaryimage\"},\"image\":{\"@id\":\"https:\/\/www.suno.com.br\/noticias\/biosev-bsev3-finaliza-incorporacao-raizen\/#primaryimage\"},\"thumbnailUrl\":\"https:\/\/files.sunoresearch.com.br\/n\/uploads\/2021\/02\/0c8d9a27-biosev-png.webp\",\"datePublished\":\"2021-02-08T13:08:17+00:00\",\"dateModified\":\"2021-02-08T19:39:10+00:00\",\"description\":\"A Biosev (BSEV3) anunciou que assinou um contrato de combina\u00e7\u00e3o do seus neg\u00f3cios com a Ra\u00edzen. Clique aqui para saber mais.\",\"breadcrumb\":{\"@id\":\"https:\/\/www.suno.com.br\/noticias\/biosev-bsev3-finaliza-incorporacao-raizen\/#breadcrumb\"},\"inLanguage\":\"pt-BR\",\"potentialAction\":[{\"@type\":\"ReadAction\",\"target\":[\"https:\/\/www.suno.com.br\/noticias\/biosev-bsev3-finaliza-incorporacao-raizen\/\"]}]},{\"@type\":\"ImageObject\",\"inLanguage\":\"pt-BR\",\"@id\":\"https:\/\/www.suno.com.br\/noticias\/biosev-bsev3-finaliza-incorporacao-raizen\/#primaryimage\",\"url\":\"https:\/\/files.sunoresearch.com.br\/n\/uploads\/2021\/02\/0c8d9a27-biosev-png.webp\",\"contentUrl\":\"https:\/\/files.sunoresearch.com.br\/n\/uploads\/2021\/02\/0c8d9a27-biosev-png.webp\",\"width\":356,\"height\":275,\"caption\":\"Biosev fecha incorpora\u00e7\u00e3o pela Ra\u00edzen\"},{\"@type\":\"BreadcrumbList\",\"@id\":\"https:\/\/www.suno.com.br\/noticias\/biosev-bsev3-finaliza-incorporacao-raizen\/#breadcrumb\",\"itemListElement\":[{\"@type\":\"ListItem\",\"position\":1,\"name\":\"Not\u00edcias\",\"item\":\"https:\/\/www.suno.com.br\/noticias\/\"},{\"@type\":\"ListItem\",\"position\":2,\"name\":\"Neg\u00f3cios\",\"item\":\"https:\/\/www.suno.com.br\/noticias\/negocios\/\"},{\"@type\":\"ListItem\",\"position\":3,\"name\":\"Ra\u00edzen compra Biosev (BSEV3) por R$ 3,6 bilh\u00f5es e troca de a\u00e7\u00f5es\"}]},{\"@type\":\"WebSite\",\"@id\":\"https:\/\/www.suno.com.br\/noticias\/#website\",\"url\":\"https:\/\/www.suno.com.br\/noticias\/\",\"name\":\"Suno Not\u00edcias\",\"description\":\"Seu portal de informa\u00e7\u00e3o sobre o mundo dos investimentos\",\"publisher\":{\"@id\":\"https:\/\/www.suno.com.br\/noticias\/#organization\"},\"potentialAction\":[{\"@type\":\"SearchAction\",\"target\":{\"@type\":\"EntryPoint\",\"urlTemplate\":\"https:\/\/www.suno.com.br\/noticias\/?s={search_term_string}\"},\"query-input\":{\"@type\":\"PropertyValueSpecification\",\"valueRequired\":true,\"valueName\":\"search_term_string\"}}],\"inLanguage\":\"pt-BR\"},{\"@type\":\"Organization\",\"@id\":\"https:\/\/www.suno.com.br\/noticias\/#organization\",\"name\":\"Suno Not\u00edcias\",\"url\":\"https:\/\/www.suno.com.br\/noticias\/\",\"logo\":{\"@type\":\"ImageObject\",\"inLanguage\":\"pt-BR\",\"@id\":\"https:\/\/www.suno.com.br\/noticias\/#\/schema\/logo\/image\/\",\"url\":\"https:\/\/files.sunoresearch.com.br\/n\/uploads\/2021\/09\/suno-logo.png\",\"contentUrl\":\"https:\/\/files.sunoresearch.com.br\/n\/uploads\/2021\/09\/suno-logo.png\",\"width\":180,\"height\":180,\"caption\":\"Suno Not\u00edcias\"},\"image\":{\"@id\":\"https:\/\/www.suno.com.br\/noticias\/#\/schema\/logo\/image\/\"},\"sameAs\":[\"https:\/\/facebook.com\/sunoresearch\",\"https:\/\/x.com\/sunoresearch\",\"https:\/\/www.instagram.com\/suno\",\"https:\/\/www.linkedin.com\/company\/suno-research\/\",\"https:\/\/www.youtube.com\/c\/sunoresearch\"]},{\"@type\":\"Person\",\"@id\":\"https:\/\/www.suno.com.br\/noticias\/#\/schema\/person\/658d5fbc74d81f265f5df3562d0038ab\",\"name\":\"Vitor Azevedo\",\"image\":{\"@type\":\"ImageObject\",\"inLanguage\":\"pt-BR\",\"@id\":\"https:\/\/www.suno.com.br\/noticias\/#\/schema\/person\/image\/\",\"url\":\"https:\/\/secure.gravatar.com\/avatar\/62b86195291b446fe380824eb28b99a5?s=96&r=g\",\"contentUrl\":\"https:\/\/secure.gravatar.com\/avatar\/62b86195291b446fe380824eb28b99a5?s=96&r=g\",\"caption\":\"Vitor Azevedo\"},\"description\":\"Formado em jornalismo pela Unesp, escreve sobre economia e neg\u00f3cios para a Suno Not\u00edcias.\",\"url\":\"https:\/\/www.suno.com.br\/noticias\/author\/vitor-azevedo\/\"}]}<\/script>\n<!-- \/ Yoast SEO plugin. -->","yoast_head_json":{"title":"Ra\u00edzen compra Biosev (BSEV3) por R$ 3,6 bi e a\u00e7\u00f5es","description":"A Biosev (BSEV3) anunciou que assinou um contrato de combina\u00e7\u00e3o do seus neg\u00f3cios com a Ra\u00edzen. Clique aqui para saber mais.","robots":{"index":"index","follow":"follow","max-snippet":"max-snippet:-1","max-image-preview":"max-image-preview:large","max-video-preview":"max-video-preview:-1"},"canonical":"https:\/\/www.suno.com.br\/noticias\/biosev-bsev3-finaliza-incorporacao-raizen\/","og_locale":"pt_BR","og_type":"article","og_title":"Ra\u00edzen compra Biosev (BSEV3) por R$ 3,6 bi e a\u00e7\u00f5es","og_description":"A Biosev (BSEV3) anunciou que assinou um contrato de combina\u00e7\u00e3o do seus neg\u00f3cios com a Ra\u00edzen. Clique aqui para saber mais.","og_url":"https:\/\/www.suno.com.br\/noticias\/biosev-bsev3-finaliza-incorporacao-raizen\/","og_site_name":"Suno Not\u00edcias","article_publisher":"https:\/\/facebook.com\/sunoresearch","og_image":[{"width":356,"height":275,"url":"https:\/\/files.sunoresearch.com.br\/n\/uploads\/2021\/02\/0c8d9a27-biosev.png","type":"image\/png"}],"author":"Vitor Azevedo","twitter_card":"summary_large_image","twitter_creator":"@sunoresearch","twitter_site":"@sunoresearch","twitter_misc":{"Escrito por":"Vitor Azevedo","Est. tempo de leitura":"3 minutos"},"schema":{"@context":"https:\/\/schema.org","@graph":[{"@type":"NewsArticle","@id":"https:\/\/www.suno.com.br\/noticias\/biosev-bsev3-finaliza-incorporacao-raizen\/#article","isPartOf":{"@id":"https:\/\/www.suno.com.br\/noticias\/biosev-bsev3-finaliza-incorporacao-raizen\/"},"author":{"name":"Vitor Azevedo","@id":"https:\/\/www.suno.com.br\/noticias\/#\/schema\/person\/658d5fbc74d81f265f5df3562d0038ab"},"headline":"Ra\u00edzen compra Biosev (BSEV3) por R$ 3,6 bilh\u00f5es e troca de a\u00e7\u00f5es","datePublished":"2021-02-08T13:08:17+00:00","dateModified":"2021-02-08T19:39:10+00:00","mainEntityOfPage":{"@id":"https:\/\/www.suno.com.br\/noticias\/biosev-bsev3-finaliza-incorporacao-raizen\/"},"wordCount":571,"publisher":{"@id":"https:\/\/www.suno.com.br\/noticias\/#organization"},"image":{"@id":"https:\/\/www.suno.com.br\/noticias\/biosev-bsev3-finaliza-incorporacao-raizen\/#primaryimage"},"thumbnailUrl":"https:\/\/files.sunoresearch.com.br\/n\/uploads\/2021\/02\/0c8d9a27-biosev-png.webp","keywords":["Biosev (BSEV3)","Ra\u00edzen (RAIZ4)"],"articleSection":["Neg\u00f3cios"],"inLanguage":"pt-BR"},{"@type":"WebPage","@id":"https:\/\/www.suno.com.br\/noticias\/biosev-bsev3-finaliza-incorporacao-raizen\/","url":"https:\/\/www.suno.com.br\/noticias\/biosev-bsev3-finaliza-incorporacao-raizen\/","name":"Ra\u00edzen compra Biosev (BSEV3) por R$ 3,6 bi e a\u00e7\u00f5es","isPartOf":{"@id":"https:\/\/www.suno.com.br\/noticias\/#website"},"primaryImageOfPage":{"@id":"https:\/\/www.suno.com.br\/noticias\/biosev-bsev3-finaliza-incorporacao-raizen\/#primaryimage"},"image":{"@id":"https:\/\/www.suno.com.br\/noticias\/biosev-bsev3-finaliza-incorporacao-raizen\/#primaryimage"},"thumbnailUrl":"https:\/\/files.sunoresearch.com.br\/n\/uploads\/2021\/02\/0c8d9a27-biosev-png.webp","datePublished":"2021-02-08T13:08:17+00:00","dateModified":"2021-02-08T19:39:10+00:00","description":"A Biosev (BSEV3) anunciou que assinou um contrato de combina\u00e7\u00e3o do seus neg\u00f3cios com a Ra\u00edzen. Clique aqui para saber mais.","breadcrumb":{"@id":"https:\/\/www.suno.com.br\/noticias\/biosev-bsev3-finaliza-incorporacao-raizen\/#breadcrumb"},"inLanguage":"pt-BR","potentialAction":[{"@type":"ReadAction","target":["https:\/\/www.suno.com.br\/noticias\/biosev-bsev3-finaliza-incorporacao-raizen\/"]}]},{"@type":"ImageObject","inLanguage":"pt-BR","@id":"https:\/\/www.suno.com.br\/noticias\/biosev-bsev3-finaliza-incorporacao-raizen\/#primaryimage","url":"https:\/\/files.sunoresearch.com.br\/n\/uploads\/2021\/02\/0c8d9a27-biosev-png.webp","contentUrl":"https:\/\/files.sunoresearch.com.br\/n\/uploads\/2021\/02\/0c8d9a27-biosev-png.webp","width":356,"height":275,"caption":"Biosev fecha incorpora\u00e7\u00e3o pela Ra\u00edzen"},{"@type":"BreadcrumbList","@id":"https:\/\/www.suno.com.br\/noticias\/biosev-bsev3-finaliza-incorporacao-raizen\/#breadcrumb","itemListElement":[{"@type":"ListItem","position":1,"name":"Not\u00edcias","item":"https:\/\/www.suno.com.br\/noticias\/"},{"@type":"ListItem","position":2,"name":"Neg\u00f3cios","item":"https:\/\/www.suno.com.br\/noticias\/negocios\/"},{"@type":"ListItem","position":3,"name":"Ra\u00edzen compra Biosev (BSEV3) por R$ 3,6 bilh\u00f5es e troca de a\u00e7\u00f5es"}]},{"@type":"WebSite","@id":"https:\/\/www.suno.com.br\/noticias\/#website","url":"https:\/\/www.suno.com.br\/noticias\/","name":"Suno Not\u00edcias","description":"Seu portal de informa\u00e7\u00e3o sobre o mundo dos investimentos","publisher":{"@id":"https:\/\/www.suno.com.br\/noticias\/#organization"},"potentialAction":[{"@type":"SearchAction","target":{"@type":"EntryPoint","urlTemplate":"https:\/\/www.suno.com.br\/noticias\/?s={search_term_string}"},"query-input":{"@type":"PropertyValueSpecification","valueRequired":true,"valueName":"search_term_string"}}],"inLanguage":"pt-BR"},{"@type":"Organization","@id":"https:\/\/www.suno.com.br\/noticias\/#organization","name":"Suno Not\u00edcias","url":"https:\/\/www.suno.com.br\/noticias\/","logo":{"@type":"ImageObject","inLanguage":"pt-BR","@id":"https:\/\/www.suno.com.br\/noticias\/#\/schema\/logo\/image\/","url":"https:\/\/files.sunoresearch.com.br\/n\/uploads\/2021\/09\/suno-logo.png","contentUrl":"https:\/\/files.sunoresearch.com.br\/n\/uploads\/2021\/09\/suno-logo.png","width":180,"height":180,"caption":"Suno Not\u00edcias"},"image":{"@id":"https:\/\/www.suno.com.br\/noticias\/#\/schema\/logo\/image\/"},"sameAs":["https:\/\/facebook.com\/sunoresearch","https:\/\/x.com\/sunoresearch","https:\/\/www.instagram.com\/suno","https:\/\/www.linkedin.com\/company\/suno-research\/","https:\/\/www.youtube.com\/c\/sunoresearch"]},{"@type":"Person","@id":"https:\/\/www.suno.com.br\/noticias\/#\/schema\/person\/658d5fbc74d81f265f5df3562d0038ab","name":"Vitor Azevedo","image":{"@type":"ImageObject","inLanguage":"pt-BR","@id":"https:\/\/www.suno.com.br\/noticias\/#\/schema\/person\/image\/","url":"https:\/\/secure.gravatar.com\/avatar\/62b86195291b446fe380824eb28b99a5?s=96&r=g","contentUrl":"https:\/\/secure.gravatar.com\/avatar\/62b86195291b446fe380824eb28b99a5?s=96&r=g","caption":"Vitor Azevedo"},"description":"Formado em jornalismo pela Unesp, escreve sobre economia e neg\u00f3cios para a Suno Not\u00edcias.","url":"https:\/\/www.suno.com.br\/noticias\/author\/vitor-azevedo\/"}]}},"default_loop_html":"<div class=\"cardsPage__listCard__boxs\"><div class=\"cardsPage__listCard__boxs__img\"><a href=\"https:\/\/www.suno.com.br\/noticias\/biosev-bsev3-finaliza-incorporacao-raizen\/\"><img class=\"mask\" src=\"https:\/\/www.suno.com.br\/noticias\/wp-content\/themes\/suno\/resources\/images\/spotlight\/spotlight1img\/bg-mask.png\" alt=\"Image Mask\"\/><img src=\"https:\/\/files.sunoresearch.com.br\/n\/uploads\/2021\/02\/0c8d9a27-biosev-png.webp\" alt=\"Ra\u00edzen compra Biosev (BSEV3) por R$ 3,6 bilh\u00f5es e troca de a\u00e7\u00f5es\"\/><\/a><span class=\"spotlightCategory\"><a href=\"https:\/\/www.suno.com.br\/noticias\/negocios\/\">Neg\u00f3cios<\/a><\/span><\/div><div class=\"cardsPage__listCard__boxs__content\"><a href=\"https:\/\/www.suno.com.br\/noticias\/biosev-bsev3-finaliza-incorporacao-raizen\/\"><h2 class=\"content__title\">Ra\u00edzen compra Biosev (BSEV3) por R$ 3,6 bilh\u00f5es e troca de a\u00e7\u00f5es<\/h2><\/a><div class=\"newsContent__article__meta\"><div class=\"newsContent__article__meta__authorBox\"><a href=\"https:\/\/www.suno.com.br\/noticias\/author\/vitor-azevedo\/\" class=\"authorBox__avatar noMobi\"><img src=\"https:\/\/secure.gravatar.com\/avatar\/62b86195291b446fe380824eb28b99a5?s=96&#038;r=g\" alt=\"Vitor Azevedo\"><\/a><div class=\"authorBox__name\"><span>por\n\t\t\t<a href=\"https:\/\/www.suno.com.br\/noticias\/author\/vitor-azevedo\/\"><span itemprop=\"author\">Vitor Azevedo<\/span><\/a><\/span><time datetime=\"2021-02-08T10:08:17-03:00\" itemprop=\"datePublished\">08\/02\/2021 10:08<\/time><\/div><\/div><\/div><\/div><\/div>","single_layout":"posts","amp_enabled":true,"_links":{"self":[{"href":"https:\/\/www.suno.com.br\/noticias\/wp-json\/wp\/v2\/posts\/119521"}],"collection":[{"href":"https:\/\/www.suno.com.br\/noticias\/wp-json\/wp\/v2\/posts"}],"about":[{"href":"https:\/\/www.suno.com.br\/noticias\/wp-json\/wp\/v2\/types\/post"}],"author":[{"embeddable":true,"href":"https:\/\/www.suno.com.br\/noticias\/wp-json\/wp\/v2\/users\/59"}],"replies":[{"embeddable":true,"href":"https:\/\/www.suno.com.br\/noticias\/wp-json\/wp\/v2\/comments?post=119521"}],"version-history":[{"count":0,"href":"https:\/\/www.suno.com.br\/noticias\/wp-json\/wp\/v2\/posts\/119521\/revisions"}],"wp:featuredmedia":[{"embeddable":true,"href":"https:\/\/www.suno.com.br\/noticias\/wp-json\/wp\/v2\/media\/119549"}],"wp:attachment":[{"href":"https:\/\/www.suno.com.br\/noticias\/wp-json\/wp\/v2\/media?parent=119521"}],"wp:term":[{"taxonomy":"category","embeddable":true,"href":"https:\/\/www.suno.com.br\/noticias\/wp-json\/wp\/v2\/categories?post=119521"},{"taxonomy":"post_tag","embeddable":true,"href":"https:\/\/www.suno.com.br\/noticias\/wp-json\/wp\/v2\/tags?post=119521"},{"taxonomy":"suno_strategy","embeddable":true,"href":"https:\/\/www.suno.com.br\/noticias\/wp-json\/wp\/v2\/suno_strategy?post=119521"}],"curies":[{"name":"wp","href":"https:\/\/api.w.org\/{rel}","templated":true}]}}