{"id":119455,"date":"2021-02-08T08:03:03","date_gmt":"2021-02-08T11:03:03","guid":{"rendered":"https:\/\/www.suno.com.br\/noticias\/?p=119455"},"modified":"2021-02-08T11:52:57","modified_gmt":"2021-02-08T14:52:57","slug":"multiplan-mult3-reabre-dois-shoppings","status":"publish","type":"post","link":"https:\/\/www.suno.com.br\/noticias\/multiplan-mult3-reabre-dois-shoppings\/","title":{"rendered":"Multiplan (MULT3) reabre dois shoppings e volta a operar com toda sua capacidade"},"content":{"rendered":"<p><strong>A <a href=\"https:\/\/www.suno.com.br\/acoes\/mult3\/\">Multiplan <\/a><\/strong><a href=\"https:\/\/www.suno.com.br\/acoes\/mult3\/\">(MULT3) <\/a>anunciou neste domingo (7), em comunicado ao mercado, que retoma nesta segunda-feira as opera\u00e7\u00f5es em suas unidades Ribeir\u00e3o Shopping e Shopping Santa \u00darsula, as duas em Ribeir\u00e3o Preto, no interior de S\u00e3o Paulo. Os dois<em> shopping centers<\/em> estavam totalmente fechados por conta de restri\u00e7\u00f5es impostas por autoridades p\u00fablicas para conter o avan\u00e7o da covid-19.<\/p>\t<div class=\"wrapper-featured-image\">\n\t\t<figure class=\"spotlightImg\">\n\n\t\t\t<picture>\n\t\t\t\t<source media=\"(max-width: 768px)\" srcset=\"https:\/\/files.sunoresearch.com.br\/n\/uploads\/2021\/02\/fb143d0d-multiplan-400x200.webp\">\n\t\t\t\t<img loading=\"lazy\" decoding=\"async\" class=\"newsContent__article__imgCapa lazyloadDisabled \" src=\"https:\/\/files.sunoresearch.com.br\/n\/uploads\/2021\/02\/fb143d0d-multiplan-800x450.webp\" width=\"800\" height=\"450\" alt=\"Multiplan (MULT3) reabre dois shoppings e volta a operar com toda sua capacidade\" fetchpriority=high \/>\n\t\t\t<\/picture>\n\n\t\t\t<figcaption class=\"wp-caption-text wp-caption-text--show\">Multiplan reabre duas unidades em Ribeir\u00e3o Preto<\/figcaption>\n\t\t<\/figure>\n\t<\/div>\n\n\n<p><span style=\"font-weight: 400;\">\t<p>\n\t\t<a href=\"https:\/\/lp.suno.com.br\/ebook-como-analisar-uma-acao\/\" target=\"_blank\" data-element=\"shortcode-suno-banner\" title=\"Banner SUNO, clique e saiba mais\">\n\t\t\t<picture>\n\t\t\t\t<source media=\"(max-width: 500px)\" srcset=\"https:\/\/files.sunoresearch.com.br\/n\/uploads\/2023\/03\/Ebook-Acoes-Mobile.jpg\">\n\t\t\t\t<img class=\"newsContent__article__imgCapa newsContent__article__imgCapa--banner\"\n\t\t\t\t\tsrc=\"https:\/\/files.sunoresearch.com.br\/n\/uploads\/2023\/03\/Ebook-Acoes-Desktop.jpg\"\n\t\t\t\t\tdata-promo-id=\"378302\"\t\t\t\t\t\t\t\t\t\twidth='1420' height='286'\t\t\t\t\talt=\"https:\/\/files.sunoresearch.com.br\/n\/uploads\/2023\/03\/Ebook-Acoes-Desktop.jpg\"\n\t\t\t\t>\n\t\t\t<\/picture>\n\t\t<\/a>\n\t<\/p>\n\n<\/span><\/p>\n<p>Na \u00faltima semana de janeiro, a Multiplan viu seus neg\u00f3cios serem novamente impedidos de funcionar em S\u00e3o Paulo, ap\u00f3s o governo do estado decretar a retomada da fase vermelha do Plano SP em todo o estado. Nesse est\u00e1gio, apenas <strong>com\u00e9rcios essenciais<\/strong> podem abrir. Centros de compras devem permanecer fechados.<\/p>\n<p>Com sete <strong>shoppings no estado de S\u00e3o Paulo<\/strong>, as duas unidades que voltam a funcionar hoje s\u00e3o as \u00fanicas que se encontram em uma regi\u00e3o na fase laranja. O Ribeir\u00e3o Shopping e o Shopping Santa \u00darsula poder\u00e3o operar apenas oito horas por dia entre o intervalo das 6h e 22h e com 40% de capacidade de ocupa\u00e7\u00e3o.<\/p>\n<div>\n<div class='op-interactive' id='60141a969004bb2e956386a8' data-title='Quiz dos Investimentos' data-url='https:\/\/sunoresearch289.outgrow.us\/60141a969004bb2e956386a8?vHeight=1' data-width='100%'><\/div>\n<p><script src='\/\/dyv6f9ner1ir9.cloudfront.net\/assets\/js\/nloader.js'><\/script><script>initIframe('60141a969004bb2e956386a8');<\/script><\/div>\n<p>A nova fase do <strong>plano S\u00e3o Paulo<\/strong> passou a ser v\u00e1lida a partir do s\u00e1bado (6). Apesar disso, a prefeitura de Ribeir\u00e3o Preto optou manter por estender as restri\u00e7\u00f5es.<\/p>\n<p>As demais unidades da Multiplan ficam todas na grande S\u00e3o Paulo, que est\u00e1 na fase amarela. Nesta, os shoppings est\u00e3o liberados para funcionar por 10 horas por dia, tamb\u00e9m entre as 6h e 22h.<\/p>\n<p><span style=\"font-weight: 400;\">\t<p>\n\t\t<a href=\"https:\/\/lp.suno.com.br\/planilha-controle-gastos\/\" target=\"_blank\" data-element=\"shortcode-suno-banner\" title=\"Banner SUNO, clique e saiba mais\">\n\t\t\t<picture>\n\t\t\t\t<source media=\"(max-width: 500px)\" srcset=\"https:\/\/files.sunoresearch.com.br\/n\/uploads\/2023\/03\/400x300-Planilha-controle-de-gastos.png\">\n\t\t\t\t<img class=\"newsContent__article__imgCapa newsContent__article__imgCapa--banner\"\n\t\t\t\t\tsrc=\"https:\/\/files.sunoresearch.com.br\/n\/uploads\/2023\/03\/1420x240-Planilha-controle-de-gastos.png\"\n\t\t\t\t\tdata-promo-id=\"101751\"\t\t\t\t\t\t\t\t\t\twidth='1420' height='240'\t\t\t\t\talt=\"https:\/\/files.sunoresearch.com.br\/n\/uploads\/2023\/03\/1420x240-Planilha-controle-de-gastos.png\"\n\t\t\t\t>\n\t\t\t<\/picture>\n\t\t<\/a>\n\t<\/p>\n\n || Inserir do meio para o final da mat\u00e9ria)<\/span><\/p>\n<h2>Multiplan v\u00ea restri\u00e7\u00f5es impactando a\u00e7\u00f5es na bolsa<\/h2>\n<p>Na quarta passada (3), ap\u00f3s o governo de S\u00e3o Paulo anunciar que iria rever as restri\u00e7\u00f5es, as a\u00e7\u00f5es de shoppings tiveram forte alta na B3. O setor \u00e9 um dos mais atingidos por conta da pandemia e das medidas impostas para restringir as infec\u00e7\u00f5es. As a\u00e7\u00f5es ordin\u00e1rias da Multiplan acumulam queda de mais de 30% no \u00faltimo ano na bolsa.<\/p>\n<p>Na segunda-feira da semana passada, a <strong>Multiplan<\/strong> havia anunciado a reabertura de seus shoppings em Belo Horizonte, BH Shopping, Diamond Mall e P\u00e1tio Savassi, ap\u00f3s os tr\u00eas terem ficado mais de tr\u00eas semas sem funcionar.<\/p>\n<p><span style=\"font-weight: 400;\">\t<p>\n\t\t<a href=\"https:\/\/lp.suno.com.br\/planilha-de-controle-de-investimentos\/\" target=\"_blank\" data-element=\"shortcode-suno-banner\" title=\"Banner SUNO, clique e saiba mais\">\n\t\t\t<picture>\n\t\t\t\t<source media=\"(max-width: 500px)\" srcset=\"https:\/\/files.sunoresearch.com.br\/n\/uploads\/2023\/03\/400x300-Controle-de-Investimentos.png\">\n\t\t\t\t<img class=\"newsContent__article__imgCapa newsContent__article__imgCapa--banner\"\n\t\t\t\t\tsrc=\"https:\/\/files.sunoresearch.com.br\/n\/uploads\/2023\/03\/1420x240-Controle-de-Investimentos.png\"\n\t\t\t\t\tdata-promo-id=\"75934\"\t\t\t\t\t\t\t\t\t\twidth='1420' height='240'\t\t\t\t\talt=\"https:\/\/files.sunoresearch.com.br\/n\/uploads\/2023\/03\/1420x240-Controle-de-Investimentos.png\"\n\t\t\t\t>\n\t\t\t<\/picture>\n\t\t<\/a>\n\t<\/p>\n\n<\/span><\/p>\n","protected":false},"excerpt":{"rendered":"<p>A Multiplan (MULT3) anunciou neste domingo (7), em comunicado ao mercado, que retoma nesta segunda-feira as opera\u00e7\u00f5es em suas unidades Ribeir\u00e3o Shopping e Shopping Santa \u00darsula, as duas em Ribeir\u00e3o Preto, no interior de S\u00e3o Paulo. Os dois shopping centers estavam totalmente fechados por conta de restri\u00e7\u00f5es impostas por autoridades p\u00fablicas para conter o avan\u00e7o [&hellip;]<\/p>\n","protected":false},"author":59,"featured_media":119486,"comment_status":"closed","ping_status":"closed","sticky":false,"template":"","format":"standard","meta":[],"categories":[64],"tags":[570,843,1050],"suno_strategy":[],"class_list":["post-119455","post","type-post","status-publish","format-standard","has-post-thumbnail","hentry","category-negocios","tag-multiplan-mult3","tag-sao-paulo","tag-shopping-center"],"yoast_head":"<!-- This site is optimized with the Yoast SEO plugin v24.4 - https:\/\/yoast.com\/wordpress\/plugins\/seo\/ -->\n<title>Multiplan (MULT3) reabre dois shoppings em Ribeir\u00e3o Preto<\/title>\n<meta name=\"description\" content=\"A Multiplan anunciou que retoma nesta segunda as opera\u00e7\u00f5es em suas unidades em Ribeir\u00e3o Preto. Clique aqui para saber mais.\" \/>\n<meta name=\"robots\" content=\"index, follow, max-snippet:-1, max-image-preview:large, max-video-preview:-1\" \/>\n<link rel=\"canonical\" href=\"https:\/\/www.suno.com.br\/noticias\/multiplan-mult3-reabre-dois-shoppings\/\" \/>\n<meta property=\"og:locale\" content=\"pt_BR\" \/>\n<meta property=\"og:type\" content=\"article\" \/>\n<meta property=\"og:title\" content=\"Multiplan (MULT3) reabre dois shoppings em Ribeir\u00e3o Preto\" \/>\n<meta property=\"og:description\" content=\"A Multiplan anunciou que retoma nesta segunda as opera\u00e7\u00f5es em suas unidades em Ribeir\u00e3o Preto. Clique aqui para saber mais.\" \/>\n<meta property=\"og:url\" content=\"https:\/\/www.suno.com.br\/noticias\/multiplan-mult3-reabre-dois-shoppings\/\" \/>\n<meta property=\"og:site_name\" content=\"Suno Not\u00edcias\" \/>\n<meta property=\"article:publisher\" content=\"https:\/\/facebook.com\/sunoresearch\" \/>\n<meta property=\"og:image\" content=\"https:\/\/files.sunoresearch.com.br\/n\/uploads\/2021\/02\/fb143d0d-multiplan.jpg\" \/>\n\t<meta property=\"og:image:width\" content=\"1024\" \/>\n\t<meta property=\"og:image:height\" content=\"683\" \/>\n\t<meta property=\"og:image:type\" content=\"image\/jpeg\" \/>\n<meta name=\"author\" content=\"Vitor Azevedo\" \/>\n<meta name=\"twitter:card\" content=\"summary_large_image\" \/>\n<meta name=\"twitter:creator\" content=\"@sunoresearch\" \/>\n<meta name=\"twitter:site\" content=\"@sunoresearch\" \/>\n<meta name=\"twitter:label1\" content=\"Escrito por\" \/>\n\t<meta name=\"twitter:data1\" content=\"Vitor Azevedo\" \/>\n\t<meta name=\"twitter:label2\" content=\"Est. tempo de leitura\" \/>\n\t<meta name=\"twitter:data2\" content=\"2 minutos\" \/>\n<script type=\"application\/ld+json\" class=\"yoast-schema-graph\">{\"@context\":\"https:\/\/schema.org\",\"@graph\":[{\"@type\":\"NewsArticle\",\"@id\":\"https:\/\/www.suno.com.br\/noticias\/multiplan-mult3-reabre-dois-shoppings\/#article\",\"isPartOf\":{\"@id\":\"https:\/\/www.suno.com.br\/noticias\/multiplan-mult3-reabre-dois-shoppings\/\"},\"author\":{\"name\":\"Vitor Azevedo\",\"@id\":\"https:\/\/www.suno.com.br\/noticias\/#\/schema\/person\/658d5fbc74d81f265f5df3562d0038ab\"},\"headline\":\"Multiplan (MULT3) reabre dois shoppings e volta a operar com toda sua capacidade\",\"datePublished\":\"2021-02-08T11:03:03+00:00\",\"dateModified\":\"2021-02-08T14:52:57+00:00\",\"mainEntityOfPage\":{\"@id\":\"https:\/\/www.suno.com.br\/noticias\/multiplan-mult3-reabre-dois-shoppings\/\"},\"wordCount\":391,\"publisher\":{\"@id\":\"https:\/\/www.suno.com.br\/noticias\/#organization\"},\"image\":{\"@id\":\"https:\/\/www.suno.com.br\/noticias\/multiplan-mult3-reabre-dois-shoppings\/#primaryimage\"},\"thumbnailUrl\":\"https:\/\/files.sunoresearch.com.br\/n\/uploads\/2021\/02\/fb143d0d-multiplan-jpg.webp\",\"keywords\":[\"Multiplan (MULT3)\",\"S\u00e3o Paulo\",\"shopping center\"],\"articleSection\":[\"Neg\u00f3cios\"],\"inLanguage\":\"pt-BR\"},{\"@type\":\"WebPage\",\"@id\":\"https:\/\/www.suno.com.br\/noticias\/multiplan-mult3-reabre-dois-shoppings\/\",\"url\":\"https:\/\/www.suno.com.br\/noticias\/multiplan-mult3-reabre-dois-shoppings\/\",\"name\":\"Multiplan (MULT3) reabre dois shoppings em Ribeir\u00e3o Preto\",\"isPartOf\":{\"@id\":\"https:\/\/www.suno.com.br\/noticias\/#website\"},\"primaryImageOfPage\":{\"@id\":\"https:\/\/www.suno.com.br\/noticias\/multiplan-mult3-reabre-dois-shoppings\/#primaryimage\"},\"image\":{\"@id\":\"https:\/\/www.suno.com.br\/noticias\/multiplan-mult3-reabre-dois-shoppings\/#primaryimage\"},\"thumbnailUrl\":\"https:\/\/files.sunoresearch.com.br\/n\/uploads\/2021\/02\/fb143d0d-multiplan-jpg.webp\",\"datePublished\":\"2021-02-08T11:03:03+00:00\",\"dateModified\":\"2021-02-08T14:52:57+00:00\",\"description\":\"A Multiplan anunciou que retoma nesta segunda as opera\u00e7\u00f5es em suas unidades em Ribeir\u00e3o Preto. Clique aqui para saber mais.\",\"breadcrumb\":{\"@id\":\"https:\/\/www.suno.com.br\/noticias\/multiplan-mult3-reabre-dois-shoppings\/#breadcrumb\"},\"inLanguage\":\"pt-BR\",\"potentialAction\":[{\"@type\":\"ReadAction\",\"target\":[\"https:\/\/www.suno.com.br\/noticias\/multiplan-mult3-reabre-dois-shoppings\/\"]}]},{\"@type\":\"ImageObject\",\"inLanguage\":\"pt-BR\",\"@id\":\"https:\/\/www.suno.com.br\/noticias\/multiplan-mult3-reabre-dois-shoppings\/#primaryimage\",\"url\":\"https:\/\/files.sunoresearch.com.br\/n\/uploads\/2021\/02\/fb143d0d-multiplan-jpg.webp\",\"contentUrl\":\"https:\/\/files.sunoresearch.com.br\/n\/uploads\/2021\/02\/fb143d0d-multiplan-jpg.webp\",\"width\":1024,\"height\":683,\"caption\":\"Multiplan reabre duas unidades em Ribeir\u00e3o Preto\"},{\"@type\":\"BreadcrumbList\",\"@id\":\"https:\/\/www.suno.com.br\/noticias\/multiplan-mult3-reabre-dois-shoppings\/#breadcrumb\",\"itemListElement\":[{\"@type\":\"ListItem\",\"position\":1,\"name\":\"Not\u00edcias\",\"item\":\"https:\/\/www.suno.com.br\/noticias\/\"},{\"@type\":\"ListItem\",\"position\":2,\"name\":\"Neg\u00f3cios\",\"item\":\"https:\/\/www.suno.com.br\/noticias\/negocios\/\"},{\"@type\":\"ListItem\",\"position\":3,\"name\":\"Multiplan (MULT3) reabre dois shoppings e volta a operar com toda sua capacidade\"}]},{\"@type\":\"WebSite\",\"@id\":\"https:\/\/www.suno.com.br\/noticias\/#website\",\"url\":\"https:\/\/www.suno.com.br\/noticias\/\",\"name\":\"Suno Not\u00edcias\",\"description\":\"Seu portal de informa\u00e7\u00e3o sobre o mundo dos investimentos\",\"publisher\":{\"@id\":\"https:\/\/www.suno.com.br\/noticias\/#organization\"},\"potentialAction\":[{\"@type\":\"SearchAction\",\"target\":{\"@type\":\"EntryPoint\",\"urlTemplate\":\"https:\/\/www.suno.com.br\/noticias\/?s={search_term_string}\"},\"query-input\":{\"@type\":\"PropertyValueSpecification\",\"valueRequired\":true,\"valueName\":\"search_term_string\"}}],\"inLanguage\":\"pt-BR\"},{\"@type\":\"Organization\",\"@id\":\"https:\/\/www.suno.com.br\/noticias\/#organization\",\"name\":\"Suno Not\u00edcias\",\"url\":\"https:\/\/www.suno.com.br\/noticias\/\",\"logo\":{\"@type\":\"ImageObject\",\"inLanguage\":\"pt-BR\",\"@id\":\"https:\/\/www.suno.com.br\/noticias\/#\/schema\/logo\/image\/\",\"url\":\"https:\/\/files.sunoresearch.com.br\/n\/uploads\/2021\/09\/suno-logo.png\",\"contentUrl\":\"https:\/\/files.sunoresearch.com.br\/n\/uploads\/2021\/09\/suno-logo.png\",\"width\":180,\"height\":180,\"caption\":\"Suno Not\u00edcias\"},\"image\":{\"@id\":\"https:\/\/www.suno.com.br\/noticias\/#\/schema\/logo\/image\/\"},\"sameAs\":[\"https:\/\/facebook.com\/sunoresearch\",\"https:\/\/x.com\/sunoresearch\",\"https:\/\/www.instagram.com\/suno\",\"https:\/\/www.linkedin.com\/company\/suno-research\/\",\"https:\/\/www.youtube.com\/c\/sunoresearch\"]},{\"@type\":\"Person\",\"@id\":\"https:\/\/www.suno.com.br\/noticias\/#\/schema\/person\/658d5fbc74d81f265f5df3562d0038ab\",\"name\":\"Vitor Azevedo\",\"image\":{\"@type\":\"ImageObject\",\"inLanguage\":\"pt-BR\",\"@id\":\"https:\/\/www.suno.com.br\/noticias\/#\/schema\/person\/image\/\",\"url\":\"https:\/\/secure.gravatar.com\/avatar\/62b86195291b446fe380824eb28b99a5?s=96&r=g\",\"contentUrl\":\"https:\/\/secure.gravatar.com\/avatar\/62b86195291b446fe380824eb28b99a5?s=96&r=g\",\"caption\":\"Vitor Azevedo\"},\"description\":\"Formado em jornalismo pela Unesp, escreve sobre economia e neg\u00f3cios para a Suno Not\u00edcias.\",\"url\":\"https:\/\/www.suno.com.br\/noticias\/author\/vitor-azevedo\/\"}]}<\/script>\n<!-- \/ Yoast SEO plugin. -->","yoast_head_json":{"title":"Multiplan (MULT3) reabre dois shoppings em Ribeir\u00e3o Preto","description":"A Multiplan anunciou que retoma nesta segunda as opera\u00e7\u00f5es em suas unidades em Ribeir\u00e3o Preto. Clique aqui para saber mais.","robots":{"index":"index","follow":"follow","max-snippet":"max-snippet:-1","max-image-preview":"max-image-preview:large","max-video-preview":"max-video-preview:-1"},"canonical":"https:\/\/www.suno.com.br\/noticias\/multiplan-mult3-reabre-dois-shoppings\/","og_locale":"pt_BR","og_type":"article","og_title":"Multiplan (MULT3) reabre dois shoppings em Ribeir\u00e3o Preto","og_description":"A Multiplan anunciou que retoma nesta segunda as opera\u00e7\u00f5es em suas unidades em Ribeir\u00e3o Preto. Clique aqui para saber mais.","og_url":"https:\/\/www.suno.com.br\/noticias\/multiplan-mult3-reabre-dois-shoppings\/","og_site_name":"Suno Not\u00edcias","article_publisher":"https:\/\/facebook.com\/sunoresearch","og_image":[{"width":1024,"height":683,"url":"https:\/\/files.sunoresearch.com.br\/n\/uploads\/2021\/02\/fb143d0d-multiplan.jpg","type":"image\/jpeg"}],"author":"Vitor Azevedo","twitter_card":"summary_large_image","twitter_creator":"@sunoresearch","twitter_site":"@sunoresearch","twitter_misc":{"Escrito por":"Vitor Azevedo","Est. tempo de leitura":"2 minutos"},"schema":{"@context":"https:\/\/schema.org","@graph":[{"@type":"NewsArticle","@id":"https:\/\/www.suno.com.br\/noticias\/multiplan-mult3-reabre-dois-shoppings\/#article","isPartOf":{"@id":"https:\/\/www.suno.com.br\/noticias\/multiplan-mult3-reabre-dois-shoppings\/"},"author":{"name":"Vitor Azevedo","@id":"https:\/\/www.suno.com.br\/noticias\/#\/schema\/person\/658d5fbc74d81f265f5df3562d0038ab"},"headline":"Multiplan (MULT3) reabre dois shoppings e volta a operar com toda sua capacidade","datePublished":"2021-02-08T11:03:03+00:00","dateModified":"2021-02-08T14:52:57+00:00","mainEntityOfPage":{"@id":"https:\/\/www.suno.com.br\/noticias\/multiplan-mult3-reabre-dois-shoppings\/"},"wordCount":391,"publisher":{"@id":"https:\/\/www.suno.com.br\/noticias\/#organization"},"image":{"@id":"https:\/\/www.suno.com.br\/noticias\/multiplan-mult3-reabre-dois-shoppings\/#primaryimage"},"thumbnailUrl":"https:\/\/files.sunoresearch.com.br\/n\/uploads\/2021\/02\/fb143d0d-multiplan-jpg.webp","keywords":["Multiplan (MULT3)","S\u00e3o Paulo","shopping center"],"articleSection":["Neg\u00f3cios"],"inLanguage":"pt-BR"},{"@type":"WebPage","@id":"https:\/\/www.suno.com.br\/noticias\/multiplan-mult3-reabre-dois-shoppings\/","url":"https:\/\/www.suno.com.br\/noticias\/multiplan-mult3-reabre-dois-shoppings\/","name":"Multiplan (MULT3) reabre dois shoppings em Ribeir\u00e3o Preto","isPartOf":{"@id":"https:\/\/www.suno.com.br\/noticias\/#website"},"primaryImageOfPage":{"@id":"https:\/\/www.suno.com.br\/noticias\/multiplan-mult3-reabre-dois-shoppings\/#primaryimage"},"image":{"@id":"https:\/\/www.suno.com.br\/noticias\/multiplan-mult3-reabre-dois-shoppings\/#primaryimage"},"thumbnailUrl":"https:\/\/files.sunoresearch.com.br\/n\/uploads\/2021\/02\/fb143d0d-multiplan-jpg.webp","datePublished":"2021-02-08T11:03:03+00:00","dateModified":"2021-02-08T14:52:57+00:00","description":"A Multiplan anunciou que retoma nesta segunda as opera\u00e7\u00f5es em suas unidades em Ribeir\u00e3o Preto. Clique aqui para saber mais.","breadcrumb":{"@id":"https:\/\/www.suno.com.br\/noticias\/multiplan-mult3-reabre-dois-shoppings\/#breadcrumb"},"inLanguage":"pt-BR","potentialAction":[{"@type":"ReadAction","target":["https:\/\/www.suno.com.br\/noticias\/multiplan-mult3-reabre-dois-shoppings\/"]}]},{"@type":"ImageObject","inLanguage":"pt-BR","@id":"https:\/\/www.suno.com.br\/noticias\/multiplan-mult3-reabre-dois-shoppings\/#primaryimage","url":"https:\/\/files.sunoresearch.com.br\/n\/uploads\/2021\/02\/fb143d0d-multiplan-jpg.webp","contentUrl":"https:\/\/files.sunoresearch.com.br\/n\/uploads\/2021\/02\/fb143d0d-multiplan-jpg.webp","width":1024,"height":683,"caption":"Multiplan reabre duas unidades em Ribeir\u00e3o Preto"},{"@type":"BreadcrumbList","@id":"https:\/\/www.suno.com.br\/noticias\/multiplan-mult3-reabre-dois-shoppings\/#breadcrumb","itemListElement":[{"@type":"ListItem","position":1,"name":"Not\u00edcias","item":"https:\/\/www.suno.com.br\/noticias\/"},{"@type":"ListItem","position":2,"name":"Neg\u00f3cios","item":"https:\/\/www.suno.com.br\/noticias\/negocios\/"},{"@type":"ListItem","position":3,"name":"Multiplan (MULT3) reabre dois shoppings e volta a operar com toda sua capacidade"}]},{"@type":"WebSite","@id":"https:\/\/www.suno.com.br\/noticias\/#website","url":"https:\/\/www.suno.com.br\/noticias\/","name":"Suno Not\u00edcias","description":"Seu portal de informa\u00e7\u00e3o sobre o mundo dos investimentos","publisher":{"@id":"https:\/\/www.suno.com.br\/noticias\/#organization"},"potentialAction":[{"@type":"SearchAction","target":{"@type":"EntryPoint","urlTemplate":"https:\/\/www.suno.com.br\/noticias\/?s={search_term_string}"},"query-input":{"@type":"PropertyValueSpecification","valueRequired":true,"valueName":"search_term_string"}}],"inLanguage":"pt-BR"},{"@type":"Organization","@id":"https:\/\/www.suno.com.br\/noticias\/#organization","name":"Suno Not\u00edcias","url":"https:\/\/www.suno.com.br\/noticias\/","logo":{"@type":"ImageObject","inLanguage":"pt-BR","@id":"https:\/\/www.suno.com.br\/noticias\/#\/schema\/logo\/image\/","url":"https:\/\/files.sunoresearch.com.br\/n\/uploads\/2021\/09\/suno-logo.png","contentUrl":"https:\/\/files.sunoresearch.com.br\/n\/uploads\/2021\/09\/suno-logo.png","width":180,"height":180,"caption":"Suno Not\u00edcias"},"image":{"@id":"https:\/\/www.suno.com.br\/noticias\/#\/schema\/logo\/image\/"},"sameAs":["https:\/\/facebook.com\/sunoresearch","https:\/\/x.com\/sunoresearch","https:\/\/www.instagram.com\/suno","https:\/\/www.linkedin.com\/company\/suno-research\/","https:\/\/www.youtube.com\/c\/sunoresearch"]},{"@type":"Person","@id":"https:\/\/www.suno.com.br\/noticias\/#\/schema\/person\/658d5fbc74d81f265f5df3562d0038ab","name":"Vitor Azevedo","image":{"@type":"ImageObject","inLanguage":"pt-BR","@id":"https:\/\/www.suno.com.br\/noticias\/#\/schema\/person\/image\/","url":"https:\/\/secure.gravatar.com\/avatar\/62b86195291b446fe380824eb28b99a5?s=96&r=g","contentUrl":"https:\/\/secure.gravatar.com\/avatar\/62b86195291b446fe380824eb28b99a5?s=96&r=g","caption":"Vitor Azevedo"},"description":"Formado em jornalismo pela Unesp, escreve sobre economia e neg\u00f3cios para a Suno Not\u00edcias.","url":"https:\/\/www.suno.com.br\/noticias\/author\/vitor-azevedo\/"}]}},"default_loop_html":"<div class=\"cardsPage__listCard__boxs\"><div class=\"cardsPage__listCard__boxs__img\"><a href=\"https:\/\/www.suno.com.br\/noticias\/multiplan-mult3-reabre-dois-shoppings\/\"><img class=\"mask\" src=\"https:\/\/www.suno.com.br\/noticias\/wp-content\/themes\/suno\/resources\/images\/spotlight\/spotlight1img\/bg-mask.png\" alt=\"Image Mask\"\/><img src=\"https:\/\/files.sunoresearch.com.br\/n\/uploads\/2021\/02\/fb143d0d-multiplan-400x200.webp\" alt=\"Multiplan (MULT3) reabre dois shoppings e volta a operar com toda sua capacidade\"\/><\/a><span class=\"spotlightCategory\"><a href=\"https:\/\/www.suno.com.br\/noticias\/negocios\/\">Neg\u00f3cios<\/a><\/span><\/div><div class=\"cardsPage__listCard__boxs__content\"><a href=\"https:\/\/www.suno.com.br\/noticias\/multiplan-mult3-reabre-dois-shoppings\/\"><h2 class=\"content__title\">Multiplan (MULT3) reabre dois shoppings e volta a operar com toda sua capacidade<\/h2><\/a><div class=\"newsContent__article__meta\"><div class=\"newsContent__article__meta__authorBox\"><a href=\"https:\/\/www.suno.com.br\/noticias\/author\/vitor-azevedo\/\" class=\"authorBox__avatar noMobi\"><img src=\"https:\/\/secure.gravatar.com\/avatar\/62b86195291b446fe380824eb28b99a5?s=96&#038;r=g\" alt=\"Vitor Azevedo\"><\/a><div class=\"authorBox__name\"><span>por\n\t\t\t<a href=\"https:\/\/www.suno.com.br\/noticias\/author\/vitor-azevedo\/\"><span itemprop=\"author\">Vitor Azevedo<\/span><\/a><\/span><time datetime=\"2021-02-08T08:03:03-03:00\" itemprop=\"datePublished\">08\/02\/2021 08:03<\/time><\/div><\/div><\/div><\/div><\/div>","single_layout":"posts","amp_enabled":true,"_links":{"self":[{"href":"https:\/\/www.suno.com.br\/noticias\/wp-json\/wp\/v2\/posts\/119455"}],"collection":[{"href":"https:\/\/www.suno.com.br\/noticias\/wp-json\/wp\/v2\/posts"}],"about":[{"href":"https:\/\/www.suno.com.br\/noticias\/wp-json\/wp\/v2\/types\/post"}],"author":[{"embeddable":true,"href":"https:\/\/www.suno.com.br\/noticias\/wp-json\/wp\/v2\/users\/59"}],"replies":[{"embeddable":true,"href":"https:\/\/www.suno.com.br\/noticias\/wp-json\/wp\/v2\/comments?post=119455"}],"version-history":[{"count":0,"href":"https:\/\/www.suno.com.br\/noticias\/wp-json\/wp\/v2\/posts\/119455\/revisions"}],"wp:featuredmedia":[{"embeddable":true,"href":"https:\/\/www.suno.com.br\/noticias\/wp-json\/wp\/v2\/media\/119486"}],"wp:attachment":[{"href":"https:\/\/www.suno.com.br\/noticias\/wp-json\/wp\/v2\/media?parent=119455"}],"wp:term":[{"taxonomy":"category","embeddable":true,"href":"https:\/\/www.suno.com.br\/noticias\/wp-json\/wp\/v2\/categories?post=119455"},{"taxonomy":"post_tag","embeddable":true,"href":"https:\/\/www.suno.com.br\/noticias\/wp-json\/wp\/v2\/tags?post=119455"},{"taxonomy":"suno_strategy","embeddable":true,"href":"https:\/\/www.suno.com.br\/noticias\/wp-json\/wp\/v2\/suno_strategy?post=119455"}],"curies":[{"name":"wp","href":"https:\/\/api.w.org\/{rel}","templated":true}]}}