{"id":119354,"date":"2021-02-06T11:36:30","date_gmt":"2021-02-06T14:36:30","guid":{"rendered":"https:\/\/www.suno.com.br\/noticias\/?p=119354"},"modified":"2021-02-06T11:36:30","modified_gmt":"2021-02-06T14:36:30","slug":"banco-do-brasil-bbas3-eike-batista-amazon-06022021","status":"publish","type":"post","link":"https:\/\/www.suno.com.br\/noticias\/banco-do-brasil-bbas3-eike-batista-amazon-06022021\/","title":{"rendered":"Banco do Brasil (BBAS3), Eike Batista de volta ao A\u00e7u, Jeff Bezos deixa a Amazon, Veja as 5 not\u00edcias mais lidas da semana"},"content":{"rendered":"<p>A tentativa de Eike Batista de recomprar o Porto do A\u00e7u junto com os chineses, o protesto do presidente Jair Bolsonaro contra o enxugamento do Banco do Brasil (BBAS3) e a sa\u00edda de Jeff Bezos da <strong>Amazon<\/strong> (AMZO34) est\u00e3o entre as principais not\u00edcias mais lidas no <strong>SUNO Not\u00edcias<\/strong> essa semana.<\/p>\t<div class=\"wrapper-featured-image\">\n\t\t<figure class=\"spotlightImg\">\n\n\t\t\t<picture>\n\t\t\t\t<source media=\"(max-width: 768px)\" srcset=\"https:\/\/files.sunoresearch.com.br\/n\/uploads\/2019\/09\/1e7afb9f-amazon-1-400x200.webp\">\n\t\t\t\t<img loading=\"lazy\" decoding=\"async\" class=\"newsContent__article__imgCapa lazyloadDisabled \" src=\"https:\/\/files.sunoresearch.com.br\/n\/uploads\/2019\/09\/1e7afb9f-amazon-1-800x450.webp\" width=\"800\" height=\"450\" alt=\"Banco do Brasil (BBAS3), Eike Batista de volta ao A\u00e7u, Jeff Bezos deixa a Amazon, Veja as 5 not\u00edcias mais lidas da semana\" fetchpriority=high \/>\n\t\t\t<\/picture>\n\n\t\t\t<figcaption class=\"wp-caption-text wp-caption-text--show\">Amazon <\/figcaption>\n\t\t<\/figure>\n\t<\/div>\n\n\n\t<p>\n\t\t<a href=\"https:\/\/lp.suno.com.br\/planilha-controle-gastos\/\" target=\"_blank\" data-element=\"shortcode-suno-banner\" title=\"Banner SUNO, clique e saiba mais\">\n\t\t\t<picture>\n\t\t\t\t<source media=\"(max-width: 500px)\" srcset=\"https:\/\/files.sunoresearch.com.br\/n\/uploads\/2023\/03\/400x300-Planilha-controle-de-gastos.png\">\n\t\t\t\t<img class=\"newsContent__article__imgCapa newsContent__article__imgCapa--banner\"\n\t\t\t\t\tsrc=\"https:\/\/files.sunoresearch.com.br\/n\/uploads\/2023\/03\/1420x240-Planilha-controle-de-gastos.png\"\n\t\t\t\t\tdata-promo-id=\"101751\"\t\t\t\t\t\t\t\t\t\twidth='1420' height='240'\t\t\t\t\talt=\"https:\/\/files.sunoresearch.com.br\/n\/uploads\/2023\/03\/1420x240-Planilha-controle-de-gastos.png\"\n\t\t\t\t>\n\t\t\t<\/picture>\n\t\t<\/a>\n\t<\/p>\n\n\n<p>Logo ap\u00f3s a not\u00edcia sobre a Amazon, a pol\u00eamica sobre a tentativa de <strong>short squeeze<\/strong> do IRB Brasil (IRBR3) e o memorando assinado entre a Taurus (TASA4) e a IMBEL foram as mais lidas da semana.<\/p>\n<p>Veja abaixo o resumo das not\u00edcias mais lidas da semana e os links para o texto completo.<\/p>\n<div>\n<p><script src='\/\/dyv6f9ner1ir9.cloudfront.net\/assets\/js\/nloader.js'><\/script><script>initIframe('60141a969004bb2e956386a8');<\/script><\/p>\n<\/div>\n<h2>1 &#8211; Eike Batista busca recomprar Porto do A\u00e7u, diz jornal<\/h2>\n<p>O empres\u00e1rio <a href=\"https:\/\/www.suno.com.br\/tudo-sobre\/eike-batista\/\"><strong>Eike Batista<\/strong><\/a> busca recomprar o Porto do A\u00e7u com a ajuda da companhia China Development Integration (CDIL).<\/p>\n<p>Segundo a publica\u00e7\u00e3o, no m\u00eas passado, Eike Batista foi ao empreendimento, localizado no norte do Rio de Janeiro, com um investidor chin\u00eas para apresent\u00e1-lo ao local.<\/p>\n<p>O Porto A\u00e7u j\u00e1 pertenceu integralmente a MMX <a href=\"https:\/\/www.suno.com.br\/acoes\/mmxm3\/\">(MMXM3)<\/a>, empresa do grupo EBX, de Eike Batista. Atualmente, a MMX est\u00e1 em recupera\u00e7\u00e3o judicial e se mant\u00e9m em opera\u00e7\u00e3o via liminar, sendo que o empres\u00e1rio ainda possui cerca de 49,7% na mineradora MMX.<\/p>\n<p>J\u00e1 o Porto A\u00e7u \u00e9 administrado pela Prumo Log\u00edstica e \u00e9 respons\u00e1vel por 25% das exporta\u00e7\u00f5es brasileiras de petr\u00f3leo. Em opera\u00e7\u00e3o desde 2014, o empreendimento portu\u00e1rio, industrial e de gera\u00e7\u00e3o de energia, \u00e9 composto por 13 empresas \u2013 7 independentes e 6 subsidi\u00e1rias da Prumo.<\/p>\n<p>A <strong>MMX<\/strong>\u00a0informou, no m\u00eas passado, que Eike, acionista majorit\u00e1rio da empresa, aguarda uma poss\u00edvel homologa\u00e7\u00e3o de acordo de dela\u00e7\u00e3o premiada acordado com o Minist\u00e9rio P\u00fablico Federal, mas que ainda n\u00e3o recebeu nenhuma comunica\u00e7\u00e3o oficial confirmando a homologa\u00e7\u00e3o.<\/p>\n<p><span style=\"font-weight: 400;\">\t<div data-element=\"shortcode-read-more\" class=\"knowMore\">\n\t\t\t\t<span class=\"knowMore__title\">Veja o texto completo<\/span>\n\t\t\t\t<a class=\"knowMore__link\" href=\"https:\/\/www.suno.com.br\/noticias\/eike-batista-busca-recomprar-porto-do-acu-diz-jornal\/\">\n\t\t\tEike Batista busca recomprar Porto do A\u00e7u, diz jornal\t\t<\/a>\n\t<\/div>\n\n<\/span><\/p>\n<h2>2 &#8211; Banco do Brasil (BBAS3) precisa ter &#8216;lado social&#8217; ao discutir enxugamento, diz Bolsonaro<\/h2>\n<p>O presidente Jair Bolsonaro disse neste s\u00e1bado (30) que o <a href=\"https:\/\/www.suno.com.br\/acoes\/bbas3\"><strong>Banco do Brasil<\/strong> (BBAS3)<\/a> precisa considerar seu &#8216;lado social&#8217; em nos plano de redu\u00e7\u00e3o de ag\u00eancias ou do quadro de funcion\u00e1rios.<\/p>\n<p>A declara\u00e7\u00e3o sobre o Banco do Brasil ocorreu ap\u00f3s o presidente ser questionado por jornalistas se haver\u00e1 mudan\u00e7as no comando do banco.<\/p>\n<p>Bolsonaro negou interfer\u00eancia, mas disse que compete a ele colocar ou retirar qualquer ministro ou presidente de banco e estatal. &#8220;Eu que ponho e eu que demito e n\u00e3o tenho que dar satisfa\u00e7\u00e3o a ningu\u00e9m&#8221;, afirmou.<\/p>\n<p>O presidente ficou incomodado com a condu\u00e7\u00e3o do projeto de enxugamento do BB e <a href=\"https:\/\/www.suno.com.br\/noticias\/bolsonaro-demissao-presidente-banco-brasil-bbas3\/\">considerou a demiss\u00e3o do presidente<\/a> do banco, Andr\u00e9 Brand\u00e3o.<\/p>\n<p>Segundo plano apresentado pelo Banco do Brasil, a <a href=\"https:\/\/www.suno.com.br\/noticias\/banco-do-brasil-bbas3-desativacao-unidades\/\">estatal cortaria 5 mil funcion\u00e1rios em um plano de desligamento volunt\u00e1rio<\/a> e fecharia 361 unidades de atendimento, sendo 112 ag\u00eancias. O objetivo \u00e9 readequar a rede ao perfil mais online dos clientes.<\/p>\n<p>Em 2020, o BB fechou mais de 200 ag\u00eancias em um caminho semelhante ao adotado pelos concorrentes privados. No ano passado, <a href=\"https:\/\/www.suno.com.br\/acoes\/SANB11\">Santander (SANB11)<\/a>, <a href=\"https:\/\/www.suno.com.br\/acoes\/BBDC4\">Bradesco (BBDC4)<\/a> e <a href=\"https:\/\/www.suno.com.br\/acoes\/ITUB4\">Ita\u00fa (ITUB4)<\/a> <strong>fecharam cerca de mil ag\u00eancias<\/strong>, com demiss\u00e3o de 11 mil funcion\u00e1rios.<\/p>\n<p><span style=\"font-weight: 400;\">\t<div data-element=\"shortcode-read-more\" class=\"knowMore\">\n\t\t\t\t<span class=\"knowMore__title\">Veja o texto completo<\/span>\n\t\t\t\t<a class=\"knowMore__link\" href=\"https:\/\/www.suno.com.br\/noticias\/banco-do-brasil-bbas3-precisa-ter-lado-social-ao-discutir-enxugamento-diz-bolsonaro\/\">\n\t\t\tBanco do Brasil (BBAS3) precisa ter &#039;lado social&#039; ao discutir enxugamento, diz Bolsonaro\t\t<\/a>\n\t<\/div>\n\n<\/span><\/p>\n<h2>3 &#8211; CEO da Amazon (AMZO34), Jeff Bezos, deixar\u00e1 o cargo<\/h2>\n<p>A <strong>Amazon<\/strong> (AMZO34) informou na \u00faltima ter\u00e7a-feira (2) que o CEO e fundador, <strong><a href=\"https:\/\/www.suno.com.br\/tudo-sobre\/jeff-bezos\/#:~:text=Jeff%20Bezos%20%C3%A9%20o%20empres%C3%A1rio,Bezos%20%C3%A9%20US%24%20151%20bilh%C3%B5es.\">Jeff Bezos<\/a><\/strong>, deixar\u00e1 o cargo at\u00e9 o terceiro trimestre deste ano.<\/p>\n\t<p>\n\t\t<a href=\"https:\/\/lp.suno.com.br\/planilha-controle-gastos\/\" target=\"_blank\" data-element=\"shortcode-suno-banner\" title=\"Banner SUNO, clique e saiba mais\">\n\t\t\t<picture>\n\t\t\t\t<source media=\"(max-width: 500px)\" srcset=\"https:\/\/files.sunoresearch.com.br\/n\/uploads\/2023\/03\/400x300-Planilha-controle-de-gastos.png\">\n\t\t\t\t<img class=\"newsContent__article__imgCapa newsContent__article__imgCapa--banner\"\n\t\t\t\t\tsrc=\"https:\/\/files.sunoresearch.com.br\/n\/uploads\/2023\/03\/1420x240-Planilha-controle-de-gastos.png\"\n\t\t\t\t\tdata-promo-id=\"101751\"\t\t\t\t\t\t\t\t\t\twidth='1420' height='240'\t\t\t\t\talt=\"https:\/\/files.sunoresearch.com.br\/n\/uploads\/2023\/03\/1420x240-Planilha-controle-de-gastos.png\"\n\t\t\t\t>\n\t\t\t<\/picture>\n\t\t<\/a>\n\t<\/p>\n\n\n<p>De acordo com o comunicado da empresa, Andy Jassy ocupar\u00e1 a posi\u00e7\u00e3o de Bezos. Atualmente,\u00a0Jassy \u00e9<strong>\u00a0CEO da Amazon<\/strong> Web Services, neg\u00f3cio de computa\u00e7\u00e3o em nuvem da companhia.<\/p>\n<p>&#8220;Tenho o prazer de anunciar que neste terceiro trimestre farei a transi\u00e7\u00e3o para Presidente Executivo do Conselho da Amazon e <strong>Andy Jassy<\/strong> se tornar\u00e1 CEO. Na fun\u00e7\u00e3o de Presidente Executivo, pretendo concentrar minhas energias e aten\u00e7\u00e3o em novos produtos e iniciativas iniciais. Andy \u00e9 bem conhecido dentro da empresa e est\u00e1 na Amazon h\u00e1 quase tanto tempo quanto eu. Ele ser\u00e1 um l\u00edder not\u00e1vel e tem toda a minha confian\u00e7a&#8221;, declara Bezos em comunicado.<\/p>\n<p><span style=\"font-weight: 400;\">\t<div data-element=\"shortcode-read-more\" class=\"knowMore\">\n\t\t\t\t<span class=\"knowMore__title\">Veja o texto completo<\/span>\n\t\t\t\t<a class=\"knowMore__link\" href=\"https:\/\/www.suno.com.br\/noticias\/ceo-amazon-bezos-deixa-cargo\/\">\n\t\t\tCEO da Amazon (AMZO34), Jeff Bezos, deixar\u00e1 o cargo\t\t<\/a>\n\t<\/div>\n\n<\/span><\/p>\n<h2>4 &#8211; Taurus (TASA4) fecha memorando de bases comerciais com IMBEL<\/h2>\n<p>A <a href=\"https:\/\/www.suno.com.br\/acoes\/tasa4\/\"><strong>Taurus<\/strong> (TASA4)<\/a> informou, na manh\u00e3 da \u00faltima quarta-feira (3), que fechou um memorando de entendimentos n\u00e3o vinculativos com o intuito de estabelecer bases t\u00e9cnicas e comerciais com a IMBEL, empresa brasileira creditada pelo Minist\u00e9rio da Defesa como a primeira Empresa Estrat\u00e9gica de Defesa (EED).<\/p>\n\t<p>\n\t\t<a href=\"https:\/\/lp.suno.com.br\/planilha-controle-gastos\/\" target=\"_blank\" data-element=\"shortcode-suno-banner\" title=\"Banner SUNO, clique e saiba mais\">\n\t\t\t<picture>\n\t\t\t\t<source media=\"(max-width: 500px)\" srcset=\"https:\/\/files.sunoresearch.com.br\/n\/uploads\/2023\/03\/400x300-Planilha-controle-de-gastos.png\">\n\t\t\t\t<img class=\"newsContent__article__imgCapa newsContent__article__imgCapa--banner\"\n\t\t\t\t\tsrc=\"https:\/\/files.sunoresearch.com.br\/n\/uploads\/2023\/03\/1420x240-Planilha-controle-de-gastos.png\"\n\t\t\t\t\tdata-promo-id=\"101751\"\t\t\t\t\t\t\t\t\t\twidth='1420' height='240'\t\t\t\t\talt=\"https:\/\/files.sunoresearch.com.br\/n\/uploads\/2023\/03\/1420x240-Planilha-controle-de-gastos.png\"\n\t\t\t\t>\n\t\t\t<\/picture>\n\t\t<\/a>\n\t<\/p>\n\n\n<p>Segundo o <a href=\"https:\/\/www.suno.com.br\/artigos\/fato-relevante\/\">fato relevante<\/a>, o memorando tem por objetivo determinar entre as bases t\u00e9cninas e comerciais iniciais para a celebra\u00e7\u00e3o de poss\u00edveis instrumentos espec\u00edficos no futuro. Segundo a Taurus, contudo, os termos e condi\u00e7\u00f5es de execu\u00e7\u00e3o do neg\u00f3cio ainda n\u00e3o foram definidos.<\/p>\n<p>A entendimento entre as companhias visa a &#8220;poss\u00edvel contrata\u00e7\u00e3o de servi\u00e7os de industrializa\u00e7\u00e3o por encomenda (IPE) de produtos e servi\u00e7os de portf\u00f3lio da <strong>IMBEL<\/strong>, e implanta\u00e7\u00e3o e opera\u00e7\u00e3o, em conjunto, ou isoladamente, de um \u00d3rg\u00e3o de Acredita\u00e7\u00e3o e Certifica\u00e7\u00e3o&#8221;.<\/p>\n<p>Al\u00e9m disso, o memorando abre caminho para a &#8220;<strong>pesquisa e desenvolvimento<\/strong> e produ\u00e7\u00e3o de novos produtos; e, ainda, a comercializa\u00e7\u00e3o conjunta de produtos e servi\u00e7os de ambas as empresas&#8221;, diz o comunicado da companhia ao mercado.<\/p>\n<p>O prazo inicial do memorando assinado ser\u00e1 de cinco anos, podendo ser prorrogado por mais cinco ano. Para que o entendimento seja renovado, dever\u00e1 ser formalizado mediante a um aditivo contratual entre a Taurus e a IMBEL.<\/p>\n<p><span style=\"font-weight: 400;\">\t<div data-element=\"shortcode-read-more\" class=\"knowMore\">\n\t\t\t\t<span class=\"knowMore__title\">Veja o texto completo<\/span>\n\t\t\t\t<a class=\"knowMore__link\" href=\"https:\/\/www.suno.com.br\/noticias\/taurus-tasa4-memorando-comercial-imbel\/\">\n\t\t\tTaurus (TASA4) fecha memorando de bases comerciais com IMBEL\t\t<\/a>\n\t<\/div>\n\n<\/span><\/p>\n<h2>5 &#8211; B3 retoma negocia\u00e7\u00e3o cont\u00ednua de ativos do IRB Brasil (IRBR3)<\/h2>\n<p>A pol\u00eamica sobre as a\u00e7\u00f5es do <a href=\"https:\/\/www.suno.com.br\/acoes\/irbr3\/\"><strong>IRB Brasil<\/strong> (IRBR3)<\/a> continuaram nesta semana, quando a <a href=\"https:\/\/www.suno.com.br\/artigos\/b3\/\">Brasil, Bolsa, Balc\u00e3o \u2014 B3<\/a> comunicou na segunda (1) a retomada das negocia\u00e7\u00f5es cont\u00ednuas das a\u00e7\u00f5es e derivativos do ressegurador.<\/p>\n<p>A bolsa brasileira havia colocado as opera\u00e7\u00f5es envolvendo ativos do IRB Brasil a leil\u00e3o devido \u00e0 forte volatilidade registrada pelos pap\u00e9is. Os leil\u00f5es tiveram in\u00edcio na \u00faltima sexta-feira (29) e duraram at\u00e9 \u00e0s 13h30 da tarde da segunda.<\/p>\n<p>\u201cRessalta-se, contudo, que a volatilidade dos ativos permanecer\u00e1 sendo observada pela B3 e pela CVM [Comiss\u00e3o de Valores Mobili\u00e1rios], e que o procedimento poder\u00e1 ser alterado ao longo da sess\u00e3o de negocia\u00e7\u00e3o, inclusive com a retomada dos leil\u00f5es\u201d, disse a bolsa na nota.<\/p>\n<p>A medida veio depois de investidores inspirados pela t\u00e1tica de <a href=\"https:\/\/www.suno.com.br\/artigos\/short-squeeze\/\"><em>short squeeze<\/em><\/a> com as a\u00e7\u00f5es da GameStop (NYSE: GME) decidirem criar um grupo na rede social Telegram para organizar uma estrat\u00e9gia semelhante com as a\u00e7\u00f5es do ressegurador.<\/p>\n<p>Com isso, as a\u00e7\u00f5es ordin\u00e1rias do IRB Brasil chegaram a registrar uma valoriza\u00e7\u00e3o de 17,82%, quando come\u00e7ou o <strong>Short Squeeze IRB<\/strong>, com os pap\u00e9is fechando cotados a R$ 7,67.<\/p>\n<p><span style=\"font-weight: 400;\">\t<div data-element=\"shortcode-read-more\" class=\"knowMore\">\n\t\t\t\t<span class=\"knowMore__title\">Veja o texto completo<\/span>\n\t\t\t\t<a class=\"knowMore__link\" href=\"https:\/\/www.suno.com.br\/noticias\/b3-retoma-negociacao-continua-irb-brasil-irbr3\/\">\n\t\t\tB3 retoma negocia\u00e7\u00e3o cont\u00ednua de ativos do IRB Brasil (IRBR3)\t\t<\/a>\n\t<\/div>\n\n<\/span><\/p>\n\t<p>\n\t\t<a href=\"https:\/\/lp.suno.com.br\/planilha-de-controle-de-investimentos\/\" target=\"_blank\" data-element=\"shortcode-suno-banner\" title=\"Banner SUNO, clique e saiba mais\">\n\t\t\t<picture>\n\t\t\t\t<source media=\"(max-width: 500px)\" srcset=\"https:\/\/files.sunoresearch.com.br\/n\/uploads\/2023\/03\/400x300-Controle-de-Investimentos.png\">\n\t\t\t\t<img class=\"newsContent__article__imgCapa newsContent__article__imgCapa--banner\"\n\t\t\t\t\tsrc=\"https:\/\/files.sunoresearch.com.br\/n\/uploads\/2023\/03\/1420x240-Controle-de-Investimentos.png\"\n\t\t\t\t\tdata-promo-id=\"75934\"\t\t\t\t\t\t\t\t\t\twidth='1420' height='240'\t\t\t\t\talt=\"https:\/\/files.sunoresearch.com.br\/n\/uploads\/2023\/03\/1420x240-Controle-de-Investimentos.png\"\n\t\t\t\t>\n\t\t\t<\/picture>\n\t\t<\/a>\n\t<\/p>\n\n\n","protected":false},"excerpt":{"rendered":"<p>A tentativa de Eike Batista de recomprar o Porto do A\u00e7u junto com os chineses, o protesto do presidente Jair Bolsonaro contra o enxugamento do Banco do Brasil (BBAS3) e a sa\u00edda de Jeff Bezos da Amazon (AMZO34) est\u00e3o entre as principais not\u00edcias mais lidas no SUNO Not\u00edcias essa semana. Amazon Logo ap\u00f3s a not\u00edcia [&hellip;]<\/p>\n","protected":false},"author":9,"featured_media":37073,"comment_status":"closed","ping_status":"closed","sticky":false,"template":"","format":"standard","meta":[],"categories":[64],"tags":[694,732,1415,1813,2213],"suno_strategy":[],"class_list":["post-119354","post","type-post","status-publish","format-standard","has-post-thumbnail","hentry","category-negocios","tag-amazon-amzo34","tag-banco-do-brasil-bbas3","tag-eike-batista","tag-irb-brasil-irbr3","tag-taurus-armas-tasa3-tasa4"],"yoast_head":"<!-- This site is optimized with the Yoast SEO plugin v24.4 - https:\/\/yoast.com\/wordpress\/plugins\/seo\/ -->\n<title>IRB (IRBR3), Eike Batista e Amazon, Veja as 5 not\u00edcias mais lidas<\/title>\n<meta name=\"description\" content=\"BB (BBAS3), Eike Batista de volta ao A\u00e7u, Jeff Bezos deixa a Amazon, Veja as 5 not\u00edcias mais lidas da semana. Clique para saber mais.\" \/>\n<meta name=\"robots\" content=\"index, follow, max-snippet:-1, max-image-preview:large, max-video-preview:-1\" \/>\n<link rel=\"canonical\" href=\"https:\/\/www.suno.com.br\/noticias\/banco-do-brasil-bbas3-eike-batista-amazon-06022021\/\" \/>\n<meta property=\"og:locale\" content=\"pt_BR\" \/>\n<meta property=\"og:type\" content=\"article\" \/>\n<meta property=\"og:title\" content=\"IRB (IRBR3), Eike Batista e Amazon, Veja as 5 not\u00edcias mais lidas\" \/>\n<meta property=\"og:description\" content=\"BB (BBAS3), Eike Batista de volta ao A\u00e7u, Jeff Bezos deixa a Amazon, Veja as 5 not\u00edcias mais lidas da semana. Clique para saber mais.\" \/>\n<meta property=\"og:url\" content=\"https:\/\/www.suno.com.br\/noticias\/banco-do-brasil-bbas3-eike-batista-amazon-06022021\/\" \/>\n<meta property=\"og:site_name\" content=\"Suno Not\u00edcias\" \/>\n<meta property=\"article:publisher\" content=\"https:\/\/facebook.com\/sunoresearch\" \/>\n<meta property=\"og:image\" content=\"https:\/\/files.sunoresearch.com.br\/n\/uploads\/2019\/09\/1e7afb9f-amazon-1.jpg\" \/>\n\t<meta property=\"og:image:width\" content=\"1280\" \/>\n\t<meta property=\"og:image:height\" content=\"720\" \/>\n\t<meta property=\"og:image:type\" content=\"image\/jpeg\" \/>\n<meta name=\"author\" content=\"Carlo Cauti\" \/>\n<meta name=\"twitter:card\" content=\"summary_large_image\" \/>\n<meta name=\"twitter:creator\" content=\"@sunoresearch\" \/>\n<meta name=\"twitter:site\" content=\"@sunoresearch\" \/>\n<meta name=\"twitter:label1\" content=\"Escrito por\" \/>\n\t<meta name=\"twitter:data1\" content=\"Carlo Cauti\" \/>\n\t<meta name=\"twitter:label2\" content=\"Est. tempo de leitura\" \/>\n\t<meta name=\"twitter:data2\" content=\"6 minutos\" \/>\n<script type=\"application\/ld+json\" class=\"yoast-schema-graph\">{\"@context\":\"https:\/\/schema.org\",\"@graph\":[{\"@type\":\"NewsArticle\",\"@id\":\"https:\/\/www.suno.com.br\/noticias\/banco-do-brasil-bbas3-eike-batista-amazon-06022021\/#article\",\"isPartOf\":{\"@id\":\"https:\/\/www.suno.com.br\/noticias\/banco-do-brasil-bbas3-eike-batista-amazon-06022021\/\"},\"author\":{\"name\":\"Carlo Cauti\",\"@id\":\"https:\/\/www.suno.com.br\/noticias\/#\/schema\/person\/e6e0f723cc177805027f4566c1d5e0c8\"},\"headline\":\"Banco do Brasil (BBAS3), Eike Batista de volta ao A\u00e7u, Jeff Bezos deixa a Amazon, Veja as 5 not\u00edcias mais lidas da semana\",\"datePublished\":\"2021-02-06T14:36:30+00:00\",\"mainEntityOfPage\":{\"@id\":\"https:\/\/www.suno.com.br\/noticias\/banco-do-brasil-bbas3-eike-batista-amazon-06022021\/\"},\"wordCount\":1204,\"publisher\":{\"@id\":\"https:\/\/www.suno.com.br\/noticias\/#organization\"},\"image\":{\"@id\":\"https:\/\/www.suno.com.br\/noticias\/banco-do-brasil-bbas3-eike-batista-amazon-06022021\/#primaryimage\"},\"thumbnailUrl\":\"https:\/\/files.sunoresearch.com.br\/n\/uploads\/2019\/09\/1e7afb9f-amazon-1-jpg.webp\",\"keywords\":[\"Amazon (AMZO34)\",\"Banco do Brasil (BBAS3)\",\"Eike Batista\",\"IRB Brasil (IRBR3)\",\"Taurus Armas (TASA3\/TASA4)\"],\"articleSection\":[\"Neg\u00f3cios\"],\"inLanguage\":\"pt-BR\"},{\"@type\":\"WebPage\",\"@id\":\"https:\/\/www.suno.com.br\/noticias\/banco-do-brasil-bbas3-eike-batista-amazon-06022021\/\",\"url\":\"https:\/\/www.suno.com.br\/noticias\/banco-do-brasil-bbas3-eike-batista-amazon-06022021\/\",\"name\":\"IRB (IRBR3), Eike Batista e Amazon, Veja as 5 not\u00edcias mais lidas\",\"isPartOf\":{\"@id\":\"https:\/\/www.suno.com.br\/noticias\/#website\"},\"primaryImageOfPage\":{\"@id\":\"https:\/\/www.suno.com.br\/noticias\/banco-do-brasil-bbas3-eike-batista-amazon-06022021\/#primaryimage\"},\"image\":{\"@id\":\"https:\/\/www.suno.com.br\/noticias\/banco-do-brasil-bbas3-eike-batista-amazon-06022021\/#primaryimage\"},\"thumbnailUrl\":\"https:\/\/files.sunoresearch.com.br\/n\/uploads\/2019\/09\/1e7afb9f-amazon-1-jpg.webp\",\"datePublished\":\"2021-02-06T14:36:30+00:00\",\"description\":\"BB (BBAS3), Eike Batista de volta ao A\u00e7u, Jeff Bezos deixa a Amazon, Veja as 5 not\u00edcias mais lidas da semana. Clique para saber mais.\",\"breadcrumb\":{\"@id\":\"https:\/\/www.suno.com.br\/noticias\/banco-do-brasil-bbas3-eike-batista-amazon-06022021\/#breadcrumb\"},\"inLanguage\":\"pt-BR\",\"potentialAction\":[{\"@type\":\"ReadAction\",\"target\":[\"https:\/\/www.suno.com.br\/noticias\/banco-do-brasil-bbas3-eike-batista-amazon-06022021\/\"]}]},{\"@type\":\"ImageObject\",\"inLanguage\":\"pt-BR\",\"@id\":\"https:\/\/www.suno.com.br\/noticias\/banco-do-brasil-bbas3-eike-batista-amazon-06022021\/#primaryimage\",\"url\":\"https:\/\/files.sunoresearch.com.br\/n\/uploads\/2019\/09\/1e7afb9f-amazon-1-jpg.webp\",\"contentUrl\":\"https:\/\/files.sunoresearch.com.br\/n\/uploads\/2019\/09\/1e7afb9f-amazon-1-jpg.webp\",\"width\":1280,\"height\":720,\"caption\":\"Amazon\"},{\"@type\":\"BreadcrumbList\",\"@id\":\"https:\/\/www.suno.com.br\/noticias\/banco-do-brasil-bbas3-eike-batista-amazon-06022021\/#breadcrumb\",\"itemListElement\":[{\"@type\":\"ListItem\",\"position\":1,\"name\":\"Not\u00edcias\",\"item\":\"https:\/\/www.suno.com.br\/noticias\/\"},{\"@type\":\"ListItem\",\"position\":2,\"name\":\"Neg\u00f3cios\",\"item\":\"https:\/\/www.suno.com.br\/noticias\/negocios\/\"},{\"@type\":\"ListItem\",\"position\":3,\"name\":\"Banco do Brasil (BBAS3), Eike Batista de volta ao A\u00e7u, Jeff Bezos deixa a Amazon, Veja as 5 not\u00edcias mais lidas da semana\"}]},{\"@type\":\"WebSite\",\"@id\":\"https:\/\/www.suno.com.br\/noticias\/#website\",\"url\":\"https:\/\/www.suno.com.br\/noticias\/\",\"name\":\"Suno Not\u00edcias\",\"description\":\"Seu portal de informa\u00e7\u00e3o sobre o mundo dos investimentos\",\"publisher\":{\"@id\":\"https:\/\/www.suno.com.br\/noticias\/#organization\"},\"potentialAction\":[{\"@type\":\"SearchAction\",\"target\":{\"@type\":\"EntryPoint\",\"urlTemplate\":\"https:\/\/www.suno.com.br\/noticias\/?s={search_term_string}\"},\"query-input\":{\"@type\":\"PropertyValueSpecification\",\"valueRequired\":true,\"valueName\":\"search_term_string\"}}],\"inLanguage\":\"pt-BR\"},{\"@type\":\"Organization\",\"@id\":\"https:\/\/www.suno.com.br\/noticias\/#organization\",\"name\":\"Suno Not\u00edcias\",\"url\":\"https:\/\/www.suno.com.br\/noticias\/\",\"logo\":{\"@type\":\"ImageObject\",\"inLanguage\":\"pt-BR\",\"@id\":\"https:\/\/www.suno.com.br\/noticias\/#\/schema\/logo\/image\/\",\"url\":\"https:\/\/files.sunoresearch.com.br\/n\/uploads\/2021\/09\/suno-logo.png\",\"contentUrl\":\"https:\/\/files.sunoresearch.com.br\/n\/uploads\/2021\/09\/suno-logo.png\",\"width\":180,\"height\":180,\"caption\":\"Suno Not\u00edcias\"},\"image\":{\"@id\":\"https:\/\/www.suno.com.br\/noticias\/#\/schema\/logo\/image\/\"},\"sameAs\":[\"https:\/\/facebook.com\/sunoresearch\",\"https:\/\/x.com\/sunoresearch\",\"https:\/\/www.instagram.com\/suno\",\"https:\/\/www.linkedin.com\/company\/suno-research\/\",\"https:\/\/www.youtube.com\/c\/sunoresearch\"]},{\"@type\":\"Person\",\"@id\":\"https:\/\/www.suno.com.br\/noticias\/#\/schema\/person\/e6e0f723cc177805027f4566c1d5e0c8\",\"name\":\"Carlo Cauti\",\"image\":{\"@type\":\"ImageObject\",\"inLanguage\":\"pt-BR\",\"@id\":\"https:\/\/www.suno.com.br\/noticias\/#\/schema\/person\/image\/\",\"url\":\"https:\/\/secure.gravatar.com\/avatar\/3ada9e0bd164c23abd4792a9606d583c?s=96&r=g\",\"contentUrl\":\"https:\/\/secure.gravatar.com\/avatar\/3ada9e0bd164c23abd4792a9606d583c?s=96&r=g\",\"caption\":\"Carlo Cauti\"},\"description\":\"Editor multim\u00eddia do SUNO Not\u00edcias. Italiano, formado em Ci\u00eancias Pol\u00edticas pela universidade LUISS G. Carli de Roma e mestre cum laude em Rela\u00e7\u00f5es Internacionais, Jornalismo Internacional e de Guerra e em Economia Internacional. Concluiu tamb\u00e9m um MBA em Finan\u00e7as na B3. No Brasil, teve passagem por ve\u00edculos como Estad\u00e3o, Globo, Veja e EXAME. e nas ag\u00eancias de not\u00edcias italianas ANSA e NOVA.\",\"url\":\"https:\/\/www.suno.com.br\/noticias\/author\/carlo-cauti\/\"}]}<\/script>\n<!-- \/ Yoast SEO plugin. -->","yoast_head_json":{"title":"IRB (IRBR3), Eike Batista e Amazon, Veja as 5 not\u00edcias mais lidas","description":"BB (BBAS3), Eike Batista de volta ao A\u00e7u, Jeff Bezos deixa a Amazon, Veja as 5 not\u00edcias mais lidas da semana. Clique para saber mais.","robots":{"index":"index","follow":"follow","max-snippet":"max-snippet:-1","max-image-preview":"max-image-preview:large","max-video-preview":"max-video-preview:-1"},"canonical":"https:\/\/www.suno.com.br\/noticias\/banco-do-brasil-bbas3-eike-batista-amazon-06022021\/","og_locale":"pt_BR","og_type":"article","og_title":"IRB (IRBR3), Eike Batista e Amazon, Veja as 5 not\u00edcias mais lidas","og_description":"BB (BBAS3), Eike Batista de volta ao A\u00e7u, Jeff Bezos deixa a Amazon, Veja as 5 not\u00edcias mais lidas da semana. Clique para saber mais.","og_url":"https:\/\/www.suno.com.br\/noticias\/banco-do-brasil-bbas3-eike-batista-amazon-06022021\/","og_site_name":"Suno Not\u00edcias","article_publisher":"https:\/\/facebook.com\/sunoresearch","og_image":[{"width":1280,"height":720,"url":"https:\/\/files.sunoresearch.com.br\/n\/uploads\/2019\/09\/1e7afb9f-amazon-1.jpg","type":"image\/jpeg"}],"author":"Carlo Cauti","twitter_card":"summary_large_image","twitter_creator":"@sunoresearch","twitter_site":"@sunoresearch","twitter_misc":{"Escrito por":"Carlo Cauti","Est. tempo de leitura":"6 minutos"},"schema":{"@context":"https:\/\/schema.org","@graph":[{"@type":"NewsArticle","@id":"https:\/\/www.suno.com.br\/noticias\/banco-do-brasil-bbas3-eike-batista-amazon-06022021\/#article","isPartOf":{"@id":"https:\/\/www.suno.com.br\/noticias\/banco-do-brasil-bbas3-eike-batista-amazon-06022021\/"},"author":{"name":"Carlo Cauti","@id":"https:\/\/www.suno.com.br\/noticias\/#\/schema\/person\/e6e0f723cc177805027f4566c1d5e0c8"},"headline":"Banco do Brasil (BBAS3), Eike Batista de volta ao A\u00e7u, Jeff Bezos deixa a Amazon, Veja as 5 not\u00edcias mais lidas da semana","datePublished":"2021-02-06T14:36:30+00:00","mainEntityOfPage":{"@id":"https:\/\/www.suno.com.br\/noticias\/banco-do-brasil-bbas3-eike-batista-amazon-06022021\/"},"wordCount":1204,"publisher":{"@id":"https:\/\/www.suno.com.br\/noticias\/#organization"},"image":{"@id":"https:\/\/www.suno.com.br\/noticias\/banco-do-brasil-bbas3-eike-batista-amazon-06022021\/#primaryimage"},"thumbnailUrl":"https:\/\/files.sunoresearch.com.br\/n\/uploads\/2019\/09\/1e7afb9f-amazon-1-jpg.webp","keywords":["Amazon (AMZO34)","Banco do Brasil (BBAS3)","Eike Batista","IRB Brasil (IRBR3)","Taurus Armas (TASA3\/TASA4)"],"articleSection":["Neg\u00f3cios"],"inLanguage":"pt-BR"},{"@type":"WebPage","@id":"https:\/\/www.suno.com.br\/noticias\/banco-do-brasil-bbas3-eike-batista-amazon-06022021\/","url":"https:\/\/www.suno.com.br\/noticias\/banco-do-brasil-bbas3-eike-batista-amazon-06022021\/","name":"IRB (IRBR3), Eike Batista e Amazon, Veja as 5 not\u00edcias mais lidas","isPartOf":{"@id":"https:\/\/www.suno.com.br\/noticias\/#website"},"primaryImageOfPage":{"@id":"https:\/\/www.suno.com.br\/noticias\/banco-do-brasil-bbas3-eike-batista-amazon-06022021\/#primaryimage"},"image":{"@id":"https:\/\/www.suno.com.br\/noticias\/banco-do-brasil-bbas3-eike-batista-amazon-06022021\/#primaryimage"},"thumbnailUrl":"https:\/\/files.sunoresearch.com.br\/n\/uploads\/2019\/09\/1e7afb9f-amazon-1-jpg.webp","datePublished":"2021-02-06T14:36:30+00:00","description":"BB (BBAS3), Eike Batista de volta ao A\u00e7u, Jeff Bezos deixa a Amazon, Veja as 5 not\u00edcias mais lidas da semana. Clique para saber mais.","breadcrumb":{"@id":"https:\/\/www.suno.com.br\/noticias\/banco-do-brasil-bbas3-eike-batista-amazon-06022021\/#breadcrumb"},"inLanguage":"pt-BR","potentialAction":[{"@type":"ReadAction","target":["https:\/\/www.suno.com.br\/noticias\/banco-do-brasil-bbas3-eike-batista-amazon-06022021\/"]}]},{"@type":"ImageObject","inLanguage":"pt-BR","@id":"https:\/\/www.suno.com.br\/noticias\/banco-do-brasil-bbas3-eike-batista-amazon-06022021\/#primaryimage","url":"https:\/\/files.sunoresearch.com.br\/n\/uploads\/2019\/09\/1e7afb9f-amazon-1-jpg.webp","contentUrl":"https:\/\/files.sunoresearch.com.br\/n\/uploads\/2019\/09\/1e7afb9f-amazon-1-jpg.webp","width":1280,"height":720,"caption":"Amazon"},{"@type":"BreadcrumbList","@id":"https:\/\/www.suno.com.br\/noticias\/banco-do-brasil-bbas3-eike-batista-amazon-06022021\/#breadcrumb","itemListElement":[{"@type":"ListItem","position":1,"name":"Not\u00edcias","item":"https:\/\/www.suno.com.br\/noticias\/"},{"@type":"ListItem","position":2,"name":"Neg\u00f3cios","item":"https:\/\/www.suno.com.br\/noticias\/negocios\/"},{"@type":"ListItem","position":3,"name":"Banco do Brasil (BBAS3), Eike Batista de volta ao A\u00e7u, Jeff Bezos deixa a Amazon, Veja as 5 not\u00edcias mais lidas da semana"}]},{"@type":"WebSite","@id":"https:\/\/www.suno.com.br\/noticias\/#website","url":"https:\/\/www.suno.com.br\/noticias\/","name":"Suno Not\u00edcias","description":"Seu portal de informa\u00e7\u00e3o sobre o mundo dos investimentos","publisher":{"@id":"https:\/\/www.suno.com.br\/noticias\/#organization"},"potentialAction":[{"@type":"SearchAction","target":{"@type":"EntryPoint","urlTemplate":"https:\/\/www.suno.com.br\/noticias\/?s={search_term_string}"},"query-input":{"@type":"PropertyValueSpecification","valueRequired":true,"valueName":"search_term_string"}}],"inLanguage":"pt-BR"},{"@type":"Organization","@id":"https:\/\/www.suno.com.br\/noticias\/#organization","name":"Suno Not\u00edcias","url":"https:\/\/www.suno.com.br\/noticias\/","logo":{"@type":"ImageObject","inLanguage":"pt-BR","@id":"https:\/\/www.suno.com.br\/noticias\/#\/schema\/logo\/image\/","url":"https:\/\/files.sunoresearch.com.br\/n\/uploads\/2021\/09\/suno-logo.png","contentUrl":"https:\/\/files.sunoresearch.com.br\/n\/uploads\/2021\/09\/suno-logo.png","width":180,"height":180,"caption":"Suno Not\u00edcias"},"image":{"@id":"https:\/\/www.suno.com.br\/noticias\/#\/schema\/logo\/image\/"},"sameAs":["https:\/\/facebook.com\/sunoresearch","https:\/\/x.com\/sunoresearch","https:\/\/www.instagram.com\/suno","https:\/\/www.linkedin.com\/company\/suno-research\/","https:\/\/www.youtube.com\/c\/sunoresearch"]},{"@type":"Person","@id":"https:\/\/www.suno.com.br\/noticias\/#\/schema\/person\/e6e0f723cc177805027f4566c1d5e0c8","name":"Carlo Cauti","image":{"@type":"ImageObject","inLanguage":"pt-BR","@id":"https:\/\/www.suno.com.br\/noticias\/#\/schema\/person\/image\/","url":"https:\/\/secure.gravatar.com\/avatar\/3ada9e0bd164c23abd4792a9606d583c?s=96&r=g","contentUrl":"https:\/\/secure.gravatar.com\/avatar\/3ada9e0bd164c23abd4792a9606d583c?s=96&r=g","caption":"Carlo Cauti"},"description":"Editor multim\u00eddia do SUNO Not\u00edcias. Italiano, formado em Ci\u00eancias Pol\u00edticas pela universidade LUISS G. Carli de Roma e mestre cum laude em Rela\u00e7\u00f5es Internacionais, Jornalismo Internacional e de Guerra e em Economia Internacional. Concluiu tamb\u00e9m um MBA em Finan\u00e7as na B3. No Brasil, teve passagem por ve\u00edculos como Estad\u00e3o, Globo, Veja e EXAME. e nas ag\u00eancias de not\u00edcias italianas ANSA e NOVA.","url":"https:\/\/www.suno.com.br\/noticias\/author\/carlo-cauti\/"}]}},"default_loop_html":"<div class=\"cardsPage__listCard__boxs\"><div class=\"cardsPage__listCard__boxs__img\"><a href=\"https:\/\/www.suno.com.br\/noticias\/banco-do-brasil-bbas3-eike-batista-amazon-06022021\/\"><img class=\"mask\" src=\"https:\/\/www.suno.com.br\/noticias\/wp-content\/themes\/suno\/resources\/images\/spotlight\/spotlight1img\/bg-mask.png\" alt=\"Image Mask\"\/><img src=\"https:\/\/files.sunoresearch.com.br\/n\/uploads\/2019\/09\/1e7afb9f-amazon-1-400x200.webp\" alt=\"Banco do Brasil (BBAS3), Eike Batista de volta ao A\u00e7u, Jeff Bezos deixa a Amazon, Veja as 5 not\u00edcias mais lidas da semana\"\/><\/a><span class=\"spotlightCategory\"><a href=\"https:\/\/www.suno.com.br\/noticias\/negocios\/\">Neg\u00f3cios<\/a><\/span><\/div><div class=\"cardsPage__listCard__boxs__content\"><a href=\"https:\/\/www.suno.com.br\/noticias\/banco-do-brasil-bbas3-eike-batista-amazon-06022021\/\"><h2 class=\"content__title\">Banco do Brasil (BBAS3), Eike Batista de volta ao A\u00e7u, Jeff Bezos deixa a Amazon, Veja as 5 not\u00edcias mais lidas da semana<\/h2><\/a><div class=\"newsContent__article__meta\"><div class=\"newsContent__article__meta__authorBox\"><a href=\"https:\/\/www.suno.com.br\/noticias\/author\/carlo-cauti\/\" class=\"authorBox__avatar noMobi\"><img src=\"https:\/\/files.sunoresearch.com.br\/n\/uploads\/2020\/08\/e3745f9a-perfil-carlo-cauti-150x150.webp\" alt=\"Carlo Cauti\"><\/a><div class=\"authorBox__name\"><span>por\n\t\t\t<a href=\"https:\/\/www.suno.com.br\/noticias\/author\/carlo-cauti\/\"><span itemprop=\"author\">Carlo Cauti<\/span><\/a><\/span><time datetime=\"2021-02-06T11:36:30-03:00\" itemprop=\"datePublished\">06\/02\/2021 11:36<\/time><\/div><\/div><\/div><\/div><\/div>","single_layout":"posts","amp_enabled":true,"_links":{"self":[{"href":"https:\/\/www.suno.com.br\/noticias\/wp-json\/wp\/v2\/posts\/119354"}],"collection":[{"href":"https:\/\/www.suno.com.br\/noticias\/wp-json\/wp\/v2\/posts"}],"about":[{"href":"https:\/\/www.suno.com.br\/noticias\/wp-json\/wp\/v2\/types\/post"}],"author":[{"embeddable":true,"href":"https:\/\/www.suno.com.br\/noticias\/wp-json\/wp\/v2\/users\/9"}],"replies":[{"embeddable":true,"href":"https:\/\/www.suno.com.br\/noticias\/wp-json\/wp\/v2\/comments?post=119354"}],"version-history":[{"count":0,"href":"https:\/\/www.suno.com.br\/noticias\/wp-json\/wp\/v2\/posts\/119354\/revisions"}],"wp:featuredmedia":[{"embeddable":true,"href":"https:\/\/www.suno.com.br\/noticias\/wp-json\/wp\/v2\/media\/37073"}],"wp:attachment":[{"href":"https:\/\/www.suno.com.br\/noticias\/wp-json\/wp\/v2\/media?parent=119354"}],"wp:term":[{"taxonomy":"category","embeddable":true,"href":"https:\/\/www.suno.com.br\/noticias\/wp-json\/wp\/v2\/categories?post=119354"},{"taxonomy":"post_tag","embeddable":true,"href":"https:\/\/www.suno.com.br\/noticias\/wp-json\/wp\/v2\/tags?post=119354"},{"taxonomy":"suno_strategy","embeddable":true,"href":"https:\/\/www.suno.com.br\/noticias\/wp-json\/wp\/v2\/suno_strategy?post=119354"}],"curies":[{"name":"wp","href":"https:\/\/api.w.org\/{rel}","templated":true}]}}