{"id":119351,"date":"2021-02-06T11:02:27","date_gmt":"2021-02-06T14:02:27","guid":{"rendered":"https:\/\/www.suno.com.br\/noticias\/?p=119351"},"modified":"2021-02-06T11:25:45","modified_gmt":"2021-02-06T14:25:45","slug":"pfizer-anvisa-registro-definitivo-vacina-coronavirus","status":"publish","type":"post","link":"https:\/\/www.suno.com.br\/noticias\/pfizer-anvisa-registro-definitivo-vacina-coronavirus\/","title":{"rendered":"Pfizer solicita \u00e0 Anvisa registro definitivo da vacina contra o coronav\u00edrus"},"content":{"rendered":"<p>A farmac\u00eautica <strong>Pfizer <\/strong>(<a href=\"https:\/\/www.suno.com.br\/artigos\/nyse\/\">NYSE<\/a>: PFE) apresentou neste s\u00e1bado (6) o pedido de registro definitivo de sua vacina contra o novo coronav\u00edrus (covid-19) \u00e0 Ag\u00eancia Nacional de Vigil\u00e2ncia Sanit\u00e1ria (Avisa).<\/p>\t<div class=\"wrapper-featured-image\">\n\t\t<figure class=\"spotlightImg\">\n\n\t\t\t<picture>\n\t\t\t\t<source media=\"(max-width: 768px)\" srcset=\"https:\/\/files.sunoresearch.com.br\/n\/uploads\/2020\/09\/8e77b778-pfizer.1-400x200.webp\">\n\t\t\t\t<img loading=\"lazy\" decoding=\"async\" class=\"newsContent__article__imgCapa lazyloadDisabled \" src=\"https:\/\/files.sunoresearch.com.br\/n\/uploads\/2020\/09\/8e77b778-pfizer.1-800x450.webp\" width=\"800\" height=\"450\" alt=\"Pfizer solicita \u00e0 Anvisa registro definitivo da vacina contra o coronav\u00edrus\" fetchpriority=high \/>\n\t\t\t<\/picture>\n\n\t\t\t<figcaption class=\"wp-caption-text wp-caption-text--show\">Pfizer<\/figcaption>\n\t\t<\/figure>\n\t<\/div>\n\n\n\t<p>\n\t\t<a href=\"https:\/\/lp.suno.com.br\/ebook-como-analisar-uma-acao\/\" target=\"_blank\" data-element=\"shortcode-suno-banner\" title=\"Banner SUNO, clique e saiba mais\">\n\t\t\t<picture>\n\t\t\t\t<source media=\"(max-width: 500px)\" srcset=\"https:\/\/files.sunoresearch.com.br\/n\/uploads\/2023\/03\/Ebook-Acoes-Mobile.jpg\">\n\t\t\t\t<img class=\"newsContent__article__imgCapa newsContent__article__imgCapa--banner\"\n\t\t\t\t\tsrc=\"https:\/\/files.sunoresearch.com.br\/n\/uploads\/2023\/03\/Ebook-Acoes-Desktop.jpg\"\n\t\t\t\t\tdata-promo-id=\"378302\"\t\t\t\t\t\t\t\t\t\twidth='1420' height='286'\t\t\t\t\talt=\"https:\/\/files.sunoresearch.com.br\/n\/uploads\/2023\/03\/Ebook-Acoes-Desktop.jpg\"\n\t\t\t\t>\n\t\t\t<\/picture>\n\t\t<\/a>\n\t<\/p>\n\n\n<p>A Pfizer solicitou que a vacina possa ser comercializada e distribu\u00edda no <strong>Brasil.<\/strong> O pedido foi apresentado ap\u00f3s uma reuni\u00e3o de pr\u00e9-submiss\u00e3o junto a <strong>Anvisa.<\/strong><\/p>\n<p>Segundo a farmac\u00eautica, os dados de efic\u00e1cia da vacina seriam de 95% em geral e 94% para pessoas acima de 65 anos.<\/p>\n<div>\n<div id=\"60141a969004bb2e956386a8\" class=\"op-interactive\" data-title=\"Quiz dos Investimentos\" data-url=\"https:\/\/sunoresearch289.outgrow.us\/60141a969004bb2e956386a8?vHeight=1\" data-width=\"100%\"><\/div>\n<p><script src='\/\/dyv6f9ner1ir9.cloudfront.net\/assets\/js\/nloader.js'><\/script><script>initIframe('60141a969004bb2e956386a8');<\/script><\/p>\n<\/div>\n<p>&#8220;O pedido de registro da vacina junto \u00e0 ANVISA \u00e9 a etapa final do processo de submiss\u00e3o continua estabelecido pela Ag\u00eancia para acelerar os registros de vacinas contra a <strong>COVID-19.<\/strong> A companhia continuar\u00e1 trabalhando junto com a ANVISA para que esse processo transcorra da melhor maneira poss\u00edvel, sempre pautados por crit\u00e9rios t\u00e9cnicos e cient\u00edficos&#8221;, informou em um comunicado M\u00e1rjori Dulcine, diretora m\u00e9dica da <strong>Pfizer<\/strong> Brasil.<\/p>\n<p>A Anvisa estima um prazo de 60 para a conclus\u00e3o do processo de registro de uma vacina.<\/p>\n\t<div data-element=\"shortcode-read-more\" class=\"knowMore\">\n\t\t\t\t<span class=\"knowMore__title\">Veja Tamb\u00e9m<\/span>\n\t\t\t\t<a class=\"knowMore__link\" href=\"https:\/\/www.suno.com.br\/noticias\/pfizer-receita-15-bilhoes-vacina-covid\/\">\n\t\t\tPfizer prev\u00ea receita de US$ 15 bi com vacina contra covid-19 em 2021\t\t<\/a>\n\t<\/div>\n\n\n<p>A Pfizer est\u00e1 desenvolvendo estudos de fase 3 no Brasil, junto com outros quatros laborat\u00f3rios internacionais.<\/p>\n<p>Cerca de 2.900 volunt\u00e1rios est\u00e3o participando dos testes em S\u00e3o Paulo e Salvador.<\/p>\n<p>Al\u00e9m do Brasil, a Pfizer realizou testes nos:<\/p>\n<ul>\n<li>Estados Unidos<\/li>\n<li>Alemanha<\/li>\n<li>Turquia<\/li>\n<li>\u00c1frica do Sul<\/li>\n<li>Argentina<\/li>\n<\/ul>\n<p>Na \u00faltima semana, a Anvisa recebeu tamb\u00e9m a solicita\u00e7\u00e3o para o registro definitivo da vacina de <strong>Oxford,<\/strong> apresentado pela <strong>Funda\u00e7\u00e3o Oswaldo Cruz (Fiocruz)<\/strong>. A ag\u00eancia de regulamenta\u00e7\u00e3o est\u00e1 analisando o pedido do centro de pesquisa carioca.<\/p>\n<p>&#8220;O registro \u00e9 a avalia\u00e7\u00e3o completa com dados mais robustos dos estudos de qualidade, efic\u00e1cia e seguran\u00e7a, bem como do plano de mitiga\u00e7\u00e3o dos riscos e da ado\u00e7\u00e3o das medidas de monitoramento&#8221;, informou a Anvisa em nota.<\/p>\n<p>O \u00f3rg\u00e3o lembrou que &#8220;n\u00e3o imp\u00f5e barreiras ou dificuldades para o pedido de registro de vacinas. Estabelece regras a serem cumpridas, afim de garantir que as vacinas sejam seguras e adequadas para imunizar e n\u00e3o causar dano \u00e0 popula\u00e7\u00e3o brasileira. Os servidores da Ag\u00eancia est\u00e3o dedicados \u00e0 an\u00e1lise desses processos&#8221;.<\/p>\n<h2>Pol\u00eamica com a Pfizer<\/h2>\n<p>O governo brasileiro e a Pfizer entraram em rota de colis\u00e3o nas \u00faltimas semanas por causa das negocia\u00e7\u00f5es para o fornecimento da <strong>vacina<\/strong> contra o <strong>coronav\u00edrus.<\/strong><\/p>\n\t<div data-element=\"shortcode-read-more\" class=\"knowMore\">\n\t\t\t\t<span class=\"knowMore__title\">Veja Tamb\u00e9m<\/span>\n\t\t\t\t<a class=\"knowMore__link\" href=\"https:\/\/www.suno.com.br\/noticias\/vacina-pfizer-covid-aprovada-fda-eua\/\">\n\t\t\tVacina da Pfizer contra Covid \u00e9 aprovada pela FDA nos Estados Unidos\t\t<\/a>\n\t<\/div>\n\n\n<p>O Minist\u00e9rio da Sa\u00fade criticou repetidas vezes a farmac\u00eautica norte-americana por causa da proposta apresentada.<\/p>\n<p>Mesmo com a assinatura do memorando de entendimento com a Pfizer para a aquisi\u00e7\u00e3o de 70 milh\u00f5es de doses, o Minist\u00e9rio da Sa\u00fade chegou a definir as cl\u00e1usulas impostas pela Pfizer como &#8220;leoninas e abusivas&#8221;.<\/p>\n\t<p>\n\t\t<a href=\"https:\/\/lp.suno.com.br\/planilha-controle-gastos\/\" target=\"_blank\" data-element=\"shortcode-suno-banner\" title=\"Banner SUNO, clique e saiba mais\">\n\t\t\t<picture>\n\t\t\t\t<source media=\"(max-width: 500px)\" srcset=\"https:\/\/files.sunoresearch.com.br\/n\/uploads\/2023\/03\/400x300-Planilha-controle-de-gastos.png\">\n\t\t\t\t<img class=\"newsContent__article__imgCapa newsContent__article__imgCapa--banner\"\n\t\t\t\t\tsrc=\"https:\/\/files.sunoresearch.com.br\/n\/uploads\/2023\/03\/1420x240-Planilha-controle-de-gastos.png\"\n\t\t\t\t\tdata-promo-id=\"101751\"\t\t\t\t\t\t\t\t\t\twidth='1420' height='240'\t\t\t\t\talt=\"https:\/\/files.sunoresearch.com.br\/n\/uploads\/2023\/03\/1420x240-Planilha-controle-de-gastos.png\"\n\t\t\t\t>\n\t\t\t<\/picture>\n\t\t<\/a>\n\t<\/p>\n\n\n<p>Entre as cl\u00e1usulas do acordo mais cr\u00edticas est\u00e1 a quest\u00e3o da de-responsabiliza\u00e7\u00e3o total da <strong>Pfizer<\/strong> sobre eventuais eventos adversos causados pela vacinas.<\/p>\n\t<p>\n\t\t<a href=\"https:\/\/lp.suno.com.br\/planilha-de-controle-de-investimentos\/\" target=\"_blank\" data-element=\"shortcode-suno-banner\" title=\"Banner SUNO, clique e saiba mais\">\n\t\t\t<picture>\n\t\t\t\t<source media=\"(max-width: 500px)\" srcset=\"https:\/\/files.sunoresearch.com.br\/n\/uploads\/2023\/03\/400x300-Controle-de-Investimentos.png\">\n\t\t\t\t<img class=\"newsContent__article__imgCapa newsContent__article__imgCapa--banner\"\n\t\t\t\t\tsrc=\"https:\/\/files.sunoresearch.com.br\/n\/uploads\/2023\/03\/1420x240-Controle-de-Investimentos.png\"\n\t\t\t\t\tdata-promo-id=\"75934\"\t\t\t\t\t\t\t\t\t\twidth='1420' height='240'\t\t\t\t\talt=\"https:\/\/files.sunoresearch.com.br\/n\/uploads\/2023\/03\/1420x240-Controle-de-Investimentos.png\"\n\t\t\t\t>\n\t\t\t<\/picture>\n\t\t<\/a>\n\t<\/p>\n\n\n","protected":false},"excerpt":{"rendered":"<p>A farmac\u00eautica Pfizer (NYSE: PFE) apresentou neste s\u00e1bado (6) o pedido de registro definitivo de sua vacina contra o novo coronav\u00edrus (covid-19) \u00e0 Ag\u00eancia Nacional de Vigil\u00e2ncia Sanit\u00e1ria (Avisa). Pfizer A Pfizer solicitou que a vacina possa ser comercializada e distribu\u00edda no Brasil. O pedido foi apresentado ap\u00f3s uma reuni\u00e3o de pr\u00e9-submiss\u00e3o junto a Anvisa. [&hellip;]<\/p>\n","protected":false},"author":9,"featured_media":85780,"comment_status":"closed","ping_status":"closed","sticky":false,"template":"","format":"standard","meta":[],"categories":[64],"tags":[1145,2487,884],"suno_strategy":[],"class_list":["post-119351","post","type-post","status-publish","format-standard","has-post-thumbnail","hentry","category-negocios","tag-anvisa","tag-coronavirus","tag-pfizer-pfiz34"],"yoast_head":"<!-- This site is optimized with the Yoast SEO plugin v24.4 - https:\/\/yoast.com\/wordpress\/plugins\/seo\/ -->\n<title>Pfizer solicita \u00e0 Anvisa registro definitivo da vacina contra o coronav\u00edrus<\/title>\n<meta name=\"description\" content=\"A Pfizer apresentou o pedido de registro definitivo da vacina contra o novo coronav\u00edrus (covid-19) \u00e0 Anvisa. Clique aqui para saber mais.\" \/>\n<meta name=\"robots\" content=\"index, follow, max-snippet:-1, max-image-preview:large, max-video-preview:-1\" \/>\n<link rel=\"canonical\" href=\"https:\/\/www.suno.com.br\/noticias\/pfizer-anvisa-registro-definitivo-vacina-coronavirus\/\" \/>\n<meta property=\"og:locale\" content=\"pt_BR\" \/>\n<meta property=\"og:type\" content=\"article\" \/>\n<meta property=\"og:title\" content=\"Pfizer solicita \u00e0 Anvisa registro definitivo da vacina contra o coronav\u00edrus\" \/>\n<meta property=\"og:description\" content=\"A Pfizer apresentou o pedido de registro definitivo da vacina contra o novo coronav\u00edrus (covid-19) \u00e0 Anvisa. Clique aqui para saber mais.\" \/>\n<meta property=\"og:url\" content=\"https:\/\/www.suno.com.br\/noticias\/pfizer-anvisa-registro-definitivo-vacina-coronavirus\/\" \/>\n<meta property=\"og:site_name\" content=\"Suno Not\u00edcias\" \/>\n<meta property=\"article:publisher\" content=\"https:\/\/facebook.com\/sunoresearch\" \/>\n<meta property=\"og:image\" content=\"https:\/\/files.sunoresearch.com.br\/n\/uploads\/2020\/09\/8e77b778-pfizer.1.jpg\" \/>\n\t<meta property=\"og:image:width\" content=\"1024\" \/>\n\t<meta property=\"og:image:height\" content=\"683\" \/>\n\t<meta property=\"og:image:type\" content=\"image\/jpeg\" \/>\n<meta name=\"author\" content=\"Carlo Cauti\" \/>\n<meta name=\"twitter:card\" content=\"summary_large_image\" \/>\n<meta name=\"twitter:creator\" content=\"@sunoresearch\" \/>\n<meta name=\"twitter:site\" content=\"@sunoresearch\" \/>\n<meta name=\"twitter:label1\" content=\"Escrito por\" \/>\n\t<meta name=\"twitter:data1\" content=\"Carlo Cauti\" \/>\n\t<meta name=\"twitter:label2\" content=\"Est. tempo de leitura\" \/>\n\t<meta name=\"twitter:data2\" content=\"3 minutos\" \/>\n<script type=\"application\/ld+json\" class=\"yoast-schema-graph\">{\"@context\":\"https:\/\/schema.org\",\"@graph\":[{\"@type\":\"NewsArticle\",\"@id\":\"https:\/\/www.suno.com.br\/noticias\/pfizer-anvisa-registro-definitivo-vacina-coronavirus\/#article\",\"isPartOf\":{\"@id\":\"https:\/\/www.suno.com.br\/noticias\/pfizer-anvisa-registro-definitivo-vacina-coronavirus\/\"},\"author\":{\"name\":\"Carlo Cauti\",\"@id\":\"https:\/\/www.suno.com.br\/noticias\/#\/schema\/person\/e6e0f723cc177805027f4566c1d5e0c8\"},\"headline\":\"Pfizer solicita \u00e0 Anvisa registro definitivo da vacina contra o coronav\u00edrus\",\"datePublished\":\"2021-02-06T14:02:27+00:00\",\"dateModified\":\"2021-02-06T14:25:45+00:00\",\"mainEntityOfPage\":{\"@id\":\"https:\/\/www.suno.com.br\/noticias\/pfizer-anvisa-registro-definitivo-vacina-coronavirus\/\"},\"wordCount\":511,\"publisher\":{\"@id\":\"https:\/\/www.suno.com.br\/noticias\/#organization\"},\"image\":{\"@id\":\"https:\/\/www.suno.com.br\/noticias\/pfizer-anvisa-registro-definitivo-vacina-coronavirus\/#primaryimage\"},\"thumbnailUrl\":\"https:\/\/files.sunoresearch.com.br\/n\/uploads\/2020\/09\/8e77b778-pfizer.1-jpg.webp\",\"keywords\":[\"ANVISA\",\"coronav\u00edrus\",\"Pfizer (PFIZ34)\"],\"articleSection\":[\"Neg\u00f3cios\"],\"inLanguage\":\"pt-BR\"},{\"@type\":\"WebPage\",\"@id\":\"https:\/\/www.suno.com.br\/noticias\/pfizer-anvisa-registro-definitivo-vacina-coronavirus\/\",\"url\":\"https:\/\/www.suno.com.br\/noticias\/pfizer-anvisa-registro-definitivo-vacina-coronavirus\/\",\"name\":\"Pfizer solicita \u00e0 Anvisa registro definitivo da vacina contra o coronav\u00edrus\",\"isPartOf\":{\"@id\":\"https:\/\/www.suno.com.br\/noticias\/#website\"},\"primaryImageOfPage\":{\"@id\":\"https:\/\/www.suno.com.br\/noticias\/pfizer-anvisa-registro-definitivo-vacina-coronavirus\/#primaryimage\"},\"image\":{\"@id\":\"https:\/\/www.suno.com.br\/noticias\/pfizer-anvisa-registro-definitivo-vacina-coronavirus\/#primaryimage\"},\"thumbnailUrl\":\"https:\/\/files.sunoresearch.com.br\/n\/uploads\/2020\/09\/8e77b778-pfizer.1-jpg.webp\",\"datePublished\":\"2021-02-06T14:02:27+00:00\",\"dateModified\":\"2021-02-06T14:25:45+00:00\",\"description\":\"A Pfizer apresentou o pedido de registro definitivo da vacina contra o novo coronav\u00edrus (covid-19) \u00e0 Anvisa. Clique aqui para saber mais.\",\"breadcrumb\":{\"@id\":\"https:\/\/www.suno.com.br\/noticias\/pfizer-anvisa-registro-definitivo-vacina-coronavirus\/#breadcrumb\"},\"inLanguage\":\"pt-BR\",\"potentialAction\":[{\"@type\":\"ReadAction\",\"target\":[\"https:\/\/www.suno.com.br\/noticias\/pfizer-anvisa-registro-definitivo-vacina-coronavirus\/\"]}]},{\"@type\":\"ImageObject\",\"inLanguage\":\"pt-BR\",\"@id\":\"https:\/\/www.suno.com.br\/noticias\/pfizer-anvisa-registro-definitivo-vacina-coronavirus\/#primaryimage\",\"url\":\"https:\/\/files.sunoresearch.com.br\/n\/uploads\/2020\/09\/8e77b778-pfizer.1-jpg.webp\",\"contentUrl\":\"https:\/\/files.sunoresearch.com.br\/n\/uploads\/2020\/09\/8e77b778-pfizer.1-jpg.webp\",\"width\":1024,\"height\":683,\"caption\":\"Pfizer\"},{\"@type\":\"BreadcrumbList\",\"@id\":\"https:\/\/www.suno.com.br\/noticias\/pfizer-anvisa-registro-definitivo-vacina-coronavirus\/#breadcrumb\",\"itemListElement\":[{\"@type\":\"ListItem\",\"position\":1,\"name\":\"Not\u00edcias\",\"item\":\"https:\/\/www.suno.com.br\/noticias\/\"},{\"@type\":\"ListItem\",\"position\":2,\"name\":\"Neg\u00f3cios\",\"item\":\"https:\/\/www.suno.com.br\/noticias\/negocios\/\"},{\"@type\":\"ListItem\",\"position\":3,\"name\":\"Pfizer solicita \u00e0 Anvisa registro definitivo da vacina contra o coronav\u00edrus\"}]},{\"@type\":\"WebSite\",\"@id\":\"https:\/\/www.suno.com.br\/noticias\/#website\",\"url\":\"https:\/\/www.suno.com.br\/noticias\/\",\"name\":\"Suno Not\u00edcias\",\"description\":\"Seu portal de informa\u00e7\u00e3o sobre o mundo dos investimentos\",\"publisher\":{\"@id\":\"https:\/\/www.suno.com.br\/noticias\/#organization\"},\"potentialAction\":[{\"@type\":\"SearchAction\",\"target\":{\"@type\":\"EntryPoint\",\"urlTemplate\":\"https:\/\/www.suno.com.br\/noticias\/?s={search_term_string}\"},\"query-input\":{\"@type\":\"PropertyValueSpecification\",\"valueRequired\":true,\"valueName\":\"search_term_string\"}}],\"inLanguage\":\"pt-BR\"},{\"@type\":\"Organization\",\"@id\":\"https:\/\/www.suno.com.br\/noticias\/#organization\",\"name\":\"Suno Not\u00edcias\",\"url\":\"https:\/\/www.suno.com.br\/noticias\/\",\"logo\":{\"@type\":\"ImageObject\",\"inLanguage\":\"pt-BR\",\"@id\":\"https:\/\/www.suno.com.br\/noticias\/#\/schema\/logo\/image\/\",\"url\":\"https:\/\/files.sunoresearch.com.br\/n\/uploads\/2021\/09\/suno-logo.png\",\"contentUrl\":\"https:\/\/files.sunoresearch.com.br\/n\/uploads\/2021\/09\/suno-logo.png\",\"width\":180,\"height\":180,\"caption\":\"Suno Not\u00edcias\"},\"image\":{\"@id\":\"https:\/\/www.suno.com.br\/noticias\/#\/schema\/logo\/image\/\"},\"sameAs\":[\"https:\/\/facebook.com\/sunoresearch\",\"https:\/\/x.com\/sunoresearch\",\"https:\/\/www.instagram.com\/suno\",\"https:\/\/www.linkedin.com\/company\/suno-research\/\",\"https:\/\/www.youtube.com\/c\/sunoresearch\"]},{\"@type\":\"Person\",\"@id\":\"https:\/\/www.suno.com.br\/noticias\/#\/schema\/person\/e6e0f723cc177805027f4566c1d5e0c8\",\"name\":\"Carlo Cauti\",\"image\":{\"@type\":\"ImageObject\",\"inLanguage\":\"pt-BR\",\"@id\":\"https:\/\/www.suno.com.br\/noticias\/#\/schema\/person\/image\/\",\"url\":\"https:\/\/secure.gravatar.com\/avatar\/3ada9e0bd164c23abd4792a9606d583c?s=96&r=g\",\"contentUrl\":\"https:\/\/secure.gravatar.com\/avatar\/3ada9e0bd164c23abd4792a9606d583c?s=96&r=g\",\"caption\":\"Carlo Cauti\"},\"description\":\"Editor multim\u00eddia do SUNO Not\u00edcias. Italiano, formado em Ci\u00eancias Pol\u00edticas pela universidade LUISS G. Carli de Roma e mestre cum laude em Rela\u00e7\u00f5es Internacionais, Jornalismo Internacional e de Guerra e em Economia Internacional. Concluiu tamb\u00e9m um MBA em Finan\u00e7as na B3. No Brasil, teve passagem por ve\u00edculos como Estad\u00e3o, Globo, Veja e EXAME. e nas ag\u00eancias de not\u00edcias italianas ANSA e NOVA.\",\"url\":\"https:\/\/www.suno.com.br\/noticias\/author\/carlo-cauti\/\"}]}<\/script>\n<!-- \/ Yoast SEO plugin. -->","yoast_head_json":{"title":"Pfizer solicita \u00e0 Anvisa registro definitivo da vacina contra o coronav\u00edrus","description":"A Pfizer apresentou o pedido de registro definitivo da vacina contra o novo coronav\u00edrus (covid-19) \u00e0 Anvisa. Clique aqui para saber mais.","robots":{"index":"index","follow":"follow","max-snippet":"max-snippet:-1","max-image-preview":"max-image-preview:large","max-video-preview":"max-video-preview:-1"},"canonical":"https:\/\/www.suno.com.br\/noticias\/pfizer-anvisa-registro-definitivo-vacina-coronavirus\/","og_locale":"pt_BR","og_type":"article","og_title":"Pfizer solicita \u00e0 Anvisa registro definitivo da vacina contra o coronav\u00edrus","og_description":"A Pfizer apresentou o pedido de registro definitivo da vacina contra o novo coronav\u00edrus (covid-19) \u00e0 Anvisa. Clique aqui para saber mais.","og_url":"https:\/\/www.suno.com.br\/noticias\/pfizer-anvisa-registro-definitivo-vacina-coronavirus\/","og_site_name":"Suno Not\u00edcias","article_publisher":"https:\/\/facebook.com\/sunoresearch","og_image":[{"width":1024,"height":683,"url":"https:\/\/files.sunoresearch.com.br\/n\/uploads\/2020\/09\/8e77b778-pfizer.1.jpg","type":"image\/jpeg"}],"author":"Carlo Cauti","twitter_card":"summary_large_image","twitter_creator":"@sunoresearch","twitter_site":"@sunoresearch","twitter_misc":{"Escrito por":"Carlo Cauti","Est. tempo de leitura":"3 minutos"},"schema":{"@context":"https:\/\/schema.org","@graph":[{"@type":"NewsArticle","@id":"https:\/\/www.suno.com.br\/noticias\/pfizer-anvisa-registro-definitivo-vacina-coronavirus\/#article","isPartOf":{"@id":"https:\/\/www.suno.com.br\/noticias\/pfizer-anvisa-registro-definitivo-vacina-coronavirus\/"},"author":{"name":"Carlo Cauti","@id":"https:\/\/www.suno.com.br\/noticias\/#\/schema\/person\/e6e0f723cc177805027f4566c1d5e0c8"},"headline":"Pfizer solicita \u00e0 Anvisa registro definitivo da vacina contra o coronav\u00edrus","datePublished":"2021-02-06T14:02:27+00:00","dateModified":"2021-02-06T14:25:45+00:00","mainEntityOfPage":{"@id":"https:\/\/www.suno.com.br\/noticias\/pfizer-anvisa-registro-definitivo-vacina-coronavirus\/"},"wordCount":511,"publisher":{"@id":"https:\/\/www.suno.com.br\/noticias\/#organization"},"image":{"@id":"https:\/\/www.suno.com.br\/noticias\/pfizer-anvisa-registro-definitivo-vacina-coronavirus\/#primaryimage"},"thumbnailUrl":"https:\/\/files.sunoresearch.com.br\/n\/uploads\/2020\/09\/8e77b778-pfizer.1-jpg.webp","keywords":["ANVISA","coronav\u00edrus","Pfizer (PFIZ34)"],"articleSection":["Neg\u00f3cios"],"inLanguage":"pt-BR"},{"@type":"WebPage","@id":"https:\/\/www.suno.com.br\/noticias\/pfizer-anvisa-registro-definitivo-vacina-coronavirus\/","url":"https:\/\/www.suno.com.br\/noticias\/pfizer-anvisa-registro-definitivo-vacina-coronavirus\/","name":"Pfizer solicita \u00e0 Anvisa registro definitivo da vacina contra o coronav\u00edrus","isPartOf":{"@id":"https:\/\/www.suno.com.br\/noticias\/#website"},"primaryImageOfPage":{"@id":"https:\/\/www.suno.com.br\/noticias\/pfizer-anvisa-registro-definitivo-vacina-coronavirus\/#primaryimage"},"image":{"@id":"https:\/\/www.suno.com.br\/noticias\/pfizer-anvisa-registro-definitivo-vacina-coronavirus\/#primaryimage"},"thumbnailUrl":"https:\/\/files.sunoresearch.com.br\/n\/uploads\/2020\/09\/8e77b778-pfizer.1-jpg.webp","datePublished":"2021-02-06T14:02:27+00:00","dateModified":"2021-02-06T14:25:45+00:00","description":"A Pfizer apresentou o pedido de registro definitivo da vacina contra o novo coronav\u00edrus (covid-19) \u00e0 Anvisa. Clique aqui para saber mais.","breadcrumb":{"@id":"https:\/\/www.suno.com.br\/noticias\/pfizer-anvisa-registro-definitivo-vacina-coronavirus\/#breadcrumb"},"inLanguage":"pt-BR","potentialAction":[{"@type":"ReadAction","target":["https:\/\/www.suno.com.br\/noticias\/pfizer-anvisa-registro-definitivo-vacina-coronavirus\/"]}]},{"@type":"ImageObject","inLanguage":"pt-BR","@id":"https:\/\/www.suno.com.br\/noticias\/pfizer-anvisa-registro-definitivo-vacina-coronavirus\/#primaryimage","url":"https:\/\/files.sunoresearch.com.br\/n\/uploads\/2020\/09\/8e77b778-pfizer.1-jpg.webp","contentUrl":"https:\/\/files.sunoresearch.com.br\/n\/uploads\/2020\/09\/8e77b778-pfizer.1-jpg.webp","width":1024,"height":683,"caption":"Pfizer"},{"@type":"BreadcrumbList","@id":"https:\/\/www.suno.com.br\/noticias\/pfizer-anvisa-registro-definitivo-vacina-coronavirus\/#breadcrumb","itemListElement":[{"@type":"ListItem","position":1,"name":"Not\u00edcias","item":"https:\/\/www.suno.com.br\/noticias\/"},{"@type":"ListItem","position":2,"name":"Neg\u00f3cios","item":"https:\/\/www.suno.com.br\/noticias\/negocios\/"},{"@type":"ListItem","position":3,"name":"Pfizer solicita \u00e0 Anvisa registro definitivo da vacina contra o coronav\u00edrus"}]},{"@type":"WebSite","@id":"https:\/\/www.suno.com.br\/noticias\/#website","url":"https:\/\/www.suno.com.br\/noticias\/","name":"Suno Not\u00edcias","description":"Seu portal de informa\u00e7\u00e3o sobre o mundo dos investimentos","publisher":{"@id":"https:\/\/www.suno.com.br\/noticias\/#organization"},"potentialAction":[{"@type":"SearchAction","target":{"@type":"EntryPoint","urlTemplate":"https:\/\/www.suno.com.br\/noticias\/?s={search_term_string}"},"query-input":{"@type":"PropertyValueSpecification","valueRequired":true,"valueName":"search_term_string"}}],"inLanguage":"pt-BR"},{"@type":"Organization","@id":"https:\/\/www.suno.com.br\/noticias\/#organization","name":"Suno Not\u00edcias","url":"https:\/\/www.suno.com.br\/noticias\/","logo":{"@type":"ImageObject","inLanguage":"pt-BR","@id":"https:\/\/www.suno.com.br\/noticias\/#\/schema\/logo\/image\/","url":"https:\/\/files.sunoresearch.com.br\/n\/uploads\/2021\/09\/suno-logo.png","contentUrl":"https:\/\/files.sunoresearch.com.br\/n\/uploads\/2021\/09\/suno-logo.png","width":180,"height":180,"caption":"Suno Not\u00edcias"},"image":{"@id":"https:\/\/www.suno.com.br\/noticias\/#\/schema\/logo\/image\/"},"sameAs":["https:\/\/facebook.com\/sunoresearch","https:\/\/x.com\/sunoresearch","https:\/\/www.instagram.com\/suno","https:\/\/www.linkedin.com\/company\/suno-research\/","https:\/\/www.youtube.com\/c\/sunoresearch"]},{"@type":"Person","@id":"https:\/\/www.suno.com.br\/noticias\/#\/schema\/person\/e6e0f723cc177805027f4566c1d5e0c8","name":"Carlo Cauti","image":{"@type":"ImageObject","inLanguage":"pt-BR","@id":"https:\/\/www.suno.com.br\/noticias\/#\/schema\/person\/image\/","url":"https:\/\/secure.gravatar.com\/avatar\/3ada9e0bd164c23abd4792a9606d583c?s=96&r=g","contentUrl":"https:\/\/secure.gravatar.com\/avatar\/3ada9e0bd164c23abd4792a9606d583c?s=96&r=g","caption":"Carlo Cauti"},"description":"Editor multim\u00eddia do SUNO Not\u00edcias. Italiano, formado em Ci\u00eancias Pol\u00edticas pela universidade LUISS G. Carli de Roma e mestre cum laude em Rela\u00e7\u00f5es Internacionais, Jornalismo Internacional e de Guerra e em Economia Internacional. Concluiu tamb\u00e9m um MBA em Finan\u00e7as na B3. No Brasil, teve passagem por ve\u00edculos como Estad\u00e3o, Globo, Veja e EXAME. e nas ag\u00eancias de not\u00edcias italianas ANSA e NOVA.","url":"https:\/\/www.suno.com.br\/noticias\/author\/carlo-cauti\/"}]}},"default_loop_html":"<div class=\"cardsPage__listCard__boxs\"><div class=\"cardsPage__listCard__boxs__img\"><a href=\"https:\/\/www.suno.com.br\/noticias\/pfizer-anvisa-registro-definitivo-vacina-coronavirus\/\"><img class=\"mask\" src=\"https:\/\/www.suno.com.br\/noticias\/wp-content\/themes\/suno\/resources\/images\/spotlight\/spotlight1img\/bg-mask.png\" alt=\"Image Mask\"\/><img src=\"https:\/\/files.sunoresearch.com.br\/n\/uploads\/2020\/09\/8e77b778-pfizer.1-400x200.webp\" alt=\"Pfizer solicita \u00e0 Anvisa registro definitivo da vacina contra o coronav\u00edrus\"\/><\/a><span class=\"spotlightCategory\"><a href=\"https:\/\/www.suno.com.br\/noticias\/negocios\/\">Neg\u00f3cios<\/a><\/span><\/div><div class=\"cardsPage__listCard__boxs__content\"><a href=\"https:\/\/www.suno.com.br\/noticias\/pfizer-anvisa-registro-definitivo-vacina-coronavirus\/\"><h2 class=\"content__title\">Pfizer solicita \u00e0 Anvisa registro definitivo da vacina contra o coronav\u00edrus<\/h2><\/a><div class=\"newsContent__article__meta\"><div class=\"newsContent__article__meta__authorBox\"><a href=\"https:\/\/www.suno.com.br\/noticias\/author\/carlo-cauti\/\" class=\"authorBox__avatar noMobi\"><img src=\"https:\/\/files.sunoresearch.com.br\/n\/uploads\/2020\/08\/e3745f9a-perfil-carlo-cauti-150x150.webp\" alt=\"Carlo Cauti\"><\/a><div class=\"authorBox__name\"><span>por\n\t\t\t<a href=\"https:\/\/www.suno.com.br\/noticias\/author\/carlo-cauti\/\"><span itemprop=\"author\">Carlo Cauti<\/span><\/a><\/span><time datetime=\"2021-02-06T11:02:27-03:00\" itemprop=\"datePublished\">06\/02\/2021 11:02<\/time><\/div><\/div><\/div><\/div><\/div>","single_layout":"posts","amp_enabled":true,"_links":{"self":[{"href":"https:\/\/www.suno.com.br\/noticias\/wp-json\/wp\/v2\/posts\/119351"}],"collection":[{"href":"https:\/\/www.suno.com.br\/noticias\/wp-json\/wp\/v2\/posts"}],"about":[{"href":"https:\/\/www.suno.com.br\/noticias\/wp-json\/wp\/v2\/types\/post"}],"author":[{"embeddable":true,"href":"https:\/\/www.suno.com.br\/noticias\/wp-json\/wp\/v2\/users\/9"}],"replies":[{"embeddable":true,"href":"https:\/\/www.suno.com.br\/noticias\/wp-json\/wp\/v2\/comments?post=119351"}],"version-history":[{"count":0,"href":"https:\/\/www.suno.com.br\/noticias\/wp-json\/wp\/v2\/posts\/119351\/revisions"}],"wp:featuredmedia":[{"embeddable":true,"href":"https:\/\/www.suno.com.br\/noticias\/wp-json\/wp\/v2\/media\/85780"}],"wp:attachment":[{"href":"https:\/\/www.suno.com.br\/noticias\/wp-json\/wp\/v2\/media?parent=119351"}],"wp:term":[{"taxonomy":"category","embeddable":true,"href":"https:\/\/www.suno.com.br\/noticias\/wp-json\/wp\/v2\/categories?post=119351"},{"taxonomy":"post_tag","embeddable":true,"href":"https:\/\/www.suno.com.br\/noticias\/wp-json\/wp\/v2\/tags?post=119351"},{"taxonomy":"suno_strategy","embeddable":true,"href":"https:\/\/www.suno.com.br\/noticias\/wp-json\/wp\/v2\/suno_strategy?post=119351"}],"curies":[{"name":"wp","href":"https:\/\/api.w.org\/{rel}","templated":true}]}}