{"id":119307,"date":"2021-02-05T20:07:55","date_gmt":"2021-02-05T23:07:55","guid":{"rendered":"https:\/\/www.suno.com.br\/noticias\/?p=119307"},"modified":"2021-02-05T20:32:40","modified_gmt":"2021-02-05T23:32:40","slug":"cvc-cvcb3-aprova-aumento-capital","status":"publish","type":"post","link":"https:\/\/www.suno.com.br\/noticias\/cvc-cvcb3-aprova-aumento-capital\/","title":{"rendered":"CVC (CVCB3) conclui aumento de capital ap\u00f3s b\u00f4nus de subscri\u00e7\u00e3o"},"content":{"rendered":"<p>A<a href=\"https:\/\/www.suno.com.br\/acoes\/cvcb3\/\" target=\"_blank\" rel=\"noopener noreferrer\"><strong> CVC<\/strong> (CVCB3)<\/a> aprovou em reuni\u00e3o realizada na \u00faltima quarta-feira (3) a homologa\u00e7\u00e3o do aumento do capital social em raz\u00e3o do exerc\u00edcio dos <a href=\"https:\/\/www.suno.com.br\/artigos\/bonus-de-subscricao\/\">b\u00f4nus de subscri\u00e7\u00e3o<\/a> atribu\u00eddos como vantagem adicional \u00e0queles acionistas que participaram do aumento de capital da empresa no ano passado.<\/p>\t<div class=\"wrapper-featured-image\">\n\t\t<figure class=\"spotlightImg\">\n\n\t\t\t<picture>\n\t\t\t\t<source media=\"(max-width: 768px)\" srcset=\"https:\/\/files.sunoresearch.com.br\/n\/uploads\/2020\/09\/a4b10ec2-cvc-400x200.webp\">\n\t\t\t\t<img loading=\"lazy\" decoding=\"async\" class=\"newsContent__article__imgCapa lazyloadDisabled \" src=\"https:\/\/files.sunoresearch.com.br\/n\/uploads\/2020\/09\/a4b10ec2-cvc-800x450.webp\" width=\"800\" height=\"450\" alt=\"CVC (CVCB3) conclui aumento de capital ap\u00f3s b\u00f4nus de subscri\u00e7\u00e3o\" fetchpriority=high \/>\n\t\t\t<\/picture>\n\n\t\t\t<figcaption class=\"wp-caption-text wp-caption-text--show\">A gigante do turismo CVC (CVCB3)<\/figcaption>\n\t\t<\/figure>\n\t<\/div>\n\n\n\t<p>\n\t\t<a href=\"https:\/\/lp.suno.com.br\/planilha-controle-gastos\/\" target=\"_blank\" data-element=\"shortcode-suno-banner\" title=\"Banner SUNO, clique e saiba mais\">\n\t\t\t<picture>\n\t\t\t\t<source media=\"(max-width: 500px)\" srcset=\"https:\/\/files.sunoresearch.com.br\/n\/uploads\/2023\/03\/400x300-Planilha-controle-de-gastos.png\">\n\t\t\t\t<img class=\"newsContent__article__imgCapa newsContent__article__imgCapa--banner\"\n\t\t\t\t\tsrc=\"https:\/\/files.sunoresearch.com.br\/n\/uploads\/2023\/03\/1420x240-Planilha-controle-de-gastos.png\"\n\t\t\t\t\tdata-promo-id=\"101751\"\t\t\t\t\t\t\t\t\t\twidth='1420' height='240'\t\t\t\t\talt=\"https:\/\/files.sunoresearch.com.br\/n\/uploads\/2023\/03\/1420x240-Planilha-controle-de-gastos.png\"\n\t\t\t\t>\n\t\t\t<\/picture>\n\t\t<\/a>\n\t<\/p>\n\n\n<p>No total, foram exercidos b\u00f4nus de subscri\u00e7\u00e3o equivalentes a 90,7% do total dos emitidos pela companhia. Agora, o capital social da CVC passar\u00e1 de R$ 966,71782217 milh\u00f5es para R$ 1,33062285502 bilh\u00e3o, um aumento no valor de R$ 3,90503285 milh\u00f5es.<\/p>\n<p>A opera\u00e7\u00e3o saiu a R$ 12,8367545045 por ativo.<\/p>\n<p><a href=\"https:\/\/lp.suno.com.br\/suno-one\/\">Suno One: acesse gratuitamente eBooks, Minicursos, Artigos e Video Aulas sobre investimentos com um \u00fanico cadastro. Clique para saber mais!<\/a><\/p>\n<p>Em 2020, a companhia havia informado que os recursos captados seriam despendidos para fortalecer a posi\u00e7\u00e3o de caixa da companhia, com o objetivo de viabilizar a retomada das vendas a cr\u00e9dito e parceladas. O montante tamb\u00e9m servir\u00e1 de suporte para a CVC enfrentar o cen\u00e1rio de curto prazo, ainda marcado pela volatilidade e incerteza frente \u00e0 pandemia de covid-19.<\/p>\n<div>\n<div id=\"60141a969004bb2e956386a8\" class=\"op-interactive\" data-title=\"Quiz dos Investimentos\" data-url=\"https:\/\/sunoresearch289.outgrow.us\/60141a969004bb2e956386a8?vHeight=1\" data-width=\"100%\"><\/div>\n<p><script src='\/\/dyv6f9ner1ir9.cloudfront.net\/assets\/js\/nloader.js'><\/script><script>initIframe('60141a969004bb2e956386a8');<\/script><\/p>\n<\/div>\n<p>&nbsp;<\/p>\n<h2>\u00daltima cota\u00e7\u00e3o<\/h2>\n<p>As a\u00e7\u00f5es da CVC fecharam o preg\u00e3o desta sexta-feira em queda de 0,70%, cotadas a R$ 19,97. Enquanto isso,o Ibovespa, \u00edndice de refer\u00eancia da Bolsa de Valores de S\u00e3o Paulo (B3) subiu 0,82%, a 120.240,26 pontos.<\/p>\n<h2>CVC encerra opera\u00e7\u00f5es da Almundo no M\u00e9xico e na Col\u00f4mbia<\/h2>\n<p>No ano passado, a empresa de turismo reportou o encerramento de suas opera\u00e7\u00f5es da Almundo no M\u00e9xico e na Col\u00f4mbia, que foram impactadas pela pandemia mundial e apresentam baixo volume de vendas.<\/p>\n\t<p>\n\t\t<a href=\"https:\/\/lp.suno.com.br\/planilha-controle-gastos\/\" target=\"_blank\" data-element=\"shortcode-suno-banner\" title=\"Banner SUNO, clique e saiba mais\">\n\t\t\t<picture>\n\t\t\t\t<source media=\"(max-width: 500px)\" srcset=\"https:\/\/files.sunoresearch.com.br\/n\/uploads\/2023\/03\/400x300-Planilha-controle-de-gastos.png\">\n\t\t\t\t<img class=\"newsContent__article__imgCapa newsContent__article__imgCapa--banner\"\n\t\t\t\t\tsrc=\"https:\/\/files.sunoresearch.com.br\/n\/uploads\/2023\/03\/1420x240-Planilha-controle-de-gastos.png\"\n\t\t\t\t\tdata-promo-id=\"101751\"\t\t\t\t\t\t\t\t\t\twidth='1420' height='240'\t\t\t\t\talt=\"https:\/\/files.sunoresearch.com.br\/n\/uploads\/2023\/03\/1420x240-Planilha-controle-de-gastos.png\"\n\t\t\t\t>\n\t\t\t<\/picture>\n\t\t<\/a>\n\t<\/p>\n\n\n<p>A CVC disse que iria transferir as opera\u00e7\u00f5es da Almundo Brasil para a Submarino Viagens, sua controlada, em busca de sinergias administrativas, tecnol\u00f3gicas e comerciais. De acordo com a companhia, as opera\u00e7\u00f5es da Almundo no M\u00e9xico e na Col\u00f4mbia atuam apenas no segmento online, representam baixo volume de vendas e foram &#8220;significativamente&#8221; afetadas pela pandemia do covid-19.<\/p>\n<p>A CVC comunicou que estas mudan\u00e7as ser\u00e3o implementadas ainda neste primeiro trimestre de 2021.<\/p>\n\t<p>\n\t\t<a href=\"https:\/\/lp.suno.com.br\/planilha-de-controle-de-investimentos\/\" target=\"_blank\" data-element=\"shortcode-suno-banner\" title=\"Banner SUNO, clique e saiba mais\">\n\t\t\t<picture>\n\t\t\t\t<source media=\"(max-width: 500px)\" srcset=\"https:\/\/files.sunoresearch.com.br\/n\/uploads\/2023\/03\/400x300-Controle-de-Investimentos.png\">\n\t\t\t\t<img class=\"newsContent__article__imgCapa newsContent__article__imgCapa--banner\"\n\t\t\t\t\tsrc=\"https:\/\/files.sunoresearch.com.br\/n\/uploads\/2023\/03\/1420x240-Controle-de-Investimentos.png\"\n\t\t\t\t\tdata-promo-id=\"75934\"\t\t\t\t\t\t\t\t\t\twidth='1420' height='240'\t\t\t\t\talt=\"https:\/\/files.sunoresearch.com.br\/n\/uploads\/2023\/03\/1420x240-Controle-de-Investimentos.png\"\n\t\t\t\t>\n\t\t\t<\/picture>\n\t\t<\/a>\n\t<\/p>\n\n\n","protected":false},"excerpt":{"rendered":"<p>A CVC (CVCB3) aprovou em reuni\u00e3o realizada na \u00faltima quarta-feira (3) a homologa\u00e7\u00e3o do aumento do capital social em raz\u00e3o do exerc\u00edcio dos b\u00f4nus de subscri\u00e7\u00e3o atribu\u00eddos como vantagem adicional \u00e0queles acionistas que participaram do aumento de capital da empresa no ano passado. A gigante do turismo CVC (CVCB3) No total, foram exercidos b\u00f4nus de [&hellip;]<\/p>\n","protected":false},"author":35,"featured_media":88389,"comment_status":"closed","ping_status":"closed","sticky":false,"template":"","format":"standard","meta":[],"categories":[64],"tags":[1438,442],"suno_strategy":[],"class_list":["post-119307","post","type-post","status-publish","format-standard","has-post-thumbnail","hentry","category-negocios","tag-aumento-de-capital","tag-cvc-cvcb3"],"yoast_head":"<!-- This site is optimized with the Yoast SEO plugin v24.4 - https:\/\/yoast.com\/wordpress\/plugins\/seo\/ -->\n<title>CVC (CVCB3) conclui aumento de capital ap\u00f3s b\u00f4nus de subscri\u00e7\u00e3o<\/title>\n<meta name=\"description\" content=\"A CVC (CVCB3) aprovou o aumento do capital social em raz\u00e3o do exerc\u00edcio dos b\u00f4nus de subscri\u00e7\u00e3o. Clique para saber mais\" \/>\n<meta name=\"robots\" content=\"index, follow, max-snippet:-1, max-image-preview:large, max-video-preview:-1\" \/>\n<link rel=\"canonical\" href=\"https:\/\/www.suno.com.br\/noticias\/cvc-cvcb3-aprova-aumento-capital\/\" \/>\n<meta property=\"og:locale\" content=\"pt_BR\" \/>\n<meta property=\"og:type\" content=\"article\" \/>\n<meta property=\"og:title\" content=\"CVC (CVCB3) conclui aumento de capital ap\u00f3s b\u00f4nus de subscri\u00e7\u00e3o\" \/>\n<meta property=\"og:description\" content=\"A CVC (CVCB3) aprovou o aumento do capital social em raz\u00e3o do exerc\u00edcio dos b\u00f4nus de subscri\u00e7\u00e3o. Clique para saber mais\" \/>\n<meta property=\"og:url\" content=\"https:\/\/www.suno.com.br\/noticias\/cvc-cvcb3-aprova-aumento-capital\/\" \/>\n<meta property=\"og:site_name\" content=\"Suno Not\u00edcias\" \/>\n<meta property=\"article:publisher\" content=\"https:\/\/facebook.com\/sunoresearch\" \/>\n<meta property=\"og:image\" content=\"https:\/\/files.sunoresearch.com.br\/n\/uploads\/2020\/09\/a4b10ec2-cvc.png\" \/>\n\t<meta property=\"og:image:width\" content=\"1000\" \/>\n\t<meta property=\"og:image:height\" content=\"631\" \/>\n\t<meta property=\"og:image:type\" content=\"image\/png\" \/>\n<meta name=\"author\" content=\"Arthur Guimar\u00e3es\" \/>\n<meta name=\"twitter:card\" content=\"summary_large_image\" \/>\n<meta name=\"twitter:creator\" content=\"@sunoresearch\" \/>\n<meta name=\"twitter:site\" content=\"@sunoresearch\" \/>\n<meta name=\"twitter:label1\" content=\"Escrito por\" \/>\n\t<meta name=\"twitter:data1\" content=\"Arthur Guimar\u00e3es\" \/>\n\t<meta name=\"twitter:label2\" content=\"Est. tempo de leitura\" \/>\n\t<meta name=\"twitter:data2\" content=\"2 minutos\" \/>\n<script type=\"application\/ld+json\" class=\"yoast-schema-graph\">{\"@context\":\"https:\/\/schema.org\",\"@graph\":[{\"@type\":\"NewsArticle\",\"@id\":\"https:\/\/www.suno.com.br\/noticias\/cvc-cvcb3-aprova-aumento-capital\/#article\",\"isPartOf\":{\"@id\":\"https:\/\/www.suno.com.br\/noticias\/cvc-cvcb3-aprova-aumento-capital\/\"},\"author\":{\"name\":\"Arthur Guimar\u00e3es\",\"@id\":\"https:\/\/www.suno.com.br\/noticias\/#\/schema\/person\/053a750a709a263919a20f976caae91c\"},\"headline\":\"CVC (CVCB3) conclui aumento de capital ap\u00f3s b\u00f4nus de subscri\u00e7\u00e3o\",\"datePublished\":\"2021-02-05T23:07:55+00:00\",\"dateModified\":\"2021-02-05T23:32:40+00:00\",\"mainEntityOfPage\":{\"@id\":\"https:\/\/www.suno.com.br\/noticias\/cvc-cvcb3-aprova-aumento-capital\/\"},\"wordCount\":366,\"publisher\":{\"@id\":\"https:\/\/www.suno.com.br\/noticias\/#organization\"},\"image\":{\"@id\":\"https:\/\/www.suno.com.br\/noticias\/cvc-cvcb3-aprova-aumento-capital\/#primaryimage\"},\"thumbnailUrl\":\"https:\/\/files.sunoresearch.com.br\/n\/uploads\/2020\/09\/a4b10ec2-cvc-png.webp\",\"keywords\":[\"aumento de capital\",\"CVC (CVCB3)\"],\"articleSection\":[\"Neg\u00f3cios\"],\"inLanguage\":\"pt-BR\"},{\"@type\":\"WebPage\",\"@id\":\"https:\/\/www.suno.com.br\/noticias\/cvc-cvcb3-aprova-aumento-capital\/\",\"url\":\"https:\/\/www.suno.com.br\/noticias\/cvc-cvcb3-aprova-aumento-capital\/\",\"name\":\"CVC (CVCB3) conclui aumento de capital ap\u00f3s b\u00f4nus de subscri\u00e7\u00e3o\",\"isPartOf\":{\"@id\":\"https:\/\/www.suno.com.br\/noticias\/#website\"},\"primaryImageOfPage\":{\"@id\":\"https:\/\/www.suno.com.br\/noticias\/cvc-cvcb3-aprova-aumento-capital\/#primaryimage\"},\"image\":{\"@id\":\"https:\/\/www.suno.com.br\/noticias\/cvc-cvcb3-aprova-aumento-capital\/#primaryimage\"},\"thumbnailUrl\":\"https:\/\/files.sunoresearch.com.br\/n\/uploads\/2020\/09\/a4b10ec2-cvc-png.webp\",\"datePublished\":\"2021-02-05T23:07:55+00:00\",\"dateModified\":\"2021-02-05T23:32:40+00:00\",\"description\":\"A CVC (CVCB3) aprovou o aumento do capital social em raz\u00e3o do exerc\u00edcio dos b\u00f4nus de subscri\u00e7\u00e3o. Clique para saber mais\",\"breadcrumb\":{\"@id\":\"https:\/\/www.suno.com.br\/noticias\/cvc-cvcb3-aprova-aumento-capital\/#breadcrumb\"},\"inLanguage\":\"pt-BR\",\"potentialAction\":[{\"@type\":\"ReadAction\",\"target\":[\"https:\/\/www.suno.com.br\/noticias\/cvc-cvcb3-aprova-aumento-capital\/\"]}]},{\"@type\":\"ImageObject\",\"inLanguage\":\"pt-BR\",\"@id\":\"https:\/\/www.suno.com.br\/noticias\/cvc-cvcb3-aprova-aumento-capital\/#primaryimage\",\"url\":\"https:\/\/files.sunoresearch.com.br\/n\/uploads\/2020\/09\/a4b10ec2-cvc-png.webp\",\"contentUrl\":\"https:\/\/files.sunoresearch.com.br\/n\/uploads\/2020\/09\/a4b10ec2-cvc-png.webp\",\"width\":1000,\"height\":631,\"caption\":\"A gigante do turismo CVC (CVCB3)\"},{\"@type\":\"BreadcrumbList\",\"@id\":\"https:\/\/www.suno.com.br\/noticias\/cvc-cvcb3-aprova-aumento-capital\/#breadcrumb\",\"itemListElement\":[{\"@type\":\"ListItem\",\"position\":1,\"name\":\"Not\u00edcias\",\"item\":\"https:\/\/www.suno.com.br\/noticias\/\"},{\"@type\":\"ListItem\",\"position\":2,\"name\":\"Neg\u00f3cios\",\"item\":\"https:\/\/www.suno.com.br\/noticias\/negocios\/\"},{\"@type\":\"ListItem\",\"position\":3,\"name\":\"CVC (CVCB3) conclui aumento de capital ap\u00f3s b\u00f4nus de subscri\u00e7\u00e3o\"}]},{\"@type\":\"WebSite\",\"@id\":\"https:\/\/www.suno.com.br\/noticias\/#website\",\"url\":\"https:\/\/www.suno.com.br\/noticias\/\",\"name\":\"Suno Not\u00edcias\",\"description\":\"Seu portal de informa\u00e7\u00e3o sobre o mundo dos investimentos\",\"publisher\":{\"@id\":\"https:\/\/www.suno.com.br\/noticias\/#organization\"},\"potentialAction\":[{\"@type\":\"SearchAction\",\"target\":{\"@type\":\"EntryPoint\",\"urlTemplate\":\"https:\/\/www.suno.com.br\/noticias\/?s={search_term_string}\"},\"query-input\":{\"@type\":\"PropertyValueSpecification\",\"valueRequired\":true,\"valueName\":\"search_term_string\"}}],\"inLanguage\":\"pt-BR\"},{\"@type\":\"Organization\",\"@id\":\"https:\/\/www.suno.com.br\/noticias\/#organization\",\"name\":\"Suno Not\u00edcias\",\"url\":\"https:\/\/www.suno.com.br\/noticias\/\",\"logo\":{\"@type\":\"ImageObject\",\"inLanguage\":\"pt-BR\",\"@id\":\"https:\/\/www.suno.com.br\/noticias\/#\/schema\/logo\/image\/\",\"url\":\"https:\/\/files.sunoresearch.com.br\/n\/uploads\/2021\/09\/suno-logo.png\",\"contentUrl\":\"https:\/\/files.sunoresearch.com.br\/n\/uploads\/2021\/09\/suno-logo.png\",\"width\":180,\"height\":180,\"caption\":\"Suno Not\u00edcias\"},\"image\":{\"@id\":\"https:\/\/www.suno.com.br\/noticias\/#\/schema\/logo\/image\/\"},\"sameAs\":[\"https:\/\/facebook.com\/sunoresearch\",\"https:\/\/x.com\/sunoresearch\",\"https:\/\/www.instagram.com\/suno\",\"https:\/\/www.linkedin.com\/company\/suno-research\/\",\"https:\/\/www.youtube.com\/c\/sunoresearch\"]},{\"@type\":\"Person\",\"@id\":\"https:\/\/www.suno.com.br\/noticias\/#\/schema\/person\/053a750a709a263919a20f976caae91c\",\"name\":\"Arthur Guimar\u00e3es\",\"image\":{\"@type\":\"ImageObject\",\"inLanguage\":\"pt-BR\",\"@id\":\"https:\/\/www.suno.com.br\/noticias\/#\/schema\/person\/image\/\",\"url\":\"https:\/\/secure.gravatar.com\/avatar\/1affd86a11209ae09eb6dd3bcad3e96c?s=96&r=g\",\"contentUrl\":\"https:\/\/secure.gravatar.com\/avatar\/1affd86a11209ae09eb6dd3bcad3e96c?s=96&r=g\",\"caption\":\"Arthur Guimar\u00e3es\"},\"description\":\"Arthur Guimar\u00e3es escreve sobre pol\u00edtica, economia e neg\u00f3cios para o portal de not\u00edcias da Suno Research. Atualmente, \u00e9 estudante de jornalismo pela Faculdade C\u00e1sper L\u00edbero.\",\"url\":\"https:\/\/www.suno.com.br\/noticias\/author\/arthur-guimaraes\/\"}]}<\/script>\n<!-- \/ Yoast SEO plugin. -->","yoast_head_json":{"title":"CVC (CVCB3) conclui aumento de capital ap\u00f3s b\u00f4nus de subscri\u00e7\u00e3o","description":"A CVC (CVCB3) aprovou o aumento do capital social em raz\u00e3o do exerc\u00edcio dos b\u00f4nus de subscri\u00e7\u00e3o. Clique para saber mais","robots":{"index":"index","follow":"follow","max-snippet":"max-snippet:-1","max-image-preview":"max-image-preview:large","max-video-preview":"max-video-preview:-1"},"canonical":"https:\/\/www.suno.com.br\/noticias\/cvc-cvcb3-aprova-aumento-capital\/","og_locale":"pt_BR","og_type":"article","og_title":"CVC (CVCB3) conclui aumento de capital ap\u00f3s b\u00f4nus de subscri\u00e7\u00e3o","og_description":"A CVC (CVCB3) aprovou o aumento do capital social em raz\u00e3o do exerc\u00edcio dos b\u00f4nus de subscri\u00e7\u00e3o. Clique para saber mais","og_url":"https:\/\/www.suno.com.br\/noticias\/cvc-cvcb3-aprova-aumento-capital\/","og_site_name":"Suno Not\u00edcias","article_publisher":"https:\/\/facebook.com\/sunoresearch","og_image":[{"width":1000,"height":631,"url":"https:\/\/files.sunoresearch.com.br\/n\/uploads\/2020\/09\/a4b10ec2-cvc.png","type":"image\/png"}],"author":"Arthur Guimar\u00e3es","twitter_card":"summary_large_image","twitter_creator":"@sunoresearch","twitter_site":"@sunoresearch","twitter_misc":{"Escrito por":"Arthur Guimar\u00e3es","Est. tempo de leitura":"2 minutos"},"schema":{"@context":"https:\/\/schema.org","@graph":[{"@type":"NewsArticle","@id":"https:\/\/www.suno.com.br\/noticias\/cvc-cvcb3-aprova-aumento-capital\/#article","isPartOf":{"@id":"https:\/\/www.suno.com.br\/noticias\/cvc-cvcb3-aprova-aumento-capital\/"},"author":{"name":"Arthur Guimar\u00e3es","@id":"https:\/\/www.suno.com.br\/noticias\/#\/schema\/person\/053a750a709a263919a20f976caae91c"},"headline":"CVC (CVCB3) conclui aumento de capital ap\u00f3s b\u00f4nus de subscri\u00e7\u00e3o","datePublished":"2021-02-05T23:07:55+00:00","dateModified":"2021-02-05T23:32:40+00:00","mainEntityOfPage":{"@id":"https:\/\/www.suno.com.br\/noticias\/cvc-cvcb3-aprova-aumento-capital\/"},"wordCount":366,"publisher":{"@id":"https:\/\/www.suno.com.br\/noticias\/#organization"},"image":{"@id":"https:\/\/www.suno.com.br\/noticias\/cvc-cvcb3-aprova-aumento-capital\/#primaryimage"},"thumbnailUrl":"https:\/\/files.sunoresearch.com.br\/n\/uploads\/2020\/09\/a4b10ec2-cvc-png.webp","keywords":["aumento de capital","CVC (CVCB3)"],"articleSection":["Neg\u00f3cios"],"inLanguage":"pt-BR"},{"@type":"WebPage","@id":"https:\/\/www.suno.com.br\/noticias\/cvc-cvcb3-aprova-aumento-capital\/","url":"https:\/\/www.suno.com.br\/noticias\/cvc-cvcb3-aprova-aumento-capital\/","name":"CVC (CVCB3) conclui aumento de capital ap\u00f3s b\u00f4nus de subscri\u00e7\u00e3o","isPartOf":{"@id":"https:\/\/www.suno.com.br\/noticias\/#website"},"primaryImageOfPage":{"@id":"https:\/\/www.suno.com.br\/noticias\/cvc-cvcb3-aprova-aumento-capital\/#primaryimage"},"image":{"@id":"https:\/\/www.suno.com.br\/noticias\/cvc-cvcb3-aprova-aumento-capital\/#primaryimage"},"thumbnailUrl":"https:\/\/files.sunoresearch.com.br\/n\/uploads\/2020\/09\/a4b10ec2-cvc-png.webp","datePublished":"2021-02-05T23:07:55+00:00","dateModified":"2021-02-05T23:32:40+00:00","description":"A CVC (CVCB3) aprovou o aumento do capital social em raz\u00e3o do exerc\u00edcio dos b\u00f4nus de subscri\u00e7\u00e3o. Clique para saber mais","breadcrumb":{"@id":"https:\/\/www.suno.com.br\/noticias\/cvc-cvcb3-aprova-aumento-capital\/#breadcrumb"},"inLanguage":"pt-BR","potentialAction":[{"@type":"ReadAction","target":["https:\/\/www.suno.com.br\/noticias\/cvc-cvcb3-aprova-aumento-capital\/"]}]},{"@type":"ImageObject","inLanguage":"pt-BR","@id":"https:\/\/www.suno.com.br\/noticias\/cvc-cvcb3-aprova-aumento-capital\/#primaryimage","url":"https:\/\/files.sunoresearch.com.br\/n\/uploads\/2020\/09\/a4b10ec2-cvc-png.webp","contentUrl":"https:\/\/files.sunoresearch.com.br\/n\/uploads\/2020\/09\/a4b10ec2-cvc-png.webp","width":1000,"height":631,"caption":"A gigante do turismo CVC (CVCB3)"},{"@type":"BreadcrumbList","@id":"https:\/\/www.suno.com.br\/noticias\/cvc-cvcb3-aprova-aumento-capital\/#breadcrumb","itemListElement":[{"@type":"ListItem","position":1,"name":"Not\u00edcias","item":"https:\/\/www.suno.com.br\/noticias\/"},{"@type":"ListItem","position":2,"name":"Neg\u00f3cios","item":"https:\/\/www.suno.com.br\/noticias\/negocios\/"},{"@type":"ListItem","position":3,"name":"CVC (CVCB3) conclui aumento de capital ap\u00f3s b\u00f4nus de subscri\u00e7\u00e3o"}]},{"@type":"WebSite","@id":"https:\/\/www.suno.com.br\/noticias\/#website","url":"https:\/\/www.suno.com.br\/noticias\/","name":"Suno Not\u00edcias","description":"Seu portal de informa\u00e7\u00e3o sobre o mundo dos investimentos","publisher":{"@id":"https:\/\/www.suno.com.br\/noticias\/#organization"},"potentialAction":[{"@type":"SearchAction","target":{"@type":"EntryPoint","urlTemplate":"https:\/\/www.suno.com.br\/noticias\/?s={search_term_string}"},"query-input":{"@type":"PropertyValueSpecification","valueRequired":true,"valueName":"search_term_string"}}],"inLanguage":"pt-BR"},{"@type":"Organization","@id":"https:\/\/www.suno.com.br\/noticias\/#organization","name":"Suno Not\u00edcias","url":"https:\/\/www.suno.com.br\/noticias\/","logo":{"@type":"ImageObject","inLanguage":"pt-BR","@id":"https:\/\/www.suno.com.br\/noticias\/#\/schema\/logo\/image\/","url":"https:\/\/files.sunoresearch.com.br\/n\/uploads\/2021\/09\/suno-logo.png","contentUrl":"https:\/\/files.sunoresearch.com.br\/n\/uploads\/2021\/09\/suno-logo.png","width":180,"height":180,"caption":"Suno Not\u00edcias"},"image":{"@id":"https:\/\/www.suno.com.br\/noticias\/#\/schema\/logo\/image\/"},"sameAs":["https:\/\/facebook.com\/sunoresearch","https:\/\/x.com\/sunoresearch","https:\/\/www.instagram.com\/suno","https:\/\/www.linkedin.com\/company\/suno-research\/","https:\/\/www.youtube.com\/c\/sunoresearch"]},{"@type":"Person","@id":"https:\/\/www.suno.com.br\/noticias\/#\/schema\/person\/053a750a709a263919a20f976caae91c","name":"Arthur Guimar\u00e3es","image":{"@type":"ImageObject","inLanguage":"pt-BR","@id":"https:\/\/www.suno.com.br\/noticias\/#\/schema\/person\/image\/","url":"https:\/\/secure.gravatar.com\/avatar\/1affd86a11209ae09eb6dd3bcad3e96c?s=96&r=g","contentUrl":"https:\/\/secure.gravatar.com\/avatar\/1affd86a11209ae09eb6dd3bcad3e96c?s=96&r=g","caption":"Arthur Guimar\u00e3es"},"description":"Arthur Guimar\u00e3es escreve sobre pol\u00edtica, economia e neg\u00f3cios para o portal de not\u00edcias da Suno Research. Atualmente, \u00e9 estudante de jornalismo pela Faculdade C\u00e1sper L\u00edbero.","url":"https:\/\/www.suno.com.br\/noticias\/author\/arthur-guimaraes\/"}]}},"default_loop_html":"<div class=\"cardsPage__listCard__boxs\"><div class=\"cardsPage__listCard__boxs__img\"><a href=\"https:\/\/www.suno.com.br\/noticias\/cvc-cvcb3-aprova-aumento-capital\/\"><img class=\"mask\" src=\"https:\/\/www.suno.com.br\/noticias\/wp-content\/themes\/suno\/resources\/images\/spotlight\/spotlight1img\/bg-mask.png\" alt=\"Image Mask\"\/><img src=\"https:\/\/files.sunoresearch.com.br\/n\/uploads\/2020\/09\/a4b10ec2-cvc-400x200.webp\" alt=\"CVC (CVCB3) conclui aumento de capital ap\u00f3s b\u00f4nus de subscri\u00e7\u00e3o\"\/><\/a><span class=\"spotlightCategory\"><a href=\"https:\/\/www.suno.com.br\/noticias\/negocios\/\">Neg\u00f3cios<\/a><\/span><\/div><div class=\"cardsPage__listCard__boxs__content\"><a href=\"https:\/\/www.suno.com.br\/noticias\/cvc-cvcb3-aprova-aumento-capital\/\"><h2 class=\"content__title\">CVC (CVCB3) conclui aumento de capital ap\u00f3s b\u00f4nus de subscri\u00e7\u00e3o<\/h2><\/a><div class=\"newsContent__article__meta\"><div class=\"newsContent__article__meta__authorBox\"><a href=\"https:\/\/www.suno.com.br\/noticias\/author\/arthur-guimaraes\/\" class=\"authorBox__avatar noMobi\"><img src=\"https:\/\/files.sunoresearch.com.br\/n\/uploads\/2020\/02\/dfb40897-eu-150x150.webp\" alt=\"Arthur Guimar\u00e3es\"><\/a><div class=\"authorBox__name\"><span>por\n\t\t\t<a href=\"https:\/\/www.suno.com.br\/noticias\/author\/arthur-guimaraes\/\"><span itemprop=\"author\">Arthur Guimar\u00e3es<\/span><\/a><\/span><time datetime=\"2021-02-05T20:07:55-03:00\" itemprop=\"datePublished\">05\/02\/2021 20:07<\/time><\/div><\/div><\/div><\/div><\/div>","single_layout":"posts","amp_enabled":true,"_links":{"self":[{"href":"https:\/\/www.suno.com.br\/noticias\/wp-json\/wp\/v2\/posts\/119307"}],"collection":[{"href":"https:\/\/www.suno.com.br\/noticias\/wp-json\/wp\/v2\/posts"}],"about":[{"href":"https:\/\/www.suno.com.br\/noticias\/wp-json\/wp\/v2\/types\/post"}],"author":[{"embeddable":true,"href":"https:\/\/www.suno.com.br\/noticias\/wp-json\/wp\/v2\/users\/35"}],"replies":[{"embeddable":true,"href":"https:\/\/www.suno.com.br\/noticias\/wp-json\/wp\/v2\/comments?post=119307"}],"version-history":[{"count":0,"href":"https:\/\/www.suno.com.br\/noticias\/wp-json\/wp\/v2\/posts\/119307\/revisions"}],"wp:featuredmedia":[{"embeddable":true,"href":"https:\/\/www.suno.com.br\/noticias\/wp-json\/wp\/v2\/media\/88389"}],"wp:attachment":[{"href":"https:\/\/www.suno.com.br\/noticias\/wp-json\/wp\/v2\/media?parent=119307"}],"wp:term":[{"taxonomy":"category","embeddable":true,"href":"https:\/\/www.suno.com.br\/noticias\/wp-json\/wp\/v2\/categories?post=119307"},{"taxonomy":"post_tag","embeddable":true,"href":"https:\/\/www.suno.com.br\/noticias\/wp-json\/wp\/v2\/tags?post=119307"},{"taxonomy":"suno_strategy","embeddable":true,"href":"https:\/\/www.suno.com.br\/noticias\/wp-json\/wp\/v2\/suno_strategy?post=119307"}],"curies":[{"name":"wp","href":"https:\/\/api.w.org\/{rel}","templated":true}]}}