{"id":11919,"date":"2019-01-16T13:54:38","date_gmt":"2019-01-16T15:54:38","guid":{"rendered":"https:\/\/www.suno.com.br\/noticias\/?p=11919"},"modified":"2021-02-17T20:10:50","modified_gmt":"2021-02-17T23:10:50","slug":"taurus-acoes-vendidas-decreto-armas","status":"publish","type":"post","link":"https:\/\/www.suno.com.br\/noticias\/taurus-acoes-vendidas-decreto-armas\/","title":{"rendered":"Controladores da Taurus vendem a\u00e7\u00f5es no dia do decreto de posse de armas"},"content":{"rendered":"<p>Na \u00faltima ter\u00e7a-feira (15), os controladores da Taurus venderam as a\u00e7\u00f5es da companhia.<\/p>\t<div class=\"wrapper-featured-image\">\n\t\t<figure class=\"spotlightImg\">\n\n\t\t\t<picture>\n\t\t\t\t<source media=\"(max-width: 768px)\" srcset=\"https:\/\/files.sunoresearch.com.br\/n\/uploads\/2019\/01\/1702171f-taurus-400x200.webp\">\n\t\t\t\t<img loading=\"lazy\" decoding=\"async\" class=\"newsContent__article__imgCapa lazyloadDisabled newsContent__article__imgCapa--noCaption\" src=\"https:\/\/files.sunoresearch.com.br\/n\/uploads\/2019\/01\/1702171f-taurus-800x450.webp\" width=\"800\" height=\"450\" alt=\"Controladores da Taurus vendem a\u00e7\u00f5es no dia do decreto de posse de armas\" fetchpriority=high \/>\n\t\t\t<\/picture>\n\n\t\t\t<figcaption class=\"wp-caption-text wp-caption-text--hide\">Controladores da Taurus venderam a\u00e7\u00f5es em dia de decreto de posse de armas\n<\/figcaption>\n\t\t<\/figure>\n\t<\/div>\n\n\n<p>As a\u00e7\u00f5es da <strong>Taurus\u00a0<\/strong>foram vendidas no mesmo dia em que o presidente <strong>Jair Bolsonaro<\/strong>\u00a0assinou o decreto que facilita a posse de arma no Brasil.<\/p>\n<p>De acordo com o comunicado da empresa, a <strong>Tauruspar Participa\u00e7\u00f5es<\/strong>, controladora da companhia, vendeu no \u00faltimo preg\u00e3o:<\/p>\n<ul>\n<li>260 mil a\u00e7\u00f5es ordin\u00e1rias;<\/li>\n<li>923 mil a\u00e7\u00f5es preferenciais.<\/li>\n<\/ul>\n<p>Desta forma, foram vendidas 0,56% de participa\u00e7\u00f5es preferenciais e 3,27% de participa\u00e7\u00f5es ordin\u00e1rias.<\/p>\n<p>A <strong>Tauruspar\u00a0<\/strong>disse que a a\u00e7\u00e3o foi realizada para obter mais capital e n\u00e3o vai alterar o comando da empresa. &#8220;Transa\u00e7\u00e3o foi efetuada para obten\u00e7\u00e3o de recursos financeiros e n\u00e3o objetiva alterar a composi\u00e7\u00e3o do controle ou a estrutura administrativa da companhia&#8221;.<\/p>\n<h2>A\u00e7\u00f5es da Taurus<\/h2>\n<p>Eram boas as expectativas em rela\u00e7\u00e3o a um poss\u00edvel investimento do governo em seguran\u00e7a p\u00fablica e maior liberdade em rela\u00e7\u00e3o ao posse de armas. Desta forma, as a\u00e7\u00f5es preferenciais da Taurus (<strong>FJTA4<\/strong>) apontaram um crescimento de 104,94% em 2019. No ano anterior, j\u00e1 haviam obtido alta de 88,37%.<\/p>\n<p>Al\u00e9m disso, os pap\u00e9is ordin\u00e1rios (<strong>FJTA3<\/strong>) da empresa registraram alta de 85,80% em 2019, ap\u00f3s subirem 146,91% em 2018.<\/p>\n<p>A Tauruspar det\u00eam 45.739.340 a\u00e7\u00f5es da <strong>Taurus<\/strong>, equivalente a 61,24% do capital social da companhia.<\/p>\n<p><a href=\"https:\/\/www.suno.com.br\/noticias\/bolsonaro-porte-armas-decreto-integra\/\">Saiba mais:\u00a0Bolsonaro facilita posse de armas: leia o decreto na \u00edntegra<\/a><\/p>\n<h3 data-track-category=\"Link no Texto\">Depois do decreto<\/h3>\n<p>O decreto de posse armas permite que um cidad\u00e3o tenha um arma de fogo em casa ou no trabalho, caso seja o respons\u00e1vel pelo estabelecimento.<\/p>\n<p>Desta forma, ap\u00f3s a assinatura do decreto, na \u00faltima ter\u00e7a-feira (15), as a\u00e7\u00f5es da fabricante Taurus Armas tiveram queda de 20%.<\/p>\n<p><a href=\"https:\/\/www.suno.com.br\/noticias\/presidente-bolsonaro-assina-decreto-posse-armas\/\">Saiba mais:\u00a0Presidente Bolsonaro assina decreto sobre posse de armas<\/a><\/p>\n<p><a href=\"https:\/\/www.suno.com.br\/noticias\/ibovespa-fecha-queda-taurus\/\">Saiba mais:\u00a0Ibovespa fecha em queda de 0,44%; Taurus \u00e9 destaque<\/a><\/p>\n<p>No entanto, esta quarta-feira (16) n\u00e3o est\u00e1 sendo diferente. Por volta das 15h as <strong>a\u00e7\u00f5es da empresa<\/strong> apontaram uma desvaloriza\u00e7\u00e3o de 20,62%, sendo cotadas a R$ 5,12.<\/p>\n<h2>Mudan\u00e7a de nome<\/h2>\n<p>A <strong>Forjas Taurus<\/strong> alterou sua raz\u00e3o social para <strong>Taurus Armas S.A.<\/strong>, na \u00faltima segunda feira (14).<\/p>\n<p><a href=\"https:\/\/www.suno.com.br\/noticias\/taurus-armas-aguarda-decreto-bolsonaro\/\">Saiba mais:\u00a0Forjas Taurus se torna Taurus Armas e aguarda decreto de Bolsonaro<\/a><\/p>\n<p>De acordo com o comunicado da Taurus, a modifica\u00e7\u00e3o tinha como objetivo retirar o \u201cForjas\u201d do nome uma vez que a atividade n\u00e3o \u00e9 mais exercida pela empresa.<\/p>\n<p>No entanto, quando o novo registro foi enviado \u00e0 Junta Comercial do Rio Grande do Sul, foi pedido um acr\u00e9scimo na raz\u00e3o social. Desta forma, o que seria Taurus S.A. se tornou Taurus Armas S.A..<\/p>\n<p>Conforme disse o diretor-presidente da empresa, Salesio Nuhs, a mudan\u00e7a de nome faz parte da reestrutura\u00e7\u00e3o da empresa que pretende ter uma nova identidade. \u201cFaz parte do processo de reestrutura\u00e7\u00e3o que a empresa est\u00e1 vivendo, baseado no trip\u00e9 estrat\u00e9gico rentabilidade sustent\u00e1vel, qualidade dos produtos e melhora dos indicadores financeiros e operacionais\u201d.<\/p>\n<p>Al\u00e9m disso, segundo o comunicado, \u201ca mudan\u00e7a corrobora com a estrat\u00e9gia da empresa em focar no seu principal neg\u00f3cio, a produ\u00e7\u00e3o e venda de armas\u201d.<\/p>\n<h2>Defeitos de armamento<\/h2>\n<p>Fundada em 1939, a Taurus trabalhava apenas com forjaria, at\u00e9 que no ano seguinte passou a fabricar <strong>rev\u00f3lveres<\/strong>.<\/p>\n<p>Atualmente, a Taurus S.A. \u00e9 a<strong> maior fornecedora de armament<\/strong>o para as For\u00e7as Armadas e as pol\u00edcias estaduais e federais. A empresa produz:<\/p>\n<ul>\n<li>Fuzis<\/li>\n<li>Submetralhadoras<\/li>\n<li>Pistolas<\/li>\n<\/ul>\n<p>No entanto, os rev\u00f3lveres apontam uma s\u00e9rie de defeitos. Em testes realizados pelo <strong>Minist\u00e9rio do Trabalho<\/strong>, foram apontados os seguintes problemas em alguns equipamentos:<\/p>\n<ul>\n<li>Travamento do gatilho ao ser puxado;<\/li>\n<li>Gatilho dispara sozinho.<\/li>\n<\/ul>\n<p>Al\u00e9m disso, outro problema constatado \u00e9 da arma disparar uma rajada de tiros com um \u00fanico acionamento do gatilho. (v\u00eddeo abaixo).<\/p>\n<p><iframe loading=\"lazy\" src=\"https:\/\/www.youtube.com\/embed\/_ads04N7QC4\" width=\"560\" height=\"315\" frameborder=\"0\" allowfullscreen=\"allowfullscreen\"><\/iframe><\/p>\n<p>Nas primeiras semanas de 2019, as a\u00e7\u00f5es da <strong>Taurus<\/strong> acumularam alta de 46%. No entanto, isso n\u00e3o suficiente para melhorar as condi\u00e7\u00f5es da empresa, que no balan\u00e7o mais recente, registrou um preju\u00edzo de R$ 44,6 milh\u00f5es.<\/p>\n","protected":false},"excerpt":{"rendered":"<p>Na \u00faltima ter\u00e7a-feira (15), os controladores da Taurus venderam as a\u00e7\u00f5es da companhia. Controladores da Taurus venderam a\u00e7\u00f5es em dia de decreto de posse de armas As a\u00e7\u00f5es da Taurus\u00a0foram vendidas no mesmo dia em que o presidente Jair Bolsonaro\u00a0assinou o decreto que facilita a posse de arma no Brasil. De acordo com o comunicado [&hellip;]<\/p>\n","protected":false},"author":11,"featured_media":11927,"comment_status":"closed","ping_status":"closed","sticky":false,"template":"","format":"standard","meta":[],"categories":[60],"tags":[2213],"suno_strategy":[],"class_list":["post-11919","post","type-post","status-publish","format-standard","has-post-thumbnail","hentry","category-mercado","tag-taurus-armas-tasa3-tasa4"],"yoast_head":"<!-- This site is optimized with the Yoast SEO plugin v24.4 - https:\/\/yoast.com\/wordpress\/plugins\/seo\/ -->\n<title>Controladores da Taurus vendem a\u00e7\u00f5es no dia do decreto sobre armas<\/title>\n<meta name=\"description\" content=\"As a\u00e7\u00f5es da Taurus foram vendidas no mesmo dia em que Bolsonaro assinou o decreto de posse de armas. Clique para saber mais.\" \/>\n<meta name=\"robots\" content=\"index, follow, max-snippet:-1, max-image-preview:large, max-video-preview:-1\" \/>\n<link rel=\"canonical\" href=\"https:\/\/www.suno.com.br\/noticias\/taurus-acoes-vendidas-decreto-armas\/\" \/>\n<meta property=\"og:locale\" content=\"pt_BR\" \/>\n<meta property=\"og:type\" content=\"article\" \/>\n<meta property=\"og:title\" content=\"Controladores da Taurus vendem a\u00e7\u00f5es no dia do decreto sobre armas\" \/>\n<meta property=\"og:description\" content=\"As a\u00e7\u00f5es da Taurus foram vendidas no mesmo dia em que Bolsonaro assinou o decreto de posse de armas. Clique para saber mais.\" \/>\n<meta property=\"og:url\" content=\"https:\/\/www.suno.com.br\/noticias\/taurus-acoes-vendidas-decreto-armas\/\" \/>\n<meta property=\"og:site_name\" content=\"Suno Not\u00edcias\" \/>\n<meta property=\"article:publisher\" content=\"https:\/\/facebook.com\/sunoresearch\" \/>\n<meta property=\"og:image\" content=\"https:\/\/files.sunoresearch.com.br\/n\/uploads\/2019\/01\/1702171f-taurus-1024x757.jpg\" \/>\n\t<meta property=\"og:image:width\" content=\"1024\" \/>\n\t<meta property=\"og:image:height\" content=\"757\" \/>\n\t<meta property=\"og:image:type\" content=\"image\/jpeg\" \/>\n<meta name=\"author\" content=\"Renan Bandeira\" \/>\n<meta name=\"twitter:card\" content=\"summary_large_image\" \/>\n<meta name=\"twitter:creator\" content=\"@sunoresearch\" \/>\n<meta name=\"twitter:site\" content=\"@sunoresearch\" \/>\n<meta name=\"twitter:label1\" content=\"Escrito por\" \/>\n\t<meta name=\"twitter:data1\" content=\"Renan Bandeira\" \/>\n\t<meta name=\"twitter:label2\" content=\"Est. tempo de leitura\" \/>\n\t<meta name=\"twitter:data2\" content=\"3 minutos\" \/>\n<script type=\"application\/ld+json\" class=\"yoast-schema-graph\">{\"@context\":\"https:\/\/schema.org\",\"@graph\":[{\"@type\":\"NewsArticle\",\"@id\":\"https:\/\/www.suno.com.br\/noticias\/taurus-acoes-vendidas-decreto-armas\/#article\",\"isPartOf\":{\"@id\":\"https:\/\/www.suno.com.br\/noticias\/taurus-acoes-vendidas-decreto-armas\/\"},\"author\":{\"name\":\"Renan Bandeira\",\"@id\":\"https:\/\/www.suno.com.br\/noticias\/#\/schema\/person\/fc144a1c6108bd1dcd43784e88a3c138\"},\"headline\":\"Controladores da Taurus vendem a\u00e7\u00f5es no dia do decreto de posse de armas\",\"datePublished\":\"2019-01-16T15:54:38+00:00\",\"dateModified\":\"2021-02-17T23:10:50+00:00\",\"mainEntityOfPage\":{\"@id\":\"https:\/\/www.suno.com.br\/noticias\/taurus-acoes-vendidas-decreto-armas\/\"},\"wordCount\":677,\"publisher\":{\"@id\":\"https:\/\/www.suno.com.br\/noticias\/#organization\"},\"image\":{\"@id\":\"https:\/\/www.suno.com.br\/noticias\/taurus-acoes-vendidas-decreto-armas\/#primaryimage\"},\"thumbnailUrl\":\"https:\/\/files.sunoresearch.com.br\/n\/uploads\/2019\/01\/1702171f-taurus-jpg.webp\",\"keywords\":[\"Taurus Armas (TASA3\/TASA4)\"],\"articleSection\":[\"Mercado\"],\"inLanguage\":\"pt-BR\"},{\"@type\":\"WebPage\",\"@id\":\"https:\/\/www.suno.com.br\/noticias\/taurus-acoes-vendidas-decreto-armas\/\",\"url\":\"https:\/\/www.suno.com.br\/noticias\/taurus-acoes-vendidas-decreto-armas\/\",\"name\":\"Controladores da Taurus vendem a\u00e7\u00f5es no dia do decreto sobre armas\",\"isPartOf\":{\"@id\":\"https:\/\/www.suno.com.br\/noticias\/#website\"},\"primaryImageOfPage\":{\"@id\":\"https:\/\/www.suno.com.br\/noticias\/taurus-acoes-vendidas-decreto-armas\/#primaryimage\"},\"image\":{\"@id\":\"https:\/\/www.suno.com.br\/noticias\/taurus-acoes-vendidas-decreto-armas\/#primaryimage\"},\"thumbnailUrl\":\"https:\/\/files.sunoresearch.com.br\/n\/uploads\/2019\/01\/1702171f-taurus-jpg.webp\",\"datePublished\":\"2019-01-16T15:54:38+00:00\",\"dateModified\":\"2021-02-17T23:10:50+00:00\",\"description\":\"As a\u00e7\u00f5es da Taurus foram vendidas no mesmo dia em que Bolsonaro assinou o decreto de posse de armas. Clique para saber mais.\",\"breadcrumb\":{\"@id\":\"https:\/\/www.suno.com.br\/noticias\/taurus-acoes-vendidas-decreto-armas\/#breadcrumb\"},\"inLanguage\":\"pt-BR\",\"potentialAction\":[{\"@type\":\"ReadAction\",\"target\":[\"https:\/\/www.suno.com.br\/noticias\/taurus-acoes-vendidas-decreto-armas\/\"]}]},{\"@type\":\"ImageObject\",\"inLanguage\":\"pt-BR\",\"@id\":\"https:\/\/www.suno.com.br\/noticias\/taurus-acoes-vendidas-decreto-armas\/#primaryimage\",\"url\":\"https:\/\/files.sunoresearch.com.br\/n\/uploads\/2019\/01\/1702171f-taurus-jpg.webp\",\"contentUrl\":\"https:\/\/files.sunoresearch.com.br\/n\/uploads\/2019\/01\/1702171f-taurus-jpg.webp\",\"width\":2500,\"height\":1848,\"caption\":\"Controladores da Taurus venderam a\u00e7\u00f5es em dia de decreto de posse de armas\"},{\"@type\":\"BreadcrumbList\",\"@id\":\"https:\/\/www.suno.com.br\/noticias\/taurus-acoes-vendidas-decreto-armas\/#breadcrumb\",\"itemListElement\":[{\"@type\":\"ListItem\",\"position\":1,\"name\":\"Not\u00edcias\",\"item\":\"https:\/\/www.suno.com.br\/noticias\/\"},{\"@type\":\"ListItem\",\"position\":2,\"name\":\"Mercado\",\"item\":\"https:\/\/www.suno.com.br\/noticias\/mercado\/\"},{\"@type\":\"ListItem\",\"position\":3,\"name\":\"Controladores da Taurus vendem a\u00e7\u00f5es no dia do decreto de posse de armas\"}]},{\"@type\":\"WebSite\",\"@id\":\"https:\/\/www.suno.com.br\/noticias\/#website\",\"url\":\"https:\/\/www.suno.com.br\/noticias\/\",\"name\":\"Suno Not\u00edcias\",\"description\":\"Seu portal de informa\u00e7\u00e3o sobre o mundo dos investimentos\",\"publisher\":{\"@id\":\"https:\/\/www.suno.com.br\/noticias\/#organization\"},\"potentialAction\":[{\"@type\":\"SearchAction\",\"target\":{\"@type\":\"EntryPoint\",\"urlTemplate\":\"https:\/\/www.suno.com.br\/noticias\/?s={search_term_string}\"},\"query-input\":{\"@type\":\"PropertyValueSpecification\",\"valueRequired\":true,\"valueName\":\"search_term_string\"}}],\"inLanguage\":\"pt-BR\"},{\"@type\":\"Organization\",\"@id\":\"https:\/\/www.suno.com.br\/noticias\/#organization\",\"name\":\"Suno Not\u00edcias\",\"url\":\"https:\/\/www.suno.com.br\/noticias\/\",\"logo\":{\"@type\":\"ImageObject\",\"inLanguage\":\"pt-BR\",\"@id\":\"https:\/\/www.suno.com.br\/noticias\/#\/schema\/logo\/image\/\",\"url\":\"https:\/\/files.sunoresearch.com.br\/n\/uploads\/2021\/09\/suno-logo.png\",\"contentUrl\":\"https:\/\/files.sunoresearch.com.br\/n\/uploads\/2021\/09\/suno-logo.png\",\"width\":180,\"height\":180,\"caption\":\"Suno Not\u00edcias\"},\"image\":{\"@id\":\"https:\/\/www.suno.com.br\/noticias\/#\/schema\/logo\/image\/\"},\"sameAs\":[\"https:\/\/facebook.com\/sunoresearch\",\"https:\/\/x.com\/sunoresearch\",\"https:\/\/www.instagram.com\/suno\",\"https:\/\/www.linkedin.com\/company\/suno-research\/\",\"https:\/\/www.youtube.com\/c\/sunoresearch\"]},{\"@type\":\"Person\",\"@id\":\"https:\/\/www.suno.com.br\/noticias\/#\/schema\/person\/fc144a1c6108bd1dcd43784e88a3c138\",\"name\":\"Renan Bandeira\",\"image\":{\"@type\":\"ImageObject\",\"inLanguage\":\"pt-BR\",\"@id\":\"https:\/\/www.suno.com.br\/noticias\/#\/schema\/person\/image\/\",\"url\":\"https:\/\/secure.gravatar.com\/avatar\/68359cdb608f14f11bbefcb78f3fc747?s=96&r=g\",\"contentUrl\":\"https:\/\/secure.gravatar.com\/avatar\/68359cdb608f14f11bbefcb78f3fc747?s=96&r=g\",\"caption\":\"Renan Bandeira\"},\"description\":\"Renan Bandeira escreve sobre pol\u00edtica e economia para o portal da Suno Research. Antes da Suno, trabalhou em uma rede de televis\u00e3o, onde fazia reportagens sobre os mesmos temas. Estuda na Universidade Metodista de S\u00e3o Paulo.\",\"url\":\"https:\/\/www.suno.com.br\/noticias\/author\/renan-bandeira\/\"}]}<\/script>\n<!-- \/ Yoast SEO plugin. -->","yoast_head_json":{"title":"Controladores da Taurus vendem a\u00e7\u00f5es no dia do decreto sobre armas","description":"As a\u00e7\u00f5es da Taurus foram vendidas no mesmo dia em que Bolsonaro assinou o decreto de posse de armas. Clique para saber mais.","robots":{"index":"index","follow":"follow","max-snippet":"max-snippet:-1","max-image-preview":"max-image-preview:large","max-video-preview":"max-video-preview:-1"},"canonical":"https:\/\/www.suno.com.br\/noticias\/taurus-acoes-vendidas-decreto-armas\/","og_locale":"pt_BR","og_type":"article","og_title":"Controladores da Taurus vendem a\u00e7\u00f5es no dia do decreto sobre armas","og_description":"As a\u00e7\u00f5es da Taurus foram vendidas no mesmo dia em que Bolsonaro assinou o decreto de posse de armas. Clique para saber mais.","og_url":"https:\/\/www.suno.com.br\/noticias\/taurus-acoes-vendidas-decreto-armas\/","og_site_name":"Suno Not\u00edcias","article_publisher":"https:\/\/facebook.com\/sunoresearch","og_image":[{"width":1024,"height":757,"url":"https:\/\/files.sunoresearch.com.br\/n\/uploads\/2019\/01\/1702171f-taurus-1024x757.jpg","type":"image\/jpeg"}],"author":"Renan Bandeira","twitter_card":"summary_large_image","twitter_creator":"@sunoresearch","twitter_site":"@sunoresearch","twitter_misc":{"Escrito por":"Renan Bandeira","Est. tempo de leitura":"3 minutos"},"schema":{"@context":"https:\/\/schema.org","@graph":[{"@type":"NewsArticle","@id":"https:\/\/www.suno.com.br\/noticias\/taurus-acoes-vendidas-decreto-armas\/#article","isPartOf":{"@id":"https:\/\/www.suno.com.br\/noticias\/taurus-acoes-vendidas-decreto-armas\/"},"author":{"name":"Renan Bandeira","@id":"https:\/\/www.suno.com.br\/noticias\/#\/schema\/person\/fc144a1c6108bd1dcd43784e88a3c138"},"headline":"Controladores da Taurus vendem a\u00e7\u00f5es no dia do decreto de posse de armas","datePublished":"2019-01-16T15:54:38+00:00","dateModified":"2021-02-17T23:10:50+00:00","mainEntityOfPage":{"@id":"https:\/\/www.suno.com.br\/noticias\/taurus-acoes-vendidas-decreto-armas\/"},"wordCount":677,"publisher":{"@id":"https:\/\/www.suno.com.br\/noticias\/#organization"},"image":{"@id":"https:\/\/www.suno.com.br\/noticias\/taurus-acoes-vendidas-decreto-armas\/#primaryimage"},"thumbnailUrl":"https:\/\/files.sunoresearch.com.br\/n\/uploads\/2019\/01\/1702171f-taurus-jpg.webp","keywords":["Taurus Armas (TASA3\/TASA4)"],"articleSection":["Mercado"],"inLanguage":"pt-BR"},{"@type":"WebPage","@id":"https:\/\/www.suno.com.br\/noticias\/taurus-acoes-vendidas-decreto-armas\/","url":"https:\/\/www.suno.com.br\/noticias\/taurus-acoes-vendidas-decreto-armas\/","name":"Controladores da Taurus vendem a\u00e7\u00f5es no dia do decreto sobre armas","isPartOf":{"@id":"https:\/\/www.suno.com.br\/noticias\/#website"},"primaryImageOfPage":{"@id":"https:\/\/www.suno.com.br\/noticias\/taurus-acoes-vendidas-decreto-armas\/#primaryimage"},"image":{"@id":"https:\/\/www.suno.com.br\/noticias\/taurus-acoes-vendidas-decreto-armas\/#primaryimage"},"thumbnailUrl":"https:\/\/files.sunoresearch.com.br\/n\/uploads\/2019\/01\/1702171f-taurus-jpg.webp","datePublished":"2019-01-16T15:54:38+00:00","dateModified":"2021-02-17T23:10:50+00:00","description":"As a\u00e7\u00f5es da Taurus foram vendidas no mesmo dia em que Bolsonaro assinou o decreto de posse de armas. Clique para saber mais.","breadcrumb":{"@id":"https:\/\/www.suno.com.br\/noticias\/taurus-acoes-vendidas-decreto-armas\/#breadcrumb"},"inLanguage":"pt-BR","potentialAction":[{"@type":"ReadAction","target":["https:\/\/www.suno.com.br\/noticias\/taurus-acoes-vendidas-decreto-armas\/"]}]},{"@type":"ImageObject","inLanguage":"pt-BR","@id":"https:\/\/www.suno.com.br\/noticias\/taurus-acoes-vendidas-decreto-armas\/#primaryimage","url":"https:\/\/files.sunoresearch.com.br\/n\/uploads\/2019\/01\/1702171f-taurus-jpg.webp","contentUrl":"https:\/\/files.sunoresearch.com.br\/n\/uploads\/2019\/01\/1702171f-taurus-jpg.webp","width":2500,"height":1848,"caption":"Controladores da Taurus venderam a\u00e7\u00f5es em dia de decreto de posse de armas"},{"@type":"BreadcrumbList","@id":"https:\/\/www.suno.com.br\/noticias\/taurus-acoes-vendidas-decreto-armas\/#breadcrumb","itemListElement":[{"@type":"ListItem","position":1,"name":"Not\u00edcias","item":"https:\/\/www.suno.com.br\/noticias\/"},{"@type":"ListItem","position":2,"name":"Mercado","item":"https:\/\/www.suno.com.br\/noticias\/mercado\/"},{"@type":"ListItem","position":3,"name":"Controladores da Taurus vendem a\u00e7\u00f5es no dia do decreto de posse de armas"}]},{"@type":"WebSite","@id":"https:\/\/www.suno.com.br\/noticias\/#website","url":"https:\/\/www.suno.com.br\/noticias\/","name":"Suno Not\u00edcias","description":"Seu portal de informa\u00e7\u00e3o sobre o mundo dos investimentos","publisher":{"@id":"https:\/\/www.suno.com.br\/noticias\/#organization"},"potentialAction":[{"@type":"SearchAction","target":{"@type":"EntryPoint","urlTemplate":"https:\/\/www.suno.com.br\/noticias\/?s={search_term_string}"},"query-input":{"@type":"PropertyValueSpecification","valueRequired":true,"valueName":"search_term_string"}}],"inLanguage":"pt-BR"},{"@type":"Organization","@id":"https:\/\/www.suno.com.br\/noticias\/#organization","name":"Suno Not\u00edcias","url":"https:\/\/www.suno.com.br\/noticias\/","logo":{"@type":"ImageObject","inLanguage":"pt-BR","@id":"https:\/\/www.suno.com.br\/noticias\/#\/schema\/logo\/image\/","url":"https:\/\/files.sunoresearch.com.br\/n\/uploads\/2021\/09\/suno-logo.png","contentUrl":"https:\/\/files.sunoresearch.com.br\/n\/uploads\/2021\/09\/suno-logo.png","width":180,"height":180,"caption":"Suno Not\u00edcias"},"image":{"@id":"https:\/\/www.suno.com.br\/noticias\/#\/schema\/logo\/image\/"},"sameAs":["https:\/\/facebook.com\/sunoresearch","https:\/\/x.com\/sunoresearch","https:\/\/www.instagram.com\/suno","https:\/\/www.linkedin.com\/company\/suno-research\/","https:\/\/www.youtube.com\/c\/sunoresearch"]},{"@type":"Person","@id":"https:\/\/www.suno.com.br\/noticias\/#\/schema\/person\/fc144a1c6108bd1dcd43784e88a3c138","name":"Renan Bandeira","image":{"@type":"ImageObject","inLanguage":"pt-BR","@id":"https:\/\/www.suno.com.br\/noticias\/#\/schema\/person\/image\/","url":"https:\/\/secure.gravatar.com\/avatar\/68359cdb608f14f11bbefcb78f3fc747?s=96&r=g","contentUrl":"https:\/\/secure.gravatar.com\/avatar\/68359cdb608f14f11bbefcb78f3fc747?s=96&r=g","caption":"Renan Bandeira"},"description":"Renan Bandeira escreve sobre pol\u00edtica e economia para o portal da Suno Research. Antes da Suno, trabalhou em uma rede de televis\u00e3o, onde fazia reportagens sobre os mesmos temas. Estuda na Universidade Metodista de S\u00e3o Paulo.","url":"https:\/\/www.suno.com.br\/noticias\/author\/renan-bandeira\/"}]}},"default_loop_html":"<div class=\"cardsPage__listCard__boxs\"><div class=\"cardsPage__listCard__boxs__img\"><a href=\"https:\/\/www.suno.com.br\/noticias\/taurus-acoes-vendidas-decreto-armas\/\"><img class=\"mask\" src=\"https:\/\/www.suno.com.br\/noticias\/wp-content\/themes\/suno\/resources\/images\/spotlight\/spotlight1img\/bg-mask.png\" alt=\"Image Mask\"\/><img src=\"https:\/\/files.sunoresearch.com.br\/n\/uploads\/2019\/01\/1702171f-taurus-400x200.webp\" alt=\"Controladores da Taurus vendem a\u00e7\u00f5es no dia do decreto de posse de armas\"\/><\/a><span class=\"spotlightCategory\"><a href=\"https:\/\/www.suno.com.br\/noticias\/mercado\/\">Mercado<\/a><\/span><\/div><div class=\"cardsPage__listCard__boxs__content\"><a href=\"https:\/\/www.suno.com.br\/noticias\/taurus-acoes-vendidas-decreto-armas\/\"><h2 class=\"content__title\">Controladores da Taurus vendem a\u00e7\u00f5es no dia do decreto de posse de armas<\/h2><\/a><div class=\"newsContent__article__meta\"><div class=\"newsContent__article__meta__authorBox\"><a href=\"https:\/\/www.suno.com.br\/noticias\/author\/renan-bandeira\/\" class=\"authorBox__avatar noMobi\"><img src=\"https:\/\/secure.gravatar.com\/avatar\/68359cdb608f14f11bbefcb78f3fc747?s=96&#038;r=g\" alt=\"Renan Bandeira\"><\/a><div class=\"authorBox__name\"><span>por\n\t\t\t<a href=\"https:\/\/www.suno.com.br\/noticias\/author\/renan-bandeira\/\"><span itemprop=\"author\">Renan Bandeira<\/span><\/a><\/span><time datetime=\"2019-01-16T13:54:38-02:00\" itemprop=\"datePublished\">16\/01\/2019 13:54<\/time><\/div><\/div><\/div><\/div><\/div>","single_layout":"posts","amp_enabled":true,"_links":{"self":[{"href":"https:\/\/www.suno.com.br\/noticias\/wp-json\/wp\/v2\/posts\/11919"}],"collection":[{"href":"https:\/\/www.suno.com.br\/noticias\/wp-json\/wp\/v2\/posts"}],"about":[{"href":"https:\/\/www.suno.com.br\/noticias\/wp-json\/wp\/v2\/types\/post"}],"author":[{"embeddable":true,"href":"https:\/\/www.suno.com.br\/noticias\/wp-json\/wp\/v2\/users\/11"}],"replies":[{"embeddable":true,"href":"https:\/\/www.suno.com.br\/noticias\/wp-json\/wp\/v2\/comments?post=11919"}],"version-history":[{"count":0,"href":"https:\/\/www.suno.com.br\/noticias\/wp-json\/wp\/v2\/posts\/11919\/revisions"}],"wp:featuredmedia":[{"embeddable":true,"href":"https:\/\/www.suno.com.br\/noticias\/wp-json\/wp\/v2\/media\/11927"}],"wp:attachment":[{"href":"https:\/\/www.suno.com.br\/noticias\/wp-json\/wp\/v2\/media?parent=11919"}],"wp:term":[{"taxonomy":"category","embeddable":true,"href":"https:\/\/www.suno.com.br\/noticias\/wp-json\/wp\/v2\/categories?post=11919"},{"taxonomy":"post_tag","embeddable":true,"href":"https:\/\/www.suno.com.br\/noticias\/wp-json\/wp\/v2\/tags?post=11919"},{"taxonomy":"suno_strategy","embeddable":true,"href":"https:\/\/www.suno.com.br\/noticias\/wp-json\/wp\/v2\/suno_strategy?post=11919"}],"curies":[{"name":"wp","href":"https:\/\/api.w.org\/{rel}","templated":true}]}}