{"id":119111,"date":"2021-02-05T10:25:50","date_gmt":"2021-02-05T13:25:50","guid":{"rendered":"https:\/\/www.suno.com.br\/noticias\/?p=119111"},"modified":"2021-05-30T23:51:39","modified_gmt":"2021-05-31T02:51:39","slug":"mobly-mbly3-ipo-estreia-b3","status":"publish","type":"post","link":"https:\/\/www.suno.com.br\/noticias\/mobly-mbly3-ipo-estreia-b3\/","title":{"rendered":"Mobly (MBLY3) abre em alta de 26% em estreia na B3"},"content":{"rendered":"<p>A <strong>Mobly<\/strong> (MBLY3) faz sua estreia na <a href=\"https:\/\/www.suno.com.br\/artigos\/b3\/\">Bolsa de Valores de S\u00e3o Paulo (B3)<\/a> nesta sexta-feira (5). As a\u00e7\u00f5es da loja on-line de m\u00f3veis operam em forte alta, ap\u00f3s uma <a href=\"https:\/\/www.suno.com.br\/artigos\/ipo\/\">oferta p\u00fablica inicial de a\u00e7\u00f5es (IPO<\/a>, na sigla em ingl\u00eas) que levantou R$ 812 milh\u00f5es.<\/p>\t<div class=\"wrapper-featured-image\">\n\t\t<figure class=\"spotlightImg\">\n\n\t\t\t<picture>\n\t\t\t\t<source media=\"(max-width: 768px)\" srcset=\"https:\/\/files.sunoresearch.com.br\/n\/uploads\/2021\/02\/a610128c-unnamed-2-400x200.webp\">\n\t\t\t\t<img loading=\"lazy\" decoding=\"async\" class=\"newsContent__article__imgCapa lazyloadDisabled \" src=\"https:\/\/files.sunoresearch.com.br\/n\/uploads\/2021\/02\/a610128c-unnamed-2-800x450.webp\" width=\"800\" height=\"450\" alt=\"Mobly (MBLY3) abre em alta de 26% em estreia na B3\" fetchpriority=high \/>\n\t\t\t<\/picture>\n\n\t\t\t<figcaption class=\"wp-caption-text wp-caption-text--show\">A Mobly (MBLY3) faz sua estreia na Bolsa de Valores de S\u00e3o Paulo (B3) nesta sexta-feira (5), e opera em alta. <\/figcaption>\n\t\t<\/figure>\n\t<\/div>\n\n\n\t<p>\n\t\t<a href=\"\" target=\"_blank\" data-element=\"shortcode-suno-banner\" title=\"Banner SUNO, clique e saiba mais\">\n\t\t\t<picture>\n\t\t\t\t<source media=\"(max-width: 500px)\" srcset=\"\">\n\t\t\t\t<img class=\"newsContent__article__imgCapa newsContent__article__imgCapa--banner\"\n\t\t\t\t\tsrc=\"\"\n\t\t\t\t\tdata-promo-id=\"97204\"\t\t\t\t\t\t\t\t\t\t\t\t\t\t\talt=\"\"\n\t\t\t\t>\n\t\t\t<\/picture>\n\t\t<\/a>\n\t<\/p>\n\n\n<p>Por volta das 10h25, os pap\u00e9is da companhia avan\u00e7avam 26%, para R$ 26,46. A Mobly fixou o pre\u00e7o por a\u00e7\u00e3o a R$ 21, pr\u00f3ximo do centro da faixa indicativa. A empresa ser\u00e1 listada no <a href=\"https:\/\/www.suno.com.br\/artigos\/novo-mercado\/\"><strong>Novo Mercado<\/strong><\/a>, mais alto n\u00edvel de governan\u00e7a corporativa da B3.<\/p>\n<p>Segundo o prospecto arquivado na <a href=\"https:\/\/www.suno.com.br\/artigos\/cvm\/\">Comiss\u00e3o de Valores Mobili\u00e1rios (<strong>CVM<\/strong>)<\/a>, a companhia pretende utilizar os recursos movimentados no <strong>IPO<\/strong> com o fortalecimento do capital de giro e estrutura financeira, vendor financing e estrutura de capital (50%); investimento em marketing e publicidade (35%); e investimento em bens de capital, como a expans\u00e3o das lojas f\u00edsicas e centros de distribui\u00e7\u00e3o (15%).<\/p>\n<p><a href=\"https:\/\/lp.suno.com.br\/suno-one\/\"><span style=\"font-weight: 400;\">Suno One: acesse gratuitamente eBooks, Minicursos, Artigos e V\u00eddeo Aulas sobre investimentos com um \u00fanico cadastro. Clique para saber mais!<\/span><\/a><\/p>\n<p>A oferta base conta com 38.647.344 pap\u00e9is, sendo que 95,8% s\u00e3o a\u00e7\u00f5es prim\u00e1rias, ou seja, a parte da opera\u00e7\u00e3o que levantar\u00e1 capital para o caixa da companhia. O restante, 4,2% de a\u00e7\u00f5es secund\u00e1rias, equivalente a apenas R$ 34 milh\u00f5es, ir\u00e3o para o bolso do acionista controlador, o grupo alem\u00e3o <strong>home24<\/strong>.<\/p>\n<p>Segundo estimativas, a oferta teve uma <strong>demanda<\/strong> de aproximadamente sete vezes o tamanho da oferta, levando em considera\u00e7\u00e3o a procura de fundos de investimento e bancos, sem o varejo.<\/p>\n\t<p>\n\t\t<a href=\"https:\/\/lp.suno.com.br\/planilha-controle-gastos\/\" target=\"_blank\" data-element=\"shortcode-suno-banner\" title=\"Banner SUNO, clique e saiba mais\">\n\t\t\t<picture>\n\t\t\t\t<source media=\"(max-width: 500px)\" srcset=\"https:\/\/files.sunoresearch.com.br\/n\/uploads\/2023\/03\/400x300-Planilha-controle-de-gastos.png\">\n\t\t\t\t<img class=\"newsContent__article__imgCapa newsContent__article__imgCapa--banner\"\n\t\t\t\t\tsrc=\"https:\/\/files.sunoresearch.com.br\/n\/uploads\/2023\/03\/1420x240-Planilha-controle-de-gastos.png\"\n\t\t\t\t\tdata-promo-id=\"101751\"\t\t\t\t\t\t\t\t\t\twidth='1420' height='240'\t\t\t\t\talt=\"https:\/\/files.sunoresearch.com.br\/n\/uploads\/2023\/03\/1420x240-Planilha-controle-de-gastos.png\"\n\t\t\t\t>\n\t\t\t<\/picture>\n\t\t<\/a>\n\t<\/p>\n\n\n<p>A opera\u00e7\u00e3o ser\u00e1 coordenada por Morgan Stanley, Bradesco BBI, Ita\u00fa BBA e Goldman Sachs.<\/p>\n<h2>Sobre a Mobly<\/h2>\n<p>Fundada em 2011, a Mobly possui 925 mil usu\u00e1rios ativos, alpem de duas <strong>megastores<\/strong>, quatro lojas outlet e cinco unidades compactas (Mobky Zip), segundo informa\u00e7\u00f5es disponibilizadas pela empresa.<\/p>\n<p>A companhia foi criada por Victor Noda, Marcelo Marques e Mario Fernandes com o capital do fundo alem\u00e3o Rocket Internet. Hoje, a Mobly \u00e9 a l\u00edder do mercado dom\u00e9stico e no <strong>e-commerce<\/strong> na categoria de home &amp; living.<\/p>\n\t<div data-element=\"shortcode-read-more\" class=\"knowMore\">\n\t\t\t\t<span class=\"knowMore__title\">Leia tamb\u00e9m<\/span>\n\t\t\t\t<a class=\"knowMore__link\" href=\"https:\/\/www.suno.com.br\/noticias\/intelbras-intb3-1-pregao-b3-alta\/\">\n\t\t\tIntelbras (INTB3) fecha 1\u00ba preg\u00e3o na B3 em alta de 25,33%\t\t<\/a>\n\t<\/div>\n\n\n<p>Entre janeiro e setembro de 2020, a companhia teve uma <a href=\"https:\/\/www.suno.com.br\/artigos\/o-que-receita-liquida\/\"><strong>receita l\u00edquida<\/strong><\/a> de R$ 420,8 milh\u00f5es, alta de 50% na compara\u00e7\u00e3o anualizada, resultado de 1,2 milh\u00e3o de pedidos e mais de R$ 560 milhoes em Valor Bruto de Mercadorias (GVM, na sigla em ingl\u00eas).<\/p>\n<p>No mesmo per\u00edodo, houve um preju\u00edzo l\u00edquido de R$ 16,6 milh\u00f5es, contra uma perda de R$ 38,8 milh\u00f5es nos primeiros nove meses de 2019.<\/p>\n<p>Segundo a empresa, 90% das vendas aconteceram por meio de canais digitais, dividido em pr\u00f3pria plataforma e nos maiores marketplaces do Pa\u00eds. Cerca de 39% dos produtos vendidos pela <strong>Mobly<\/strong>, o que amplia sua margem bruta.<\/p>\n\t<p>\n\t\t<a href=\"https:\/\/lp.suno.com.br\/planilha-de-controle-de-investimentos\/\" target=\"_blank\" data-element=\"shortcode-suno-banner\" title=\"Banner SUNO, clique e saiba mais\">\n\t\t\t<picture>\n\t\t\t\t<source media=\"(max-width: 500px)\" srcset=\"https:\/\/files.sunoresearch.com.br\/n\/uploads\/2023\/03\/400x300-Controle-de-Investimentos.png\">\n\t\t\t\t<img class=\"newsContent__article__imgCapa newsContent__article__imgCapa--banner\"\n\t\t\t\t\tsrc=\"https:\/\/files.sunoresearch.com.br\/n\/uploads\/2023\/03\/1420x240-Controle-de-Investimentos.png\"\n\t\t\t\t\tdata-promo-id=\"75934\"\t\t\t\t\t\t\t\t\t\twidth='1420' height='240'\t\t\t\t\talt=\"https:\/\/files.sunoresearch.com.br\/n\/uploads\/2023\/03\/1420x240-Controle-de-Investimentos.png\"\n\t\t\t\t>\n\t\t\t<\/picture>\n\t\t<\/a>\n\t<\/p>\n\n\n","protected":false},"excerpt":{"rendered":"<p>A Mobly (MBLY3) faz sua estreia na Bolsa de Valores de S\u00e3o Paulo (B3) nesta sexta-feira (5). As a\u00e7\u00f5es da loja on-line de m\u00f3veis operam em forte alta, ap\u00f3s uma oferta p\u00fablica inicial de a\u00e7\u00f5es (IPO, na sigla em ingl\u00eas) que levantou R$ 812 milh\u00f5es. A Mobly (MBLY3) faz sua estreia na Bolsa de Valores [&hellip;]<\/p>\n","protected":false},"author":24,"featured_media":119115,"comment_status":"closed","ping_status":"closed","sticky":false,"template":"","format":"standard","meta":[],"categories":[60],"tags":[309,319,105433,2615],"suno_strategy":[],"class_list":["post-119111","post","type-post","status-publish","format-standard","has-post-thumbnail","hentry","category-mercado","tag-bolsa-de-valores","tag-ipo-oferta-inicial-de-acoes","tag-mobly-mbly3","tag-novo-mercado"],"yoast_head":"<!-- This site is optimized with the Yoast SEO plugin v24.4 - https:\/\/yoast.com\/wordpress\/plugins\/seo\/ -->\n<title>Mobly (MBLY3) abre em alta de 26% em estreia na B3<\/title>\n<meta name=\"description\" content=\"A Mobly (MBLY3) faz sua estreia na Bolsa de Valores de S\u00e3o Paulo (B3) nesta sexta-feira (5), e opera em alta. Clique e saiba mais.\" \/>\n<meta name=\"robots\" content=\"index, follow, max-snippet:-1, max-image-preview:large, max-video-preview:-1\" \/>\n<link rel=\"canonical\" href=\"https:\/\/www.suno.com.br\/noticias\/mobly-mbly3-ipo-estreia-b3\/\" \/>\n<meta property=\"og:locale\" content=\"pt_BR\" \/>\n<meta property=\"og:type\" content=\"article\" \/>\n<meta property=\"og:title\" content=\"Mobly (MBLY3) abre em alta de 26% em estreia na B3\" \/>\n<meta property=\"og:description\" content=\"A Mobly (MBLY3) faz sua estreia na Bolsa de Valores de S\u00e3o Paulo (B3) nesta sexta-feira (5), e opera em alta. Clique e saiba mais.\" \/>\n<meta property=\"og:url\" content=\"https:\/\/www.suno.com.br\/noticias\/mobly-mbly3-ipo-estreia-b3\/\" \/>\n<meta property=\"og:site_name\" content=\"Suno Not\u00edcias\" \/>\n<meta property=\"article:publisher\" content=\"https:\/\/facebook.com\/sunoresearch\" \/>\n<meta property=\"og:image\" content=\"https:\/\/files.sunoresearch.com.br\/n\/uploads\/2021\/02\/a610128c-unnamed-2.jpg\" \/>\n\t<meta property=\"og:image:width\" content=\"1024\" \/>\n\t<meta property=\"og:image:height\" content=\"768\" \/>\n\t<meta property=\"og:image:type\" content=\"image\/jpeg\" \/>\n<meta name=\"author\" content=\"Jader Lazarini\" \/>\n<meta name=\"twitter:card\" content=\"summary_large_image\" \/>\n<meta name=\"twitter:creator\" content=\"@sunoresearch\" \/>\n<meta name=\"twitter:site\" content=\"@sunoresearch\" \/>\n<meta name=\"twitter:label1\" content=\"Escrito por\" \/>\n\t<meta name=\"twitter:data1\" content=\"Jader Lazarini\" \/>\n\t<meta name=\"twitter:label2\" content=\"Est. tempo de leitura\" \/>\n\t<meta name=\"twitter:data2\" content=\"2 minutos\" \/>\n<script type=\"application\/ld+json\" class=\"yoast-schema-graph\">{\"@context\":\"https:\/\/schema.org\",\"@graph\":[{\"@type\":\"NewsArticle\",\"@id\":\"https:\/\/www.suno.com.br\/noticias\/mobly-mbly3-ipo-estreia-b3\/#article\",\"isPartOf\":{\"@id\":\"https:\/\/www.suno.com.br\/noticias\/mobly-mbly3-ipo-estreia-b3\/\"},\"author\":{\"name\":\"Jader Lazarini\",\"@id\":\"https:\/\/www.suno.com.br\/noticias\/#\/schema\/person\/918d79de1f0281f01599b93f9ea6e23f\"},\"headline\":\"Mobly (MBLY3) abre em alta de 26% em estreia na B3\",\"datePublished\":\"2021-02-05T13:25:50+00:00\",\"dateModified\":\"2021-05-31T02:51:39+00:00\",\"mainEntityOfPage\":{\"@id\":\"https:\/\/www.suno.com.br\/noticias\/mobly-mbly3-ipo-estreia-b3\/\"},\"wordCount\":486,\"publisher\":{\"@id\":\"https:\/\/www.suno.com.br\/noticias\/#organization\"},\"image\":{\"@id\":\"https:\/\/www.suno.com.br\/noticias\/mobly-mbly3-ipo-estreia-b3\/#primaryimage\"},\"thumbnailUrl\":\"https:\/\/files.sunoresearch.com.br\/n\/uploads\/2021\/02\/a610128c-unnamed-2-jpg.webp\",\"keywords\":[\"Bolsa de Valores\",\"IPO (Oferta Inicial de A\u00e7\u00f5es)\",\"Mobly (MBLY3)\",\"Novo Mercado\"],\"articleSection\":[\"Mercado\"],\"inLanguage\":\"pt-BR\"},{\"@type\":\"WebPage\",\"@id\":\"https:\/\/www.suno.com.br\/noticias\/mobly-mbly3-ipo-estreia-b3\/\",\"url\":\"https:\/\/www.suno.com.br\/noticias\/mobly-mbly3-ipo-estreia-b3\/\",\"name\":\"Mobly (MBLY3) abre em alta de 26% em estreia na B3\",\"isPartOf\":{\"@id\":\"https:\/\/www.suno.com.br\/noticias\/#website\"},\"primaryImageOfPage\":{\"@id\":\"https:\/\/www.suno.com.br\/noticias\/mobly-mbly3-ipo-estreia-b3\/#primaryimage\"},\"image\":{\"@id\":\"https:\/\/www.suno.com.br\/noticias\/mobly-mbly3-ipo-estreia-b3\/#primaryimage\"},\"thumbnailUrl\":\"https:\/\/files.sunoresearch.com.br\/n\/uploads\/2021\/02\/a610128c-unnamed-2-jpg.webp\",\"datePublished\":\"2021-02-05T13:25:50+00:00\",\"dateModified\":\"2021-05-31T02:51:39+00:00\",\"description\":\"A Mobly (MBLY3) faz sua estreia na Bolsa de Valores de S\u00e3o Paulo (B3) nesta sexta-feira (5), e opera em alta. Clique e saiba mais.\",\"breadcrumb\":{\"@id\":\"https:\/\/www.suno.com.br\/noticias\/mobly-mbly3-ipo-estreia-b3\/#breadcrumb\"},\"inLanguage\":\"pt-BR\",\"potentialAction\":[{\"@type\":\"ReadAction\",\"target\":[\"https:\/\/www.suno.com.br\/noticias\/mobly-mbly3-ipo-estreia-b3\/\"]}]},{\"@type\":\"ImageObject\",\"inLanguage\":\"pt-BR\",\"@id\":\"https:\/\/www.suno.com.br\/noticias\/mobly-mbly3-ipo-estreia-b3\/#primaryimage\",\"url\":\"https:\/\/files.sunoresearch.com.br\/n\/uploads\/2021\/02\/a610128c-unnamed-2-jpg.webp\",\"contentUrl\":\"https:\/\/files.sunoresearch.com.br\/n\/uploads\/2021\/02\/a610128c-unnamed-2-jpg.webp\",\"width\":1024,\"height\":768,\"caption\":\"A Mobly (MBLY3) faz sua estreia na Bolsa de Valores de S\u00e3o Paulo (B3) nesta sexta-feira (5), e opera em alta.\"},{\"@type\":\"BreadcrumbList\",\"@id\":\"https:\/\/www.suno.com.br\/noticias\/mobly-mbly3-ipo-estreia-b3\/#breadcrumb\",\"itemListElement\":[{\"@type\":\"ListItem\",\"position\":1,\"name\":\"Not\u00edcias\",\"item\":\"https:\/\/www.suno.com.br\/noticias\/\"},{\"@type\":\"ListItem\",\"position\":2,\"name\":\"Mercado\",\"item\":\"https:\/\/www.suno.com.br\/noticias\/mercado\/\"},{\"@type\":\"ListItem\",\"position\":3,\"name\":\"Mobly (MBLY3) abre em alta de 26% em estreia na B3\"}]},{\"@type\":\"WebSite\",\"@id\":\"https:\/\/www.suno.com.br\/noticias\/#website\",\"url\":\"https:\/\/www.suno.com.br\/noticias\/\",\"name\":\"Suno Not\u00edcias\",\"description\":\"Seu portal de informa\u00e7\u00e3o sobre o mundo dos investimentos\",\"publisher\":{\"@id\":\"https:\/\/www.suno.com.br\/noticias\/#organization\"},\"potentialAction\":[{\"@type\":\"SearchAction\",\"target\":{\"@type\":\"EntryPoint\",\"urlTemplate\":\"https:\/\/www.suno.com.br\/noticias\/?s={search_term_string}\"},\"query-input\":{\"@type\":\"PropertyValueSpecification\",\"valueRequired\":true,\"valueName\":\"search_term_string\"}}],\"inLanguage\":\"pt-BR\"},{\"@type\":\"Organization\",\"@id\":\"https:\/\/www.suno.com.br\/noticias\/#organization\",\"name\":\"Suno Not\u00edcias\",\"url\":\"https:\/\/www.suno.com.br\/noticias\/\",\"logo\":{\"@type\":\"ImageObject\",\"inLanguage\":\"pt-BR\",\"@id\":\"https:\/\/www.suno.com.br\/noticias\/#\/schema\/logo\/image\/\",\"url\":\"https:\/\/files.sunoresearch.com.br\/n\/uploads\/2021\/09\/suno-logo.png\",\"contentUrl\":\"https:\/\/files.sunoresearch.com.br\/n\/uploads\/2021\/09\/suno-logo.png\",\"width\":180,\"height\":180,\"caption\":\"Suno Not\u00edcias\"},\"image\":{\"@id\":\"https:\/\/www.suno.com.br\/noticias\/#\/schema\/logo\/image\/\"},\"sameAs\":[\"https:\/\/facebook.com\/sunoresearch\",\"https:\/\/x.com\/sunoresearch\",\"https:\/\/www.instagram.com\/suno\",\"https:\/\/www.linkedin.com\/company\/suno-research\/\",\"https:\/\/www.youtube.com\/c\/sunoresearch\"]},{\"@type\":\"Person\",\"@id\":\"https:\/\/www.suno.com.br\/noticias\/#\/schema\/person\/918d79de1f0281f01599b93f9ea6e23f\",\"name\":\"Jader Lazarini\",\"image\":{\"@type\":\"ImageObject\",\"inLanguage\":\"pt-BR\",\"@id\":\"https:\/\/www.suno.com.br\/noticias\/#\/schema\/person\/image\/\",\"url\":\"https:\/\/secure.gravatar.com\/avatar\/3c1ad8caa51589841baeb923fcddea97?s=96&r=g\",\"contentUrl\":\"https:\/\/secure.gravatar.com\/avatar\/3c1ad8caa51589841baeb923fcddea97?s=96&r=g\",\"caption\":\"Jader Lazarini\"},\"description\":\"Jader Lazarini escreve sobre investimentos, finan\u00e7as, economia e neg\u00f3cios. \u00c9 bacharel em Rela\u00e7\u00f5es Internacionais e analista CNPI (2619).\",\"url\":\"https:\/\/www.suno.com.br\/noticias\/author\/jader-lazarini\/\"}]}<\/script>\n<!-- \/ Yoast SEO plugin. -->","yoast_head_json":{"title":"Mobly (MBLY3) abre em alta de 26% em estreia na B3","description":"A Mobly (MBLY3) faz sua estreia na Bolsa de Valores de S\u00e3o Paulo (B3) nesta sexta-feira (5), e opera em alta. Clique e saiba mais.","robots":{"index":"index","follow":"follow","max-snippet":"max-snippet:-1","max-image-preview":"max-image-preview:large","max-video-preview":"max-video-preview:-1"},"canonical":"https:\/\/www.suno.com.br\/noticias\/mobly-mbly3-ipo-estreia-b3\/","og_locale":"pt_BR","og_type":"article","og_title":"Mobly (MBLY3) abre em alta de 26% em estreia na B3","og_description":"A Mobly (MBLY3) faz sua estreia na Bolsa de Valores de S\u00e3o Paulo (B3) nesta sexta-feira (5), e opera em alta. Clique e saiba mais.","og_url":"https:\/\/www.suno.com.br\/noticias\/mobly-mbly3-ipo-estreia-b3\/","og_site_name":"Suno Not\u00edcias","article_publisher":"https:\/\/facebook.com\/sunoresearch","og_image":[{"width":1024,"height":768,"url":"https:\/\/files.sunoresearch.com.br\/n\/uploads\/2021\/02\/a610128c-unnamed-2.jpg","type":"image\/jpeg"}],"author":"Jader Lazarini","twitter_card":"summary_large_image","twitter_creator":"@sunoresearch","twitter_site":"@sunoresearch","twitter_misc":{"Escrito por":"Jader Lazarini","Est. tempo de leitura":"2 minutos"},"schema":{"@context":"https:\/\/schema.org","@graph":[{"@type":"NewsArticle","@id":"https:\/\/www.suno.com.br\/noticias\/mobly-mbly3-ipo-estreia-b3\/#article","isPartOf":{"@id":"https:\/\/www.suno.com.br\/noticias\/mobly-mbly3-ipo-estreia-b3\/"},"author":{"name":"Jader Lazarini","@id":"https:\/\/www.suno.com.br\/noticias\/#\/schema\/person\/918d79de1f0281f01599b93f9ea6e23f"},"headline":"Mobly (MBLY3) abre em alta de 26% em estreia na B3","datePublished":"2021-02-05T13:25:50+00:00","dateModified":"2021-05-31T02:51:39+00:00","mainEntityOfPage":{"@id":"https:\/\/www.suno.com.br\/noticias\/mobly-mbly3-ipo-estreia-b3\/"},"wordCount":486,"publisher":{"@id":"https:\/\/www.suno.com.br\/noticias\/#organization"},"image":{"@id":"https:\/\/www.suno.com.br\/noticias\/mobly-mbly3-ipo-estreia-b3\/#primaryimage"},"thumbnailUrl":"https:\/\/files.sunoresearch.com.br\/n\/uploads\/2021\/02\/a610128c-unnamed-2-jpg.webp","keywords":["Bolsa de Valores","IPO (Oferta Inicial de A\u00e7\u00f5es)","Mobly (MBLY3)","Novo Mercado"],"articleSection":["Mercado"],"inLanguage":"pt-BR"},{"@type":"WebPage","@id":"https:\/\/www.suno.com.br\/noticias\/mobly-mbly3-ipo-estreia-b3\/","url":"https:\/\/www.suno.com.br\/noticias\/mobly-mbly3-ipo-estreia-b3\/","name":"Mobly (MBLY3) abre em alta de 26% em estreia na B3","isPartOf":{"@id":"https:\/\/www.suno.com.br\/noticias\/#website"},"primaryImageOfPage":{"@id":"https:\/\/www.suno.com.br\/noticias\/mobly-mbly3-ipo-estreia-b3\/#primaryimage"},"image":{"@id":"https:\/\/www.suno.com.br\/noticias\/mobly-mbly3-ipo-estreia-b3\/#primaryimage"},"thumbnailUrl":"https:\/\/files.sunoresearch.com.br\/n\/uploads\/2021\/02\/a610128c-unnamed-2-jpg.webp","datePublished":"2021-02-05T13:25:50+00:00","dateModified":"2021-05-31T02:51:39+00:00","description":"A Mobly (MBLY3) faz sua estreia na Bolsa de Valores de S\u00e3o Paulo (B3) nesta sexta-feira (5), e opera em alta. Clique e saiba mais.","breadcrumb":{"@id":"https:\/\/www.suno.com.br\/noticias\/mobly-mbly3-ipo-estreia-b3\/#breadcrumb"},"inLanguage":"pt-BR","potentialAction":[{"@type":"ReadAction","target":["https:\/\/www.suno.com.br\/noticias\/mobly-mbly3-ipo-estreia-b3\/"]}]},{"@type":"ImageObject","inLanguage":"pt-BR","@id":"https:\/\/www.suno.com.br\/noticias\/mobly-mbly3-ipo-estreia-b3\/#primaryimage","url":"https:\/\/files.sunoresearch.com.br\/n\/uploads\/2021\/02\/a610128c-unnamed-2-jpg.webp","contentUrl":"https:\/\/files.sunoresearch.com.br\/n\/uploads\/2021\/02\/a610128c-unnamed-2-jpg.webp","width":1024,"height":768,"caption":"A Mobly (MBLY3) faz sua estreia na Bolsa de Valores de S\u00e3o Paulo (B3) nesta sexta-feira (5), e opera em alta."},{"@type":"BreadcrumbList","@id":"https:\/\/www.suno.com.br\/noticias\/mobly-mbly3-ipo-estreia-b3\/#breadcrumb","itemListElement":[{"@type":"ListItem","position":1,"name":"Not\u00edcias","item":"https:\/\/www.suno.com.br\/noticias\/"},{"@type":"ListItem","position":2,"name":"Mercado","item":"https:\/\/www.suno.com.br\/noticias\/mercado\/"},{"@type":"ListItem","position":3,"name":"Mobly (MBLY3) abre em alta de 26% em estreia na B3"}]},{"@type":"WebSite","@id":"https:\/\/www.suno.com.br\/noticias\/#website","url":"https:\/\/www.suno.com.br\/noticias\/","name":"Suno Not\u00edcias","description":"Seu portal de informa\u00e7\u00e3o sobre o mundo dos investimentos","publisher":{"@id":"https:\/\/www.suno.com.br\/noticias\/#organization"},"potentialAction":[{"@type":"SearchAction","target":{"@type":"EntryPoint","urlTemplate":"https:\/\/www.suno.com.br\/noticias\/?s={search_term_string}"},"query-input":{"@type":"PropertyValueSpecification","valueRequired":true,"valueName":"search_term_string"}}],"inLanguage":"pt-BR"},{"@type":"Organization","@id":"https:\/\/www.suno.com.br\/noticias\/#organization","name":"Suno Not\u00edcias","url":"https:\/\/www.suno.com.br\/noticias\/","logo":{"@type":"ImageObject","inLanguage":"pt-BR","@id":"https:\/\/www.suno.com.br\/noticias\/#\/schema\/logo\/image\/","url":"https:\/\/files.sunoresearch.com.br\/n\/uploads\/2021\/09\/suno-logo.png","contentUrl":"https:\/\/files.sunoresearch.com.br\/n\/uploads\/2021\/09\/suno-logo.png","width":180,"height":180,"caption":"Suno Not\u00edcias"},"image":{"@id":"https:\/\/www.suno.com.br\/noticias\/#\/schema\/logo\/image\/"},"sameAs":["https:\/\/facebook.com\/sunoresearch","https:\/\/x.com\/sunoresearch","https:\/\/www.instagram.com\/suno","https:\/\/www.linkedin.com\/company\/suno-research\/","https:\/\/www.youtube.com\/c\/sunoresearch"]},{"@type":"Person","@id":"https:\/\/www.suno.com.br\/noticias\/#\/schema\/person\/918d79de1f0281f01599b93f9ea6e23f","name":"Jader Lazarini","image":{"@type":"ImageObject","inLanguage":"pt-BR","@id":"https:\/\/www.suno.com.br\/noticias\/#\/schema\/person\/image\/","url":"https:\/\/secure.gravatar.com\/avatar\/3c1ad8caa51589841baeb923fcddea97?s=96&r=g","contentUrl":"https:\/\/secure.gravatar.com\/avatar\/3c1ad8caa51589841baeb923fcddea97?s=96&r=g","caption":"Jader Lazarini"},"description":"Jader Lazarini escreve sobre investimentos, finan\u00e7as, economia e neg\u00f3cios. \u00c9 bacharel em Rela\u00e7\u00f5es Internacionais e analista CNPI (2619).","url":"https:\/\/www.suno.com.br\/noticias\/author\/jader-lazarini\/"}]}},"default_loop_html":"<div class=\"cardsPage__listCard__boxs\"><div class=\"cardsPage__listCard__boxs__img\"><a href=\"https:\/\/www.suno.com.br\/noticias\/mobly-mbly3-ipo-estreia-b3\/\"><img class=\"mask\" src=\"https:\/\/www.suno.com.br\/noticias\/wp-content\/themes\/suno\/resources\/images\/spotlight\/spotlight1img\/bg-mask.png\" alt=\"Image Mask\"\/><img src=\"https:\/\/files.sunoresearch.com.br\/n\/uploads\/2021\/02\/a610128c-unnamed-2-400x200.webp\" alt=\"Mobly (MBLY3) abre em alta de 26% em estreia na B3\"\/><\/a><span class=\"spotlightCategory\"><a href=\"https:\/\/www.suno.com.br\/noticias\/mercado\/\">Mercado<\/a><\/span><\/div><div class=\"cardsPage__listCard__boxs__content\"><a href=\"https:\/\/www.suno.com.br\/noticias\/mobly-mbly3-ipo-estreia-b3\/\"><h2 class=\"content__title\">Mobly (MBLY3) abre em alta de 26% em estreia na B3<\/h2><\/a><div class=\"newsContent__article__meta\"><div class=\"newsContent__article__meta__authorBox\"><a href=\"https:\/\/www.suno.com.br\/noticias\/author\/jader-lazarini\/\" class=\"authorBox__avatar noMobi\"><img src=\"https:\/\/files.sunoresearch.com.br\/n\/uploads\/2021\/01\/178e6598-foto-perfil-2-150x150.jpg\" alt=\"Jader Lazarini\"><\/a><div class=\"authorBox__name\"><span>por\n\t\t\t<a href=\"https:\/\/www.suno.com.br\/noticias\/author\/jader-lazarini\/\"><span itemprop=\"author\">Jader Lazarini<\/span><\/a><\/span><time datetime=\"2021-02-05T10:25:50-03:00\" itemprop=\"datePublished\">05\/02\/2021 10:25<\/time><\/div><\/div><\/div><\/div><\/div>","single_layout":"posts","amp_enabled":true,"_links":{"self":[{"href":"https:\/\/www.suno.com.br\/noticias\/wp-json\/wp\/v2\/posts\/119111"}],"collection":[{"href":"https:\/\/www.suno.com.br\/noticias\/wp-json\/wp\/v2\/posts"}],"about":[{"href":"https:\/\/www.suno.com.br\/noticias\/wp-json\/wp\/v2\/types\/post"}],"author":[{"embeddable":true,"href":"https:\/\/www.suno.com.br\/noticias\/wp-json\/wp\/v2\/users\/24"}],"replies":[{"embeddable":true,"href":"https:\/\/www.suno.com.br\/noticias\/wp-json\/wp\/v2\/comments?post=119111"}],"version-history":[{"count":1,"href":"https:\/\/www.suno.com.br\/noticias\/wp-json\/wp\/v2\/posts\/119111\/revisions"}],"predecessor-version":[{"id":152733,"href":"https:\/\/www.suno.com.br\/noticias\/wp-json\/wp\/v2\/posts\/119111\/revisions\/152733"}],"wp:featuredmedia":[{"embeddable":true,"href":"https:\/\/www.suno.com.br\/noticias\/wp-json\/wp\/v2\/media\/119115"}],"wp:attachment":[{"href":"https:\/\/www.suno.com.br\/noticias\/wp-json\/wp\/v2\/media?parent=119111"}],"wp:term":[{"taxonomy":"category","embeddable":true,"href":"https:\/\/www.suno.com.br\/noticias\/wp-json\/wp\/v2\/categories?post=119111"},{"taxonomy":"post_tag","embeddable":true,"href":"https:\/\/www.suno.com.br\/noticias\/wp-json\/wp\/v2\/tags?post=119111"},{"taxonomy":"suno_strategy","embeddable":true,"href":"https:\/\/www.suno.com.br\/noticias\/wp-json\/wp\/v2\/suno_strategy?post=119111"}],"curies":[{"name":"wp","href":"https:\/\/api.w.org\/{rel}","templated":true}]}}