{"id":119107,"date":"2021-02-05T09:51:05","date_gmt":"2021-02-05T12:51:05","guid":{"rendered":"https:\/\/www.suno.com.br\/noticias\/?p=119107"},"modified":"2021-02-05T09:52:58","modified_gmt":"2021-02-05T12:52:58","slug":"justica-nega-pedido-gol-vota-assembleia-smiles","status":"publish","type":"post","link":"https:\/\/www.suno.com.br\/noticias\/justica-nega-pedido-gol-vota-assembleia-smiles\/","title":{"rendered":"Justi\u00e7a nega pedido de minorit\u00e1rios da Smiles (SMLS3) para impedir voto da Gol (GOLL4)"},"content":{"rendered":"<p>A ju\u00edza Renata Mota Maciel, da 2\u00aa Vara Empresarial do Tribunal de Justi\u00e7a de S\u00e3o Paulo, negou, na noite desta quinta-feira (4), o pedido liminar feito por dois fundos s\u00f3cios minorit\u00e1rios da <a href=\"https:\/\/www.suno.com.br\/acoes\/smls3\/\"><strong>Smiles<\/strong> (SMLS3)<\/a>\u00a0que visava impedir que a Gol <a href=\"https:\/\/www.suno.com.br\/acoes\/goll4\/\">(GOLL4)<\/a> votasse na assembleia da companhia de programa de milhas que acontece nesta sexta-feira (5). A informa\u00e7\u00e3o \u00e9 do jornal Valor Econ\u00f4mico.<\/p>\t<div class=\"wrapper-featured-image\">\n\t\t<figure class=\"spotlightImg\">\n\n\t\t\t<picture>\n\t\t\t\t<source media=\"(max-width: 768px)\" srcset=\"https:\/\/files.sunoresearch.com.br\/n\/uploads\/2021\/02\/b5ed1a63-smiles-400x200.webp\">\n\t\t\t\t<img loading=\"lazy\" decoding=\"async\" class=\"newsContent__article__imgCapa lazyloadDisabled \" src=\"https:\/\/files.sunoresearch.com.br\/n\/uploads\/2021\/02\/b5ed1a63-smiles-800x450.webp\" width=\"800\" height=\"450\" alt=\"Justi\u00e7a nega pedido de minorit\u00e1rios da Smiles (SMLS3) para impedir voto da Gol (GOLL4)\" fetchpriority=high \/>\n\t\t\t<\/picture>\n\n\t\t\t<figcaption class=\"wp-caption-text wp-caption-text--show\">Gol (GOLL4)<\/figcaption>\n\t\t<\/figure>\n\t<\/div>\n\n\n<p><span style=\"font-weight: 400;\">\t<p>\n\t\t<a href=\"https:\/\/lp.suno.com.br\/ebook-como-analisar-uma-acao\/\" target=\"_blank\" data-element=\"shortcode-suno-banner\" title=\"Banner SUNO, clique e saiba mais\">\n\t\t\t<picture>\n\t\t\t\t<source media=\"(max-width: 500px)\" srcset=\"https:\/\/files.sunoresearch.com.br\/n\/uploads\/2023\/03\/Ebook-Acoes-Mobile.jpg\">\n\t\t\t\t<img class=\"newsContent__article__imgCapa newsContent__article__imgCapa--banner\"\n\t\t\t\t\tsrc=\"https:\/\/files.sunoresearch.com.br\/n\/uploads\/2023\/03\/Ebook-Acoes-Desktop.jpg\"\n\t\t\t\t\tdata-promo-id=\"378302\"\t\t\t\t\t\t\t\t\t\twidth='1420' height='286'\t\t\t\t\talt=\"https:\/\/files.sunoresearch.com.br\/n\/uploads\/2023\/03\/Ebook-Acoes-Desktop.jpg\"\n\t\t\t\t>\n\t\t\t<\/picture>\n\t\t<\/a>\n\t<\/p>\n\n<\/span><\/p>\n<p>O encontro de acionistas de hoje define sobre a abertura de uma a\u00e7\u00e3o de responsabilidade contra integrantes do conselho administrativo da Smiles. Estes integrantes, ligados \u00e0 companhia a\u00e9rea, aprovaram uma opera\u00e7\u00e3o de <strong>compra antecipada de passagens da Gol<\/strong>, com custo de R$ 1,2 bilh\u00e3o, no in\u00edcio da pandemia no ano passado.<\/p>\n<p>De acordo com os acionistas que abriram a a\u00e7\u00e3o, a transa\u00e7\u00e3o serviu apenas para transferir recursos do caixa da <a href=\"https:\/\/www.suno.com.br\/artigos\/subsidiaria\/\">subsidi\u00e1ria<\/a>, a Smiles, para a controladora.<\/p>\n<p>A Gol possuiu 52,60% das a\u00e7\u00f5es da Smiles sendo que o restante \u00e9 negociado no novo mercado da B3. A controladora, ent\u00e3o, tem poder suficiente para <strong>defender os pr\u00f3prios interesses<\/strong> dentro da empresa de milhas, o que foi apontado pelos s\u00f3cios minorit\u00e1rios na a\u00e7\u00e3o na Justi\u00e7a.<\/p>\n<p><a href=\"https:\/\/lp.suno.com.br\/suno-one\/\"><span style=\"font-weight: 400;\">Suno One: acesse gratuitamente eBooks, Minicursos, Artigos e Video Aulas sobre investimentos com um \u00fanico cadastro. Clique para saber mais!<\/span><\/a><\/p>\n<h2>Justi\u00e7a n\u00e3o v\u00ea necessidade de urg\u00eancia em processo liminar<\/h2>\n<p>Os fundos Samba Theta e Centauro foram os autores dos pedidos e j\u00e1 haviam iniciado, anteriormente, um procedimento arbitral para discutir a antecipa\u00e7\u00e3o da compra de passagens pela Smiles.<\/p>\n<p>Segundo a ju\u00edza, esse primeiro processo j\u00e1 est\u00e1 em est\u00e1gio avan\u00e7ado e um tribunal arbitral deve ser instalado na pr\u00f3xima semana. Por conta disso, a autoridade n\u00e3o v\u00ea urg\u00eancia no novo pedido.<\/p>\n<p><span style=\"font-weight: 400;\">\t<p>\n\t\t<a href=\"https:\/\/lp.suno.com.br\/planilha-controle-gastos\/\" target=\"_blank\" data-element=\"shortcode-suno-banner\" title=\"Banner SUNO, clique e saiba mais\">\n\t\t\t<picture>\n\t\t\t\t<source media=\"(max-width: 500px)\" srcset=\"https:\/\/files.sunoresearch.com.br\/n\/uploads\/2023\/03\/400x300-Planilha-controle-de-gastos.png\">\n\t\t\t\t<img class=\"newsContent__article__imgCapa newsContent__article__imgCapa--banner\"\n\t\t\t\t\tsrc=\"https:\/\/files.sunoresearch.com.br\/n\/uploads\/2023\/03\/1420x240-Planilha-controle-de-gastos.png\"\n\t\t\t\t\tdata-promo-id=\"101751\"\t\t\t\t\t\t\t\t\t\twidth='1420' height='240'\t\t\t\t\talt=\"https:\/\/files.sunoresearch.com.br\/n\/uploads\/2023\/03\/1420x240-Planilha-controle-de-gastos.png\"\n\t\t\t\t>\n\t\t\t<\/picture>\n\t\t<\/a>\n\t<\/p>\n\n <\/span><\/p>\n<p>Para Renata Mota Maciel, se houver conflito de interesses entre os participantes do conselho da Smiles, a Gol poder\u00e1 ser enquadrada na Lei das Sociedades An\u00f4nimas e ser processada por um eventual voto na assembleia de hoje.<\/p>\n<p>A ju\u00edza finaliza que conceder a liminar seria conceder aos acionistas minorit\u00e1rios, donos de 5% do capital da empresa de milhas, poder suficiente para decidir sobre o futuro da <strong>Smiles<\/strong> e sobre a pertin\u00eancia de a\u00e7\u00f5es, enquanto a estrutura societ\u00e1ria aponta para a preval\u00eancia da regra da maioria.<\/p>\n<p><span style=\"font-weight: 400;\">\t<p>\n\t\t<a href=\"https:\/\/lp.suno.com.br\/planilha-de-controle-de-investimentos\/\" target=\"_blank\" data-element=\"shortcode-suno-banner\" title=\"Banner SUNO, clique e saiba mais\">\n\t\t\t<picture>\n\t\t\t\t<source media=\"(max-width: 500px)\" srcset=\"https:\/\/files.sunoresearch.com.br\/n\/uploads\/2023\/03\/400x300-Controle-de-Investimentos.png\">\n\t\t\t\t<img class=\"newsContent__article__imgCapa newsContent__article__imgCapa--banner\"\n\t\t\t\t\tsrc=\"https:\/\/files.sunoresearch.com.br\/n\/uploads\/2023\/03\/1420x240-Controle-de-Investimentos.png\"\n\t\t\t\t\tdata-promo-id=\"75934\"\t\t\t\t\t\t\t\t\t\twidth='1420' height='240'\t\t\t\t\talt=\"https:\/\/files.sunoresearch.com.br\/n\/uploads\/2023\/03\/1420x240-Controle-de-Investimentos.png\"\n\t\t\t\t>\n\t\t\t<\/picture>\n\t\t<\/a>\n\t<\/p>\n\n <\/span><\/p>\n","protected":false},"excerpt":{"rendered":"<p>A ju\u00edza Renata Mota Maciel, da 2\u00aa Vara Empresarial do Tribunal de Justi\u00e7a de S\u00e3o Paulo, negou, na noite desta quinta-feira (4), o pedido liminar feito por dois fundos s\u00f3cios minorit\u00e1rios da Smiles (SMLS3)\u00a0que visava impedir que a Gol (GOLL4) votasse na assembleia da companhia de programa de milhas que acontece nesta sexta-feira (5). A [&hellip;]<\/p>\n","protected":false},"author":59,"featured_media":119122,"comment_status":"closed","ping_status":"closed","sticky":false,"template":"","format":"standard","meta":[],"categories":[64],"tags":[489,1592,637],"suno_strategy":[],"class_list":["post-119107","post","type-post","status-publish","format-standard","has-post-thumbnail","hentry","category-negocios","tag-gol-linhas-aereas-goll11-goll4","tag-passagens-aereas","tag-smiles-smls3"],"yoast_head":"<!-- This site is optimized with the Yoast SEO plugin v24.4 - https:\/\/yoast.com\/wordpress\/plugins\/seo\/ -->\n<title>Smiles (SMLS3): Justi\u00e7a nega pedido; Gol (GOLL4) votar\u00e1 em assembleia<\/title>\n<meta name=\"description\" content=\"A Justi\u00e7a negou o pedido de s\u00f3cios minorit\u00e1rios da Smiles que tentava impedir a Gol de votar em uma assembl\u00e9ia. Clique aqui para saber mais.\" \/>\n<meta name=\"robots\" content=\"index, follow, max-snippet:-1, max-image-preview:large, max-video-preview:-1\" \/>\n<link rel=\"canonical\" href=\"https:\/\/www.suno.com.br\/noticias\/justica-nega-pedido-gol-vota-assembleia-smiles\/\" \/>\n<meta property=\"og:locale\" content=\"pt_BR\" \/>\n<meta property=\"og:type\" content=\"article\" \/>\n<meta property=\"og:title\" content=\"Smiles (SMLS3): Justi\u00e7a nega pedido; Gol (GOLL4) votar\u00e1 em assembleia\" \/>\n<meta property=\"og:description\" content=\"A Justi\u00e7a negou o pedido de s\u00f3cios minorit\u00e1rios da Smiles que tentava impedir a Gol de votar em uma assembl\u00e9ia. Clique aqui para saber mais.\" \/>\n<meta property=\"og:url\" content=\"https:\/\/www.suno.com.br\/noticias\/justica-nega-pedido-gol-vota-assembleia-smiles\/\" \/>\n<meta property=\"og:site_name\" content=\"Suno Not\u00edcias\" \/>\n<meta property=\"article:publisher\" content=\"https:\/\/facebook.com\/sunoresearch\" \/>\n<meta property=\"og:image\" content=\"https:\/\/files.sunoresearch.com.br\/n\/uploads\/2021\/02\/b5ed1a63-smiles.jpg\" \/>\n\t<meta property=\"og:image:width\" content=\"1024\" \/>\n\t<meta property=\"og:image:height\" content=\"682\" \/>\n\t<meta property=\"og:image:type\" content=\"image\/jpeg\" \/>\n<meta name=\"author\" content=\"Vitor Azevedo\" \/>\n<meta name=\"twitter:card\" content=\"summary_large_image\" \/>\n<meta name=\"twitter:creator\" content=\"@sunoresearch\" \/>\n<meta name=\"twitter:site\" content=\"@sunoresearch\" \/>\n<meta name=\"twitter:label1\" content=\"Escrito por\" \/>\n\t<meta name=\"twitter:data1\" content=\"Vitor Azevedo\" \/>\n\t<meta name=\"twitter:label2\" content=\"Est. tempo de leitura\" \/>\n\t<meta name=\"twitter:data2\" content=\"2 minutos\" \/>\n<script type=\"application\/ld+json\" class=\"yoast-schema-graph\">{\"@context\":\"https:\/\/schema.org\",\"@graph\":[{\"@type\":\"NewsArticle\",\"@id\":\"https:\/\/www.suno.com.br\/noticias\/justica-nega-pedido-gol-vota-assembleia-smiles\/#article\",\"isPartOf\":{\"@id\":\"https:\/\/www.suno.com.br\/noticias\/justica-nega-pedido-gol-vota-assembleia-smiles\/\"},\"author\":{\"name\":\"Vitor Azevedo\",\"@id\":\"https:\/\/www.suno.com.br\/noticias\/#\/schema\/person\/658d5fbc74d81f265f5df3562d0038ab\"},\"headline\":\"Justi\u00e7a nega pedido de minorit\u00e1rios da Smiles (SMLS3) para impedir voto da Gol (GOLL4)\",\"datePublished\":\"2021-02-05T12:51:05+00:00\",\"dateModified\":\"2021-02-05T12:52:58+00:00\",\"mainEntityOfPage\":{\"@id\":\"https:\/\/www.suno.com.br\/noticias\/justica-nega-pedido-gol-vota-assembleia-smiles\/\"},\"wordCount\":414,\"publisher\":{\"@id\":\"https:\/\/www.suno.com.br\/noticias\/#organization\"},\"image\":{\"@id\":\"https:\/\/www.suno.com.br\/noticias\/justica-nega-pedido-gol-vota-assembleia-smiles\/#primaryimage\"},\"thumbnailUrl\":\"https:\/\/files.sunoresearch.com.br\/n\/uploads\/2021\/02\/b5ed1a63-smiles-jpg.webp\",\"keywords\":[\"Gol Linhas A\u00e9reas (GOLL11\/GOLL4)\",\"passagens a\u00e9reas\",\"Smiles (SMLS3)\"],\"articleSection\":[\"Neg\u00f3cios\"],\"inLanguage\":\"pt-BR\"},{\"@type\":\"WebPage\",\"@id\":\"https:\/\/www.suno.com.br\/noticias\/justica-nega-pedido-gol-vota-assembleia-smiles\/\",\"url\":\"https:\/\/www.suno.com.br\/noticias\/justica-nega-pedido-gol-vota-assembleia-smiles\/\",\"name\":\"Smiles (SMLS3): Justi\u00e7a nega pedido; Gol (GOLL4) votar\u00e1 em assembleia\",\"isPartOf\":{\"@id\":\"https:\/\/www.suno.com.br\/noticias\/#website\"},\"primaryImageOfPage\":{\"@id\":\"https:\/\/www.suno.com.br\/noticias\/justica-nega-pedido-gol-vota-assembleia-smiles\/#primaryimage\"},\"image\":{\"@id\":\"https:\/\/www.suno.com.br\/noticias\/justica-nega-pedido-gol-vota-assembleia-smiles\/#primaryimage\"},\"thumbnailUrl\":\"https:\/\/files.sunoresearch.com.br\/n\/uploads\/2021\/02\/b5ed1a63-smiles-jpg.webp\",\"datePublished\":\"2021-02-05T12:51:05+00:00\",\"dateModified\":\"2021-02-05T12:52:58+00:00\",\"description\":\"A Justi\u00e7a negou o pedido de s\u00f3cios minorit\u00e1rios da Smiles que tentava impedir a Gol de votar em uma assembl\u00e9ia. Clique aqui para saber mais.\",\"breadcrumb\":{\"@id\":\"https:\/\/www.suno.com.br\/noticias\/justica-nega-pedido-gol-vota-assembleia-smiles\/#breadcrumb\"},\"inLanguage\":\"pt-BR\",\"potentialAction\":[{\"@type\":\"ReadAction\",\"target\":[\"https:\/\/www.suno.com.br\/noticias\/justica-nega-pedido-gol-vota-assembleia-smiles\/\"]}]},{\"@type\":\"ImageObject\",\"inLanguage\":\"pt-BR\",\"@id\":\"https:\/\/www.suno.com.br\/noticias\/justica-nega-pedido-gol-vota-assembleia-smiles\/#primaryimage\",\"url\":\"https:\/\/files.sunoresearch.com.br\/n\/uploads\/2021\/02\/b5ed1a63-smiles-jpg.webp\",\"contentUrl\":\"https:\/\/files.sunoresearch.com.br\/n\/uploads\/2021\/02\/b5ed1a63-smiles-jpg.webp\",\"width\":1024,\"height\":682,\"caption\":\"Gol (GOLL4)\"},{\"@type\":\"BreadcrumbList\",\"@id\":\"https:\/\/www.suno.com.br\/noticias\/justica-nega-pedido-gol-vota-assembleia-smiles\/#breadcrumb\",\"itemListElement\":[{\"@type\":\"ListItem\",\"position\":1,\"name\":\"Not\u00edcias\",\"item\":\"https:\/\/www.suno.com.br\/noticias\/\"},{\"@type\":\"ListItem\",\"position\":2,\"name\":\"Neg\u00f3cios\",\"item\":\"https:\/\/www.suno.com.br\/noticias\/negocios\/\"},{\"@type\":\"ListItem\",\"position\":3,\"name\":\"Justi\u00e7a nega pedido de minorit\u00e1rios da Smiles (SMLS3) para impedir voto da Gol (GOLL4)\"}]},{\"@type\":\"WebSite\",\"@id\":\"https:\/\/www.suno.com.br\/noticias\/#website\",\"url\":\"https:\/\/www.suno.com.br\/noticias\/\",\"name\":\"Suno Not\u00edcias\",\"description\":\"Seu portal de informa\u00e7\u00e3o sobre o mundo dos investimentos\",\"publisher\":{\"@id\":\"https:\/\/www.suno.com.br\/noticias\/#organization\"},\"potentialAction\":[{\"@type\":\"SearchAction\",\"target\":{\"@type\":\"EntryPoint\",\"urlTemplate\":\"https:\/\/www.suno.com.br\/noticias\/?s={search_term_string}\"},\"query-input\":{\"@type\":\"PropertyValueSpecification\",\"valueRequired\":true,\"valueName\":\"search_term_string\"}}],\"inLanguage\":\"pt-BR\"},{\"@type\":\"Organization\",\"@id\":\"https:\/\/www.suno.com.br\/noticias\/#organization\",\"name\":\"Suno Not\u00edcias\",\"url\":\"https:\/\/www.suno.com.br\/noticias\/\",\"logo\":{\"@type\":\"ImageObject\",\"inLanguage\":\"pt-BR\",\"@id\":\"https:\/\/www.suno.com.br\/noticias\/#\/schema\/logo\/image\/\",\"url\":\"https:\/\/files.sunoresearch.com.br\/n\/uploads\/2021\/09\/suno-logo.png\",\"contentUrl\":\"https:\/\/files.sunoresearch.com.br\/n\/uploads\/2021\/09\/suno-logo.png\",\"width\":180,\"height\":180,\"caption\":\"Suno Not\u00edcias\"},\"image\":{\"@id\":\"https:\/\/www.suno.com.br\/noticias\/#\/schema\/logo\/image\/\"},\"sameAs\":[\"https:\/\/facebook.com\/sunoresearch\",\"https:\/\/x.com\/sunoresearch\",\"https:\/\/www.instagram.com\/suno\",\"https:\/\/www.linkedin.com\/company\/suno-research\/\",\"https:\/\/www.youtube.com\/c\/sunoresearch\"]},{\"@type\":\"Person\",\"@id\":\"https:\/\/www.suno.com.br\/noticias\/#\/schema\/person\/658d5fbc74d81f265f5df3562d0038ab\",\"name\":\"Vitor Azevedo\",\"image\":{\"@type\":\"ImageObject\",\"inLanguage\":\"pt-BR\",\"@id\":\"https:\/\/www.suno.com.br\/noticias\/#\/schema\/person\/image\/\",\"url\":\"https:\/\/secure.gravatar.com\/avatar\/62b86195291b446fe380824eb28b99a5?s=96&r=g\",\"contentUrl\":\"https:\/\/secure.gravatar.com\/avatar\/62b86195291b446fe380824eb28b99a5?s=96&r=g\",\"caption\":\"Vitor Azevedo\"},\"description\":\"Formado em jornalismo pela Unesp, escreve sobre economia e neg\u00f3cios para a Suno Not\u00edcias.\",\"url\":\"https:\/\/www.suno.com.br\/noticias\/author\/vitor-azevedo\/\"}]}<\/script>\n<!-- \/ Yoast SEO plugin. -->","yoast_head_json":{"title":"Smiles (SMLS3): Justi\u00e7a nega pedido; Gol (GOLL4) votar\u00e1 em assembleia","description":"A Justi\u00e7a negou o pedido de s\u00f3cios minorit\u00e1rios da Smiles que tentava impedir a Gol de votar em uma assembl\u00e9ia. Clique aqui para saber mais.","robots":{"index":"index","follow":"follow","max-snippet":"max-snippet:-1","max-image-preview":"max-image-preview:large","max-video-preview":"max-video-preview:-1"},"canonical":"https:\/\/www.suno.com.br\/noticias\/justica-nega-pedido-gol-vota-assembleia-smiles\/","og_locale":"pt_BR","og_type":"article","og_title":"Smiles (SMLS3): Justi\u00e7a nega pedido; Gol (GOLL4) votar\u00e1 em assembleia","og_description":"A Justi\u00e7a negou o pedido de s\u00f3cios minorit\u00e1rios da Smiles que tentava impedir a Gol de votar em uma assembl\u00e9ia. Clique aqui para saber mais.","og_url":"https:\/\/www.suno.com.br\/noticias\/justica-nega-pedido-gol-vota-assembleia-smiles\/","og_site_name":"Suno Not\u00edcias","article_publisher":"https:\/\/facebook.com\/sunoresearch","og_image":[{"width":1024,"height":682,"url":"https:\/\/files.sunoresearch.com.br\/n\/uploads\/2021\/02\/b5ed1a63-smiles.jpg","type":"image\/jpeg"}],"author":"Vitor Azevedo","twitter_card":"summary_large_image","twitter_creator":"@sunoresearch","twitter_site":"@sunoresearch","twitter_misc":{"Escrito por":"Vitor Azevedo","Est. tempo de leitura":"2 minutos"},"schema":{"@context":"https:\/\/schema.org","@graph":[{"@type":"NewsArticle","@id":"https:\/\/www.suno.com.br\/noticias\/justica-nega-pedido-gol-vota-assembleia-smiles\/#article","isPartOf":{"@id":"https:\/\/www.suno.com.br\/noticias\/justica-nega-pedido-gol-vota-assembleia-smiles\/"},"author":{"name":"Vitor Azevedo","@id":"https:\/\/www.suno.com.br\/noticias\/#\/schema\/person\/658d5fbc74d81f265f5df3562d0038ab"},"headline":"Justi\u00e7a nega pedido de minorit\u00e1rios da Smiles (SMLS3) para impedir voto da Gol (GOLL4)","datePublished":"2021-02-05T12:51:05+00:00","dateModified":"2021-02-05T12:52:58+00:00","mainEntityOfPage":{"@id":"https:\/\/www.suno.com.br\/noticias\/justica-nega-pedido-gol-vota-assembleia-smiles\/"},"wordCount":414,"publisher":{"@id":"https:\/\/www.suno.com.br\/noticias\/#organization"},"image":{"@id":"https:\/\/www.suno.com.br\/noticias\/justica-nega-pedido-gol-vota-assembleia-smiles\/#primaryimage"},"thumbnailUrl":"https:\/\/files.sunoresearch.com.br\/n\/uploads\/2021\/02\/b5ed1a63-smiles-jpg.webp","keywords":["Gol Linhas A\u00e9reas (GOLL11\/GOLL4)","passagens a\u00e9reas","Smiles (SMLS3)"],"articleSection":["Neg\u00f3cios"],"inLanguage":"pt-BR"},{"@type":"WebPage","@id":"https:\/\/www.suno.com.br\/noticias\/justica-nega-pedido-gol-vota-assembleia-smiles\/","url":"https:\/\/www.suno.com.br\/noticias\/justica-nega-pedido-gol-vota-assembleia-smiles\/","name":"Smiles (SMLS3): Justi\u00e7a nega pedido; Gol (GOLL4) votar\u00e1 em assembleia","isPartOf":{"@id":"https:\/\/www.suno.com.br\/noticias\/#website"},"primaryImageOfPage":{"@id":"https:\/\/www.suno.com.br\/noticias\/justica-nega-pedido-gol-vota-assembleia-smiles\/#primaryimage"},"image":{"@id":"https:\/\/www.suno.com.br\/noticias\/justica-nega-pedido-gol-vota-assembleia-smiles\/#primaryimage"},"thumbnailUrl":"https:\/\/files.sunoresearch.com.br\/n\/uploads\/2021\/02\/b5ed1a63-smiles-jpg.webp","datePublished":"2021-02-05T12:51:05+00:00","dateModified":"2021-02-05T12:52:58+00:00","description":"A Justi\u00e7a negou o pedido de s\u00f3cios minorit\u00e1rios da Smiles que tentava impedir a Gol de votar em uma assembl\u00e9ia. Clique aqui para saber mais.","breadcrumb":{"@id":"https:\/\/www.suno.com.br\/noticias\/justica-nega-pedido-gol-vota-assembleia-smiles\/#breadcrumb"},"inLanguage":"pt-BR","potentialAction":[{"@type":"ReadAction","target":["https:\/\/www.suno.com.br\/noticias\/justica-nega-pedido-gol-vota-assembleia-smiles\/"]}]},{"@type":"ImageObject","inLanguage":"pt-BR","@id":"https:\/\/www.suno.com.br\/noticias\/justica-nega-pedido-gol-vota-assembleia-smiles\/#primaryimage","url":"https:\/\/files.sunoresearch.com.br\/n\/uploads\/2021\/02\/b5ed1a63-smiles-jpg.webp","contentUrl":"https:\/\/files.sunoresearch.com.br\/n\/uploads\/2021\/02\/b5ed1a63-smiles-jpg.webp","width":1024,"height":682,"caption":"Gol (GOLL4)"},{"@type":"BreadcrumbList","@id":"https:\/\/www.suno.com.br\/noticias\/justica-nega-pedido-gol-vota-assembleia-smiles\/#breadcrumb","itemListElement":[{"@type":"ListItem","position":1,"name":"Not\u00edcias","item":"https:\/\/www.suno.com.br\/noticias\/"},{"@type":"ListItem","position":2,"name":"Neg\u00f3cios","item":"https:\/\/www.suno.com.br\/noticias\/negocios\/"},{"@type":"ListItem","position":3,"name":"Justi\u00e7a nega pedido de minorit\u00e1rios da Smiles (SMLS3) para impedir voto da Gol (GOLL4)"}]},{"@type":"WebSite","@id":"https:\/\/www.suno.com.br\/noticias\/#website","url":"https:\/\/www.suno.com.br\/noticias\/","name":"Suno Not\u00edcias","description":"Seu portal de informa\u00e7\u00e3o sobre o mundo dos investimentos","publisher":{"@id":"https:\/\/www.suno.com.br\/noticias\/#organization"},"potentialAction":[{"@type":"SearchAction","target":{"@type":"EntryPoint","urlTemplate":"https:\/\/www.suno.com.br\/noticias\/?s={search_term_string}"},"query-input":{"@type":"PropertyValueSpecification","valueRequired":true,"valueName":"search_term_string"}}],"inLanguage":"pt-BR"},{"@type":"Organization","@id":"https:\/\/www.suno.com.br\/noticias\/#organization","name":"Suno Not\u00edcias","url":"https:\/\/www.suno.com.br\/noticias\/","logo":{"@type":"ImageObject","inLanguage":"pt-BR","@id":"https:\/\/www.suno.com.br\/noticias\/#\/schema\/logo\/image\/","url":"https:\/\/files.sunoresearch.com.br\/n\/uploads\/2021\/09\/suno-logo.png","contentUrl":"https:\/\/files.sunoresearch.com.br\/n\/uploads\/2021\/09\/suno-logo.png","width":180,"height":180,"caption":"Suno Not\u00edcias"},"image":{"@id":"https:\/\/www.suno.com.br\/noticias\/#\/schema\/logo\/image\/"},"sameAs":["https:\/\/facebook.com\/sunoresearch","https:\/\/x.com\/sunoresearch","https:\/\/www.instagram.com\/suno","https:\/\/www.linkedin.com\/company\/suno-research\/","https:\/\/www.youtube.com\/c\/sunoresearch"]},{"@type":"Person","@id":"https:\/\/www.suno.com.br\/noticias\/#\/schema\/person\/658d5fbc74d81f265f5df3562d0038ab","name":"Vitor Azevedo","image":{"@type":"ImageObject","inLanguage":"pt-BR","@id":"https:\/\/www.suno.com.br\/noticias\/#\/schema\/person\/image\/","url":"https:\/\/secure.gravatar.com\/avatar\/62b86195291b446fe380824eb28b99a5?s=96&r=g","contentUrl":"https:\/\/secure.gravatar.com\/avatar\/62b86195291b446fe380824eb28b99a5?s=96&r=g","caption":"Vitor Azevedo"},"description":"Formado em jornalismo pela Unesp, escreve sobre economia e neg\u00f3cios para a Suno Not\u00edcias.","url":"https:\/\/www.suno.com.br\/noticias\/author\/vitor-azevedo\/"}]}},"default_loop_html":"<div class=\"cardsPage__listCard__boxs\"><div class=\"cardsPage__listCard__boxs__img\"><a href=\"https:\/\/www.suno.com.br\/noticias\/justica-nega-pedido-gol-vota-assembleia-smiles\/\"><img class=\"mask\" src=\"https:\/\/www.suno.com.br\/noticias\/wp-content\/themes\/suno\/resources\/images\/spotlight\/spotlight1img\/bg-mask.png\" alt=\"Image Mask\"\/><img src=\"https:\/\/files.sunoresearch.com.br\/n\/uploads\/2021\/02\/b5ed1a63-smiles-400x200.webp\" alt=\"Justi\u00e7a nega pedido de minorit\u00e1rios da Smiles (SMLS3) para impedir voto da Gol (GOLL4)\"\/><\/a><span class=\"spotlightCategory\"><a href=\"https:\/\/www.suno.com.br\/noticias\/negocios\/\">Neg\u00f3cios<\/a><\/span><\/div><div class=\"cardsPage__listCard__boxs__content\"><a href=\"https:\/\/www.suno.com.br\/noticias\/justica-nega-pedido-gol-vota-assembleia-smiles\/\"><h2 class=\"content__title\">Justi\u00e7a nega pedido de minorit\u00e1rios da Smiles (SMLS3) para impedir voto da Gol (GOLL4)<\/h2><\/a><div class=\"newsContent__article__meta\"><div class=\"newsContent__article__meta__authorBox\"><a href=\"https:\/\/www.suno.com.br\/noticias\/author\/vitor-azevedo\/\" class=\"authorBox__avatar noMobi\"><img src=\"https:\/\/secure.gravatar.com\/avatar\/62b86195291b446fe380824eb28b99a5?s=96&#038;r=g\" alt=\"Vitor Azevedo\"><\/a><div class=\"authorBox__name\"><span>por\n\t\t\t<a href=\"https:\/\/www.suno.com.br\/noticias\/author\/vitor-azevedo\/\"><span itemprop=\"author\">Vitor Azevedo<\/span><\/a><\/span><time datetime=\"2021-02-05T09:51:05-03:00\" itemprop=\"datePublished\">05\/02\/2021 09:51<\/time><\/div><\/div><\/div><\/div><\/div>","single_layout":"posts","amp_enabled":true,"_links":{"self":[{"href":"https:\/\/www.suno.com.br\/noticias\/wp-json\/wp\/v2\/posts\/119107"}],"collection":[{"href":"https:\/\/www.suno.com.br\/noticias\/wp-json\/wp\/v2\/posts"}],"about":[{"href":"https:\/\/www.suno.com.br\/noticias\/wp-json\/wp\/v2\/types\/post"}],"author":[{"embeddable":true,"href":"https:\/\/www.suno.com.br\/noticias\/wp-json\/wp\/v2\/users\/59"}],"replies":[{"embeddable":true,"href":"https:\/\/www.suno.com.br\/noticias\/wp-json\/wp\/v2\/comments?post=119107"}],"version-history":[{"count":0,"href":"https:\/\/www.suno.com.br\/noticias\/wp-json\/wp\/v2\/posts\/119107\/revisions"}],"wp:featuredmedia":[{"embeddable":true,"href":"https:\/\/www.suno.com.br\/noticias\/wp-json\/wp\/v2\/media\/119122"}],"wp:attachment":[{"href":"https:\/\/www.suno.com.br\/noticias\/wp-json\/wp\/v2\/media?parent=119107"}],"wp:term":[{"taxonomy":"category","embeddable":true,"href":"https:\/\/www.suno.com.br\/noticias\/wp-json\/wp\/v2\/categories?post=119107"},{"taxonomy":"post_tag","embeddable":true,"href":"https:\/\/www.suno.com.br\/noticias\/wp-json\/wp\/v2\/tags?post=119107"},{"taxonomy":"suno_strategy","embeddable":true,"href":"https:\/\/www.suno.com.br\/noticias\/wp-json\/wp\/v2\/suno_strategy?post=119107"}],"curies":[{"name":"wp","href":"https:\/\/api.w.org\/{rel}","templated":true}]}}