{"id":118585,"date":"2021-02-03T17:35:30","date_gmt":"2021-02-03T20:35:30","guid":{"rendered":"https:\/\/www.suno.com.br\/noticias\/?p=118585"},"modified":"2021-06-13T23:27:11","modified_gmt":"2021-06-14T02:27:11","slug":"democratas-concordaram-biden-cheques-14-mil","status":"publish","type":"post","link":"https:\/\/www.suno.com.br\/noticias\/democratas-concordaram-biden-cheques-14-mil\/","title":{"rendered":"EUA: Democratas concordaram com Biden sobre cheques de US$ 1,4 mil"},"content":{"rendered":"<p>A porta-voz da Casa Branca, Jens Psaki, declarou nesta quarta-feira (3), que parlamentares democratas concordaram com o presidente dos Estados Unidos, <strong>Joe Biden<\/strong>, em rela\u00e7\u00e3o aos pagamentos individuais de US$ 1,4 mil previstos no <strong>pacote fiscal<\/strong>.<\/p>\t<div class=\"wrapper-featured-image\">\n\t\t<figure class=\"spotlightImg\">\n\n\t\t\t<picture>\n\t\t\t\t<source media=\"(max-width: 768px)\" srcset=\"https:\/\/files.sunoresearch.com.br\/n\/uploads\/2021\/02\/3d1126a3-casa-branca-400x200.jpg\">\n\t\t\t\t<img loading=\"lazy\" decoding=\"async\" class=\"newsContent__article__imgCapa lazyloadDisabled \" src=\"https:\/\/files.sunoresearch.com.br\/n\/uploads\/2021\/02\/3d1126a3-casa-branca-800x450.jpg\" width=\"800\" height=\"450\" alt=\"EUA: Democratas concordaram com Biden sobre cheques de US$ 1,4 mil\" fetchpriority=high \/>\n\t\t\t<\/picture>\n\n\t\t\t<figcaption class=\"wp-caption-text wp-caption-text--show\">EUA: Democratas concordaram com Biden sobre cheques de US$ 1,4 mil<\/figcaption>\n\t\t<\/figure>\n\t<\/div>\n\n\n<p><span style=\"font-weight: 400;\">\t<p>\n\t\t<a href=\"https:\/\/lp.suno.com.br\/ebook-como-analisar-uma-acao\/\" target=\"_blank\" data-element=\"shortcode-suno-banner\" title=\"Banner SUNO, clique e saiba mais\">\n\t\t\t<picture>\n\t\t\t\t<source media=\"(max-width: 500px)\" srcset=\"https:\/\/files.sunoresearch.com.br\/n\/uploads\/2023\/03\/Ebook-Acoes-Mobile.jpg\">\n\t\t\t\t<img class=\"newsContent__article__imgCapa newsContent__article__imgCapa--banner\"\n\t\t\t\t\tsrc=\"https:\/\/files.sunoresearch.com.br\/n\/uploads\/2023\/03\/Ebook-Acoes-Desktop.jpg\"\n\t\t\t\t\tdata-promo-id=\"378302\"\t\t\t\t\t\t\t\t\t\twidth='1420' height='286'\t\t\t\t\talt=\"https:\/\/files.sunoresearch.com.br\/n\/uploads\/2023\/03\/Ebook-Acoes-Desktop.jpg\"\n\t\t\t\t>\n\t\t\t<\/picture>\n\t\t<\/a>\n\t<\/p>\n\n<\/span><\/p>\n<p>&#8220;O presidente deixou claro para os democratas que o pacote fiscal precisa combater a crise de sa\u00fade e econ\u00f4mica&#8221;, disse Jens Psaki sobre Biden em coletiva de imprensa.<\/p>\n<p>Al\u00e9m disso, a assessora afirmou que o mandat\u00e1rio americano conversou com o l\u00edder da maioria no Senado, o democrata Chuck Schumer, sobre a necessidade de &#8220;agir r\u00e1pido&#8221; e &#8220;com grandeza&#8221; para aprovar os est\u00edmulos no Congresso.<\/p>\n<p>Nesta quarta-feira, Schumer e o l\u00edder republicano no Senado, Mitch McConnell, concordaram com as propor\u00e7\u00f5es para a composi\u00e7\u00e3o dos comit\u00eas do Senado. Diante disso, um impasse de semanas que impediu os <strong>democratas<\/strong> de avan\u00e7ar com algumas medidas legislativas foi encerrado.<\/p>\n<p><a href=\"https:\/\/lp.suno.com.br\/suno-one\/\"><span style=\"font-weight: 400;\">Suno One: acesse gratuitamente eBooks, Minicursos, Artigos e Video Aulas sobre investimentos com um \u00fanico cadastro. Clique para saber mais!<\/span><\/a><\/p>\n<p>Ao ser questionada sobre a resist\u00eancia dos republicanos a alguns pontos do pacote, Psaki declarou que, na vis\u00e3o da Casa Branca, a proposta \u00e9 bipartid\u00e1ria &#8220;em si&#8221;, devido ao apoio popular registrado em pesquisas de opini\u00e3o.<\/p>\n<p>&#8220;Veremos quais propostas melhoram o projeto de lei. Com certeza, estamos abertos a isso&#8221;, disse a assessora. &#8220;Biden quer garantir que tenhamos todos os recursos necess\u00e1rios para combater a crise&#8221;, acrescentou.<\/p>\n<p><span style=\"font-weight: 400;\">\t<p>\n\t\t<a href=\"https:\/\/lp.suno.com.br\/planilha-controle-gastos\/\" target=\"_blank\" data-element=\"shortcode-suno-banner\" title=\"Banner SUNO, clique e saiba mais\">\n\t\t\t<picture>\n\t\t\t\t<source media=\"(max-width: 500px)\" srcset=\"https:\/\/files.sunoresearch.com.br\/n\/uploads\/2023\/03\/400x300-Planilha-controle-de-gastos.png\">\n\t\t\t\t<img class=\"newsContent__article__imgCapa newsContent__article__imgCapa--banner\"\n\t\t\t\t\tsrc=\"https:\/\/files.sunoresearch.com.br\/n\/uploads\/2023\/03\/1420x240-Planilha-controle-de-gastos.png\"\n\t\t\t\t\tdata-promo-id=\"101751\"\t\t\t\t\t\t\t\t\t\twidth='1420' height='240'\t\t\t\t\talt=\"https:\/\/files.sunoresearch.com.br\/n\/uploads\/2023\/03\/1420x240-Planilha-controle-de-gastos.png\"\n\t\t\t\t>\n\t\t\t<\/picture>\n\t\t<\/a>\n\t<\/p>\n\n<\/span><\/p>\n<h2>Democratas estar\u00e3o prontos para aprovar pacote fiscal em fevereiro, diz Pelosi<\/h2>\n<p>A presidente da C\u00e2mara dos Representantes dos Estados Unidos, <strong>Nancy Pelosi<\/strong>, anunciou nesta quinta-feira (21) que os democratas estar\u00e3o &#8220;prontos&#8221; para aprovar o <strong>pacote de est\u00edmulos<\/strong>\u00a0proposto pelo presidente <strong>Joe Biden<\/strong> na primeira semana de fevereiro.<\/p>\n<p>De acordo com Pelosi, &#8220;Temos que fazer mais para combater a crise&#8221; causada pela pandemia do <a href=\"https:\/\/www.suno.com.br\/noticias\/tags\/coronavirus\/\">coronav\u00edrus (Covid-19)<\/a>.<\/p>\n<p><a href=\"https:\/\/www.suno.com.br\/noticias\/democratas-aprovar-pacote-pelosi\/\">Saiba Mais: Democratas estar\u00e3o prontos para aprovar pacote fiscal em fevereiro, diz Pelosi<\/a><\/p>\n<p>O novo chefe da Casa Branca prop\u00f4s ao Congresso um <strong>pacote fiscal<\/strong> de US$ 1,9 trilh\u00e3o, contudo, o aux\u00edlio n\u00e3o \u00e9 aprovado sem ocorrer a negocia\u00e7\u00e3o no Senado com parlamentares republicanos.<\/p>\n<p>O Partido Democrata garantiu o controle da Casa, assim como o da C\u00e2mara, mas apenas com o voto de desempate da vice-presidente de <strong>Biden<\/strong>, Kamala Harris.<\/p>\n<p>Com informa\u00e7\u00f5es do Estad\u00e3o Conte\u00fado<\/p>\n<p><span style=\"font-weight: 400;\">\t<p>\n\t\t<a href=\"https:\/\/lp.suno.com.br\/planilha-de-controle-de-investimentos\/\" target=\"_blank\" data-element=\"shortcode-suno-banner\" title=\"Banner SUNO, clique e saiba mais\">\n\t\t\t<picture>\n\t\t\t\t<source media=\"(max-width: 500px)\" srcset=\"https:\/\/files.sunoresearch.com.br\/n\/uploads\/2023\/03\/400x300-Controle-de-Investimentos.png\">\n\t\t\t\t<img class=\"newsContent__article__imgCapa newsContent__article__imgCapa--banner\"\n\t\t\t\t\tsrc=\"https:\/\/files.sunoresearch.com.br\/n\/uploads\/2023\/03\/1420x240-Controle-de-Investimentos.png\"\n\t\t\t\t\tdata-promo-id=\"75934\"\t\t\t\t\t\t\t\t\t\twidth='1420' height='240'\t\t\t\t\talt=\"https:\/\/files.sunoresearch.com.br\/n\/uploads\/2023\/03\/1420x240-Controle-de-Investimentos.png\"\n\t\t\t\t>\n\t\t\t<\/picture>\n\t\t<\/a>\n\t<\/p>\n\n<\/span><\/p>\n","protected":false},"excerpt":{"rendered":"<p>A porta-voz da Casa Branca, Jens Psaki, declarou nesta quarta-feira (3), que parlamentares democratas concordaram com o presidente dos Estados Unidos, Joe Biden, em rela\u00e7\u00e3o aos pagamentos individuais de US$ 1,4 mil previstos no pacote fiscal. EUA: Democratas concordaram com Biden sobre cheques de US$ 1,4 mil &#8220;O presidente deixou claro para os democratas que [&hellip;]<\/p>\n","protected":false},"author":56,"featured_media":118590,"comment_status":"closed","ping_status":"closed","sticky":false,"template":"","format":"standard","meta":[],"categories":[63],"tags":[793,73481],"suno_strategy":[],"class_list":["post-118585","post","type-post","status-publish","format-standard","has-post-thumbnail","hentry","category-internacional","tag-estados-unidos-eua","tag-joe-biden"],"yoast_head":"<!-- This site is optimized with the Yoast SEO plugin v24.4 - https:\/\/yoast.com\/wordpress\/plugins\/seo\/ -->\n<title>EUA: Democratas concordaram com Biden sobre cheques de US$ 1,4 mil<\/title>\n<meta name=\"description\" content=\"Biden &quot;deixou claro para os democratas que o pacote fiscal precisa combater a crise de sa\u00fade e econ\u00f4mica&quot;. Clique aqui para saber mais.\" \/>\n<meta name=\"robots\" content=\"index, follow, max-snippet:-1, max-image-preview:large, max-video-preview:-1\" \/>\n<link rel=\"canonical\" href=\"https:\/\/www.suno.com.br\/noticias\/democratas-concordaram-biden-cheques-14-mil\/\" \/>\n<meta property=\"og:locale\" content=\"pt_BR\" \/>\n<meta property=\"og:type\" content=\"article\" \/>\n<meta property=\"og:title\" content=\"EUA: Democratas concordaram com Biden sobre cheques de US$ 1,4 mil\" \/>\n<meta property=\"og:description\" content=\"Biden &quot;deixou claro para os democratas que o pacote fiscal precisa combater a crise de sa\u00fade e econ\u00f4mica&quot;. Clique aqui para saber mais.\" \/>\n<meta property=\"og:url\" content=\"https:\/\/www.suno.com.br\/noticias\/democratas-concordaram-biden-cheques-14-mil\/\" \/>\n<meta property=\"og:site_name\" content=\"Suno Not\u00edcias\" \/>\n<meta property=\"article:publisher\" content=\"https:\/\/facebook.com\/sunoresearch\" \/>\n<meta property=\"og:image\" content=\"https:\/\/files.sunoresearch.com.br\/n\/uploads\/2021\/02\/3d1126a3-casa-branca-scaled.jpg\" \/>\n\t<meta property=\"og:image:width\" content=\"2560\" \/>\n\t<meta property=\"og:image:height\" content=\"1714\" \/>\n\t<meta property=\"og:image:type\" content=\"image\/jpeg\" \/>\n<meta name=\"author\" content=\"Rafaela La Regina\" \/>\n<meta name=\"twitter:card\" content=\"summary_large_image\" \/>\n<meta name=\"twitter:creator\" content=\"@sunoresearch\" \/>\n<meta name=\"twitter:site\" content=\"@sunoresearch\" \/>\n<meta name=\"twitter:label1\" content=\"Escrito por\" \/>\n\t<meta name=\"twitter:data1\" content=\"Rafaela La Regina\" \/>\n\t<meta name=\"twitter:label2\" content=\"Est. tempo de leitura\" \/>\n\t<meta name=\"twitter:data2\" content=\"2 minutos\" \/>\n<script type=\"application\/ld+json\" class=\"yoast-schema-graph\">{\"@context\":\"https:\/\/schema.org\",\"@graph\":[{\"@type\":\"NewsArticle\",\"@id\":\"https:\/\/www.suno.com.br\/noticias\/democratas-concordaram-biden-cheques-14-mil\/#article\",\"isPartOf\":{\"@id\":\"https:\/\/www.suno.com.br\/noticias\/democratas-concordaram-biden-cheques-14-mil\/\"},\"author\":{\"name\":\"Rafaela La Regina\",\"@id\":\"https:\/\/www.suno.com.br\/noticias\/#\/schema\/person\/e672ca8cea627fe715fa29bca7da95e0\"},\"headline\":\"EUA: Democratas concordaram com Biden sobre cheques de US$ 1,4 mil\",\"datePublished\":\"2021-02-03T20:35:30+00:00\",\"dateModified\":\"2021-06-14T02:27:11+00:00\",\"mainEntityOfPage\":{\"@id\":\"https:\/\/www.suno.com.br\/noticias\/democratas-concordaram-biden-cheques-14-mil\/\"},\"wordCount\":413,\"publisher\":{\"@id\":\"https:\/\/www.suno.com.br\/noticias\/#organization\"},\"image\":{\"@id\":\"https:\/\/www.suno.com.br\/noticias\/democratas-concordaram-biden-cheques-14-mil\/#primaryimage\"},\"thumbnailUrl\":\"https:\/\/files.sunoresearch.com.br\/n\/uploads\/2021\/02\/3d1126a3-casa-branca-scaled.jpg\",\"keywords\":[\"Estados Unidos (EUA)\",\"Joe Biden\"],\"articleSection\":[\"Internacional\"],\"inLanguage\":\"pt-BR\"},{\"@type\":\"WebPage\",\"@id\":\"https:\/\/www.suno.com.br\/noticias\/democratas-concordaram-biden-cheques-14-mil\/\",\"url\":\"https:\/\/www.suno.com.br\/noticias\/democratas-concordaram-biden-cheques-14-mil\/\",\"name\":\"EUA: Democratas concordaram com Biden sobre cheques de US$ 1,4 mil\",\"isPartOf\":{\"@id\":\"https:\/\/www.suno.com.br\/noticias\/#website\"},\"primaryImageOfPage\":{\"@id\":\"https:\/\/www.suno.com.br\/noticias\/democratas-concordaram-biden-cheques-14-mil\/#primaryimage\"},\"image\":{\"@id\":\"https:\/\/www.suno.com.br\/noticias\/democratas-concordaram-biden-cheques-14-mil\/#primaryimage\"},\"thumbnailUrl\":\"https:\/\/files.sunoresearch.com.br\/n\/uploads\/2021\/02\/3d1126a3-casa-branca-scaled.jpg\",\"datePublished\":\"2021-02-03T20:35:30+00:00\",\"dateModified\":\"2021-06-14T02:27:11+00:00\",\"description\":\"Biden \\\"deixou claro para os democratas que o pacote fiscal precisa combater a crise de sa\u00fade e econ\u00f4mica\\\". Clique aqui para saber mais.\",\"breadcrumb\":{\"@id\":\"https:\/\/www.suno.com.br\/noticias\/democratas-concordaram-biden-cheques-14-mil\/#breadcrumb\"},\"inLanguage\":\"pt-BR\",\"potentialAction\":[{\"@type\":\"ReadAction\",\"target\":[\"https:\/\/www.suno.com.br\/noticias\/democratas-concordaram-biden-cheques-14-mil\/\"]}]},{\"@type\":\"ImageObject\",\"inLanguage\":\"pt-BR\",\"@id\":\"https:\/\/www.suno.com.br\/noticias\/democratas-concordaram-biden-cheques-14-mil\/#primaryimage\",\"url\":\"https:\/\/files.sunoresearch.com.br\/n\/uploads\/2021\/02\/3d1126a3-casa-branca-scaled.jpg\",\"contentUrl\":\"https:\/\/files.sunoresearch.com.br\/n\/uploads\/2021\/02\/3d1126a3-casa-branca-scaled.jpg\",\"width\":2560,\"height\":1714,\"caption\":\"EUA: Democratas concordaram com Biden sobre cheques de US$ 1,4 mil\"},{\"@type\":\"BreadcrumbList\",\"@id\":\"https:\/\/www.suno.com.br\/noticias\/democratas-concordaram-biden-cheques-14-mil\/#breadcrumb\",\"itemListElement\":[{\"@type\":\"ListItem\",\"position\":1,\"name\":\"Not\u00edcias\",\"item\":\"https:\/\/www.suno.com.br\/noticias\/\"},{\"@type\":\"ListItem\",\"position\":2,\"name\":\"Internacional\",\"item\":\"https:\/\/www.suno.com.br\/noticias\/internacional\/\"},{\"@type\":\"ListItem\",\"position\":3,\"name\":\"EUA: Democratas concordaram com Biden sobre cheques de US$ 1,4 mil\"}]},{\"@type\":\"WebSite\",\"@id\":\"https:\/\/www.suno.com.br\/noticias\/#website\",\"url\":\"https:\/\/www.suno.com.br\/noticias\/\",\"name\":\"Suno Not\u00edcias\",\"description\":\"Seu portal de informa\u00e7\u00e3o sobre o mundo dos investimentos\",\"publisher\":{\"@id\":\"https:\/\/www.suno.com.br\/noticias\/#organization\"},\"potentialAction\":[{\"@type\":\"SearchAction\",\"target\":{\"@type\":\"EntryPoint\",\"urlTemplate\":\"https:\/\/www.suno.com.br\/noticias\/?s={search_term_string}\"},\"query-input\":{\"@type\":\"PropertyValueSpecification\",\"valueRequired\":true,\"valueName\":\"search_term_string\"}}],\"inLanguage\":\"pt-BR\"},{\"@type\":\"Organization\",\"@id\":\"https:\/\/www.suno.com.br\/noticias\/#organization\",\"name\":\"Suno Not\u00edcias\",\"url\":\"https:\/\/www.suno.com.br\/noticias\/\",\"logo\":{\"@type\":\"ImageObject\",\"inLanguage\":\"pt-BR\",\"@id\":\"https:\/\/www.suno.com.br\/noticias\/#\/schema\/logo\/image\/\",\"url\":\"https:\/\/files.sunoresearch.com.br\/n\/uploads\/2021\/09\/suno-logo.png\",\"contentUrl\":\"https:\/\/files.sunoresearch.com.br\/n\/uploads\/2021\/09\/suno-logo.png\",\"width\":180,\"height\":180,\"caption\":\"Suno Not\u00edcias\"},\"image\":{\"@id\":\"https:\/\/www.suno.com.br\/noticias\/#\/schema\/logo\/image\/\"},\"sameAs\":[\"https:\/\/facebook.com\/sunoresearch\",\"https:\/\/x.com\/sunoresearch\",\"https:\/\/www.instagram.com\/suno\",\"https:\/\/www.linkedin.com\/company\/suno-research\/\",\"https:\/\/www.youtube.com\/c\/sunoresearch\"]},{\"@type\":\"Person\",\"@id\":\"https:\/\/www.suno.com.br\/noticias\/#\/schema\/person\/e672ca8cea627fe715fa29bca7da95e0\",\"name\":\"Rafaela La Regina\",\"image\":{\"@type\":\"ImageObject\",\"inLanguage\":\"pt-BR\",\"@id\":\"https:\/\/www.suno.com.br\/noticias\/#\/schema\/person\/image\/\",\"url\":\"https:\/\/secure.gravatar.com\/avatar\/d2c75a52d243deb93d0465fdcb21bd37?s=96&r=g\",\"contentUrl\":\"https:\/\/secure.gravatar.com\/avatar\/d2c75a52d243deb93d0465fdcb21bd37?s=96&r=g\",\"caption\":\"Rafaela La Regina\"},\"description\":\"Estagi\u00e1ria no Suno Not\u00edcias. Escreve sobre economia, pol\u00edtica e neg\u00f3cios. Estuda Rela\u00e7\u00f5es Internacionais no IBMEC-SP.\",\"url\":\"https:\/\/www.suno.com.br\/noticias\/author\/rafaela-la-regina\/\"}]}<\/script>\n<!-- \/ Yoast SEO plugin. -->","yoast_head_json":{"title":"EUA: Democratas concordaram com Biden sobre cheques de US$ 1,4 mil","description":"Biden \"deixou claro para os democratas que o pacote fiscal precisa combater a crise de sa\u00fade e econ\u00f4mica\". Clique aqui para saber mais.","robots":{"index":"index","follow":"follow","max-snippet":"max-snippet:-1","max-image-preview":"max-image-preview:large","max-video-preview":"max-video-preview:-1"},"canonical":"https:\/\/www.suno.com.br\/noticias\/democratas-concordaram-biden-cheques-14-mil\/","og_locale":"pt_BR","og_type":"article","og_title":"EUA: Democratas concordaram com Biden sobre cheques de US$ 1,4 mil","og_description":"Biden \"deixou claro para os democratas que o pacote fiscal precisa combater a crise de sa\u00fade e econ\u00f4mica\". Clique aqui para saber mais.","og_url":"https:\/\/www.suno.com.br\/noticias\/democratas-concordaram-biden-cheques-14-mil\/","og_site_name":"Suno Not\u00edcias","article_publisher":"https:\/\/facebook.com\/sunoresearch","og_image":[{"width":2560,"height":1714,"url":"https:\/\/files.sunoresearch.com.br\/n\/uploads\/2021\/02\/3d1126a3-casa-branca-scaled.jpg","type":"image\/jpeg"}],"author":"Rafaela La Regina","twitter_card":"summary_large_image","twitter_creator":"@sunoresearch","twitter_site":"@sunoresearch","twitter_misc":{"Escrito por":"Rafaela La Regina","Est. tempo de leitura":"2 minutos"},"schema":{"@context":"https:\/\/schema.org","@graph":[{"@type":"NewsArticle","@id":"https:\/\/www.suno.com.br\/noticias\/democratas-concordaram-biden-cheques-14-mil\/#article","isPartOf":{"@id":"https:\/\/www.suno.com.br\/noticias\/democratas-concordaram-biden-cheques-14-mil\/"},"author":{"name":"Rafaela La Regina","@id":"https:\/\/www.suno.com.br\/noticias\/#\/schema\/person\/e672ca8cea627fe715fa29bca7da95e0"},"headline":"EUA: Democratas concordaram com Biden sobre cheques de US$ 1,4 mil","datePublished":"2021-02-03T20:35:30+00:00","dateModified":"2021-06-14T02:27:11+00:00","mainEntityOfPage":{"@id":"https:\/\/www.suno.com.br\/noticias\/democratas-concordaram-biden-cheques-14-mil\/"},"wordCount":413,"publisher":{"@id":"https:\/\/www.suno.com.br\/noticias\/#organization"},"image":{"@id":"https:\/\/www.suno.com.br\/noticias\/democratas-concordaram-biden-cheques-14-mil\/#primaryimage"},"thumbnailUrl":"https:\/\/files.sunoresearch.com.br\/n\/uploads\/2021\/02\/3d1126a3-casa-branca-scaled.jpg","keywords":["Estados Unidos (EUA)","Joe Biden"],"articleSection":["Internacional"],"inLanguage":"pt-BR"},{"@type":"WebPage","@id":"https:\/\/www.suno.com.br\/noticias\/democratas-concordaram-biden-cheques-14-mil\/","url":"https:\/\/www.suno.com.br\/noticias\/democratas-concordaram-biden-cheques-14-mil\/","name":"EUA: Democratas concordaram com Biden sobre cheques de US$ 1,4 mil","isPartOf":{"@id":"https:\/\/www.suno.com.br\/noticias\/#website"},"primaryImageOfPage":{"@id":"https:\/\/www.suno.com.br\/noticias\/democratas-concordaram-biden-cheques-14-mil\/#primaryimage"},"image":{"@id":"https:\/\/www.suno.com.br\/noticias\/democratas-concordaram-biden-cheques-14-mil\/#primaryimage"},"thumbnailUrl":"https:\/\/files.sunoresearch.com.br\/n\/uploads\/2021\/02\/3d1126a3-casa-branca-scaled.jpg","datePublished":"2021-02-03T20:35:30+00:00","dateModified":"2021-06-14T02:27:11+00:00","description":"Biden \"deixou claro para os democratas que o pacote fiscal precisa combater a crise de sa\u00fade e econ\u00f4mica\". Clique aqui para saber mais.","breadcrumb":{"@id":"https:\/\/www.suno.com.br\/noticias\/democratas-concordaram-biden-cheques-14-mil\/#breadcrumb"},"inLanguage":"pt-BR","potentialAction":[{"@type":"ReadAction","target":["https:\/\/www.suno.com.br\/noticias\/democratas-concordaram-biden-cheques-14-mil\/"]}]},{"@type":"ImageObject","inLanguage":"pt-BR","@id":"https:\/\/www.suno.com.br\/noticias\/democratas-concordaram-biden-cheques-14-mil\/#primaryimage","url":"https:\/\/files.sunoresearch.com.br\/n\/uploads\/2021\/02\/3d1126a3-casa-branca-scaled.jpg","contentUrl":"https:\/\/files.sunoresearch.com.br\/n\/uploads\/2021\/02\/3d1126a3-casa-branca-scaled.jpg","width":2560,"height":1714,"caption":"EUA: Democratas concordaram com Biden sobre cheques de US$ 1,4 mil"},{"@type":"BreadcrumbList","@id":"https:\/\/www.suno.com.br\/noticias\/democratas-concordaram-biden-cheques-14-mil\/#breadcrumb","itemListElement":[{"@type":"ListItem","position":1,"name":"Not\u00edcias","item":"https:\/\/www.suno.com.br\/noticias\/"},{"@type":"ListItem","position":2,"name":"Internacional","item":"https:\/\/www.suno.com.br\/noticias\/internacional\/"},{"@type":"ListItem","position":3,"name":"EUA: Democratas concordaram com Biden sobre cheques de US$ 1,4 mil"}]},{"@type":"WebSite","@id":"https:\/\/www.suno.com.br\/noticias\/#website","url":"https:\/\/www.suno.com.br\/noticias\/","name":"Suno Not\u00edcias","description":"Seu portal de informa\u00e7\u00e3o sobre o mundo dos investimentos","publisher":{"@id":"https:\/\/www.suno.com.br\/noticias\/#organization"},"potentialAction":[{"@type":"SearchAction","target":{"@type":"EntryPoint","urlTemplate":"https:\/\/www.suno.com.br\/noticias\/?s={search_term_string}"},"query-input":{"@type":"PropertyValueSpecification","valueRequired":true,"valueName":"search_term_string"}}],"inLanguage":"pt-BR"},{"@type":"Organization","@id":"https:\/\/www.suno.com.br\/noticias\/#organization","name":"Suno Not\u00edcias","url":"https:\/\/www.suno.com.br\/noticias\/","logo":{"@type":"ImageObject","inLanguage":"pt-BR","@id":"https:\/\/www.suno.com.br\/noticias\/#\/schema\/logo\/image\/","url":"https:\/\/files.sunoresearch.com.br\/n\/uploads\/2021\/09\/suno-logo.png","contentUrl":"https:\/\/files.sunoresearch.com.br\/n\/uploads\/2021\/09\/suno-logo.png","width":180,"height":180,"caption":"Suno Not\u00edcias"},"image":{"@id":"https:\/\/www.suno.com.br\/noticias\/#\/schema\/logo\/image\/"},"sameAs":["https:\/\/facebook.com\/sunoresearch","https:\/\/x.com\/sunoresearch","https:\/\/www.instagram.com\/suno","https:\/\/www.linkedin.com\/company\/suno-research\/","https:\/\/www.youtube.com\/c\/sunoresearch"]},{"@type":"Person","@id":"https:\/\/www.suno.com.br\/noticias\/#\/schema\/person\/e672ca8cea627fe715fa29bca7da95e0","name":"Rafaela La Regina","image":{"@type":"ImageObject","inLanguage":"pt-BR","@id":"https:\/\/www.suno.com.br\/noticias\/#\/schema\/person\/image\/","url":"https:\/\/secure.gravatar.com\/avatar\/d2c75a52d243deb93d0465fdcb21bd37?s=96&r=g","contentUrl":"https:\/\/secure.gravatar.com\/avatar\/d2c75a52d243deb93d0465fdcb21bd37?s=96&r=g","caption":"Rafaela La Regina"},"description":"Estagi\u00e1ria no Suno Not\u00edcias. Escreve sobre economia, pol\u00edtica e neg\u00f3cios. Estuda Rela\u00e7\u00f5es Internacionais no IBMEC-SP.","url":"https:\/\/www.suno.com.br\/noticias\/author\/rafaela-la-regina\/"}]}},"default_loop_html":"<div class=\"cardsPage__listCard__boxs\"><div class=\"cardsPage__listCard__boxs__img\"><a href=\"https:\/\/www.suno.com.br\/noticias\/democratas-concordaram-biden-cheques-14-mil\/\"><img class=\"mask\" src=\"https:\/\/www.suno.com.br\/noticias\/wp-content\/themes\/suno\/resources\/images\/spotlight\/spotlight1img\/bg-mask.png\" alt=\"Image Mask\"\/><img src=\"https:\/\/files.sunoresearch.com.br\/n\/uploads\/2021\/02\/3d1126a3-casa-branca-400x200.jpg\" alt=\"EUA: Democratas concordaram com Biden sobre cheques de US$ 1,4 mil\"\/><\/a><span class=\"spotlightCategory\"><a href=\"https:\/\/www.suno.com.br\/noticias\/internacional\/\">Internacional<\/a><\/span><\/div><div class=\"cardsPage__listCard__boxs__content\"><a href=\"https:\/\/www.suno.com.br\/noticias\/democratas-concordaram-biden-cheques-14-mil\/\"><h2 class=\"content__title\">EUA: Democratas concordaram com Biden sobre cheques de US$ 1,4 mil<\/h2><\/a><div class=\"newsContent__article__meta\"><div class=\"newsContent__article__meta__authorBox\"><a href=\"https:\/\/www.suno.com.br\/noticias\/author\/rafaela-la-regina\/\" class=\"authorBox__avatar noMobi\"><img src=\"https:\/\/secure.gravatar.com\/avatar\/d2c75a52d243deb93d0465fdcb21bd37?s=96&#038;r=g\" alt=\"Rafaela La Regina\"><\/a><div class=\"authorBox__name\"><span>por\n\t\t\t<a href=\"https:\/\/www.suno.com.br\/noticias\/author\/rafaela-la-regina\/\"><span itemprop=\"author\">Rafaela La Regina<\/span><\/a><\/span><time datetime=\"2021-02-03T17:35:30-03:00\" itemprop=\"datePublished\">03\/02\/2021 17:35<\/time><\/div><\/div><\/div><\/div><\/div>","single_layout":"posts","amp_enabled":true,"_links":{"self":[{"href":"https:\/\/www.suno.com.br\/noticias\/wp-json\/wp\/v2\/posts\/118585"}],"collection":[{"href":"https:\/\/www.suno.com.br\/noticias\/wp-json\/wp\/v2\/posts"}],"about":[{"href":"https:\/\/www.suno.com.br\/noticias\/wp-json\/wp\/v2\/types\/post"}],"author":[{"embeddable":true,"href":"https:\/\/www.suno.com.br\/noticias\/wp-json\/wp\/v2\/users\/56"}],"replies":[{"embeddable":true,"href":"https:\/\/www.suno.com.br\/noticias\/wp-json\/wp\/v2\/comments?post=118585"}],"version-history":[{"count":1,"href":"https:\/\/www.suno.com.br\/noticias\/wp-json\/wp\/v2\/posts\/118585\/revisions"}],"predecessor-version":[{"id":156714,"href":"https:\/\/www.suno.com.br\/noticias\/wp-json\/wp\/v2\/posts\/118585\/revisions\/156714"}],"wp:featuredmedia":[{"embeddable":true,"href":"https:\/\/www.suno.com.br\/noticias\/wp-json\/wp\/v2\/media\/118590"}],"wp:attachment":[{"href":"https:\/\/www.suno.com.br\/noticias\/wp-json\/wp\/v2\/media?parent=118585"}],"wp:term":[{"taxonomy":"category","embeddable":true,"href":"https:\/\/www.suno.com.br\/noticias\/wp-json\/wp\/v2\/categories?post=118585"},{"taxonomy":"post_tag","embeddable":true,"href":"https:\/\/www.suno.com.br\/noticias\/wp-json\/wp\/v2\/tags?post=118585"},{"taxonomy":"suno_strategy","embeddable":true,"href":"https:\/\/www.suno.com.br\/noticias\/wp-json\/wp\/v2\/suno_strategy?post=118585"}],"curies":[{"name":"wp","href":"https:\/\/api.w.org\/{rel}","templated":true}]}}