{"id":118565,"date":"2021-02-03T16:47:22","date_gmt":"2021-02-03T19:47:22","guid":{"rendered":"https:\/\/www.suno.com.br\/noticias\/?p=118565"},"modified":"2021-02-03T16:47:22","modified_gmt":"2021-02-03T19:47:22","slug":"forum-economico-mundial-adiada-agosto","status":"publish","type":"post","link":"https:\/\/www.suno.com.br\/noticias\/forum-economico-mundial-adiada-agosto\/","title":{"rendered":"Reuni\u00e3o do F\u00f3rum Econ\u00f4mico Mundial \u00e9 adiada para agosto"},"content":{"rendered":"<p>O <a href=\"https:\/\/www.suno.com.br\/artigos\/direto-de-davos\/\"><strong>F\u00f3rum<\/strong> <strong>Econ\u00f4mico<\/strong> <strong>Mundial<\/strong> (WEF, no acr\u00f4nimo\u00a0 em ingl\u00eas)<\/a> informou nesta quarta-feira (3) que sua tradicional reuni\u00e3o anual ser\u00e1 adiada para os dias 17 a 20 de agosto deste ano. A confer\u00eancia que estava marcada para os dias 25 a 28 de maio precisou ser remarcada, mais uma vez, devido \u00e0 &#8220;desafios internacionais para conter a pandemia&#8221; de coronav\u00edrus (Covid-19).<\/p>\t<div class=\"wrapper-featured-image\">\n\t\t<figure class=\"spotlightImg\">\n\n\t\t\t<picture>\n\t\t\t\t<source media=\"(max-width: 768px)\" srcset=\"https:\/\/files.sunoresearch.com.br\/n\/uploads\/2021\/02\/4dfb82a9-forum-economico-mundial-400x200.webp\">\n\t\t\t\t<img loading=\"lazy\" decoding=\"async\" class=\"newsContent__article__imgCapa lazyloadDisabled \" src=\"https:\/\/files.sunoresearch.com.br\/n\/uploads\/2021\/02\/4dfb82a9-forum-economico-mundial-800x450.webp\" width=\"800\" height=\"450\" alt=\"Reuni\u00e3o do F\u00f3rum Econ\u00f4mico Mundial \u00e9 adiada para agosto\" fetchpriority=high \/>\n\t\t\t<\/picture>\n\n\t\t\t<figcaption class=\"wp-caption-text wp-caption-text--show\">O F\u00f3rum Econ\u00f4mico Mundial informou que sua tradicional reuni\u00e3o ser\u00e1 adiada para os dias 17 a 20 de agosto deste ano. <\/figcaption>\n\t\t<\/figure>\n\t<\/div>\n\n\n\t<p>\n\t\t<a href=\"https:\/\/lp.suno.com.br\/ebook-como-analisar-uma-acao\/\" target=\"_blank\" data-element=\"shortcode-suno-banner\" title=\"Banner SUNO, clique e saiba mais\">\n\t\t\t<picture>\n\t\t\t\t<source media=\"(max-width: 500px)\" srcset=\"https:\/\/files.sunoresearch.com.br\/n\/uploads\/2023\/03\/Ebook-Acoes-Mobile.jpg\">\n\t\t\t\t<img class=\"newsContent__article__imgCapa newsContent__article__imgCapa--banner\"\n\t\t\t\t\tsrc=\"https:\/\/files.sunoresearch.com.br\/n\/uploads\/2023\/03\/Ebook-Acoes-Desktop.jpg\"\n\t\t\t\t\tdata-promo-id=\"378302\"\t\t\t\t\t\t\t\t\t\twidth='1420' height='286'\t\t\t\t\talt=\"https:\/\/files.sunoresearch.com.br\/n\/uploads\/2023\/03\/Ebook-Acoes-Desktop.jpg\"\n\t\t\t\t>\n\t\t\t<\/picture>\n\t\t<\/a>\n\t<\/p>\n\n\n<p>Embora o F\u00f3rum Econ\u00f4mico Mundial tenha destacado em comunicado divulgado \u00e0 imprensa que acredita nas medias de conten\u00e7\u00e3o adotadas pelo governo local, e que os n\u00fameros da epidemia local permanecem baixos, apontou que a decis\u00e3o &#8220;reflete&#8221; a atual situa\u00e7\u00e3o global da <strong>pandemia&#8221;.<\/strong><\/p>\n<p>&#8220;Al\u00e9m disso, diferentes regras de quarentena e transporte a\u00e9reo aumentaram o tempo de espera necess\u00e1rio para garantir que os participantes em todo o mundo possam tomar provid\u00eancias para participar do evento&#8221;, completou o WEF.<\/p>\n<p><a href=\"https:\/\/lp.suno.com.br\/suno-one\/\">Suno One: acesse gratuitamente eBooks, Minicursos, Artigos e V\u00eddeo Aulas sobre investimentos com um \u00fanico cadastro. Clique para saber mais!<\/a><\/p>\n<p>Vale destacar que a reuni\u00e3o geralmente acontece na Su\u00ed\u00e7a em janeiro, mas em meio \u00e0 pandemia, o evento j\u00e1 havia sido adiado para maio e tamb\u00e9m mudou de endere\u00e7o.<\/p>\n<h2>F\u00f3rum Econ\u00f4mico Mundial muda para Cingapura em 2021<\/h2>\n<p>Em dezembro do ano passado, o <strong>WEF<\/strong> anunciou que neste ano realizar\u00e1 sua tradicional Reuni\u00e3o Anual n\u00e3o mais em <strong>Davos,<\/strong> na Su\u00ed\u00e7a, mas em <strong>Cingapura<\/strong>. No entanto, o evento deve retornar a Davos na reuni\u00e3o anual de 2022.<\/p>\n\t<div data-element=\"shortcode-read-more\" class=\"knowMore\">\n\t\t\t\t<span class=\"knowMore__title\">Saiba mais<\/span>\n\t\t\t\t<a class=\"knowMore__link\" href=\"https:\/\/www.suno.com.br\/noticias\/forum-economico-mundial-davos-cingapura\/\">\n\t\t\tF\u00f3rum Econ\u00f4mico Mundial muda de Davos para Cingapura em 2021\t\t<\/a>\n\t<\/div>\n\n\n<p>Este evento, que ser\u00e1 presencial, reunir\u00e1 l\u00edderes do mundo inteiro para se concentrar na formula\u00e7\u00e3o de solu\u00e7\u00f5es para os desafios mais urgentes do mundo.<\/p>\n\t<p>\n\t\t<a href=\"https:\/\/lp.suno.com.br\/planilha-controle-gastos\/\" target=\"_blank\" data-element=\"shortcode-suno-banner\" title=\"Banner SUNO, clique e saiba mais\">\n\t\t\t<picture>\n\t\t\t\t<source media=\"(max-width: 500px)\" srcset=\"https:\/\/files.sunoresearch.com.br\/n\/uploads\/2023\/03\/400x300-Planilha-controle-de-gastos.png\">\n\t\t\t\t<img class=\"newsContent__article__imgCapa newsContent__article__imgCapa--banner\"\n\t\t\t\t\tsrc=\"https:\/\/files.sunoresearch.com.br\/n\/uploads\/2023\/03\/1420x240-Planilha-controle-de-gastos.png\"\n\t\t\t\t\tdata-promo-id=\"101751\"\t\t\t\t\t\t\t\t\t\twidth='1420' height='240'\t\t\t\t\talt=\"https:\/\/files.sunoresearch.com.br\/n\/uploads\/2023\/03\/1420x240-Planilha-controle-de-gastos.png\"\n\t\t\t\t>\n\t\t\t<\/picture>\n\t\t<\/a>\n\t<\/p>\n\n\n<p>&#8220;Uma c\u00fapula de lideran\u00e7a global \u00e9 de import\u00e2ncia crucial para abordar como podemos nos recuperar juntos&#8221;, disse <strong>Klaus<\/strong>\u00a0<strong>Schwab,<\/strong> fundador e presidente executivo do <strong>F\u00f3rum Econ\u00f4mico Mundial<\/strong>, &#8220;A Reuni\u00e3o Anual Especial de 2021 ser\u00e1 um lugar para os l\u00edderes empresariais, pol\u00edticos e da sociedade civil se reunirem pessoalmente pela primeira vez desde o in\u00edcio da pandemia global. A coopera\u00e7\u00e3o p\u00fablico-privada \u00e9 mais necess\u00e1ria do que nunca para reconstruir a confian\u00e7a e resolver os problemas que surgiram em 2020&#8221;.<\/p>\n<p><em>Com informa\u00e7\u00f5es do Estad\u00e3o Conte\u00fado.<\/em><\/p>\n\t<p>\n\t\t<a href=\"https:\/\/lp.suno.com.br\/planilha-de-controle-de-investimentos\/\" target=\"_blank\" data-element=\"shortcode-suno-banner\" title=\"Banner SUNO, clique e saiba mais\">\n\t\t\t<picture>\n\t\t\t\t<source media=\"(max-width: 500px)\" srcset=\"https:\/\/files.sunoresearch.com.br\/n\/uploads\/2023\/03\/400x300-Controle-de-Investimentos.png\">\n\t\t\t\t<img class=\"newsContent__article__imgCapa newsContent__article__imgCapa--banner\"\n\t\t\t\t\tsrc=\"https:\/\/files.sunoresearch.com.br\/n\/uploads\/2023\/03\/1420x240-Controle-de-Investimentos.png\"\n\t\t\t\t\tdata-promo-id=\"75934\"\t\t\t\t\t\t\t\t\t\twidth='1420' height='240'\t\t\t\t\talt=\"https:\/\/files.sunoresearch.com.br\/n\/uploads\/2023\/03\/1420x240-Controle-de-Investimentos.png\"\n\t\t\t\t>\n\t\t\t<\/picture>\n\t\t<\/a>\n\t<\/p>\n\n\n","protected":false},"excerpt":{"rendered":"<p>O F\u00f3rum Econ\u00f4mico Mundial (WEF, no acr\u00f4nimo\u00a0 em ingl\u00eas) informou nesta quarta-feira (3) que sua tradicional reuni\u00e3o anual ser\u00e1 adiada para os dias 17 a 20 de agosto deste ano. A confer\u00eancia que estava marcada para os dias 25 a 28 de maio precisou ser remarcada, mais uma vez, devido \u00e0 &#8220;desafios internacionais para conter [&hellip;]<\/p>\n","protected":false},"author":39,"featured_media":118576,"comment_status":"closed","ping_status":"closed","sticky":false,"template":"","format":"standard","meta":[],"categories":[63],"tags":[972,961],"suno_strategy":[],"class_list":["post-118565","post","type-post","status-publish","format-standard","has-post-thumbnail","hentry","category-internacional","tag-davos","tag-forum-economico-mundial"],"yoast_head":"<!-- This site is optimized with the Yoast SEO plugin v24.4 - https:\/\/yoast.com\/wordpress\/plugins\/seo\/ -->\n<title>Reuni\u00e3o do F\u00f3rum Econ\u00f4mico Mundial \u00e9 adiada para agosto<\/title>\n<meta name=\"description\" content=\"O F\u00f3rum Econ\u00f4mico Mundial informou que sua tradicional reuni\u00e3o ser\u00e1 adiada para os dias 17 a 20 de agosto deste ano. Clique aqui e saiba mais.\" \/>\n<meta name=\"robots\" content=\"index, follow, max-snippet:-1, max-image-preview:large, max-video-preview:-1\" \/>\n<link rel=\"canonical\" href=\"https:\/\/www.suno.com.br\/noticias\/forum-economico-mundial-adiada-agosto\/\" \/>\n<meta property=\"og:locale\" content=\"pt_BR\" \/>\n<meta property=\"og:type\" content=\"article\" \/>\n<meta property=\"og:title\" content=\"Reuni\u00e3o do F\u00f3rum Econ\u00f4mico Mundial \u00e9 adiada para agosto\" \/>\n<meta property=\"og:description\" content=\"O F\u00f3rum Econ\u00f4mico Mundial informou que sua tradicional reuni\u00e3o ser\u00e1 adiada para os dias 17 a 20 de agosto deste ano. Clique aqui e saiba mais.\" \/>\n<meta property=\"og:url\" content=\"https:\/\/www.suno.com.br\/noticias\/forum-economico-mundial-adiada-agosto\/\" \/>\n<meta property=\"og:site_name\" content=\"Suno Not\u00edcias\" \/>\n<meta property=\"article:publisher\" content=\"https:\/\/facebook.com\/sunoresearch\" \/>\n<meta property=\"og:image\" content=\"https:\/\/files.sunoresearch.com.br\/n\/uploads\/2021\/02\/4dfb82a9-forum-economico-mundial.jpg\" \/>\n\t<meta property=\"og:image:width\" content=\"800\" \/>\n\t<meta property=\"og:image:height\" content=\"600\" \/>\n\t<meta property=\"og:image:type\" content=\"image\/jpeg\" \/>\n<meta name=\"author\" content=\"Laura Moutinho\" \/>\n<meta name=\"twitter:card\" content=\"summary_large_image\" \/>\n<meta name=\"twitter:creator\" content=\"@sunoresearch\" \/>\n<meta name=\"twitter:site\" content=\"@sunoresearch\" \/>\n<meta name=\"twitter:label1\" content=\"Escrito por\" \/>\n\t<meta name=\"twitter:data1\" content=\"Laura Moutinho\" \/>\n\t<meta name=\"twitter:label2\" content=\"Est. tempo de leitura\" \/>\n\t<meta name=\"twitter:data2\" content=\"2 minutos\" \/>\n<script type=\"application\/ld+json\" class=\"yoast-schema-graph\">{\"@context\":\"https:\/\/schema.org\",\"@graph\":[{\"@type\":\"NewsArticle\",\"@id\":\"https:\/\/www.suno.com.br\/noticias\/forum-economico-mundial-adiada-agosto\/#article\",\"isPartOf\":{\"@id\":\"https:\/\/www.suno.com.br\/noticias\/forum-economico-mundial-adiada-agosto\/\"},\"author\":{\"name\":\"Laura Moutinho\",\"@id\":\"https:\/\/www.suno.com.br\/noticias\/#\/schema\/person\/3df0d2808748b74496efe5dbeaef2c72\"},\"headline\":\"Reuni\u00e3o do F\u00f3rum Econ\u00f4mico Mundial \u00e9 adiada para agosto\",\"datePublished\":\"2021-02-03T19:47:22+00:00\",\"mainEntityOfPage\":{\"@id\":\"https:\/\/www.suno.com.br\/noticias\/forum-economico-mundial-adiada-agosto\/\"},\"wordCount\":398,\"publisher\":{\"@id\":\"https:\/\/www.suno.com.br\/noticias\/#organization\"},\"image\":{\"@id\":\"https:\/\/www.suno.com.br\/noticias\/forum-economico-mundial-adiada-agosto\/#primaryimage\"},\"thumbnailUrl\":\"https:\/\/files.sunoresearch.com.br\/n\/uploads\/2021\/02\/4dfb82a9-forum-economico-mundial-jpg.webp\",\"keywords\":[\"Davos\",\"F\u00f3rum Econ\u00f4mico Mundial\"],\"articleSection\":[\"Internacional\"],\"inLanguage\":\"pt-BR\"},{\"@type\":\"WebPage\",\"@id\":\"https:\/\/www.suno.com.br\/noticias\/forum-economico-mundial-adiada-agosto\/\",\"url\":\"https:\/\/www.suno.com.br\/noticias\/forum-economico-mundial-adiada-agosto\/\",\"name\":\"Reuni\u00e3o do F\u00f3rum Econ\u00f4mico Mundial \u00e9 adiada para agosto\",\"isPartOf\":{\"@id\":\"https:\/\/www.suno.com.br\/noticias\/#website\"},\"primaryImageOfPage\":{\"@id\":\"https:\/\/www.suno.com.br\/noticias\/forum-economico-mundial-adiada-agosto\/#primaryimage\"},\"image\":{\"@id\":\"https:\/\/www.suno.com.br\/noticias\/forum-economico-mundial-adiada-agosto\/#primaryimage\"},\"thumbnailUrl\":\"https:\/\/files.sunoresearch.com.br\/n\/uploads\/2021\/02\/4dfb82a9-forum-economico-mundial-jpg.webp\",\"datePublished\":\"2021-02-03T19:47:22+00:00\",\"description\":\"O F\u00f3rum Econ\u00f4mico Mundial informou que sua tradicional reuni\u00e3o ser\u00e1 adiada para os dias 17 a 20 de agosto deste ano. Clique aqui e saiba mais.\",\"breadcrumb\":{\"@id\":\"https:\/\/www.suno.com.br\/noticias\/forum-economico-mundial-adiada-agosto\/#breadcrumb\"},\"inLanguage\":\"pt-BR\",\"potentialAction\":[{\"@type\":\"ReadAction\",\"target\":[\"https:\/\/www.suno.com.br\/noticias\/forum-economico-mundial-adiada-agosto\/\"]}]},{\"@type\":\"ImageObject\",\"inLanguage\":\"pt-BR\",\"@id\":\"https:\/\/www.suno.com.br\/noticias\/forum-economico-mundial-adiada-agosto\/#primaryimage\",\"url\":\"https:\/\/files.sunoresearch.com.br\/n\/uploads\/2021\/02\/4dfb82a9-forum-economico-mundial-jpg.webp\",\"contentUrl\":\"https:\/\/files.sunoresearch.com.br\/n\/uploads\/2021\/02\/4dfb82a9-forum-economico-mundial-jpg.webp\",\"width\":800,\"height\":600,\"caption\":\"O F\u00f3rum Econ\u00f4mico Mundial informou que sua tradicional reuni\u00e3o ser\u00e1 adiada para os dias 17 a 20 de agosto deste ano.\"},{\"@type\":\"BreadcrumbList\",\"@id\":\"https:\/\/www.suno.com.br\/noticias\/forum-economico-mundial-adiada-agosto\/#breadcrumb\",\"itemListElement\":[{\"@type\":\"ListItem\",\"position\":1,\"name\":\"Not\u00edcias\",\"item\":\"https:\/\/www.suno.com.br\/noticias\/\"},{\"@type\":\"ListItem\",\"position\":2,\"name\":\"Internacional\",\"item\":\"https:\/\/www.suno.com.br\/noticias\/internacional\/\"},{\"@type\":\"ListItem\",\"position\":3,\"name\":\"Reuni\u00e3o do F\u00f3rum Econ\u00f4mico Mundial \u00e9 adiada para agosto\"}]},{\"@type\":\"WebSite\",\"@id\":\"https:\/\/www.suno.com.br\/noticias\/#website\",\"url\":\"https:\/\/www.suno.com.br\/noticias\/\",\"name\":\"Suno Not\u00edcias\",\"description\":\"Seu portal de informa\u00e7\u00e3o sobre o mundo dos investimentos\",\"publisher\":{\"@id\":\"https:\/\/www.suno.com.br\/noticias\/#organization\"},\"potentialAction\":[{\"@type\":\"SearchAction\",\"target\":{\"@type\":\"EntryPoint\",\"urlTemplate\":\"https:\/\/www.suno.com.br\/noticias\/?s={search_term_string}\"},\"query-input\":{\"@type\":\"PropertyValueSpecification\",\"valueRequired\":true,\"valueName\":\"search_term_string\"}}],\"inLanguage\":\"pt-BR\"},{\"@type\":\"Organization\",\"@id\":\"https:\/\/www.suno.com.br\/noticias\/#organization\",\"name\":\"Suno Not\u00edcias\",\"url\":\"https:\/\/www.suno.com.br\/noticias\/\",\"logo\":{\"@type\":\"ImageObject\",\"inLanguage\":\"pt-BR\",\"@id\":\"https:\/\/www.suno.com.br\/noticias\/#\/schema\/logo\/image\/\",\"url\":\"https:\/\/files.sunoresearch.com.br\/n\/uploads\/2021\/09\/suno-logo.png\",\"contentUrl\":\"https:\/\/files.sunoresearch.com.br\/n\/uploads\/2021\/09\/suno-logo.png\",\"width\":180,\"height\":180,\"caption\":\"Suno Not\u00edcias\"},\"image\":{\"@id\":\"https:\/\/www.suno.com.br\/noticias\/#\/schema\/logo\/image\/\"},\"sameAs\":[\"https:\/\/facebook.com\/sunoresearch\",\"https:\/\/x.com\/sunoresearch\",\"https:\/\/www.instagram.com\/suno\",\"https:\/\/www.linkedin.com\/company\/suno-research\/\",\"https:\/\/www.youtube.com\/c\/sunoresearch\"]},{\"@type\":\"Person\",\"@id\":\"https:\/\/www.suno.com.br\/noticias\/#\/schema\/person\/3df0d2808748b74496efe5dbeaef2c72\",\"name\":\"Laura Moutinho\",\"image\":{\"@type\":\"ImageObject\",\"inLanguage\":\"pt-BR\",\"@id\":\"https:\/\/www.suno.com.br\/noticias\/#\/schema\/person\/image\/\",\"url\":\"https:\/\/secure.gravatar.com\/avatar\/7571c7c8ca3a6fca5e41384ece5557ff?s=96&r=g\",\"contentUrl\":\"https:\/\/secure.gravatar.com\/avatar\/7571c7c8ca3a6fca5e41384ece5557ff?s=96&r=g\",\"caption\":\"Laura Moutinho\"},\"description\":\"Estagi\u00e1ria na Suno Not\u00edcias, escreve not\u00edcias que afetam o mercado financeiro. Estuda administra\u00e7\u00e3o na Universidade Presbiteriana Mackenzie.\",\"url\":\"https:\/\/www.suno.com.br\/noticias\/author\/laura-moutinho\/\"}]}<\/script>\n<!-- \/ Yoast SEO plugin. -->","yoast_head_json":{"title":"Reuni\u00e3o do F\u00f3rum Econ\u00f4mico Mundial \u00e9 adiada para agosto","description":"O F\u00f3rum Econ\u00f4mico Mundial informou que sua tradicional reuni\u00e3o ser\u00e1 adiada para os dias 17 a 20 de agosto deste ano. Clique aqui e saiba mais.","robots":{"index":"index","follow":"follow","max-snippet":"max-snippet:-1","max-image-preview":"max-image-preview:large","max-video-preview":"max-video-preview:-1"},"canonical":"https:\/\/www.suno.com.br\/noticias\/forum-economico-mundial-adiada-agosto\/","og_locale":"pt_BR","og_type":"article","og_title":"Reuni\u00e3o do F\u00f3rum Econ\u00f4mico Mundial \u00e9 adiada para agosto","og_description":"O F\u00f3rum Econ\u00f4mico Mundial informou que sua tradicional reuni\u00e3o ser\u00e1 adiada para os dias 17 a 20 de agosto deste ano. Clique aqui e saiba mais.","og_url":"https:\/\/www.suno.com.br\/noticias\/forum-economico-mundial-adiada-agosto\/","og_site_name":"Suno Not\u00edcias","article_publisher":"https:\/\/facebook.com\/sunoresearch","og_image":[{"width":800,"height":600,"url":"https:\/\/files.sunoresearch.com.br\/n\/uploads\/2021\/02\/4dfb82a9-forum-economico-mundial.jpg","type":"image\/jpeg"}],"author":"Laura Moutinho","twitter_card":"summary_large_image","twitter_creator":"@sunoresearch","twitter_site":"@sunoresearch","twitter_misc":{"Escrito por":"Laura Moutinho","Est. tempo de leitura":"2 minutos"},"schema":{"@context":"https:\/\/schema.org","@graph":[{"@type":"NewsArticle","@id":"https:\/\/www.suno.com.br\/noticias\/forum-economico-mundial-adiada-agosto\/#article","isPartOf":{"@id":"https:\/\/www.suno.com.br\/noticias\/forum-economico-mundial-adiada-agosto\/"},"author":{"name":"Laura Moutinho","@id":"https:\/\/www.suno.com.br\/noticias\/#\/schema\/person\/3df0d2808748b74496efe5dbeaef2c72"},"headline":"Reuni\u00e3o do F\u00f3rum Econ\u00f4mico Mundial \u00e9 adiada para agosto","datePublished":"2021-02-03T19:47:22+00:00","mainEntityOfPage":{"@id":"https:\/\/www.suno.com.br\/noticias\/forum-economico-mundial-adiada-agosto\/"},"wordCount":398,"publisher":{"@id":"https:\/\/www.suno.com.br\/noticias\/#organization"},"image":{"@id":"https:\/\/www.suno.com.br\/noticias\/forum-economico-mundial-adiada-agosto\/#primaryimage"},"thumbnailUrl":"https:\/\/files.sunoresearch.com.br\/n\/uploads\/2021\/02\/4dfb82a9-forum-economico-mundial-jpg.webp","keywords":["Davos","F\u00f3rum Econ\u00f4mico Mundial"],"articleSection":["Internacional"],"inLanguage":"pt-BR"},{"@type":"WebPage","@id":"https:\/\/www.suno.com.br\/noticias\/forum-economico-mundial-adiada-agosto\/","url":"https:\/\/www.suno.com.br\/noticias\/forum-economico-mundial-adiada-agosto\/","name":"Reuni\u00e3o do F\u00f3rum Econ\u00f4mico Mundial \u00e9 adiada para agosto","isPartOf":{"@id":"https:\/\/www.suno.com.br\/noticias\/#website"},"primaryImageOfPage":{"@id":"https:\/\/www.suno.com.br\/noticias\/forum-economico-mundial-adiada-agosto\/#primaryimage"},"image":{"@id":"https:\/\/www.suno.com.br\/noticias\/forum-economico-mundial-adiada-agosto\/#primaryimage"},"thumbnailUrl":"https:\/\/files.sunoresearch.com.br\/n\/uploads\/2021\/02\/4dfb82a9-forum-economico-mundial-jpg.webp","datePublished":"2021-02-03T19:47:22+00:00","description":"O F\u00f3rum Econ\u00f4mico Mundial informou que sua tradicional reuni\u00e3o ser\u00e1 adiada para os dias 17 a 20 de agosto deste ano. Clique aqui e saiba mais.","breadcrumb":{"@id":"https:\/\/www.suno.com.br\/noticias\/forum-economico-mundial-adiada-agosto\/#breadcrumb"},"inLanguage":"pt-BR","potentialAction":[{"@type":"ReadAction","target":["https:\/\/www.suno.com.br\/noticias\/forum-economico-mundial-adiada-agosto\/"]}]},{"@type":"ImageObject","inLanguage":"pt-BR","@id":"https:\/\/www.suno.com.br\/noticias\/forum-economico-mundial-adiada-agosto\/#primaryimage","url":"https:\/\/files.sunoresearch.com.br\/n\/uploads\/2021\/02\/4dfb82a9-forum-economico-mundial-jpg.webp","contentUrl":"https:\/\/files.sunoresearch.com.br\/n\/uploads\/2021\/02\/4dfb82a9-forum-economico-mundial-jpg.webp","width":800,"height":600,"caption":"O F\u00f3rum Econ\u00f4mico Mundial informou que sua tradicional reuni\u00e3o ser\u00e1 adiada para os dias 17 a 20 de agosto deste ano."},{"@type":"BreadcrumbList","@id":"https:\/\/www.suno.com.br\/noticias\/forum-economico-mundial-adiada-agosto\/#breadcrumb","itemListElement":[{"@type":"ListItem","position":1,"name":"Not\u00edcias","item":"https:\/\/www.suno.com.br\/noticias\/"},{"@type":"ListItem","position":2,"name":"Internacional","item":"https:\/\/www.suno.com.br\/noticias\/internacional\/"},{"@type":"ListItem","position":3,"name":"Reuni\u00e3o do F\u00f3rum Econ\u00f4mico Mundial \u00e9 adiada para agosto"}]},{"@type":"WebSite","@id":"https:\/\/www.suno.com.br\/noticias\/#website","url":"https:\/\/www.suno.com.br\/noticias\/","name":"Suno Not\u00edcias","description":"Seu portal de informa\u00e7\u00e3o sobre o mundo dos investimentos","publisher":{"@id":"https:\/\/www.suno.com.br\/noticias\/#organization"},"potentialAction":[{"@type":"SearchAction","target":{"@type":"EntryPoint","urlTemplate":"https:\/\/www.suno.com.br\/noticias\/?s={search_term_string}"},"query-input":{"@type":"PropertyValueSpecification","valueRequired":true,"valueName":"search_term_string"}}],"inLanguage":"pt-BR"},{"@type":"Organization","@id":"https:\/\/www.suno.com.br\/noticias\/#organization","name":"Suno Not\u00edcias","url":"https:\/\/www.suno.com.br\/noticias\/","logo":{"@type":"ImageObject","inLanguage":"pt-BR","@id":"https:\/\/www.suno.com.br\/noticias\/#\/schema\/logo\/image\/","url":"https:\/\/files.sunoresearch.com.br\/n\/uploads\/2021\/09\/suno-logo.png","contentUrl":"https:\/\/files.sunoresearch.com.br\/n\/uploads\/2021\/09\/suno-logo.png","width":180,"height":180,"caption":"Suno Not\u00edcias"},"image":{"@id":"https:\/\/www.suno.com.br\/noticias\/#\/schema\/logo\/image\/"},"sameAs":["https:\/\/facebook.com\/sunoresearch","https:\/\/x.com\/sunoresearch","https:\/\/www.instagram.com\/suno","https:\/\/www.linkedin.com\/company\/suno-research\/","https:\/\/www.youtube.com\/c\/sunoresearch"]},{"@type":"Person","@id":"https:\/\/www.suno.com.br\/noticias\/#\/schema\/person\/3df0d2808748b74496efe5dbeaef2c72","name":"Laura Moutinho","image":{"@type":"ImageObject","inLanguage":"pt-BR","@id":"https:\/\/www.suno.com.br\/noticias\/#\/schema\/person\/image\/","url":"https:\/\/secure.gravatar.com\/avatar\/7571c7c8ca3a6fca5e41384ece5557ff?s=96&r=g","contentUrl":"https:\/\/secure.gravatar.com\/avatar\/7571c7c8ca3a6fca5e41384ece5557ff?s=96&r=g","caption":"Laura Moutinho"},"description":"Estagi\u00e1ria na Suno Not\u00edcias, escreve not\u00edcias que afetam o mercado financeiro. Estuda administra\u00e7\u00e3o na Universidade Presbiteriana Mackenzie.","url":"https:\/\/www.suno.com.br\/noticias\/author\/laura-moutinho\/"}]}},"default_loop_html":"<div class=\"cardsPage__listCard__boxs\"><div class=\"cardsPage__listCard__boxs__img\"><a href=\"https:\/\/www.suno.com.br\/noticias\/forum-economico-mundial-adiada-agosto\/\"><img class=\"mask\" src=\"https:\/\/www.suno.com.br\/noticias\/wp-content\/themes\/suno\/resources\/images\/spotlight\/spotlight1img\/bg-mask.png\" alt=\"Image Mask\"\/><img src=\"https:\/\/files.sunoresearch.com.br\/n\/uploads\/2021\/02\/4dfb82a9-forum-economico-mundial-400x200.webp\" alt=\"Reuni\u00e3o do F\u00f3rum Econ\u00f4mico Mundial \u00e9 adiada para agosto\"\/><\/a><span class=\"spotlightCategory\"><a href=\"https:\/\/www.suno.com.br\/noticias\/internacional\/\">Internacional<\/a><\/span><\/div><div class=\"cardsPage__listCard__boxs__content\"><a href=\"https:\/\/www.suno.com.br\/noticias\/forum-economico-mundial-adiada-agosto\/\"><h2 class=\"content__title\">Reuni\u00e3o do F\u00f3rum Econ\u00f4mico Mundial \u00e9 adiada para agosto<\/h2><\/a><div class=\"newsContent__article__meta\"><div class=\"newsContent__article__meta__authorBox\"><a href=\"https:\/\/www.suno.com.br\/noticias\/author\/laura-moutinho\/\" class=\"authorBox__avatar noMobi\"><img src=\"https:\/\/files.sunoresearch.com.br\/n\/uploads\/2020\/08\/531ff69d-whatsapp-image-2020-08-03-at-14.54.38-150x150.webp\" alt=\"Laura Moutinho\"><\/a><div class=\"authorBox__name\"><span>por\n\t\t\t<a href=\"https:\/\/www.suno.com.br\/noticias\/author\/laura-moutinho\/\"><span itemprop=\"author\">Laura Moutinho<\/span><\/a><\/span><time datetime=\"2021-02-03T16:47:22-03:00\" itemprop=\"datePublished\">03\/02\/2021 16:47<\/time><\/div><\/div><\/div><\/div><\/div>","single_layout":"posts","amp_enabled":true,"_links":{"self":[{"href":"https:\/\/www.suno.com.br\/noticias\/wp-json\/wp\/v2\/posts\/118565"}],"collection":[{"href":"https:\/\/www.suno.com.br\/noticias\/wp-json\/wp\/v2\/posts"}],"about":[{"href":"https:\/\/www.suno.com.br\/noticias\/wp-json\/wp\/v2\/types\/post"}],"author":[{"embeddable":true,"href":"https:\/\/www.suno.com.br\/noticias\/wp-json\/wp\/v2\/users\/39"}],"replies":[{"embeddable":true,"href":"https:\/\/www.suno.com.br\/noticias\/wp-json\/wp\/v2\/comments?post=118565"}],"version-history":[{"count":0,"href":"https:\/\/www.suno.com.br\/noticias\/wp-json\/wp\/v2\/posts\/118565\/revisions"}],"wp:featuredmedia":[{"embeddable":true,"href":"https:\/\/www.suno.com.br\/noticias\/wp-json\/wp\/v2\/media\/118576"}],"wp:attachment":[{"href":"https:\/\/www.suno.com.br\/noticias\/wp-json\/wp\/v2\/media?parent=118565"}],"wp:term":[{"taxonomy":"category","embeddable":true,"href":"https:\/\/www.suno.com.br\/noticias\/wp-json\/wp\/v2\/categories?post=118565"},{"taxonomy":"post_tag","embeddable":true,"href":"https:\/\/www.suno.com.br\/noticias\/wp-json\/wp\/v2\/tags?post=118565"},{"taxonomy":"suno_strategy","embeddable":true,"href":"https:\/\/www.suno.com.br\/noticias\/wp-json\/wp\/v2\/suno_strategy?post=118565"}],"curies":[{"name":"wp","href":"https:\/\/api.w.org\/{rel}","templated":true}]}}