{"id":118525,"date":"2021-02-03T15:59:26","date_gmt":"2021-02-03T18:59:26","guid":{"rendered":"https:\/\/www.suno.com.br\/noticias\/?p=118525"},"modified":"2021-02-03T15:59:26","modified_gmt":"2021-02-03T18:59:26","slug":"daimler-dona-mercedes-desdobrar-duas","status":"publish","type":"post","link":"https:\/\/www.suno.com.br\/noticias\/daimler-dona-mercedes-desdobrar-duas\/","title":{"rendered":"Daimler, dona da Mercedes, vai se desdobrar em duas e listar divis\u00e3o de caminh\u00f5es"},"content":{"rendered":"<p>A montadora alem\u00e3 <strong>Daimler <\/strong>anunciou nesta quarta-feira (3) que planeja desdobrar sua estrutura em duas e come\u00e7a as prepara\u00e7\u00f5es para listar sua unidade de caminh\u00f5es, separadamente de sua marca de carros Mercedes-Benz.<\/p>\t<div class=\"wrapper-featured-image\">\n\t\t<figure class=\"spotlightImg\">\n\n\t\t\t<picture>\n\t\t\t\t<source media=\"(max-width: 768px)\" srcset=\"https:\/\/files.sunoresearch.com.br\/n\/uploads\/2021\/02\/e731f722-mercedes-benz_future_truck_2025_at_iaa_2014_3-400x200.webp\">\n\t\t\t\t<img loading=\"lazy\" decoding=\"async\" class=\"newsContent__article__imgCapa lazyloadDisabled \" src=\"https:\/\/files.sunoresearch.com.br\/n\/uploads\/2021\/02\/e731f722-mercedes-benz_future_truck_2025_at_iaa_2014_3-800x450.webp\" width=\"800\" height=\"450\" alt=\"Daimler, dona da Mercedes, vai se desdobrar em duas e listar divis\u00e3o de caminh\u00f5es\" fetchpriority=high \/>\n\t\t\t<\/picture>\n\n\t\t\t<figcaption class=\"wp-caption-text wp-caption-text--show\">A Daimler comunicou sua inten\u00e7\u00e3o de separar sua unidade de caminh\u00f5es de sua fabricante de carros Mercedes-Benz<\/figcaption>\n\t\t<\/figure>\n\t<\/div>\n\n\n\t<p>\n\t\t<a href=\"https:\/\/lp.suno.com.br\/ebook-como-analisar-uma-acao\/\" target=\"_blank\" data-element=\"shortcode-suno-banner\" title=\"Banner SUNO, clique e saiba mais\">\n\t\t\t<picture>\n\t\t\t\t<source media=\"(max-width: 500px)\" srcset=\"https:\/\/files.sunoresearch.com.br\/n\/uploads\/2023\/03\/Ebook-Acoes-Mobile.jpg\">\n\t\t\t\t<img class=\"newsContent__article__imgCapa newsContent__article__imgCapa--banner\"\n\t\t\t\t\tsrc=\"https:\/\/files.sunoresearch.com.br\/n\/uploads\/2023\/03\/Ebook-Acoes-Desktop.jpg\"\n\t\t\t\t\tdata-promo-id=\"378302\"\t\t\t\t\t\t\t\t\t\twidth='1420' height='286'\t\t\t\t\talt=\"https:\/\/files.sunoresearch.com.br\/n\/uploads\/2023\/03\/Ebook-Acoes-Desktop.jpg\"\n\t\t\t\t>\n\t\t\t<\/picture>\n\t\t<\/a>\n\t<\/p>\n\n\n<p>Segundo comunicado, o neg\u00f3cio da <strong>Daimler Truck<\/strong> vai desfrutar de uma gest\u00e3o independente e direcionada para se tornar uma das integrantes do <a href=\"https:\/\/www.suno.com.br\/artigos\/dax-30\/\">DAX-30<\/a>, \u00edndice acion\u00e1rio que re\u00fane as 30 maiores empresas negociadas na bolsa de valores de Frankfurt. A montadora disse esperar que o <a href=\"https:\/\/www.suno.com.br\/artigos\/ipo\/\">oferta p\u00fablica inicial de a\u00e7\u00f5es (IPO<\/a>, na sigla em ingl\u00eas) de sua unidade de caminh\u00f5es deve sair ainda em 2021.<\/p>\n<p>&#8220;Pretende-se que uma participa\u00e7\u00e3o significativa majorit\u00e1ria na Daimler Truck seja distribu\u00edda aos acionistas da Daimler&#8221;, salientou a companhia.<\/p>\n<p><a href=\"https:\/\/lp.suno.com.br\/suno-one\/\">Suno One: acesse gratuitamente eBooks, Minicursos, Artigos e Video Aulas sobre investimentos com um \u00fanico cadastro. Clique para saber mais!<\/a><\/p>\n<p>Al\u00e9m disso, a fabricante de autom\u00f3veis informou que esperar renomear seu segmento de carros de <strong>Mercedes-Benz <\/strong>&#8220;no momento apropriado&#8221;.<\/p>\n<h2>Mudan\u00e7a na Daimler ecoa transforma\u00e7\u00f5es na ind\u00fastria<\/h2>\n<p>A decis\u00e3o da montadora alem\u00e3 j\u00e1 vinha sendo discutida e reflete um movimento semelhante na Volkswagen, em resposta \u00e0s recentes mudan\u00e7as na ind\u00fastria automotiva.<\/p>\n\t<div data-element=\"shortcode-read-more\" class=\"knowMore\">\n\t\t\t\t<span class=\"knowMore__title\">Leia tamb\u00e9m<\/span>\n\t\t\t\t<a class=\"knowMore__link\" href=\"https:\/\/www.suno.com.br\/noticias\/volkswagen-bmw-daimler-triplicam-carros-eletricos\/\">\n\t\t\tVolkswagen, BMW e Daimler triplicam vendas de ve\u00edculos el\u00e9tricos\t\t<\/a>\n\t<\/div>\n\n\n<p>&#8220;Mercedes-Benz \u00e9 a marca de carros de luxo mais valiosa do mundo, oferecendo os carros mais desejados por clientes exigentes. Daimler Truck fornece solu\u00e7\u00f5es e servi\u00e7os de transporte l\u00edderes na ind\u00fastria a consumidores. Ambas as companhias operam em segmentos que enfrentam grandes transforma\u00e7\u00f5es tecnol\u00f3gicas e estruturais&#8221;, destacou Ola K\u00e4llenius, presidente do <a href=\"https:\/\/www.suno.com.br\/artigos\/conselho-administracao\/\">conselho de administra\u00e7\u00e3o<\/a> da Daimler e da Mercedes-Benz .<\/p>\n<p>&#8220;Diante desse contexto, acreditamos que elas ser\u00e3o capazes de operar mais efetivamente como entidades independentes, dotadas de forte liquidez e livres das restri\u00e7\u00f5es de uma estrutura de conglomerado&#8221;, completou.<\/p>\n\t<p>\n\t\t<a href=\"https:\/\/lp.suno.com.br\/planilha-controle-gastos\/\" target=\"_blank\" data-element=\"shortcode-suno-banner\" title=\"Banner SUNO, clique e saiba mais\">\n\t\t\t<picture>\n\t\t\t\t<source media=\"(max-width: 500px)\" srcset=\"https:\/\/files.sunoresearch.com.br\/n\/uploads\/2023\/03\/400x300-Planilha-controle-de-gastos.png\">\n\t\t\t\t<img class=\"newsContent__article__imgCapa newsContent__article__imgCapa--banner\"\n\t\t\t\t\tsrc=\"https:\/\/files.sunoresearch.com.br\/n\/uploads\/2023\/03\/1420x240-Planilha-controle-de-gastos.png\"\n\t\t\t\t\tdata-promo-id=\"101751\"\t\t\t\t\t\t\t\t\t\twidth='1420' height='240'\t\t\t\t\talt=\"https:\/\/files.sunoresearch.com.br\/n\/uploads\/2023\/03\/1420x240-Planilha-controle-de-gastos.png\"\n\t\t\t\t>\n\t\t\t<\/picture>\n\t\t<\/a>\n\t<\/p>\n\n\n<p>As a\u00e7\u00f5es da companhia, negociadas em Frankfurt, fecharam o preg\u00e3o desta quarta-feira em alta de 8,91%, a 64,56 euros. &#8220;Este \u00e9 um momento hist\u00f3rico para a <strong>Daimler<\/strong>. Ele representa o in\u00edcio de uma profunda remodelagem da empresa.&#8221;<\/p>\n\t<p>\n\t\t<a href=\"https:\/\/lp.suno.com.br\/planilha-de-controle-de-investimentos\/\" target=\"_blank\" data-element=\"shortcode-suno-banner\" title=\"Banner SUNO, clique e saiba mais\">\n\t\t\t<picture>\n\t\t\t\t<source media=\"(max-width: 500px)\" srcset=\"https:\/\/files.sunoresearch.com.br\/n\/uploads\/2023\/03\/400x300-Controle-de-Investimentos.png\">\n\t\t\t\t<img class=\"newsContent__article__imgCapa newsContent__article__imgCapa--banner\"\n\t\t\t\t\tsrc=\"https:\/\/files.sunoresearch.com.br\/n\/uploads\/2023\/03\/1420x240-Controle-de-Investimentos.png\"\n\t\t\t\t\tdata-promo-id=\"75934\"\t\t\t\t\t\t\t\t\t\twidth='1420' height='240'\t\t\t\t\talt=\"https:\/\/files.sunoresearch.com.br\/n\/uploads\/2023\/03\/1420x240-Controle-de-Investimentos.png\"\n\t\t\t\t>\n\t\t\t<\/picture>\n\t\t<\/a>\n\t<\/p>\n\n\n","protected":false},"excerpt":{"rendered":"<p>A montadora alem\u00e3 Daimler anunciou nesta quarta-feira (3) que planeja desdobrar sua estrutura em duas e come\u00e7a as prepara\u00e7\u00f5es para listar sua unidade de caminh\u00f5es, separadamente de sua marca de carros Mercedes-Benz. A Daimler comunicou sua inten\u00e7\u00e3o de separar sua unidade de caminh\u00f5es de sua fabricante de carros Mercedes-Benz Segundo comunicado, o neg\u00f3cio da Daimler [&hellip;]<\/p>\n","protected":false},"author":35,"featured_media":118548,"comment_status":"closed","ping_status":"closed","sticky":false,"template":"","format":"standard","meta":[],"categories":[64],"tags":[3745,1210],"suno_strategy":[],"class_list":["post-118525","post","type-post","status-publish","format-standard","has-post-thumbnail","hentry","category-negocios","tag-dax-30","tag-mercedes-benz"],"yoast_head":"<!-- This site is optimized with the Yoast SEO plugin v24.4 - https:\/\/yoast.com\/wordpress\/plugins\/seo\/ -->\n<title>Daimler, dona da Mercedes, vai se desdobrar em duas<\/title>\n<meta name=\"description\" content=\"A empresa planeja desdobrar sua estrutura em duas: a Daimler Truck, de caminh\u00f5es; e a Mercedes-Benz, de carros. Veja como ser\u00e1 a opera\u00e7\u00e3o.\" \/>\n<meta name=\"robots\" content=\"index, follow, max-snippet:-1, max-image-preview:large, max-video-preview:-1\" \/>\n<link rel=\"canonical\" href=\"https:\/\/www.suno.com.br\/noticias\/daimler-dona-mercedes-desdobrar-duas\/\" \/>\n<meta property=\"og:locale\" content=\"pt_BR\" \/>\n<meta property=\"og:type\" content=\"article\" \/>\n<meta property=\"og:title\" content=\"Daimler, dona da Mercedes, vai se desdobrar em duas\" \/>\n<meta property=\"og:description\" content=\"A empresa planeja desdobrar sua estrutura em duas: a Daimler Truck, de caminh\u00f5es; e a Mercedes-Benz, de carros. Veja como ser\u00e1 a opera\u00e7\u00e3o.\" \/>\n<meta property=\"og:url\" content=\"https:\/\/www.suno.com.br\/noticias\/daimler-dona-mercedes-desdobrar-duas\/\" \/>\n<meta property=\"og:site_name\" content=\"Suno Not\u00edcias\" \/>\n<meta property=\"article:publisher\" content=\"https:\/\/facebook.com\/sunoresearch\" \/>\n<meta property=\"og:image\" content=\"https:\/\/files.sunoresearch.com.br\/n\/uploads\/2021\/02\/e731f722-mercedes-benz_future_truck_2025_at_iaa_2014_3.jpg\" \/>\n\t<meta property=\"og:image:width\" content=\"1921\" \/>\n\t<meta property=\"og:image:height\" content=\"1476\" \/>\n\t<meta property=\"og:image:type\" content=\"image\/jpeg\" \/>\n<meta name=\"author\" content=\"Arthur Guimar\u00e3es\" \/>\n<meta name=\"twitter:card\" content=\"summary_large_image\" \/>\n<meta name=\"twitter:creator\" content=\"@sunoresearch\" \/>\n<meta name=\"twitter:site\" content=\"@sunoresearch\" \/>\n<meta name=\"twitter:label1\" content=\"Escrito por\" \/>\n\t<meta name=\"twitter:data1\" content=\"Arthur Guimar\u00e3es\" \/>\n\t<meta name=\"twitter:label2\" content=\"Est. tempo de leitura\" \/>\n\t<meta name=\"twitter:data2\" content=\"2 minutos\" \/>\n<script type=\"application\/ld+json\" class=\"yoast-schema-graph\">{\"@context\":\"https:\/\/schema.org\",\"@graph\":[{\"@type\":\"NewsArticle\",\"@id\":\"https:\/\/www.suno.com.br\/noticias\/daimler-dona-mercedes-desdobrar-duas\/#article\",\"isPartOf\":{\"@id\":\"https:\/\/www.suno.com.br\/noticias\/daimler-dona-mercedes-desdobrar-duas\/\"},\"author\":{\"name\":\"Arthur Guimar\u00e3es\",\"@id\":\"https:\/\/www.suno.com.br\/noticias\/#\/schema\/person\/053a750a709a263919a20f976caae91c\"},\"headline\":\"Daimler, dona da Mercedes, vai se desdobrar em duas e listar divis\u00e3o de caminh\u00f5es\",\"datePublished\":\"2021-02-03T18:59:26+00:00\",\"mainEntityOfPage\":{\"@id\":\"https:\/\/www.suno.com.br\/noticias\/daimler-dona-mercedes-desdobrar-duas\/\"},\"wordCount\":371,\"publisher\":{\"@id\":\"https:\/\/www.suno.com.br\/noticias\/#organization\"},\"image\":{\"@id\":\"https:\/\/www.suno.com.br\/noticias\/daimler-dona-mercedes-desdobrar-duas\/#primaryimage\"},\"thumbnailUrl\":\"https:\/\/files.sunoresearch.com.br\/n\/uploads\/2021\/02\/e731f722-mercedes-benz_future_truck_2025_at_iaa_2014_3-jpg.webp\",\"keywords\":[\"Dax\u00a030\",\"Mercedes-Benz\"],\"articleSection\":[\"Neg\u00f3cios\"],\"inLanguage\":\"pt-BR\"},{\"@type\":\"WebPage\",\"@id\":\"https:\/\/www.suno.com.br\/noticias\/daimler-dona-mercedes-desdobrar-duas\/\",\"url\":\"https:\/\/www.suno.com.br\/noticias\/daimler-dona-mercedes-desdobrar-duas\/\",\"name\":\"Daimler, dona da Mercedes, vai se desdobrar em duas\",\"isPartOf\":{\"@id\":\"https:\/\/www.suno.com.br\/noticias\/#website\"},\"primaryImageOfPage\":{\"@id\":\"https:\/\/www.suno.com.br\/noticias\/daimler-dona-mercedes-desdobrar-duas\/#primaryimage\"},\"image\":{\"@id\":\"https:\/\/www.suno.com.br\/noticias\/daimler-dona-mercedes-desdobrar-duas\/#primaryimage\"},\"thumbnailUrl\":\"https:\/\/files.sunoresearch.com.br\/n\/uploads\/2021\/02\/e731f722-mercedes-benz_future_truck_2025_at_iaa_2014_3-jpg.webp\",\"datePublished\":\"2021-02-03T18:59:26+00:00\",\"description\":\"A empresa planeja desdobrar sua estrutura em duas: a Daimler Truck, de caminh\u00f5es; e a Mercedes-Benz, de carros. Veja como ser\u00e1 a opera\u00e7\u00e3o.\",\"breadcrumb\":{\"@id\":\"https:\/\/www.suno.com.br\/noticias\/daimler-dona-mercedes-desdobrar-duas\/#breadcrumb\"},\"inLanguage\":\"pt-BR\",\"potentialAction\":[{\"@type\":\"ReadAction\",\"target\":[\"https:\/\/www.suno.com.br\/noticias\/daimler-dona-mercedes-desdobrar-duas\/\"]}]},{\"@type\":\"ImageObject\",\"inLanguage\":\"pt-BR\",\"@id\":\"https:\/\/www.suno.com.br\/noticias\/daimler-dona-mercedes-desdobrar-duas\/#primaryimage\",\"url\":\"https:\/\/files.sunoresearch.com.br\/n\/uploads\/2021\/02\/e731f722-mercedes-benz_future_truck_2025_at_iaa_2014_3-jpg.webp\",\"contentUrl\":\"https:\/\/files.sunoresearch.com.br\/n\/uploads\/2021\/02\/e731f722-mercedes-benz_future_truck_2025_at_iaa_2014_3-jpg.webp\",\"width\":1921,\"height\":1476,\"caption\":\"A Daimler comunicou sua inten\u00e7\u00e3o de separar sua unidade de caminh\u00f5es de sua fabricante de carros Mercedes-Benz\"},{\"@type\":\"BreadcrumbList\",\"@id\":\"https:\/\/www.suno.com.br\/noticias\/daimler-dona-mercedes-desdobrar-duas\/#breadcrumb\",\"itemListElement\":[{\"@type\":\"ListItem\",\"position\":1,\"name\":\"Not\u00edcias\",\"item\":\"https:\/\/www.suno.com.br\/noticias\/\"},{\"@type\":\"ListItem\",\"position\":2,\"name\":\"Neg\u00f3cios\",\"item\":\"https:\/\/www.suno.com.br\/noticias\/negocios\/\"},{\"@type\":\"ListItem\",\"position\":3,\"name\":\"Daimler, dona da Mercedes, vai se desdobrar em duas e listar divis\u00e3o de caminh\u00f5es\"}]},{\"@type\":\"WebSite\",\"@id\":\"https:\/\/www.suno.com.br\/noticias\/#website\",\"url\":\"https:\/\/www.suno.com.br\/noticias\/\",\"name\":\"Suno Not\u00edcias\",\"description\":\"Seu portal de informa\u00e7\u00e3o sobre o mundo dos investimentos\",\"publisher\":{\"@id\":\"https:\/\/www.suno.com.br\/noticias\/#organization\"},\"potentialAction\":[{\"@type\":\"SearchAction\",\"target\":{\"@type\":\"EntryPoint\",\"urlTemplate\":\"https:\/\/www.suno.com.br\/noticias\/?s={search_term_string}\"},\"query-input\":{\"@type\":\"PropertyValueSpecification\",\"valueRequired\":true,\"valueName\":\"search_term_string\"}}],\"inLanguage\":\"pt-BR\"},{\"@type\":\"Organization\",\"@id\":\"https:\/\/www.suno.com.br\/noticias\/#organization\",\"name\":\"Suno Not\u00edcias\",\"url\":\"https:\/\/www.suno.com.br\/noticias\/\",\"logo\":{\"@type\":\"ImageObject\",\"inLanguage\":\"pt-BR\",\"@id\":\"https:\/\/www.suno.com.br\/noticias\/#\/schema\/logo\/image\/\",\"url\":\"https:\/\/files.sunoresearch.com.br\/n\/uploads\/2021\/09\/suno-logo.png\",\"contentUrl\":\"https:\/\/files.sunoresearch.com.br\/n\/uploads\/2021\/09\/suno-logo.png\",\"width\":180,\"height\":180,\"caption\":\"Suno Not\u00edcias\"},\"image\":{\"@id\":\"https:\/\/www.suno.com.br\/noticias\/#\/schema\/logo\/image\/\"},\"sameAs\":[\"https:\/\/facebook.com\/sunoresearch\",\"https:\/\/x.com\/sunoresearch\",\"https:\/\/www.instagram.com\/suno\",\"https:\/\/www.linkedin.com\/company\/suno-research\/\",\"https:\/\/www.youtube.com\/c\/sunoresearch\"]},{\"@type\":\"Person\",\"@id\":\"https:\/\/www.suno.com.br\/noticias\/#\/schema\/person\/053a750a709a263919a20f976caae91c\",\"name\":\"Arthur Guimar\u00e3es\",\"image\":{\"@type\":\"ImageObject\",\"inLanguage\":\"pt-BR\",\"@id\":\"https:\/\/www.suno.com.br\/noticias\/#\/schema\/person\/image\/\",\"url\":\"https:\/\/secure.gravatar.com\/avatar\/1affd86a11209ae09eb6dd3bcad3e96c?s=96&r=g\",\"contentUrl\":\"https:\/\/secure.gravatar.com\/avatar\/1affd86a11209ae09eb6dd3bcad3e96c?s=96&r=g\",\"caption\":\"Arthur Guimar\u00e3es\"},\"description\":\"Arthur Guimar\u00e3es escreve sobre pol\u00edtica, economia e neg\u00f3cios para o portal de not\u00edcias da Suno Research. Atualmente, \u00e9 estudante de jornalismo pela Faculdade C\u00e1sper L\u00edbero.\",\"url\":\"https:\/\/www.suno.com.br\/noticias\/author\/arthur-guimaraes\/\"}]}<\/script>\n<!-- \/ Yoast SEO plugin. -->","yoast_head_json":{"title":"Daimler, dona da Mercedes, vai se desdobrar em duas","description":"A empresa planeja desdobrar sua estrutura em duas: a Daimler Truck, de caminh\u00f5es; e a Mercedes-Benz, de carros. Veja como ser\u00e1 a opera\u00e7\u00e3o.","robots":{"index":"index","follow":"follow","max-snippet":"max-snippet:-1","max-image-preview":"max-image-preview:large","max-video-preview":"max-video-preview:-1"},"canonical":"https:\/\/www.suno.com.br\/noticias\/daimler-dona-mercedes-desdobrar-duas\/","og_locale":"pt_BR","og_type":"article","og_title":"Daimler, dona da Mercedes, vai se desdobrar em duas","og_description":"A empresa planeja desdobrar sua estrutura em duas: a Daimler Truck, de caminh\u00f5es; e a Mercedes-Benz, de carros. Veja como ser\u00e1 a opera\u00e7\u00e3o.","og_url":"https:\/\/www.suno.com.br\/noticias\/daimler-dona-mercedes-desdobrar-duas\/","og_site_name":"Suno Not\u00edcias","article_publisher":"https:\/\/facebook.com\/sunoresearch","og_image":[{"width":1921,"height":1476,"url":"https:\/\/files.sunoresearch.com.br\/n\/uploads\/2021\/02\/e731f722-mercedes-benz_future_truck_2025_at_iaa_2014_3.jpg","type":"image\/jpeg"}],"author":"Arthur Guimar\u00e3es","twitter_card":"summary_large_image","twitter_creator":"@sunoresearch","twitter_site":"@sunoresearch","twitter_misc":{"Escrito por":"Arthur Guimar\u00e3es","Est. tempo de leitura":"2 minutos"},"schema":{"@context":"https:\/\/schema.org","@graph":[{"@type":"NewsArticle","@id":"https:\/\/www.suno.com.br\/noticias\/daimler-dona-mercedes-desdobrar-duas\/#article","isPartOf":{"@id":"https:\/\/www.suno.com.br\/noticias\/daimler-dona-mercedes-desdobrar-duas\/"},"author":{"name":"Arthur Guimar\u00e3es","@id":"https:\/\/www.suno.com.br\/noticias\/#\/schema\/person\/053a750a709a263919a20f976caae91c"},"headline":"Daimler, dona da Mercedes, vai se desdobrar em duas e listar divis\u00e3o de caminh\u00f5es","datePublished":"2021-02-03T18:59:26+00:00","mainEntityOfPage":{"@id":"https:\/\/www.suno.com.br\/noticias\/daimler-dona-mercedes-desdobrar-duas\/"},"wordCount":371,"publisher":{"@id":"https:\/\/www.suno.com.br\/noticias\/#organization"},"image":{"@id":"https:\/\/www.suno.com.br\/noticias\/daimler-dona-mercedes-desdobrar-duas\/#primaryimage"},"thumbnailUrl":"https:\/\/files.sunoresearch.com.br\/n\/uploads\/2021\/02\/e731f722-mercedes-benz_future_truck_2025_at_iaa_2014_3-jpg.webp","keywords":["Dax\u00a030","Mercedes-Benz"],"articleSection":["Neg\u00f3cios"],"inLanguage":"pt-BR"},{"@type":"WebPage","@id":"https:\/\/www.suno.com.br\/noticias\/daimler-dona-mercedes-desdobrar-duas\/","url":"https:\/\/www.suno.com.br\/noticias\/daimler-dona-mercedes-desdobrar-duas\/","name":"Daimler, dona da Mercedes, vai se desdobrar em duas","isPartOf":{"@id":"https:\/\/www.suno.com.br\/noticias\/#website"},"primaryImageOfPage":{"@id":"https:\/\/www.suno.com.br\/noticias\/daimler-dona-mercedes-desdobrar-duas\/#primaryimage"},"image":{"@id":"https:\/\/www.suno.com.br\/noticias\/daimler-dona-mercedes-desdobrar-duas\/#primaryimage"},"thumbnailUrl":"https:\/\/files.sunoresearch.com.br\/n\/uploads\/2021\/02\/e731f722-mercedes-benz_future_truck_2025_at_iaa_2014_3-jpg.webp","datePublished":"2021-02-03T18:59:26+00:00","description":"A empresa planeja desdobrar sua estrutura em duas: a Daimler Truck, de caminh\u00f5es; e a Mercedes-Benz, de carros. Veja como ser\u00e1 a opera\u00e7\u00e3o.","breadcrumb":{"@id":"https:\/\/www.suno.com.br\/noticias\/daimler-dona-mercedes-desdobrar-duas\/#breadcrumb"},"inLanguage":"pt-BR","potentialAction":[{"@type":"ReadAction","target":["https:\/\/www.suno.com.br\/noticias\/daimler-dona-mercedes-desdobrar-duas\/"]}]},{"@type":"ImageObject","inLanguage":"pt-BR","@id":"https:\/\/www.suno.com.br\/noticias\/daimler-dona-mercedes-desdobrar-duas\/#primaryimage","url":"https:\/\/files.sunoresearch.com.br\/n\/uploads\/2021\/02\/e731f722-mercedes-benz_future_truck_2025_at_iaa_2014_3-jpg.webp","contentUrl":"https:\/\/files.sunoresearch.com.br\/n\/uploads\/2021\/02\/e731f722-mercedes-benz_future_truck_2025_at_iaa_2014_3-jpg.webp","width":1921,"height":1476,"caption":"A Daimler comunicou sua inten\u00e7\u00e3o de separar sua unidade de caminh\u00f5es de sua fabricante de carros Mercedes-Benz"},{"@type":"BreadcrumbList","@id":"https:\/\/www.suno.com.br\/noticias\/daimler-dona-mercedes-desdobrar-duas\/#breadcrumb","itemListElement":[{"@type":"ListItem","position":1,"name":"Not\u00edcias","item":"https:\/\/www.suno.com.br\/noticias\/"},{"@type":"ListItem","position":2,"name":"Neg\u00f3cios","item":"https:\/\/www.suno.com.br\/noticias\/negocios\/"},{"@type":"ListItem","position":3,"name":"Daimler, dona da Mercedes, vai se desdobrar em duas e listar divis\u00e3o de caminh\u00f5es"}]},{"@type":"WebSite","@id":"https:\/\/www.suno.com.br\/noticias\/#website","url":"https:\/\/www.suno.com.br\/noticias\/","name":"Suno Not\u00edcias","description":"Seu portal de informa\u00e7\u00e3o sobre o mundo dos investimentos","publisher":{"@id":"https:\/\/www.suno.com.br\/noticias\/#organization"},"potentialAction":[{"@type":"SearchAction","target":{"@type":"EntryPoint","urlTemplate":"https:\/\/www.suno.com.br\/noticias\/?s={search_term_string}"},"query-input":{"@type":"PropertyValueSpecification","valueRequired":true,"valueName":"search_term_string"}}],"inLanguage":"pt-BR"},{"@type":"Organization","@id":"https:\/\/www.suno.com.br\/noticias\/#organization","name":"Suno Not\u00edcias","url":"https:\/\/www.suno.com.br\/noticias\/","logo":{"@type":"ImageObject","inLanguage":"pt-BR","@id":"https:\/\/www.suno.com.br\/noticias\/#\/schema\/logo\/image\/","url":"https:\/\/files.sunoresearch.com.br\/n\/uploads\/2021\/09\/suno-logo.png","contentUrl":"https:\/\/files.sunoresearch.com.br\/n\/uploads\/2021\/09\/suno-logo.png","width":180,"height":180,"caption":"Suno Not\u00edcias"},"image":{"@id":"https:\/\/www.suno.com.br\/noticias\/#\/schema\/logo\/image\/"},"sameAs":["https:\/\/facebook.com\/sunoresearch","https:\/\/x.com\/sunoresearch","https:\/\/www.instagram.com\/suno","https:\/\/www.linkedin.com\/company\/suno-research\/","https:\/\/www.youtube.com\/c\/sunoresearch"]},{"@type":"Person","@id":"https:\/\/www.suno.com.br\/noticias\/#\/schema\/person\/053a750a709a263919a20f976caae91c","name":"Arthur Guimar\u00e3es","image":{"@type":"ImageObject","inLanguage":"pt-BR","@id":"https:\/\/www.suno.com.br\/noticias\/#\/schema\/person\/image\/","url":"https:\/\/secure.gravatar.com\/avatar\/1affd86a11209ae09eb6dd3bcad3e96c?s=96&r=g","contentUrl":"https:\/\/secure.gravatar.com\/avatar\/1affd86a11209ae09eb6dd3bcad3e96c?s=96&r=g","caption":"Arthur Guimar\u00e3es"},"description":"Arthur Guimar\u00e3es escreve sobre pol\u00edtica, economia e neg\u00f3cios para o portal de not\u00edcias da Suno Research. Atualmente, \u00e9 estudante de jornalismo pela Faculdade C\u00e1sper L\u00edbero.","url":"https:\/\/www.suno.com.br\/noticias\/author\/arthur-guimaraes\/"}]}},"default_loop_html":"<div class=\"cardsPage__listCard__boxs\"><div class=\"cardsPage__listCard__boxs__img\"><a href=\"https:\/\/www.suno.com.br\/noticias\/daimler-dona-mercedes-desdobrar-duas\/\"><img class=\"mask\" src=\"https:\/\/www.suno.com.br\/noticias\/wp-content\/themes\/suno\/resources\/images\/spotlight\/spotlight1img\/bg-mask.png\" alt=\"Image Mask\"\/><img src=\"https:\/\/files.sunoresearch.com.br\/n\/uploads\/2021\/02\/e731f722-mercedes-benz_future_truck_2025_at_iaa_2014_3-400x200.webp\" alt=\"Daimler, dona da Mercedes, vai se desdobrar em duas e listar divis\u00e3o de caminh\u00f5es\"\/><\/a><span class=\"spotlightCategory\"><a href=\"https:\/\/www.suno.com.br\/noticias\/negocios\/\">Neg\u00f3cios<\/a><\/span><\/div><div class=\"cardsPage__listCard__boxs__content\"><a href=\"https:\/\/www.suno.com.br\/noticias\/daimler-dona-mercedes-desdobrar-duas\/\"><h2 class=\"content__title\">Daimler, dona da Mercedes, vai se desdobrar em duas e listar divis\u00e3o de caminh\u00f5es<\/h2><\/a><div class=\"newsContent__article__meta\"><div class=\"newsContent__article__meta__authorBox\"><a href=\"https:\/\/www.suno.com.br\/noticias\/author\/arthur-guimaraes\/\" class=\"authorBox__avatar noMobi\"><img src=\"https:\/\/files.sunoresearch.com.br\/n\/uploads\/2020\/02\/dfb40897-eu-150x150.webp\" alt=\"Arthur Guimar\u00e3es\"><\/a><div class=\"authorBox__name\"><span>por\n\t\t\t<a href=\"https:\/\/www.suno.com.br\/noticias\/author\/arthur-guimaraes\/\"><span itemprop=\"author\">Arthur Guimar\u00e3es<\/span><\/a><\/span><time datetime=\"2021-02-03T15:59:26-03:00\" itemprop=\"datePublished\">03\/02\/2021 15:59<\/time><\/div><\/div><\/div><\/div><\/div>","single_layout":"posts","amp_enabled":true,"_links":{"self":[{"href":"https:\/\/www.suno.com.br\/noticias\/wp-json\/wp\/v2\/posts\/118525"}],"collection":[{"href":"https:\/\/www.suno.com.br\/noticias\/wp-json\/wp\/v2\/posts"}],"about":[{"href":"https:\/\/www.suno.com.br\/noticias\/wp-json\/wp\/v2\/types\/post"}],"author":[{"embeddable":true,"href":"https:\/\/www.suno.com.br\/noticias\/wp-json\/wp\/v2\/users\/35"}],"replies":[{"embeddable":true,"href":"https:\/\/www.suno.com.br\/noticias\/wp-json\/wp\/v2\/comments?post=118525"}],"version-history":[{"count":0,"href":"https:\/\/www.suno.com.br\/noticias\/wp-json\/wp\/v2\/posts\/118525\/revisions"}],"wp:featuredmedia":[{"embeddable":true,"href":"https:\/\/www.suno.com.br\/noticias\/wp-json\/wp\/v2\/media\/118548"}],"wp:attachment":[{"href":"https:\/\/www.suno.com.br\/noticias\/wp-json\/wp\/v2\/media?parent=118525"}],"wp:term":[{"taxonomy":"category","embeddable":true,"href":"https:\/\/www.suno.com.br\/noticias\/wp-json\/wp\/v2\/categories?post=118525"},{"taxonomy":"post_tag","embeddable":true,"href":"https:\/\/www.suno.com.br\/noticias\/wp-json\/wp\/v2\/tags?post=118525"},{"taxonomy":"suno_strategy","embeddable":true,"href":"https:\/\/www.suno.com.br\/noticias\/wp-json\/wp\/v2\/suno_strategy?post=118525"}],"curies":[{"name":"wp","href":"https:\/\/api.w.org\/{rel}","templated":true}]}}