{"id":118502,"date":"2021-02-03T15:21:15","date_gmt":"2021-02-03T18:21:15","guid":{"rendered":"https:\/\/www.suno.com.br\/noticias\/?p=118502"},"modified":"2021-02-03T18:44:14","modified_gmt":"2021-02-03T21:44:14","slug":"bolsonaro-privatizacao-eletrobras-elet3-prioridade","status":"publish","type":"post","link":"https:\/\/www.suno.com.br\/noticias\/bolsonaro-privatizacao-eletrobras-elet3-prioridade\/","title":{"rendered":"Bolsonaro coloca privatiza\u00e7\u00e3o da Eletrobras (ELET3) como prioridade do Executivo"},"content":{"rendered":"<p>O presidente Jair Bolsonaro enviou, nesta quarta-feira (3), uma lista de prioridades do Poder Executivo a Arthur Lira e Rodrigo Pacheco, novos presidentes da C\u00e2mara dos Deputados e Senado, respectivamente. Um dos pontos levantados pelo governo foi a privatiza\u00e7\u00e3o da <a href=\"https:\/\/www.suno.com.br\/acoes\/elet3\/\"><strong>Eletrobras<\/strong> (ELET3)<\/a>.<\/p>\t<div class=\"wrapper-featured-image\">\n\t\t<figure class=\"spotlightImg\">\n\n\t\t\t<picture>\n\t\t\t\t<source media=\"(max-width: 768px)\" srcset=\"https:\/\/files.sunoresearch.com.br\/n\/uploads\/2021\/02\/7777faba-9487_06750a98bcc5b305-400x200.webp\">\n\t\t\t\t<img loading=\"lazy\" decoding=\"async\" class=\"newsContent__article__imgCapa lazyloadDisabled \" src=\"https:\/\/files.sunoresearch.com.br\/n\/uploads\/2021\/02\/7777faba-9487_06750a98bcc5b305-800x450.webp\" width=\"800\" height=\"450\" alt=\"Bolsonaro coloca privatiza\u00e7\u00e3o da Eletrobras (ELET3) como prioridade do Executivo\" fetchpriority=high \/>\n\t\t\t<\/picture>\n\n\t\t\t<figcaption class=\"wp-caption-text wp-caption-text--show\">Nesta quarta, o Executivo eviou uma lista de prioridades do governo para o Legislativo. Entre elas, a privatiza\u00e7\u00e3o da Eletrobras. <\/figcaption>\n\t\t<\/figure>\n\t<\/div>\n\n\n\t<p>\n\t\t<a href=\"https:\/\/lp.suno.com.br\/ebook-como-analisar-uma-acao\/\" target=\"_blank\" data-element=\"shortcode-suno-banner\" title=\"Banner SUNO, clique e saiba mais\">\n\t\t\t<picture>\n\t\t\t\t<source media=\"(max-width: 500px)\" srcset=\"https:\/\/files.sunoresearch.com.br\/n\/uploads\/2023\/03\/Ebook-Acoes-Mobile.jpg\">\n\t\t\t\t<img class=\"newsContent__article__imgCapa newsContent__article__imgCapa--banner\"\n\t\t\t\t\tsrc=\"https:\/\/files.sunoresearch.com.br\/n\/uploads\/2023\/03\/Ebook-Acoes-Desktop.jpg\"\n\t\t\t\t\tdata-promo-id=\"378302\"\t\t\t\t\t\t\t\t\t\twidth='1420' height='286'\t\t\t\t\talt=\"https:\/\/files.sunoresearch.com.br\/n\/uploads\/2023\/03\/Ebook-Acoes-Desktop.jpg\"\n\t\t\t\t>\n\t\t\t<\/picture>\n\t\t<\/a>\n\t<\/p>\n\n\n<p>Na lista de temas que interessam ao mandat\u00e1rio consta o projeto de lei 5877\/2019, que se refere \u00e0 <strong>desestatiza\u00e7\u00e3o<\/strong> da empresa, al\u00e9m de uma &#8220;Medida Provis\u00f3ria de <a href=\"https:\/\/www.suno.com.br\/artigos\/privatizacao\/\">Privatiza\u00e7\u00e3o da Eletrobras<\/a>&#8220;, at\u00e9 agora n\u00e3o enviada ao Congresso.<\/p>\n<p><iframe loading=\"lazy\" title=\"\ud83d\udd34Privatiza\u00e7\u00e3o da Eletrobras (ELET3) \u00e9 prioridade, Vale (VALE3) confirma avan\u00e7o de negocia\u00e7\u00f5es\" width=\"1080\" height=\"608\" src=\"https:\/\/www.youtube.com\/embed\/1de3Hg6Blwk?feature=oembed&#038;enablejsapi=1&#038;origin=https:\/\/www.suno.com.br\" frameborder=\"0\" allow=\"accelerometer; autoplay; clipboard-write; encrypted-media; gyroscope; picture-in-picture\" allowfullscreen><\/iframe><\/p>\n<p>O projeto de lei, proposto pelo governo <strong>Jair Bolsonaro<\/strong> ao Congresso no fim de 2019, est\u00e1 parado na C\u00e2mara. Um ano e tr\u00eas meses ap\u00f3s o envio, o texto n\u00e3o possui relator, tampouco comiss\u00e3o especial formada.<\/p>\n<p><a href=\"https:\/\/lp.suno.com.br\/suno-one\/\"><span style=\"font-weight: 400;\">Suno One: acesse gratuitamente eBooks, Minicursos, Artigos e V\u00eddeo Aulas sobre investimentos com um \u00fanico cadastro. Clique para saber mais!<\/span><\/a><\/p>\n<p>Internamente, o governo culpava o ex-presidente da C\u00e2mara, <strong>Rodrigo Maia<\/strong>, pela paralisa\u00e7\u00e3o do projeto. Segundo a equipe de Bolsonaro, Maia teria um acordo com a oposi\u00e7\u00e3o para n\u00e3o discutir o tema na Casa. Por diversas vezes, o ex-presidente da C\u00e2mara negou as acusa\u00e7\u00f5es e responsabilizou o governo pela falta de articula\u00e7\u00e3o pol\u00edtica e de interesse no projeto.<\/p>\n<p>A lista apresentada nesta quarta traz nenhuma informa\u00e7\u00e3o al\u00e9m da men\u00e7\u00e3o \u00e0 uma MP de Privatiza\u00e7\u00e3o da Eletrobras. Segundo a coluna <em>Broadcast<\/em>, o tema voltou \u00e0 pauta ap\u00f3s a <a href=\"https:\/\/www.suno.com.br\/noticias\/eletrobras-elet3-contrata-consultoria-eleicao-presidente\/\">ren\u00fancia de <strong>Wilson Ferreira Junior<\/strong><\/a>, ent\u00e3o presidente da companhia, na \u00faltima semana.<\/p>\n\t<p>\n\t\t<a href=\"https:\/\/lp.suno.com.br\/planilha-controle-gastos\/\" target=\"_blank\" data-element=\"shortcode-suno-banner\" title=\"Banner SUNO, clique e saiba mais\">\n\t\t\t<picture>\n\t\t\t\t<source media=\"(max-width: 500px)\" srcset=\"https:\/\/files.sunoresearch.com.br\/n\/uploads\/2023\/03\/400x300-Planilha-controle-de-gastos.png\">\n\t\t\t\t<img class=\"newsContent__article__imgCapa newsContent__article__imgCapa--banner\"\n\t\t\t\t\tsrc=\"https:\/\/files.sunoresearch.com.br\/n\/uploads\/2023\/03\/1420x240-Planilha-controle-de-gastos.png\"\n\t\t\t\t\tdata-promo-id=\"101751\"\t\t\t\t\t\t\t\t\t\twidth='1420' height='240'\t\t\t\t\talt=\"https:\/\/files.sunoresearch.com.br\/n\/uploads\/2023\/03\/1420x240-Planilha-controle-de-gastos.png\"\n\t\t\t\t>\n\t\t\t<\/picture>\n\t\t<\/a>\n\t<\/p>\n\n\n<p>Integrantes do governo teriam avaliado que seria necess\u00e1rio dar uma sinaliza\u00e7\u00e3o de que a ideia n\u00e3o foi esquecida, mesmo ap\u00f3s <strong>Pacheco<\/strong> ter dio que a privatiza\u00e7\u00e3o da Eletrobras n\u00e3o seria prioridade em seu mandato.<\/p>\n<p>O <em>Broadcast<\/em>, contudo, relata que o posicionamento p\u00fablico de Pacheco teria sido apenas um aceno \u00e0 oposi\u00e7\u00e3o. O ent\u00e3o candidato \u00e0 presid\u00eancia da C\u00e2mara contava com os votos do Partido dos Trabalhadores (PT) na disputa com Simone Tebet.<\/p>\n<h2>Privatiza\u00e7\u00e3o da Eletrobras \u00e9 veiculada h\u00e1 anos<\/h2>\n<p>A alternativa da MP n\u00e3o \u00e9 nova e j\u00e1 foi tentada pelo governo de <strong>Michel Temer<\/strong>. Em dezembro de 2017, o Executivo enviou a MP 814, que inclu\u00eda a empresa e suas subsidi\u00e1rias Furnas, Chesf, Eletronorte, Eletrosul e CGTEE no <strong>Programa Nacional de Desestatiza\u00e7\u00e3o<\/strong> (PND).<\/p>\n<p>A MP revogava um trecho da Lei 10.848\/2004, aprovada durante o mandato do ex-presidente Luiz In\u00e1cio Lula da Silva, que exclu\u00eda as companhias do PND.<\/p>\n\t<div data-element=\"shortcode-read-more\" class=\"knowMore\">\n\t\t\t\t<span class=\"knowMore__title\">Leia tamb\u00e9m<\/span>\n\t\t\t\t<a class=\"knowMore__link\" href=\"https:\/\/www.suno.com.br\/noticias\/eletrobras-elet3-goldman-sachs-compra\/\">\n\t\t\tAp\u00f3s an\u00fancio de dividendos, Goldman Sachs reitera compra de Eletrobras (ELET3); a\u00e7\u00f5es disparam\t\t<\/a>\n\t<\/div>\n\n\n<p>A MP 814 foi mal vista pelo <strong>Congresso<\/strong>, fazendo com que o governo recuasse. Ficou entendido que a MP s\u00f3 tramitaria se o trecho que exclu\u00eda a Eletrobras e suas subsidi\u00e1rias do programa fosse retirado da vers\u00e3o final do texto.<\/p>\n<p>Tamb\u00e9m houve a interpreta\u00e7\u00e3o jur\u00eddica de que a <a href=\"https:\/\/www.suno.com.br\/artigos\/estatal-so-se-for-de-graca\/\">estatal foi exclu\u00edda<\/a> do PND atrav\u00e9s de um projeto de lei e que somente por meio de um novo PL, e n\u00e3o uma MP, ela poderia voltar para o rol de <a href=\"https:\/\/www.suno.com.br\/noticias\/vale-investir-estatais-confira-opiniao-especialista\/\">empresas alvo de desestatiza\u00e7\u00e3o<\/a>.<\/p>\n<p>Isso tamb\u00e9m n\u00e3o fez com que o processo entrasse em curso novamente. Na \u00e9poca, os parlamentares inclu\u00edram muitos entraves no texto &#8212; na comiss\u00e3o especial, os quatro artigos iniciais se transformaram em 27.<\/p>\n<p>Em maio de 2018, meses antes das elei\u00e7\u00f5es presidenciais, Maia fechou um acordo com o ent\u00e3o presidente do Senado, Eun\u00edcio Oliveira, para n\u00e3o votar mais o texto da privatiza\u00e7\u00e3o da <strong>Eletrobras<\/strong>. Segundo ele, o texto geraria um tarifa\u00e7o. Posteriormente, a oposi\u00e7\u00e3o deixou de obstruir as vota\u00e7\u00f5es.<\/p>\n<p><em>Com informa\u00e7\u00f5es do Estad\u00e3o Conte\u00fado.<\/em><\/p>\n\t<p>\n\t\t<a href=\"https:\/\/lp.suno.com.br\/planilha-de-controle-de-investimentos\/\" target=\"_blank\" data-element=\"shortcode-suno-banner\" title=\"Banner SUNO, clique e saiba mais\">\n\t\t\t<picture>\n\t\t\t\t<source media=\"(max-width: 500px)\" srcset=\"https:\/\/files.sunoresearch.com.br\/n\/uploads\/2023\/03\/400x300-Controle-de-Investimentos.png\">\n\t\t\t\t<img class=\"newsContent__article__imgCapa newsContent__article__imgCapa--banner\"\n\t\t\t\t\tsrc=\"https:\/\/files.sunoresearch.com.br\/n\/uploads\/2023\/03\/1420x240-Controle-de-Investimentos.png\"\n\t\t\t\t\tdata-promo-id=\"75934\"\t\t\t\t\t\t\t\t\t\twidth='1420' height='240'\t\t\t\t\talt=\"https:\/\/files.sunoresearch.com.br\/n\/uploads\/2023\/03\/1420x240-Controle-de-Investimentos.png\"\n\t\t\t\t>\n\t\t\t<\/picture>\n\t\t<\/a>\n\t<\/p>\n\n\n","protected":false},"excerpt":{"rendered":"<p>O presidente Jair Bolsonaro enviou, nesta quarta-feira (3), uma lista de prioridades do Poder Executivo a Arthur Lira e Rodrigo Pacheco, novos presidentes da C\u00e2mara dos Deputados e Senado, respectivamente. Um dos pontos levantados pelo governo foi a privatiza\u00e7\u00e3o da Eletrobras (ELET3). Nesta quarta, o Executivo eviou uma lista de prioridades do governo para o [&hellip;]<\/p>\n","protected":false},"author":24,"featured_media":118526,"comment_status":"closed","ping_status":"closed","sticky":false,"template":"","format":"standard","meta":[],"categories":[61],"tags":[938,455,719,909,945],"suno_strategy":[],"class_list":["post-118502","post","type-post","status-publish","format-standard","has-post-thumbnail","hentry","category-politica","tag-camara-dos-deputados","tag-eletrobras-elet3-elet5-elet6","tag-jair-bolsonaro","tag-ministerio-da-economia","tag-privatizacoes"],"yoast_head":"<!-- This site is optimized with the Yoast SEO plugin v24.4 - https:\/\/yoast.com\/wordpress\/plugins\/seo\/ -->\n<title>Bolsonaro coloca privatiza\u00e7\u00e3o da Eletrobras (ELET3) como prioridade<\/title>\n<meta name=\"description\" content=\"Nesta quarta, o Executivo eviou uma lista de prioridades do governo para o Legislativo. Entre elas, a privatiza\u00e7\u00e3o da Eletrobras. Saiba mais.\" \/>\n<meta name=\"robots\" content=\"index, follow, max-snippet:-1, max-image-preview:large, max-video-preview:-1\" \/>\n<link rel=\"canonical\" href=\"https:\/\/www.suno.com.br\/noticias\/bolsonaro-privatizacao-eletrobras-elet3-prioridade\/\" \/>\n<meta property=\"og:locale\" content=\"pt_BR\" \/>\n<meta property=\"og:type\" content=\"article\" \/>\n<meta property=\"og:title\" content=\"Bolsonaro coloca privatiza\u00e7\u00e3o da Eletrobras (ELET3) como prioridade\" \/>\n<meta property=\"og:description\" content=\"Nesta quarta, o Executivo eviou uma lista de prioridades do governo para o Legislativo. Entre elas, a privatiza\u00e7\u00e3o da Eletrobras. Saiba mais.\" \/>\n<meta property=\"og:url\" content=\"https:\/\/www.suno.com.br\/noticias\/bolsonaro-privatizacao-eletrobras-elet3-prioridade\/\" \/>\n<meta property=\"og:site_name\" content=\"Suno Not\u00edcias\" \/>\n<meta property=\"article:publisher\" content=\"https:\/\/facebook.com\/sunoresearch\" \/>\n<meta property=\"og:image\" content=\"https:\/\/files.sunoresearch.com.br\/n\/uploads\/2021\/02\/7777faba-9487_06750a98bcc5b305.jpg\" \/>\n\t<meta property=\"og:image:width\" content=\"1100\" \/>\n\t<meta property=\"og:image:height\" content=\"733\" \/>\n\t<meta property=\"og:image:type\" content=\"image\/jpeg\" \/>\n<meta name=\"author\" content=\"Jader Lazarini\" \/>\n<meta name=\"twitter:card\" content=\"summary_large_image\" \/>\n<meta name=\"twitter:creator\" content=\"@sunoresearch\" \/>\n<meta name=\"twitter:site\" content=\"@sunoresearch\" \/>\n<meta name=\"twitter:label1\" content=\"Escrito por\" \/>\n\t<meta name=\"twitter:data1\" content=\"Jader Lazarini\" \/>\n\t<meta name=\"twitter:label2\" content=\"Est. tempo de leitura\" \/>\n\t<meta name=\"twitter:data2\" content=\"3 minutos\" \/>\n<script type=\"application\/ld+json\" class=\"yoast-schema-graph\">{\"@context\":\"https:\/\/schema.org\",\"@graph\":[{\"@type\":\"NewsArticle\",\"@id\":\"https:\/\/www.suno.com.br\/noticias\/bolsonaro-privatizacao-eletrobras-elet3-prioridade\/#article\",\"isPartOf\":{\"@id\":\"https:\/\/www.suno.com.br\/noticias\/bolsonaro-privatizacao-eletrobras-elet3-prioridade\/\"},\"author\":{\"name\":\"Jader Lazarini\",\"@id\":\"https:\/\/www.suno.com.br\/noticias\/#\/schema\/person\/918d79de1f0281f01599b93f9ea6e23f\"},\"headline\":\"Bolsonaro coloca privatiza\u00e7\u00e3o da Eletrobras (ELET3) como prioridade do Executivo\",\"datePublished\":\"2021-02-03T18:21:15+00:00\",\"dateModified\":\"2021-02-03T21:44:14+00:00\",\"mainEntityOfPage\":{\"@id\":\"https:\/\/www.suno.com.br\/noticias\/bolsonaro-privatizacao-eletrobras-elet3-prioridade\/\"},\"wordCount\":641,\"publisher\":{\"@id\":\"https:\/\/www.suno.com.br\/noticias\/#organization\"},\"image\":{\"@id\":\"https:\/\/www.suno.com.br\/noticias\/bolsonaro-privatizacao-eletrobras-elet3-prioridade\/#primaryimage\"},\"thumbnailUrl\":\"https:\/\/files.sunoresearch.com.br\/n\/uploads\/2021\/02\/7777faba-9487_06750a98bcc5b305-jpg.webp\",\"keywords\":[\"C\u00e2mara dos Deputados\",\"Eletrobras (ELET3\/ELET5\/ELET6)\",\"Jair Bolsonaro\",\"Minist\u00e9rio da Economia\",\"privatiza\u00e7\u00f5es\"],\"articleSection\":[\"Pol\u00edtica\"],\"inLanguage\":\"pt-BR\"},{\"@type\":\"WebPage\",\"@id\":\"https:\/\/www.suno.com.br\/noticias\/bolsonaro-privatizacao-eletrobras-elet3-prioridade\/\",\"url\":\"https:\/\/www.suno.com.br\/noticias\/bolsonaro-privatizacao-eletrobras-elet3-prioridade\/\",\"name\":\"Bolsonaro coloca privatiza\u00e7\u00e3o da Eletrobras (ELET3) como prioridade\",\"isPartOf\":{\"@id\":\"https:\/\/www.suno.com.br\/noticias\/#website\"},\"primaryImageOfPage\":{\"@id\":\"https:\/\/www.suno.com.br\/noticias\/bolsonaro-privatizacao-eletrobras-elet3-prioridade\/#primaryimage\"},\"image\":{\"@id\":\"https:\/\/www.suno.com.br\/noticias\/bolsonaro-privatizacao-eletrobras-elet3-prioridade\/#primaryimage\"},\"thumbnailUrl\":\"https:\/\/files.sunoresearch.com.br\/n\/uploads\/2021\/02\/7777faba-9487_06750a98bcc5b305-jpg.webp\",\"datePublished\":\"2021-02-03T18:21:15+00:00\",\"dateModified\":\"2021-02-03T21:44:14+00:00\",\"description\":\"Nesta quarta, o Executivo eviou uma lista de prioridades do governo para o Legislativo. Entre elas, a privatiza\u00e7\u00e3o da Eletrobras. Saiba mais.\",\"breadcrumb\":{\"@id\":\"https:\/\/www.suno.com.br\/noticias\/bolsonaro-privatizacao-eletrobras-elet3-prioridade\/#breadcrumb\"},\"inLanguage\":\"pt-BR\",\"potentialAction\":[{\"@type\":\"ReadAction\",\"target\":[\"https:\/\/www.suno.com.br\/noticias\/bolsonaro-privatizacao-eletrobras-elet3-prioridade\/\"]}]},{\"@type\":\"ImageObject\",\"inLanguage\":\"pt-BR\",\"@id\":\"https:\/\/www.suno.com.br\/noticias\/bolsonaro-privatizacao-eletrobras-elet3-prioridade\/#primaryimage\",\"url\":\"https:\/\/files.sunoresearch.com.br\/n\/uploads\/2021\/02\/7777faba-9487_06750a98bcc5b305-jpg.webp\",\"contentUrl\":\"https:\/\/files.sunoresearch.com.br\/n\/uploads\/2021\/02\/7777faba-9487_06750a98bcc5b305-jpg.webp\",\"width\":1100,\"height\":733,\"caption\":\"Nesta quarta, o Executivo eviou uma lista de prioridades do governo para o Legislativo. Entre elas, a privatiza\u00e7\u00e3o da Eletrobras.\"},{\"@type\":\"BreadcrumbList\",\"@id\":\"https:\/\/www.suno.com.br\/noticias\/bolsonaro-privatizacao-eletrobras-elet3-prioridade\/#breadcrumb\",\"itemListElement\":[{\"@type\":\"ListItem\",\"position\":1,\"name\":\"Not\u00edcias\",\"item\":\"https:\/\/www.suno.com.br\/noticias\/\"},{\"@type\":\"ListItem\",\"position\":2,\"name\":\"Pol\u00edtica\",\"item\":\"https:\/\/www.suno.com.br\/noticias\/politica\/\"},{\"@type\":\"ListItem\",\"position\":3,\"name\":\"Bolsonaro coloca privatiza\u00e7\u00e3o da Eletrobras (ELET3) como prioridade do Executivo\"}]},{\"@type\":\"WebSite\",\"@id\":\"https:\/\/www.suno.com.br\/noticias\/#website\",\"url\":\"https:\/\/www.suno.com.br\/noticias\/\",\"name\":\"Suno Not\u00edcias\",\"description\":\"Seu portal de informa\u00e7\u00e3o sobre o mundo dos investimentos\",\"publisher\":{\"@id\":\"https:\/\/www.suno.com.br\/noticias\/#organization\"},\"potentialAction\":[{\"@type\":\"SearchAction\",\"target\":{\"@type\":\"EntryPoint\",\"urlTemplate\":\"https:\/\/www.suno.com.br\/noticias\/?s={search_term_string}\"},\"query-input\":{\"@type\":\"PropertyValueSpecification\",\"valueRequired\":true,\"valueName\":\"search_term_string\"}}],\"inLanguage\":\"pt-BR\"},{\"@type\":\"Organization\",\"@id\":\"https:\/\/www.suno.com.br\/noticias\/#organization\",\"name\":\"Suno Not\u00edcias\",\"url\":\"https:\/\/www.suno.com.br\/noticias\/\",\"logo\":{\"@type\":\"ImageObject\",\"inLanguage\":\"pt-BR\",\"@id\":\"https:\/\/www.suno.com.br\/noticias\/#\/schema\/logo\/image\/\",\"url\":\"https:\/\/files.sunoresearch.com.br\/n\/uploads\/2021\/09\/suno-logo.png\",\"contentUrl\":\"https:\/\/files.sunoresearch.com.br\/n\/uploads\/2021\/09\/suno-logo.png\",\"width\":180,\"height\":180,\"caption\":\"Suno Not\u00edcias\"},\"image\":{\"@id\":\"https:\/\/www.suno.com.br\/noticias\/#\/schema\/logo\/image\/\"},\"sameAs\":[\"https:\/\/facebook.com\/sunoresearch\",\"https:\/\/x.com\/sunoresearch\",\"https:\/\/www.instagram.com\/suno\",\"https:\/\/www.linkedin.com\/company\/suno-research\/\",\"https:\/\/www.youtube.com\/c\/sunoresearch\"]},{\"@type\":\"Person\",\"@id\":\"https:\/\/www.suno.com.br\/noticias\/#\/schema\/person\/918d79de1f0281f01599b93f9ea6e23f\",\"name\":\"Jader Lazarini\",\"image\":{\"@type\":\"ImageObject\",\"inLanguage\":\"pt-BR\",\"@id\":\"https:\/\/www.suno.com.br\/noticias\/#\/schema\/person\/image\/\",\"url\":\"https:\/\/secure.gravatar.com\/avatar\/3c1ad8caa51589841baeb923fcddea97?s=96&r=g\",\"contentUrl\":\"https:\/\/secure.gravatar.com\/avatar\/3c1ad8caa51589841baeb923fcddea97?s=96&r=g\",\"caption\":\"Jader Lazarini\"},\"description\":\"Jader Lazarini escreve sobre investimentos, finan\u00e7as, economia e neg\u00f3cios. \u00c9 bacharel em Rela\u00e7\u00f5es Internacionais e analista CNPI (2619).\",\"url\":\"https:\/\/www.suno.com.br\/noticias\/author\/jader-lazarini\/\"}]}<\/script>\n<!-- \/ Yoast SEO plugin. -->","yoast_head_json":{"title":"Bolsonaro coloca privatiza\u00e7\u00e3o da Eletrobras (ELET3) como prioridade","description":"Nesta quarta, o Executivo eviou uma lista de prioridades do governo para o Legislativo. Entre elas, a privatiza\u00e7\u00e3o da Eletrobras. Saiba mais.","robots":{"index":"index","follow":"follow","max-snippet":"max-snippet:-1","max-image-preview":"max-image-preview:large","max-video-preview":"max-video-preview:-1"},"canonical":"https:\/\/www.suno.com.br\/noticias\/bolsonaro-privatizacao-eletrobras-elet3-prioridade\/","og_locale":"pt_BR","og_type":"article","og_title":"Bolsonaro coloca privatiza\u00e7\u00e3o da Eletrobras (ELET3) como prioridade","og_description":"Nesta quarta, o Executivo eviou uma lista de prioridades do governo para o Legislativo. Entre elas, a privatiza\u00e7\u00e3o da Eletrobras. Saiba mais.","og_url":"https:\/\/www.suno.com.br\/noticias\/bolsonaro-privatizacao-eletrobras-elet3-prioridade\/","og_site_name":"Suno Not\u00edcias","article_publisher":"https:\/\/facebook.com\/sunoresearch","og_image":[{"width":1100,"height":733,"url":"https:\/\/files.sunoresearch.com.br\/n\/uploads\/2021\/02\/7777faba-9487_06750a98bcc5b305.jpg","type":"image\/jpeg"}],"author":"Jader Lazarini","twitter_card":"summary_large_image","twitter_creator":"@sunoresearch","twitter_site":"@sunoresearch","twitter_misc":{"Escrito por":"Jader Lazarini","Est. tempo de leitura":"3 minutos"},"schema":{"@context":"https:\/\/schema.org","@graph":[{"@type":"NewsArticle","@id":"https:\/\/www.suno.com.br\/noticias\/bolsonaro-privatizacao-eletrobras-elet3-prioridade\/#article","isPartOf":{"@id":"https:\/\/www.suno.com.br\/noticias\/bolsonaro-privatizacao-eletrobras-elet3-prioridade\/"},"author":{"name":"Jader Lazarini","@id":"https:\/\/www.suno.com.br\/noticias\/#\/schema\/person\/918d79de1f0281f01599b93f9ea6e23f"},"headline":"Bolsonaro coloca privatiza\u00e7\u00e3o da Eletrobras (ELET3) como prioridade do Executivo","datePublished":"2021-02-03T18:21:15+00:00","dateModified":"2021-02-03T21:44:14+00:00","mainEntityOfPage":{"@id":"https:\/\/www.suno.com.br\/noticias\/bolsonaro-privatizacao-eletrobras-elet3-prioridade\/"},"wordCount":641,"publisher":{"@id":"https:\/\/www.suno.com.br\/noticias\/#organization"},"image":{"@id":"https:\/\/www.suno.com.br\/noticias\/bolsonaro-privatizacao-eletrobras-elet3-prioridade\/#primaryimage"},"thumbnailUrl":"https:\/\/files.sunoresearch.com.br\/n\/uploads\/2021\/02\/7777faba-9487_06750a98bcc5b305-jpg.webp","keywords":["C\u00e2mara dos Deputados","Eletrobras (ELET3\/ELET5\/ELET6)","Jair Bolsonaro","Minist\u00e9rio da Economia","privatiza\u00e7\u00f5es"],"articleSection":["Pol\u00edtica"],"inLanguage":"pt-BR"},{"@type":"WebPage","@id":"https:\/\/www.suno.com.br\/noticias\/bolsonaro-privatizacao-eletrobras-elet3-prioridade\/","url":"https:\/\/www.suno.com.br\/noticias\/bolsonaro-privatizacao-eletrobras-elet3-prioridade\/","name":"Bolsonaro coloca privatiza\u00e7\u00e3o da Eletrobras (ELET3) como prioridade","isPartOf":{"@id":"https:\/\/www.suno.com.br\/noticias\/#website"},"primaryImageOfPage":{"@id":"https:\/\/www.suno.com.br\/noticias\/bolsonaro-privatizacao-eletrobras-elet3-prioridade\/#primaryimage"},"image":{"@id":"https:\/\/www.suno.com.br\/noticias\/bolsonaro-privatizacao-eletrobras-elet3-prioridade\/#primaryimage"},"thumbnailUrl":"https:\/\/files.sunoresearch.com.br\/n\/uploads\/2021\/02\/7777faba-9487_06750a98bcc5b305-jpg.webp","datePublished":"2021-02-03T18:21:15+00:00","dateModified":"2021-02-03T21:44:14+00:00","description":"Nesta quarta, o Executivo eviou uma lista de prioridades do governo para o Legislativo. Entre elas, a privatiza\u00e7\u00e3o da Eletrobras. Saiba mais.","breadcrumb":{"@id":"https:\/\/www.suno.com.br\/noticias\/bolsonaro-privatizacao-eletrobras-elet3-prioridade\/#breadcrumb"},"inLanguage":"pt-BR","potentialAction":[{"@type":"ReadAction","target":["https:\/\/www.suno.com.br\/noticias\/bolsonaro-privatizacao-eletrobras-elet3-prioridade\/"]}]},{"@type":"ImageObject","inLanguage":"pt-BR","@id":"https:\/\/www.suno.com.br\/noticias\/bolsonaro-privatizacao-eletrobras-elet3-prioridade\/#primaryimage","url":"https:\/\/files.sunoresearch.com.br\/n\/uploads\/2021\/02\/7777faba-9487_06750a98bcc5b305-jpg.webp","contentUrl":"https:\/\/files.sunoresearch.com.br\/n\/uploads\/2021\/02\/7777faba-9487_06750a98bcc5b305-jpg.webp","width":1100,"height":733,"caption":"Nesta quarta, o Executivo eviou uma lista de prioridades do governo para o Legislativo. Entre elas, a privatiza\u00e7\u00e3o da Eletrobras."},{"@type":"BreadcrumbList","@id":"https:\/\/www.suno.com.br\/noticias\/bolsonaro-privatizacao-eletrobras-elet3-prioridade\/#breadcrumb","itemListElement":[{"@type":"ListItem","position":1,"name":"Not\u00edcias","item":"https:\/\/www.suno.com.br\/noticias\/"},{"@type":"ListItem","position":2,"name":"Pol\u00edtica","item":"https:\/\/www.suno.com.br\/noticias\/politica\/"},{"@type":"ListItem","position":3,"name":"Bolsonaro coloca privatiza\u00e7\u00e3o da Eletrobras (ELET3) como prioridade do Executivo"}]},{"@type":"WebSite","@id":"https:\/\/www.suno.com.br\/noticias\/#website","url":"https:\/\/www.suno.com.br\/noticias\/","name":"Suno Not\u00edcias","description":"Seu portal de informa\u00e7\u00e3o sobre o mundo dos investimentos","publisher":{"@id":"https:\/\/www.suno.com.br\/noticias\/#organization"},"potentialAction":[{"@type":"SearchAction","target":{"@type":"EntryPoint","urlTemplate":"https:\/\/www.suno.com.br\/noticias\/?s={search_term_string}"},"query-input":{"@type":"PropertyValueSpecification","valueRequired":true,"valueName":"search_term_string"}}],"inLanguage":"pt-BR"},{"@type":"Organization","@id":"https:\/\/www.suno.com.br\/noticias\/#organization","name":"Suno Not\u00edcias","url":"https:\/\/www.suno.com.br\/noticias\/","logo":{"@type":"ImageObject","inLanguage":"pt-BR","@id":"https:\/\/www.suno.com.br\/noticias\/#\/schema\/logo\/image\/","url":"https:\/\/files.sunoresearch.com.br\/n\/uploads\/2021\/09\/suno-logo.png","contentUrl":"https:\/\/files.sunoresearch.com.br\/n\/uploads\/2021\/09\/suno-logo.png","width":180,"height":180,"caption":"Suno Not\u00edcias"},"image":{"@id":"https:\/\/www.suno.com.br\/noticias\/#\/schema\/logo\/image\/"},"sameAs":["https:\/\/facebook.com\/sunoresearch","https:\/\/x.com\/sunoresearch","https:\/\/www.instagram.com\/suno","https:\/\/www.linkedin.com\/company\/suno-research\/","https:\/\/www.youtube.com\/c\/sunoresearch"]},{"@type":"Person","@id":"https:\/\/www.suno.com.br\/noticias\/#\/schema\/person\/918d79de1f0281f01599b93f9ea6e23f","name":"Jader Lazarini","image":{"@type":"ImageObject","inLanguage":"pt-BR","@id":"https:\/\/www.suno.com.br\/noticias\/#\/schema\/person\/image\/","url":"https:\/\/secure.gravatar.com\/avatar\/3c1ad8caa51589841baeb923fcddea97?s=96&r=g","contentUrl":"https:\/\/secure.gravatar.com\/avatar\/3c1ad8caa51589841baeb923fcddea97?s=96&r=g","caption":"Jader Lazarini"},"description":"Jader Lazarini escreve sobre investimentos, finan\u00e7as, economia e neg\u00f3cios. \u00c9 bacharel em Rela\u00e7\u00f5es Internacionais e analista CNPI (2619).","url":"https:\/\/www.suno.com.br\/noticias\/author\/jader-lazarini\/"}]}},"default_loop_html":"<div class=\"cardsPage__listCard__boxs\"><div class=\"cardsPage__listCard__boxs__img\"><a href=\"https:\/\/www.suno.com.br\/noticias\/bolsonaro-privatizacao-eletrobras-elet3-prioridade\/\"><img class=\"mask\" src=\"https:\/\/www.suno.com.br\/noticias\/wp-content\/themes\/suno\/resources\/images\/spotlight\/spotlight1img\/bg-mask.png\" alt=\"Image Mask\"\/><img src=\"https:\/\/files.sunoresearch.com.br\/n\/uploads\/2021\/02\/7777faba-9487_06750a98bcc5b305-400x200.webp\" alt=\"Bolsonaro coloca privatiza\u00e7\u00e3o da Eletrobras (ELET3) como prioridade do Executivo\"\/><\/a><span class=\"spotlightCategory\"><a href=\"https:\/\/www.suno.com.br\/noticias\/politica\/\">Pol\u00edtica<\/a><\/span><\/div><div class=\"cardsPage__listCard__boxs__content\"><a href=\"https:\/\/www.suno.com.br\/noticias\/bolsonaro-privatizacao-eletrobras-elet3-prioridade\/\"><h2 class=\"content__title\">Bolsonaro coloca privatiza\u00e7\u00e3o da Eletrobras (ELET3) como prioridade do Executivo<\/h2><\/a><div class=\"newsContent__article__meta\"><div class=\"newsContent__article__meta__authorBox\"><a href=\"https:\/\/www.suno.com.br\/noticias\/author\/jader-lazarini\/\" class=\"authorBox__avatar noMobi\"><img src=\"https:\/\/files.sunoresearch.com.br\/n\/uploads\/2021\/01\/178e6598-foto-perfil-2-150x150.jpg\" alt=\"Jader Lazarini\"><\/a><div class=\"authorBox__name\"><span>por\n\t\t\t<a href=\"https:\/\/www.suno.com.br\/noticias\/author\/jader-lazarini\/\"><span itemprop=\"author\">Jader Lazarini<\/span><\/a><\/span><time datetime=\"2021-02-03T15:21:15-03:00\" itemprop=\"datePublished\">03\/02\/2021 15:21<\/time><\/div><\/div><\/div><\/div><\/div>","single_layout":"posts","amp_enabled":true,"_links":{"self":[{"href":"https:\/\/www.suno.com.br\/noticias\/wp-json\/wp\/v2\/posts\/118502"}],"collection":[{"href":"https:\/\/www.suno.com.br\/noticias\/wp-json\/wp\/v2\/posts"}],"about":[{"href":"https:\/\/www.suno.com.br\/noticias\/wp-json\/wp\/v2\/types\/post"}],"author":[{"embeddable":true,"href":"https:\/\/www.suno.com.br\/noticias\/wp-json\/wp\/v2\/users\/24"}],"replies":[{"embeddable":true,"href":"https:\/\/www.suno.com.br\/noticias\/wp-json\/wp\/v2\/comments?post=118502"}],"version-history":[{"count":0,"href":"https:\/\/www.suno.com.br\/noticias\/wp-json\/wp\/v2\/posts\/118502\/revisions"}],"wp:featuredmedia":[{"embeddable":true,"href":"https:\/\/www.suno.com.br\/noticias\/wp-json\/wp\/v2\/media\/118526"}],"wp:attachment":[{"href":"https:\/\/www.suno.com.br\/noticias\/wp-json\/wp\/v2\/media?parent=118502"}],"wp:term":[{"taxonomy":"category","embeddable":true,"href":"https:\/\/www.suno.com.br\/noticias\/wp-json\/wp\/v2\/categories?post=118502"},{"taxonomy":"post_tag","embeddable":true,"href":"https:\/\/www.suno.com.br\/noticias\/wp-json\/wp\/v2\/tags?post=118502"},{"taxonomy":"suno_strategy","embeddable":true,"href":"https:\/\/www.suno.com.br\/noticias\/wp-json\/wp\/v2\/suno_strategy?post=118502"}],"curies":[{"name":"wp","href":"https:\/\/api.w.org\/{rel}","templated":true}]}}