{"id":118443,"date":"2021-02-03T12:45:54","date_gmt":"2021-02-03T15:45:54","guid":{"rendered":"https:\/\/www.suno.com.br\/noticias\/?p=118443"},"modified":"2021-05-29T20:51:01","modified_gmt":"2021-05-29T23:51:01","slug":"jalles-machado-diminui-preco-ipo","status":"publish","type":"post","link":"https:\/\/www.suno.com.br\/noticias\/jalles-machado-diminui-preco-ipo\/","title":{"rendered":"Jalles Machado (JALL3) diminui pre\u00e7o das a\u00e7\u00f5es para IPO, diz coluna"},"content":{"rendered":"<p>A <strong>Jalles Machado<\/strong> (JALL3) aceitou diminuir o pre\u00e7o por a\u00e7\u00e3o de sua <a href=\"https:\/\/www.suno.com.br\/artigos\/ipo\/\">oferta p\u00fablica inicial de a\u00e7\u00f5es (IPO<\/a>, na sigla em ingl\u00eas). A decis\u00e3o ocorre em fun\u00e7\u00e3o da demanda de um dos investidores \u00e2ncoras da opera\u00e7\u00e3o, segundo a coluna <em>Broadcast<\/em>.<\/p>\t<div class=\"wrapper-featured-image\">\n\t\t<figure class=\"spotlightImg\">\n\n\t\t\t<picture>\n\t\t\t\t<source media=\"(max-width: 768px)\" srcset=\"https:\/\/files.sunoresearch.com.br\/n\/uploads\/2021\/02\/a364e0d5-jalles-machado2-400x200.webp\">\n\t\t\t\t<img loading=\"lazy\" decoding=\"async\" class=\"newsContent__article__imgCapa lazyloadDisabled \" src=\"https:\/\/files.sunoresearch.com.br\/n\/uploads\/2021\/02\/a364e0d5-jalles-machado2-800x450.webp\" width=\"800\" height=\"450\" alt=\"Jalles Machado (JALL3) diminui pre\u00e7o das a\u00e7\u00f5es para IPO, diz coluna\" fetchpriority=high \/>\n\t\t\t<\/picture>\n\n\t\t\t<figcaption class=\"wp-caption-text wp-caption-text--show\">A Jalles Machado (JALL3) aceitou diminuir o pre\u00e7o por a\u00e7\u00e3o de seu IPO, conforme a coluna Broadcast. <\/figcaption>\n\t\t<\/figure>\n\t<\/div>\n\n\n\t<p>\n\t\t<a href=\"https:\/\/lp.suno.com.br\/ebook-como-analisar-uma-acao\/\" target=\"_blank\" data-element=\"shortcode-suno-banner\" title=\"Banner SUNO, clique e saiba mais\">\n\t\t\t<picture>\n\t\t\t\t<source media=\"(max-width: 500px)\" srcset=\"https:\/\/files.sunoresearch.com.br\/n\/uploads\/2023\/03\/Ebook-Acoes-Mobile.jpg\">\n\t\t\t\t<img class=\"newsContent__article__imgCapa newsContent__article__imgCapa--banner\"\n\t\t\t\t\tsrc=\"https:\/\/files.sunoresearch.com.br\/n\/uploads\/2023\/03\/Ebook-Acoes-Desktop.jpg\"\n\t\t\t\t\tdata-promo-id=\"378302\"\t\t\t\t\t\t\t\t\t\twidth='1420' height='286'\t\t\t\t\talt=\"https:\/\/files.sunoresearch.com.br\/n\/uploads\/2023\/03\/Ebook-Acoes-Desktop.jpg\"\n\t\t\t\t>\n\t\t\t<\/picture>\n\t\t<\/a>\n\t<\/p>\n\n\n<p>A faixa indicativa das a\u00e7\u00f5es da Jalles Machado era de R$ 10,35 a R$ 12,95. A redu\u00e7\u00e3o foi de 20%, segundo a coluna. Dessa forma, o novo n\u00edvel de pre\u00e7o piso est\u00e1 em R$ 8,28, desconto de aproximadamente 40% em rela\u00e7\u00e3o a <a href=\"https:\/\/www.suno.com.br\/acoes\/smto3\/\"><strong>S\u00e3o Martinho<\/strong> (SMTO3)<\/a>, empresa apontada por analistas como concorrente e j\u00e1 listada em Bolsa.<\/p>\n<p>A oferta base da Jalles Machado consiste na emiss\u00e3o de cerca de 61,83 milh\u00f5es em <strong>oferta prim\u00e1ria<\/strong> (quando os recursos s\u00e3o direcionados ao caixa da empresa) e da venda de aproximadamente 15,45 milh\u00f5es de\u00a0 a\u00e7\u00f5es em <strong>oferta secund\u00e1ria<\/strong> (de titularidade dos atuais acionistas, que receber\u00e3o os recursos). A oferta base de 77,29 milh\u00f5es de a\u00e7\u00f5es pode ser acrescido por um lote adicional de 20%, e suplementar de 15% de novas a\u00e7\u00f5es.<\/p>\n<p><a href=\"https:\/\/lp.suno.com.br\/suno-one\/\"><span style=\"font-weight: 400;\">Suno One: acesse gratuitamente eBooks, Minicursos, Artigos e V\u00eddeo Aulas sobre investimentos com um \u00fanico cadastro. Clique para saber mais!<\/span><\/a><\/p>\n<p>Com base no pre\u00e7o de R$ 8,28 por a\u00e7\u00e3o, a oferta base da companhia movimentaria R$ 640 milh\u00f5es. Se considerados os pap\u00e9is adicionais e suplementares, a abertura de capital pode levantar R$ 864 milh\u00f5es.<\/p>\n<p>Com o processo de <em>bookbuilding<\/em> sendo encerrado amanh\u00e3, as a\u00e7\u00f5es da empresa passar\u00e3o a ser negociadas no <a href=\"https:\/\/www.suno.com.br\/artigos\/novo-mercado\/\"><strong>Novo Mercado<\/strong><\/a> da Bolsa de Valores de S\u00e3o Paulo (B3) na pr\u00f3xima segunda-feira (8), sob o ticker &#8216;<strong>JALL3<\/strong>&#8216;.<\/p>\n\t<p>\n\t\t<a href=\"https:\/\/lp.suno.com.br\/planilha-controle-gastos\/\" target=\"_blank\" data-element=\"shortcode-suno-banner\" title=\"Banner SUNO, clique e saiba mais\">\n\t\t\t<picture>\n\t\t\t\t<source media=\"(max-width: 500px)\" srcset=\"https:\/\/files.sunoresearch.com.br\/n\/uploads\/2023\/03\/400x300-Planilha-controle-de-gastos.png\">\n\t\t\t\t<img class=\"newsContent__article__imgCapa newsContent__article__imgCapa--banner\"\n\t\t\t\t\tsrc=\"https:\/\/files.sunoresearch.com.br\/n\/uploads\/2023\/03\/1420x240-Planilha-controle-de-gastos.png\"\n\t\t\t\t\tdata-promo-id=\"101751\"\t\t\t\t\t\t\t\t\t\twidth='1420' height='240'\t\t\t\t\talt=\"https:\/\/files.sunoresearch.com.br\/n\/uploads\/2023\/03\/1420x240-Planilha-controle-de-gastos.png\"\n\t\t\t\t>\n\t\t\t<\/picture>\n\t\t<\/a>\n\t<\/p>\n\n\n<h2>Jalles Machado quer captar recursos para expans\u00e3o<\/h2>\n<p>A companhia, uma das principais produtoras de <strong>a\u00e7\u00facar<\/strong> e <strong>etanol<\/strong> do Brasil, procurou o mercado para captar recursos com o intuito de financiar o ciclo de expans\u00e3o org\u00e2nica de aproximadamente 1MT, al\u00e9m de substitui\u00e7\u00e3o de processos operacionais e expans\u00e3o de cerca de 8 mil hectares plantados.<\/p>\n\t<div data-element=\"shortcode-read-more\" class=\"knowMore\">\n\t\t\t\t<span class=\"knowMore__title\">Leia tamb\u00e9m<\/span>\n\t\t\t\t<a class=\"knowMore__link\" href=\"https:\/\/www.suno.com.br\/noticias\/intelbras-precifica-oferta-publica-inicial\/\">\n\t\t\tEm IPO, Intelbras (INTB3) precifica sua a\u00e7\u00e3o em R$ 15,75 e levanta R$ 1,3 bilh\u00e3o\t\t<\/a>\n\t<\/div>\n\n\n<p>A empresa, que possui uma capacidade de moagem de aproximadamente 5,3 milh\u00f5es de tolenadas por ano, tamb\u00e9m procura fomentar seu crescimento por meio de <strong>aquisi\u00e7\u00f5es<\/strong>. A empresa quer destinar 56,2% da oferta prim\u00e1ria para a compra de uma terceira unidade industrial, al\u00e9m de investir em seu pr\u00f3prio canavial &#8212; onde observa o potencial de expans\u00e3o no m\u00e9dio e longo prazo.<\/p>\n<p>A companhia foi fundada em 1980 na cidade de Goian\u00e9sia, em Goi\u00e1s, e tamb\u00e9m \u00e9 a maior exportadora de a\u00e7\u00facar org\u00e2nico do mundo, setor que cresce 15% ao ano. Um dos principais clientes da empresa \u00e9 a gigante varejista norte-americana <strong>Costco<\/strong> (NASDAQ: COST).<\/p>\n<p>No ano passado, a <strong>Jalles Machado<\/strong> reportou um<a href=\"https:\/\/www.suno.com.br\/artigos\/lucro-liquido\/\"> lucro l\u00edquido<\/a> de R$ 77 milh\u00f5es, alta de 8,4% na compara\u00e7\u00e3o anualizada. A receita l\u00edquida no mesmo per\u00edodo teve um avan\u00e7o de 16,9%, para R$ 891 milh\u00f5es.<\/p>\n\t<p>\n\t\t<a href=\"https:\/\/lp.suno.com.br\/planilha-de-controle-de-investimentos\/\" target=\"_blank\" data-element=\"shortcode-suno-banner\" title=\"Banner SUNO, clique e saiba mais\">\n\t\t\t<picture>\n\t\t\t\t<source media=\"(max-width: 500px)\" srcset=\"https:\/\/files.sunoresearch.com.br\/n\/uploads\/2023\/03\/400x300-Controle-de-Investimentos.png\">\n\t\t\t\t<img class=\"newsContent__article__imgCapa newsContent__article__imgCapa--banner\"\n\t\t\t\t\tsrc=\"https:\/\/files.sunoresearch.com.br\/n\/uploads\/2023\/03\/1420x240-Controle-de-Investimentos.png\"\n\t\t\t\t\tdata-promo-id=\"75934\"\t\t\t\t\t\t\t\t\t\twidth='1420' height='240'\t\t\t\t\talt=\"https:\/\/files.sunoresearch.com.br\/n\/uploads\/2023\/03\/1420x240-Controle-de-Investimentos.png\"\n\t\t\t\t>\n\t\t\t<\/picture>\n\t\t<\/a>\n\t<\/p>\n\n\n","protected":false},"excerpt":{"rendered":"<p>A Jalles Machado (JALL3) aceitou diminuir o pre\u00e7o por a\u00e7\u00e3o de sua oferta p\u00fablica inicial de a\u00e7\u00f5es (IPO, na sigla em ingl\u00eas). A decis\u00e3o ocorre em fun\u00e7\u00e3o da demanda de um dos investidores \u00e2ncoras da opera\u00e7\u00e3o, segundo a coluna Broadcast. A Jalles Machado (JALL3) aceitou diminuir o pre\u00e7o por a\u00e7\u00e3o de seu IPO, conforme a [&hellip;]<\/p>\n","protected":false},"author":24,"featured_media":118448,"comment_status":"closed","ping_status":"closed","sticky":false,"template":"","format":"standard","meta":[],"categories":[64],"tags":[1937,319,105726,2615],"suno_strategy":[],"class_list":["post-118443","post","type-post","status-publish","format-standard","has-post-thumbnail","hentry","category-negocios","tag-bolsa-de-valores-de-sao-paulo-b3","tag-ipo-oferta-inicial-de-acoes","tag-jalles-machado-jall3","tag-novo-mercado"],"yoast_head":"<!-- This site is optimized with the Yoast SEO plugin v24.4 - https:\/\/yoast.com\/wordpress\/plugins\/seo\/ -->\n<title>Jalles Machado (JALL3) diminui pre\u00e7o das a\u00e7\u00f5es para IPO, diz coluna<\/title>\n<meta name=\"description\" content=\"A Jalles Machado (JALL3) aceitou diminuir o pre\u00e7o por a\u00e7\u00e3o de seu IPO, conforme a coluna Broadcast. Clique aqui e saiba mais.\" \/>\n<meta name=\"robots\" content=\"index, follow, max-snippet:-1, max-image-preview:large, max-video-preview:-1\" \/>\n<link rel=\"canonical\" href=\"https:\/\/www.suno.com.br\/noticias\/jalles-machado-diminui-preco-ipo\/\" \/>\n<meta property=\"og:locale\" content=\"pt_BR\" \/>\n<meta property=\"og:type\" content=\"article\" \/>\n<meta property=\"og:title\" content=\"Jalles Machado (JALL3) diminui pre\u00e7o das a\u00e7\u00f5es para IPO, diz coluna\" \/>\n<meta property=\"og:description\" content=\"A Jalles Machado (JALL3) aceitou diminuir o pre\u00e7o por a\u00e7\u00e3o de seu IPO, conforme a coluna Broadcast. Clique aqui e saiba mais.\" \/>\n<meta property=\"og:url\" content=\"https:\/\/www.suno.com.br\/noticias\/jalles-machado-diminui-preco-ipo\/\" \/>\n<meta property=\"og:site_name\" content=\"Suno Not\u00edcias\" \/>\n<meta property=\"article:publisher\" content=\"https:\/\/facebook.com\/sunoresearch\" \/>\n<meta property=\"og:image\" content=\"https:\/\/files.sunoresearch.com.br\/n\/uploads\/2021\/02\/a364e0d5-jalles-machado2.jpg\" \/>\n\t<meta property=\"og:image:width\" content=\"1447\" \/>\n\t<meta property=\"og:image:height\" content=\"965\" \/>\n\t<meta property=\"og:image:type\" content=\"image\/jpeg\" \/>\n<meta name=\"author\" content=\"Jader Lazarini\" \/>\n<meta name=\"twitter:card\" content=\"summary_large_image\" \/>\n<meta name=\"twitter:creator\" content=\"@sunoresearch\" \/>\n<meta name=\"twitter:site\" content=\"@sunoresearch\" \/>\n<meta name=\"twitter:label1\" content=\"Escrito por\" \/>\n\t<meta name=\"twitter:data1\" content=\"Jader Lazarini\" \/>\n\t<meta name=\"twitter:label2\" content=\"Est. tempo de leitura\" \/>\n\t<meta name=\"twitter:data2\" content=\"3 minutos\" \/>\n<script type=\"application\/ld+json\" class=\"yoast-schema-graph\">{\"@context\":\"https:\/\/schema.org\",\"@graph\":[{\"@type\":\"NewsArticle\",\"@id\":\"https:\/\/www.suno.com.br\/noticias\/jalles-machado-diminui-preco-ipo\/#article\",\"isPartOf\":{\"@id\":\"https:\/\/www.suno.com.br\/noticias\/jalles-machado-diminui-preco-ipo\/\"},\"author\":{\"name\":\"Jader Lazarini\",\"@id\":\"https:\/\/www.suno.com.br\/noticias\/#\/schema\/person\/918d79de1f0281f01599b93f9ea6e23f\"},\"headline\":\"Jalles Machado (JALL3) diminui pre\u00e7o das a\u00e7\u00f5es para IPO, diz coluna\",\"datePublished\":\"2021-02-03T15:45:54+00:00\",\"dateModified\":\"2021-05-29T23:51:01+00:00\",\"mainEntityOfPage\":{\"@id\":\"https:\/\/www.suno.com.br\/noticias\/jalles-machado-diminui-preco-ipo\/\"},\"wordCount\":514,\"publisher\":{\"@id\":\"https:\/\/www.suno.com.br\/noticias\/#organization\"},\"image\":{\"@id\":\"https:\/\/www.suno.com.br\/noticias\/jalles-machado-diminui-preco-ipo\/#primaryimage\"},\"thumbnailUrl\":\"https:\/\/files.sunoresearch.com.br\/n\/uploads\/2021\/02\/a364e0d5-jalles-machado2-jpg.webp\",\"keywords\":[\"Bolsa de Valores de S\u00e3o Paulo (B3)\",\"IPO (Oferta Inicial de A\u00e7\u00f5es)\",\"Jalles Machado (JALL3)\",\"Novo Mercado\"],\"articleSection\":[\"Neg\u00f3cios\"],\"inLanguage\":\"pt-BR\"},{\"@type\":\"WebPage\",\"@id\":\"https:\/\/www.suno.com.br\/noticias\/jalles-machado-diminui-preco-ipo\/\",\"url\":\"https:\/\/www.suno.com.br\/noticias\/jalles-machado-diminui-preco-ipo\/\",\"name\":\"Jalles Machado (JALL3) diminui pre\u00e7o das a\u00e7\u00f5es para IPO, diz coluna\",\"isPartOf\":{\"@id\":\"https:\/\/www.suno.com.br\/noticias\/#website\"},\"primaryImageOfPage\":{\"@id\":\"https:\/\/www.suno.com.br\/noticias\/jalles-machado-diminui-preco-ipo\/#primaryimage\"},\"image\":{\"@id\":\"https:\/\/www.suno.com.br\/noticias\/jalles-machado-diminui-preco-ipo\/#primaryimage\"},\"thumbnailUrl\":\"https:\/\/files.sunoresearch.com.br\/n\/uploads\/2021\/02\/a364e0d5-jalles-machado2-jpg.webp\",\"datePublished\":\"2021-02-03T15:45:54+00:00\",\"dateModified\":\"2021-05-29T23:51:01+00:00\",\"description\":\"A Jalles Machado (JALL3) aceitou diminuir o pre\u00e7o por a\u00e7\u00e3o de seu IPO, conforme a coluna Broadcast. Clique aqui e saiba mais.\",\"breadcrumb\":{\"@id\":\"https:\/\/www.suno.com.br\/noticias\/jalles-machado-diminui-preco-ipo\/#breadcrumb\"},\"inLanguage\":\"pt-BR\",\"potentialAction\":[{\"@type\":\"ReadAction\",\"target\":[\"https:\/\/www.suno.com.br\/noticias\/jalles-machado-diminui-preco-ipo\/\"]}]},{\"@type\":\"ImageObject\",\"inLanguage\":\"pt-BR\",\"@id\":\"https:\/\/www.suno.com.br\/noticias\/jalles-machado-diminui-preco-ipo\/#primaryimage\",\"url\":\"https:\/\/files.sunoresearch.com.br\/n\/uploads\/2021\/02\/a364e0d5-jalles-machado2-jpg.webp\",\"contentUrl\":\"https:\/\/files.sunoresearch.com.br\/n\/uploads\/2021\/02\/a364e0d5-jalles-machado2-jpg.webp\",\"width\":1447,\"height\":965,\"caption\":\"A Jalles Machado (JALL3) aceitou diminuir o pre\u00e7o por a\u00e7\u00e3o de seu IPO, conforme a coluna Broadcast.\"},{\"@type\":\"BreadcrumbList\",\"@id\":\"https:\/\/www.suno.com.br\/noticias\/jalles-machado-diminui-preco-ipo\/#breadcrumb\",\"itemListElement\":[{\"@type\":\"ListItem\",\"position\":1,\"name\":\"Not\u00edcias\",\"item\":\"https:\/\/www.suno.com.br\/noticias\/\"},{\"@type\":\"ListItem\",\"position\":2,\"name\":\"Neg\u00f3cios\",\"item\":\"https:\/\/www.suno.com.br\/noticias\/negocios\/\"},{\"@type\":\"ListItem\",\"position\":3,\"name\":\"Jalles Machado (JALL3) diminui pre\u00e7o das a\u00e7\u00f5es para IPO, diz coluna\"}]},{\"@type\":\"WebSite\",\"@id\":\"https:\/\/www.suno.com.br\/noticias\/#website\",\"url\":\"https:\/\/www.suno.com.br\/noticias\/\",\"name\":\"Suno Not\u00edcias\",\"description\":\"Seu portal de informa\u00e7\u00e3o sobre o mundo dos investimentos\",\"publisher\":{\"@id\":\"https:\/\/www.suno.com.br\/noticias\/#organization\"},\"potentialAction\":[{\"@type\":\"SearchAction\",\"target\":{\"@type\":\"EntryPoint\",\"urlTemplate\":\"https:\/\/www.suno.com.br\/noticias\/?s={search_term_string}\"},\"query-input\":{\"@type\":\"PropertyValueSpecification\",\"valueRequired\":true,\"valueName\":\"search_term_string\"}}],\"inLanguage\":\"pt-BR\"},{\"@type\":\"Organization\",\"@id\":\"https:\/\/www.suno.com.br\/noticias\/#organization\",\"name\":\"Suno Not\u00edcias\",\"url\":\"https:\/\/www.suno.com.br\/noticias\/\",\"logo\":{\"@type\":\"ImageObject\",\"inLanguage\":\"pt-BR\",\"@id\":\"https:\/\/www.suno.com.br\/noticias\/#\/schema\/logo\/image\/\",\"url\":\"https:\/\/files.sunoresearch.com.br\/n\/uploads\/2021\/09\/suno-logo.png\",\"contentUrl\":\"https:\/\/files.sunoresearch.com.br\/n\/uploads\/2021\/09\/suno-logo.png\",\"width\":180,\"height\":180,\"caption\":\"Suno Not\u00edcias\"},\"image\":{\"@id\":\"https:\/\/www.suno.com.br\/noticias\/#\/schema\/logo\/image\/\"},\"sameAs\":[\"https:\/\/facebook.com\/sunoresearch\",\"https:\/\/x.com\/sunoresearch\",\"https:\/\/www.instagram.com\/suno\",\"https:\/\/www.linkedin.com\/company\/suno-research\/\",\"https:\/\/www.youtube.com\/c\/sunoresearch\"]},{\"@type\":\"Person\",\"@id\":\"https:\/\/www.suno.com.br\/noticias\/#\/schema\/person\/918d79de1f0281f01599b93f9ea6e23f\",\"name\":\"Jader Lazarini\",\"image\":{\"@type\":\"ImageObject\",\"inLanguage\":\"pt-BR\",\"@id\":\"https:\/\/www.suno.com.br\/noticias\/#\/schema\/person\/image\/\",\"url\":\"https:\/\/secure.gravatar.com\/avatar\/3c1ad8caa51589841baeb923fcddea97?s=96&r=g\",\"contentUrl\":\"https:\/\/secure.gravatar.com\/avatar\/3c1ad8caa51589841baeb923fcddea97?s=96&r=g\",\"caption\":\"Jader Lazarini\"},\"description\":\"Jader Lazarini escreve sobre investimentos, finan\u00e7as, economia e neg\u00f3cios. \u00c9 bacharel em Rela\u00e7\u00f5es Internacionais e analista CNPI (2619).\",\"url\":\"https:\/\/www.suno.com.br\/noticias\/author\/jader-lazarini\/\"}]}<\/script>\n<!-- \/ Yoast SEO plugin. -->","yoast_head_json":{"title":"Jalles Machado (JALL3) diminui pre\u00e7o das a\u00e7\u00f5es para IPO, diz coluna","description":"A Jalles Machado (JALL3) aceitou diminuir o pre\u00e7o por a\u00e7\u00e3o de seu IPO, conforme a coluna Broadcast. Clique aqui e saiba mais.","robots":{"index":"index","follow":"follow","max-snippet":"max-snippet:-1","max-image-preview":"max-image-preview:large","max-video-preview":"max-video-preview:-1"},"canonical":"https:\/\/www.suno.com.br\/noticias\/jalles-machado-diminui-preco-ipo\/","og_locale":"pt_BR","og_type":"article","og_title":"Jalles Machado (JALL3) diminui pre\u00e7o das a\u00e7\u00f5es para IPO, diz coluna","og_description":"A Jalles Machado (JALL3) aceitou diminuir o pre\u00e7o por a\u00e7\u00e3o de seu IPO, conforme a coluna Broadcast. Clique aqui e saiba mais.","og_url":"https:\/\/www.suno.com.br\/noticias\/jalles-machado-diminui-preco-ipo\/","og_site_name":"Suno Not\u00edcias","article_publisher":"https:\/\/facebook.com\/sunoresearch","og_image":[{"width":1447,"height":965,"url":"https:\/\/files.sunoresearch.com.br\/n\/uploads\/2021\/02\/a364e0d5-jalles-machado2.jpg","type":"image\/jpeg"}],"author":"Jader Lazarini","twitter_card":"summary_large_image","twitter_creator":"@sunoresearch","twitter_site":"@sunoresearch","twitter_misc":{"Escrito por":"Jader Lazarini","Est. tempo de leitura":"3 minutos"},"schema":{"@context":"https:\/\/schema.org","@graph":[{"@type":"NewsArticle","@id":"https:\/\/www.suno.com.br\/noticias\/jalles-machado-diminui-preco-ipo\/#article","isPartOf":{"@id":"https:\/\/www.suno.com.br\/noticias\/jalles-machado-diminui-preco-ipo\/"},"author":{"name":"Jader Lazarini","@id":"https:\/\/www.suno.com.br\/noticias\/#\/schema\/person\/918d79de1f0281f01599b93f9ea6e23f"},"headline":"Jalles Machado (JALL3) diminui pre\u00e7o das a\u00e7\u00f5es para IPO, diz coluna","datePublished":"2021-02-03T15:45:54+00:00","dateModified":"2021-05-29T23:51:01+00:00","mainEntityOfPage":{"@id":"https:\/\/www.suno.com.br\/noticias\/jalles-machado-diminui-preco-ipo\/"},"wordCount":514,"publisher":{"@id":"https:\/\/www.suno.com.br\/noticias\/#organization"},"image":{"@id":"https:\/\/www.suno.com.br\/noticias\/jalles-machado-diminui-preco-ipo\/#primaryimage"},"thumbnailUrl":"https:\/\/files.sunoresearch.com.br\/n\/uploads\/2021\/02\/a364e0d5-jalles-machado2-jpg.webp","keywords":["Bolsa de Valores de S\u00e3o Paulo (B3)","IPO (Oferta Inicial de A\u00e7\u00f5es)","Jalles Machado (JALL3)","Novo Mercado"],"articleSection":["Neg\u00f3cios"],"inLanguage":"pt-BR"},{"@type":"WebPage","@id":"https:\/\/www.suno.com.br\/noticias\/jalles-machado-diminui-preco-ipo\/","url":"https:\/\/www.suno.com.br\/noticias\/jalles-machado-diminui-preco-ipo\/","name":"Jalles Machado (JALL3) diminui pre\u00e7o das a\u00e7\u00f5es para IPO, diz coluna","isPartOf":{"@id":"https:\/\/www.suno.com.br\/noticias\/#website"},"primaryImageOfPage":{"@id":"https:\/\/www.suno.com.br\/noticias\/jalles-machado-diminui-preco-ipo\/#primaryimage"},"image":{"@id":"https:\/\/www.suno.com.br\/noticias\/jalles-machado-diminui-preco-ipo\/#primaryimage"},"thumbnailUrl":"https:\/\/files.sunoresearch.com.br\/n\/uploads\/2021\/02\/a364e0d5-jalles-machado2-jpg.webp","datePublished":"2021-02-03T15:45:54+00:00","dateModified":"2021-05-29T23:51:01+00:00","description":"A Jalles Machado (JALL3) aceitou diminuir o pre\u00e7o por a\u00e7\u00e3o de seu IPO, conforme a coluna Broadcast. Clique aqui e saiba mais.","breadcrumb":{"@id":"https:\/\/www.suno.com.br\/noticias\/jalles-machado-diminui-preco-ipo\/#breadcrumb"},"inLanguage":"pt-BR","potentialAction":[{"@type":"ReadAction","target":["https:\/\/www.suno.com.br\/noticias\/jalles-machado-diminui-preco-ipo\/"]}]},{"@type":"ImageObject","inLanguage":"pt-BR","@id":"https:\/\/www.suno.com.br\/noticias\/jalles-machado-diminui-preco-ipo\/#primaryimage","url":"https:\/\/files.sunoresearch.com.br\/n\/uploads\/2021\/02\/a364e0d5-jalles-machado2-jpg.webp","contentUrl":"https:\/\/files.sunoresearch.com.br\/n\/uploads\/2021\/02\/a364e0d5-jalles-machado2-jpg.webp","width":1447,"height":965,"caption":"A Jalles Machado (JALL3) aceitou diminuir o pre\u00e7o por a\u00e7\u00e3o de seu IPO, conforme a coluna Broadcast."},{"@type":"BreadcrumbList","@id":"https:\/\/www.suno.com.br\/noticias\/jalles-machado-diminui-preco-ipo\/#breadcrumb","itemListElement":[{"@type":"ListItem","position":1,"name":"Not\u00edcias","item":"https:\/\/www.suno.com.br\/noticias\/"},{"@type":"ListItem","position":2,"name":"Neg\u00f3cios","item":"https:\/\/www.suno.com.br\/noticias\/negocios\/"},{"@type":"ListItem","position":3,"name":"Jalles Machado (JALL3) diminui pre\u00e7o das a\u00e7\u00f5es para IPO, diz coluna"}]},{"@type":"WebSite","@id":"https:\/\/www.suno.com.br\/noticias\/#website","url":"https:\/\/www.suno.com.br\/noticias\/","name":"Suno Not\u00edcias","description":"Seu portal de informa\u00e7\u00e3o sobre o mundo dos investimentos","publisher":{"@id":"https:\/\/www.suno.com.br\/noticias\/#organization"},"potentialAction":[{"@type":"SearchAction","target":{"@type":"EntryPoint","urlTemplate":"https:\/\/www.suno.com.br\/noticias\/?s={search_term_string}"},"query-input":{"@type":"PropertyValueSpecification","valueRequired":true,"valueName":"search_term_string"}}],"inLanguage":"pt-BR"},{"@type":"Organization","@id":"https:\/\/www.suno.com.br\/noticias\/#organization","name":"Suno Not\u00edcias","url":"https:\/\/www.suno.com.br\/noticias\/","logo":{"@type":"ImageObject","inLanguage":"pt-BR","@id":"https:\/\/www.suno.com.br\/noticias\/#\/schema\/logo\/image\/","url":"https:\/\/files.sunoresearch.com.br\/n\/uploads\/2021\/09\/suno-logo.png","contentUrl":"https:\/\/files.sunoresearch.com.br\/n\/uploads\/2021\/09\/suno-logo.png","width":180,"height":180,"caption":"Suno Not\u00edcias"},"image":{"@id":"https:\/\/www.suno.com.br\/noticias\/#\/schema\/logo\/image\/"},"sameAs":["https:\/\/facebook.com\/sunoresearch","https:\/\/x.com\/sunoresearch","https:\/\/www.instagram.com\/suno","https:\/\/www.linkedin.com\/company\/suno-research\/","https:\/\/www.youtube.com\/c\/sunoresearch"]},{"@type":"Person","@id":"https:\/\/www.suno.com.br\/noticias\/#\/schema\/person\/918d79de1f0281f01599b93f9ea6e23f","name":"Jader Lazarini","image":{"@type":"ImageObject","inLanguage":"pt-BR","@id":"https:\/\/www.suno.com.br\/noticias\/#\/schema\/person\/image\/","url":"https:\/\/secure.gravatar.com\/avatar\/3c1ad8caa51589841baeb923fcddea97?s=96&r=g","contentUrl":"https:\/\/secure.gravatar.com\/avatar\/3c1ad8caa51589841baeb923fcddea97?s=96&r=g","caption":"Jader Lazarini"},"description":"Jader Lazarini escreve sobre investimentos, finan\u00e7as, economia e neg\u00f3cios. \u00c9 bacharel em Rela\u00e7\u00f5es Internacionais e analista CNPI (2619).","url":"https:\/\/www.suno.com.br\/noticias\/author\/jader-lazarini\/"}]}},"default_loop_html":"<div class=\"cardsPage__listCard__boxs\"><div class=\"cardsPage__listCard__boxs__img\"><a href=\"https:\/\/www.suno.com.br\/noticias\/jalles-machado-diminui-preco-ipo\/\"><img class=\"mask\" src=\"https:\/\/www.suno.com.br\/noticias\/wp-content\/themes\/suno\/resources\/images\/spotlight\/spotlight1img\/bg-mask.png\" alt=\"Image Mask\"\/><img src=\"https:\/\/files.sunoresearch.com.br\/n\/uploads\/2021\/02\/a364e0d5-jalles-machado2-400x200.webp\" alt=\"Jalles Machado (JALL3) diminui pre\u00e7o das a\u00e7\u00f5es para IPO, diz coluna\"\/><\/a><span class=\"spotlightCategory\"><a href=\"https:\/\/www.suno.com.br\/noticias\/negocios\/\">Neg\u00f3cios<\/a><\/span><\/div><div class=\"cardsPage__listCard__boxs__content\"><a href=\"https:\/\/www.suno.com.br\/noticias\/jalles-machado-diminui-preco-ipo\/\"><h2 class=\"content__title\">Jalles Machado (JALL3) diminui pre\u00e7o das a\u00e7\u00f5es para IPO, diz coluna<\/h2><\/a><div class=\"newsContent__article__meta\"><div class=\"newsContent__article__meta__authorBox\"><a href=\"https:\/\/www.suno.com.br\/noticias\/author\/jader-lazarini\/\" class=\"authorBox__avatar noMobi\"><img src=\"https:\/\/files.sunoresearch.com.br\/n\/uploads\/2021\/01\/178e6598-foto-perfil-2-150x150.jpg\" alt=\"Jader Lazarini\"><\/a><div class=\"authorBox__name\"><span>por\n\t\t\t<a href=\"https:\/\/www.suno.com.br\/noticias\/author\/jader-lazarini\/\"><span itemprop=\"author\">Jader Lazarini<\/span><\/a><\/span><time datetime=\"2021-02-03T12:45:54-03:00\" itemprop=\"datePublished\">03\/02\/2021 12:45<\/time><\/div><\/div><\/div><\/div><\/div>","single_layout":"posts","amp_enabled":true,"_links":{"self":[{"href":"https:\/\/www.suno.com.br\/noticias\/wp-json\/wp\/v2\/posts\/118443"}],"collection":[{"href":"https:\/\/www.suno.com.br\/noticias\/wp-json\/wp\/v2\/posts"}],"about":[{"href":"https:\/\/www.suno.com.br\/noticias\/wp-json\/wp\/v2\/types\/post"}],"author":[{"embeddable":true,"href":"https:\/\/www.suno.com.br\/noticias\/wp-json\/wp\/v2\/users\/24"}],"replies":[{"embeddable":true,"href":"https:\/\/www.suno.com.br\/noticias\/wp-json\/wp\/v2\/comments?post=118443"}],"version-history":[{"count":1,"href":"https:\/\/www.suno.com.br\/noticias\/wp-json\/wp\/v2\/posts\/118443\/revisions"}],"predecessor-version":[{"id":152290,"href":"https:\/\/www.suno.com.br\/noticias\/wp-json\/wp\/v2\/posts\/118443\/revisions\/152290"}],"wp:featuredmedia":[{"embeddable":true,"href":"https:\/\/www.suno.com.br\/noticias\/wp-json\/wp\/v2\/media\/118448"}],"wp:attachment":[{"href":"https:\/\/www.suno.com.br\/noticias\/wp-json\/wp\/v2\/media?parent=118443"}],"wp:term":[{"taxonomy":"category","embeddable":true,"href":"https:\/\/www.suno.com.br\/noticias\/wp-json\/wp\/v2\/categories?post=118443"},{"taxonomy":"post_tag","embeddable":true,"href":"https:\/\/www.suno.com.br\/noticias\/wp-json\/wp\/v2\/tags?post=118443"},{"taxonomy":"suno_strategy","embeddable":true,"href":"https:\/\/www.suno.com.br\/noticias\/wp-json\/wp\/v2\/suno_strategy?post=118443"}],"curies":[{"name":"wp","href":"https:\/\/api.w.org\/{rel}","templated":true}]}}