{"id":11840,"date":"2019-01-16T07:56:51","date_gmt":"2019-01-16T09:56:51","guid":{"rendered":"https:\/\/www.suno.com.br\/noticias\/?p=11840"},"modified":"2019-01-16T08:21:41","modified_gmt":"2019-01-16T10:21:41","slug":"pobreza-america-latina","status":"publish","type":"post","link":"https:\/\/www.suno.com.br\/noticias\/pobreza-america-latina\/","title":{"rendered":"Extrema pobreza afeta 63 milh\u00f5es de latino-americanos"},"content":{"rendered":"<p>A extrema pobreza afeta 10,2% da popula\u00e7\u00e3o latino-americana, o que corresponde a 63 milh\u00f5es de cidad\u00e3os, de acordo com a Comiss\u00e3o Econ\u00f4mica para a Am\u00e9rica Latina e o Caribe (CEPAL).<\/p>\t<div class=\"wrapper-featured-image\">\n\t\t<figure class=\"spotlightImg\">\n\n\t\t\t<picture>\n\t\t\t\t<source media=\"(max-width: 768px)\" srcset=\"https:\/\/files.sunoresearch.com.br\/n\/uploads\/2019\/01\/dbb204e8-pobreza-400x200.webp\">\n\t\t\t\t<img loading=\"lazy\" decoding=\"async\" class=\"newsContent__article__imgCapa lazyloadDisabled newsContent__article__imgCapa--noCaption\" src=\"https:\/\/files.sunoresearch.com.br\/n\/uploads\/2019\/01\/dbb204e8-pobreza-800x450.webp\" width=\"800\" height=\"450\" alt=\"Extrema pobreza afeta 63 milh\u00f5es de latino-americanos\" fetchpriority=high \/>\n\t\t\t<\/picture>\n\n\t\t\t<figcaption class=\"wp-caption-text wp-caption-text--hide\">Extrema pobreza atinge 10,2% da popula\u00e7\u00e3o latino-americana. (divulga\u00e7\u00e3o)<\/figcaption>\n\t\t<\/figure>\n\t<\/div>\n\n\n<p>Ainda segundo o levantamento, a <strong>pobreza<\/strong> afeta 30,2% de pessoas na <strong>Am\u00e9rica Latina<\/strong>. O valor equivale a 184 milh\u00f5es de latino-americanos.<\/p>\n<p>A CEPAL divulgou na ter\u00e7a-feira (15) o informe\u00a0 &#8220;Panorama Social da Am\u00e9rica Latina 2018&#8221;, em Santiago, no Chile. O levantamento utiliza dados do ano anterior (2017).<\/p>\n<p>Segundo a <strong>CEPAL<\/strong>, o n\u00famero de pobres manteve-se est\u00e1vel em 2017, enquanto as pessoas extremamente pobres aumentaram.<\/p>\n<p>Este aumento \u00e9 uma tend\u00eancia observada desde 2015 na regi\u00e3o da Am\u00e9rica Latina, de acordo com a Ag\u00eancia EFE.<\/p>\n<p>O percentual de 10,2% da popula\u00e7\u00e3o total enfrentando a extrema pobreza \u00e9 o mais alto desde 2008, alertou a Organiza\u00e7\u00e3o das Na\u00e7\u00f5es Unidas (ONU).<\/p>\n<p><a href=\"https:\/\/www.suno.com.br\/noticias\/investimento-publico-brasil\/\">Saiba mais &#8211;\u00a0Investimento p\u00fablico no Brasil \u00e9 o 2\u00ba menor entre 42 pa\u00edses\u00a0<\/a><\/p>\n<h2>Grupos com maior incid\u00eancia de pobreza<\/h2>\n<p>A pobreza e a extrema pobreza atingem as popula\u00e7\u00f5es dependendo da localidade onde residem, bem como das caracter\u00edsticas s\u00f3cio-demogr\u00e1ficas.<\/p>\n<p>&#8220;A taxa de pobreza da popula\u00e7\u00e3o que reside nas \u00e1reas rurais \u00e9 cerca de 20 pontos percentuais maior que a das \u00e1reas urbanas&#8221;, afirma a publica\u00e7\u00e3o da <strong>CEPAL<\/strong>.<\/p>\n<p>Conforme o levantamento, a <strong>pobreza<\/strong> e a extrema pobreza tamb\u00e9m t\u00eam uma incid\u00eancia maior sobre a popula\u00e7\u00e3o mais jovem.<\/p>\n<p>A taxa de pobreza para meninos, meninas e adolescentes de at\u00e9 14 anos, \u00e9 19% mais alta que a das pessoas de 35 a 44 anos. E 31% maior que a da popula\u00e7\u00e3o de 65 anos ou mais.<\/p>\n<p><a href=\"https:\/\/www.suno.com.br\/noticias\/desigualdade-brasil-oxfam\/\">Saiba mais &#8211;\u00a0Desigualdade no Brasil mant\u00e9m-se est\u00e1vel, segundo Oxfam\u00a0<\/a><\/p>\n<h2>Mercado de trabalho<\/h2>\n<p>Em m\u00e9dia, cerca de 40% da popula\u00e7\u00e3o da <strong>Am\u00e9rica Latina<\/strong> tem renda inferior ao sal\u00e1rio m\u00ednimo estabelecido por seu pa\u00eds.<\/p>\n<p>A propor\u00e7\u00e3o \u00e9 mais acentuada entre as mulheres (48,7%) e os jovens de 15 a 24 anos (55,9%).<\/p>\n<p>De modo similar, o mercado de trabalho sente a diferen\u00e7a entre g\u00eaneros. A participa\u00e7\u00e3o das mulheres, 50,2% ainda \u00e9 notoriamente menor que a dos homens, 74,4%.<\/p>\n<p>Grande parte das mulheres ocupadas (51,8%) s\u00e3o empregadas em setores de baixa produtividade. Destas, 82,2% n\u00e3o est\u00e3o afiliadas ou n\u00e3o contribuem para algum tipo de sistema previdenci\u00e1rio.<\/p>\n<p>\u201cSem pol\u00edticas p\u00fablicas adequadas que abordem assuntos chave, como a forma\u00e7\u00e3o e o emprego das mulheres nas \u00e1reas da ci\u00eancia, tecnologia, engenharia e matem\u00e1tica, que contribuam para evitar a precariza\u00e7\u00e3o dos empregos e que promovam a corresponsabilidade nos sistemas de cuidado, [&#8230;] corre o risco de que se perpetuem as brechas existentes e as car\u00eancias de trabalho decente que as afetam atualmente\u201d, analisa o relat\u00f3rio.<\/p>\n<p>A solu\u00e7\u00e3o para reverter o quadro, n\u00e3o apenas da <strong>pobreza<\/strong>, conforme a <strong>CEPAL<\/strong>, s\u00e3o pol\u00edticas universais que sejam sens\u00edveis \u00e0s diferen\u00e7as. E que tamb\u00e9m promovam a alteridade, e acesso similar a todos os grupos sociais.<\/p>\n","protected":false},"excerpt":{"rendered":"<p>A extrema pobreza afeta 10,2% da popula\u00e7\u00e3o latino-americana, o que corresponde a 63 milh\u00f5es de cidad\u00e3os, de acordo com a Comiss\u00e3o Econ\u00f4mica para a Am\u00e9rica Latina e o Caribe (CEPAL). Extrema pobreza atinge 10,2% da popula\u00e7\u00e3o latino-americana. (divulga\u00e7\u00e3o) Ainda segundo o levantamento, a pobreza afeta 30,2% de pessoas na Am\u00e9rica Latina. O valor equivale a [&hellip;]<\/p>\n","protected":false},"author":12,"featured_media":11841,"comment_status":"closed","ping_status":"closed","sticky":false,"template":"","format":"standard","meta":[],"categories":[62],"tags":[986],"suno_strategy":[],"class_list":["post-11840","post","type-post","status-publish","format-standard","has-post-thumbnail","hentry","category-economia","tag-america-latina"],"yoast_head":"<!-- This site is optimized with the Yoast SEO plugin v24.4 - https:\/\/yoast.com\/wordpress\/plugins\/seo\/ -->\n<title>Extrema pobreza afeta 63 milh\u00f5es de latino-americanos<\/title>\n<meta name=\"description\" content=\"A CEPAL divulgou na ter\u00e7a-feira (15) que 10,2% da popula\u00e7\u00e3o, ou 184 milh\u00f5es da Am\u00e9rica Latina vive em extrema pobreza. Clique para saber mais\" \/>\n<meta name=\"robots\" content=\"index, follow, max-snippet:-1, max-image-preview:large, max-video-preview:-1\" \/>\n<link rel=\"canonical\" href=\"https:\/\/www.suno.com.br\/noticias\/pobreza-america-latina\/\" \/>\n<meta property=\"og:locale\" content=\"pt_BR\" \/>\n<meta property=\"og:type\" content=\"article\" \/>\n<meta property=\"og:title\" content=\"Extrema pobreza afeta 63 milh\u00f5es de latino-americanos\" \/>\n<meta property=\"og:description\" content=\"A CEPAL divulgou na ter\u00e7a-feira (15) que 10,2% da popula\u00e7\u00e3o, ou 184 milh\u00f5es da Am\u00e9rica Latina vive em extrema pobreza. Clique para saber mais\" \/>\n<meta property=\"og:url\" content=\"https:\/\/www.suno.com.br\/noticias\/pobreza-america-latina\/\" \/>\n<meta property=\"og:site_name\" content=\"Suno Not\u00edcias\" \/>\n<meta property=\"article:publisher\" content=\"https:\/\/facebook.com\/sunoresearch\" \/>\n<meta property=\"og:image\" content=\"https:\/\/files.sunoresearch.com.br\/n\/uploads\/2019\/01\/dbb204e8-pobreza.jpg\" \/>\n\t<meta property=\"og:image:width\" content=\"1024\" \/>\n\t<meta property=\"og:image:height\" content=\"681\" \/>\n\t<meta property=\"og:image:type\" content=\"image\/jpeg\" \/>\n<meta name=\"author\" content=\"Amanda Gushiken\" \/>\n<meta name=\"twitter:card\" content=\"summary_large_image\" \/>\n<meta name=\"twitter:creator\" content=\"@sunoresearch\" \/>\n<meta name=\"twitter:site\" content=\"@sunoresearch\" \/>\n<meta name=\"twitter:label1\" content=\"Escrito por\" \/>\n\t<meta name=\"twitter:data1\" content=\"Amanda Gushiken\" \/>\n\t<meta name=\"twitter:label2\" content=\"Est. tempo de leitura\" \/>\n\t<meta name=\"twitter:data2\" content=\"2 minutos\" \/>\n<script type=\"application\/ld+json\" class=\"yoast-schema-graph\">{\"@context\":\"https:\/\/schema.org\",\"@graph\":[{\"@type\":\"NewsArticle\",\"@id\":\"https:\/\/www.suno.com.br\/noticias\/pobreza-america-latina\/#article\",\"isPartOf\":{\"@id\":\"https:\/\/www.suno.com.br\/noticias\/pobreza-america-latina\/\"},\"author\":{\"name\":\"Amanda Gushiken\",\"@id\":\"https:\/\/www.suno.com.br\/noticias\/#\/schema\/person\/a5b06fa4e879d8e8e119c6ed3cd630d1\"},\"headline\":\"Extrema pobreza afeta 63 milh\u00f5es de latino-americanos\",\"datePublished\":\"2019-01-16T09:56:51+00:00\",\"dateModified\":\"2019-01-16T10:21:41+00:00\",\"mainEntityOfPage\":{\"@id\":\"https:\/\/www.suno.com.br\/noticias\/pobreza-america-latina\/\"},\"wordCount\":500,\"publisher\":{\"@id\":\"https:\/\/www.suno.com.br\/noticias\/#organization\"},\"image\":{\"@id\":\"https:\/\/www.suno.com.br\/noticias\/pobreza-america-latina\/#primaryimage\"},\"thumbnailUrl\":\"https:\/\/files.sunoresearch.com.br\/n\/uploads\/2019\/01\/dbb204e8-pobreza-jpg.webp\",\"keywords\":[\"Am\u00e9rica Latina\"],\"articleSection\":[\"Economia\"],\"inLanguage\":\"pt-BR\"},{\"@type\":\"WebPage\",\"@id\":\"https:\/\/www.suno.com.br\/noticias\/pobreza-america-latina\/\",\"url\":\"https:\/\/www.suno.com.br\/noticias\/pobreza-america-latina\/\",\"name\":\"Extrema pobreza afeta 63 milh\u00f5es de latino-americanos\",\"isPartOf\":{\"@id\":\"https:\/\/www.suno.com.br\/noticias\/#website\"},\"primaryImageOfPage\":{\"@id\":\"https:\/\/www.suno.com.br\/noticias\/pobreza-america-latina\/#primaryimage\"},\"image\":{\"@id\":\"https:\/\/www.suno.com.br\/noticias\/pobreza-america-latina\/#primaryimage\"},\"thumbnailUrl\":\"https:\/\/files.sunoresearch.com.br\/n\/uploads\/2019\/01\/dbb204e8-pobreza-jpg.webp\",\"datePublished\":\"2019-01-16T09:56:51+00:00\",\"dateModified\":\"2019-01-16T10:21:41+00:00\",\"description\":\"A CEPAL divulgou na ter\u00e7a-feira (15) que 10,2% da popula\u00e7\u00e3o, ou 184 milh\u00f5es da Am\u00e9rica Latina vive em extrema pobreza. Clique para saber mais\",\"breadcrumb\":{\"@id\":\"https:\/\/www.suno.com.br\/noticias\/pobreza-america-latina\/#breadcrumb\"},\"inLanguage\":\"pt-BR\",\"potentialAction\":[{\"@type\":\"ReadAction\",\"target\":[\"https:\/\/www.suno.com.br\/noticias\/pobreza-america-latina\/\"]}]},{\"@type\":\"ImageObject\",\"inLanguage\":\"pt-BR\",\"@id\":\"https:\/\/www.suno.com.br\/noticias\/pobreza-america-latina\/#primaryimage\",\"url\":\"https:\/\/files.sunoresearch.com.br\/n\/uploads\/2019\/01\/dbb204e8-pobreza-jpg.webp\",\"contentUrl\":\"https:\/\/files.sunoresearch.com.br\/n\/uploads\/2019\/01\/dbb204e8-pobreza-jpg.webp\",\"width\":1024,\"height\":681,\"caption\":\"Extrema pobreza atinge 10,2% da popula\u00e7\u00e3o latino-americana. (divulga\u00e7\u00e3o)\"},{\"@type\":\"BreadcrumbList\",\"@id\":\"https:\/\/www.suno.com.br\/noticias\/pobreza-america-latina\/#breadcrumb\",\"itemListElement\":[{\"@type\":\"ListItem\",\"position\":1,\"name\":\"Not\u00edcias\",\"item\":\"https:\/\/www.suno.com.br\/noticias\/\"},{\"@type\":\"ListItem\",\"position\":2,\"name\":\"Economia\",\"item\":\"https:\/\/www.suno.com.br\/noticias\/economia\/\"},{\"@type\":\"ListItem\",\"position\":3,\"name\":\"Extrema pobreza afeta 63 milh\u00f5es de latino-americanos\"}]},{\"@type\":\"WebSite\",\"@id\":\"https:\/\/www.suno.com.br\/noticias\/#website\",\"url\":\"https:\/\/www.suno.com.br\/noticias\/\",\"name\":\"Suno Not\u00edcias\",\"description\":\"Seu portal de informa\u00e7\u00e3o sobre o mundo dos investimentos\",\"publisher\":{\"@id\":\"https:\/\/www.suno.com.br\/noticias\/#organization\"},\"potentialAction\":[{\"@type\":\"SearchAction\",\"target\":{\"@type\":\"EntryPoint\",\"urlTemplate\":\"https:\/\/www.suno.com.br\/noticias\/?s={search_term_string}\"},\"query-input\":{\"@type\":\"PropertyValueSpecification\",\"valueRequired\":true,\"valueName\":\"search_term_string\"}}],\"inLanguage\":\"pt-BR\"},{\"@type\":\"Organization\",\"@id\":\"https:\/\/www.suno.com.br\/noticias\/#organization\",\"name\":\"Suno Not\u00edcias\",\"url\":\"https:\/\/www.suno.com.br\/noticias\/\",\"logo\":{\"@type\":\"ImageObject\",\"inLanguage\":\"pt-BR\",\"@id\":\"https:\/\/www.suno.com.br\/noticias\/#\/schema\/logo\/image\/\",\"url\":\"https:\/\/files.sunoresearch.com.br\/n\/uploads\/2021\/09\/suno-logo.png\",\"contentUrl\":\"https:\/\/files.sunoresearch.com.br\/n\/uploads\/2021\/09\/suno-logo.png\",\"width\":180,\"height\":180,\"caption\":\"Suno Not\u00edcias\"},\"image\":{\"@id\":\"https:\/\/www.suno.com.br\/noticias\/#\/schema\/logo\/image\/\"},\"sameAs\":[\"https:\/\/facebook.com\/sunoresearch\",\"https:\/\/x.com\/sunoresearch\",\"https:\/\/www.instagram.com\/suno\",\"https:\/\/www.linkedin.com\/company\/suno-research\/\",\"https:\/\/www.youtube.com\/c\/sunoresearch\"]},{\"@type\":\"Person\",\"@id\":\"https:\/\/www.suno.com.br\/noticias\/#\/schema\/person\/a5b06fa4e879d8e8e119c6ed3cd630d1\",\"name\":\"Amanda Gushiken\",\"image\":{\"@type\":\"ImageObject\",\"inLanguage\":\"pt-BR\",\"@id\":\"https:\/\/www.suno.com.br\/noticias\/#\/schema\/person\/image\/\",\"url\":\"https:\/\/secure.gravatar.com\/avatar\/ecd84705e6b65e3685ae80d725501fbe?s=96&r=g\",\"contentUrl\":\"https:\/\/secure.gravatar.com\/avatar\/ecd84705e6b65e3685ae80d725501fbe?s=96&r=g\",\"caption\":\"Amanda Gushiken\"},\"description\":\"Amanda Sayuri Gushiken escreve sobre finan\u00e7as e neg\u00f3cios para o portal Suno Not\u00edcias. Antes, trabalhou selecionando not\u00edcias da imprensa para clientes do mercado financeiro. Tamb\u00e9m desenvolveu pesquisa acad\u00eamica pela Universidade Anhembi Morumbi na \u00e1rea de Teorias da Comunica\u00e7\u00e3o e \u00e9 fot\u00f3grafa nas horas vagas.\",\"url\":\"https:\/\/www.suno.com.br\/noticias\/author\/amanda\/\"}]}<\/script>\n<!-- \/ Yoast SEO plugin. -->","yoast_head_json":{"title":"Extrema pobreza afeta 63 milh\u00f5es de latino-americanos","description":"A CEPAL divulgou na ter\u00e7a-feira (15) que 10,2% da popula\u00e7\u00e3o, ou 184 milh\u00f5es da Am\u00e9rica Latina vive em extrema pobreza. Clique para saber mais","robots":{"index":"index","follow":"follow","max-snippet":"max-snippet:-1","max-image-preview":"max-image-preview:large","max-video-preview":"max-video-preview:-1"},"canonical":"https:\/\/www.suno.com.br\/noticias\/pobreza-america-latina\/","og_locale":"pt_BR","og_type":"article","og_title":"Extrema pobreza afeta 63 milh\u00f5es de latino-americanos","og_description":"A CEPAL divulgou na ter\u00e7a-feira (15) que 10,2% da popula\u00e7\u00e3o, ou 184 milh\u00f5es da Am\u00e9rica Latina vive em extrema pobreza. Clique para saber mais","og_url":"https:\/\/www.suno.com.br\/noticias\/pobreza-america-latina\/","og_site_name":"Suno Not\u00edcias","article_publisher":"https:\/\/facebook.com\/sunoresearch","og_image":[{"width":1024,"height":681,"url":"https:\/\/files.sunoresearch.com.br\/n\/uploads\/2019\/01\/dbb204e8-pobreza.jpg","type":"image\/jpeg"}],"author":"Amanda Gushiken","twitter_card":"summary_large_image","twitter_creator":"@sunoresearch","twitter_site":"@sunoresearch","twitter_misc":{"Escrito por":"Amanda Gushiken","Est. tempo de leitura":"2 minutos"},"schema":{"@context":"https:\/\/schema.org","@graph":[{"@type":"NewsArticle","@id":"https:\/\/www.suno.com.br\/noticias\/pobreza-america-latina\/#article","isPartOf":{"@id":"https:\/\/www.suno.com.br\/noticias\/pobreza-america-latina\/"},"author":{"name":"Amanda Gushiken","@id":"https:\/\/www.suno.com.br\/noticias\/#\/schema\/person\/a5b06fa4e879d8e8e119c6ed3cd630d1"},"headline":"Extrema pobreza afeta 63 milh\u00f5es de latino-americanos","datePublished":"2019-01-16T09:56:51+00:00","dateModified":"2019-01-16T10:21:41+00:00","mainEntityOfPage":{"@id":"https:\/\/www.suno.com.br\/noticias\/pobreza-america-latina\/"},"wordCount":500,"publisher":{"@id":"https:\/\/www.suno.com.br\/noticias\/#organization"},"image":{"@id":"https:\/\/www.suno.com.br\/noticias\/pobreza-america-latina\/#primaryimage"},"thumbnailUrl":"https:\/\/files.sunoresearch.com.br\/n\/uploads\/2019\/01\/dbb204e8-pobreza-jpg.webp","keywords":["Am\u00e9rica Latina"],"articleSection":["Economia"],"inLanguage":"pt-BR"},{"@type":"WebPage","@id":"https:\/\/www.suno.com.br\/noticias\/pobreza-america-latina\/","url":"https:\/\/www.suno.com.br\/noticias\/pobreza-america-latina\/","name":"Extrema pobreza afeta 63 milh\u00f5es de latino-americanos","isPartOf":{"@id":"https:\/\/www.suno.com.br\/noticias\/#website"},"primaryImageOfPage":{"@id":"https:\/\/www.suno.com.br\/noticias\/pobreza-america-latina\/#primaryimage"},"image":{"@id":"https:\/\/www.suno.com.br\/noticias\/pobreza-america-latina\/#primaryimage"},"thumbnailUrl":"https:\/\/files.sunoresearch.com.br\/n\/uploads\/2019\/01\/dbb204e8-pobreza-jpg.webp","datePublished":"2019-01-16T09:56:51+00:00","dateModified":"2019-01-16T10:21:41+00:00","description":"A CEPAL divulgou na ter\u00e7a-feira (15) que 10,2% da popula\u00e7\u00e3o, ou 184 milh\u00f5es da Am\u00e9rica Latina vive em extrema pobreza. Clique para saber mais","breadcrumb":{"@id":"https:\/\/www.suno.com.br\/noticias\/pobreza-america-latina\/#breadcrumb"},"inLanguage":"pt-BR","potentialAction":[{"@type":"ReadAction","target":["https:\/\/www.suno.com.br\/noticias\/pobreza-america-latina\/"]}]},{"@type":"ImageObject","inLanguage":"pt-BR","@id":"https:\/\/www.suno.com.br\/noticias\/pobreza-america-latina\/#primaryimage","url":"https:\/\/files.sunoresearch.com.br\/n\/uploads\/2019\/01\/dbb204e8-pobreza-jpg.webp","contentUrl":"https:\/\/files.sunoresearch.com.br\/n\/uploads\/2019\/01\/dbb204e8-pobreza-jpg.webp","width":1024,"height":681,"caption":"Extrema pobreza atinge 10,2% da popula\u00e7\u00e3o latino-americana. (divulga\u00e7\u00e3o)"},{"@type":"BreadcrumbList","@id":"https:\/\/www.suno.com.br\/noticias\/pobreza-america-latina\/#breadcrumb","itemListElement":[{"@type":"ListItem","position":1,"name":"Not\u00edcias","item":"https:\/\/www.suno.com.br\/noticias\/"},{"@type":"ListItem","position":2,"name":"Economia","item":"https:\/\/www.suno.com.br\/noticias\/economia\/"},{"@type":"ListItem","position":3,"name":"Extrema pobreza afeta 63 milh\u00f5es de latino-americanos"}]},{"@type":"WebSite","@id":"https:\/\/www.suno.com.br\/noticias\/#website","url":"https:\/\/www.suno.com.br\/noticias\/","name":"Suno Not\u00edcias","description":"Seu portal de informa\u00e7\u00e3o sobre o mundo dos investimentos","publisher":{"@id":"https:\/\/www.suno.com.br\/noticias\/#organization"},"potentialAction":[{"@type":"SearchAction","target":{"@type":"EntryPoint","urlTemplate":"https:\/\/www.suno.com.br\/noticias\/?s={search_term_string}"},"query-input":{"@type":"PropertyValueSpecification","valueRequired":true,"valueName":"search_term_string"}}],"inLanguage":"pt-BR"},{"@type":"Organization","@id":"https:\/\/www.suno.com.br\/noticias\/#organization","name":"Suno Not\u00edcias","url":"https:\/\/www.suno.com.br\/noticias\/","logo":{"@type":"ImageObject","inLanguage":"pt-BR","@id":"https:\/\/www.suno.com.br\/noticias\/#\/schema\/logo\/image\/","url":"https:\/\/files.sunoresearch.com.br\/n\/uploads\/2021\/09\/suno-logo.png","contentUrl":"https:\/\/files.sunoresearch.com.br\/n\/uploads\/2021\/09\/suno-logo.png","width":180,"height":180,"caption":"Suno Not\u00edcias"},"image":{"@id":"https:\/\/www.suno.com.br\/noticias\/#\/schema\/logo\/image\/"},"sameAs":["https:\/\/facebook.com\/sunoresearch","https:\/\/x.com\/sunoresearch","https:\/\/www.instagram.com\/suno","https:\/\/www.linkedin.com\/company\/suno-research\/","https:\/\/www.youtube.com\/c\/sunoresearch"]},{"@type":"Person","@id":"https:\/\/www.suno.com.br\/noticias\/#\/schema\/person\/a5b06fa4e879d8e8e119c6ed3cd630d1","name":"Amanda Gushiken","image":{"@type":"ImageObject","inLanguage":"pt-BR","@id":"https:\/\/www.suno.com.br\/noticias\/#\/schema\/person\/image\/","url":"https:\/\/secure.gravatar.com\/avatar\/ecd84705e6b65e3685ae80d725501fbe?s=96&r=g","contentUrl":"https:\/\/secure.gravatar.com\/avatar\/ecd84705e6b65e3685ae80d725501fbe?s=96&r=g","caption":"Amanda Gushiken"},"description":"Amanda Sayuri Gushiken escreve sobre finan\u00e7as e neg\u00f3cios para o portal Suno Not\u00edcias. Antes, trabalhou selecionando not\u00edcias da imprensa para clientes do mercado financeiro. Tamb\u00e9m desenvolveu pesquisa acad\u00eamica pela Universidade Anhembi Morumbi na \u00e1rea de Teorias da Comunica\u00e7\u00e3o e \u00e9 fot\u00f3grafa nas horas vagas.","url":"https:\/\/www.suno.com.br\/noticias\/author\/amanda\/"}]}},"default_loop_html":"<div class=\"cardsPage__listCard__boxs\"><div class=\"cardsPage__listCard__boxs__img\"><a href=\"https:\/\/www.suno.com.br\/noticias\/pobreza-america-latina\/\"><img class=\"mask\" src=\"https:\/\/www.suno.com.br\/noticias\/wp-content\/themes\/suno\/resources\/images\/spotlight\/spotlight1img\/bg-mask.png\" alt=\"Image Mask\"\/><img src=\"https:\/\/files.sunoresearch.com.br\/n\/uploads\/2019\/01\/dbb204e8-pobreza-400x200.webp\" alt=\"Extrema pobreza afeta 63 milh\u00f5es de latino-americanos\"\/><\/a><span class=\"spotlightCategory\"><a href=\"https:\/\/www.suno.com.br\/noticias\/economia\/\">Economia<\/a><\/span><\/div><div class=\"cardsPage__listCard__boxs__content\"><a href=\"https:\/\/www.suno.com.br\/noticias\/pobreza-america-latina\/\"><h2 class=\"content__title\">Extrema pobreza afeta 63 milh\u00f5es de latino-americanos<\/h2><\/a><div class=\"newsContent__article__meta\"><div class=\"newsContent__article__meta__authorBox\"><a href=\"https:\/\/www.suno.com.br\/noticias\/author\/amanda\/\" class=\"authorBox__avatar noMobi\"><img src=\"https:\/\/files.sunoresearch.com.br\/n\/uploads\/2018\/11\/c6ad30be-amanda-150x150.webp\" alt=\"Amanda Gushiken\"><\/a><div class=\"authorBox__name\"><span>por\n\t\t\t<a href=\"https:\/\/www.suno.com.br\/noticias\/author\/amanda\/\"><span itemprop=\"author\">Amanda Gushiken<\/span><\/a><\/span><time datetime=\"2019-01-16T07:56:51-02:00\" itemprop=\"datePublished\">16\/01\/2019 07:56<\/time><\/div><\/div><\/div><\/div><\/div>","single_layout":"posts","amp_enabled":true,"_links":{"self":[{"href":"https:\/\/www.suno.com.br\/noticias\/wp-json\/wp\/v2\/posts\/11840"}],"collection":[{"href":"https:\/\/www.suno.com.br\/noticias\/wp-json\/wp\/v2\/posts"}],"about":[{"href":"https:\/\/www.suno.com.br\/noticias\/wp-json\/wp\/v2\/types\/post"}],"author":[{"embeddable":true,"href":"https:\/\/www.suno.com.br\/noticias\/wp-json\/wp\/v2\/users\/12"}],"replies":[{"embeddable":true,"href":"https:\/\/www.suno.com.br\/noticias\/wp-json\/wp\/v2\/comments?post=11840"}],"version-history":[{"count":0,"href":"https:\/\/www.suno.com.br\/noticias\/wp-json\/wp\/v2\/posts\/11840\/revisions"}],"wp:featuredmedia":[{"embeddable":true,"href":"https:\/\/www.suno.com.br\/noticias\/wp-json\/wp\/v2\/media\/11841"}],"wp:attachment":[{"href":"https:\/\/www.suno.com.br\/noticias\/wp-json\/wp\/v2\/media?parent=11840"}],"wp:term":[{"taxonomy":"category","embeddable":true,"href":"https:\/\/www.suno.com.br\/noticias\/wp-json\/wp\/v2\/categories?post=11840"},{"taxonomy":"post_tag","embeddable":true,"href":"https:\/\/www.suno.com.br\/noticias\/wp-json\/wp\/v2\/tags?post=11840"},{"taxonomy":"suno_strategy","embeddable":true,"href":"https:\/\/www.suno.com.br\/noticias\/wp-json\/wp\/v2\/suno_strategy?post=11840"}],"curies":[{"name":"wp","href":"https:\/\/api.w.org\/{rel}","templated":true}]}}