{"id":118367,"date":"2021-02-03T09:32:15","date_gmt":"2021-02-03T12:32:15","guid":{"rendered":"https:\/\/www.suno.com.br\/noticias\/?p=118367"},"modified":"2021-02-03T18:45:45","modified_gmt":"2021-02-03T21:45:45","slug":"taurus-tasa4-memorando-comercial-imbel","status":"publish","type":"post","link":"https:\/\/www.suno.com.br\/noticias\/taurus-tasa4-memorando-comercial-imbel\/","title":{"rendered":"Taurus (TASA4) fecha memorando de bases comerciais com IMBEL"},"content":{"rendered":"<p>A <a href=\"https:\/\/www.suno.com.br\/acoes\/tasa4\/\"><strong>Taurus<\/strong> (TASA4)<\/a> informou, na manh\u00e3 desta quarta-feira (3), que fechou um memorando de entendimentos n\u00e3o vinculativos com o intuito de estabelecer bases t\u00e9cnicas e comerciais com a IMBEL, empresa brasileira creditada pelo Minist\u00e9rio da Defesa como a primeira Empresa Estrat\u00e9gica de Defesa (EED).<\/p>\t<div class=\"wrapper-featured-image\">\n\t\t<figure class=\"spotlightImg\">\n\n\t\t\t<picture>\n\t\t\t\t<source media=\"(max-width: 768px)\" srcset=\"https:\/\/files.sunoresearch.com.br\/n\/uploads\/2021\/02\/82284216-taurus-site-400x200.webp\">\n\t\t\t\t<img loading=\"lazy\" decoding=\"async\" class=\"newsContent__article__imgCapa lazyloadDisabled \" src=\"https:\/\/files.sunoresearch.com.br\/n\/uploads\/2021\/02\/82284216-taurus-site-800x450.webp\" width=\"800\" height=\"450\" alt=\"Taurus (TASA4) fecha memorando de bases comerciais com IMBEL\" fetchpriority=high \/>\n\t\t\t<\/picture>\n\n\t\t\t<figcaption class=\"wp-caption-text wp-caption-text--show\">Taurus (TASA4).<\/figcaption>\n\t\t<\/figure>\n\t<\/div>\n\n\n\t<p>\n\t\t<a href=\"https:\/\/lp.suno.com.br\/ebook-como-analisar-uma-acao\/\" target=\"_blank\" data-element=\"shortcode-suno-banner\" title=\"Banner SUNO, clique e saiba mais\">\n\t\t\t<picture>\n\t\t\t\t<source media=\"(max-width: 500px)\" srcset=\"https:\/\/files.sunoresearch.com.br\/n\/uploads\/2023\/03\/Ebook-Acoes-Mobile.jpg\">\n\t\t\t\t<img class=\"newsContent__article__imgCapa newsContent__article__imgCapa--banner\"\n\t\t\t\t\tsrc=\"https:\/\/files.sunoresearch.com.br\/n\/uploads\/2023\/03\/Ebook-Acoes-Desktop.jpg\"\n\t\t\t\t\tdata-promo-id=\"378302\"\t\t\t\t\t\t\t\t\t\twidth='1420' height='286'\t\t\t\t\talt=\"https:\/\/files.sunoresearch.com.br\/n\/uploads\/2023\/03\/Ebook-Acoes-Desktop.jpg\"\n\t\t\t\t>\n\t\t\t<\/picture>\n\t\t<\/a>\n\t<\/p>\n\n\n<p>Segundo o <a href=\"https:\/\/www.suno.com.br\/artigos\/fato-relevante\/\">fato relevante<\/a>, o memorando tem por objetivo determinar entre as bases t\u00e9cninas e comerciais iniciais para a celebra\u00e7\u00e3o de poss\u00edveis instrumentos espec\u00edficos no futuro. Segundo a Taurus, contudo, os termos e condi\u00e7\u00f5es de execu\u00e7\u00e3o do neg\u00f3cio ainda n\u00e3o foram definidos.<\/p>\n<p><iframe loading=\"lazy\" title=\"\ud83d\udd34Privatiza\u00e7\u00e3o da Eletrobras (ELET3) \u00e9 prioridade, Vale (VALE3) confirma avan\u00e7o de negocia\u00e7\u00f5es\" width=\"1080\" height=\"608\" src=\"https:\/\/www.youtube.com\/embed\/1de3Hg6Blwk?feature=oembed&#038;enablejsapi=1&#038;origin=https:\/\/www.suno.com.br\" frameborder=\"0\" allow=\"accelerometer; autoplay; clipboard-write; encrypted-media; gyroscope; picture-in-picture\" allowfullscreen><\/iframe><\/p>\n<p>A entendimento entre as companhias visa a &#8220;poss\u00edvel contrata\u00e7\u00e3o de servi\u00e7os de industrializa\u00e7\u00e3o por encomenda (IPE) de produtos e servi\u00e7os de portf\u00f3lio da <strong>IMBEL<\/strong>, e implanta\u00e7\u00e3o e opera\u00e7\u00e3o, em conjunto, ou isoladamente, de um \u00d3rg\u00e3o de Acredita\u00e7\u00e3o e Certifica\u00e7\u00e3o&#8221;.<\/p>\n<p><a href=\"https:\/\/lp.suno.com.br\/suno-one\/\"><span style=\"font-weight: 400;\">Suno One: acesse gratuitamente eBooks, Minicursos, Artigos e V\u00eddeo Aulas sobre investimentos com um \u00fanico cadastro. Clique para saber mais!<\/span><\/a><\/p>\n<p>Al\u00e9m disso, o memorando abre caminho para a &#8220;<strong>pesquisa e desenvolvimento<\/strong> e produ\u00e7\u00e3o de novos produtos; e, ainda, a comercializa\u00e7\u00e3o conjunta de produtos e servi\u00e7os de ambas as empresas&#8221;, diz o comunicado da companhia ao mercado.<\/p>\n<p>O prazo inicial do memorando assinado ser\u00e1 de cinco anos, podendo ser prorrogado por mais cinco ano. Para que o entendimento seja renovado, dever\u00e1 ser formalizado mediante a um aditivo contratual entre a Taurus e a IMBEL.<\/p>\n\t<p>\n\t\t<a href=\"https:\/\/lp.suno.com.br\/planilha-controle-gastos\/\" target=\"_blank\" data-element=\"shortcode-suno-banner\" title=\"Banner SUNO, clique e saiba mais\">\n\t\t\t<picture>\n\t\t\t\t<source media=\"(max-width: 500px)\" srcset=\"https:\/\/files.sunoresearch.com.br\/n\/uploads\/2023\/03\/400x300-Planilha-controle-de-gastos.png\">\n\t\t\t\t<img class=\"newsContent__article__imgCapa newsContent__article__imgCapa--banner\"\n\t\t\t\t\tsrc=\"https:\/\/files.sunoresearch.com.br\/n\/uploads\/2023\/03\/1420x240-Planilha-controle-de-gastos.png\"\n\t\t\t\t\tdata-promo-id=\"101751\"\t\t\t\t\t\t\t\t\t\twidth='1420' height='240'\t\t\t\t\talt=\"https:\/\/files.sunoresearch.com.br\/n\/uploads\/2023\/03\/1420x240-Planilha-controle-de-gastos.png\"\n\t\t\t\t>\n\t\t\t<\/picture>\n\t\t<\/a>\n\t<\/p>\n\n\n<p>&#8220;A celebra\u00e7\u00e3o desse Memorando de Entendimentos \u00e9 mais um importante passo no processo da Taurus no desenvolvimento de <a href=\"https:\/\/www.suno.com.br\/artigos\/dominio-da-tecnologia\/\"><strong>tecnologia<\/strong><\/a>, principalmente, quando envolve duas <strong>Empresas Estrat\u00e9gicas de Defesa (EED)<\/strong>&#8220;, afirmou a empresa, que se comprometeu em manter o mercado e os investidores devidamente informados sobre o andamento do neg\u00f3cio.<\/p>\n<h2>Taurus efetuar\u00e1 troca de 704 pistolas da Pol\u00edcia Civil de Goi\u00e1s<\/h2>\n<p>A Procuradoria-Geral do Estado de Goi\u00e1s (PGE) informou, na \u00faltima segunda-feira (1), que fechou um acordou com a Taurus, o qual foi homologado pela Justi\u00e7a, que far\u00e1 com que a empresa forne\u00e7a 704 novas pistolas \u00e0 Pol\u00edcia Civil.<\/p>\n\t<div data-element=\"shortcode-read-more\" class=\"knowMore\">\n\t\t\t\t<span class=\"knowMore__title\">Leia tamb\u00e9m<\/span>\n\t\t\t\t<a class=\"knowMore__link\" href=\"https:\/\/www.suno.com.br\/noticias\/taurus-tasa4-cai-zero-de-imposto-sobre-armas\/\">\n\t\t\tImposto sobre importa\u00e7\u00e3o de arma volta; medida afetava Taurus (TASA4)\t\t<\/a>\n\t<\/div>\n\n\n<p>O processo para a troca dos itens come\u00e7ou em 2017, quando policiais passaram a relatar problemas com o <strong>armamento<\/strong>.<\/p>\n<p>Em comunicado, a Pol\u00edcia Civil de Goi\u00e1s disse que &#8220;a Comiss\u00e3o de Armamentos e Produtos Controlados da Pol\u00edcia Civil tomar\u00e1 conhecimento dos exatos termos do acordo firmado, e, nos respectivos limites, e visando ao atendimento das necessidades institucionais, far\u00e1 as op\u00e7\u00f5es t\u00e9cnicas a ela cab\u00edveis&#8221;.<\/p>\n<p>Segundo o procurador respons\u00e1vel pelo caso, Frederico Pinheiro, as armas da <a href=\"https:\/\/www.youtube.com\/watch?v=fbTJ44gegkw\"><strong>Taurus<\/strong><\/a> do mesmo lote das que apresentaram os problemas foram retiradas de circula\u00e7\u00e3o e est\u00e3o guardadas. Est\u00e3o sendo usadas pistolas de modelos antigos.<\/p>\n\t<p>\n\t\t<a href=\"https:\/\/lp.suno.com.br\/planilha-de-controle-de-investimentos\/\" target=\"_blank\" data-element=\"shortcode-suno-banner\" title=\"Banner SUNO, clique e saiba mais\">\n\t\t\t<picture>\n\t\t\t\t<source media=\"(max-width: 500px)\" srcset=\"https:\/\/files.sunoresearch.com.br\/n\/uploads\/2023\/03\/400x300-Controle-de-Investimentos.png\">\n\t\t\t\t<img class=\"newsContent__article__imgCapa newsContent__article__imgCapa--banner\"\n\t\t\t\t\tsrc=\"https:\/\/files.sunoresearch.com.br\/n\/uploads\/2023\/03\/1420x240-Controle-de-Investimentos.png\"\n\t\t\t\t\tdata-promo-id=\"75934\"\t\t\t\t\t\t\t\t\t\twidth='1420' height='240'\t\t\t\t\talt=\"https:\/\/files.sunoresearch.com.br\/n\/uploads\/2023\/03\/1420x240-Controle-de-Investimentos.png\"\n\t\t\t\t>\n\t\t\t<\/picture>\n\t\t<\/a>\n\t<\/p>\n\n\n","protected":false},"excerpt":{"rendered":"<p>A Taurus (TASA4) informou, na manh\u00e3 desta quarta-feira (3), que fechou um memorando de entendimentos n\u00e3o vinculativos com o intuito de estabelecer bases t\u00e9cnicas e comerciais com a IMBEL, empresa brasileira creditada pelo Minist\u00e9rio da Defesa como a primeira Empresa Estrat\u00e9gica de Defesa (EED). Taurus (TASA4). Segundo o fato relevante, o memorando tem por objetivo [&hellip;]<\/p>\n","protected":false},"author":24,"featured_media":118368,"comment_status":"closed","ping_status":"closed","sticky":false,"template":"","format":"standard","meta":[],"categories":[64],"tags":[2213],"suno_strategy":[],"class_list":["post-118367","post","type-post","status-publish","format-standard","has-post-thumbnail","hentry","category-negocios","tag-taurus-armas-tasa3-tasa4"],"yoast_head":"<!-- This site is optimized with the Yoast SEO plugin v24.4 - https:\/\/yoast.com\/wordpress\/plugins\/seo\/ -->\n<title>Taurus (TASA4) fecha memorando de bases comerciais com IMBEL<\/title>\n<meta name=\"description\" content=\"A Taurus (TASA4) informou que fechou um memorando de entendimentos n\u00e3o vinculativos com a IMBEL. Clique aqui e saiba mais.\" \/>\n<meta name=\"robots\" content=\"index, follow, max-snippet:-1, max-image-preview:large, max-video-preview:-1\" \/>\n<link rel=\"canonical\" href=\"https:\/\/www.suno.com.br\/noticias\/taurus-tasa4-memorando-comercial-imbel\/\" \/>\n<meta property=\"og:locale\" content=\"pt_BR\" \/>\n<meta property=\"og:type\" content=\"article\" \/>\n<meta property=\"og:title\" content=\"Taurus (TASA4) fecha memorando de bases comerciais com IMBEL\" \/>\n<meta property=\"og:description\" content=\"A Taurus (TASA4) informou que fechou um memorando de entendimentos n\u00e3o vinculativos com a IMBEL. Clique aqui e saiba mais.\" \/>\n<meta property=\"og:url\" content=\"https:\/\/www.suno.com.br\/noticias\/taurus-tasa4-memorando-comercial-imbel\/\" \/>\n<meta property=\"og:site_name\" content=\"Suno Not\u00edcias\" \/>\n<meta property=\"article:publisher\" content=\"https:\/\/facebook.com\/sunoresearch\" \/>\n<meta property=\"og:image\" content=\"https:\/\/files.sunoresearch.com.br\/n\/uploads\/2021\/02\/82284216-taurus-site.jpg\" \/>\n\t<meta property=\"og:image:width\" content=\"1200\" \/>\n\t<meta property=\"og:image:height\" content=\"800\" \/>\n\t<meta property=\"og:image:type\" content=\"image\/jpeg\" \/>\n<meta name=\"author\" content=\"Jader Lazarini\" \/>\n<meta name=\"twitter:card\" content=\"summary_large_image\" \/>\n<meta name=\"twitter:creator\" content=\"@sunoresearch\" \/>\n<meta name=\"twitter:site\" content=\"@sunoresearch\" \/>\n<meta name=\"twitter:label1\" content=\"Escrito por\" \/>\n\t<meta name=\"twitter:data1\" content=\"Jader Lazarini\" \/>\n\t<meta name=\"twitter:label2\" content=\"Est. tempo de leitura\" \/>\n\t<meta name=\"twitter:data2\" content=\"2 minutos\" \/>\n<script type=\"application\/ld+json\" class=\"yoast-schema-graph\">{\"@context\":\"https:\/\/schema.org\",\"@graph\":[{\"@type\":\"NewsArticle\",\"@id\":\"https:\/\/www.suno.com.br\/noticias\/taurus-tasa4-memorando-comercial-imbel\/#article\",\"isPartOf\":{\"@id\":\"https:\/\/www.suno.com.br\/noticias\/taurus-tasa4-memorando-comercial-imbel\/\"},\"author\":{\"name\":\"Jader Lazarini\",\"@id\":\"https:\/\/www.suno.com.br\/noticias\/#\/schema\/person\/918d79de1f0281f01599b93f9ea6e23f\"},\"headline\":\"Taurus (TASA4) fecha memorando de bases comerciais com IMBEL\",\"datePublished\":\"2021-02-03T12:32:15+00:00\",\"dateModified\":\"2021-02-03T21:45:45+00:00\",\"mainEntityOfPage\":{\"@id\":\"https:\/\/www.suno.com.br\/noticias\/taurus-tasa4-memorando-comercial-imbel\/\"},\"wordCount\":490,\"publisher\":{\"@id\":\"https:\/\/www.suno.com.br\/noticias\/#organization\"},\"image\":{\"@id\":\"https:\/\/www.suno.com.br\/noticias\/taurus-tasa4-memorando-comercial-imbel\/#primaryimage\"},\"thumbnailUrl\":\"https:\/\/files.sunoresearch.com.br\/n\/uploads\/2021\/02\/82284216-taurus-site-jpg.webp\",\"keywords\":[\"Taurus Armas (TASA3\/TASA4)\"],\"articleSection\":[\"Neg\u00f3cios\"],\"inLanguage\":\"pt-BR\"},{\"@type\":\"WebPage\",\"@id\":\"https:\/\/www.suno.com.br\/noticias\/taurus-tasa4-memorando-comercial-imbel\/\",\"url\":\"https:\/\/www.suno.com.br\/noticias\/taurus-tasa4-memorando-comercial-imbel\/\",\"name\":\"Taurus (TASA4) fecha memorando de bases comerciais com IMBEL\",\"isPartOf\":{\"@id\":\"https:\/\/www.suno.com.br\/noticias\/#website\"},\"primaryImageOfPage\":{\"@id\":\"https:\/\/www.suno.com.br\/noticias\/taurus-tasa4-memorando-comercial-imbel\/#primaryimage\"},\"image\":{\"@id\":\"https:\/\/www.suno.com.br\/noticias\/taurus-tasa4-memorando-comercial-imbel\/#primaryimage\"},\"thumbnailUrl\":\"https:\/\/files.sunoresearch.com.br\/n\/uploads\/2021\/02\/82284216-taurus-site-jpg.webp\",\"datePublished\":\"2021-02-03T12:32:15+00:00\",\"dateModified\":\"2021-02-03T21:45:45+00:00\",\"description\":\"A Taurus (TASA4) informou que fechou um memorando de entendimentos n\u00e3o vinculativos com a IMBEL. Clique aqui e saiba mais.\",\"breadcrumb\":{\"@id\":\"https:\/\/www.suno.com.br\/noticias\/taurus-tasa4-memorando-comercial-imbel\/#breadcrumb\"},\"inLanguage\":\"pt-BR\",\"potentialAction\":[{\"@type\":\"ReadAction\",\"target\":[\"https:\/\/www.suno.com.br\/noticias\/taurus-tasa4-memorando-comercial-imbel\/\"]}]},{\"@type\":\"ImageObject\",\"inLanguage\":\"pt-BR\",\"@id\":\"https:\/\/www.suno.com.br\/noticias\/taurus-tasa4-memorando-comercial-imbel\/#primaryimage\",\"url\":\"https:\/\/files.sunoresearch.com.br\/n\/uploads\/2021\/02\/82284216-taurus-site-jpg.webp\",\"contentUrl\":\"https:\/\/files.sunoresearch.com.br\/n\/uploads\/2021\/02\/82284216-taurus-site-jpg.webp\",\"width\":1200,\"height\":800,\"caption\":\"Taurus (TASA4).\"},{\"@type\":\"BreadcrumbList\",\"@id\":\"https:\/\/www.suno.com.br\/noticias\/taurus-tasa4-memorando-comercial-imbel\/#breadcrumb\",\"itemListElement\":[{\"@type\":\"ListItem\",\"position\":1,\"name\":\"Not\u00edcias\",\"item\":\"https:\/\/www.suno.com.br\/noticias\/\"},{\"@type\":\"ListItem\",\"position\":2,\"name\":\"Neg\u00f3cios\",\"item\":\"https:\/\/www.suno.com.br\/noticias\/negocios\/\"},{\"@type\":\"ListItem\",\"position\":3,\"name\":\"Taurus (TASA4) fecha memorando de bases comerciais com IMBEL\"}]},{\"@type\":\"WebSite\",\"@id\":\"https:\/\/www.suno.com.br\/noticias\/#website\",\"url\":\"https:\/\/www.suno.com.br\/noticias\/\",\"name\":\"Suno Not\u00edcias\",\"description\":\"Seu portal de informa\u00e7\u00e3o sobre o mundo dos investimentos\",\"publisher\":{\"@id\":\"https:\/\/www.suno.com.br\/noticias\/#organization\"},\"potentialAction\":[{\"@type\":\"SearchAction\",\"target\":{\"@type\":\"EntryPoint\",\"urlTemplate\":\"https:\/\/www.suno.com.br\/noticias\/?s={search_term_string}\"},\"query-input\":{\"@type\":\"PropertyValueSpecification\",\"valueRequired\":true,\"valueName\":\"search_term_string\"}}],\"inLanguage\":\"pt-BR\"},{\"@type\":\"Organization\",\"@id\":\"https:\/\/www.suno.com.br\/noticias\/#organization\",\"name\":\"Suno Not\u00edcias\",\"url\":\"https:\/\/www.suno.com.br\/noticias\/\",\"logo\":{\"@type\":\"ImageObject\",\"inLanguage\":\"pt-BR\",\"@id\":\"https:\/\/www.suno.com.br\/noticias\/#\/schema\/logo\/image\/\",\"url\":\"https:\/\/files.sunoresearch.com.br\/n\/uploads\/2021\/09\/suno-logo.png\",\"contentUrl\":\"https:\/\/files.sunoresearch.com.br\/n\/uploads\/2021\/09\/suno-logo.png\",\"width\":180,\"height\":180,\"caption\":\"Suno Not\u00edcias\"},\"image\":{\"@id\":\"https:\/\/www.suno.com.br\/noticias\/#\/schema\/logo\/image\/\"},\"sameAs\":[\"https:\/\/facebook.com\/sunoresearch\",\"https:\/\/x.com\/sunoresearch\",\"https:\/\/www.instagram.com\/suno\",\"https:\/\/www.linkedin.com\/company\/suno-research\/\",\"https:\/\/www.youtube.com\/c\/sunoresearch\"]},{\"@type\":\"Person\",\"@id\":\"https:\/\/www.suno.com.br\/noticias\/#\/schema\/person\/918d79de1f0281f01599b93f9ea6e23f\",\"name\":\"Jader Lazarini\",\"image\":{\"@type\":\"ImageObject\",\"inLanguage\":\"pt-BR\",\"@id\":\"https:\/\/www.suno.com.br\/noticias\/#\/schema\/person\/image\/\",\"url\":\"https:\/\/secure.gravatar.com\/avatar\/3c1ad8caa51589841baeb923fcddea97?s=96&r=g\",\"contentUrl\":\"https:\/\/secure.gravatar.com\/avatar\/3c1ad8caa51589841baeb923fcddea97?s=96&r=g\",\"caption\":\"Jader Lazarini\"},\"description\":\"Jader Lazarini escreve sobre investimentos, finan\u00e7as, economia e neg\u00f3cios. \u00c9 bacharel em Rela\u00e7\u00f5es Internacionais e analista CNPI (2619).\",\"url\":\"https:\/\/www.suno.com.br\/noticias\/author\/jader-lazarini\/\"}]}<\/script>\n<!-- \/ Yoast SEO plugin. -->","yoast_head_json":{"title":"Taurus (TASA4) fecha memorando de bases comerciais com IMBEL","description":"A Taurus (TASA4) informou que fechou um memorando de entendimentos n\u00e3o vinculativos com a IMBEL. Clique aqui e saiba mais.","robots":{"index":"index","follow":"follow","max-snippet":"max-snippet:-1","max-image-preview":"max-image-preview:large","max-video-preview":"max-video-preview:-1"},"canonical":"https:\/\/www.suno.com.br\/noticias\/taurus-tasa4-memorando-comercial-imbel\/","og_locale":"pt_BR","og_type":"article","og_title":"Taurus (TASA4) fecha memorando de bases comerciais com IMBEL","og_description":"A Taurus (TASA4) informou que fechou um memorando de entendimentos n\u00e3o vinculativos com a IMBEL. Clique aqui e saiba mais.","og_url":"https:\/\/www.suno.com.br\/noticias\/taurus-tasa4-memorando-comercial-imbel\/","og_site_name":"Suno Not\u00edcias","article_publisher":"https:\/\/facebook.com\/sunoresearch","og_image":[{"width":1200,"height":800,"url":"https:\/\/files.sunoresearch.com.br\/n\/uploads\/2021\/02\/82284216-taurus-site.jpg","type":"image\/jpeg"}],"author":"Jader Lazarini","twitter_card":"summary_large_image","twitter_creator":"@sunoresearch","twitter_site":"@sunoresearch","twitter_misc":{"Escrito por":"Jader Lazarini","Est. tempo de leitura":"2 minutos"},"schema":{"@context":"https:\/\/schema.org","@graph":[{"@type":"NewsArticle","@id":"https:\/\/www.suno.com.br\/noticias\/taurus-tasa4-memorando-comercial-imbel\/#article","isPartOf":{"@id":"https:\/\/www.suno.com.br\/noticias\/taurus-tasa4-memorando-comercial-imbel\/"},"author":{"name":"Jader Lazarini","@id":"https:\/\/www.suno.com.br\/noticias\/#\/schema\/person\/918d79de1f0281f01599b93f9ea6e23f"},"headline":"Taurus (TASA4) fecha memorando de bases comerciais com IMBEL","datePublished":"2021-02-03T12:32:15+00:00","dateModified":"2021-02-03T21:45:45+00:00","mainEntityOfPage":{"@id":"https:\/\/www.suno.com.br\/noticias\/taurus-tasa4-memorando-comercial-imbel\/"},"wordCount":490,"publisher":{"@id":"https:\/\/www.suno.com.br\/noticias\/#organization"},"image":{"@id":"https:\/\/www.suno.com.br\/noticias\/taurus-tasa4-memorando-comercial-imbel\/#primaryimage"},"thumbnailUrl":"https:\/\/files.sunoresearch.com.br\/n\/uploads\/2021\/02\/82284216-taurus-site-jpg.webp","keywords":["Taurus Armas (TASA3\/TASA4)"],"articleSection":["Neg\u00f3cios"],"inLanguage":"pt-BR"},{"@type":"WebPage","@id":"https:\/\/www.suno.com.br\/noticias\/taurus-tasa4-memorando-comercial-imbel\/","url":"https:\/\/www.suno.com.br\/noticias\/taurus-tasa4-memorando-comercial-imbel\/","name":"Taurus (TASA4) fecha memorando de bases comerciais com IMBEL","isPartOf":{"@id":"https:\/\/www.suno.com.br\/noticias\/#website"},"primaryImageOfPage":{"@id":"https:\/\/www.suno.com.br\/noticias\/taurus-tasa4-memorando-comercial-imbel\/#primaryimage"},"image":{"@id":"https:\/\/www.suno.com.br\/noticias\/taurus-tasa4-memorando-comercial-imbel\/#primaryimage"},"thumbnailUrl":"https:\/\/files.sunoresearch.com.br\/n\/uploads\/2021\/02\/82284216-taurus-site-jpg.webp","datePublished":"2021-02-03T12:32:15+00:00","dateModified":"2021-02-03T21:45:45+00:00","description":"A Taurus (TASA4) informou que fechou um memorando de entendimentos n\u00e3o vinculativos com a IMBEL. Clique aqui e saiba mais.","breadcrumb":{"@id":"https:\/\/www.suno.com.br\/noticias\/taurus-tasa4-memorando-comercial-imbel\/#breadcrumb"},"inLanguage":"pt-BR","potentialAction":[{"@type":"ReadAction","target":["https:\/\/www.suno.com.br\/noticias\/taurus-tasa4-memorando-comercial-imbel\/"]}]},{"@type":"ImageObject","inLanguage":"pt-BR","@id":"https:\/\/www.suno.com.br\/noticias\/taurus-tasa4-memorando-comercial-imbel\/#primaryimage","url":"https:\/\/files.sunoresearch.com.br\/n\/uploads\/2021\/02\/82284216-taurus-site-jpg.webp","contentUrl":"https:\/\/files.sunoresearch.com.br\/n\/uploads\/2021\/02\/82284216-taurus-site-jpg.webp","width":1200,"height":800,"caption":"Taurus (TASA4)."},{"@type":"BreadcrumbList","@id":"https:\/\/www.suno.com.br\/noticias\/taurus-tasa4-memorando-comercial-imbel\/#breadcrumb","itemListElement":[{"@type":"ListItem","position":1,"name":"Not\u00edcias","item":"https:\/\/www.suno.com.br\/noticias\/"},{"@type":"ListItem","position":2,"name":"Neg\u00f3cios","item":"https:\/\/www.suno.com.br\/noticias\/negocios\/"},{"@type":"ListItem","position":3,"name":"Taurus (TASA4) fecha memorando de bases comerciais com IMBEL"}]},{"@type":"WebSite","@id":"https:\/\/www.suno.com.br\/noticias\/#website","url":"https:\/\/www.suno.com.br\/noticias\/","name":"Suno Not\u00edcias","description":"Seu portal de informa\u00e7\u00e3o sobre o mundo dos investimentos","publisher":{"@id":"https:\/\/www.suno.com.br\/noticias\/#organization"},"potentialAction":[{"@type":"SearchAction","target":{"@type":"EntryPoint","urlTemplate":"https:\/\/www.suno.com.br\/noticias\/?s={search_term_string}"},"query-input":{"@type":"PropertyValueSpecification","valueRequired":true,"valueName":"search_term_string"}}],"inLanguage":"pt-BR"},{"@type":"Organization","@id":"https:\/\/www.suno.com.br\/noticias\/#organization","name":"Suno Not\u00edcias","url":"https:\/\/www.suno.com.br\/noticias\/","logo":{"@type":"ImageObject","inLanguage":"pt-BR","@id":"https:\/\/www.suno.com.br\/noticias\/#\/schema\/logo\/image\/","url":"https:\/\/files.sunoresearch.com.br\/n\/uploads\/2021\/09\/suno-logo.png","contentUrl":"https:\/\/files.sunoresearch.com.br\/n\/uploads\/2021\/09\/suno-logo.png","width":180,"height":180,"caption":"Suno Not\u00edcias"},"image":{"@id":"https:\/\/www.suno.com.br\/noticias\/#\/schema\/logo\/image\/"},"sameAs":["https:\/\/facebook.com\/sunoresearch","https:\/\/x.com\/sunoresearch","https:\/\/www.instagram.com\/suno","https:\/\/www.linkedin.com\/company\/suno-research\/","https:\/\/www.youtube.com\/c\/sunoresearch"]},{"@type":"Person","@id":"https:\/\/www.suno.com.br\/noticias\/#\/schema\/person\/918d79de1f0281f01599b93f9ea6e23f","name":"Jader Lazarini","image":{"@type":"ImageObject","inLanguage":"pt-BR","@id":"https:\/\/www.suno.com.br\/noticias\/#\/schema\/person\/image\/","url":"https:\/\/secure.gravatar.com\/avatar\/3c1ad8caa51589841baeb923fcddea97?s=96&r=g","contentUrl":"https:\/\/secure.gravatar.com\/avatar\/3c1ad8caa51589841baeb923fcddea97?s=96&r=g","caption":"Jader Lazarini"},"description":"Jader Lazarini escreve sobre investimentos, finan\u00e7as, economia e neg\u00f3cios. \u00c9 bacharel em Rela\u00e7\u00f5es Internacionais e analista CNPI (2619).","url":"https:\/\/www.suno.com.br\/noticias\/author\/jader-lazarini\/"}]}},"default_loop_html":"<div class=\"cardsPage__listCard__boxs\"><div class=\"cardsPage__listCard__boxs__img\"><a href=\"https:\/\/www.suno.com.br\/noticias\/taurus-tasa4-memorando-comercial-imbel\/\"><img class=\"mask\" src=\"https:\/\/www.suno.com.br\/noticias\/wp-content\/themes\/suno\/resources\/images\/spotlight\/spotlight1img\/bg-mask.png\" alt=\"Image Mask\"\/><img src=\"https:\/\/files.sunoresearch.com.br\/n\/uploads\/2021\/02\/82284216-taurus-site-400x200.webp\" alt=\"Taurus (TASA4) fecha memorando de bases comerciais com IMBEL\"\/><\/a><span class=\"spotlightCategory\"><a href=\"https:\/\/www.suno.com.br\/noticias\/negocios\/\">Neg\u00f3cios<\/a><\/span><\/div><div class=\"cardsPage__listCard__boxs__content\"><a href=\"https:\/\/www.suno.com.br\/noticias\/taurus-tasa4-memorando-comercial-imbel\/\"><h2 class=\"content__title\">Taurus (TASA4) fecha memorando de bases comerciais com IMBEL<\/h2><\/a><div class=\"newsContent__article__meta\"><div class=\"newsContent__article__meta__authorBox\"><a href=\"https:\/\/www.suno.com.br\/noticias\/author\/jader-lazarini\/\" class=\"authorBox__avatar noMobi\"><img src=\"https:\/\/files.sunoresearch.com.br\/n\/uploads\/2021\/01\/178e6598-foto-perfil-2-150x150.jpg\" alt=\"Jader Lazarini\"><\/a><div class=\"authorBox__name\"><span>por\n\t\t\t<a href=\"https:\/\/www.suno.com.br\/noticias\/author\/jader-lazarini\/\"><span itemprop=\"author\">Jader Lazarini<\/span><\/a><\/span><time datetime=\"2021-02-03T09:32:15-03:00\" itemprop=\"datePublished\">03\/02\/2021 09:32<\/time><\/div><\/div><\/div><\/div><\/div>","single_layout":"posts","amp_enabled":true,"_links":{"self":[{"href":"https:\/\/www.suno.com.br\/noticias\/wp-json\/wp\/v2\/posts\/118367"}],"collection":[{"href":"https:\/\/www.suno.com.br\/noticias\/wp-json\/wp\/v2\/posts"}],"about":[{"href":"https:\/\/www.suno.com.br\/noticias\/wp-json\/wp\/v2\/types\/post"}],"author":[{"embeddable":true,"href":"https:\/\/www.suno.com.br\/noticias\/wp-json\/wp\/v2\/users\/24"}],"replies":[{"embeddable":true,"href":"https:\/\/www.suno.com.br\/noticias\/wp-json\/wp\/v2\/comments?post=118367"}],"version-history":[{"count":0,"href":"https:\/\/www.suno.com.br\/noticias\/wp-json\/wp\/v2\/posts\/118367\/revisions"}],"wp:featuredmedia":[{"embeddable":true,"href":"https:\/\/www.suno.com.br\/noticias\/wp-json\/wp\/v2\/media\/118368"}],"wp:attachment":[{"href":"https:\/\/www.suno.com.br\/noticias\/wp-json\/wp\/v2\/media?parent=118367"}],"wp:term":[{"taxonomy":"category","embeddable":true,"href":"https:\/\/www.suno.com.br\/noticias\/wp-json\/wp\/v2\/categories?post=118367"},{"taxonomy":"post_tag","embeddable":true,"href":"https:\/\/www.suno.com.br\/noticias\/wp-json\/wp\/v2\/tags?post=118367"},{"taxonomy":"suno_strategy","embeddable":true,"href":"https:\/\/www.suno.com.br\/noticias\/wp-json\/wp\/v2\/suno_strategy?post=118367"}],"curies":[{"name":"wp","href":"https:\/\/api.w.org\/{rel}","templated":true}]}}