{"id":118358,"date":"2021-02-03T09:41:12","date_gmt":"2021-02-03T12:41:12","guid":{"rendered":"https:\/\/www.suno.com.br\/noticias\/?p=118358"},"modified":"2021-02-03T09:59:30","modified_gmt":"2021-02-03T12:59:30","slug":"conheca-andy-jassy-novo-ceo-amazon","status":"publish","type":"post","link":"https:\/\/www.suno.com.br\/noticias\/conheca-andy-jassy-novo-ceo-amazon\/","title":{"rendered":"Conhe\u00e7a Andy Jassy, o homem que ocupar\u00e1 o cargo de Bezos na Amazon (AMZN34)"},"content":{"rendered":"<p>O novo <a href=\"https:\/\/www.suno.com.br\/artigos\/ceo\/\">diretor-executivo (CEO)<\/a> da <strong>Amazon<\/strong> (AMZN34), Andy Jassy, j\u00e1 era apontado como o preferido para ocupar o cargo de Jeff Bezos h\u00e1 algum tempo. Nesta ter\u00e7a-feira (2), as expectativas se confirmaram: o antigo chefe da AWS, bra\u00e7o de computa\u00e7\u00e3o em nuvem da gigante americana, assumir\u00e1 o leme da companhia.<\/p>\t<div class=\"wrapper-featured-image\">\n\t\t<figure class=\"spotlightImg\">\n\n\t\t\t<picture>\n\t\t\t\t<source media=\"(max-width: 768px)\" srcset=\"https:\/\/files.sunoresearch.com.br\/n\/uploads\/2021\/02\/7ba7446e-amazon-400x200.webp\">\n\t\t\t\t<img loading=\"lazy\" decoding=\"async\" class=\"newsContent__article__imgCapa lazyloadDisabled \" src=\"https:\/\/files.sunoresearch.com.br\/n\/uploads\/2021\/02\/7ba7446e-amazon-800x450.webp\" width=\"800\" height=\"450\" alt=\"Conhe\u00e7a Andy Jassy, o homem que ocupar\u00e1 o cargo de Bezos na Amazon (AMZN34)\" fetchpriority=high \/>\n\t\t\t<\/picture>\n\n\t\t\t<figcaption class=\"wp-caption-text wp-caption-text--show\">Andy Jassy est\u00e1 na Amazon desde 1997<\/figcaption>\n\t\t<\/figure>\n\t<\/div>\n\n\n<p><span style=\"font-weight: 400;\">\u00a0\t<p>\n\t\t<a href=\"https:\/\/lp.suno.com.br\/ebook-como-analisar-uma-acao\/\" target=\"_blank\" data-element=\"shortcode-suno-banner\" title=\"Banner SUNO, clique e saiba mais\">\n\t\t\t<picture>\n\t\t\t\t<source media=\"(max-width: 500px)\" srcset=\"https:\/\/files.sunoresearch.com.br\/n\/uploads\/2023\/03\/Ebook-Acoes-Mobile.jpg\">\n\t\t\t\t<img class=\"newsContent__article__imgCapa newsContent__article__imgCapa--banner\"\n\t\t\t\t\tsrc=\"https:\/\/files.sunoresearch.com.br\/n\/uploads\/2023\/03\/Ebook-Acoes-Desktop.jpg\"\n\t\t\t\t\tdata-promo-id=\"378302\"\t\t\t\t\t\t\t\t\t\twidth='1420' height='286'\t\t\t\t\talt=\"https:\/\/files.sunoresearch.com.br\/n\/uploads\/2023\/03\/Ebook-Acoes-Desktop.jpg\"\n\t\t\t\t>\n\t\t\t<\/picture>\n\t\t<\/a>\n\t<\/p>\n\n<\/span><\/p>\n<p><strong>Andy Jassy<\/strong> entrou na Amazon em 1997, apenas tr\u00eas anos ap\u00f3s a cria\u00e7\u00e3o da empresa, depois de se formar em neg\u00f3cios em Harvard. &#8220;Eu fiz meu exame final na primeira sexta-feira do m\u00eas de maio de 1997 e comecei na Amazon na segunda seguinte&#8221;, disse em um podcast da Faculdade de Neg\u00f3cios de Harvard gravado em setembro.<\/p>\n<p>Em 2003, Andy Jassy foi um dos respons\u00e1veis por plantar a ideia inicial a Amazon Web Services, a AWS, um servi\u00e7o de nuvem que cede infraestrutura para companhias, escolas e governos rodarem seus sites e aplicativos. Em uma reuni\u00e3o de brainstorming, o novo CEO apresentou a ideia para <strong>Jeff Bezos<\/strong>. Em 2006, a empresa de servi\u00e7o de nuvem foi fundada. Hoje, ela \u00e9 respons\u00e1vel por cerca de 64% do lucro da Amazon.<\/p>\n<p><a href=\"https:\/\/lp.suno.com.br\/suno-one\/\"><span style=\"font-weight: 400;\">Suno One: acesse gratuitamente eBooks, Minicursos, Artigos e Video Aulas sobre investimentos com um \u00fanico cadastro. Clique para saber mais!<\/span><\/a><\/p>\n<p>A <strong>AWS<\/strong> cresceu e passou a ser utilizada por milhares de dom\u00ednios. Grandes companhias, como por exemplo a Netflix, a Miracle e a Microsoft, s\u00e3o usu\u00e1rias do servi\u00e7o desenvolvido pelo novo CEO da Amazon. O bra\u00e7o de servi\u00e7o de nuvem da Amazon tem cerca de 30% de participa\u00e7\u00e3o em seu mercado.<\/p>\n<p>Al\u00e9m disso, Jessy foi um dos executivos que estimularam a entrada da Amazon no mercado de venda de livros e no mercado da m\u00fasica digital.<\/p>\n<h2>Promo\u00e7\u00e3o de Andy Jassy pode sinalizar import\u00e2ncia da AWS para a Amazon<\/h2>\n<p>Com companhias como Microsoft e Google avan\u00e7ando sobre o servi\u00e7o de hospedagem em nuvem, a promo\u00e7\u00e3o de Andy Jassy pode ser vista como uma sinaliza\u00e7\u00e3o da import\u00e2ncia desse setor para a gigante do varejo. A companhia ainda n\u00e3o anunciou algu\u00e9m para substituir Jassy na AWS.<\/p>\n<p>Jeff Bezos afirmou, em carta \u00e0 equipe, que tem total confian\u00e7a no novo CEO da Amazon e que ele deve se tornar um l\u00edder excepcional. Andy Jassy \u00e9 conhecido por entender detalhes t\u00e9cnicos mas tamb\u00e9m por ter um mente criativa, com foco em inova\u00e7\u00e3o. Ele constantemente estimula a cria\u00e7\u00e3o de novas start-ups como forma de gerar novos neg\u00f3cios.<\/p>\n<p><span style=\"font-weight: 400;\">\t<p>\n\t\t<a href=\"https:\/\/lp.suno.com.br\/planilha-controle-gastos\/\" target=\"_blank\" data-element=\"shortcode-suno-banner\" title=\"Banner SUNO, clique e saiba mais\">\n\t\t\t<picture>\n\t\t\t\t<source media=\"(max-width: 500px)\" srcset=\"https:\/\/files.sunoresearch.com.br\/n\/uploads\/2023\/03\/400x300-Planilha-controle-de-gastos.png\">\n\t\t\t\t<img class=\"newsContent__article__imgCapa newsContent__article__imgCapa--banner\"\n\t\t\t\t\tsrc=\"https:\/\/files.sunoresearch.com.br\/n\/uploads\/2023\/03\/1420x240-Planilha-controle-de-gastos.png\"\n\t\t\t\t\tdata-promo-id=\"101751\"\t\t\t\t\t\t\t\t\t\twidth='1420' height='240'\t\t\t\t\talt=\"https:\/\/files.sunoresearch.com.br\/n\/uploads\/2023\/03\/1420x240-Planilha-controle-de-gastos.png\"\n\t\t\t\t>\n\t\t\t<\/picture>\n\t\t<\/a>\n\t<\/p>\n\n <\/span><\/p>\n<p>Em sua carta de despedida, Bezos diz para o seu sucessor que ele &#8220;continue inventando e n\u00e3o se desespere quando a princ\u00edpio a ideia parecer maluca. Deixe a curiosidade ser sua b\u00fassola&#8221;.<\/p>\n<p>Criado em Westchester, em Nova York, Jassy \u00e9 f\u00e3 de esportes e hoje \u00e9 um dos donos do Seattle Kraken, time de h\u00f3quei no gelo que disputar\u00e1 a liga nacional na temporada de 2021-22.<\/p>\n<p>Jeff Bezos deixa o comando da <strong>Amazon<\/strong> para dar lugar a Jassy, mas continua no <a href=\"https:\/\/www.suno.com.br\/artigos\/conselho-administracao\/\">conselho de administra\u00e7\u00e3o<\/a>. O antigo CEO deseja focar agora em suas outras paix\u00f5es como, por exemplo, no Day 1 Fund, seu fundo para o planeta Terra, na Blue Origin, sua companhia aeroespacial, e no <em>The Washington Post<\/em>, um dos principais jornais americanos, que ele adquiriu h\u00e1 algum tempo.<\/p>\n<p><span style=\"font-weight: 400;\">\t<p>\n\t\t<a href=\"https:\/\/lp.suno.com.br\/planilha-de-controle-de-investimentos\/\" target=\"_blank\" data-element=\"shortcode-suno-banner\" title=\"Banner SUNO, clique e saiba mais\">\n\t\t\t<picture>\n\t\t\t\t<source media=\"(max-width: 500px)\" srcset=\"https:\/\/files.sunoresearch.com.br\/n\/uploads\/2023\/03\/400x300-Controle-de-Investimentos.png\">\n\t\t\t\t<img class=\"newsContent__article__imgCapa newsContent__article__imgCapa--banner\"\n\t\t\t\t\tsrc=\"https:\/\/files.sunoresearch.com.br\/n\/uploads\/2023\/03\/1420x240-Controle-de-Investimentos.png\"\n\t\t\t\t\tdata-promo-id=\"75934\"\t\t\t\t\t\t\t\t\t\twidth='1420' height='240'\t\t\t\t\talt=\"https:\/\/files.sunoresearch.com.br\/n\/uploads\/2023\/03\/1420x240-Controle-de-Investimentos.png\"\n\t\t\t\t>\n\t\t\t<\/picture>\n\t\t<\/a>\n\t<\/p>\n\n<\/span><\/p>\n","protected":false},"excerpt":{"rendered":"<p>O novo diretor-executivo (CEO) da Amazon (AMZN34), Andy Jassy, j\u00e1 era apontado como o preferido para ocupar o cargo de Jeff Bezos h\u00e1 algum tempo. Nesta ter\u00e7a-feira (2), as expectativas se confirmaram: o antigo chefe da AWS, bra\u00e7o de computa\u00e7\u00e3o em nuvem da gigante americana, assumir\u00e1 o leme da companhia. Andy Jassy est\u00e1 na Amazon [&hellip;]<\/p>\n","protected":false},"author":59,"featured_media":118375,"comment_status":"closed","ping_status":"closed","sticky":false,"template":"","format":"standard","meta":[],"categories":[64],"tags":[694,695],"suno_strategy":[],"class_list":["post-118358","post","type-post","status-publish","format-standard","has-post-thumbnail","hentry","category-negocios","tag-amazon-amzo34","tag-jeff-bezos"],"yoast_head":"<!-- This site is optimized with the Yoast SEO plugin v24.4 - https:\/\/yoast.com\/wordpress\/plugins\/seo\/ -->\n<title>Conhe\u00e7a o novo CEO da Amazon (AMZN34), Andy Jassy<\/title>\n<meta name=\"description\" content=\"O novo CEO da Amazon foi um dos respons\u00e1veis pela cria\u00e7\u00e3o da AWS e pela entrada da companhia no setor de livros. Clique aqui para saber mais.\" \/>\n<meta name=\"robots\" content=\"index, follow, max-snippet:-1, max-image-preview:large, max-video-preview:-1\" \/>\n<link rel=\"canonical\" href=\"https:\/\/www.suno.com.br\/noticias\/conheca-andy-jassy-novo-ceo-amazon\/\" \/>\n<meta property=\"og:locale\" content=\"pt_BR\" \/>\n<meta property=\"og:type\" content=\"article\" \/>\n<meta property=\"og:title\" content=\"Conhe\u00e7a o novo CEO da Amazon (AMZN34), Andy Jassy\" \/>\n<meta property=\"og:description\" content=\"O novo CEO da Amazon foi um dos respons\u00e1veis pela cria\u00e7\u00e3o da AWS e pela entrada da companhia no setor de livros. Clique aqui para saber mais.\" \/>\n<meta property=\"og:url\" content=\"https:\/\/www.suno.com.br\/noticias\/conheca-andy-jassy-novo-ceo-amazon\/\" \/>\n<meta property=\"og:site_name\" content=\"Suno Not\u00edcias\" \/>\n<meta property=\"article:publisher\" content=\"https:\/\/facebook.com\/sunoresearch\" \/>\n<meta property=\"og:image\" content=\"https:\/\/files.sunoresearch.com.br\/n\/uploads\/2021\/02\/7ba7446e-amazon.jpg\" \/>\n\t<meta property=\"og:image:width\" content=\"920\" \/>\n\t<meta property=\"og:image:height\" content=\"613\" \/>\n\t<meta property=\"og:image:type\" content=\"image\/jpeg\" \/>\n<meta name=\"author\" content=\"Vitor Azevedo\" \/>\n<meta name=\"twitter:card\" content=\"summary_large_image\" \/>\n<meta name=\"twitter:creator\" content=\"@sunoresearch\" \/>\n<meta name=\"twitter:site\" content=\"@sunoresearch\" \/>\n<meta name=\"twitter:label1\" content=\"Escrito por\" \/>\n\t<meta name=\"twitter:data1\" content=\"Vitor Azevedo\" \/>\n\t<meta name=\"twitter:label2\" content=\"Est. tempo de leitura\" \/>\n\t<meta name=\"twitter:data2\" content=\"3 minutos\" \/>\n<script type=\"application\/ld+json\" class=\"yoast-schema-graph\">{\"@context\":\"https:\/\/schema.org\",\"@graph\":[{\"@type\":\"NewsArticle\",\"@id\":\"https:\/\/www.suno.com.br\/noticias\/conheca-andy-jassy-novo-ceo-amazon\/#article\",\"isPartOf\":{\"@id\":\"https:\/\/www.suno.com.br\/noticias\/conheca-andy-jassy-novo-ceo-amazon\/\"},\"author\":{\"name\":\"Vitor Azevedo\",\"@id\":\"https:\/\/www.suno.com.br\/noticias\/#\/schema\/person\/658d5fbc74d81f265f5df3562d0038ab\"},\"headline\":\"Conhe\u00e7a Andy Jassy, o homem que ocupar\u00e1 o cargo de Bezos na Amazon (AMZN34)\",\"datePublished\":\"2021-02-03T12:41:12+00:00\",\"dateModified\":\"2021-02-03T12:59:30+00:00\",\"mainEntityOfPage\":{\"@id\":\"https:\/\/www.suno.com.br\/noticias\/conheca-andy-jassy-novo-ceo-amazon\/\"},\"wordCount\":575,\"publisher\":{\"@id\":\"https:\/\/www.suno.com.br\/noticias\/#organization\"},\"image\":{\"@id\":\"https:\/\/www.suno.com.br\/noticias\/conheca-andy-jassy-novo-ceo-amazon\/#primaryimage\"},\"thumbnailUrl\":\"https:\/\/files.sunoresearch.com.br\/n\/uploads\/2021\/02\/7ba7446e-amazon-jpg.webp\",\"keywords\":[\"Amazon (AMZO34)\",\"Jeff Bezos\"],\"articleSection\":[\"Neg\u00f3cios\"],\"inLanguage\":\"pt-BR\"},{\"@type\":\"WebPage\",\"@id\":\"https:\/\/www.suno.com.br\/noticias\/conheca-andy-jassy-novo-ceo-amazon\/\",\"url\":\"https:\/\/www.suno.com.br\/noticias\/conheca-andy-jassy-novo-ceo-amazon\/\",\"name\":\"Conhe\u00e7a o novo CEO da Amazon (AMZN34), Andy Jassy\",\"isPartOf\":{\"@id\":\"https:\/\/www.suno.com.br\/noticias\/#website\"},\"primaryImageOfPage\":{\"@id\":\"https:\/\/www.suno.com.br\/noticias\/conheca-andy-jassy-novo-ceo-amazon\/#primaryimage\"},\"image\":{\"@id\":\"https:\/\/www.suno.com.br\/noticias\/conheca-andy-jassy-novo-ceo-amazon\/#primaryimage\"},\"thumbnailUrl\":\"https:\/\/files.sunoresearch.com.br\/n\/uploads\/2021\/02\/7ba7446e-amazon-jpg.webp\",\"datePublished\":\"2021-02-03T12:41:12+00:00\",\"dateModified\":\"2021-02-03T12:59:30+00:00\",\"description\":\"O novo CEO da Amazon foi um dos respons\u00e1veis pela cria\u00e7\u00e3o da AWS e pela entrada da companhia no setor de livros. Clique aqui para saber mais.\",\"breadcrumb\":{\"@id\":\"https:\/\/www.suno.com.br\/noticias\/conheca-andy-jassy-novo-ceo-amazon\/#breadcrumb\"},\"inLanguage\":\"pt-BR\",\"potentialAction\":[{\"@type\":\"ReadAction\",\"target\":[\"https:\/\/www.suno.com.br\/noticias\/conheca-andy-jassy-novo-ceo-amazon\/\"]}]},{\"@type\":\"ImageObject\",\"inLanguage\":\"pt-BR\",\"@id\":\"https:\/\/www.suno.com.br\/noticias\/conheca-andy-jassy-novo-ceo-amazon\/#primaryimage\",\"url\":\"https:\/\/files.sunoresearch.com.br\/n\/uploads\/2021\/02\/7ba7446e-amazon-jpg.webp\",\"contentUrl\":\"https:\/\/files.sunoresearch.com.br\/n\/uploads\/2021\/02\/7ba7446e-amazon-jpg.webp\",\"width\":920,\"height\":613,\"caption\":\"Andy Jassy est\u00e1 na Amazon desde 1997\"},{\"@type\":\"BreadcrumbList\",\"@id\":\"https:\/\/www.suno.com.br\/noticias\/conheca-andy-jassy-novo-ceo-amazon\/#breadcrumb\",\"itemListElement\":[{\"@type\":\"ListItem\",\"position\":1,\"name\":\"Not\u00edcias\",\"item\":\"https:\/\/www.suno.com.br\/noticias\/\"},{\"@type\":\"ListItem\",\"position\":2,\"name\":\"Neg\u00f3cios\",\"item\":\"https:\/\/www.suno.com.br\/noticias\/negocios\/\"},{\"@type\":\"ListItem\",\"position\":3,\"name\":\"Conhe\u00e7a Andy Jassy, o homem que ocupar\u00e1 o cargo de Bezos na Amazon (AMZN34)\"}]},{\"@type\":\"WebSite\",\"@id\":\"https:\/\/www.suno.com.br\/noticias\/#website\",\"url\":\"https:\/\/www.suno.com.br\/noticias\/\",\"name\":\"Suno Not\u00edcias\",\"description\":\"Seu portal de informa\u00e7\u00e3o sobre o mundo dos investimentos\",\"publisher\":{\"@id\":\"https:\/\/www.suno.com.br\/noticias\/#organization\"},\"potentialAction\":[{\"@type\":\"SearchAction\",\"target\":{\"@type\":\"EntryPoint\",\"urlTemplate\":\"https:\/\/www.suno.com.br\/noticias\/?s={search_term_string}\"},\"query-input\":{\"@type\":\"PropertyValueSpecification\",\"valueRequired\":true,\"valueName\":\"search_term_string\"}}],\"inLanguage\":\"pt-BR\"},{\"@type\":\"Organization\",\"@id\":\"https:\/\/www.suno.com.br\/noticias\/#organization\",\"name\":\"Suno Not\u00edcias\",\"url\":\"https:\/\/www.suno.com.br\/noticias\/\",\"logo\":{\"@type\":\"ImageObject\",\"inLanguage\":\"pt-BR\",\"@id\":\"https:\/\/www.suno.com.br\/noticias\/#\/schema\/logo\/image\/\",\"url\":\"https:\/\/files.sunoresearch.com.br\/n\/uploads\/2021\/09\/suno-logo.png\",\"contentUrl\":\"https:\/\/files.sunoresearch.com.br\/n\/uploads\/2021\/09\/suno-logo.png\",\"width\":180,\"height\":180,\"caption\":\"Suno Not\u00edcias\"},\"image\":{\"@id\":\"https:\/\/www.suno.com.br\/noticias\/#\/schema\/logo\/image\/\"},\"sameAs\":[\"https:\/\/facebook.com\/sunoresearch\",\"https:\/\/x.com\/sunoresearch\",\"https:\/\/www.instagram.com\/suno\",\"https:\/\/www.linkedin.com\/company\/suno-research\/\",\"https:\/\/www.youtube.com\/c\/sunoresearch\"]},{\"@type\":\"Person\",\"@id\":\"https:\/\/www.suno.com.br\/noticias\/#\/schema\/person\/658d5fbc74d81f265f5df3562d0038ab\",\"name\":\"Vitor Azevedo\",\"image\":{\"@type\":\"ImageObject\",\"inLanguage\":\"pt-BR\",\"@id\":\"https:\/\/www.suno.com.br\/noticias\/#\/schema\/person\/image\/\",\"url\":\"https:\/\/secure.gravatar.com\/avatar\/62b86195291b446fe380824eb28b99a5?s=96&r=g\",\"contentUrl\":\"https:\/\/secure.gravatar.com\/avatar\/62b86195291b446fe380824eb28b99a5?s=96&r=g\",\"caption\":\"Vitor Azevedo\"},\"description\":\"Formado em jornalismo pela Unesp, escreve sobre economia e neg\u00f3cios para a Suno Not\u00edcias.\",\"url\":\"https:\/\/www.suno.com.br\/noticias\/author\/vitor-azevedo\/\"}]}<\/script>\n<!-- \/ Yoast SEO plugin. -->","yoast_head_json":{"title":"Conhe\u00e7a o novo CEO da Amazon (AMZN34), Andy Jassy","description":"O novo CEO da Amazon foi um dos respons\u00e1veis pela cria\u00e7\u00e3o da AWS e pela entrada da companhia no setor de livros. Clique aqui para saber mais.","robots":{"index":"index","follow":"follow","max-snippet":"max-snippet:-1","max-image-preview":"max-image-preview:large","max-video-preview":"max-video-preview:-1"},"canonical":"https:\/\/www.suno.com.br\/noticias\/conheca-andy-jassy-novo-ceo-amazon\/","og_locale":"pt_BR","og_type":"article","og_title":"Conhe\u00e7a o novo CEO da Amazon (AMZN34), Andy Jassy","og_description":"O novo CEO da Amazon foi um dos respons\u00e1veis pela cria\u00e7\u00e3o da AWS e pela entrada da companhia no setor de livros. Clique aqui para saber mais.","og_url":"https:\/\/www.suno.com.br\/noticias\/conheca-andy-jassy-novo-ceo-amazon\/","og_site_name":"Suno Not\u00edcias","article_publisher":"https:\/\/facebook.com\/sunoresearch","og_image":[{"width":920,"height":613,"url":"https:\/\/files.sunoresearch.com.br\/n\/uploads\/2021\/02\/7ba7446e-amazon.jpg","type":"image\/jpeg"}],"author":"Vitor Azevedo","twitter_card":"summary_large_image","twitter_creator":"@sunoresearch","twitter_site":"@sunoresearch","twitter_misc":{"Escrito por":"Vitor Azevedo","Est. tempo de leitura":"3 minutos"},"schema":{"@context":"https:\/\/schema.org","@graph":[{"@type":"NewsArticle","@id":"https:\/\/www.suno.com.br\/noticias\/conheca-andy-jassy-novo-ceo-amazon\/#article","isPartOf":{"@id":"https:\/\/www.suno.com.br\/noticias\/conheca-andy-jassy-novo-ceo-amazon\/"},"author":{"name":"Vitor Azevedo","@id":"https:\/\/www.suno.com.br\/noticias\/#\/schema\/person\/658d5fbc74d81f265f5df3562d0038ab"},"headline":"Conhe\u00e7a Andy Jassy, o homem que ocupar\u00e1 o cargo de Bezos na Amazon (AMZN34)","datePublished":"2021-02-03T12:41:12+00:00","dateModified":"2021-02-03T12:59:30+00:00","mainEntityOfPage":{"@id":"https:\/\/www.suno.com.br\/noticias\/conheca-andy-jassy-novo-ceo-amazon\/"},"wordCount":575,"publisher":{"@id":"https:\/\/www.suno.com.br\/noticias\/#organization"},"image":{"@id":"https:\/\/www.suno.com.br\/noticias\/conheca-andy-jassy-novo-ceo-amazon\/#primaryimage"},"thumbnailUrl":"https:\/\/files.sunoresearch.com.br\/n\/uploads\/2021\/02\/7ba7446e-amazon-jpg.webp","keywords":["Amazon (AMZO34)","Jeff Bezos"],"articleSection":["Neg\u00f3cios"],"inLanguage":"pt-BR"},{"@type":"WebPage","@id":"https:\/\/www.suno.com.br\/noticias\/conheca-andy-jassy-novo-ceo-amazon\/","url":"https:\/\/www.suno.com.br\/noticias\/conheca-andy-jassy-novo-ceo-amazon\/","name":"Conhe\u00e7a o novo CEO da Amazon (AMZN34), Andy Jassy","isPartOf":{"@id":"https:\/\/www.suno.com.br\/noticias\/#website"},"primaryImageOfPage":{"@id":"https:\/\/www.suno.com.br\/noticias\/conheca-andy-jassy-novo-ceo-amazon\/#primaryimage"},"image":{"@id":"https:\/\/www.suno.com.br\/noticias\/conheca-andy-jassy-novo-ceo-amazon\/#primaryimage"},"thumbnailUrl":"https:\/\/files.sunoresearch.com.br\/n\/uploads\/2021\/02\/7ba7446e-amazon-jpg.webp","datePublished":"2021-02-03T12:41:12+00:00","dateModified":"2021-02-03T12:59:30+00:00","description":"O novo CEO da Amazon foi um dos respons\u00e1veis pela cria\u00e7\u00e3o da AWS e pela entrada da companhia no setor de livros. Clique aqui para saber mais.","breadcrumb":{"@id":"https:\/\/www.suno.com.br\/noticias\/conheca-andy-jassy-novo-ceo-amazon\/#breadcrumb"},"inLanguage":"pt-BR","potentialAction":[{"@type":"ReadAction","target":["https:\/\/www.suno.com.br\/noticias\/conheca-andy-jassy-novo-ceo-amazon\/"]}]},{"@type":"ImageObject","inLanguage":"pt-BR","@id":"https:\/\/www.suno.com.br\/noticias\/conheca-andy-jassy-novo-ceo-amazon\/#primaryimage","url":"https:\/\/files.sunoresearch.com.br\/n\/uploads\/2021\/02\/7ba7446e-amazon-jpg.webp","contentUrl":"https:\/\/files.sunoresearch.com.br\/n\/uploads\/2021\/02\/7ba7446e-amazon-jpg.webp","width":920,"height":613,"caption":"Andy Jassy est\u00e1 na Amazon desde 1997"},{"@type":"BreadcrumbList","@id":"https:\/\/www.suno.com.br\/noticias\/conheca-andy-jassy-novo-ceo-amazon\/#breadcrumb","itemListElement":[{"@type":"ListItem","position":1,"name":"Not\u00edcias","item":"https:\/\/www.suno.com.br\/noticias\/"},{"@type":"ListItem","position":2,"name":"Neg\u00f3cios","item":"https:\/\/www.suno.com.br\/noticias\/negocios\/"},{"@type":"ListItem","position":3,"name":"Conhe\u00e7a Andy Jassy, o homem que ocupar\u00e1 o cargo de Bezos na Amazon (AMZN34)"}]},{"@type":"WebSite","@id":"https:\/\/www.suno.com.br\/noticias\/#website","url":"https:\/\/www.suno.com.br\/noticias\/","name":"Suno Not\u00edcias","description":"Seu portal de informa\u00e7\u00e3o sobre o mundo dos investimentos","publisher":{"@id":"https:\/\/www.suno.com.br\/noticias\/#organization"},"potentialAction":[{"@type":"SearchAction","target":{"@type":"EntryPoint","urlTemplate":"https:\/\/www.suno.com.br\/noticias\/?s={search_term_string}"},"query-input":{"@type":"PropertyValueSpecification","valueRequired":true,"valueName":"search_term_string"}}],"inLanguage":"pt-BR"},{"@type":"Organization","@id":"https:\/\/www.suno.com.br\/noticias\/#organization","name":"Suno Not\u00edcias","url":"https:\/\/www.suno.com.br\/noticias\/","logo":{"@type":"ImageObject","inLanguage":"pt-BR","@id":"https:\/\/www.suno.com.br\/noticias\/#\/schema\/logo\/image\/","url":"https:\/\/files.sunoresearch.com.br\/n\/uploads\/2021\/09\/suno-logo.png","contentUrl":"https:\/\/files.sunoresearch.com.br\/n\/uploads\/2021\/09\/suno-logo.png","width":180,"height":180,"caption":"Suno Not\u00edcias"},"image":{"@id":"https:\/\/www.suno.com.br\/noticias\/#\/schema\/logo\/image\/"},"sameAs":["https:\/\/facebook.com\/sunoresearch","https:\/\/x.com\/sunoresearch","https:\/\/www.instagram.com\/suno","https:\/\/www.linkedin.com\/company\/suno-research\/","https:\/\/www.youtube.com\/c\/sunoresearch"]},{"@type":"Person","@id":"https:\/\/www.suno.com.br\/noticias\/#\/schema\/person\/658d5fbc74d81f265f5df3562d0038ab","name":"Vitor Azevedo","image":{"@type":"ImageObject","inLanguage":"pt-BR","@id":"https:\/\/www.suno.com.br\/noticias\/#\/schema\/person\/image\/","url":"https:\/\/secure.gravatar.com\/avatar\/62b86195291b446fe380824eb28b99a5?s=96&r=g","contentUrl":"https:\/\/secure.gravatar.com\/avatar\/62b86195291b446fe380824eb28b99a5?s=96&r=g","caption":"Vitor Azevedo"},"description":"Formado em jornalismo pela Unesp, escreve sobre economia e neg\u00f3cios para a Suno Not\u00edcias.","url":"https:\/\/www.suno.com.br\/noticias\/author\/vitor-azevedo\/"}]}},"default_loop_html":"<div class=\"cardsPage__listCard__boxs\"><div class=\"cardsPage__listCard__boxs__img\"><a href=\"https:\/\/www.suno.com.br\/noticias\/conheca-andy-jassy-novo-ceo-amazon\/\"><img class=\"mask\" src=\"https:\/\/www.suno.com.br\/noticias\/wp-content\/themes\/suno\/resources\/images\/spotlight\/spotlight1img\/bg-mask.png\" alt=\"Image Mask\"\/><img src=\"https:\/\/files.sunoresearch.com.br\/n\/uploads\/2021\/02\/7ba7446e-amazon-400x200.webp\" alt=\"Conhe\u00e7a Andy Jassy, o homem que ocupar\u00e1 o cargo de Bezos na Amazon (AMZN34)\"\/><\/a><span class=\"spotlightCategory\"><a href=\"https:\/\/www.suno.com.br\/noticias\/negocios\/\">Neg\u00f3cios<\/a><\/span><\/div><div class=\"cardsPage__listCard__boxs__content\"><a href=\"https:\/\/www.suno.com.br\/noticias\/conheca-andy-jassy-novo-ceo-amazon\/\"><h2 class=\"content__title\">Conhe\u00e7a Andy Jassy, o homem que ocupar\u00e1 o cargo de Bezos na Amazon (AMZN34)<\/h2><\/a><div class=\"newsContent__article__meta\"><div class=\"newsContent__article__meta__authorBox\"><a href=\"https:\/\/www.suno.com.br\/noticias\/author\/vitor-azevedo\/\" class=\"authorBox__avatar noMobi\"><img src=\"https:\/\/secure.gravatar.com\/avatar\/62b86195291b446fe380824eb28b99a5?s=96&#038;r=g\" alt=\"Vitor Azevedo\"><\/a><div class=\"authorBox__name\"><span>por\n\t\t\t<a href=\"https:\/\/www.suno.com.br\/noticias\/author\/vitor-azevedo\/\"><span itemprop=\"author\">Vitor Azevedo<\/span><\/a><\/span><time datetime=\"2021-02-03T09:41:12-03:00\" itemprop=\"datePublished\">03\/02\/2021 09:41<\/time><\/div><\/div><\/div><\/div><\/div>","single_layout":"posts","amp_enabled":true,"_links":{"self":[{"href":"https:\/\/www.suno.com.br\/noticias\/wp-json\/wp\/v2\/posts\/118358"}],"collection":[{"href":"https:\/\/www.suno.com.br\/noticias\/wp-json\/wp\/v2\/posts"}],"about":[{"href":"https:\/\/www.suno.com.br\/noticias\/wp-json\/wp\/v2\/types\/post"}],"author":[{"embeddable":true,"href":"https:\/\/www.suno.com.br\/noticias\/wp-json\/wp\/v2\/users\/59"}],"replies":[{"embeddable":true,"href":"https:\/\/www.suno.com.br\/noticias\/wp-json\/wp\/v2\/comments?post=118358"}],"version-history":[{"count":0,"href":"https:\/\/www.suno.com.br\/noticias\/wp-json\/wp\/v2\/posts\/118358\/revisions"}],"wp:featuredmedia":[{"embeddable":true,"href":"https:\/\/www.suno.com.br\/noticias\/wp-json\/wp\/v2\/media\/118375"}],"wp:attachment":[{"href":"https:\/\/www.suno.com.br\/noticias\/wp-json\/wp\/v2\/media?parent=118358"}],"wp:term":[{"taxonomy":"category","embeddable":true,"href":"https:\/\/www.suno.com.br\/noticias\/wp-json\/wp\/v2\/categories?post=118358"},{"taxonomy":"post_tag","embeddable":true,"href":"https:\/\/www.suno.com.br\/noticias\/wp-json\/wp\/v2\/tags?post=118358"},{"taxonomy":"suno_strategy","embeddable":true,"href":"https:\/\/www.suno.com.br\/noticias\/wp-json\/wp\/v2\/suno_strategy?post=118358"}],"curies":[{"name":"wp","href":"https:\/\/api.w.org\/{rel}","templated":true}]}}