{"id":118206,"date":"2021-02-02T18:29:38","date_gmt":"2021-02-02T21:29:38","guid":{"rendered":"https:\/\/www.suno.com.br\/noticias\/?p=118206"},"modified":"2021-02-03T10:14:42","modified_gmt":"2021-02-03T13:14:42","slug":"ceo-amazon-bezos-deixa-cargo","status":"publish","type":"post","link":"https:\/\/www.suno.com.br\/noticias\/ceo-amazon-bezos-deixa-cargo\/","title":{"rendered":"CEO da Amazon (AMZO34), Jeff Bezos, deixar\u00e1 o cargo"},"content":{"rendered":"<p>A <strong>Amazon<\/strong> (AMZO34) informou nesta ter\u00e7a-feira (2) que o CEO e fundador, <strong><a href=\"https:\/\/www.suno.com.br\/tudo-sobre\/jeff-bezos\/#:~:text=Jeff%20Bezos%20%C3%A9%20o%20empres%C3%A1rio,Bezos%20%C3%A9%20US%24%20151%20bilh%C3%B5es.\">Jeff Bezos<\/a><\/strong>, deixar\u00e1 o cargo at\u00e9 o terceiro trimestre deste ano.<\/p>\t<div class=\"wrapper-featured-image\">\n\t\t<figure class=\"spotlightImg\">\n\n\t\t\t<picture>\n\t\t\t\t<source media=\"(max-width: 768px)\" srcset=\"https:\/\/files.sunoresearch.com.br\/n\/uploads\/2021\/02\/fcdb8a2b-jeff-bezos-3-400x200.webp\">\n\t\t\t\t<img loading=\"lazy\" decoding=\"async\" class=\"newsContent__article__imgCapa lazyloadDisabled \" src=\"https:\/\/files.sunoresearch.com.br\/n\/uploads\/2021\/02\/fcdb8a2b-jeff-bezos-3-800x450.webp\" width=\"800\" height=\"450\" alt=\"CEO da Amazon (AMZO34), Jeff Bezos, deixar\u00e1 o cargo\" fetchpriority=high \/>\n\t\t\t<\/picture>\n\n\t\t\t<figcaption class=\"wp-caption-text wp-caption-text--show\">CEO da Amazon (AMZO34), Jeff Bezos, deixar\u00e1 o cargo<\/figcaption>\n\t\t<\/figure>\n\t<\/div>\n\n\n\t<p>\n\t\t<a href=\"https:\/\/lp.suno.com.br\/ebook-como-analisar-uma-acao\/\" target=\"_blank\" data-element=\"shortcode-suno-banner\" title=\"Banner SUNO, clique e saiba mais\">\n\t\t\t<picture>\n\t\t\t\t<source media=\"(max-width: 500px)\" srcset=\"https:\/\/files.sunoresearch.com.br\/n\/uploads\/2023\/03\/Ebook-Acoes-Mobile.jpg\">\n\t\t\t\t<img class=\"newsContent__article__imgCapa newsContent__article__imgCapa--banner\"\n\t\t\t\t\tsrc=\"https:\/\/files.sunoresearch.com.br\/n\/uploads\/2023\/03\/Ebook-Acoes-Desktop.jpg\"\n\t\t\t\t\tdata-promo-id=\"378302\"\t\t\t\t\t\t\t\t\t\twidth='1420' height='286'\t\t\t\t\talt=\"https:\/\/files.sunoresearch.com.br\/n\/uploads\/2023\/03\/Ebook-Acoes-Desktop.jpg\"\n\t\t\t\t>\n\t\t\t<\/picture>\n\t\t<\/a>\n\t<\/p>\n\n\n<p>De acordo com o comunicado da empresa, Andy Jassy ocupar\u00e1 a posi\u00e7\u00e3o de Bezos. Atualmente,\u00a0Jassy \u00e9<strong>\u00a0CEO da Amazon<\/strong> Web Services, neg\u00f3cio de computa\u00e7\u00e3o em nuvem da companhia.<\/p>\n<p>&#8220;Tenho o prazer de anunciar que neste terceiro trimestre farei a transi\u00e7\u00e3o para Presidente Executivo do Conselho da Amazon e <strong>Andy Jassy<\/strong> se tornar\u00e1 CEO. Na fun\u00e7\u00e3o de Presidente Executivo, pretendo concentrar minhas energias e aten\u00e7\u00e3o em novos produtos e iniciativas iniciais. Andy \u00e9 bem conhecido dentro da empresa e est\u00e1 na Amazon h\u00e1 quase tanto tempo quanto eu. Ele ser\u00e1 um l\u00edder not\u00e1vel e tem toda a minha confian\u00e7a&#8221;, declara Bezos em comunicado.<\/p>\n<style>@media screen and (max-width: 640px){#og_iframe{height: 500px;width:100%;}}@media screen and (min-width: 641px) and (max-width: 1024px){#og_iframe{height: 500px;width:100%;}}@media screen and (min-width: 1025px){#og_iframe{height: 700px;width:100%;}}<\/style>\n<div id='og_iframe' style='-webkit-overflow-scrolling: touch; overflow: auto;'><iframe title=\"Quiz dos investimentos\" src='https:\/\/sunoresearch289.outgrow.us\/60141a969004bb2e956386a8' style='border: none; overflow: hidden; width:100%; height: calc(100% - 31px);' scrolling='yes'><\/iframe><\/div>\n<p>Ap\u00f3s o an\u00fancio, as a\u00e7\u00f5es da empresa avan\u00e7aram 1,11% no <a href=\"https:\/\/www.suno.com.br\/artigos\/after-market\/\">after market<\/a> da Bolsa de Valores de Nova Iorque.<\/p>\n<p><a href=\"https:\/\/lp.suno.com.br\/suno-one\/\">Suno One: acesse gratuitamente eBooks, Minicursos, Artigos e Video Aulas sobre investimentos com um \u00fanico cadastro. Clique para saber mais!<\/a><\/p>\n<p>Confira o e-mail de Bezos aos funcion\u00e1rios da companhia:<\/p>\n<p><iframe loading=\"lazy\" id=\"doc_49636\" class=\"scribd_iframe_embed\" title=\"amzn-jeff\" src=\"https:\/\/pt.scribd.com\/embeds\/493118264\/content?start_page=1&amp;view_mode=scroll&amp;access_key=key-BH7VFDSKAqCRCaMdH3rc\" width=\"600\" height=\"800\" frameborder=\"0\" scrolling=\"no\" data-auto-height=\"false\" data-aspect-ratio=\"0.7080062794348508\"><\/iframe><\/p>\n<h2>Amazon apresenta vendas acima de US$ 100 bi pela 1\u00aa vez<\/h2>\n<p>Al\u00e9m do an\u00fancio de Bezos, a <strong>Amazon<\/strong> ainda reportou na noite desta ter\u00e7a-feira (2) mais uma rodada de resultados trimestrais, com a gigante do e-commerce atingindo um <a href=\"https:\/\/www.suno.com.br\/artigos\/lucro-liquido\/\">lucro l\u00edquido<\/a> de US$ 7,2 bilh\u00f5es (isto \u00e9, R$ 38,59 bilh\u00f5es) nos \u00faltimos meses de 2020, contra US$ 3,3 bilh\u00f5es de 2019.<\/p>\n<p>O resultado representa um <a href=\"https:\/\/www.suno.com.br\/artigos\/lucro-por-acao\/\">lucro por a\u00e7\u00e3o (LPA)<\/a> de US$ 14,09 no quarto trimestre do ano passado, superando em muito a expectativa dos analistas consultados pela\u00a0<em>Bloomberg<\/em>, de US$ 7,34. Nos \u00faltimos meses de 2019, o <strong>lucro por a\u00e7\u00e3o da Amazon <\/strong>foi de US$ 6,47.<\/p>\n<p>A companhia tamb\u00e9m gerou mais de US$ 100 bilh\u00f5es em receitas pela primeira vez na hist\u00f3ria. De outubro a dezembro, as vendas da empresa atingiram US$ 125,6 bilh\u00f5es, contra US$ 119,7 bilh\u00f5es projetados pelos analistas e US$ 87,4 bilh\u00f5es no mesmo per\u00edodo do \u00faltimo ano.<\/p>\n\t<div data-element=\"shortcode-read-more\" class=\"knowMore\">\n\t\t\t\t<span class=\"knowMore__title\">Leia tamb\u00e9m<\/span>\n\t\t\t\t<a class=\"knowMore__link\" href=\"https:\/\/www.suno.com.br\/noticias\/amazon-amzo34-vendas-acima-us100bi\/\">\n\t\t\tAmazon (AMZO34) apresenta vendas acima de US$ 100 bi pela 1\u00aa vez na hist\u00f3ria\t\t<\/a>\n\t<\/div>\n\n\n<p>Em seu guidance para o primeiro trimestre de 2021, a Amazon informou que espera uma receita entre US$ 100,00 bilh\u00f5es e US$ 106,00 bilh\u00f5es, o que corresponde a um crescimento de 33% e 40%, respectivamente, na base anualizada.<\/p>\n<h2>\u00daltima cota\u00e7\u00e3o<\/h2>\n<p>Os <strong>BDRs<\/strong> da companhia de<strong> Bezos, <\/strong>a<strong> Amazon,<\/strong> encerraram o preg\u00e3o em uma alta de 1,03%, a R$ 117,30. Al\u00e9m disso, nos Estados Unidos, negociada no Nasdaq pelo ticker &#8216;AMZN&#8217;, a empresa encerrou cotada a US$ 3.380,00, em uma alta de 1,1%.<\/p>\n\t<p>\n\t\t<a href=\"https:\/\/lp.suno.com.br\/planilha-de-controle-de-investimentos\/\" target=\"_blank\" data-element=\"shortcode-suno-banner\" title=\"Banner SUNO, clique e saiba mais\">\n\t\t\t<picture>\n\t\t\t\t<source media=\"(max-width: 500px)\" srcset=\"https:\/\/files.sunoresearch.com.br\/n\/uploads\/2023\/03\/400x300-Controle-de-Investimentos.png\">\n\t\t\t\t<img class=\"newsContent__article__imgCapa newsContent__article__imgCapa--banner\"\n\t\t\t\t\tsrc=\"https:\/\/files.sunoresearch.com.br\/n\/uploads\/2023\/03\/1420x240-Controle-de-Investimentos.png\"\n\t\t\t\t\tdata-promo-id=\"75934\"\t\t\t\t\t\t\t\t\t\twidth='1420' height='240'\t\t\t\t\talt=\"https:\/\/files.sunoresearch.com.br\/n\/uploads\/2023\/03\/1420x240-Controle-de-Investimentos.png\"\n\t\t\t\t>\n\t\t\t<\/picture>\n\t\t<\/a>\n\t<\/p>\n\n\n","protected":false},"excerpt":{"rendered":"<p>A Amazon (AMZO34) informou nesta ter\u00e7a-feira (2) que o CEO e fundador, Jeff Bezos, deixar\u00e1 o cargo at\u00e9 o terceiro trimestre deste ano. CEO da Amazon (AMZO34), Jeff Bezos, deixar\u00e1 o cargo De acordo com o comunicado da empresa, Andy Jassy ocupar\u00e1 a posi\u00e7\u00e3o de Bezos. Atualmente,\u00a0Jassy \u00e9\u00a0CEO da Amazon Web Services, neg\u00f3cio de computa\u00e7\u00e3o [&hellip;]<\/p>\n","protected":false},"author":56,"featured_media":118268,"comment_status":"closed","ping_status":"closed","sticky":false,"template":"","format":"standard","meta":[],"categories":[64],"tags":[694,695],"suno_strategy":[],"class_list":["post-118206","post","type-post","status-publish","format-standard","has-post-thumbnail","hentry","category-negocios","tag-amazon-amzo34","tag-jeff-bezos"],"yoast_head":"<!-- This site is optimized with the Yoast SEO plugin v24.4 - https:\/\/yoast.com\/wordpress\/plugins\/seo\/ -->\n<title>CEO da Amazon (AMZO34), Jeff Bezos, anuncia que deixar\u00e1 o cargo<\/title>\n<meta name=\"description\" content=\"Andy Jassy, CEO da Amazon Web Services, ocupar\u00e1 a posi\u00e7\u00e3o de Bezos, segundo informou a empresa nesta ter\u00e7a-feira. Clique aqui para saber mais.\" \/>\n<meta name=\"robots\" content=\"index, follow, max-snippet:-1, max-image-preview:large, max-video-preview:-1\" \/>\n<link rel=\"canonical\" href=\"https:\/\/www.suno.com.br\/noticias\/ceo-amazon-bezos-deixa-cargo\/\" \/>\n<meta property=\"og:locale\" content=\"pt_BR\" \/>\n<meta property=\"og:type\" content=\"article\" \/>\n<meta property=\"og:title\" content=\"CEO da Amazon (AMZO34), Jeff Bezos, anuncia que deixar\u00e1 o cargo\" \/>\n<meta property=\"og:description\" content=\"Andy Jassy, CEO da Amazon Web Services, ocupar\u00e1 a posi\u00e7\u00e3o de Bezos, segundo informou a empresa nesta ter\u00e7a-feira. Clique aqui para saber mais.\" \/>\n<meta property=\"og:url\" content=\"https:\/\/www.suno.com.br\/noticias\/ceo-amazon-bezos-deixa-cargo\/\" \/>\n<meta property=\"og:site_name\" content=\"Suno Not\u00edcias\" \/>\n<meta property=\"article:publisher\" content=\"https:\/\/facebook.com\/sunoresearch\" \/>\n<meta property=\"og:image\" content=\"https:\/\/files.sunoresearch.com.br\/n\/uploads\/2021\/02\/fcdb8a2b-jeff-bezos-3.jpg\" \/>\n\t<meta property=\"og:image:width\" content=\"1200\" \/>\n\t<meta property=\"og:image:height\" content=\"750\" \/>\n\t<meta property=\"og:image:type\" content=\"image\/jpeg\" \/>\n<meta name=\"author\" content=\"Rafaela La Regina\" \/>\n<meta name=\"twitter:card\" content=\"summary_large_image\" \/>\n<meta name=\"twitter:creator\" content=\"@sunoresearch\" \/>\n<meta name=\"twitter:site\" content=\"@sunoresearch\" \/>\n<meta name=\"twitter:label1\" content=\"Escrito por\" \/>\n\t<meta name=\"twitter:data1\" content=\"Rafaela La Regina\" \/>\n\t<meta name=\"twitter:label2\" content=\"Est. tempo de leitura\" \/>\n\t<meta name=\"twitter:data2\" content=\"2 minutos\" \/>\n<script type=\"application\/ld+json\" class=\"yoast-schema-graph\">{\"@context\":\"https:\/\/schema.org\",\"@graph\":[{\"@type\":\"NewsArticle\",\"@id\":\"https:\/\/www.suno.com.br\/noticias\/ceo-amazon-bezos-deixa-cargo\/#article\",\"isPartOf\":{\"@id\":\"https:\/\/www.suno.com.br\/noticias\/ceo-amazon-bezos-deixa-cargo\/\"},\"author\":{\"name\":\"Rafaela La Regina\",\"@id\":\"https:\/\/www.suno.com.br\/noticias\/#\/schema\/person\/e672ca8cea627fe715fa29bca7da95e0\"},\"headline\":\"CEO da Amazon (AMZO34), Jeff Bezos, deixar\u00e1 o cargo\",\"datePublished\":\"2021-02-02T21:29:38+00:00\",\"dateModified\":\"2021-02-03T13:14:42+00:00\",\"mainEntityOfPage\":{\"@id\":\"https:\/\/www.suno.com.br\/noticias\/ceo-amazon-bezos-deixa-cargo\/\"},\"wordCount\":435,\"publisher\":{\"@id\":\"https:\/\/www.suno.com.br\/noticias\/#organization\"},\"image\":{\"@id\":\"https:\/\/www.suno.com.br\/noticias\/ceo-amazon-bezos-deixa-cargo\/#primaryimage\"},\"thumbnailUrl\":\"https:\/\/files.sunoresearch.com.br\/n\/uploads\/2021\/02\/fcdb8a2b-jeff-bezos-3-jpg.webp\",\"keywords\":[\"Amazon (AMZO34)\",\"Jeff Bezos\"],\"articleSection\":[\"Neg\u00f3cios\"],\"inLanguage\":\"pt-BR\"},{\"@type\":\"WebPage\",\"@id\":\"https:\/\/www.suno.com.br\/noticias\/ceo-amazon-bezos-deixa-cargo\/\",\"url\":\"https:\/\/www.suno.com.br\/noticias\/ceo-amazon-bezos-deixa-cargo\/\",\"name\":\"CEO da Amazon (AMZO34), Jeff Bezos, anuncia que deixar\u00e1 o cargo\",\"isPartOf\":{\"@id\":\"https:\/\/www.suno.com.br\/noticias\/#website\"},\"primaryImageOfPage\":{\"@id\":\"https:\/\/www.suno.com.br\/noticias\/ceo-amazon-bezos-deixa-cargo\/#primaryimage\"},\"image\":{\"@id\":\"https:\/\/www.suno.com.br\/noticias\/ceo-amazon-bezos-deixa-cargo\/#primaryimage\"},\"thumbnailUrl\":\"https:\/\/files.sunoresearch.com.br\/n\/uploads\/2021\/02\/fcdb8a2b-jeff-bezos-3-jpg.webp\",\"datePublished\":\"2021-02-02T21:29:38+00:00\",\"dateModified\":\"2021-02-03T13:14:42+00:00\",\"description\":\"Andy Jassy, CEO da Amazon Web Services, ocupar\u00e1 a posi\u00e7\u00e3o de Bezos, segundo informou a empresa nesta ter\u00e7a-feira. Clique aqui para saber mais.\",\"breadcrumb\":{\"@id\":\"https:\/\/www.suno.com.br\/noticias\/ceo-amazon-bezos-deixa-cargo\/#breadcrumb\"},\"inLanguage\":\"pt-BR\",\"potentialAction\":[{\"@type\":\"ReadAction\",\"target\":[\"https:\/\/www.suno.com.br\/noticias\/ceo-amazon-bezos-deixa-cargo\/\"]}]},{\"@type\":\"ImageObject\",\"inLanguage\":\"pt-BR\",\"@id\":\"https:\/\/www.suno.com.br\/noticias\/ceo-amazon-bezos-deixa-cargo\/#primaryimage\",\"url\":\"https:\/\/files.sunoresearch.com.br\/n\/uploads\/2021\/02\/fcdb8a2b-jeff-bezos-3-jpg.webp\",\"contentUrl\":\"https:\/\/files.sunoresearch.com.br\/n\/uploads\/2021\/02\/fcdb8a2b-jeff-bezos-3-jpg.webp\",\"width\":1200,\"height\":750,\"caption\":\"CEO da Amazon (AMZO34), Jeff Bezos, deixar\u00e1 o cargo\"},{\"@type\":\"BreadcrumbList\",\"@id\":\"https:\/\/www.suno.com.br\/noticias\/ceo-amazon-bezos-deixa-cargo\/#breadcrumb\",\"itemListElement\":[{\"@type\":\"ListItem\",\"position\":1,\"name\":\"Not\u00edcias\",\"item\":\"https:\/\/www.suno.com.br\/noticias\/\"},{\"@type\":\"ListItem\",\"position\":2,\"name\":\"Neg\u00f3cios\",\"item\":\"https:\/\/www.suno.com.br\/noticias\/negocios\/\"},{\"@type\":\"ListItem\",\"position\":3,\"name\":\"CEO da Amazon (AMZO34), Jeff Bezos, deixar\u00e1 o cargo\"}]},{\"@type\":\"WebSite\",\"@id\":\"https:\/\/www.suno.com.br\/noticias\/#website\",\"url\":\"https:\/\/www.suno.com.br\/noticias\/\",\"name\":\"Suno Not\u00edcias\",\"description\":\"Seu portal de informa\u00e7\u00e3o sobre o mundo dos investimentos\",\"publisher\":{\"@id\":\"https:\/\/www.suno.com.br\/noticias\/#organization\"},\"potentialAction\":[{\"@type\":\"SearchAction\",\"target\":{\"@type\":\"EntryPoint\",\"urlTemplate\":\"https:\/\/www.suno.com.br\/noticias\/?s={search_term_string}\"},\"query-input\":{\"@type\":\"PropertyValueSpecification\",\"valueRequired\":true,\"valueName\":\"search_term_string\"}}],\"inLanguage\":\"pt-BR\"},{\"@type\":\"Organization\",\"@id\":\"https:\/\/www.suno.com.br\/noticias\/#organization\",\"name\":\"Suno Not\u00edcias\",\"url\":\"https:\/\/www.suno.com.br\/noticias\/\",\"logo\":{\"@type\":\"ImageObject\",\"inLanguage\":\"pt-BR\",\"@id\":\"https:\/\/www.suno.com.br\/noticias\/#\/schema\/logo\/image\/\",\"url\":\"https:\/\/files.sunoresearch.com.br\/n\/uploads\/2021\/09\/suno-logo.png\",\"contentUrl\":\"https:\/\/files.sunoresearch.com.br\/n\/uploads\/2021\/09\/suno-logo.png\",\"width\":180,\"height\":180,\"caption\":\"Suno Not\u00edcias\"},\"image\":{\"@id\":\"https:\/\/www.suno.com.br\/noticias\/#\/schema\/logo\/image\/\"},\"sameAs\":[\"https:\/\/facebook.com\/sunoresearch\",\"https:\/\/x.com\/sunoresearch\",\"https:\/\/www.instagram.com\/suno\",\"https:\/\/www.linkedin.com\/company\/suno-research\/\",\"https:\/\/www.youtube.com\/c\/sunoresearch\"]},{\"@type\":\"Person\",\"@id\":\"https:\/\/www.suno.com.br\/noticias\/#\/schema\/person\/e672ca8cea627fe715fa29bca7da95e0\",\"name\":\"Rafaela La Regina\",\"image\":{\"@type\":\"ImageObject\",\"inLanguage\":\"pt-BR\",\"@id\":\"https:\/\/www.suno.com.br\/noticias\/#\/schema\/person\/image\/\",\"url\":\"https:\/\/secure.gravatar.com\/avatar\/d2c75a52d243deb93d0465fdcb21bd37?s=96&r=g\",\"contentUrl\":\"https:\/\/secure.gravatar.com\/avatar\/d2c75a52d243deb93d0465fdcb21bd37?s=96&r=g\",\"caption\":\"Rafaela La Regina\"},\"description\":\"Estagi\u00e1ria no Suno Not\u00edcias. Escreve sobre economia, pol\u00edtica e neg\u00f3cios. Estuda Rela\u00e7\u00f5es Internacionais no IBMEC-SP.\",\"url\":\"https:\/\/www.suno.com.br\/noticias\/author\/rafaela-la-regina\/\"}]}<\/script>\n<!-- \/ Yoast SEO plugin. -->","yoast_head_json":{"title":"CEO da Amazon (AMZO34), Jeff Bezos, anuncia que deixar\u00e1 o cargo","description":"Andy Jassy, CEO da Amazon Web Services, ocupar\u00e1 a posi\u00e7\u00e3o de Bezos, segundo informou a empresa nesta ter\u00e7a-feira. Clique aqui para saber mais.","robots":{"index":"index","follow":"follow","max-snippet":"max-snippet:-1","max-image-preview":"max-image-preview:large","max-video-preview":"max-video-preview:-1"},"canonical":"https:\/\/www.suno.com.br\/noticias\/ceo-amazon-bezos-deixa-cargo\/","og_locale":"pt_BR","og_type":"article","og_title":"CEO da Amazon (AMZO34), Jeff Bezos, anuncia que deixar\u00e1 o cargo","og_description":"Andy Jassy, CEO da Amazon Web Services, ocupar\u00e1 a posi\u00e7\u00e3o de Bezos, segundo informou a empresa nesta ter\u00e7a-feira. Clique aqui para saber mais.","og_url":"https:\/\/www.suno.com.br\/noticias\/ceo-amazon-bezos-deixa-cargo\/","og_site_name":"Suno Not\u00edcias","article_publisher":"https:\/\/facebook.com\/sunoresearch","og_image":[{"width":1200,"height":750,"url":"https:\/\/files.sunoresearch.com.br\/n\/uploads\/2021\/02\/fcdb8a2b-jeff-bezos-3.jpg","type":"image\/jpeg"}],"author":"Rafaela La Regina","twitter_card":"summary_large_image","twitter_creator":"@sunoresearch","twitter_site":"@sunoresearch","twitter_misc":{"Escrito por":"Rafaela La Regina","Est. tempo de leitura":"2 minutos"},"schema":{"@context":"https:\/\/schema.org","@graph":[{"@type":"NewsArticle","@id":"https:\/\/www.suno.com.br\/noticias\/ceo-amazon-bezos-deixa-cargo\/#article","isPartOf":{"@id":"https:\/\/www.suno.com.br\/noticias\/ceo-amazon-bezos-deixa-cargo\/"},"author":{"name":"Rafaela La Regina","@id":"https:\/\/www.suno.com.br\/noticias\/#\/schema\/person\/e672ca8cea627fe715fa29bca7da95e0"},"headline":"CEO da Amazon (AMZO34), Jeff Bezos, deixar\u00e1 o cargo","datePublished":"2021-02-02T21:29:38+00:00","dateModified":"2021-02-03T13:14:42+00:00","mainEntityOfPage":{"@id":"https:\/\/www.suno.com.br\/noticias\/ceo-amazon-bezos-deixa-cargo\/"},"wordCount":435,"publisher":{"@id":"https:\/\/www.suno.com.br\/noticias\/#organization"},"image":{"@id":"https:\/\/www.suno.com.br\/noticias\/ceo-amazon-bezos-deixa-cargo\/#primaryimage"},"thumbnailUrl":"https:\/\/files.sunoresearch.com.br\/n\/uploads\/2021\/02\/fcdb8a2b-jeff-bezos-3-jpg.webp","keywords":["Amazon (AMZO34)","Jeff Bezos"],"articleSection":["Neg\u00f3cios"],"inLanguage":"pt-BR"},{"@type":"WebPage","@id":"https:\/\/www.suno.com.br\/noticias\/ceo-amazon-bezos-deixa-cargo\/","url":"https:\/\/www.suno.com.br\/noticias\/ceo-amazon-bezos-deixa-cargo\/","name":"CEO da Amazon (AMZO34), Jeff Bezos, anuncia que deixar\u00e1 o cargo","isPartOf":{"@id":"https:\/\/www.suno.com.br\/noticias\/#website"},"primaryImageOfPage":{"@id":"https:\/\/www.suno.com.br\/noticias\/ceo-amazon-bezos-deixa-cargo\/#primaryimage"},"image":{"@id":"https:\/\/www.suno.com.br\/noticias\/ceo-amazon-bezos-deixa-cargo\/#primaryimage"},"thumbnailUrl":"https:\/\/files.sunoresearch.com.br\/n\/uploads\/2021\/02\/fcdb8a2b-jeff-bezos-3-jpg.webp","datePublished":"2021-02-02T21:29:38+00:00","dateModified":"2021-02-03T13:14:42+00:00","description":"Andy Jassy, CEO da Amazon Web Services, ocupar\u00e1 a posi\u00e7\u00e3o de Bezos, segundo informou a empresa nesta ter\u00e7a-feira. Clique aqui para saber mais.","breadcrumb":{"@id":"https:\/\/www.suno.com.br\/noticias\/ceo-amazon-bezos-deixa-cargo\/#breadcrumb"},"inLanguage":"pt-BR","potentialAction":[{"@type":"ReadAction","target":["https:\/\/www.suno.com.br\/noticias\/ceo-amazon-bezos-deixa-cargo\/"]}]},{"@type":"ImageObject","inLanguage":"pt-BR","@id":"https:\/\/www.suno.com.br\/noticias\/ceo-amazon-bezos-deixa-cargo\/#primaryimage","url":"https:\/\/files.sunoresearch.com.br\/n\/uploads\/2021\/02\/fcdb8a2b-jeff-bezos-3-jpg.webp","contentUrl":"https:\/\/files.sunoresearch.com.br\/n\/uploads\/2021\/02\/fcdb8a2b-jeff-bezos-3-jpg.webp","width":1200,"height":750,"caption":"CEO da Amazon (AMZO34), Jeff Bezos, deixar\u00e1 o cargo"},{"@type":"BreadcrumbList","@id":"https:\/\/www.suno.com.br\/noticias\/ceo-amazon-bezos-deixa-cargo\/#breadcrumb","itemListElement":[{"@type":"ListItem","position":1,"name":"Not\u00edcias","item":"https:\/\/www.suno.com.br\/noticias\/"},{"@type":"ListItem","position":2,"name":"Neg\u00f3cios","item":"https:\/\/www.suno.com.br\/noticias\/negocios\/"},{"@type":"ListItem","position":3,"name":"CEO da Amazon (AMZO34), Jeff Bezos, deixar\u00e1 o cargo"}]},{"@type":"WebSite","@id":"https:\/\/www.suno.com.br\/noticias\/#website","url":"https:\/\/www.suno.com.br\/noticias\/","name":"Suno Not\u00edcias","description":"Seu portal de informa\u00e7\u00e3o sobre o mundo dos investimentos","publisher":{"@id":"https:\/\/www.suno.com.br\/noticias\/#organization"},"potentialAction":[{"@type":"SearchAction","target":{"@type":"EntryPoint","urlTemplate":"https:\/\/www.suno.com.br\/noticias\/?s={search_term_string}"},"query-input":{"@type":"PropertyValueSpecification","valueRequired":true,"valueName":"search_term_string"}}],"inLanguage":"pt-BR"},{"@type":"Organization","@id":"https:\/\/www.suno.com.br\/noticias\/#organization","name":"Suno Not\u00edcias","url":"https:\/\/www.suno.com.br\/noticias\/","logo":{"@type":"ImageObject","inLanguage":"pt-BR","@id":"https:\/\/www.suno.com.br\/noticias\/#\/schema\/logo\/image\/","url":"https:\/\/files.sunoresearch.com.br\/n\/uploads\/2021\/09\/suno-logo.png","contentUrl":"https:\/\/files.sunoresearch.com.br\/n\/uploads\/2021\/09\/suno-logo.png","width":180,"height":180,"caption":"Suno Not\u00edcias"},"image":{"@id":"https:\/\/www.suno.com.br\/noticias\/#\/schema\/logo\/image\/"},"sameAs":["https:\/\/facebook.com\/sunoresearch","https:\/\/x.com\/sunoresearch","https:\/\/www.instagram.com\/suno","https:\/\/www.linkedin.com\/company\/suno-research\/","https:\/\/www.youtube.com\/c\/sunoresearch"]},{"@type":"Person","@id":"https:\/\/www.suno.com.br\/noticias\/#\/schema\/person\/e672ca8cea627fe715fa29bca7da95e0","name":"Rafaela La Regina","image":{"@type":"ImageObject","inLanguage":"pt-BR","@id":"https:\/\/www.suno.com.br\/noticias\/#\/schema\/person\/image\/","url":"https:\/\/secure.gravatar.com\/avatar\/d2c75a52d243deb93d0465fdcb21bd37?s=96&r=g","contentUrl":"https:\/\/secure.gravatar.com\/avatar\/d2c75a52d243deb93d0465fdcb21bd37?s=96&r=g","caption":"Rafaela La Regina"},"description":"Estagi\u00e1ria no Suno Not\u00edcias. Escreve sobre economia, pol\u00edtica e neg\u00f3cios. Estuda Rela\u00e7\u00f5es Internacionais no IBMEC-SP.","url":"https:\/\/www.suno.com.br\/noticias\/author\/rafaela-la-regina\/"}]}},"default_loop_html":"<div class=\"cardsPage__listCard__boxs\"><div class=\"cardsPage__listCard__boxs__img\"><a href=\"https:\/\/www.suno.com.br\/noticias\/ceo-amazon-bezos-deixa-cargo\/\"><img class=\"mask\" src=\"https:\/\/www.suno.com.br\/noticias\/wp-content\/themes\/suno\/resources\/images\/spotlight\/spotlight1img\/bg-mask.png\" alt=\"Image Mask\"\/><img src=\"https:\/\/files.sunoresearch.com.br\/n\/uploads\/2021\/02\/fcdb8a2b-jeff-bezos-3-400x200.webp\" alt=\"CEO da Amazon (AMZO34), Jeff Bezos, deixar\u00e1 o cargo\"\/><\/a><span class=\"spotlightCategory\"><a href=\"https:\/\/www.suno.com.br\/noticias\/negocios\/\">Neg\u00f3cios<\/a><\/span><\/div><div class=\"cardsPage__listCard__boxs__content\"><a href=\"https:\/\/www.suno.com.br\/noticias\/ceo-amazon-bezos-deixa-cargo\/\"><h2 class=\"content__title\">CEO da Amazon (AMZO34), Jeff Bezos, deixar\u00e1 o cargo<\/h2><\/a><div class=\"newsContent__article__meta\"><div class=\"newsContent__article__meta__authorBox\"><a href=\"https:\/\/www.suno.com.br\/noticias\/author\/rafaela-la-regina\/\" class=\"authorBox__avatar noMobi\"><img src=\"https:\/\/secure.gravatar.com\/avatar\/d2c75a52d243deb93d0465fdcb21bd37?s=96&#038;r=g\" alt=\"Rafaela La Regina\"><\/a><div class=\"authorBox__name\"><span>por\n\t\t\t<a href=\"https:\/\/www.suno.com.br\/noticias\/author\/rafaela-la-regina\/\"><span itemprop=\"author\">Rafaela La Regina<\/span><\/a><\/span><time datetime=\"2021-02-02T18:29:38-03:00\" itemprop=\"datePublished\">02\/02\/2021 18:29<\/time><\/div><\/div><\/div><\/div><\/div>","single_layout":"posts","amp_enabled":true,"_links":{"self":[{"href":"https:\/\/www.suno.com.br\/noticias\/wp-json\/wp\/v2\/posts\/118206"}],"collection":[{"href":"https:\/\/www.suno.com.br\/noticias\/wp-json\/wp\/v2\/posts"}],"about":[{"href":"https:\/\/www.suno.com.br\/noticias\/wp-json\/wp\/v2\/types\/post"}],"author":[{"embeddable":true,"href":"https:\/\/www.suno.com.br\/noticias\/wp-json\/wp\/v2\/users\/56"}],"replies":[{"embeddable":true,"href":"https:\/\/www.suno.com.br\/noticias\/wp-json\/wp\/v2\/comments?post=118206"}],"version-history":[{"count":0,"href":"https:\/\/www.suno.com.br\/noticias\/wp-json\/wp\/v2\/posts\/118206\/revisions"}],"wp:featuredmedia":[{"embeddable":true,"href":"https:\/\/www.suno.com.br\/noticias\/wp-json\/wp\/v2\/media\/118268"}],"wp:attachment":[{"href":"https:\/\/www.suno.com.br\/noticias\/wp-json\/wp\/v2\/media?parent=118206"}],"wp:term":[{"taxonomy":"category","embeddable":true,"href":"https:\/\/www.suno.com.br\/noticias\/wp-json\/wp\/v2\/categories?post=118206"},{"taxonomy":"post_tag","embeddable":true,"href":"https:\/\/www.suno.com.br\/noticias\/wp-json\/wp\/v2\/tags?post=118206"},{"taxonomy":"suno_strategy","embeddable":true,"href":"https:\/\/www.suno.com.br\/noticias\/wp-json\/wp\/v2\/suno_strategy?post=118206"}],"curies":[{"name":"wp","href":"https:\/\/api.w.org\/{rel}","templated":true}]}}