{"id":118116,"date":"2021-02-02T15:44:48","date_gmt":"2021-02-02T18:44:48","guid":{"rendered":"https:\/\/www.suno.com.br\/noticias\/?p=118116"},"modified":"2021-02-02T15:44:48","modified_gmt":"2021-02-02T18:44:48","slug":"tesla-recall-135-mil-carros","status":"publish","type":"post","link":"https:\/\/www.suno.com.br\/noticias\/tesla-recall-135-mil-carros\/","title":{"rendered":"Tesla chama recall de 135 mil carros ap\u00f3s press\u00e3o de \u00f3rg\u00e3o regulador"},"content":{"rendered":"<p>A <strong>Tesla<\/strong> (<a href=\"https:\/\/www.suno.com.br\/artigos\/nasdaq\/\">NASDAQ: TSLA<\/a>) far\u00e1 um recall em 134,9 mil ve\u00edculos dos modelos Model S e Model X, em fun\u00e7\u00e3o de falha na tela sens\u00edvel ao toque. A convoca\u00e7\u00e3o ocorre ap\u00f3s a press\u00e3o do <em>National Highway Traffic Safety Administration<\/em> (NHTSA), \u00f3rg\u00e3o regulador norte-americano.<\/p>\t<div class=\"wrapper-featured-image\">\n\t\t<figure class=\"spotlightImg\">\n\n\t\t\t<picture>\n\t\t\t\t<source media=\"(max-width: 768px)\" srcset=\"https:\/\/files.sunoresearch.com.br\/n\/uploads\/2021\/02\/121f9878-model-s-1_29012021_41118_1280_960-400x200.webp\">\n\t\t\t\t<img loading=\"lazy\" decoding=\"async\" class=\"newsContent__article__imgCapa lazyloadDisabled \" src=\"https:\/\/files.sunoresearch.com.br\/n\/uploads\/2021\/02\/121f9878-model-s-1_29012021_41118_1280_960-800x450.webp\" width=\"800\" height=\"450\" alt=\"Tesla chama recall de 135 mil carros ap\u00f3s press\u00e3o de \u00f3rg\u00e3o regulador\" fetchpriority=high \/>\n\t\t\t<\/picture>\n\n\t\t\t<figcaption class=\"wp-caption-text wp-caption-text--show\">A Tesla far\u00e1 um recall em 134,9 mil ve\u00edculos dos modelos Model S e Model X, em fun\u00e7\u00e3o de falha na tela sens\u00edvel ao toque. <\/figcaption>\n\t\t<\/figure>\n\t<\/div>\n\n\n\t<p>\n\t\t<a href=\"https:\/\/lp.suno.com.br\/ebook-como-analisar-uma-acao\/\" target=\"_blank\" data-element=\"shortcode-suno-banner\" title=\"Banner SUNO, clique e saiba mais\">\n\t\t\t<picture>\n\t\t\t\t<source media=\"(max-width: 500px)\" srcset=\"https:\/\/files.sunoresearch.com.br\/n\/uploads\/2023\/03\/Ebook-Acoes-Mobile.jpg\">\n\t\t\t\t<img class=\"newsContent__article__imgCapa newsContent__article__imgCapa--banner\"\n\t\t\t\t\tsrc=\"https:\/\/files.sunoresearch.com.br\/n\/uploads\/2023\/03\/Ebook-Acoes-Desktop.jpg\"\n\t\t\t\t\tdata-promo-id=\"378302\"\t\t\t\t\t\t\t\t\t\twidth='1420' height='286'\t\t\t\t\talt=\"https:\/\/files.sunoresearch.com.br\/n\/uploads\/2023\/03\/Ebook-Acoes-Desktop.jpg\"\n\t\t\t\t>\n\t\t\t<\/picture>\n\t\t<\/a>\n\t<\/p>\n\n\n<p>Segundo a <strong>NHTSA<\/strong>, a tela de toque em alguns modelos da Tesla pode falhar quando o <a href=\"https:\/\/www.suno.com.br\/artigos\/dominio-da-tecnologia\/\">chip de mem\u00f3ria<\/a> fica sem capacidade de armazenamento. Isso pode causar a perda de imagens da c\u00e2mera traseira e desemba\u00e7amento e descongelamento do para-brisa, o que pode &#8220;diminuir a visibilidade do motorista em condi\u00e7\u00f5es clim\u00e1ticas adversas&#8221;.<\/p>\n<p>Os modeos do <strong>Model 3<\/strong> que sofrer\u00e3o os ajustes s\u00e3o os vendidos entre 2012 e 2018, enquanto os do <strong>Model X<\/strong> s\u00e3o os comercializados entre 2016 e 2018. A convoca\u00e7\u00e3o da NHTSA foi feita no dia 13 de janeiro.<\/p>\n<p><a href=\"https:\/\/lp.suno.com.br\/suno-one\/\"><span style=\"font-weight: 400;\">Suno One: acesse gratuitamente eBooks, Minicursos, Artigos e V\u00eddeo Aulas sobre investimentos com um \u00fanico cadastro. Clique para saber mais!<\/span><\/a><\/p>\n<p>De acordo com o \u00f3rg\u00e3o, o problema afetou cerca de 158 mil ve\u00edculos. A chamada, contudo, n\u00e3o cobre os ve\u00edculos que j\u00e1 foram reparados com uma mem\u00f3ria maior de chip ou tela sens\u00edvel ao toque de vers\u00e3o atualizada, o que faz com que o <strong>recall<\/strong> atue sobre um n\u00famero menor de ve\u00edculos.<\/p>\n<p>Em carta que veio a p\u00fablico nesta ter\u00e7a-feira (2), a Tesla disse aos reguladores federais que, por mais que discordasse de que o problema constitu\u00edsse um defeito nos carros, realizaria o recall para concluir a investiga\u00e7\u00e3o e fornecer uma experi\u00eancia melhor para os clientes.<\/p>\n\t<p>\n\t\t<a href=\"https:\/\/lp.suno.com.br\/planilha-controle-gastos\/\" target=\"_blank\" data-element=\"shortcode-suno-banner\" title=\"Banner SUNO, clique e saiba mais\">\n\t\t\t<picture>\n\t\t\t\t<source media=\"(max-width: 500px)\" srcset=\"https:\/\/files.sunoresearch.com.br\/n\/uploads\/2023\/03\/400x300-Planilha-controle-de-gastos.png\">\n\t\t\t\t<img class=\"newsContent__article__imgCapa newsContent__article__imgCapa--banner\"\n\t\t\t\t\tsrc=\"https:\/\/files.sunoresearch.com.br\/n\/uploads\/2023\/03\/1420x240-Planilha-controle-de-gastos.png\"\n\t\t\t\t\tdata-promo-id=\"101751\"\t\t\t\t\t\t\t\t\t\twidth='1420' height='240'\t\t\t\t\talt=\"https:\/\/files.sunoresearch.com.br\/n\/uploads\/2023\/03\/1420x240-Planilha-controle-de-gastos.png\"\n\t\t\t\t>\n\t\t\t<\/picture>\n\t\t<\/a>\n\t<\/p>\n\n\n<p>\u201c\u00c9 economicamente, se n\u00e3o tecnologicamente, invi\u00e1vel esperar que tais componentes possam ou devam ser projetados para durar toda a vida \u00fatil do ve\u00edculo\u201d, disse a companhia de <a href=\"https:\/\/www.suno.com.br\/tudo-sobre\/elon-musk\/\"><strong>Elon Musk<\/strong> <\/a>no comunicado.<\/p>\n<h2>N\u00e3o \u00e9 o primeiro recall da Tesla<\/h2>\n<p>Por mais que o recall seja modesto em rela\u00e7\u00e3o a outras medidas de <strong>seguran\u00e7a automotiva<\/strong>, por vezes cobradas pelo \u00f3rg\u00e3o regulador e que podem chegar a milh\u00f5es de unidades, a chamada corresponde a um n\u00famero relevante para a Tesla.<\/p>\n\t<div data-element=\"shortcode-read-more\" class=\"knowMore\">\n\t\t\t\t<span class=\"knowMore__title\">Leia tamb\u00e9m<\/span>\n\t\t\t\t<a class=\"knowMore__link\" href=\"https:\/\/www.suno.com.br\/noticias\/acoes-do-pao-de-acucar-pcar4-sobem-cisao-assai\/\">\n\t\t\tA\u00e7\u00f5es do P\u00e3o de A\u00e7\u00facar (PCAR4) sobem 14,8% com poss\u00edvel cis\u00e3o do Assa\u00ed\t\t<\/a>\n\t<\/div>\n\n\n<p>A companhia entregou pouco menos dos 500 mil ve\u00edulos prometidos em 2020 em termos globais, sendo que 40% desses foram comercializados nos <strong>Estados Unidos<\/strong>. Ou seja, 200 mil ve\u00edculos, pr\u00f3ximo do total de carros que ir\u00e3o ao recall, mesmo que sejam relativos a per\u00edodos de produ\u00e7\u00e3o diferentes.<\/p>\n<p>Essa n\u00e3o \u00e9 a primeira vez que a companhia chama um recall. Em 2018, a empresa teve de fazer o conserto de parafusos sens\u00edveis \u00e0 temperaturas frias em 123 mil carros do Model S.<\/p>\n<p>Segundo o jornal <em>The Wall Street Journal<\/em>, o recall deste ano pode custar entre US$ 200 milh\u00f5es e US$ 250 milh\u00f5es \u00e0 <strong>Tesla<\/strong>. Vale lembrar que a companhia registrou um <a href=\"https:\/\/www.suno.com.br\/artigos\/lucro-liquido\/\">lucro l\u00edquido<\/a> de US$ 721 milh\u00f5es em 2020.<\/p>\n\t<p>\n\t\t<a href=\"https:\/\/lp.suno.com.br\/planilha-de-controle-de-investimentos\/\" target=\"_blank\" data-element=\"shortcode-suno-banner\" title=\"Banner SUNO, clique e saiba mais\">\n\t\t\t<picture>\n\t\t\t\t<source media=\"(max-width: 500px)\" srcset=\"https:\/\/files.sunoresearch.com.br\/n\/uploads\/2023\/03\/400x300-Controle-de-Investimentos.png\">\n\t\t\t\t<img class=\"newsContent__article__imgCapa newsContent__article__imgCapa--banner\"\n\t\t\t\t\tsrc=\"https:\/\/files.sunoresearch.com.br\/n\/uploads\/2023\/03\/1420x240-Controle-de-Investimentos.png\"\n\t\t\t\t\tdata-promo-id=\"75934\"\t\t\t\t\t\t\t\t\t\twidth='1420' height='240'\t\t\t\t\talt=\"https:\/\/files.sunoresearch.com.br\/n\/uploads\/2023\/03\/1420x240-Controle-de-Investimentos.png\"\n\t\t\t\t>\n\t\t\t<\/picture>\n\t\t<\/a>\n\t<\/p>\n\n\n","protected":false},"excerpt":{"rendered":"<p>A Tesla (NASDAQ: TSLA) far\u00e1 um recall em 134,9 mil ve\u00edculos dos modelos Model S e Model X, em fun\u00e7\u00e3o de falha na tela sens\u00edvel ao toque. A convoca\u00e7\u00e3o ocorre ap\u00f3s a press\u00e3o do National Highway Traffic Safety Administration (NHTSA), \u00f3rg\u00e3o regulador norte-americano. A Tesla far\u00e1 um recall em 134,9 mil ve\u00edculos dos modelos Model [&hellip;]<\/p>\n","protected":false},"author":24,"featured_media":118117,"comment_status":"closed","ping_status":"closed","sticky":false,"template":"","format":"standard","meta":[],"categories":[64],"tags":[726,964,1134,727],"suno_strategy":[],"class_list":["post-118116","post","type-post","status-publish","format-standard","has-post-thumbnail","hentry","category-negocios","tag-elon-musk","tag-nasdaq","tag-tecnologia","tag-tesla-tsla34"],"yoast_head":"<!-- This site is optimized with the Yoast SEO plugin v24.4 - https:\/\/yoast.com\/wordpress\/plugins\/seo\/ -->\n<title>Tesla chama recall de 135 mil carros ap\u00f3s press\u00e3o de \u00f3rg\u00e3o regulador<\/title>\n<meta name=\"description\" content=\"A Tesla far\u00e1 um recall em 134,9 mil ve\u00edculos dos modelos Model S e Model X, em fun\u00e7\u00e3o de falha na tela sens\u00edvel ao toque. Saiba mais.\" \/>\n<meta name=\"robots\" content=\"index, follow, max-snippet:-1, max-image-preview:large, max-video-preview:-1\" \/>\n<link rel=\"canonical\" href=\"https:\/\/www.suno.com.br\/noticias\/tesla-recall-135-mil-carros\/\" \/>\n<meta property=\"og:locale\" content=\"pt_BR\" \/>\n<meta property=\"og:type\" content=\"article\" \/>\n<meta property=\"og:title\" content=\"Tesla chama recall de 135 mil carros ap\u00f3s press\u00e3o de \u00f3rg\u00e3o regulador\" \/>\n<meta property=\"og:description\" content=\"A Tesla far\u00e1 um recall em 134,9 mil ve\u00edculos dos modelos Model S e Model X, em fun\u00e7\u00e3o de falha na tela sens\u00edvel ao toque. Saiba mais.\" \/>\n<meta property=\"og:url\" content=\"https:\/\/www.suno.com.br\/noticias\/tesla-recall-135-mil-carros\/\" \/>\n<meta property=\"og:site_name\" content=\"Suno Not\u00edcias\" \/>\n<meta property=\"article:publisher\" content=\"https:\/\/facebook.com\/sunoresearch\" \/>\n<meta property=\"og:image\" content=\"https:\/\/files.sunoresearch.com.br\/n\/uploads\/2021\/02\/121f9878-model-s-1_29012021_41118_1280_960.jpg\" \/>\n\t<meta property=\"og:image:width\" content=\"1280\" \/>\n\t<meta property=\"og:image:height\" content=\"960\" \/>\n\t<meta property=\"og:image:type\" content=\"image\/jpeg\" \/>\n<meta name=\"author\" content=\"Jader Lazarini\" \/>\n<meta name=\"twitter:card\" content=\"summary_large_image\" \/>\n<meta name=\"twitter:creator\" content=\"@sunoresearch\" \/>\n<meta name=\"twitter:site\" content=\"@sunoresearch\" \/>\n<meta name=\"twitter:label1\" content=\"Escrito por\" \/>\n\t<meta name=\"twitter:data1\" content=\"Jader Lazarini\" \/>\n\t<meta name=\"twitter:label2\" content=\"Est. tempo de leitura\" \/>\n\t<meta name=\"twitter:data2\" content=\"2 minutos\" \/>\n<script type=\"application\/ld+json\" class=\"yoast-schema-graph\">{\"@context\":\"https:\/\/schema.org\",\"@graph\":[{\"@type\":\"NewsArticle\",\"@id\":\"https:\/\/www.suno.com.br\/noticias\/tesla-recall-135-mil-carros\/#article\",\"isPartOf\":{\"@id\":\"https:\/\/www.suno.com.br\/noticias\/tesla-recall-135-mil-carros\/\"},\"author\":{\"name\":\"Jader Lazarini\",\"@id\":\"https:\/\/www.suno.com.br\/noticias\/#\/schema\/person\/918d79de1f0281f01599b93f9ea6e23f\"},\"headline\":\"Tesla chama recall de 135 mil carros ap\u00f3s press\u00e3o de \u00f3rg\u00e3o regulador\",\"datePublished\":\"2021-02-02T18:44:48+00:00\",\"mainEntityOfPage\":{\"@id\":\"https:\/\/www.suno.com.br\/noticias\/tesla-recall-135-mil-carros\/\"},\"wordCount\":505,\"publisher\":{\"@id\":\"https:\/\/www.suno.com.br\/noticias\/#organization\"},\"image\":{\"@id\":\"https:\/\/www.suno.com.br\/noticias\/tesla-recall-135-mil-carros\/#primaryimage\"},\"thumbnailUrl\":\"https:\/\/files.sunoresearch.com.br\/n\/uploads\/2021\/02\/121f9878-model-s-1_29012021_41118_1280_960-jpg.webp\",\"keywords\":[\"Elon Musk\",\"Nasdaq\",\"Tecnologia\",\"Tesla (TSLA34)\"],\"articleSection\":[\"Neg\u00f3cios\"],\"inLanguage\":\"pt-BR\"},{\"@type\":\"WebPage\",\"@id\":\"https:\/\/www.suno.com.br\/noticias\/tesla-recall-135-mil-carros\/\",\"url\":\"https:\/\/www.suno.com.br\/noticias\/tesla-recall-135-mil-carros\/\",\"name\":\"Tesla chama recall de 135 mil carros ap\u00f3s press\u00e3o de \u00f3rg\u00e3o regulador\",\"isPartOf\":{\"@id\":\"https:\/\/www.suno.com.br\/noticias\/#website\"},\"primaryImageOfPage\":{\"@id\":\"https:\/\/www.suno.com.br\/noticias\/tesla-recall-135-mil-carros\/#primaryimage\"},\"image\":{\"@id\":\"https:\/\/www.suno.com.br\/noticias\/tesla-recall-135-mil-carros\/#primaryimage\"},\"thumbnailUrl\":\"https:\/\/files.sunoresearch.com.br\/n\/uploads\/2021\/02\/121f9878-model-s-1_29012021_41118_1280_960-jpg.webp\",\"datePublished\":\"2021-02-02T18:44:48+00:00\",\"description\":\"A Tesla far\u00e1 um recall em 134,9 mil ve\u00edculos dos modelos Model S e Model X, em fun\u00e7\u00e3o de falha na tela sens\u00edvel ao toque. Saiba mais.\",\"breadcrumb\":{\"@id\":\"https:\/\/www.suno.com.br\/noticias\/tesla-recall-135-mil-carros\/#breadcrumb\"},\"inLanguage\":\"pt-BR\",\"potentialAction\":[{\"@type\":\"ReadAction\",\"target\":[\"https:\/\/www.suno.com.br\/noticias\/tesla-recall-135-mil-carros\/\"]}]},{\"@type\":\"ImageObject\",\"inLanguage\":\"pt-BR\",\"@id\":\"https:\/\/www.suno.com.br\/noticias\/tesla-recall-135-mil-carros\/#primaryimage\",\"url\":\"https:\/\/files.sunoresearch.com.br\/n\/uploads\/2021\/02\/121f9878-model-s-1_29012021_41118_1280_960-jpg.webp\",\"contentUrl\":\"https:\/\/files.sunoresearch.com.br\/n\/uploads\/2021\/02\/121f9878-model-s-1_29012021_41118_1280_960-jpg.webp\",\"width\":1280,\"height\":960,\"caption\":\"A Tesla far\u00e1 um recall em 134,9 mil ve\u00edculos dos modelos Model S e Model X, em fun\u00e7\u00e3o de falha na tela sens\u00edvel ao toque.\"},{\"@type\":\"BreadcrumbList\",\"@id\":\"https:\/\/www.suno.com.br\/noticias\/tesla-recall-135-mil-carros\/#breadcrumb\",\"itemListElement\":[{\"@type\":\"ListItem\",\"position\":1,\"name\":\"Not\u00edcias\",\"item\":\"https:\/\/www.suno.com.br\/noticias\/\"},{\"@type\":\"ListItem\",\"position\":2,\"name\":\"Neg\u00f3cios\",\"item\":\"https:\/\/www.suno.com.br\/noticias\/negocios\/\"},{\"@type\":\"ListItem\",\"position\":3,\"name\":\"Tesla chama recall de 135 mil carros ap\u00f3s press\u00e3o de \u00f3rg\u00e3o regulador\"}]},{\"@type\":\"WebSite\",\"@id\":\"https:\/\/www.suno.com.br\/noticias\/#website\",\"url\":\"https:\/\/www.suno.com.br\/noticias\/\",\"name\":\"Suno Not\u00edcias\",\"description\":\"Seu portal de informa\u00e7\u00e3o sobre o mundo dos investimentos\",\"publisher\":{\"@id\":\"https:\/\/www.suno.com.br\/noticias\/#organization\"},\"potentialAction\":[{\"@type\":\"SearchAction\",\"target\":{\"@type\":\"EntryPoint\",\"urlTemplate\":\"https:\/\/www.suno.com.br\/noticias\/?s={search_term_string}\"},\"query-input\":{\"@type\":\"PropertyValueSpecification\",\"valueRequired\":true,\"valueName\":\"search_term_string\"}}],\"inLanguage\":\"pt-BR\"},{\"@type\":\"Organization\",\"@id\":\"https:\/\/www.suno.com.br\/noticias\/#organization\",\"name\":\"Suno Not\u00edcias\",\"url\":\"https:\/\/www.suno.com.br\/noticias\/\",\"logo\":{\"@type\":\"ImageObject\",\"inLanguage\":\"pt-BR\",\"@id\":\"https:\/\/www.suno.com.br\/noticias\/#\/schema\/logo\/image\/\",\"url\":\"https:\/\/files.sunoresearch.com.br\/n\/uploads\/2021\/09\/suno-logo.png\",\"contentUrl\":\"https:\/\/files.sunoresearch.com.br\/n\/uploads\/2021\/09\/suno-logo.png\",\"width\":180,\"height\":180,\"caption\":\"Suno Not\u00edcias\"},\"image\":{\"@id\":\"https:\/\/www.suno.com.br\/noticias\/#\/schema\/logo\/image\/\"},\"sameAs\":[\"https:\/\/facebook.com\/sunoresearch\",\"https:\/\/x.com\/sunoresearch\",\"https:\/\/www.instagram.com\/suno\",\"https:\/\/www.linkedin.com\/company\/suno-research\/\",\"https:\/\/www.youtube.com\/c\/sunoresearch\"]},{\"@type\":\"Person\",\"@id\":\"https:\/\/www.suno.com.br\/noticias\/#\/schema\/person\/918d79de1f0281f01599b93f9ea6e23f\",\"name\":\"Jader Lazarini\",\"image\":{\"@type\":\"ImageObject\",\"inLanguage\":\"pt-BR\",\"@id\":\"https:\/\/www.suno.com.br\/noticias\/#\/schema\/person\/image\/\",\"url\":\"https:\/\/secure.gravatar.com\/avatar\/3c1ad8caa51589841baeb923fcddea97?s=96&r=g\",\"contentUrl\":\"https:\/\/secure.gravatar.com\/avatar\/3c1ad8caa51589841baeb923fcddea97?s=96&r=g\",\"caption\":\"Jader Lazarini\"},\"description\":\"Jader Lazarini escreve sobre investimentos, finan\u00e7as, economia e neg\u00f3cios. \u00c9 bacharel em Rela\u00e7\u00f5es Internacionais e analista CNPI (2619).\",\"url\":\"https:\/\/www.suno.com.br\/noticias\/author\/jader-lazarini\/\"}]}<\/script>\n<!-- \/ Yoast SEO plugin. -->","yoast_head_json":{"title":"Tesla chama recall de 135 mil carros ap\u00f3s press\u00e3o de \u00f3rg\u00e3o regulador","description":"A Tesla far\u00e1 um recall em 134,9 mil ve\u00edculos dos modelos Model S e Model X, em fun\u00e7\u00e3o de falha na tela sens\u00edvel ao toque. Saiba mais.","robots":{"index":"index","follow":"follow","max-snippet":"max-snippet:-1","max-image-preview":"max-image-preview:large","max-video-preview":"max-video-preview:-1"},"canonical":"https:\/\/www.suno.com.br\/noticias\/tesla-recall-135-mil-carros\/","og_locale":"pt_BR","og_type":"article","og_title":"Tesla chama recall de 135 mil carros ap\u00f3s press\u00e3o de \u00f3rg\u00e3o regulador","og_description":"A Tesla far\u00e1 um recall em 134,9 mil ve\u00edculos dos modelos Model S e Model X, em fun\u00e7\u00e3o de falha na tela sens\u00edvel ao toque. Saiba mais.","og_url":"https:\/\/www.suno.com.br\/noticias\/tesla-recall-135-mil-carros\/","og_site_name":"Suno Not\u00edcias","article_publisher":"https:\/\/facebook.com\/sunoresearch","og_image":[{"width":1280,"height":960,"url":"https:\/\/files.sunoresearch.com.br\/n\/uploads\/2021\/02\/121f9878-model-s-1_29012021_41118_1280_960.jpg","type":"image\/jpeg"}],"author":"Jader Lazarini","twitter_card":"summary_large_image","twitter_creator":"@sunoresearch","twitter_site":"@sunoresearch","twitter_misc":{"Escrito por":"Jader Lazarini","Est. tempo de leitura":"2 minutos"},"schema":{"@context":"https:\/\/schema.org","@graph":[{"@type":"NewsArticle","@id":"https:\/\/www.suno.com.br\/noticias\/tesla-recall-135-mil-carros\/#article","isPartOf":{"@id":"https:\/\/www.suno.com.br\/noticias\/tesla-recall-135-mil-carros\/"},"author":{"name":"Jader Lazarini","@id":"https:\/\/www.suno.com.br\/noticias\/#\/schema\/person\/918d79de1f0281f01599b93f9ea6e23f"},"headline":"Tesla chama recall de 135 mil carros ap\u00f3s press\u00e3o de \u00f3rg\u00e3o regulador","datePublished":"2021-02-02T18:44:48+00:00","mainEntityOfPage":{"@id":"https:\/\/www.suno.com.br\/noticias\/tesla-recall-135-mil-carros\/"},"wordCount":505,"publisher":{"@id":"https:\/\/www.suno.com.br\/noticias\/#organization"},"image":{"@id":"https:\/\/www.suno.com.br\/noticias\/tesla-recall-135-mil-carros\/#primaryimage"},"thumbnailUrl":"https:\/\/files.sunoresearch.com.br\/n\/uploads\/2021\/02\/121f9878-model-s-1_29012021_41118_1280_960-jpg.webp","keywords":["Elon Musk","Nasdaq","Tecnologia","Tesla (TSLA34)"],"articleSection":["Neg\u00f3cios"],"inLanguage":"pt-BR"},{"@type":"WebPage","@id":"https:\/\/www.suno.com.br\/noticias\/tesla-recall-135-mil-carros\/","url":"https:\/\/www.suno.com.br\/noticias\/tesla-recall-135-mil-carros\/","name":"Tesla chama recall de 135 mil carros ap\u00f3s press\u00e3o de \u00f3rg\u00e3o regulador","isPartOf":{"@id":"https:\/\/www.suno.com.br\/noticias\/#website"},"primaryImageOfPage":{"@id":"https:\/\/www.suno.com.br\/noticias\/tesla-recall-135-mil-carros\/#primaryimage"},"image":{"@id":"https:\/\/www.suno.com.br\/noticias\/tesla-recall-135-mil-carros\/#primaryimage"},"thumbnailUrl":"https:\/\/files.sunoresearch.com.br\/n\/uploads\/2021\/02\/121f9878-model-s-1_29012021_41118_1280_960-jpg.webp","datePublished":"2021-02-02T18:44:48+00:00","description":"A Tesla far\u00e1 um recall em 134,9 mil ve\u00edculos dos modelos Model S e Model X, em fun\u00e7\u00e3o de falha na tela sens\u00edvel ao toque. Saiba mais.","breadcrumb":{"@id":"https:\/\/www.suno.com.br\/noticias\/tesla-recall-135-mil-carros\/#breadcrumb"},"inLanguage":"pt-BR","potentialAction":[{"@type":"ReadAction","target":["https:\/\/www.suno.com.br\/noticias\/tesla-recall-135-mil-carros\/"]}]},{"@type":"ImageObject","inLanguage":"pt-BR","@id":"https:\/\/www.suno.com.br\/noticias\/tesla-recall-135-mil-carros\/#primaryimage","url":"https:\/\/files.sunoresearch.com.br\/n\/uploads\/2021\/02\/121f9878-model-s-1_29012021_41118_1280_960-jpg.webp","contentUrl":"https:\/\/files.sunoresearch.com.br\/n\/uploads\/2021\/02\/121f9878-model-s-1_29012021_41118_1280_960-jpg.webp","width":1280,"height":960,"caption":"A Tesla far\u00e1 um recall em 134,9 mil ve\u00edculos dos modelos Model S e Model X, em fun\u00e7\u00e3o de falha na tela sens\u00edvel ao toque."},{"@type":"BreadcrumbList","@id":"https:\/\/www.suno.com.br\/noticias\/tesla-recall-135-mil-carros\/#breadcrumb","itemListElement":[{"@type":"ListItem","position":1,"name":"Not\u00edcias","item":"https:\/\/www.suno.com.br\/noticias\/"},{"@type":"ListItem","position":2,"name":"Neg\u00f3cios","item":"https:\/\/www.suno.com.br\/noticias\/negocios\/"},{"@type":"ListItem","position":3,"name":"Tesla chama recall de 135 mil carros ap\u00f3s press\u00e3o de \u00f3rg\u00e3o regulador"}]},{"@type":"WebSite","@id":"https:\/\/www.suno.com.br\/noticias\/#website","url":"https:\/\/www.suno.com.br\/noticias\/","name":"Suno Not\u00edcias","description":"Seu portal de informa\u00e7\u00e3o sobre o mundo dos investimentos","publisher":{"@id":"https:\/\/www.suno.com.br\/noticias\/#organization"},"potentialAction":[{"@type":"SearchAction","target":{"@type":"EntryPoint","urlTemplate":"https:\/\/www.suno.com.br\/noticias\/?s={search_term_string}"},"query-input":{"@type":"PropertyValueSpecification","valueRequired":true,"valueName":"search_term_string"}}],"inLanguage":"pt-BR"},{"@type":"Organization","@id":"https:\/\/www.suno.com.br\/noticias\/#organization","name":"Suno Not\u00edcias","url":"https:\/\/www.suno.com.br\/noticias\/","logo":{"@type":"ImageObject","inLanguage":"pt-BR","@id":"https:\/\/www.suno.com.br\/noticias\/#\/schema\/logo\/image\/","url":"https:\/\/files.sunoresearch.com.br\/n\/uploads\/2021\/09\/suno-logo.png","contentUrl":"https:\/\/files.sunoresearch.com.br\/n\/uploads\/2021\/09\/suno-logo.png","width":180,"height":180,"caption":"Suno Not\u00edcias"},"image":{"@id":"https:\/\/www.suno.com.br\/noticias\/#\/schema\/logo\/image\/"},"sameAs":["https:\/\/facebook.com\/sunoresearch","https:\/\/x.com\/sunoresearch","https:\/\/www.instagram.com\/suno","https:\/\/www.linkedin.com\/company\/suno-research\/","https:\/\/www.youtube.com\/c\/sunoresearch"]},{"@type":"Person","@id":"https:\/\/www.suno.com.br\/noticias\/#\/schema\/person\/918d79de1f0281f01599b93f9ea6e23f","name":"Jader Lazarini","image":{"@type":"ImageObject","inLanguage":"pt-BR","@id":"https:\/\/www.suno.com.br\/noticias\/#\/schema\/person\/image\/","url":"https:\/\/secure.gravatar.com\/avatar\/3c1ad8caa51589841baeb923fcddea97?s=96&r=g","contentUrl":"https:\/\/secure.gravatar.com\/avatar\/3c1ad8caa51589841baeb923fcddea97?s=96&r=g","caption":"Jader Lazarini"},"description":"Jader Lazarini escreve sobre investimentos, finan\u00e7as, economia e neg\u00f3cios. \u00c9 bacharel em Rela\u00e7\u00f5es Internacionais e analista CNPI (2619).","url":"https:\/\/www.suno.com.br\/noticias\/author\/jader-lazarini\/"}]}},"default_loop_html":"<div class=\"cardsPage__listCard__boxs\"><div class=\"cardsPage__listCard__boxs__img\"><a href=\"https:\/\/www.suno.com.br\/noticias\/tesla-recall-135-mil-carros\/\"><img class=\"mask\" src=\"https:\/\/www.suno.com.br\/noticias\/wp-content\/themes\/suno\/resources\/images\/spotlight\/spotlight1img\/bg-mask.png\" alt=\"Image Mask\"\/><img src=\"https:\/\/files.sunoresearch.com.br\/n\/uploads\/2021\/02\/121f9878-model-s-1_29012021_41118_1280_960-400x200.webp\" alt=\"Tesla chama recall de 135 mil carros ap\u00f3s press\u00e3o de \u00f3rg\u00e3o regulador\"\/><\/a><span class=\"spotlightCategory\"><a href=\"https:\/\/www.suno.com.br\/noticias\/negocios\/\">Neg\u00f3cios<\/a><\/span><\/div><div class=\"cardsPage__listCard__boxs__content\"><a href=\"https:\/\/www.suno.com.br\/noticias\/tesla-recall-135-mil-carros\/\"><h2 class=\"content__title\">Tesla chama recall de 135 mil carros ap\u00f3s press\u00e3o de \u00f3rg\u00e3o regulador<\/h2><\/a><div class=\"newsContent__article__meta\"><div class=\"newsContent__article__meta__authorBox\"><a href=\"https:\/\/www.suno.com.br\/noticias\/author\/jader-lazarini\/\" class=\"authorBox__avatar noMobi\"><img src=\"https:\/\/files.sunoresearch.com.br\/n\/uploads\/2021\/01\/178e6598-foto-perfil-2-150x150.jpg\" alt=\"Jader Lazarini\"><\/a><div class=\"authorBox__name\"><span>por\n\t\t\t<a href=\"https:\/\/www.suno.com.br\/noticias\/author\/jader-lazarini\/\"><span itemprop=\"author\">Jader Lazarini<\/span><\/a><\/span><time datetime=\"2021-02-02T15:44:48-03:00\" itemprop=\"datePublished\">02\/02\/2021 15:44<\/time><\/div><\/div><\/div><\/div><\/div>","single_layout":"posts","amp_enabled":true,"_links":{"self":[{"href":"https:\/\/www.suno.com.br\/noticias\/wp-json\/wp\/v2\/posts\/118116"}],"collection":[{"href":"https:\/\/www.suno.com.br\/noticias\/wp-json\/wp\/v2\/posts"}],"about":[{"href":"https:\/\/www.suno.com.br\/noticias\/wp-json\/wp\/v2\/types\/post"}],"author":[{"embeddable":true,"href":"https:\/\/www.suno.com.br\/noticias\/wp-json\/wp\/v2\/users\/24"}],"replies":[{"embeddable":true,"href":"https:\/\/www.suno.com.br\/noticias\/wp-json\/wp\/v2\/comments?post=118116"}],"version-history":[{"count":0,"href":"https:\/\/www.suno.com.br\/noticias\/wp-json\/wp\/v2\/posts\/118116\/revisions"}],"wp:featuredmedia":[{"embeddable":true,"href":"https:\/\/www.suno.com.br\/noticias\/wp-json\/wp\/v2\/media\/118117"}],"wp:attachment":[{"href":"https:\/\/www.suno.com.br\/noticias\/wp-json\/wp\/v2\/media?parent=118116"}],"wp:term":[{"taxonomy":"category","embeddable":true,"href":"https:\/\/www.suno.com.br\/noticias\/wp-json\/wp\/v2\/categories?post=118116"},{"taxonomy":"post_tag","embeddable":true,"href":"https:\/\/www.suno.com.br\/noticias\/wp-json\/wp\/v2\/tags?post=118116"},{"taxonomy":"suno_strategy","embeddable":true,"href":"https:\/\/www.suno.com.br\/noticias\/wp-json\/wp\/v2\/suno_strategy?post=118116"}],"curies":[{"name":"wp","href":"https:\/\/api.w.org\/{rel}","templated":true}]}}