{"id":117959,"date":"2021-02-02T09:29:58","date_gmt":"2021-02-02T12:29:58","guid":{"rendered":"https:\/\/www.suno.com.br\/noticias\/?p=117959"},"modified":"2021-06-14T00:28:17","modified_gmt":"2021-06-14T03:28:17","slug":"agenda-do-dia-teleconferencia-itau-itub4-petrobras-petr4-intelbras","status":"publish","type":"post","link":"https:\/\/www.suno.com.br\/noticias\/agenda-do-dia-teleconferencia-itau-itub4-petrobras-petr4-intelbras\/","title":{"rendered":"Agenda do dia: Ita\u00fa (ITUB4), pr\u00e9via da Petrobras (PETR4), precifica\u00e7\u00e3o da Intelbras"},"content":{"rendered":"<p>A <strong>agenda do dia<\/strong> desta ter\u00e7a feira (2) tem como destaque eventos corporativos. Entre eles a teleconfer\u00eancia de resultados do <a href=\"https:\/\/www.suno.com.br\/acoes\/itub4\/\">Ita\u00fa (ITUB4)<\/a>, a pr\u00e9via operacional da <a href=\"https:\/\/www.suno.com.br\/acoes\/petr4\/\">Petrobras (PETR4)<\/a> e a precifica\u00e7\u00e3o da <a href=\"https:\/\/www.suno.com.br\/artigos\/ipo\/\">oferta inicial de a\u00e7\u00f5es (IPO)<\/a> da Intelbras.<\/p>\t<div class=\"wrapper-featured-image\">\n\t\t<figure class=\"spotlightImg\">\n\n\t\t\t<picture>\n\t\t\t\t<source media=\"(max-width: 768px)\" srcset=\"https:\/\/files.sunoresearch.com.br\/n\/uploads\/2021\/02\/b0f496be-agendadodia-400x200.webp\">\n\t\t\t\t<img loading=\"lazy\" decoding=\"async\" class=\"newsContent__article__imgCapa lazyloadDisabled \" src=\"https:\/\/files.sunoresearch.com.br\/n\/uploads\/2021\/02\/b0f496be-agendadodia-800x450.webp\" width=\"800\" height=\"450\" alt=\"Agenda do dia: Ita\u00fa (ITUB4), pr\u00e9via da Petrobras (PETR4), precifica\u00e7\u00e3o da Intelbras\" fetchpriority=high \/>\n\t\t\t<\/picture>\n\n\t\t\t<figcaption class=\"wp-caption-text wp-caption-text--show\">Agenda do dia tem tele do Ita\u00fa, pr\u00e9via da Petrobras e precifica\u00e7\u00e3o da Intelbras<\/figcaption>\n\t\t<\/figure>\n\t<\/div>\n\n\n<p><span style=\"font-weight: 400;\">\t<p>\n\t\t<a href=\"https:\/\/lp.suno.com.br\/ebook-como-analisar-uma-acao\/\" target=\"_blank\" data-element=\"shortcode-suno-banner\" title=\"Banner SUNO, clique e saiba mais\">\n\t\t\t<picture>\n\t\t\t\t<source media=\"(max-width: 500px)\" srcset=\"https:\/\/files.sunoresearch.com.br\/n\/uploads\/2023\/03\/Ebook-Acoes-Mobile.jpg\">\n\t\t\t\t<img class=\"newsContent__article__imgCapa newsContent__article__imgCapa--banner\"\n\t\t\t\t\tsrc=\"https:\/\/files.sunoresearch.com.br\/n\/uploads\/2023\/03\/Ebook-Acoes-Desktop.jpg\"\n\t\t\t\t\tdata-promo-id=\"378302\"\t\t\t\t\t\t\t\t\t\twidth='1420' height='286'\t\t\t\t\talt=\"https:\/\/files.sunoresearch.com.br\/n\/uploads\/2023\/03\/Ebook-Acoes-Desktop.jpg\"\n\t\t\t\t>\n\t\t\t<\/picture>\n\t\t<\/a>\n\t<\/p>\n\n<\/span><\/p>\n<p>Nos dados econ\u00f4micos, a agenda do dia conta com o Brasil divulgando sua produ\u00e7\u00e3o industrial. L\u00e1 fora, a Europa divulgou a varia\u00e7\u00e3o do seu <a href=\"https:\/\/www.suno.com.br\/artigos\/pib-produto-interno-bruto\/\"><strong>produto interno bruto (PIB)<\/strong><\/a> trimestral, e, mais tarde, Jap\u00e3o e China t\u00eam <a href=\"https:\/\/www.suno.com.br\/artigos\/pmi\/\">\u00edndices de gerentes de compras (PMIs)<\/a> divulgados.<\/p>\n<p>Na pol\u00edtica, olho no desenrolar do primeiro dia ap\u00f3s as <strong>elei\u00e7\u00f5es do Congresso<\/strong>.<\/p>\n<p><a href=\"https:\/\/lp.suno.com.br\/suno-one\/\"><span style=\"font-weight: 400;\">Suno One: acesse gratuitamente eBooks, Minicursos, Artigos e Video Aulas sobre investimentos com um \u00fanico cadastro. Clique para saber mais!<\/span><\/a><\/p>\n<h2>Destaques da agenda do dia ficam com eventos corporativos<\/h2>\n<p>O <strong>Ita\u00fa<\/strong>, ap\u00f3s divulgar ontem seus resultados quarto trimestre 2020, com o lucro l\u00edquido caindo mais de 30% na base anual, e hoje suas <a href=\"https:\/\/www.suno.com.br\/artigos\/guidance\/\">proje\u00e7\u00f5es para 2021<\/a>, apresenta e explica os n\u00fameros para investidores e analistas \u00e0s 10h00.<\/p>\n<p>Ap\u00f3s o preg\u00e3o, a agenda do dia conta com a pr\u00e9via trimestral da produ\u00e7\u00e3o de \u00f3leo e g\u00e1s da Petrobras e para a <strong>precifica\u00e7\u00e3o das a\u00e7\u00f5es<\/strong> <strong>Intelbras<\/strong>, que estabeleceu a faixa indicativa de pre\u00e7o entre R$ 15,25 e R$ 19,25.<\/p>\n<p>L\u00e1 fora, Pfizer (<a href=\"https:\/\/www.suno.com.br\/artigos\/nyse\/\">NYSE<\/a>: PFE), empresa em foco por conta das vacinas contra o coronav\u00edrus, Exxon Mobil (NYSE: XOM) e Alibaba (NYSE: BABA) divulgam seus resultados do quarto trimestre antes do inicio do preg\u00e3o americano. Ap\u00f3s o fechamento do mercado, \u00e9 a vez da Amazon (<a href=\"https:\/\/www.suno.com.br\/artigos\/nasdaq\/\">NASDAQ<\/a>: AMZN), da Google (NASDAQ: GOOGL) e da Amgen (NYSE: AMGN).<\/p>\n<p><span style=\"font-weight: 400;\">\t<p>\n\t\t<a href=\"https:\/\/lp.suno.com.br\/planilha-controle-gastos\/\" target=\"_blank\" data-element=\"shortcode-suno-banner\" title=\"Banner SUNO, clique e saiba mais\">\n\t\t\t<picture>\n\t\t\t\t<source media=\"(max-width: 500px)\" srcset=\"https:\/\/files.sunoresearch.com.br\/n\/uploads\/2023\/03\/400x300-Planilha-controle-de-gastos.png\">\n\t\t\t\t<img class=\"newsContent__article__imgCapa newsContent__article__imgCapa--banner\"\n\t\t\t\t\tsrc=\"https:\/\/files.sunoresearch.com.br\/n\/uploads\/2023\/03\/1420x240-Planilha-controle-de-gastos.png\"\n\t\t\t\t\tdata-promo-id=\"101751\"\t\t\t\t\t\t\t\t\t\twidth='1420' height='240'\t\t\t\t\talt=\"https:\/\/files.sunoresearch.com.br\/n\/uploads\/2023\/03\/1420x240-Planilha-controle-de-gastos.png\"\n\t\t\t\t>\n\t\t\t<\/picture>\n\t\t<\/a>\n\t<\/p>\n\n <\/span><\/p>\n<h2>Brasil divulga \u00e0s 09h00 sua produ\u00e7\u00e3o industrial<\/h2>\n<p>O IBGE divulga dados relativos a dezembro sobre a<strong> produ\u00e7\u00e3o industrial brasileira<\/strong> \u00e0s 09h00. O esperado \u00e9 que, no m\u00eas, a atividade do setor caia 0,40%, ante alta de 1,20% em novembro. No ano, o projetado ainda \u00e9 um avan\u00e7o de 5,50%.<\/p>\n<p>L\u00e1 fora, na agenda do dia, a <strong>Uni\u00e3o Europeia divulgou seu PIB trimestral<\/strong>, que veio melhor do que o esperado, apresentando queda de 5,10% ante os 5,40% projetados. Destaque tamb\u00e9m para os PMIs de servi\u00e7o e composto do Jap\u00e3o e da China, que saem no final da noite.<\/p>\n<h2>Na pol\u00edtica, primeiro dia ap\u00f3s elei\u00e7\u00f5es do Congresso deve ser movimentado<\/h2>\n<p>A pol\u00edtica brasileira definiu ontem Arthur Lira (PP) e Rodrigo Pacheco (DEM) como, respectivamente, <strong>presidentes da C\u00e2mara dos Deputados e do Senado<\/strong>. Ap\u00f3s a disputa esquentar nos \u00faltimos dias, hoje, o que se espera, \u00e9 que os resultados das movimenta\u00e7\u00f5es apareceram na agenda do dia.<\/p>\n<p>Com Jair Bolsonaro tendo apoiado a candidatura de Lira para enfraquecer a campanha de Baleia Rossi (DEM), candidato do antigo presidente da c\u00e2mara Rodrigo Maia, \u00e9 aguardado que o presidente da rep\u00fablica rife alguns minist\u00e9rios para o chamado &#8220;centr\u00e3o&#8221;. Bolsonaro tem, em sua agenda do dia, encontro com v\u00e1rios ministros e o burburinho \u00e9 que alguns deles devem perder seus cargos.<\/p>\n<p>Fora isso, destaque tamb\u00e9m na<strong> agenda do dia<\/strong> para a palestra do presidente do Banco Central, Roberto Campos Neto, no World Trade Symposium, \u00e0s 11h50.<\/p>\n<p><span style=\"font-weight: 400;\">\t<p>\n\t\t<a href=\"https:\/\/lp.suno.com.br\/planilha-de-controle-de-investimentos\/\" target=\"_blank\" data-element=\"shortcode-suno-banner\" title=\"Banner SUNO, clique e saiba mais\">\n\t\t\t<picture>\n\t\t\t\t<source media=\"(max-width: 500px)\" srcset=\"https:\/\/files.sunoresearch.com.br\/n\/uploads\/2023\/03\/400x300-Controle-de-Investimentos.png\">\n\t\t\t\t<img class=\"newsContent__article__imgCapa newsContent__article__imgCapa--banner\"\n\t\t\t\t\tsrc=\"https:\/\/files.sunoresearch.com.br\/n\/uploads\/2023\/03\/1420x240-Controle-de-Investimentos.png\"\n\t\t\t\t\tdata-promo-id=\"75934\"\t\t\t\t\t\t\t\t\t\twidth='1420' height='240'\t\t\t\t\talt=\"https:\/\/files.sunoresearch.com.br\/n\/uploads\/2023\/03\/1420x240-Controle-de-Investimentos.png\"\n\t\t\t\t>\n\t\t\t<\/picture>\n\t\t<\/a>\n\t<\/p>\n\n<\/span><\/p>\n","protected":false},"excerpt":{"rendered":"<p>A agenda do dia desta ter\u00e7a feira (2) tem como destaque eventos corporativos. Entre eles a teleconfer\u00eancia de resultados do Ita\u00fa (ITUB4), a pr\u00e9via operacional da Petrobras (PETR4) e a precifica\u00e7\u00e3o da oferta inicial de a\u00e7\u00f5es (IPO) da Intelbras. Agenda do dia tem tele do Ita\u00fa, pr\u00e9via da Petrobras e precifica\u00e7\u00e3o da Intelbras Nos dados [&hellip;]<\/p>\n","protected":false},"author":59,"featured_media":117976,"comment_status":"closed","ping_status":"closed","sticky":false,"template":"","format":"standard","meta":[],"categories":[60],"tags":[1980,105281,595,884,807],"suno_strategy":[],"class_list":["post-117959","post","type-post","status-publish","format-standard","has-post-thumbnail","hentry","category-mercado","tag-agenda-do-dia","tag-intelbras-intb3","tag-petrobras-petr4","tag-pfizer-pfiz34","tag-produto-interno-bruto-pib"],"yoast_head":"<!-- This site is optimized with the Yoast SEO plugin v24.4 - https:\/\/yoast.com\/wordpress\/plugins\/seo\/ -->\n<title>Agenda do dia: Ita\u00fa (ITUB4), Petrobr\u00e1s (PETR4), Intelbras<\/title>\n<meta name=\"description\" content=\"Na agenda do dia desta ter\u00e7a-feira (2): teleconfer\u00eancia do Ita\u00fa, pr\u00e9via da Petrobras e precifica\u00e7\u00e3o da Intelbras. Clique aqui para saber mais.\" \/>\n<meta name=\"robots\" content=\"index, follow, max-snippet:-1, max-image-preview:large, max-video-preview:-1\" \/>\n<link rel=\"canonical\" href=\"https:\/\/www.suno.com.br\/noticias\/agenda-do-dia-teleconferencia-itau-itub4-petrobras-petr4-intelbras\/\" \/>\n<meta property=\"og:locale\" content=\"pt_BR\" \/>\n<meta property=\"og:type\" content=\"article\" \/>\n<meta property=\"og:title\" content=\"Agenda do dia: Ita\u00fa (ITUB4), Petrobr\u00e1s (PETR4), Intelbras\" \/>\n<meta property=\"og:description\" content=\"Na agenda do dia desta ter\u00e7a-feira (2): teleconfer\u00eancia do Ita\u00fa, pr\u00e9via da Petrobras e precifica\u00e7\u00e3o da Intelbras. Clique aqui para saber mais.\" \/>\n<meta property=\"og:url\" content=\"https:\/\/www.suno.com.br\/noticias\/agenda-do-dia-teleconferencia-itau-itub4-petrobras-petr4-intelbras\/\" \/>\n<meta property=\"og:site_name\" content=\"Suno Not\u00edcias\" \/>\n<meta property=\"article:publisher\" content=\"https:\/\/facebook.com\/sunoresearch\" \/>\n<meta property=\"og:image\" content=\"https:\/\/files.sunoresearch.com.br\/n\/uploads\/2021\/02\/b0f496be-agendadodia.jpg\" \/>\n\t<meta property=\"og:image:width\" content=\"1024\" \/>\n\t<meta property=\"og:image:height\" content=\"683\" \/>\n\t<meta property=\"og:image:type\" content=\"image\/jpeg\" \/>\n<meta name=\"author\" content=\"Vitor Azevedo\" \/>\n<meta name=\"twitter:card\" content=\"summary_large_image\" \/>\n<meta name=\"twitter:creator\" content=\"@sunoresearch\" \/>\n<meta name=\"twitter:site\" content=\"@sunoresearch\" \/>\n<meta name=\"twitter:label1\" content=\"Escrito por\" \/>\n\t<meta name=\"twitter:data1\" content=\"Vitor Azevedo\" \/>\n\t<meta name=\"twitter:label2\" content=\"Est. tempo de leitura\" \/>\n\t<meta name=\"twitter:data2\" content=\"3 minutos\" \/>\n<script type=\"application\/ld+json\" class=\"yoast-schema-graph\">{\"@context\":\"https:\/\/schema.org\",\"@graph\":[{\"@type\":\"NewsArticle\",\"@id\":\"https:\/\/www.suno.com.br\/noticias\/agenda-do-dia-teleconferencia-itau-itub4-petrobras-petr4-intelbras\/#article\",\"isPartOf\":{\"@id\":\"https:\/\/www.suno.com.br\/noticias\/agenda-do-dia-teleconferencia-itau-itub4-petrobras-petr4-intelbras\/\"},\"author\":{\"name\":\"Vitor Azevedo\",\"@id\":\"https:\/\/www.suno.com.br\/noticias\/#\/schema\/person\/658d5fbc74d81f265f5df3562d0038ab\"},\"headline\":\"Agenda do dia: Ita\u00fa (ITUB4), pr\u00e9via da Petrobras (PETR4), precifica\u00e7\u00e3o da Intelbras\",\"datePublished\":\"2021-02-02T12:29:58+00:00\",\"dateModified\":\"2021-06-14T03:28:17+00:00\",\"mainEntityOfPage\":{\"@id\":\"https:\/\/www.suno.com.br\/noticias\/agenda-do-dia-teleconferencia-itau-itub4-petrobras-petr4-intelbras\/\"},\"wordCount\":552,\"publisher\":{\"@id\":\"https:\/\/www.suno.com.br\/noticias\/#organization\"},\"image\":{\"@id\":\"https:\/\/www.suno.com.br\/noticias\/agenda-do-dia-teleconferencia-itau-itub4-petrobras-petr4-intelbras\/#primaryimage\"},\"thumbnailUrl\":\"https:\/\/files.sunoresearch.com.br\/n\/uploads\/2021\/02\/b0f496be-agendadodia-jpg.webp\",\"keywords\":[\"agenda do dia\",\"Intelbras (INTB3)\",\"Petrobras (PETR4)\",\"Pfizer (PFIZ34)\",\"Produto Interno Bruto (PIB)\"],\"articleSection\":[\"Mercado\"],\"inLanguage\":\"pt-BR\"},{\"@type\":\"WebPage\",\"@id\":\"https:\/\/www.suno.com.br\/noticias\/agenda-do-dia-teleconferencia-itau-itub4-petrobras-petr4-intelbras\/\",\"url\":\"https:\/\/www.suno.com.br\/noticias\/agenda-do-dia-teleconferencia-itau-itub4-petrobras-petr4-intelbras\/\",\"name\":\"Agenda do dia: Ita\u00fa (ITUB4), Petrobr\u00e1s (PETR4), Intelbras\",\"isPartOf\":{\"@id\":\"https:\/\/www.suno.com.br\/noticias\/#website\"},\"primaryImageOfPage\":{\"@id\":\"https:\/\/www.suno.com.br\/noticias\/agenda-do-dia-teleconferencia-itau-itub4-petrobras-petr4-intelbras\/#primaryimage\"},\"image\":{\"@id\":\"https:\/\/www.suno.com.br\/noticias\/agenda-do-dia-teleconferencia-itau-itub4-petrobras-petr4-intelbras\/#primaryimage\"},\"thumbnailUrl\":\"https:\/\/files.sunoresearch.com.br\/n\/uploads\/2021\/02\/b0f496be-agendadodia-jpg.webp\",\"datePublished\":\"2021-02-02T12:29:58+00:00\",\"dateModified\":\"2021-06-14T03:28:17+00:00\",\"description\":\"Na agenda do dia desta ter\u00e7a-feira (2): teleconfer\u00eancia do Ita\u00fa, pr\u00e9via da Petrobras e precifica\u00e7\u00e3o da Intelbras. Clique aqui para saber mais.\",\"breadcrumb\":{\"@id\":\"https:\/\/www.suno.com.br\/noticias\/agenda-do-dia-teleconferencia-itau-itub4-petrobras-petr4-intelbras\/#breadcrumb\"},\"inLanguage\":\"pt-BR\",\"potentialAction\":[{\"@type\":\"ReadAction\",\"target\":[\"https:\/\/www.suno.com.br\/noticias\/agenda-do-dia-teleconferencia-itau-itub4-petrobras-petr4-intelbras\/\"]}]},{\"@type\":\"ImageObject\",\"inLanguage\":\"pt-BR\",\"@id\":\"https:\/\/www.suno.com.br\/noticias\/agenda-do-dia-teleconferencia-itau-itub4-petrobras-petr4-intelbras\/#primaryimage\",\"url\":\"https:\/\/files.sunoresearch.com.br\/n\/uploads\/2021\/02\/b0f496be-agendadodia-jpg.webp\",\"contentUrl\":\"https:\/\/files.sunoresearch.com.br\/n\/uploads\/2021\/02\/b0f496be-agendadodia-jpg.webp\",\"width\":1024,\"height\":683,\"caption\":\"Agenda do dia tem tele do Ita\u00fa, pr\u00e9via da Petrobras e precifica\u00e7\u00e3o da Intelbras\"},{\"@type\":\"BreadcrumbList\",\"@id\":\"https:\/\/www.suno.com.br\/noticias\/agenda-do-dia-teleconferencia-itau-itub4-petrobras-petr4-intelbras\/#breadcrumb\",\"itemListElement\":[{\"@type\":\"ListItem\",\"position\":1,\"name\":\"Not\u00edcias\",\"item\":\"https:\/\/www.suno.com.br\/noticias\/\"},{\"@type\":\"ListItem\",\"position\":2,\"name\":\"Mercado\",\"item\":\"https:\/\/www.suno.com.br\/noticias\/mercado\/\"},{\"@type\":\"ListItem\",\"position\":3,\"name\":\"Agenda do dia: Ita\u00fa (ITUB4), pr\u00e9via da Petrobras (PETR4), precifica\u00e7\u00e3o da Intelbras\"}]},{\"@type\":\"WebSite\",\"@id\":\"https:\/\/www.suno.com.br\/noticias\/#website\",\"url\":\"https:\/\/www.suno.com.br\/noticias\/\",\"name\":\"Suno Not\u00edcias\",\"description\":\"Seu portal de informa\u00e7\u00e3o sobre o mundo dos investimentos\",\"publisher\":{\"@id\":\"https:\/\/www.suno.com.br\/noticias\/#organization\"},\"potentialAction\":[{\"@type\":\"SearchAction\",\"target\":{\"@type\":\"EntryPoint\",\"urlTemplate\":\"https:\/\/www.suno.com.br\/noticias\/?s={search_term_string}\"},\"query-input\":{\"@type\":\"PropertyValueSpecification\",\"valueRequired\":true,\"valueName\":\"search_term_string\"}}],\"inLanguage\":\"pt-BR\"},{\"@type\":\"Organization\",\"@id\":\"https:\/\/www.suno.com.br\/noticias\/#organization\",\"name\":\"Suno Not\u00edcias\",\"url\":\"https:\/\/www.suno.com.br\/noticias\/\",\"logo\":{\"@type\":\"ImageObject\",\"inLanguage\":\"pt-BR\",\"@id\":\"https:\/\/www.suno.com.br\/noticias\/#\/schema\/logo\/image\/\",\"url\":\"https:\/\/files.sunoresearch.com.br\/n\/uploads\/2021\/09\/suno-logo.png\",\"contentUrl\":\"https:\/\/files.sunoresearch.com.br\/n\/uploads\/2021\/09\/suno-logo.png\",\"width\":180,\"height\":180,\"caption\":\"Suno Not\u00edcias\"},\"image\":{\"@id\":\"https:\/\/www.suno.com.br\/noticias\/#\/schema\/logo\/image\/\"},\"sameAs\":[\"https:\/\/facebook.com\/sunoresearch\",\"https:\/\/x.com\/sunoresearch\",\"https:\/\/www.instagram.com\/suno\",\"https:\/\/www.linkedin.com\/company\/suno-research\/\",\"https:\/\/www.youtube.com\/c\/sunoresearch\"]},{\"@type\":\"Person\",\"@id\":\"https:\/\/www.suno.com.br\/noticias\/#\/schema\/person\/658d5fbc74d81f265f5df3562d0038ab\",\"name\":\"Vitor Azevedo\",\"image\":{\"@type\":\"ImageObject\",\"inLanguage\":\"pt-BR\",\"@id\":\"https:\/\/www.suno.com.br\/noticias\/#\/schema\/person\/image\/\",\"url\":\"https:\/\/secure.gravatar.com\/avatar\/62b86195291b446fe380824eb28b99a5?s=96&r=g\",\"contentUrl\":\"https:\/\/secure.gravatar.com\/avatar\/62b86195291b446fe380824eb28b99a5?s=96&r=g\",\"caption\":\"Vitor Azevedo\"},\"description\":\"Formado em jornalismo pela Unesp, escreve sobre economia e neg\u00f3cios para a Suno Not\u00edcias.\",\"url\":\"https:\/\/www.suno.com.br\/noticias\/author\/vitor-azevedo\/\"}]}<\/script>\n<!-- \/ Yoast SEO plugin. -->","yoast_head_json":{"title":"Agenda do dia: Ita\u00fa (ITUB4), Petrobr\u00e1s (PETR4), Intelbras","description":"Na agenda do dia desta ter\u00e7a-feira (2): teleconfer\u00eancia do Ita\u00fa, pr\u00e9via da Petrobras e precifica\u00e7\u00e3o da Intelbras. Clique aqui para saber mais.","robots":{"index":"index","follow":"follow","max-snippet":"max-snippet:-1","max-image-preview":"max-image-preview:large","max-video-preview":"max-video-preview:-1"},"canonical":"https:\/\/www.suno.com.br\/noticias\/agenda-do-dia-teleconferencia-itau-itub4-petrobras-petr4-intelbras\/","og_locale":"pt_BR","og_type":"article","og_title":"Agenda do dia: Ita\u00fa (ITUB4), Petrobr\u00e1s (PETR4), Intelbras","og_description":"Na agenda do dia desta ter\u00e7a-feira (2): teleconfer\u00eancia do Ita\u00fa, pr\u00e9via da Petrobras e precifica\u00e7\u00e3o da Intelbras. Clique aqui para saber mais.","og_url":"https:\/\/www.suno.com.br\/noticias\/agenda-do-dia-teleconferencia-itau-itub4-petrobras-petr4-intelbras\/","og_site_name":"Suno Not\u00edcias","article_publisher":"https:\/\/facebook.com\/sunoresearch","og_image":[{"width":1024,"height":683,"url":"https:\/\/files.sunoresearch.com.br\/n\/uploads\/2021\/02\/b0f496be-agendadodia.jpg","type":"image\/jpeg"}],"author":"Vitor Azevedo","twitter_card":"summary_large_image","twitter_creator":"@sunoresearch","twitter_site":"@sunoresearch","twitter_misc":{"Escrito por":"Vitor Azevedo","Est. tempo de leitura":"3 minutos"},"schema":{"@context":"https:\/\/schema.org","@graph":[{"@type":"NewsArticle","@id":"https:\/\/www.suno.com.br\/noticias\/agenda-do-dia-teleconferencia-itau-itub4-petrobras-petr4-intelbras\/#article","isPartOf":{"@id":"https:\/\/www.suno.com.br\/noticias\/agenda-do-dia-teleconferencia-itau-itub4-petrobras-petr4-intelbras\/"},"author":{"name":"Vitor Azevedo","@id":"https:\/\/www.suno.com.br\/noticias\/#\/schema\/person\/658d5fbc74d81f265f5df3562d0038ab"},"headline":"Agenda do dia: Ita\u00fa (ITUB4), pr\u00e9via da Petrobras (PETR4), precifica\u00e7\u00e3o da Intelbras","datePublished":"2021-02-02T12:29:58+00:00","dateModified":"2021-06-14T03:28:17+00:00","mainEntityOfPage":{"@id":"https:\/\/www.suno.com.br\/noticias\/agenda-do-dia-teleconferencia-itau-itub4-petrobras-petr4-intelbras\/"},"wordCount":552,"publisher":{"@id":"https:\/\/www.suno.com.br\/noticias\/#organization"},"image":{"@id":"https:\/\/www.suno.com.br\/noticias\/agenda-do-dia-teleconferencia-itau-itub4-petrobras-petr4-intelbras\/#primaryimage"},"thumbnailUrl":"https:\/\/files.sunoresearch.com.br\/n\/uploads\/2021\/02\/b0f496be-agendadodia-jpg.webp","keywords":["agenda do dia","Intelbras (INTB3)","Petrobras (PETR4)","Pfizer (PFIZ34)","Produto Interno Bruto (PIB)"],"articleSection":["Mercado"],"inLanguage":"pt-BR"},{"@type":"WebPage","@id":"https:\/\/www.suno.com.br\/noticias\/agenda-do-dia-teleconferencia-itau-itub4-petrobras-petr4-intelbras\/","url":"https:\/\/www.suno.com.br\/noticias\/agenda-do-dia-teleconferencia-itau-itub4-petrobras-petr4-intelbras\/","name":"Agenda do dia: Ita\u00fa (ITUB4), Petrobr\u00e1s (PETR4), Intelbras","isPartOf":{"@id":"https:\/\/www.suno.com.br\/noticias\/#website"},"primaryImageOfPage":{"@id":"https:\/\/www.suno.com.br\/noticias\/agenda-do-dia-teleconferencia-itau-itub4-petrobras-petr4-intelbras\/#primaryimage"},"image":{"@id":"https:\/\/www.suno.com.br\/noticias\/agenda-do-dia-teleconferencia-itau-itub4-petrobras-petr4-intelbras\/#primaryimage"},"thumbnailUrl":"https:\/\/files.sunoresearch.com.br\/n\/uploads\/2021\/02\/b0f496be-agendadodia-jpg.webp","datePublished":"2021-02-02T12:29:58+00:00","dateModified":"2021-06-14T03:28:17+00:00","description":"Na agenda do dia desta ter\u00e7a-feira (2): teleconfer\u00eancia do Ita\u00fa, pr\u00e9via da Petrobras e precifica\u00e7\u00e3o da Intelbras. Clique aqui para saber mais.","breadcrumb":{"@id":"https:\/\/www.suno.com.br\/noticias\/agenda-do-dia-teleconferencia-itau-itub4-petrobras-petr4-intelbras\/#breadcrumb"},"inLanguage":"pt-BR","potentialAction":[{"@type":"ReadAction","target":["https:\/\/www.suno.com.br\/noticias\/agenda-do-dia-teleconferencia-itau-itub4-petrobras-petr4-intelbras\/"]}]},{"@type":"ImageObject","inLanguage":"pt-BR","@id":"https:\/\/www.suno.com.br\/noticias\/agenda-do-dia-teleconferencia-itau-itub4-petrobras-petr4-intelbras\/#primaryimage","url":"https:\/\/files.sunoresearch.com.br\/n\/uploads\/2021\/02\/b0f496be-agendadodia-jpg.webp","contentUrl":"https:\/\/files.sunoresearch.com.br\/n\/uploads\/2021\/02\/b0f496be-agendadodia-jpg.webp","width":1024,"height":683,"caption":"Agenda do dia tem tele do Ita\u00fa, pr\u00e9via da Petrobras e precifica\u00e7\u00e3o da Intelbras"},{"@type":"BreadcrumbList","@id":"https:\/\/www.suno.com.br\/noticias\/agenda-do-dia-teleconferencia-itau-itub4-petrobras-petr4-intelbras\/#breadcrumb","itemListElement":[{"@type":"ListItem","position":1,"name":"Not\u00edcias","item":"https:\/\/www.suno.com.br\/noticias\/"},{"@type":"ListItem","position":2,"name":"Mercado","item":"https:\/\/www.suno.com.br\/noticias\/mercado\/"},{"@type":"ListItem","position":3,"name":"Agenda do dia: Ita\u00fa (ITUB4), pr\u00e9via da Petrobras (PETR4), precifica\u00e7\u00e3o da Intelbras"}]},{"@type":"WebSite","@id":"https:\/\/www.suno.com.br\/noticias\/#website","url":"https:\/\/www.suno.com.br\/noticias\/","name":"Suno Not\u00edcias","description":"Seu portal de informa\u00e7\u00e3o sobre o mundo dos investimentos","publisher":{"@id":"https:\/\/www.suno.com.br\/noticias\/#organization"},"potentialAction":[{"@type":"SearchAction","target":{"@type":"EntryPoint","urlTemplate":"https:\/\/www.suno.com.br\/noticias\/?s={search_term_string}"},"query-input":{"@type":"PropertyValueSpecification","valueRequired":true,"valueName":"search_term_string"}}],"inLanguage":"pt-BR"},{"@type":"Organization","@id":"https:\/\/www.suno.com.br\/noticias\/#organization","name":"Suno Not\u00edcias","url":"https:\/\/www.suno.com.br\/noticias\/","logo":{"@type":"ImageObject","inLanguage":"pt-BR","@id":"https:\/\/www.suno.com.br\/noticias\/#\/schema\/logo\/image\/","url":"https:\/\/files.sunoresearch.com.br\/n\/uploads\/2021\/09\/suno-logo.png","contentUrl":"https:\/\/files.sunoresearch.com.br\/n\/uploads\/2021\/09\/suno-logo.png","width":180,"height":180,"caption":"Suno Not\u00edcias"},"image":{"@id":"https:\/\/www.suno.com.br\/noticias\/#\/schema\/logo\/image\/"},"sameAs":["https:\/\/facebook.com\/sunoresearch","https:\/\/x.com\/sunoresearch","https:\/\/www.instagram.com\/suno","https:\/\/www.linkedin.com\/company\/suno-research\/","https:\/\/www.youtube.com\/c\/sunoresearch"]},{"@type":"Person","@id":"https:\/\/www.suno.com.br\/noticias\/#\/schema\/person\/658d5fbc74d81f265f5df3562d0038ab","name":"Vitor Azevedo","image":{"@type":"ImageObject","inLanguage":"pt-BR","@id":"https:\/\/www.suno.com.br\/noticias\/#\/schema\/person\/image\/","url":"https:\/\/secure.gravatar.com\/avatar\/62b86195291b446fe380824eb28b99a5?s=96&r=g","contentUrl":"https:\/\/secure.gravatar.com\/avatar\/62b86195291b446fe380824eb28b99a5?s=96&r=g","caption":"Vitor Azevedo"},"description":"Formado em jornalismo pela Unesp, escreve sobre economia e neg\u00f3cios para a Suno Not\u00edcias.","url":"https:\/\/www.suno.com.br\/noticias\/author\/vitor-azevedo\/"}]}},"default_loop_html":"<div class=\"cardsPage__listCard__boxs\"><div class=\"cardsPage__listCard__boxs__img\"><a href=\"https:\/\/www.suno.com.br\/noticias\/agenda-do-dia-teleconferencia-itau-itub4-petrobras-petr4-intelbras\/\"><img class=\"mask\" src=\"https:\/\/www.suno.com.br\/noticias\/wp-content\/themes\/suno\/resources\/images\/spotlight\/spotlight1img\/bg-mask.png\" alt=\"Image Mask\"\/><img src=\"https:\/\/files.sunoresearch.com.br\/n\/uploads\/2021\/02\/b0f496be-agendadodia-400x200.webp\" alt=\"Agenda do dia: Ita\u00fa (ITUB4), pr\u00e9via da Petrobras (PETR4), precifica\u00e7\u00e3o da Intelbras\"\/><\/a><span class=\"spotlightCategory\"><a href=\"https:\/\/www.suno.com.br\/noticias\/mercado\/\">Mercado<\/a><\/span><\/div><div class=\"cardsPage__listCard__boxs__content\"><a href=\"https:\/\/www.suno.com.br\/noticias\/agenda-do-dia-teleconferencia-itau-itub4-petrobras-petr4-intelbras\/\"><h2 class=\"content__title\">Agenda do dia: Ita\u00fa (ITUB4), pr\u00e9via da Petrobras (PETR4), precifica\u00e7\u00e3o da Intelbras<\/h2><\/a><div class=\"newsContent__article__meta\"><div class=\"newsContent__article__meta__authorBox\"><a href=\"https:\/\/www.suno.com.br\/noticias\/author\/vitor-azevedo\/\" class=\"authorBox__avatar noMobi\"><img src=\"https:\/\/secure.gravatar.com\/avatar\/62b86195291b446fe380824eb28b99a5?s=96&#038;r=g\" alt=\"Vitor Azevedo\"><\/a><div class=\"authorBox__name\"><span>por\n\t\t\t<a href=\"https:\/\/www.suno.com.br\/noticias\/author\/vitor-azevedo\/\"><span itemprop=\"author\">Vitor Azevedo<\/span><\/a><\/span><time datetime=\"2021-02-02T09:29:58-03:00\" itemprop=\"datePublished\">02\/02\/2021 09:29<\/time><\/div><\/div><\/div><\/div><\/div>","single_layout":"posts","amp_enabled":true,"_links":{"self":[{"href":"https:\/\/www.suno.com.br\/noticias\/wp-json\/wp\/v2\/posts\/117959"}],"collection":[{"href":"https:\/\/www.suno.com.br\/noticias\/wp-json\/wp\/v2\/posts"}],"about":[{"href":"https:\/\/www.suno.com.br\/noticias\/wp-json\/wp\/v2\/types\/post"}],"author":[{"embeddable":true,"href":"https:\/\/www.suno.com.br\/noticias\/wp-json\/wp\/v2\/users\/59"}],"replies":[{"embeddable":true,"href":"https:\/\/www.suno.com.br\/noticias\/wp-json\/wp\/v2\/comments?post=117959"}],"version-history":[{"count":1,"href":"https:\/\/www.suno.com.br\/noticias\/wp-json\/wp\/v2\/posts\/117959\/revisions"}],"predecessor-version":[{"id":157699,"href":"https:\/\/www.suno.com.br\/noticias\/wp-json\/wp\/v2\/posts\/117959\/revisions\/157699"}],"wp:featuredmedia":[{"embeddable":true,"href":"https:\/\/www.suno.com.br\/noticias\/wp-json\/wp\/v2\/media\/117976"}],"wp:attachment":[{"href":"https:\/\/www.suno.com.br\/noticias\/wp-json\/wp\/v2\/media?parent=117959"}],"wp:term":[{"taxonomy":"category","embeddable":true,"href":"https:\/\/www.suno.com.br\/noticias\/wp-json\/wp\/v2\/categories?post=117959"},{"taxonomy":"post_tag","embeddable":true,"href":"https:\/\/www.suno.com.br\/noticias\/wp-json\/wp\/v2\/tags?post=117959"},{"taxonomy":"suno_strategy","embeddable":true,"href":"https:\/\/www.suno.com.br\/noticias\/wp-json\/wp\/v2\/suno_strategy?post=117959"}],"curies":[{"name":"wp","href":"https:\/\/api.w.org\/{rel}","templated":true}]}}