{"id":117819,"date":"2021-02-01T18:36:52","date_gmt":"2021-02-01T21:36:52","guid":{"rendered":"https:\/\/www.suno.com.br\/noticias\/?p=117819"},"modified":"2021-05-29T20:29:59","modified_gmt":"2021-05-29T23:29:59","slug":"alzr1-ifix-fecha-em-queda-01022021","status":"publish","type":"post","link":"https:\/\/www.suno.com.br\/noticias\/alzr1-ifix-fecha-em-queda-01022021\/","title":{"rendered":"ALZR11 compra im\u00f3vel da Globo e IFIX fecha em queda de 0,16%"},"content":{"rendered":"<p>O <b>IFIX<\/b>, \u00edndice de Fundos Imobili\u00e1rios da B3, fechou nesta segunda-feira (01), aos 2.874,91 pontos, apresentando queda de 0,16%.<\/p>\t<div class=\"wrapper-featured-image\">\n\t\t<figure class=\"spotlightImg\">\n\n\t\t\t<picture>\n\t\t\t\t<source media=\"(max-width: 768px)\" srcset=\"https:\/\/files.sunoresearch.com.br\/n\/uploads\/2021\/02\/30169c1a-ifix-400x200.webp\">\n\t\t\t\t<img loading=\"lazy\" decoding=\"async\" class=\"newsContent__article__imgCapa lazyloadDisabled \" src=\"https:\/\/files.sunoresearch.com.br\/n\/uploads\/2021\/02\/30169c1a-ifix-800x450.webp\" width=\"800\" height=\"450\" alt=\"ALZR11 compra im\u00f3vel da Globo e IFIX fecha em queda de 0,16%\" fetchpriority=high \/>\n\t\t\t<\/picture>\n\n\t\t\t<figcaption class=\"wp-caption-text wp-caption-text--show\">IFIX<\/figcaption>\n\t\t<\/figure>\n\t<\/div>\n\n\n\t<p>\n\t\t<a href=\"https:\/\/lp.suno.com.br\/ebook-como-analisar-uma-acao\/\" target=\"_blank\" data-element=\"shortcode-suno-banner\" title=\"Banner SUNO, clique e saiba mais\">\n\t\t\t<picture>\n\t\t\t\t<source media=\"(max-width: 500px)\" srcset=\"https:\/\/files.sunoresearch.com.br\/n\/uploads\/2023\/03\/Ebook-Acoes-Mobile.jpg\">\n\t\t\t\t<img class=\"newsContent__article__imgCapa newsContent__article__imgCapa--banner\"\n\t\t\t\t\tsrc=\"https:\/\/files.sunoresearch.com.br\/n\/uploads\/2023\/03\/Ebook-Acoes-Desktop.jpg\"\n\t\t\t\t\tdata-promo-id=\"378302\"\t\t\t\t\t\t\t\t\t\twidth='1420' height='286'\t\t\t\t\talt=\"https:\/\/files.sunoresearch.com.br\/n\/uploads\/2023\/03\/Ebook-Acoes-Desktop.jpg\"\n\t\t\t\t>\n\t\t\t<\/picture>\n\t\t<\/a>\n\t<\/p>\n\n\n<p>Com o resultado do <strong><a href=\"https:\/\/www.suno.com.br\/artigos\/ifix\/\">IFIX hoje<\/a>,<\/strong> o \u00edndice acumulou uma alta de 0,26% no ano, enquanto em 2020 reportou queda de 11,79%.<\/p>\n<p>Al\u00e9m disso, a m\u00e1xima no dia foi de 2.882,77 pontos, enquanto a m\u00ednima ficou em 2.871,83 pontos.<\/p>\n<p><a href=\"https:\/\/lp.suno.com.br\/suno-one\/\">Suno One: acesse gratuitamente eBooks, Minicursos, Artigos e Video Aulas sobre investimentos com um \u00fanico cadastro. Clique para saber mais!<\/a><\/p>\n<h2>Principais not\u00edcias do dia em Fundos Imobili\u00e1rios<\/h2>\n<p>Confira as principais not\u00edcias que chamaram a aten\u00e7\u00e3o do mercado de <strong>FIIs<\/strong> durante o dia:<\/p>\n<ul>\n<li>ALZR11 compra im\u00f3vel da Globo<\/li>\n<li>KISU11 aprova transfer\u00eancia de administra\u00e7\u00e3o para BRL Trust<\/li>\n<\/ul>\n<h3>ALZR11<\/h3>\n<p>O <strong>BTG Pactual<\/strong>, administrador do FII\u00a0<strong>Alianza Trust Renda Imobili\u00e1ria<\/strong> (ALZR11), informou na \u00faltima sexta-feira (29) que o Fundo celebrou a aquisi\u00e7\u00e3o definitiva da totalidade do edif\u00edcio comercial da <strong>Globo Comunica\u00e7\u00e3o<\/strong>, localizado no Rio de Janeiro, no bairro Jardim Bot\u00e2nico, por R$ 37,5 milh\u00f5es.<\/p>\n<p>Vale destacar que o <strong>ALZR11<\/strong> j\u00e1 havia pago R$ 3,75 milh\u00f5es em 21 de dezembro como sinal e princ\u00edpio de pagamento. Os outros R$ 33,750 milh\u00f5es foram pagos na sexta-feira, na conclus\u00e3o da transa\u00e7\u00e3o.<\/p>\n<p>&#8220;Caso os Ativos Imobili\u00e1rios investidos pelo Fundo, incluindo o ativo objeto da transa\u00e7\u00e3o acima, performem em linha com o esperado pela Gestora, considerando a liquida\u00e7\u00e3o integral da obriga\u00e7\u00e3o com Globo utilizando o caixa dispon\u00edvel no Fundo, a expectativa \u00e9 que a transa\u00e7\u00e3o objeto deste comunicado tenha um impacto positivo de, aproximadamente, R$ 0,0558 (cinco centavos) por cota no primeiro ano&#8221;, explica o documento.<\/p>\n\t<div data-element=\"shortcode-read-more\" class=\"knowMore\">\n\t\t\t\t<span class=\"knowMore__title\">Saiba mais <\/span>\n\t\t\t\t<a class=\"knowMore__link\" href=\"https:\/\/www.suno.com.br\/noticias\/alzr11-adquire-imovel-globo\/\">\n\t\t\tFII ALZR11 adquire im\u00f3vel da Globo por R$ 37,5 milh\u00f5es\t\t<\/a>\n\t<\/div>\n\n\n<p>Vale destacar que o im\u00f3vel ser\u00e1 100% locado para a Globo por meio do Contrato de Loca\u00e7\u00e3o, pelo per\u00edodo m\u00ednimo de 10 anos, com penalidade por rescis\u00e3o equivalente ao saldo devedor integral em caso de rescis\u00e3o antecipada.\u00a0A Globo pagar\u00e1 ao fundo, mensalmente, R$ 250 mil de aluguel. O valor ser\u00e1 corrigido anualmente pelo <a href=\"https:\/\/www.suno.com.br\/artigos\/ipca\/\">IPCA<\/a>.<\/p>\n<h3>KISU11<\/h3>\n<p>A <strong>V\u00f3rtx<\/strong>, administradora do<strong> Kilima Fundo de Investimento em Cotas de Fundos Imobili\u00e1rios SUNO30<\/strong>, informou nesta segunda-feira que apurou o resultado da Consulta Formal enviada aos cotistas em 14 de janeiro.<\/p>\n<p>Segundo o documento, foi aprovada a transfer\u00eancia da administra\u00e7\u00e3o, cust\u00f3dia e escritura\u00e7\u00e3o do Fundo a partir da abertura dos mercados no dia 11 de fevereiro, atualmente administrado pela V\u00f3rx, para a<strong> BRL Trust.<\/strong><\/p>\n<p>&#8220;A Administradora transferir\u00e1 \u00e0 Nova Administradora, no fechamento do dia anterior \u00e0 Data de Transfer\u00eancia, a totalidade dos ativos financeiros, valores mobili\u00e1rios e valores em caixa, detidos pelo Fundo, se houver, deduzidas as taxas de administra\u00e7\u00e3o e performance, se existirem, calculada de forma \u201cpro rata temporis\u201d, considerando o n\u00famero de dias corridos at\u00e9 a data da efetiva transfer\u00eancia do Fundo&#8221;, explica o documento.<\/p>\n<h2>Maiores altas e baixas do IFIX<\/h2>\n<p>Confira as maiores altas e baixas do dia no IFIX:<\/p>\n<h3>Maiores Altas do dia\u00a0no IFIX:<\/h3>\n<ul>\n<li><strong>HCTR11<\/strong>: +5,13%\/ R$ 159,80<\/li>\n<li><strong>BBFI11B<\/strong>: +3,42% \/ R$ 2.308,00<\/li>\n<li><strong>PVBI11<\/strong>: + 1,47% \/R$ 96,90<\/li>\n<li><strong>GTWR11<\/strong>: +1,30% \/R$ 109,15<\/li>\n<li><strong>BTLG11<\/strong>: + 1,05% \/R$ 114,13<\/li>\n<\/ul>\n\t<p>\n\t\t<a href=\"https:\/\/lp.suno.com.br\/planilha-controle-gastos\/\" target=\"_blank\" data-element=\"shortcode-suno-banner\" title=\"Banner SUNO, clique e saiba mais\">\n\t\t\t<picture>\n\t\t\t\t<source media=\"(max-width: 500px)\" srcset=\"https:\/\/files.sunoresearch.com.br\/n\/uploads\/2023\/03\/400x300-Planilha-controle-de-gastos.png\">\n\t\t\t\t<img class=\"newsContent__article__imgCapa newsContent__article__imgCapa--banner\"\n\t\t\t\t\tsrc=\"https:\/\/files.sunoresearch.com.br\/n\/uploads\/2023\/03\/1420x240-Planilha-controle-de-gastos.png\"\n\t\t\t\t\tdata-promo-id=\"101751\"\t\t\t\t\t\t\t\t\t\twidth='1420' height='240'\t\t\t\t\talt=\"https:\/\/files.sunoresearch.com.br\/n\/uploads\/2023\/03\/1420x240-Planilha-controle-de-gastos.png\"\n\t\t\t\t>\n\t\t\t<\/picture>\n\t\t<\/a>\n\t<\/p>\n\n\n<h3>Maiores Baixas do dia no IFIX:<\/h3>\n<ul>\n<li><strong>XPCM11<\/strong>: -12,92% \/ R$ 50,40<\/li>\n<li><strong>HGPO11<\/strong>: -3,84% \/ R$ 221,74<\/li>\n<li><b>BARI11<\/b>: -2,18% \/ R$ 109,90<\/li>\n<li><strong>XPPR11<\/strong>: -1,54% \/ R$ 78,90<\/li>\n<li><strong>SPTW11<\/strong>: -1,46% \/ R$ 84,35<\/li>\n<\/ul>\n<h2>O que \u00e9 o IFIX<\/h2>\n<p>O <b>IFIX <\/b>\u00e9 um indicador criado pela <a href=\"https:\/\/www.suno.com.br\/artigos\/b3\/\"><strong>Bolsa de Valores de S\u00e3o Paulo (B3)<\/strong><\/a> que tem como objetivo a medi\u00e7\u00e3o da performance de uma carteira composta por cotas de <strong>Fundos Imobili\u00e1rios.<\/strong><\/p>\n\t<p>\n\t\t<a href=\"https:\/\/lp.suno.com.br\/planilha-de-controle-de-investimentos\/\" target=\"_blank\" data-element=\"shortcode-suno-banner\" title=\"Banner SUNO, clique e saiba mais\">\n\t\t\t<picture>\n\t\t\t\t<source media=\"(max-width: 500px)\" srcset=\"https:\/\/files.sunoresearch.com.br\/n\/uploads\/2023\/03\/400x300-Controle-de-Investimentos.png\">\n\t\t\t\t<img class=\"newsContent__article__imgCapa newsContent__article__imgCapa--banner\"\n\t\t\t\t\tsrc=\"https:\/\/files.sunoresearch.com.br\/n\/uploads\/2023\/03\/1420x240-Controle-de-Investimentos.png\"\n\t\t\t\t\tdata-promo-id=\"75934\"\t\t\t\t\t\t\t\t\t\twidth='1420' height='240'\t\t\t\t\talt=\"https:\/\/files.sunoresearch.com.br\/n\/uploads\/2023\/03\/1420x240-Controle-de-Investimentos.png\"\n\t\t\t\t>\n\t\t\t<\/picture>\n\t\t<\/a>\n\t<\/p>\n\n\n","protected":false},"excerpt":{"rendered":"<p>O IFIX, \u00edndice de Fundos Imobili\u00e1rios da B3, fechou nesta segunda-feira (01), aos 2.874,91 pontos, apresentando queda de 0,16%. IFIX Com o resultado do IFIX hoje, o \u00edndice acumulou uma alta de 0,26% no ano, enquanto em 2020 reportou queda de 11,79%. Al\u00e9m disso, a m\u00e1xima no dia foi de 2.882,77 pontos, enquanto a m\u00ednima [&hellip;]<\/p>\n","protected":false},"author":39,"featured_media":117836,"comment_status":"closed","ping_status":"closed","sticky":false,"template":"","format":"standard","meta":[],"categories":[66,60],"tags":[315,2689],"suno_strategy":[],"class_list":["post-117819","post","type-post","status-publish","format-standard","has-post-thumbnail","hentry","category-fiis","category-mercado","tag-fundos-imobiliarios-fiis","tag-ifix"],"yoast_head":"<!-- This site is optimized with the Yoast SEO plugin v24.4 - https:\/\/yoast.com\/wordpress\/plugins\/seo\/ -->\n<title>ALZR11 compra im\u00f3vel da Globo e IFIX fecha em queda de 0,16%<\/title>\n<meta name=\"description\" content=\"O IFIX, fechou nesta segunda-feira (01), aos 2.874,91 pontos, apresentando queda de 0,16%. Clique aqui e saiba mais sobre o IFIX hoje!\" \/>\n<meta name=\"robots\" content=\"index, follow, max-snippet:-1, max-image-preview:large, max-video-preview:-1\" \/>\n<link rel=\"canonical\" href=\"https:\/\/www.suno.com.br\/noticias\/alzr1-ifix-fecha-em-queda-01022021\/\" \/>\n<meta property=\"og:locale\" content=\"pt_BR\" \/>\n<meta property=\"og:type\" content=\"article\" \/>\n<meta property=\"og:title\" content=\"ALZR11 compra im\u00f3vel da Globo e IFIX fecha em queda de 0,16%\" \/>\n<meta property=\"og:description\" content=\"O IFIX, fechou nesta segunda-feira (01), aos 2.874,91 pontos, apresentando queda de 0,16%. Clique aqui e saiba mais sobre o IFIX hoje!\" \/>\n<meta property=\"og:url\" content=\"https:\/\/www.suno.com.br\/noticias\/alzr1-ifix-fecha-em-queda-01022021\/\" \/>\n<meta property=\"og:site_name\" content=\"Suno Not\u00edcias\" \/>\n<meta property=\"article:publisher\" content=\"https:\/\/facebook.com\/sunoresearch\" \/>\n<meta property=\"og:image\" content=\"https:\/\/files.sunoresearch.com.br\/n\/uploads\/2021\/02\/30169c1a-ifix-1024x576.png\" \/>\n\t<meta property=\"og:image:width\" content=\"1024\" \/>\n\t<meta property=\"og:image:height\" content=\"576\" \/>\n\t<meta property=\"og:image:type\" content=\"image\/png\" \/>\n<meta name=\"author\" content=\"Laura Moutinho\" \/>\n<meta name=\"twitter:card\" content=\"summary_large_image\" \/>\n<meta name=\"twitter:creator\" content=\"@sunoresearch\" \/>\n<meta name=\"twitter:site\" content=\"@sunoresearch\" \/>\n<meta name=\"twitter:label1\" content=\"Escrito por\" \/>\n\t<meta name=\"twitter:data1\" content=\"Laura Moutinho\" \/>\n\t<meta name=\"twitter:label2\" content=\"Est. tempo de leitura\" \/>\n\t<meta name=\"twitter:data2\" content=\"3 minutos\" \/>\n<script type=\"application\/ld+json\" class=\"yoast-schema-graph\">{\"@context\":\"https:\/\/schema.org\",\"@graph\":[{\"@type\":\"NewsArticle\",\"@id\":\"https:\/\/www.suno.com.br\/noticias\/alzr1-ifix-fecha-em-queda-01022021\/#article\",\"isPartOf\":{\"@id\":\"https:\/\/www.suno.com.br\/noticias\/alzr1-ifix-fecha-em-queda-01022021\/\"},\"author\":{\"name\":\"Laura Moutinho\",\"@id\":\"https:\/\/www.suno.com.br\/noticias\/#\/schema\/person\/3df0d2808748b74496efe5dbeaef2c72\"},\"headline\":\"ALZR11 compra im\u00f3vel da Globo e IFIX fecha em queda de 0,16%\",\"datePublished\":\"2021-02-01T21:36:52+00:00\",\"dateModified\":\"2021-05-29T23:29:59+00:00\",\"mainEntityOfPage\":{\"@id\":\"https:\/\/www.suno.com.br\/noticias\/alzr1-ifix-fecha-em-queda-01022021\/\"},\"wordCount\":581,\"publisher\":{\"@id\":\"https:\/\/www.suno.com.br\/noticias\/#organization\"},\"image\":{\"@id\":\"https:\/\/www.suno.com.br\/noticias\/alzr1-ifix-fecha-em-queda-01022021\/#primaryimage\"},\"thumbnailUrl\":\"https:\/\/files.sunoresearch.com.br\/n\/uploads\/2021\/02\/30169c1a-ifix-png.webp\",\"keywords\":[\"Fundos Imobili\u00e1rios (FIIs)\",\"IFIX\"],\"articleSection\":[\"FIIs\",\"Mercado\"],\"inLanguage\":\"pt-BR\"},{\"@type\":\"WebPage\",\"@id\":\"https:\/\/www.suno.com.br\/noticias\/alzr1-ifix-fecha-em-queda-01022021\/\",\"url\":\"https:\/\/www.suno.com.br\/noticias\/alzr1-ifix-fecha-em-queda-01022021\/\",\"name\":\"ALZR11 compra im\u00f3vel da Globo e IFIX fecha em queda de 0,16%\",\"isPartOf\":{\"@id\":\"https:\/\/www.suno.com.br\/noticias\/#website\"},\"primaryImageOfPage\":{\"@id\":\"https:\/\/www.suno.com.br\/noticias\/alzr1-ifix-fecha-em-queda-01022021\/#primaryimage\"},\"image\":{\"@id\":\"https:\/\/www.suno.com.br\/noticias\/alzr1-ifix-fecha-em-queda-01022021\/#primaryimage\"},\"thumbnailUrl\":\"https:\/\/files.sunoresearch.com.br\/n\/uploads\/2021\/02\/30169c1a-ifix-png.webp\",\"datePublished\":\"2021-02-01T21:36:52+00:00\",\"dateModified\":\"2021-05-29T23:29:59+00:00\",\"description\":\"O IFIX, fechou nesta segunda-feira (01), aos 2.874,91 pontos, apresentando queda de 0,16%. Clique aqui e saiba mais sobre o IFIX hoje!\",\"breadcrumb\":{\"@id\":\"https:\/\/www.suno.com.br\/noticias\/alzr1-ifix-fecha-em-queda-01022021\/#breadcrumb\"},\"inLanguage\":\"pt-BR\",\"potentialAction\":[{\"@type\":\"ReadAction\",\"target\":[\"https:\/\/www.suno.com.br\/noticias\/alzr1-ifix-fecha-em-queda-01022021\/\"]}]},{\"@type\":\"ImageObject\",\"inLanguage\":\"pt-BR\",\"@id\":\"https:\/\/www.suno.com.br\/noticias\/alzr1-ifix-fecha-em-queda-01022021\/#primaryimage\",\"url\":\"https:\/\/files.sunoresearch.com.br\/n\/uploads\/2021\/02\/30169c1a-ifix-png.webp\",\"contentUrl\":\"https:\/\/files.sunoresearch.com.br\/n\/uploads\/2021\/02\/30169c1a-ifix-png.webp\",\"width\":1920,\"height\":1080,\"caption\":\"IFIX\"},{\"@type\":\"BreadcrumbList\",\"@id\":\"https:\/\/www.suno.com.br\/noticias\/alzr1-ifix-fecha-em-queda-01022021\/#breadcrumb\",\"itemListElement\":[{\"@type\":\"ListItem\",\"position\":1,\"name\":\"Not\u00edcias\",\"item\":\"https:\/\/www.suno.com.br\/noticias\/\"},{\"@type\":\"ListItem\",\"position\":2,\"name\":\"FIIs\",\"item\":\"https:\/\/www.suno.com.br\/noticias\/fiis\/\"},{\"@type\":\"ListItem\",\"position\":3,\"name\":\"ALZR11 compra im\u00f3vel da Globo e IFIX fecha em queda de 0,16%\"}]},{\"@type\":\"WebSite\",\"@id\":\"https:\/\/www.suno.com.br\/noticias\/#website\",\"url\":\"https:\/\/www.suno.com.br\/noticias\/\",\"name\":\"Suno Not\u00edcias\",\"description\":\"Seu portal de informa\u00e7\u00e3o sobre o mundo dos investimentos\",\"publisher\":{\"@id\":\"https:\/\/www.suno.com.br\/noticias\/#organization\"},\"potentialAction\":[{\"@type\":\"SearchAction\",\"target\":{\"@type\":\"EntryPoint\",\"urlTemplate\":\"https:\/\/www.suno.com.br\/noticias\/?s={search_term_string}\"},\"query-input\":{\"@type\":\"PropertyValueSpecification\",\"valueRequired\":true,\"valueName\":\"search_term_string\"}}],\"inLanguage\":\"pt-BR\"},{\"@type\":\"Organization\",\"@id\":\"https:\/\/www.suno.com.br\/noticias\/#organization\",\"name\":\"Suno Not\u00edcias\",\"url\":\"https:\/\/www.suno.com.br\/noticias\/\",\"logo\":{\"@type\":\"ImageObject\",\"inLanguage\":\"pt-BR\",\"@id\":\"https:\/\/www.suno.com.br\/noticias\/#\/schema\/logo\/image\/\",\"url\":\"https:\/\/files.sunoresearch.com.br\/n\/uploads\/2021\/09\/suno-logo.png\",\"contentUrl\":\"https:\/\/files.sunoresearch.com.br\/n\/uploads\/2021\/09\/suno-logo.png\",\"width\":180,\"height\":180,\"caption\":\"Suno Not\u00edcias\"},\"image\":{\"@id\":\"https:\/\/www.suno.com.br\/noticias\/#\/schema\/logo\/image\/\"},\"sameAs\":[\"https:\/\/facebook.com\/sunoresearch\",\"https:\/\/x.com\/sunoresearch\",\"https:\/\/www.instagram.com\/suno\",\"https:\/\/www.linkedin.com\/company\/suno-research\/\",\"https:\/\/www.youtube.com\/c\/sunoresearch\"]},{\"@type\":\"Person\",\"@id\":\"https:\/\/www.suno.com.br\/noticias\/#\/schema\/person\/3df0d2808748b74496efe5dbeaef2c72\",\"name\":\"Laura Moutinho\",\"image\":{\"@type\":\"ImageObject\",\"inLanguage\":\"pt-BR\",\"@id\":\"https:\/\/www.suno.com.br\/noticias\/#\/schema\/person\/image\/\",\"url\":\"https:\/\/secure.gravatar.com\/avatar\/7571c7c8ca3a6fca5e41384ece5557ff?s=96&r=g\",\"contentUrl\":\"https:\/\/secure.gravatar.com\/avatar\/7571c7c8ca3a6fca5e41384ece5557ff?s=96&r=g\",\"caption\":\"Laura Moutinho\"},\"description\":\"Estagi\u00e1ria na Suno Not\u00edcias, escreve not\u00edcias que afetam o mercado financeiro. Estuda administra\u00e7\u00e3o na Universidade Presbiteriana Mackenzie.\",\"url\":\"https:\/\/www.suno.com.br\/noticias\/author\/laura-moutinho\/\"}]}<\/script>\n<!-- \/ Yoast SEO plugin. -->","yoast_head_json":{"title":"ALZR11 compra im\u00f3vel da Globo e IFIX fecha em queda de 0,16%","description":"O IFIX, fechou nesta segunda-feira (01), aos 2.874,91 pontos, apresentando queda de 0,16%. Clique aqui e saiba mais sobre o IFIX hoje!","robots":{"index":"index","follow":"follow","max-snippet":"max-snippet:-1","max-image-preview":"max-image-preview:large","max-video-preview":"max-video-preview:-1"},"canonical":"https:\/\/www.suno.com.br\/noticias\/alzr1-ifix-fecha-em-queda-01022021\/","og_locale":"pt_BR","og_type":"article","og_title":"ALZR11 compra im\u00f3vel da Globo e IFIX fecha em queda de 0,16%","og_description":"O IFIX, fechou nesta segunda-feira (01), aos 2.874,91 pontos, apresentando queda de 0,16%. Clique aqui e saiba mais sobre o IFIX hoje!","og_url":"https:\/\/www.suno.com.br\/noticias\/alzr1-ifix-fecha-em-queda-01022021\/","og_site_name":"Suno Not\u00edcias","article_publisher":"https:\/\/facebook.com\/sunoresearch","og_image":[{"width":1024,"height":576,"url":"https:\/\/files.sunoresearch.com.br\/n\/uploads\/2021\/02\/30169c1a-ifix-1024x576.png","type":"image\/png"}],"author":"Laura Moutinho","twitter_card":"summary_large_image","twitter_creator":"@sunoresearch","twitter_site":"@sunoresearch","twitter_misc":{"Escrito por":"Laura Moutinho","Est. tempo de leitura":"3 minutos"},"schema":{"@context":"https:\/\/schema.org","@graph":[{"@type":"NewsArticle","@id":"https:\/\/www.suno.com.br\/noticias\/alzr1-ifix-fecha-em-queda-01022021\/#article","isPartOf":{"@id":"https:\/\/www.suno.com.br\/noticias\/alzr1-ifix-fecha-em-queda-01022021\/"},"author":{"name":"Laura Moutinho","@id":"https:\/\/www.suno.com.br\/noticias\/#\/schema\/person\/3df0d2808748b74496efe5dbeaef2c72"},"headline":"ALZR11 compra im\u00f3vel da Globo e IFIX fecha em queda de 0,16%","datePublished":"2021-02-01T21:36:52+00:00","dateModified":"2021-05-29T23:29:59+00:00","mainEntityOfPage":{"@id":"https:\/\/www.suno.com.br\/noticias\/alzr1-ifix-fecha-em-queda-01022021\/"},"wordCount":581,"publisher":{"@id":"https:\/\/www.suno.com.br\/noticias\/#organization"},"image":{"@id":"https:\/\/www.suno.com.br\/noticias\/alzr1-ifix-fecha-em-queda-01022021\/#primaryimage"},"thumbnailUrl":"https:\/\/files.sunoresearch.com.br\/n\/uploads\/2021\/02\/30169c1a-ifix-png.webp","keywords":["Fundos Imobili\u00e1rios (FIIs)","IFIX"],"articleSection":["FIIs","Mercado"],"inLanguage":"pt-BR"},{"@type":"WebPage","@id":"https:\/\/www.suno.com.br\/noticias\/alzr1-ifix-fecha-em-queda-01022021\/","url":"https:\/\/www.suno.com.br\/noticias\/alzr1-ifix-fecha-em-queda-01022021\/","name":"ALZR11 compra im\u00f3vel da Globo e IFIX fecha em queda de 0,16%","isPartOf":{"@id":"https:\/\/www.suno.com.br\/noticias\/#website"},"primaryImageOfPage":{"@id":"https:\/\/www.suno.com.br\/noticias\/alzr1-ifix-fecha-em-queda-01022021\/#primaryimage"},"image":{"@id":"https:\/\/www.suno.com.br\/noticias\/alzr1-ifix-fecha-em-queda-01022021\/#primaryimage"},"thumbnailUrl":"https:\/\/files.sunoresearch.com.br\/n\/uploads\/2021\/02\/30169c1a-ifix-png.webp","datePublished":"2021-02-01T21:36:52+00:00","dateModified":"2021-05-29T23:29:59+00:00","description":"O IFIX, fechou nesta segunda-feira (01), aos 2.874,91 pontos, apresentando queda de 0,16%. Clique aqui e saiba mais sobre o IFIX hoje!","breadcrumb":{"@id":"https:\/\/www.suno.com.br\/noticias\/alzr1-ifix-fecha-em-queda-01022021\/#breadcrumb"},"inLanguage":"pt-BR","potentialAction":[{"@type":"ReadAction","target":["https:\/\/www.suno.com.br\/noticias\/alzr1-ifix-fecha-em-queda-01022021\/"]}]},{"@type":"ImageObject","inLanguage":"pt-BR","@id":"https:\/\/www.suno.com.br\/noticias\/alzr1-ifix-fecha-em-queda-01022021\/#primaryimage","url":"https:\/\/files.sunoresearch.com.br\/n\/uploads\/2021\/02\/30169c1a-ifix-png.webp","contentUrl":"https:\/\/files.sunoresearch.com.br\/n\/uploads\/2021\/02\/30169c1a-ifix-png.webp","width":1920,"height":1080,"caption":"IFIX"},{"@type":"BreadcrumbList","@id":"https:\/\/www.suno.com.br\/noticias\/alzr1-ifix-fecha-em-queda-01022021\/#breadcrumb","itemListElement":[{"@type":"ListItem","position":1,"name":"Not\u00edcias","item":"https:\/\/www.suno.com.br\/noticias\/"},{"@type":"ListItem","position":2,"name":"FIIs","item":"https:\/\/www.suno.com.br\/noticias\/fiis\/"},{"@type":"ListItem","position":3,"name":"ALZR11 compra im\u00f3vel da Globo e IFIX fecha em queda de 0,16%"}]},{"@type":"WebSite","@id":"https:\/\/www.suno.com.br\/noticias\/#website","url":"https:\/\/www.suno.com.br\/noticias\/","name":"Suno Not\u00edcias","description":"Seu portal de informa\u00e7\u00e3o sobre o mundo dos investimentos","publisher":{"@id":"https:\/\/www.suno.com.br\/noticias\/#organization"},"potentialAction":[{"@type":"SearchAction","target":{"@type":"EntryPoint","urlTemplate":"https:\/\/www.suno.com.br\/noticias\/?s={search_term_string}"},"query-input":{"@type":"PropertyValueSpecification","valueRequired":true,"valueName":"search_term_string"}}],"inLanguage":"pt-BR"},{"@type":"Organization","@id":"https:\/\/www.suno.com.br\/noticias\/#organization","name":"Suno Not\u00edcias","url":"https:\/\/www.suno.com.br\/noticias\/","logo":{"@type":"ImageObject","inLanguage":"pt-BR","@id":"https:\/\/www.suno.com.br\/noticias\/#\/schema\/logo\/image\/","url":"https:\/\/files.sunoresearch.com.br\/n\/uploads\/2021\/09\/suno-logo.png","contentUrl":"https:\/\/files.sunoresearch.com.br\/n\/uploads\/2021\/09\/suno-logo.png","width":180,"height":180,"caption":"Suno Not\u00edcias"},"image":{"@id":"https:\/\/www.suno.com.br\/noticias\/#\/schema\/logo\/image\/"},"sameAs":["https:\/\/facebook.com\/sunoresearch","https:\/\/x.com\/sunoresearch","https:\/\/www.instagram.com\/suno","https:\/\/www.linkedin.com\/company\/suno-research\/","https:\/\/www.youtube.com\/c\/sunoresearch"]},{"@type":"Person","@id":"https:\/\/www.suno.com.br\/noticias\/#\/schema\/person\/3df0d2808748b74496efe5dbeaef2c72","name":"Laura Moutinho","image":{"@type":"ImageObject","inLanguage":"pt-BR","@id":"https:\/\/www.suno.com.br\/noticias\/#\/schema\/person\/image\/","url":"https:\/\/secure.gravatar.com\/avatar\/7571c7c8ca3a6fca5e41384ece5557ff?s=96&r=g","contentUrl":"https:\/\/secure.gravatar.com\/avatar\/7571c7c8ca3a6fca5e41384ece5557ff?s=96&r=g","caption":"Laura Moutinho"},"description":"Estagi\u00e1ria na Suno Not\u00edcias, escreve not\u00edcias que afetam o mercado financeiro. Estuda administra\u00e7\u00e3o na Universidade Presbiteriana Mackenzie.","url":"https:\/\/www.suno.com.br\/noticias\/author\/laura-moutinho\/"}]}},"default_loop_html":"<div class=\"cardsPage__listCard__boxs\"><div class=\"cardsPage__listCard__boxs__img\"><a href=\"https:\/\/www.suno.com.br\/noticias\/alzr1-ifix-fecha-em-queda-01022021\/\"><img class=\"mask\" src=\"https:\/\/www.suno.com.br\/noticias\/wp-content\/themes\/suno\/resources\/images\/spotlight\/spotlight1img\/bg-mask.png\" alt=\"Image Mask\"\/><img src=\"https:\/\/files.sunoresearch.com.br\/n\/uploads\/2021\/02\/30169c1a-ifix-400x200.webp\" alt=\"ALZR11 compra im\u00f3vel da Globo e IFIX fecha em queda de 0,16%\"\/><\/a><span class=\"spotlightCategory\"><a href=\"https:\/\/www.suno.com.br\/noticias\/fiis\/\">FIIs<\/a><\/span><\/div><div class=\"cardsPage__listCard__boxs__content\"><a href=\"https:\/\/www.suno.com.br\/noticias\/alzr1-ifix-fecha-em-queda-01022021\/\"><h2 class=\"content__title\">ALZR11 compra im\u00f3vel da Globo e IFIX fecha em queda de 0,16%<\/h2><\/a><div class=\"newsContent__article__meta\"><div class=\"newsContent__article__meta__authorBox\"><a href=\"https:\/\/www.suno.com.br\/noticias\/author\/laura-moutinho\/\" class=\"authorBox__avatar noMobi\"><img src=\"https:\/\/files.sunoresearch.com.br\/n\/uploads\/2020\/08\/531ff69d-whatsapp-image-2020-08-03-at-14.54.38-150x150.webp\" alt=\"Laura Moutinho\"><\/a><div class=\"authorBox__name\"><span>por\n\t\t\t<a href=\"https:\/\/www.suno.com.br\/noticias\/author\/laura-moutinho\/\"><span itemprop=\"author\">Laura Moutinho<\/span><\/a><\/span><time datetime=\"2021-02-01T18:36:52-03:00\" itemprop=\"datePublished\">01\/02\/2021 18:36<\/time><\/div><\/div><\/div><\/div><\/div>","single_layout":"posts","amp_enabled":true,"_links":{"self":[{"href":"https:\/\/www.suno.com.br\/noticias\/wp-json\/wp\/v2\/posts\/117819"}],"collection":[{"href":"https:\/\/www.suno.com.br\/noticias\/wp-json\/wp\/v2\/posts"}],"about":[{"href":"https:\/\/www.suno.com.br\/noticias\/wp-json\/wp\/v2\/types\/post"}],"author":[{"embeddable":true,"href":"https:\/\/www.suno.com.br\/noticias\/wp-json\/wp\/v2\/users\/39"}],"replies":[{"embeddable":true,"href":"https:\/\/www.suno.com.br\/noticias\/wp-json\/wp\/v2\/comments?post=117819"}],"version-history":[{"count":1,"href":"https:\/\/www.suno.com.br\/noticias\/wp-json\/wp\/v2\/posts\/117819\/revisions"}],"predecessor-version":[{"id":146722,"href":"https:\/\/www.suno.com.br\/noticias\/wp-json\/wp\/v2\/posts\/117819\/revisions\/146722"}],"wp:featuredmedia":[{"embeddable":true,"href":"https:\/\/www.suno.com.br\/noticias\/wp-json\/wp\/v2\/media\/117836"}],"wp:attachment":[{"href":"https:\/\/www.suno.com.br\/noticias\/wp-json\/wp\/v2\/media?parent=117819"}],"wp:term":[{"taxonomy":"category","embeddable":true,"href":"https:\/\/www.suno.com.br\/noticias\/wp-json\/wp\/v2\/categories?post=117819"},{"taxonomy":"post_tag","embeddable":true,"href":"https:\/\/www.suno.com.br\/noticias\/wp-json\/wp\/v2\/tags?post=117819"},{"taxonomy":"suno_strategy","embeddable":true,"href":"https:\/\/www.suno.com.br\/noticias\/wp-json\/wp\/v2\/suno_strategy?post=117819"}],"curies":[{"name":"wp","href":"https:\/\/api.w.org\/{rel}","templated":true}]}}