{"id":117813,"date":"2021-02-01T18:27:45","date_gmt":"2021-02-01T21:27:45","guid":{"rendered":"https:\/\/www.suno.com.br\/noticias\/?p=117813"},"modified":"2021-05-29T20:29:34","modified_gmt":"2021-05-29T23:29:34","slug":"ibovespa-fecha-em-alta-01022021","status":"publish","type":"post","link":"https:\/\/www.suno.com.br\/noticias\/ibovespa-fecha-em-alta-01022021\/","title":{"rendered":"Ibovespa fecha em alta de 2,13%, a 117.517,57 pontos"},"content":{"rendered":"<p>O\u00a0<span style=\"font-weight: 700 !important;\">Ibovespa\u00a0<\/span>encerrou o preg\u00e3o desta segunda-feira (1) em alta de 2,13%, a 117.517,57 pontos.<\/p>\t<div class=\"wrapper-featured-image\">\n\t\t<figure class=\"spotlightImg\">\n\n\t\t\t<picture>\n\t\t\t\t<source media=\"(max-width: 768px)\" srcset=\"https:\/\/files.sunoresearch.com.br\/n\/uploads\/2021\/02\/76d04e48-ibovespa-400x200.gif\">\n\t\t\t\t<img loading=\"lazy\" decoding=\"async\" class=\"newsContent__article__imgCapa lazyloadDisabled \" src=\"https:\/\/files.sunoresearch.com.br\/n\/uploads\/2021\/02\/76d04e48-ibovespa-800x450.gif\" width=\"800\" height=\"450\" alt=\"Ibovespa fecha em alta de 2,13%, a 117.517,57 pontos\" fetchpriority=high \/>\n\t\t\t<\/picture>\n\n\t\t\t<figcaption class=\"wp-caption-text wp-caption-text--show\">Ibovespa (Foto: Reprodu\u00e7\u00e3o)<\/figcaption>\n\t\t<\/figure>\n\t<\/div>\n\n\n\t<p>\n\t\t<a href=\"https:\/\/lp.suno.com.br\/planilha-controle-gastos\/\" target=\"_blank\" data-element=\"shortcode-suno-banner\" title=\"Banner SUNO, clique e saiba mais\">\n\t\t\t<picture>\n\t\t\t\t<source media=\"(max-width: 500px)\" srcset=\"https:\/\/files.sunoresearch.com.br\/n\/uploads\/2023\/03\/400x300-Planilha-controle-de-gastos.png\">\n\t\t\t\t<img class=\"newsContent__article__imgCapa newsContent__article__imgCapa--banner\"\n\t\t\t\t\tsrc=\"https:\/\/files.sunoresearch.com.br\/n\/uploads\/2023\/03\/1420x240-Planilha-controle-de-gastos.png\"\n\t\t\t\t\tdata-promo-id=\"101751\"\t\t\t\t\t\t\t\t\t\twidth='1420' height='240'\t\t\t\t\talt=\"https:\/\/files.sunoresearch.com.br\/n\/uploads\/2023\/03\/1420x240-Planilha-controle-de-gastos.png\"\n\t\t\t\t>\n\t\t\t<\/picture>\n\t\t<\/a>\n\t<\/p>\n\n\n<p>O <a href=\"https:\/\/www.suno.com.br\/artigos\/ibovespa\/\"><strong>Ibovespa hoje<\/strong><\/a> abriu em alta enquanto o mercado ficava de olho na divulga\u00e7\u00e3o do Boletim Focus. Hoje, a autoridade monet\u00e1ria do Pa\u00eds divulgou mais um aumento na estimativa pelo <a href=\"https:\/\/www.suno.com.br\/artigos\/ipca\/\">\u00cdndice de Pre\u00e7os ao Consumidor Amplo (<strong>IPCA<\/strong>)<\/a> deste ano. Segundo os especialistas, o aumento dos pre\u00e7os ser\u00e1 de 3,53% em 2021.<\/p>\n<p>Com isso, os profissionais do mercado financeiro esperam que a taxa b\u00e1sica de juros da economia (<strong>Selic<\/strong>) encerre o ano em 3,50%. Institui\u00e7\u00f5es banc\u00e1rias, ap\u00f3s a divulga\u00e7\u00e3o da ata da \u00faltima reuni\u00e3o do <a href=\"https:\/\/www.suno.com.br\/artigos\/copom\/\">Comit\u00ea de Pol\u00edtica Monet\u00e1ria (<strong>Copom<\/strong>)<\/a>, passaram a acreditar que o ciclo de alta da Selic come\u00e7ar\u00e1 na pr\u00f3xima reuni\u00e3o, em mar\u00e7o.<\/p>\n<p><a href=\"https:\/\/lp.suno.com.br\/suno-one\/\">Suno One: acesse gratuitamente eBooks, Minicursos, Artigos e Video Aulas sobre investimentos com um \u00fanico cadastro. Clique para saber mais!<\/a><\/p>\n<h2>Principais not\u00edcias que movimentaram o Ibovespa<\/h2>\n<p>Al\u00e9m disso, veja as principais not\u00edcias que movimentaram o mercado durante o dia:<\/p>\n<ul>\n<li>BTG Pactual (<strong>BPAC11<\/strong>) aposta em recupera\u00e7\u00e3o global para carteira de fevereiro<\/li>\n<li>JBS (<strong>JBSS3<\/strong>) enfrenta investiga\u00e7\u00e3o nos EUA sobre cuidados contra coronav\u00edrus<\/li>\n<li>Braskem (<strong>BRKM5<\/strong>) v\u00ea provis\u00f5es chegarem a R$ 10,1 bilh\u00f5es por Alagoas<\/li>\n<li>Bolsas no Exterior<\/li>\n<li>\u00daltima<strong> cota\u00e7\u00e3o do Ibovespa<\/strong><\/li>\n<\/ul>\n<h3>BTG Pactual (BPAC11)<\/h3>\n<p>O <a href=\"https:\/\/www.suno.com.br\/acoes\/bpac11\/\"><strong>BTG Pactual<\/strong> (BPAC11)<\/a> v\u00ea os mercados globais se recuperando lentamente conforme a vacina\u00e7\u00e3o contra o novo <strong>coronav\u00edrus<\/strong> (covid-19) v\u00e1 aumentando no mundo, segundo relat\u00f3rio de fevereiro divulgado nesta segunda-feira.<\/p>\n<p>Al\u00e9m disso, as taxas de juros em patamares historicamente baixos e as promessas de pacotes de est\u00edmulos nos EUA devem fazer com que as bolsas globais, incluindo a <strong>Bolsa de Valores de S\u00e3o Paulo (B3)<\/strong>, surfem uma perspectiva positiva, apesar do aumento no n\u00famero de casos de contaminados pelo coronav\u00edrus, segundo o BTG Pacutal.<\/p>\n\t<div data-element=\"shortcode-read-more\" class=\"knowMore\">\n\t\t\t\t<span class=\"knowMore__title\">Saiba mais <\/span>\n\t\t\t\t<a class=\"knowMore__link\" href=\"https:\/\/www.suno.com.br\/noticias\/btg-pactual-bpac11-aposta-em-recuperacao-global-para-carteira-de-fevereiro\/\">\n\t\t\tBTG Pactual (BPAC11) aposta em recupera\u00e7\u00e3o global para carteira de fevereiro\t\t<\/a>\n\t<\/div>\n\n\n<p>&#8220;Enquanto os riscos aumentaram claramente, a vacina\u00e7\u00e3o est\u00e1 em andamento, as taxas de juros globais devem permanecem baixos e est\u00edmulos adicionais nos EUA devem manter o apetite ao risco relativamente alto n\u00edveis&#8221;, disse o banco, em relat\u00f3rio.<\/p>\n<h3>JBS (JBSS3)<\/h3>\n<p>A unidade norte-americana da <a href=\"https:\/\/www.suno.com.br\/acoes\/jbss3\/\"><strong>JBS<\/strong> (JBSS3)<\/a> est\u00e1 sendo investigada sobre os cuidados no combate \u00e0 pandemia do novo coronav\u00edrus (Covid-19). A investiga\u00e7\u00e3o foi instaurada por democratas em um painel da C\u00e2mara norte-americana.<\/p>\n<p>O caso investiga se a <strong>Administra\u00e7\u00e3o de Seguran\u00e7a e Sa\u00fade Ocupacional<\/strong> (OSHA, na sigla em ingl\u00eas) aplicou de forma correta as regras de seguran\u00e7a do trabalhador. Com isso, o congressista democrata James Clyburn enviou cartas com questionamentos sobre o tema n\u00e3o somente \u00e0 JBS, mas para a <strong>Tyson Foods<\/strong> e <strong>Smithfield Foods<\/strong>.<\/p>\n\t<div data-element=\"shortcode-read-more\" class=\"knowMore\">\n\t\t\t\t<span class=\"knowMore__title\">Saiba mais <\/span>\n\t\t\t\t<a class=\"knowMore__link\" href=\"https:\/\/www.suno.com.br\/noticias\/jbs-jbss3-enfrenta-investigacao-eua-coronavirus\/\">\n\t\t\tJBS (JBSS3) enfrenta investiga\u00e7\u00e3o nos EUA sobre cuidados contra coronav\u00edrus\t\t<\/a>\n\t<\/div>\n\n\n<p>Clyburn, presidente do Subcomit\u00ea da C\u00e2mara para a Crise do Coronav\u00edrus, perguntou \u00e0s empresas o n\u00famero de colaboradores contaminados, fechamento de unidades, medidas de seguran\u00e7a e pol\u00edticas de licen\u00e7as nos casos em que os funcion\u00e1rios recebam exames positivos para a doen\u00e7a.<\/p>\n<h3>Braskem (BRKM5)<\/h3>\n<p>A <a href=\"https:\/\/www.suno.com.br\/acoes\/brkm5\/\"><strong>Braskem<\/strong> (BRKM5)<\/a> informou, em confer\u00eancia para investidores realizada nesta segunda-feira, que as provis\u00f5es para o problema enfrentado pela companhia em Macei\u00f3 (Alagoas) devem atingir R$ 10,1 bilh\u00f5es.<\/p>\n<p>Dentre o montante, apenas cerca de R$ 1,2 bilh\u00e3o j\u00e1 foram consumidos. Outros R$ R$ 8,8 bilh\u00f5es foram provisionados no quarto trimestre do ano passado, segundo informou a Braskem.<\/p>\n\t<div data-element=\"shortcode-read-more\" class=\"knowMore\">\n\t\t\t\t<span class=\"knowMore__title\">Saiba mais<\/span>\n\t\t\t\t<a class=\"knowMore__link\" href=\"https:\/\/www.suno.com.br\/noticias\/braskem-provisoes-10-bilhoes\/\">\n\t\t\tBraskem (BRKM5) v\u00ea provis\u00f5es chegarem a R$ 10,1 bilh\u00f5es por Alagoas\t\t<\/a>\n\t<\/div>\n\n\n<p>O fen\u00f4meno de afundamento do solo que afeta a cidade, causada ap\u00f3s um terremoto que afetou a opera\u00e7\u00e3o de 35 po\u00e7os de extra\u00e7\u00e3o de sal-gema, deve fazer com que o montante seja gasto nos pr\u00f3ximos cinco anos.<\/p>\n<h2>Bolsas no exterior<\/h2>\n<p>Confira tamb\u00e9m o desempenho dos principais \u00edndices acion\u00e1rios no exterior<\/p>\n<ul>\n<li>Nova York <strong>(<\/strong><a href=\"https:\/\/www.suno.com.br\/artigos\/sp-500\/\"><strong>S&amp;P 500<\/strong><\/a><strong>):<\/strong> +1,61% &#8211; 3.773,86<\/li>\n<li>Londres (<a href=\"https:\/\/www.suno.com.br\/artigos\/ftse-100\/\"><strong>FTSE 100<\/strong><\/a>): +0,92% &#8211; 6.466,42<\/li>\n<li>Frankfurt (<a href=\"https:\/\/www.suno.com.br\/artigos\/dax-30\/\"><strong>DAX 30<\/strong>)<\/a>: +1,41% &#8211; 13.622,02<\/li>\n<li>Paris (<a href=\"https:\/\/www.suno.com.br\/artigos\/cac-40\/\"><strong>CAC 40<\/strong><\/a>): +1,16% &#8211; 5.461,68<\/li>\n<li>Hong Kong (<a href=\"https:\/\/www.suno.com.br\/artigos\/hang-seng\/\"><strong>Hang Seng<\/strong><\/a>): +2,15% &#8211; 28.892,86<\/li>\n<li>Xangai (<strong>SSE Composite<\/strong>): +0,64% &#8211; 3.505,28<\/li>\n<li>T\u00f3quio (<a href=\"https:\/\/www.suno.com.br\/artigos\/nikkei-225\/\"><strong>Nikkei 225<\/strong><\/a>): +1,55% &#8211; 28.091,05<\/li>\n<\/ul>\n\t<p>\n\t\t<a href=\"https:\/\/lp.suno.com.br\/ebook-como-analisar-uma-acao\/\" target=\"_blank\" data-element=\"shortcode-suno-banner\" title=\"Banner SUNO, clique e saiba mais\">\n\t\t\t<picture>\n\t\t\t\t<source media=\"(max-width: 500px)\" srcset=\"https:\/\/files.sunoresearch.com.br\/n\/uploads\/2023\/03\/Ebook-Acoes-Mobile.jpg\">\n\t\t\t\t<img class=\"newsContent__article__imgCapa newsContent__article__imgCapa--banner\"\n\t\t\t\t\tsrc=\"https:\/\/files.sunoresearch.com.br\/n\/uploads\/2023\/03\/Ebook-Acoes-Desktop.jpg\"\n\t\t\t\t\tdata-promo-id=\"378302\"\t\t\t\t\t\t\t\t\t\twidth='1420' height='286'\t\t\t\t\talt=\"https:\/\/files.sunoresearch.com.br\/n\/uploads\/2023\/03\/Ebook-Acoes-Desktop.jpg\"\n\t\t\t\t>\n\t\t\t<\/picture>\n\t\t<\/a>\n\t<\/p>\n\n\n<h2>\u00daltima cota\u00e7\u00e3o do Ibovespa<\/h2>\n<p>O <strong>Ibovespa <\/strong>encerrou as negocia\u00e7\u00f5es na \u00faltima sexta-feira (29) com uma forte queda de 3,21%, a 115,067,55 pontos.<\/p>\n\t<p>\n\t\t<a href=\"https:\/\/lp.suno.com.br\/planilha-de-controle-de-investimentos\/\" target=\"_blank\" data-element=\"shortcode-suno-banner\" title=\"Banner SUNO, clique e saiba mais\">\n\t\t\t<picture>\n\t\t\t\t<source media=\"(max-width: 500px)\" srcset=\"https:\/\/files.sunoresearch.com.br\/n\/uploads\/2023\/03\/400x300-Controle-de-Investimentos.png\">\n\t\t\t\t<img class=\"newsContent__article__imgCapa newsContent__article__imgCapa--banner\"\n\t\t\t\t\tsrc=\"https:\/\/files.sunoresearch.com.br\/n\/uploads\/2023\/03\/1420x240-Controle-de-Investimentos.png\"\n\t\t\t\t\tdata-promo-id=\"75934\"\t\t\t\t\t\t\t\t\t\twidth='1420' height='240'\t\t\t\t\talt=\"https:\/\/files.sunoresearch.com.br\/n\/uploads\/2023\/03\/1420x240-Controle-de-Investimentos.png\"\n\t\t\t\t>\n\t\t\t<\/picture>\n\t\t<\/a>\n\t<\/p>\n\n\n","protected":false},"excerpt":{"rendered":"<p>O\u00a0Ibovespa\u00a0encerrou o preg\u00e3o desta segunda-feira (1) em alta de 2,13%, a 117.517,57 pontos. Ibovespa (Foto: Reprodu\u00e7\u00e3o) O Ibovespa hoje abriu em alta enquanto o mercado ficava de olho na divulga\u00e7\u00e3o do Boletim Focus. Hoje, a autoridade monet\u00e1ria do Pa\u00eds divulgou mais um aumento na estimativa pelo \u00cdndice de Pre\u00e7os ao Consumidor Amplo (IPCA) deste ano. [&hellip;]<\/p>\n","protected":false},"author":39,"featured_media":117816,"comment_status":"closed","ping_status":"closed","sticky":false,"template":"","format":"standard","meta":[],"categories":[60],"tags":[395,399,721,521],"suno_strategy":[],"class_list":["post-117813","post","type-post","status-publish","format-standard","has-post-thumbnail","hentry","category-mercado","tag-braskem-brkm3-brkm5-brkm6","tag-btg-pactual-bpac11-bpac3-bpac5","tag-ibovespa","tag-jbs-jbss3"],"yoast_head":"<!-- This site is optimized with the Yoast SEO plugin v24.4 - https:\/\/yoast.com\/wordpress\/plugins\/seo\/ -->\n<title>Ibovespa fecha em alta de 2,13%, a 117.517,57 pontos<\/title>\n<meta name=\"description\" content=\"O\u00a0Ibovespa\u00a0encerrou o preg\u00e3o desta segunda-feira (1) em alta de 2,13%, a 117.517,57 pontos. Clique aqui e saiba mais sobre o Ibovespa hoje!\" \/>\n<meta name=\"robots\" content=\"index, follow, max-snippet:-1, max-image-preview:large, max-video-preview:-1\" \/>\n<link rel=\"canonical\" href=\"https:\/\/www.suno.com.br\/noticias\/ibovespa-fecha-em-alta-01022021\/\" \/>\n<meta property=\"og:locale\" content=\"pt_BR\" \/>\n<meta property=\"og:type\" content=\"article\" \/>\n<meta property=\"og:title\" content=\"Ibovespa fecha em alta de 2,13%, a 117.517,57 pontos\" \/>\n<meta property=\"og:description\" content=\"O\u00a0Ibovespa\u00a0encerrou o preg\u00e3o desta segunda-feira (1) em alta de 2,13%, a 117.517,57 pontos. Clique aqui e saiba mais sobre o Ibovespa hoje!\" \/>\n<meta property=\"og:url\" content=\"https:\/\/www.suno.com.br\/noticias\/ibovespa-fecha-em-alta-01022021\/\" \/>\n<meta property=\"og:site_name\" content=\"Suno Not\u00edcias\" \/>\n<meta property=\"article:publisher\" content=\"https:\/\/facebook.com\/sunoresearch\" \/>\n<meta property=\"og:image\" content=\"https:\/\/files.sunoresearch.com.br\/n\/uploads\/2021\/02\/76d04e48-ibovespa.gif\" \/>\n\t<meta property=\"og:image:width\" content=\"1380\" \/>\n\t<meta property=\"og:image:height\" content=\"920\" \/>\n\t<meta property=\"og:image:type\" content=\"image\/gif\" \/>\n<meta name=\"author\" content=\"Laura Moutinho\" \/>\n<meta name=\"twitter:card\" content=\"summary_large_image\" \/>\n<meta name=\"twitter:creator\" content=\"@sunoresearch\" \/>\n<meta name=\"twitter:site\" content=\"@sunoresearch\" \/>\n<meta name=\"twitter:label1\" content=\"Escrito por\" \/>\n\t<meta name=\"twitter:data1\" content=\"Laura Moutinho\" \/>\n\t<meta name=\"twitter:label2\" content=\"Est. tempo de leitura\" \/>\n\t<meta name=\"twitter:data2\" content=\"4 minutos\" \/>\n<script type=\"application\/ld+json\" class=\"yoast-schema-graph\">{\"@context\":\"https:\/\/schema.org\",\"@graph\":[{\"@type\":\"NewsArticle\",\"@id\":\"https:\/\/www.suno.com.br\/noticias\/ibovespa-fecha-em-alta-01022021\/#article\",\"isPartOf\":{\"@id\":\"https:\/\/www.suno.com.br\/noticias\/ibovespa-fecha-em-alta-01022021\/\"},\"author\":{\"name\":\"Laura Moutinho\",\"@id\":\"https:\/\/www.suno.com.br\/noticias\/#\/schema\/person\/3df0d2808748b74496efe5dbeaef2c72\"},\"headline\":\"Ibovespa fecha em alta de 2,13%, a 117.517,57 pontos\",\"datePublished\":\"2021-02-01T21:27:45+00:00\",\"dateModified\":\"2021-05-29T23:29:34+00:00\",\"mainEntityOfPage\":{\"@id\":\"https:\/\/www.suno.com.br\/noticias\/ibovespa-fecha-em-alta-01022021\/\"},\"wordCount\":712,\"publisher\":{\"@id\":\"https:\/\/www.suno.com.br\/noticias\/#organization\"},\"image\":{\"@id\":\"https:\/\/www.suno.com.br\/noticias\/ibovespa-fecha-em-alta-01022021\/#primaryimage\"},\"thumbnailUrl\":\"https:\/\/files.sunoresearch.com.br\/n\/uploads\/2021\/02\/76d04e48-ibovespa.gif\",\"keywords\":[\"Braskem (BRKM3\/BRKM5\/BRKM6)\",\"BTG Pactual (BPAC11\/BPAC3\/BPAC5)\",\"Ibovespa\",\"JBS (JBSS3)\"],\"articleSection\":[\"Mercado\"],\"inLanguage\":\"pt-BR\"},{\"@type\":\"WebPage\",\"@id\":\"https:\/\/www.suno.com.br\/noticias\/ibovespa-fecha-em-alta-01022021\/\",\"url\":\"https:\/\/www.suno.com.br\/noticias\/ibovespa-fecha-em-alta-01022021\/\",\"name\":\"Ibovespa fecha em alta de 2,13%, a 117.517,57 pontos\",\"isPartOf\":{\"@id\":\"https:\/\/www.suno.com.br\/noticias\/#website\"},\"primaryImageOfPage\":{\"@id\":\"https:\/\/www.suno.com.br\/noticias\/ibovespa-fecha-em-alta-01022021\/#primaryimage\"},\"image\":{\"@id\":\"https:\/\/www.suno.com.br\/noticias\/ibovespa-fecha-em-alta-01022021\/#primaryimage\"},\"thumbnailUrl\":\"https:\/\/files.sunoresearch.com.br\/n\/uploads\/2021\/02\/76d04e48-ibovespa.gif\",\"datePublished\":\"2021-02-01T21:27:45+00:00\",\"dateModified\":\"2021-05-29T23:29:34+00:00\",\"description\":\"O\u00a0Ibovespa\u00a0encerrou o preg\u00e3o desta segunda-feira (1) em alta de 2,13%, a 117.517,57 pontos. Clique aqui e saiba mais sobre o Ibovespa hoje!\",\"breadcrumb\":{\"@id\":\"https:\/\/www.suno.com.br\/noticias\/ibovespa-fecha-em-alta-01022021\/#breadcrumb\"},\"inLanguage\":\"pt-BR\",\"potentialAction\":[{\"@type\":\"ReadAction\",\"target\":[\"https:\/\/www.suno.com.br\/noticias\/ibovespa-fecha-em-alta-01022021\/\"]}]},{\"@type\":\"ImageObject\",\"inLanguage\":\"pt-BR\",\"@id\":\"https:\/\/www.suno.com.br\/noticias\/ibovespa-fecha-em-alta-01022021\/#primaryimage\",\"url\":\"https:\/\/files.sunoresearch.com.br\/n\/uploads\/2021\/02\/76d04e48-ibovespa.gif\",\"contentUrl\":\"https:\/\/files.sunoresearch.com.br\/n\/uploads\/2021\/02\/76d04e48-ibovespa.gif\",\"width\":1380,\"height\":920,\"caption\":\"Ibovespa (Foto: Reprodu\u00e7\u00e3o)\"},{\"@type\":\"BreadcrumbList\",\"@id\":\"https:\/\/www.suno.com.br\/noticias\/ibovespa-fecha-em-alta-01022021\/#breadcrumb\",\"itemListElement\":[{\"@type\":\"ListItem\",\"position\":1,\"name\":\"Not\u00edcias\",\"item\":\"https:\/\/www.suno.com.br\/noticias\/\"},{\"@type\":\"ListItem\",\"position\":2,\"name\":\"Mercado\",\"item\":\"https:\/\/www.suno.com.br\/noticias\/mercado\/\"},{\"@type\":\"ListItem\",\"position\":3,\"name\":\"Ibovespa fecha em alta de 2,13%, a 117.517,57 pontos\"}]},{\"@type\":\"WebSite\",\"@id\":\"https:\/\/www.suno.com.br\/noticias\/#website\",\"url\":\"https:\/\/www.suno.com.br\/noticias\/\",\"name\":\"Suno Not\u00edcias\",\"description\":\"Seu portal de informa\u00e7\u00e3o sobre o mundo dos investimentos\",\"publisher\":{\"@id\":\"https:\/\/www.suno.com.br\/noticias\/#organization\"},\"potentialAction\":[{\"@type\":\"SearchAction\",\"target\":{\"@type\":\"EntryPoint\",\"urlTemplate\":\"https:\/\/www.suno.com.br\/noticias\/?s={search_term_string}\"},\"query-input\":{\"@type\":\"PropertyValueSpecification\",\"valueRequired\":true,\"valueName\":\"search_term_string\"}}],\"inLanguage\":\"pt-BR\"},{\"@type\":\"Organization\",\"@id\":\"https:\/\/www.suno.com.br\/noticias\/#organization\",\"name\":\"Suno Not\u00edcias\",\"url\":\"https:\/\/www.suno.com.br\/noticias\/\",\"logo\":{\"@type\":\"ImageObject\",\"inLanguage\":\"pt-BR\",\"@id\":\"https:\/\/www.suno.com.br\/noticias\/#\/schema\/logo\/image\/\",\"url\":\"https:\/\/files.sunoresearch.com.br\/n\/uploads\/2021\/09\/suno-logo.png\",\"contentUrl\":\"https:\/\/files.sunoresearch.com.br\/n\/uploads\/2021\/09\/suno-logo.png\",\"width\":180,\"height\":180,\"caption\":\"Suno Not\u00edcias\"},\"image\":{\"@id\":\"https:\/\/www.suno.com.br\/noticias\/#\/schema\/logo\/image\/\"},\"sameAs\":[\"https:\/\/facebook.com\/sunoresearch\",\"https:\/\/x.com\/sunoresearch\",\"https:\/\/www.instagram.com\/suno\",\"https:\/\/www.linkedin.com\/company\/suno-research\/\",\"https:\/\/www.youtube.com\/c\/sunoresearch\"]},{\"@type\":\"Person\",\"@id\":\"https:\/\/www.suno.com.br\/noticias\/#\/schema\/person\/3df0d2808748b74496efe5dbeaef2c72\",\"name\":\"Laura Moutinho\",\"image\":{\"@type\":\"ImageObject\",\"inLanguage\":\"pt-BR\",\"@id\":\"https:\/\/www.suno.com.br\/noticias\/#\/schema\/person\/image\/\",\"url\":\"https:\/\/secure.gravatar.com\/avatar\/7571c7c8ca3a6fca5e41384ece5557ff?s=96&r=g\",\"contentUrl\":\"https:\/\/secure.gravatar.com\/avatar\/7571c7c8ca3a6fca5e41384ece5557ff?s=96&r=g\",\"caption\":\"Laura Moutinho\"},\"description\":\"Estagi\u00e1ria na Suno Not\u00edcias, escreve not\u00edcias que afetam o mercado financeiro. Estuda administra\u00e7\u00e3o na Universidade Presbiteriana Mackenzie.\",\"url\":\"https:\/\/www.suno.com.br\/noticias\/author\/laura-moutinho\/\"}]}<\/script>\n<!-- \/ Yoast SEO plugin. -->","yoast_head_json":{"title":"Ibovespa fecha em alta de 2,13%, a 117.517,57 pontos","description":"O\u00a0Ibovespa\u00a0encerrou o preg\u00e3o desta segunda-feira (1) em alta de 2,13%, a 117.517,57 pontos. Clique aqui e saiba mais sobre o Ibovespa hoje!","robots":{"index":"index","follow":"follow","max-snippet":"max-snippet:-1","max-image-preview":"max-image-preview:large","max-video-preview":"max-video-preview:-1"},"canonical":"https:\/\/www.suno.com.br\/noticias\/ibovespa-fecha-em-alta-01022021\/","og_locale":"pt_BR","og_type":"article","og_title":"Ibovespa fecha em alta de 2,13%, a 117.517,57 pontos","og_description":"O\u00a0Ibovespa\u00a0encerrou o preg\u00e3o desta segunda-feira (1) em alta de 2,13%, a 117.517,57 pontos. Clique aqui e saiba mais sobre o Ibovespa hoje!","og_url":"https:\/\/www.suno.com.br\/noticias\/ibovespa-fecha-em-alta-01022021\/","og_site_name":"Suno Not\u00edcias","article_publisher":"https:\/\/facebook.com\/sunoresearch","og_image":[{"width":1380,"height":920,"url":"https:\/\/files.sunoresearch.com.br\/n\/uploads\/2021\/02\/76d04e48-ibovespa.gif","type":"image\/gif"}],"author":"Laura Moutinho","twitter_card":"summary_large_image","twitter_creator":"@sunoresearch","twitter_site":"@sunoresearch","twitter_misc":{"Escrito por":"Laura Moutinho","Est. tempo de leitura":"4 minutos"},"schema":{"@context":"https:\/\/schema.org","@graph":[{"@type":"NewsArticle","@id":"https:\/\/www.suno.com.br\/noticias\/ibovespa-fecha-em-alta-01022021\/#article","isPartOf":{"@id":"https:\/\/www.suno.com.br\/noticias\/ibovespa-fecha-em-alta-01022021\/"},"author":{"name":"Laura Moutinho","@id":"https:\/\/www.suno.com.br\/noticias\/#\/schema\/person\/3df0d2808748b74496efe5dbeaef2c72"},"headline":"Ibovespa fecha em alta de 2,13%, a 117.517,57 pontos","datePublished":"2021-02-01T21:27:45+00:00","dateModified":"2021-05-29T23:29:34+00:00","mainEntityOfPage":{"@id":"https:\/\/www.suno.com.br\/noticias\/ibovespa-fecha-em-alta-01022021\/"},"wordCount":712,"publisher":{"@id":"https:\/\/www.suno.com.br\/noticias\/#organization"},"image":{"@id":"https:\/\/www.suno.com.br\/noticias\/ibovespa-fecha-em-alta-01022021\/#primaryimage"},"thumbnailUrl":"https:\/\/files.sunoresearch.com.br\/n\/uploads\/2021\/02\/76d04e48-ibovespa.gif","keywords":["Braskem (BRKM3\/BRKM5\/BRKM6)","BTG Pactual (BPAC11\/BPAC3\/BPAC5)","Ibovespa","JBS (JBSS3)"],"articleSection":["Mercado"],"inLanguage":"pt-BR"},{"@type":"WebPage","@id":"https:\/\/www.suno.com.br\/noticias\/ibovespa-fecha-em-alta-01022021\/","url":"https:\/\/www.suno.com.br\/noticias\/ibovespa-fecha-em-alta-01022021\/","name":"Ibovespa fecha em alta de 2,13%, a 117.517,57 pontos","isPartOf":{"@id":"https:\/\/www.suno.com.br\/noticias\/#website"},"primaryImageOfPage":{"@id":"https:\/\/www.suno.com.br\/noticias\/ibovespa-fecha-em-alta-01022021\/#primaryimage"},"image":{"@id":"https:\/\/www.suno.com.br\/noticias\/ibovespa-fecha-em-alta-01022021\/#primaryimage"},"thumbnailUrl":"https:\/\/files.sunoresearch.com.br\/n\/uploads\/2021\/02\/76d04e48-ibovespa.gif","datePublished":"2021-02-01T21:27:45+00:00","dateModified":"2021-05-29T23:29:34+00:00","description":"O\u00a0Ibovespa\u00a0encerrou o preg\u00e3o desta segunda-feira (1) em alta de 2,13%, a 117.517,57 pontos. Clique aqui e saiba mais sobre o Ibovespa hoje!","breadcrumb":{"@id":"https:\/\/www.suno.com.br\/noticias\/ibovespa-fecha-em-alta-01022021\/#breadcrumb"},"inLanguage":"pt-BR","potentialAction":[{"@type":"ReadAction","target":["https:\/\/www.suno.com.br\/noticias\/ibovespa-fecha-em-alta-01022021\/"]}]},{"@type":"ImageObject","inLanguage":"pt-BR","@id":"https:\/\/www.suno.com.br\/noticias\/ibovespa-fecha-em-alta-01022021\/#primaryimage","url":"https:\/\/files.sunoresearch.com.br\/n\/uploads\/2021\/02\/76d04e48-ibovespa.gif","contentUrl":"https:\/\/files.sunoresearch.com.br\/n\/uploads\/2021\/02\/76d04e48-ibovespa.gif","width":1380,"height":920,"caption":"Ibovespa (Foto: Reprodu\u00e7\u00e3o)"},{"@type":"BreadcrumbList","@id":"https:\/\/www.suno.com.br\/noticias\/ibovespa-fecha-em-alta-01022021\/#breadcrumb","itemListElement":[{"@type":"ListItem","position":1,"name":"Not\u00edcias","item":"https:\/\/www.suno.com.br\/noticias\/"},{"@type":"ListItem","position":2,"name":"Mercado","item":"https:\/\/www.suno.com.br\/noticias\/mercado\/"},{"@type":"ListItem","position":3,"name":"Ibovespa fecha em alta de 2,13%, a 117.517,57 pontos"}]},{"@type":"WebSite","@id":"https:\/\/www.suno.com.br\/noticias\/#website","url":"https:\/\/www.suno.com.br\/noticias\/","name":"Suno Not\u00edcias","description":"Seu portal de informa\u00e7\u00e3o sobre o mundo dos investimentos","publisher":{"@id":"https:\/\/www.suno.com.br\/noticias\/#organization"},"potentialAction":[{"@type":"SearchAction","target":{"@type":"EntryPoint","urlTemplate":"https:\/\/www.suno.com.br\/noticias\/?s={search_term_string}"},"query-input":{"@type":"PropertyValueSpecification","valueRequired":true,"valueName":"search_term_string"}}],"inLanguage":"pt-BR"},{"@type":"Organization","@id":"https:\/\/www.suno.com.br\/noticias\/#organization","name":"Suno Not\u00edcias","url":"https:\/\/www.suno.com.br\/noticias\/","logo":{"@type":"ImageObject","inLanguage":"pt-BR","@id":"https:\/\/www.suno.com.br\/noticias\/#\/schema\/logo\/image\/","url":"https:\/\/files.sunoresearch.com.br\/n\/uploads\/2021\/09\/suno-logo.png","contentUrl":"https:\/\/files.sunoresearch.com.br\/n\/uploads\/2021\/09\/suno-logo.png","width":180,"height":180,"caption":"Suno Not\u00edcias"},"image":{"@id":"https:\/\/www.suno.com.br\/noticias\/#\/schema\/logo\/image\/"},"sameAs":["https:\/\/facebook.com\/sunoresearch","https:\/\/x.com\/sunoresearch","https:\/\/www.instagram.com\/suno","https:\/\/www.linkedin.com\/company\/suno-research\/","https:\/\/www.youtube.com\/c\/sunoresearch"]},{"@type":"Person","@id":"https:\/\/www.suno.com.br\/noticias\/#\/schema\/person\/3df0d2808748b74496efe5dbeaef2c72","name":"Laura Moutinho","image":{"@type":"ImageObject","inLanguage":"pt-BR","@id":"https:\/\/www.suno.com.br\/noticias\/#\/schema\/person\/image\/","url":"https:\/\/secure.gravatar.com\/avatar\/7571c7c8ca3a6fca5e41384ece5557ff?s=96&r=g","contentUrl":"https:\/\/secure.gravatar.com\/avatar\/7571c7c8ca3a6fca5e41384ece5557ff?s=96&r=g","caption":"Laura Moutinho"},"description":"Estagi\u00e1ria na Suno Not\u00edcias, escreve not\u00edcias que afetam o mercado financeiro. Estuda administra\u00e7\u00e3o na Universidade Presbiteriana Mackenzie.","url":"https:\/\/www.suno.com.br\/noticias\/author\/laura-moutinho\/"}]}},"default_loop_html":"<div class=\"cardsPage__listCard__boxs\"><div class=\"cardsPage__listCard__boxs__img\"><a href=\"https:\/\/www.suno.com.br\/noticias\/ibovespa-fecha-em-alta-01022021\/\"><img class=\"mask\" src=\"https:\/\/www.suno.com.br\/noticias\/wp-content\/themes\/suno\/resources\/images\/spotlight\/spotlight1img\/bg-mask.png\" alt=\"Image Mask\"\/><img src=\"https:\/\/files.sunoresearch.com.br\/n\/uploads\/2021\/02\/76d04e48-ibovespa-400x200.gif\" alt=\"Ibovespa fecha em alta de 2,13%, a 117.517,57 pontos\"\/><\/a><span class=\"spotlightCategory\"><a href=\"https:\/\/www.suno.com.br\/noticias\/mercado\/\">Mercado<\/a><\/span><\/div><div class=\"cardsPage__listCard__boxs__content\"><a href=\"https:\/\/www.suno.com.br\/noticias\/ibovespa-fecha-em-alta-01022021\/\"><h2 class=\"content__title\">Ibovespa fecha em alta de 2,13%, a 117.517,57 pontos<\/h2><\/a><div class=\"newsContent__article__meta\"><div class=\"newsContent__article__meta__authorBox\"><a href=\"https:\/\/www.suno.com.br\/noticias\/author\/laura-moutinho\/\" class=\"authorBox__avatar noMobi\"><img src=\"https:\/\/files.sunoresearch.com.br\/n\/uploads\/2020\/08\/531ff69d-whatsapp-image-2020-08-03-at-14.54.38-150x150.webp\" alt=\"Laura Moutinho\"><\/a><div class=\"authorBox__name\"><span>por\n\t\t\t<a href=\"https:\/\/www.suno.com.br\/noticias\/author\/laura-moutinho\/\"><span itemprop=\"author\">Laura Moutinho<\/span><\/a><\/span><time datetime=\"2021-02-01T18:27:45-03:00\" itemprop=\"datePublished\">01\/02\/2021 18:27<\/time><\/div><\/div><\/div><\/div><\/div>","single_layout":"posts","amp_enabled":true,"_links":{"self":[{"href":"https:\/\/www.suno.com.br\/noticias\/wp-json\/wp\/v2\/posts\/117813"}],"collection":[{"href":"https:\/\/www.suno.com.br\/noticias\/wp-json\/wp\/v2\/posts"}],"about":[{"href":"https:\/\/www.suno.com.br\/noticias\/wp-json\/wp\/v2\/types\/post"}],"author":[{"embeddable":true,"href":"https:\/\/www.suno.com.br\/noticias\/wp-json\/wp\/v2\/users\/39"}],"replies":[{"embeddable":true,"href":"https:\/\/www.suno.com.br\/noticias\/wp-json\/wp\/v2\/comments?post=117813"}],"version-history":[{"count":1,"href":"https:\/\/www.suno.com.br\/noticias\/wp-json\/wp\/v2\/posts\/117813\/revisions"}],"predecessor-version":[{"id":147212,"href":"https:\/\/www.suno.com.br\/noticias\/wp-json\/wp\/v2\/posts\/117813\/revisions\/147212"}],"wp:featuredmedia":[{"embeddable":true,"href":"https:\/\/www.suno.com.br\/noticias\/wp-json\/wp\/v2\/media\/117816"}],"wp:attachment":[{"href":"https:\/\/www.suno.com.br\/noticias\/wp-json\/wp\/v2\/media?parent=117813"}],"wp:term":[{"taxonomy":"category","embeddable":true,"href":"https:\/\/www.suno.com.br\/noticias\/wp-json\/wp\/v2\/categories?post=117813"},{"taxonomy":"post_tag","embeddable":true,"href":"https:\/\/www.suno.com.br\/noticias\/wp-json\/wp\/v2\/tags?post=117813"},{"taxonomy":"suno_strategy","embeddable":true,"href":"https:\/\/www.suno.com.br\/noticias\/wp-json\/wp\/v2\/suno_strategy?post=117813"}],"curies":[{"name":"wp","href":"https:\/\/api.w.org\/{rel}","templated":true}]}}