{"id":11770,"date":"2019-01-15T18:21:55","date_gmt":"2019-01-15T20:21:55","guid":{"rendered":"https:\/\/www.suno.com.br\/noticias\/?p=11770"},"modified":"2019-01-15T20:54:08","modified_gmt":"2019-01-15T22:54:08","slug":"inflacao-classas-renda-alta-ipea","status":"publish","type":"post","link":"https:\/\/www.suno.com.br\/noticias\/inflacao-classas-renda-alta-ipea\/","title":{"rendered":"Infla\u00e7\u00e3o em 2018 foi maior para classes de renda mais alta, segundo Ipea"},"content":{"rendered":"<p>A infla\u00e7\u00e3o em 2018 cresceu em todos os segmentos de renda, mas foi maior para as classes mais altas. A \u00fanica exce\u00e7\u00e3o foi o m\u00eas de dezembro, quando a baixa renda foi quem mais sentiu. Os dados foram divulgados nesta ter\u00e7a (15) pelo Instituto de Pesquisa Econ\u00f4mica Aplicada (<strong>Ipea<\/strong>).<\/p>\t<div class=\"wrapper-featured-image\">\n\t\t<figure class=\"spotlightImg\">\n\n\t\t\t<picture>\n\t\t\t\t<source media=\"(max-width: 768px)\" srcset=\"https:\/\/files.sunoresearch.com.br\/n\/uploads\/2018\/10\/b8fd3b91-inflacao-400x200.webp\">\n\t\t\t\t<img loading=\"lazy\" decoding=\"async\" class=\"newsContent__article__imgCapa lazyloadDisabled newsContent__article__imgCapa--noCaption\" src=\"https:\/\/files.sunoresearch.com.br\/n\/uploads\/2018\/10\/b8fd3b91-inflacao-800x450.webp\" width=\"800\" height=\"450\" alt=\"Infla\u00e7\u00e3o em 2018 foi maior para classes de renda mais alta, segundo Ipea\" fetchpriority=high \/>\n\t\t\t<\/picture>\n\n\t\t\t<figcaption class=\"wp-caption-text wp-caption-text--hide\">infla\u00e7\u00e3o<\/figcaption>\n\t\t<\/figure>\n\t<\/div>\n\n\n<p>A <strong>infla\u00e7\u00e3o<\/strong> para a classe de renda muito baixa foi de 3,54%, enquanto para a classe de renda muito alta a taxa chegou a 3,92%.<\/p>\n<p>Contribu\u00edram para a <a href=\"https:\/\/www.suno.com.br\/artigos\/inflacao-em-2019\/\">alta geral dos pre\u00e7os<\/a> principalmente dois fatores, de acordo com o <strong>Ipea<\/strong>:<\/p>\n<ul>\n<li>O aumento no pre\u00e7o dos alimentos a partir do segundo semestre;<\/li>\n<li>O reajuste de combust\u00edveis e energia el\u00e9trica entre junho e outubro.<\/li>\n<\/ul>\n<p><a href=\"https:\/\/www.suno.com.br\/noticias\/teto-inss-subir-inflacao-2018\/\">Saiba mais: Teto do INSS deve subir para R$ 5.839,45 com base na infla\u00e7\u00e3o de 2018<\/a><\/p>\n<p><a href=\"https:\/\/www.suno.com.br\/noticias\/poupanca-supera-a-inflacao-em-2018-e-registra-ganho-real-de-084\/\">Saiba mais: Poupan\u00e7a supera infla\u00e7\u00e3o em 2018 e registra ganho real de 0,84%<\/a><\/p>\n<h2>Infla\u00e7\u00e3o por faixa de renda<\/h2>\n<ul>\n<li><strong>Renda muito baixa:<\/strong> 3,54%<\/li>\n<li><strong>Renda baixa:<\/strong> 3,59%<\/li>\n<li><strong>Renda m\u00e9dia-baixa:<\/strong> 3,73%<\/li>\n<li><strong>Renda m\u00e9dia:<\/strong> 3,69%<\/li>\n<li><strong>Renda m\u00e9dia-alta:<\/strong> 3,90%<\/li>\n<li><strong>Renda alta:<\/strong> 3,92%<\/li>\n<\/ul>\n<p>Ao contr\u00e1rio do que aconteceu no restante do ano, a infla\u00e7\u00e3o de dezembro apertou mais para a baixa renda. Mesmo assim, a alta dos pre\u00e7os se acelerou em todas as faixas.<\/p>\n<p>Nesse per\u00edodo, o impacto nas contas da classe de baixa muito baixa foi de 0,21%. A taxa \u00e9 mais que o dobro do aferido nas classes mais ricas, considerando que elas sentiram um impacto de 0,09%.<\/p>\n<p>Alimentos em domic\u00edlio tiveram grande participa\u00e7\u00e3o nesse aumento da cesta de consumo, principalmente produtos in natura:<\/p>\n<ul>\n<li><strong>Legumes <\/strong>(9%)<\/li>\n<li><strong>Verduras <\/strong>(2,3%)<\/li>\n<li><strong>Frutas <\/strong>(3%)<\/li>\n<li><strong>Carnes <\/strong>(2%)<\/li>\n<\/ul>\n<p>Outros produtos que influenciaram na alta:<\/p>\n<ul>\n<li><strong>Itens de vestu\u00e1rio, como roupas femininas <\/strong>(2,3%)<\/li>\n<li><strong>Reajuste nos pre\u00e7os dos alugu\u00e9is <\/strong>(0,5%)<\/li>\n<\/ul>\n<p>A maior raz\u00e3o do al\u00edvio das classes de rendas mais altas foi a queda de 4,8% no pre\u00e7o da gasolina. A redu\u00e7\u00e3o das tarifas de energia el\u00e9trica tamb\u00e9m ajudou, em menor grau. A <strong>infla\u00e7\u00e3o<\/strong> para essas faixas de renda poderia ter sido menor, mas o aumento nas passagens a\u00e9reas de 29,1% n\u00e3o contribuiu.<\/p>\n","protected":false},"excerpt":{"rendered":"<p>A infla\u00e7\u00e3o em 2018 cresceu em todos os segmentos de renda, mas foi maior para as classes mais altas. A \u00fanica exce\u00e7\u00e3o foi o m\u00eas de dezembro, quando a baixa renda foi quem mais sentiu. Os dados foram divulgados nesta ter\u00e7a (15) pelo Instituto de Pesquisa Econ\u00f4mica Aplicada (Ipea). infla\u00e7\u00e3o A infla\u00e7\u00e3o para a classe [&hellip;]<\/p>\n","protected":false},"author":13,"featured_media":5031,"comment_status":"closed","ping_status":"closed","sticky":false,"template":"","format":"standard","meta":[],"categories":[62],"tags":[850,786],"suno_strategy":[],"class_list":["post-11770","post","type-post","status-publish","format-standard","has-post-thumbnail","hentry","category-economia","tag-inflacao","tag-ipea"],"yoast_head":"<!-- This site is optimized with the Yoast SEO plugin v24.4 - https:\/\/yoast.com\/wordpress\/plugins\/seo\/ -->\n<title>Infla\u00e7\u00e3o em 2018 foi maior para classes de renda mais alta, segundo Ipea<\/title>\n<meta name=\"robots\" content=\"index, follow, max-snippet:-1, max-image-preview:large, max-video-preview:-1\" \/>\n<link rel=\"canonical\" href=\"https:\/\/www.suno.com.br\/noticias\/inflacao-classas-renda-alta-ipea\/\" \/>\n<meta property=\"og:locale\" content=\"pt_BR\" \/>\n<meta property=\"og:type\" content=\"article\" \/>\n<meta property=\"og:title\" content=\"Infla\u00e7\u00e3o em 2018 foi maior para classes de renda mais alta, segundo Ipea\" \/>\n<meta property=\"og:description\" content=\"A infla\u00e7\u00e3o em 2018 cresceu em todos os segmentos de renda, mas foi maior para as classes mais altas. A \u00fanica exce\u00e7\u00e3o foi o m\u00eas de dezembro, quando a baixa renda foi quem mais sentiu. Os dados foram divulgados nesta ter\u00e7a (15) pelo Instituto de Pesquisa Econ\u00f4mica Aplicada (Ipea). infla\u00e7\u00e3o A infla\u00e7\u00e3o para a classe [&hellip;]\" \/>\n<meta property=\"og:url\" content=\"https:\/\/www.suno.com.br\/noticias\/inflacao-classas-renda-alta-ipea\/\" \/>\n<meta property=\"og:site_name\" content=\"Suno Not\u00edcias\" \/>\n<meta property=\"article:publisher\" content=\"https:\/\/facebook.com\/sunoresearch\" \/>\n<meta property=\"og:image\" content=\"https:\/\/files.sunoresearch.com.br\/n\/uploads\/2018\/10\/b8fd3b91-inflacao.jpg\" \/>\n\t<meta property=\"og:image:width\" content=\"1920\" \/>\n\t<meta property=\"og:image:height\" content=\"1280\" \/>\n\t<meta property=\"og:image:type\" content=\"image\/jpeg\" \/>\n<meta name=\"author\" content=\"Guilherme Caetano\" \/>\n<meta name=\"twitter:card\" content=\"summary_large_image\" \/>\n<meta name=\"twitter:creator\" content=\"@sunoresearch\" \/>\n<meta name=\"twitter:site\" content=\"@sunoresearch\" \/>\n<meta name=\"twitter:label1\" content=\"Escrito por\" \/>\n\t<meta name=\"twitter:data1\" content=\"Guilherme Caetano\" \/>\n\t<meta name=\"twitter:label2\" content=\"Est. tempo de leitura\" \/>\n\t<meta name=\"twitter:data2\" content=\"2 minutos\" \/>\n<script type=\"application\/ld+json\" class=\"yoast-schema-graph\">{\"@context\":\"https:\/\/schema.org\",\"@graph\":[{\"@type\":\"NewsArticle\",\"@id\":\"https:\/\/www.suno.com.br\/noticias\/inflacao-classas-renda-alta-ipea\/#article\",\"isPartOf\":{\"@id\":\"https:\/\/www.suno.com.br\/noticias\/inflacao-classas-renda-alta-ipea\/\"},\"author\":{\"name\":\"Guilherme Caetano\",\"@id\":\"https:\/\/www.suno.com.br\/noticias\/#\/schema\/person\/0d0c9687cd2f600c564f25980c140de9\"},\"headline\":\"Infla\u00e7\u00e3o em 2018 foi maior para classes de renda mais alta, segundo Ipea\",\"datePublished\":\"2019-01-15T20:21:55+00:00\",\"dateModified\":\"2019-01-15T22:54:08+00:00\",\"mainEntityOfPage\":{\"@id\":\"https:\/\/www.suno.com.br\/noticias\/inflacao-classas-renda-alta-ipea\/\"},\"wordCount\":351,\"publisher\":{\"@id\":\"https:\/\/www.suno.com.br\/noticias\/#organization\"},\"image\":{\"@id\":\"https:\/\/www.suno.com.br\/noticias\/inflacao-classas-renda-alta-ipea\/#primaryimage\"},\"thumbnailUrl\":\"https:\/\/files.sunoresearch.com.br\/n\/uploads\/2018\/10\/b8fd3b91-inflacao-jpg.webp\",\"keywords\":[\"infla\u00e7\u00e3o\",\"Ipea\"],\"articleSection\":[\"Economia\"],\"inLanguage\":\"pt-BR\"},{\"@type\":\"WebPage\",\"@id\":\"https:\/\/www.suno.com.br\/noticias\/inflacao-classas-renda-alta-ipea\/\",\"url\":\"https:\/\/www.suno.com.br\/noticias\/inflacao-classas-renda-alta-ipea\/\",\"name\":\"Infla\u00e7\u00e3o em 2018 foi maior para classes de renda mais alta, segundo Ipea\",\"isPartOf\":{\"@id\":\"https:\/\/www.suno.com.br\/noticias\/#website\"},\"primaryImageOfPage\":{\"@id\":\"https:\/\/www.suno.com.br\/noticias\/inflacao-classas-renda-alta-ipea\/#primaryimage\"},\"image\":{\"@id\":\"https:\/\/www.suno.com.br\/noticias\/inflacao-classas-renda-alta-ipea\/#primaryimage\"},\"thumbnailUrl\":\"https:\/\/files.sunoresearch.com.br\/n\/uploads\/2018\/10\/b8fd3b91-inflacao-jpg.webp\",\"datePublished\":\"2019-01-15T20:21:55+00:00\",\"dateModified\":\"2019-01-15T22:54:08+00:00\",\"breadcrumb\":{\"@id\":\"https:\/\/www.suno.com.br\/noticias\/inflacao-classas-renda-alta-ipea\/#breadcrumb\"},\"inLanguage\":\"pt-BR\",\"potentialAction\":[{\"@type\":\"ReadAction\",\"target\":[\"https:\/\/www.suno.com.br\/noticias\/inflacao-classas-renda-alta-ipea\/\"]}]},{\"@type\":\"ImageObject\",\"inLanguage\":\"pt-BR\",\"@id\":\"https:\/\/www.suno.com.br\/noticias\/inflacao-classas-renda-alta-ipea\/#primaryimage\",\"url\":\"https:\/\/files.sunoresearch.com.br\/n\/uploads\/2018\/10\/b8fd3b91-inflacao-jpg.webp\",\"contentUrl\":\"https:\/\/files.sunoresearch.com.br\/n\/uploads\/2018\/10\/b8fd3b91-inflacao-jpg.webp\",\"width\":1920,\"height\":1280,\"caption\":\"infla\u00e7\u00e3o\"},{\"@type\":\"BreadcrumbList\",\"@id\":\"https:\/\/www.suno.com.br\/noticias\/inflacao-classas-renda-alta-ipea\/#breadcrumb\",\"itemListElement\":[{\"@type\":\"ListItem\",\"position\":1,\"name\":\"Not\u00edcias\",\"item\":\"https:\/\/www.suno.com.br\/noticias\/\"},{\"@type\":\"ListItem\",\"position\":2,\"name\":\"Economia\",\"item\":\"https:\/\/www.suno.com.br\/noticias\/economia\/\"},{\"@type\":\"ListItem\",\"position\":3,\"name\":\"Infla\u00e7\u00e3o em 2018 foi maior para classes de renda mais alta, segundo Ipea\"}]},{\"@type\":\"WebSite\",\"@id\":\"https:\/\/www.suno.com.br\/noticias\/#website\",\"url\":\"https:\/\/www.suno.com.br\/noticias\/\",\"name\":\"Suno Not\u00edcias\",\"description\":\"Seu portal de informa\u00e7\u00e3o sobre o mundo dos investimentos\",\"publisher\":{\"@id\":\"https:\/\/www.suno.com.br\/noticias\/#organization\"},\"potentialAction\":[{\"@type\":\"SearchAction\",\"target\":{\"@type\":\"EntryPoint\",\"urlTemplate\":\"https:\/\/www.suno.com.br\/noticias\/?s={search_term_string}\"},\"query-input\":{\"@type\":\"PropertyValueSpecification\",\"valueRequired\":true,\"valueName\":\"search_term_string\"}}],\"inLanguage\":\"pt-BR\"},{\"@type\":\"Organization\",\"@id\":\"https:\/\/www.suno.com.br\/noticias\/#organization\",\"name\":\"Suno Not\u00edcias\",\"url\":\"https:\/\/www.suno.com.br\/noticias\/\",\"logo\":{\"@type\":\"ImageObject\",\"inLanguage\":\"pt-BR\",\"@id\":\"https:\/\/www.suno.com.br\/noticias\/#\/schema\/logo\/image\/\",\"url\":\"https:\/\/files.sunoresearch.com.br\/n\/uploads\/2021\/09\/suno-logo.png\",\"contentUrl\":\"https:\/\/files.sunoresearch.com.br\/n\/uploads\/2021\/09\/suno-logo.png\",\"width\":180,\"height\":180,\"caption\":\"Suno Not\u00edcias\"},\"image\":{\"@id\":\"https:\/\/www.suno.com.br\/noticias\/#\/schema\/logo\/image\/\"},\"sameAs\":[\"https:\/\/facebook.com\/sunoresearch\",\"https:\/\/x.com\/sunoresearch\",\"https:\/\/www.instagram.com\/suno\",\"https:\/\/www.linkedin.com\/company\/suno-research\/\",\"https:\/\/www.youtube.com\/c\/sunoresearch\"]},{\"@type\":\"Person\",\"@id\":\"https:\/\/www.suno.com.br\/noticias\/#\/schema\/person\/0d0c9687cd2f600c564f25980c140de9\",\"name\":\"Guilherme Caetano\",\"image\":{\"@type\":\"ImageObject\",\"inLanguage\":\"pt-BR\",\"@id\":\"https:\/\/www.suno.com.br\/noticias\/#\/schema\/person\/image\/\",\"url\":\"https:\/\/secure.gravatar.com\/avatar\/e48357351a01702a0d19307070e081bf?s=96&r=g\",\"contentUrl\":\"https:\/\/secure.gravatar.com\/avatar\/e48357351a01702a0d19307070e081bf?s=96&r=g\",\"caption\":\"Guilherme Caetano\"},\"description\":\"Formado em jornalismo pela Escola de Comunica\u00e7\u00f5es e Artes da USP, Guilherme Caetano escreve para o portal de not\u00edcias da Suno Research. Passou pelas reda\u00e7\u00f5es da Folha de S.Paulo e da revista \u00c9poca.\",\"url\":\"https:\/\/www.suno.com.br\/noticias\/author\/guilherme-caetano\/\"}]}<\/script>\n<!-- \/ Yoast SEO plugin. -->","yoast_head_json":{"title":"Infla\u00e7\u00e3o em 2018 foi maior para classes de renda mais alta, segundo Ipea","robots":{"index":"index","follow":"follow","max-snippet":"max-snippet:-1","max-image-preview":"max-image-preview:large","max-video-preview":"max-video-preview:-1"},"canonical":"https:\/\/www.suno.com.br\/noticias\/inflacao-classas-renda-alta-ipea\/","og_locale":"pt_BR","og_type":"article","og_title":"Infla\u00e7\u00e3o em 2018 foi maior para classes de renda mais alta, segundo Ipea","og_description":"A infla\u00e7\u00e3o em 2018 cresceu em todos os segmentos de renda, mas foi maior para as classes mais altas. A \u00fanica exce\u00e7\u00e3o foi o m\u00eas de dezembro, quando a baixa renda foi quem mais sentiu. Os dados foram divulgados nesta ter\u00e7a (15) pelo Instituto de Pesquisa Econ\u00f4mica Aplicada (Ipea). infla\u00e7\u00e3o A infla\u00e7\u00e3o para a classe [&hellip;]","og_url":"https:\/\/www.suno.com.br\/noticias\/inflacao-classas-renda-alta-ipea\/","og_site_name":"Suno Not\u00edcias","article_publisher":"https:\/\/facebook.com\/sunoresearch","og_image":[{"width":1920,"height":1280,"url":"https:\/\/files.sunoresearch.com.br\/n\/uploads\/2018\/10\/b8fd3b91-inflacao.jpg","type":"image\/jpeg"}],"author":"Guilherme Caetano","twitter_card":"summary_large_image","twitter_creator":"@sunoresearch","twitter_site":"@sunoresearch","twitter_misc":{"Escrito por":"Guilherme Caetano","Est. tempo de leitura":"2 minutos"},"schema":{"@context":"https:\/\/schema.org","@graph":[{"@type":"NewsArticle","@id":"https:\/\/www.suno.com.br\/noticias\/inflacao-classas-renda-alta-ipea\/#article","isPartOf":{"@id":"https:\/\/www.suno.com.br\/noticias\/inflacao-classas-renda-alta-ipea\/"},"author":{"name":"Guilherme Caetano","@id":"https:\/\/www.suno.com.br\/noticias\/#\/schema\/person\/0d0c9687cd2f600c564f25980c140de9"},"headline":"Infla\u00e7\u00e3o em 2018 foi maior para classes de renda mais alta, segundo Ipea","datePublished":"2019-01-15T20:21:55+00:00","dateModified":"2019-01-15T22:54:08+00:00","mainEntityOfPage":{"@id":"https:\/\/www.suno.com.br\/noticias\/inflacao-classas-renda-alta-ipea\/"},"wordCount":351,"publisher":{"@id":"https:\/\/www.suno.com.br\/noticias\/#organization"},"image":{"@id":"https:\/\/www.suno.com.br\/noticias\/inflacao-classas-renda-alta-ipea\/#primaryimage"},"thumbnailUrl":"https:\/\/files.sunoresearch.com.br\/n\/uploads\/2018\/10\/b8fd3b91-inflacao-jpg.webp","keywords":["infla\u00e7\u00e3o","Ipea"],"articleSection":["Economia"],"inLanguage":"pt-BR"},{"@type":"WebPage","@id":"https:\/\/www.suno.com.br\/noticias\/inflacao-classas-renda-alta-ipea\/","url":"https:\/\/www.suno.com.br\/noticias\/inflacao-classas-renda-alta-ipea\/","name":"Infla\u00e7\u00e3o em 2018 foi maior para classes de renda mais alta, segundo Ipea","isPartOf":{"@id":"https:\/\/www.suno.com.br\/noticias\/#website"},"primaryImageOfPage":{"@id":"https:\/\/www.suno.com.br\/noticias\/inflacao-classas-renda-alta-ipea\/#primaryimage"},"image":{"@id":"https:\/\/www.suno.com.br\/noticias\/inflacao-classas-renda-alta-ipea\/#primaryimage"},"thumbnailUrl":"https:\/\/files.sunoresearch.com.br\/n\/uploads\/2018\/10\/b8fd3b91-inflacao-jpg.webp","datePublished":"2019-01-15T20:21:55+00:00","dateModified":"2019-01-15T22:54:08+00:00","breadcrumb":{"@id":"https:\/\/www.suno.com.br\/noticias\/inflacao-classas-renda-alta-ipea\/#breadcrumb"},"inLanguage":"pt-BR","potentialAction":[{"@type":"ReadAction","target":["https:\/\/www.suno.com.br\/noticias\/inflacao-classas-renda-alta-ipea\/"]}]},{"@type":"ImageObject","inLanguage":"pt-BR","@id":"https:\/\/www.suno.com.br\/noticias\/inflacao-classas-renda-alta-ipea\/#primaryimage","url":"https:\/\/files.sunoresearch.com.br\/n\/uploads\/2018\/10\/b8fd3b91-inflacao-jpg.webp","contentUrl":"https:\/\/files.sunoresearch.com.br\/n\/uploads\/2018\/10\/b8fd3b91-inflacao-jpg.webp","width":1920,"height":1280,"caption":"infla\u00e7\u00e3o"},{"@type":"BreadcrumbList","@id":"https:\/\/www.suno.com.br\/noticias\/inflacao-classas-renda-alta-ipea\/#breadcrumb","itemListElement":[{"@type":"ListItem","position":1,"name":"Not\u00edcias","item":"https:\/\/www.suno.com.br\/noticias\/"},{"@type":"ListItem","position":2,"name":"Economia","item":"https:\/\/www.suno.com.br\/noticias\/economia\/"},{"@type":"ListItem","position":3,"name":"Infla\u00e7\u00e3o em 2018 foi maior para classes de renda mais alta, segundo Ipea"}]},{"@type":"WebSite","@id":"https:\/\/www.suno.com.br\/noticias\/#website","url":"https:\/\/www.suno.com.br\/noticias\/","name":"Suno Not\u00edcias","description":"Seu portal de informa\u00e7\u00e3o sobre o mundo dos investimentos","publisher":{"@id":"https:\/\/www.suno.com.br\/noticias\/#organization"},"potentialAction":[{"@type":"SearchAction","target":{"@type":"EntryPoint","urlTemplate":"https:\/\/www.suno.com.br\/noticias\/?s={search_term_string}"},"query-input":{"@type":"PropertyValueSpecification","valueRequired":true,"valueName":"search_term_string"}}],"inLanguage":"pt-BR"},{"@type":"Organization","@id":"https:\/\/www.suno.com.br\/noticias\/#organization","name":"Suno Not\u00edcias","url":"https:\/\/www.suno.com.br\/noticias\/","logo":{"@type":"ImageObject","inLanguage":"pt-BR","@id":"https:\/\/www.suno.com.br\/noticias\/#\/schema\/logo\/image\/","url":"https:\/\/files.sunoresearch.com.br\/n\/uploads\/2021\/09\/suno-logo.png","contentUrl":"https:\/\/files.sunoresearch.com.br\/n\/uploads\/2021\/09\/suno-logo.png","width":180,"height":180,"caption":"Suno Not\u00edcias"},"image":{"@id":"https:\/\/www.suno.com.br\/noticias\/#\/schema\/logo\/image\/"},"sameAs":["https:\/\/facebook.com\/sunoresearch","https:\/\/x.com\/sunoresearch","https:\/\/www.instagram.com\/suno","https:\/\/www.linkedin.com\/company\/suno-research\/","https:\/\/www.youtube.com\/c\/sunoresearch"]},{"@type":"Person","@id":"https:\/\/www.suno.com.br\/noticias\/#\/schema\/person\/0d0c9687cd2f600c564f25980c140de9","name":"Guilherme Caetano","image":{"@type":"ImageObject","inLanguage":"pt-BR","@id":"https:\/\/www.suno.com.br\/noticias\/#\/schema\/person\/image\/","url":"https:\/\/secure.gravatar.com\/avatar\/e48357351a01702a0d19307070e081bf?s=96&r=g","contentUrl":"https:\/\/secure.gravatar.com\/avatar\/e48357351a01702a0d19307070e081bf?s=96&r=g","caption":"Guilherme Caetano"},"description":"Formado em jornalismo pela Escola de Comunica\u00e7\u00f5es e Artes da USP, Guilherme Caetano escreve para o portal de not\u00edcias da Suno Research. Passou pelas reda\u00e7\u00f5es da Folha de S.Paulo e da revista \u00c9poca.","url":"https:\/\/www.suno.com.br\/noticias\/author\/guilherme-caetano\/"}]}},"default_loop_html":"<div class=\"cardsPage__listCard__boxs\"><div class=\"cardsPage__listCard__boxs__img\"><a href=\"https:\/\/www.suno.com.br\/noticias\/inflacao-classas-renda-alta-ipea\/\"><img class=\"mask\" src=\"https:\/\/www.suno.com.br\/noticias\/wp-content\/themes\/suno\/resources\/images\/spotlight\/spotlight1img\/bg-mask.png\" alt=\"Image Mask\"\/><img src=\"https:\/\/files.sunoresearch.com.br\/n\/uploads\/2018\/10\/b8fd3b91-inflacao-400x200.webp\" alt=\"Infla\u00e7\u00e3o em 2018 foi maior para classes de renda mais alta, segundo Ipea\"\/><\/a><span class=\"spotlightCategory\"><a href=\"https:\/\/www.suno.com.br\/noticias\/economia\/\">Economia<\/a><\/span><\/div><div class=\"cardsPage__listCard__boxs__content\"><a href=\"https:\/\/www.suno.com.br\/noticias\/inflacao-classas-renda-alta-ipea\/\"><h2 class=\"content__title\">Infla\u00e7\u00e3o em 2018 foi maior para classes de renda mais alta, segundo Ipea<\/h2><\/a><div class=\"newsContent__article__meta\"><div class=\"newsContent__article__meta__authorBox\"><a href=\"https:\/\/www.suno.com.br\/noticias\/author\/guilherme-caetano\/\" class=\"authorBox__avatar noMobi\"><img src=\"https:\/\/secure.gravatar.com\/avatar\/e48357351a01702a0d19307070e081bf?s=96&#038;r=g\" alt=\"Guilherme Caetano\"><\/a><div class=\"authorBox__name\"><span>por\n\t\t\t<a href=\"https:\/\/www.suno.com.br\/noticias\/author\/guilherme-caetano\/\"><span itemprop=\"author\">Guilherme Caetano<\/span><\/a><\/span><time datetime=\"2019-01-15T18:21:55-02:00\" itemprop=\"datePublished\">15\/01\/2019 18:21<\/time><\/div><\/div><\/div><\/div><\/div>","single_layout":"posts","amp_enabled":true,"_links":{"self":[{"href":"https:\/\/www.suno.com.br\/noticias\/wp-json\/wp\/v2\/posts\/11770"}],"collection":[{"href":"https:\/\/www.suno.com.br\/noticias\/wp-json\/wp\/v2\/posts"}],"about":[{"href":"https:\/\/www.suno.com.br\/noticias\/wp-json\/wp\/v2\/types\/post"}],"author":[{"embeddable":true,"href":"https:\/\/www.suno.com.br\/noticias\/wp-json\/wp\/v2\/users\/13"}],"replies":[{"embeddable":true,"href":"https:\/\/www.suno.com.br\/noticias\/wp-json\/wp\/v2\/comments?post=11770"}],"version-history":[{"count":0,"href":"https:\/\/www.suno.com.br\/noticias\/wp-json\/wp\/v2\/posts\/11770\/revisions"}],"wp:featuredmedia":[{"embeddable":true,"href":"https:\/\/www.suno.com.br\/noticias\/wp-json\/wp\/v2\/media\/5031"}],"wp:attachment":[{"href":"https:\/\/www.suno.com.br\/noticias\/wp-json\/wp\/v2\/media?parent=11770"}],"wp:term":[{"taxonomy":"category","embeddable":true,"href":"https:\/\/www.suno.com.br\/noticias\/wp-json\/wp\/v2\/categories?post=11770"},{"taxonomy":"post_tag","embeddable":true,"href":"https:\/\/www.suno.com.br\/noticias\/wp-json\/wp\/v2\/tags?post=11770"},{"taxonomy":"suno_strategy","embeddable":true,"href":"https:\/\/www.suno.com.br\/noticias\/wp-json\/wp\/v2\/suno_strategy?post=11770"}],"curies":[{"name":"wp","href":"https:\/\/api.w.org\/{rel}","templated":true}]}}