{"id":117696,"date":"2021-02-02T08:27:50","date_gmt":"2021-02-02T11:27:50","guid":{"rendered":"https:\/\/www.suno.com.br\/noticias\/?p=117696"},"modified":"2021-02-02T10:01:46","modified_gmt":"2021-02-02T13:01:46","slug":"anatal-adia-leilao-do-5g","status":"publish","type":"post","link":"https:\/\/www.suno.com.br\/noticias\/anatal-adia-leilao-do-5g\/","title":{"rendered":"Leil\u00e3o do 5G: Vota\u00e7\u00e3o sobre edital fica para o dia 24; entenda decis\u00e3o"},"content":{"rendered":"<p>A Ag\u00eancia Nacional de Telecomunica\u00e7\u00f5es (Anatel) decidiu adiar, na \u00faltima segunda-feira (1), a aprova\u00e7\u00e3o da proposta do edital do<strong> leil\u00e3o do 5G.<\/strong> O presidente da ag\u00eancia, Leonardo Euler de Morais, pediu vista &#8211; maior tempo para an\u00e1lise &#8211; da proposta. &#8220;Pretendo trazer considera\u00e7\u00f5es ainda em fevereiro, no dia 24&#8221;, afirmou Morais.<\/p>\t<div class=\"wrapper-featured-image\">\n\t\t<figure class=\"spotlightImg\">\n\n\t\t\t<picture>\n\t\t\t\t<source media=\"(max-width: 768px)\" srcset=\"https:\/\/files.sunoresearch.com.br\/n\/uploads\/2021\/02\/ed4f86d0-leilao-do-5g-400x200.webp\">\n\t\t\t\t<img loading=\"lazy\" decoding=\"async\" class=\"newsContent__article__imgCapa lazyloadDisabled \" src=\"https:\/\/files.sunoresearch.com.br\/n\/uploads\/2021\/02\/ed4f86d0-leilao-do-5g-jpg.webp\" width=\"800\" height=\"450\" alt=\"Leil\u00e3o do 5G: Vota\u00e7\u00e3o sobre edital fica para o dia 24; entenda decis\u00e3o\" fetchpriority=high \/>\n\t\t\t<\/picture>\n\n\t\t\t<figcaption class=\"wp-caption-text wp-caption-text--show\">Leil\u00e3o do 5G: Vota\u00e7\u00e3o sobre edital fica para o dia 24; entenda decis\u00e3o<\/figcaption>\n\t\t<\/figure>\n\t<\/div>\n\n\n\t<p>\n\t\t<a href=\"https:\/\/lp.suno.com.br\/ebook-como-analisar-uma-acao\/\" target=\"_blank\" data-element=\"shortcode-suno-banner\" title=\"Banner SUNO, clique e saiba mais\">\n\t\t\t<picture>\n\t\t\t\t<source media=\"(max-width: 500px)\" srcset=\"https:\/\/files.sunoresearch.com.br\/n\/uploads\/2023\/03\/Ebook-Acoes-Mobile.jpg\">\n\t\t\t\t<img class=\"newsContent__article__imgCapa newsContent__article__imgCapa--banner\"\n\t\t\t\t\tsrc=\"https:\/\/files.sunoresearch.com.br\/n\/uploads\/2023\/03\/Ebook-Acoes-Desktop.jpg\"\n\t\t\t\t\tdata-promo-id=\"378302\"\t\t\t\t\t\t\t\t\t\twidth='1420' height='286'\t\t\t\t\talt=\"https:\/\/files.sunoresearch.com.br\/n\/uploads\/2023\/03\/Ebook-Acoes-Desktop.jpg\"\n\t\t\t\t>\n\t\t\t<\/picture>\n\t\t<\/a>\n\t<\/p>\n\n\n<p>O adiamento ocorreu por press\u00e3o de operadoras que est\u00e3o atentas a outro documento relacionado \u00e0 licita\u00e7\u00e3o.<\/p>\n<p>Na sexta-feira (29), uma portaria editada pelo<strong> Minist\u00e9rio das Comunica\u00e7\u00f5es<\/strong> foi publicada com exig\u00eancias que devem ser cumpridas pelas operadoras vencedoras do leil\u00e3o do 5G. As companhias contempladas na disputa precisam cumprir condi\u00e7\u00f5es que encarecem a implanta\u00e7\u00e3o da nova tecnologia.<\/p>\n<p><a href=\"https:\/\/lp.suno.com.br\/suno-one\/\">Suno One: acesse gratuitamente eBooks, Minicursos, Artigos e Video Aulas sobre investimentos com um \u00fanico cadastro. Clique para saber mais!<\/a><\/p>\n<p>Segundo fontes do site Teletime, a realiza\u00e7\u00e3o dos c\u00e1lculos para todas as pol\u00edticas estabelecidas tomaria tempo e inviabilizaria o <strong>leil\u00e3o<\/strong> antes do segundo semestre. Al\u00e9m disso, a portaria traria\u00a0 um excesso de <strong>intervencionismo estatal<\/strong> no mercado, <strong>inseguran\u00e7a jur\u00eddica<\/strong> para os operadores e um \u00f4nus desnecess\u00e1rio que prejudicaria a implanta\u00e7\u00e3o do <strong>5G<\/strong>.<\/p>\n<p>Uma das principais reclama\u00e7\u00f5es do setor foi a exig\u00eancia de criar uma<strong> rede privativa<\/strong> para o governo federal. O documento explica que seria uma pequena rede m\u00f3vel no <strong>Distrito Federal<\/strong> e uma infraestrutura \u00f3tica para pr\u00e9dios p\u00fablicos fora de Bras\u00edlia. De acordo com o site, esta rede nacional teria um custo de R$ 3 bilh\u00f5es.<\/p>\n\t<p>\n\t\t<a href=\"https:\/\/lp.suno.com.br\/planilha-controle-gastos\/\" target=\"_blank\" data-element=\"shortcode-suno-banner\" title=\"Banner SUNO, clique e saiba mais\">\n\t\t\t<picture>\n\t\t\t\t<source media=\"(max-width: 500px)\" srcset=\"https:\/\/files.sunoresearch.com.br\/n\/uploads\/2023\/03\/400x300-Planilha-controle-de-gastos.png\">\n\t\t\t\t<img class=\"newsContent__article__imgCapa newsContent__article__imgCapa--banner\"\n\t\t\t\t\tsrc=\"https:\/\/files.sunoresearch.com.br\/n\/uploads\/2023\/03\/1420x240-Planilha-controle-de-gastos.png\"\n\t\t\t\t\tdata-promo-id=\"101751\"\t\t\t\t\t\t\t\t\t\twidth='1420' height='240'\t\t\t\t\talt=\"https:\/\/files.sunoresearch.com.br\/n\/uploads\/2023\/03\/1420x240-Planilha-controle-de-gastos.png\"\n\t\t\t\t>\n\t\t\t<\/picture>\n\t\t<\/a>\n\t<\/p>\n\n\n<p>Outra reclama\u00e7\u00e3o por parte das companhias, foi a exig\u00eancia de implanta\u00e7\u00e3o de redes de alta velocidade em regi\u00f5es isoladas do pa\u00eds. A portaria prev\u00ea cerca de 7 mil km em<strong> fibra \u00f3tica<\/strong> por rios da regi\u00e3o <strong>Norte<\/strong>. Os custos desta rede, apenas na fase 1, estava or\u00e7ada em R$ 528 milh\u00f5es. Considerando tr\u00eas trechos de 8 infovias, o custo total seria, de aproximadamente, R$ 1,4 bilh\u00e3o.<\/p>\n<p>Para o programa de conex\u00e3o das cidades do Norte, Nordeste e Centro-Oestre, os custos ser\u00e3o no m\u00ednimo de R$ 2 bilh\u00f5es.<\/p>\n<h2>Documento n\u00e3o bloqueou a Huawei<\/h2>\n<p>Havia uma expectativa do mercado sobre a reuni\u00e3o do leil\u00e3o do 5G para saber se a <strong>Anatel<\/strong> estabeleceria regras que poderiam impedir a participa\u00e7\u00e3o da <strong>Huawei<\/strong>. A discuss\u00e3o da licita\u00e7\u00e3o acontece em um momento que o<strong> governo federal<\/strong> se v\u00ea pressionado para liberar a participa\u00e7\u00e3o da chinesa para evitar atritos com a <strong>China<\/strong> que pode atrasar o envio de <strong>vacinas<\/strong> e insumos para o <strong>Brasil<\/strong>.<\/p>\n<p>Apesar de n\u00e3o trazer um bloqueio expl\u00edcito \u00e0 chinesa, o documento exige que para a <strong>rede governamental<\/strong>, os fornecedores tenham &#8220;padr\u00f5es de governan\u00e7a corporativa compat\u00edveis com os exigidos no mercado acion\u00e1rio brasileiro&#8221;.<\/p>\n\t<p>\n\t\t<a href=\"https:\/\/lp.suno.com.br\/ebook-como-analisar-uma-acao\/\" target=\"_blank\" data-element=\"shortcode-suno-banner\" title=\"Banner SUNO, clique e saiba mais\">\n\t\t\t<picture>\n\t\t\t\t<source media=\"(max-width: 500px)\" srcset=\"https:\/\/files.sunoresearch.com.br\/n\/uploads\/2023\/03\/Ebook-Acoes-Mobile.jpg\">\n\t\t\t\t<img class=\"newsContent__article__imgCapa newsContent__article__imgCapa--banner\"\n\t\t\t\t\tsrc=\"https:\/\/files.sunoresearch.com.br\/n\/uploads\/2023\/03\/Ebook-Acoes-Desktop.jpg\"\n\t\t\t\t\tdata-promo-id=\"378302\"\t\t\t\t\t\t\t\t\t\twidth='1420' height='286'\t\t\t\t\talt=\"https:\/\/files.sunoresearch.com.br\/n\/uploads\/2023\/03\/Ebook-Acoes-Desktop.jpg\"\n\t\t\t\t>\n\t\t\t<\/picture>\n\t\t<\/a>\n\t<\/p>\n\n\n<h2>Veja as exig\u00eancias que dever\u00e3o ser cumpridas pelos vencedores do leil\u00e3o<\/h2>\n<p>O governo vai licitar quatro blocos de espectro para a tecnologia 5G no Brasil: 700 megahertz (MHz); 2,3 gigahertz (GHz); 3,5 GHz; e 26 GHz. Veja os compromissos que dever\u00e3o ser assumidos pelos vencedores do leil\u00e3o do 5G.<\/p>\n<p>Para os vencedores da faixa de <strong>700 MHz:<\/strong><\/p>\n<ul>\n<li>Rodovias federais sem cobertura m\u00f3vel 4G (atendidas pelas vencedoras da faixa)<\/li>\n<li>100% das localidades sem 4G (atendidas pelas prestadoras vencedoras da faixa)<\/li>\n<\/ul>\n<p>Para vencedores da faixa<strong> 2,3 GHz:<\/strong><\/p>\n<ul>\n<li>100% dos munic\u00edpios com menos de 30 mil habitantes que ainda n\u00e3o tenham\u00a0 4G<\/li>\n<\/ul>\n<p>Para vencedores das faixa <strong>3,5 GHz:<\/strong><\/p>\n<ul>\n<li>Rede de transmiss\u00e3o (backbone ou backhaul) de fibra nos munic\u00edpios n\u00e3o atendidos com esse tipo de infraestrutura, garantindo conex\u00e3o a Pontos de Troca de Tr\u00e1fego.<\/li>\n<li>Distribui\u00e7\u00e3o de kits de banda Ku para os domic\u00edlios que hoje dependem da banda C para receber os sinais de TV e que tenham um morador no Cadastro \u00danico (estimado em R$ 1,7 bilh\u00e3o pela Anatel)<\/li>\n<li>Outras mais exig\u00eancias<\/li>\n<\/ul>\n<p>Para todas as faixas<\/p>\n<ul>\n<li>Cria\u00e7\u00e3o de um sistema para disponibiliza\u00e7\u00e3o de frequ\u00eancias ociosas em car\u00e1ter secund\u00e1rio a terceiros interessados.<\/li>\n<\/ul>\n<h2>Adiamento do leil\u00e3o do 5G<\/h2>\n<p>Apesar do adiamento, os conselheiros <strong>Vicente Aquino<\/strong> e <strong>Mois\u00e9s Moreira<\/strong> anteciparam o voto em aprova\u00e7\u00e3o \u00e0 mat\u00e9ria do relator<strong> Carlos Baigorri<\/strong>. Portanto, se n\u00e3o houver nenhuma mudan\u00e7a de posi\u00e7\u00e3o na pr\u00f3xima reuni\u00e3o, o documento sobre o leil\u00e3o do 5G ser\u00e1 decidido conforme apresentado por Baigorri.<\/p>\n<p>Por\u00e9m, durante o pedido de vista, os demais conselheiros, como Leonardo Euler e Emmanoel Campelo, podem se manifestar. O relator se diz aberto para discutir seu voto durante o pedido de vista.<\/p>\n<p>&#8220;A l\u00f3gica \u00e9 garantir que o Brasil e a sociedade tenham acesso a toda potencialidade do 5G. Muitos falam da revolu\u00e7\u00e3o do 5G, e se foi criada esta expectativa na sociedade \u00e9 justo que seja entregue todo o potencial da tecnologia&#8221;, disse Baigorri ao detalhar seu projeto.<\/p>\n\t<div data-element=\"shortcode-read-more\" class=\"knowMore\">\n\t\t\t\t<span class=\"knowMore__title\">Veja Tamb\u00e9m<\/span>\n\t\t\t\t<a class=\"knowMore__link\" href=\"https:\/\/www.suno.com.br\/noticias\/huawei-leilao-5g-anatael\/\">\n\t\t\tHuawei est\u00e1 liberada a participar de leil\u00e3o do 5G, diz edital da Anatel\t\t<\/a>\n\t<\/div>\n\n\n<p>Se a proposta deliberada pelos conselheiros for aprovada, o texto seguir\u00e1 para an\u00e1lise da \u00e1rea t\u00e9cnica da Anatel para defini\u00e7\u00e3o dos valores das faixas de frequ\u00eancia. E depois o documento ser\u00e1 analisado pelo<strong> Tribunal de Contas da Uni\u00e3o<\/strong> (TCU).<\/p>\n<p>Todo processo pode levar at\u00e9 150 dias e a expectativa \u00e9 que o <strong>leil\u00e3o do 5G<\/strong> seja realizado at\u00e9 junho deste ano. Na semana passada, a Anatel informou que nenhuma fornecedora est\u00e1 impedida de oferecer seus servi\u00e7os ou equipamentos \u00e0s operadoras participantes, e isso inclui a chinesa Huawei.<\/p>\n\t<p>\n\t\t<a href=\"https:\/\/lp.suno.com.br\/planilha-de-controle-de-investimentos\/\" target=\"_blank\" data-element=\"shortcode-suno-banner\" title=\"Banner SUNO, clique e saiba mais\">\n\t\t\t<picture>\n\t\t\t\t<source media=\"(max-width: 500px)\" srcset=\"https:\/\/files.sunoresearch.com.br\/n\/uploads\/2023\/03\/400x300-Controle-de-Investimentos.png\">\n\t\t\t\t<img class=\"newsContent__article__imgCapa newsContent__article__imgCapa--banner\"\n\t\t\t\t\tsrc=\"https:\/\/files.sunoresearch.com.br\/n\/uploads\/2023\/03\/1420x240-Controle-de-Investimentos.png\"\n\t\t\t\t\tdata-promo-id=\"75934\"\t\t\t\t\t\t\t\t\t\twidth='1420' height='240'\t\t\t\t\talt=\"https:\/\/files.sunoresearch.com.br\/n\/uploads\/2023\/03\/1420x240-Controle-de-Investimentos.png\"\n\t\t\t\t>\n\t\t\t<\/picture>\n\t\t<\/a>\n\t<\/p>\n\n\n","protected":false},"excerpt":{"rendered":"<p>A Ag\u00eancia Nacional de Telecomunica\u00e7\u00f5es (Anatel) decidiu adiar, na \u00faltima segunda-feira (1), a aprova\u00e7\u00e3o da proposta do edital do leil\u00e3o do 5G. O presidente da ag\u00eancia, Leonardo Euler de Morais, pediu vista &#8211; maior tempo para an\u00e1lise &#8211; da proposta. &#8220;Pretendo trazer considera\u00e7\u00f5es ainda em fevereiro, no dia 24&#8221;, afirmou Morais. Leil\u00e3o do 5G: Vota\u00e7\u00e3o [&hellip;]<\/p>\n","protected":false},"author":15,"featured_media":117703,"comment_status":"closed","ping_status":"closed","sticky":false,"template":"","format":"standard","meta":[],"categories":[64],"tags":[831,711,826,105704,25002],"suno_strategy":[],"class_list":["post-117696","post","type-post","status-publish","format-standard","has-post-thumbnail","hentry","category-negocios","tag-anatel","tag-china","tag-huawei","tag-leilao-do-5g","tag-vacina"],"yoast_head":"<!-- This site is optimized with the Yoast SEO plugin v24.4 - https:\/\/yoast.com\/wordpress\/plugins\/seo\/ -->\n<title>Leil\u00e3o do 5G: Vota\u00e7\u00e3o sobre edital fica para o dia 24; entenda decis\u00e3o<\/title>\n<meta name=\"description\" content=\"A Ag\u00eancia Nacional de Telecomunica\u00e7\u00f5es (Anatel) decidiu adiar a aprova\u00e7\u00e3o da proposta do edital do leil\u00e3o do 5G. Clique aqui e saiba mais\" \/>\n<meta name=\"robots\" content=\"index, follow, max-snippet:-1, max-image-preview:large, max-video-preview:-1\" \/>\n<link rel=\"canonical\" href=\"https:\/\/www.suno.com.br\/noticias\/anatal-adia-leilao-do-5g\/\" \/>\n<meta property=\"og:locale\" content=\"pt_BR\" \/>\n<meta property=\"og:type\" content=\"article\" \/>\n<meta property=\"og:title\" content=\"Leil\u00e3o do 5G: Vota\u00e7\u00e3o sobre edital fica para o dia 24; entenda decis\u00e3o\" \/>\n<meta property=\"og:description\" content=\"A Ag\u00eancia Nacional de Telecomunica\u00e7\u00f5es (Anatel) decidiu adiar a aprova\u00e7\u00e3o da proposta do edital do leil\u00e3o do 5G. Clique aqui e saiba mais\" \/>\n<meta property=\"og:url\" content=\"https:\/\/www.suno.com.br\/noticias\/anatal-adia-leilao-do-5g\/\" \/>\n<meta property=\"og:site_name\" content=\"Suno Not\u00edcias\" \/>\n<meta property=\"article:publisher\" content=\"https:\/\/facebook.com\/sunoresearch\" \/>\n<meta property=\"og:image\" content=\"https:\/\/files.sunoresearch.com.br\/n\/uploads\/2021\/02\/ed4f86d0-leilao-do-5g.jpg\" \/>\n\t<meta property=\"og:image:width\" content=\"625\" \/>\n\t<meta property=\"og:image:height\" content=\"469\" \/>\n\t<meta property=\"og:image:type\" content=\"image\/jpeg\" \/>\n<meta name=\"author\" content=\"Poliana Santos\" \/>\n<meta name=\"twitter:card\" content=\"summary_large_image\" \/>\n<meta name=\"twitter:creator\" content=\"@sunoresearch\" \/>\n<meta name=\"twitter:site\" content=\"@sunoresearch\" \/>\n<meta name=\"twitter:label1\" content=\"Escrito por\" \/>\n\t<meta name=\"twitter:data1\" content=\"Poliana Santos\" \/>\n\t<meta name=\"twitter:label2\" content=\"Est. tempo de leitura\" \/>\n\t<meta name=\"twitter:data2\" content=\"5 minutos\" \/>\n<script type=\"application\/ld+json\" class=\"yoast-schema-graph\">{\"@context\":\"https:\/\/schema.org\",\"@graph\":[{\"@type\":\"NewsArticle\",\"@id\":\"https:\/\/www.suno.com.br\/noticias\/anatal-adia-leilao-do-5g\/#article\",\"isPartOf\":{\"@id\":\"https:\/\/www.suno.com.br\/noticias\/anatal-adia-leilao-do-5g\/\"},\"author\":{\"name\":\"Poliana Santos\",\"@id\":\"https:\/\/www.suno.com.br\/noticias\/#\/schema\/person\/02ec1f752758247878a2bf4abee1aeda\"},\"headline\":\"Leil\u00e3o do 5G: Vota\u00e7\u00e3o sobre edital fica para o dia 24; entenda decis\u00e3o\",\"datePublished\":\"2021-02-02T11:27:50+00:00\",\"dateModified\":\"2021-02-02T13:01:46+00:00\",\"mainEntityOfPage\":{\"@id\":\"https:\/\/www.suno.com.br\/noticias\/anatal-adia-leilao-do-5g\/\"},\"wordCount\":946,\"publisher\":{\"@id\":\"https:\/\/www.suno.com.br\/noticias\/#organization\"},\"image\":{\"@id\":\"https:\/\/www.suno.com.br\/noticias\/anatal-adia-leilao-do-5g\/#primaryimage\"},\"thumbnailUrl\":\"https:\/\/files.sunoresearch.com.br\/n\/uploads\/2021\/02\/ed4f86d0-leilao-do-5g-jpg.webp\",\"keywords\":[\"Anatel\",\"China\",\"Huawei\",\"leil\u00e3o do 5G\",\"vacina\"],\"articleSection\":[\"Neg\u00f3cios\"],\"inLanguage\":\"pt-BR\"},{\"@type\":\"WebPage\",\"@id\":\"https:\/\/www.suno.com.br\/noticias\/anatal-adia-leilao-do-5g\/\",\"url\":\"https:\/\/www.suno.com.br\/noticias\/anatal-adia-leilao-do-5g\/\",\"name\":\"Leil\u00e3o do 5G: Vota\u00e7\u00e3o sobre edital fica para o dia 24; entenda decis\u00e3o\",\"isPartOf\":{\"@id\":\"https:\/\/www.suno.com.br\/noticias\/#website\"},\"primaryImageOfPage\":{\"@id\":\"https:\/\/www.suno.com.br\/noticias\/anatal-adia-leilao-do-5g\/#primaryimage\"},\"image\":{\"@id\":\"https:\/\/www.suno.com.br\/noticias\/anatal-adia-leilao-do-5g\/#primaryimage\"},\"thumbnailUrl\":\"https:\/\/files.sunoresearch.com.br\/n\/uploads\/2021\/02\/ed4f86d0-leilao-do-5g-jpg.webp\",\"datePublished\":\"2021-02-02T11:27:50+00:00\",\"dateModified\":\"2021-02-02T13:01:46+00:00\",\"description\":\"A Ag\u00eancia Nacional de Telecomunica\u00e7\u00f5es (Anatel) decidiu adiar a aprova\u00e7\u00e3o da proposta do edital do leil\u00e3o do 5G. Clique aqui e saiba mais\",\"breadcrumb\":{\"@id\":\"https:\/\/www.suno.com.br\/noticias\/anatal-adia-leilao-do-5g\/#breadcrumb\"},\"inLanguage\":\"pt-BR\",\"potentialAction\":[{\"@type\":\"ReadAction\",\"target\":[\"https:\/\/www.suno.com.br\/noticias\/anatal-adia-leilao-do-5g\/\"]}]},{\"@type\":\"ImageObject\",\"inLanguage\":\"pt-BR\",\"@id\":\"https:\/\/www.suno.com.br\/noticias\/anatal-adia-leilao-do-5g\/#primaryimage\",\"url\":\"https:\/\/files.sunoresearch.com.br\/n\/uploads\/2021\/02\/ed4f86d0-leilao-do-5g-jpg.webp\",\"contentUrl\":\"https:\/\/files.sunoresearch.com.br\/n\/uploads\/2021\/02\/ed4f86d0-leilao-do-5g-jpg.webp\",\"width\":625,\"height\":469,\"caption\":\"Leil\u00e3o do 5G: Vota\u00e7\u00e3o sobre edital fica para o dia 24; entenda decis\u00e3o\"},{\"@type\":\"BreadcrumbList\",\"@id\":\"https:\/\/www.suno.com.br\/noticias\/anatal-adia-leilao-do-5g\/#breadcrumb\",\"itemListElement\":[{\"@type\":\"ListItem\",\"position\":1,\"name\":\"Not\u00edcias\",\"item\":\"https:\/\/www.suno.com.br\/noticias\/\"},{\"@type\":\"ListItem\",\"position\":2,\"name\":\"Neg\u00f3cios\",\"item\":\"https:\/\/www.suno.com.br\/noticias\/negocios\/\"},{\"@type\":\"ListItem\",\"position\":3,\"name\":\"Leil\u00e3o do 5G: Vota\u00e7\u00e3o sobre edital fica para o dia 24; entenda decis\u00e3o\"}]},{\"@type\":\"WebSite\",\"@id\":\"https:\/\/www.suno.com.br\/noticias\/#website\",\"url\":\"https:\/\/www.suno.com.br\/noticias\/\",\"name\":\"Suno Not\u00edcias\",\"description\":\"Seu portal de informa\u00e7\u00e3o sobre o mundo dos investimentos\",\"publisher\":{\"@id\":\"https:\/\/www.suno.com.br\/noticias\/#organization\"},\"potentialAction\":[{\"@type\":\"SearchAction\",\"target\":{\"@type\":\"EntryPoint\",\"urlTemplate\":\"https:\/\/www.suno.com.br\/noticias\/?s={search_term_string}\"},\"query-input\":{\"@type\":\"PropertyValueSpecification\",\"valueRequired\":true,\"valueName\":\"search_term_string\"}}],\"inLanguage\":\"pt-BR\"},{\"@type\":\"Organization\",\"@id\":\"https:\/\/www.suno.com.br\/noticias\/#organization\",\"name\":\"Suno Not\u00edcias\",\"url\":\"https:\/\/www.suno.com.br\/noticias\/\",\"logo\":{\"@type\":\"ImageObject\",\"inLanguage\":\"pt-BR\",\"@id\":\"https:\/\/www.suno.com.br\/noticias\/#\/schema\/logo\/image\/\",\"url\":\"https:\/\/files.sunoresearch.com.br\/n\/uploads\/2021\/09\/suno-logo.png\",\"contentUrl\":\"https:\/\/files.sunoresearch.com.br\/n\/uploads\/2021\/09\/suno-logo.png\",\"width\":180,\"height\":180,\"caption\":\"Suno Not\u00edcias\"},\"image\":{\"@id\":\"https:\/\/www.suno.com.br\/noticias\/#\/schema\/logo\/image\/\"},\"sameAs\":[\"https:\/\/facebook.com\/sunoresearch\",\"https:\/\/x.com\/sunoresearch\",\"https:\/\/www.instagram.com\/suno\",\"https:\/\/www.linkedin.com\/company\/suno-research\/\",\"https:\/\/www.youtube.com\/c\/sunoresearch\"]},{\"@type\":\"Person\",\"@id\":\"https:\/\/www.suno.com.br\/noticias\/#\/schema\/person\/02ec1f752758247878a2bf4abee1aeda\",\"name\":\"Poliana Santos\",\"image\":{\"@type\":\"ImageObject\",\"inLanguage\":\"pt-BR\",\"@id\":\"https:\/\/www.suno.com.br\/noticias\/#\/schema\/person\/image\/\",\"url\":\"https:\/\/secure.gravatar.com\/avatar\/0645bd32f23d87b2130f2b2dff1d3f8d?s=96&r=g\",\"contentUrl\":\"https:\/\/secure.gravatar.com\/avatar\/0645bd32f23d87b2130f2b2dff1d3f8d?s=96&r=g\",\"caption\":\"Poliana Santos\"},\"description\":\"Rep\u00f3rter no Suno Not\u00edcias, com cobertura em mercado financeiro, economia, finan\u00e7as pessoais, renda fixa e varejo. Jornalista formada pela Faculdade C\u00e1sper L\u00edbero e possui passagem na R\u00e1dio Gazeta AM com a produ\u00e7\u00e3o de conte\u00fado sobre economia, pol\u00edtica, sa\u00fade, moda e m\u00fasica. Possui certificado de conclus\u00e3o do curso de An\u00e1lise de Balan\u00e7os pela Funda\u00e7\u00e3o Bradesco, Agenda Brasil pela FAAP, Educa\u00e7\u00e3o Pol\u00edtica por Alexandre Garcia e do Tesouro Direto e Mercado de A\u00e7\u00f5es pela B3.\",\"url\":\"https:\/\/www.suno.com.br\/noticias\/author\/poliana-santos\/\"}]}<\/script>\n<!-- \/ Yoast SEO plugin. -->","yoast_head_json":{"title":"Leil\u00e3o do 5G: Vota\u00e7\u00e3o sobre edital fica para o dia 24; entenda decis\u00e3o","description":"A Ag\u00eancia Nacional de Telecomunica\u00e7\u00f5es (Anatel) decidiu adiar a aprova\u00e7\u00e3o da proposta do edital do leil\u00e3o do 5G. Clique aqui e saiba mais","robots":{"index":"index","follow":"follow","max-snippet":"max-snippet:-1","max-image-preview":"max-image-preview:large","max-video-preview":"max-video-preview:-1"},"canonical":"https:\/\/www.suno.com.br\/noticias\/anatal-adia-leilao-do-5g\/","og_locale":"pt_BR","og_type":"article","og_title":"Leil\u00e3o do 5G: Vota\u00e7\u00e3o sobre edital fica para o dia 24; entenda decis\u00e3o","og_description":"A Ag\u00eancia Nacional de Telecomunica\u00e7\u00f5es (Anatel) decidiu adiar a aprova\u00e7\u00e3o da proposta do edital do leil\u00e3o do 5G. Clique aqui e saiba mais","og_url":"https:\/\/www.suno.com.br\/noticias\/anatal-adia-leilao-do-5g\/","og_site_name":"Suno Not\u00edcias","article_publisher":"https:\/\/facebook.com\/sunoresearch","og_image":[{"width":625,"height":469,"url":"https:\/\/files.sunoresearch.com.br\/n\/uploads\/2021\/02\/ed4f86d0-leilao-do-5g.jpg","type":"image\/jpeg"}],"author":"Poliana Santos","twitter_card":"summary_large_image","twitter_creator":"@sunoresearch","twitter_site":"@sunoresearch","twitter_misc":{"Escrito por":"Poliana Santos","Est. tempo de leitura":"5 minutos"},"schema":{"@context":"https:\/\/schema.org","@graph":[{"@type":"NewsArticle","@id":"https:\/\/www.suno.com.br\/noticias\/anatal-adia-leilao-do-5g\/#article","isPartOf":{"@id":"https:\/\/www.suno.com.br\/noticias\/anatal-adia-leilao-do-5g\/"},"author":{"name":"Poliana Santos","@id":"https:\/\/www.suno.com.br\/noticias\/#\/schema\/person\/02ec1f752758247878a2bf4abee1aeda"},"headline":"Leil\u00e3o do 5G: Vota\u00e7\u00e3o sobre edital fica para o dia 24; entenda decis\u00e3o","datePublished":"2021-02-02T11:27:50+00:00","dateModified":"2021-02-02T13:01:46+00:00","mainEntityOfPage":{"@id":"https:\/\/www.suno.com.br\/noticias\/anatal-adia-leilao-do-5g\/"},"wordCount":946,"publisher":{"@id":"https:\/\/www.suno.com.br\/noticias\/#organization"},"image":{"@id":"https:\/\/www.suno.com.br\/noticias\/anatal-adia-leilao-do-5g\/#primaryimage"},"thumbnailUrl":"https:\/\/files.sunoresearch.com.br\/n\/uploads\/2021\/02\/ed4f86d0-leilao-do-5g-jpg.webp","keywords":["Anatel","China","Huawei","leil\u00e3o do 5G","vacina"],"articleSection":["Neg\u00f3cios"],"inLanguage":"pt-BR"},{"@type":"WebPage","@id":"https:\/\/www.suno.com.br\/noticias\/anatal-adia-leilao-do-5g\/","url":"https:\/\/www.suno.com.br\/noticias\/anatal-adia-leilao-do-5g\/","name":"Leil\u00e3o do 5G: Vota\u00e7\u00e3o sobre edital fica para o dia 24; entenda decis\u00e3o","isPartOf":{"@id":"https:\/\/www.suno.com.br\/noticias\/#website"},"primaryImageOfPage":{"@id":"https:\/\/www.suno.com.br\/noticias\/anatal-adia-leilao-do-5g\/#primaryimage"},"image":{"@id":"https:\/\/www.suno.com.br\/noticias\/anatal-adia-leilao-do-5g\/#primaryimage"},"thumbnailUrl":"https:\/\/files.sunoresearch.com.br\/n\/uploads\/2021\/02\/ed4f86d0-leilao-do-5g-jpg.webp","datePublished":"2021-02-02T11:27:50+00:00","dateModified":"2021-02-02T13:01:46+00:00","description":"A Ag\u00eancia Nacional de Telecomunica\u00e7\u00f5es (Anatel) decidiu adiar a aprova\u00e7\u00e3o da proposta do edital do leil\u00e3o do 5G. Clique aqui e saiba mais","breadcrumb":{"@id":"https:\/\/www.suno.com.br\/noticias\/anatal-adia-leilao-do-5g\/#breadcrumb"},"inLanguage":"pt-BR","potentialAction":[{"@type":"ReadAction","target":["https:\/\/www.suno.com.br\/noticias\/anatal-adia-leilao-do-5g\/"]}]},{"@type":"ImageObject","inLanguage":"pt-BR","@id":"https:\/\/www.suno.com.br\/noticias\/anatal-adia-leilao-do-5g\/#primaryimage","url":"https:\/\/files.sunoresearch.com.br\/n\/uploads\/2021\/02\/ed4f86d0-leilao-do-5g-jpg.webp","contentUrl":"https:\/\/files.sunoresearch.com.br\/n\/uploads\/2021\/02\/ed4f86d0-leilao-do-5g-jpg.webp","width":625,"height":469,"caption":"Leil\u00e3o do 5G: Vota\u00e7\u00e3o sobre edital fica para o dia 24; entenda decis\u00e3o"},{"@type":"BreadcrumbList","@id":"https:\/\/www.suno.com.br\/noticias\/anatal-adia-leilao-do-5g\/#breadcrumb","itemListElement":[{"@type":"ListItem","position":1,"name":"Not\u00edcias","item":"https:\/\/www.suno.com.br\/noticias\/"},{"@type":"ListItem","position":2,"name":"Neg\u00f3cios","item":"https:\/\/www.suno.com.br\/noticias\/negocios\/"},{"@type":"ListItem","position":3,"name":"Leil\u00e3o do 5G: Vota\u00e7\u00e3o sobre edital fica para o dia 24; entenda decis\u00e3o"}]},{"@type":"WebSite","@id":"https:\/\/www.suno.com.br\/noticias\/#website","url":"https:\/\/www.suno.com.br\/noticias\/","name":"Suno Not\u00edcias","description":"Seu portal de informa\u00e7\u00e3o sobre o mundo dos investimentos","publisher":{"@id":"https:\/\/www.suno.com.br\/noticias\/#organization"},"potentialAction":[{"@type":"SearchAction","target":{"@type":"EntryPoint","urlTemplate":"https:\/\/www.suno.com.br\/noticias\/?s={search_term_string}"},"query-input":{"@type":"PropertyValueSpecification","valueRequired":true,"valueName":"search_term_string"}}],"inLanguage":"pt-BR"},{"@type":"Organization","@id":"https:\/\/www.suno.com.br\/noticias\/#organization","name":"Suno Not\u00edcias","url":"https:\/\/www.suno.com.br\/noticias\/","logo":{"@type":"ImageObject","inLanguage":"pt-BR","@id":"https:\/\/www.suno.com.br\/noticias\/#\/schema\/logo\/image\/","url":"https:\/\/files.sunoresearch.com.br\/n\/uploads\/2021\/09\/suno-logo.png","contentUrl":"https:\/\/files.sunoresearch.com.br\/n\/uploads\/2021\/09\/suno-logo.png","width":180,"height":180,"caption":"Suno Not\u00edcias"},"image":{"@id":"https:\/\/www.suno.com.br\/noticias\/#\/schema\/logo\/image\/"},"sameAs":["https:\/\/facebook.com\/sunoresearch","https:\/\/x.com\/sunoresearch","https:\/\/www.instagram.com\/suno","https:\/\/www.linkedin.com\/company\/suno-research\/","https:\/\/www.youtube.com\/c\/sunoresearch"]},{"@type":"Person","@id":"https:\/\/www.suno.com.br\/noticias\/#\/schema\/person\/02ec1f752758247878a2bf4abee1aeda","name":"Poliana Santos","image":{"@type":"ImageObject","inLanguage":"pt-BR","@id":"https:\/\/www.suno.com.br\/noticias\/#\/schema\/person\/image\/","url":"https:\/\/secure.gravatar.com\/avatar\/0645bd32f23d87b2130f2b2dff1d3f8d?s=96&r=g","contentUrl":"https:\/\/secure.gravatar.com\/avatar\/0645bd32f23d87b2130f2b2dff1d3f8d?s=96&r=g","caption":"Poliana Santos"},"description":"Rep\u00f3rter no Suno Not\u00edcias, com cobertura em mercado financeiro, economia, finan\u00e7as pessoais, renda fixa e varejo. Jornalista formada pela Faculdade C\u00e1sper L\u00edbero e possui passagem na R\u00e1dio Gazeta AM com a produ\u00e7\u00e3o de conte\u00fado sobre economia, pol\u00edtica, sa\u00fade, moda e m\u00fasica. Possui certificado de conclus\u00e3o do curso de An\u00e1lise de Balan\u00e7os pela Funda\u00e7\u00e3o Bradesco, Agenda Brasil pela FAAP, Educa\u00e7\u00e3o Pol\u00edtica por Alexandre Garcia e do Tesouro Direto e Mercado de A\u00e7\u00f5es pela B3.","url":"https:\/\/www.suno.com.br\/noticias\/author\/poliana-santos\/"}]}},"default_loop_html":"<div class=\"cardsPage__listCard__boxs\"><div class=\"cardsPage__listCard__boxs__img\"><a href=\"https:\/\/www.suno.com.br\/noticias\/anatal-adia-leilao-do-5g\/\"><img class=\"mask\" src=\"https:\/\/www.suno.com.br\/noticias\/wp-content\/themes\/suno\/resources\/images\/spotlight\/spotlight1img\/bg-mask.png\" alt=\"Image Mask\"\/><img src=\"https:\/\/files.sunoresearch.com.br\/n\/uploads\/2021\/02\/ed4f86d0-leilao-do-5g-400x200.webp\" alt=\"Leil\u00e3o do 5G: Vota\u00e7\u00e3o sobre edital fica para o dia 24; entenda decis\u00e3o\"\/><\/a><span class=\"spotlightCategory\"><a href=\"https:\/\/www.suno.com.br\/noticias\/negocios\/\">Neg\u00f3cios<\/a><\/span><\/div><div class=\"cardsPage__listCard__boxs__content\"><a href=\"https:\/\/www.suno.com.br\/noticias\/anatal-adia-leilao-do-5g\/\"><h2 class=\"content__title\">Leil\u00e3o do 5G: Vota\u00e7\u00e3o sobre edital fica para o dia 24; entenda decis\u00e3o<\/h2><\/a><div class=\"newsContent__article__meta\"><div class=\"newsContent__article__meta__authorBox\"><a href=\"https:\/\/www.suno.com.br\/noticias\/author\/poliana-santos\/\" class=\"authorBox__avatar noMobi\"><img src=\"https:\/\/files.sunoresearch.com.br\/n\/uploads\/2020\/08\/7ef34026-whatsapp-image-2020-08-03-at-12.37.57-150x150.webp\" alt=\"Poliana Santos\"><\/a><div class=\"authorBox__name\"><span>por\n\t\t\t<a href=\"https:\/\/www.suno.com.br\/noticias\/author\/poliana-santos\/\"><span itemprop=\"author\">Poliana Santos<\/span><\/a><\/span><time datetime=\"2021-02-02T08:27:50-03:00\" itemprop=\"datePublished\">02\/02\/2021 08:27<\/time><\/div><\/div><\/div><\/div><\/div>","single_layout":"posts","amp_enabled":true,"_links":{"self":[{"href":"https:\/\/www.suno.com.br\/noticias\/wp-json\/wp\/v2\/posts\/117696"}],"collection":[{"href":"https:\/\/www.suno.com.br\/noticias\/wp-json\/wp\/v2\/posts"}],"about":[{"href":"https:\/\/www.suno.com.br\/noticias\/wp-json\/wp\/v2\/types\/post"}],"author":[{"embeddable":true,"href":"https:\/\/www.suno.com.br\/noticias\/wp-json\/wp\/v2\/users\/15"}],"replies":[{"embeddable":true,"href":"https:\/\/www.suno.com.br\/noticias\/wp-json\/wp\/v2\/comments?post=117696"}],"version-history":[{"count":0,"href":"https:\/\/www.suno.com.br\/noticias\/wp-json\/wp\/v2\/posts\/117696\/revisions"}],"wp:featuredmedia":[{"embeddable":true,"href":"https:\/\/www.suno.com.br\/noticias\/wp-json\/wp\/v2\/media\/117703"}],"wp:attachment":[{"href":"https:\/\/www.suno.com.br\/noticias\/wp-json\/wp\/v2\/media?parent=117696"}],"wp:term":[{"taxonomy":"category","embeddable":true,"href":"https:\/\/www.suno.com.br\/noticias\/wp-json\/wp\/v2\/categories?post=117696"},{"taxonomy":"post_tag","embeddable":true,"href":"https:\/\/www.suno.com.br\/noticias\/wp-json\/wp\/v2\/tags?post=117696"},{"taxonomy":"suno_strategy","embeddable":true,"href":"https:\/\/www.suno.com.br\/noticias\/wp-json\/wp\/v2\/suno_strategy?post=117696"}],"curies":[{"name":"wp","href":"https:\/\/api.w.org\/{rel}","templated":true}]}}