{"id":117628,"date":"2021-02-01T11:04:00","date_gmt":"2021-02-01T14:04:00","guid":{"rendered":"https:\/\/www.suno.com.br\/noticias\/?p=117628"},"modified":"2021-02-17T22:18:31","modified_gmt":"2021-02-18T01:18:31","slug":"btg-pactual-bpac11-aposta-em-recuperacao-global-para-carteira-de-fevereiro","status":"publish","type":"post","link":"https:\/\/www.suno.com.br\/noticias\/btg-pactual-bpac11-aposta-em-recuperacao-global-para-carteira-de-fevereiro\/","title":{"rendered":"BTG Pactual (BPAC11) aposta em recupera\u00e7\u00e3o global para carteira de fevereiro"},"content":{"rendered":"<p>O <a href=\"https:\/\/www.suno.com.br\/acoes\/bpac11\/\"><strong>BTG Pactual<\/strong> (BPAC11)<\/a> v\u00ea os mercados globais se recuperando lentamente conforme a vacina\u00e7\u00e3o contra o novo coronav\u00edrus (covid-19) v\u00e1 aumentando no mundo, segundo relat\u00f3rio de fevereiro divulgado nesta segunda-feira (1).<\/p>\t<div class=\"wrapper-featured-image\">\n\t\t<figure class=\"spotlightImg\">\n\n\t\t\t<picture>\n\t\t\t\t<source media=\"(max-width: 768px)\" srcset=\"https:\/\/files.sunoresearch.com.br\/n\/uploads\/2021\/01\/5d9778dc-btg-pactual-400x200.webp\">\n\t\t\t\t<img loading=\"lazy\" decoding=\"async\" class=\"newsContent__article__imgCapa lazyloadDisabled \" src=\"https:\/\/files.sunoresearch.com.br\/n\/uploads\/2021\/01\/5d9778dc-btg-pactual-jpg.webp\" width=\"800\" height=\"450\" alt=\"BTG Pactual (BPAC11) aposta em recupera\u00e7\u00e3o global para carteira de fevereiro\" fetchpriority=high \/>\n\t\t\t<\/picture>\n\n\t\t\t<figcaption class=\"wp-caption-text wp-caption-text--show\">BTG Pactual (BPAC11) \u00e9 o case da Occam no &quot;Sextou com o gestor&quot;<\/figcaption>\n\t\t<\/figure>\n\t<\/div>\n\n\n\t<p>\n\t\t<a href=\"https:\/\/lp.suno.com.br\/planilha-controle-gastos\/\" target=\"_blank\" data-element=\"shortcode-suno-banner\" title=\"Banner SUNO, clique e saiba mais\">\n\t\t\t<picture>\n\t\t\t\t<source media=\"(max-width: 500px)\" srcset=\"https:\/\/files.sunoresearch.com.br\/n\/uploads\/2023\/03\/400x300-Planilha-controle-de-gastos.png\">\n\t\t\t\t<img class=\"newsContent__article__imgCapa newsContent__article__imgCapa--banner\"\n\t\t\t\t\tsrc=\"https:\/\/files.sunoresearch.com.br\/n\/uploads\/2023\/03\/1420x240-Planilha-controle-de-gastos.png\"\n\t\t\t\t\tdata-promo-id=\"101751\"\t\t\t\t\t\t\t\t\t\twidth='1420' height='240'\t\t\t\t\talt=\"https:\/\/files.sunoresearch.com.br\/n\/uploads\/2023\/03\/1420x240-Planilha-controle-de-gastos.png\"\n\t\t\t\t>\n\t\t\t<\/picture>\n\t\t<\/a>\n\t<\/p>\n\n\n<p>Al\u00e9m disso, as taxas de juros em patamares historicamente baixos e as promessas de pacotes de est\u00edmulos nos EUA devem fazer com que as bolsas globais, incluindo a <strong><a href=\"https:\/\/www.suno.com.br\/artigos\/b3\/\">Bolsa de Valores de S\u00e3o Paulo (B3)<\/a><\/strong>, surfem uma perspectiva positiva, apesar do aumento no n\u00famero de casos de contaminados pelo coronav\u00edrus, segundo o BTG Pacutal.<\/p>\n<p>&#8220;Enquanto os riscos aumentaram claramente, a vacina\u00e7\u00e3o est\u00e1 em andamento, as taxas de juros globais devem permanecem baixos e est\u00edmulos adicionais nos EUA devem manter o apetite ao risco relativamente alto n\u00edveis&#8221;, disse o banco, em relat\u00f3rio.<\/p>\n<p><a href=\"https:\/\/lp.suno.com.br\/suno-one\/\"><span style=\"font-weight: 400;\">Suno One: acesse gratuitamente eBooks, Minicursos, Artigos e Video Aulas sobre investimentos com um \u00fanico cadastro. Clique para saber mais!<\/span><\/a><\/p>\n<p>Dessa forma, a institui\u00e7\u00e3o financeira optou por, em fevereiro, manter exposi\u00e7\u00e3o \u00e0 economia global.<\/p>\n<p>&#8220;Refletindo nosso otimismo sobre a economia global, estamos mantendo uma forte exposi\u00e7\u00e3o a a\u00e7\u00f5es que se beneficiam diretamente do crescimento global&#8221;, disse o banco, em relat\u00f3rio.<\/p>\n<h2>BTG Pactual indica Petrobras e Vale<\/h2>\n<p>Com a esperan\u00e7a da recupera\u00e7\u00e3o dos mercado globais, o BTG informou que opta por a\u00e7\u00f5es mais expostas aos mercados mundiais na carteira recomendada mensal para fevereiro.<\/p>\n<p>A carteira recomendada para o m\u00eas \u00e9 composta por:<\/p>\n<ul>\n<li><a href=\"https:\/\/www.suno.com.br\/acoes\/vale3\/\">Vale (VALE3)<\/a><\/li>\n<li><a href=\"https:\/\/www.suno.com.br\/acoes\/petr4\/\">Petrobras (PETR4)<\/a><\/li>\n<li><a href=\"https:\/\/www.suno.com.br\/acoes\/itub4\/\">Itau Unibanco (ITUB4)<\/a><\/li>\n<li>Rede D\u00b4Or (RDOR3)<\/li>\n<li>PagSeguro (PAGS34)<\/li>\n<li><a href=\"https:\/\/www.suno.com.br\/acoes\/suzb3\/\">Suzano Papel e Celulose (SUZB3)<\/a><\/li>\n<li><a href=\"https:\/\/www.suno.com.br\/acoes\/tots3\/\">Totvs (TOTS3)<\/a><\/li>\n<li><a href=\"https:\/\/www.suno.com.br\/acoes\/oibr3\/\">Oi S.A. (OIBR3)<\/a><\/li>\n<li><a href=\"https:\/\/www.suno.com.br\/acoes\/cyre3\/\">Cyrela (CYRE3)<\/a><\/li>\n<li><a href=\"https:\/\/www.suno.com.br\/acoes\/also3\/\">Aliansce Sonae (ALSO3)<\/a><\/li>\n<\/ul>\n<p>De acordo com o BTG Pactual, a acelera\u00e7\u00e3o dos pre\u00e7os das commodities ainda n\u00e3o foi capturado pelo mercado brasileiro.<\/p>\n<p>&#8220;O lucro das empresas nacionais cresceu 4,5%, enquanto o faturamento das commodities as empresas ca\u00edram apenas 1,0%. Para 2021, nossas estimativas de ganhos tamb\u00e9m melhoraram significativamente (+ 7,8%), mas neste caso principalmente devido a perspectivas muito melhores para os exportadores de commodities em uma combina\u00e7\u00e3o de pre\u00e7os mais altos e um real mais fraco&#8221;, informou a institui\u00e7\u00e3o financeira.<\/p>\n\t<div data-element=\"shortcode-read-more\" class=\"knowMore\">\n\t\t\t\t<span class=\"knowMore__title\">Saiba mais<\/span>\n\t\t\t\t<a class=\"knowMore__link\" href=\"https:\/\/www.suno.com.br\/noticias\/btg-pactual-bpac11-compra-amago\/\">\n\t\t\tBTG Pactual (BPAC11) pode comprar fatia minorit\u00e1ria na \u00c2mago\t\t<\/a>\n\t<\/div>\n\n\n<p>J\u00e1 em rela\u00e7\u00e3o a Rede D&#8217;or e PagSeguro, que estreiam na lista, o BTG v\u00ea boas oportunidades com crescimento consider\u00e1vel e bons resultados a vir.<\/p>\n<p>&#8220;Rede D&#8217;Or \u00e9 uma das estreantes, oferecendo uma combina\u00e7\u00e3o \u00fanica de crescimento consider\u00e1vel impulsionadores e altos retornos em uma ind\u00fastria de crescimento r\u00e1pido e n\u00e3o consolidada. Avalia\u00e7\u00e3o n\u00e3o \u00e9 um barganha, mas \u00e9 justificada por fortes perspectivas de crescimento&#8221;, informou, em nota.<\/p>\n<p>&#8220;Tamb\u00e9m estamos incluindo o PagSeguro (PAGS34). Esperamos que a empresa publique bons resultados no quarto trimestre&#8221;, disse o <strong>BTG Pactual<\/strong>, em nota.<\/p>\n\t<p>\n\t\t<a href=\"https:\/\/lp.suno.com.br\/planilha-de-controle-de-investimentos\/\" target=\"_blank\" data-element=\"shortcode-suno-banner\" title=\"Banner SUNO, clique e saiba mais\">\n\t\t\t<picture>\n\t\t\t\t<source media=\"(max-width: 500px)\" srcset=\"https:\/\/files.sunoresearch.com.br\/n\/uploads\/2023\/03\/400x300-Controle-de-Investimentos.png\">\n\t\t\t\t<img class=\"newsContent__article__imgCapa newsContent__article__imgCapa--banner\"\n\t\t\t\t\tsrc=\"https:\/\/files.sunoresearch.com.br\/n\/uploads\/2023\/03\/1420x240-Controle-de-Investimentos.png\"\n\t\t\t\t\tdata-promo-id=\"75934\"\t\t\t\t\t\t\t\t\t\twidth='1420' height='240'\t\t\t\t\talt=\"https:\/\/files.sunoresearch.com.br\/n\/uploads\/2023\/03\/1420x240-Controle-de-Investimentos.png\"\n\t\t\t\t>\n\t\t\t<\/picture>\n\t\t<\/a>\n\t<\/p>\n\n\n","protected":false},"excerpt":{"rendered":"<p>O BTG Pactual (BPAC11) v\u00ea os mercados globais se recuperando lentamente conforme a vacina\u00e7\u00e3o contra o novo coronav\u00edrus (covid-19) v\u00e1 aumentando no mundo, segundo relat\u00f3rio de fevereiro divulgado nesta segunda-feira (1). BTG Pactual (BPAC11) \u00e9 o case da Occam no &quot;Sextou com o gestor&quot; Al\u00e9m disso, as taxas de juros em patamares historicamente baixos e [&hellip;]<\/p>\n","protected":false},"author":27,"featured_media":116428,"comment_status":"closed","ping_status":"closed","sticky":false,"template":"","format":"standard","meta":[],"categories":[60],"tags":[399,5255,25002],"suno_strategy":[],"class_list":["post-117628","post","type-post","status-publish","format-standard","has-post-thumbnail","hentry","category-mercado","tag-btg-pactual-bpac11-bpac3-bpac5","tag-covid-19","tag-vacina"],"yoast_head":"<!-- This site is optimized with the Yoast SEO plugin v24.4 - https:\/\/yoast.com\/wordpress\/plugins\/seo\/ -->\n<title>BTG Pactual (BPAC11) pensa em recupera\u00e7\u00e3o global para carteira mensal<\/title>\n<meta name=\"description\" content=\"Para BTG Pactual (BPAC11), a\u00e7\u00f5es ligadas as commodities e ao mercado global devem performar melhor em fevereiro. Clique aqui para ler mais.\" \/>\n<meta name=\"robots\" content=\"index, follow, max-snippet:-1, max-image-preview:large, max-video-preview:-1\" \/>\n<link rel=\"canonical\" href=\"https:\/\/www.suno.com.br\/noticias\/btg-pactual-bpac11-aposta-em-recuperacao-global-para-carteira-de-fevereiro\/\" \/>\n<meta property=\"og:locale\" content=\"pt_BR\" \/>\n<meta property=\"og:type\" content=\"article\" \/>\n<meta property=\"og:title\" content=\"BTG Pactual (BPAC11) pensa em recupera\u00e7\u00e3o global para carteira mensal\" \/>\n<meta property=\"og:description\" content=\"Para BTG Pactual (BPAC11), a\u00e7\u00f5es ligadas as commodities e ao mercado global devem performar melhor em fevereiro. Clique aqui para ler mais.\" \/>\n<meta property=\"og:url\" content=\"https:\/\/www.suno.com.br\/noticias\/btg-pactual-bpac11-aposta-em-recuperacao-global-para-carteira-de-fevereiro\/\" \/>\n<meta property=\"og:site_name\" content=\"Suno Not\u00edcias\" \/>\n<meta property=\"article:publisher\" content=\"https:\/\/facebook.com\/sunoresearch\" \/>\n<meta property=\"og:image\" content=\"https:\/\/files.sunoresearch.com.br\/n\/uploads\/2021\/01\/5d9778dc-btg-pactual.jpg\" \/>\n\t<meta property=\"og:image:width\" content=\"634\" \/>\n\t<meta property=\"og:image:height\" content=\"386\" \/>\n\t<meta property=\"og:image:type\" content=\"image\/jpeg\" \/>\n<meta name=\"author\" content=\"Vinicius Pereira\" \/>\n<meta name=\"twitter:card\" content=\"summary_large_image\" \/>\n<meta name=\"twitter:creator\" content=\"@https:\/\/twitter.com\/viniciuspjornal\" \/>\n<meta name=\"twitter:site\" content=\"@sunoresearch\" \/>\n<meta name=\"twitter:label1\" content=\"Escrito por\" \/>\n\t<meta name=\"twitter:data1\" content=\"Vinicius Pereira\" \/>\n\t<meta name=\"twitter:label2\" content=\"Est. tempo de leitura\" \/>\n\t<meta name=\"twitter:data2\" content=\"2 minutos\" \/>\n<script type=\"application\/ld+json\" class=\"yoast-schema-graph\">{\"@context\":\"https:\/\/schema.org\",\"@graph\":[{\"@type\":\"NewsArticle\",\"@id\":\"https:\/\/www.suno.com.br\/noticias\/btg-pactual-bpac11-aposta-em-recuperacao-global-para-carteira-de-fevereiro\/#article\",\"isPartOf\":{\"@id\":\"https:\/\/www.suno.com.br\/noticias\/btg-pactual-bpac11-aposta-em-recuperacao-global-para-carteira-de-fevereiro\/\"},\"author\":{\"name\":\"Vinicius Pereira\",\"@id\":\"https:\/\/www.suno.com.br\/noticias\/#\/schema\/person\/a20761b96e4df7eb57f1f9e41be1dbf3\"},\"headline\":\"BTG Pactual (BPAC11) aposta em recupera\u00e7\u00e3o global para carteira de fevereiro\",\"datePublished\":\"2021-02-01T14:04:00+00:00\",\"dateModified\":\"2021-02-18T01:18:31+00:00\",\"mainEntityOfPage\":{\"@id\":\"https:\/\/www.suno.com.br\/noticias\/btg-pactual-bpac11-aposta-em-recuperacao-global-para-carteira-de-fevereiro\/\"},\"wordCount\":473,\"publisher\":{\"@id\":\"https:\/\/www.suno.com.br\/noticias\/#organization\"},\"image\":{\"@id\":\"https:\/\/www.suno.com.br\/noticias\/btg-pactual-bpac11-aposta-em-recuperacao-global-para-carteira-de-fevereiro\/#primaryimage\"},\"thumbnailUrl\":\"https:\/\/files.sunoresearch.com.br\/n\/uploads\/2021\/01\/5d9778dc-btg-pactual-jpg.webp\",\"keywords\":[\"BTG Pactual (BPAC11\/BPAC3\/BPAC5)\",\"covid-19\",\"vacina\"],\"articleSection\":[\"Mercado\"],\"inLanguage\":\"pt-BR\"},{\"@type\":\"WebPage\",\"@id\":\"https:\/\/www.suno.com.br\/noticias\/btg-pactual-bpac11-aposta-em-recuperacao-global-para-carteira-de-fevereiro\/\",\"url\":\"https:\/\/www.suno.com.br\/noticias\/btg-pactual-bpac11-aposta-em-recuperacao-global-para-carteira-de-fevereiro\/\",\"name\":\"BTG Pactual (BPAC11) pensa em recupera\u00e7\u00e3o global para carteira mensal\",\"isPartOf\":{\"@id\":\"https:\/\/www.suno.com.br\/noticias\/#website\"},\"primaryImageOfPage\":{\"@id\":\"https:\/\/www.suno.com.br\/noticias\/btg-pactual-bpac11-aposta-em-recuperacao-global-para-carteira-de-fevereiro\/#primaryimage\"},\"image\":{\"@id\":\"https:\/\/www.suno.com.br\/noticias\/btg-pactual-bpac11-aposta-em-recuperacao-global-para-carteira-de-fevereiro\/#primaryimage\"},\"thumbnailUrl\":\"https:\/\/files.sunoresearch.com.br\/n\/uploads\/2021\/01\/5d9778dc-btg-pactual-jpg.webp\",\"datePublished\":\"2021-02-01T14:04:00+00:00\",\"dateModified\":\"2021-02-18T01:18:31+00:00\",\"description\":\"Para BTG Pactual (BPAC11), a\u00e7\u00f5es ligadas as commodities e ao mercado global devem performar melhor em fevereiro. Clique aqui para ler mais.\",\"breadcrumb\":{\"@id\":\"https:\/\/www.suno.com.br\/noticias\/btg-pactual-bpac11-aposta-em-recuperacao-global-para-carteira-de-fevereiro\/#breadcrumb\"},\"inLanguage\":\"pt-BR\",\"potentialAction\":[{\"@type\":\"ReadAction\",\"target\":[\"https:\/\/www.suno.com.br\/noticias\/btg-pactual-bpac11-aposta-em-recuperacao-global-para-carteira-de-fevereiro\/\"]}]},{\"@type\":\"ImageObject\",\"inLanguage\":\"pt-BR\",\"@id\":\"https:\/\/www.suno.com.br\/noticias\/btg-pactual-bpac11-aposta-em-recuperacao-global-para-carteira-de-fevereiro\/#primaryimage\",\"url\":\"https:\/\/files.sunoresearch.com.br\/n\/uploads\/2021\/01\/5d9778dc-btg-pactual-jpg.webp\",\"contentUrl\":\"https:\/\/files.sunoresearch.com.br\/n\/uploads\/2021\/01\/5d9778dc-btg-pactual-jpg.webp\",\"width\":634,\"height\":386,\"caption\":\"BTG Pactual (BPAC11) \u00e9 o case da Occam no \\\"Sextou com o gestor\\\"\"},{\"@type\":\"BreadcrumbList\",\"@id\":\"https:\/\/www.suno.com.br\/noticias\/btg-pactual-bpac11-aposta-em-recuperacao-global-para-carteira-de-fevereiro\/#breadcrumb\",\"itemListElement\":[{\"@type\":\"ListItem\",\"position\":1,\"name\":\"Not\u00edcias\",\"item\":\"https:\/\/www.suno.com.br\/noticias\/\"},{\"@type\":\"ListItem\",\"position\":2,\"name\":\"Mercado\",\"item\":\"https:\/\/www.suno.com.br\/noticias\/mercado\/\"},{\"@type\":\"ListItem\",\"position\":3,\"name\":\"BTG Pactual (BPAC11) aposta em recupera\u00e7\u00e3o global para carteira de fevereiro\"}]},{\"@type\":\"WebSite\",\"@id\":\"https:\/\/www.suno.com.br\/noticias\/#website\",\"url\":\"https:\/\/www.suno.com.br\/noticias\/\",\"name\":\"Suno Not\u00edcias\",\"description\":\"Seu portal de informa\u00e7\u00e3o sobre o mundo dos investimentos\",\"publisher\":{\"@id\":\"https:\/\/www.suno.com.br\/noticias\/#organization\"},\"potentialAction\":[{\"@type\":\"SearchAction\",\"target\":{\"@type\":\"EntryPoint\",\"urlTemplate\":\"https:\/\/www.suno.com.br\/noticias\/?s={search_term_string}\"},\"query-input\":{\"@type\":\"PropertyValueSpecification\",\"valueRequired\":true,\"valueName\":\"search_term_string\"}}],\"inLanguage\":\"pt-BR\"},{\"@type\":\"Organization\",\"@id\":\"https:\/\/www.suno.com.br\/noticias\/#organization\",\"name\":\"Suno Not\u00edcias\",\"url\":\"https:\/\/www.suno.com.br\/noticias\/\",\"logo\":{\"@type\":\"ImageObject\",\"inLanguage\":\"pt-BR\",\"@id\":\"https:\/\/www.suno.com.br\/noticias\/#\/schema\/logo\/image\/\",\"url\":\"https:\/\/files.sunoresearch.com.br\/n\/uploads\/2021\/09\/suno-logo.png\",\"contentUrl\":\"https:\/\/files.sunoresearch.com.br\/n\/uploads\/2021\/09\/suno-logo.png\",\"width\":180,\"height\":180,\"caption\":\"Suno Not\u00edcias\"},\"image\":{\"@id\":\"https:\/\/www.suno.com.br\/noticias\/#\/schema\/logo\/image\/\"},\"sameAs\":[\"https:\/\/facebook.com\/sunoresearch\",\"https:\/\/x.com\/sunoresearch\",\"https:\/\/www.instagram.com\/suno\",\"https:\/\/www.linkedin.com\/company\/suno-research\/\",\"https:\/\/www.youtube.com\/c\/sunoresearch\"]},{\"@type\":\"Person\",\"@id\":\"https:\/\/www.suno.com.br\/noticias\/#\/schema\/person\/a20761b96e4df7eb57f1f9e41be1dbf3\",\"name\":\"Vinicius Pereira\",\"image\":{\"@type\":\"ImageObject\",\"inLanguage\":\"pt-BR\",\"@id\":\"https:\/\/www.suno.com.br\/noticias\/#\/schema\/person\/image\/\",\"url\":\"https:\/\/secure.gravatar.com\/avatar\/783866b933198f5cc4c5d03fcc8b1301?s=96&r=g\",\"contentUrl\":\"https:\/\/secure.gravatar.com\/avatar\/783866b933198f5cc4c5d03fcc8b1301?s=96&r=g\",\"caption\":\"Vinicius Pereira\"},\"description\":\"Vinicius Pereira foi rep\u00f3rter de economia da Folha de S.Paulo, stringer do jornal no Canad\u00e1 e colaborador de VEJA. J\u00e1 escreveu tamb\u00e9m para BBC Brasil, The Intercept Brasil e UOL. Tem MBA em Informa\u00e7\u00f5es Econ\u00f4mico-Financeiras e Mercado de Capitais pela FIA\/B3.\",\"sameAs\":[\"https:\/\/x.com\/https:\/\/twitter.com\/viniciuspjornal\"],\"url\":\"https:\/\/www.suno.com.br\/noticias\/author\/vinicius-pereira\/\"}]}<\/script>\n<!-- \/ Yoast SEO plugin. -->","yoast_head_json":{"title":"BTG Pactual (BPAC11) pensa em recupera\u00e7\u00e3o global para carteira mensal","description":"Para BTG Pactual (BPAC11), a\u00e7\u00f5es ligadas as commodities e ao mercado global devem performar melhor em fevereiro. Clique aqui para ler mais.","robots":{"index":"index","follow":"follow","max-snippet":"max-snippet:-1","max-image-preview":"max-image-preview:large","max-video-preview":"max-video-preview:-1"},"canonical":"https:\/\/www.suno.com.br\/noticias\/btg-pactual-bpac11-aposta-em-recuperacao-global-para-carteira-de-fevereiro\/","og_locale":"pt_BR","og_type":"article","og_title":"BTG Pactual (BPAC11) pensa em recupera\u00e7\u00e3o global para carteira mensal","og_description":"Para BTG Pactual (BPAC11), a\u00e7\u00f5es ligadas as commodities e ao mercado global devem performar melhor em fevereiro. Clique aqui para ler mais.","og_url":"https:\/\/www.suno.com.br\/noticias\/btg-pactual-bpac11-aposta-em-recuperacao-global-para-carteira-de-fevereiro\/","og_site_name":"Suno Not\u00edcias","article_publisher":"https:\/\/facebook.com\/sunoresearch","og_image":[{"width":634,"height":386,"url":"https:\/\/files.sunoresearch.com.br\/n\/uploads\/2021\/01\/5d9778dc-btg-pactual.jpg","type":"image\/jpeg"}],"author":"Vinicius Pereira","twitter_card":"summary_large_image","twitter_creator":"@https:\/\/twitter.com\/viniciuspjornal","twitter_site":"@sunoresearch","twitter_misc":{"Escrito por":"Vinicius Pereira","Est. tempo de leitura":"2 minutos"},"schema":{"@context":"https:\/\/schema.org","@graph":[{"@type":"NewsArticle","@id":"https:\/\/www.suno.com.br\/noticias\/btg-pactual-bpac11-aposta-em-recuperacao-global-para-carteira-de-fevereiro\/#article","isPartOf":{"@id":"https:\/\/www.suno.com.br\/noticias\/btg-pactual-bpac11-aposta-em-recuperacao-global-para-carteira-de-fevereiro\/"},"author":{"name":"Vinicius Pereira","@id":"https:\/\/www.suno.com.br\/noticias\/#\/schema\/person\/a20761b96e4df7eb57f1f9e41be1dbf3"},"headline":"BTG Pactual (BPAC11) aposta em recupera\u00e7\u00e3o global para carteira de fevereiro","datePublished":"2021-02-01T14:04:00+00:00","dateModified":"2021-02-18T01:18:31+00:00","mainEntityOfPage":{"@id":"https:\/\/www.suno.com.br\/noticias\/btg-pactual-bpac11-aposta-em-recuperacao-global-para-carteira-de-fevereiro\/"},"wordCount":473,"publisher":{"@id":"https:\/\/www.suno.com.br\/noticias\/#organization"},"image":{"@id":"https:\/\/www.suno.com.br\/noticias\/btg-pactual-bpac11-aposta-em-recuperacao-global-para-carteira-de-fevereiro\/#primaryimage"},"thumbnailUrl":"https:\/\/files.sunoresearch.com.br\/n\/uploads\/2021\/01\/5d9778dc-btg-pactual-jpg.webp","keywords":["BTG Pactual (BPAC11\/BPAC3\/BPAC5)","covid-19","vacina"],"articleSection":["Mercado"],"inLanguage":"pt-BR"},{"@type":"WebPage","@id":"https:\/\/www.suno.com.br\/noticias\/btg-pactual-bpac11-aposta-em-recuperacao-global-para-carteira-de-fevereiro\/","url":"https:\/\/www.suno.com.br\/noticias\/btg-pactual-bpac11-aposta-em-recuperacao-global-para-carteira-de-fevereiro\/","name":"BTG Pactual (BPAC11) pensa em recupera\u00e7\u00e3o global para carteira mensal","isPartOf":{"@id":"https:\/\/www.suno.com.br\/noticias\/#website"},"primaryImageOfPage":{"@id":"https:\/\/www.suno.com.br\/noticias\/btg-pactual-bpac11-aposta-em-recuperacao-global-para-carteira-de-fevereiro\/#primaryimage"},"image":{"@id":"https:\/\/www.suno.com.br\/noticias\/btg-pactual-bpac11-aposta-em-recuperacao-global-para-carteira-de-fevereiro\/#primaryimage"},"thumbnailUrl":"https:\/\/files.sunoresearch.com.br\/n\/uploads\/2021\/01\/5d9778dc-btg-pactual-jpg.webp","datePublished":"2021-02-01T14:04:00+00:00","dateModified":"2021-02-18T01:18:31+00:00","description":"Para BTG Pactual (BPAC11), a\u00e7\u00f5es ligadas as commodities e ao mercado global devem performar melhor em fevereiro. Clique aqui para ler mais.","breadcrumb":{"@id":"https:\/\/www.suno.com.br\/noticias\/btg-pactual-bpac11-aposta-em-recuperacao-global-para-carteira-de-fevereiro\/#breadcrumb"},"inLanguage":"pt-BR","potentialAction":[{"@type":"ReadAction","target":["https:\/\/www.suno.com.br\/noticias\/btg-pactual-bpac11-aposta-em-recuperacao-global-para-carteira-de-fevereiro\/"]}]},{"@type":"ImageObject","inLanguage":"pt-BR","@id":"https:\/\/www.suno.com.br\/noticias\/btg-pactual-bpac11-aposta-em-recuperacao-global-para-carteira-de-fevereiro\/#primaryimage","url":"https:\/\/files.sunoresearch.com.br\/n\/uploads\/2021\/01\/5d9778dc-btg-pactual-jpg.webp","contentUrl":"https:\/\/files.sunoresearch.com.br\/n\/uploads\/2021\/01\/5d9778dc-btg-pactual-jpg.webp","width":634,"height":386,"caption":"BTG Pactual (BPAC11) \u00e9 o case da Occam no \"Sextou com o gestor\""},{"@type":"BreadcrumbList","@id":"https:\/\/www.suno.com.br\/noticias\/btg-pactual-bpac11-aposta-em-recuperacao-global-para-carteira-de-fevereiro\/#breadcrumb","itemListElement":[{"@type":"ListItem","position":1,"name":"Not\u00edcias","item":"https:\/\/www.suno.com.br\/noticias\/"},{"@type":"ListItem","position":2,"name":"Mercado","item":"https:\/\/www.suno.com.br\/noticias\/mercado\/"},{"@type":"ListItem","position":3,"name":"BTG Pactual (BPAC11) aposta em recupera\u00e7\u00e3o global para carteira de fevereiro"}]},{"@type":"WebSite","@id":"https:\/\/www.suno.com.br\/noticias\/#website","url":"https:\/\/www.suno.com.br\/noticias\/","name":"Suno Not\u00edcias","description":"Seu portal de informa\u00e7\u00e3o sobre o mundo dos investimentos","publisher":{"@id":"https:\/\/www.suno.com.br\/noticias\/#organization"},"potentialAction":[{"@type":"SearchAction","target":{"@type":"EntryPoint","urlTemplate":"https:\/\/www.suno.com.br\/noticias\/?s={search_term_string}"},"query-input":{"@type":"PropertyValueSpecification","valueRequired":true,"valueName":"search_term_string"}}],"inLanguage":"pt-BR"},{"@type":"Organization","@id":"https:\/\/www.suno.com.br\/noticias\/#organization","name":"Suno Not\u00edcias","url":"https:\/\/www.suno.com.br\/noticias\/","logo":{"@type":"ImageObject","inLanguage":"pt-BR","@id":"https:\/\/www.suno.com.br\/noticias\/#\/schema\/logo\/image\/","url":"https:\/\/files.sunoresearch.com.br\/n\/uploads\/2021\/09\/suno-logo.png","contentUrl":"https:\/\/files.sunoresearch.com.br\/n\/uploads\/2021\/09\/suno-logo.png","width":180,"height":180,"caption":"Suno Not\u00edcias"},"image":{"@id":"https:\/\/www.suno.com.br\/noticias\/#\/schema\/logo\/image\/"},"sameAs":["https:\/\/facebook.com\/sunoresearch","https:\/\/x.com\/sunoresearch","https:\/\/www.instagram.com\/suno","https:\/\/www.linkedin.com\/company\/suno-research\/","https:\/\/www.youtube.com\/c\/sunoresearch"]},{"@type":"Person","@id":"https:\/\/www.suno.com.br\/noticias\/#\/schema\/person\/a20761b96e4df7eb57f1f9e41be1dbf3","name":"Vinicius Pereira","image":{"@type":"ImageObject","inLanguage":"pt-BR","@id":"https:\/\/www.suno.com.br\/noticias\/#\/schema\/person\/image\/","url":"https:\/\/secure.gravatar.com\/avatar\/783866b933198f5cc4c5d03fcc8b1301?s=96&r=g","contentUrl":"https:\/\/secure.gravatar.com\/avatar\/783866b933198f5cc4c5d03fcc8b1301?s=96&r=g","caption":"Vinicius Pereira"},"description":"Vinicius Pereira foi rep\u00f3rter de economia da Folha de S.Paulo, stringer do jornal no Canad\u00e1 e colaborador de VEJA. J\u00e1 escreveu tamb\u00e9m para BBC Brasil, The Intercept Brasil e UOL. Tem MBA em Informa\u00e7\u00f5es Econ\u00f4mico-Financeiras e Mercado de Capitais pela FIA\/B3.","sameAs":["https:\/\/x.com\/https:\/\/twitter.com\/viniciuspjornal"],"url":"https:\/\/www.suno.com.br\/noticias\/author\/vinicius-pereira\/"}]}},"default_loop_html":"<div class=\"cardsPage__listCard__boxs\"><div class=\"cardsPage__listCard__boxs__img\"><a href=\"https:\/\/www.suno.com.br\/noticias\/btg-pactual-bpac11-aposta-em-recuperacao-global-para-carteira-de-fevereiro\/\"><img class=\"mask\" src=\"https:\/\/www.suno.com.br\/noticias\/wp-content\/themes\/suno\/resources\/images\/spotlight\/spotlight1img\/bg-mask.png\" alt=\"Image Mask\"\/><img src=\"https:\/\/files.sunoresearch.com.br\/n\/uploads\/2021\/01\/5d9778dc-btg-pactual-400x200.webp\" alt=\"BTG Pactual (BPAC11) aposta em recupera\u00e7\u00e3o global para carteira de fevereiro\"\/><\/a><span class=\"spotlightCategory\"><a href=\"https:\/\/www.suno.com.br\/noticias\/mercado\/\">Mercado<\/a><\/span><\/div><div class=\"cardsPage__listCard__boxs__content\"><a href=\"https:\/\/www.suno.com.br\/noticias\/btg-pactual-bpac11-aposta-em-recuperacao-global-para-carteira-de-fevereiro\/\"><h2 class=\"content__title\">BTG Pactual (BPAC11) aposta em recupera\u00e7\u00e3o global para carteira de fevereiro<\/h2><\/a><div class=\"newsContent__article__meta\"><div class=\"newsContent__article__meta__authorBox\"><a href=\"https:\/\/www.suno.com.br\/noticias\/author\/vinicius-pereira\/\" class=\"authorBox__avatar noMobi\"><img src=\"https:\/\/files.sunoresearch.com.br\/n\/uploads\/2020\/08\/77510613-whatsapp-image-2020-08-03-at-13.40.40-150x150.webp\" alt=\"Vinicius Pereira\"><\/a><div class=\"authorBox__name\"><span>por\n\t\t\t<a href=\"https:\/\/www.suno.com.br\/noticias\/author\/vinicius-pereira\/\"><span itemprop=\"author\">Vinicius Pereira<\/span><\/a><\/span><time datetime=\"2021-02-01T11:04:00-03:00\" itemprop=\"datePublished\">01\/02\/2021 11:04<\/time><\/div><\/div><\/div><\/div><\/div>","single_layout":"posts","amp_enabled":true,"_links":{"self":[{"href":"https:\/\/www.suno.com.br\/noticias\/wp-json\/wp\/v2\/posts\/117628"}],"collection":[{"href":"https:\/\/www.suno.com.br\/noticias\/wp-json\/wp\/v2\/posts"}],"about":[{"href":"https:\/\/www.suno.com.br\/noticias\/wp-json\/wp\/v2\/types\/post"}],"author":[{"embeddable":true,"href":"https:\/\/www.suno.com.br\/noticias\/wp-json\/wp\/v2\/users\/27"}],"replies":[{"embeddable":true,"href":"https:\/\/www.suno.com.br\/noticias\/wp-json\/wp\/v2\/comments?post=117628"}],"version-history":[{"count":0,"href":"https:\/\/www.suno.com.br\/noticias\/wp-json\/wp\/v2\/posts\/117628\/revisions"}],"wp:featuredmedia":[{"embeddable":true,"href":"https:\/\/www.suno.com.br\/noticias\/wp-json\/wp\/v2\/media\/116428"}],"wp:attachment":[{"href":"https:\/\/www.suno.com.br\/noticias\/wp-json\/wp\/v2\/media?parent=117628"}],"wp:term":[{"taxonomy":"category","embeddable":true,"href":"https:\/\/www.suno.com.br\/noticias\/wp-json\/wp\/v2\/categories?post=117628"},{"taxonomy":"post_tag","embeddable":true,"href":"https:\/\/www.suno.com.br\/noticias\/wp-json\/wp\/v2\/tags?post=117628"},{"taxonomy":"suno_strategy","embeddable":true,"href":"https:\/\/www.suno.com.br\/noticias\/wp-json\/wp\/v2\/suno_strategy?post=117628"}],"curies":[{"name":"wp","href":"https:\/\/api.w.org\/{rel}","templated":true}]}}