{"id":117505,"date":"2021-01-31T13:31:04","date_gmt":"2021-01-31T16:31:04","guid":{"rendered":"https:\/\/www.suno.com.br\/noticias\/?p=117505"},"modified":"2021-01-31T16:53:47","modified_gmt":"2021-01-31T19:53:47","slug":"pib-atraso-em-vacinacao-deve-retirar-pelo-menos-r-150-bilhoes","status":"publish","type":"post","link":"https:\/\/www.suno.com.br\/noticias\/pib-atraso-em-vacinacao-deve-retirar-pelo-menos-r-150-bilhoes\/","title":{"rendered":"PIB: atraso em vacina\u00e7\u00e3o deve retirar pelo menos R$ 150 bilh\u00f5es"},"content":{"rendered":"<p>A lentid\u00e3o e a desorganiza\u00e7\u00e3o no programa nacional de vacina\u00e7\u00e3o contra a covid-19 v\u00e3o retirar pelo menos dois pontos porcentuais do <a href=\"https:\/\/www.suno.com.br\/artigos\/pib-produto-interno-bruto\/\"><strong>PIB<\/strong> (Produto Interno Bruto)<\/a> do Pa\u00eds em 2021. Segundo c\u00e1lculos do economista Br\u00e1ulio Borges, da consultoria LCA, caso 70% dos brasileiros fossem vacinados at\u00e9 agosto, a economia cresceria 5,5% neste ano. Se a vacina\u00e7\u00e3o atingir esse patamar apenas em dezembro &#8211; hip\u00f3tese que hoje j\u00e1 \u00e9 considerada otimista -, o crescimento do PIB deve ficar entre 3% e 3,5%. Nesse cen\u00e1rio, o Pa\u00eds deixar\u00e1 de movimentar R$ 150 bilh\u00f5es.<\/p>\t<div class=\"wrapper-featured-image\">\n\t\t<figure class=\"spotlightImg\">\n\n\t\t\t<picture>\n\t\t\t\t<source media=\"(max-width: 768px)\" srcset=\"https:\/\/files.sunoresearch.com.br\/n\/uploads\/2021\/01\/30dfc0f4-dividapublica-400x200.webp\">\n\t\t\t\t<img loading=\"lazy\" decoding=\"async\" class=\"newsContent__article__imgCapa lazyloadDisabled \" src=\"https:\/\/files.sunoresearch.com.br\/n\/uploads\/2021\/01\/30dfc0f4-dividapublica-800x450.webp\" width=\"800\" height=\"450\" alt=\"PIB: atraso em vacina\u00e7\u00e3o deve retirar pelo menos R$ 150 bilh\u00f5es\" fetchpriority=high \/>\n\t\t\t<\/picture>\n\n\t\t\t<figcaption class=\"wp-caption-text wp-caption-text--show\">Foto: Pixabay<\/figcaption>\n\t\t<\/figure>\n\t<\/div>\n\n\n\t<p>\n\t\t<a href=\"https:\/\/lp.suno.com.br\/planilha-controle-gastos\/\" target=\"_blank\" data-element=\"shortcode-suno-banner\" title=\"Banner SUNO, clique e saiba mais\">\n\t\t\t<picture>\n\t\t\t\t<source media=\"(max-width: 500px)\" srcset=\"https:\/\/files.sunoresearch.com.br\/n\/uploads\/2023\/03\/400x300-Planilha-controle-de-gastos.png\">\n\t\t\t\t<img class=\"newsContent__article__imgCapa newsContent__article__imgCapa--banner\"\n\t\t\t\t\tsrc=\"https:\/\/files.sunoresearch.com.br\/n\/uploads\/2023\/03\/1420x240-Planilha-controle-de-gastos.png\"\n\t\t\t\t\tdata-promo-id=\"101751\"\t\t\t\t\t\t\t\t\t\twidth='1420' height='240'\t\t\t\t\talt=\"https:\/\/files.sunoresearch.com.br\/n\/uploads\/2023\/03\/1420x240-Planilha-controle-de-gastos.png\"\n\t\t\t\t>\n\t\t\t<\/picture>\n\t\t<\/a>\n\t<\/p>\n\n\n<p>Borges tamb\u00e9m tra\u00e7ou uma hip\u00f3tese otimista: estimando o impacto de uma vacina\u00e7\u00e3o mais \u00e1gil na economia, em um ritmo semelhante ao de Israel &#8211; pa\u00eds mais avan\u00e7ado na imuniza\u00e7\u00e3o. Nesse cen\u00e1rio, 70% seriam vacinados at\u00e9 junho, permitindo que as medidas de distanciamento social fossem relaxadas e garantindo o retorno de atividades em que h\u00e1 aglomera\u00e7\u00e3o. O PIB poderia, nesse caso, avan\u00e7ar 7,5%, um incremento de R$ 260 bilh\u00f5es.<\/p>\n<p>O crescimento de 3% a 3,5% esperado para a economia no pior dos cen\u00e1rios (com a maior parte da popula\u00e7\u00e3o vacinada at\u00e9 o fim do ano) pode parecer positivo, dado que a \u00faltima vez que o Pa\u00eds avan\u00e7ou 3% foi em 2013. Na pr\u00e1tica, por\u00e9m, significar\u00e1 que a economia passou o ano todo estagnada. Isso decorre do que os economistas chamam de &#8220;carrego estat\u00edstico&#8221; &#8211; quando a base de compara\u00e7\u00e3o \u00e9 baixa (o resultado m\u00e9dio do PIB em 2020), mas o ponto de partida \u00e9 elevado por conta da recupera\u00e7\u00e3o ao longo do \u00faltimo semestre do ano.<\/p>\n<p><a href=\"https:\/\/lp.suno.com.br\/suno-one\/\"><span style=\"font-weight: 400;\">Suno One: acesse gratuitamente eBooks, Minicursos, Artigos e Video Aulas sobre investimentos com um \u00fanico cadastro. Clique para saber mais!<\/span><\/a><\/p>\n<p>A alta de 3,5% tamb\u00e9m significar\u00e1 que o Pa\u00eds ter\u00e1, no fim de 2021, um PIB 1% abaixo do registrado em 2019. A economia per capita ter\u00e1 um resultado ainda mais negativo: 2,5% inferior ao de 2019. &#8220;Esses c\u00e1lculos s\u00e3o um exerc\u00edcio simplificado que mostra como podemos ter um crescimento econ\u00f4mico se andarmos mais r\u00e1pido com a vacina\u00e7\u00e3o, o que hoje parece uma realidade bem distante&#8221;, afirma Borges.<\/p>\n<p>Por enquanto, a LCA projeta que o PIB ficar\u00e1 nos 3,5% neste ano. Mas Borges reconhece que talvez a realidade &#8220;seja ainda pior que esse cen\u00e1rio ruim&#8221;.<\/p>\n<p>A Tend\u00eancias Consultoria \u00e9 mais pessimista e estima um PIB de 2,9%. &#8220;Nossa proje\u00e7\u00e3o \u00e9 cautelosa porque j\u00e1 t\u00ednhamos uma preocupa\u00e7\u00e3o com o quadro pand\u00eamico e n\u00e3o t\u00ednhamos a perspectiva de que haveria um movimento de vacina\u00e7\u00e3o afetando parte relevante da popula\u00e7\u00e3o no primeiro semestre. Outra preocupa\u00e7\u00e3o \u00e9 com a situa\u00e7\u00e3o fiscal&#8221;, diz a economistachefe da consultoria, Alessandra Ribeiro.<\/p>\n<p>O economista-chefe da Austin Rating, Alex Agostini, afirma que h\u00e1 inclusive um risco de o Brasil ter sua classifica\u00e7\u00e3o de risco novamente rebaixada por causa do atraso na imuniza\u00e7\u00e3o. &#8220;H\u00e1 um risco indireto porque, \u00e0 medida que n\u00e3o temos uma vacina\u00e7\u00e3o em massa, a confian\u00e7a dos agentes econ\u00f4micos cai. As pessoas tamb\u00e9m ficam mais em casa e isso afeta um componente que \u00e9 analisado para determinar o risco, que \u00e9 o PIB.&#8221;<\/p>\n<p>A economista Zeina Latif alerta que a perda de doses de vacinas, como tem sido verificado em algumas cidades por problemas t\u00e9cnicos, e a efic\u00e1cia de 50% da Coronavac fazem com que seja mais dif\u00edcil atingir a imunidade de rebanho. &#8220;Esse fator de incerteza vai pesar em 2021. Ainda vamos passar um bom tempo com limita\u00e7\u00f5es para a atividade econ\u00f4mica. E o setor de servi\u00e7os \u00e9 o mais impactado pela pandemia, al\u00e9m de ser o que tem maior peso no PIB. Acho dif\u00edcil a gente n\u00e3o ter decep\u00e7\u00f5es com a economia.&#8221;<\/p>\n<p>Segundo estimativa do Minist\u00e9rio da Sa\u00fade, a vacina\u00e7\u00e3o deve levar &#8220;at\u00e9 12 meses ap\u00f3s a fase inicial&#8221;. Isso, no entanto, depender\u00e1 &#8220;do quantitativo de vacinas disponibilizadas para uso&#8221;.<\/p>\n<p>A epidemiologista Carla Domingues, que coordenou o Programa Nacional de Imuniza\u00e7\u00f5es por oito anos, lembra, por\u00e9m, que j\u00e1 houve atrasos no recebimento das primeiras doses de imunizante e que n\u00e3o \u00e9 poss\u00edvel ter certeza de que o prazo ser\u00e1 cumprido. &#8220;Mesmo quem comprou as vacinas antecipadamente est\u00e1 com problema (para receb\u00ea-las). Imagina quem n\u00e3o comprou. Esse vai para o fim da fila, porque a demanda mundial \u00e9 muito grande.&#8221;<\/p>\n<h2><b>Falta de sincronia na imuniza\u00e7\u00e3o afetar\u00e1 PIB global<\/b><\/h2>\n<p>Se os pa\u00edses emergentes n\u00e3o tiverem acesso \u00e0s vacinas contra covid-19, o mundo todo pode perder US$ 9,2 trilh\u00f5es em decorr\u00eancia do desaquecimento do com\u00e9rcio internacional e de rupturas nas cadeias de produ\u00e7\u00e3o, de acordo com levantamento da C\u00e2mara Internacional do Com\u00e9rcio (ICC), principal organiza\u00e7\u00e3o privada do mundo a promover o com\u00e9rcio internacional. Pa\u00edses ricos com economias mais abertas e muito conectadas com outros mercados, como B\u00e9lgica e Fran\u00e7a, estariam entre os mais afetados.<\/p>\n<p>&#8220;Existe uma corrida para conseguir se vacinar e n\u00e3o h\u00e1 preocupa\u00e7\u00e3o para olhar a vacina\u00e7\u00e3o de forma coordenada no mundo. Isso vai custar tamb\u00e9m para os pa\u00edses ricos. \u00c9 importante para a retomada global que a vacina\u00e7\u00e3o ocorra de forma mais equilibrada entre os pa\u00edses&#8221;, diz a diretora executiva do ICC Brasil, Gabriella Dorlhiac.<\/p>\n<p>Um projeto liderado pela Organiza\u00e7\u00e3o Mundial da Sa\u00fade, pela Comiss\u00e3o Europeia, pela Fran\u00e7a e pela Funda\u00e7\u00e3o Bill &amp; Melinda Gates aponta que s\u00e3o necess\u00e1rios US$ 38 bilh\u00f5es para prevenir e tratar de pacientes com covid globalmente. &#8220;Falta levantar US$ 27 bilh\u00f5es para conseguir as doses de vacinas necess\u00e1rias para os pa\u00edses menos desenvolvidos. Isso n\u00e3o \u00e9 nada em compara\u00e7\u00e3o ao custo que os pa\u00edses mais ricos ter\u00e3o em perdas de com\u00e9rcio&#8221;, acrescenta Gabriella.<\/p>\n<p>Perda local. O Brasil tamb\u00e9m sofrer\u00e1 com a falta de coordena\u00e7\u00e3o internacional nos programas de imuniza\u00e7\u00e3o. Segundo o estudo do ICC, o Pa\u00eds pode perder at\u00e9 12% do Produto Interno Bruto (PIB) caso outros emergentes vacinem suas popula\u00e7\u00f5es de forma muito gradual e suas atividades n\u00e3o possam ser completamente retomadas neste ano.<\/p>\n<p>A pesquisa considera um cen\u00e1rio em que apenas 50% da popula\u00e7\u00e3o dos emergentes ser\u00e1 vacinada at\u00e9 o fim de 2021, enquanto, nos pa\u00edses ricos, todos ser\u00e3o imunizados no come\u00e7o deste ano. Tamb\u00e9m parte do pressuposto de que as economias s\u00e3o conectadas e de que, no caso em que o Brasil pode perder at\u00e9 12% do PIB, o Pa\u00eds n\u00e3o conseguiria substituir importa\u00e7\u00f5es ou exporta\u00e7\u00f5es.<\/p>\n<p>O ICC Brasil estimou ainda um cen\u00e1rio mais delicado, em que os emergentes n\u00e3o conseguem vacinar nem 50% de suas popula\u00e7\u00f5es e que, para controlar a pandemia, precisam manter as medidas de distanciamento social durante todo o ano. Nesse caso, a perda no PIB chegaria a 18,3%.<\/p>\n<p>Para o economista Br\u00e1ulio Borges, da consultoria LCA, al\u00e9m de o Pa\u00eds perder com essas eventuais rupturas nas cadeias produtivas e no com\u00e9rcio internacional, tamb\u00e9m pode ter preju\u00edzo porque os investidores devem correr para os mercados ricos, onde a vacina\u00e7\u00e3o avan\u00e7a mais rapidamente.<\/p>\n<p>&#8220;Ajudaria o Brasil se a vacina\u00e7\u00e3o global fosse sincronizada. Com essa falta de sincronia, os EUA podem crescer muito e atrair mais capital. Isso mant\u00e9m nosso c\u00e2mbio depreciado, o que leva o Banco Central a subir a taxa b\u00e1sica de juros. Os investimentos ficam mais caros&#8221;, diz Borges.<\/p>\n<p><b>Mendon\u00e7a de Barros: &#8216;N\u00e3o h\u00e1 recupera\u00e7\u00e3o sem vacina\u00e7\u00e3o&#8217;<\/b><\/p>\n<p>O aumento de casos de covid19 e a perspectiva de que a oferta de doses de vacina ser\u00e1 intermitente s\u00e3o sinais de que a economia n\u00e3o se fortalecer\u00e1 neste primeiro semestre. Na avalia\u00e7\u00e3o do economista Jos\u00e9 Roberto Mendon\u00e7a de Barros, s\u00f3cio da consultoria MB Associados, a economia est\u00e1 mais debilitada do que se esperava e, diante desse cen\u00e1rio, a falta de imunizantes \u00e9 ainda mais preocupante. &#8220;N\u00e3o tem como ter recupera\u00e7\u00e3o sustentada se n\u00e3o for precedida de vacina\u00e7\u00e3o em massa que permita reduzir o distanciamento social para sempre&#8221;, diz.<\/p>\n<p>A MB projeta um crescimento de 2,6% para o PIB &#8211; &#8220;um resultado muito fraco depois do que passamos no ano passado&#8221;, diz Mendon\u00e7a de Barros.<\/p>\n<p>Por enquanto, por\u00e9m, nem esse desempenho p\u00edfio do <strong>PIB<\/strong> est\u00e1 garantido. &#8220;Olha a situa\u00e7\u00e3o limite de Manaus. Mesmo n\u00e3o querendo, foi preciso um lockdown. S\u00e3o Paulo tamb\u00e9m voltou com restri\u00e7\u00f5es maiores.&#8221;<\/p>\n\t<p>\n\t\t<a href=\"https:\/\/lp.suno.com.br\/planilha-de-controle-de-investimentos\/\" target=\"_blank\" data-element=\"shortcode-suno-banner\" title=\"Banner SUNO, clique e saiba mais\">\n\t\t\t<picture>\n\t\t\t\t<source media=\"(max-width: 500px)\" srcset=\"https:\/\/files.sunoresearch.com.br\/n\/uploads\/2023\/03\/400x300-Controle-de-Investimentos.png\">\n\t\t\t\t<img class=\"newsContent__article__imgCapa newsContent__article__imgCapa--banner\"\n\t\t\t\t\tsrc=\"https:\/\/files.sunoresearch.com.br\/n\/uploads\/2023\/03\/1420x240-Controle-de-Investimentos.png\"\n\t\t\t\t\tdata-promo-id=\"75934\"\t\t\t\t\t\t\t\t\t\twidth='1420' height='240'\t\t\t\t\talt=\"https:\/\/files.sunoresearch.com.br\/n\/uploads\/2023\/03\/1420x240-Controle-de-Investimentos.png\"\n\t\t\t\t>\n\t\t\t<\/picture>\n\t\t<\/a>\n\t<\/p>\n\n\n","protected":false},"excerpt":{"rendered":"<p>A lentid\u00e3o e a desorganiza\u00e7\u00e3o no programa nacional de vacina\u00e7\u00e3o contra a covid-19 v\u00e3o retirar pelo menos dois pontos porcentuais do PIB (Produto Interno Bruto) do Pa\u00eds em 2021. Segundo c\u00e1lculos do economista Br\u00e1ulio Borges, da consultoria LCA, caso 70% dos brasileiros fossem vacinados at\u00e9 agosto, a economia cresceria 5,5% neste ano. Se a vacina\u00e7\u00e3o [&hellip;]<\/p>\n","protected":false},"author":27,"featured_media":117154,"comment_status":"closed","ping_status":"closed","sticky":false,"template":"","format":"standard","meta":[],"categories":[62],"tags":[2487,807,25002],"suno_strategy":[],"class_list":["post-117505","post","type-post","status-publish","format-standard","has-post-thumbnail","hentry","category-economia","tag-coronavirus","tag-produto-interno-bruto-pib","tag-vacina"],"yoast_head":"<!-- This site is optimized with the Yoast SEO plugin v24.4 - https:\/\/yoast.com\/wordpress\/plugins\/seo\/ -->\n<title>PIB: atraso em vacina\u00e7\u00e3o deve retirar pelo menos R$ 150 bilh\u00f5es<\/title>\n<meta name=\"description\" content=\"O PIB brasileiro deve ser afetado pelo atraso da vacina\u00e7\u00e3o no governo de Jair Bolsonaro (sem partido). Clique aqui pra ler mais sobre.\" \/>\n<meta name=\"robots\" content=\"index, follow, max-snippet:-1, max-image-preview:large, max-video-preview:-1\" \/>\n<link rel=\"canonical\" href=\"https:\/\/www.suno.com.br\/noticias\/pib-atraso-em-vacinacao-deve-retirar-pelo-menos-r-150-bilhoes\/\" \/>\n<meta property=\"og:locale\" content=\"pt_BR\" \/>\n<meta property=\"og:type\" content=\"article\" \/>\n<meta property=\"og:title\" content=\"PIB: atraso em vacina\u00e7\u00e3o deve retirar pelo menos R$ 150 bilh\u00f5es\" \/>\n<meta property=\"og:description\" content=\"O PIB brasileiro deve ser afetado pelo atraso da vacina\u00e7\u00e3o no governo de Jair Bolsonaro (sem partido). Clique aqui pra ler mais sobre.\" \/>\n<meta property=\"og:url\" content=\"https:\/\/www.suno.com.br\/noticias\/pib-atraso-em-vacinacao-deve-retirar-pelo-menos-r-150-bilhoes\/\" \/>\n<meta property=\"og:site_name\" content=\"Suno Not\u00edcias\" \/>\n<meta property=\"article:publisher\" content=\"https:\/\/facebook.com\/sunoresearch\" \/>\n<meta property=\"og:image\" content=\"https:\/\/files.sunoresearch.com.br\/n\/uploads\/2021\/01\/30dfc0f4-dividapublica.jpg\" \/>\n\t<meta property=\"og:image:width\" content=\"1024\" \/>\n\t<meta property=\"og:image:height\" content=\"683\" \/>\n\t<meta property=\"og:image:type\" content=\"image\/jpeg\" \/>\n<meta name=\"author\" content=\"Vinicius Pereira\" \/>\n<meta name=\"twitter:card\" content=\"summary_large_image\" \/>\n<meta name=\"twitter:creator\" content=\"@https:\/\/twitter.com\/viniciuspjornal\" \/>\n<meta name=\"twitter:site\" content=\"@sunoresearch\" \/>\n<meta name=\"twitter:label1\" content=\"Escrito por\" \/>\n\t<meta name=\"twitter:data1\" content=\"Vinicius Pereira\" \/>\n\t<meta name=\"twitter:label2\" content=\"Est. tempo de leitura\" \/>\n\t<meta name=\"twitter:data2\" content=\"7 minutos\" \/>\n<script type=\"application\/ld+json\" class=\"yoast-schema-graph\">{\"@context\":\"https:\/\/schema.org\",\"@graph\":[{\"@type\":\"NewsArticle\",\"@id\":\"https:\/\/www.suno.com.br\/noticias\/pib-atraso-em-vacinacao-deve-retirar-pelo-menos-r-150-bilhoes\/#article\",\"isPartOf\":{\"@id\":\"https:\/\/www.suno.com.br\/noticias\/pib-atraso-em-vacinacao-deve-retirar-pelo-menos-r-150-bilhoes\/\"},\"author\":{\"name\":\"Vinicius Pereira\",\"@id\":\"https:\/\/www.suno.com.br\/noticias\/#\/schema\/person\/a20761b96e4df7eb57f1f9e41be1dbf3\"},\"headline\":\"PIB: atraso em vacina\u00e7\u00e3o deve retirar pelo menos R$ 150 bilh\u00f5es\",\"datePublished\":\"2021-01-31T16:31:04+00:00\",\"dateModified\":\"2021-01-31T19:53:47+00:00\",\"mainEntityOfPage\":{\"@id\":\"https:\/\/www.suno.com.br\/noticias\/pib-atraso-em-vacinacao-deve-retirar-pelo-menos-r-150-bilhoes\/\"},\"wordCount\":1445,\"publisher\":{\"@id\":\"https:\/\/www.suno.com.br\/noticias\/#organization\"},\"image\":{\"@id\":\"https:\/\/www.suno.com.br\/noticias\/pib-atraso-em-vacinacao-deve-retirar-pelo-menos-r-150-bilhoes\/#primaryimage\"},\"thumbnailUrl\":\"https:\/\/files.sunoresearch.com.br\/n\/uploads\/2021\/01\/30dfc0f4-dividapublica-jpg.webp\",\"keywords\":[\"coronav\u00edrus\",\"Produto Interno Bruto (PIB)\",\"vacina\"],\"articleSection\":[\"Economia\"],\"inLanguage\":\"pt-BR\"},{\"@type\":\"WebPage\",\"@id\":\"https:\/\/www.suno.com.br\/noticias\/pib-atraso-em-vacinacao-deve-retirar-pelo-menos-r-150-bilhoes\/\",\"url\":\"https:\/\/www.suno.com.br\/noticias\/pib-atraso-em-vacinacao-deve-retirar-pelo-menos-r-150-bilhoes\/\",\"name\":\"PIB: atraso em vacina\u00e7\u00e3o deve retirar pelo menos R$ 150 bilh\u00f5es\",\"isPartOf\":{\"@id\":\"https:\/\/www.suno.com.br\/noticias\/#website\"},\"primaryImageOfPage\":{\"@id\":\"https:\/\/www.suno.com.br\/noticias\/pib-atraso-em-vacinacao-deve-retirar-pelo-menos-r-150-bilhoes\/#primaryimage\"},\"image\":{\"@id\":\"https:\/\/www.suno.com.br\/noticias\/pib-atraso-em-vacinacao-deve-retirar-pelo-menos-r-150-bilhoes\/#primaryimage\"},\"thumbnailUrl\":\"https:\/\/files.sunoresearch.com.br\/n\/uploads\/2021\/01\/30dfc0f4-dividapublica-jpg.webp\",\"datePublished\":\"2021-01-31T16:31:04+00:00\",\"dateModified\":\"2021-01-31T19:53:47+00:00\",\"description\":\"O PIB brasileiro deve ser afetado pelo atraso da vacina\u00e7\u00e3o no governo de Jair Bolsonaro (sem partido). Clique aqui pra ler mais sobre.\",\"breadcrumb\":{\"@id\":\"https:\/\/www.suno.com.br\/noticias\/pib-atraso-em-vacinacao-deve-retirar-pelo-menos-r-150-bilhoes\/#breadcrumb\"},\"inLanguage\":\"pt-BR\",\"potentialAction\":[{\"@type\":\"ReadAction\",\"target\":[\"https:\/\/www.suno.com.br\/noticias\/pib-atraso-em-vacinacao-deve-retirar-pelo-menos-r-150-bilhoes\/\"]}]},{\"@type\":\"ImageObject\",\"inLanguage\":\"pt-BR\",\"@id\":\"https:\/\/www.suno.com.br\/noticias\/pib-atraso-em-vacinacao-deve-retirar-pelo-menos-r-150-bilhoes\/#primaryimage\",\"url\":\"https:\/\/files.sunoresearch.com.br\/n\/uploads\/2021\/01\/30dfc0f4-dividapublica-jpg.webp\",\"contentUrl\":\"https:\/\/files.sunoresearch.com.br\/n\/uploads\/2021\/01\/30dfc0f4-dividapublica-jpg.webp\",\"width\":1024,\"height\":683,\"caption\":\"Foto: Pixabay\"},{\"@type\":\"BreadcrumbList\",\"@id\":\"https:\/\/www.suno.com.br\/noticias\/pib-atraso-em-vacinacao-deve-retirar-pelo-menos-r-150-bilhoes\/#breadcrumb\",\"itemListElement\":[{\"@type\":\"ListItem\",\"position\":1,\"name\":\"Not\u00edcias\",\"item\":\"https:\/\/www.suno.com.br\/noticias\/\"},{\"@type\":\"ListItem\",\"position\":2,\"name\":\"Economia\",\"item\":\"https:\/\/www.suno.com.br\/noticias\/economia\/\"},{\"@type\":\"ListItem\",\"position\":3,\"name\":\"PIB: atraso em vacina\u00e7\u00e3o deve retirar pelo menos R$ 150 bilh\u00f5es\"}]},{\"@type\":\"WebSite\",\"@id\":\"https:\/\/www.suno.com.br\/noticias\/#website\",\"url\":\"https:\/\/www.suno.com.br\/noticias\/\",\"name\":\"Suno Not\u00edcias\",\"description\":\"Seu portal de informa\u00e7\u00e3o sobre o mundo dos investimentos\",\"publisher\":{\"@id\":\"https:\/\/www.suno.com.br\/noticias\/#organization\"},\"potentialAction\":[{\"@type\":\"SearchAction\",\"target\":{\"@type\":\"EntryPoint\",\"urlTemplate\":\"https:\/\/www.suno.com.br\/noticias\/?s={search_term_string}\"},\"query-input\":{\"@type\":\"PropertyValueSpecification\",\"valueRequired\":true,\"valueName\":\"search_term_string\"}}],\"inLanguage\":\"pt-BR\"},{\"@type\":\"Organization\",\"@id\":\"https:\/\/www.suno.com.br\/noticias\/#organization\",\"name\":\"Suno Not\u00edcias\",\"url\":\"https:\/\/www.suno.com.br\/noticias\/\",\"logo\":{\"@type\":\"ImageObject\",\"inLanguage\":\"pt-BR\",\"@id\":\"https:\/\/www.suno.com.br\/noticias\/#\/schema\/logo\/image\/\",\"url\":\"https:\/\/files.sunoresearch.com.br\/n\/uploads\/2021\/09\/suno-logo.png\",\"contentUrl\":\"https:\/\/files.sunoresearch.com.br\/n\/uploads\/2021\/09\/suno-logo.png\",\"width\":180,\"height\":180,\"caption\":\"Suno Not\u00edcias\"},\"image\":{\"@id\":\"https:\/\/www.suno.com.br\/noticias\/#\/schema\/logo\/image\/\"},\"sameAs\":[\"https:\/\/facebook.com\/sunoresearch\",\"https:\/\/x.com\/sunoresearch\",\"https:\/\/www.instagram.com\/suno\",\"https:\/\/www.linkedin.com\/company\/suno-research\/\",\"https:\/\/www.youtube.com\/c\/sunoresearch\"]},{\"@type\":\"Person\",\"@id\":\"https:\/\/www.suno.com.br\/noticias\/#\/schema\/person\/a20761b96e4df7eb57f1f9e41be1dbf3\",\"name\":\"Vinicius Pereira\",\"image\":{\"@type\":\"ImageObject\",\"inLanguage\":\"pt-BR\",\"@id\":\"https:\/\/www.suno.com.br\/noticias\/#\/schema\/person\/image\/\",\"url\":\"https:\/\/secure.gravatar.com\/avatar\/783866b933198f5cc4c5d03fcc8b1301?s=96&r=g\",\"contentUrl\":\"https:\/\/secure.gravatar.com\/avatar\/783866b933198f5cc4c5d03fcc8b1301?s=96&r=g\",\"caption\":\"Vinicius Pereira\"},\"description\":\"Vinicius Pereira foi rep\u00f3rter de economia da Folha de S.Paulo, stringer do jornal no Canad\u00e1 e colaborador de VEJA. J\u00e1 escreveu tamb\u00e9m para BBC Brasil, The Intercept Brasil e UOL. Tem MBA em Informa\u00e7\u00f5es Econ\u00f4mico-Financeiras e Mercado de Capitais pela FIA\/B3.\",\"sameAs\":[\"https:\/\/x.com\/https:\/\/twitter.com\/viniciuspjornal\"],\"url\":\"https:\/\/www.suno.com.br\/noticias\/author\/vinicius-pereira\/\"}]}<\/script>\n<!-- \/ Yoast SEO plugin. -->","yoast_head_json":{"title":"PIB: atraso em vacina\u00e7\u00e3o deve retirar pelo menos R$ 150 bilh\u00f5es","description":"O PIB brasileiro deve ser afetado pelo atraso da vacina\u00e7\u00e3o no governo de Jair Bolsonaro (sem partido). Clique aqui pra ler mais sobre.","robots":{"index":"index","follow":"follow","max-snippet":"max-snippet:-1","max-image-preview":"max-image-preview:large","max-video-preview":"max-video-preview:-1"},"canonical":"https:\/\/www.suno.com.br\/noticias\/pib-atraso-em-vacinacao-deve-retirar-pelo-menos-r-150-bilhoes\/","og_locale":"pt_BR","og_type":"article","og_title":"PIB: atraso em vacina\u00e7\u00e3o deve retirar pelo menos R$ 150 bilh\u00f5es","og_description":"O PIB brasileiro deve ser afetado pelo atraso da vacina\u00e7\u00e3o no governo de Jair Bolsonaro (sem partido). Clique aqui pra ler mais sobre.","og_url":"https:\/\/www.suno.com.br\/noticias\/pib-atraso-em-vacinacao-deve-retirar-pelo-menos-r-150-bilhoes\/","og_site_name":"Suno Not\u00edcias","article_publisher":"https:\/\/facebook.com\/sunoresearch","og_image":[{"width":1024,"height":683,"url":"https:\/\/files.sunoresearch.com.br\/n\/uploads\/2021\/01\/30dfc0f4-dividapublica.jpg","type":"image\/jpeg"}],"author":"Vinicius Pereira","twitter_card":"summary_large_image","twitter_creator":"@https:\/\/twitter.com\/viniciuspjornal","twitter_site":"@sunoresearch","twitter_misc":{"Escrito por":"Vinicius Pereira","Est. tempo de leitura":"7 minutos"},"schema":{"@context":"https:\/\/schema.org","@graph":[{"@type":"NewsArticle","@id":"https:\/\/www.suno.com.br\/noticias\/pib-atraso-em-vacinacao-deve-retirar-pelo-menos-r-150-bilhoes\/#article","isPartOf":{"@id":"https:\/\/www.suno.com.br\/noticias\/pib-atraso-em-vacinacao-deve-retirar-pelo-menos-r-150-bilhoes\/"},"author":{"name":"Vinicius Pereira","@id":"https:\/\/www.suno.com.br\/noticias\/#\/schema\/person\/a20761b96e4df7eb57f1f9e41be1dbf3"},"headline":"PIB: atraso em vacina\u00e7\u00e3o deve retirar pelo menos R$ 150 bilh\u00f5es","datePublished":"2021-01-31T16:31:04+00:00","dateModified":"2021-01-31T19:53:47+00:00","mainEntityOfPage":{"@id":"https:\/\/www.suno.com.br\/noticias\/pib-atraso-em-vacinacao-deve-retirar-pelo-menos-r-150-bilhoes\/"},"wordCount":1445,"publisher":{"@id":"https:\/\/www.suno.com.br\/noticias\/#organization"},"image":{"@id":"https:\/\/www.suno.com.br\/noticias\/pib-atraso-em-vacinacao-deve-retirar-pelo-menos-r-150-bilhoes\/#primaryimage"},"thumbnailUrl":"https:\/\/files.sunoresearch.com.br\/n\/uploads\/2021\/01\/30dfc0f4-dividapublica-jpg.webp","keywords":["coronav\u00edrus","Produto Interno Bruto (PIB)","vacina"],"articleSection":["Economia"],"inLanguage":"pt-BR"},{"@type":"WebPage","@id":"https:\/\/www.suno.com.br\/noticias\/pib-atraso-em-vacinacao-deve-retirar-pelo-menos-r-150-bilhoes\/","url":"https:\/\/www.suno.com.br\/noticias\/pib-atraso-em-vacinacao-deve-retirar-pelo-menos-r-150-bilhoes\/","name":"PIB: atraso em vacina\u00e7\u00e3o deve retirar pelo menos R$ 150 bilh\u00f5es","isPartOf":{"@id":"https:\/\/www.suno.com.br\/noticias\/#website"},"primaryImageOfPage":{"@id":"https:\/\/www.suno.com.br\/noticias\/pib-atraso-em-vacinacao-deve-retirar-pelo-menos-r-150-bilhoes\/#primaryimage"},"image":{"@id":"https:\/\/www.suno.com.br\/noticias\/pib-atraso-em-vacinacao-deve-retirar-pelo-menos-r-150-bilhoes\/#primaryimage"},"thumbnailUrl":"https:\/\/files.sunoresearch.com.br\/n\/uploads\/2021\/01\/30dfc0f4-dividapublica-jpg.webp","datePublished":"2021-01-31T16:31:04+00:00","dateModified":"2021-01-31T19:53:47+00:00","description":"O PIB brasileiro deve ser afetado pelo atraso da vacina\u00e7\u00e3o no governo de Jair Bolsonaro (sem partido). Clique aqui pra ler mais sobre.","breadcrumb":{"@id":"https:\/\/www.suno.com.br\/noticias\/pib-atraso-em-vacinacao-deve-retirar-pelo-menos-r-150-bilhoes\/#breadcrumb"},"inLanguage":"pt-BR","potentialAction":[{"@type":"ReadAction","target":["https:\/\/www.suno.com.br\/noticias\/pib-atraso-em-vacinacao-deve-retirar-pelo-menos-r-150-bilhoes\/"]}]},{"@type":"ImageObject","inLanguage":"pt-BR","@id":"https:\/\/www.suno.com.br\/noticias\/pib-atraso-em-vacinacao-deve-retirar-pelo-menos-r-150-bilhoes\/#primaryimage","url":"https:\/\/files.sunoresearch.com.br\/n\/uploads\/2021\/01\/30dfc0f4-dividapublica-jpg.webp","contentUrl":"https:\/\/files.sunoresearch.com.br\/n\/uploads\/2021\/01\/30dfc0f4-dividapublica-jpg.webp","width":1024,"height":683,"caption":"Foto: Pixabay"},{"@type":"BreadcrumbList","@id":"https:\/\/www.suno.com.br\/noticias\/pib-atraso-em-vacinacao-deve-retirar-pelo-menos-r-150-bilhoes\/#breadcrumb","itemListElement":[{"@type":"ListItem","position":1,"name":"Not\u00edcias","item":"https:\/\/www.suno.com.br\/noticias\/"},{"@type":"ListItem","position":2,"name":"Economia","item":"https:\/\/www.suno.com.br\/noticias\/economia\/"},{"@type":"ListItem","position":3,"name":"PIB: atraso em vacina\u00e7\u00e3o deve retirar pelo menos R$ 150 bilh\u00f5es"}]},{"@type":"WebSite","@id":"https:\/\/www.suno.com.br\/noticias\/#website","url":"https:\/\/www.suno.com.br\/noticias\/","name":"Suno Not\u00edcias","description":"Seu portal de informa\u00e7\u00e3o sobre o mundo dos investimentos","publisher":{"@id":"https:\/\/www.suno.com.br\/noticias\/#organization"},"potentialAction":[{"@type":"SearchAction","target":{"@type":"EntryPoint","urlTemplate":"https:\/\/www.suno.com.br\/noticias\/?s={search_term_string}"},"query-input":{"@type":"PropertyValueSpecification","valueRequired":true,"valueName":"search_term_string"}}],"inLanguage":"pt-BR"},{"@type":"Organization","@id":"https:\/\/www.suno.com.br\/noticias\/#organization","name":"Suno Not\u00edcias","url":"https:\/\/www.suno.com.br\/noticias\/","logo":{"@type":"ImageObject","inLanguage":"pt-BR","@id":"https:\/\/www.suno.com.br\/noticias\/#\/schema\/logo\/image\/","url":"https:\/\/files.sunoresearch.com.br\/n\/uploads\/2021\/09\/suno-logo.png","contentUrl":"https:\/\/files.sunoresearch.com.br\/n\/uploads\/2021\/09\/suno-logo.png","width":180,"height":180,"caption":"Suno Not\u00edcias"},"image":{"@id":"https:\/\/www.suno.com.br\/noticias\/#\/schema\/logo\/image\/"},"sameAs":["https:\/\/facebook.com\/sunoresearch","https:\/\/x.com\/sunoresearch","https:\/\/www.instagram.com\/suno","https:\/\/www.linkedin.com\/company\/suno-research\/","https:\/\/www.youtube.com\/c\/sunoresearch"]},{"@type":"Person","@id":"https:\/\/www.suno.com.br\/noticias\/#\/schema\/person\/a20761b96e4df7eb57f1f9e41be1dbf3","name":"Vinicius Pereira","image":{"@type":"ImageObject","inLanguage":"pt-BR","@id":"https:\/\/www.suno.com.br\/noticias\/#\/schema\/person\/image\/","url":"https:\/\/secure.gravatar.com\/avatar\/783866b933198f5cc4c5d03fcc8b1301?s=96&r=g","contentUrl":"https:\/\/secure.gravatar.com\/avatar\/783866b933198f5cc4c5d03fcc8b1301?s=96&r=g","caption":"Vinicius Pereira"},"description":"Vinicius Pereira foi rep\u00f3rter de economia da Folha de S.Paulo, stringer do jornal no Canad\u00e1 e colaborador de VEJA. J\u00e1 escreveu tamb\u00e9m para BBC Brasil, The Intercept Brasil e UOL. Tem MBA em Informa\u00e7\u00f5es Econ\u00f4mico-Financeiras e Mercado de Capitais pela FIA\/B3.","sameAs":["https:\/\/x.com\/https:\/\/twitter.com\/viniciuspjornal"],"url":"https:\/\/www.suno.com.br\/noticias\/author\/vinicius-pereira\/"}]}},"default_loop_html":"<div class=\"cardsPage__listCard__boxs\"><div class=\"cardsPage__listCard__boxs__img\"><a href=\"https:\/\/www.suno.com.br\/noticias\/pib-atraso-em-vacinacao-deve-retirar-pelo-menos-r-150-bilhoes\/\"><img class=\"mask\" src=\"https:\/\/www.suno.com.br\/noticias\/wp-content\/themes\/suno\/resources\/images\/spotlight\/spotlight1img\/bg-mask.png\" alt=\"Image Mask\"\/><img src=\"https:\/\/files.sunoresearch.com.br\/n\/uploads\/2021\/01\/30dfc0f4-dividapublica-400x200.webp\" alt=\"PIB: atraso em vacina\u00e7\u00e3o deve retirar pelo menos R$ 150 bilh\u00f5es\"\/><\/a><span class=\"spotlightCategory\"><a href=\"https:\/\/www.suno.com.br\/noticias\/economia\/\">Economia<\/a><\/span><\/div><div class=\"cardsPage__listCard__boxs__content\"><a href=\"https:\/\/www.suno.com.br\/noticias\/pib-atraso-em-vacinacao-deve-retirar-pelo-menos-r-150-bilhoes\/\"><h2 class=\"content__title\">PIB: atraso em vacina\u00e7\u00e3o deve retirar pelo menos R$ 150 bilh\u00f5es<\/h2><\/a><div class=\"newsContent__article__meta\"><div class=\"newsContent__article__meta__authorBox\"><a href=\"https:\/\/www.suno.com.br\/noticias\/author\/vinicius-pereira\/\" class=\"authorBox__avatar noMobi\"><img src=\"https:\/\/files.sunoresearch.com.br\/n\/uploads\/2020\/08\/77510613-whatsapp-image-2020-08-03-at-13.40.40-150x150.webp\" alt=\"Vinicius Pereira\"><\/a><div class=\"authorBox__name\"><span>por\n\t\t\t<a href=\"https:\/\/www.suno.com.br\/noticias\/author\/vinicius-pereira\/\"><span itemprop=\"author\">Vinicius Pereira<\/span><\/a><\/span><time datetime=\"2021-01-31T13:31:04-03:00\" itemprop=\"datePublished\">31\/01\/2021 13:31<\/time><\/div><\/div><\/div><\/div><\/div>","single_layout":"posts","amp_enabled":true,"_links":{"self":[{"href":"https:\/\/www.suno.com.br\/noticias\/wp-json\/wp\/v2\/posts\/117505"}],"collection":[{"href":"https:\/\/www.suno.com.br\/noticias\/wp-json\/wp\/v2\/posts"}],"about":[{"href":"https:\/\/www.suno.com.br\/noticias\/wp-json\/wp\/v2\/types\/post"}],"author":[{"embeddable":true,"href":"https:\/\/www.suno.com.br\/noticias\/wp-json\/wp\/v2\/users\/27"}],"replies":[{"embeddable":true,"href":"https:\/\/www.suno.com.br\/noticias\/wp-json\/wp\/v2\/comments?post=117505"}],"version-history":[{"count":0,"href":"https:\/\/www.suno.com.br\/noticias\/wp-json\/wp\/v2\/posts\/117505\/revisions"}],"wp:featuredmedia":[{"embeddable":true,"href":"https:\/\/www.suno.com.br\/noticias\/wp-json\/wp\/v2\/media\/117154"}],"wp:attachment":[{"href":"https:\/\/www.suno.com.br\/noticias\/wp-json\/wp\/v2\/media?parent=117505"}],"wp:term":[{"taxonomy":"category","embeddable":true,"href":"https:\/\/www.suno.com.br\/noticias\/wp-json\/wp\/v2\/categories?post=117505"},{"taxonomy":"post_tag","embeddable":true,"href":"https:\/\/www.suno.com.br\/noticias\/wp-json\/wp\/v2\/tags?post=117505"},{"taxonomy":"suno_strategy","embeddable":true,"href":"https:\/\/www.suno.com.br\/noticias\/wp-json\/wp\/v2\/suno_strategy?post=117505"}],"curies":[{"name":"wp","href":"https:\/\/api.w.org\/{rel}","templated":true}]}}