{"id":117499,"date":"2021-01-31T14:12:22","date_gmt":"2021-01-31T17:12:22","guid":{"rendered":"https:\/\/www.suno.com.br\/noticias\/?p=117499"},"modified":"2021-02-03T12:34:40","modified_gmt":"2021-02-03T15:34:40","slug":"greve-dos-caminhoneiros-apesar-do-apelo-de-bolsonaro-paralisacao-e-mantida","status":"publish","type":"post","link":"https:\/\/www.suno.com.br\/noticias\/greve-dos-caminhoneiros-apesar-do-apelo-de-bolsonaro-paralisacao-e-mantida\/","title":{"rendered":"Greve dos caminhoneiros: apesar do apelo de Bolsonaro, paralisa\u00e7\u00e3o \u00e9 mantida"},"content":{"rendered":"<p>Apesar dos apelos do presidente Jair Bolsonaro, a <strong>greve dos caminhoneiros<\/strong> aut\u00f4nomos a partir desta segunda-feira (1\u00ba) ser\u00e1 mantida, disse o presidente do Conselho Nacional dos Transportadores Rodovi\u00e1rios de Cargas (CNTRC), Pl\u00ednio Dias, acrescentando que a dura\u00e7\u00e3o do movimento \u00e9 &#8220;indeterminada&#8221; e que 22 Estados participam do conselho. Dias afirma que a redu\u00e7\u00e3o ou zeragem do PIS\/Cofins sobre o diesel, cogitada pelo governo, n\u00e3o seria suficiente para terminar com a greve, porque o principal problema \u00e9 a pol\u00edtica de paridade ao pre\u00e7o internacional adotada pela <a href=\"https:\/\/www.suno.com.br\/acoes\/petr4\/\">Petrobras (PETR4)<\/a>.<\/p>\t<div class=\"wrapper-featured-image\">\n\t\t<figure class=\"spotlightImg\">\n\n\t\t\t<picture>\n\t\t\t\t<source media=\"(max-width: 768px)\" srcset=\"https:\/\/files.sunoresearch.com.br\/n\/uploads\/2021\/01\/b6f75661-greve-dos-caminhoneiros-400x200.webp\">\n\t\t\t\t<img loading=\"lazy\" decoding=\"async\" class=\"newsContent__article__imgCapa lazyloadDisabled \" src=\"https:\/\/files.sunoresearch.com.br\/n\/uploads\/2021\/01\/b6f75661-greve-dos-caminhoneiros-jpg.webp\" width=\"800\" height=\"450\" alt=\"Greve dos caminhoneiros: apesar do apelo de Bolsonaro, paralisa\u00e7\u00e3o \u00e9 mantida\" fetchpriority=high \/>\n\t\t\t<\/picture>\n\n\t\t\t<figcaption class=\"wp-caption-text wp-caption-text--show\">Greve dos caminhoneiros: apesar do apelo de Bolsonaro, paralisa\u00e7\u00e3o \u00e9 mantida<\/figcaption>\n\t\t<\/figure>\n\t<\/div>\n\n\n\t<p>\n\t\t<a href=\"https:\/\/lp.suno.com.br\/planilha-controle-gastos\/\" target=\"_blank\" data-element=\"shortcode-suno-banner\" title=\"Banner SUNO, clique e saiba mais\">\n\t\t\t<picture>\n\t\t\t\t<source media=\"(max-width: 500px)\" srcset=\"https:\/\/files.sunoresearch.com.br\/n\/uploads\/2023\/03\/400x300-Planilha-controle-de-gastos.png\">\n\t\t\t\t<img class=\"newsContent__article__imgCapa newsContent__article__imgCapa--banner\"\n\t\t\t\t\tsrc=\"https:\/\/files.sunoresearch.com.br\/n\/uploads\/2023\/03\/1420x240-Planilha-controle-de-gastos.png\"\n\t\t\t\t\tdata-promo-id=\"101751\"\t\t\t\t\t\t\t\t\t\twidth='1420' height='240'\t\t\t\t\talt=\"https:\/\/files.sunoresearch.com.br\/n\/uploads\/2023\/03\/1420x240-Planilha-controle-de-gastos.png\"\n\t\t\t\t>\n\t\t\t<\/picture>\n\t\t<\/a>\n\t<\/p>\n\n\n<p>&#8220;Quem teria a culpa de desabastecimento do Pa\u00eds se o movimento se prolongar por 3, 4, 5 dias, como foi na \u00e9poca do presidente Michel Temer, quando durou 11 dias, n\u00e3o s\u00e3o os caminhoneiros, \u00e9 quem \u00e9 respons\u00e1vel pela pasta. Se o presidente chamar para conversar no primeiro dia e resolver, todo mundo volta a trabalhar no dia seguinte. At\u00e9 agora n\u00e3o teve di\u00e1logo com Conselho Nacional ou com a categoria&#8221;, disse um dos l\u00edderes da greve dos caminhoneiros.<\/p>\n<p>No s\u00e1bado (30), Bolsonaro pediu que a categoria n\u00e3o entrasse em greve e disse que todo mundo perderia se isso acontecesse, &#8220;o Brasil todo&#8221;. Questionado sobre o apelo do presidente, Dias afirmou que entende que o presidente n\u00e3o pode incitar greves, mas reclamou que &#8220;n\u00e3o chegou nada para categoria de aut\u00f4nomos&#8221; nos primeiros dois anos de governo. &#8220;N\u00e3o podemos deixar passar este ano, o ano que vem \u00e9 de elei\u00e7\u00e3o, sen\u00e3o os caminhoneiros v\u00e3o continuar no submundo.&#8221;<\/p>\n<p><a href=\"https:\/\/lp.suno.com.br\/suno-one\/\"><span style=\"font-weight: 400;\">Suno One: acesse gratuitamente eBooks, Minicursos, Artigos e Video Aulas sobre investimentos com um \u00fanico cadastro. Clique para saber mais!<\/span><\/a><\/p>\n<p>O presidente do CNTRC tamb\u00e9m disse que a categoria n\u00e3o ir\u00e1 bloquear as estradas, deixando faixas livres. &#8220;Vamos fazer a manifesta\u00e7\u00e3o dentro da lei. Temos o direito de conscientizar a categoria. Somos um Pa\u00eds democr\u00e1tico e est\u00e1 na Constitui\u00e7\u00e3o o direito de fazer manifesta\u00e7\u00e3o livre.&#8221;<\/p>\n<p>Uma liminar concedida pela Justi\u00e7a Federal do Rio no s\u00e1bado pro\u00edbe caminhoneiros em greve de bloquear, mesmo que parcialmente, a rodovia BR-101, que margeia o litoral do Pa\u00eds. A decis\u00e3o vale para todo o trecho da BR-101 no Rio. Uma decis\u00e3o liminar do Tribunal de Justi\u00e7a de S\u00e3o Paulo, concedida na sexta-feira (29), j\u00e1 havia proibido bloqueios da Rodovia Presidente Dutra, trecho da BR-116 que liga S\u00e3o Paulo ao Rio.<\/p>\n<p>Al\u00e9m do fim da pol\u00edtica de paridade ao pre\u00e7o internacional dos combust\u00edveis, a pauta de reivindica\u00e7\u00f5es da categoria tem outros nove pontos, mas outro tema urgente, segundo Dias, \u00e9 a modifica\u00e7\u00e3o da reda\u00e7\u00e3o do projeto 4199\/2020, o BR do Mar, que, segundo o dirigente, d\u00e1 vantagem para empresas estrangeiras no transporte de cabotagem, o que favorecia a contrata\u00e7\u00e3o de empresas frotistas para fazer o frete em detrimento de caminhoneiros aut\u00f4nomos. &#8220;Os caminhoneiros est\u00e3o preocupados em perder emprego&#8221;, diz ele, argumentando que n\u00e3o foi avaliado o impacto social do projeto e nem as condi\u00e7\u00f5es da categoria nos portos do Pa\u00eds, que fica &#8220;ao relento&#8221;.<\/p>\n<p>A pauta tamb\u00e9m discute aposentadoria especial para a categoria, o cumprimento do piso m\u00ednimo do frete, estabelecido em 2018 ap\u00f3s a paralisa\u00e7\u00e3o de 11 dias, respeito \u00e0 jornada de trabalho e maior fiscaliza\u00e7\u00e3o da Ag\u00eancia Nacional de Transporte Terrestre (ANTT), entre outras reivindica\u00e7\u00f5es \u00e0 <strong>greve dos caminhoneiros<\/strong>.<\/p>\n<p><em>(Com informa\u00e7\u00f5es do Estad\u00e3o Conte\u00fado)<\/em><\/p>\n\t<p>\n\t\t<a href=\"https:\/\/lp.suno.com.br\/planilha-de-controle-de-investimentos\/\" target=\"_blank\" data-element=\"shortcode-suno-banner\" title=\"Banner SUNO, clique e saiba mais\">\n\t\t\t<picture>\n\t\t\t\t<source media=\"(max-width: 500px)\" srcset=\"https:\/\/files.sunoresearch.com.br\/n\/uploads\/2023\/03\/400x300-Controle-de-Investimentos.png\">\n\t\t\t\t<img class=\"newsContent__article__imgCapa newsContent__article__imgCapa--banner\"\n\t\t\t\t\tsrc=\"https:\/\/files.sunoresearch.com.br\/n\/uploads\/2023\/03\/1420x240-Controle-de-Investimentos.png\"\n\t\t\t\t\tdata-promo-id=\"75934\"\t\t\t\t\t\t\t\t\t\twidth='1420' height='240'\t\t\t\t\talt=\"https:\/\/files.sunoresearch.com.br\/n\/uploads\/2023\/03\/1420x240-Controle-de-Investimentos.png\"\n\t\t\t\t>\n\t\t\t<\/picture>\n\t\t<\/a>\n\t<\/p>\n\n\n","protected":false},"excerpt":{"rendered":"<p>Apesar dos apelos do presidente Jair Bolsonaro, a greve dos caminhoneiros aut\u00f4nomos a partir desta segunda-feira (1\u00ba) ser\u00e1 mantida, disse o presidente do Conselho Nacional dos Transportadores Rodovi\u00e1rios de Cargas (CNTRC), Pl\u00ednio Dias, acrescentando que a dura\u00e7\u00e3o do movimento \u00e9 &#8220;indeterminada&#8221; e que 22 Estados participam do conselho. Dias afirma que a redu\u00e7\u00e3o ou zeragem [&hellip;]<\/p>\n","protected":false},"author":27,"featured_media":117249,"comment_status":"closed","ping_status":"closed","sticky":false,"template":"","format":"standard","meta":[],"categories":[62],"tags":[833,2462],"suno_strategy":[],"class_list":["post-117499","post","type-post","status-publish","format-standard","has-post-thumbnail","hentry","category-economia","tag-greve-dos-caminhoneiros","tag-greves"],"yoast_head":"<!-- This site is optimized with the Yoast SEO plugin v24.4 - https:\/\/yoast.com\/wordpress\/plugins\/seo\/ -->\n<title>Greve dos caminhoneiros: Bolsonaro apela, ,mas paralisa\u00e7\u00e3o \u00e9 mantida<\/title>\n<meta name=\"description\" content=\"Para l\u00edderes de greve dos caminhoneiros, paralisa\u00e7\u00e3o est\u00e1 mantida. Bolsonaro pediu que a categoria n\u00e3o entrasse em greve. Clique para ler.\" \/>\n<meta name=\"robots\" content=\"index, follow, max-snippet:-1, max-image-preview:large, max-video-preview:-1\" \/>\n<link rel=\"canonical\" href=\"https:\/\/www.suno.com.br\/noticias\/greve-dos-caminhoneiros-apesar-do-apelo-de-bolsonaro-paralisacao-e-mantida\/\" \/>\n<meta property=\"og:locale\" content=\"pt_BR\" \/>\n<meta property=\"og:type\" content=\"article\" \/>\n<meta property=\"og:title\" content=\"Greve dos caminhoneiros: Bolsonaro apela, ,mas paralisa\u00e7\u00e3o \u00e9 mantida\" \/>\n<meta property=\"og:description\" content=\"Para l\u00edderes de greve dos caminhoneiros, paralisa\u00e7\u00e3o est\u00e1 mantida. Bolsonaro pediu que a categoria n\u00e3o entrasse em greve. Clique para ler.\" \/>\n<meta property=\"og:url\" content=\"https:\/\/www.suno.com.br\/noticias\/greve-dos-caminhoneiros-apesar-do-apelo-de-bolsonaro-paralisacao-e-mantida\/\" \/>\n<meta property=\"og:site_name\" content=\"Suno Not\u00edcias\" \/>\n<meta property=\"article:publisher\" content=\"https:\/\/facebook.com\/sunoresearch\" \/>\n<meta property=\"og:image\" content=\"https:\/\/files.sunoresearch.com.br\/n\/uploads\/2021\/01\/b6f75661-greve-dos-caminhoneiros.jpg\" \/>\n\t<meta property=\"og:image:width\" content=\"400\" \/>\n\t<meta property=\"og:image:height\" content=\"400\" \/>\n\t<meta property=\"og:image:type\" content=\"image\/jpeg\" \/>\n<meta name=\"author\" content=\"Vinicius Pereira\" \/>\n<meta name=\"twitter:card\" content=\"summary_large_image\" \/>\n<meta name=\"twitter:creator\" content=\"@https:\/\/twitter.com\/viniciuspjornal\" \/>\n<meta name=\"twitter:site\" content=\"@sunoresearch\" \/>\n<meta name=\"twitter:label1\" content=\"Escrito por\" \/>\n\t<meta name=\"twitter:data1\" content=\"Vinicius Pereira\" \/>\n\t<meta name=\"twitter:label2\" content=\"Est. tempo de leitura\" \/>\n\t<meta name=\"twitter:data2\" content=\"3 minutos\" \/>\n<script type=\"application\/ld+json\" class=\"yoast-schema-graph\">{\"@context\":\"https:\/\/schema.org\",\"@graph\":[{\"@type\":\"NewsArticle\",\"@id\":\"https:\/\/www.suno.com.br\/noticias\/greve-dos-caminhoneiros-apesar-do-apelo-de-bolsonaro-paralisacao-e-mantida\/#article\",\"isPartOf\":{\"@id\":\"https:\/\/www.suno.com.br\/noticias\/greve-dos-caminhoneiros-apesar-do-apelo-de-bolsonaro-paralisacao-e-mantida\/\"},\"author\":{\"name\":\"Vinicius Pereira\",\"@id\":\"https:\/\/www.suno.com.br\/noticias\/#\/schema\/person\/a20761b96e4df7eb57f1f9e41be1dbf3\"},\"headline\":\"Greve dos caminhoneiros: apesar do apelo de Bolsonaro, paralisa\u00e7\u00e3o \u00e9 mantida\",\"datePublished\":\"2021-01-31T17:12:22+00:00\",\"dateModified\":\"2021-02-03T15:34:40+00:00\",\"mainEntityOfPage\":{\"@id\":\"https:\/\/www.suno.com.br\/noticias\/greve-dos-caminhoneiros-apesar-do-apelo-de-bolsonaro-paralisacao-e-mantida\/\"},\"wordCount\":595,\"publisher\":{\"@id\":\"https:\/\/www.suno.com.br\/noticias\/#organization\"},\"image\":{\"@id\":\"https:\/\/www.suno.com.br\/noticias\/greve-dos-caminhoneiros-apesar-do-apelo-de-bolsonaro-paralisacao-e-mantida\/#primaryimage\"},\"thumbnailUrl\":\"https:\/\/files.sunoresearch.com.br\/n\/uploads\/2021\/01\/b6f75661-greve-dos-caminhoneiros-jpg.webp\",\"keywords\":[\"greve dos caminhoneiros\",\"greves\"],\"articleSection\":[\"Economia\"],\"inLanguage\":\"pt-BR\"},{\"@type\":\"WebPage\",\"@id\":\"https:\/\/www.suno.com.br\/noticias\/greve-dos-caminhoneiros-apesar-do-apelo-de-bolsonaro-paralisacao-e-mantida\/\",\"url\":\"https:\/\/www.suno.com.br\/noticias\/greve-dos-caminhoneiros-apesar-do-apelo-de-bolsonaro-paralisacao-e-mantida\/\",\"name\":\"Greve dos caminhoneiros: Bolsonaro apela, ,mas paralisa\u00e7\u00e3o \u00e9 mantida\",\"isPartOf\":{\"@id\":\"https:\/\/www.suno.com.br\/noticias\/#website\"},\"primaryImageOfPage\":{\"@id\":\"https:\/\/www.suno.com.br\/noticias\/greve-dos-caminhoneiros-apesar-do-apelo-de-bolsonaro-paralisacao-e-mantida\/#primaryimage\"},\"image\":{\"@id\":\"https:\/\/www.suno.com.br\/noticias\/greve-dos-caminhoneiros-apesar-do-apelo-de-bolsonaro-paralisacao-e-mantida\/#primaryimage\"},\"thumbnailUrl\":\"https:\/\/files.sunoresearch.com.br\/n\/uploads\/2021\/01\/b6f75661-greve-dos-caminhoneiros-jpg.webp\",\"datePublished\":\"2021-01-31T17:12:22+00:00\",\"dateModified\":\"2021-02-03T15:34:40+00:00\",\"description\":\"Para l\u00edderes de greve dos caminhoneiros, paralisa\u00e7\u00e3o est\u00e1 mantida. Bolsonaro pediu que a categoria n\u00e3o entrasse em greve. Clique para ler.\",\"breadcrumb\":{\"@id\":\"https:\/\/www.suno.com.br\/noticias\/greve-dos-caminhoneiros-apesar-do-apelo-de-bolsonaro-paralisacao-e-mantida\/#breadcrumb\"},\"inLanguage\":\"pt-BR\",\"potentialAction\":[{\"@type\":\"ReadAction\",\"target\":[\"https:\/\/www.suno.com.br\/noticias\/greve-dos-caminhoneiros-apesar-do-apelo-de-bolsonaro-paralisacao-e-mantida\/\"]}]},{\"@type\":\"ImageObject\",\"inLanguage\":\"pt-BR\",\"@id\":\"https:\/\/www.suno.com.br\/noticias\/greve-dos-caminhoneiros-apesar-do-apelo-de-bolsonaro-paralisacao-e-mantida\/#primaryimage\",\"url\":\"https:\/\/files.sunoresearch.com.br\/n\/uploads\/2021\/01\/b6f75661-greve-dos-caminhoneiros-jpg.webp\",\"contentUrl\":\"https:\/\/files.sunoresearch.com.br\/n\/uploads\/2021\/01\/b6f75661-greve-dos-caminhoneiros-jpg.webp\",\"width\":400,\"height\":400,\"caption\":\"Greve dos caminhoneiros: apesar do apelo de Bolsonaro, paralisa\u00e7\u00e3o \u00e9 mantida\"},{\"@type\":\"BreadcrumbList\",\"@id\":\"https:\/\/www.suno.com.br\/noticias\/greve-dos-caminhoneiros-apesar-do-apelo-de-bolsonaro-paralisacao-e-mantida\/#breadcrumb\",\"itemListElement\":[{\"@type\":\"ListItem\",\"position\":1,\"name\":\"Not\u00edcias\",\"item\":\"https:\/\/www.suno.com.br\/noticias\/\"},{\"@type\":\"ListItem\",\"position\":2,\"name\":\"Economia\",\"item\":\"https:\/\/www.suno.com.br\/noticias\/economia\/\"},{\"@type\":\"ListItem\",\"position\":3,\"name\":\"Greve dos caminhoneiros: apesar do apelo de Bolsonaro, paralisa\u00e7\u00e3o \u00e9 mantida\"}]},{\"@type\":\"WebSite\",\"@id\":\"https:\/\/www.suno.com.br\/noticias\/#website\",\"url\":\"https:\/\/www.suno.com.br\/noticias\/\",\"name\":\"Suno Not\u00edcias\",\"description\":\"Seu portal de informa\u00e7\u00e3o sobre o mundo dos investimentos\",\"publisher\":{\"@id\":\"https:\/\/www.suno.com.br\/noticias\/#organization\"},\"potentialAction\":[{\"@type\":\"SearchAction\",\"target\":{\"@type\":\"EntryPoint\",\"urlTemplate\":\"https:\/\/www.suno.com.br\/noticias\/?s={search_term_string}\"},\"query-input\":{\"@type\":\"PropertyValueSpecification\",\"valueRequired\":true,\"valueName\":\"search_term_string\"}}],\"inLanguage\":\"pt-BR\"},{\"@type\":\"Organization\",\"@id\":\"https:\/\/www.suno.com.br\/noticias\/#organization\",\"name\":\"Suno Not\u00edcias\",\"url\":\"https:\/\/www.suno.com.br\/noticias\/\",\"logo\":{\"@type\":\"ImageObject\",\"inLanguage\":\"pt-BR\",\"@id\":\"https:\/\/www.suno.com.br\/noticias\/#\/schema\/logo\/image\/\",\"url\":\"https:\/\/files.sunoresearch.com.br\/n\/uploads\/2021\/09\/suno-logo.png\",\"contentUrl\":\"https:\/\/files.sunoresearch.com.br\/n\/uploads\/2021\/09\/suno-logo.png\",\"width\":180,\"height\":180,\"caption\":\"Suno Not\u00edcias\"},\"image\":{\"@id\":\"https:\/\/www.suno.com.br\/noticias\/#\/schema\/logo\/image\/\"},\"sameAs\":[\"https:\/\/facebook.com\/sunoresearch\",\"https:\/\/x.com\/sunoresearch\",\"https:\/\/www.instagram.com\/suno\",\"https:\/\/www.linkedin.com\/company\/suno-research\/\",\"https:\/\/www.youtube.com\/c\/sunoresearch\"]},{\"@type\":\"Person\",\"@id\":\"https:\/\/www.suno.com.br\/noticias\/#\/schema\/person\/a20761b96e4df7eb57f1f9e41be1dbf3\",\"name\":\"Vinicius Pereira\",\"image\":{\"@type\":\"ImageObject\",\"inLanguage\":\"pt-BR\",\"@id\":\"https:\/\/www.suno.com.br\/noticias\/#\/schema\/person\/image\/\",\"url\":\"https:\/\/secure.gravatar.com\/avatar\/783866b933198f5cc4c5d03fcc8b1301?s=96&r=g\",\"contentUrl\":\"https:\/\/secure.gravatar.com\/avatar\/783866b933198f5cc4c5d03fcc8b1301?s=96&r=g\",\"caption\":\"Vinicius Pereira\"},\"description\":\"Vinicius Pereira foi rep\u00f3rter de economia da Folha de S.Paulo, stringer do jornal no Canad\u00e1 e colaborador de VEJA. J\u00e1 escreveu tamb\u00e9m para BBC Brasil, The Intercept Brasil e UOL. Tem MBA em Informa\u00e7\u00f5es Econ\u00f4mico-Financeiras e Mercado de Capitais pela FIA\/B3.\",\"sameAs\":[\"https:\/\/x.com\/https:\/\/twitter.com\/viniciuspjornal\"],\"url\":\"https:\/\/www.suno.com.br\/noticias\/author\/vinicius-pereira\/\"}]}<\/script>\n<!-- \/ Yoast SEO plugin. -->","yoast_head_json":{"title":"Greve dos caminhoneiros: Bolsonaro apela, ,mas paralisa\u00e7\u00e3o \u00e9 mantida","description":"Para l\u00edderes de greve dos caminhoneiros, paralisa\u00e7\u00e3o est\u00e1 mantida. Bolsonaro pediu que a categoria n\u00e3o entrasse em greve. Clique para ler.","robots":{"index":"index","follow":"follow","max-snippet":"max-snippet:-1","max-image-preview":"max-image-preview:large","max-video-preview":"max-video-preview:-1"},"canonical":"https:\/\/www.suno.com.br\/noticias\/greve-dos-caminhoneiros-apesar-do-apelo-de-bolsonaro-paralisacao-e-mantida\/","og_locale":"pt_BR","og_type":"article","og_title":"Greve dos caminhoneiros: Bolsonaro apela, ,mas paralisa\u00e7\u00e3o \u00e9 mantida","og_description":"Para l\u00edderes de greve dos caminhoneiros, paralisa\u00e7\u00e3o est\u00e1 mantida. Bolsonaro pediu que a categoria n\u00e3o entrasse em greve. Clique para ler.","og_url":"https:\/\/www.suno.com.br\/noticias\/greve-dos-caminhoneiros-apesar-do-apelo-de-bolsonaro-paralisacao-e-mantida\/","og_site_name":"Suno Not\u00edcias","article_publisher":"https:\/\/facebook.com\/sunoresearch","og_image":[{"width":400,"height":400,"url":"https:\/\/files.sunoresearch.com.br\/n\/uploads\/2021\/01\/b6f75661-greve-dos-caminhoneiros.jpg","type":"image\/jpeg"}],"author":"Vinicius Pereira","twitter_card":"summary_large_image","twitter_creator":"@https:\/\/twitter.com\/viniciuspjornal","twitter_site":"@sunoresearch","twitter_misc":{"Escrito por":"Vinicius Pereira","Est. tempo de leitura":"3 minutos"},"schema":{"@context":"https:\/\/schema.org","@graph":[{"@type":"NewsArticle","@id":"https:\/\/www.suno.com.br\/noticias\/greve-dos-caminhoneiros-apesar-do-apelo-de-bolsonaro-paralisacao-e-mantida\/#article","isPartOf":{"@id":"https:\/\/www.suno.com.br\/noticias\/greve-dos-caminhoneiros-apesar-do-apelo-de-bolsonaro-paralisacao-e-mantida\/"},"author":{"name":"Vinicius Pereira","@id":"https:\/\/www.suno.com.br\/noticias\/#\/schema\/person\/a20761b96e4df7eb57f1f9e41be1dbf3"},"headline":"Greve dos caminhoneiros: apesar do apelo de Bolsonaro, paralisa\u00e7\u00e3o \u00e9 mantida","datePublished":"2021-01-31T17:12:22+00:00","dateModified":"2021-02-03T15:34:40+00:00","mainEntityOfPage":{"@id":"https:\/\/www.suno.com.br\/noticias\/greve-dos-caminhoneiros-apesar-do-apelo-de-bolsonaro-paralisacao-e-mantida\/"},"wordCount":595,"publisher":{"@id":"https:\/\/www.suno.com.br\/noticias\/#organization"},"image":{"@id":"https:\/\/www.suno.com.br\/noticias\/greve-dos-caminhoneiros-apesar-do-apelo-de-bolsonaro-paralisacao-e-mantida\/#primaryimage"},"thumbnailUrl":"https:\/\/files.sunoresearch.com.br\/n\/uploads\/2021\/01\/b6f75661-greve-dos-caminhoneiros-jpg.webp","keywords":["greve dos caminhoneiros","greves"],"articleSection":["Economia"],"inLanguage":"pt-BR"},{"@type":"WebPage","@id":"https:\/\/www.suno.com.br\/noticias\/greve-dos-caminhoneiros-apesar-do-apelo-de-bolsonaro-paralisacao-e-mantida\/","url":"https:\/\/www.suno.com.br\/noticias\/greve-dos-caminhoneiros-apesar-do-apelo-de-bolsonaro-paralisacao-e-mantida\/","name":"Greve dos caminhoneiros: Bolsonaro apela, ,mas paralisa\u00e7\u00e3o \u00e9 mantida","isPartOf":{"@id":"https:\/\/www.suno.com.br\/noticias\/#website"},"primaryImageOfPage":{"@id":"https:\/\/www.suno.com.br\/noticias\/greve-dos-caminhoneiros-apesar-do-apelo-de-bolsonaro-paralisacao-e-mantida\/#primaryimage"},"image":{"@id":"https:\/\/www.suno.com.br\/noticias\/greve-dos-caminhoneiros-apesar-do-apelo-de-bolsonaro-paralisacao-e-mantida\/#primaryimage"},"thumbnailUrl":"https:\/\/files.sunoresearch.com.br\/n\/uploads\/2021\/01\/b6f75661-greve-dos-caminhoneiros-jpg.webp","datePublished":"2021-01-31T17:12:22+00:00","dateModified":"2021-02-03T15:34:40+00:00","description":"Para l\u00edderes de greve dos caminhoneiros, paralisa\u00e7\u00e3o est\u00e1 mantida. Bolsonaro pediu que a categoria n\u00e3o entrasse em greve. Clique para ler.","breadcrumb":{"@id":"https:\/\/www.suno.com.br\/noticias\/greve-dos-caminhoneiros-apesar-do-apelo-de-bolsonaro-paralisacao-e-mantida\/#breadcrumb"},"inLanguage":"pt-BR","potentialAction":[{"@type":"ReadAction","target":["https:\/\/www.suno.com.br\/noticias\/greve-dos-caminhoneiros-apesar-do-apelo-de-bolsonaro-paralisacao-e-mantida\/"]}]},{"@type":"ImageObject","inLanguage":"pt-BR","@id":"https:\/\/www.suno.com.br\/noticias\/greve-dos-caminhoneiros-apesar-do-apelo-de-bolsonaro-paralisacao-e-mantida\/#primaryimage","url":"https:\/\/files.sunoresearch.com.br\/n\/uploads\/2021\/01\/b6f75661-greve-dos-caminhoneiros-jpg.webp","contentUrl":"https:\/\/files.sunoresearch.com.br\/n\/uploads\/2021\/01\/b6f75661-greve-dos-caminhoneiros-jpg.webp","width":400,"height":400,"caption":"Greve dos caminhoneiros: apesar do apelo de Bolsonaro, paralisa\u00e7\u00e3o \u00e9 mantida"},{"@type":"BreadcrumbList","@id":"https:\/\/www.suno.com.br\/noticias\/greve-dos-caminhoneiros-apesar-do-apelo-de-bolsonaro-paralisacao-e-mantida\/#breadcrumb","itemListElement":[{"@type":"ListItem","position":1,"name":"Not\u00edcias","item":"https:\/\/www.suno.com.br\/noticias\/"},{"@type":"ListItem","position":2,"name":"Economia","item":"https:\/\/www.suno.com.br\/noticias\/economia\/"},{"@type":"ListItem","position":3,"name":"Greve dos caminhoneiros: apesar do apelo de Bolsonaro, paralisa\u00e7\u00e3o \u00e9 mantida"}]},{"@type":"WebSite","@id":"https:\/\/www.suno.com.br\/noticias\/#website","url":"https:\/\/www.suno.com.br\/noticias\/","name":"Suno Not\u00edcias","description":"Seu portal de informa\u00e7\u00e3o sobre o mundo dos investimentos","publisher":{"@id":"https:\/\/www.suno.com.br\/noticias\/#organization"},"potentialAction":[{"@type":"SearchAction","target":{"@type":"EntryPoint","urlTemplate":"https:\/\/www.suno.com.br\/noticias\/?s={search_term_string}"},"query-input":{"@type":"PropertyValueSpecification","valueRequired":true,"valueName":"search_term_string"}}],"inLanguage":"pt-BR"},{"@type":"Organization","@id":"https:\/\/www.suno.com.br\/noticias\/#organization","name":"Suno Not\u00edcias","url":"https:\/\/www.suno.com.br\/noticias\/","logo":{"@type":"ImageObject","inLanguage":"pt-BR","@id":"https:\/\/www.suno.com.br\/noticias\/#\/schema\/logo\/image\/","url":"https:\/\/files.sunoresearch.com.br\/n\/uploads\/2021\/09\/suno-logo.png","contentUrl":"https:\/\/files.sunoresearch.com.br\/n\/uploads\/2021\/09\/suno-logo.png","width":180,"height":180,"caption":"Suno Not\u00edcias"},"image":{"@id":"https:\/\/www.suno.com.br\/noticias\/#\/schema\/logo\/image\/"},"sameAs":["https:\/\/facebook.com\/sunoresearch","https:\/\/x.com\/sunoresearch","https:\/\/www.instagram.com\/suno","https:\/\/www.linkedin.com\/company\/suno-research\/","https:\/\/www.youtube.com\/c\/sunoresearch"]},{"@type":"Person","@id":"https:\/\/www.suno.com.br\/noticias\/#\/schema\/person\/a20761b96e4df7eb57f1f9e41be1dbf3","name":"Vinicius Pereira","image":{"@type":"ImageObject","inLanguage":"pt-BR","@id":"https:\/\/www.suno.com.br\/noticias\/#\/schema\/person\/image\/","url":"https:\/\/secure.gravatar.com\/avatar\/783866b933198f5cc4c5d03fcc8b1301?s=96&r=g","contentUrl":"https:\/\/secure.gravatar.com\/avatar\/783866b933198f5cc4c5d03fcc8b1301?s=96&r=g","caption":"Vinicius Pereira"},"description":"Vinicius Pereira foi rep\u00f3rter de economia da Folha de S.Paulo, stringer do jornal no Canad\u00e1 e colaborador de VEJA. J\u00e1 escreveu tamb\u00e9m para BBC Brasil, The Intercept Brasil e UOL. Tem MBA em Informa\u00e7\u00f5es Econ\u00f4mico-Financeiras e Mercado de Capitais pela FIA\/B3.","sameAs":["https:\/\/x.com\/https:\/\/twitter.com\/viniciuspjornal"],"url":"https:\/\/www.suno.com.br\/noticias\/author\/vinicius-pereira\/"}]}},"default_loop_html":"<div class=\"cardsPage__listCard__boxs\"><div class=\"cardsPage__listCard__boxs__img\"><a href=\"https:\/\/www.suno.com.br\/noticias\/greve-dos-caminhoneiros-apesar-do-apelo-de-bolsonaro-paralisacao-e-mantida\/\"><img class=\"mask\" src=\"https:\/\/www.suno.com.br\/noticias\/wp-content\/themes\/suno\/resources\/images\/spotlight\/spotlight1img\/bg-mask.png\" alt=\"Image Mask\"\/><img src=\"https:\/\/files.sunoresearch.com.br\/n\/uploads\/2021\/01\/b6f75661-greve-dos-caminhoneiros-400x200.webp\" alt=\"Greve dos caminhoneiros: apesar do apelo de Bolsonaro, paralisa\u00e7\u00e3o \u00e9 mantida\"\/><\/a><span class=\"spotlightCategory\"><a href=\"https:\/\/www.suno.com.br\/noticias\/economia\/\">Economia<\/a><\/span><\/div><div class=\"cardsPage__listCard__boxs__content\"><a href=\"https:\/\/www.suno.com.br\/noticias\/greve-dos-caminhoneiros-apesar-do-apelo-de-bolsonaro-paralisacao-e-mantida\/\"><h2 class=\"content__title\">Greve dos caminhoneiros: apesar do apelo de Bolsonaro, paralisa\u00e7\u00e3o \u00e9 mantida<\/h2><\/a><div class=\"newsContent__article__meta\"><div class=\"newsContent__article__meta__authorBox\"><a href=\"https:\/\/www.suno.com.br\/noticias\/author\/vinicius-pereira\/\" class=\"authorBox__avatar noMobi\"><img src=\"https:\/\/files.sunoresearch.com.br\/n\/uploads\/2020\/08\/77510613-whatsapp-image-2020-08-03-at-13.40.40-150x150.webp\" alt=\"Vinicius Pereira\"><\/a><div class=\"authorBox__name\"><span>por\n\t\t\t<a href=\"https:\/\/www.suno.com.br\/noticias\/author\/vinicius-pereira\/\"><span itemprop=\"author\">Vinicius Pereira<\/span><\/a><\/span><time datetime=\"2021-01-31T14:12:22-03:00\" itemprop=\"datePublished\">31\/01\/2021 14:12<\/time><\/div><\/div><\/div><\/div><\/div>","single_layout":"posts","amp_enabled":true,"_links":{"self":[{"href":"https:\/\/www.suno.com.br\/noticias\/wp-json\/wp\/v2\/posts\/117499"}],"collection":[{"href":"https:\/\/www.suno.com.br\/noticias\/wp-json\/wp\/v2\/posts"}],"about":[{"href":"https:\/\/www.suno.com.br\/noticias\/wp-json\/wp\/v2\/types\/post"}],"author":[{"embeddable":true,"href":"https:\/\/www.suno.com.br\/noticias\/wp-json\/wp\/v2\/users\/27"}],"replies":[{"embeddable":true,"href":"https:\/\/www.suno.com.br\/noticias\/wp-json\/wp\/v2\/comments?post=117499"}],"version-history":[{"count":0,"href":"https:\/\/www.suno.com.br\/noticias\/wp-json\/wp\/v2\/posts\/117499\/revisions"}],"wp:featuredmedia":[{"embeddable":true,"href":"https:\/\/www.suno.com.br\/noticias\/wp-json\/wp\/v2\/media\/117249"}],"wp:attachment":[{"href":"https:\/\/www.suno.com.br\/noticias\/wp-json\/wp\/v2\/media?parent=117499"}],"wp:term":[{"taxonomy":"category","embeddable":true,"href":"https:\/\/www.suno.com.br\/noticias\/wp-json\/wp\/v2\/categories?post=117499"},{"taxonomy":"post_tag","embeddable":true,"href":"https:\/\/www.suno.com.br\/noticias\/wp-json\/wp\/v2\/tags?post=117499"},{"taxonomy":"suno_strategy","embeddable":true,"href":"https:\/\/www.suno.com.br\/noticias\/wp-json\/wp\/v2\/suno_strategy?post=117499"}],"curies":[{"name":"wp","href":"https:\/\/api.w.org\/{rel}","templated":true}]}}