{"id":117494,"date":"2021-01-31T11:12:28","date_gmt":"2021-01-31T14:12:28","guid":{"rendered":"https:\/\/www.suno.com.br\/noticias\/?p=117494"},"modified":"2021-01-31T15:22:12","modified_gmt":"2021-01-31T18:22:12","slug":"eike-batista-busca-recomprar-porto-do-acu-diz-jornal","status":"publish","type":"post","link":"https:\/\/www.suno.com.br\/noticias\/eike-batista-busca-recomprar-porto-do-acu-diz-jornal\/","title":{"rendered":"Eike Batista busca recomprar Porto do A\u00e7u, diz jornal"},"content":{"rendered":"<p>O empres\u00e1rio <a href=\"https:\/\/www.suno.com.br\/tudo-sobre\/eike-batista\/\"><strong>Eike Batista<\/strong><\/a> busca recomprar o Porto do A\u00e7u com a ajuda da companhia China Development Integration (CDIL), de acordo com informa\u00e7\u00f5es publicadas neste domingo (31) pelo jornal &#8220;O Globo&#8221;.<\/p>\t<div class=\"wrapper-featured-image\">\n\t\t<figure class=\"spotlightImg\">\n\n\t\t\t<picture>\n\t\t\t\t<source media=\"(max-width: 768px)\" srcset=\"https:\/\/files.sunoresearch.com.br\/n\/uploads\/2020\/11\/587343b3-eike-batista-1-400x200.webp\">\n\t\t\t\t<img loading=\"lazy\" decoding=\"async\" class=\"newsContent__article__imgCapa lazyloadDisabled \" src=\"https:\/\/files.sunoresearch.com.br\/n\/uploads\/2020\/11\/587343b3-eike-batista-1-jpg.webp\" width=\"800\" height=\"450\" alt=\"Eike Batista busca recomprar Porto do A\u00e7u, diz jornal\" fetchpriority=high \/>\n\t\t\t<\/picture>\n\n\t\t\t<figcaption class=\"wp-caption-text wp-caption-text--show\">Eike Batista busca recomprar Porto do A\u00e7u, diz jornal<\/figcaption>\n\t\t<\/figure>\n\t<\/div>\n\n\n<p>Segundo a publica\u00e7\u00e3o, no m\u00eas passado, Eike Batista foi ao empreendimento, localizado no norte do Rio de Janeiro, com um investidor chin\u00eas para apresent\u00e1-lo ao local.<\/p>\n\t<p>\n\t\t<a href=\"https:\/\/lp.suno.com.br\/planilha-controle-gastos\/\" target=\"_blank\" data-element=\"shortcode-suno-banner\" title=\"Banner SUNO, clique e saiba mais\">\n\t\t\t<picture>\n\t\t\t\t<source media=\"(max-width: 500px)\" srcset=\"https:\/\/files.sunoresearch.com.br\/n\/uploads\/2023\/03\/400x300-Planilha-controle-de-gastos.png\">\n\t\t\t\t<img class=\"newsContent__article__imgCapa newsContent__article__imgCapa--banner\"\n\t\t\t\t\tsrc=\"https:\/\/files.sunoresearch.com.br\/n\/uploads\/2023\/03\/1420x240-Planilha-controle-de-gastos.png\"\n\t\t\t\t\tdata-promo-id=\"101751\"\t\t\t\t\t\t\t\t\t\twidth='1420' height='240'\t\t\t\t\talt=\"https:\/\/files.sunoresearch.com.br\/n\/uploads\/2023\/03\/1420x240-Planilha-controle-de-gastos.png\"\n\t\t\t\t>\n\t\t\t<\/picture>\n\t\t<\/a>\n\t<\/p>\n\n\n<p>O Porto A\u00e7u j\u00e1 pertenceu integralmente a MMX <a href=\"https:\/\/www.suno.com.br\/acoes\/mmxm3\/\">(MMXM3)<\/a>, empresa do grupo EBX, de Eike Batista. Atualmente, a MMX est\u00e1 em recupera\u00e7\u00e3o judicial e se mant\u00e9m em opera\u00e7\u00e3o via liminar, sendo que o empres\u00e1rio ainda possui cerca de 49,7% na mineradora MMX.<\/p>\n<p>J\u00e1 o Porto A\u00e7u \u00e9 administrado pela Prumo Log\u00edstica e \u00e9 respons\u00e1vel por 25% das exporta\u00e7\u00f5es brasileiras de petr\u00f3leo. Em opera\u00e7\u00e3o desde 2014, o empreendimento portu\u00e1rio, industrial e de gera\u00e7\u00e3o de energia, \u00e9 composto por 13 empresas \u2013 7 independentes e 6 subsidi\u00e1rias da Prumo.<\/p>\n<h2>MMX, de Eike, aguarda dela\u00e7\u00e3o premiada<\/h2>\n<p>A <strong>MMX<\/strong> (<a href=\"https:\/\/www.suno.com.br\/acoes\/mmxm3\/\" target=\"_blank\" rel=\"noopener noreferrer\">MMXM3<\/a>) informou, no m\u00eas passado, que <a href=\"https:\/\/www.suno.com.br\/tudo-sobre\/eike-batista\/\" target=\"_blank\" rel=\"noopener noreferrer\">Eike Batista<\/a>, acionista controlador da empresa, aguarda uma poss\u00edvel homologa\u00e7\u00e3o de acordo de dela\u00e7\u00e3o premiada acordado com o Minist\u00e9rio P\u00fablico Federal, mas que ainda n\u00e3o recebeu nenhuma comunica\u00e7\u00e3o oficial confirmando a homologa\u00e7\u00e3o.<\/p>\n<p>O esclarecimento, enviado \u00e0 Comiss\u00e3o de Valores Mobili\u00e1rios (CVM), ocorre depois da divulga\u00e7\u00e3o de not\u00edcias de que a ministra <strong>Rosa Weber<\/strong>, do Supremo Tribunal Federal, teria homologado o acordo de <strong>dela\u00e7\u00e3o premiada<\/strong> do empres\u00e1rio no dia 03 de novembro.<\/p>\n<p>A empresa, que est\u00e1 em recupera\u00e7\u00e3o judicial, afirmou que n\u00e3o foi citada em nenhuma das not\u00edcias \u00e0s quais teve acesso, e que est\u00e1 atenta a poss\u00edveis <strong>desdobramentos<\/strong> do evento, especialmente se envolverem a companhia.<\/p>\n<p>Em meados de 2020, o empres\u00e1rio e acionista da\u00a0<strong>MMX<\/strong>\u00a0foi\u00a0<a href=\"https:\/\/www.suno.com.br\/noticias\/eike-batista-condenado-manipulacao-mercado\/\">condenado a oito anos de pris\u00e3o em regime semiaberto por manipula\u00e7\u00e3o do mercado de capitais<\/a>\u00a0com a divulga\u00e7\u00e3o de informa\u00e7\u00f5es falsas referentes \u00e0 opera\u00e7\u00e3o de sua petroleira OGX.<\/p>\n<p>A companhia de <strong>Eike Batista<\/strong> foi uma das mais famosas da <strong>Bolsa<\/strong>\u00a0brasileira na d\u00e9cada de 2000, mas se mostrou\u00a0<a href=\"https:\/\/www.suno.com.br\/noticias\/bolsa-valores-ascensao-queda-fraudes\/\">uma das grandes fraudes da hist\u00f3ria do mercado de capitais<\/a>\u00a0do Pa\u00eds.<\/p>\n\t<p>\n\t\t<a href=\"https:\/\/lp.suno.com.br\/planilha-de-controle-de-investimentos\/\" target=\"_blank\" data-element=\"shortcode-suno-banner\" title=\"Banner SUNO, clique e saiba mais\">\n\t\t\t<picture>\n\t\t\t\t<source media=\"(max-width: 500px)\" srcset=\"https:\/\/files.sunoresearch.com.br\/n\/uploads\/2023\/03\/400x300-Controle-de-Investimentos.png\">\n\t\t\t\t<img class=\"newsContent__article__imgCapa newsContent__article__imgCapa--banner\"\n\t\t\t\t\tsrc=\"https:\/\/files.sunoresearch.com.br\/n\/uploads\/2023\/03\/1420x240-Controle-de-Investimentos.png\"\n\t\t\t\t\tdata-promo-id=\"75934\"\t\t\t\t\t\t\t\t\t\twidth='1420' height='240'\t\t\t\t\talt=\"https:\/\/files.sunoresearch.com.br\/n\/uploads\/2023\/03\/1420x240-Controle-de-Investimentos.png\"\n\t\t\t\t>\n\t\t\t<\/picture>\n\t\t<\/a>\n\t<\/p>\n\n\n","protected":false},"excerpt":{"rendered":"<p>O empres\u00e1rio Eike Batista busca recomprar o Porto do A\u00e7u com a ajuda da companhia China Development Integration (CDIL), de acordo com informa\u00e7\u00f5es publicadas neste domingo (31) pelo jornal &#8220;O Globo&#8221;. Eike Batista busca recomprar Porto do A\u00e7u, diz jornal Segundo a publica\u00e7\u00e3o, no m\u00eas passado, Eike Batista foi ao empreendimento, localizado no norte do [&hellip;]<\/p>\n","protected":false},"author":27,"featured_media":97396,"comment_status":"closed","ping_status":"closed","sticky":false,"template":"","format":"standard","meta":[],"categories":[64],"tags":[1415],"suno_strategy":[],"class_list":["post-117494","post","type-post","status-publish","format-standard","has-post-thumbnail","hentry","category-negocios","tag-eike-batista"],"yoast_head":"<!-- This site is optimized with the Yoast SEO plugin v24.4 - https:\/\/yoast.com\/wordpress\/plugins\/seo\/ -->\n<title>Eike Batista busca recomprar Porto do A\u00e7u, diz jornal<\/title>\n<meta name=\"description\" content=\"Segundo &quot;O Globo&quot;, Eike Batista busca o Porto do A\u00e7u com a ajuda da companhia China Development Integration (CDIL). CLique para ler.\" \/>\n<meta name=\"robots\" content=\"index, follow, max-snippet:-1, max-image-preview:large, max-video-preview:-1\" \/>\n<link rel=\"canonical\" href=\"https:\/\/www.suno.com.br\/noticias\/eike-batista-busca-recomprar-porto-do-acu-diz-jornal\/\" \/>\n<meta property=\"og:locale\" content=\"pt_BR\" \/>\n<meta property=\"og:type\" content=\"article\" \/>\n<meta property=\"og:title\" content=\"Eike Batista busca recomprar Porto do A\u00e7u, diz jornal\" \/>\n<meta property=\"og:description\" content=\"Segundo &quot;O Globo&quot;, Eike Batista busca o Porto do A\u00e7u com a ajuda da companhia China Development Integration (CDIL). CLique para ler.\" \/>\n<meta property=\"og:url\" content=\"https:\/\/www.suno.com.br\/noticias\/eike-batista-busca-recomprar-porto-do-acu-diz-jornal\/\" \/>\n<meta property=\"og:site_name\" content=\"Suno Not\u00edcias\" \/>\n<meta property=\"article:publisher\" content=\"https:\/\/facebook.com\/sunoresearch\" \/>\n<meta property=\"og:image\" content=\"https:\/\/files.sunoresearch.com.br\/n\/uploads\/2020\/11\/587343b3-eike-batista-1.jpg\" \/>\n\t<meta property=\"og:image:width\" content=\"651\" \/>\n\t<meta property=\"og:image:height\" content=\"380\" \/>\n\t<meta property=\"og:image:type\" content=\"image\/jpeg\" \/>\n<meta name=\"author\" content=\"Vinicius Pereira\" \/>\n<meta name=\"twitter:card\" content=\"summary_large_image\" \/>\n<meta name=\"twitter:creator\" content=\"@https:\/\/twitter.com\/viniciuspjornal\" \/>\n<meta name=\"twitter:site\" content=\"@sunoresearch\" \/>\n<meta name=\"twitter:label1\" content=\"Escrito por\" \/>\n\t<meta name=\"twitter:data1\" content=\"Vinicius Pereira\" \/>\n\t<meta name=\"twitter:label2\" content=\"Est. tempo de leitura\" \/>\n\t<meta name=\"twitter:data2\" content=\"2 minutos\" \/>\n<script type=\"application\/ld+json\" class=\"yoast-schema-graph\">{\"@context\":\"https:\/\/schema.org\",\"@graph\":[{\"@type\":\"NewsArticle\",\"@id\":\"https:\/\/www.suno.com.br\/noticias\/eike-batista-busca-recomprar-porto-do-acu-diz-jornal\/#article\",\"isPartOf\":{\"@id\":\"https:\/\/www.suno.com.br\/noticias\/eike-batista-busca-recomprar-porto-do-acu-diz-jornal\/\"},\"author\":{\"name\":\"Vinicius Pereira\",\"@id\":\"https:\/\/www.suno.com.br\/noticias\/#\/schema\/person\/a20761b96e4df7eb57f1f9e41be1dbf3\"},\"headline\":\"Eike Batista busca recomprar Porto do A\u00e7u, diz jornal\",\"datePublished\":\"2021-01-31T14:12:28+00:00\",\"dateModified\":\"2021-01-31T18:22:12+00:00\",\"mainEntityOfPage\":{\"@id\":\"https:\/\/www.suno.com.br\/noticias\/eike-batista-busca-recomprar-porto-do-acu-diz-jornal\/\"},\"wordCount\":384,\"publisher\":{\"@id\":\"https:\/\/www.suno.com.br\/noticias\/#organization\"},\"image\":{\"@id\":\"https:\/\/www.suno.com.br\/noticias\/eike-batista-busca-recomprar-porto-do-acu-diz-jornal\/#primaryimage\"},\"thumbnailUrl\":\"https:\/\/files.sunoresearch.com.br\/n\/uploads\/2020\/11\/587343b3-eike-batista-1-jpg.webp\",\"keywords\":[\"Eike Batista\"],\"articleSection\":[\"Neg\u00f3cios\"],\"inLanguage\":\"pt-BR\"},{\"@type\":\"WebPage\",\"@id\":\"https:\/\/www.suno.com.br\/noticias\/eike-batista-busca-recomprar-porto-do-acu-diz-jornal\/\",\"url\":\"https:\/\/www.suno.com.br\/noticias\/eike-batista-busca-recomprar-porto-do-acu-diz-jornal\/\",\"name\":\"Eike Batista busca recomprar Porto do A\u00e7u, diz jornal\",\"isPartOf\":{\"@id\":\"https:\/\/www.suno.com.br\/noticias\/#website\"},\"primaryImageOfPage\":{\"@id\":\"https:\/\/www.suno.com.br\/noticias\/eike-batista-busca-recomprar-porto-do-acu-diz-jornal\/#primaryimage\"},\"image\":{\"@id\":\"https:\/\/www.suno.com.br\/noticias\/eike-batista-busca-recomprar-porto-do-acu-diz-jornal\/#primaryimage\"},\"thumbnailUrl\":\"https:\/\/files.sunoresearch.com.br\/n\/uploads\/2020\/11\/587343b3-eike-batista-1-jpg.webp\",\"datePublished\":\"2021-01-31T14:12:28+00:00\",\"dateModified\":\"2021-01-31T18:22:12+00:00\",\"description\":\"Segundo \\\"O Globo\\\", Eike Batista busca o Porto do A\u00e7u com a ajuda da companhia China Development Integration (CDIL). CLique para ler.\",\"breadcrumb\":{\"@id\":\"https:\/\/www.suno.com.br\/noticias\/eike-batista-busca-recomprar-porto-do-acu-diz-jornal\/#breadcrumb\"},\"inLanguage\":\"pt-BR\",\"potentialAction\":[{\"@type\":\"ReadAction\",\"target\":[\"https:\/\/www.suno.com.br\/noticias\/eike-batista-busca-recomprar-porto-do-acu-diz-jornal\/\"]}]},{\"@type\":\"ImageObject\",\"inLanguage\":\"pt-BR\",\"@id\":\"https:\/\/www.suno.com.br\/noticias\/eike-batista-busca-recomprar-porto-do-acu-diz-jornal\/#primaryimage\",\"url\":\"https:\/\/files.sunoresearch.com.br\/n\/uploads\/2020\/11\/587343b3-eike-batista-1-jpg.webp\",\"contentUrl\":\"https:\/\/files.sunoresearch.com.br\/n\/uploads\/2020\/11\/587343b3-eike-batista-1-jpg.webp\",\"width\":651,\"height\":380,\"caption\":\"Eike Batista busca recomprar Porto do A\u00e7u, diz jornal\"},{\"@type\":\"BreadcrumbList\",\"@id\":\"https:\/\/www.suno.com.br\/noticias\/eike-batista-busca-recomprar-porto-do-acu-diz-jornal\/#breadcrumb\",\"itemListElement\":[{\"@type\":\"ListItem\",\"position\":1,\"name\":\"Not\u00edcias\",\"item\":\"https:\/\/www.suno.com.br\/noticias\/\"},{\"@type\":\"ListItem\",\"position\":2,\"name\":\"Neg\u00f3cios\",\"item\":\"https:\/\/www.suno.com.br\/noticias\/negocios\/\"},{\"@type\":\"ListItem\",\"position\":3,\"name\":\"Eike Batista busca recomprar Porto do A\u00e7u, diz jornal\"}]},{\"@type\":\"WebSite\",\"@id\":\"https:\/\/www.suno.com.br\/noticias\/#website\",\"url\":\"https:\/\/www.suno.com.br\/noticias\/\",\"name\":\"Suno Not\u00edcias\",\"description\":\"Seu portal de informa\u00e7\u00e3o sobre o mundo dos investimentos\",\"publisher\":{\"@id\":\"https:\/\/www.suno.com.br\/noticias\/#organization\"},\"potentialAction\":[{\"@type\":\"SearchAction\",\"target\":{\"@type\":\"EntryPoint\",\"urlTemplate\":\"https:\/\/www.suno.com.br\/noticias\/?s={search_term_string}\"},\"query-input\":{\"@type\":\"PropertyValueSpecification\",\"valueRequired\":true,\"valueName\":\"search_term_string\"}}],\"inLanguage\":\"pt-BR\"},{\"@type\":\"Organization\",\"@id\":\"https:\/\/www.suno.com.br\/noticias\/#organization\",\"name\":\"Suno Not\u00edcias\",\"url\":\"https:\/\/www.suno.com.br\/noticias\/\",\"logo\":{\"@type\":\"ImageObject\",\"inLanguage\":\"pt-BR\",\"@id\":\"https:\/\/www.suno.com.br\/noticias\/#\/schema\/logo\/image\/\",\"url\":\"https:\/\/files.sunoresearch.com.br\/n\/uploads\/2021\/09\/suno-logo.png\",\"contentUrl\":\"https:\/\/files.sunoresearch.com.br\/n\/uploads\/2021\/09\/suno-logo.png\",\"width\":180,\"height\":180,\"caption\":\"Suno Not\u00edcias\"},\"image\":{\"@id\":\"https:\/\/www.suno.com.br\/noticias\/#\/schema\/logo\/image\/\"},\"sameAs\":[\"https:\/\/facebook.com\/sunoresearch\",\"https:\/\/x.com\/sunoresearch\",\"https:\/\/www.instagram.com\/suno\",\"https:\/\/www.linkedin.com\/company\/suno-research\/\",\"https:\/\/www.youtube.com\/c\/sunoresearch\"]},{\"@type\":\"Person\",\"@id\":\"https:\/\/www.suno.com.br\/noticias\/#\/schema\/person\/a20761b96e4df7eb57f1f9e41be1dbf3\",\"name\":\"Vinicius Pereira\",\"image\":{\"@type\":\"ImageObject\",\"inLanguage\":\"pt-BR\",\"@id\":\"https:\/\/www.suno.com.br\/noticias\/#\/schema\/person\/image\/\",\"url\":\"https:\/\/secure.gravatar.com\/avatar\/783866b933198f5cc4c5d03fcc8b1301?s=96&r=g\",\"contentUrl\":\"https:\/\/secure.gravatar.com\/avatar\/783866b933198f5cc4c5d03fcc8b1301?s=96&r=g\",\"caption\":\"Vinicius Pereira\"},\"description\":\"Vinicius Pereira foi rep\u00f3rter de economia da Folha de S.Paulo, stringer do jornal no Canad\u00e1 e colaborador de VEJA. J\u00e1 escreveu tamb\u00e9m para BBC Brasil, The Intercept Brasil e UOL. Tem MBA em Informa\u00e7\u00f5es Econ\u00f4mico-Financeiras e Mercado de Capitais pela FIA\/B3.\",\"sameAs\":[\"https:\/\/x.com\/https:\/\/twitter.com\/viniciuspjornal\"],\"url\":\"https:\/\/www.suno.com.br\/noticias\/author\/vinicius-pereira\/\"}]}<\/script>\n<!-- \/ Yoast SEO plugin. -->","yoast_head_json":{"title":"Eike Batista busca recomprar Porto do A\u00e7u, diz jornal","description":"Segundo \"O Globo\", Eike Batista busca o Porto do A\u00e7u com a ajuda da companhia China Development Integration (CDIL). CLique para ler.","robots":{"index":"index","follow":"follow","max-snippet":"max-snippet:-1","max-image-preview":"max-image-preview:large","max-video-preview":"max-video-preview:-1"},"canonical":"https:\/\/www.suno.com.br\/noticias\/eike-batista-busca-recomprar-porto-do-acu-diz-jornal\/","og_locale":"pt_BR","og_type":"article","og_title":"Eike Batista busca recomprar Porto do A\u00e7u, diz jornal","og_description":"Segundo \"O Globo\", Eike Batista busca o Porto do A\u00e7u com a ajuda da companhia China Development Integration (CDIL). CLique para ler.","og_url":"https:\/\/www.suno.com.br\/noticias\/eike-batista-busca-recomprar-porto-do-acu-diz-jornal\/","og_site_name":"Suno Not\u00edcias","article_publisher":"https:\/\/facebook.com\/sunoresearch","og_image":[{"width":651,"height":380,"url":"https:\/\/files.sunoresearch.com.br\/n\/uploads\/2020\/11\/587343b3-eike-batista-1.jpg","type":"image\/jpeg"}],"author":"Vinicius Pereira","twitter_card":"summary_large_image","twitter_creator":"@https:\/\/twitter.com\/viniciuspjornal","twitter_site":"@sunoresearch","twitter_misc":{"Escrito por":"Vinicius Pereira","Est. tempo de leitura":"2 minutos"},"schema":{"@context":"https:\/\/schema.org","@graph":[{"@type":"NewsArticle","@id":"https:\/\/www.suno.com.br\/noticias\/eike-batista-busca-recomprar-porto-do-acu-diz-jornal\/#article","isPartOf":{"@id":"https:\/\/www.suno.com.br\/noticias\/eike-batista-busca-recomprar-porto-do-acu-diz-jornal\/"},"author":{"name":"Vinicius Pereira","@id":"https:\/\/www.suno.com.br\/noticias\/#\/schema\/person\/a20761b96e4df7eb57f1f9e41be1dbf3"},"headline":"Eike Batista busca recomprar Porto do A\u00e7u, diz jornal","datePublished":"2021-01-31T14:12:28+00:00","dateModified":"2021-01-31T18:22:12+00:00","mainEntityOfPage":{"@id":"https:\/\/www.suno.com.br\/noticias\/eike-batista-busca-recomprar-porto-do-acu-diz-jornal\/"},"wordCount":384,"publisher":{"@id":"https:\/\/www.suno.com.br\/noticias\/#organization"},"image":{"@id":"https:\/\/www.suno.com.br\/noticias\/eike-batista-busca-recomprar-porto-do-acu-diz-jornal\/#primaryimage"},"thumbnailUrl":"https:\/\/files.sunoresearch.com.br\/n\/uploads\/2020\/11\/587343b3-eike-batista-1-jpg.webp","keywords":["Eike Batista"],"articleSection":["Neg\u00f3cios"],"inLanguage":"pt-BR"},{"@type":"WebPage","@id":"https:\/\/www.suno.com.br\/noticias\/eike-batista-busca-recomprar-porto-do-acu-diz-jornal\/","url":"https:\/\/www.suno.com.br\/noticias\/eike-batista-busca-recomprar-porto-do-acu-diz-jornal\/","name":"Eike Batista busca recomprar Porto do A\u00e7u, diz jornal","isPartOf":{"@id":"https:\/\/www.suno.com.br\/noticias\/#website"},"primaryImageOfPage":{"@id":"https:\/\/www.suno.com.br\/noticias\/eike-batista-busca-recomprar-porto-do-acu-diz-jornal\/#primaryimage"},"image":{"@id":"https:\/\/www.suno.com.br\/noticias\/eike-batista-busca-recomprar-porto-do-acu-diz-jornal\/#primaryimage"},"thumbnailUrl":"https:\/\/files.sunoresearch.com.br\/n\/uploads\/2020\/11\/587343b3-eike-batista-1-jpg.webp","datePublished":"2021-01-31T14:12:28+00:00","dateModified":"2021-01-31T18:22:12+00:00","description":"Segundo \"O Globo\", Eike Batista busca o Porto do A\u00e7u com a ajuda da companhia China Development Integration (CDIL). CLique para ler.","breadcrumb":{"@id":"https:\/\/www.suno.com.br\/noticias\/eike-batista-busca-recomprar-porto-do-acu-diz-jornal\/#breadcrumb"},"inLanguage":"pt-BR","potentialAction":[{"@type":"ReadAction","target":["https:\/\/www.suno.com.br\/noticias\/eike-batista-busca-recomprar-porto-do-acu-diz-jornal\/"]}]},{"@type":"ImageObject","inLanguage":"pt-BR","@id":"https:\/\/www.suno.com.br\/noticias\/eike-batista-busca-recomprar-porto-do-acu-diz-jornal\/#primaryimage","url":"https:\/\/files.sunoresearch.com.br\/n\/uploads\/2020\/11\/587343b3-eike-batista-1-jpg.webp","contentUrl":"https:\/\/files.sunoresearch.com.br\/n\/uploads\/2020\/11\/587343b3-eike-batista-1-jpg.webp","width":651,"height":380,"caption":"Eike Batista busca recomprar Porto do A\u00e7u, diz jornal"},{"@type":"BreadcrumbList","@id":"https:\/\/www.suno.com.br\/noticias\/eike-batista-busca-recomprar-porto-do-acu-diz-jornal\/#breadcrumb","itemListElement":[{"@type":"ListItem","position":1,"name":"Not\u00edcias","item":"https:\/\/www.suno.com.br\/noticias\/"},{"@type":"ListItem","position":2,"name":"Neg\u00f3cios","item":"https:\/\/www.suno.com.br\/noticias\/negocios\/"},{"@type":"ListItem","position":3,"name":"Eike Batista busca recomprar Porto do A\u00e7u, diz jornal"}]},{"@type":"WebSite","@id":"https:\/\/www.suno.com.br\/noticias\/#website","url":"https:\/\/www.suno.com.br\/noticias\/","name":"Suno Not\u00edcias","description":"Seu portal de informa\u00e7\u00e3o sobre o mundo dos investimentos","publisher":{"@id":"https:\/\/www.suno.com.br\/noticias\/#organization"},"potentialAction":[{"@type":"SearchAction","target":{"@type":"EntryPoint","urlTemplate":"https:\/\/www.suno.com.br\/noticias\/?s={search_term_string}"},"query-input":{"@type":"PropertyValueSpecification","valueRequired":true,"valueName":"search_term_string"}}],"inLanguage":"pt-BR"},{"@type":"Organization","@id":"https:\/\/www.suno.com.br\/noticias\/#organization","name":"Suno Not\u00edcias","url":"https:\/\/www.suno.com.br\/noticias\/","logo":{"@type":"ImageObject","inLanguage":"pt-BR","@id":"https:\/\/www.suno.com.br\/noticias\/#\/schema\/logo\/image\/","url":"https:\/\/files.sunoresearch.com.br\/n\/uploads\/2021\/09\/suno-logo.png","contentUrl":"https:\/\/files.sunoresearch.com.br\/n\/uploads\/2021\/09\/suno-logo.png","width":180,"height":180,"caption":"Suno Not\u00edcias"},"image":{"@id":"https:\/\/www.suno.com.br\/noticias\/#\/schema\/logo\/image\/"},"sameAs":["https:\/\/facebook.com\/sunoresearch","https:\/\/x.com\/sunoresearch","https:\/\/www.instagram.com\/suno","https:\/\/www.linkedin.com\/company\/suno-research\/","https:\/\/www.youtube.com\/c\/sunoresearch"]},{"@type":"Person","@id":"https:\/\/www.suno.com.br\/noticias\/#\/schema\/person\/a20761b96e4df7eb57f1f9e41be1dbf3","name":"Vinicius Pereira","image":{"@type":"ImageObject","inLanguage":"pt-BR","@id":"https:\/\/www.suno.com.br\/noticias\/#\/schema\/person\/image\/","url":"https:\/\/secure.gravatar.com\/avatar\/783866b933198f5cc4c5d03fcc8b1301?s=96&r=g","contentUrl":"https:\/\/secure.gravatar.com\/avatar\/783866b933198f5cc4c5d03fcc8b1301?s=96&r=g","caption":"Vinicius Pereira"},"description":"Vinicius Pereira foi rep\u00f3rter de economia da Folha de S.Paulo, stringer do jornal no Canad\u00e1 e colaborador de VEJA. J\u00e1 escreveu tamb\u00e9m para BBC Brasil, The Intercept Brasil e UOL. Tem MBA em Informa\u00e7\u00f5es Econ\u00f4mico-Financeiras e Mercado de Capitais pela FIA\/B3.","sameAs":["https:\/\/x.com\/https:\/\/twitter.com\/viniciuspjornal"],"url":"https:\/\/www.suno.com.br\/noticias\/author\/vinicius-pereira\/"}]}},"default_loop_html":"<div class=\"cardsPage__listCard__boxs\"><div class=\"cardsPage__listCard__boxs__img\"><a href=\"https:\/\/www.suno.com.br\/noticias\/eike-batista-busca-recomprar-porto-do-acu-diz-jornal\/\"><img class=\"mask\" src=\"https:\/\/www.suno.com.br\/noticias\/wp-content\/themes\/suno\/resources\/images\/spotlight\/spotlight1img\/bg-mask.png\" alt=\"Image Mask\"\/><img src=\"https:\/\/files.sunoresearch.com.br\/n\/uploads\/2020\/11\/587343b3-eike-batista-1-400x200.webp\" alt=\"Eike Batista busca recomprar Porto do A\u00e7u, diz jornal\"\/><\/a><span class=\"spotlightCategory\"><a href=\"https:\/\/www.suno.com.br\/noticias\/negocios\/\">Neg\u00f3cios<\/a><\/span><\/div><div class=\"cardsPage__listCard__boxs__content\"><a href=\"https:\/\/www.suno.com.br\/noticias\/eike-batista-busca-recomprar-porto-do-acu-diz-jornal\/\"><h2 class=\"content__title\">Eike Batista busca recomprar Porto do A\u00e7u, diz jornal<\/h2><\/a><div class=\"newsContent__article__meta\"><div class=\"newsContent__article__meta__authorBox\"><a href=\"https:\/\/www.suno.com.br\/noticias\/author\/vinicius-pereira\/\" class=\"authorBox__avatar noMobi\"><img src=\"https:\/\/files.sunoresearch.com.br\/n\/uploads\/2020\/08\/77510613-whatsapp-image-2020-08-03-at-13.40.40-150x150.webp\" alt=\"Vinicius Pereira\"><\/a><div class=\"authorBox__name\"><span>por\n\t\t\t<a href=\"https:\/\/www.suno.com.br\/noticias\/author\/vinicius-pereira\/\"><span itemprop=\"author\">Vinicius Pereira<\/span><\/a><\/span><time datetime=\"2021-01-31T11:12:28-03:00\" itemprop=\"datePublished\">31\/01\/2021 11:12<\/time><\/div><\/div><\/div><\/div><\/div>","single_layout":"posts","amp_enabled":true,"_links":{"self":[{"href":"https:\/\/www.suno.com.br\/noticias\/wp-json\/wp\/v2\/posts\/117494"}],"collection":[{"href":"https:\/\/www.suno.com.br\/noticias\/wp-json\/wp\/v2\/posts"}],"about":[{"href":"https:\/\/www.suno.com.br\/noticias\/wp-json\/wp\/v2\/types\/post"}],"author":[{"embeddable":true,"href":"https:\/\/www.suno.com.br\/noticias\/wp-json\/wp\/v2\/users\/27"}],"replies":[{"embeddable":true,"href":"https:\/\/www.suno.com.br\/noticias\/wp-json\/wp\/v2\/comments?post=117494"}],"version-history":[{"count":0,"href":"https:\/\/www.suno.com.br\/noticias\/wp-json\/wp\/v2\/posts\/117494\/revisions"}],"wp:featuredmedia":[{"embeddable":true,"href":"https:\/\/www.suno.com.br\/noticias\/wp-json\/wp\/v2\/media\/97396"}],"wp:attachment":[{"href":"https:\/\/www.suno.com.br\/noticias\/wp-json\/wp\/v2\/media?parent=117494"}],"wp:term":[{"taxonomy":"category","embeddable":true,"href":"https:\/\/www.suno.com.br\/noticias\/wp-json\/wp\/v2\/categories?post=117494"},{"taxonomy":"post_tag","embeddable":true,"href":"https:\/\/www.suno.com.br\/noticias\/wp-json\/wp\/v2\/tags?post=117494"},{"taxonomy":"suno_strategy","embeddable":true,"href":"https:\/\/www.suno.com.br\/noticias\/wp-json\/wp\/v2\/suno_strategy?post=117494"}],"curies":[{"name":"wp","href":"https:\/\/api.w.org\/{rel}","templated":true}]}}