{"id":11749,"date":"2019-01-15T14:42:53","date_gmt":"2019-01-15T16:42:53","guid":{"rendered":"https:\/\/www.suno.com.br\/noticias\/?p=11749"},"modified":"2019-01-15T15:02:33","modified_gmt":"2019-01-15T17:02:33","slug":"bolsonaro-porte-armas-decreto-integra","status":"publish","type":"post","link":"https:\/\/www.suno.com.br\/noticias\/bolsonaro-porte-armas-decreto-integra\/","title":{"rendered":"Bolsonaro facilita posse de armas: leia o decreto na \u00edntegra"},"content":{"rendered":"<p>O presidente Jair Bolsonaro assinou nesta ter\u00e7a (15) o decreto que facilita a posse de armas no Brasil.<\/p>\t<div class=\"wrapper-featured-image\">\n\t\t<figure class=\"spotlightImg\">\n\n\t\t\t<picture>\n\t\t\t\t<source media=\"(max-width: 768px)\" srcset=\"https:\/\/files.sunoresearch.com.br\/n\/uploads\/2018\/12\/65a5c02e-bolsonaro-400x200.webp\">\n\t\t\t\t<img loading=\"lazy\" decoding=\"async\" class=\"newsContent__article__imgCapa lazyloadDisabled newsContent__article__imgCapa--noCaption\" src=\"https:\/\/files.sunoresearch.com.br\/n\/uploads\/2018\/12\/65a5c02e-bolsonaro-800x450.webp\" width=\"800\" height=\"450\" alt=\"Bolsonaro facilita posse de armas: leia o decreto na \u00edntegra\" fetchpriority=high \/>\n\t\t\t<\/picture>\n\n\t\t\t<figcaption class=\"wp-caption-text wp-caption-text--hide\"> Jair Bolsonaro afirma que seu filho \u00e9 adequado para cargo de embaixador<\/figcaption>\n\t\t<\/figure>\n\t<\/div>\n\n\n<p>O texto flexibiliza os crit\u00e9rios para manter uma arma em casa, ou seja, a <strong>posse de armas<\/strong> &#8211; n\u00e3o o porte. Por exemplo, reduz a discricionalidade das autoridades p\u00fablicas em decidir <a href=\"https:\/\/www.suno.com.br\/artigos\/radar-fjta4-relevante-acionista\/\">quem pode adquirir armas<\/a>. Essa era uma das promessas de campanha de <strong>Jair Bolsonaro<\/strong>.<\/p>\n<p>O decreto sobre <strong>posse de armas<\/strong> foi assinado\u00a0no Pal\u00e1cio do Planalto.<\/p>\n<p><a href=\"https:\/\/www.suno.com.br\/noticias\/presidente-bolsonaro-assina-decreto-posse-armas\/\">Saiba mais: Presidente Bolsonaro assina decreto sobre posse de armas<\/a><\/p>\n<h2>Confira o decreto na \u00edntegra, assinado por Bolsonaro<\/h2>\n<p>DECRETO N\u00ba , DE DE DE 2019<\/p>\n<p>Altera o Decreto n\u00ba 5.123, de 1\u00ba de julho de 2004, que regulamenta a Lei n\u00ba 10.826, de 22 de dezembro de 2003, que disp\u00f5e sobre registro, posse e comercializa\u00e7\u00e3o de armas de fogo e muni\u00e7\u00e3o, sobre o Sistema Nacional de Armas &#8211; SINARM e define crimes.<\/p>\n<p>O PRESIDENTE DA REP\u00daBLICA, no uso da atribui\u00e7\u00e3o que lhe confere o art. 84, caput, inciso IV, da Constitui\u00e7\u00e3o, e tendo em vista o disposto na Lei n\u00ba 10.826, de 22 de dezembro de 2003,<\/p>\n<p>DECRETA:<\/p>\n<p>Art. 1\u00ba O Decreto n\u00ba 5.123, de 1\u00ba de julho de 2004, passa a vigorar com as seguintes altera\u00e7\u00f5es:<\/p>\n<p>\u201cArt. 12. &#8230;&#8230;&#8230;&#8230;&#8230;&#8230;&#8230;&#8230;&#8230;&#8230;&#8230;&#8230;&#8230;&#8230;&#8230;&#8230;&#8230;&#8230;&#8230;&#8230;&#8230;&#8230;&#8230;&#8230;&#8230;&#8230;&#8230;&#8230;&#8230;&#8230;&#8230;&#8230;&#8230;&#8230;<\/p>\n<p>&#8230;&#8230;&#8230;&#8230;&#8230;&#8230;&#8230;&#8230;&#8230;&#8230;&#8230;&#8230;&#8230;&#8230;&#8230;&#8230;&#8230;&#8230;&#8230;&#8230;&#8230;&#8230;&#8230;&#8230;&#8230;&#8230;&#8230;&#8230;&#8230;&#8230;&#8230;&#8230;&#8230;&#8230;&#8230;&#8230;&#8230;&#8230;&#8230;<\/p>\n<p>VIII &#8211; na hip\u00f3tese de resid\u00eancia habitada tamb\u00e9m por crian\u00e7a, adolescente ou pessoa com defici\u00eancia mental, apresentar declara\u00e7\u00e3o de que a sua resid\u00eancia possui cofre ou local seguro com tranca para armazenamento.<\/p>\n<p>\u00a7 1\u00ba Presume-se a veracidade dos fatos e das circunst\u00e2ncias afirmadas na declara\u00e7\u00e3o de efetiva necessidade a que se refere o inciso I do caput, a qual ser\u00e1 examinada pela Pol\u00edcia Federal nos termos deste artigo.<\/p>\n<p>&#8230;&#8230;&#8230;&#8230;&#8230;&#8230;&#8230;&#8230;&#8230;&#8230;&#8230;&#8230;&#8230;&#8230;&#8230;&#8230;&#8230;&#8230;&#8230;&#8230;&#8230;&#8230;&#8230;&#8230;&#8230;&#8230;&#8230;&#8230;&#8230;&#8230;&#8230;&#8230;&#8230;&#8230;&#8230;&#8230;&#8230;&#8230;&#8230;<\/p>\n<p>\u00a7 7\u00ba Para a aquisi\u00e7\u00e3o de armas de fogo de uso permitido, considera-se presente a efetiva necessidade nas seguintes hip\u00f3teses:<\/p>\n<p>I &#8211; agentes p\u00fablicos, inclusive os inativos:<\/p>\n<p>a) da \u00e1rea de seguran\u00e7a p\u00fablica;<\/p>\n<p>b) integrantes das carreiras da Ag\u00eancia Brasileira de Intelig\u00eancia;<\/p>\n<p>c) da administra\u00e7\u00e3o penitenci\u00e1ria;<\/p>\n<p>d) do sistema socioeducativo, desde que lotados nas unidades de interna\u00e7\u00e3o a que se refere o inciso VI do caput do art. 112 da Lei n\u00ba 8.069, de 13 de julho de 1990; e<\/p>\n<p>e) envolvidos no exerc\u00edcio de atividades de poder de pol\u00edcia administrativa ou de correi\u00e7\u00e3o em car\u00e1ter permanente;<\/p>\n<p>II &#8211; militares ativos e inativos;<\/p>\n<p>III &#8211; residentes em \u00e1rea rural;<\/p>\n<p>IV &#8211; residentes em \u00e1reas urbanas com elevados \u00edndices de viol\u00eancia, assim consideradas aquelas localizadas em unidades federativas com \u00edndices anuais de mais de dez homic\u00eddios por cem mil habitantes, no ano de 2016, conforme os dados do Atlas da Viol\u00eancia 2018, produzido pelo Instituto de Pesquisa Econ\u00f4mica Aplicada e pelo F\u00f3rum Brasileiro de Seguran\u00e7a P\u00fablica;<\/p>\n<p>V &#8211; titulares ou respons\u00e1veis legais de estabelecimentos comerciais ou industriais; e<\/p>\n<p>VI &#8211; colecionadores, atiradores e ca\u00e7adores, devidamente registrados no Comando do Ex\u00e9rcito.<\/p>\n<p>\u00a7 8\u00ba O disposto no \u00a7 7\u00ba se aplica para a aquisi\u00e7\u00e3o de at\u00e9 quatro armas de fogo de uso permitido e n\u00e3o exclui a caracteriza\u00e7\u00e3o da efetiva necessidade se presentes outros fatos e circunst\u00e2ncias que a justifiquem, inclusive para a aquisi\u00e7\u00e3o de armas de fogo de uso permitido em quantidade superior a esse limite, conforme legisla\u00e7\u00e3o vigente.<\/p>\n<p>\u00a7 9\u00ba Constituem raz\u00f5es para o indeferimento do pedido ou para o cancelamento do registro:<\/p>\n<p>I &#8211; a aus\u00eancia dos requisitos a que se referem os incisos I a VII do caput; e<\/p>\n<p>II &#8211; quando houver comprova\u00e7\u00e3o de que o requerente:<\/p>\n<p>a) prestou a declara\u00e7\u00e3o de efetiva necessidade com afirma\u00e7\u00f5es falsas;<\/p>\n<p>b) mant\u00e9m v\u00ednculo com grupos criminosos; e<\/p>\n<p>c) age como pessoa interposta de quem n\u00e3o preenche os requisitos a que se referem os incisos I a VII do caput.<\/p>\n<p>\u00a7 10. A inobserv\u00e2ncia do disposto no inciso VIII do caput sujeitar\u00e1 o interessado \u00e0 pena prevista no art. 13 da Lei n\u00ba 10.826, de 2003.\u201d (NR)<\/p>\n<p>\u201cArt. 15. &#8230;&#8230;&#8230;&#8230;&#8230;&#8230;&#8230;&#8230;&#8230;&#8230;&#8230;&#8230;&#8230;&#8230;&#8230;&#8230;&#8230;&#8230;&#8230;&#8230;&#8230;&#8230;&#8230;&#8230;&#8230;&#8230;&#8230;&#8230;&#8230;&#8230;&#8230;&#8230;&#8230;&#8230;<\/p>\n<p>Par\u00e1grafo \u00fanico. Os dados de que tratam o inciso I e a al\u00ednea \u201cb\u201d do inciso II do caput ser\u00e3o substitu\u00eddos pelo n\u00famero de matr\u00edcula funcional, na hip\u00f3tese em que o cadastro no SIGMA ou no SINARM estiver relacionado com armas de fogo pertencentes a integrantes da Ag\u00eancia Brasileira de Intelig\u00eancia.\u201d (NR)<\/p>\n<p>\u201cArt. 16. &#8230;&#8230;&#8230;&#8230;&#8230;&#8230;&#8230;&#8230;&#8230;&#8230;&#8230;&#8230;&#8230;&#8230;&#8230;&#8230;&#8230;&#8230;&#8230;&#8230;&#8230;&#8230;&#8230;&#8230;&#8230;&#8230;&#8230;&#8230;&#8230;&#8230;&#8230;&#8230;&#8230;&#8230;<\/p>\n<p>&#8230;&#8230;&#8230;&#8230;&#8230;&#8230;&#8230;&#8230;&#8230;&#8230;&#8230;&#8230;&#8230;&#8230;&#8230;&#8230;&#8230;&#8230;&#8230;&#8230;&#8230;&#8230;&#8230;&#8230;&#8230;&#8230;&#8230;&#8230;&#8230;&#8230;&#8230;&#8230;&#8230;&#8230;&#8230;&#8230;&#8230;&#8230;&#8230;<\/p>\n<p>\u00a7 2\u00ba Os requisitos de que tratam os incisos IV, V, VI e VII do caput do art. 12 dever\u00e3o ser comprovados, periodicamente, a cada dez anos, junto \u00e0 Pol\u00edcia Federal, para fins de renova\u00e7\u00e3o do Certificado de Registro.<\/p>\n<p>&#8230;&#8230;&#8230;&#8230;&#8230;&#8230;&#8230;&#8230;&#8230;&#8230;&#8230;&#8230;&#8230;&#8230;&#8230;&#8230;&#8230;&#8230;&#8230;&#8230;&#8230;&#8230;&#8230;&#8230;&#8230;&#8230;&#8230;&#8230;&#8230;&#8230;&#8230;&#8230;&#8230;&#8230;&#8230;..\u201d (NR)<\/p>\n<p>\u201cArt. 18. &#8230;&#8230;&#8230;&#8230;&#8230;&#8230;&#8230;&#8230;&#8230;&#8230;&#8230;&#8230;&#8230;&#8230;&#8230;&#8230;&#8230;&#8230;&#8230;&#8230;&#8230;&#8230;&#8230;&#8230;&#8230;&#8230;&#8230;&#8230;&#8230;&#8230;&#8230;&#8230;&#8230;&#8230;<\/p>\n<p>&#8230;&#8230;&#8230;&#8230;&#8230;&#8230;&#8230;&#8230;&#8230;&#8230;&#8230;&#8230;&#8230;&#8230;&#8230;&#8230;&#8230;&#8230;&#8230;&#8230;&#8230;&#8230;&#8230;&#8230;&#8230;&#8230;&#8230;&#8230;&#8230;&#8230;&#8230;&#8230;&#8230;&#8230;&#8230;&#8230;&#8230;&#8230;&#8230;<\/p>\n<p>\u00a7 3\u00ba Os requisitos de que tratam os incisos IV, V, VI e VII do caput do art. 12 dever\u00e3o ser comprovados, periodicamente, a cada dez anos, junto ao Comando do Ex\u00e9rcito, para fins de renova\u00e7\u00e3o do Certificado de Registro.<\/p>\n<p>&#8230;&#8230;&#8230;&#8230;&#8230;&#8230;&#8230;&#8230;&#8230;&#8230;&#8230;&#8230;&#8230;&#8230;&#8230;&#8230;&#8230;&#8230;&#8230;&#8230;&#8230;&#8230;&#8230;&#8230;&#8230;&#8230;&#8230;&#8230;&#8230;&#8230;&#8230;&#8230;&#8230;&#8230;&#8230;&#8230;&#8230;&#8230;&#8230;<\/p>\n<p>\u00a7 5\u00ba Os dados de que tratam o inciso I e a al\u00ednea \u201cb\u201d do inciso II do \u00a7 2\u00ba ser\u00e3o substitu\u00eddos pelo n\u00famero de matr\u00edcula funcional, na hip\u00f3tese em que o cadastro no SIGMA ou no SINARM estiver relacionado com armas de fogo pertencentes a integrantes da Ag\u00eancia Brasileira de Intelig\u00eancia.\u201d (NR)<\/p>\n<p>\u201cArt. 30. &#8230;&#8230;&#8230;&#8230;&#8230;&#8230;&#8230;&#8230;&#8230;&#8230;&#8230;&#8230;&#8230;&#8230;&#8230;&#8230;&#8230;&#8230;&#8230;&#8230;&#8230;&#8230;&#8230;&#8230;&#8230;&#8230;&#8230;&#8230;&#8230;&#8230;&#8230;&#8230;&#8230;&#8230;<\/p>\n<p>&#8230;&#8230;&#8230;&#8230;&#8230;&#8230;&#8230;&#8230;&#8230;&#8230;&#8230;&#8230;&#8230;&#8230;&#8230;&#8230;&#8230;&#8230;&#8230;&#8230;&#8230;&#8230;&#8230;&#8230;&#8230;&#8230;&#8230;&#8230;&#8230;&#8230;&#8230;&#8230;&#8230;&#8230;&#8230;&#8230;&#8230;&#8230;&#8230;..<\/p>\n<p>\u00a7 4o As entidades de tiro desportivo e as empresas de instru\u00e7\u00e3o de tiro poder\u00e3o fornecer a seus associados e clientes, desde que obtida autoriza\u00e7\u00e3o espec\u00edfica e obedecidas as condi\u00e7\u00f5es e requisitos estabelecidos em ato do Comando do Ex\u00e9rcito, muni\u00e7\u00e3o recarregada para uso exclusivo nas depend\u00eancias da institui\u00e7\u00e3o em provas, cursos e treinamento.\u201d (NR)<\/p>\n<p>\u201cArt. 67-C. Quaisquer cadastros constantes do SIGMA ou do SINARM, na hip\u00f3tese em que estiverem relacionados com integrantes da Ag\u00eancia Brasileira de Intelig\u00eancia, dever\u00e3o possuir exclusivamente o n\u00famero de matr\u00edcula funcional como dado de qualifica\u00e7\u00e3o pessoal, inclu\u00eddos os relativos \u00e0 aquisi\u00e7\u00e3o e \u00e0 venda de armamento e \u00e0 comunica\u00e7\u00e3o de extravio, furto ou roubo de arma de fogo ou seus documentos.\u201d (NR) Art. 2\u00ba Os Certificados de Registro de Arma de Fogo expedidos antes da data de publica\u00e7\u00e3o deste Decreto ficam automaticamente renovados pelo prazo a que se refere o \u00a7 2\u00ba do art. 16 do Decreto n\u00ba 5.123, de 2004.<\/p>\n<p>Art. 3\u00ba Para fins do disposto no inciso V do caput do art. 6\u00ba da Lei n\u00ba 10.826, de 22 de dezembro de 2003, consideram-se agentes operacionais da Ag\u00eancia Brasileira de Intelig\u00eancia os servidores e os empregados p\u00fablicos vinculados \u00e0quela Ag\u00eancia.<\/p>\n<p>Art. 4\u00ba Fica revogado o \u00a7 2\u00ba-A do art. 16 do Decreto n\u00ba 5.123, de 2004.<\/p>\n<p>Art. 5\u00ba Este Decreto entra em vigor na data de sua publica\u00e7\u00e3o.<\/p>\n<p>Bras\u00edlia, de de 2019; 198\u00ba da Independ\u00eancia e 131\u00ba da Rep\u00fablica.<\/p>\n<p>VERS\u00c3O 5 D- ALT DEC N\u00ba 5.123-04, SOBRE DESARMAMENTO (L3)<\/p>\n","protected":false},"excerpt":{"rendered":"<p>O presidente Jair Bolsonaro assinou nesta ter\u00e7a (15) o decreto que facilita a posse de armas no Brasil. Jair Bolsonaro afirma que seu filho \u00e9 adequado para cargo de embaixador O texto flexibiliza os crit\u00e9rios para manter uma arma em casa, ou seja, a posse de armas &#8211; n\u00e3o o porte. Por exemplo, reduz a [&hellip;]<\/p>\n","protected":false},"author":13,"featured_media":8708,"comment_status":"closed","ping_status":"closed","sticky":false,"template":"","format":"standard","meta":[],"categories":[61],"tags":[719],"suno_strategy":[],"class_list":["post-11749","post","type-post","status-publish","format-standard","has-post-thumbnail","hentry","category-politica","tag-jair-bolsonaro"],"yoast_head":"<!-- This site is optimized with the Yoast SEO plugin v24.4 - https:\/\/yoast.com\/wordpress\/plugins\/seo\/ -->\n<title>Bolsonaro facilita posse de armas: leia o decreto na \u00edntegra<\/title>\n<meta name=\"description\" content=\"O presidente Jair Bolsonaro assinou nesta ter\u00e7a-feira (15) o decreto que facilita a posse de armas no Brasil. Clique para saber mais.\" \/>\n<meta name=\"robots\" content=\"index, follow, max-snippet:-1, max-image-preview:large, max-video-preview:-1\" \/>\n<link rel=\"canonical\" href=\"https:\/\/www.suno.com.br\/noticias\/bolsonaro-porte-armas-decreto-integra\/\" \/>\n<meta property=\"og:locale\" content=\"pt_BR\" \/>\n<meta property=\"og:type\" content=\"article\" \/>\n<meta property=\"og:title\" content=\"Bolsonaro facilita posse de armas: leia o decreto na \u00edntegra\" \/>\n<meta property=\"og:description\" content=\"O presidente Jair Bolsonaro assinou nesta ter\u00e7a-feira (15) o decreto que facilita a posse de armas no Brasil. Clique para saber mais.\" \/>\n<meta property=\"og:url\" content=\"https:\/\/www.suno.com.br\/noticias\/bolsonaro-porte-armas-decreto-integra\/\" \/>\n<meta property=\"og:site_name\" content=\"Suno Not\u00edcias\" \/>\n<meta property=\"article:publisher\" content=\"https:\/\/facebook.com\/sunoresearch\" \/>\n<meta property=\"og:image\" content=\"https:\/\/files.sunoresearch.com.br\/n\/uploads\/2018\/12\/65a5c02e-bolsonaro.jpg\" \/>\n\t<meta property=\"og:image:width\" content=\"980\" \/>\n\t<meta property=\"og:image:height\" content=\"549\" \/>\n\t<meta property=\"og:image:type\" content=\"image\/jpeg\" \/>\n<meta name=\"author\" content=\"Guilherme Caetano\" \/>\n<meta name=\"twitter:card\" content=\"summary_large_image\" \/>\n<meta name=\"twitter:creator\" content=\"@sunoresearch\" \/>\n<meta name=\"twitter:site\" content=\"@sunoresearch\" \/>\n<meta name=\"twitter:label1\" content=\"Escrito por\" \/>\n\t<meta name=\"twitter:data1\" content=\"Guilherme Caetano\" \/>\n\t<meta name=\"twitter:label2\" content=\"Est. tempo de leitura\" \/>\n\t<meta name=\"twitter:data2\" content=\"5 minutos\" \/>\n<script type=\"application\/ld+json\" class=\"yoast-schema-graph\">{\"@context\":\"https:\/\/schema.org\",\"@graph\":[{\"@type\":\"NewsArticle\",\"@id\":\"https:\/\/www.suno.com.br\/noticias\/bolsonaro-porte-armas-decreto-integra\/#article\",\"isPartOf\":{\"@id\":\"https:\/\/www.suno.com.br\/noticias\/bolsonaro-porte-armas-decreto-integra\/\"},\"author\":{\"name\":\"Guilherme Caetano\",\"@id\":\"https:\/\/www.suno.com.br\/noticias\/#\/schema\/person\/0d0c9687cd2f600c564f25980c140de9\"},\"headline\":\"Bolsonaro facilita posse de armas: leia o decreto na \u00edntegra\",\"datePublished\":\"2019-01-15T16:42:53+00:00\",\"dateModified\":\"2019-01-15T17:02:33+00:00\",\"mainEntityOfPage\":{\"@id\":\"https:\/\/www.suno.com.br\/noticias\/bolsonaro-porte-armas-decreto-integra\/\"},\"wordCount\":1108,\"publisher\":{\"@id\":\"https:\/\/www.suno.com.br\/noticias\/#organization\"},\"image\":{\"@id\":\"https:\/\/www.suno.com.br\/noticias\/bolsonaro-porte-armas-decreto-integra\/#primaryimage\"},\"thumbnailUrl\":\"https:\/\/files.sunoresearch.com.br\/n\/uploads\/2018\/12\/65a5c02e-bolsonaro-jpg.webp\",\"keywords\":[\"Jair Bolsonaro\"],\"articleSection\":[\"Pol\u00edtica\"],\"inLanguage\":\"pt-BR\"},{\"@type\":\"WebPage\",\"@id\":\"https:\/\/www.suno.com.br\/noticias\/bolsonaro-porte-armas-decreto-integra\/\",\"url\":\"https:\/\/www.suno.com.br\/noticias\/bolsonaro-porte-armas-decreto-integra\/\",\"name\":\"Bolsonaro facilita posse de armas: leia o decreto na \u00edntegra\",\"isPartOf\":{\"@id\":\"https:\/\/www.suno.com.br\/noticias\/#website\"},\"primaryImageOfPage\":{\"@id\":\"https:\/\/www.suno.com.br\/noticias\/bolsonaro-porte-armas-decreto-integra\/#primaryimage\"},\"image\":{\"@id\":\"https:\/\/www.suno.com.br\/noticias\/bolsonaro-porte-armas-decreto-integra\/#primaryimage\"},\"thumbnailUrl\":\"https:\/\/files.sunoresearch.com.br\/n\/uploads\/2018\/12\/65a5c02e-bolsonaro-jpg.webp\",\"datePublished\":\"2019-01-15T16:42:53+00:00\",\"dateModified\":\"2019-01-15T17:02:33+00:00\",\"description\":\"O presidente Jair Bolsonaro assinou nesta ter\u00e7a-feira (15) o decreto que facilita a posse de armas no Brasil. Clique para saber mais.\",\"breadcrumb\":{\"@id\":\"https:\/\/www.suno.com.br\/noticias\/bolsonaro-porte-armas-decreto-integra\/#breadcrumb\"},\"inLanguage\":\"pt-BR\",\"potentialAction\":[{\"@type\":\"ReadAction\",\"target\":[\"https:\/\/www.suno.com.br\/noticias\/bolsonaro-porte-armas-decreto-integra\/\"]}]},{\"@type\":\"ImageObject\",\"inLanguage\":\"pt-BR\",\"@id\":\"https:\/\/www.suno.com.br\/noticias\/bolsonaro-porte-armas-decreto-integra\/#primaryimage\",\"url\":\"https:\/\/files.sunoresearch.com.br\/n\/uploads\/2018\/12\/65a5c02e-bolsonaro-jpg.webp\",\"contentUrl\":\"https:\/\/files.sunoresearch.com.br\/n\/uploads\/2018\/12\/65a5c02e-bolsonaro-jpg.webp\",\"width\":980,\"height\":549,\"caption\":\"Jair Bolsonaro afirma que seu filho \u00e9 adequado para cargo de embaixador\"},{\"@type\":\"BreadcrumbList\",\"@id\":\"https:\/\/www.suno.com.br\/noticias\/bolsonaro-porte-armas-decreto-integra\/#breadcrumb\",\"itemListElement\":[{\"@type\":\"ListItem\",\"position\":1,\"name\":\"Not\u00edcias\",\"item\":\"https:\/\/www.suno.com.br\/noticias\/\"},{\"@type\":\"ListItem\",\"position\":2,\"name\":\"Pol\u00edtica\",\"item\":\"https:\/\/www.suno.com.br\/noticias\/politica\/\"},{\"@type\":\"ListItem\",\"position\":3,\"name\":\"Bolsonaro facilita posse de armas: leia o decreto na \u00edntegra\"}]},{\"@type\":\"WebSite\",\"@id\":\"https:\/\/www.suno.com.br\/noticias\/#website\",\"url\":\"https:\/\/www.suno.com.br\/noticias\/\",\"name\":\"Suno Not\u00edcias\",\"description\":\"Seu portal de informa\u00e7\u00e3o sobre o mundo dos investimentos\",\"publisher\":{\"@id\":\"https:\/\/www.suno.com.br\/noticias\/#organization\"},\"potentialAction\":[{\"@type\":\"SearchAction\",\"target\":{\"@type\":\"EntryPoint\",\"urlTemplate\":\"https:\/\/www.suno.com.br\/noticias\/?s={search_term_string}\"},\"query-input\":{\"@type\":\"PropertyValueSpecification\",\"valueRequired\":true,\"valueName\":\"search_term_string\"}}],\"inLanguage\":\"pt-BR\"},{\"@type\":\"Organization\",\"@id\":\"https:\/\/www.suno.com.br\/noticias\/#organization\",\"name\":\"Suno Not\u00edcias\",\"url\":\"https:\/\/www.suno.com.br\/noticias\/\",\"logo\":{\"@type\":\"ImageObject\",\"inLanguage\":\"pt-BR\",\"@id\":\"https:\/\/www.suno.com.br\/noticias\/#\/schema\/logo\/image\/\",\"url\":\"https:\/\/files.sunoresearch.com.br\/n\/uploads\/2021\/09\/suno-logo.png\",\"contentUrl\":\"https:\/\/files.sunoresearch.com.br\/n\/uploads\/2021\/09\/suno-logo.png\",\"width\":180,\"height\":180,\"caption\":\"Suno Not\u00edcias\"},\"image\":{\"@id\":\"https:\/\/www.suno.com.br\/noticias\/#\/schema\/logo\/image\/\"},\"sameAs\":[\"https:\/\/facebook.com\/sunoresearch\",\"https:\/\/x.com\/sunoresearch\",\"https:\/\/www.instagram.com\/suno\",\"https:\/\/www.linkedin.com\/company\/suno-research\/\",\"https:\/\/www.youtube.com\/c\/sunoresearch\"]},{\"@type\":\"Person\",\"@id\":\"https:\/\/www.suno.com.br\/noticias\/#\/schema\/person\/0d0c9687cd2f600c564f25980c140de9\",\"name\":\"Guilherme Caetano\",\"image\":{\"@type\":\"ImageObject\",\"inLanguage\":\"pt-BR\",\"@id\":\"https:\/\/www.suno.com.br\/noticias\/#\/schema\/person\/image\/\",\"url\":\"https:\/\/secure.gravatar.com\/avatar\/e48357351a01702a0d19307070e081bf?s=96&r=g\",\"contentUrl\":\"https:\/\/secure.gravatar.com\/avatar\/e48357351a01702a0d19307070e081bf?s=96&r=g\",\"caption\":\"Guilherme Caetano\"},\"description\":\"Formado em jornalismo pela Escola de Comunica\u00e7\u00f5es e Artes da USP, Guilherme Caetano escreve para o portal de not\u00edcias da Suno Research. Passou pelas reda\u00e7\u00f5es da Folha de S.Paulo e da revista \u00c9poca.\",\"url\":\"https:\/\/www.suno.com.br\/noticias\/author\/guilherme-caetano\/\"}]}<\/script>\n<!-- \/ Yoast SEO plugin. -->","yoast_head_json":{"title":"Bolsonaro facilita posse de armas: leia o decreto na \u00edntegra","description":"O presidente Jair Bolsonaro assinou nesta ter\u00e7a-feira (15) o decreto que facilita a posse de armas no Brasil. Clique para saber mais.","robots":{"index":"index","follow":"follow","max-snippet":"max-snippet:-1","max-image-preview":"max-image-preview:large","max-video-preview":"max-video-preview:-1"},"canonical":"https:\/\/www.suno.com.br\/noticias\/bolsonaro-porte-armas-decreto-integra\/","og_locale":"pt_BR","og_type":"article","og_title":"Bolsonaro facilita posse de armas: leia o decreto na \u00edntegra","og_description":"O presidente Jair Bolsonaro assinou nesta ter\u00e7a-feira (15) o decreto que facilita a posse de armas no Brasil. Clique para saber mais.","og_url":"https:\/\/www.suno.com.br\/noticias\/bolsonaro-porte-armas-decreto-integra\/","og_site_name":"Suno Not\u00edcias","article_publisher":"https:\/\/facebook.com\/sunoresearch","og_image":[{"width":980,"height":549,"url":"https:\/\/files.sunoresearch.com.br\/n\/uploads\/2018\/12\/65a5c02e-bolsonaro.jpg","type":"image\/jpeg"}],"author":"Guilherme Caetano","twitter_card":"summary_large_image","twitter_creator":"@sunoresearch","twitter_site":"@sunoresearch","twitter_misc":{"Escrito por":"Guilherme Caetano","Est. tempo de leitura":"5 minutos"},"schema":{"@context":"https:\/\/schema.org","@graph":[{"@type":"NewsArticle","@id":"https:\/\/www.suno.com.br\/noticias\/bolsonaro-porte-armas-decreto-integra\/#article","isPartOf":{"@id":"https:\/\/www.suno.com.br\/noticias\/bolsonaro-porte-armas-decreto-integra\/"},"author":{"name":"Guilherme Caetano","@id":"https:\/\/www.suno.com.br\/noticias\/#\/schema\/person\/0d0c9687cd2f600c564f25980c140de9"},"headline":"Bolsonaro facilita posse de armas: leia o decreto na \u00edntegra","datePublished":"2019-01-15T16:42:53+00:00","dateModified":"2019-01-15T17:02:33+00:00","mainEntityOfPage":{"@id":"https:\/\/www.suno.com.br\/noticias\/bolsonaro-porte-armas-decreto-integra\/"},"wordCount":1108,"publisher":{"@id":"https:\/\/www.suno.com.br\/noticias\/#organization"},"image":{"@id":"https:\/\/www.suno.com.br\/noticias\/bolsonaro-porte-armas-decreto-integra\/#primaryimage"},"thumbnailUrl":"https:\/\/files.sunoresearch.com.br\/n\/uploads\/2018\/12\/65a5c02e-bolsonaro-jpg.webp","keywords":["Jair Bolsonaro"],"articleSection":["Pol\u00edtica"],"inLanguage":"pt-BR"},{"@type":"WebPage","@id":"https:\/\/www.suno.com.br\/noticias\/bolsonaro-porte-armas-decreto-integra\/","url":"https:\/\/www.suno.com.br\/noticias\/bolsonaro-porte-armas-decreto-integra\/","name":"Bolsonaro facilita posse de armas: leia o decreto na \u00edntegra","isPartOf":{"@id":"https:\/\/www.suno.com.br\/noticias\/#website"},"primaryImageOfPage":{"@id":"https:\/\/www.suno.com.br\/noticias\/bolsonaro-porte-armas-decreto-integra\/#primaryimage"},"image":{"@id":"https:\/\/www.suno.com.br\/noticias\/bolsonaro-porte-armas-decreto-integra\/#primaryimage"},"thumbnailUrl":"https:\/\/files.sunoresearch.com.br\/n\/uploads\/2018\/12\/65a5c02e-bolsonaro-jpg.webp","datePublished":"2019-01-15T16:42:53+00:00","dateModified":"2019-01-15T17:02:33+00:00","description":"O presidente Jair Bolsonaro assinou nesta ter\u00e7a-feira (15) o decreto que facilita a posse de armas no Brasil. Clique para saber mais.","breadcrumb":{"@id":"https:\/\/www.suno.com.br\/noticias\/bolsonaro-porte-armas-decreto-integra\/#breadcrumb"},"inLanguage":"pt-BR","potentialAction":[{"@type":"ReadAction","target":["https:\/\/www.suno.com.br\/noticias\/bolsonaro-porte-armas-decreto-integra\/"]}]},{"@type":"ImageObject","inLanguage":"pt-BR","@id":"https:\/\/www.suno.com.br\/noticias\/bolsonaro-porte-armas-decreto-integra\/#primaryimage","url":"https:\/\/files.sunoresearch.com.br\/n\/uploads\/2018\/12\/65a5c02e-bolsonaro-jpg.webp","contentUrl":"https:\/\/files.sunoresearch.com.br\/n\/uploads\/2018\/12\/65a5c02e-bolsonaro-jpg.webp","width":980,"height":549,"caption":"Jair Bolsonaro afirma que seu filho \u00e9 adequado para cargo de embaixador"},{"@type":"BreadcrumbList","@id":"https:\/\/www.suno.com.br\/noticias\/bolsonaro-porte-armas-decreto-integra\/#breadcrumb","itemListElement":[{"@type":"ListItem","position":1,"name":"Not\u00edcias","item":"https:\/\/www.suno.com.br\/noticias\/"},{"@type":"ListItem","position":2,"name":"Pol\u00edtica","item":"https:\/\/www.suno.com.br\/noticias\/politica\/"},{"@type":"ListItem","position":3,"name":"Bolsonaro facilita posse de armas: leia o decreto na \u00edntegra"}]},{"@type":"WebSite","@id":"https:\/\/www.suno.com.br\/noticias\/#website","url":"https:\/\/www.suno.com.br\/noticias\/","name":"Suno Not\u00edcias","description":"Seu portal de informa\u00e7\u00e3o sobre o mundo dos investimentos","publisher":{"@id":"https:\/\/www.suno.com.br\/noticias\/#organization"},"potentialAction":[{"@type":"SearchAction","target":{"@type":"EntryPoint","urlTemplate":"https:\/\/www.suno.com.br\/noticias\/?s={search_term_string}"},"query-input":{"@type":"PropertyValueSpecification","valueRequired":true,"valueName":"search_term_string"}}],"inLanguage":"pt-BR"},{"@type":"Organization","@id":"https:\/\/www.suno.com.br\/noticias\/#organization","name":"Suno Not\u00edcias","url":"https:\/\/www.suno.com.br\/noticias\/","logo":{"@type":"ImageObject","inLanguage":"pt-BR","@id":"https:\/\/www.suno.com.br\/noticias\/#\/schema\/logo\/image\/","url":"https:\/\/files.sunoresearch.com.br\/n\/uploads\/2021\/09\/suno-logo.png","contentUrl":"https:\/\/files.sunoresearch.com.br\/n\/uploads\/2021\/09\/suno-logo.png","width":180,"height":180,"caption":"Suno Not\u00edcias"},"image":{"@id":"https:\/\/www.suno.com.br\/noticias\/#\/schema\/logo\/image\/"},"sameAs":["https:\/\/facebook.com\/sunoresearch","https:\/\/x.com\/sunoresearch","https:\/\/www.instagram.com\/suno","https:\/\/www.linkedin.com\/company\/suno-research\/","https:\/\/www.youtube.com\/c\/sunoresearch"]},{"@type":"Person","@id":"https:\/\/www.suno.com.br\/noticias\/#\/schema\/person\/0d0c9687cd2f600c564f25980c140de9","name":"Guilherme Caetano","image":{"@type":"ImageObject","inLanguage":"pt-BR","@id":"https:\/\/www.suno.com.br\/noticias\/#\/schema\/person\/image\/","url":"https:\/\/secure.gravatar.com\/avatar\/e48357351a01702a0d19307070e081bf?s=96&r=g","contentUrl":"https:\/\/secure.gravatar.com\/avatar\/e48357351a01702a0d19307070e081bf?s=96&r=g","caption":"Guilherme Caetano"},"description":"Formado em jornalismo pela Escola de Comunica\u00e7\u00f5es e Artes da USP, Guilherme Caetano escreve para o portal de not\u00edcias da Suno Research. Passou pelas reda\u00e7\u00f5es da Folha de S.Paulo e da revista \u00c9poca.","url":"https:\/\/www.suno.com.br\/noticias\/author\/guilherme-caetano\/"}]}},"default_loop_html":"<div class=\"cardsPage__listCard__boxs\"><div class=\"cardsPage__listCard__boxs__img\"><a href=\"https:\/\/www.suno.com.br\/noticias\/bolsonaro-porte-armas-decreto-integra\/\"><img class=\"mask\" src=\"https:\/\/www.suno.com.br\/noticias\/wp-content\/themes\/suno\/resources\/images\/spotlight\/spotlight1img\/bg-mask.png\" alt=\"Image Mask\"\/><img src=\"https:\/\/files.sunoresearch.com.br\/n\/uploads\/2018\/12\/65a5c02e-bolsonaro-400x200.webp\" alt=\"Bolsonaro facilita posse de armas: leia o decreto na \u00edntegra\"\/><\/a><span class=\"spotlightCategory\"><a href=\"https:\/\/www.suno.com.br\/noticias\/politica\/\">Pol\u00edtica<\/a><\/span><\/div><div class=\"cardsPage__listCard__boxs__content\"><a href=\"https:\/\/www.suno.com.br\/noticias\/bolsonaro-porte-armas-decreto-integra\/\"><h2 class=\"content__title\">Bolsonaro facilita posse de armas: leia o decreto na \u00edntegra<\/h2><\/a><div class=\"newsContent__article__meta\"><div class=\"newsContent__article__meta__authorBox\"><a href=\"https:\/\/www.suno.com.br\/noticias\/author\/guilherme-caetano\/\" class=\"authorBox__avatar noMobi\"><img src=\"https:\/\/secure.gravatar.com\/avatar\/e48357351a01702a0d19307070e081bf?s=96&#038;r=g\" alt=\"Guilherme Caetano\"><\/a><div class=\"authorBox__name\"><span>por\n\t\t\t<a href=\"https:\/\/www.suno.com.br\/noticias\/author\/guilherme-caetano\/\"><span itemprop=\"author\">Guilherme Caetano<\/span><\/a><\/span><time datetime=\"2019-01-15T14:42:53-02:00\" itemprop=\"datePublished\">15\/01\/2019 14:42<\/time><\/div><\/div><\/div><\/div><\/div>","single_layout":"posts","amp_enabled":true,"_links":{"self":[{"href":"https:\/\/www.suno.com.br\/noticias\/wp-json\/wp\/v2\/posts\/11749"}],"collection":[{"href":"https:\/\/www.suno.com.br\/noticias\/wp-json\/wp\/v2\/posts"}],"about":[{"href":"https:\/\/www.suno.com.br\/noticias\/wp-json\/wp\/v2\/types\/post"}],"author":[{"embeddable":true,"href":"https:\/\/www.suno.com.br\/noticias\/wp-json\/wp\/v2\/users\/13"}],"replies":[{"embeddable":true,"href":"https:\/\/www.suno.com.br\/noticias\/wp-json\/wp\/v2\/comments?post=11749"}],"version-history":[{"count":0,"href":"https:\/\/www.suno.com.br\/noticias\/wp-json\/wp\/v2\/posts\/11749\/revisions"}],"wp:featuredmedia":[{"embeddable":true,"href":"https:\/\/www.suno.com.br\/noticias\/wp-json\/wp\/v2\/media\/8708"}],"wp:attachment":[{"href":"https:\/\/www.suno.com.br\/noticias\/wp-json\/wp\/v2\/media?parent=11749"}],"wp:term":[{"taxonomy":"category","embeddable":true,"href":"https:\/\/www.suno.com.br\/noticias\/wp-json\/wp\/v2\/categories?post=11749"},{"taxonomy":"post_tag","embeddable":true,"href":"https:\/\/www.suno.com.br\/noticias\/wp-json\/wp\/v2\/tags?post=11749"},{"taxonomy":"suno_strategy","embeddable":true,"href":"https:\/\/www.suno.com.br\/noticias\/wp-json\/wp\/v2\/suno_strategy?post=11749"}],"curies":[{"name":"wp","href":"https:\/\/api.w.org\/{rel}","templated":true}]}}