{"id":117459,"date":"2021-01-30T14:24:54","date_gmt":"2021-01-30T17:24:54","guid":{"rendered":"https:\/\/www.suno.com.br\/noticias\/?p=117459"},"modified":"2021-01-30T14:24:54","modified_gmt":"2021-01-30T17:24:54","slug":"banco-do-brasil-bbas3-precisa-ter-lado-social-ao-discutir-enxugamento-diz-bolsonaro","status":"publish","type":"post","link":"https:\/\/www.suno.com.br\/noticias\/banco-do-brasil-bbas3-precisa-ter-lado-social-ao-discutir-enxugamento-diz-bolsonaro\/","title":{"rendered":"Banco do Brasil (BBAS3) precisa ter &#8216;lado social&#8217; ao discutir enxugamento, diz Bolsonaro"},"content":{"rendered":"<p>O presidente Jair Bolsonaro disse neste s\u00e1bado (30) que o <a href=\"https:\/\/www.suno.com.br\/acoes\/bbas3\"><strong>Banco do Brasil<\/strong> (BBAS3)<\/a> precisa considerar seu &#8216;lado social&#8217; em nos plano de redu\u00e7\u00e3o de ag\u00eancias ou do quadro de funcion\u00e1rios.<\/p>\t<div class=\"wrapper-featured-image\">\n\t\t<figure class=\"spotlightImg\">\n\n\t\t\t<picture>\n\t\t\t\t<source media=\"(max-width: 768px)\" srcset=\"https:\/\/files.sunoresearch.com.br\/n\/uploads\/2021\/01\/89bd13b5-pres-bolsonaro-marcoscorre\u0302a-pr-800x450-1-800x450-1-400x200.webp\">\n\t\t\t\t<img loading=\"lazy\" decoding=\"async\" class=\"newsContent__article__imgCapa lazyloadDisabled \" src=\"https:\/\/files.sunoresearch.com.br\/n\/uploads\/2021\/01\/89bd13b5-pres-bolsonaro-marcoscorre\u0302a-pr-800x450-1-800x450-1-jpg.webp\" width=\"800\" height=\"450\" alt=\"Banco do Brasil (BBAS3) precisa ter &#8216;lado social&#8217; ao discutir enxugamento, diz Bolsonaro\" fetchpriority=high \/>\n\t\t\t<\/picture>\n\n\t\t\t<figcaption class=\"wp-caption-text wp-caption-text--show\">Banco do Brasil (BBAS3) precisa ter &#039;lado social&#039; ao discutir enxugamento, diz Bolsonaro<\/figcaption>\n\t\t<\/figure>\n\t<\/div>\n\n\n\t<p>\n\t\t<a href=\"https:\/\/lp.suno.com.br\/planilha-controle-gastos\/\" target=\"_blank\" data-element=\"shortcode-suno-banner\" title=\"Banner SUNO, clique e saiba mais\">\n\t\t\t<picture>\n\t\t\t\t<source media=\"(max-width: 500px)\" srcset=\"https:\/\/files.sunoresearch.com.br\/n\/uploads\/2023\/03\/400x300-Planilha-controle-de-gastos.png\">\n\t\t\t\t<img class=\"newsContent__article__imgCapa newsContent__article__imgCapa--banner\"\n\t\t\t\t\tsrc=\"https:\/\/files.sunoresearch.com.br\/n\/uploads\/2023\/03\/1420x240-Planilha-controle-de-gastos.png\"\n\t\t\t\t\tdata-promo-id=\"101751\"\t\t\t\t\t\t\t\t\t\twidth='1420' height='240'\t\t\t\t\talt=\"https:\/\/files.sunoresearch.com.br\/n\/uploads\/2023\/03\/1420x240-Planilha-controle-de-gastos.png\"\n\t\t\t\t>\n\t\t\t<\/picture>\n\t\t<\/a>\n\t<\/p>\n\n\n<p>A declara\u00e7\u00e3o sobre o Banco do Brasil ocorreu ap\u00f3s o presidente ser questionado por jornalistas se haver\u00e1 mudan\u00e7as no comando do banco.<\/p>\n<p>Bolsonaro negou interfer\u00eancia, mas disse que compete a ele colocar ou retirar qualquer ministro ou presidente de banco e estatal. &#8220;Eu que ponho e eu que demito e n\u00e3o tenho que dar satisfa\u00e7\u00e3o a ningu\u00e9m&#8221;, afirmou.<\/p>\n<p>O presidente ficou incomodado com a condu\u00e7\u00e3o do projeto de enxugamento do BB e <a href=\"https:\/\/www.suno.com.br\/noticias\/bolsonaro-demissao-presidente-banco-brasil-bbas3\/\">considerou a demiss\u00e3o do presidente<\/a> do banco, Andr\u00e9 Brand\u00e3o.<\/p>\n<p>Segundo plano apresentado pelo Banco do Brasil, a <a href=\"https:\/\/www.suno.com.br\/noticias\/banco-do-brasil-bbas3-desativacao-unidades\/\">estatal cortaria 5 mil funcion\u00e1rios em um plano de desligamento volunt\u00e1rio<\/a> e fecharia 361 unidades de atendimento, sendo 112 ag\u00eancias. O objetivo \u00e9 readequar a rede ao perfil mais online dos clientes.<\/p>\n<p><a href=\"https:\/\/lp.suno.com.br\/suno-one\/\">Suno One: acesse gratuitamente eBooks, Minicursos, Artigos e Video Aulas sobre investimentos com um \u00fanico cadastro. Clique para saber mais!<\/a><\/p>\n<p>Em 2020, o BB fechou mais de 200 ag\u00eancias em um caminho semelhante ao adotado pelos concorrentes privados. No ano passado, <a href=\"https:\/\/www.suno.com.br\/acoes\/SANB11\">Santander (SANB11)<\/a>, <a href=\"https:\/\/www.suno.com.br\/acoes\/BBDC4\">Bradesco (BBDC4)<\/a> e <a href=\"https:\/\/www.suno.com.br\/acoes\/ITUB4\">Ita\u00fa (ITUB4)<\/a> <strong>fecharam cerca de mil ag\u00eancias<\/strong>, com demiss\u00e3o de 11 mil funcion\u00e1rios.<\/p>\n<p>Bolsonaro, contudo, reclamou de n\u00e3o ter sido comunicado previamente sobre o plano e diz que ficou sabendo do enxugamento pela imprensa. Para ele, o Banco do Brasil precisa olhar o lado social.<\/p>\n<p>&#8220;Voc\u00ea pega uma ag\u00eancia no interior do Brasil que tem 3 mil habitantes e s\u00f3 tem um Banco do Brasil l\u00e1. Muitas vezes n\u00e3o \u00e9 lucrativo, ent\u00e3o voc\u00ea tem que ter o lado social&#8221;, disse.<\/p>\n\t<p>\n\t\t<a href=\"https:\/\/lp.suno.com.br\/ebook-como-analisar-uma-acao\/\" target=\"_blank\" data-element=\"shortcode-suno-banner\" title=\"Banner SUNO, clique e saiba mais\">\n\t\t\t<picture>\n\t\t\t\t<source media=\"(max-width: 500px)\" srcset=\"https:\/\/files.sunoresearch.com.br\/n\/uploads\/2023\/03\/Ebook-Acoes-Mobile.jpg\">\n\t\t\t\t<img class=\"newsContent__article__imgCapa newsContent__article__imgCapa--banner\"\n\t\t\t\t\tsrc=\"https:\/\/files.sunoresearch.com.br\/n\/uploads\/2023\/03\/Ebook-Acoes-Desktop.jpg\"\n\t\t\t\t\tdata-promo-id=\"378302\"\t\t\t\t\t\t\t\t\t\twidth='1420' height='286'\t\t\t\t\talt=\"https:\/\/files.sunoresearch.com.br\/n\/uploads\/2023\/03\/Ebook-Acoes-Desktop.jpg\"\n\t\t\t\t>\n\t\t\t<\/picture>\n\t\t<\/a>\n\t<\/p>\n\n\n<h2>Banco do Brasil recua com tentativa de interfer\u00eancia de Bolsonaro<\/h2>\n<p>Ap\u00f3s a not\u00edcia de que Bolsonaro estava decidido a trocar o comando do Banco do Brasil, a a\u00e7\u00e3o BBAS3 amargou 9 preg\u00f5es consecutivos de queda, com o mercado precificando o movimento. O BB perdeu 17% de valor no movimento, com as a\u00e7\u00f5es recuando de R$ 39,50 em 12 de janeiro para R$ 32,79 em 26 de janeiro.<\/p>\n<p>Desde ent\u00e3o, os pap\u00e9is do <strong>Banco do Brasil<\/strong> recuperaram valor e encerraram janeiro a R$ 33,86.<\/p>\n\t<p>\n\t\t<a href=\"https:\/\/lp.suno.com.br\/planilha-de-controle-de-investimentos\/\" target=\"_blank\" data-element=\"shortcode-suno-banner\" title=\"Banner SUNO, clique e saiba mais\">\n\t\t\t<picture>\n\t\t\t\t<source media=\"(max-width: 500px)\" srcset=\"https:\/\/files.sunoresearch.com.br\/n\/uploads\/2023\/03\/400x300-Controle-de-Investimentos.png\">\n\t\t\t\t<img class=\"newsContent__article__imgCapa newsContent__article__imgCapa--banner\"\n\t\t\t\t\tsrc=\"https:\/\/files.sunoresearch.com.br\/n\/uploads\/2023\/03\/1420x240-Controle-de-Investimentos.png\"\n\t\t\t\t\tdata-promo-id=\"75934\"\t\t\t\t\t\t\t\t\t\twidth='1420' height='240'\t\t\t\t\talt=\"https:\/\/files.sunoresearch.com.br\/n\/uploads\/2023\/03\/1420x240-Controle-de-Investimentos.png\"\n\t\t\t\t>\n\t\t\t<\/picture>\n\t\t<\/a>\n\t<\/p>\n\n\n<p>&nbsp;<\/p>\n","protected":false},"excerpt":{"rendered":"<p>O presidente Jair Bolsonaro disse neste s\u00e1bado (30) que o Banco do Brasil (BBAS3) precisa considerar seu &#8216;lado social&#8217; em nos plano de redu\u00e7\u00e3o de ag\u00eancias ou do quadro de funcion\u00e1rios. Banco do Brasil (BBAS3) precisa ter &#039;lado social&#039; ao discutir enxugamento, diz Bolsonaro A declara\u00e7\u00e3o sobre o Banco do Brasil ocorreu ap\u00f3s o presidente [&hellip;]<\/p>\n","protected":false},"author":61,"featured_media":117462,"comment_status":"closed","ping_status":"closed","sticky":false,"template":"","format":"standard","meta":[],"categories":[64],"tags":[732],"suno_strategy":[],"class_list":["post-117459","post","type-post","status-publish","format-standard","has-post-thumbnail","hentry","category-negocios","tag-banco-do-brasil-bbas3"],"yoast_head":"<!-- This site is optimized with the Yoast SEO plugin v24.4 - https:\/\/yoast.com\/wordpress\/plugins\/seo\/ -->\n<title>Banco do Brasil (BBAS3) precisa ter &#039;lado social&#039;, diz Bolsonaro<\/title>\n<meta name=\"description\" content=\"Bolsonaro nega interfer\u00eancia e diz que ficou sabendo dos planos de exugamento do Banco do Brasil pela imprensa. Clique e veja mais!\" \/>\n<meta name=\"robots\" content=\"index, follow, max-snippet:-1, max-image-preview:large, max-video-preview:-1\" \/>\n<link rel=\"canonical\" href=\"https:\/\/www.suno.com.br\/noticias\/banco-do-brasil-bbas3-precisa-ter-lado-social-ao-discutir-enxugamento-diz-bolsonaro\/\" \/>\n<meta property=\"og:locale\" content=\"pt_BR\" \/>\n<meta property=\"og:type\" content=\"article\" \/>\n<meta property=\"og:title\" content=\"Banco do Brasil (BBAS3) precisa ter &#039;lado social&#039;, diz Bolsonaro\" \/>\n<meta property=\"og:description\" content=\"Bolsonaro nega interfer\u00eancia e diz que ficou sabendo dos planos de exugamento do Banco do Brasil pela imprensa. Clique e veja mais!\" \/>\n<meta property=\"og:url\" content=\"https:\/\/www.suno.com.br\/noticias\/banco-do-brasil-bbas3-precisa-ter-lado-social-ao-discutir-enxugamento-diz-bolsonaro\/\" \/>\n<meta property=\"og:site_name\" content=\"Suno Not\u00edcias\" \/>\n<meta property=\"article:publisher\" content=\"https:\/\/facebook.com\/sunoresearch\" \/>\n<meta property=\"og:image\" content=\"https:\/\/files.sunoresearch.com.br\/n\/uploads\/2021\/01\/89bd13b5-pres-bolsonaro-marcoscorre\u0302a-pr-800x450-1-800x450-1.jpg\" \/>\n\t<meta property=\"og:image:width\" content=\"800\" \/>\n\t<meta property=\"og:image:height\" content=\"450\" \/>\n\t<meta property=\"og:image:type\" content=\"image\/jpeg\" \/>\n<meta name=\"author\" content=\"Felipe Areia\" \/>\n<meta name=\"twitter:card\" content=\"summary_large_image\" \/>\n<meta name=\"twitter:creator\" content=\"@sunoresearch\" \/>\n<meta name=\"twitter:site\" content=\"@sunoresearch\" \/>\n<meta name=\"twitter:label1\" content=\"Escrito por\" \/>\n\t<meta name=\"twitter:data1\" content=\"Felipe Areia\" \/>\n\t<meta name=\"twitter:label2\" content=\"Est. tempo de leitura\" \/>\n\t<meta name=\"twitter:data2\" content=\"2 minutos\" \/>\n<script type=\"application\/ld+json\" class=\"yoast-schema-graph\">{\"@context\":\"https:\/\/schema.org\",\"@graph\":[{\"@type\":\"NewsArticle\",\"@id\":\"https:\/\/www.suno.com.br\/noticias\/banco-do-brasil-bbas3-precisa-ter-lado-social-ao-discutir-enxugamento-diz-bolsonaro\/#article\",\"isPartOf\":{\"@id\":\"https:\/\/www.suno.com.br\/noticias\/banco-do-brasil-bbas3-precisa-ter-lado-social-ao-discutir-enxugamento-diz-bolsonaro\/\"},\"author\":{\"name\":\"Felipe Areia\",\"@id\":\"https:\/\/www.suno.com.br\/noticias\/#\/schema\/person\/60408fe05425d06f5564e57be6c1f9ea\"},\"headline\":\"Banco do Brasil (BBAS3) precisa ter &#8216;lado social&#8217; ao discutir enxugamento, diz Bolsonaro\",\"datePublished\":\"2021-01-30T17:24:54+00:00\",\"mainEntityOfPage\":{\"@id\":\"https:\/\/www.suno.com.br\/noticias\/banco-do-brasil-bbas3-precisa-ter-lado-social-ao-discutir-enxugamento-diz-bolsonaro\/\"},\"wordCount\":412,\"publisher\":{\"@id\":\"https:\/\/www.suno.com.br\/noticias\/#organization\"},\"image\":{\"@id\":\"https:\/\/www.suno.com.br\/noticias\/banco-do-brasil-bbas3-precisa-ter-lado-social-ao-discutir-enxugamento-diz-bolsonaro\/#primaryimage\"},\"thumbnailUrl\":\"https:\/\/files.sunoresearch.com.br\/n\/uploads\/2021\/01\/89bd13b5-pres-bolsonaro-marcoscorre\u0302a-pr-800x450-1-800x450-1-jpg.webp\",\"keywords\":[\"Banco do Brasil (BBAS3)\"],\"articleSection\":[\"Neg\u00f3cios\"],\"inLanguage\":\"pt-BR\"},{\"@type\":\"WebPage\",\"@id\":\"https:\/\/www.suno.com.br\/noticias\/banco-do-brasil-bbas3-precisa-ter-lado-social-ao-discutir-enxugamento-diz-bolsonaro\/\",\"url\":\"https:\/\/www.suno.com.br\/noticias\/banco-do-brasil-bbas3-precisa-ter-lado-social-ao-discutir-enxugamento-diz-bolsonaro\/\",\"name\":\"Banco do Brasil (BBAS3) precisa ter 'lado social', diz Bolsonaro\",\"isPartOf\":{\"@id\":\"https:\/\/www.suno.com.br\/noticias\/#website\"},\"primaryImageOfPage\":{\"@id\":\"https:\/\/www.suno.com.br\/noticias\/banco-do-brasil-bbas3-precisa-ter-lado-social-ao-discutir-enxugamento-diz-bolsonaro\/#primaryimage\"},\"image\":{\"@id\":\"https:\/\/www.suno.com.br\/noticias\/banco-do-brasil-bbas3-precisa-ter-lado-social-ao-discutir-enxugamento-diz-bolsonaro\/#primaryimage\"},\"thumbnailUrl\":\"https:\/\/files.sunoresearch.com.br\/n\/uploads\/2021\/01\/89bd13b5-pres-bolsonaro-marcoscorre\u0302a-pr-800x450-1-800x450-1-jpg.webp\",\"datePublished\":\"2021-01-30T17:24:54+00:00\",\"description\":\"Bolsonaro nega interfer\u00eancia e diz que ficou sabendo dos planos de exugamento do Banco do Brasil pela imprensa. Clique e veja mais!\",\"breadcrumb\":{\"@id\":\"https:\/\/www.suno.com.br\/noticias\/banco-do-brasil-bbas3-precisa-ter-lado-social-ao-discutir-enxugamento-diz-bolsonaro\/#breadcrumb\"},\"inLanguage\":\"pt-BR\",\"potentialAction\":[{\"@type\":\"ReadAction\",\"target\":[\"https:\/\/www.suno.com.br\/noticias\/banco-do-brasil-bbas3-precisa-ter-lado-social-ao-discutir-enxugamento-diz-bolsonaro\/\"]}]},{\"@type\":\"ImageObject\",\"inLanguage\":\"pt-BR\",\"@id\":\"https:\/\/www.suno.com.br\/noticias\/banco-do-brasil-bbas3-precisa-ter-lado-social-ao-discutir-enxugamento-diz-bolsonaro\/#primaryimage\",\"url\":\"https:\/\/files.sunoresearch.com.br\/n\/uploads\/2021\/01\/89bd13b5-pres-bolsonaro-marcoscorre\u0302a-pr-800x450-1-800x450-1-jpg.webp\",\"contentUrl\":\"https:\/\/files.sunoresearch.com.br\/n\/uploads\/2021\/01\/89bd13b5-pres-bolsonaro-marcoscorre\u0302a-pr-800x450-1-800x450-1-jpg.webp\",\"width\":800,\"height\":450,\"caption\":\"Banco do Brasil (BBAS3) precisa ter 'lado social' ao discutir enxugamento, diz Bolsonaro\"},{\"@type\":\"BreadcrumbList\",\"@id\":\"https:\/\/www.suno.com.br\/noticias\/banco-do-brasil-bbas3-precisa-ter-lado-social-ao-discutir-enxugamento-diz-bolsonaro\/#breadcrumb\",\"itemListElement\":[{\"@type\":\"ListItem\",\"position\":1,\"name\":\"Not\u00edcias\",\"item\":\"https:\/\/www.suno.com.br\/noticias\/\"},{\"@type\":\"ListItem\",\"position\":2,\"name\":\"Neg\u00f3cios\",\"item\":\"https:\/\/www.suno.com.br\/noticias\/negocios\/\"},{\"@type\":\"ListItem\",\"position\":3,\"name\":\"Banco do Brasil (BBAS3) precisa ter &#8216;lado social&#8217; ao discutir enxugamento, diz Bolsonaro\"}]},{\"@type\":\"WebSite\",\"@id\":\"https:\/\/www.suno.com.br\/noticias\/#website\",\"url\":\"https:\/\/www.suno.com.br\/noticias\/\",\"name\":\"Suno Not\u00edcias\",\"description\":\"Seu portal de informa\u00e7\u00e3o sobre o mundo dos investimentos\",\"publisher\":{\"@id\":\"https:\/\/www.suno.com.br\/noticias\/#organization\"},\"potentialAction\":[{\"@type\":\"SearchAction\",\"target\":{\"@type\":\"EntryPoint\",\"urlTemplate\":\"https:\/\/www.suno.com.br\/noticias\/?s={search_term_string}\"},\"query-input\":{\"@type\":\"PropertyValueSpecification\",\"valueRequired\":true,\"valueName\":\"search_term_string\"}}],\"inLanguage\":\"pt-BR\"},{\"@type\":\"Organization\",\"@id\":\"https:\/\/www.suno.com.br\/noticias\/#organization\",\"name\":\"Suno Not\u00edcias\",\"url\":\"https:\/\/www.suno.com.br\/noticias\/\",\"logo\":{\"@type\":\"ImageObject\",\"inLanguage\":\"pt-BR\",\"@id\":\"https:\/\/www.suno.com.br\/noticias\/#\/schema\/logo\/image\/\",\"url\":\"https:\/\/files.sunoresearch.com.br\/n\/uploads\/2021\/09\/suno-logo.png\",\"contentUrl\":\"https:\/\/files.sunoresearch.com.br\/n\/uploads\/2021\/09\/suno-logo.png\",\"width\":180,\"height\":180,\"caption\":\"Suno Not\u00edcias\"},\"image\":{\"@id\":\"https:\/\/www.suno.com.br\/noticias\/#\/schema\/logo\/image\/\"},\"sameAs\":[\"https:\/\/facebook.com\/sunoresearch\",\"https:\/\/x.com\/sunoresearch\",\"https:\/\/www.instagram.com\/suno\",\"https:\/\/www.linkedin.com\/company\/suno-research\/\",\"https:\/\/www.youtube.com\/c\/sunoresearch\"]},{\"@type\":\"Person\",\"@id\":\"https:\/\/www.suno.com.br\/noticias\/#\/schema\/person\/60408fe05425d06f5564e57be6c1f9ea\",\"name\":\"Felipe Areia\",\"image\":{\"@type\":\"ImageObject\",\"inLanguage\":\"pt-BR\",\"@id\":\"https:\/\/www.suno.com.br\/noticias\/#\/schema\/person\/image\/\",\"url\":\"https:\/\/secure.gravatar.com\/avatar\/3d7d3c14b1a794a3e8c9186dd9274852?s=96&r=g\",\"contentUrl\":\"https:\/\/secure.gravatar.com\/avatar\/3d7d3c14b1a794a3e8c9186dd9274852?s=96&r=g\",\"caption\":\"Felipe Areia\"},\"description\":\"Editor-chefe do Suno not\u00edcias, Felipe Areia possui mais de 10 anos de experi\u00eancia em jornalismo econ\u00f4mico e financeiro. Foi o respons\u00e1vel pela \u00e1rea de conte\u00fado do Investing.com Brasil.\",\"url\":\"https:\/\/www.suno.com.br\/noticias\/author\/felipe-areia\/\"}]}<\/script>\n<!-- \/ Yoast SEO plugin. -->","yoast_head_json":{"title":"Banco do Brasil (BBAS3) precisa ter 'lado social', diz Bolsonaro","description":"Bolsonaro nega interfer\u00eancia e diz que ficou sabendo dos planos de exugamento do Banco do Brasil pela imprensa. Clique e veja mais!","robots":{"index":"index","follow":"follow","max-snippet":"max-snippet:-1","max-image-preview":"max-image-preview:large","max-video-preview":"max-video-preview:-1"},"canonical":"https:\/\/www.suno.com.br\/noticias\/banco-do-brasil-bbas3-precisa-ter-lado-social-ao-discutir-enxugamento-diz-bolsonaro\/","og_locale":"pt_BR","og_type":"article","og_title":"Banco do Brasil (BBAS3) precisa ter 'lado social', diz Bolsonaro","og_description":"Bolsonaro nega interfer\u00eancia e diz que ficou sabendo dos planos de exugamento do Banco do Brasil pela imprensa. Clique e veja mais!","og_url":"https:\/\/www.suno.com.br\/noticias\/banco-do-brasil-bbas3-precisa-ter-lado-social-ao-discutir-enxugamento-diz-bolsonaro\/","og_site_name":"Suno Not\u00edcias","article_publisher":"https:\/\/facebook.com\/sunoresearch","og_image":[{"width":800,"height":450,"url":"https:\/\/files.sunoresearch.com.br\/n\/uploads\/2021\/01\/89bd13b5-pres-bolsonaro-marcoscorre\u0302a-pr-800x450-1-800x450-1.jpg","type":"image\/jpeg"}],"author":"Felipe Areia","twitter_card":"summary_large_image","twitter_creator":"@sunoresearch","twitter_site":"@sunoresearch","twitter_misc":{"Escrito por":"Felipe Areia","Est. tempo de leitura":"2 minutos"},"schema":{"@context":"https:\/\/schema.org","@graph":[{"@type":"NewsArticle","@id":"https:\/\/www.suno.com.br\/noticias\/banco-do-brasil-bbas3-precisa-ter-lado-social-ao-discutir-enxugamento-diz-bolsonaro\/#article","isPartOf":{"@id":"https:\/\/www.suno.com.br\/noticias\/banco-do-brasil-bbas3-precisa-ter-lado-social-ao-discutir-enxugamento-diz-bolsonaro\/"},"author":{"name":"Felipe Areia","@id":"https:\/\/www.suno.com.br\/noticias\/#\/schema\/person\/60408fe05425d06f5564e57be6c1f9ea"},"headline":"Banco do Brasil (BBAS3) precisa ter &#8216;lado social&#8217; ao discutir enxugamento, diz Bolsonaro","datePublished":"2021-01-30T17:24:54+00:00","mainEntityOfPage":{"@id":"https:\/\/www.suno.com.br\/noticias\/banco-do-brasil-bbas3-precisa-ter-lado-social-ao-discutir-enxugamento-diz-bolsonaro\/"},"wordCount":412,"publisher":{"@id":"https:\/\/www.suno.com.br\/noticias\/#organization"},"image":{"@id":"https:\/\/www.suno.com.br\/noticias\/banco-do-brasil-bbas3-precisa-ter-lado-social-ao-discutir-enxugamento-diz-bolsonaro\/#primaryimage"},"thumbnailUrl":"https:\/\/files.sunoresearch.com.br\/n\/uploads\/2021\/01\/89bd13b5-pres-bolsonaro-marcoscorre\u0302a-pr-800x450-1-800x450-1-jpg.webp","keywords":["Banco do Brasil (BBAS3)"],"articleSection":["Neg\u00f3cios"],"inLanguage":"pt-BR"},{"@type":"WebPage","@id":"https:\/\/www.suno.com.br\/noticias\/banco-do-brasil-bbas3-precisa-ter-lado-social-ao-discutir-enxugamento-diz-bolsonaro\/","url":"https:\/\/www.suno.com.br\/noticias\/banco-do-brasil-bbas3-precisa-ter-lado-social-ao-discutir-enxugamento-diz-bolsonaro\/","name":"Banco do Brasil (BBAS3) precisa ter 'lado social', diz Bolsonaro","isPartOf":{"@id":"https:\/\/www.suno.com.br\/noticias\/#website"},"primaryImageOfPage":{"@id":"https:\/\/www.suno.com.br\/noticias\/banco-do-brasil-bbas3-precisa-ter-lado-social-ao-discutir-enxugamento-diz-bolsonaro\/#primaryimage"},"image":{"@id":"https:\/\/www.suno.com.br\/noticias\/banco-do-brasil-bbas3-precisa-ter-lado-social-ao-discutir-enxugamento-diz-bolsonaro\/#primaryimage"},"thumbnailUrl":"https:\/\/files.sunoresearch.com.br\/n\/uploads\/2021\/01\/89bd13b5-pres-bolsonaro-marcoscorre\u0302a-pr-800x450-1-800x450-1-jpg.webp","datePublished":"2021-01-30T17:24:54+00:00","description":"Bolsonaro nega interfer\u00eancia e diz que ficou sabendo dos planos de exugamento do Banco do Brasil pela imprensa. Clique e veja mais!","breadcrumb":{"@id":"https:\/\/www.suno.com.br\/noticias\/banco-do-brasil-bbas3-precisa-ter-lado-social-ao-discutir-enxugamento-diz-bolsonaro\/#breadcrumb"},"inLanguage":"pt-BR","potentialAction":[{"@type":"ReadAction","target":["https:\/\/www.suno.com.br\/noticias\/banco-do-brasil-bbas3-precisa-ter-lado-social-ao-discutir-enxugamento-diz-bolsonaro\/"]}]},{"@type":"ImageObject","inLanguage":"pt-BR","@id":"https:\/\/www.suno.com.br\/noticias\/banco-do-brasil-bbas3-precisa-ter-lado-social-ao-discutir-enxugamento-diz-bolsonaro\/#primaryimage","url":"https:\/\/files.sunoresearch.com.br\/n\/uploads\/2021\/01\/89bd13b5-pres-bolsonaro-marcoscorre\u0302a-pr-800x450-1-800x450-1-jpg.webp","contentUrl":"https:\/\/files.sunoresearch.com.br\/n\/uploads\/2021\/01\/89bd13b5-pres-bolsonaro-marcoscorre\u0302a-pr-800x450-1-800x450-1-jpg.webp","width":800,"height":450,"caption":"Banco do Brasil (BBAS3) precisa ter 'lado social' ao discutir enxugamento, diz Bolsonaro"},{"@type":"BreadcrumbList","@id":"https:\/\/www.suno.com.br\/noticias\/banco-do-brasil-bbas3-precisa-ter-lado-social-ao-discutir-enxugamento-diz-bolsonaro\/#breadcrumb","itemListElement":[{"@type":"ListItem","position":1,"name":"Not\u00edcias","item":"https:\/\/www.suno.com.br\/noticias\/"},{"@type":"ListItem","position":2,"name":"Neg\u00f3cios","item":"https:\/\/www.suno.com.br\/noticias\/negocios\/"},{"@type":"ListItem","position":3,"name":"Banco do Brasil (BBAS3) precisa ter &#8216;lado social&#8217; ao discutir enxugamento, diz Bolsonaro"}]},{"@type":"WebSite","@id":"https:\/\/www.suno.com.br\/noticias\/#website","url":"https:\/\/www.suno.com.br\/noticias\/","name":"Suno Not\u00edcias","description":"Seu portal de informa\u00e7\u00e3o sobre o mundo dos investimentos","publisher":{"@id":"https:\/\/www.suno.com.br\/noticias\/#organization"},"potentialAction":[{"@type":"SearchAction","target":{"@type":"EntryPoint","urlTemplate":"https:\/\/www.suno.com.br\/noticias\/?s={search_term_string}"},"query-input":{"@type":"PropertyValueSpecification","valueRequired":true,"valueName":"search_term_string"}}],"inLanguage":"pt-BR"},{"@type":"Organization","@id":"https:\/\/www.suno.com.br\/noticias\/#organization","name":"Suno Not\u00edcias","url":"https:\/\/www.suno.com.br\/noticias\/","logo":{"@type":"ImageObject","inLanguage":"pt-BR","@id":"https:\/\/www.suno.com.br\/noticias\/#\/schema\/logo\/image\/","url":"https:\/\/files.sunoresearch.com.br\/n\/uploads\/2021\/09\/suno-logo.png","contentUrl":"https:\/\/files.sunoresearch.com.br\/n\/uploads\/2021\/09\/suno-logo.png","width":180,"height":180,"caption":"Suno Not\u00edcias"},"image":{"@id":"https:\/\/www.suno.com.br\/noticias\/#\/schema\/logo\/image\/"},"sameAs":["https:\/\/facebook.com\/sunoresearch","https:\/\/x.com\/sunoresearch","https:\/\/www.instagram.com\/suno","https:\/\/www.linkedin.com\/company\/suno-research\/","https:\/\/www.youtube.com\/c\/sunoresearch"]},{"@type":"Person","@id":"https:\/\/www.suno.com.br\/noticias\/#\/schema\/person\/60408fe05425d06f5564e57be6c1f9ea","name":"Felipe Areia","image":{"@type":"ImageObject","inLanguage":"pt-BR","@id":"https:\/\/www.suno.com.br\/noticias\/#\/schema\/person\/image\/","url":"https:\/\/secure.gravatar.com\/avatar\/3d7d3c14b1a794a3e8c9186dd9274852?s=96&r=g","contentUrl":"https:\/\/secure.gravatar.com\/avatar\/3d7d3c14b1a794a3e8c9186dd9274852?s=96&r=g","caption":"Felipe Areia"},"description":"Editor-chefe do Suno not\u00edcias, Felipe Areia possui mais de 10 anos de experi\u00eancia em jornalismo econ\u00f4mico e financeiro. Foi o respons\u00e1vel pela \u00e1rea de conte\u00fado do Investing.com Brasil.","url":"https:\/\/www.suno.com.br\/noticias\/author\/felipe-areia\/"}]}},"default_loop_html":"<div class=\"cardsPage__listCard__boxs\"><div class=\"cardsPage__listCard__boxs__img\"><a href=\"https:\/\/www.suno.com.br\/noticias\/banco-do-brasil-bbas3-precisa-ter-lado-social-ao-discutir-enxugamento-diz-bolsonaro\/\"><img class=\"mask\" src=\"https:\/\/www.suno.com.br\/noticias\/wp-content\/themes\/suno\/resources\/images\/spotlight\/spotlight1img\/bg-mask.png\" alt=\"Image Mask\"\/><img src=\"https:\/\/files.sunoresearch.com.br\/n\/uploads\/2021\/01\/89bd13b5-pres-bolsonaro-marcoscorre\u0302a-pr-800x450-1-800x450-1-400x200.webp\" alt=\"Banco do Brasil (BBAS3) precisa ter &#8216;lado social&#8217; ao discutir enxugamento, diz Bolsonaro\"\/><\/a><span class=\"spotlightCategory\"><a href=\"https:\/\/www.suno.com.br\/noticias\/negocios\/\">Neg\u00f3cios<\/a><\/span><\/div><div class=\"cardsPage__listCard__boxs__content\"><a href=\"https:\/\/www.suno.com.br\/noticias\/banco-do-brasil-bbas3-precisa-ter-lado-social-ao-discutir-enxugamento-diz-bolsonaro\/\"><h2 class=\"content__title\">Banco do Brasil (BBAS3) precisa ter &#8216;lado social&#8217; ao discutir enxugamento, diz Bolsonaro<\/h2><\/a><div class=\"newsContent__article__meta\"><div class=\"newsContent__article__meta__authorBox\"><a href=\"https:\/\/www.suno.com.br\/noticias\/author\/felipe-areia\/\" class=\"authorBox__avatar noMobi\"><img src=\"https:\/\/secure.gravatar.com\/avatar\/3d7d3c14b1a794a3e8c9186dd9274852?s=96&#038;r=g\" alt=\"Felipe Areia\"><\/a><div class=\"authorBox__name\"><span>por\n\t\t\t<a href=\"https:\/\/www.suno.com.br\/noticias\/author\/felipe-areia\/\"><span itemprop=\"author\">Felipe Areia<\/span><\/a><\/span><time datetime=\"2021-01-30T14:24:54-03:00\" itemprop=\"datePublished\">30\/01\/2021 14:24<\/time><\/div><\/div><\/div><\/div><\/div>","single_layout":"posts","amp_enabled":true,"_links":{"self":[{"href":"https:\/\/www.suno.com.br\/noticias\/wp-json\/wp\/v2\/posts\/117459"}],"collection":[{"href":"https:\/\/www.suno.com.br\/noticias\/wp-json\/wp\/v2\/posts"}],"about":[{"href":"https:\/\/www.suno.com.br\/noticias\/wp-json\/wp\/v2\/types\/post"}],"author":[{"embeddable":true,"href":"https:\/\/www.suno.com.br\/noticias\/wp-json\/wp\/v2\/users\/61"}],"replies":[{"embeddable":true,"href":"https:\/\/www.suno.com.br\/noticias\/wp-json\/wp\/v2\/comments?post=117459"}],"version-history":[{"count":0,"href":"https:\/\/www.suno.com.br\/noticias\/wp-json\/wp\/v2\/posts\/117459\/revisions"}],"wp:featuredmedia":[{"embeddable":true,"href":"https:\/\/www.suno.com.br\/noticias\/wp-json\/wp\/v2\/media\/117462"}],"wp:attachment":[{"href":"https:\/\/www.suno.com.br\/noticias\/wp-json\/wp\/v2\/media?parent=117459"}],"wp:term":[{"taxonomy":"category","embeddable":true,"href":"https:\/\/www.suno.com.br\/noticias\/wp-json\/wp\/v2\/categories?post=117459"},{"taxonomy":"post_tag","embeddable":true,"href":"https:\/\/www.suno.com.br\/noticias\/wp-json\/wp\/v2\/tags?post=117459"},{"taxonomy":"suno_strategy","embeddable":true,"href":"https:\/\/www.suno.com.br\/noticias\/wp-json\/wp\/v2\/suno_strategy?post=117459"}],"curies":[{"name":"wp","href":"https:\/\/api.w.org\/{rel}","templated":true}]}}