{"id":117445,"date":"2021-01-30T13:09:01","date_gmt":"2021-01-30T16:09:01","guid":{"rendered":"https:\/\/www.suno.com.br\/noticias\/?p=117445"},"modified":"2021-05-30T19:13:53","modified_gmt":"2021-05-30T22:13:53","slug":"c6-greve-caminhoneiros-oi-oibr3-vvar3-ciel3-bbdc4","status":"publish","type":"post","link":"https:\/\/www.suno.com.br\/noticias\/c6-greve-caminhoneiros-oi-oibr3-vvar3-ciel3-bbdc4\/","title":{"rendered":"C6, Greve dos Caminhoneiros, Oi (OIBR3): Veja as 5 not\u00edcias mais lidas da semana"},"content":{"rendered":"<p>O lan\u00e7amento de seguro do <strong>C6 Bank<\/strong> atraiu a aten\u00e7\u00e3o dos leitores do <strong>SUNO Not\u00edcias<\/strong> nesta semana e encerrou a semana como a not\u00edcia mais lida no site. O banco digital anunciou que seus clientes poder\u00e3o adquirir por R$ 1 um seguro prestamista, que garante o pagamento de d\u00edvida em caso de morte ou invalidez total do cliente.<\/p>\t<div class=\"wrapper-featured-image\">\n\t\t<figure class=\"spotlightImg\">\n\n\t\t\t<picture>\n\t\t\t\t<source media=\"(max-width: 768px)\" srcset=\"https:\/\/files.sunoresearch.com.br\/n\/uploads\/2021\/01\/b8b75af3-c6-bank-800x450-1-400x200.webp\">\n\t\t\t\t<img loading=\"lazy\" decoding=\"async\" class=\"newsContent__article__imgCapa lazyloadDisabled \" src=\"https:\/\/files.sunoresearch.com.br\/n\/uploads\/2021\/01\/b8b75af3-c6-bank-800x450-1-jpg.webp\" width=\"800\" height=\"450\" alt=\"C6, Greve dos Caminhoneiros, Oi (OIBR3): Veja as 5 not\u00edcias mais lidas da semana\" fetchpriority=high \/>\n\t\t\t<\/picture>\n\n\t\t\t<figcaption class=\"wp-caption-text wp-caption-text--show\">C6, Greve dos Caminhoneiros, Oi (OIBR3): Veja as 5 not\u00edcias mais lidas da semana<\/figcaption>\n\t\t<\/figure>\n\t<\/div>\n\n\n\t<p>\n\t\t<a href=\"https:\/\/lp.suno.com.br\/planilha-controle-gastos\/\" target=\"_blank\" data-element=\"shortcode-suno-banner\" title=\"Banner SUNO, clique e saiba mais\">\n\t\t\t<picture>\n\t\t\t\t<source media=\"(max-width: 500px)\" srcset=\"https:\/\/files.sunoresearch.com.br\/n\/uploads\/2023\/03\/400x300-Planilha-controle-de-gastos.png\">\n\t\t\t\t<img class=\"newsContent__article__imgCapa newsContent__article__imgCapa--banner\"\n\t\t\t\t\tsrc=\"https:\/\/files.sunoresearch.com.br\/n\/uploads\/2023\/03\/1420x240-Planilha-controle-de-gastos.png\"\n\t\t\t\t\tdata-promo-id=\"101751\"\t\t\t\t\t\t\t\t\t\twidth='1420' height='240'\t\t\t\t\talt=\"https:\/\/files.sunoresearch.com.br\/n\/uploads\/2023\/03\/1420x240-Planilha-controle-de-gastos.png\"\n\t\t\t\t>\n\t\t\t<\/picture>\n\t\t<\/a>\n\t<\/p>\n\n\n<p>A confirma\u00e7\u00e3o da greve dos caminhoneiros ficou logo atr\u00e1s do C6 em interesse dos leitores. O sindicato da categoria informou na quinta-feira que a paralisa\u00e7\u00e3o marcada para a pr\u00f3xima segunda-feira dever\u00e1 ocorrer.<\/p>\n<p>Os leitores do <strong>SUNO Not\u00edcias<\/strong> tamb\u00e9m se interessaram pelo leil\u00e3o da unidade de fibra \u00f3tica da Oi (OIBR3), o processo do Grupo BIG contra a Via Varejo (VVAR3) e a informa\u00e7\u00e3o de que o Bradesco (BBDC4) dever\u00e1 fazer proposta pela fatia do Banco do Brasil (BBAS3) na Cielo (CIEL3).<\/p>\n<p>Veja abaixo o resumo das not\u00edcias mais lidas da semana e os links para o texto completo.<\/p>\n<p><a href=\"https:\/\/lp.suno.com.br\/suno-one\/\"><span style=\"font-weight: 400;\">Suno One: acesse gratuitamente eBooks, Minicursos, Artigos e Video Aulas sobre investimentos com um \u00fanico cadastro. Clique para saber mais!<\/span><\/a><\/p>\n<h2>1- C6 Bank cria seguro de R$ 1 para pagamento de empr\u00e9stimo em caso de morte<\/h2>\n<p>O <strong>banco digital<\/strong> lan\u00e7ou na \u00faltima ter\u00e7a-feira (26\/1) o seu <a href=\"https:\/\/www.suno.com.br\/artigos\/seguro-prestamista\/\">seguro prestamista<\/a> e marca a entrada do C6 no <strong>mercado de seguros<\/strong> com produtos pr\u00f3prios.<\/p>\n<p>A proposta da\u00a0<em><a href=\"https:\/\/www.suno.com.br\/artigos\/fintechs\/\">fintech<\/a>\u00a0<\/em>\u00e9 um seguro de baixo custo, que pode ser menor do que R$ 1, dependendo do perfil do cliente. A contrata\u00e7\u00e3o \u00e9 feita pelo aplicativo.<\/p>\n<p>A modalidade \u00e9 contratada junto a um empr\u00e9stimo para garantir o pagamento da d\u00edvida em caso de morte ou invalidez total do cliente.<\/p>\n<p><span style=\"font-weight: 400;\">\t<div data-element=\"shortcode-read-more\" class=\"knowMore\">\n\t\t\t\t<span class=\"knowMore__title\">Veja o texto completo<\/span>\n\t\t\t\t<a class=\"knowMore__link\" href=\"https:\/\/www.suno.com.br\/noticias\/c6-bank-seguro-prestamista\/\">\n\t\t\tC6 Bank cria seguro de R$ 1 para pagamento de empr\u00e9stimo em caso de morte\t\t<\/a>\n\t<\/div>\n\n<\/span><\/p>\n<h2 class=\"newsContent__article__meta__authorBox\">2-Sindicatos confirmam greve dos caminhoneiros<\/h2>\n<p>A greve dos caminhoneiros est\u00e1 marcada para esta segunda-feira (1\/2) mesmo ap\u00f3s o presidente da Rep\u00fablica, <strong>Jair Bolsonaro<\/strong> (sem partido), ter pedido para que a categoria n\u00e3o fizesse a paralisa\u00e7\u00e3o.<\/p>\n<p>\u201cReconhecemos o valor dos\u00a0<strong>caminhoneiros<\/strong> para a economia, apelamos para eles que n\u00e3o fa\u00e7am greve, que todos n\u00f3s vamos perder\u201d, disse o presidente na \u00faltima quarta-feira (27).<\/p>\n<p>O Conselho Nacional de Transportes Rodovi\u00e1rios de Cargas (<strong>CNTRC<\/strong>) enviou um of\u00edcio ao governo federal confirmando a greve, que est\u00e1 prevista para come\u00e7ar na pr\u00f3xima segunda-feira (1).<\/p>\n<p><span style=\"font-weight: 400;\">\t<div data-element=\"shortcode-read-more\" class=\"knowMore\">\n\t\t\t\t<span class=\"knowMore__title\">Veja o texto completo<\/span>\n\t\t\t\t<a class=\"knowMore__link\" href=\"https:\/\/www.suno.com.br\/noticias\/sindicatos-confirmam-greve-dos-caminhoneiros\/\">\n\t\t\tSindicatos confirmam greve dos caminhoneiros\t\t<\/a>\n\t<\/div>\n\n<\/span><\/p>\n\t<p>\n\t\t<a href=\"https:\/\/lp.suno.com.br\/ebook-como-analisar-uma-acao\/\" target=\"_blank\" data-element=\"shortcode-suno-banner\" title=\"Banner SUNO, clique e saiba mais\">\n\t\t\t<picture>\n\t\t\t\t<source media=\"(max-width: 500px)\" srcset=\"https:\/\/files.sunoresearch.com.br\/n\/uploads\/2023\/03\/Ebook-Acoes-Mobile.jpg\">\n\t\t\t\t<img class=\"newsContent__article__imgCapa newsContent__article__imgCapa--banner\"\n\t\t\t\t\tsrc=\"https:\/\/files.sunoresearch.com.br\/n\/uploads\/2023\/03\/Ebook-Acoes-Desktop.jpg\"\n\t\t\t\t\tdata-promo-id=\"378302\"\t\t\t\t\t\t\t\t\t\twidth='1420' height='286'\t\t\t\t\talt=\"https:\/\/files.sunoresearch.com.br\/n\/uploads\/2023\/03\/Ebook-Acoes-Desktop.jpg\"\n\t\t\t\t>\n\t\t\t<\/picture>\n\t\t<\/a>\n\t<\/p>\n\n\n<h2>3- Oi (OIBR3): Highline e fundo do BTG v\u00e3o disputar InfraCo<\/h2>\n<p>O bra\u00e7o de fibra \u00f3tica da <a href=\"https:\/\/www.suno.com.br\/acoes\/oibr3\/\" target=\"_blank\" rel=\"noopener noreferrer\"><strong>Oi<\/strong>\u00a0(OIBR3)<\/a> atraiu o interesse da Highline, do Digital Colony, e do private equity do BTG. A informa\u00e7\u00e3o foi apurada pela Exame. As propostas foram apresentadas no dia 22.<\/p>\n<p>De acordo com a reportagem, o Fundo de Investimento em Participa\u00e7\u00f5es Economia Real, gerido pelo\u00a0<strong>BTG<\/strong>, apresentou sua proposta, que \u00e9 v\u00e1lida apenas at\u00e9 4 de fevereiro. Toda a documenta\u00e7\u00e3o j\u00e1 foi entregue na sede da Oi. Segundo a Exame, a proposta do BTG inclui v\u00e1rios parceiros, que ficariam abaixo da gest\u00e3o do\u00a0<strong>FIP Economia Real<\/strong>, que \u00e9 dirigido por Renato Mazzola.<\/p>\n<p><span style=\"font-weight: 400;\">\t<div data-element=\"shortcode-read-more\" class=\"knowMore\">\n\t\t\t\t<span class=\"knowMore__title\">Veja o texto completo<\/span>\n\t\t\t\t<a class=\"knowMore__link\" href=\"https:\/\/www.suno.com.br\/noticias\/oi-oibr3-highline-e-fundo-do-btg-disputar-fibra-otica\/\">\n\t\t\tOi (OIBR3): Highline e fundo do BTG v\u00e3o disputar InfraCo, diz site\t\t<\/a>\n\t<\/div>\n\n<\/span><\/p>\n<h2>4- Via Varejo (VVAR3) \u00e9 processada por BIG por similaridade no logotipo da Casas Bahia<\/h2>\n<p>A\u00a0<a href=\"https:\/\/www.suno.com.br\/acoes\/vvar3\/\"><strong>Via Varejo<\/strong>\u00a0(VVAR3)<\/a> foi processada pelo Grupo BIG (ex-Walmart Brasil), que entrou na Justi\u00e7a acusando a varejista de concorr\u00eancia desleal.<\/p>\n<p>A disputa, que corre na 2\u00aa Vara Regional de Compet\u00eancia Empresarial e de Conflitos de Arbitragem de Barueri, se refere ao logotipo das duas empresas.<\/p>\n<p>Ap\u00f3s a mudan\u00e7a realizada pela Via Varejo na estrutura da\u00a0<strong>Casas Bahia<\/strong>, em meados do ano passado, o logotipo da varejista mudou. Agora, o logotipo da empresa d\u00e1 destaque \u00e0 letra \u201cB\u201d. Para o\u00a0<strong>BIG<\/strong>, o novo desenho da marca possui tra\u00e7os semelhantes ao \u201cB\u201d de BIG, o que poderia confundir os clientes na hora da compra, induzindo ao erro.<\/p>\n<p><span style=\"font-weight: 400;\">\t<div data-element=\"shortcode-read-more\" class=\"knowMore\">\n\t\t\t\t<span class=\"knowMore__title\">Veja o texto completo<\/span>\n\t\t\t\t<a class=\"knowMore__link\" href=\"https:\/\/www.suno.com.br\/noticias\/via-varejo-vvar3-processo-big-logotipo\/\">\n\t\t\tVia Varejo (VVAR3) \u00e9 processada por BIG por similaridade no logotipo da Casas Bahia\t\t<\/a>\n\t<\/div>\n\n<\/span><\/p>\n<h2>5- Bradesco (BBDC4) deve fazer proposta por fatia do BB na Cielo (CIEL3)<\/h2>\n<p>O\u00a0<a href=\"https:\/\/www.suno.com.br\/acoes\/bbas3\/\">Banco do Brasil (BBAS3)<\/a> ainda avalia vender sua participa\u00e7\u00e3o na <a href=\"https:\/\/www.suno.com.br\/acoes\/ciel3\/\">Cielo (CIEL3)<\/a>. Se a estatal decidir sair do neg\u00f3cio, o <a href=\"https:\/\/www.suno.com.br\/acoes\/bbdc4\/\"><strong>Bradesco<\/strong>\u00a0(BBDC4)<\/a>\u00a0apresentar\u00e1 uma oferta pela fatia do banco. As informa\u00e7\u00f5es foram reveladas pela coluna de Lauro Jardim, no jornal\u00a0<em>O Globo<\/em>, de domingo (24).<\/p>\n<p>Segundo o jornalista, o Bradesco n\u00e3o quer ter outro s\u00f3cio no neg\u00f3cio e pretende adquirir a participa\u00e7\u00e3o que estaria vaga.\u00a0 Atualmente, o Bradesco possui uma participa\u00e7\u00e3o de 30% na\u00a0<strong>Cielo<\/strong>, enquanto o\u00a0<strong>BB<\/strong>\u00a0det\u00e9m 28,6%.<\/p>\n<p><span style=\"font-weight: 400;\">\t<div data-element=\"shortcode-read-more\" class=\"knowMore\">\n\t\t\t\t<span class=\"knowMore__title\">Veja o texto completo<\/span>\n\t\t\t\t<a class=\"knowMore__link\" href=\"https:\/\/www.suno.com.br\/noticias\/bradesco-bbdc4-deve-fazer-proposta-por-cielo-ciel3\/\">\n\t\t\tBradesco (BBDC4) deve fazer proposta por fatia do BB na Cielo (CIEL3), diz coluna\t\t<\/a>\n\t<\/div>\n\n<\/span><\/p>\n\t<p>\n\t\t<a href=\"https:\/\/lp.suno.com.br\/planilha-de-controle-de-investimentos\/\" target=\"_blank\" data-element=\"shortcode-suno-banner\" title=\"Banner SUNO, clique e saiba mais\">\n\t\t\t<picture>\n\t\t\t\t<source media=\"(max-width: 500px)\" srcset=\"https:\/\/files.sunoresearch.com.br\/n\/uploads\/2023\/03\/400x300-Controle-de-Investimentos.png\">\n\t\t\t\t<img class=\"newsContent__article__imgCapa newsContent__article__imgCapa--banner\"\n\t\t\t\t\tsrc=\"https:\/\/files.sunoresearch.com.br\/n\/uploads\/2023\/03\/1420x240-Controle-de-Investimentos.png\"\n\t\t\t\t\tdata-promo-id=\"75934\"\t\t\t\t\t\t\t\t\t\twidth='1420' height='240'\t\t\t\t\talt=\"https:\/\/files.sunoresearch.com.br\/n\/uploads\/2023\/03\/1420x240-Controle-de-Investimentos.png\"\n\t\t\t\t>\n\t\t\t<\/picture>\n\t\t<\/a>\n\t<\/p>\n\n\n","protected":false},"excerpt":{"rendered":"<p>O lan\u00e7amento de seguro do C6 Bank atraiu a aten\u00e7\u00e3o dos leitores do SUNO Not\u00edcias nesta semana e encerrou a semana como a not\u00edcia mais lida no site. O banco digital anunciou que seus clientes poder\u00e3o adquirir por R$ 1 um seguro prestamista, que garante o pagamento de d\u00edvida em caso de morte ou invalidez [&hellip;]<\/p>\n","protected":false},"author":61,"featured_media":117453,"comment_status":"closed","ping_status":"closed","sticky":false,"template":"","format":"standard","meta":[],"categories":[64],"tags":[392,1806,423,833,584,106935],"suno_strategy":[],"class_list":["post-117445","post","type-post","status-publish","format-standard","has-post-thumbnail","hentry","category-negocios","tag-bradesco-bbdc3-bbdc4","tag-c6-bank","tag-cielo-ciel3","tag-greve-dos-caminhoneiros","tag-oi-oibr3-oibr4","tag-via-viia3"],"yoast_head":"<!-- This site is optimized with the Yoast SEO plugin v24.4 - https:\/\/yoast.com\/wordpress\/plugins\/seo\/ -->\n<title>C6, Greve dos Caminhoneiros, Oi (OIBR3): Veja as 5 not\u00edcias mais lidas da semana<\/title>\n<meta name=\"description\" content=\"A greve dos caminhoneiros, leil\u00e3o da Oi e o seguro banco C6 ficaram entre as mais lidas da semana no SUNO Not\u00edcias. Clique e veja mais!\" \/>\n<meta name=\"robots\" content=\"index, follow, max-snippet:-1, max-image-preview:large, max-video-preview:-1\" \/>\n<link rel=\"canonical\" href=\"https:\/\/www.suno.com.br\/noticias\/c6-greve-caminhoneiros-oi-oibr3-vvar3-ciel3-bbdc4\/\" \/>\n<meta property=\"og:locale\" content=\"pt_BR\" \/>\n<meta property=\"og:type\" content=\"article\" \/>\n<meta property=\"og:title\" content=\"C6, Greve dos Caminhoneiros, Oi (OIBR3): Veja as 5 not\u00edcias mais lidas da semana\" \/>\n<meta property=\"og:description\" content=\"A greve dos caminhoneiros, leil\u00e3o da Oi e o seguro banco C6 ficaram entre as mais lidas da semana no SUNO Not\u00edcias. Clique e veja mais!\" \/>\n<meta property=\"og:url\" content=\"https:\/\/www.suno.com.br\/noticias\/c6-greve-caminhoneiros-oi-oibr3-vvar3-ciel3-bbdc4\/\" \/>\n<meta property=\"og:site_name\" content=\"Suno Not\u00edcias\" \/>\n<meta property=\"article:publisher\" content=\"https:\/\/facebook.com\/sunoresearch\" \/>\n<meta property=\"og:image\" content=\"https:\/\/files.sunoresearch.com.br\/n\/uploads\/2021\/01\/b8b75af3-c6-bank-800x450-1.jpg\" \/>\n\t<meta property=\"og:image:width\" content=\"800\" \/>\n\t<meta property=\"og:image:height\" content=\"450\" \/>\n\t<meta property=\"og:image:type\" content=\"image\/jpeg\" \/>\n<meta name=\"author\" content=\"Felipe Areia\" \/>\n<meta name=\"twitter:card\" content=\"summary_large_image\" \/>\n<meta name=\"twitter:creator\" content=\"@sunoresearch\" \/>\n<meta name=\"twitter:site\" content=\"@sunoresearch\" \/>\n<meta name=\"twitter:label1\" content=\"Escrito por\" \/>\n\t<meta name=\"twitter:data1\" content=\"Felipe Areia\" \/>\n\t<meta name=\"twitter:label2\" content=\"Est. tempo de leitura\" \/>\n\t<meta name=\"twitter:data2\" content=\"4 minutos\" \/>\n<script type=\"application\/ld+json\" class=\"yoast-schema-graph\">{\"@context\":\"https:\/\/schema.org\",\"@graph\":[{\"@type\":\"NewsArticle\",\"@id\":\"https:\/\/www.suno.com.br\/noticias\/c6-greve-caminhoneiros-oi-oibr3-vvar3-ciel3-bbdc4\/#article\",\"isPartOf\":{\"@id\":\"https:\/\/www.suno.com.br\/noticias\/c6-greve-caminhoneiros-oi-oibr3-vvar3-ciel3-bbdc4\/\"},\"author\":{\"name\":\"Felipe Areia\",\"@id\":\"https:\/\/www.suno.com.br\/noticias\/#\/schema\/person\/60408fe05425d06f5564e57be6c1f9ea\"},\"headline\":\"C6, Greve dos Caminhoneiros, Oi (OIBR3): Veja as 5 not\u00edcias mais lidas da semana\",\"datePublished\":\"2021-01-30T16:09:01+00:00\",\"dateModified\":\"2021-05-30T22:13:53+00:00\",\"mainEntityOfPage\":{\"@id\":\"https:\/\/www.suno.com.br\/noticias\/c6-greve-caminhoneiros-oi-oibr3-vvar3-ciel3-bbdc4\/\"},\"wordCount\":797,\"publisher\":{\"@id\":\"https:\/\/www.suno.com.br\/noticias\/#organization\"},\"image\":{\"@id\":\"https:\/\/www.suno.com.br\/noticias\/c6-greve-caminhoneiros-oi-oibr3-vvar3-ciel3-bbdc4\/#primaryimage\"},\"thumbnailUrl\":\"https:\/\/files.sunoresearch.com.br\/n\/uploads\/2021\/01\/b8b75af3-c6-bank-800x450-1-jpg.webp\",\"keywords\":[\"Bradesco (BBDC3\/BBDC4)\",\"C6 Bank\",\"Cielo (CIEL3)\",\"greve dos caminhoneiros\",\"Oi (OIBR3\/OIBR4)\",\"Via (VIIA3)\"],\"articleSection\":[\"Neg\u00f3cios\"],\"inLanguage\":\"pt-BR\"},{\"@type\":\"WebPage\",\"@id\":\"https:\/\/www.suno.com.br\/noticias\/c6-greve-caminhoneiros-oi-oibr3-vvar3-ciel3-bbdc4\/\",\"url\":\"https:\/\/www.suno.com.br\/noticias\/c6-greve-caminhoneiros-oi-oibr3-vvar3-ciel3-bbdc4\/\",\"name\":\"C6, Greve dos Caminhoneiros, Oi (OIBR3): Veja as 5 not\u00edcias mais lidas da semana\",\"isPartOf\":{\"@id\":\"https:\/\/www.suno.com.br\/noticias\/#website\"},\"primaryImageOfPage\":{\"@id\":\"https:\/\/www.suno.com.br\/noticias\/c6-greve-caminhoneiros-oi-oibr3-vvar3-ciel3-bbdc4\/#primaryimage\"},\"image\":{\"@id\":\"https:\/\/www.suno.com.br\/noticias\/c6-greve-caminhoneiros-oi-oibr3-vvar3-ciel3-bbdc4\/#primaryimage\"},\"thumbnailUrl\":\"https:\/\/files.sunoresearch.com.br\/n\/uploads\/2021\/01\/b8b75af3-c6-bank-800x450-1-jpg.webp\",\"datePublished\":\"2021-01-30T16:09:01+00:00\",\"dateModified\":\"2021-05-30T22:13:53+00:00\",\"description\":\"A greve dos caminhoneiros, leil\u00e3o da Oi e o seguro banco C6 ficaram entre as mais lidas da semana no SUNO Not\u00edcias. Clique e veja mais!\",\"breadcrumb\":{\"@id\":\"https:\/\/www.suno.com.br\/noticias\/c6-greve-caminhoneiros-oi-oibr3-vvar3-ciel3-bbdc4\/#breadcrumb\"},\"inLanguage\":\"pt-BR\",\"potentialAction\":[{\"@type\":\"ReadAction\",\"target\":[\"https:\/\/www.suno.com.br\/noticias\/c6-greve-caminhoneiros-oi-oibr3-vvar3-ciel3-bbdc4\/\"]}]},{\"@type\":\"ImageObject\",\"inLanguage\":\"pt-BR\",\"@id\":\"https:\/\/www.suno.com.br\/noticias\/c6-greve-caminhoneiros-oi-oibr3-vvar3-ciel3-bbdc4\/#primaryimage\",\"url\":\"https:\/\/files.sunoresearch.com.br\/n\/uploads\/2021\/01\/b8b75af3-c6-bank-800x450-1-jpg.webp\",\"contentUrl\":\"https:\/\/files.sunoresearch.com.br\/n\/uploads\/2021\/01\/b8b75af3-c6-bank-800x450-1-jpg.webp\",\"width\":800,\"height\":450,\"caption\":\"C6, Greve dos Caminhoneiros, Oi (OIBR3): Veja as 5 not\u00edcias mais lidas da semana\"},{\"@type\":\"BreadcrumbList\",\"@id\":\"https:\/\/www.suno.com.br\/noticias\/c6-greve-caminhoneiros-oi-oibr3-vvar3-ciel3-bbdc4\/#breadcrumb\",\"itemListElement\":[{\"@type\":\"ListItem\",\"position\":1,\"name\":\"Not\u00edcias\",\"item\":\"https:\/\/www.suno.com.br\/noticias\/\"},{\"@type\":\"ListItem\",\"position\":2,\"name\":\"Neg\u00f3cios\",\"item\":\"https:\/\/www.suno.com.br\/noticias\/negocios\/\"},{\"@type\":\"ListItem\",\"position\":3,\"name\":\"C6, Greve dos Caminhoneiros, Oi (OIBR3): Veja as 5 not\u00edcias mais lidas da semana\"}]},{\"@type\":\"WebSite\",\"@id\":\"https:\/\/www.suno.com.br\/noticias\/#website\",\"url\":\"https:\/\/www.suno.com.br\/noticias\/\",\"name\":\"Suno Not\u00edcias\",\"description\":\"Seu portal de informa\u00e7\u00e3o sobre o mundo dos investimentos\",\"publisher\":{\"@id\":\"https:\/\/www.suno.com.br\/noticias\/#organization\"},\"potentialAction\":[{\"@type\":\"SearchAction\",\"target\":{\"@type\":\"EntryPoint\",\"urlTemplate\":\"https:\/\/www.suno.com.br\/noticias\/?s={search_term_string}\"},\"query-input\":{\"@type\":\"PropertyValueSpecification\",\"valueRequired\":true,\"valueName\":\"search_term_string\"}}],\"inLanguage\":\"pt-BR\"},{\"@type\":\"Organization\",\"@id\":\"https:\/\/www.suno.com.br\/noticias\/#organization\",\"name\":\"Suno Not\u00edcias\",\"url\":\"https:\/\/www.suno.com.br\/noticias\/\",\"logo\":{\"@type\":\"ImageObject\",\"inLanguage\":\"pt-BR\",\"@id\":\"https:\/\/www.suno.com.br\/noticias\/#\/schema\/logo\/image\/\",\"url\":\"https:\/\/files.sunoresearch.com.br\/n\/uploads\/2021\/09\/suno-logo.png\",\"contentUrl\":\"https:\/\/files.sunoresearch.com.br\/n\/uploads\/2021\/09\/suno-logo.png\",\"width\":180,\"height\":180,\"caption\":\"Suno Not\u00edcias\"},\"image\":{\"@id\":\"https:\/\/www.suno.com.br\/noticias\/#\/schema\/logo\/image\/\"},\"sameAs\":[\"https:\/\/facebook.com\/sunoresearch\",\"https:\/\/x.com\/sunoresearch\",\"https:\/\/www.instagram.com\/suno\",\"https:\/\/www.linkedin.com\/company\/suno-research\/\",\"https:\/\/www.youtube.com\/c\/sunoresearch\"]},{\"@type\":\"Person\",\"@id\":\"https:\/\/www.suno.com.br\/noticias\/#\/schema\/person\/60408fe05425d06f5564e57be6c1f9ea\",\"name\":\"Felipe Areia\",\"image\":{\"@type\":\"ImageObject\",\"inLanguage\":\"pt-BR\",\"@id\":\"https:\/\/www.suno.com.br\/noticias\/#\/schema\/person\/image\/\",\"url\":\"https:\/\/secure.gravatar.com\/avatar\/3d7d3c14b1a794a3e8c9186dd9274852?s=96&r=g\",\"contentUrl\":\"https:\/\/secure.gravatar.com\/avatar\/3d7d3c14b1a794a3e8c9186dd9274852?s=96&r=g\",\"caption\":\"Felipe Areia\"},\"description\":\"Editor-chefe do Suno not\u00edcias, Felipe Areia possui mais de 10 anos de experi\u00eancia em jornalismo econ\u00f4mico e financeiro. Foi o respons\u00e1vel pela \u00e1rea de conte\u00fado do Investing.com Brasil.\",\"url\":\"https:\/\/www.suno.com.br\/noticias\/author\/felipe-areia\/\"}]}<\/script>\n<!-- \/ Yoast SEO plugin. -->","yoast_head_json":{"title":"C6, Greve dos Caminhoneiros, Oi (OIBR3): Veja as 5 not\u00edcias mais lidas da semana","description":"A greve dos caminhoneiros, leil\u00e3o da Oi e o seguro banco C6 ficaram entre as mais lidas da semana no SUNO Not\u00edcias. Clique e veja mais!","robots":{"index":"index","follow":"follow","max-snippet":"max-snippet:-1","max-image-preview":"max-image-preview:large","max-video-preview":"max-video-preview:-1"},"canonical":"https:\/\/www.suno.com.br\/noticias\/c6-greve-caminhoneiros-oi-oibr3-vvar3-ciel3-bbdc4\/","og_locale":"pt_BR","og_type":"article","og_title":"C6, Greve dos Caminhoneiros, Oi (OIBR3): Veja as 5 not\u00edcias mais lidas da semana","og_description":"A greve dos caminhoneiros, leil\u00e3o da Oi e o seguro banco C6 ficaram entre as mais lidas da semana no SUNO Not\u00edcias. Clique e veja mais!","og_url":"https:\/\/www.suno.com.br\/noticias\/c6-greve-caminhoneiros-oi-oibr3-vvar3-ciel3-bbdc4\/","og_site_name":"Suno Not\u00edcias","article_publisher":"https:\/\/facebook.com\/sunoresearch","og_image":[{"width":800,"height":450,"url":"https:\/\/files.sunoresearch.com.br\/n\/uploads\/2021\/01\/b8b75af3-c6-bank-800x450-1.jpg","type":"image\/jpeg"}],"author":"Felipe Areia","twitter_card":"summary_large_image","twitter_creator":"@sunoresearch","twitter_site":"@sunoresearch","twitter_misc":{"Escrito por":"Felipe Areia","Est. tempo de leitura":"4 minutos"},"schema":{"@context":"https:\/\/schema.org","@graph":[{"@type":"NewsArticle","@id":"https:\/\/www.suno.com.br\/noticias\/c6-greve-caminhoneiros-oi-oibr3-vvar3-ciel3-bbdc4\/#article","isPartOf":{"@id":"https:\/\/www.suno.com.br\/noticias\/c6-greve-caminhoneiros-oi-oibr3-vvar3-ciel3-bbdc4\/"},"author":{"name":"Felipe Areia","@id":"https:\/\/www.suno.com.br\/noticias\/#\/schema\/person\/60408fe05425d06f5564e57be6c1f9ea"},"headline":"C6, Greve dos Caminhoneiros, Oi (OIBR3): Veja as 5 not\u00edcias mais lidas da semana","datePublished":"2021-01-30T16:09:01+00:00","dateModified":"2021-05-30T22:13:53+00:00","mainEntityOfPage":{"@id":"https:\/\/www.suno.com.br\/noticias\/c6-greve-caminhoneiros-oi-oibr3-vvar3-ciel3-bbdc4\/"},"wordCount":797,"publisher":{"@id":"https:\/\/www.suno.com.br\/noticias\/#organization"},"image":{"@id":"https:\/\/www.suno.com.br\/noticias\/c6-greve-caminhoneiros-oi-oibr3-vvar3-ciel3-bbdc4\/#primaryimage"},"thumbnailUrl":"https:\/\/files.sunoresearch.com.br\/n\/uploads\/2021\/01\/b8b75af3-c6-bank-800x450-1-jpg.webp","keywords":["Bradesco (BBDC3\/BBDC4)","C6 Bank","Cielo (CIEL3)","greve dos caminhoneiros","Oi (OIBR3\/OIBR4)","Via (VIIA3)"],"articleSection":["Neg\u00f3cios"],"inLanguage":"pt-BR"},{"@type":"WebPage","@id":"https:\/\/www.suno.com.br\/noticias\/c6-greve-caminhoneiros-oi-oibr3-vvar3-ciel3-bbdc4\/","url":"https:\/\/www.suno.com.br\/noticias\/c6-greve-caminhoneiros-oi-oibr3-vvar3-ciel3-bbdc4\/","name":"C6, Greve dos Caminhoneiros, Oi (OIBR3): Veja as 5 not\u00edcias mais lidas da semana","isPartOf":{"@id":"https:\/\/www.suno.com.br\/noticias\/#website"},"primaryImageOfPage":{"@id":"https:\/\/www.suno.com.br\/noticias\/c6-greve-caminhoneiros-oi-oibr3-vvar3-ciel3-bbdc4\/#primaryimage"},"image":{"@id":"https:\/\/www.suno.com.br\/noticias\/c6-greve-caminhoneiros-oi-oibr3-vvar3-ciel3-bbdc4\/#primaryimage"},"thumbnailUrl":"https:\/\/files.sunoresearch.com.br\/n\/uploads\/2021\/01\/b8b75af3-c6-bank-800x450-1-jpg.webp","datePublished":"2021-01-30T16:09:01+00:00","dateModified":"2021-05-30T22:13:53+00:00","description":"A greve dos caminhoneiros, leil\u00e3o da Oi e o seguro banco C6 ficaram entre as mais lidas da semana no SUNO Not\u00edcias. Clique e veja mais!","breadcrumb":{"@id":"https:\/\/www.suno.com.br\/noticias\/c6-greve-caminhoneiros-oi-oibr3-vvar3-ciel3-bbdc4\/#breadcrumb"},"inLanguage":"pt-BR","potentialAction":[{"@type":"ReadAction","target":["https:\/\/www.suno.com.br\/noticias\/c6-greve-caminhoneiros-oi-oibr3-vvar3-ciel3-bbdc4\/"]}]},{"@type":"ImageObject","inLanguage":"pt-BR","@id":"https:\/\/www.suno.com.br\/noticias\/c6-greve-caminhoneiros-oi-oibr3-vvar3-ciel3-bbdc4\/#primaryimage","url":"https:\/\/files.sunoresearch.com.br\/n\/uploads\/2021\/01\/b8b75af3-c6-bank-800x450-1-jpg.webp","contentUrl":"https:\/\/files.sunoresearch.com.br\/n\/uploads\/2021\/01\/b8b75af3-c6-bank-800x450-1-jpg.webp","width":800,"height":450,"caption":"C6, Greve dos Caminhoneiros, Oi (OIBR3): Veja as 5 not\u00edcias mais lidas da semana"},{"@type":"BreadcrumbList","@id":"https:\/\/www.suno.com.br\/noticias\/c6-greve-caminhoneiros-oi-oibr3-vvar3-ciel3-bbdc4\/#breadcrumb","itemListElement":[{"@type":"ListItem","position":1,"name":"Not\u00edcias","item":"https:\/\/www.suno.com.br\/noticias\/"},{"@type":"ListItem","position":2,"name":"Neg\u00f3cios","item":"https:\/\/www.suno.com.br\/noticias\/negocios\/"},{"@type":"ListItem","position":3,"name":"C6, Greve dos Caminhoneiros, Oi (OIBR3): Veja as 5 not\u00edcias mais lidas da semana"}]},{"@type":"WebSite","@id":"https:\/\/www.suno.com.br\/noticias\/#website","url":"https:\/\/www.suno.com.br\/noticias\/","name":"Suno Not\u00edcias","description":"Seu portal de informa\u00e7\u00e3o sobre o mundo dos investimentos","publisher":{"@id":"https:\/\/www.suno.com.br\/noticias\/#organization"},"potentialAction":[{"@type":"SearchAction","target":{"@type":"EntryPoint","urlTemplate":"https:\/\/www.suno.com.br\/noticias\/?s={search_term_string}"},"query-input":{"@type":"PropertyValueSpecification","valueRequired":true,"valueName":"search_term_string"}}],"inLanguage":"pt-BR"},{"@type":"Organization","@id":"https:\/\/www.suno.com.br\/noticias\/#organization","name":"Suno Not\u00edcias","url":"https:\/\/www.suno.com.br\/noticias\/","logo":{"@type":"ImageObject","inLanguage":"pt-BR","@id":"https:\/\/www.suno.com.br\/noticias\/#\/schema\/logo\/image\/","url":"https:\/\/files.sunoresearch.com.br\/n\/uploads\/2021\/09\/suno-logo.png","contentUrl":"https:\/\/files.sunoresearch.com.br\/n\/uploads\/2021\/09\/suno-logo.png","width":180,"height":180,"caption":"Suno Not\u00edcias"},"image":{"@id":"https:\/\/www.suno.com.br\/noticias\/#\/schema\/logo\/image\/"},"sameAs":["https:\/\/facebook.com\/sunoresearch","https:\/\/x.com\/sunoresearch","https:\/\/www.instagram.com\/suno","https:\/\/www.linkedin.com\/company\/suno-research\/","https:\/\/www.youtube.com\/c\/sunoresearch"]},{"@type":"Person","@id":"https:\/\/www.suno.com.br\/noticias\/#\/schema\/person\/60408fe05425d06f5564e57be6c1f9ea","name":"Felipe Areia","image":{"@type":"ImageObject","inLanguage":"pt-BR","@id":"https:\/\/www.suno.com.br\/noticias\/#\/schema\/person\/image\/","url":"https:\/\/secure.gravatar.com\/avatar\/3d7d3c14b1a794a3e8c9186dd9274852?s=96&r=g","contentUrl":"https:\/\/secure.gravatar.com\/avatar\/3d7d3c14b1a794a3e8c9186dd9274852?s=96&r=g","caption":"Felipe Areia"},"description":"Editor-chefe do Suno not\u00edcias, Felipe Areia possui mais de 10 anos de experi\u00eancia em jornalismo econ\u00f4mico e financeiro. Foi o respons\u00e1vel pela \u00e1rea de conte\u00fado do Investing.com Brasil.","url":"https:\/\/www.suno.com.br\/noticias\/author\/felipe-areia\/"}]}},"default_loop_html":"<div class=\"cardsPage__listCard__boxs\"><div class=\"cardsPage__listCard__boxs__img\"><a href=\"https:\/\/www.suno.com.br\/noticias\/c6-greve-caminhoneiros-oi-oibr3-vvar3-ciel3-bbdc4\/\"><img class=\"mask\" src=\"https:\/\/www.suno.com.br\/noticias\/wp-content\/themes\/suno\/resources\/images\/spotlight\/spotlight1img\/bg-mask.png\" alt=\"Image Mask\"\/><img src=\"https:\/\/files.sunoresearch.com.br\/n\/uploads\/2021\/01\/b8b75af3-c6-bank-800x450-1-400x200.webp\" alt=\"C6, Greve dos Caminhoneiros, Oi (OIBR3): Veja as 5 not\u00edcias mais lidas da semana\"\/><\/a><span class=\"spotlightCategory\"><a href=\"https:\/\/www.suno.com.br\/noticias\/negocios\/\">Neg\u00f3cios<\/a><\/span><\/div><div class=\"cardsPage__listCard__boxs__content\"><a href=\"https:\/\/www.suno.com.br\/noticias\/c6-greve-caminhoneiros-oi-oibr3-vvar3-ciel3-bbdc4\/\"><h2 class=\"content__title\">C6, Greve dos Caminhoneiros, Oi (OIBR3): Veja as 5 not\u00edcias mais lidas da semana<\/h2><\/a><div class=\"newsContent__article__meta\"><div class=\"newsContent__article__meta__authorBox\"><a href=\"https:\/\/www.suno.com.br\/noticias\/author\/felipe-areia\/\" class=\"authorBox__avatar noMobi\"><img src=\"https:\/\/secure.gravatar.com\/avatar\/3d7d3c14b1a794a3e8c9186dd9274852?s=96&#038;r=g\" alt=\"Felipe Areia\"><\/a><div class=\"authorBox__name\"><span>por\n\t\t\t<a href=\"https:\/\/www.suno.com.br\/noticias\/author\/felipe-areia\/\"><span itemprop=\"author\">Felipe Areia<\/span><\/a><\/span><time datetime=\"2021-01-30T13:09:01-03:00\" itemprop=\"datePublished\">30\/01\/2021 13:09<\/time><\/div><\/div><\/div><\/div><\/div>","single_layout":"posts","amp_enabled":true,"_links":{"self":[{"href":"https:\/\/www.suno.com.br\/noticias\/wp-json\/wp\/v2\/posts\/117445"}],"collection":[{"href":"https:\/\/www.suno.com.br\/noticias\/wp-json\/wp\/v2\/posts"}],"about":[{"href":"https:\/\/www.suno.com.br\/noticias\/wp-json\/wp\/v2\/types\/post"}],"author":[{"embeddable":true,"href":"https:\/\/www.suno.com.br\/noticias\/wp-json\/wp\/v2\/users\/61"}],"replies":[{"embeddable":true,"href":"https:\/\/www.suno.com.br\/noticias\/wp-json\/wp\/v2\/comments?post=117445"}],"version-history":[{"count":1,"href":"https:\/\/www.suno.com.br\/noticias\/wp-json\/wp\/v2\/posts\/117445\/revisions"}],"predecessor-version":[{"id":152526,"href":"https:\/\/www.suno.com.br\/noticias\/wp-json\/wp\/v2\/posts\/117445\/revisions\/152526"}],"wp:featuredmedia":[{"embeddable":true,"href":"https:\/\/www.suno.com.br\/noticias\/wp-json\/wp\/v2\/media\/117453"}],"wp:attachment":[{"href":"https:\/\/www.suno.com.br\/noticias\/wp-json\/wp\/v2\/media?parent=117445"}],"wp:term":[{"taxonomy":"category","embeddable":true,"href":"https:\/\/www.suno.com.br\/noticias\/wp-json\/wp\/v2\/categories?post=117445"},{"taxonomy":"post_tag","embeddable":true,"href":"https:\/\/www.suno.com.br\/noticias\/wp-json\/wp\/v2\/tags?post=117445"},{"taxonomy":"suno_strategy","embeddable":true,"href":"https:\/\/www.suno.com.br\/noticias\/wp-json\/wp\/v2\/suno_strategy?post=117445"}],"curies":[{"name":"wp","href":"https:\/\/api.w.org\/{rel}","templated":true}]}}