{"id":117376,"date":"2021-01-29T20:21:14","date_gmt":"2021-01-29T23:21:14","guid":{"rendered":"https:\/\/www.suno.com.br\/noticias\/?p=117376"},"modified":"2021-02-17T22:35:14","modified_gmt":"2021-02-18T01:35:14","slug":"alzr11-adquire-imovel-globo","status":"publish","type":"post","link":"https:\/\/www.suno.com.br\/noticias\/alzr11-adquire-imovel-globo\/","title":{"rendered":"FII ALZR11 adquire im\u00f3vel da Globo por R$ 37,5 milh\u00f5es"},"content":{"rendered":"<p>O BTG Pactual, administrador do <a href=\"https:\/\/www.suno.com.br\/fundos-imobiliarios\/#:~:text=Fundos%20imobili%C3%A1rios%20s%C3%A3o%20fundos%20de,lajes%20corporativas%2C%20galp%C3%B5es%20log%C3%ADsticos%2C%20sedes\">Fundo de Investimento Imobili\u00e1rio (FII)<\/a>\u00a0Alianza Trust Renda Imobili\u00e1ria (<strong>ALZR11<\/strong>), informou nesta sexta-feira (29) que o Fundo celebrou a aquisi\u00e7\u00e3o definitiva da totalidade do edif\u00edcio comercial da Globo Comunica\u00e7\u00e3o, localizado no Rio de Janeiro, no bairro Jardim Bot\u00e2nico, por R$ 37,5 milh\u00f5es.<\/p>\t<div class=\"wrapper-featured-image\">\n\t\t<figure class=\"spotlightImg\">\n\n\t\t\t<picture>\n\t\t\t\t<source media=\"(max-width: 768px)\" srcset=\"https:\/\/files.sunoresearch.com.br\/n\/uploads\/2021\/01\/0a94c801-alzr11-400x200.webp\">\n\t\t\t\t<img loading=\"lazy\" decoding=\"async\" class=\"newsContent__article__imgCapa lazyloadDisabled \" src=\"https:\/\/files.sunoresearch.com.br\/n\/uploads\/2021\/01\/0a94c801-alzr11-800x450.webp\" width=\"800\" height=\"450\" alt=\"FII ALZR11 adquire im\u00f3vel da Globo por R$ 37,5 milh\u00f5es\" fetchpriority=high \/>\n\t\t\t<\/picture>\n\n\t\t\t<figcaption class=\"wp-caption-text wp-caption-text--show\">No final do dia, a cota do ALZR11 encerrou a sess\u00e3o em alta de 0,60%, valendo R$ 131,00.<\/figcaption>\n\t\t<\/figure>\n\t<\/div>\n\n\n\t<p>\n\t\t<a href=\"https:\/\/lp.suno.com.br\/ebook-como-analisar-uma-acao\/\" target=\"_blank\" data-element=\"shortcode-suno-banner\" title=\"Banner SUNO, clique e saiba mais\">\n\t\t\t<picture>\n\t\t\t\t<source media=\"(max-width: 500px)\" srcset=\"https:\/\/files.sunoresearch.com.br\/n\/uploads\/2023\/03\/Ebook-Acoes-Mobile.jpg\">\n\t\t\t\t<img class=\"newsContent__article__imgCapa newsContent__article__imgCapa--banner\"\n\t\t\t\t\tsrc=\"https:\/\/files.sunoresearch.com.br\/n\/uploads\/2023\/03\/Ebook-Acoes-Desktop.jpg\"\n\t\t\t\t\tdata-promo-id=\"378302\"\t\t\t\t\t\t\t\t\t\twidth='1420' height='286'\t\t\t\t\talt=\"https:\/\/files.sunoresearch.com.br\/n\/uploads\/2023\/03\/Ebook-Acoes-Desktop.jpg\"\n\t\t\t\t>\n\t\t\t<\/picture>\n\t\t<\/a>\n\t<\/p>\n\n\n<p>Vale destacar que o ALZR11 j\u00e1 havia pago R$ 3,75 milh\u00f5es em 21 de dezembro como sinal e princ\u00edpio de pagamento. Os outros R$ 33,750 milh\u00f5es foram pagos hoje, na conclus\u00e3o da transa\u00e7\u00e3o.<\/p>\n<p>Em rela\u00e7\u00e3o ao impacto nas distribui\u00e7\u00f5es, o ALZR11 explicou que as futuras distribui\u00e7\u00f5es de rendimentos depender\u00e3o da performance operacional dos ativos imobili\u00e1rios investidos pelo FII, incluindo o im\u00f3vel que adquiriu da <strong>Globo.<\/strong><\/p>\n<p><a href=\"https:\/\/lp.suno.com.br\/suno-one\/\">Suno One: acesse gratuitamente eBooks, Minicursos, Artigos e Video Aulas sobre investimentos com um \u00fanico cadastro. Clique para saber mais!<\/a><\/p>\n<p>Al\u00e9m disso, as distribui\u00e7\u00f5es depender\u00e3o da gera\u00e7\u00e3o de caixa por meio da aplica\u00e7\u00e3o dos recursos em Ativos Financeiros, de acordo com o <a href=\"https:\/\/www.suno.com.br\/artigos\/fato-relevante\/\">fato relevante<\/a>.<\/p>\n<p>&#8220;Caso os Ativos Imobili\u00e1rios investidos pelo Fundo, incluindo o ativo objeto da transa\u00e7\u00e3o acima, performem em linha com o esperado pela Gestora, considerando a liquida\u00e7\u00e3o integral da obriga\u00e7\u00e3o com Globo utilizando o caixa dispon\u00edvel no Fundo, a expectativa \u00e9 que a transa\u00e7\u00e3o objeto deste comunicado tenha um impacto positivo de, aproximadamente, R$ 0,0558 (cinco centavos) por cota no primeiro ano&#8221;, explica o documento.<\/p>\n\t<div data-element=\"shortcode-read-more\" class=\"knowMore\">\n\t\t\t\t<span class=\"knowMore__title\">Veja tamb\u00e9m <\/span>\n\t\t\t\t<a class=\"knowMore__link\" href=\"https:\/\/www.suno.com.br\/noticias\/xpml11-ifix-fecha-alta-29012021\/\">\n\t\t\tXPML11 lidera baixas enquanto IFIX fecha em alta de 0,25%\t\t<\/a>\n\t<\/div>\n\n\n<p>Vale destacar que o im\u00f3vel ser\u00e1 100% locado para a Globo por meio do Contrato de Loca\u00e7\u00e3o, pelo per\u00edodo m\u00ednimo de 10 anos, com penalidade por rescis\u00e3o equivalente ao saldo devedor integral em caso de rescis\u00e3o antecipada.<\/p>\n<p>A Globo pagar\u00e1 ao fundo, mensalmente, R$ 250 mil de aluguel. O valor ser\u00e1 corrigido anualmente pelo <a href=\"https:\/\/www.suno.com.br\/artigos\/ipca\/\">IPCA<\/a>.<\/p>\n<h2>Sobre o im\u00f3vel<\/h2>\n<p>De acordo com fato relevante divulgado pelo BTG Pactual em meados de dezembro, o im\u00f3vel foi constru\u00eddo em 2014 e \u00e9 utilizado comercialmente\u00a0 pela Globo com opera\u00e7\u00f5es de radiofus\u00e3o e sede administrativa.<\/p>\n<p>Al\u00e9m disso, conta com \u00e1rea de terreno de aproximadamente 1.125 metros quadrados e 3.879 metros quadrados de \u00e1rea constru\u00edda. Segundo o documento, o im\u00f3vel est\u00e1 situado na rua Pacheco Le\u00e3o n\u00b0 70, no <strong>bairro Jardim Bot\u00e2nico,<\/strong> no Rio de Janeiro, &#8220;uma das regi\u00f5es mais valorizadas da cidade&#8221;.<\/p>\n\t<p>\n\t\t<a href=\"https:\/\/lp.suno.com.br\/ebook-como-analisar-uma-acao\/\" target=\"_blank\" data-element=\"shortcode-suno-banner\" title=\"Banner SUNO, clique e saiba mais\">\n\t\t\t<picture>\n\t\t\t\t<source media=\"(max-width: 500px)\" srcset=\"https:\/\/files.sunoresearch.com.br\/n\/uploads\/2023\/03\/Ebook-Acoes-Mobile.jpg\">\n\t\t\t\t<img class=\"newsContent__article__imgCapa newsContent__article__imgCapa--banner\"\n\t\t\t\t\tsrc=\"https:\/\/files.sunoresearch.com.br\/n\/uploads\/2023\/03\/Ebook-Acoes-Desktop.jpg\"\n\t\t\t\t\tdata-promo-id=\"378302\"\t\t\t\t\t\t\t\t\t\twidth='1420' height='286'\t\t\t\t\talt=\"https:\/\/files.sunoresearch.com.br\/n\/uploads\/2023\/03\/Ebook-Acoes-Desktop.jpg\"\n\t\t\t\t>\n\t\t\t<\/picture>\n\t\t<\/a>\n\t<\/p>\n\n\n<p>&#8220;\u00c9 distante 50m do Jardim Bot\u00e2nico, 1,5km do Jockey Clube do Rio de Janeiro, 6,0km do P\u00e3o de A\u00e7\u00facar e 12,0km do Aeroporto Santos Dumont&#8221;.<\/p>\n<h2>\u00daltima cota\u00e7\u00e3o do ALZR11<\/h2>\n<p>A cota do <strong>ALZR11<\/strong> encerrou esta sexta-feira em alta de 0,10%, valendo R$ 126,88.<\/p>\n\t<p>\n\t\t<a href=\"https:\/\/lp.suno.com.br\/planilha-de-controle-de-investimentos\/\" target=\"_blank\" data-element=\"shortcode-suno-banner\" title=\"Banner SUNO, clique e saiba mais\">\n\t\t\t<picture>\n\t\t\t\t<source media=\"(max-width: 500px)\" srcset=\"https:\/\/files.sunoresearch.com.br\/n\/uploads\/2023\/03\/400x300-Controle-de-Investimentos.png\">\n\t\t\t\t<img class=\"newsContent__article__imgCapa newsContent__article__imgCapa--banner\"\n\t\t\t\t\tsrc=\"https:\/\/files.sunoresearch.com.br\/n\/uploads\/2023\/03\/1420x240-Controle-de-Investimentos.png\"\n\t\t\t\t\tdata-promo-id=\"75934\"\t\t\t\t\t\t\t\t\t\twidth='1420' height='240'\t\t\t\t\talt=\"https:\/\/files.sunoresearch.com.br\/n\/uploads\/2023\/03\/1420x240-Controle-de-Investimentos.png\"\n\t\t\t\t>\n\t\t\t<\/picture>\n\t\t<\/a>\n\t<\/p>\n\n\n","protected":false},"excerpt":{"rendered":"<p>O BTG Pactual, administrador do Fundo de Investimento Imobili\u00e1rio (FII)\u00a0Alianza Trust Renda Imobili\u00e1ria (ALZR11), informou nesta sexta-feira (29) que o Fundo celebrou a aquisi\u00e7\u00e3o definitiva da totalidade do edif\u00edcio comercial da Globo Comunica\u00e7\u00e3o, localizado no Rio de Janeiro, no bairro Jardim Bot\u00e2nico, por R$ 37,5 milh\u00f5es. No final do dia, a cota do ALZR11 encerrou [&hellip;]<\/p>\n","protected":false},"author":39,"featured_media":117385,"comment_status":"closed","ping_status":"closed","sticky":false,"template":"","format":"standard","meta":[],"categories":[66],"tags":[315,1783,802],"suno_strategy":[],"class_list":["post-117376","post","type-post","status-publish","format-standard","has-post-thumbnail","hentry","category-fiis","tag-fundos-imobiliarios-fiis","tag-globo","tag-rio-de-janeiro"],"yoast_head":"<!-- This site is optimized with the Yoast SEO plugin v24.4 - https:\/\/yoast.com\/wordpress\/plugins\/seo\/ -->\n<title>FII ALZR11 adquire im\u00f3vel da Globo por R$ 37,5 milh\u00f5es<\/title>\n<meta name=\"description\" content=\"O ALZR11 celebrou a aquisi\u00e7\u00e3o definitiva de edif\u00edcio comercial da Globo, localizado no Rio de Janeiro. Clique aqui e saiba mais.\" \/>\n<meta name=\"robots\" content=\"index, follow, max-snippet:-1, max-image-preview:large, max-video-preview:-1\" \/>\n<link rel=\"canonical\" href=\"https:\/\/www.suno.com.br\/noticias\/alzr11-adquire-imovel-globo\/\" \/>\n<meta property=\"og:locale\" content=\"pt_BR\" \/>\n<meta property=\"og:type\" content=\"article\" \/>\n<meta property=\"og:title\" content=\"FII ALZR11 adquire im\u00f3vel da Globo por R$ 37,5 milh\u00f5es\" \/>\n<meta property=\"og:description\" content=\"O ALZR11 celebrou a aquisi\u00e7\u00e3o definitiva de edif\u00edcio comercial da Globo, localizado no Rio de Janeiro. Clique aqui e saiba mais.\" \/>\n<meta property=\"og:url\" content=\"https:\/\/www.suno.com.br\/noticias\/alzr11-adquire-imovel-globo\/\" \/>\n<meta property=\"og:site_name\" content=\"Suno Not\u00edcias\" \/>\n<meta property=\"article:publisher\" content=\"https:\/\/facebook.com\/sunoresearch\" \/>\n<meta property=\"og:image\" content=\"https:\/\/files.sunoresearch.com.br\/n\/uploads\/2021\/01\/0a94c801-alzr11.jpg\" \/>\n\t<meta property=\"og:image:width\" content=\"1024\" \/>\n\t<meta property=\"og:image:height\" content=\"681\" \/>\n\t<meta property=\"og:image:type\" content=\"image\/jpeg\" \/>\n<meta name=\"author\" content=\"Laura Moutinho\" \/>\n<meta name=\"twitter:card\" content=\"summary_large_image\" \/>\n<meta name=\"twitter:creator\" content=\"@sunoresearch\" \/>\n<meta name=\"twitter:site\" content=\"@sunoresearch\" \/>\n<meta name=\"twitter:label1\" content=\"Escrito por\" \/>\n\t<meta name=\"twitter:data1\" content=\"Laura Moutinho\" \/>\n\t<meta name=\"twitter:label2\" content=\"Est. tempo de leitura\" \/>\n\t<meta name=\"twitter:data2\" content=\"2 minutos\" \/>\n<script type=\"application\/ld+json\" class=\"yoast-schema-graph\">{\"@context\":\"https:\/\/schema.org\",\"@graph\":[{\"@type\":\"NewsArticle\",\"@id\":\"https:\/\/www.suno.com.br\/noticias\/alzr11-adquire-imovel-globo\/#article\",\"isPartOf\":{\"@id\":\"https:\/\/www.suno.com.br\/noticias\/alzr11-adquire-imovel-globo\/\"},\"author\":{\"name\":\"Laura Moutinho\",\"@id\":\"https:\/\/www.suno.com.br\/noticias\/#\/schema\/person\/3df0d2808748b74496efe5dbeaef2c72\"},\"headline\":\"FII ALZR11 adquire im\u00f3vel da Globo por R$ 37,5 milh\u00f5es\",\"datePublished\":\"2021-01-29T23:21:14+00:00\",\"dateModified\":\"2021-02-18T01:35:14+00:00\",\"mainEntityOfPage\":{\"@id\":\"https:\/\/www.suno.com.br\/noticias\/alzr11-adquire-imovel-globo\/\"},\"wordCount\":471,\"publisher\":{\"@id\":\"https:\/\/www.suno.com.br\/noticias\/#organization\"},\"image\":{\"@id\":\"https:\/\/www.suno.com.br\/noticias\/alzr11-adquire-imovel-globo\/#primaryimage\"},\"thumbnailUrl\":\"https:\/\/files.sunoresearch.com.br\/n\/uploads\/2021\/01\/0a94c801-alzr11-jpg.webp\",\"keywords\":[\"Fundos Imobili\u00e1rios (FIIs)\",\"Globo\",\"Rio de Janeiro\"],\"articleSection\":[\"FIIs\"],\"inLanguage\":\"pt-BR\"},{\"@type\":\"WebPage\",\"@id\":\"https:\/\/www.suno.com.br\/noticias\/alzr11-adquire-imovel-globo\/\",\"url\":\"https:\/\/www.suno.com.br\/noticias\/alzr11-adquire-imovel-globo\/\",\"name\":\"FII ALZR11 adquire im\u00f3vel da Globo por R$ 37,5 milh\u00f5es\",\"isPartOf\":{\"@id\":\"https:\/\/www.suno.com.br\/noticias\/#website\"},\"primaryImageOfPage\":{\"@id\":\"https:\/\/www.suno.com.br\/noticias\/alzr11-adquire-imovel-globo\/#primaryimage\"},\"image\":{\"@id\":\"https:\/\/www.suno.com.br\/noticias\/alzr11-adquire-imovel-globo\/#primaryimage\"},\"thumbnailUrl\":\"https:\/\/files.sunoresearch.com.br\/n\/uploads\/2021\/01\/0a94c801-alzr11-jpg.webp\",\"datePublished\":\"2021-01-29T23:21:14+00:00\",\"dateModified\":\"2021-02-18T01:35:14+00:00\",\"description\":\"O ALZR11 celebrou a aquisi\u00e7\u00e3o definitiva de edif\u00edcio comercial da Globo, localizado no Rio de Janeiro. Clique aqui e saiba mais.\",\"breadcrumb\":{\"@id\":\"https:\/\/www.suno.com.br\/noticias\/alzr11-adquire-imovel-globo\/#breadcrumb\"},\"inLanguage\":\"pt-BR\",\"potentialAction\":[{\"@type\":\"ReadAction\",\"target\":[\"https:\/\/www.suno.com.br\/noticias\/alzr11-adquire-imovel-globo\/\"]}]},{\"@type\":\"ImageObject\",\"inLanguage\":\"pt-BR\",\"@id\":\"https:\/\/www.suno.com.br\/noticias\/alzr11-adquire-imovel-globo\/#primaryimage\",\"url\":\"https:\/\/files.sunoresearch.com.br\/n\/uploads\/2021\/01\/0a94c801-alzr11-jpg.webp\",\"contentUrl\":\"https:\/\/files.sunoresearch.com.br\/n\/uploads\/2021\/01\/0a94c801-alzr11-jpg.webp\",\"width\":1024,\"height\":681,\"caption\":\"No final do dia, a cota do ALZR11 encerrou a sess\u00e3o em alta de 0,60%, valendo R$ 131,00.\"},{\"@type\":\"BreadcrumbList\",\"@id\":\"https:\/\/www.suno.com.br\/noticias\/alzr11-adquire-imovel-globo\/#breadcrumb\",\"itemListElement\":[{\"@type\":\"ListItem\",\"position\":1,\"name\":\"Not\u00edcias\",\"item\":\"https:\/\/www.suno.com.br\/noticias\/\"},{\"@type\":\"ListItem\",\"position\":2,\"name\":\"FIIs\",\"item\":\"https:\/\/www.suno.com.br\/noticias\/fiis\/\"},{\"@type\":\"ListItem\",\"position\":3,\"name\":\"FII ALZR11 adquire im\u00f3vel da Globo por R$ 37,5 milh\u00f5es\"}]},{\"@type\":\"WebSite\",\"@id\":\"https:\/\/www.suno.com.br\/noticias\/#website\",\"url\":\"https:\/\/www.suno.com.br\/noticias\/\",\"name\":\"Suno Not\u00edcias\",\"description\":\"Seu portal de informa\u00e7\u00e3o sobre o mundo dos investimentos\",\"publisher\":{\"@id\":\"https:\/\/www.suno.com.br\/noticias\/#organization\"},\"potentialAction\":[{\"@type\":\"SearchAction\",\"target\":{\"@type\":\"EntryPoint\",\"urlTemplate\":\"https:\/\/www.suno.com.br\/noticias\/?s={search_term_string}\"},\"query-input\":{\"@type\":\"PropertyValueSpecification\",\"valueRequired\":true,\"valueName\":\"search_term_string\"}}],\"inLanguage\":\"pt-BR\"},{\"@type\":\"Organization\",\"@id\":\"https:\/\/www.suno.com.br\/noticias\/#organization\",\"name\":\"Suno Not\u00edcias\",\"url\":\"https:\/\/www.suno.com.br\/noticias\/\",\"logo\":{\"@type\":\"ImageObject\",\"inLanguage\":\"pt-BR\",\"@id\":\"https:\/\/www.suno.com.br\/noticias\/#\/schema\/logo\/image\/\",\"url\":\"https:\/\/files.sunoresearch.com.br\/n\/uploads\/2021\/09\/suno-logo.png\",\"contentUrl\":\"https:\/\/files.sunoresearch.com.br\/n\/uploads\/2021\/09\/suno-logo.png\",\"width\":180,\"height\":180,\"caption\":\"Suno Not\u00edcias\"},\"image\":{\"@id\":\"https:\/\/www.suno.com.br\/noticias\/#\/schema\/logo\/image\/\"},\"sameAs\":[\"https:\/\/facebook.com\/sunoresearch\",\"https:\/\/x.com\/sunoresearch\",\"https:\/\/www.instagram.com\/suno\",\"https:\/\/www.linkedin.com\/company\/suno-research\/\",\"https:\/\/www.youtube.com\/c\/sunoresearch\"]},{\"@type\":\"Person\",\"@id\":\"https:\/\/www.suno.com.br\/noticias\/#\/schema\/person\/3df0d2808748b74496efe5dbeaef2c72\",\"name\":\"Laura Moutinho\",\"image\":{\"@type\":\"ImageObject\",\"inLanguage\":\"pt-BR\",\"@id\":\"https:\/\/www.suno.com.br\/noticias\/#\/schema\/person\/image\/\",\"url\":\"https:\/\/secure.gravatar.com\/avatar\/7571c7c8ca3a6fca5e41384ece5557ff?s=96&r=g\",\"contentUrl\":\"https:\/\/secure.gravatar.com\/avatar\/7571c7c8ca3a6fca5e41384ece5557ff?s=96&r=g\",\"caption\":\"Laura Moutinho\"},\"description\":\"Estagi\u00e1ria na Suno Not\u00edcias, escreve not\u00edcias que afetam o mercado financeiro. Estuda administra\u00e7\u00e3o na Universidade Presbiteriana Mackenzie.\",\"url\":\"https:\/\/www.suno.com.br\/noticias\/author\/laura-moutinho\/\"}]}<\/script>\n<!-- \/ Yoast SEO plugin. -->","yoast_head_json":{"title":"FII ALZR11 adquire im\u00f3vel da Globo por R$ 37,5 milh\u00f5es","description":"O ALZR11 celebrou a aquisi\u00e7\u00e3o definitiva de edif\u00edcio comercial da Globo, localizado no Rio de Janeiro. Clique aqui e saiba mais.","robots":{"index":"index","follow":"follow","max-snippet":"max-snippet:-1","max-image-preview":"max-image-preview:large","max-video-preview":"max-video-preview:-1"},"canonical":"https:\/\/www.suno.com.br\/noticias\/alzr11-adquire-imovel-globo\/","og_locale":"pt_BR","og_type":"article","og_title":"FII ALZR11 adquire im\u00f3vel da Globo por R$ 37,5 milh\u00f5es","og_description":"O ALZR11 celebrou a aquisi\u00e7\u00e3o definitiva de edif\u00edcio comercial da Globo, localizado no Rio de Janeiro. Clique aqui e saiba mais.","og_url":"https:\/\/www.suno.com.br\/noticias\/alzr11-adquire-imovel-globo\/","og_site_name":"Suno Not\u00edcias","article_publisher":"https:\/\/facebook.com\/sunoresearch","og_image":[{"width":1024,"height":681,"url":"https:\/\/files.sunoresearch.com.br\/n\/uploads\/2021\/01\/0a94c801-alzr11.jpg","type":"image\/jpeg"}],"author":"Laura Moutinho","twitter_card":"summary_large_image","twitter_creator":"@sunoresearch","twitter_site":"@sunoresearch","twitter_misc":{"Escrito por":"Laura Moutinho","Est. tempo de leitura":"2 minutos"},"schema":{"@context":"https:\/\/schema.org","@graph":[{"@type":"NewsArticle","@id":"https:\/\/www.suno.com.br\/noticias\/alzr11-adquire-imovel-globo\/#article","isPartOf":{"@id":"https:\/\/www.suno.com.br\/noticias\/alzr11-adquire-imovel-globo\/"},"author":{"name":"Laura Moutinho","@id":"https:\/\/www.suno.com.br\/noticias\/#\/schema\/person\/3df0d2808748b74496efe5dbeaef2c72"},"headline":"FII ALZR11 adquire im\u00f3vel da Globo por R$ 37,5 milh\u00f5es","datePublished":"2021-01-29T23:21:14+00:00","dateModified":"2021-02-18T01:35:14+00:00","mainEntityOfPage":{"@id":"https:\/\/www.suno.com.br\/noticias\/alzr11-adquire-imovel-globo\/"},"wordCount":471,"publisher":{"@id":"https:\/\/www.suno.com.br\/noticias\/#organization"},"image":{"@id":"https:\/\/www.suno.com.br\/noticias\/alzr11-adquire-imovel-globo\/#primaryimage"},"thumbnailUrl":"https:\/\/files.sunoresearch.com.br\/n\/uploads\/2021\/01\/0a94c801-alzr11-jpg.webp","keywords":["Fundos Imobili\u00e1rios (FIIs)","Globo","Rio de Janeiro"],"articleSection":["FIIs"],"inLanguage":"pt-BR"},{"@type":"WebPage","@id":"https:\/\/www.suno.com.br\/noticias\/alzr11-adquire-imovel-globo\/","url":"https:\/\/www.suno.com.br\/noticias\/alzr11-adquire-imovel-globo\/","name":"FII ALZR11 adquire im\u00f3vel da Globo por R$ 37,5 milh\u00f5es","isPartOf":{"@id":"https:\/\/www.suno.com.br\/noticias\/#website"},"primaryImageOfPage":{"@id":"https:\/\/www.suno.com.br\/noticias\/alzr11-adquire-imovel-globo\/#primaryimage"},"image":{"@id":"https:\/\/www.suno.com.br\/noticias\/alzr11-adquire-imovel-globo\/#primaryimage"},"thumbnailUrl":"https:\/\/files.sunoresearch.com.br\/n\/uploads\/2021\/01\/0a94c801-alzr11-jpg.webp","datePublished":"2021-01-29T23:21:14+00:00","dateModified":"2021-02-18T01:35:14+00:00","description":"O ALZR11 celebrou a aquisi\u00e7\u00e3o definitiva de edif\u00edcio comercial da Globo, localizado no Rio de Janeiro. Clique aqui e saiba mais.","breadcrumb":{"@id":"https:\/\/www.suno.com.br\/noticias\/alzr11-adquire-imovel-globo\/#breadcrumb"},"inLanguage":"pt-BR","potentialAction":[{"@type":"ReadAction","target":["https:\/\/www.suno.com.br\/noticias\/alzr11-adquire-imovel-globo\/"]}]},{"@type":"ImageObject","inLanguage":"pt-BR","@id":"https:\/\/www.suno.com.br\/noticias\/alzr11-adquire-imovel-globo\/#primaryimage","url":"https:\/\/files.sunoresearch.com.br\/n\/uploads\/2021\/01\/0a94c801-alzr11-jpg.webp","contentUrl":"https:\/\/files.sunoresearch.com.br\/n\/uploads\/2021\/01\/0a94c801-alzr11-jpg.webp","width":1024,"height":681,"caption":"No final do dia, a cota do ALZR11 encerrou a sess\u00e3o em alta de 0,60%, valendo R$ 131,00."},{"@type":"BreadcrumbList","@id":"https:\/\/www.suno.com.br\/noticias\/alzr11-adquire-imovel-globo\/#breadcrumb","itemListElement":[{"@type":"ListItem","position":1,"name":"Not\u00edcias","item":"https:\/\/www.suno.com.br\/noticias\/"},{"@type":"ListItem","position":2,"name":"FIIs","item":"https:\/\/www.suno.com.br\/noticias\/fiis\/"},{"@type":"ListItem","position":3,"name":"FII ALZR11 adquire im\u00f3vel da Globo por R$ 37,5 milh\u00f5es"}]},{"@type":"WebSite","@id":"https:\/\/www.suno.com.br\/noticias\/#website","url":"https:\/\/www.suno.com.br\/noticias\/","name":"Suno Not\u00edcias","description":"Seu portal de informa\u00e7\u00e3o sobre o mundo dos investimentos","publisher":{"@id":"https:\/\/www.suno.com.br\/noticias\/#organization"},"potentialAction":[{"@type":"SearchAction","target":{"@type":"EntryPoint","urlTemplate":"https:\/\/www.suno.com.br\/noticias\/?s={search_term_string}"},"query-input":{"@type":"PropertyValueSpecification","valueRequired":true,"valueName":"search_term_string"}}],"inLanguage":"pt-BR"},{"@type":"Organization","@id":"https:\/\/www.suno.com.br\/noticias\/#organization","name":"Suno Not\u00edcias","url":"https:\/\/www.suno.com.br\/noticias\/","logo":{"@type":"ImageObject","inLanguage":"pt-BR","@id":"https:\/\/www.suno.com.br\/noticias\/#\/schema\/logo\/image\/","url":"https:\/\/files.sunoresearch.com.br\/n\/uploads\/2021\/09\/suno-logo.png","contentUrl":"https:\/\/files.sunoresearch.com.br\/n\/uploads\/2021\/09\/suno-logo.png","width":180,"height":180,"caption":"Suno Not\u00edcias"},"image":{"@id":"https:\/\/www.suno.com.br\/noticias\/#\/schema\/logo\/image\/"},"sameAs":["https:\/\/facebook.com\/sunoresearch","https:\/\/x.com\/sunoresearch","https:\/\/www.instagram.com\/suno","https:\/\/www.linkedin.com\/company\/suno-research\/","https:\/\/www.youtube.com\/c\/sunoresearch"]},{"@type":"Person","@id":"https:\/\/www.suno.com.br\/noticias\/#\/schema\/person\/3df0d2808748b74496efe5dbeaef2c72","name":"Laura Moutinho","image":{"@type":"ImageObject","inLanguage":"pt-BR","@id":"https:\/\/www.suno.com.br\/noticias\/#\/schema\/person\/image\/","url":"https:\/\/secure.gravatar.com\/avatar\/7571c7c8ca3a6fca5e41384ece5557ff?s=96&r=g","contentUrl":"https:\/\/secure.gravatar.com\/avatar\/7571c7c8ca3a6fca5e41384ece5557ff?s=96&r=g","caption":"Laura Moutinho"},"description":"Estagi\u00e1ria na Suno Not\u00edcias, escreve not\u00edcias que afetam o mercado financeiro. Estuda administra\u00e7\u00e3o na Universidade Presbiteriana Mackenzie.","url":"https:\/\/www.suno.com.br\/noticias\/author\/laura-moutinho\/"}]}},"default_loop_html":"<div class=\"cardsPage__listCard__boxs\"><div class=\"cardsPage__listCard__boxs__img\"><a href=\"https:\/\/www.suno.com.br\/noticias\/alzr11-adquire-imovel-globo\/\"><img class=\"mask\" src=\"https:\/\/www.suno.com.br\/noticias\/wp-content\/themes\/suno\/resources\/images\/spotlight\/spotlight1img\/bg-mask.png\" alt=\"Image Mask\"\/><img src=\"https:\/\/files.sunoresearch.com.br\/n\/uploads\/2021\/01\/0a94c801-alzr11-400x200.webp\" alt=\"FII ALZR11 adquire im\u00f3vel da Globo por R$ 37,5 milh\u00f5es\"\/><\/a><span class=\"spotlightCategory\"><a href=\"https:\/\/www.suno.com.br\/noticias\/fiis\/\">FIIs<\/a><\/span><\/div><div class=\"cardsPage__listCard__boxs__content\"><a href=\"https:\/\/www.suno.com.br\/noticias\/alzr11-adquire-imovel-globo\/\"><h2 class=\"content__title\">FII ALZR11 adquire im\u00f3vel da Globo por R$ 37,5 milh\u00f5es<\/h2><\/a><div class=\"newsContent__article__meta\"><div class=\"newsContent__article__meta__authorBox\"><a href=\"https:\/\/www.suno.com.br\/noticias\/author\/laura-moutinho\/\" class=\"authorBox__avatar noMobi\"><img src=\"https:\/\/files.sunoresearch.com.br\/n\/uploads\/2020\/08\/531ff69d-whatsapp-image-2020-08-03-at-14.54.38-150x150.webp\" alt=\"Laura Moutinho\"><\/a><div class=\"authorBox__name\"><span>por\n\t\t\t<a href=\"https:\/\/www.suno.com.br\/noticias\/author\/laura-moutinho\/\"><span itemprop=\"author\">Laura Moutinho<\/span><\/a><\/span><time datetime=\"2021-01-29T20:21:14-03:00\" itemprop=\"datePublished\">29\/01\/2021 20:21<\/time><\/div><\/div><\/div><\/div><\/div>","single_layout":"posts","amp_enabled":true,"_links":{"self":[{"href":"https:\/\/www.suno.com.br\/noticias\/wp-json\/wp\/v2\/posts\/117376"}],"collection":[{"href":"https:\/\/www.suno.com.br\/noticias\/wp-json\/wp\/v2\/posts"}],"about":[{"href":"https:\/\/www.suno.com.br\/noticias\/wp-json\/wp\/v2\/types\/post"}],"author":[{"embeddable":true,"href":"https:\/\/www.suno.com.br\/noticias\/wp-json\/wp\/v2\/users\/39"}],"replies":[{"embeddable":true,"href":"https:\/\/www.suno.com.br\/noticias\/wp-json\/wp\/v2\/comments?post=117376"}],"version-history":[{"count":0,"href":"https:\/\/www.suno.com.br\/noticias\/wp-json\/wp\/v2\/posts\/117376\/revisions"}],"wp:featuredmedia":[{"embeddable":true,"href":"https:\/\/www.suno.com.br\/noticias\/wp-json\/wp\/v2\/media\/117385"}],"wp:attachment":[{"href":"https:\/\/www.suno.com.br\/noticias\/wp-json\/wp\/v2\/media?parent=117376"}],"wp:term":[{"taxonomy":"category","embeddable":true,"href":"https:\/\/www.suno.com.br\/noticias\/wp-json\/wp\/v2\/categories?post=117376"},{"taxonomy":"post_tag","embeddable":true,"href":"https:\/\/www.suno.com.br\/noticias\/wp-json\/wp\/v2\/tags?post=117376"},{"taxonomy":"suno_strategy","embeddable":true,"href":"https:\/\/www.suno.com.br\/noticias\/wp-json\/wp\/v2\/suno_strategy?post=117376"}],"curies":[{"name":"wp","href":"https:\/\/api.w.org\/{rel}","templated":true}]}}