{"id":11723,"date":"2019-01-15T13:29:29","date_gmt":"2019-01-15T15:29:29","guid":{"rendered":"https:\/\/www.suno.com.br\/noticias\/?p=11723"},"modified":"2021-01-16T13:35:32","modified_gmt":"2021-01-16T16:35:32","slug":"brexit-votacao-cenarios","status":"publish","type":"post","link":"https:\/\/www.suno.com.br\/noticias\/brexit-votacao-cenarios\/","title":{"rendered":"Brexit ser\u00e1 votado hoje; confira os cen\u00e1rios poss\u00edveis dos resultados"},"content":{"rendered":"<p>O Parlamento brit\u00e2nico votar\u00e1 nesta ter\u00e7a-feira (15) a proposta de acordo do Brexit apresentada pela primeira-ministra <strong>Theresa May<\/strong>. A proposta j\u00e1 foi aprovada pela Uni\u00e3o Europeia (UE), e estava agendada inicialmente para o dia 11 de dezembro.<\/p>\t<div class=\"wrapper-featured-image\">\n\t\t<figure class=\"spotlightImg\">\n\n\t\t\t<picture>\n\t\t\t\t<source media=\"(max-width: 768px)\" srcset=\"https:\/\/files.sunoresearch.com.br\/n\/uploads\/2019\/01\/55fe10df-brexit-400x200.webp\">\n\t\t\t\t<img loading=\"lazy\" decoding=\"async\" class=\"newsContent__article__imgCapa lazyloadDisabled newsContent__article__imgCapa--noCaption\" src=\"https:\/\/files.sunoresearch.com.br\/n\/uploads\/2019\/01\/55fe10df-brexit-800x450.webp\" width=\"800\" height=\"450\" alt=\"Brexit ser\u00e1 votado hoje; confira os cen\u00e1rios poss\u00edveis dos resultados\" fetchpriority=high \/>\n\t\t\t<\/picture>\n\n\t\t\t<figcaption class=\"wp-caption-text wp-caption-text--hide\">A primeira-ministra brit\u00e2nica Theresa May, que tem conduzido o Brexit. (divulga\u00e7\u00e3o)<\/figcaption>\n\t\t<\/figure>\n\t<\/div>\n\n\n<p>Contudo, a primeira-ministra decidiu adiar a vota\u00e7\u00e3o da proposta de acordo do <strong>Brexit<\/strong> pois previa uma derrota.<\/p>\n<p>Mesmo adiando a vota\u00e7\u00e3o, as expectativas s\u00e3o pessimistas para o governo.<\/p>\n<p><a href=\"https:\/\/www.suno.com.br\/noticias\/theresa-may-vence-voto-desconfianca\/\">Saiba mais &#8211;\u00a0Theresa May vence voto de desconfian\u00e7a e continua no cargo\u00a0<\/a><\/p>\n<p><a href=\"https:\/\/www.suno.com.br\/noticias\/brexit-theresa-may-voto-desconfianca-parlamento\/\">Saiba mais &#8211;\u00a0Brexit leva Theresa May a enfrentar voto de desconfian\u00e7a no Parlamento\u00a0<\/a><\/p>\n<p>O Partido Conservador j\u00e1 deixou claro que n\u00e3o concorda com os termos propostos, e afirmou que n\u00e3o h\u00e1 chances de <strong>Theresa May<\/strong> conseguir os votos necess\u00e1rios para a aprova\u00e7\u00e3o.<\/p>\n<p>Muitos defensores da\u00a0sa\u00edda do<strong> Reino Unido<\/strong> da <strong>Uni\u00e3o Europeia<\/strong> esperavam que o pa\u00eds conseguisse:<\/p>\n<ul>\n<li>manter livre acesso ao mercado europeu;<\/li>\n<li>impor controles r\u00edgidos da imigra\u00e7\u00e3o;<\/li>\n<li>maior independ\u00eancia da legisla\u00e7\u00e3o e Judici\u00e1rio europeus.<\/li>\n<\/ul>\n<p>Todavia, a proposta de May prioriza os acordos comerciais, mas faz concess\u00f5es no campo da soberania. A fronteira entre Irlanda (pertence \u00e0 UE) e a Irlanda do Norte (pertence ao Reino Unido) continuaria aberta na pr\u00e1tica.<\/p>\n<p>Haveria um controle especial aduaneiro chamado de &#8220;backstop&#8221;. A UE alertou que n\u00e3o far\u00e1 mais concess\u00f5es.<\/p>\n<p><a href=\"https:\/\/www.suno.com.br\/noticias\/brexit-pode-ser-revogado-pelo-reino-unido-diz-corte-europeia-de-justica\/\">Saiba mais &#8211;\u00a0Brexit pode ser revogado pelo Reino Unido, diz Corte Europeia de Justi\u00e7a\u00a0<\/a><\/p>\n<h2>Cen\u00e1rios para a vota\u00e7\u00e3o do Brexit<\/h2>\n<p>De acordo com a apura\u00e7\u00e3o do G1, estes s\u00e3o os poss\u00edveis cen\u00e1rios para o <strong>Brexit<\/strong> hoje:<\/p>\n<ol>\n<li><strong>Acordo aprovado:\u00a0<\/strong>se o acordo proposto por <strong>Theresa May<\/strong> for aprovado, o Brexit entrar\u00e1 em vigor \u00e0s 23h locais do dia 29 de mar\u00e7o.<\/li>\n<li><strong>Renegocia\u00e7\u00e3o do acordo:<\/strong> o acordo \u00e9 rejeitado, no entanto, May apresenta um plano B que \u00e9 aprovado pelo Parlamento. Caso isso ocorra, ser\u00e1 necess\u00e1rio reapresentar o novo texto \u00e0 <strong>Uni\u00e3o Europeia<\/strong>, para que os membros aprovem por unanimidade.<br \/>\nA UE j\u00e1 declarou que quer aplicar o texto aprovado em novembro (que ir\u00e1 para vota\u00e7\u00e3o no Parlamento hoje) e que n\u00e3o aceitaria mudan\u00e7as.<\/li>\n<li><strong>Adiamento do Brexit:<\/strong> o cen\u00e1rio mais prov\u00e1vel que ocorra. Se a proposta de May n\u00e3o for aprovada nesta ter\u00e7a, dificilmente uma solu\u00e7\u00e3o vi\u00e1vel ser\u00e1 encontrada a tempo do Brexit entrar em vigor em 29 de mar\u00e7o.<\/li>\n<li><strong>Brexit sem acordo:<\/strong> se nenhum plano proposto pela primeira-ministra for aprovado e o prazo vencer, o <strong>Reino Unido<\/strong> deixar\u00e1 a UE sem acordo. Este cen\u00e1rio divide opini\u00f5es, com parlamentares afirmando que se isso se concretizasse, n\u00e3o seria t\u00e3o ruim. Por\u00e9m, o governo almeja evitar essa possibilidade.<\/li>\n<li><strong>Nova elei\u00e7\u00e3o para premi\u00ea:<\/strong> May enfrentou e venceu uma mo\u00e7\u00e3o de confian\u00e7a de seu pr\u00f3prio partido, que n\u00e3o pode repetir o ato por um ano. Mas, eles podem exercer press\u00e3o n\u00e3o oficial, ou mesmo a primeira-ministra pode renunciar ao cargo. Caso os advers\u00e1rios do Partido Trabalhista lan\u00e7assem uma vota\u00e7\u00e3o de confian\u00e7a, uma nova elei\u00e7\u00e3o geral poderia ser ocasionada tamb\u00e9m.<\/li>\n<li><strong>Novo referendo:<\/strong> o Reino Unido possui autoriza\u00e7\u00e3o para cancelar o Brexit unilateralmente, se assim desejar. Caso decida por cancelar o processo, o pa\u00eds n\u00e3o precisaria da aprova\u00e7\u00e3o do bloco. Muitos parlamentares s\u00e3o favor\u00e1veis \u00e0 realiza\u00e7\u00e3o de um novo referendo para oficializar esse cancelamento. Mas May j\u00e1 afirmou que\u00a0\u201cBrexit \u00e9 Brexit\u201d, e que respeitaria o resultado da vota\u00e7\u00e3o de 2016.<br \/>\nUm novo referendo dependeria doapoio maci\u00e7o do Partido Trabalhista, mas seu l\u00edder, Jeremy Corbyn, j\u00e1 sinalizou que prefere negociar um novo acordo do que cancelar o <strong>Brexit<\/strong>.<\/li>\n<\/ol>\n","protected":false},"excerpt":{"rendered":"<p>O Parlamento brit\u00e2nico votar\u00e1 nesta ter\u00e7a-feira (15) a proposta de acordo do Brexit apresentada pela primeira-ministra Theresa May. A proposta j\u00e1 foi aprovada pela Uni\u00e3o Europeia (UE), e estava agendada inicialmente para o dia 11 de dezembro. A primeira-ministra brit\u00e2nica Theresa May, que tem conduzido o Brexit. (divulga\u00e7\u00e3o) Contudo, a primeira-ministra decidiu adiar a vota\u00e7\u00e3o [&hellip;]<\/p>\n","protected":false},"author":12,"featured_media":11724,"comment_status":"closed","ping_status":"closed","sticky":false,"template":"","format":"standard","meta":[],"categories":[63],"tags":[753],"suno_strategy":[],"class_list":["post-11723","post","type-post","status-publish","format-standard","has-post-thumbnail","hentry","category-internacional","tag-brexit"],"yoast_head":"<!-- This site is optimized with the Yoast SEO plugin v24.4 - https:\/\/yoast.com\/wordpress\/plugins\/seo\/ -->\n<title>Brexit ser\u00e1 votado hoje; confira os cen\u00e1rios poss\u00edveis dos resultados<\/title>\n<meta name=\"description\" content=\"A proposta de acordo do Brexit da primeira-ministra Theresa May ser\u00e1 votada nesta ter\u00e7a-feira (15) pelo Parlamento. Clique para saber mais.\" \/>\n<meta name=\"robots\" content=\"index, follow, max-snippet:-1, max-image-preview:large, max-video-preview:-1\" \/>\n<link rel=\"canonical\" href=\"https:\/\/www.suno.com.br\/noticias\/brexit-votacao-cenarios\/\" \/>\n<meta property=\"og:locale\" content=\"pt_BR\" \/>\n<meta property=\"og:type\" content=\"article\" \/>\n<meta property=\"og:title\" content=\"Brexit ser\u00e1 votado hoje; confira os cen\u00e1rios poss\u00edveis dos resultados\" \/>\n<meta property=\"og:description\" content=\"A proposta de acordo do Brexit da primeira-ministra Theresa May ser\u00e1 votada nesta ter\u00e7a-feira (15) pelo Parlamento. Clique para saber mais.\" \/>\n<meta property=\"og:url\" content=\"https:\/\/www.suno.com.br\/noticias\/brexit-votacao-cenarios\/\" \/>\n<meta property=\"og:site_name\" content=\"Suno Not\u00edcias\" \/>\n<meta property=\"article:publisher\" content=\"https:\/\/facebook.com\/sunoresearch\" \/>\n<meta property=\"og:image\" content=\"https:\/\/files.sunoresearch.com.br\/n\/uploads\/2019\/01\/55fe10df-brexit.jpg\" \/>\n\t<meta property=\"og:image:width\" content=\"1024\" \/>\n\t<meta property=\"og:image:height\" content=\"683\" \/>\n\t<meta property=\"og:image:type\" content=\"image\/jpeg\" \/>\n<meta name=\"author\" content=\"Amanda Gushiken\" \/>\n<meta name=\"twitter:card\" content=\"summary_large_image\" \/>\n<meta name=\"twitter:creator\" content=\"@sunoresearch\" \/>\n<meta name=\"twitter:site\" content=\"@sunoresearch\" \/>\n<meta name=\"twitter:label1\" content=\"Escrito por\" \/>\n\t<meta name=\"twitter:data1\" content=\"Amanda Gushiken\" \/>\n\t<meta name=\"twitter:label2\" content=\"Est. tempo de leitura\" \/>\n\t<meta name=\"twitter:data2\" content=\"3 minutos\" \/>\n<script type=\"application\/ld+json\" class=\"yoast-schema-graph\">{\"@context\":\"https:\/\/schema.org\",\"@graph\":[{\"@type\":\"NewsArticle\",\"@id\":\"https:\/\/www.suno.com.br\/noticias\/brexit-votacao-cenarios\/#article\",\"isPartOf\":{\"@id\":\"https:\/\/www.suno.com.br\/noticias\/brexit-votacao-cenarios\/\"},\"author\":{\"name\":\"Amanda Gushiken\",\"@id\":\"https:\/\/www.suno.com.br\/noticias\/#\/schema\/person\/a5b06fa4e879d8e8e119c6ed3cd630d1\"},\"headline\":\"Brexit ser\u00e1 votado hoje; confira os cen\u00e1rios poss\u00edveis dos resultados\",\"datePublished\":\"2019-01-15T15:29:29+00:00\",\"dateModified\":\"2021-01-16T16:35:32+00:00\",\"mainEntityOfPage\":{\"@id\":\"https:\/\/www.suno.com.br\/noticias\/brexit-votacao-cenarios\/\"},\"wordCount\":631,\"publisher\":{\"@id\":\"https:\/\/www.suno.com.br\/noticias\/#organization\"},\"image\":{\"@id\":\"https:\/\/www.suno.com.br\/noticias\/brexit-votacao-cenarios\/#primaryimage\"},\"thumbnailUrl\":\"https:\/\/files.sunoresearch.com.br\/n\/uploads\/2019\/01\/55fe10df-brexit-jpg.webp\",\"keywords\":[\"Brexit\"],\"articleSection\":[\"Internacional\"],\"inLanguage\":\"pt-BR\"},{\"@type\":\"WebPage\",\"@id\":\"https:\/\/www.suno.com.br\/noticias\/brexit-votacao-cenarios\/\",\"url\":\"https:\/\/www.suno.com.br\/noticias\/brexit-votacao-cenarios\/\",\"name\":\"Brexit ser\u00e1 votado hoje; confira os cen\u00e1rios poss\u00edveis dos resultados\",\"isPartOf\":{\"@id\":\"https:\/\/www.suno.com.br\/noticias\/#website\"},\"primaryImageOfPage\":{\"@id\":\"https:\/\/www.suno.com.br\/noticias\/brexit-votacao-cenarios\/#primaryimage\"},\"image\":{\"@id\":\"https:\/\/www.suno.com.br\/noticias\/brexit-votacao-cenarios\/#primaryimage\"},\"thumbnailUrl\":\"https:\/\/files.sunoresearch.com.br\/n\/uploads\/2019\/01\/55fe10df-brexit-jpg.webp\",\"datePublished\":\"2019-01-15T15:29:29+00:00\",\"dateModified\":\"2021-01-16T16:35:32+00:00\",\"description\":\"A proposta de acordo do Brexit da primeira-ministra Theresa May ser\u00e1 votada nesta ter\u00e7a-feira (15) pelo Parlamento. Clique para saber mais.\",\"breadcrumb\":{\"@id\":\"https:\/\/www.suno.com.br\/noticias\/brexit-votacao-cenarios\/#breadcrumb\"},\"inLanguage\":\"pt-BR\",\"potentialAction\":[{\"@type\":\"ReadAction\",\"target\":[\"https:\/\/www.suno.com.br\/noticias\/brexit-votacao-cenarios\/\"]}]},{\"@type\":\"ImageObject\",\"inLanguage\":\"pt-BR\",\"@id\":\"https:\/\/www.suno.com.br\/noticias\/brexit-votacao-cenarios\/#primaryimage\",\"url\":\"https:\/\/files.sunoresearch.com.br\/n\/uploads\/2019\/01\/55fe10df-brexit-jpg.webp\",\"contentUrl\":\"https:\/\/files.sunoresearch.com.br\/n\/uploads\/2019\/01\/55fe10df-brexit-jpg.webp\",\"width\":1024,\"height\":683,\"caption\":\"A primeira-ministra brit\u00e2nica Theresa May, que tem conduzido o Brexit. (divulga\u00e7\u00e3o)\"},{\"@type\":\"BreadcrumbList\",\"@id\":\"https:\/\/www.suno.com.br\/noticias\/brexit-votacao-cenarios\/#breadcrumb\",\"itemListElement\":[{\"@type\":\"ListItem\",\"position\":1,\"name\":\"Not\u00edcias\",\"item\":\"https:\/\/www.suno.com.br\/noticias\/\"},{\"@type\":\"ListItem\",\"position\":2,\"name\":\"Internacional\",\"item\":\"https:\/\/www.suno.com.br\/noticias\/internacional\/\"},{\"@type\":\"ListItem\",\"position\":3,\"name\":\"Brexit ser\u00e1 votado hoje; confira os cen\u00e1rios poss\u00edveis dos resultados\"}]},{\"@type\":\"WebSite\",\"@id\":\"https:\/\/www.suno.com.br\/noticias\/#website\",\"url\":\"https:\/\/www.suno.com.br\/noticias\/\",\"name\":\"Suno Not\u00edcias\",\"description\":\"Seu portal de informa\u00e7\u00e3o sobre o mundo dos investimentos\",\"publisher\":{\"@id\":\"https:\/\/www.suno.com.br\/noticias\/#organization\"},\"potentialAction\":[{\"@type\":\"SearchAction\",\"target\":{\"@type\":\"EntryPoint\",\"urlTemplate\":\"https:\/\/www.suno.com.br\/noticias\/?s={search_term_string}\"},\"query-input\":{\"@type\":\"PropertyValueSpecification\",\"valueRequired\":true,\"valueName\":\"search_term_string\"}}],\"inLanguage\":\"pt-BR\"},{\"@type\":\"Organization\",\"@id\":\"https:\/\/www.suno.com.br\/noticias\/#organization\",\"name\":\"Suno Not\u00edcias\",\"url\":\"https:\/\/www.suno.com.br\/noticias\/\",\"logo\":{\"@type\":\"ImageObject\",\"inLanguage\":\"pt-BR\",\"@id\":\"https:\/\/www.suno.com.br\/noticias\/#\/schema\/logo\/image\/\",\"url\":\"https:\/\/files.sunoresearch.com.br\/n\/uploads\/2021\/09\/suno-logo.png\",\"contentUrl\":\"https:\/\/files.sunoresearch.com.br\/n\/uploads\/2021\/09\/suno-logo.png\",\"width\":180,\"height\":180,\"caption\":\"Suno Not\u00edcias\"},\"image\":{\"@id\":\"https:\/\/www.suno.com.br\/noticias\/#\/schema\/logo\/image\/\"},\"sameAs\":[\"https:\/\/facebook.com\/sunoresearch\",\"https:\/\/x.com\/sunoresearch\",\"https:\/\/www.instagram.com\/suno\",\"https:\/\/www.linkedin.com\/company\/suno-research\/\",\"https:\/\/www.youtube.com\/c\/sunoresearch\"]},{\"@type\":\"Person\",\"@id\":\"https:\/\/www.suno.com.br\/noticias\/#\/schema\/person\/a5b06fa4e879d8e8e119c6ed3cd630d1\",\"name\":\"Amanda Gushiken\",\"image\":{\"@type\":\"ImageObject\",\"inLanguage\":\"pt-BR\",\"@id\":\"https:\/\/www.suno.com.br\/noticias\/#\/schema\/person\/image\/\",\"url\":\"https:\/\/secure.gravatar.com\/avatar\/ecd84705e6b65e3685ae80d725501fbe?s=96&r=g\",\"contentUrl\":\"https:\/\/secure.gravatar.com\/avatar\/ecd84705e6b65e3685ae80d725501fbe?s=96&r=g\",\"caption\":\"Amanda Gushiken\"},\"description\":\"Amanda Sayuri Gushiken escreve sobre finan\u00e7as e neg\u00f3cios para o portal Suno Not\u00edcias. Antes, trabalhou selecionando not\u00edcias da imprensa para clientes do mercado financeiro. Tamb\u00e9m desenvolveu pesquisa acad\u00eamica pela Universidade Anhembi Morumbi na \u00e1rea de Teorias da Comunica\u00e7\u00e3o e \u00e9 fot\u00f3grafa nas horas vagas.\",\"url\":\"https:\/\/www.suno.com.br\/noticias\/author\/amanda\/\"}]}<\/script>\n<!-- \/ Yoast SEO plugin. -->","yoast_head_json":{"title":"Brexit ser\u00e1 votado hoje; confira os cen\u00e1rios poss\u00edveis dos resultados","description":"A proposta de acordo do Brexit da primeira-ministra Theresa May ser\u00e1 votada nesta ter\u00e7a-feira (15) pelo Parlamento. Clique para saber mais.","robots":{"index":"index","follow":"follow","max-snippet":"max-snippet:-1","max-image-preview":"max-image-preview:large","max-video-preview":"max-video-preview:-1"},"canonical":"https:\/\/www.suno.com.br\/noticias\/brexit-votacao-cenarios\/","og_locale":"pt_BR","og_type":"article","og_title":"Brexit ser\u00e1 votado hoje; confira os cen\u00e1rios poss\u00edveis dos resultados","og_description":"A proposta de acordo do Brexit da primeira-ministra Theresa May ser\u00e1 votada nesta ter\u00e7a-feira (15) pelo Parlamento. Clique para saber mais.","og_url":"https:\/\/www.suno.com.br\/noticias\/brexit-votacao-cenarios\/","og_site_name":"Suno Not\u00edcias","article_publisher":"https:\/\/facebook.com\/sunoresearch","og_image":[{"width":1024,"height":683,"url":"https:\/\/files.sunoresearch.com.br\/n\/uploads\/2019\/01\/55fe10df-brexit.jpg","type":"image\/jpeg"}],"author":"Amanda Gushiken","twitter_card":"summary_large_image","twitter_creator":"@sunoresearch","twitter_site":"@sunoresearch","twitter_misc":{"Escrito por":"Amanda Gushiken","Est. tempo de leitura":"3 minutos"},"schema":{"@context":"https:\/\/schema.org","@graph":[{"@type":"NewsArticle","@id":"https:\/\/www.suno.com.br\/noticias\/brexit-votacao-cenarios\/#article","isPartOf":{"@id":"https:\/\/www.suno.com.br\/noticias\/brexit-votacao-cenarios\/"},"author":{"name":"Amanda Gushiken","@id":"https:\/\/www.suno.com.br\/noticias\/#\/schema\/person\/a5b06fa4e879d8e8e119c6ed3cd630d1"},"headline":"Brexit ser\u00e1 votado hoje; confira os cen\u00e1rios poss\u00edveis dos resultados","datePublished":"2019-01-15T15:29:29+00:00","dateModified":"2021-01-16T16:35:32+00:00","mainEntityOfPage":{"@id":"https:\/\/www.suno.com.br\/noticias\/brexit-votacao-cenarios\/"},"wordCount":631,"publisher":{"@id":"https:\/\/www.suno.com.br\/noticias\/#organization"},"image":{"@id":"https:\/\/www.suno.com.br\/noticias\/brexit-votacao-cenarios\/#primaryimage"},"thumbnailUrl":"https:\/\/files.sunoresearch.com.br\/n\/uploads\/2019\/01\/55fe10df-brexit-jpg.webp","keywords":["Brexit"],"articleSection":["Internacional"],"inLanguage":"pt-BR"},{"@type":"WebPage","@id":"https:\/\/www.suno.com.br\/noticias\/brexit-votacao-cenarios\/","url":"https:\/\/www.suno.com.br\/noticias\/brexit-votacao-cenarios\/","name":"Brexit ser\u00e1 votado hoje; confira os cen\u00e1rios poss\u00edveis dos resultados","isPartOf":{"@id":"https:\/\/www.suno.com.br\/noticias\/#website"},"primaryImageOfPage":{"@id":"https:\/\/www.suno.com.br\/noticias\/brexit-votacao-cenarios\/#primaryimage"},"image":{"@id":"https:\/\/www.suno.com.br\/noticias\/brexit-votacao-cenarios\/#primaryimage"},"thumbnailUrl":"https:\/\/files.sunoresearch.com.br\/n\/uploads\/2019\/01\/55fe10df-brexit-jpg.webp","datePublished":"2019-01-15T15:29:29+00:00","dateModified":"2021-01-16T16:35:32+00:00","description":"A proposta de acordo do Brexit da primeira-ministra Theresa May ser\u00e1 votada nesta ter\u00e7a-feira (15) pelo Parlamento. Clique para saber mais.","breadcrumb":{"@id":"https:\/\/www.suno.com.br\/noticias\/brexit-votacao-cenarios\/#breadcrumb"},"inLanguage":"pt-BR","potentialAction":[{"@type":"ReadAction","target":["https:\/\/www.suno.com.br\/noticias\/brexit-votacao-cenarios\/"]}]},{"@type":"ImageObject","inLanguage":"pt-BR","@id":"https:\/\/www.suno.com.br\/noticias\/brexit-votacao-cenarios\/#primaryimage","url":"https:\/\/files.sunoresearch.com.br\/n\/uploads\/2019\/01\/55fe10df-brexit-jpg.webp","contentUrl":"https:\/\/files.sunoresearch.com.br\/n\/uploads\/2019\/01\/55fe10df-brexit-jpg.webp","width":1024,"height":683,"caption":"A primeira-ministra brit\u00e2nica Theresa May, que tem conduzido o Brexit. (divulga\u00e7\u00e3o)"},{"@type":"BreadcrumbList","@id":"https:\/\/www.suno.com.br\/noticias\/brexit-votacao-cenarios\/#breadcrumb","itemListElement":[{"@type":"ListItem","position":1,"name":"Not\u00edcias","item":"https:\/\/www.suno.com.br\/noticias\/"},{"@type":"ListItem","position":2,"name":"Internacional","item":"https:\/\/www.suno.com.br\/noticias\/internacional\/"},{"@type":"ListItem","position":3,"name":"Brexit ser\u00e1 votado hoje; confira os cen\u00e1rios poss\u00edveis dos resultados"}]},{"@type":"WebSite","@id":"https:\/\/www.suno.com.br\/noticias\/#website","url":"https:\/\/www.suno.com.br\/noticias\/","name":"Suno Not\u00edcias","description":"Seu portal de informa\u00e7\u00e3o sobre o mundo dos investimentos","publisher":{"@id":"https:\/\/www.suno.com.br\/noticias\/#organization"},"potentialAction":[{"@type":"SearchAction","target":{"@type":"EntryPoint","urlTemplate":"https:\/\/www.suno.com.br\/noticias\/?s={search_term_string}"},"query-input":{"@type":"PropertyValueSpecification","valueRequired":true,"valueName":"search_term_string"}}],"inLanguage":"pt-BR"},{"@type":"Organization","@id":"https:\/\/www.suno.com.br\/noticias\/#organization","name":"Suno Not\u00edcias","url":"https:\/\/www.suno.com.br\/noticias\/","logo":{"@type":"ImageObject","inLanguage":"pt-BR","@id":"https:\/\/www.suno.com.br\/noticias\/#\/schema\/logo\/image\/","url":"https:\/\/files.sunoresearch.com.br\/n\/uploads\/2021\/09\/suno-logo.png","contentUrl":"https:\/\/files.sunoresearch.com.br\/n\/uploads\/2021\/09\/suno-logo.png","width":180,"height":180,"caption":"Suno Not\u00edcias"},"image":{"@id":"https:\/\/www.suno.com.br\/noticias\/#\/schema\/logo\/image\/"},"sameAs":["https:\/\/facebook.com\/sunoresearch","https:\/\/x.com\/sunoresearch","https:\/\/www.instagram.com\/suno","https:\/\/www.linkedin.com\/company\/suno-research\/","https:\/\/www.youtube.com\/c\/sunoresearch"]},{"@type":"Person","@id":"https:\/\/www.suno.com.br\/noticias\/#\/schema\/person\/a5b06fa4e879d8e8e119c6ed3cd630d1","name":"Amanda Gushiken","image":{"@type":"ImageObject","inLanguage":"pt-BR","@id":"https:\/\/www.suno.com.br\/noticias\/#\/schema\/person\/image\/","url":"https:\/\/secure.gravatar.com\/avatar\/ecd84705e6b65e3685ae80d725501fbe?s=96&r=g","contentUrl":"https:\/\/secure.gravatar.com\/avatar\/ecd84705e6b65e3685ae80d725501fbe?s=96&r=g","caption":"Amanda Gushiken"},"description":"Amanda Sayuri Gushiken escreve sobre finan\u00e7as e neg\u00f3cios para o portal Suno Not\u00edcias. Antes, trabalhou selecionando not\u00edcias da imprensa para clientes do mercado financeiro. Tamb\u00e9m desenvolveu pesquisa acad\u00eamica pela Universidade Anhembi Morumbi na \u00e1rea de Teorias da Comunica\u00e7\u00e3o e \u00e9 fot\u00f3grafa nas horas vagas.","url":"https:\/\/www.suno.com.br\/noticias\/author\/amanda\/"}]}},"default_loop_html":"<div class=\"cardsPage__listCard__boxs\"><div class=\"cardsPage__listCard__boxs__img\"><a href=\"https:\/\/www.suno.com.br\/noticias\/brexit-votacao-cenarios\/\"><img class=\"mask\" src=\"https:\/\/www.suno.com.br\/noticias\/wp-content\/themes\/suno\/resources\/images\/spotlight\/spotlight1img\/bg-mask.png\" alt=\"Image Mask\"\/><img src=\"https:\/\/files.sunoresearch.com.br\/n\/uploads\/2019\/01\/55fe10df-brexit-400x200.webp\" alt=\"Brexit ser\u00e1 votado hoje; confira os cen\u00e1rios poss\u00edveis dos resultados\"\/><\/a><span class=\"spotlightCategory\"><a href=\"https:\/\/www.suno.com.br\/noticias\/internacional\/\">Internacional<\/a><\/span><\/div><div class=\"cardsPage__listCard__boxs__content\"><a href=\"https:\/\/www.suno.com.br\/noticias\/brexit-votacao-cenarios\/\"><h2 class=\"content__title\">Brexit ser\u00e1 votado hoje; confira os cen\u00e1rios poss\u00edveis dos resultados<\/h2><\/a><div class=\"newsContent__article__meta\"><div class=\"newsContent__article__meta__authorBox\"><a href=\"https:\/\/www.suno.com.br\/noticias\/author\/amanda\/\" class=\"authorBox__avatar noMobi\"><img src=\"https:\/\/files.sunoresearch.com.br\/n\/uploads\/2018\/11\/c6ad30be-amanda-150x150.webp\" alt=\"Amanda Gushiken\"><\/a><div class=\"authorBox__name\"><span>por\n\t\t\t<a href=\"https:\/\/www.suno.com.br\/noticias\/author\/amanda\/\"><span itemprop=\"author\">Amanda Gushiken<\/span><\/a><\/span><time datetime=\"2019-01-15T13:29:29-02:00\" itemprop=\"datePublished\">15\/01\/2019 13:29<\/time><\/div><\/div><\/div><\/div><\/div>","single_layout":"posts","amp_enabled":true,"_links":{"self":[{"href":"https:\/\/www.suno.com.br\/noticias\/wp-json\/wp\/v2\/posts\/11723"}],"collection":[{"href":"https:\/\/www.suno.com.br\/noticias\/wp-json\/wp\/v2\/posts"}],"about":[{"href":"https:\/\/www.suno.com.br\/noticias\/wp-json\/wp\/v2\/types\/post"}],"author":[{"embeddable":true,"href":"https:\/\/www.suno.com.br\/noticias\/wp-json\/wp\/v2\/users\/12"}],"replies":[{"embeddable":true,"href":"https:\/\/www.suno.com.br\/noticias\/wp-json\/wp\/v2\/comments?post=11723"}],"version-history":[{"count":0,"href":"https:\/\/www.suno.com.br\/noticias\/wp-json\/wp\/v2\/posts\/11723\/revisions"}],"wp:featuredmedia":[{"embeddable":true,"href":"https:\/\/www.suno.com.br\/noticias\/wp-json\/wp\/v2\/media\/11724"}],"wp:attachment":[{"href":"https:\/\/www.suno.com.br\/noticias\/wp-json\/wp\/v2\/media?parent=11723"}],"wp:term":[{"taxonomy":"category","embeddable":true,"href":"https:\/\/www.suno.com.br\/noticias\/wp-json\/wp\/v2\/categories?post=11723"},{"taxonomy":"post_tag","embeddable":true,"href":"https:\/\/www.suno.com.br\/noticias\/wp-json\/wp\/v2\/tags?post=11723"},{"taxonomy":"suno_strategy","embeddable":true,"href":"https:\/\/www.suno.com.br\/noticias\/wp-json\/wp\/v2\/suno_strategy?post=11723"}],"curies":[{"name":"wp","href":"https:\/\/api.w.org\/{rel}","templated":true}]}}