{"id":117220,"date":"2021-01-29T15:49:42","date_gmt":"2021-01-29T18:49:42","guid":{"rendered":"https:\/\/www.suno.com.br\/noticias\/?p=117220"},"modified":"2021-01-29T15:49:42","modified_gmt":"2021-01-29T18:49:42","slug":"cntrc-confirma-greve-dos-caminhoneiros","status":"publish","type":"post","link":"https:\/\/www.suno.com.br\/noticias\/cntrc-confirma-greve-dos-caminhoneiros\/","title":{"rendered":"CNTRC confirma greve dos caminhoneiros na pr\u00f3xima segunda-feira"},"content":{"rendered":"<p>O Conselho Nacional do Transporte Rodovi\u00e1rio de Cargas (CNTRC) informou que enviou of\u00edcios \u00e0 Presid\u00eancia da Rep\u00fablica e a \u00f3rg\u00e3os como o Departamento de Prote\u00e7\u00e3o e Defesa do Consumidor notificando e avisando sobre a <strong>greve dos caminhoneiros<\/strong> aut\u00f4nomos, empregados e cooperados.<\/p>\t<div class=\"wrapper-featured-image\">\n\t\t<figure class=\"spotlightImg\">\n\n\t\t\t<picture>\n\t\t\t\t<source media=\"(max-width: 768px)\" srcset=\"https:\/\/files.sunoresearch.com.br\/n\/uploads\/2019\/04\/3e34910d-caminh\u00e3o-400x200.webp\">\n\t\t\t\t<img loading=\"lazy\" decoding=\"async\" class=\"newsContent__article__imgCapa lazyloadDisabled \" src=\"https:\/\/files.sunoresearch.com.br\/n\/uploads\/2019\/04\/3e34910d-caminh\u00e3o-800x450.webp\" width=\"800\" height=\"450\" alt=\"CNTRC confirma greve dos caminhoneiros na pr\u00f3xima segunda-feira\" fetchpriority=high \/>\n\t\t\t<\/picture>\n\n\t\t\t<figcaption class=\"wp-caption-text wp-caption-text--show\">O CNTRC enviou of\u00edcio para a Presid\u00eancia da Rep\u00fablica notificando e avisando sobre a greve dos caminhoneiros.<\/figcaption>\n\t\t<\/figure>\n\t<\/div>\n\n\n\t<p>\n\t\t<a href=\"https:\/\/lp.suno.com.br\/planilha-controle-gastos\/\" target=\"_blank\" data-element=\"shortcode-suno-banner\" title=\"Banner SUNO, clique e saiba mais\">\n\t\t\t<picture>\n\t\t\t\t<source media=\"(max-width: 500px)\" srcset=\"https:\/\/files.sunoresearch.com.br\/n\/uploads\/2023\/03\/400x300-Planilha-controle-de-gastos.png\">\n\t\t\t\t<img class=\"newsContent__article__imgCapa newsContent__article__imgCapa--banner\"\n\t\t\t\t\tsrc=\"https:\/\/files.sunoresearch.com.br\/n\/uploads\/2023\/03\/1420x240-Planilha-controle-de-gastos.png\"\n\t\t\t\t\tdata-promo-id=\"101751\"\t\t\t\t\t\t\t\t\t\twidth='1420' height='240'\t\t\t\t\talt=\"https:\/\/files.sunoresearch.com.br\/n\/uploads\/2023\/03\/1420x240-Planilha-controle-de-gastos.png\"\n\t\t\t\t>\n\t\t\t<\/picture>\n\t\t<\/a>\n\t<\/p>\n\n\n<p>A greve dos caminhoneiros est\u00e1 prevista para come\u00e7ar na pr\u00f3xima segunda-feira (1), mas n\u00e3o tem uma data definida para acabar.<\/p>\n<p>O of\u00edcio enviado esta semana garante que 30% do total dos Conhecimentos de Transporte <strong>(CTEs)<\/strong> ou Documentos Auxiliares de Conhecimento Transporte Eletr\u00f4nico <strong>(DACTEs)<\/strong> apresentados pelas empresas ao <strong>CNTRC<\/strong> ser\u00e3o mantidos em atividade e autorizados a carregar, transitar e tamb\u00e9m descarregar.<\/p>\n<p><a href=\"https:\/\/lp.suno.com.br\/suno-one\/\">Suno One: acesse gratuitamente eBooks, Minicursos, Artigos e Video Aulas sobre investimentos com um \u00fanico cadastro. Clique para saber mais!<\/a><\/p>\n<p>Nesse sentido, cargas vivas, perec\u00edveis, combust\u00edvel para institui\u00e7\u00f5es p\u00fablicas, cargas destinadas \u00e0s for\u00e7as de seguran\u00e7a, medicamentos e insumos m\u00e9dicos ou hospitalares receber\u00e3o aten\u00e7\u00e3o especial durante a paralisa\u00e7\u00e3o.<\/p>\n<p>Al\u00e9m disso, como o movimento acontecer\u00e1 em meio a pandemia de <strong>coronav\u00edrus<\/strong> (Covid-19), a orienta\u00e7\u00e3o \u00e9 de que os caminhoneiros e apoiadores da greve fiquem em casa.<\/p>\n\t<div data-element=\"shortcode-read-more\" class=\"knowMore\">\n\t\t\t\t<span class=\"knowMore__title\">Veja tamb\u00e9m <\/span>\n\t\t\t\t<a class=\"knowMore__link\" href=\"https:\/\/www.suno.com.br\/noticias\/reducao-imposto-diesel-frear-greve-dos-caminhoneiros\/\">\n\t\t\tPara frear greve dos caminhoneiros, governo sinaliza redu\u00e7\u00e3o de imposto sobre diesel\t\t<\/a>\n\t<\/div>\n\n\n<p>No of\u00edcio, o CNTRC explica que &#8220;No entanto, os motoristas, caminhoneiros e carreteiros que estejam em tr\u00e2nsito, assim como as lideran\u00e7as e colaboradores que estejam em apoio na pista, nos p\u00e1tios, nos pontos de parada e nos piquetes de informa\u00e7\u00e3o s\u00e3o orientados a seguir integralmente e sem ressalvas as normas de sa\u00fade p\u00fablica de preven\u00e7\u00e3o ao cont\u00e1gio do coronav\u00edrus&#8221;.<\/p>\n<p>Dentre as reivindica\u00e7\u00f5es dos caminhoneiros est\u00e3o:<\/p>\n<ul>\n<li>defesa da aplica\u00e7\u00e3o das pol\u00edticas p\u00fablicas do piso m\u00ednimo de frete e da exig\u00eancia do C\u00f3digo Identificador da Opera\u00e7\u00e3o de Transporte (Ciot) para todos<\/li>\n<li>o abandono da pol\u00edtica de pre\u00e7o de paridade de importa\u00e7\u00e3o aplicada pela <strong>Petrobras<\/strong><\/li>\n<li>um termo de compromisso de fiscaliza\u00e7\u00e3o mais atuante da Ag\u00eancia Nacional de Transportes Terrestres (ANTT) na defesa dos direitos<\/li>\n<li>garantias do transportador rodovi\u00e1rio de cargas<\/li>\n<li>discuss\u00e3o p\u00fablica do projeto conhecido como BR do Mar com ampla participa\u00e7\u00e3o dos caminhoneiros<\/li>\n<\/ul>\n<h2>CNT nega apoio \u00e0 greve dos caminhoneiros<\/h2>\n<p>Ontem (29) a Confedera\u00e7\u00e3o Nacional do Transporte <strong>(CNT)<\/strong> negou\u00a0 qualquer tipo de apoio \u00e0 paralisa\u00e7\u00e3o. Em nota, o presidente da Confedera\u00e7\u00e3o, <strong>Vander Costa,<\/strong> disse que &#8220;n\u00e3o apoia nenhum tipo de paralisa\u00e7\u00e3o de caminhoneiros e reafirma o compromisso do setor de transportador com a sociedade&#8221;.<\/p>\n<p>&#8220;Se houver algum movimento dessa natureza, as transportadoras garantem o abastecimento do Pa\u00eds, desde que seja garantida a seguran\u00e7a nas rodovias&#8221;, completou.<\/p>\n\t<p>\n\t\t<a href=\"https:\/\/lp.suno.com.br\/ebook-como-analisar-uma-acao\/\" target=\"_blank\" data-element=\"shortcode-suno-banner\" title=\"Banner SUNO, clique e saiba mais\">\n\t\t\t<picture>\n\t\t\t\t<source media=\"(max-width: 500px)\" srcset=\"https:\/\/files.sunoresearch.com.br\/n\/uploads\/2023\/03\/Ebook-Acoes-Mobile.jpg\">\n\t\t\t\t<img class=\"newsContent__article__imgCapa newsContent__article__imgCapa--banner\"\n\t\t\t\t\tsrc=\"https:\/\/files.sunoresearch.com.br\/n\/uploads\/2023\/03\/Ebook-Acoes-Desktop.jpg\"\n\t\t\t\t\tdata-promo-id=\"378302\"\t\t\t\t\t\t\t\t\t\twidth='1420' height='286'\t\t\t\t\talt=\"https:\/\/files.sunoresearch.com.br\/n\/uploads\/2023\/03\/Ebook-Acoes-Desktop.jpg\"\n\t\t\t\t>\n\t\t\t<\/picture>\n\t\t<\/a>\n\t<\/p>\n\n\n<p>Al\u00e9m disso, na \u00faltima quarta-feira (27) o presidente da Rep\u00fablica, <strong>Jair Bolsonaro<\/strong> (sem partido), pediu para que os caminhoneiros desistissem da <strong>paralisa\u00e7\u00e3o<\/strong> e confirmou a inten\u00e7\u00e3o do governo de reduzir tributos sobre o diesel para aliviar a press\u00e3o do reajuste do combust\u00edvel sobre o bolso dos caminhoneiros, mas ressaltou que &#8220;n\u00e3o \u00e9 uma conta f\u00e1cil de ser feita&#8221;.<\/p>\n<p>&#8220;Reconhecemos o valor dos <strong>caminhoneiros<\/strong> para a economia, apelamos para eles que n\u00e3o fa\u00e7am <strong>greve,<\/strong> que todos n\u00f3s vamos perder&#8221;, pediu o pol\u00edtico.<\/p>\n<p><em>Com informa\u00e7\u00f5es do Estad\u00e3o Conte\u00fado.<\/em><\/p>\n\t<p>\n\t\t<a href=\"https:\/\/lp.suno.com.br\/planilha-de-controle-de-investimentos\/\" target=\"_blank\" data-element=\"shortcode-suno-banner\" title=\"Banner SUNO, clique e saiba mais\">\n\t\t\t<picture>\n\t\t\t\t<source media=\"(max-width: 500px)\" srcset=\"https:\/\/files.sunoresearch.com.br\/n\/uploads\/2023\/03\/400x300-Controle-de-Investimentos.png\">\n\t\t\t\t<img class=\"newsContent__article__imgCapa newsContent__article__imgCapa--banner\"\n\t\t\t\t\tsrc=\"https:\/\/files.sunoresearch.com.br\/n\/uploads\/2023\/03\/1420x240-Controle-de-Investimentos.png\"\n\t\t\t\t\tdata-promo-id=\"75934\"\t\t\t\t\t\t\t\t\t\twidth='1420' height='240'\t\t\t\t\talt=\"https:\/\/files.sunoresearch.com.br\/n\/uploads\/2023\/03\/1420x240-Controle-de-Investimentos.png\"\n\t\t\t\t>\n\t\t\t<\/picture>\n\t\t<\/a>\n\t<\/p>\n\n\n","protected":false},"excerpt":{"rendered":"<p>O Conselho Nacional do Transporte Rodovi\u00e1rio de Cargas (CNTRC) informou que enviou of\u00edcios \u00e0 Presid\u00eancia da Rep\u00fablica e a \u00f3rg\u00e3os como o Departamento de Prote\u00e7\u00e3o e Defesa do Consumidor notificando e avisando sobre a greve dos caminhoneiros aut\u00f4nomos, empregados e cooperados. O CNTRC enviou of\u00edcio para a Presid\u00eancia da Rep\u00fablica notificando e avisando sobre a [&hellip;]<\/p>\n","protected":false},"author":39,"featured_media":22171,"comment_status":"closed","ping_status":"closed","sticky":false,"template":"","format":"standard","meta":[],"categories":[62,64],"tags":[833,2462],"suno_strategy":[],"class_list":["post-117220","post","type-post","status-publish","format-standard","has-post-thumbnail","hentry","category-economia","category-negocios","tag-greve-dos-caminhoneiros","tag-greves"],"yoast_head":"<!-- This site is optimized with the Yoast SEO plugin v24.4 - https:\/\/yoast.com\/wordpress\/plugins\/seo\/ -->\n<title>CNTRC confirma greve dos caminhoneiros na pr\u00f3xima segunda-feira<\/title>\n<meta name=\"description\" content=\"O CNTRC enviou of\u00edcio para a Presid\u00eancia da Rep\u00fablica notificando e avisando sobre a greve dos caminhoneiros. Clique aqui e saiba mais.\" \/>\n<meta name=\"robots\" content=\"index, follow, max-snippet:-1, max-image-preview:large, max-video-preview:-1\" \/>\n<link rel=\"canonical\" href=\"https:\/\/www.suno.com.br\/noticias\/cntrc-confirma-greve-dos-caminhoneiros\/\" \/>\n<meta property=\"og:locale\" content=\"pt_BR\" \/>\n<meta property=\"og:type\" content=\"article\" \/>\n<meta property=\"og:title\" content=\"CNTRC confirma greve dos caminhoneiros na pr\u00f3xima segunda-feira\" \/>\n<meta property=\"og:description\" content=\"O CNTRC enviou of\u00edcio para a Presid\u00eancia da Rep\u00fablica notificando e avisando sobre a greve dos caminhoneiros. Clique aqui e saiba mais.\" \/>\n<meta property=\"og:url\" content=\"https:\/\/www.suno.com.br\/noticias\/cntrc-confirma-greve-dos-caminhoneiros\/\" \/>\n<meta property=\"og:site_name\" content=\"Suno Not\u00edcias\" \/>\n<meta property=\"article:publisher\" content=\"https:\/\/facebook.com\/sunoresearch\" \/>\n<meta property=\"og:image\" content=\"https:\/\/files.sunoresearch.com.br\/n\/uploads\/2019\/04\/3e34910d-caminh\u00e3o.jpg\" \/>\n\t<meta property=\"og:image:width\" content=\"1920\" \/>\n\t<meta property=\"og:image:height\" content=\"1280\" \/>\n\t<meta property=\"og:image:type\" content=\"image\/jpeg\" \/>\n<meta name=\"author\" content=\"Laura Moutinho\" \/>\n<meta name=\"twitter:card\" content=\"summary_large_image\" \/>\n<meta name=\"twitter:creator\" content=\"@sunoresearch\" \/>\n<meta name=\"twitter:site\" content=\"@sunoresearch\" \/>\n<meta name=\"twitter:label1\" content=\"Escrito por\" \/>\n\t<meta name=\"twitter:data1\" content=\"Laura Moutinho\" \/>\n\t<meta name=\"twitter:label2\" content=\"Est. tempo de leitura\" \/>\n\t<meta name=\"twitter:data2\" content=\"3 minutos\" \/>\n<script type=\"application\/ld+json\" class=\"yoast-schema-graph\">{\"@context\":\"https:\/\/schema.org\",\"@graph\":[{\"@type\":\"NewsArticle\",\"@id\":\"https:\/\/www.suno.com.br\/noticias\/cntrc-confirma-greve-dos-caminhoneiros\/#article\",\"isPartOf\":{\"@id\":\"https:\/\/www.suno.com.br\/noticias\/cntrc-confirma-greve-dos-caminhoneiros\/\"},\"author\":{\"name\":\"Laura Moutinho\",\"@id\":\"https:\/\/www.suno.com.br\/noticias\/#\/schema\/person\/3df0d2808748b74496efe5dbeaef2c72\"},\"headline\":\"CNTRC confirma greve dos caminhoneiros na pr\u00f3xima segunda-feira\",\"datePublished\":\"2021-01-29T18:49:42+00:00\",\"mainEntityOfPage\":{\"@id\":\"https:\/\/www.suno.com.br\/noticias\/cntrc-confirma-greve-dos-caminhoneiros\/\"},\"wordCount\":582,\"publisher\":{\"@id\":\"https:\/\/www.suno.com.br\/noticias\/#organization\"},\"image\":{\"@id\":\"https:\/\/www.suno.com.br\/noticias\/cntrc-confirma-greve-dos-caminhoneiros\/#primaryimage\"},\"thumbnailUrl\":\"https:\/\/files.sunoresearch.com.br\/n\/uploads\/2019\/04\/3e34910d-caminh\u00e3o-jpg.webp\",\"keywords\":[\"greve dos caminhoneiros\",\"greves\"],\"articleSection\":[\"Economia\",\"Neg\u00f3cios\"],\"inLanguage\":\"pt-BR\"},{\"@type\":\"WebPage\",\"@id\":\"https:\/\/www.suno.com.br\/noticias\/cntrc-confirma-greve-dos-caminhoneiros\/\",\"url\":\"https:\/\/www.suno.com.br\/noticias\/cntrc-confirma-greve-dos-caminhoneiros\/\",\"name\":\"CNTRC confirma greve dos caminhoneiros na pr\u00f3xima segunda-feira\",\"isPartOf\":{\"@id\":\"https:\/\/www.suno.com.br\/noticias\/#website\"},\"primaryImageOfPage\":{\"@id\":\"https:\/\/www.suno.com.br\/noticias\/cntrc-confirma-greve-dos-caminhoneiros\/#primaryimage\"},\"image\":{\"@id\":\"https:\/\/www.suno.com.br\/noticias\/cntrc-confirma-greve-dos-caminhoneiros\/#primaryimage\"},\"thumbnailUrl\":\"https:\/\/files.sunoresearch.com.br\/n\/uploads\/2019\/04\/3e34910d-caminh\u00e3o-jpg.webp\",\"datePublished\":\"2021-01-29T18:49:42+00:00\",\"description\":\"O CNTRC enviou of\u00edcio para a Presid\u00eancia da Rep\u00fablica notificando e avisando sobre a greve dos caminhoneiros. Clique aqui e saiba mais.\",\"breadcrumb\":{\"@id\":\"https:\/\/www.suno.com.br\/noticias\/cntrc-confirma-greve-dos-caminhoneiros\/#breadcrumb\"},\"inLanguage\":\"pt-BR\",\"potentialAction\":[{\"@type\":\"ReadAction\",\"target\":[\"https:\/\/www.suno.com.br\/noticias\/cntrc-confirma-greve-dos-caminhoneiros\/\"]}]},{\"@type\":\"ImageObject\",\"inLanguage\":\"pt-BR\",\"@id\":\"https:\/\/www.suno.com.br\/noticias\/cntrc-confirma-greve-dos-caminhoneiros\/#primaryimage\",\"url\":\"https:\/\/files.sunoresearch.com.br\/n\/uploads\/2019\/04\/3e34910d-caminh\u00e3o-jpg.webp\",\"contentUrl\":\"https:\/\/files.sunoresearch.com.br\/n\/uploads\/2019\/04\/3e34910d-caminh\u00e3o-jpg.webp\",\"width\":1920,\"height\":1280,\"caption\":\"O CNTRC enviou of\u00edcio para a Presid\u00eancia da Rep\u00fablica notificando e avisando sobre a greve dos caminhoneiros.\"},{\"@type\":\"BreadcrumbList\",\"@id\":\"https:\/\/www.suno.com.br\/noticias\/cntrc-confirma-greve-dos-caminhoneiros\/#breadcrumb\",\"itemListElement\":[{\"@type\":\"ListItem\",\"position\":1,\"name\":\"Not\u00edcias\",\"item\":\"https:\/\/www.suno.com.br\/noticias\/\"},{\"@type\":\"ListItem\",\"position\":2,\"name\":\"Economia\",\"item\":\"https:\/\/www.suno.com.br\/noticias\/economia\/\"},{\"@type\":\"ListItem\",\"position\":3,\"name\":\"CNTRC confirma greve dos caminhoneiros na pr\u00f3xima segunda-feira\"}]},{\"@type\":\"WebSite\",\"@id\":\"https:\/\/www.suno.com.br\/noticias\/#website\",\"url\":\"https:\/\/www.suno.com.br\/noticias\/\",\"name\":\"Suno Not\u00edcias\",\"description\":\"Seu portal de informa\u00e7\u00e3o sobre o mundo dos investimentos\",\"publisher\":{\"@id\":\"https:\/\/www.suno.com.br\/noticias\/#organization\"},\"potentialAction\":[{\"@type\":\"SearchAction\",\"target\":{\"@type\":\"EntryPoint\",\"urlTemplate\":\"https:\/\/www.suno.com.br\/noticias\/?s={search_term_string}\"},\"query-input\":{\"@type\":\"PropertyValueSpecification\",\"valueRequired\":true,\"valueName\":\"search_term_string\"}}],\"inLanguage\":\"pt-BR\"},{\"@type\":\"Organization\",\"@id\":\"https:\/\/www.suno.com.br\/noticias\/#organization\",\"name\":\"Suno Not\u00edcias\",\"url\":\"https:\/\/www.suno.com.br\/noticias\/\",\"logo\":{\"@type\":\"ImageObject\",\"inLanguage\":\"pt-BR\",\"@id\":\"https:\/\/www.suno.com.br\/noticias\/#\/schema\/logo\/image\/\",\"url\":\"https:\/\/files.sunoresearch.com.br\/n\/uploads\/2021\/09\/suno-logo.png\",\"contentUrl\":\"https:\/\/files.sunoresearch.com.br\/n\/uploads\/2021\/09\/suno-logo.png\",\"width\":180,\"height\":180,\"caption\":\"Suno Not\u00edcias\"},\"image\":{\"@id\":\"https:\/\/www.suno.com.br\/noticias\/#\/schema\/logo\/image\/\"},\"sameAs\":[\"https:\/\/facebook.com\/sunoresearch\",\"https:\/\/x.com\/sunoresearch\",\"https:\/\/www.instagram.com\/suno\",\"https:\/\/www.linkedin.com\/company\/suno-research\/\",\"https:\/\/www.youtube.com\/c\/sunoresearch\"]},{\"@type\":\"Person\",\"@id\":\"https:\/\/www.suno.com.br\/noticias\/#\/schema\/person\/3df0d2808748b74496efe5dbeaef2c72\",\"name\":\"Laura Moutinho\",\"image\":{\"@type\":\"ImageObject\",\"inLanguage\":\"pt-BR\",\"@id\":\"https:\/\/www.suno.com.br\/noticias\/#\/schema\/person\/image\/\",\"url\":\"https:\/\/secure.gravatar.com\/avatar\/7571c7c8ca3a6fca5e41384ece5557ff?s=96&r=g\",\"contentUrl\":\"https:\/\/secure.gravatar.com\/avatar\/7571c7c8ca3a6fca5e41384ece5557ff?s=96&r=g\",\"caption\":\"Laura Moutinho\"},\"description\":\"Estagi\u00e1ria na Suno Not\u00edcias, escreve not\u00edcias que afetam o mercado financeiro. Estuda administra\u00e7\u00e3o na Universidade Presbiteriana Mackenzie.\",\"url\":\"https:\/\/www.suno.com.br\/noticias\/author\/laura-moutinho\/\"}]}<\/script>\n<!-- \/ Yoast SEO plugin. -->","yoast_head_json":{"title":"CNTRC confirma greve dos caminhoneiros na pr\u00f3xima segunda-feira","description":"O CNTRC enviou of\u00edcio para a Presid\u00eancia da Rep\u00fablica notificando e avisando sobre a greve dos caminhoneiros. Clique aqui e saiba mais.","robots":{"index":"index","follow":"follow","max-snippet":"max-snippet:-1","max-image-preview":"max-image-preview:large","max-video-preview":"max-video-preview:-1"},"canonical":"https:\/\/www.suno.com.br\/noticias\/cntrc-confirma-greve-dos-caminhoneiros\/","og_locale":"pt_BR","og_type":"article","og_title":"CNTRC confirma greve dos caminhoneiros na pr\u00f3xima segunda-feira","og_description":"O CNTRC enviou of\u00edcio para a Presid\u00eancia da Rep\u00fablica notificando e avisando sobre a greve dos caminhoneiros. Clique aqui e saiba mais.","og_url":"https:\/\/www.suno.com.br\/noticias\/cntrc-confirma-greve-dos-caminhoneiros\/","og_site_name":"Suno Not\u00edcias","article_publisher":"https:\/\/facebook.com\/sunoresearch","og_image":[{"width":1920,"height":1280,"url":"https:\/\/files.sunoresearch.com.br\/n\/uploads\/2019\/04\/3e34910d-caminh\u00e3o.jpg","type":"image\/jpeg"}],"author":"Laura Moutinho","twitter_card":"summary_large_image","twitter_creator":"@sunoresearch","twitter_site":"@sunoresearch","twitter_misc":{"Escrito por":"Laura Moutinho","Est. tempo de leitura":"3 minutos"},"schema":{"@context":"https:\/\/schema.org","@graph":[{"@type":"NewsArticle","@id":"https:\/\/www.suno.com.br\/noticias\/cntrc-confirma-greve-dos-caminhoneiros\/#article","isPartOf":{"@id":"https:\/\/www.suno.com.br\/noticias\/cntrc-confirma-greve-dos-caminhoneiros\/"},"author":{"name":"Laura Moutinho","@id":"https:\/\/www.suno.com.br\/noticias\/#\/schema\/person\/3df0d2808748b74496efe5dbeaef2c72"},"headline":"CNTRC confirma greve dos caminhoneiros na pr\u00f3xima segunda-feira","datePublished":"2021-01-29T18:49:42+00:00","mainEntityOfPage":{"@id":"https:\/\/www.suno.com.br\/noticias\/cntrc-confirma-greve-dos-caminhoneiros\/"},"wordCount":582,"publisher":{"@id":"https:\/\/www.suno.com.br\/noticias\/#organization"},"image":{"@id":"https:\/\/www.suno.com.br\/noticias\/cntrc-confirma-greve-dos-caminhoneiros\/#primaryimage"},"thumbnailUrl":"https:\/\/files.sunoresearch.com.br\/n\/uploads\/2019\/04\/3e34910d-caminh\u00e3o-jpg.webp","keywords":["greve dos caminhoneiros","greves"],"articleSection":["Economia","Neg\u00f3cios"],"inLanguage":"pt-BR"},{"@type":"WebPage","@id":"https:\/\/www.suno.com.br\/noticias\/cntrc-confirma-greve-dos-caminhoneiros\/","url":"https:\/\/www.suno.com.br\/noticias\/cntrc-confirma-greve-dos-caminhoneiros\/","name":"CNTRC confirma greve dos caminhoneiros na pr\u00f3xima segunda-feira","isPartOf":{"@id":"https:\/\/www.suno.com.br\/noticias\/#website"},"primaryImageOfPage":{"@id":"https:\/\/www.suno.com.br\/noticias\/cntrc-confirma-greve-dos-caminhoneiros\/#primaryimage"},"image":{"@id":"https:\/\/www.suno.com.br\/noticias\/cntrc-confirma-greve-dos-caminhoneiros\/#primaryimage"},"thumbnailUrl":"https:\/\/files.sunoresearch.com.br\/n\/uploads\/2019\/04\/3e34910d-caminh\u00e3o-jpg.webp","datePublished":"2021-01-29T18:49:42+00:00","description":"O CNTRC enviou of\u00edcio para a Presid\u00eancia da Rep\u00fablica notificando e avisando sobre a greve dos caminhoneiros. Clique aqui e saiba mais.","breadcrumb":{"@id":"https:\/\/www.suno.com.br\/noticias\/cntrc-confirma-greve-dos-caminhoneiros\/#breadcrumb"},"inLanguage":"pt-BR","potentialAction":[{"@type":"ReadAction","target":["https:\/\/www.suno.com.br\/noticias\/cntrc-confirma-greve-dos-caminhoneiros\/"]}]},{"@type":"ImageObject","inLanguage":"pt-BR","@id":"https:\/\/www.suno.com.br\/noticias\/cntrc-confirma-greve-dos-caminhoneiros\/#primaryimage","url":"https:\/\/files.sunoresearch.com.br\/n\/uploads\/2019\/04\/3e34910d-caminh\u00e3o-jpg.webp","contentUrl":"https:\/\/files.sunoresearch.com.br\/n\/uploads\/2019\/04\/3e34910d-caminh\u00e3o-jpg.webp","width":1920,"height":1280,"caption":"O CNTRC enviou of\u00edcio para a Presid\u00eancia da Rep\u00fablica notificando e avisando sobre a greve dos caminhoneiros."},{"@type":"BreadcrumbList","@id":"https:\/\/www.suno.com.br\/noticias\/cntrc-confirma-greve-dos-caminhoneiros\/#breadcrumb","itemListElement":[{"@type":"ListItem","position":1,"name":"Not\u00edcias","item":"https:\/\/www.suno.com.br\/noticias\/"},{"@type":"ListItem","position":2,"name":"Economia","item":"https:\/\/www.suno.com.br\/noticias\/economia\/"},{"@type":"ListItem","position":3,"name":"CNTRC confirma greve dos caminhoneiros na pr\u00f3xima segunda-feira"}]},{"@type":"WebSite","@id":"https:\/\/www.suno.com.br\/noticias\/#website","url":"https:\/\/www.suno.com.br\/noticias\/","name":"Suno Not\u00edcias","description":"Seu portal de informa\u00e7\u00e3o sobre o mundo dos investimentos","publisher":{"@id":"https:\/\/www.suno.com.br\/noticias\/#organization"},"potentialAction":[{"@type":"SearchAction","target":{"@type":"EntryPoint","urlTemplate":"https:\/\/www.suno.com.br\/noticias\/?s={search_term_string}"},"query-input":{"@type":"PropertyValueSpecification","valueRequired":true,"valueName":"search_term_string"}}],"inLanguage":"pt-BR"},{"@type":"Organization","@id":"https:\/\/www.suno.com.br\/noticias\/#organization","name":"Suno Not\u00edcias","url":"https:\/\/www.suno.com.br\/noticias\/","logo":{"@type":"ImageObject","inLanguage":"pt-BR","@id":"https:\/\/www.suno.com.br\/noticias\/#\/schema\/logo\/image\/","url":"https:\/\/files.sunoresearch.com.br\/n\/uploads\/2021\/09\/suno-logo.png","contentUrl":"https:\/\/files.sunoresearch.com.br\/n\/uploads\/2021\/09\/suno-logo.png","width":180,"height":180,"caption":"Suno Not\u00edcias"},"image":{"@id":"https:\/\/www.suno.com.br\/noticias\/#\/schema\/logo\/image\/"},"sameAs":["https:\/\/facebook.com\/sunoresearch","https:\/\/x.com\/sunoresearch","https:\/\/www.instagram.com\/suno","https:\/\/www.linkedin.com\/company\/suno-research\/","https:\/\/www.youtube.com\/c\/sunoresearch"]},{"@type":"Person","@id":"https:\/\/www.suno.com.br\/noticias\/#\/schema\/person\/3df0d2808748b74496efe5dbeaef2c72","name":"Laura Moutinho","image":{"@type":"ImageObject","inLanguage":"pt-BR","@id":"https:\/\/www.suno.com.br\/noticias\/#\/schema\/person\/image\/","url":"https:\/\/secure.gravatar.com\/avatar\/7571c7c8ca3a6fca5e41384ece5557ff?s=96&r=g","contentUrl":"https:\/\/secure.gravatar.com\/avatar\/7571c7c8ca3a6fca5e41384ece5557ff?s=96&r=g","caption":"Laura Moutinho"},"description":"Estagi\u00e1ria na Suno Not\u00edcias, escreve not\u00edcias que afetam o mercado financeiro. Estuda administra\u00e7\u00e3o na Universidade Presbiteriana Mackenzie.","url":"https:\/\/www.suno.com.br\/noticias\/author\/laura-moutinho\/"}]}},"default_loop_html":"<div class=\"cardsPage__listCard__boxs\"><div class=\"cardsPage__listCard__boxs__img\"><a href=\"https:\/\/www.suno.com.br\/noticias\/cntrc-confirma-greve-dos-caminhoneiros\/\"><img class=\"mask\" src=\"https:\/\/www.suno.com.br\/noticias\/wp-content\/themes\/suno\/resources\/images\/spotlight\/spotlight1img\/bg-mask.png\" alt=\"Image Mask\"\/><img src=\"https:\/\/files.sunoresearch.com.br\/n\/uploads\/2019\/04\/3e34910d-caminh\u00e3o-400x200.webp\" alt=\"CNTRC confirma greve dos caminhoneiros na pr\u00f3xima segunda-feira\"\/><\/a><span class=\"spotlightCategory\"><a href=\"https:\/\/www.suno.com.br\/noticias\/economia\/\">Economia<\/a><\/span><\/div><div class=\"cardsPage__listCard__boxs__content\"><a href=\"https:\/\/www.suno.com.br\/noticias\/cntrc-confirma-greve-dos-caminhoneiros\/\"><h2 class=\"content__title\">CNTRC confirma greve dos caminhoneiros na pr\u00f3xima segunda-feira<\/h2><\/a><div class=\"newsContent__article__meta\"><div class=\"newsContent__article__meta__authorBox\"><a href=\"https:\/\/www.suno.com.br\/noticias\/author\/laura-moutinho\/\" class=\"authorBox__avatar noMobi\"><img src=\"https:\/\/files.sunoresearch.com.br\/n\/uploads\/2020\/08\/531ff69d-whatsapp-image-2020-08-03-at-14.54.38-150x150.webp\" alt=\"Laura Moutinho\"><\/a><div class=\"authorBox__name\"><span>por\n\t\t\t<a href=\"https:\/\/www.suno.com.br\/noticias\/author\/laura-moutinho\/\"><span itemprop=\"author\">Laura Moutinho<\/span><\/a><\/span><time datetime=\"2021-01-29T15:49:42-03:00\" itemprop=\"datePublished\">29\/01\/2021 15:49<\/time><\/div><\/div><\/div><\/div><\/div>","single_layout":"posts","amp_enabled":true,"_links":{"self":[{"href":"https:\/\/www.suno.com.br\/noticias\/wp-json\/wp\/v2\/posts\/117220"}],"collection":[{"href":"https:\/\/www.suno.com.br\/noticias\/wp-json\/wp\/v2\/posts"}],"about":[{"href":"https:\/\/www.suno.com.br\/noticias\/wp-json\/wp\/v2\/types\/post"}],"author":[{"embeddable":true,"href":"https:\/\/www.suno.com.br\/noticias\/wp-json\/wp\/v2\/users\/39"}],"replies":[{"embeddable":true,"href":"https:\/\/www.suno.com.br\/noticias\/wp-json\/wp\/v2\/comments?post=117220"}],"version-history":[{"count":0,"href":"https:\/\/www.suno.com.br\/noticias\/wp-json\/wp\/v2\/posts\/117220\/revisions"}],"wp:featuredmedia":[{"embeddable":true,"href":"https:\/\/www.suno.com.br\/noticias\/wp-json\/wp\/v2\/media\/22171"}],"wp:attachment":[{"href":"https:\/\/www.suno.com.br\/noticias\/wp-json\/wp\/v2\/media?parent=117220"}],"wp:term":[{"taxonomy":"category","embeddable":true,"href":"https:\/\/www.suno.com.br\/noticias\/wp-json\/wp\/v2\/categories?post=117220"},{"taxonomy":"post_tag","embeddable":true,"href":"https:\/\/www.suno.com.br\/noticias\/wp-json\/wp\/v2\/tags?post=117220"},{"taxonomy":"suno_strategy","embeddable":true,"href":"https:\/\/www.suno.com.br\/noticias\/wp-json\/wp\/v2\/suno_strategy?post=117220"}],"curies":[{"name":"wp","href":"https:\/\/api.w.org\/{rel}","templated":true}]}}