{"id":11720,"date":"2019-01-15T13:32:20","date_gmt":"2019-01-15T15:32:20","guid":{"rendered":"https:\/\/www.suno.com.br\/noticias\/?p=11720"},"modified":"2019-01-15T13:32:20","modified_gmt":"2019-01-15T15:32:20","slug":"meio-ambiente-brasil-acordo-paris","status":"publish","type":"post","link":"https:\/\/www.suno.com.br\/noticias\/meio-ambiente-brasil-acordo-paris\/","title":{"rendered":"Ministro do Meio Ambiente diz que Brasil permanecer\u00e1 no Acordo de Paris"},"content":{"rendered":"<p>O ministro do Meio Ambiente, Ricardo Salles, afirmou na \u00faltima segunda (14) que o Brasil n\u00e3o deixar\u00e1 o Acordo de Paris. O presidente Jair Bolsonaro havia dito ainda durante campanha que poderia tirar o Pa\u00eds do acordo caso fosse eleito.<\/p>\t<div class=\"wrapper-featured-image\">\n\t\t<figure class=\"spotlightImg\">\n\n\t\t\t<picture>\n\t\t\t\t<source media=\"(max-width: 768px)\" srcset=\"https:\/\/files.sunoresearch.com.br\/n\/uploads\/2018\/12\/c92995e1-bolsonaro-400x200.webp\">\n\t\t\t\t<img loading=\"lazy\" decoding=\"async\" class=\"newsContent__article__imgCapa lazyloadDisabled newsContent__article__imgCapa--noCaption\" src=\"https:\/\/files.sunoresearch.com.br\/n\/uploads\/2018\/12\/c92995e1-bolsonaro-jpg.webp\" width=\"800\" height=\"450\" alt=\"Ministro do Meio Ambiente diz que Brasil permanecer\u00e1 no Acordo de Paris\" fetchpriority=high \/>\n\t\t\t<\/picture>\n\n\t\t\t<figcaption class=\"wp-caption-text wp-caption-text--hide\">Ricardo Salles ser\u00e1 o ministro do Meio Ambiente. (divulga\u00e7\u00e3o)<\/figcaption>\n\t\t<\/figure>\n\t<\/div>\n\n\n<p><strong>Ricardo Salles<\/strong> mencionou que o Brasil pode se valer de recursos vindos em raz\u00e3o do <strong>Acordo de Paris<\/strong>. Disse tamb\u00e9m que o problema seria como implementar as metas de acordo com a legisla\u00e7\u00e3o nacional. Ele destacou que n\u00e3o se pode &#8220;restringir o empreendedorismo&#8221;.<\/p>\n<p>&#8220;Por ora, vamos manter a participa\u00e7\u00e3o&#8221;, declarou o ministro. &#8220;H\u00e1 pontos importantes, que podem trazer recursos para o pa\u00eds. O acordo est\u00e1 feito. \u00c9 um guarda-chuva com metas de redu\u00e7\u00e3o de emiss\u00e3o para o Brasil e outros pa\u00edses. O problema \u00e9 como internaliza na legisla\u00e7\u00e3o di\u00e1ria, de forma que n\u00e3o restrinja o empreendedorismo. Vamos olhar com cuidado&#8221;.<\/p>\n<p>A declara\u00e7\u00e3o de<strong> Salles<\/strong> foi feita num encontro com empres\u00e1rios do setor de constru\u00e7\u00e3o no Sindicato de Habita\u00e7\u00e3o de S\u00e3o Paulo (Secovi). Ele afirmou que <strong>Bolsonaro<\/strong> concordou com a manuten\u00e7\u00e3o no acordo e que em todo governo h\u00e1 opini\u00f5es divergentes. Mas disse que o mais importante seria as ideias sejam discutidas e que posi\u00e7\u00f5es sejam constru\u00eddas.<\/p>\n<p><a href=\"https:\/\/www.suno.com.br\/noticias\/bolsonaro-conferencia-onu\/\">Saiba mais: Bolsonaro afirma que Brasil n\u00e3o sediar\u00e1 confer\u00eancia clim\u00e1tica da ONU<\/a><\/p>\n<p>No ano passado, <strong>Bolsonaro<\/strong> havia dito que era desfavor\u00e1vel ao acordo porque o Brasil pagaria um &#8220;pre\u00e7o caro&#8221; para atender as exig\u00eancias do tratado. O que est\u00e1 em jogo \u00e9 a soberania nacional, porque s\u00e3o 136 milh\u00f5es de hectares que perdemos inger\u00eancia sobre eles. Eu saio do <strong>Acordo de Paris<\/strong> se isso continuar sendo objeto. Se nossa parte for para entregar 136 milh\u00f5es de hectares da Amaz\u00f4nia, estou fora, sim&#8221;, declarou \u00e0 \u00e9poca.<\/p>\n<h2>O Acordo do Clima de Paris<\/h2>\n<p>O <strong>Acordo de Paris<\/strong> foi firmado por 197 pa\u00edses durante a <a href=\"https:\/\/www.suno.com.br\/artigos\/globalizacao\/\">21\u00aa Conven\u00e7\u00e3o das Partes sobre Mudan\u00e7a do Clima<\/a>, a COP21. Seu objetivo \u00e9\u00a0 buscar manter o aumento da temperatura global bem abaixo de 2\u00baC e, para isso, cada pa\u00eds se comprometeu com algumas metas. O acordo entrou em vigor em novembro de 2016 e, desde ent\u00e3o, 180 pa\u00edses ratificaram o tratado. A contribui\u00e7\u00e3o prometida pelo Brasil \u00e9 considerada uma das mais ambiciosas. O Pa\u00eds prometeu implementar a\u00e7\u00f5es a fim de reduzir emiss\u00f5es de gases de efeito estufa em 43% em rela\u00e7\u00e3o ao n\u00edvel registrado em 2005. O prazo para essa meta \u00e9 2030.<\/p>\n<p>&nbsp;<\/p>\n<p>&nbsp;<\/p>\n","protected":false},"excerpt":{"rendered":"<p>O ministro do Meio Ambiente, Ricardo Salles, afirmou na \u00faltima segunda (14) que o Brasil n\u00e3o deixar\u00e1 o Acordo de Paris. O presidente Jair Bolsonaro havia dito ainda durante campanha que poderia tirar o Pa\u00eds do acordo caso fosse eleito. Ricardo Salles ser\u00e1 o ministro do Meio Ambiente. (divulga\u00e7\u00e3o) Ricardo Salles mencionou que o Brasil [&hellip;]<\/p>\n","protected":false},"author":13,"featured_media":8215,"comment_status":"closed","ping_status":"closed","sticky":false,"template":"","format":"standard","meta":[],"categories":[63],"tags":[810,719],"suno_strategy":[],"class_list":["post-11720","post","type-post","status-publish","format-standard","has-post-thumbnail","hentry","category-internacional","tag-acordo-de-paris","tag-jair-bolsonaro"],"yoast_head":"<!-- This site is optimized with the Yoast SEO plugin v24.4 - https:\/\/yoast.com\/wordpress\/plugins\/seo\/ -->\n<title>Ministro do Meio Ambiente diz que Brasil permanecer\u00e1 no Acordo de Paris<\/title>\n<meta name=\"description\" content=\"O presidente Jair Bolsonaro disse durante campanha que poderia tirar o Brasil do Acordo de Paris caso fosse eleito. Clique e saiba+\" \/>\n<meta name=\"robots\" content=\"index, follow, max-snippet:-1, max-image-preview:large, max-video-preview:-1\" \/>\n<link rel=\"canonical\" href=\"https:\/\/www.suno.com.br\/noticias\/meio-ambiente-brasil-acordo-paris\/\" \/>\n<meta property=\"og:locale\" content=\"pt_BR\" \/>\n<meta property=\"og:type\" content=\"article\" \/>\n<meta property=\"og:title\" content=\"Ministro do Meio Ambiente diz que Brasil permanecer\u00e1 no Acordo de Paris\" \/>\n<meta property=\"og:description\" content=\"O presidente Jair Bolsonaro disse durante campanha que poderia tirar o Brasil do Acordo de Paris caso fosse eleito. Clique e saiba+\" \/>\n<meta property=\"og:url\" content=\"https:\/\/www.suno.com.br\/noticias\/meio-ambiente-brasil-acordo-paris\/\" \/>\n<meta property=\"og:site_name\" content=\"Suno Not\u00edcias\" \/>\n<meta property=\"article:publisher\" content=\"https:\/\/facebook.com\/sunoresearch\" \/>\n<meta property=\"og:image\" content=\"https:\/\/files.sunoresearch.com.br\/n\/uploads\/2018\/12\/c92995e1-bolsonaro.jpg\" \/>\n\t<meta property=\"og:image:width\" content=\"546\" \/>\n\t<meta property=\"og:image:height\" content=\"307\" \/>\n\t<meta property=\"og:image:type\" content=\"image\/jpeg\" \/>\n<meta name=\"author\" content=\"Guilherme Caetano\" \/>\n<meta name=\"twitter:card\" content=\"summary_large_image\" \/>\n<meta name=\"twitter:creator\" content=\"@sunoresearch\" \/>\n<meta name=\"twitter:site\" content=\"@sunoresearch\" \/>\n<meta name=\"twitter:label1\" content=\"Escrito por\" \/>\n\t<meta name=\"twitter:data1\" content=\"Guilherme Caetano\" \/>\n\t<meta name=\"twitter:label2\" content=\"Est. tempo de leitura\" \/>\n\t<meta name=\"twitter:data2\" content=\"2 minutos\" \/>\n<script type=\"application\/ld+json\" class=\"yoast-schema-graph\">{\"@context\":\"https:\/\/schema.org\",\"@graph\":[{\"@type\":\"NewsArticle\",\"@id\":\"https:\/\/www.suno.com.br\/noticias\/meio-ambiente-brasil-acordo-paris\/#article\",\"isPartOf\":{\"@id\":\"https:\/\/www.suno.com.br\/noticias\/meio-ambiente-brasil-acordo-paris\/\"},\"author\":{\"name\":\"Guilherme Caetano\",\"@id\":\"https:\/\/www.suno.com.br\/noticias\/#\/schema\/person\/0d0c9687cd2f600c564f25980c140de9\"},\"headline\":\"Ministro do Meio Ambiente diz que Brasil permanecer\u00e1 no Acordo de Paris\",\"datePublished\":\"2019-01-15T15:32:20+00:00\",\"mainEntityOfPage\":{\"@id\":\"https:\/\/www.suno.com.br\/noticias\/meio-ambiente-brasil-acordo-paris\/\"},\"wordCount\":434,\"publisher\":{\"@id\":\"https:\/\/www.suno.com.br\/noticias\/#organization\"},\"image\":{\"@id\":\"https:\/\/www.suno.com.br\/noticias\/meio-ambiente-brasil-acordo-paris\/#primaryimage\"},\"thumbnailUrl\":\"https:\/\/files.sunoresearch.com.br\/n\/uploads\/2018\/12\/c92995e1-bolsonaro-jpg.webp\",\"keywords\":[\"Acordo de Paris\",\"Jair Bolsonaro\"],\"articleSection\":[\"Internacional\"],\"inLanguage\":\"pt-BR\"},{\"@type\":\"WebPage\",\"@id\":\"https:\/\/www.suno.com.br\/noticias\/meio-ambiente-brasil-acordo-paris\/\",\"url\":\"https:\/\/www.suno.com.br\/noticias\/meio-ambiente-brasil-acordo-paris\/\",\"name\":\"Ministro do Meio Ambiente diz que Brasil permanecer\u00e1 no Acordo de Paris\",\"isPartOf\":{\"@id\":\"https:\/\/www.suno.com.br\/noticias\/#website\"},\"primaryImageOfPage\":{\"@id\":\"https:\/\/www.suno.com.br\/noticias\/meio-ambiente-brasil-acordo-paris\/#primaryimage\"},\"image\":{\"@id\":\"https:\/\/www.suno.com.br\/noticias\/meio-ambiente-brasil-acordo-paris\/#primaryimage\"},\"thumbnailUrl\":\"https:\/\/files.sunoresearch.com.br\/n\/uploads\/2018\/12\/c92995e1-bolsonaro-jpg.webp\",\"datePublished\":\"2019-01-15T15:32:20+00:00\",\"description\":\"O presidente Jair Bolsonaro disse durante campanha que poderia tirar o Brasil do Acordo de Paris caso fosse eleito. Clique e saiba+\",\"breadcrumb\":{\"@id\":\"https:\/\/www.suno.com.br\/noticias\/meio-ambiente-brasil-acordo-paris\/#breadcrumb\"},\"inLanguage\":\"pt-BR\",\"potentialAction\":[{\"@type\":\"ReadAction\",\"target\":[\"https:\/\/www.suno.com.br\/noticias\/meio-ambiente-brasil-acordo-paris\/\"]}]},{\"@type\":\"ImageObject\",\"inLanguage\":\"pt-BR\",\"@id\":\"https:\/\/www.suno.com.br\/noticias\/meio-ambiente-brasil-acordo-paris\/#primaryimage\",\"url\":\"https:\/\/files.sunoresearch.com.br\/n\/uploads\/2018\/12\/c92995e1-bolsonaro-jpg.webp\",\"contentUrl\":\"https:\/\/files.sunoresearch.com.br\/n\/uploads\/2018\/12\/c92995e1-bolsonaro-jpg.webp\",\"width\":546,\"height\":307,\"caption\":\"Ricardo Salles ser\u00e1 o ministro do Meio Ambiente. (divulga\u00e7\u00e3o)\"},{\"@type\":\"BreadcrumbList\",\"@id\":\"https:\/\/www.suno.com.br\/noticias\/meio-ambiente-brasil-acordo-paris\/#breadcrumb\",\"itemListElement\":[{\"@type\":\"ListItem\",\"position\":1,\"name\":\"Not\u00edcias\",\"item\":\"https:\/\/www.suno.com.br\/noticias\/\"},{\"@type\":\"ListItem\",\"position\":2,\"name\":\"Internacional\",\"item\":\"https:\/\/www.suno.com.br\/noticias\/internacional\/\"},{\"@type\":\"ListItem\",\"position\":3,\"name\":\"Ministro do Meio Ambiente diz que Brasil permanecer\u00e1 no Acordo de Paris\"}]},{\"@type\":\"WebSite\",\"@id\":\"https:\/\/www.suno.com.br\/noticias\/#website\",\"url\":\"https:\/\/www.suno.com.br\/noticias\/\",\"name\":\"Suno Not\u00edcias\",\"description\":\"Seu portal de informa\u00e7\u00e3o sobre o mundo dos investimentos\",\"publisher\":{\"@id\":\"https:\/\/www.suno.com.br\/noticias\/#organization\"},\"potentialAction\":[{\"@type\":\"SearchAction\",\"target\":{\"@type\":\"EntryPoint\",\"urlTemplate\":\"https:\/\/www.suno.com.br\/noticias\/?s={search_term_string}\"},\"query-input\":{\"@type\":\"PropertyValueSpecification\",\"valueRequired\":true,\"valueName\":\"search_term_string\"}}],\"inLanguage\":\"pt-BR\"},{\"@type\":\"Organization\",\"@id\":\"https:\/\/www.suno.com.br\/noticias\/#organization\",\"name\":\"Suno Not\u00edcias\",\"url\":\"https:\/\/www.suno.com.br\/noticias\/\",\"logo\":{\"@type\":\"ImageObject\",\"inLanguage\":\"pt-BR\",\"@id\":\"https:\/\/www.suno.com.br\/noticias\/#\/schema\/logo\/image\/\",\"url\":\"https:\/\/files.sunoresearch.com.br\/n\/uploads\/2021\/09\/suno-logo.png\",\"contentUrl\":\"https:\/\/files.sunoresearch.com.br\/n\/uploads\/2021\/09\/suno-logo.png\",\"width\":180,\"height\":180,\"caption\":\"Suno Not\u00edcias\"},\"image\":{\"@id\":\"https:\/\/www.suno.com.br\/noticias\/#\/schema\/logo\/image\/\"},\"sameAs\":[\"https:\/\/facebook.com\/sunoresearch\",\"https:\/\/x.com\/sunoresearch\",\"https:\/\/www.instagram.com\/suno\",\"https:\/\/www.linkedin.com\/company\/suno-research\/\",\"https:\/\/www.youtube.com\/c\/sunoresearch\"]},{\"@type\":\"Person\",\"@id\":\"https:\/\/www.suno.com.br\/noticias\/#\/schema\/person\/0d0c9687cd2f600c564f25980c140de9\",\"name\":\"Guilherme Caetano\",\"image\":{\"@type\":\"ImageObject\",\"inLanguage\":\"pt-BR\",\"@id\":\"https:\/\/www.suno.com.br\/noticias\/#\/schema\/person\/image\/\",\"url\":\"https:\/\/secure.gravatar.com\/avatar\/e48357351a01702a0d19307070e081bf?s=96&r=g\",\"contentUrl\":\"https:\/\/secure.gravatar.com\/avatar\/e48357351a01702a0d19307070e081bf?s=96&r=g\",\"caption\":\"Guilherme Caetano\"},\"description\":\"Formado em jornalismo pela Escola de Comunica\u00e7\u00f5es e Artes da USP, Guilherme Caetano escreve para o portal de not\u00edcias da Suno Research. Passou pelas reda\u00e7\u00f5es da Folha de S.Paulo e da revista \u00c9poca.\",\"url\":\"https:\/\/www.suno.com.br\/noticias\/author\/guilherme-caetano\/\"}]}<\/script>\n<!-- \/ Yoast SEO plugin. -->","yoast_head_json":{"title":"Ministro do Meio Ambiente diz que Brasil permanecer\u00e1 no Acordo de Paris","description":"O presidente Jair Bolsonaro disse durante campanha que poderia tirar o Brasil do Acordo de Paris caso fosse eleito. Clique e saiba+","robots":{"index":"index","follow":"follow","max-snippet":"max-snippet:-1","max-image-preview":"max-image-preview:large","max-video-preview":"max-video-preview:-1"},"canonical":"https:\/\/www.suno.com.br\/noticias\/meio-ambiente-brasil-acordo-paris\/","og_locale":"pt_BR","og_type":"article","og_title":"Ministro do Meio Ambiente diz que Brasil permanecer\u00e1 no Acordo de Paris","og_description":"O presidente Jair Bolsonaro disse durante campanha que poderia tirar o Brasil do Acordo de Paris caso fosse eleito. Clique e saiba+","og_url":"https:\/\/www.suno.com.br\/noticias\/meio-ambiente-brasil-acordo-paris\/","og_site_name":"Suno Not\u00edcias","article_publisher":"https:\/\/facebook.com\/sunoresearch","og_image":[{"width":546,"height":307,"url":"https:\/\/files.sunoresearch.com.br\/n\/uploads\/2018\/12\/c92995e1-bolsonaro.jpg","type":"image\/jpeg"}],"author":"Guilherme Caetano","twitter_card":"summary_large_image","twitter_creator":"@sunoresearch","twitter_site":"@sunoresearch","twitter_misc":{"Escrito por":"Guilherme Caetano","Est. tempo de leitura":"2 minutos"},"schema":{"@context":"https:\/\/schema.org","@graph":[{"@type":"NewsArticle","@id":"https:\/\/www.suno.com.br\/noticias\/meio-ambiente-brasil-acordo-paris\/#article","isPartOf":{"@id":"https:\/\/www.suno.com.br\/noticias\/meio-ambiente-brasil-acordo-paris\/"},"author":{"name":"Guilherme Caetano","@id":"https:\/\/www.suno.com.br\/noticias\/#\/schema\/person\/0d0c9687cd2f600c564f25980c140de9"},"headline":"Ministro do Meio Ambiente diz que Brasil permanecer\u00e1 no Acordo de Paris","datePublished":"2019-01-15T15:32:20+00:00","mainEntityOfPage":{"@id":"https:\/\/www.suno.com.br\/noticias\/meio-ambiente-brasil-acordo-paris\/"},"wordCount":434,"publisher":{"@id":"https:\/\/www.suno.com.br\/noticias\/#organization"},"image":{"@id":"https:\/\/www.suno.com.br\/noticias\/meio-ambiente-brasil-acordo-paris\/#primaryimage"},"thumbnailUrl":"https:\/\/files.sunoresearch.com.br\/n\/uploads\/2018\/12\/c92995e1-bolsonaro-jpg.webp","keywords":["Acordo de Paris","Jair Bolsonaro"],"articleSection":["Internacional"],"inLanguage":"pt-BR"},{"@type":"WebPage","@id":"https:\/\/www.suno.com.br\/noticias\/meio-ambiente-brasil-acordo-paris\/","url":"https:\/\/www.suno.com.br\/noticias\/meio-ambiente-brasil-acordo-paris\/","name":"Ministro do Meio Ambiente diz que Brasil permanecer\u00e1 no Acordo de Paris","isPartOf":{"@id":"https:\/\/www.suno.com.br\/noticias\/#website"},"primaryImageOfPage":{"@id":"https:\/\/www.suno.com.br\/noticias\/meio-ambiente-brasil-acordo-paris\/#primaryimage"},"image":{"@id":"https:\/\/www.suno.com.br\/noticias\/meio-ambiente-brasil-acordo-paris\/#primaryimage"},"thumbnailUrl":"https:\/\/files.sunoresearch.com.br\/n\/uploads\/2018\/12\/c92995e1-bolsonaro-jpg.webp","datePublished":"2019-01-15T15:32:20+00:00","description":"O presidente Jair Bolsonaro disse durante campanha que poderia tirar o Brasil do Acordo de Paris caso fosse eleito. Clique e saiba+","breadcrumb":{"@id":"https:\/\/www.suno.com.br\/noticias\/meio-ambiente-brasil-acordo-paris\/#breadcrumb"},"inLanguage":"pt-BR","potentialAction":[{"@type":"ReadAction","target":["https:\/\/www.suno.com.br\/noticias\/meio-ambiente-brasil-acordo-paris\/"]}]},{"@type":"ImageObject","inLanguage":"pt-BR","@id":"https:\/\/www.suno.com.br\/noticias\/meio-ambiente-brasil-acordo-paris\/#primaryimage","url":"https:\/\/files.sunoresearch.com.br\/n\/uploads\/2018\/12\/c92995e1-bolsonaro-jpg.webp","contentUrl":"https:\/\/files.sunoresearch.com.br\/n\/uploads\/2018\/12\/c92995e1-bolsonaro-jpg.webp","width":546,"height":307,"caption":"Ricardo Salles ser\u00e1 o ministro do Meio Ambiente. (divulga\u00e7\u00e3o)"},{"@type":"BreadcrumbList","@id":"https:\/\/www.suno.com.br\/noticias\/meio-ambiente-brasil-acordo-paris\/#breadcrumb","itemListElement":[{"@type":"ListItem","position":1,"name":"Not\u00edcias","item":"https:\/\/www.suno.com.br\/noticias\/"},{"@type":"ListItem","position":2,"name":"Internacional","item":"https:\/\/www.suno.com.br\/noticias\/internacional\/"},{"@type":"ListItem","position":3,"name":"Ministro do Meio Ambiente diz que Brasil permanecer\u00e1 no Acordo de Paris"}]},{"@type":"WebSite","@id":"https:\/\/www.suno.com.br\/noticias\/#website","url":"https:\/\/www.suno.com.br\/noticias\/","name":"Suno Not\u00edcias","description":"Seu portal de informa\u00e7\u00e3o sobre o mundo dos investimentos","publisher":{"@id":"https:\/\/www.suno.com.br\/noticias\/#organization"},"potentialAction":[{"@type":"SearchAction","target":{"@type":"EntryPoint","urlTemplate":"https:\/\/www.suno.com.br\/noticias\/?s={search_term_string}"},"query-input":{"@type":"PropertyValueSpecification","valueRequired":true,"valueName":"search_term_string"}}],"inLanguage":"pt-BR"},{"@type":"Organization","@id":"https:\/\/www.suno.com.br\/noticias\/#organization","name":"Suno Not\u00edcias","url":"https:\/\/www.suno.com.br\/noticias\/","logo":{"@type":"ImageObject","inLanguage":"pt-BR","@id":"https:\/\/www.suno.com.br\/noticias\/#\/schema\/logo\/image\/","url":"https:\/\/files.sunoresearch.com.br\/n\/uploads\/2021\/09\/suno-logo.png","contentUrl":"https:\/\/files.sunoresearch.com.br\/n\/uploads\/2021\/09\/suno-logo.png","width":180,"height":180,"caption":"Suno Not\u00edcias"},"image":{"@id":"https:\/\/www.suno.com.br\/noticias\/#\/schema\/logo\/image\/"},"sameAs":["https:\/\/facebook.com\/sunoresearch","https:\/\/x.com\/sunoresearch","https:\/\/www.instagram.com\/suno","https:\/\/www.linkedin.com\/company\/suno-research\/","https:\/\/www.youtube.com\/c\/sunoresearch"]},{"@type":"Person","@id":"https:\/\/www.suno.com.br\/noticias\/#\/schema\/person\/0d0c9687cd2f600c564f25980c140de9","name":"Guilherme Caetano","image":{"@type":"ImageObject","inLanguage":"pt-BR","@id":"https:\/\/www.suno.com.br\/noticias\/#\/schema\/person\/image\/","url":"https:\/\/secure.gravatar.com\/avatar\/e48357351a01702a0d19307070e081bf?s=96&r=g","contentUrl":"https:\/\/secure.gravatar.com\/avatar\/e48357351a01702a0d19307070e081bf?s=96&r=g","caption":"Guilherme Caetano"},"description":"Formado em jornalismo pela Escola de Comunica\u00e7\u00f5es e Artes da USP, Guilherme Caetano escreve para o portal de not\u00edcias da Suno Research. Passou pelas reda\u00e7\u00f5es da Folha de S.Paulo e da revista \u00c9poca.","url":"https:\/\/www.suno.com.br\/noticias\/author\/guilherme-caetano\/"}]}},"default_loop_html":"<div class=\"cardsPage__listCard__boxs\"><div class=\"cardsPage__listCard__boxs__img\"><a href=\"https:\/\/www.suno.com.br\/noticias\/meio-ambiente-brasil-acordo-paris\/\"><img class=\"mask\" src=\"https:\/\/www.suno.com.br\/noticias\/wp-content\/themes\/suno\/resources\/images\/spotlight\/spotlight1img\/bg-mask.png\" alt=\"Image Mask\"\/><img src=\"https:\/\/files.sunoresearch.com.br\/n\/uploads\/2018\/12\/c92995e1-bolsonaro-400x200.webp\" alt=\"Ministro do Meio Ambiente diz que Brasil permanecer\u00e1 no Acordo de Paris\"\/><\/a><span class=\"spotlightCategory\"><a href=\"https:\/\/www.suno.com.br\/noticias\/internacional\/\">Internacional<\/a><\/span><\/div><div class=\"cardsPage__listCard__boxs__content\"><a href=\"https:\/\/www.suno.com.br\/noticias\/meio-ambiente-brasil-acordo-paris\/\"><h2 class=\"content__title\">Ministro do Meio Ambiente diz que Brasil permanecer\u00e1 no Acordo de Paris<\/h2><\/a><div class=\"newsContent__article__meta\"><div class=\"newsContent__article__meta__authorBox\"><a href=\"https:\/\/www.suno.com.br\/noticias\/author\/guilherme-caetano\/\" class=\"authorBox__avatar noMobi\"><img src=\"https:\/\/secure.gravatar.com\/avatar\/e48357351a01702a0d19307070e081bf?s=96&#038;r=g\" alt=\"Guilherme Caetano\"><\/a><div class=\"authorBox__name\"><span>por\n\t\t\t<a href=\"https:\/\/www.suno.com.br\/noticias\/author\/guilherme-caetano\/\"><span itemprop=\"author\">Guilherme Caetano<\/span><\/a><\/span><time datetime=\"2019-01-15T13:32:20-02:00\" itemprop=\"datePublished\">15\/01\/2019 13:32<\/time><\/div><\/div><\/div><\/div><\/div>","single_layout":"posts","amp_enabled":true,"_links":{"self":[{"href":"https:\/\/www.suno.com.br\/noticias\/wp-json\/wp\/v2\/posts\/11720"}],"collection":[{"href":"https:\/\/www.suno.com.br\/noticias\/wp-json\/wp\/v2\/posts"}],"about":[{"href":"https:\/\/www.suno.com.br\/noticias\/wp-json\/wp\/v2\/types\/post"}],"author":[{"embeddable":true,"href":"https:\/\/www.suno.com.br\/noticias\/wp-json\/wp\/v2\/users\/13"}],"replies":[{"embeddable":true,"href":"https:\/\/www.suno.com.br\/noticias\/wp-json\/wp\/v2\/comments?post=11720"}],"version-history":[{"count":0,"href":"https:\/\/www.suno.com.br\/noticias\/wp-json\/wp\/v2\/posts\/11720\/revisions"}],"wp:featuredmedia":[{"embeddable":true,"href":"https:\/\/www.suno.com.br\/noticias\/wp-json\/wp\/v2\/media\/8215"}],"wp:attachment":[{"href":"https:\/\/www.suno.com.br\/noticias\/wp-json\/wp\/v2\/media?parent=11720"}],"wp:term":[{"taxonomy":"category","embeddable":true,"href":"https:\/\/www.suno.com.br\/noticias\/wp-json\/wp\/v2\/categories?post=11720"},{"taxonomy":"post_tag","embeddable":true,"href":"https:\/\/www.suno.com.br\/noticias\/wp-json\/wp\/v2\/tags?post=11720"},{"taxonomy":"suno_strategy","embeddable":true,"href":"https:\/\/www.suno.com.br\/noticias\/wp-json\/wp\/v2\/suno_strategy?post=11720"}],"curies":[{"name":"wp","href":"https:\/\/api.w.org\/{rel}","templated":true}]}}